{"id":30466,"date":"2019-02-28T10:03:37","date_gmt":"2019-02-28T07:03:37","guid":{"rendered":"http:\/\/www.textilegence.com\/?p=30466"},"modified":"2019-02-28T10:03:49","modified_gmt":"2019-02-28T07:03:49","slug":"young-designers-turkish-textile","status":"publish","type":"post","link":"https:\/\/www.textilegence.com\/en\/young-designers-turkish-textile\/","title":{"rendered":"Young Designers to Increase the Value of Turkish Textile"},"content":{"rendered":"<figure id=\"attachment_30464\" aria-describedby=\"caption-attachment-30464\" style=\"width: 324px\" class=\"wp-caption alignleft\"><img loading=\"lazy\" decoding=\"async\" class=\"wp-image-30464 size-full\" src=\"https:\/\/www.textilegence.com\/wp-content\/uploads\/2019\/02\/ev-tekstil-detail.jpg\" alt=\"Young Designers utib home textiles\" width=\"324\" height=\"179\" \/><figcaption id=\"caption-attachment-30464\" class=\"wp-caption-text\">Young Designers to Increase the Value of Turkish Textile<\/figcaption><\/figure>\n<p style=\"text-align: justify;\"><strong>Young designers to increase the value of Turkish textile. Enthusiasm increases towards the final of the Turkey Home Textiles Design Contest held with sustainability theme. The last 10 remaining contestants will be determined on March 27 and the winners will receive their awards at Turkey Design Week.<\/strong><\/p>\n<p style=\"text-align: justify;\">Countdown has begun on 9<sup>th<\/sup> Turkey Home Textiles Design Contest, organized by Uluda\u011f Textile Exporters Association (<a href=\"http:\/\/www.utibargeprojepazari.com\/\" target=\"_blank\" rel=\"noopener\">UT\u0130B<\/a>) in order to increase the competitiveness of Turkey and to contribute to the development of the industry by bringing in young talents in the home and contract textile sectors. Pre-qualification period completed on 22 February. The <a href=\"https:\/\/www.textilegence.com\/en\/category\/trade-fairs\/\" target=\"_blank\" rel=\"noopener\">winners<\/a> of the online qualification will be announced on the Contest&#8217;s website on 4 March.<\/p>\n<p style=\"text-align: justify;\">Third and fourth year students as well as graduate students from Textile, Fashion, Fashion and Textile Design, Textile Engineering, Graphic Design, Industrial Design, Visual Communication Design, Interior Architecture and Architecture Departments of Fine Arts, Art and Design, Faculty of Architecture and Engineering faculties showed great interest in the Contest. Online jury evaluation will be held from 11 to 22 March. The jury members constituting of academicians, industrialists and designers will identify 10 contestants who will be eligible to participate in the workshop. These names will be announced on the Contest <a href=\"https:\/\/evtekstiliyarismasi.com\/\" target=\"_blank\" rel=\"noopener\">website<\/a> on 27 March.<\/p>\n<h2 style=\"text-align: justify;\"><strong>Rewards will be given in Turkey Design Week<\/strong><\/h2>\n<p style=\"text-align: justify;\">The finalists will attend the design workshop at UT\u0130B on 29 April &#8211; 3 May in Bursa; under the mentorship of Creative Director Maarit Salolainen; Professor of Textile and Design at Aalto University in Finland. They will also visit factories. The final elimination will be held on May 6 by the final elimination jury under the coordination of Moderator Elif Sezgin. Prizes for the winners of the Turkey Home Textiles Design Contest will be given at the award ceremony during the Turkey Design Week events, which is organized by Turkey Exporters Assembly (TIM). The winner will be awarded 10 thousand TL in the contest, the second 7 thousand 500 TL, and the third will receive 5 thousand TL. In addition, if the Ministry of Commerce considers it appropriate, abroad training will be provided to 3 qualified people. The winners will also receive online English training, internship and design registration awards.<\/p>\n<h2 style=\"text-align: justify;\"><strong>Young designers to increase the value of Turkish textile: this year\u2019s theme is sustainability<\/strong><\/h2>\n<p style=\"text-align: justify;\">This year, the participants applied to the Contest as a capsule collection rather than a single product. Accordingly, the participants will prepare a capsule collection consisting of home textiles products with a minimum of 3, maximum 6 products; and will present them with the specified layout format in a living space. \u2018Product Design Category\u2019 of Turkey Home Textile Design Contest will held products with superior aesthetic and functional qualities; that respond to different needs based on home textile products such as; curtain fabric, curtain systems, sofas, upholstery fabric, bathroom textiles, bedroom textiles, and wall textiles.<\/p>\n<p style=\"text-align: justify;\">UT\u0130B President P\u0131nar Ta\u015fdelen Engin said they organized the Turkey Turkish Home Textile Design Contest; to help the designer identity of the industry emerge in order to create Turkish home textile products; that can influence fashion and trends in the international market. Engin; \u201cIn the scope of Turkey&#8217;s 2023 Export Strategy, our Contest which aims at the integration of R &amp; D and design culture with technology in our country, carries great importance for the development of new designers who will increase the value added of exports. At first glance, our Contest can be seen as a pattern contest, but the reality is very different. The Contest includes home and outdoor textile products that will serve different needs; such as drapery, curtain system, sofa, upholstery fabric, bathroom textiles, bedroom textiles and wall textiles\u201d.<\/p>\n<p style=\"text-align: justify;\">Engin stated that they provided a great support to the students that reach the finals with their workshops; and noted that they aim to increase the knowledge and experience of young designers; with the workshops that started last year. Engin added that 10 finalists will have the right to produce the prototypes of their works in the factories.<\/p>\n","protected":false},"excerpt":{"rendered":"<p>Young designers to increase the value of Turkish textile. Enthusiasm increases towards the final of the Turkey Home Textiles Design Contest held with sustainability theme. The last 10 remaining contestants will be determined on March 27 and the winners will receive their awards at Turkey Design Week. Countdown has begun on 9th Turkey Home Textiles [&hellip;]<\/p>\n","protected":false},"author":16,"featured_media":30462,"comment_status":"open","ping_status":"closed","sticky":false,"template":"","format":"standard","meta":{"footnotes":""},"categories":[9859,9845],"tags":[11480,11042,11022],"class_list":{"0":"post-30466","1":"post","2":"type-post","3":"status-publish","4":"format-standard","5":"has-post-thumbnail","7":"category-topical","8":"category-trade-fairs","9":"tag-pinar-tasdelen-engin-en","10":"tag-turkey-home-textile-design-contest","11":"tag-utib"},"yoast_head":"<!-- This site is optimized with the Yoast SEO Premium plugin v27.3 (Yoast SEO v27.3) - https:\/\/yoast.com\/product\/yoast-seo-premium-wordpress\/ -->\n<title>Young Designers to Increase the Value of Turkish Textile - Textilegence<\/title>\n<meta name=\"description\" content=\"Young designers to increase the value of Turkish textile. Enthusiasm increases towards the final of the Turkey Home Textiles Design Contest held with...\" \/>\n<meta name=\"robots\" content=\"index, follow, max-snippet:-1, max-image-preview:large, max-video-preview:-1\" \/>\n<link rel=\"canonical\" href=\"https:\/\/www.textilegence.com\/en\/young-designers-turkish-textile\/\" \/>\n<meta property=\"og:locale\" content=\"en_US\" \/>\n<meta property=\"og:type\" content=\"article\" \/>\n<meta property=\"og:title\" content=\"Young Designers to Increase the Value of Turkish Textile\" \/>\n<meta property=\"og:description\" content=\"Young designers to increase the value of Turkish textile. Enthusiasm increases towards the final of the Turkey Home Textiles Design Contest held with\" \/>\n<meta property=\"og:url\" content=\"https:\/\/www.textilegence.com\/en\/young-designers-turkish-textile\/\" \/>\n<meta property=\"og:site_name\" content=\"Textilegence Magazine and Digital Platform\" \/>\n<meta property=\"article:publisher\" content=\"https:\/\/www.facebook.com\/TextilegenceMagazine\" \/>\n<meta property=\"article:author\" content=\"https:\/\/www.facebook.com\/TextilegenceMagazine\" \/>\n<meta property=\"article:published_time\" content=\"2019-02-28T07:03:37+00:00\" \/>\n<meta property=\"article:modified_time\" content=\"2019-02-28T07:03:49+00:00\" \/>\n<meta property=\"og:image\" content=\"https:\/\/www.textilegence.com\/wp-content\/uploads\/2019\/02\/ev-tekstil-textilegence.jpg\" \/>\n\t<meta property=\"og:image:width\" content=\"696\" \/>\n\t<meta property=\"og:image:height\" content=\"385\" \/>\n\t<meta property=\"og:image:type\" content=\"image\/jpeg\" \/>\n<meta name=\"author\" content=\"Emirhan \u00c7ilo\u011flu\" \/>\n<meta name=\"twitter:card\" content=\"summary_large_image\" \/>\n<meta name=\"twitter:creator\" content=\"@https:\/\/twitter.com\/textilegence\" \/>\n<meta name=\"twitter:site\" content=\"@textilegence\" \/>\n<meta name=\"twitter:label1\" content=\"Written by\" \/>\n\t<meta name=\"twitter:data1\" content=\"Emirhan \u00c7ilo\u011flu\" \/>\n\t<meta name=\"twitter:label2\" content=\"Est. reading time\" \/>\n\t<meta name=\"twitter:data2\" content=\"3 minutes\" \/>\n<script type=\"application\/ld+json\" class=\"yoast-schema-graph\">{\"@context\":\"https:\\\/\\\/schema.org\",\"@graph\":[{\"@type\":\"NewsArticle\",\"@id\":\"https:\\\/\\\/www.textilegence.com\\\/en\\\/young-designers-turkish-textile\\\/#article\",\"isPartOf\":{\"@id\":\"https:\\\/\\\/www.textilegence.com\\\/en\\\/young-designers-turkish-textile\\\/\"},\"author\":{\"name\":\"Emirhan \u00c7ilo\u011flu\",\"@id\":\"https:\\\/\\\/www.textilegence.com\\\/en\\\/#\\\/schema\\\/person\\\/8dbf2ab62ffdf644153f8c0f9c991f78\"},\"headline\":\"Young Designers to Increase the Value of Turkish Textile\",\"datePublished\":\"2019-02-28T07:03:37+00:00\",\"dateModified\":\"2019-02-28T07:03:49+00:00\",\"mainEntityOfPage\":{\"@id\":\"https:\\\/\\\/www.textilegence.com\\\/en\\\/young-designers-turkish-textile\\\/\"},\"wordCount\":680,\"commentCount\":0,\"publisher\":{\"@id\":\"https:\\\/\\\/www.textilegence.com\\\/en\\\/#organization\"},\"image\":{\"@id\":\"https:\\\/\\\/www.textilegence.com\\\/en\\\/young-designers-turkish-textile\\\/#primaryimage\"},\"thumbnailUrl\":\"https:\\\/\\\/www.textilegence.com\\\/wp-content\\\/uploads\\\/2019\\\/02\\\/ev-tekstil-textilegence.jpg\",\"keywords\":[\"p\u0131nar ta\u015fdelen engin\",\"turkey home textile design contest\",\"utib\"],\"articleSection\":[\"Topical\",\"Trade Fairs\"],\"inLanguage\":\"en-US\",\"potentialAction\":[{\"@type\":\"CommentAction\",\"name\":\"Comment\",\"target\":[\"https:\\\/\\\/www.textilegence.com\\\/en\\\/young-designers-turkish-textile\\\/#respond\"]}]},{\"@type\":\"WebPage\",\"@id\":\"https:\\\/\\\/www.textilegence.com\\\/en\\\/young-designers-turkish-textile\\\/\",\"url\":\"https:\\\/\\\/www.textilegence.com\\\/en\\\/young-designers-turkish-textile\\\/\",\"name\":\"Young Designers to Increase the Value of Turkish Textile - Textilegence\",\"isPartOf\":{\"@id\":\"https:\\\/\\\/www.textilegence.com\\\/en\\\/#website\"},\"primaryImageOfPage\":{\"@id\":\"https:\\\/\\\/www.textilegence.com\\\/en\\\/young-designers-turkish-textile\\\/#primaryimage\"},\"image\":{\"@id\":\"https:\\\/\\\/www.textilegence.com\\\/en\\\/young-designers-turkish-textile\\\/#primaryimage\"},\"thumbnailUrl\":\"https:\\\/\\\/www.textilegence.com\\\/wp-content\\\/uploads\\\/2019\\\/02\\\/ev-tekstil-textilegence.jpg\",\"datePublished\":\"2019-02-28T07:03:37+00:00\",\"dateModified\":\"2019-02-28T07:03:49+00:00\",\"description\":\"Young designers to increase the value of Turkish textile. Enthusiasm increases towards the final of the Turkey Home Textiles Design Contest held with...\",\"breadcrumb\":{\"@id\":\"https:\\\/\\\/www.textilegence.com\\\/en\\\/young-designers-turkish-textile\\\/#breadcrumb\"},\"inLanguage\":\"en-US\",\"potentialAction\":[{\"@type\":\"ReadAction\",\"target\":[\"https:\\\/\\\/www.textilegence.com\\\/en\\\/young-designers-turkish-textile\\\/\"]}]},{\"@type\":\"ImageObject\",\"inLanguage\":\"en-US\",\"@id\":\"https:\\\/\\\/www.textilegence.com\\\/en\\\/young-designers-turkish-textile\\\/#primaryimage\",\"url\":\"https:\\\/\\\/www.textilegence.com\\\/wp-content\\\/uploads\\\/2019\\\/02\\\/ev-tekstil-textilegence.jpg\",\"contentUrl\":\"https:\\\/\\\/www.textilegence.com\\\/wp-content\\\/uploads\\\/2019\\\/02\\\/ev-tekstil-textilegence.jpg\",\"width\":696,\"height\":385,\"caption\":\"Young Designers to Increase the Value of Turkish Textile\"},{\"@type\":\"BreadcrumbList\",\"@id\":\"https:\\\/\\\/www.textilegence.com\\\/en\\\/young-designers-turkish-textile\\\/#breadcrumb\",\"itemListElement\":[{\"@type\":\"ListItem\",\"position\":1,\"name\":\"Home Page\",\"item\":\"https:\\\/\\\/www.textilegence.com\\\/en\\\/homepage-the-rimont\\\/\"},{\"@type\":\"ListItem\",\"position\":2,\"name\":\"Trade Fairs\",\"item\":\"https:\\\/\\\/www.textilegence.com\\\/en\\\/category\\\/trade-fairs\\\/\"},{\"@type\":\"ListItem\",\"position\":3,\"name\":\"Young Designers to Increase the Value of Turkish Textile\"}]},{\"@type\":\"WebSite\",\"@id\":\"https:\\\/\\\/www.textilegence.com\\\/en\\\/#website\",\"url\":\"https:\\\/\\\/www.textilegence.com\\\/en\\\/\",\"name\":\"Textilegence Magazine and Digital Platform\",\"description\":\"Textile News Center\",\"publisher\":{\"@id\":\"https:\\\/\\\/www.textilegence.com\\\/en\\\/#organization\"},\"potentialAction\":[{\"@type\":\"SearchAction\",\"target\":{\"@type\":\"EntryPoint\",\"urlTemplate\":\"https:\\\/\\\/www.textilegence.com\\\/en\\\/?s={search_term_string}\"},\"query-input\":{\"@type\":\"PropertyValueSpecification\",\"valueRequired\":true,\"valueName\":\"search_term_string\"}}],\"inLanguage\":\"en-US\"},{\"@type\":\"Organization\",\"@id\":\"https:\\\/\\\/www.textilegence.com\\\/en\\\/#organization\",\"name\":\"Textilegence Magazine and Digital Platform\",\"url\":\"https:\\\/\\\/www.textilegence.com\\\/en\\\/\",\"logo\":{\"@type\":\"ImageObject\",\"inLanguage\":\"en-US\",\"@id\":\"https:\\\/\\\/www.textilegence.com\\\/en\\\/#\\\/schema\\\/logo\\\/image\\\/\",\"url\":\"https:\\\/\\\/www.textilegence.com\\\/wp-content\\\/uploads\\\/2016\\\/11\\\/New_Retina_Logo_Textilegence.png\",\"contentUrl\":\"https:\\\/\\\/www.textilegence.com\\\/wp-content\\\/uploads\\\/2016\\\/11\\\/New_Retina_Logo_Textilegence.png\",\"width\":544,\"height\":180,\"caption\":\"Textilegence Magazine and Digital Platform\"},\"image\":{\"@id\":\"https:\\\/\\\/www.textilegence.com\\\/en\\\/#\\\/schema\\\/logo\\\/image\\\/\"},\"sameAs\":[\"https:\\\/\\\/www.facebook.com\\\/TextilegenceMagazine\",\"https:\\\/\\\/x.com\\\/textilegence\",\"https:\\\/\\\/www.instagram.com\\\/textilegence\\\/\",\"https:\\\/\\\/www.linkedin.com\\\/groups\\\/Textilegence-Magazine-Digital-Platform-4897253\",\"https:\\\/\\\/www.youtube.com\\\/user\\\/textilegence\"],\"description\":\"Textilegence is a magazine and digital platform established in 2013. It focuses on the textile industry and sub-segments. The platform provides news, articles, and updates on various aspects of the textile industry, including sustainability, technological advancements, and market trends.\",\"email\":\"editor@textilegence.com\",\"telephone\":\"+90 212 442 24 12\",\"legalName\":\"Textilegence Mag and Digital Platform\",\"foundingDate\":\"2013-01-01\",\"numberOfEmployees\":{\"@type\":\"QuantitativeValue\",\"minValue\":\"1\",\"maxValue\":\"10\"}},{\"@type\":\"Person\",\"@id\":\"https:\\\/\\\/www.textilegence.com\\\/en\\\/#\\\/schema\\\/person\\\/8dbf2ab62ffdf644153f8c0f9c991f78\",\"name\":\"Emirhan \u00c7ilo\u011flu\",\"image\":{\"@type\":\"ImageObject\",\"inLanguage\":\"en-US\",\"@id\":\"https:\\\/\\\/www.textilegence.com\\\/wp-content\\\/uploads\\\/2021\\\/12\\\/emirhan.jpg\",\"url\":\"https:\\\/\\\/www.textilegence.com\\\/wp-content\\\/uploads\\\/2021\\\/12\\\/emirhan.jpg\",\"contentUrl\":\"https:\\\/\\\/www.textilegence.com\\\/wp-content\\\/uploads\\\/2021\\\/12\\\/emirhan.jpg\",\"caption\":\"Emirhan \u00c7ilo\u011flu\"},\"description\":\"Mahmut Emirhan \u00c7ilo\u011flu, \u0130stanbul\u2019da H\u00fcsn\u00fc M. \u00d6zye\u011fin Anadolu Lisesi\u2019nde lise e\u011fitimini tamamlam\u0131\u015f, sonras\u0131nda da \u0130stanbul \u00dcniversitesi\u2019nde Amerikan K\u00fclt\u00fcr\u00fc ve Edebiyat\u0131 lisans b\u00f6l\u00fcm\u00fcnden ba\u015far\u0131yla mezun olmu\u015ftur. 2021 itibari ile Textilegence\u2019da pazarlama ve d\u0131\u015f ili\u015fkiler sorumlusu olarak g\u00f6rev almaya ba\u015flayan \u00c7ilo\u011flu, kurumsal ileti\u015fimin g\u00fc\u00e7lendirilmesine katk\u0131 sa\u011flamaktad\u0131r.\",\"sameAs\":[\"https:\\\/\\\/www.textilegence.com\",\"https:\\\/\\\/www.facebook.com\\\/TextilegenceMagazine\",\"https:\\\/\\\/www.instagram.com\\\/textilegence\\\/\",\"https:\\\/\\\/www.linkedin.com\\\/in\\\/emre-yoleri-26151940\\\/\",\"https:\\\/\\\/x.com\\\/https:\\\/\\\/twitter.com\\\/textilegence\"],\"url\":\"https:\\\/\\\/www.textilegence.com\\\/en\\\/author\\\/emirhan-ciloglu\\\/\"}]}<\/script>\n<!-- \/ Yoast SEO Premium plugin. -->","yoast_head_json":{"title":"Young Designers to Increase the Value of Turkish Textile - Textilegence","description":"Young designers to increase the value of Turkish textile. Enthusiasm increases towards the final of the Turkey Home Textiles Design Contest held with...","robots":{"index":"index","follow":"follow","max-snippet":"max-snippet:-1","max-image-preview":"max-image-preview:large","max-video-preview":"max-video-preview:-1"},"canonical":"https:\/\/www.textilegence.com\/en\/young-designers-turkish-textile\/","og_locale":"en_US","og_type":"article","og_title":"Young Designers to Increase the Value of Turkish Textile","og_description":"Young designers to increase the value of Turkish textile. Enthusiasm increases towards the final of the Turkey Home Textiles Design Contest held with","og_url":"https:\/\/www.textilegence.com\/en\/young-designers-turkish-textile\/","og_site_name":"Textilegence Magazine and Digital Platform","article_publisher":"https:\/\/www.facebook.com\/TextilegenceMagazine","article_author":"https:\/\/www.facebook.com\/TextilegenceMagazine","article_published_time":"2019-02-28T07:03:37+00:00","article_modified_time":"2019-02-28T07:03:49+00:00","og_image":[{"width":696,"height":385,"url":"https:\/\/www.textilegence.com\/wp-content\/uploads\/2019\/02\/ev-tekstil-textilegence.jpg","type":"image\/jpeg"}],"author":"Emirhan \u00c7ilo\u011flu","twitter_card":"summary_large_image","twitter_creator":"@https:\/\/twitter.com\/textilegence","twitter_site":"@textilegence","twitter_misc":{"Written by":"Emirhan \u00c7ilo\u011flu","Est. reading time":"3 minutes"},"schema":{"@context":"https:\/\/schema.org","@graph":[{"@type":"NewsArticle","@id":"https:\/\/www.textilegence.com\/en\/young-designers-turkish-textile\/#article","isPartOf":{"@id":"https:\/\/www.textilegence.com\/en\/young-designers-turkish-textile\/"},"author":{"name":"Emirhan \u00c7ilo\u011flu","@id":"https:\/\/www.textilegence.com\/en\/#\/schema\/person\/8dbf2ab62ffdf644153f8c0f9c991f78"},"headline":"Young Designers to Increase the Value of Turkish Textile","datePublished":"2019-02-28T07:03:37+00:00","dateModified":"2019-02-28T07:03:49+00:00","mainEntityOfPage":{"@id":"https:\/\/www.textilegence.com\/en\/young-designers-turkish-textile\/"},"wordCount":680,"commentCount":0,"publisher":{"@id":"https:\/\/www.textilegence.com\/en\/#organization"},"image":{"@id":"https:\/\/www.textilegence.com\/en\/young-designers-turkish-textile\/#primaryimage"},"thumbnailUrl":"https:\/\/www.textilegence.com\/wp-content\/uploads\/2019\/02\/ev-tekstil-textilegence.jpg","keywords":["p\u0131nar ta\u015fdelen engin","turkey home textile design contest","utib"],"articleSection":["Topical","Trade Fairs"],"inLanguage":"en-US","potentialAction":[{"@type":"CommentAction","name":"Comment","target":["https:\/\/www.textilegence.com\/en\/young-designers-turkish-textile\/#respond"]}]},{"@type":"WebPage","@id":"https:\/\/www.textilegence.com\/en\/young-designers-turkish-textile\/","url":"https:\/\/www.textilegence.com\/en\/young-designers-turkish-textile\/","name":"Young Designers to Increase the Value of Turkish Textile - Textilegence","isPartOf":{"@id":"https:\/\/www.textilegence.com\/en\/#website"},"primaryImageOfPage":{"@id":"https:\/\/www.textilegence.com\/en\/young-designers-turkish-textile\/#primaryimage"},"image":{"@id":"https:\/\/www.textilegence.com\/en\/young-designers-turkish-textile\/#primaryimage"},"thumbnailUrl":"https:\/\/www.textilegence.com\/wp-content\/uploads\/2019\/02\/ev-tekstil-textilegence.jpg","datePublished":"2019-02-28T07:03:37+00:00","dateModified":"2019-02-28T07:03:49+00:00","description":"Young designers to increase the value of Turkish textile. Enthusiasm increases towards the final of the Turkey Home Textiles Design Contest held with...","breadcrumb":{"@id":"https:\/\/www.textilegence.com\/en\/young-designers-turkish-textile\/#breadcrumb"},"inLanguage":"en-US","potentialAction":[{"@type":"ReadAction","target":["https:\/\/www.textilegence.com\/en\/young-designers-turkish-textile\/"]}]},{"@type":"ImageObject","inLanguage":"en-US","@id":"https:\/\/www.textilegence.com\/en\/young-designers-turkish-textile\/#primaryimage","url":"https:\/\/www.textilegence.com\/wp-content\/uploads\/2019\/02\/ev-tekstil-textilegence.jpg","contentUrl":"https:\/\/www.textilegence.com\/wp-content\/uploads\/2019\/02\/ev-tekstil-textilegence.jpg","width":696,"height":385,"caption":"Young Designers to Increase the Value of Turkish Textile"},{"@type":"BreadcrumbList","@id":"https:\/\/www.textilegence.com\/en\/young-designers-turkish-textile\/#breadcrumb","itemListElement":[{"@type":"ListItem","position":1,"name":"Home Page","item":"https:\/\/www.textilegence.com\/en\/homepage-the-rimont\/"},{"@type":"ListItem","position":2,"name":"Trade Fairs","item":"https:\/\/www.textilegence.com\/en\/category\/trade-fairs\/"},{"@type":"ListItem","position":3,"name":"Young Designers to Increase the Value of Turkish Textile"}]},{"@type":"WebSite","@id":"https:\/\/www.textilegence.com\/en\/#website","url":"https:\/\/www.textilegence.com\/en\/","name":"Textilegence Magazine and Digital Platform","description":"Textile News Center","publisher":{"@id":"https:\/\/www.textilegence.com\/en\/#organization"},"potentialAction":[{"@type":"SearchAction","target":{"@type":"EntryPoint","urlTemplate":"https:\/\/www.textilegence.com\/en\/?s={search_term_string}"},"query-input":{"@type":"PropertyValueSpecification","valueRequired":true,"valueName":"search_term_string"}}],"inLanguage":"en-US"},{"@type":"Organization","@id":"https:\/\/www.textilegence.com\/en\/#organization","name":"Textilegence Magazine and Digital Platform","url":"https:\/\/www.textilegence.com\/en\/","logo":{"@type":"ImageObject","inLanguage":"en-US","@id":"https:\/\/www.textilegence.com\/en\/#\/schema\/logo\/image\/","url":"https:\/\/www.textilegence.com\/wp-content\/uploads\/2016\/11\/New_Retina_Logo_Textilegence.png","contentUrl":"https:\/\/www.textilegence.com\/wp-content\/uploads\/2016\/11\/New_Retina_Logo_Textilegence.png","width":544,"height":180,"caption":"Textilegence Magazine and Digital Platform"},"image":{"@id":"https:\/\/www.textilegence.com\/en\/#\/schema\/logo\/image\/"},"sameAs":["https:\/\/www.facebook.com\/TextilegenceMagazine","https:\/\/x.com\/textilegence","https:\/\/www.instagram.com\/textilegence\/","https:\/\/www.linkedin.com\/groups\/Textilegence-Magazine-Digital-Platform-4897253","https:\/\/www.youtube.com\/user\/textilegence"],"description":"Textilegence is a magazine and digital platform established in 2013. It focuses on the textile industry and sub-segments. The platform provides news, articles, and updates on various aspects of the textile industry, including sustainability, technological advancements, and market trends.","email":"editor@textilegence.com","telephone":"+90 212 442 24 12","legalName":"Textilegence Mag and Digital Platform","foundingDate":"2013-01-01","numberOfEmployees":{"@type":"QuantitativeValue","minValue":"1","maxValue":"10"}},{"@type":"Person","@id":"https:\/\/www.textilegence.com\/en\/#\/schema\/person\/8dbf2ab62ffdf644153f8c0f9c991f78","name":"Emirhan \u00c7ilo\u011flu","image":{"@type":"ImageObject","inLanguage":"en-US","@id":"https:\/\/www.textilegence.com\/wp-content\/uploads\/2021\/12\/emirhan.jpg","url":"https:\/\/www.textilegence.com\/wp-content\/uploads\/2021\/12\/emirhan.jpg","contentUrl":"https:\/\/www.textilegence.com\/wp-content\/uploads\/2021\/12\/emirhan.jpg","caption":"Emirhan \u00c7ilo\u011flu"},"description":"Mahmut Emirhan \u00c7ilo\u011flu, \u0130stanbul\u2019da H\u00fcsn\u00fc M. \u00d6zye\u011fin Anadolu Lisesi\u2019nde lise e\u011fitimini tamamlam\u0131\u015f, sonras\u0131nda da \u0130stanbul \u00dcniversitesi\u2019nde Amerikan K\u00fclt\u00fcr\u00fc ve Edebiyat\u0131 lisans b\u00f6l\u00fcm\u00fcnden ba\u015far\u0131yla mezun olmu\u015ftur. 2021 itibari ile Textilegence\u2019da pazarlama ve d\u0131\u015f ili\u015fkiler sorumlusu olarak g\u00f6rev almaya ba\u015flayan \u00c7ilo\u011flu, kurumsal ileti\u015fimin g\u00fc\u00e7lendirilmesine katk\u0131 sa\u011flamaktad\u0131r.","sameAs":["https:\/\/www.textilegence.com","https:\/\/www.facebook.com\/TextilegenceMagazine","https:\/\/www.instagram.com\/textilegence\/","https:\/\/www.linkedin.com\/in\/emre-yoleri-26151940\/","https:\/\/x.com\/https:\/\/twitter.com\/textilegence"],"url":"https:\/\/www.textilegence.com\/en\/author\/emirhan-ciloglu\/"}]}},"_links":{"self":[{"href":"https:\/\/www.textilegence.com\/en\/wp-json\/wp\/v2\/posts\/30466","targetHints":{"allow":["GET"]}}],"collection":[{"href":"https:\/\/www.textilegence.com\/en\/wp-json\/wp\/v2\/posts"}],"about":[{"href":"https:\/\/www.textilegence.com\/en\/wp-json\/wp\/v2\/types\/post"}],"author":[{"embeddable":true,"href":"https:\/\/www.textilegence.com\/en\/wp-json\/wp\/v2\/users\/16"}],"replies":[{"embeddable":true,"href":"https:\/\/www.textilegence.com\/en\/wp-json\/wp\/v2\/comments?post=30466"}],"version-history":[{"count":0,"href":"https:\/\/www.textilegence.com\/en\/wp-json\/wp\/v2\/posts\/30466\/revisions"}],"wp:featuredmedia":[{"embeddable":true,"href":"https:\/\/www.textilegence.com\/en\/wp-json\/wp\/v2\/media\/30462"}],"wp:attachment":[{"href":"https:\/\/www.textilegence.com\/en\/wp-json\/wp\/v2\/media?parent=30466"}],"wp:term":[{"taxonomy":"category","embeddable":true,"href":"https:\/\/www.textilegence.com\/en\/wp-json\/wp\/v2\/categories?post=30466"},{"taxonomy":"post_tag","embeddable":true,"href":"https:\/\/www.textilegence.com\/en\/wp-json\/wp\/v2\/tags?post=30466"}],"curies":[{"name":"wp","href":"https:\/\/api.w.org\/{rel}","templated":true}]}}