{"id":30514,"date":"2019-03-01T10:12:51","date_gmt":"2019-03-01T07:12:51","guid":{"rendered":"http:\/\/www.textilegence.com\/?p=30514"},"modified":"2019-07-11T15:23:31","modified_gmt":"2019-07-11T12:23:31","slug":"tm-weft-standard","status":"publish","type":"post","link":"https:\/\/www.textilegence.com\/en\/tm-weft-standard\/","title":{"rendered":"TM WEFT Shaping the Standard Sector"},"content":{"rendered":"<p style=\"text-align: justify;\"><a href=\"https:\/\/www.textilegence.com\/en\/karl-mayer\/\" target=\"_blank\" rel=\"noopener noreferrer\">KARL MAYER<\/a> is transferring its successful two product line strategy to its Technical Textiles Business Unit and is supplementing its premium weft-insertion machine with a standard model. In addition to the WEFTTRONIC\u00ae II HKS, there will also be a TM WEFT in future. This new <a href=\"https:\/\/www.karlmayer.com\/en\/\" target=\"_blank\" rel=\"noopener noreferrer\">warp knitting<\/a> machine with weft-insertion facility bears all the hallmarks of the high-end version in terms of its quality and reliability, but its optimised cost:benefit ratio targets a different market.<\/p>\n<h2 style=\"text-align: justify;\"><strong>The right machine for every market segment <\/strong><\/h2>\n<p style=\"text-align: justify;\">This new machine is a machine from Asia for Asia. \u201cOur target market is China and the mid-range segment in particular\u201d, explains Hagen Lotzmann, the Sales Manager of KARL MAYER Technische Textilien GmbH. To score points here, the TM WEFT delivers a 50% higher cost:benefit ratio than the WEFTTRONIC\u00ae II HKS. The considerable increase in speed has been achieved by completely redeveloping the machine and modifying the production logistics.<\/p>\n<p style=\"text-align: justify;\">The engineering know-how and the core areas of expertise for the TM WEFT are being provided by locations in Germany, and all the other work is being done by KARL MAYER (CHINA). This has led to the exceptional quality and operating reliability typical of all KARL MAYER\u2019s machines, and also delivers an attractive performance package for producers of standard goods for the interlining market. With its fine gauge, the WEFTTRONIC\u00ae II HKS is still the number one machine for producing fine interlinings and high-quality automotive textiles, for use in e.g. sun protection.<\/p>\n<h2 style=\"text-align: justify;\"><strong>Customised technical features<\/strong><\/h2>\n<p style=\"text-align: justify;\">The TM WEFT is available in a gauge of E 24 and a working width of 247&#8243;, which can be reduced by 62&#8243;. Its features include two stitch-forming ground guide bars, the KAMCOS\u00ae2 Single Speed and integrated Laserstop facility for the early detection of yarn breakages. Up to 24 wefts can be inserted at the same time during production. The yarn is delivered from a creel with yarn storage feeders. An electronically controlled, 4-roller system is responsible for fabric take-down, and the fabric is wound by stand-alone batching unit no. 64. It has friction drive, with control in line with the stitches.<\/p>\n<h2 style=\"text-align: justify;\"><strong>An eagerly anticipated sales release<\/strong><\/h2>\n<p style=\"text-align: justify;\">The TM WEFT was announced at ITMA ASIA + CITME 2018 in Shanghai and proved to be a hot topic of conversation. \u201cOur customers are extremely interested in our new weft-insertion warp knitting machine, and are already looking forward to the official market release,\u201d says Hagen Lotzmann. This sales expert is expecting that the first orders for this standard model, with its excellent cost:benefit ratio, will be placed this year.<\/p>\n<h2 style=\"text-align: justify;\"><strong>The TM WEFT is launched successfully in China <\/strong><\/h2>\n<p style=\"text-align: justify;\">KARL MAYER has developed a new warp knitting machine with weft insertion, the TM WEFT; and successfully launched this new machine at an in-house show held at its Chinese subsidiary in Changzhou. Representatives from more than ten companies came every day between 15 and 18 January 2019; to attend the machine presentation, and these included knitters and weavers; as well as finishers interested in moving into textile production. The guests travelled from all over China, mainly from Jiangsu and Zheijiang, as well as from Shandong and Hebei. They were all impressed by the cost:benefit ratio of the machines on show. Two models of the TM WEFT, 247&#8243;, E 24, were being demonstrated, both producing an interlining; i.e. a traditional fabric with one guide bar and a version having a higher drapability; for special applications with two guide bars.<\/p>\n<p style=\"text-align: justify;\">Both machines were running at an impressive level of stability and at a high speed of 1,500 min-1. The entire concept was extremely well received. The feedback according to Hagen Lotzmann was that; \u201cOur customers were impressed by our focus on the functions, easy operation and reliability of the TM WEFT\u201d. Together with Steffen Trabers from ILLIES China, the company\u2019s agent in the region; the Sales Manager of KARL MAYER Technische Textilien had many conversations relating to specific projects. The first machines have already been sold and further orders are expected over the next few months.<\/p>\n<p style=\"text-align: justify;\">With its features and conceptual direction, the TM WEFT, as a basic model; is designed to complement the existing WEFTTRONIC\u00ae II HKS; which will continue to be available for the high-end market. KARL MAYER is thus extending its tried-and-tested two product line strategy in its Technical Textiles Business Unit.<\/p>\n","protected":false},"excerpt":{"rendered":"<p>KARL MAYER is transferring its successful two product line strategy to its Technical Textiles Business Unit and is supplementing its premium weft-insertion machine with a standard model. In addition to the WEFTTRONIC\u00ae II HKS, there will also be a TM WEFT in future. This new warp knitting machine with weft-insertion facility bears all the hallmarks [&hellip;]<\/p>\n","protected":false},"author":16,"featured_media":30510,"comment_status":"open","ping_status":"closed","sticky":false,"template":"","format":"standard","meta":{"footnotes":""},"categories":[9862,9859],"tags":[11493,11400],"class_list":{"0":"post-30514","1":"post","2":"type-post","3":"status-publish","4":"format-standard","5":"has-post-thumbnail","7":"category-knitting","8":"category-topical","9":"tag-karl-mayer-tm-weft-en","10":"tag-warp-knitting-en"},"yoast_head":"<!-- This site is optimized with the Yoast SEO Premium plugin v27.3 (Yoast SEO v27.3) - https:\/\/yoast.com\/product\/yoast-seo-premium-wordpress\/ -->\n<title>TM WEFT Shaping the Standard Sector - Textilegence<\/title>\n<meta name=\"description\" content=\"The new TM WEFT for the standard segment is complementing the WEFTTRONIC\u00ae II HKS for the premium segment. KARL MAYER is transferring its successful two...\" \/>\n<meta name=\"robots\" content=\"index, follow, max-snippet:-1, max-image-preview:large, max-video-preview:-1\" \/>\n<link rel=\"canonical\" href=\"https:\/\/www.textilegence.com\/en\/tm-weft-standard\/\" \/>\n<meta property=\"og:locale\" content=\"en_US\" \/>\n<meta property=\"og:type\" content=\"article\" \/>\n<meta property=\"og:title\" content=\"TM WEFT Shaping the Standard Sector\" \/>\n<meta property=\"og:description\" content=\"KARL MAYER is transferring its successful two product line strategy to its Technical Textiles Business Unit and is supplementing its premium\" \/>\n<meta property=\"og:url\" content=\"https:\/\/www.textilegence.com\/en\/tm-weft-standard\/\" \/>\n<meta property=\"og:site_name\" content=\"Textilegence Magazine and Digital Platform\" \/>\n<meta property=\"article:publisher\" content=\"https:\/\/www.facebook.com\/TextilegenceMagazine\" \/>\n<meta property=\"article:author\" content=\"https:\/\/www.facebook.com\/TextilegenceMagazine\" \/>\n<meta property=\"article:published_time\" content=\"2019-03-01T07:12:51+00:00\" \/>\n<meta property=\"article:modified_time\" content=\"2019-07-11T12:23:31+00:00\" \/>\n<meta property=\"og:image\" content=\"https:\/\/www.textilegence.com\/wp-content\/uploads\/2019\/03\/karl-mayer-textilegence.jpg\" \/>\n\t<meta property=\"og:image:width\" content=\"696\" \/>\n\t<meta property=\"og:image:height\" content=\"385\" \/>\n\t<meta property=\"og:image:type\" content=\"image\/jpeg\" \/>\n<meta name=\"author\" content=\"Emirhan \u00c7ilo\u011flu\" \/>\n<meta name=\"twitter:card\" content=\"summary_large_image\" \/>\n<meta name=\"twitter:creator\" content=\"@https:\/\/twitter.com\/textilegence\" \/>\n<meta name=\"twitter:site\" content=\"@textilegence\" \/>\n<meta name=\"twitter:label1\" content=\"Written by\" \/>\n\t<meta name=\"twitter:data1\" content=\"Emirhan \u00c7ilo\u011flu\" \/>\n\t<meta name=\"twitter:label2\" content=\"Est. reading time\" \/>\n\t<meta name=\"twitter:data2\" content=\"4 minutes\" \/>\n<script type=\"application\/ld+json\" class=\"yoast-schema-graph\">{\"@context\":\"https:\\\/\\\/schema.org\",\"@graph\":[{\"@type\":\"NewsArticle\",\"@id\":\"https:\\\/\\\/www.textilegence.com\\\/en\\\/tm-weft-standard\\\/#article\",\"isPartOf\":{\"@id\":\"https:\\\/\\\/www.textilegence.com\\\/en\\\/tm-weft-standard\\\/\"},\"author\":{\"name\":\"Emirhan \u00c7ilo\u011flu\",\"@id\":\"https:\\\/\\\/www.textilegence.com\\\/en\\\/#\\\/schema\\\/person\\\/8dbf2ab62ffdf644153f8c0f9c991f78\"},\"headline\":\"TM WEFT Shaping the Standard Sector\",\"datePublished\":\"2019-03-01T07:12:51+00:00\",\"dateModified\":\"2019-07-11T12:23:31+00:00\",\"mainEntityOfPage\":{\"@id\":\"https:\\\/\\\/www.textilegence.com\\\/en\\\/tm-weft-standard\\\/\"},\"wordCount\":714,\"commentCount\":0,\"publisher\":{\"@id\":\"https:\\\/\\\/www.textilegence.com\\\/en\\\/#organization\"},\"image\":{\"@id\":\"https:\\\/\\\/www.textilegence.com\\\/en\\\/tm-weft-standard\\\/#primaryimage\"},\"thumbnailUrl\":\"https:\\\/\\\/www.textilegence.com\\\/wp-content\\\/uploads\\\/2019\\\/03\\\/karl-mayer-textilegence.jpg\",\"keywords\":[\"karl mayer tm weft\",\"warp knitting\"],\"articleSection\":[\"Knitting\",\"Topical\"],\"inLanguage\":\"en-US\",\"potentialAction\":[{\"@type\":\"CommentAction\",\"name\":\"Comment\",\"target\":[\"https:\\\/\\\/www.textilegence.com\\\/en\\\/tm-weft-standard\\\/#respond\"]}]},{\"@type\":\"WebPage\",\"@id\":\"https:\\\/\\\/www.textilegence.com\\\/en\\\/tm-weft-standard\\\/\",\"url\":\"https:\\\/\\\/www.textilegence.com\\\/en\\\/tm-weft-standard\\\/\",\"name\":\"TM WEFT Shaping the Standard Sector - Textilegence\",\"isPartOf\":{\"@id\":\"https:\\\/\\\/www.textilegence.com\\\/en\\\/#website\"},\"primaryImageOfPage\":{\"@id\":\"https:\\\/\\\/www.textilegence.com\\\/en\\\/tm-weft-standard\\\/#primaryimage\"},\"image\":{\"@id\":\"https:\\\/\\\/www.textilegence.com\\\/en\\\/tm-weft-standard\\\/#primaryimage\"},\"thumbnailUrl\":\"https:\\\/\\\/www.textilegence.com\\\/wp-content\\\/uploads\\\/2019\\\/03\\\/karl-mayer-textilegence.jpg\",\"datePublished\":\"2019-03-01T07:12:51+00:00\",\"dateModified\":\"2019-07-11T12:23:31+00:00\",\"description\":\"The new TM WEFT for the standard segment is complementing the WEFTTRONIC\u00ae II HKS for the premium segment. KARL MAYER is transferring its successful two...\",\"breadcrumb\":{\"@id\":\"https:\\\/\\\/www.textilegence.com\\\/en\\\/tm-weft-standard\\\/#breadcrumb\"},\"inLanguage\":\"en-US\",\"potentialAction\":[{\"@type\":\"ReadAction\",\"target\":[\"https:\\\/\\\/www.textilegence.com\\\/en\\\/tm-weft-standard\\\/\"]}]},{\"@type\":\"ImageObject\",\"inLanguage\":\"en-US\",\"@id\":\"https:\\\/\\\/www.textilegence.com\\\/en\\\/tm-weft-standard\\\/#primaryimage\",\"url\":\"https:\\\/\\\/www.textilegence.com\\\/wp-content\\\/uploads\\\/2019\\\/03\\\/karl-mayer-textilegence.jpg\",\"contentUrl\":\"https:\\\/\\\/www.textilegence.com\\\/wp-content\\\/uploads\\\/2019\\\/03\\\/karl-mayer-textilegence.jpg\",\"width\":696,\"height\":385,\"caption\":\"TM WEFT Shaping the Standard Sector\"},{\"@type\":\"BreadcrumbList\",\"@id\":\"https:\\\/\\\/www.textilegence.com\\\/en\\\/tm-weft-standard\\\/#breadcrumb\",\"itemListElement\":[{\"@type\":\"ListItem\",\"position\":1,\"name\":\"Home Page\",\"item\":\"https:\\\/\\\/www.textilegence.com\\\/en\\\/homepage-the-rimont\\\/\"},{\"@type\":\"ListItem\",\"position\":2,\"name\":\"Knitting\",\"item\":\"https:\\\/\\\/www.textilegence.com\\\/en\\\/category\\\/knitting\\\/\"},{\"@type\":\"ListItem\",\"position\":3,\"name\":\"TM WEFT Shaping the Standard Sector\"}]},{\"@type\":\"WebSite\",\"@id\":\"https:\\\/\\\/www.textilegence.com\\\/en\\\/#website\",\"url\":\"https:\\\/\\\/www.textilegence.com\\\/en\\\/\",\"name\":\"Textilegence Magazine and Digital Platform\",\"description\":\"Textile News Center\",\"publisher\":{\"@id\":\"https:\\\/\\\/www.textilegence.com\\\/en\\\/#organization\"},\"potentialAction\":[{\"@type\":\"SearchAction\",\"target\":{\"@type\":\"EntryPoint\",\"urlTemplate\":\"https:\\\/\\\/www.textilegence.com\\\/en\\\/?s={search_term_string}\"},\"query-input\":{\"@type\":\"PropertyValueSpecification\",\"valueRequired\":true,\"valueName\":\"search_term_string\"}}],\"inLanguage\":\"en-US\"},{\"@type\":\"Organization\",\"@id\":\"https:\\\/\\\/www.textilegence.com\\\/en\\\/#organization\",\"name\":\"Textilegence Magazine and Digital Platform\",\"url\":\"https:\\\/\\\/www.textilegence.com\\\/en\\\/\",\"logo\":{\"@type\":\"ImageObject\",\"inLanguage\":\"en-US\",\"@id\":\"https:\\\/\\\/www.textilegence.com\\\/en\\\/#\\\/schema\\\/logo\\\/image\\\/\",\"url\":\"https:\\\/\\\/www.textilegence.com\\\/wp-content\\\/uploads\\\/2016\\\/11\\\/New_Retina_Logo_Textilegence.png\",\"contentUrl\":\"https:\\\/\\\/www.textilegence.com\\\/wp-content\\\/uploads\\\/2016\\\/11\\\/New_Retina_Logo_Textilegence.png\",\"width\":544,\"height\":180,\"caption\":\"Textilegence Magazine and Digital Platform\"},\"image\":{\"@id\":\"https:\\\/\\\/www.textilegence.com\\\/en\\\/#\\\/schema\\\/logo\\\/image\\\/\"},\"sameAs\":[\"https:\\\/\\\/www.facebook.com\\\/TextilegenceMagazine\",\"https:\\\/\\\/x.com\\\/textilegence\",\"https:\\\/\\\/www.instagram.com\\\/textilegence\\\/\",\"https:\\\/\\\/www.linkedin.com\\\/groups\\\/Textilegence-Magazine-Digital-Platform-4897253\",\"https:\\\/\\\/www.youtube.com\\\/user\\\/textilegence\"],\"description\":\"Textilegence is a magazine and digital platform established in 2013. It focuses on the textile industry and sub-segments. The platform provides news, articles, and updates on various aspects of the textile industry, including sustainability, technological advancements, and market trends.\",\"email\":\"editor@textilegence.com\",\"telephone\":\"+90 212 442 24 12\",\"legalName\":\"Textilegence Mag and Digital Platform\",\"foundingDate\":\"2013-01-01\",\"numberOfEmployees\":{\"@type\":\"QuantitativeValue\",\"minValue\":\"1\",\"maxValue\":\"10\"}},{\"@type\":\"Person\",\"@id\":\"https:\\\/\\\/www.textilegence.com\\\/en\\\/#\\\/schema\\\/person\\\/8dbf2ab62ffdf644153f8c0f9c991f78\",\"name\":\"Emirhan \u00c7ilo\u011flu\",\"image\":{\"@type\":\"ImageObject\",\"inLanguage\":\"en-US\",\"@id\":\"https:\\\/\\\/www.textilegence.com\\\/wp-content\\\/uploads\\\/2021\\\/12\\\/emirhan.jpg\",\"url\":\"https:\\\/\\\/www.textilegence.com\\\/wp-content\\\/uploads\\\/2021\\\/12\\\/emirhan.jpg\",\"contentUrl\":\"https:\\\/\\\/www.textilegence.com\\\/wp-content\\\/uploads\\\/2021\\\/12\\\/emirhan.jpg\",\"caption\":\"Emirhan \u00c7ilo\u011flu\"},\"description\":\"Mahmut Emirhan \u00c7ilo\u011flu, \u0130stanbul\u2019da H\u00fcsn\u00fc M. \u00d6zye\u011fin Anadolu Lisesi\u2019nde lise e\u011fitimini tamamlam\u0131\u015f, sonras\u0131nda da \u0130stanbul \u00dcniversitesi\u2019nde Amerikan K\u00fclt\u00fcr\u00fc ve Edebiyat\u0131 lisans b\u00f6l\u00fcm\u00fcnden ba\u015far\u0131yla mezun olmu\u015ftur. 2021 itibari ile Textilegence\u2019da pazarlama ve d\u0131\u015f ili\u015fkiler sorumlusu olarak g\u00f6rev almaya ba\u015flayan \u00c7ilo\u011flu, kurumsal ileti\u015fimin g\u00fc\u00e7lendirilmesine katk\u0131 sa\u011flamaktad\u0131r.\",\"sameAs\":[\"https:\\\/\\\/www.textilegence.com\",\"https:\\\/\\\/www.facebook.com\\\/TextilegenceMagazine\",\"https:\\\/\\\/www.instagram.com\\\/textilegence\\\/\",\"https:\\\/\\\/www.linkedin.com\\\/in\\\/emre-yoleri-26151940\\\/\",\"https:\\\/\\\/x.com\\\/https:\\\/\\\/twitter.com\\\/textilegence\"],\"url\":\"https:\\\/\\\/www.textilegence.com\\\/en\\\/author\\\/emirhan-ciloglu\\\/\"}]}<\/script>\n<!-- \/ Yoast SEO Premium plugin. -->","yoast_head_json":{"title":"TM WEFT Shaping the Standard Sector - Textilegence","description":"The new TM WEFT for the standard segment is complementing the WEFTTRONIC\u00ae II HKS for the premium segment. KARL MAYER is transferring its successful two...","robots":{"index":"index","follow":"follow","max-snippet":"max-snippet:-1","max-image-preview":"max-image-preview:large","max-video-preview":"max-video-preview:-1"},"canonical":"https:\/\/www.textilegence.com\/en\/tm-weft-standard\/","og_locale":"en_US","og_type":"article","og_title":"TM WEFT Shaping the Standard Sector","og_description":"KARL MAYER is transferring its successful two product line strategy to its Technical Textiles Business Unit and is supplementing its premium","og_url":"https:\/\/www.textilegence.com\/en\/tm-weft-standard\/","og_site_name":"Textilegence Magazine and Digital Platform","article_publisher":"https:\/\/www.facebook.com\/TextilegenceMagazine","article_author":"https:\/\/www.facebook.com\/TextilegenceMagazine","article_published_time":"2019-03-01T07:12:51+00:00","article_modified_time":"2019-07-11T12:23:31+00:00","og_image":[{"width":696,"height":385,"url":"https:\/\/www.textilegence.com\/wp-content\/uploads\/2019\/03\/karl-mayer-textilegence.jpg","type":"image\/jpeg"}],"author":"Emirhan \u00c7ilo\u011flu","twitter_card":"summary_large_image","twitter_creator":"@https:\/\/twitter.com\/textilegence","twitter_site":"@textilegence","twitter_misc":{"Written by":"Emirhan \u00c7ilo\u011flu","Est. reading time":"4 minutes"},"schema":{"@context":"https:\/\/schema.org","@graph":[{"@type":"NewsArticle","@id":"https:\/\/www.textilegence.com\/en\/tm-weft-standard\/#article","isPartOf":{"@id":"https:\/\/www.textilegence.com\/en\/tm-weft-standard\/"},"author":{"name":"Emirhan \u00c7ilo\u011flu","@id":"https:\/\/www.textilegence.com\/en\/#\/schema\/person\/8dbf2ab62ffdf644153f8c0f9c991f78"},"headline":"TM WEFT Shaping the Standard Sector","datePublished":"2019-03-01T07:12:51+00:00","dateModified":"2019-07-11T12:23:31+00:00","mainEntityOfPage":{"@id":"https:\/\/www.textilegence.com\/en\/tm-weft-standard\/"},"wordCount":714,"commentCount":0,"publisher":{"@id":"https:\/\/www.textilegence.com\/en\/#organization"},"image":{"@id":"https:\/\/www.textilegence.com\/en\/tm-weft-standard\/#primaryimage"},"thumbnailUrl":"https:\/\/www.textilegence.com\/wp-content\/uploads\/2019\/03\/karl-mayer-textilegence.jpg","keywords":["karl mayer tm weft","warp knitting"],"articleSection":["Knitting","Topical"],"inLanguage":"en-US","potentialAction":[{"@type":"CommentAction","name":"Comment","target":["https:\/\/www.textilegence.com\/en\/tm-weft-standard\/#respond"]}]},{"@type":"WebPage","@id":"https:\/\/www.textilegence.com\/en\/tm-weft-standard\/","url":"https:\/\/www.textilegence.com\/en\/tm-weft-standard\/","name":"TM WEFT Shaping the Standard Sector - Textilegence","isPartOf":{"@id":"https:\/\/www.textilegence.com\/en\/#website"},"primaryImageOfPage":{"@id":"https:\/\/www.textilegence.com\/en\/tm-weft-standard\/#primaryimage"},"image":{"@id":"https:\/\/www.textilegence.com\/en\/tm-weft-standard\/#primaryimage"},"thumbnailUrl":"https:\/\/www.textilegence.com\/wp-content\/uploads\/2019\/03\/karl-mayer-textilegence.jpg","datePublished":"2019-03-01T07:12:51+00:00","dateModified":"2019-07-11T12:23:31+00:00","description":"The new TM WEFT for the standard segment is complementing the WEFTTRONIC\u00ae II HKS for the premium segment. KARL MAYER is transferring its successful two...","breadcrumb":{"@id":"https:\/\/www.textilegence.com\/en\/tm-weft-standard\/#breadcrumb"},"inLanguage":"en-US","potentialAction":[{"@type":"ReadAction","target":["https:\/\/www.textilegence.com\/en\/tm-weft-standard\/"]}]},{"@type":"ImageObject","inLanguage":"en-US","@id":"https:\/\/www.textilegence.com\/en\/tm-weft-standard\/#primaryimage","url":"https:\/\/www.textilegence.com\/wp-content\/uploads\/2019\/03\/karl-mayer-textilegence.jpg","contentUrl":"https:\/\/www.textilegence.com\/wp-content\/uploads\/2019\/03\/karl-mayer-textilegence.jpg","width":696,"height":385,"caption":"TM WEFT Shaping the Standard Sector"},{"@type":"BreadcrumbList","@id":"https:\/\/www.textilegence.com\/en\/tm-weft-standard\/#breadcrumb","itemListElement":[{"@type":"ListItem","position":1,"name":"Home Page","item":"https:\/\/www.textilegence.com\/en\/homepage-the-rimont\/"},{"@type":"ListItem","position":2,"name":"Knitting","item":"https:\/\/www.textilegence.com\/en\/category\/knitting\/"},{"@type":"ListItem","position":3,"name":"TM WEFT Shaping the Standard Sector"}]},{"@type":"WebSite","@id":"https:\/\/www.textilegence.com\/en\/#website","url":"https:\/\/www.textilegence.com\/en\/","name":"Textilegence Magazine and Digital Platform","description":"Textile News Center","publisher":{"@id":"https:\/\/www.textilegence.com\/en\/#organization"},"potentialAction":[{"@type":"SearchAction","target":{"@type":"EntryPoint","urlTemplate":"https:\/\/www.textilegence.com\/en\/?s={search_term_string}"},"query-input":{"@type":"PropertyValueSpecification","valueRequired":true,"valueName":"search_term_string"}}],"inLanguage":"en-US"},{"@type":"Organization","@id":"https:\/\/www.textilegence.com\/en\/#organization","name":"Textilegence Magazine and Digital Platform","url":"https:\/\/www.textilegence.com\/en\/","logo":{"@type":"ImageObject","inLanguage":"en-US","@id":"https:\/\/www.textilegence.com\/en\/#\/schema\/logo\/image\/","url":"https:\/\/www.textilegence.com\/wp-content\/uploads\/2016\/11\/New_Retina_Logo_Textilegence.png","contentUrl":"https:\/\/www.textilegence.com\/wp-content\/uploads\/2016\/11\/New_Retina_Logo_Textilegence.png","width":544,"height":180,"caption":"Textilegence Magazine and Digital Platform"},"image":{"@id":"https:\/\/www.textilegence.com\/en\/#\/schema\/logo\/image\/"},"sameAs":["https:\/\/www.facebook.com\/TextilegenceMagazine","https:\/\/x.com\/textilegence","https:\/\/www.instagram.com\/textilegence\/","https:\/\/www.linkedin.com\/groups\/Textilegence-Magazine-Digital-Platform-4897253","https:\/\/www.youtube.com\/user\/textilegence"],"description":"Textilegence is a magazine and digital platform established in 2013. It focuses on the textile industry and sub-segments. The platform provides news, articles, and updates on various aspects of the textile industry, including sustainability, technological advancements, and market trends.","email":"editor@textilegence.com","telephone":"+90 212 442 24 12","legalName":"Textilegence Mag and Digital Platform","foundingDate":"2013-01-01","numberOfEmployees":{"@type":"QuantitativeValue","minValue":"1","maxValue":"10"}},{"@type":"Person","@id":"https:\/\/www.textilegence.com\/en\/#\/schema\/person\/8dbf2ab62ffdf644153f8c0f9c991f78","name":"Emirhan \u00c7ilo\u011flu","image":{"@type":"ImageObject","inLanguage":"en-US","@id":"https:\/\/www.textilegence.com\/wp-content\/uploads\/2021\/12\/emirhan.jpg","url":"https:\/\/www.textilegence.com\/wp-content\/uploads\/2021\/12\/emirhan.jpg","contentUrl":"https:\/\/www.textilegence.com\/wp-content\/uploads\/2021\/12\/emirhan.jpg","caption":"Emirhan \u00c7ilo\u011flu"},"description":"Mahmut Emirhan \u00c7ilo\u011flu, \u0130stanbul\u2019da H\u00fcsn\u00fc M. \u00d6zye\u011fin Anadolu Lisesi\u2019nde lise e\u011fitimini tamamlam\u0131\u015f, sonras\u0131nda da \u0130stanbul \u00dcniversitesi\u2019nde Amerikan K\u00fclt\u00fcr\u00fc ve Edebiyat\u0131 lisans b\u00f6l\u00fcm\u00fcnden ba\u015far\u0131yla mezun olmu\u015ftur. 2021 itibari ile Textilegence\u2019da pazarlama ve d\u0131\u015f ili\u015fkiler sorumlusu olarak g\u00f6rev almaya ba\u015flayan \u00c7ilo\u011flu, kurumsal ileti\u015fimin g\u00fc\u00e7lendirilmesine katk\u0131 sa\u011flamaktad\u0131r.","sameAs":["https:\/\/www.textilegence.com","https:\/\/www.facebook.com\/TextilegenceMagazine","https:\/\/www.instagram.com\/textilegence\/","https:\/\/www.linkedin.com\/in\/emre-yoleri-26151940\/","https:\/\/x.com\/https:\/\/twitter.com\/textilegence"],"url":"https:\/\/www.textilegence.com\/en\/author\/emirhan-ciloglu\/"}]}},"_links":{"self":[{"href":"https:\/\/www.textilegence.com\/en\/wp-json\/wp\/v2\/posts\/30514","targetHints":{"allow":["GET"]}}],"collection":[{"href":"https:\/\/www.textilegence.com\/en\/wp-json\/wp\/v2\/posts"}],"about":[{"href":"https:\/\/www.textilegence.com\/en\/wp-json\/wp\/v2\/types\/post"}],"author":[{"embeddable":true,"href":"https:\/\/www.textilegence.com\/en\/wp-json\/wp\/v2\/users\/16"}],"replies":[{"embeddable":true,"href":"https:\/\/www.textilegence.com\/en\/wp-json\/wp\/v2\/comments?post=30514"}],"version-history":[{"count":0,"href":"https:\/\/www.textilegence.com\/en\/wp-json\/wp\/v2\/posts\/30514\/revisions"}],"wp:featuredmedia":[{"embeddable":true,"href":"https:\/\/www.textilegence.com\/en\/wp-json\/wp\/v2\/media\/30510"}],"wp:attachment":[{"href":"https:\/\/www.textilegence.com\/en\/wp-json\/wp\/v2\/media?parent=30514"}],"wp:term":[{"taxonomy":"category","embeddable":true,"href":"https:\/\/www.textilegence.com\/en\/wp-json\/wp\/v2\/categories?post=30514"},{"taxonomy":"post_tag","embeddable":true,"href":"https:\/\/www.textilegence.com\/en\/wp-json\/wp\/v2\/tags?post=30514"}],"curies":[{"name":"wp","href":"https:\/\/api.w.org\/{rel}","templated":true}]}}