{"id":30585,"date":"2019-03-08T09:49:51","date_gmt":"2019-03-08T06:49:51","guid":{"rendered":"http:\/\/www.textilegence.com\/?p=30585"},"modified":"2019-07-11T13:59:25","modified_gmt":"2019-07-11T10:59:25","slug":"eizinger-lenzing-nonwoven","status":"publish","type":"post","link":"https:\/\/www.textilegence.com\/en\/eizinger-lenzing-nonwoven\/","title":{"rendered":"Lenzing Continues Its Growth Strategy with New Appointments"},"content":{"rendered":"<figure id=\"attachment_30583\" aria-describedby=\"caption-attachment-30583\" style=\"width: 324px\" class=\"wp-caption alignleft\"><img loading=\"lazy\" decoding=\"async\" class=\"wp-image-30583 size-full\" src=\"https:\/\/www.textilegence.com\/wp-content\/uploads\/2019\/03\/lenzing-detail.jpg\" alt=\"J\u00fcrgen Eizinger Wolfgang Plasser Nonwoven fabric\" width=\"324\" height=\"179\" \/><figcaption id=\"caption-attachment-30583\" class=\"wp-caption-text\">Eizinger is the New Vice President of Lenzing Nonwoven<\/figcaption><\/figure>\n<p style=\"text-align: justify;\">Wolfgang Plasser assumed new role as lead of Global Quality Management (QM) &amp; Technical Customer Service (TCS) to drive Lenzing\u2019s quality control advancement and strategies on March 1, 2019.<\/p>\n<p style=\"text-align: justify;\">Lenzing strengthens commitment to robust customer-driven quality control and advancing circularity <a href=\"https:\/\/www.textilegence.com\/en\/category\/spinning\/\" target=\"_blank\" rel=\"noopener noreferrer\">practices<\/a> to execute an unmatched sustainability focused brand strategy.<\/p>\n<p style=\"text-align: justify;\">The Lenzing Group (Lenzing) announced the appointment of J\u00fcrgen Eizinger as the new Vice President of Global Business Management Nonwovens Division effective as of March 1, 2019. Eizinger is responsible for leading the development and implementation of a variety of business strategies with a focus on driving the awareness of the sustainability focused VEOCEL\u2122 <a href=\"https:\/\/www.lenzing.com\/\" target=\"_blank\" rel=\"noopener noreferrer\">brand<\/a>.<\/p>\n<h2><strong>New missions to Eizinger and Plasser<\/strong><\/h2>\n<p style=\"text-align: justify;\">\u201cJ\u00fcrgen\u2019s extensive experience and industry knowledge will greatly contribute to Lenzing\u2019s nonwovens business; and further bolster our leadership team,\u201d says Robert van de Kerkhof, Chief Commercial Officer of Lenzing Group. \u201cWith extensive industry experience; J\u00fcrgen will enable the VEOCEL\u2122 brand to grow even stronger with a renewed focus on sustainability and circularity. J\u00fcrgen\u2019s global knowledge across sales, expansion strategy and analysis; will position him well to bring greater value to Lenzing\u2019s nonwovens business.\u201d<\/p>\n<p style=\"text-align: justify;\">Meanwhile, Wolfgang Plasser will advance Lenzing\u2019s devotion to quality assurance with his new role as lead of Global QM &amp; TCS at Lenzing, effective March 1, 2019. Plasser will build upon his 28-year of experience across technical and commercial aspects of the textile; and nonwovens industries to focus on enhancing customer-centric quality management systems and sustainability initiatives.<\/p>\n<p style=\"text-align: justify;\">\u201cTogether, J\u00fcrgen and Wolfgang will continue to foster Lenzing\u2019s leadership team and advance our industry leadership,\u201d says van de Kerkhof. \u201cSuch positive changes will not only help strengthen collaboration with the industry value chain; but also pave the way for greater success for Lenzing in the long run. I am truly excited about the future projects in the pipeline for the VEOCEL\u2122 brand.\u201d<\/p>\n<p style=\"text-align: justify;\">J\u00fcrgen Eizinger is enthusiastic about his new role and is optimistic about the future. \u201cNonwovens is one of the fastest growing industries in the world and Lenzing; through our VEOCEL\u2122 brand; has continued to deliver our brand promise and our strong commitment towards a more sustainable and circular future for the nonwoven segment. The VEOCEL\u2122 brand will continue to play a bigger role in Lenzing\u2019s business, offering quality unmatched across the industry.\u201d<\/p>\n","protected":false},"excerpt":{"rendered":"<p>Wolfgang Plasser assumed new role as lead of Global Quality Management (QM) &amp; Technical Customer Service (TCS) to drive Lenzing\u2019s quality control advancement and strategies on March 1, 2019. Lenzing strengthens commitment to robust customer-driven quality control and advancing circularity practices to execute an unmatched sustainability focused brand strategy. The Lenzing Group (Lenzing) announced the [&hellip;]<\/p>\n","protected":false},"author":2,"featured_media":30581,"comment_status":"open","ping_status":"closed","sticky":false,"template":"","format":"standard","meta":{"footnotes":""},"categories":[9857,9859],"tags":[11506,11508],"class_list":{"0":"post-30585","1":"post","2":"type-post","3":"status-publish","4":"format-standard","5":"has-post-thumbnail","7":"category-spinning","8":"category-topical","9":"tag-jurgen-eizinger-en","10":"tag-wolfgang-plasser-en"},"yoast_head":"<!-- This site is optimized with the Yoast SEO Premium plugin v27.3 (Yoast SEO v27.3) - https:\/\/yoast.com\/product\/yoast-seo-premium-wordpress\/ -->\n<title>Eizinger is the New Vice President of Lenzing Nonwoven - Textilegence<\/title>\n<meta name=\"description\" content=\"Lenzing\u2019s Nonwovens Division Bolsters Business Growth and Quality-centric Strategy with the Appointment of New Leadership. J\u00fcrgen Eizinger succeeded...\" \/>\n<meta name=\"robots\" content=\"index, follow, max-snippet:-1, max-image-preview:large, max-video-preview:-1\" \/>\n<link rel=\"canonical\" href=\"https:\/\/www.textilegence.com\/en\/eizinger-lenzing-nonwoven\/\" \/>\n<meta property=\"og:locale\" content=\"en_US\" \/>\n<meta property=\"og:type\" content=\"article\" \/>\n<meta property=\"og:title\" content=\"Lenzing Continues Its Growth Strategy with New Appointments\" \/>\n<meta property=\"og:description\" content=\"Wolfgang Plasser assumed new role as lead of Global Quality Management (QM) &amp; Technical Customer Service (TCS) to drive Lenzing\u2019s quality control\" \/>\n<meta property=\"og:url\" content=\"https:\/\/www.textilegence.com\/en\/eizinger-lenzing-nonwoven\/\" \/>\n<meta property=\"og:site_name\" content=\"Textilegence Magazine and Digital Platform\" \/>\n<meta property=\"article:publisher\" content=\"https:\/\/www.facebook.com\/TextilegenceMagazine\" \/>\n<meta property=\"article:author\" content=\"https:\/\/www.facebook.com\/TextilegenceMagazine\" \/>\n<meta property=\"article:published_time\" content=\"2019-03-08T06:49:51+00:00\" \/>\n<meta property=\"article:modified_time\" content=\"2019-07-11T10:59:25+00:00\" \/>\n<meta property=\"og:image\" content=\"https:\/\/www.textilegence.com\/wp-content\/uploads\/2019\/03\/lenzing-textilegence.jpg\" \/>\n\t<meta property=\"og:image:width\" content=\"696\" \/>\n\t<meta property=\"og:image:height\" content=\"385\" \/>\n\t<meta property=\"og:image:type\" content=\"image\/jpeg\" \/>\n<meta name=\"author\" content=\"Engin Buz\" \/>\n<meta name=\"twitter:card\" content=\"summary_large_image\" \/>\n<meta name=\"twitter:creator\" content=\"@https:\/\/twitter.com\/textilegence\" \/>\n<meta name=\"twitter:site\" content=\"@textilegence\" \/>\n<meta name=\"twitter:label1\" content=\"Written by\" \/>\n\t<meta name=\"twitter:data1\" content=\"Engin Buz\" \/>\n\t<meta name=\"twitter:label2\" content=\"Est. reading time\" \/>\n\t<meta name=\"twitter:data2\" content=\"2 minutes\" \/>\n<script type=\"application\/ld+json\" class=\"yoast-schema-graph\">{\"@context\":\"https:\\\/\\\/schema.org\",\"@graph\":[{\"@type\":\"NewsArticle\",\"@id\":\"https:\\\/\\\/www.textilegence.com\\\/en\\\/eizinger-lenzing-nonwoven\\\/#article\",\"isPartOf\":{\"@id\":\"https:\\\/\\\/www.textilegence.com\\\/en\\\/eizinger-lenzing-nonwoven\\\/\"},\"author\":{\"name\":\"Engin Buz\",\"@id\":\"https:\\\/\\\/www.textilegence.com\\\/en\\\/#\\\/schema\\\/person\\\/46ccc7bfc34edbc7d46b6b189f88849f\"},\"headline\":\"Lenzing Continues Its Growth Strategy with New Appointments\",\"datePublished\":\"2019-03-08T06:49:51+00:00\",\"dateModified\":\"2019-07-11T10:59:25+00:00\",\"mainEntityOfPage\":{\"@id\":\"https:\\\/\\\/www.textilegence.com\\\/en\\\/eizinger-lenzing-nonwoven\\\/\"},\"wordCount\":407,\"commentCount\":0,\"publisher\":{\"@id\":\"https:\\\/\\\/www.textilegence.com\\\/en\\\/#organization\"},\"image\":{\"@id\":\"https:\\\/\\\/www.textilegence.com\\\/en\\\/eizinger-lenzing-nonwoven\\\/#primaryimage\"},\"thumbnailUrl\":\"https:\\\/\\\/www.textilegence.com\\\/wp-content\\\/uploads\\\/2019\\\/03\\\/lenzing-textilegence.jpg\",\"keywords\":[\"jurgen eizinger\",\"wolfgang plasser\"],\"articleSection\":[\"Spinning\",\"Topical\"],\"inLanguage\":\"en-US\",\"potentialAction\":[{\"@type\":\"CommentAction\",\"name\":\"Comment\",\"target\":[\"https:\\\/\\\/www.textilegence.com\\\/en\\\/eizinger-lenzing-nonwoven\\\/#respond\"]}]},{\"@type\":\"WebPage\",\"@id\":\"https:\\\/\\\/www.textilegence.com\\\/en\\\/eizinger-lenzing-nonwoven\\\/\",\"url\":\"https:\\\/\\\/www.textilegence.com\\\/en\\\/eizinger-lenzing-nonwoven\\\/\",\"name\":\"Eizinger is the New Vice President of Lenzing Nonwoven - Textilegence\",\"isPartOf\":{\"@id\":\"https:\\\/\\\/www.textilegence.com\\\/en\\\/#website\"},\"primaryImageOfPage\":{\"@id\":\"https:\\\/\\\/www.textilegence.com\\\/en\\\/eizinger-lenzing-nonwoven\\\/#primaryimage\"},\"image\":{\"@id\":\"https:\\\/\\\/www.textilegence.com\\\/en\\\/eizinger-lenzing-nonwoven\\\/#primaryimage\"},\"thumbnailUrl\":\"https:\\\/\\\/www.textilegence.com\\\/wp-content\\\/uploads\\\/2019\\\/03\\\/lenzing-textilegence.jpg\",\"datePublished\":\"2019-03-08T06:49:51+00:00\",\"dateModified\":\"2019-07-11T10:59:25+00:00\",\"description\":\"Lenzing\u2019s Nonwovens Division Bolsters Business Growth and Quality-centric Strategy with the Appointment of New Leadership. J\u00fcrgen Eizinger succeeded...\",\"breadcrumb\":{\"@id\":\"https:\\\/\\\/www.textilegence.com\\\/en\\\/eizinger-lenzing-nonwoven\\\/#breadcrumb\"},\"inLanguage\":\"en-US\",\"potentialAction\":[{\"@type\":\"ReadAction\",\"target\":[\"https:\\\/\\\/www.textilegence.com\\\/en\\\/eizinger-lenzing-nonwoven\\\/\"]}]},{\"@type\":\"ImageObject\",\"inLanguage\":\"en-US\",\"@id\":\"https:\\\/\\\/www.textilegence.com\\\/en\\\/eizinger-lenzing-nonwoven\\\/#primaryimage\",\"url\":\"https:\\\/\\\/www.textilegence.com\\\/wp-content\\\/uploads\\\/2019\\\/03\\\/lenzing-textilegence.jpg\",\"contentUrl\":\"https:\\\/\\\/www.textilegence.com\\\/wp-content\\\/uploads\\\/2019\\\/03\\\/lenzing-textilegence.jpg\",\"width\":696,\"height\":385,\"caption\":\"Eizinger is the New Vice President of Lenzing Nonwoven\"},{\"@type\":\"BreadcrumbList\",\"@id\":\"https:\\\/\\\/www.textilegence.com\\\/en\\\/eizinger-lenzing-nonwoven\\\/#breadcrumb\",\"itemListElement\":[{\"@type\":\"ListItem\",\"position\":1,\"name\":\"Home Page\",\"item\":\"https:\\\/\\\/www.textilegence.com\\\/en\\\/homepage-the-rimont\\\/\"},{\"@type\":\"ListItem\",\"position\":2,\"name\":\"Spinning\",\"item\":\"https:\\\/\\\/www.textilegence.com\\\/en\\\/category\\\/spinning\\\/\"},{\"@type\":\"ListItem\",\"position\":3,\"name\":\"Lenzing Continues Its Growth Strategy with New Appointments\"}]},{\"@type\":\"WebSite\",\"@id\":\"https:\\\/\\\/www.textilegence.com\\\/en\\\/#website\",\"url\":\"https:\\\/\\\/www.textilegence.com\\\/en\\\/\",\"name\":\"Textilegence Magazine and Digital Platform\",\"description\":\"Textile News Center\",\"publisher\":{\"@id\":\"https:\\\/\\\/www.textilegence.com\\\/en\\\/#organization\"},\"potentialAction\":[{\"@type\":\"SearchAction\",\"target\":{\"@type\":\"EntryPoint\",\"urlTemplate\":\"https:\\\/\\\/www.textilegence.com\\\/en\\\/?s={search_term_string}\"},\"query-input\":{\"@type\":\"PropertyValueSpecification\",\"valueRequired\":true,\"valueName\":\"search_term_string\"}}],\"inLanguage\":\"en-US\"},{\"@type\":\"Organization\",\"@id\":\"https:\\\/\\\/www.textilegence.com\\\/en\\\/#organization\",\"name\":\"Textilegence Magazine and Digital Platform\",\"url\":\"https:\\\/\\\/www.textilegence.com\\\/en\\\/\",\"logo\":{\"@type\":\"ImageObject\",\"inLanguage\":\"en-US\",\"@id\":\"https:\\\/\\\/www.textilegence.com\\\/en\\\/#\\\/schema\\\/logo\\\/image\\\/\",\"url\":\"https:\\\/\\\/www.textilegence.com\\\/wp-content\\\/uploads\\\/2016\\\/11\\\/New_Retina_Logo_Textilegence.png\",\"contentUrl\":\"https:\\\/\\\/www.textilegence.com\\\/wp-content\\\/uploads\\\/2016\\\/11\\\/New_Retina_Logo_Textilegence.png\",\"width\":544,\"height\":180,\"caption\":\"Textilegence Magazine and Digital Platform\"},\"image\":{\"@id\":\"https:\\\/\\\/www.textilegence.com\\\/en\\\/#\\\/schema\\\/logo\\\/image\\\/\"},\"sameAs\":[\"https:\\\/\\\/www.facebook.com\\\/TextilegenceMagazine\",\"https:\\\/\\\/x.com\\\/textilegence\",\"https:\\\/\\\/www.instagram.com\\\/textilegence\\\/\",\"https:\\\/\\\/www.linkedin.com\\\/groups\\\/Textilegence-Magazine-Digital-Platform-4897253\",\"https:\\\/\\\/www.youtube.com\\\/user\\\/textilegence\"],\"description\":\"Textilegence is a magazine and digital platform established in 2013. It focuses on the textile industry and sub-segments. The platform provides news, articles, and updates on various aspects of the textile industry, including sustainability, technological advancements, and market trends.\",\"email\":\"editor@textilegence.com\",\"telephone\":\"+90 212 442 24 12\",\"legalName\":\"Textilegence Mag and Digital Platform\",\"foundingDate\":\"2013-01-01\",\"numberOfEmployees\":{\"@type\":\"QuantitativeValue\",\"minValue\":\"1\",\"maxValue\":\"10\"}},{\"@type\":\"Person\",\"@id\":\"https:\\\/\\\/www.textilegence.com\\\/en\\\/#\\\/schema\\\/person\\\/46ccc7bfc34edbc7d46b6b189f88849f\",\"name\":\"Engin Buz\",\"image\":{\"@type\":\"ImageObject\",\"inLanguage\":\"en-US\",\"@id\":\"https:\\\/\\\/www.textilegence.com\\\/wp-content\\\/uploads\\\/2018\\\/12\\\/engin-buz.jpg\",\"url\":\"https:\\\/\\\/www.textilegence.com\\\/wp-content\\\/uploads\\\/2018\\\/12\\\/engin-buz.jpg\",\"contentUrl\":\"https:\\\/\\\/www.textilegence.com\\\/wp-content\\\/uploads\\\/2018\\\/12\\\/engin-buz.jpg\",\"caption\":\"Engin Buz\"},\"description\":\"Engin Buz, Ankara \u00dcniversitesi \u0130leti\u015fim Fak\u00fcltesi Gazetecilik B\u00f6l\u00fcm\u00fc\u2019nden mezun olduktan sonra Y\u0131ld\u0131z Teknik \u00dcniversitesi\u2019nde Siyaset Bilimi ve Uluslararas\u0131 \u0130li\u015fkiler alan\u0131nda y\u00fcksek lisans\u0131n\u0131 tamamlam\u0131\u015ft\u0131r. 2000 y\u0131l\u0131ndan sonra \u00e7e\u015fitli yay\u0131nc\u0131l\u0131k \u015firketlerinde \u00e7al\u0131\u015fmaya ba\u015flayarak k\u00fclt\u00fcr-sanat ve daha sonra ekonomi haberleri haz\u0131rlam\u0131\u015ft\u0131r. 2009 y\u0131l\u0131ndan itibaren tekstil end\u00fcstrisine d\u00f6n\u00fck yay\u0131nlarda edit\u00f6r olarak g\u00f6rev alan Buz, 2013 itibariyle kurulan Textilegence\u2019de haber edit\u00f6r\u00fc olarak yer almaya ba\u015flam\u0131\u015ft\u0131r. Engin Buz halen ba\u015fta tekstil ve dijital bask\u0131 end\u00fcstrileri olmak \u00fczere ekonomi haberleri haz\u0131rlamaktad\u0131r.\",\"sameAs\":[\"https:\\\/\\\/www.textilegence.com\",\"https:\\\/\\\/www.facebook.com\\\/TextilegenceMagazine\",\"https:\\\/\\\/www.instagram.com\\\/textilegence\\\/\",\"https:\\\/\\\/www.linkedin.com\\\/in\\\/engin-buz-6190799a\\\/\",\"https:\\\/\\\/x.com\\\/https:\\\/\\\/twitter.com\\\/textilegence\"],\"url\":\"https:\\\/\\\/www.textilegence.com\\\/en\\\/author\\\/engin-buz\\\/\"}]}<\/script>\n<!-- \/ Yoast SEO Premium plugin. -->","yoast_head_json":{"title":"Eizinger is the New Vice President of Lenzing Nonwoven - Textilegence","description":"Lenzing\u2019s Nonwovens Division Bolsters Business Growth and Quality-centric Strategy with the Appointment of New Leadership. J\u00fcrgen Eizinger succeeded...","robots":{"index":"index","follow":"follow","max-snippet":"max-snippet:-1","max-image-preview":"max-image-preview:large","max-video-preview":"max-video-preview:-1"},"canonical":"https:\/\/www.textilegence.com\/en\/eizinger-lenzing-nonwoven\/","og_locale":"en_US","og_type":"article","og_title":"Lenzing Continues Its Growth Strategy with New Appointments","og_description":"Wolfgang Plasser assumed new role as lead of Global Quality Management (QM) &amp; Technical Customer Service (TCS) to drive Lenzing\u2019s quality control","og_url":"https:\/\/www.textilegence.com\/en\/eizinger-lenzing-nonwoven\/","og_site_name":"Textilegence Magazine and Digital Platform","article_publisher":"https:\/\/www.facebook.com\/TextilegenceMagazine","article_author":"https:\/\/www.facebook.com\/TextilegenceMagazine","article_published_time":"2019-03-08T06:49:51+00:00","article_modified_time":"2019-07-11T10:59:25+00:00","og_image":[{"width":696,"height":385,"url":"https:\/\/www.textilegence.com\/wp-content\/uploads\/2019\/03\/lenzing-textilegence.jpg","type":"image\/jpeg"}],"author":"Engin Buz","twitter_card":"summary_large_image","twitter_creator":"@https:\/\/twitter.com\/textilegence","twitter_site":"@textilegence","twitter_misc":{"Written by":"Engin Buz","Est. reading time":"2 minutes"},"schema":{"@context":"https:\/\/schema.org","@graph":[{"@type":"NewsArticle","@id":"https:\/\/www.textilegence.com\/en\/eizinger-lenzing-nonwoven\/#article","isPartOf":{"@id":"https:\/\/www.textilegence.com\/en\/eizinger-lenzing-nonwoven\/"},"author":{"name":"Engin Buz","@id":"https:\/\/www.textilegence.com\/en\/#\/schema\/person\/46ccc7bfc34edbc7d46b6b189f88849f"},"headline":"Lenzing Continues Its Growth Strategy with New Appointments","datePublished":"2019-03-08T06:49:51+00:00","dateModified":"2019-07-11T10:59:25+00:00","mainEntityOfPage":{"@id":"https:\/\/www.textilegence.com\/en\/eizinger-lenzing-nonwoven\/"},"wordCount":407,"commentCount":0,"publisher":{"@id":"https:\/\/www.textilegence.com\/en\/#organization"},"image":{"@id":"https:\/\/www.textilegence.com\/en\/eizinger-lenzing-nonwoven\/#primaryimage"},"thumbnailUrl":"https:\/\/www.textilegence.com\/wp-content\/uploads\/2019\/03\/lenzing-textilegence.jpg","keywords":["jurgen eizinger","wolfgang plasser"],"articleSection":["Spinning","Topical"],"inLanguage":"en-US","potentialAction":[{"@type":"CommentAction","name":"Comment","target":["https:\/\/www.textilegence.com\/en\/eizinger-lenzing-nonwoven\/#respond"]}]},{"@type":"WebPage","@id":"https:\/\/www.textilegence.com\/en\/eizinger-lenzing-nonwoven\/","url":"https:\/\/www.textilegence.com\/en\/eizinger-lenzing-nonwoven\/","name":"Eizinger is the New Vice President of Lenzing Nonwoven - Textilegence","isPartOf":{"@id":"https:\/\/www.textilegence.com\/en\/#website"},"primaryImageOfPage":{"@id":"https:\/\/www.textilegence.com\/en\/eizinger-lenzing-nonwoven\/#primaryimage"},"image":{"@id":"https:\/\/www.textilegence.com\/en\/eizinger-lenzing-nonwoven\/#primaryimage"},"thumbnailUrl":"https:\/\/www.textilegence.com\/wp-content\/uploads\/2019\/03\/lenzing-textilegence.jpg","datePublished":"2019-03-08T06:49:51+00:00","dateModified":"2019-07-11T10:59:25+00:00","description":"Lenzing\u2019s Nonwovens Division Bolsters Business Growth and Quality-centric Strategy with the Appointment of New Leadership. J\u00fcrgen Eizinger succeeded...","breadcrumb":{"@id":"https:\/\/www.textilegence.com\/en\/eizinger-lenzing-nonwoven\/#breadcrumb"},"inLanguage":"en-US","potentialAction":[{"@type":"ReadAction","target":["https:\/\/www.textilegence.com\/en\/eizinger-lenzing-nonwoven\/"]}]},{"@type":"ImageObject","inLanguage":"en-US","@id":"https:\/\/www.textilegence.com\/en\/eizinger-lenzing-nonwoven\/#primaryimage","url":"https:\/\/www.textilegence.com\/wp-content\/uploads\/2019\/03\/lenzing-textilegence.jpg","contentUrl":"https:\/\/www.textilegence.com\/wp-content\/uploads\/2019\/03\/lenzing-textilegence.jpg","width":696,"height":385,"caption":"Eizinger is the New Vice President of Lenzing Nonwoven"},{"@type":"BreadcrumbList","@id":"https:\/\/www.textilegence.com\/en\/eizinger-lenzing-nonwoven\/#breadcrumb","itemListElement":[{"@type":"ListItem","position":1,"name":"Home Page","item":"https:\/\/www.textilegence.com\/en\/homepage-the-rimont\/"},{"@type":"ListItem","position":2,"name":"Spinning","item":"https:\/\/www.textilegence.com\/en\/category\/spinning\/"},{"@type":"ListItem","position":3,"name":"Lenzing Continues Its Growth Strategy with New Appointments"}]},{"@type":"WebSite","@id":"https:\/\/www.textilegence.com\/en\/#website","url":"https:\/\/www.textilegence.com\/en\/","name":"Textilegence Magazine and Digital Platform","description":"Textile News Center","publisher":{"@id":"https:\/\/www.textilegence.com\/en\/#organization"},"potentialAction":[{"@type":"SearchAction","target":{"@type":"EntryPoint","urlTemplate":"https:\/\/www.textilegence.com\/en\/?s={search_term_string}"},"query-input":{"@type":"PropertyValueSpecification","valueRequired":true,"valueName":"search_term_string"}}],"inLanguage":"en-US"},{"@type":"Organization","@id":"https:\/\/www.textilegence.com\/en\/#organization","name":"Textilegence Magazine and Digital Platform","url":"https:\/\/www.textilegence.com\/en\/","logo":{"@type":"ImageObject","inLanguage":"en-US","@id":"https:\/\/www.textilegence.com\/en\/#\/schema\/logo\/image\/","url":"https:\/\/www.textilegence.com\/wp-content\/uploads\/2016\/11\/New_Retina_Logo_Textilegence.png","contentUrl":"https:\/\/www.textilegence.com\/wp-content\/uploads\/2016\/11\/New_Retina_Logo_Textilegence.png","width":544,"height":180,"caption":"Textilegence Magazine and Digital Platform"},"image":{"@id":"https:\/\/www.textilegence.com\/en\/#\/schema\/logo\/image\/"},"sameAs":["https:\/\/www.facebook.com\/TextilegenceMagazine","https:\/\/x.com\/textilegence","https:\/\/www.instagram.com\/textilegence\/","https:\/\/www.linkedin.com\/groups\/Textilegence-Magazine-Digital-Platform-4897253","https:\/\/www.youtube.com\/user\/textilegence"],"description":"Textilegence is a magazine and digital platform established in 2013. It focuses on the textile industry and sub-segments. The platform provides news, articles, and updates on various aspects of the textile industry, including sustainability, technological advancements, and market trends.","email":"editor@textilegence.com","telephone":"+90 212 442 24 12","legalName":"Textilegence Mag and Digital Platform","foundingDate":"2013-01-01","numberOfEmployees":{"@type":"QuantitativeValue","minValue":"1","maxValue":"10"}},{"@type":"Person","@id":"https:\/\/www.textilegence.com\/en\/#\/schema\/person\/46ccc7bfc34edbc7d46b6b189f88849f","name":"Engin Buz","image":{"@type":"ImageObject","inLanguage":"en-US","@id":"https:\/\/www.textilegence.com\/wp-content\/uploads\/2018\/12\/engin-buz.jpg","url":"https:\/\/www.textilegence.com\/wp-content\/uploads\/2018\/12\/engin-buz.jpg","contentUrl":"https:\/\/www.textilegence.com\/wp-content\/uploads\/2018\/12\/engin-buz.jpg","caption":"Engin Buz"},"description":"Engin Buz, Ankara \u00dcniversitesi \u0130leti\u015fim Fak\u00fcltesi Gazetecilik B\u00f6l\u00fcm\u00fc\u2019nden mezun olduktan sonra Y\u0131ld\u0131z Teknik \u00dcniversitesi\u2019nde Siyaset Bilimi ve Uluslararas\u0131 \u0130li\u015fkiler alan\u0131nda y\u00fcksek lisans\u0131n\u0131 tamamlam\u0131\u015ft\u0131r. 2000 y\u0131l\u0131ndan sonra \u00e7e\u015fitli yay\u0131nc\u0131l\u0131k \u015firketlerinde \u00e7al\u0131\u015fmaya ba\u015flayarak k\u00fclt\u00fcr-sanat ve daha sonra ekonomi haberleri haz\u0131rlam\u0131\u015ft\u0131r. 2009 y\u0131l\u0131ndan itibaren tekstil end\u00fcstrisine d\u00f6n\u00fck yay\u0131nlarda edit\u00f6r olarak g\u00f6rev alan Buz, 2013 itibariyle kurulan Textilegence\u2019de haber edit\u00f6r\u00fc olarak yer almaya ba\u015flam\u0131\u015ft\u0131r. Engin Buz halen ba\u015fta tekstil ve dijital bask\u0131 end\u00fcstrileri olmak \u00fczere ekonomi haberleri haz\u0131rlamaktad\u0131r.","sameAs":["https:\/\/www.textilegence.com","https:\/\/www.facebook.com\/TextilegenceMagazine","https:\/\/www.instagram.com\/textilegence\/","https:\/\/www.linkedin.com\/in\/engin-buz-6190799a\/","https:\/\/x.com\/https:\/\/twitter.com\/textilegence"],"url":"https:\/\/www.textilegence.com\/en\/author\/engin-buz\/"}]}},"_links":{"self":[{"href":"https:\/\/www.textilegence.com\/en\/wp-json\/wp\/v2\/posts\/30585","targetHints":{"allow":["GET"]}}],"collection":[{"href":"https:\/\/www.textilegence.com\/en\/wp-json\/wp\/v2\/posts"}],"about":[{"href":"https:\/\/www.textilegence.com\/en\/wp-json\/wp\/v2\/types\/post"}],"author":[{"embeddable":true,"href":"https:\/\/www.textilegence.com\/en\/wp-json\/wp\/v2\/users\/2"}],"replies":[{"embeddable":true,"href":"https:\/\/www.textilegence.com\/en\/wp-json\/wp\/v2\/comments?post=30585"}],"version-history":[{"count":0,"href":"https:\/\/www.textilegence.com\/en\/wp-json\/wp\/v2\/posts\/30585\/revisions"}],"wp:featuredmedia":[{"embeddable":true,"href":"https:\/\/www.textilegence.com\/en\/wp-json\/wp\/v2\/media\/30581"}],"wp:attachment":[{"href":"https:\/\/www.textilegence.com\/en\/wp-json\/wp\/v2\/media?parent=30585"}],"wp:term":[{"taxonomy":"category","embeddable":true,"href":"https:\/\/www.textilegence.com\/en\/wp-json\/wp\/v2\/categories?post=30585"},{"taxonomy":"post_tag","embeddable":true,"href":"https:\/\/www.textilegence.com\/en\/wp-json\/wp\/v2\/tags?post=30585"}],"curies":[{"name":"wp","href":"https:\/\/api.w.org\/{rel}","templated":true}]}}