{"id":30622,"date":"2019-03-11T10:05:58","date_gmt":"2019-03-11T07:05:58","guid":{"rendered":"http:\/\/www.textilegence.com\/?p=30622"},"modified":"2019-03-11T10:34:02","modified_gmt":"2019-03-11T07:34:02","slug":"intertextile-apparel-fabrics","status":"publish","type":"post","link":"https:\/\/www.textilegence.com\/en\/intertextile-apparel-fabrics\/","title":{"rendered":"Intertextile Apparel Fabrics Exhibiton to Bring Global Market Together"},"content":{"rendered":"<figure id=\"attachment_30619\" aria-describedby=\"caption-attachment-30619\" style=\"width: 324px\" class=\"wp-caption alignleft\"><img loading=\"lazy\" decoding=\"async\" class=\"wp-image-30619 size-full\" src=\"https:\/\/www.textilegence.com\/wp-content\/uploads\/2019\/03\/intertextile-detail.jpg\" alt=\"Intertextile Apparel Fabrics people looking at fabric\" width=\"324\" height=\"179\" \/><figcaption id=\"caption-attachment-30619\" class=\"wp-caption-text\">Intertextile Apparel Fabrics Exhibiton to Bring Global Market<\/figcaption><\/figure>\n<p style=\"text-align: justify;\"><strong>Intertextile Shanghai Apparel Fabrics \u2013 Spring Edition opens at the National Exhibition and Convention Centre (Shanghai), running from 12 \u2013 14 March. Around 3,300 exhibitors from 23 countries &amp; regions will showcase their latest collections and services to trade visitors from around the world. New international exhibitors can be found throughout the country &amp; region pavilions and zones, supporting Intertextile Apparel\u2019s status as a global apparel textile flagship.<\/strong><\/p>\n<p style=\"text-align: justify;\">\u201c<a href=\"https:\/\/intertextile-shanghai-apparel-fabrics-spring.hk.messefrankfurt.com\/shanghai\/en.html\" target=\"_blank\" rel=\"noopener\">Intertextile<\/a> Shanghai Apparel Fabrics offers an ideal <a href=\"https:\/\/www.textilegence.com\/en\/category\/trade-fairs\/\" target=\"_blank\" rel=\"noopener\">platform<\/a> for overseas suppliers to meet with Chinese buyers, many of whom they may not be able to meet elsewhere, in addition to the visitors from around 100 other countries &amp; regions,\u201d explained Ms Wendy Wen, Senior General Manager of Messe Frankfurt (HK) Ltd. \u201cThe fair is an opportunity to both network and build on existing relationships across the global textile industry.\u201d The fair will offer over 500 overseas industry players an opportunity to expand their reach in China, as well as those from elsewhere in Asia and further afield. Country &amp; region pavilions and zones are an example of the platforms Intertextile Apparel offers for international exhibitors to stand out from the crowd and highlight their latest collections.<\/p>\n<h2 style=\"text-align: justify;\"><strong>Intertextile Apparel Fabrics At the Spring Edition, these include:<\/strong><\/h2>\n<ul style=\"text-align: justify;\">\n<li>Milano Unica Pavilion, Italy: returning to the fair with nearly 50 exhibitors, highlights include Lanificio Faliero Sarti who will bring cotton to the fair; and Tessitura Marco Pastorelli, who manufacture textiles for lining and pocketing, including custom orders<\/li>\n<li>Korea Pavilion: organised by the Korea Fashion Textile Association; who will bring 67 members, including Jk Texland, Suntex and Dongkeuk Textile<\/li>\n<li>Japan Pavilion: organised by Japan Fashion Week, who will bring 22 exhibitors and a Japan trend area<\/li>\n<li>Taiwan Pavilion: with 41 exhibitors, this hub for innovation will include Cheng Mei Label\u2019s accessory products, Sunfly Textile\u2019s innovative performance knitted fabrics, and Yoke Sine Enterprise\u2019s lace &amp; embroidery products<\/li>\n<li>India Pavilion: organised by Federation of Indian Chambers of Commerce &amp; Industry (FICCI) for the first time, with 10 members including Ankush Enterprise who will bring cotton fabrics, Silverline Fashion Fabrics and their linen and suiting &amp; shirting fabrics, and Sugam Fabrics, who will bring linen and cotton<\/li>\n<li>Pakistan Pavilion: can be found in hall 7.1, with three exhibitors in Beyond Denim<\/li>\n<\/ul>\n<p style=\"text-align: justify;\">As well as this, the Korea Textile Centre Pavilion will feature seven more exhibitors. The International Hall (5.1) will also feature the France Zone, Germany Zone and Turkey Zone.<\/p>\n<h2 style=\"text-align: justify;\"><strong>Fair attracts global VIP buyers<\/strong><\/h2>\n<p style=\"text-align: justify;\">With so much variety on offer, and over 2,700 high-quality domestic exhibitors; each year the fair attracts buyer delegations from around the world. At the 2019 Spring Edition, this includes three delegations from Bangladesh and Vietnam. What\u2019s more, the Business Matching Programme will facilitate tailor-made meetings between exhibitors and VIP buyers. This year, buyers in the programme include well-known fashion brands and sourcing companies from eight countries &amp; regions: Australia, Guatemala, Hong Kong, Korea, Malaysia, the UK, the US and Vietnam.<\/p>\n<h2 style=\"text-align: justify;\"><strong>More fair facts at a glance:<\/strong><\/h2>\n<ul style=\"text-align: justify;\">\n<li>Chinese exhibitors: grouped by product end-use in halls 6.1, 6.2, 7.1, 7.2 and 8.1<\/li>\n<li>Product zones: Accessories Vision, All About Sustainability, Beyond Denim; Digital Printing Zone, Functional Lab, Premium Wool Zone and Verve for Design<\/li>\n<li>Fringe programme: international and domestic trend forums, 25 seminars &amp; three panel discussions, Digital Printing Forum and more<\/li>\n<li>Four concurrent fairs: Yarn Expo Spring, Intertextile Shanghai Home Textiles \u2013 Spring Edition; fashion garment fair CHIC and knitting fair PH Value<\/li>\n<\/ul>\n<p style=\"text-align: justify;\">Held from 12 \u2013 14 March at the National Exhibition and Convention Centre (Shanghai); Intertextile Shanghai Apparel Fabrics \u2013 Spring Edition 2019 is co-organised by Messe Frankfurt (HK) Ltd; the Sub-Council of Textile Industry, CCPIT; and the China Textile Information Centre.<\/p>\n","protected":false},"excerpt":{"rendered":"<p>Intertextile Shanghai Apparel Fabrics \u2013 Spring Edition opens at the National Exhibition and Convention Centre (Shanghai), running from 12 \u2013 14 March. Around 3,300 exhibitors from 23 countries &amp; regions will showcase their latest collections and services to trade visitors from around the world. New international exhibitors can be found throughout the country &amp; region [&hellip;]<\/p>\n","protected":false},"author":8,"featured_media":30617,"comment_status":"open","ping_status":"closed","sticky":false,"template":"","format":"standard","meta":{"footnotes":""},"categories":[9859,9845],"tags":[11514,11513,10062],"class_list":{"0":"post-30622","1":"post","2":"type-post","3":"status-publish","4":"format-standard","5":"has-post-thumbnail","7":"category-topical","8":"category-trade-fairs","9":"tag-apparel-fabrics","10":"tag-intertextile-shanghai-en","11":"tag-messe-frankfurt-en"},"yoast_head":"<!-- This site is optimized with the Yoast SEO Premium plugin v27.3 (Yoast SEO v27.3) - https:\/\/yoast.com\/product\/yoast-seo-premium-wordpress\/ -->\n<title>Intertextile Apparel Fabrics to Bring Global Market Together - Textilegence<\/title>\n<meta name=\"description\" content=\"Intertextile Shanghai Apparel Fabrics \u2013 Spring Edition opens at the National Exhibition and Convention Centre (Shanghai), running from 12 \u2013 14 March.\" \/>\n<meta name=\"robots\" content=\"index, follow, max-snippet:-1, max-image-preview:large, max-video-preview:-1\" \/>\n<link rel=\"canonical\" href=\"https:\/\/www.textilegence.com\/en\/intertextile-apparel-fabrics\/\" \/>\n<meta property=\"og:locale\" content=\"en_US\" \/>\n<meta property=\"og:type\" content=\"article\" \/>\n<meta property=\"og:title\" content=\"Intertextile Apparel Fabrics Exhibiton to Bring Global Market Together\" \/>\n<meta property=\"og:description\" content=\"Intertextile Shanghai Apparel Fabrics \u2013 Spring Edition opens at the National Exhibition and Convention Centre (Shanghai), running from 12 \u2013 14 March.\" \/>\n<meta property=\"og:url\" content=\"https:\/\/www.textilegence.com\/en\/intertextile-apparel-fabrics\/\" \/>\n<meta property=\"og:site_name\" content=\"Textilegence Magazine and Digital Platform\" \/>\n<meta property=\"article:publisher\" content=\"https:\/\/www.facebook.com\/TextilegenceMagazine\" \/>\n<meta property=\"article:author\" content=\"https:\/\/www.facebook.com\/TextilegenceMagazine\" \/>\n<meta property=\"article:published_time\" content=\"2019-03-11T07:05:58+00:00\" \/>\n<meta property=\"article:modified_time\" content=\"2019-03-11T07:34:02+00:00\" \/>\n<meta property=\"og:image\" content=\"https:\/\/www.textilegence.com\/wp-content\/uploads\/2019\/03\/intertextile-textilegence.jpg\" \/>\n\t<meta property=\"og:image:width\" content=\"696\" \/>\n\t<meta property=\"og:image:height\" content=\"385\" \/>\n\t<meta property=\"og:image:type\" content=\"image\/jpeg\" \/>\n<meta name=\"author\" content=\"Fatih Cengiarslan\" \/>\n<meta name=\"twitter:card\" content=\"summary_large_image\" \/>\n<meta name=\"twitter:creator\" content=\"@https:\/\/twitter.com\/textilegence\" \/>\n<meta name=\"twitter:site\" content=\"@textilegence\" \/>\n<meta name=\"twitter:label1\" content=\"Written by\" \/>\n\t<meta name=\"twitter:data1\" content=\"Fatih Cengiarslan\" \/>\n\t<meta name=\"twitter:label2\" content=\"Est. reading time\" \/>\n\t<meta name=\"twitter:data2\" content=\"3 minutes\" \/>\n<script type=\"application\/ld+json\" class=\"yoast-schema-graph\">{\"@context\":\"https:\\\/\\\/schema.org\",\"@graph\":[{\"@type\":\"NewsArticle\",\"@id\":\"https:\\\/\\\/www.textilegence.com\\\/en\\\/intertextile-apparel-fabrics\\\/#article\",\"isPartOf\":{\"@id\":\"https:\\\/\\\/www.textilegence.com\\\/en\\\/intertextile-apparel-fabrics\\\/\"},\"author\":{\"name\":\"Fatih Cengiarslan\",\"@id\":\"https:\\\/\\\/www.textilegence.com\\\/en\\\/#\\\/schema\\\/person\\\/1c3977109f8a6e1e2b95678836d75cb7\"},\"headline\":\"Intertextile Apparel Fabrics Exhibiton to Bring Global Market Together\",\"datePublished\":\"2019-03-11T07:05:58+00:00\",\"dateModified\":\"2019-03-11T07:34:02+00:00\",\"mainEntityOfPage\":{\"@id\":\"https:\\\/\\\/www.textilegence.com\\\/en\\\/intertextile-apparel-fabrics\\\/\"},\"wordCount\":608,\"commentCount\":0,\"publisher\":{\"@id\":\"https:\\\/\\\/www.textilegence.com\\\/en\\\/#organization\"},\"image\":{\"@id\":\"https:\\\/\\\/www.textilegence.com\\\/en\\\/intertextile-apparel-fabrics\\\/#primaryimage\"},\"thumbnailUrl\":\"https:\\\/\\\/www.textilegence.com\\\/wp-content\\\/uploads\\\/2019\\\/03\\\/intertextile-textilegence.jpg\",\"keywords\":[\"apparel fabrics\",\"intertextile shanghai\",\"messe frankfurt\"],\"articleSection\":[\"Topical\",\"Trade Fairs\"],\"inLanguage\":\"en-US\",\"potentialAction\":[{\"@type\":\"CommentAction\",\"name\":\"Comment\",\"target\":[\"https:\\\/\\\/www.textilegence.com\\\/en\\\/intertextile-apparel-fabrics\\\/#respond\"]}]},{\"@type\":\"WebPage\",\"@id\":\"https:\\\/\\\/www.textilegence.com\\\/en\\\/intertextile-apparel-fabrics\\\/\",\"url\":\"https:\\\/\\\/www.textilegence.com\\\/en\\\/intertextile-apparel-fabrics\\\/\",\"name\":\"Intertextile Apparel Fabrics to Bring Global Market Together - Textilegence\",\"isPartOf\":{\"@id\":\"https:\\\/\\\/www.textilegence.com\\\/en\\\/#website\"},\"primaryImageOfPage\":{\"@id\":\"https:\\\/\\\/www.textilegence.com\\\/en\\\/intertextile-apparel-fabrics\\\/#primaryimage\"},\"image\":{\"@id\":\"https:\\\/\\\/www.textilegence.com\\\/en\\\/intertextile-apparel-fabrics\\\/#primaryimage\"},\"thumbnailUrl\":\"https:\\\/\\\/www.textilegence.com\\\/wp-content\\\/uploads\\\/2019\\\/03\\\/intertextile-textilegence.jpg\",\"datePublished\":\"2019-03-11T07:05:58+00:00\",\"dateModified\":\"2019-03-11T07:34:02+00:00\",\"description\":\"Intertextile Shanghai Apparel Fabrics \u2013 Spring Edition opens at the National Exhibition and Convention Centre (Shanghai), running from 12 \u2013 14 March.\",\"breadcrumb\":{\"@id\":\"https:\\\/\\\/www.textilegence.com\\\/en\\\/intertextile-apparel-fabrics\\\/#breadcrumb\"},\"inLanguage\":\"en-US\",\"potentialAction\":[{\"@type\":\"ReadAction\",\"target\":[\"https:\\\/\\\/www.textilegence.com\\\/en\\\/intertextile-apparel-fabrics\\\/\"]}]},{\"@type\":\"ImageObject\",\"inLanguage\":\"en-US\",\"@id\":\"https:\\\/\\\/www.textilegence.com\\\/en\\\/intertextile-apparel-fabrics\\\/#primaryimage\",\"url\":\"https:\\\/\\\/www.textilegence.com\\\/wp-content\\\/uploads\\\/2019\\\/03\\\/intertextile-textilegence.jpg\",\"contentUrl\":\"https:\\\/\\\/www.textilegence.com\\\/wp-content\\\/uploads\\\/2019\\\/03\\\/intertextile-textilegence.jpg\",\"width\":696,\"height\":385,\"caption\":\"Intertextile Apparel Fabrics Exhibiton to Bring Global Market\"},{\"@type\":\"BreadcrumbList\",\"@id\":\"https:\\\/\\\/www.textilegence.com\\\/en\\\/intertextile-apparel-fabrics\\\/#breadcrumb\",\"itemListElement\":[{\"@type\":\"ListItem\",\"position\":1,\"name\":\"Home Page\",\"item\":\"https:\\\/\\\/www.textilegence.com\\\/en\\\/homepage-the-rimont\\\/\"},{\"@type\":\"ListItem\",\"position\":2,\"name\":\"Trade Fairs\",\"item\":\"https:\\\/\\\/www.textilegence.com\\\/en\\\/category\\\/trade-fairs\\\/\"},{\"@type\":\"ListItem\",\"position\":3,\"name\":\"Intertextile Apparel Fabrics Exhibiton to Bring Global Market Together\"}]},{\"@type\":\"WebSite\",\"@id\":\"https:\\\/\\\/www.textilegence.com\\\/en\\\/#website\",\"url\":\"https:\\\/\\\/www.textilegence.com\\\/en\\\/\",\"name\":\"Textilegence Magazine and Digital Platform\",\"description\":\"Textile News Center\",\"publisher\":{\"@id\":\"https:\\\/\\\/www.textilegence.com\\\/en\\\/#organization\"},\"potentialAction\":[{\"@type\":\"SearchAction\",\"target\":{\"@type\":\"EntryPoint\",\"urlTemplate\":\"https:\\\/\\\/www.textilegence.com\\\/en\\\/?s={search_term_string}\"},\"query-input\":{\"@type\":\"PropertyValueSpecification\",\"valueRequired\":true,\"valueName\":\"search_term_string\"}}],\"inLanguage\":\"en-US\"},{\"@type\":\"Organization\",\"@id\":\"https:\\\/\\\/www.textilegence.com\\\/en\\\/#organization\",\"name\":\"Textilegence Magazine and Digital Platform\",\"url\":\"https:\\\/\\\/www.textilegence.com\\\/en\\\/\",\"logo\":{\"@type\":\"ImageObject\",\"inLanguage\":\"en-US\",\"@id\":\"https:\\\/\\\/www.textilegence.com\\\/en\\\/#\\\/schema\\\/logo\\\/image\\\/\",\"url\":\"https:\\\/\\\/www.textilegence.com\\\/wp-content\\\/uploads\\\/2016\\\/11\\\/New_Retina_Logo_Textilegence.png\",\"contentUrl\":\"https:\\\/\\\/www.textilegence.com\\\/wp-content\\\/uploads\\\/2016\\\/11\\\/New_Retina_Logo_Textilegence.png\",\"width\":544,\"height\":180,\"caption\":\"Textilegence Magazine and Digital Platform\"},\"image\":{\"@id\":\"https:\\\/\\\/www.textilegence.com\\\/en\\\/#\\\/schema\\\/logo\\\/image\\\/\"},\"sameAs\":[\"https:\\\/\\\/www.facebook.com\\\/TextilegenceMagazine\",\"https:\\\/\\\/x.com\\\/textilegence\",\"https:\\\/\\\/www.instagram.com\\\/textilegence\\\/\",\"https:\\\/\\\/www.linkedin.com\\\/groups\\\/Textilegence-Magazine-Digital-Platform-4897253\",\"https:\\\/\\\/www.youtube.com\\\/user\\\/textilegence\"],\"description\":\"Textilegence is a magazine and digital platform established in 2013. It focuses on the textile industry and sub-segments. The platform provides news, articles, and updates on various aspects of the textile industry, including sustainability, technological advancements, and market trends.\",\"email\":\"editor@textilegence.com\",\"telephone\":\"+90 212 442 24 12\",\"legalName\":\"Textilegence Mag and Digital Platform\",\"foundingDate\":\"2013-01-01\",\"numberOfEmployees\":{\"@type\":\"QuantitativeValue\",\"minValue\":\"1\",\"maxValue\":\"10\"}},{\"@type\":\"Person\",\"@id\":\"https:\\\/\\\/www.textilegence.com\\\/en\\\/#\\\/schema\\\/person\\\/1c3977109f8a6e1e2b95678836d75cb7\",\"name\":\"Fatih Cengiarslan\",\"image\":{\"@type\":\"ImageObject\",\"inLanguage\":\"en-US\",\"@id\":\"https:\\\/\\\/www.textilegence.com\\\/wp-content\\\/uploads\\\/2018\\\/12\\\/fatih-cengiarslan.jpg\",\"url\":\"https:\\\/\\\/www.textilegence.com\\\/wp-content\\\/uploads\\\/2018\\\/12\\\/fatih-cengiarslan.jpg\",\"contentUrl\":\"https:\\\/\\\/www.textilegence.com\\\/wp-content\\\/uploads\\\/2018\\\/12\\\/fatih-cengiarslan.jpg\",\"caption\":\"Fatih Cengiarslan\"},\"description\":\"Fatih Cengiarslan; Akademik \u0130ngilizce e\u011fitimini Bat\u0131 Avustralya \u00dcniversitesi\u2019nde tamamlad\u0131ktan sonra T\u00fcrkiye\u2019ye d\u00f6nerek \u0130stanbul Ayd\u0131n \u00dcniversitesi\u2019nde \u0130nternet Gazetecili\u011fi ve Yay\u0131nc\u0131l\u0131k b\u00f6l\u00fcm\u00fcn\u00fc bitirip, Litvanya \u2013 Kaunas Teknoloji \u00dcniversitesi\u2019nde interaktif media \u00fczerine 8 ayl\u0131k e\u011fitim ald\u0131. Daha sonra Eski\u015fehir Anadolu \u00dcniversitesi girerek \u0130\u015fletme Fak\u00fcltesini ba\u015far\u0131yla tamamlad\u0131. CNNTURK\u2019 kanal\u0131nda staj\u0131n\u0131 tamamlad\u0131ktan sonra Referans Gazetesi\u2019nde \u00e7al\u0131\u015fmaya ba\u015flad\u0131. 2 y\u0131l sonra Textilegence markas\u0131yla tekstil end\u00fcstrisine y\u00f6nelik kendi medyas\u0131n\u0131 kurdu. \u015eu anda Textilegence.com, Printing3D ve NEFA PR Ajans\u0131\u2019n\u0131n 12 y\u0131ld\u0131r y\u00f6netimini yapmaktad\u0131r.\",\"sameAs\":[\"https:\\\/\\\/www.textilegence.com\",\"https:\\\/\\\/www.facebook.com\\\/TextilegenceMagazine\",\"https:\\\/\\\/www.instagram.com\\\/textilegence\\\/\",\"https:\\\/\\\/www.linkedin.com\\\/in\\\/fatih-cengiarslan-32352265\\\/\",\"https:\\\/\\\/x.com\\\/https:\\\/\\\/twitter.com\\\/textilegence\"],\"url\":\"https:\\\/\\\/www.textilegence.com\\\/en\\\/author\\\/admin\\\/\"}]}<\/script>\n<!-- \/ Yoast SEO Premium plugin. -->","yoast_head_json":{"title":"Intertextile Apparel Fabrics to Bring Global Market Together - Textilegence","description":"Intertextile Shanghai Apparel Fabrics \u2013 Spring Edition opens at the National Exhibition and Convention Centre (Shanghai), running from 12 \u2013 14 March.","robots":{"index":"index","follow":"follow","max-snippet":"max-snippet:-1","max-image-preview":"max-image-preview:large","max-video-preview":"max-video-preview:-1"},"canonical":"https:\/\/www.textilegence.com\/en\/intertextile-apparel-fabrics\/","og_locale":"en_US","og_type":"article","og_title":"Intertextile Apparel Fabrics Exhibiton to Bring Global Market Together","og_description":"Intertextile Shanghai Apparel Fabrics \u2013 Spring Edition opens at the National Exhibition and Convention Centre (Shanghai), running from 12 \u2013 14 March.","og_url":"https:\/\/www.textilegence.com\/en\/intertextile-apparel-fabrics\/","og_site_name":"Textilegence Magazine and Digital Platform","article_publisher":"https:\/\/www.facebook.com\/TextilegenceMagazine","article_author":"https:\/\/www.facebook.com\/TextilegenceMagazine","article_published_time":"2019-03-11T07:05:58+00:00","article_modified_time":"2019-03-11T07:34:02+00:00","og_image":[{"width":696,"height":385,"url":"https:\/\/www.textilegence.com\/wp-content\/uploads\/2019\/03\/intertextile-textilegence.jpg","type":"image\/jpeg"}],"author":"Fatih Cengiarslan","twitter_card":"summary_large_image","twitter_creator":"@https:\/\/twitter.com\/textilegence","twitter_site":"@textilegence","twitter_misc":{"Written by":"Fatih Cengiarslan","Est. reading time":"3 minutes"},"schema":{"@context":"https:\/\/schema.org","@graph":[{"@type":"NewsArticle","@id":"https:\/\/www.textilegence.com\/en\/intertextile-apparel-fabrics\/#article","isPartOf":{"@id":"https:\/\/www.textilegence.com\/en\/intertextile-apparel-fabrics\/"},"author":{"name":"Fatih Cengiarslan","@id":"https:\/\/www.textilegence.com\/en\/#\/schema\/person\/1c3977109f8a6e1e2b95678836d75cb7"},"headline":"Intertextile Apparel Fabrics Exhibiton to Bring Global Market Together","datePublished":"2019-03-11T07:05:58+00:00","dateModified":"2019-03-11T07:34:02+00:00","mainEntityOfPage":{"@id":"https:\/\/www.textilegence.com\/en\/intertextile-apparel-fabrics\/"},"wordCount":608,"commentCount":0,"publisher":{"@id":"https:\/\/www.textilegence.com\/en\/#organization"},"image":{"@id":"https:\/\/www.textilegence.com\/en\/intertextile-apparel-fabrics\/#primaryimage"},"thumbnailUrl":"https:\/\/www.textilegence.com\/wp-content\/uploads\/2019\/03\/intertextile-textilegence.jpg","keywords":["apparel fabrics","intertextile shanghai","messe frankfurt"],"articleSection":["Topical","Trade Fairs"],"inLanguage":"en-US","potentialAction":[{"@type":"CommentAction","name":"Comment","target":["https:\/\/www.textilegence.com\/en\/intertextile-apparel-fabrics\/#respond"]}]},{"@type":"WebPage","@id":"https:\/\/www.textilegence.com\/en\/intertextile-apparel-fabrics\/","url":"https:\/\/www.textilegence.com\/en\/intertextile-apparel-fabrics\/","name":"Intertextile Apparel Fabrics to Bring Global Market Together - Textilegence","isPartOf":{"@id":"https:\/\/www.textilegence.com\/en\/#website"},"primaryImageOfPage":{"@id":"https:\/\/www.textilegence.com\/en\/intertextile-apparel-fabrics\/#primaryimage"},"image":{"@id":"https:\/\/www.textilegence.com\/en\/intertextile-apparel-fabrics\/#primaryimage"},"thumbnailUrl":"https:\/\/www.textilegence.com\/wp-content\/uploads\/2019\/03\/intertextile-textilegence.jpg","datePublished":"2019-03-11T07:05:58+00:00","dateModified":"2019-03-11T07:34:02+00:00","description":"Intertextile Shanghai Apparel Fabrics \u2013 Spring Edition opens at the National Exhibition and Convention Centre (Shanghai), running from 12 \u2013 14 March.","breadcrumb":{"@id":"https:\/\/www.textilegence.com\/en\/intertextile-apparel-fabrics\/#breadcrumb"},"inLanguage":"en-US","potentialAction":[{"@type":"ReadAction","target":["https:\/\/www.textilegence.com\/en\/intertextile-apparel-fabrics\/"]}]},{"@type":"ImageObject","inLanguage":"en-US","@id":"https:\/\/www.textilegence.com\/en\/intertextile-apparel-fabrics\/#primaryimage","url":"https:\/\/www.textilegence.com\/wp-content\/uploads\/2019\/03\/intertextile-textilegence.jpg","contentUrl":"https:\/\/www.textilegence.com\/wp-content\/uploads\/2019\/03\/intertextile-textilegence.jpg","width":696,"height":385,"caption":"Intertextile Apparel Fabrics Exhibiton to Bring Global Market"},{"@type":"BreadcrumbList","@id":"https:\/\/www.textilegence.com\/en\/intertextile-apparel-fabrics\/#breadcrumb","itemListElement":[{"@type":"ListItem","position":1,"name":"Home Page","item":"https:\/\/www.textilegence.com\/en\/homepage-the-rimont\/"},{"@type":"ListItem","position":2,"name":"Trade Fairs","item":"https:\/\/www.textilegence.com\/en\/category\/trade-fairs\/"},{"@type":"ListItem","position":3,"name":"Intertextile Apparel Fabrics Exhibiton to Bring Global Market Together"}]},{"@type":"WebSite","@id":"https:\/\/www.textilegence.com\/en\/#website","url":"https:\/\/www.textilegence.com\/en\/","name":"Textilegence Magazine and Digital Platform","description":"Textile News Center","publisher":{"@id":"https:\/\/www.textilegence.com\/en\/#organization"},"potentialAction":[{"@type":"SearchAction","target":{"@type":"EntryPoint","urlTemplate":"https:\/\/www.textilegence.com\/en\/?s={search_term_string}"},"query-input":{"@type":"PropertyValueSpecification","valueRequired":true,"valueName":"search_term_string"}}],"inLanguage":"en-US"},{"@type":"Organization","@id":"https:\/\/www.textilegence.com\/en\/#organization","name":"Textilegence Magazine and Digital Platform","url":"https:\/\/www.textilegence.com\/en\/","logo":{"@type":"ImageObject","inLanguage":"en-US","@id":"https:\/\/www.textilegence.com\/en\/#\/schema\/logo\/image\/","url":"https:\/\/www.textilegence.com\/wp-content\/uploads\/2016\/11\/New_Retina_Logo_Textilegence.png","contentUrl":"https:\/\/www.textilegence.com\/wp-content\/uploads\/2016\/11\/New_Retina_Logo_Textilegence.png","width":544,"height":180,"caption":"Textilegence Magazine and Digital Platform"},"image":{"@id":"https:\/\/www.textilegence.com\/en\/#\/schema\/logo\/image\/"},"sameAs":["https:\/\/www.facebook.com\/TextilegenceMagazine","https:\/\/x.com\/textilegence","https:\/\/www.instagram.com\/textilegence\/","https:\/\/www.linkedin.com\/groups\/Textilegence-Magazine-Digital-Platform-4897253","https:\/\/www.youtube.com\/user\/textilegence"],"description":"Textilegence is a magazine and digital platform established in 2013. It focuses on the textile industry and sub-segments. The platform provides news, articles, and updates on various aspects of the textile industry, including sustainability, technological advancements, and market trends.","email":"editor@textilegence.com","telephone":"+90 212 442 24 12","legalName":"Textilegence Mag and Digital Platform","foundingDate":"2013-01-01","numberOfEmployees":{"@type":"QuantitativeValue","minValue":"1","maxValue":"10"}},{"@type":"Person","@id":"https:\/\/www.textilegence.com\/en\/#\/schema\/person\/1c3977109f8a6e1e2b95678836d75cb7","name":"Fatih Cengiarslan","image":{"@type":"ImageObject","inLanguage":"en-US","@id":"https:\/\/www.textilegence.com\/wp-content\/uploads\/2018\/12\/fatih-cengiarslan.jpg","url":"https:\/\/www.textilegence.com\/wp-content\/uploads\/2018\/12\/fatih-cengiarslan.jpg","contentUrl":"https:\/\/www.textilegence.com\/wp-content\/uploads\/2018\/12\/fatih-cengiarslan.jpg","caption":"Fatih Cengiarslan"},"description":"Fatih Cengiarslan; Akademik \u0130ngilizce e\u011fitimini Bat\u0131 Avustralya \u00dcniversitesi\u2019nde tamamlad\u0131ktan sonra T\u00fcrkiye\u2019ye d\u00f6nerek \u0130stanbul Ayd\u0131n \u00dcniversitesi\u2019nde \u0130nternet Gazetecili\u011fi ve Yay\u0131nc\u0131l\u0131k b\u00f6l\u00fcm\u00fcn\u00fc bitirip, Litvanya \u2013 Kaunas Teknoloji \u00dcniversitesi\u2019nde interaktif media \u00fczerine 8 ayl\u0131k e\u011fitim ald\u0131. Daha sonra Eski\u015fehir Anadolu \u00dcniversitesi girerek \u0130\u015fletme Fak\u00fcltesini ba\u015far\u0131yla tamamlad\u0131. CNNTURK\u2019 kanal\u0131nda staj\u0131n\u0131 tamamlad\u0131ktan sonra Referans Gazetesi\u2019nde \u00e7al\u0131\u015fmaya ba\u015flad\u0131. 2 y\u0131l sonra Textilegence markas\u0131yla tekstil end\u00fcstrisine y\u00f6nelik kendi medyas\u0131n\u0131 kurdu. \u015eu anda Textilegence.com, Printing3D ve NEFA PR Ajans\u0131\u2019n\u0131n 12 y\u0131ld\u0131r y\u00f6netimini yapmaktad\u0131r.","sameAs":["https:\/\/www.textilegence.com","https:\/\/www.facebook.com\/TextilegenceMagazine","https:\/\/www.instagram.com\/textilegence\/","https:\/\/www.linkedin.com\/in\/fatih-cengiarslan-32352265\/","https:\/\/x.com\/https:\/\/twitter.com\/textilegence"],"url":"https:\/\/www.textilegence.com\/en\/author\/admin\/"}]}},"_links":{"self":[{"href":"https:\/\/www.textilegence.com\/en\/wp-json\/wp\/v2\/posts\/30622","targetHints":{"allow":["GET"]}}],"collection":[{"href":"https:\/\/www.textilegence.com\/en\/wp-json\/wp\/v2\/posts"}],"about":[{"href":"https:\/\/www.textilegence.com\/en\/wp-json\/wp\/v2\/types\/post"}],"author":[{"embeddable":true,"href":"https:\/\/www.textilegence.com\/en\/wp-json\/wp\/v2\/users\/8"}],"replies":[{"embeddable":true,"href":"https:\/\/www.textilegence.com\/en\/wp-json\/wp\/v2\/comments?post=30622"}],"version-history":[{"count":0,"href":"https:\/\/www.textilegence.com\/en\/wp-json\/wp\/v2\/posts\/30622\/revisions"}],"wp:featuredmedia":[{"embeddable":true,"href":"https:\/\/www.textilegence.com\/en\/wp-json\/wp\/v2\/media\/30617"}],"wp:attachment":[{"href":"https:\/\/www.textilegence.com\/en\/wp-json\/wp\/v2\/media?parent=30622"}],"wp:term":[{"taxonomy":"category","embeddable":true,"href":"https:\/\/www.textilegence.com\/en\/wp-json\/wp\/v2\/categories?post=30622"},{"taxonomy":"post_tag","embeddable":true,"href":"https:\/\/www.textilegence.com\/en\/wp-json\/wp\/v2\/tags?post=30622"}],"curies":[{"name":"wp","href":"https:\/\/api.w.org\/{rel}","templated":true}]}}