{"id":31141,"date":"2019-04-10T16:33:18","date_gmt":"2019-04-10T13:33:18","guid":{"rendered":"http:\/\/www.textilegence.com\/?p=31141"},"modified":"2019-07-10T11:51:45","modified_gmt":"2019-07-10T08:51:45","slug":"groz-beckert-techtextil-texprocess-2019","status":"publish","type":"post","link":"https:\/\/www.textilegence.com\/en\/groz-beckert-techtextil-texprocess-2019\/","title":{"rendered":"Groz-Beckert Techtextil and Texprocess 2019 Participation"},"content":{"rendered":"<figure id=\"attachment_31139\" aria-describedby=\"caption-attachment-31139\" style=\"width: 324px\" class=\"wp-caption alignleft\"><img loading=\"lazy\" decoding=\"async\" class=\"wp-image-31139 size-full\" src=\"https:\/\/www.textilegence.com\/wp-content\/uploads\/2019\/04\/groz-beckert-detail-1.jpg\" alt=\"Groz-Beckert Techtextil and Texprocess 2019 Participation\" width=\"324\" height=\"179\" \/><figcaption id=\"caption-attachment-31139\" class=\"wp-caption-text\">Groz-Beckert Techtextil and Texprocess 2019 Participation<\/figcaption><\/figure>\n<p style=\"text-align: justify;\">Research, development, production, planning and consulting \u2013 experts from all sectors will come together at the Techtextil and Texprocess Fair, Frankfurt Trade Fair Center from 14 to 17 May 2019. With a special focus on the trend theme &#8220;Urban Living \u2013 City of the Future&#8221;, the two leading trade fairs for <a href=\"https:\/\/www.textilegence.com\/en\/category\/technical-textiles\/\" target=\"_blank\" rel=\"noopener noreferrer\">technical textiles<\/a> and nonwovens present a glimpse into the future of the industry. Also present at the Fair: Groz-Beckert \u2013 the world&#8217;s leading supplier of industrial machine needles will exhibit its comprehensive product and service portfolio in the Knitting, Weaving, Felting, Carding and Sewing product areas in Hall 3.0, Booth F03.<\/p>\n<p style=\"text-align: justify;\">In the area of <strong>Knitting<\/strong>, Groz-Beckert is exhibiting its <a href=\"https:\/\/www.groz-beckert.com\/index.html\" target=\"_blank\" rel=\"noopener noreferrer\">portfolio<\/a> for the product areas of circular knit, legwear, knitwear and flat knitwear. The focus is on system solutions \u2013 precisely coordinated system components enable smooth interaction and thus ensure uniform appearance of the goods and increased process reliability.<\/p>\n<h2><strong>Groz-Beckert Techtextil and Texprocess 2019 participation<\/strong><\/h2>\n<p style=\"text-align: justify;\">Another key topic is the expansion of the product portfolio, for example by offering needles in new intricacies \u2013 including coated needles. Additional needle types in the patented litespeed\u00ae plus version and new system components, which have been developed in close cooperation with machine manufacturers meet their high quality standards and complete the product portfolio. In addition, Groz-Beckert enables its customers to enter new business fields with individual developments for specific applications.<\/p>\n<p style=\"text-align: justify;\">At Techtextil, Groz-Beckert&#8217;s <strong>Weaving <\/strong>product area will present its range of products for weaving preparation and weaving accessories. In addition, the trade fair stand will be offering both special healds and new insights into monofilament; In addition to highest row densities, these also allow a particularly thread-gentle processing. Combined with the innovative thread eye, which is not soldered but glued into the monofilament, Groz-Beckert healds ensure consistent fabric quality and maximum machine efficiency. The new ANTABRA surface treatment provides additional wear resistance.<\/p>\n<p style=\"text-align: justify;\">The <strong>Felting <\/strong>area presents an absolute novelty with Groz-Beckert customized product; Thanks to the customizable customer label, Groz-Beckert customers not only benefit from enhanced know-how protection; but also from more security and safety when handling needles in production.<\/p>\n<p style=\"text-align: justify;\">Another highlight of the stand is the 3D print model of the staple fiber needling line (SVL). The SVL has been available to Groz-Beckert customers and partners for the last two years at the company&#8217;s Albstadt headquarters; in the Technology and Development Center (TEZ), in Germany.<\/p>\n<h2 style=\"text-align: justify;\"><strong>GEBECON<\/strong><strong>\u00ae felting needle for nonwovens<\/strong><\/h2>\n<p style=\"text-align: justify;\">Within the traditional nonwovens industry, Groz-Beckert&#8217;s GEBECON\u00ae felting needle offers the best possible fracture\/bending properties; and thus optimized needling parameters, as well as an improved surface quality of the final product. Groz-Beckert will be presenting details of the patented shape of working part of this needle at the trade fair stand; using a man-sized needle exhibit. Groz-Beckert also has such an exhibit ready for Spunlace customers; In addition to its improved handling properties, the innovative HyTec\u00ae P jet strip also has a significantly higher hardness; which has a positive effect on all mechanical properties such as scratch resistance, flexural rigidity and service life.<\/p>\n<p style=\"text-align: justify;\">The <strong>Carding <\/strong>area completes Groz-Beckert&#8217;s product range for the nonwovens industry. At Techtextil visitors can directly compare different tooth geometries. The worker and user sets SiroLock\u00ae and EvoStep\u00ae, for example, ensure improved fiber control in the fleece. SiroLock\u00ae also impresses with performance enhancements in carding, while the EvoStep\u00ae set emphasizes on saving raw material.<\/p>\n<p style=\"text-align: justify;\">The <strong>Sewing <\/strong>product area presents various special application needles on the this year&#8217;s Texprocess trade fair program. Their use increases the process reliability and productivity when sewing textiles that make special demands on a trouble-free sewing process. In addition to the special application needles SAN\u00ae 5.2 and SAN\u00ae 6 that are both specifically designed for the processing of technical textiles, medium and heavy weaving; the company introduces the redesigned SAN\u00ae 10 XS special application needle. Thanks to redesigned geometry, these fine and finest products are even more gentle on materials.<\/p>\n<p style=\"text-align: justify;\">In addition, the Sewing area is on-site with INH (Ideal Needle Handling) quality management. The patented process helps customers handle sewing machine needles throughout the sewing process; and also provides a digital solution for documenting needle breaks.<\/p>\n","protected":false},"excerpt":{"rendered":"<p>Research, development, production, planning and consulting \u2013 experts from all sectors will come together at the Techtextil and Texprocess Fair, Frankfurt Trade Fair Center from 14 to 17 May 2019. With a special focus on the trend theme &#8220;Urban Living \u2013 City of the Future&#8221;, the two leading trade fairs for technical textiles and nonwovens [&hellip;]<\/p>\n","protected":false},"author":16,"featured_media":31137,"comment_status":"open","ping_status":"closed","sticky":false,"template":"","format":"standard","meta":{"footnotes":""},"categories":[9866,9859],"tags":[11151,11542],"class_list":{"0":"post-31141","1":"post","2":"type-post","3":"status-publish","4":"format-standard","5":"has-post-thumbnail","7":"category-technical-textiles","8":"category-topical","9":"tag-groz-beckert","10":"tag-techtextil-2019-en"},"yoast_head":"<!-- This site is optimized with the Yoast SEO Premium plugin v27.3 (Yoast SEO v27.3) - https:\/\/yoast.com\/product\/yoast-seo-premium-wordpress\/ -->\n<title>Groz-Beckert Techtextil and Texprocess 2019 Participation - Textilegence<\/title>\n<meta name=\"description\" content=\"Groz-Beckert Techtextil and Texprocess 2019 participation; Groz-Beckert will be participating in Techtextil and Texprocess 2019 exhibitions co-organized...\" \/>\n<meta name=\"robots\" content=\"index, follow, max-snippet:-1, max-image-preview:large, max-video-preview:-1\" \/>\n<link rel=\"canonical\" href=\"https:\/\/www.textilegence.com\/en\/groz-beckert-techtextil-texprocess-2019\/\" \/>\n<meta property=\"og:locale\" content=\"en_US\" \/>\n<meta property=\"og:type\" content=\"article\" \/>\n<meta property=\"og:title\" content=\"Groz-Beckert Techtextil and Texprocess 2019 Participation\" \/>\n<meta property=\"og:description\" content=\"Research, development, production, planning and consulting \u2013 experts from all sectors will come together at the Techtextil and Texprocess Fair, Frankfurt\" \/>\n<meta property=\"og:url\" content=\"https:\/\/www.textilegence.com\/en\/groz-beckert-techtextil-texprocess-2019\/\" \/>\n<meta property=\"og:site_name\" content=\"Textilegence Magazine and Digital Platform\" \/>\n<meta property=\"article:publisher\" content=\"https:\/\/www.facebook.com\/TextilegenceMagazine\" \/>\n<meta property=\"article:author\" content=\"https:\/\/www.facebook.com\/TextilegenceMagazine\" \/>\n<meta property=\"article:published_time\" content=\"2019-04-10T13:33:18+00:00\" \/>\n<meta property=\"article:modified_time\" content=\"2019-07-10T08:51:45+00:00\" \/>\n<meta property=\"og:image\" content=\"https:\/\/www.textilegence.com\/wp-content\/uploads\/2019\/04\/groz-beckert-textilegence-1.jpg\" \/>\n\t<meta property=\"og:image:width\" content=\"696\" \/>\n\t<meta property=\"og:image:height\" content=\"385\" \/>\n\t<meta property=\"og:image:type\" content=\"image\/jpeg\" \/>\n<meta name=\"author\" content=\"Emirhan \u00c7ilo\u011flu\" \/>\n<meta name=\"twitter:card\" content=\"summary_large_image\" \/>\n<meta name=\"twitter:creator\" content=\"@https:\/\/twitter.com\/textilegence\" \/>\n<meta name=\"twitter:site\" content=\"@textilegence\" \/>\n<meta name=\"twitter:label1\" content=\"Written by\" \/>\n\t<meta name=\"twitter:data1\" content=\"Emirhan \u00c7ilo\u011flu\" \/>\n\t<meta name=\"twitter:label2\" content=\"Est. reading time\" \/>\n\t<meta name=\"twitter:data2\" content=\"3 minutes\" \/>\n<script type=\"application\/ld+json\" class=\"yoast-schema-graph\">{\"@context\":\"https:\\\/\\\/schema.org\",\"@graph\":[{\"@type\":\"NewsArticle\",\"@id\":\"https:\\\/\\\/www.textilegence.com\\\/en\\\/groz-beckert-techtextil-texprocess-2019\\\/#article\",\"isPartOf\":{\"@id\":\"https:\\\/\\\/www.textilegence.com\\\/en\\\/groz-beckert-techtextil-texprocess-2019\\\/\"},\"author\":{\"name\":\"Emirhan \u00c7ilo\u011flu\",\"@id\":\"https:\\\/\\\/www.textilegence.com\\\/en\\\/#\\\/schema\\\/person\\\/8dbf2ab62ffdf644153f8c0f9c991f78\"},\"headline\":\"Groz-Beckert Techtextil and Texprocess 2019 Participation\",\"datePublished\":\"2019-04-10T13:33:18+00:00\",\"dateModified\":\"2019-07-10T08:51:45+00:00\",\"mainEntityOfPage\":{\"@id\":\"https:\\\/\\\/www.textilegence.com\\\/en\\\/groz-beckert-techtextil-texprocess-2019\\\/\"},\"wordCount\":694,\"commentCount\":0,\"publisher\":{\"@id\":\"https:\\\/\\\/www.textilegence.com\\\/en\\\/#organization\"},\"image\":{\"@id\":\"https:\\\/\\\/www.textilegence.com\\\/en\\\/groz-beckert-techtextil-texprocess-2019\\\/#primaryimage\"},\"thumbnailUrl\":\"https:\\\/\\\/www.textilegence.com\\\/wp-content\\\/uploads\\\/2019\\\/04\\\/groz-beckert-textilegence-1.jpg\",\"keywords\":[\"groz-beckert\",\"techtextil 2019\"],\"articleSection\":[\"Technical Textiles\",\"Topical\"],\"inLanguage\":\"en-US\",\"potentialAction\":[{\"@type\":\"CommentAction\",\"name\":\"Comment\",\"target\":[\"https:\\\/\\\/www.textilegence.com\\\/en\\\/groz-beckert-techtextil-texprocess-2019\\\/#respond\"]}]},{\"@type\":\"WebPage\",\"@id\":\"https:\\\/\\\/www.textilegence.com\\\/en\\\/groz-beckert-techtextil-texprocess-2019\\\/\",\"url\":\"https:\\\/\\\/www.textilegence.com\\\/en\\\/groz-beckert-techtextil-texprocess-2019\\\/\",\"name\":\"Groz-Beckert Techtextil and Texprocess 2019 Participation - Textilegence\",\"isPartOf\":{\"@id\":\"https:\\\/\\\/www.textilegence.com\\\/en\\\/#website\"},\"primaryImageOfPage\":{\"@id\":\"https:\\\/\\\/www.textilegence.com\\\/en\\\/groz-beckert-techtextil-texprocess-2019\\\/#primaryimage\"},\"image\":{\"@id\":\"https:\\\/\\\/www.textilegence.com\\\/en\\\/groz-beckert-techtextil-texprocess-2019\\\/#primaryimage\"},\"thumbnailUrl\":\"https:\\\/\\\/www.textilegence.com\\\/wp-content\\\/uploads\\\/2019\\\/04\\\/groz-beckert-textilegence-1.jpg\",\"datePublished\":\"2019-04-10T13:33:18+00:00\",\"dateModified\":\"2019-07-10T08:51:45+00:00\",\"description\":\"Groz-Beckert Techtextil and Texprocess 2019 participation; Groz-Beckert will be participating in Techtextil and Texprocess 2019 exhibitions co-organized...\",\"breadcrumb\":{\"@id\":\"https:\\\/\\\/www.textilegence.com\\\/en\\\/groz-beckert-techtextil-texprocess-2019\\\/#breadcrumb\"},\"inLanguage\":\"en-US\",\"potentialAction\":[{\"@type\":\"ReadAction\",\"target\":[\"https:\\\/\\\/www.textilegence.com\\\/en\\\/groz-beckert-techtextil-texprocess-2019\\\/\"]}]},{\"@type\":\"ImageObject\",\"inLanguage\":\"en-US\",\"@id\":\"https:\\\/\\\/www.textilegence.com\\\/en\\\/groz-beckert-techtextil-texprocess-2019\\\/#primaryimage\",\"url\":\"https:\\\/\\\/www.textilegence.com\\\/wp-content\\\/uploads\\\/2019\\\/04\\\/groz-beckert-textilegence-1.jpg\",\"contentUrl\":\"https:\\\/\\\/www.textilegence.com\\\/wp-content\\\/uploads\\\/2019\\\/04\\\/groz-beckert-textilegence-1.jpg\",\"width\":696,\"height\":385,\"caption\":\"Groz-Beckert Techtextil and Texprocess 2019 Participation\"},{\"@type\":\"BreadcrumbList\",\"@id\":\"https:\\\/\\\/www.textilegence.com\\\/en\\\/groz-beckert-techtextil-texprocess-2019\\\/#breadcrumb\",\"itemListElement\":[{\"@type\":\"ListItem\",\"position\":1,\"name\":\"Home Page\",\"item\":\"https:\\\/\\\/www.textilegence.com\\\/en\\\/homepage-the-rimont\\\/\"},{\"@type\":\"ListItem\",\"position\":2,\"name\":\"Technical Textiles\",\"item\":\"https:\\\/\\\/www.textilegence.com\\\/en\\\/category\\\/technical-textiles\\\/\"},{\"@type\":\"ListItem\",\"position\":3,\"name\":\"Groz-Beckert Techtextil and Texprocess 2019 Participation\"}]},{\"@type\":\"WebSite\",\"@id\":\"https:\\\/\\\/www.textilegence.com\\\/en\\\/#website\",\"url\":\"https:\\\/\\\/www.textilegence.com\\\/en\\\/\",\"name\":\"Textilegence Magazine and Digital Platform\",\"description\":\"Textile News Center\",\"publisher\":{\"@id\":\"https:\\\/\\\/www.textilegence.com\\\/en\\\/#organization\"},\"potentialAction\":[{\"@type\":\"SearchAction\",\"target\":{\"@type\":\"EntryPoint\",\"urlTemplate\":\"https:\\\/\\\/www.textilegence.com\\\/en\\\/?s={search_term_string}\"},\"query-input\":{\"@type\":\"PropertyValueSpecification\",\"valueRequired\":true,\"valueName\":\"search_term_string\"}}],\"inLanguage\":\"en-US\"},{\"@type\":\"Organization\",\"@id\":\"https:\\\/\\\/www.textilegence.com\\\/en\\\/#organization\",\"name\":\"Textilegence Magazine and Digital Platform\",\"url\":\"https:\\\/\\\/www.textilegence.com\\\/en\\\/\",\"logo\":{\"@type\":\"ImageObject\",\"inLanguage\":\"en-US\",\"@id\":\"https:\\\/\\\/www.textilegence.com\\\/en\\\/#\\\/schema\\\/logo\\\/image\\\/\",\"url\":\"https:\\\/\\\/www.textilegence.com\\\/wp-content\\\/uploads\\\/2016\\\/11\\\/New_Retina_Logo_Textilegence.png\",\"contentUrl\":\"https:\\\/\\\/www.textilegence.com\\\/wp-content\\\/uploads\\\/2016\\\/11\\\/New_Retina_Logo_Textilegence.png\",\"width\":544,\"height\":180,\"caption\":\"Textilegence Magazine and Digital Platform\"},\"image\":{\"@id\":\"https:\\\/\\\/www.textilegence.com\\\/en\\\/#\\\/schema\\\/logo\\\/image\\\/\"},\"sameAs\":[\"https:\\\/\\\/www.facebook.com\\\/TextilegenceMagazine\",\"https:\\\/\\\/x.com\\\/textilegence\",\"https:\\\/\\\/www.instagram.com\\\/textilegence\\\/\",\"https:\\\/\\\/www.linkedin.com\\\/groups\\\/Textilegence-Magazine-Digital-Platform-4897253\",\"https:\\\/\\\/www.youtube.com\\\/user\\\/textilegence\"],\"description\":\"Textilegence is a magazine and digital platform established in 2013. It focuses on the textile industry and sub-segments. The platform provides news, articles, and updates on various aspects of the textile industry, including sustainability, technological advancements, and market trends.\",\"email\":\"editor@textilegence.com\",\"telephone\":\"+90 212 442 24 12\",\"legalName\":\"Textilegence Mag and Digital Platform\",\"foundingDate\":\"2013-01-01\",\"numberOfEmployees\":{\"@type\":\"QuantitativeValue\",\"minValue\":\"1\",\"maxValue\":\"10\"}},{\"@type\":\"Person\",\"@id\":\"https:\\\/\\\/www.textilegence.com\\\/en\\\/#\\\/schema\\\/person\\\/8dbf2ab62ffdf644153f8c0f9c991f78\",\"name\":\"Emirhan \u00c7ilo\u011flu\",\"image\":{\"@type\":\"ImageObject\",\"inLanguage\":\"en-US\",\"@id\":\"https:\\\/\\\/www.textilegence.com\\\/wp-content\\\/uploads\\\/2021\\\/12\\\/emirhan.jpg\",\"url\":\"https:\\\/\\\/www.textilegence.com\\\/wp-content\\\/uploads\\\/2021\\\/12\\\/emirhan.jpg\",\"contentUrl\":\"https:\\\/\\\/www.textilegence.com\\\/wp-content\\\/uploads\\\/2021\\\/12\\\/emirhan.jpg\",\"caption\":\"Emirhan \u00c7ilo\u011flu\"},\"description\":\"Mahmut Emirhan \u00c7ilo\u011flu, \u0130stanbul\u2019da H\u00fcsn\u00fc M. \u00d6zye\u011fin Anadolu Lisesi\u2019nde lise e\u011fitimini tamamlam\u0131\u015f, sonras\u0131nda da \u0130stanbul \u00dcniversitesi\u2019nde Amerikan K\u00fclt\u00fcr\u00fc ve Edebiyat\u0131 lisans b\u00f6l\u00fcm\u00fcnden ba\u015far\u0131yla mezun olmu\u015ftur. 2021 itibari ile Textilegence\u2019da pazarlama ve d\u0131\u015f ili\u015fkiler sorumlusu olarak g\u00f6rev almaya ba\u015flayan \u00c7ilo\u011flu, kurumsal ileti\u015fimin g\u00fc\u00e7lendirilmesine katk\u0131 sa\u011flamaktad\u0131r.\",\"sameAs\":[\"https:\\\/\\\/www.textilegence.com\",\"https:\\\/\\\/www.facebook.com\\\/TextilegenceMagazine\",\"https:\\\/\\\/www.instagram.com\\\/textilegence\\\/\",\"https:\\\/\\\/www.linkedin.com\\\/in\\\/emre-yoleri-26151940\\\/\",\"https:\\\/\\\/x.com\\\/https:\\\/\\\/twitter.com\\\/textilegence\"],\"url\":\"https:\\\/\\\/www.textilegence.com\\\/en\\\/author\\\/emirhan-ciloglu\\\/\"}]}<\/script>\n<!-- \/ Yoast SEO Premium plugin. -->","yoast_head_json":{"title":"Groz-Beckert Techtextil and Texprocess 2019 Participation - Textilegence","description":"Groz-Beckert Techtextil and Texprocess 2019 participation; Groz-Beckert will be participating in Techtextil and Texprocess 2019 exhibitions co-organized...","robots":{"index":"index","follow":"follow","max-snippet":"max-snippet:-1","max-image-preview":"max-image-preview:large","max-video-preview":"max-video-preview:-1"},"canonical":"https:\/\/www.textilegence.com\/en\/groz-beckert-techtextil-texprocess-2019\/","og_locale":"en_US","og_type":"article","og_title":"Groz-Beckert Techtextil and Texprocess 2019 Participation","og_description":"Research, development, production, planning and consulting \u2013 experts from all sectors will come together at the Techtextil and Texprocess Fair, Frankfurt","og_url":"https:\/\/www.textilegence.com\/en\/groz-beckert-techtextil-texprocess-2019\/","og_site_name":"Textilegence Magazine and Digital Platform","article_publisher":"https:\/\/www.facebook.com\/TextilegenceMagazine","article_author":"https:\/\/www.facebook.com\/TextilegenceMagazine","article_published_time":"2019-04-10T13:33:18+00:00","article_modified_time":"2019-07-10T08:51:45+00:00","og_image":[{"width":696,"height":385,"url":"https:\/\/www.textilegence.com\/wp-content\/uploads\/2019\/04\/groz-beckert-textilegence-1.jpg","type":"image\/jpeg"}],"author":"Emirhan \u00c7ilo\u011flu","twitter_card":"summary_large_image","twitter_creator":"@https:\/\/twitter.com\/textilegence","twitter_site":"@textilegence","twitter_misc":{"Written by":"Emirhan \u00c7ilo\u011flu","Est. reading time":"3 minutes"},"schema":{"@context":"https:\/\/schema.org","@graph":[{"@type":"NewsArticle","@id":"https:\/\/www.textilegence.com\/en\/groz-beckert-techtextil-texprocess-2019\/#article","isPartOf":{"@id":"https:\/\/www.textilegence.com\/en\/groz-beckert-techtextil-texprocess-2019\/"},"author":{"name":"Emirhan \u00c7ilo\u011flu","@id":"https:\/\/www.textilegence.com\/en\/#\/schema\/person\/8dbf2ab62ffdf644153f8c0f9c991f78"},"headline":"Groz-Beckert Techtextil and Texprocess 2019 Participation","datePublished":"2019-04-10T13:33:18+00:00","dateModified":"2019-07-10T08:51:45+00:00","mainEntityOfPage":{"@id":"https:\/\/www.textilegence.com\/en\/groz-beckert-techtextil-texprocess-2019\/"},"wordCount":694,"commentCount":0,"publisher":{"@id":"https:\/\/www.textilegence.com\/en\/#organization"},"image":{"@id":"https:\/\/www.textilegence.com\/en\/groz-beckert-techtextil-texprocess-2019\/#primaryimage"},"thumbnailUrl":"https:\/\/www.textilegence.com\/wp-content\/uploads\/2019\/04\/groz-beckert-textilegence-1.jpg","keywords":["groz-beckert","techtextil 2019"],"articleSection":["Technical Textiles","Topical"],"inLanguage":"en-US","potentialAction":[{"@type":"CommentAction","name":"Comment","target":["https:\/\/www.textilegence.com\/en\/groz-beckert-techtextil-texprocess-2019\/#respond"]}]},{"@type":"WebPage","@id":"https:\/\/www.textilegence.com\/en\/groz-beckert-techtextil-texprocess-2019\/","url":"https:\/\/www.textilegence.com\/en\/groz-beckert-techtextil-texprocess-2019\/","name":"Groz-Beckert Techtextil and Texprocess 2019 Participation - Textilegence","isPartOf":{"@id":"https:\/\/www.textilegence.com\/en\/#website"},"primaryImageOfPage":{"@id":"https:\/\/www.textilegence.com\/en\/groz-beckert-techtextil-texprocess-2019\/#primaryimage"},"image":{"@id":"https:\/\/www.textilegence.com\/en\/groz-beckert-techtextil-texprocess-2019\/#primaryimage"},"thumbnailUrl":"https:\/\/www.textilegence.com\/wp-content\/uploads\/2019\/04\/groz-beckert-textilegence-1.jpg","datePublished":"2019-04-10T13:33:18+00:00","dateModified":"2019-07-10T08:51:45+00:00","description":"Groz-Beckert Techtextil and Texprocess 2019 participation; Groz-Beckert will be participating in Techtextil and Texprocess 2019 exhibitions co-organized...","breadcrumb":{"@id":"https:\/\/www.textilegence.com\/en\/groz-beckert-techtextil-texprocess-2019\/#breadcrumb"},"inLanguage":"en-US","potentialAction":[{"@type":"ReadAction","target":["https:\/\/www.textilegence.com\/en\/groz-beckert-techtextil-texprocess-2019\/"]}]},{"@type":"ImageObject","inLanguage":"en-US","@id":"https:\/\/www.textilegence.com\/en\/groz-beckert-techtextil-texprocess-2019\/#primaryimage","url":"https:\/\/www.textilegence.com\/wp-content\/uploads\/2019\/04\/groz-beckert-textilegence-1.jpg","contentUrl":"https:\/\/www.textilegence.com\/wp-content\/uploads\/2019\/04\/groz-beckert-textilegence-1.jpg","width":696,"height":385,"caption":"Groz-Beckert Techtextil and Texprocess 2019 Participation"},{"@type":"BreadcrumbList","@id":"https:\/\/www.textilegence.com\/en\/groz-beckert-techtextil-texprocess-2019\/#breadcrumb","itemListElement":[{"@type":"ListItem","position":1,"name":"Home Page","item":"https:\/\/www.textilegence.com\/en\/homepage-the-rimont\/"},{"@type":"ListItem","position":2,"name":"Technical Textiles","item":"https:\/\/www.textilegence.com\/en\/category\/technical-textiles\/"},{"@type":"ListItem","position":3,"name":"Groz-Beckert Techtextil and Texprocess 2019 Participation"}]},{"@type":"WebSite","@id":"https:\/\/www.textilegence.com\/en\/#website","url":"https:\/\/www.textilegence.com\/en\/","name":"Textilegence Magazine and Digital Platform","description":"Textile News Center","publisher":{"@id":"https:\/\/www.textilegence.com\/en\/#organization"},"potentialAction":[{"@type":"SearchAction","target":{"@type":"EntryPoint","urlTemplate":"https:\/\/www.textilegence.com\/en\/?s={search_term_string}"},"query-input":{"@type":"PropertyValueSpecification","valueRequired":true,"valueName":"search_term_string"}}],"inLanguage":"en-US"},{"@type":"Organization","@id":"https:\/\/www.textilegence.com\/en\/#organization","name":"Textilegence Magazine and Digital Platform","url":"https:\/\/www.textilegence.com\/en\/","logo":{"@type":"ImageObject","inLanguage":"en-US","@id":"https:\/\/www.textilegence.com\/en\/#\/schema\/logo\/image\/","url":"https:\/\/www.textilegence.com\/wp-content\/uploads\/2016\/11\/New_Retina_Logo_Textilegence.png","contentUrl":"https:\/\/www.textilegence.com\/wp-content\/uploads\/2016\/11\/New_Retina_Logo_Textilegence.png","width":544,"height":180,"caption":"Textilegence Magazine and Digital Platform"},"image":{"@id":"https:\/\/www.textilegence.com\/en\/#\/schema\/logo\/image\/"},"sameAs":["https:\/\/www.facebook.com\/TextilegenceMagazine","https:\/\/x.com\/textilegence","https:\/\/www.instagram.com\/textilegence\/","https:\/\/www.linkedin.com\/groups\/Textilegence-Magazine-Digital-Platform-4897253","https:\/\/www.youtube.com\/user\/textilegence"],"description":"Textilegence is a magazine and digital platform established in 2013. It focuses on the textile industry and sub-segments. The platform provides news, articles, and updates on various aspects of the textile industry, including sustainability, technological advancements, and market trends.","email":"editor@textilegence.com","telephone":"+90 212 442 24 12","legalName":"Textilegence Mag and Digital Platform","foundingDate":"2013-01-01","numberOfEmployees":{"@type":"QuantitativeValue","minValue":"1","maxValue":"10"}},{"@type":"Person","@id":"https:\/\/www.textilegence.com\/en\/#\/schema\/person\/8dbf2ab62ffdf644153f8c0f9c991f78","name":"Emirhan \u00c7ilo\u011flu","image":{"@type":"ImageObject","inLanguage":"en-US","@id":"https:\/\/www.textilegence.com\/wp-content\/uploads\/2021\/12\/emirhan.jpg","url":"https:\/\/www.textilegence.com\/wp-content\/uploads\/2021\/12\/emirhan.jpg","contentUrl":"https:\/\/www.textilegence.com\/wp-content\/uploads\/2021\/12\/emirhan.jpg","caption":"Emirhan \u00c7ilo\u011flu"},"description":"Mahmut Emirhan \u00c7ilo\u011flu, \u0130stanbul\u2019da H\u00fcsn\u00fc M. \u00d6zye\u011fin Anadolu Lisesi\u2019nde lise e\u011fitimini tamamlam\u0131\u015f, sonras\u0131nda da \u0130stanbul \u00dcniversitesi\u2019nde Amerikan K\u00fclt\u00fcr\u00fc ve Edebiyat\u0131 lisans b\u00f6l\u00fcm\u00fcnden ba\u015far\u0131yla mezun olmu\u015ftur. 2021 itibari ile Textilegence\u2019da pazarlama ve d\u0131\u015f ili\u015fkiler sorumlusu olarak g\u00f6rev almaya ba\u015flayan \u00c7ilo\u011flu, kurumsal ileti\u015fimin g\u00fc\u00e7lendirilmesine katk\u0131 sa\u011flamaktad\u0131r.","sameAs":["https:\/\/www.textilegence.com","https:\/\/www.facebook.com\/TextilegenceMagazine","https:\/\/www.instagram.com\/textilegence\/","https:\/\/www.linkedin.com\/in\/emre-yoleri-26151940\/","https:\/\/x.com\/https:\/\/twitter.com\/textilegence"],"url":"https:\/\/www.textilegence.com\/en\/author\/emirhan-ciloglu\/"}]}},"_links":{"self":[{"href":"https:\/\/www.textilegence.com\/en\/wp-json\/wp\/v2\/posts\/31141","targetHints":{"allow":["GET"]}}],"collection":[{"href":"https:\/\/www.textilegence.com\/en\/wp-json\/wp\/v2\/posts"}],"about":[{"href":"https:\/\/www.textilegence.com\/en\/wp-json\/wp\/v2\/types\/post"}],"author":[{"embeddable":true,"href":"https:\/\/www.textilegence.com\/en\/wp-json\/wp\/v2\/users\/16"}],"replies":[{"embeddable":true,"href":"https:\/\/www.textilegence.com\/en\/wp-json\/wp\/v2\/comments?post=31141"}],"version-history":[{"count":0,"href":"https:\/\/www.textilegence.com\/en\/wp-json\/wp\/v2\/posts\/31141\/revisions"}],"wp:featuredmedia":[{"embeddable":true,"href":"https:\/\/www.textilegence.com\/en\/wp-json\/wp\/v2\/media\/31137"}],"wp:attachment":[{"href":"https:\/\/www.textilegence.com\/en\/wp-json\/wp\/v2\/media?parent=31141"}],"wp:term":[{"taxonomy":"category","embeddable":true,"href":"https:\/\/www.textilegence.com\/en\/wp-json\/wp\/v2\/categories?post=31141"},{"taxonomy":"post_tag","embeddable":true,"href":"https:\/\/www.textilegence.com\/en\/wp-json\/wp\/v2\/tags?post=31141"}],"curies":[{"name":"wp","href":"https:\/\/api.w.org\/{rel}","templated":true}]}}