{"id":31182,"date":"2019-04-24T10:17:15","date_gmt":"2019-04-24T07:17:15","guid":{"rendered":"http:\/\/www.textilegence.com\/?p=31182"},"modified":"2019-04-24T10:17:27","modified_gmt":"2019-04-24T07:17:27","slug":"icontex2019-iconwoolf2019-congress","status":"publish","type":"post","link":"https:\/\/www.textilegence.com\/en\/icontex2019-iconwoolf2019-congress\/","title":{"rendered":"Icontex2019 and Iconwoolf2019 Organized Together"},"content":{"rendered":"<figure id=\"attachment_31178\" aria-describedby=\"caption-attachment-31178\" style=\"width: 324px\" class=\"wp-caption alignleft\"><img loading=\"lazy\" decoding=\"async\" class=\"wp-image-31178 size-full\" src=\"https:\/\/www.textilegence.com\/wp-content\/uploads\/2019\/04\/icon2019-detail-1.jpg\" alt=\"Icontex2019 and Iconwoolf2019 speech\" width=\"324\" height=\"179\" \/><figcaption id=\"caption-attachment-31178\" class=\"wp-caption-text\">Icontex2019 and Iconwoolf2019 Organized Together<\/figcaption><\/figure>\n<p style=\"text-align: justify;\"><strong>Nam\u0131k Kemal University hosted two important textile events in \u00c7orlu. Bringing together the industry and academia, the ICONTEX2019 and ICONWOOLF2019 Congresses were held in succession on 17-18 and 19 April.<\/strong><\/p>\n<p style=\"text-align: justify;\">Tekirda\u011f Nam\u0131k Kemal University, \u00c7orlu Engineering Faculty Textile Engineering Department <a href=\"https:\/\/www.textilegence.com\/en\/category\/trade-fairs\/\" target=\"_blank\" rel=\"noopener noreferrer\">organized<\/a> two congresses in succession and brought together textile professionals and academia. 2<sup>nd<\/sup> International <a href=\"http:\/\/icontex.icon2019.org\/\" target=\"_blank\" rel=\"noopener noreferrer\">Congress<\/a> of Innovative Textiles (ICONTEX2019) on 17-18 April and International Congress on Wool and Luxury Fibers (ICONWOOLF2019) on 19 April received support from important institutions and organizations of the industry.<\/p>\n<p style=\"text-align: justify;\">With the main sponsorship of Y\u00dcNSA and opening with an intense participation, the congress encompassed more than 90 speech and more than 30 presentations from 12 countries. Approximately 25% of these presentations were delivered by R&amp;D and Design Centers. In addition to important presentations on the technical developments in congresses, industry professionals also had the opportunity to share their experiences and know-how.<\/p>\n<h2 style=\"text-align: justify;\"><strong>ICONTEX2019 &#8211; Ahmet \u015ei\u015fman; \u201cIndustry supports innovation\u201d<\/strong><\/h2>\n<p style=\"text-align: justify;\">Speaking at the ICONTEX2019 congress, Ahmet \u015ei\u015fman, Vice President of Istanbul Textile and Raw Materials Exporters&#8217; Association (\u0130TH\u0130B); \u201cAs an industry, we attach great importance to education, technology, innovation and investment. There is a development of university-industry cooperation on the basis of achieving the targets set in textile, as there is in every industry\u201d.<\/p>\n<p style=\"text-align: justify;\">Saying that Turkey&#8217;s exports increased at a rate of 505% since 2000, \u015ei\u015fman noted that the industry contributed greatly to the Turkish economy through exports. \u015ei\u015fman said; \u201cWe are Turkey&#8217;s second largest highest amount of exports industry. Turkish exports is 0.9 percent share of world exports. Our ready-to-wear and garment exports share in world exports is 3,2 percent, while textiles and raw materials of our industry is 3.1 percent share of world exports. Our industries are exporting to 197 countries with more than 17 thousand exporters. We are making a serious contribution to the country&#8217;s employment with 938 thousand people\u201d.<\/p>\n<h2 style=\"text-align: justify;\"><strong>Vehbi Canpolat: \u201cWe are in world top 3 with 28 billion dollars of export\u201d<\/strong><\/h2>\n<p style=\"text-align: justify;\">Turkish Textile and Finishing Industrialists Association (TTTSD) Chairman Vehbi Canpolat said in his speech that Turkey and \u00c7orlu have a very important position in the textile industry. Canpolat; \u201cToday, in the world where we are in the seventh place with 28 billion dollars of exports, if we aim to enter the top three with over 50 billion dollars of exports per year, we should do a lot more different things. If we try to count them: we can collect under the headings such as eco-friendly production and product, sustainable production and product and renewable production and product which is the main theme of the congress here today\u201d.<\/p>\n<p style=\"text-align: justify;\">Canpolat touched the subject of what needs to be done in order to reach the export target and stated that it is important to meet the needs with innovations and branding. Canpolat stated that the balances in the world have changed; \u201cThe world is now trying to shift production and purchase from the Far East to the regions closer to their geographic regions. We openly see this. I want to emphasize when we talk to the buyers in the Far East and in Europe, and the buyers of the world, they want to buy from places closer to their geography\u201d.<\/p>\n<h2 style=\"text-align: justify;\"><strong>Adil Nalbant; \u201cWe are the 4<sup>th<\/sup> biggest market for the textile machinery manufacturers\u201d<\/strong><\/h2>\n<p style=\"text-align: justify;\">Textile Machinery and Accessories Industrialists\u2019 Association (TEMSAD) President Adil Nalbant recalled that the world machinery industry is a 2 trillion dollars\u2019 worth industry; and the textile machinery industry has a share of 28 billion dollars. Nalbant underlined that textile producing countries must meet their textile machinery needs, and continued saying;<\/p>\n<figure id=\"attachment_31180\" aria-describedby=\"caption-attachment-31180\" style=\"width: 324px\" class=\"wp-caption alignleft\"><img loading=\"lazy\" decoding=\"async\" class=\"wp-image-31180 size-full\" src=\"https:\/\/www.textilegence.com\/wp-content\/uploads\/2019\/04\/icon2019-detail-2.jpg\" alt=\"Icontex2019 and Iconwoolf2019 \u00c7orlu municipality president ahmet sar\u0131kurt\" width=\"324\" height=\"179\" \/><figcaption id=\"caption-attachment-31180\" class=\"wp-caption-text\">Icontex2019 and Iconwoolf2019 Organized Together<\/figcaption><\/figure>\n<p style=\"text-align: justify;\">&#8220;We are the world\u2019s 4th biggest market in textile machinery. First, China buys 5 billion dollars\u2019 worth of machines every year; sells machines for 5 billion dollars, they took over Germany and continues to open the gap. The second is Germany in exports but America in imports. America is the world&#8217;s 2<sup>nd<\/sup> largest textile machinery buyer. Third is India, subject to India is 15 times of Turkey with its population of 1.2 billion; and it is very normal for them to be the 3<sup>rd<\/sup>.&#8221;<\/p>\n<p style=\"text-align: justify;\">&#8220;But India has a self-containing cycle where they are manufacturing spinning machines or weaving machine. But they still buy 2.5 billion dollars\u2019 worth of machine a year. In fourth place is Turkey and we get 1 billion 900 million dollars\u2019 worth of machines last year. If we didn&#8217;t have an exchange crisis in June 10<sup>th<\/sup> last year; we would have imported 2 or 2.5 billion dollars in imports&#8221;.<\/p>\n<p style=\"text-align: justify;\">At the ICONWOOLF2019 congress on April 19, wool and luxury fibers were discussed. Y\u00dcNSA and \u00c7orlu Municipality were the main sponsors of this congress.<\/p>\n","protected":false},"excerpt":{"rendered":"<p>Nam\u0131k Kemal University hosted two important textile events in \u00c7orlu. Bringing together the industry and academia, the ICONTEX2019 and ICONWOOLF2019 Congresses were held in succession on 17-18 and 19 April. Tekirda\u011f Nam\u0131k Kemal University, \u00c7orlu Engineering Faculty Textile Engineering Department organized two congresses in succession and brought together textile professionals and academia. 2nd International Congress [&hellip;]<\/p>\n","protected":false},"author":16,"featured_media":31176,"comment_status":"open","ping_status":"closed","sticky":false,"template":"","format":"standard","meta":{"footnotes":""},"categories":[9859,9845],"tags":[11572,11574],"class_list":{"0":"post-31182","1":"post","2":"type-post","3":"status-publish","4":"format-standard","5":"has-post-thumbnail","7":"category-topical","8":"category-trade-fairs","9":"tag-icontex2019-en","10":"tag-iconwoolf2019-en"},"yoast_head":"<!-- This site is optimized with the Yoast SEO Premium plugin v27.3 (Yoast SEO v27.3) - https:\/\/yoast.com\/product\/yoast-seo-premium-wordpress\/ -->\n<title>Icontex2019 and Iconwoolf2019 Organized Together - Textilegence<\/title>\n<meta name=\"description\" content=\"Nam\u0131k Kemal University hosted two important textile events in \u00c7orlu. Bringing together the industry and academia, the ICONTEX2019 and ICONWOOLF2019...\" \/>\n<meta name=\"robots\" content=\"index, follow, max-snippet:-1, max-image-preview:large, max-video-preview:-1\" \/>\n<link rel=\"canonical\" href=\"https:\/\/www.textilegence.com\/en\/icontex2019-iconwoolf2019-congress\/\" \/>\n<meta property=\"og:locale\" content=\"en_US\" \/>\n<meta property=\"og:type\" content=\"article\" \/>\n<meta property=\"og:title\" content=\"Icontex2019 and Iconwoolf2019 Organized Together\" \/>\n<meta property=\"og:description\" content=\"Nam\u0131k Kemal University hosted two important textile events in \u00c7orlu. Bringing together the industry and academia, the ICONTEX2019 and ICONWOOLF2019\" \/>\n<meta property=\"og:url\" content=\"https:\/\/www.textilegence.com\/en\/icontex2019-iconwoolf2019-congress\/\" \/>\n<meta property=\"og:site_name\" content=\"Textilegence Magazine and Digital Platform\" \/>\n<meta property=\"article:publisher\" content=\"https:\/\/www.facebook.com\/TextilegenceMagazine\" \/>\n<meta property=\"article:author\" content=\"https:\/\/www.facebook.com\/TextilegenceMagazine\" \/>\n<meta property=\"article:published_time\" content=\"2019-04-24T07:17:15+00:00\" \/>\n<meta property=\"article:modified_time\" content=\"2019-04-24T07:17:27+00:00\" \/>\n<meta property=\"og:image\" content=\"https:\/\/www.textilegence.com\/wp-content\/uploads\/2019\/04\/icon2019-textilegence.jpg\" \/>\n\t<meta property=\"og:image:width\" content=\"696\" \/>\n\t<meta property=\"og:image:height\" content=\"385\" \/>\n\t<meta property=\"og:image:type\" content=\"image\/jpeg\" \/>\n<meta name=\"author\" content=\"Emirhan \u00c7ilo\u011flu\" \/>\n<meta name=\"twitter:card\" content=\"summary_large_image\" \/>\n<meta name=\"twitter:creator\" content=\"@https:\/\/twitter.com\/textilegence\" \/>\n<meta name=\"twitter:site\" content=\"@textilegence\" \/>\n<meta name=\"twitter:label1\" content=\"Written by\" \/>\n\t<meta name=\"twitter:data1\" content=\"Emirhan \u00c7ilo\u011flu\" \/>\n\t<meta name=\"twitter:label2\" content=\"Est. reading time\" \/>\n\t<meta name=\"twitter:data2\" content=\"4 minutes\" \/>\n<script type=\"application\/ld+json\" class=\"yoast-schema-graph\">{\"@context\":\"https:\\\/\\\/schema.org\",\"@graph\":[{\"@type\":\"NewsArticle\",\"@id\":\"https:\\\/\\\/www.textilegence.com\\\/en\\\/icontex2019-iconwoolf2019-congress\\\/#article\",\"isPartOf\":{\"@id\":\"https:\\\/\\\/www.textilegence.com\\\/en\\\/icontex2019-iconwoolf2019-congress\\\/\"},\"author\":{\"name\":\"Emirhan \u00c7ilo\u011flu\",\"@id\":\"https:\\\/\\\/www.textilegence.com\\\/en\\\/#\\\/schema\\\/person\\\/8dbf2ab62ffdf644153f8c0f9c991f78\"},\"headline\":\"Icontex2019 and Iconwoolf2019 Organized Together\",\"datePublished\":\"2019-04-24T07:17:15+00:00\",\"dateModified\":\"2019-04-24T07:17:27+00:00\",\"mainEntityOfPage\":{\"@id\":\"https:\\\/\\\/www.textilegence.com\\\/en\\\/icontex2019-iconwoolf2019-congress\\\/\"},\"wordCount\":783,\"commentCount\":0,\"publisher\":{\"@id\":\"https:\\\/\\\/www.textilegence.com\\\/en\\\/#organization\"},\"image\":{\"@id\":\"https:\\\/\\\/www.textilegence.com\\\/en\\\/icontex2019-iconwoolf2019-congress\\\/#primaryimage\"},\"thumbnailUrl\":\"https:\\\/\\\/www.textilegence.com\\\/wp-content\\\/uploads\\\/2019\\\/04\\\/icon2019-textilegence.jpg\",\"keywords\":[\"icontex2019\",\"iconwoolf2019\"],\"articleSection\":[\"Topical\",\"Trade Fairs\"],\"inLanguage\":\"en-US\",\"potentialAction\":[{\"@type\":\"CommentAction\",\"name\":\"Comment\",\"target\":[\"https:\\\/\\\/www.textilegence.com\\\/en\\\/icontex2019-iconwoolf2019-congress\\\/#respond\"]}]},{\"@type\":\"WebPage\",\"@id\":\"https:\\\/\\\/www.textilegence.com\\\/en\\\/icontex2019-iconwoolf2019-congress\\\/\",\"url\":\"https:\\\/\\\/www.textilegence.com\\\/en\\\/icontex2019-iconwoolf2019-congress\\\/\",\"name\":\"Icontex2019 and Iconwoolf2019 Organized Together - Textilegence\",\"isPartOf\":{\"@id\":\"https:\\\/\\\/www.textilegence.com\\\/en\\\/#website\"},\"primaryImageOfPage\":{\"@id\":\"https:\\\/\\\/www.textilegence.com\\\/en\\\/icontex2019-iconwoolf2019-congress\\\/#primaryimage\"},\"image\":{\"@id\":\"https:\\\/\\\/www.textilegence.com\\\/en\\\/icontex2019-iconwoolf2019-congress\\\/#primaryimage\"},\"thumbnailUrl\":\"https:\\\/\\\/www.textilegence.com\\\/wp-content\\\/uploads\\\/2019\\\/04\\\/icon2019-textilegence.jpg\",\"datePublished\":\"2019-04-24T07:17:15+00:00\",\"dateModified\":\"2019-04-24T07:17:27+00:00\",\"description\":\"Nam\u0131k Kemal University hosted two important textile events in \u00c7orlu. Bringing together the industry and academia, the ICONTEX2019 and ICONWOOLF2019...\",\"breadcrumb\":{\"@id\":\"https:\\\/\\\/www.textilegence.com\\\/en\\\/icontex2019-iconwoolf2019-congress\\\/#breadcrumb\"},\"inLanguage\":\"en-US\",\"potentialAction\":[{\"@type\":\"ReadAction\",\"target\":[\"https:\\\/\\\/www.textilegence.com\\\/en\\\/icontex2019-iconwoolf2019-congress\\\/\"]}]},{\"@type\":\"ImageObject\",\"inLanguage\":\"en-US\",\"@id\":\"https:\\\/\\\/www.textilegence.com\\\/en\\\/icontex2019-iconwoolf2019-congress\\\/#primaryimage\",\"url\":\"https:\\\/\\\/www.textilegence.com\\\/wp-content\\\/uploads\\\/2019\\\/04\\\/icon2019-textilegence.jpg\",\"contentUrl\":\"https:\\\/\\\/www.textilegence.com\\\/wp-content\\\/uploads\\\/2019\\\/04\\\/icon2019-textilegence.jpg\",\"width\":696,\"height\":385,\"caption\":\"Icontex2019 and Iconwoolf2019 Organized Together\"},{\"@type\":\"BreadcrumbList\",\"@id\":\"https:\\\/\\\/www.textilegence.com\\\/en\\\/icontex2019-iconwoolf2019-congress\\\/#breadcrumb\",\"itemListElement\":[{\"@type\":\"ListItem\",\"position\":1,\"name\":\"Home Page\",\"item\":\"https:\\\/\\\/www.textilegence.com\\\/en\\\/homepage-the-rimont\\\/\"},{\"@type\":\"ListItem\",\"position\":2,\"name\":\"Trade Fairs\",\"item\":\"https:\\\/\\\/www.textilegence.com\\\/en\\\/category\\\/trade-fairs\\\/\"},{\"@type\":\"ListItem\",\"position\":3,\"name\":\"Icontex2019 and Iconwoolf2019 Organized Together\"}]},{\"@type\":\"WebSite\",\"@id\":\"https:\\\/\\\/www.textilegence.com\\\/en\\\/#website\",\"url\":\"https:\\\/\\\/www.textilegence.com\\\/en\\\/\",\"name\":\"Textilegence Magazine and Digital Platform\",\"description\":\"Textile News Center\",\"publisher\":{\"@id\":\"https:\\\/\\\/www.textilegence.com\\\/en\\\/#organization\"},\"potentialAction\":[{\"@type\":\"SearchAction\",\"target\":{\"@type\":\"EntryPoint\",\"urlTemplate\":\"https:\\\/\\\/www.textilegence.com\\\/en\\\/?s={search_term_string}\"},\"query-input\":{\"@type\":\"PropertyValueSpecification\",\"valueRequired\":true,\"valueName\":\"search_term_string\"}}],\"inLanguage\":\"en-US\"},{\"@type\":\"Organization\",\"@id\":\"https:\\\/\\\/www.textilegence.com\\\/en\\\/#organization\",\"name\":\"Textilegence Magazine and Digital Platform\",\"url\":\"https:\\\/\\\/www.textilegence.com\\\/en\\\/\",\"logo\":{\"@type\":\"ImageObject\",\"inLanguage\":\"en-US\",\"@id\":\"https:\\\/\\\/www.textilegence.com\\\/en\\\/#\\\/schema\\\/logo\\\/image\\\/\",\"url\":\"https:\\\/\\\/www.textilegence.com\\\/wp-content\\\/uploads\\\/2016\\\/11\\\/New_Retina_Logo_Textilegence.png\",\"contentUrl\":\"https:\\\/\\\/www.textilegence.com\\\/wp-content\\\/uploads\\\/2016\\\/11\\\/New_Retina_Logo_Textilegence.png\",\"width\":544,\"height\":180,\"caption\":\"Textilegence Magazine and Digital Platform\"},\"image\":{\"@id\":\"https:\\\/\\\/www.textilegence.com\\\/en\\\/#\\\/schema\\\/logo\\\/image\\\/\"},\"sameAs\":[\"https:\\\/\\\/www.facebook.com\\\/TextilegenceMagazine\",\"https:\\\/\\\/x.com\\\/textilegence\",\"https:\\\/\\\/www.instagram.com\\\/textilegence\\\/\",\"https:\\\/\\\/www.linkedin.com\\\/groups\\\/Textilegence-Magazine-Digital-Platform-4897253\",\"https:\\\/\\\/www.youtube.com\\\/user\\\/textilegence\"],\"description\":\"Textilegence is a magazine and digital platform established in 2013. It focuses on the textile industry and sub-segments. The platform provides news, articles, and updates on various aspects of the textile industry, including sustainability, technological advancements, and market trends.\",\"email\":\"editor@textilegence.com\",\"telephone\":\"+90 212 442 24 12\",\"legalName\":\"Textilegence Mag and Digital Platform\",\"foundingDate\":\"2013-01-01\",\"numberOfEmployees\":{\"@type\":\"QuantitativeValue\",\"minValue\":\"1\",\"maxValue\":\"10\"}},{\"@type\":\"Person\",\"@id\":\"https:\\\/\\\/www.textilegence.com\\\/en\\\/#\\\/schema\\\/person\\\/8dbf2ab62ffdf644153f8c0f9c991f78\",\"name\":\"Emirhan \u00c7ilo\u011flu\",\"image\":{\"@type\":\"ImageObject\",\"inLanguage\":\"en-US\",\"@id\":\"https:\\\/\\\/www.textilegence.com\\\/wp-content\\\/uploads\\\/2021\\\/12\\\/emirhan.jpg\",\"url\":\"https:\\\/\\\/www.textilegence.com\\\/wp-content\\\/uploads\\\/2021\\\/12\\\/emirhan.jpg\",\"contentUrl\":\"https:\\\/\\\/www.textilegence.com\\\/wp-content\\\/uploads\\\/2021\\\/12\\\/emirhan.jpg\",\"caption\":\"Emirhan \u00c7ilo\u011flu\"},\"description\":\"Mahmut Emirhan \u00c7ilo\u011flu, \u0130stanbul\u2019da H\u00fcsn\u00fc M. \u00d6zye\u011fin Anadolu Lisesi\u2019nde lise e\u011fitimini tamamlam\u0131\u015f, sonras\u0131nda da \u0130stanbul \u00dcniversitesi\u2019nde Amerikan K\u00fclt\u00fcr\u00fc ve Edebiyat\u0131 lisans b\u00f6l\u00fcm\u00fcnden ba\u015far\u0131yla mezun olmu\u015ftur. 2021 itibari ile Textilegence\u2019da pazarlama ve d\u0131\u015f ili\u015fkiler sorumlusu olarak g\u00f6rev almaya ba\u015flayan \u00c7ilo\u011flu, kurumsal ileti\u015fimin g\u00fc\u00e7lendirilmesine katk\u0131 sa\u011flamaktad\u0131r.\",\"sameAs\":[\"https:\\\/\\\/www.textilegence.com\",\"https:\\\/\\\/www.facebook.com\\\/TextilegenceMagazine\",\"https:\\\/\\\/www.instagram.com\\\/textilegence\\\/\",\"https:\\\/\\\/www.linkedin.com\\\/in\\\/emre-yoleri-26151940\\\/\",\"https:\\\/\\\/x.com\\\/https:\\\/\\\/twitter.com\\\/textilegence\"],\"url\":\"https:\\\/\\\/www.textilegence.com\\\/en\\\/author\\\/emirhan-ciloglu\\\/\"}]}<\/script>\n<!-- \/ Yoast SEO Premium plugin. -->","yoast_head_json":{"title":"Icontex2019 and Iconwoolf2019 Organized Together - Textilegence","description":"Nam\u0131k Kemal University hosted two important textile events in \u00c7orlu. Bringing together the industry and academia, the ICONTEX2019 and ICONWOOLF2019...","robots":{"index":"index","follow":"follow","max-snippet":"max-snippet:-1","max-image-preview":"max-image-preview:large","max-video-preview":"max-video-preview:-1"},"canonical":"https:\/\/www.textilegence.com\/en\/icontex2019-iconwoolf2019-congress\/","og_locale":"en_US","og_type":"article","og_title":"Icontex2019 and Iconwoolf2019 Organized Together","og_description":"Nam\u0131k Kemal University hosted two important textile events in \u00c7orlu. Bringing together the industry and academia, the ICONTEX2019 and ICONWOOLF2019","og_url":"https:\/\/www.textilegence.com\/en\/icontex2019-iconwoolf2019-congress\/","og_site_name":"Textilegence Magazine and Digital Platform","article_publisher":"https:\/\/www.facebook.com\/TextilegenceMagazine","article_author":"https:\/\/www.facebook.com\/TextilegenceMagazine","article_published_time":"2019-04-24T07:17:15+00:00","article_modified_time":"2019-04-24T07:17:27+00:00","og_image":[{"width":696,"height":385,"url":"https:\/\/www.textilegence.com\/wp-content\/uploads\/2019\/04\/icon2019-textilegence.jpg","type":"image\/jpeg"}],"author":"Emirhan \u00c7ilo\u011flu","twitter_card":"summary_large_image","twitter_creator":"@https:\/\/twitter.com\/textilegence","twitter_site":"@textilegence","twitter_misc":{"Written by":"Emirhan \u00c7ilo\u011flu","Est. reading time":"4 minutes"},"schema":{"@context":"https:\/\/schema.org","@graph":[{"@type":"NewsArticle","@id":"https:\/\/www.textilegence.com\/en\/icontex2019-iconwoolf2019-congress\/#article","isPartOf":{"@id":"https:\/\/www.textilegence.com\/en\/icontex2019-iconwoolf2019-congress\/"},"author":{"name":"Emirhan \u00c7ilo\u011flu","@id":"https:\/\/www.textilegence.com\/en\/#\/schema\/person\/8dbf2ab62ffdf644153f8c0f9c991f78"},"headline":"Icontex2019 and Iconwoolf2019 Organized Together","datePublished":"2019-04-24T07:17:15+00:00","dateModified":"2019-04-24T07:17:27+00:00","mainEntityOfPage":{"@id":"https:\/\/www.textilegence.com\/en\/icontex2019-iconwoolf2019-congress\/"},"wordCount":783,"commentCount":0,"publisher":{"@id":"https:\/\/www.textilegence.com\/en\/#organization"},"image":{"@id":"https:\/\/www.textilegence.com\/en\/icontex2019-iconwoolf2019-congress\/#primaryimage"},"thumbnailUrl":"https:\/\/www.textilegence.com\/wp-content\/uploads\/2019\/04\/icon2019-textilegence.jpg","keywords":["icontex2019","iconwoolf2019"],"articleSection":["Topical","Trade Fairs"],"inLanguage":"en-US","potentialAction":[{"@type":"CommentAction","name":"Comment","target":["https:\/\/www.textilegence.com\/en\/icontex2019-iconwoolf2019-congress\/#respond"]}]},{"@type":"WebPage","@id":"https:\/\/www.textilegence.com\/en\/icontex2019-iconwoolf2019-congress\/","url":"https:\/\/www.textilegence.com\/en\/icontex2019-iconwoolf2019-congress\/","name":"Icontex2019 and Iconwoolf2019 Organized Together - Textilegence","isPartOf":{"@id":"https:\/\/www.textilegence.com\/en\/#website"},"primaryImageOfPage":{"@id":"https:\/\/www.textilegence.com\/en\/icontex2019-iconwoolf2019-congress\/#primaryimage"},"image":{"@id":"https:\/\/www.textilegence.com\/en\/icontex2019-iconwoolf2019-congress\/#primaryimage"},"thumbnailUrl":"https:\/\/www.textilegence.com\/wp-content\/uploads\/2019\/04\/icon2019-textilegence.jpg","datePublished":"2019-04-24T07:17:15+00:00","dateModified":"2019-04-24T07:17:27+00:00","description":"Nam\u0131k Kemal University hosted two important textile events in \u00c7orlu. Bringing together the industry and academia, the ICONTEX2019 and ICONWOOLF2019...","breadcrumb":{"@id":"https:\/\/www.textilegence.com\/en\/icontex2019-iconwoolf2019-congress\/#breadcrumb"},"inLanguage":"en-US","potentialAction":[{"@type":"ReadAction","target":["https:\/\/www.textilegence.com\/en\/icontex2019-iconwoolf2019-congress\/"]}]},{"@type":"ImageObject","inLanguage":"en-US","@id":"https:\/\/www.textilegence.com\/en\/icontex2019-iconwoolf2019-congress\/#primaryimage","url":"https:\/\/www.textilegence.com\/wp-content\/uploads\/2019\/04\/icon2019-textilegence.jpg","contentUrl":"https:\/\/www.textilegence.com\/wp-content\/uploads\/2019\/04\/icon2019-textilegence.jpg","width":696,"height":385,"caption":"Icontex2019 and Iconwoolf2019 Organized Together"},{"@type":"BreadcrumbList","@id":"https:\/\/www.textilegence.com\/en\/icontex2019-iconwoolf2019-congress\/#breadcrumb","itemListElement":[{"@type":"ListItem","position":1,"name":"Home Page","item":"https:\/\/www.textilegence.com\/en\/homepage-the-rimont\/"},{"@type":"ListItem","position":2,"name":"Trade Fairs","item":"https:\/\/www.textilegence.com\/en\/category\/trade-fairs\/"},{"@type":"ListItem","position":3,"name":"Icontex2019 and Iconwoolf2019 Organized Together"}]},{"@type":"WebSite","@id":"https:\/\/www.textilegence.com\/en\/#website","url":"https:\/\/www.textilegence.com\/en\/","name":"Textilegence Magazine and Digital Platform","description":"Textile News Center","publisher":{"@id":"https:\/\/www.textilegence.com\/en\/#organization"},"potentialAction":[{"@type":"SearchAction","target":{"@type":"EntryPoint","urlTemplate":"https:\/\/www.textilegence.com\/en\/?s={search_term_string}"},"query-input":{"@type":"PropertyValueSpecification","valueRequired":true,"valueName":"search_term_string"}}],"inLanguage":"en-US"},{"@type":"Organization","@id":"https:\/\/www.textilegence.com\/en\/#organization","name":"Textilegence Magazine and Digital Platform","url":"https:\/\/www.textilegence.com\/en\/","logo":{"@type":"ImageObject","inLanguage":"en-US","@id":"https:\/\/www.textilegence.com\/en\/#\/schema\/logo\/image\/","url":"https:\/\/www.textilegence.com\/wp-content\/uploads\/2016\/11\/New_Retina_Logo_Textilegence.png","contentUrl":"https:\/\/www.textilegence.com\/wp-content\/uploads\/2016\/11\/New_Retina_Logo_Textilegence.png","width":544,"height":180,"caption":"Textilegence Magazine and Digital Platform"},"image":{"@id":"https:\/\/www.textilegence.com\/en\/#\/schema\/logo\/image\/"},"sameAs":["https:\/\/www.facebook.com\/TextilegenceMagazine","https:\/\/x.com\/textilegence","https:\/\/www.instagram.com\/textilegence\/","https:\/\/www.linkedin.com\/groups\/Textilegence-Magazine-Digital-Platform-4897253","https:\/\/www.youtube.com\/user\/textilegence"],"description":"Textilegence is a magazine and digital platform established in 2013. It focuses on the textile industry and sub-segments. The platform provides news, articles, and updates on various aspects of the textile industry, including sustainability, technological advancements, and market trends.","email":"editor@textilegence.com","telephone":"+90 212 442 24 12","legalName":"Textilegence Mag and Digital Platform","foundingDate":"2013-01-01","numberOfEmployees":{"@type":"QuantitativeValue","minValue":"1","maxValue":"10"}},{"@type":"Person","@id":"https:\/\/www.textilegence.com\/en\/#\/schema\/person\/8dbf2ab62ffdf644153f8c0f9c991f78","name":"Emirhan \u00c7ilo\u011flu","image":{"@type":"ImageObject","inLanguage":"en-US","@id":"https:\/\/www.textilegence.com\/wp-content\/uploads\/2021\/12\/emirhan.jpg","url":"https:\/\/www.textilegence.com\/wp-content\/uploads\/2021\/12\/emirhan.jpg","contentUrl":"https:\/\/www.textilegence.com\/wp-content\/uploads\/2021\/12\/emirhan.jpg","caption":"Emirhan \u00c7ilo\u011flu"},"description":"Mahmut Emirhan \u00c7ilo\u011flu, \u0130stanbul\u2019da H\u00fcsn\u00fc M. \u00d6zye\u011fin Anadolu Lisesi\u2019nde lise e\u011fitimini tamamlam\u0131\u015f, sonras\u0131nda da \u0130stanbul \u00dcniversitesi\u2019nde Amerikan K\u00fclt\u00fcr\u00fc ve Edebiyat\u0131 lisans b\u00f6l\u00fcm\u00fcnden ba\u015far\u0131yla mezun olmu\u015ftur. 2021 itibari ile Textilegence\u2019da pazarlama ve d\u0131\u015f ili\u015fkiler sorumlusu olarak g\u00f6rev almaya ba\u015flayan \u00c7ilo\u011flu, kurumsal ileti\u015fimin g\u00fc\u00e7lendirilmesine katk\u0131 sa\u011flamaktad\u0131r.","sameAs":["https:\/\/www.textilegence.com","https:\/\/www.facebook.com\/TextilegenceMagazine","https:\/\/www.instagram.com\/textilegence\/","https:\/\/www.linkedin.com\/in\/emre-yoleri-26151940\/","https:\/\/x.com\/https:\/\/twitter.com\/textilegence"],"url":"https:\/\/www.textilegence.com\/en\/author\/emirhan-ciloglu\/"}]}},"_links":{"self":[{"href":"https:\/\/www.textilegence.com\/en\/wp-json\/wp\/v2\/posts\/31182","targetHints":{"allow":["GET"]}}],"collection":[{"href":"https:\/\/www.textilegence.com\/en\/wp-json\/wp\/v2\/posts"}],"about":[{"href":"https:\/\/www.textilegence.com\/en\/wp-json\/wp\/v2\/types\/post"}],"author":[{"embeddable":true,"href":"https:\/\/www.textilegence.com\/en\/wp-json\/wp\/v2\/users\/16"}],"replies":[{"embeddable":true,"href":"https:\/\/www.textilegence.com\/en\/wp-json\/wp\/v2\/comments?post=31182"}],"version-history":[{"count":0,"href":"https:\/\/www.textilegence.com\/en\/wp-json\/wp\/v2\/posts\/31182\/revisions"}],"wp:featuredmedia":[{"embeddable":true,"href":"https:\/\/www.textilegence.com\/en\/wp-json\/wp\/v2\/media\/31176"}],"wp:attachment":[{"href":"https:\/\/www.textilegence.com\/en\/wp-json\/wp\/v2\/media?parent=31182"}],"wp:term":[{"taxonomy":"category","embeddable":true,"href":"https:\/\/www.textilegence.com\/en\/wp-json\/wp\/v2\/categories?post=31182"},{"taxonomy":"post_tag","embeddable":true,"href":"https:\/\/www.textilegence.com\/en\/wp-json\/wp\/v2\/tags?post=31182"}],"curies":[{"name":"wp","href":"https:\/\/api.w.org\/{rel}","templated":true}]}}