{"id":31258,"date":"2019-04-30T09:27:10","date_gmt":"2019-04-30T06:27:10","guid":{"rendered":"http:\/\/www.textilegence.com\/?p=31258"},"modified":"2019-04-30T09:28:00","modified_gmt":"2019-04-30T06:28:00","slug":"textile-ready-to-wear-summit","status":"publish","type":"post","link":"https:\/\/www.textilegence.com\/en\/textile-ready-to-wear-summit\/","title":{"rendered":"Textile and Ready-to-Wear Summit was Held with an Aim of the Global Market"},"content":{"rendered":"<figure id=\"attachment_31256\" aria-describedby=\"caption-attachment-31256\" style=\"width: 324px\" class=\"wp-caption alignleft\"><img loading=\"lazy\" decoding=\"async\" class=\"wp-image-31256 size-full\" src=\"https:\/\/www.textilegence.com\/wp-content\/uploads\/2019\/04\/tekstil-zirve-detail.jpg\" alt=\"Textile and Ready-to-Wear Summit h\u00fcseyin \u00f6zt\u00fcrk\" width=\"324\" height=\"179\" \/><figcaption id=\"caption-attachment-31256\" class=\"wp-caption-text\">Textile and Ready-to-Wear Summit was Held with an Aim of the Global Market<\/figcaption><\/figure>\n<p style=\"text-align: justify;\"><strong>The Istanbul International Textile and Ready-to-Wear Summit held at Istanbul K\u00fclt\u00fcr University discussed the check list in order to make the industry more value-added and competitive. The importance of digitalization and design was once again emphasized.<\/strong><\/p>\n<p style=\"text-align: justify;\">Istanbul International Textile and Ready-to-Wear Summit was held on April 16-17, 2019 at Istanbul K\u00fclt\u00fcr University (\u0130K\u00dc) Atak\u00f6y Campus. In the <a href=\"https:\/\/www.textilegence.com\/en\/category\/trade-fairs\/\" target=\"_blank\" rel=\"noopener noreferrer\">event<\/a> organized by the Fashion and Apparel Federation (MHGF), several important issues were discussed in different sessions for the Turkish textile and ready-to-wear industry to receive more from the 450 billion dollars\u2019 worth global pie.<\/p>\n<p style=\"text-align: justify;\">The opening speeches of the summit, which brings together the key players of the industry, were made by Turkish Enterprise and Business Confederation (<a href=\"http:\/\/www.turkonfed.org\/tr\/detay\/2000\/istanbul-uluslararasi-tekstil-ve-hazir-giyim-zirvesi-basliyor\/\" target=\"_blank\" rel=\"noopener noreferrer\">T\u00dcRKONFED<\/a>) Chairman Orhan Turan, MHGF Chairman H\u00fcseyin \u00d6zt\u00fcrk, T\u00dcS\u0130AD Board Member Bahad\u0131r Kalea\u011fas\u0131 and \u0130K\u00dc Vice Rector. Prof. Dr. Nihal Sar\u0131er<\/p>\n<p style=\"text-align: justify;\">In his speech, MHGF Chairman H\u00fcseyin \u00d6zt\u00fcrk said that the textile and ready-to-wear is the only industry with production, employment and exports. Saying that they attach great importance to exports as an industry, \u00d6zt\u00fcrk underlined the industry that makes a lot of export with less investment needs to be supported.<\/p>\n<h2 style=\"text-align: justify;\"><strong>Textile and Ready-to-Wear Summit: the industry has great potential<\/strong><\/h2>\n<p style=\"text-align: justify;\">After the event, \u00d6zt\u00fcrk made a statement to Textilegence and said; \u201cThe textile and apparel industry is almost the only sector with production, employment and exports. Our country, which has a share of 3.4% of world ready-to-wear trade of 450 billion dollars, has the power to make a big breakthrough by mobilizing its unique potential and get more share from this cake. With Istanbul International Textile and Ready-to-Wear Summit, our aim is to mobilize this power\u201d.<\/p>\n<p style=\"text-align: justify;\">\u00d6zt\u00fcrk stated that the unemployment rate of the young population in Anatolia is quite high and pointed out to the potential of the industry; \u201cThe unemployment rate of Anatolia has a very high young population. Ready-to-wear clothing is deployed in many areas such as Batman, Midyat, Mardin, Diyarbak\u0131r, Ad\u0131yaman, Denizli and Gaziantep. However, the relationship with the network in Turkey is not yet at the desired level. There is a serious lack of network access from raw material to sub-industry and customer access\u201d. \u00d6zt\u00fcrk explained that the aim of the summit was to provide a sectoral network, to bring together the purchasing teams and the manufacturer, and to take a concrete step in the university-industry cooperation.<\/p>\n<h2 style=\"text-align: justify;\"><strong>\u2018Digitalization is not a luxury but a necessity\u2019<\/strong><\/h2>\n<p style=\"text-align: justify;\">In his speech at the event, Orhan Turan, Chairman of the Turkish Enterprise and Business Confederation (T\u00dcRKONFED), emphasized that the textile and ready-to-wear industry is an important bridge linking \u201cpast to future, tradition to innovation\u201d. Turan said that the textile and ready-to-wear industry attracts attention with women&#8217;s employment approaching 40 percent. Turan indicated that textile and ready-to-wear, in 2018, was the second largest industry contributing to the country&#8217;s employment.<\/p>\n<p style=\"text-align: justify;\">Turan argued that the export competence of the Turkish economy should be restructured according to change and transformation, and added that e-exports have 3 per thousand shares in total exports and that efforts should be made to increase this share. Turan; \u201cThe total market size of e-commerce in Turkey is registering an average annual growth of 31 percent. We can use digitalization as a lever to increase the competitiveness of our industry and SMEs. We should not forget that digitalization is not a luxury but rather a necessity\u201d.<\/p>\n<h2 style=\"text-align: justify;\"><strong>\u2018Textile industry is the backbone of the country\u2019<\/strong><\/h2>\n<p style=\"text-align: justify;\">\u201cWe are in the process of employment mobilization,\u201d said Anadolu Aslanlar\u0131 Businessmen Association (ASKON) Chairman Orhan Ayd\u0131n and continued; \u201cASKON promised 50,000 new jobs a month ago. We discussed employment by saying 81 new businesses in 81 provinces. When we bring together textile and ready-to-wear, we are at the end of the year with an export target of 30 billion dollars. Turkish textile and ready-to-wear industry has proved its maturity, we have become a country that has brands that have put themselves in the best places in the world arena and wants to make production of world brands\u201d.<\/p>\n<p style=\"text-align: justify;\">Voicing that the textile industry will grow more and would continue to be the backbone of the national industry; Ayd\u0131n predicted that major foreign brands will increase their investments in Turkey; \u201cAs can be seen in the package that has been announced; we will be looking forward to both tax and judicial reforms. The textile industry is the least affected industry by several crises\u201d.<\/p>\n<p style=\"text-align: justify;\">\u0130K\u00dcVice Rector Prof. Dr. Nihal Sar\u0131er indicated in her speech that Turkish textile and ready-to-wear industry has an important role in world trade; by its ability to achieve the high standards. Sar\u0131er; \u201cIt can easily compete in international markets with its high quality and wide range of products; and stands out as the 6<sup>th<\/sup> largest ready-to-wear supplier worldwide. In the last 40 years the production and export in the textile industry has shifted; from low value-added products to high value-added products\u201d.<\/p>\n","protected":false},"excerpt":{"rendered":"<p>The Istanbul International Textile and Ready-to-Wear Summit held at Istanbul K\u00fclt\u00fcr University discussed the check list in order to make the industry more value-added and competitive. The importance of digitalization and design was once again emphasized. Istanbul International Textile and Ready-to-Wear Summit was held on April 16-17, 2019 at Istanbul K\u00fclt\u00fcr University (\u0130K\u00dc) Atak\u00f6y Campus. [&hellip;]<\/p>\n","protected":false},"author":16,"featured_media":31254,"comment_status":"open","ping_status":"closed","sticky":false,"template":"","format":"standard","meta":{"footnotes":""},"categories":[9859,9845],"tags":[11579,11581,11583],"class_list":{"0":"post-31258","1":"post","2":"type-post","3":"status-publish","4":"format-standard","5":"has-post-thumbnail","7":"category-topical","8":"category-trade-fairs","9":"tag-istanbul-international-textile-and-ready-to-wear-summit","10":"tag-istanbul-kultur-university","11":"tag-turkonfed-en"},"yoast_head":"<!-- This site is optimized with the Yoast SEO Premium plugin v27.3 (Yoast SEO v27.3) - https:\/\/yoast.com\/product\/yoast-seo-premium-wordpress\/ -->\n<title>Textile and Ready-to-Wear Summit was Held - Textilegence<\/title>\n<meta name=\"description\" content=\"The Istanbul International Textile and Ready-to-Wear Summit held at Istanbul K\u00fclt\u00fcr University discussed the check list in order to make the industry...\" \/>\n<meta name=\"robots\" content=\"index, follow, max-snippet:-1, max-image-preview:large, max-video-preview:-1\" \/>\n<link rel=\"canonical\" href=\"https:\/\/www.textilegence.com\/en\/textile-ready-to-wear-summit\/\" \/>\n<meta property=\"og:locale\" content=\"en_US\" \/>\n<meta property=\"og:type\" content=\"article\" \/>\n<meta property=\"og:title\" content=\"Textile and Ready-to-Wear Summit was Held with an Aim of the Global Market\" \/>\n<meta property=\"og:description\" content=\"The Istanbul International Textile and Ready-to-Wear Summit held at Istanbul K\u00fclt\u00fcr University discussed the check list in order to make the industry more\" \/>\n<meta property=\"og:url\" content=\"https:\/\/www.textilegence.com\/en\/textile-ready-to-wear-summit\/\" \/>\n<meta property=\"og:site_name\" content=\"Textilegence Magazine and Digital Platform\" \/>\n<meta property=\"article:publisher\" content=\"https:\/\/www.facebook.com\/TextilegenceMagazine\" \/>\n<meta property=\"article:author\" content=\"https:\/\/www.facebook.com\/TextilegenceMagazine\" \/>\n<meta property=\"article:published_time\" content=\"2019-04-30T06:27:10+00:00\" \/>\n<meta property=\"article:modified_time\" content=\"2019-04-30T06:28:00+00:00\" \/>\n<meta property=\"og:image\" content=\"https:\/\/www.textilegence.com\/wp-content\/uploads\/2019\/04\/tekstil-zirve-textilegence.jpg\" \/>\n\t<meta property=\"og:image:width\" content=\"696\" \/>\n\t<meta property=\"og:image:height\" content=\"385\" \/>\n\t<meta property=\"og:image:type\" content=\"image\/jpeg\" \/>\n<meta name=\"author\" content=\"Emirhan \u00c7ilo\u011flu\" \/>\n<meta name=\"twitter:card\" content=\"summary_large_image\" \/>\n<meta name=\"twitter:creator\" content=\"@https:\/\/twitter.com\/textilegence\" \/>\n<meta name=\"twitter:site\" content=\"@textilegence\" \/>\n<meta name=\"twitter:label1\" content=\"Written by\" \/>\n\t<meta name=\"twitter:data1\" content=\"Emirhan \u00c7ilo\u011flu\" \/>\n\t<meta name=\"twitter:label2\" content=\"Est. reading time\" \/>\n\t<meta name=\"twitter:data2\" content=\"4 minutes\" \/>\n<script type=\"application\/ld+json\" class=\"yoast-schema-graph\">{\"@context\":\"https:\\\/\\\/schema.org\",\"@graph\":[{\"@type\":\"NewsArticle\",\"@id\":\"https:\\\/\\\/www.textilegence.com\\\/en\\\/textile-ready-to-wear-summit\\\/#article\",\"isPartOf\":{\"@id\":\"https:\\\/\\\/www.textilegence.com\\\/en\\\/textile-ready-to-wear-summit\\\/\"},\"author\":{\"name\":\"Emirhan \u00c7ilo\u011flu\",\"@id\":\"https:\\\/\\\/www.textilegence.com\\\/en\\\/#\\\/schema\\\/person\\\/8dbf2ab62ffdf644153f8c0f9c991f78\"},\"headline\":\"Textile and Ready-to-Wear Summit was Held with an Aim of the Global Market\",\"datePublished\":\"2019-04-30T06:27:10+00:00\",\"dateModified\":\"2019-04-30T06:28:00+00:00\",\"mainEntityOfPage\":{\"@id\":\"https:\\\/\\\/www.textilegence.com\\\/en\\\/textile-ready-to-wear-summit\\\/\"},\"wordCount\":852,\"commentCount\":0,\"publisher\":{\"@id\":\"https:\\\/\\\/www.textilegence.com\\\/en\\\/#organization\"},\"image\":{\"@id\":\"https:\\\/\\\/www.textilegence.com\\\/en\\\/textile-ready-to-wear-summit\\\/#primaryimage\"},\"thumbnailUrl\":\"https:\\\/\\\/www.textilegence.com\\\/wp-content\\\/uploads\\\/2019\\\/04\\\/tekstil-zirve-textilegence.jpg\",\"keywords\":[\"istanbul international textile and ready-to-wear summit\",\"istanbul k\u00fclt\u00fcr university\",\"t\u00fcrkonfed\"],\"articleSection\":[\"Topical\",\"Trade Fairs\"],\"inLanguage\":\"en-US\",\"potentialAction\":[{\"@type\":\"CommentAction\",\"name\":\"Comment\",\"target\":[\"https:\\\/\\\/www.textilegence.com\\\/en\\\/textile-ready-to-wear-summit\\\/#respond\"]}]},{\"@type\":\"WebPage\",\"@id\":\"https:\\\/\\\/www.textilegence.com\\\/en\\\/textile-ready-to-wear-summit\\\/\",\"url\":\"https:\\\/\\\/www.textilegence.com\\\/en\\\/textile-ready-to-wear-summit\\\/\",\"name\":\"Textile and Ready-to-Wear Summit was Held - Textilegence\",\"isPartOf\":{\"@id\":\"https:\\\/\\\/www.textilegence.com\\\/en\\\/#website\"},\"primaryImageOfPage\":{\"@id\":\"https:\\\/\\\/www.textilegence.com\\\/en\\\/textile-ready-to-wear-summit\\\/#primaryimage\"},\"image\":{\"@id\":\"https:\\\/\\\/www.textilegence.com\\\/en\\\/textile-ready-to-wear-summit\\\/#primaryimage\"},\"thumbnailUrl\":\"https:\\\/\\\/www.textilegence.com\\\/wp-content\\\/uploads\\\/2019\\\/04\\\/tekstil-zirve-textilegence.jpg\",\"datePublished\":\"2019-04-30T06:27:10+00:00\",\"dateModified\":\"2019-04-30T06:28:00+00:00\",\"description\":\"The Istanbul International Textile and Ready-to-Wear Summit held at Istanbul K\u00fclt\u00fcr University discussed the check list in order to make the industry...\",\"breadcrumb\":{\"@id\":\"https:\\\/\\\/www.textilegence.com\\\/en\\\/textile-ready-to-wear-summit\\\/#breadcrumb\"},\"inLanguage\":\"en-US\",\"potentialAction\":[{\"@type\":\"ReadAction\",\"target\":[\"https:\\\/\\\/www.textilegence.com\\\/en\\\/textile-ready-to-wear-summit\\\/\"]}]},{\"@type\":\"ImageObject\",\"inLanguage\":\"en-US\",\"@id\":\"https:\\\/\\\/www.textilegence.com\\\/en\\\/textile-ready-to-wear-summit\\\/#primaryimage\",\"url\":\"https:\\\/\\\/www.textilegence.com\\\/wp-content\\\/uploads\\\/2019\\\/04\\\/tekstil-zirve-textilegence.jpg\",\"contentUrl\":\"https:\\\/\\\/www.textilegence.com\\\/wp-content\\\/uploads\\\/2019\\\/04\\\/tekstil-zirve-textilegence.jpg\",\"width\":696,\"height\":385,\"caption\":\"Textile and Ready-to-Wear Summit was Held with an Aim of the Global Market\"},{\"@type\":\"BreadcrumbList\",\"@id\":\"https:\\\/\\\/www.textilegence.com\\\/en\\\/textile-ready-to-wear-summit\\\/#breadcrumb\",\"itemListElement\":[{\"@type\":\"ListItem\",\"position\":1,\"name\":\"Home Page\",\"item\":\"https:\\\/\\\/www.textilegence.com\\\/en\\\/homepage-the-rimont\\\/\"},{\"@type\":\"ListItem\",\"position\":2,\"name\":\"Trade Fairs\",\"item\":\"https:\\\/\\\/www.textilegence.com\\\/en\\\/category\\\/trade-fairs\\\/\"},{\"@type\":\"ListItem\",\"position\":3,\"name\":\"Textile and Ready-to-Wear Summit was Held with an Aim of the Global Market\"}]},{\"@type\":\"WebSite\",\"@id\":\"https:\\\/\\\/www.textilegence.com\\\/en\\\/#website\",\"url\":\"https:\\\/\\\/www.textilegence.com\\\/en\\\/\",\"name\":\"Textilegence Magazine and Digital Platform\",\"description\":\"Textile News Center\",\"publisher\":{\"@id\":\"https:\\\/\\\/www.textilegence.com\\\/en\\\/#organization\"},\"potentialAction\":[{\"@type\":\"SearchAction\",\"target\":{\"@type\":\"EntryPoint\",\"urlTemplate\":\"https:\\\/\\\/www.textilegence.com\\\/en\\\/?s={search_term_string}\"},\"query-input\":{\"@type\":\"PropertyValueSpecification\",\"valueRequired\":true,\"valueName\":\"search_term_string\"}}],\"inLanguage\":\"en-US\"},{\"@type\":\"Organization\",\"@id\":\"https:\\\/\\\/www.textilegence.com\\\/en\\\/#organization\",\"name\":\"Textilegence Magazine and Digital Platform\",\"url\":\"https:\\\/\\\/www.textilegence.com\\\/en\\\/\",\"logo\":{\"@type\":\"ImageObject\",\"inLanguage\":\"en-US\",\"@id\":\"https:\\\/\\\/www.textilegence.com\\\/en\\\/#\\\/schema\\\/logo\\\/image\\\/\",\"url\":\"https:\\\/\\\/www.textilegence.com\\\/wp-content\\\/uploads\\\/2016\\\/11\\\/New_Retina_Logo_Textilegence.png\",\"contentUrl\":\"https:\\\/\\\/www.textilegence.com\\\/wp-content\\\/uploads\\\/2016\\\/11\\\/New_Retina_Logo_Textilegence.png\",\"width\":544,\"height\":180,\"caption\":\"Textilegence Magazine and Digital Platform\"},\"image\":{\"@id\":\"https:\\\/\\\/www.textilegence.com\\\/en\\\/#\\\/schema\\\/logo\\\/image\\\/\"},\"sameAs\":[\"https:\\\/\\\/www.facebook.com\\\/TextilegenceMagazine\",\"https:\\\/\\\/x.com\\\/textilegence\",\"https:\\\/\\\/www.instagram.com\\\/textilegence\\\/\",\"https:\\\/\\\/www.linkedin.com\\\/groups\\\/Textilegence-Magazine-Digital-Platform-4897253\",\"https:\\\/\\\/www.youtube.com\\\/user\\\/textilegence\"],\"description\":\"Textilegence is a magazine and digital platform established in 2013. It focuses on the textile industry and sub-segments. The platform provides news, articles, and updates on various aspects of the textile industry, including sustainability, technological advancements, and market trends.\",\"email\":\"editor@textilegence.com\",\"telephone\":\"+90 212 442 24 12\",\"legalName\":\"Textilegence Mag and Digital Platform\",\"foundingDate\":\"2013-01-01\",\"numberOfEmployees\":{\"@type\":\"QuantitativeValue\",\"minValue\":\"1\",\"maxValue\":\"10\"}},{\"@type\":\"Person\",\"@id\":\"https:\\\/\\\/www.textilegence.com\\\/en\\\/#\\\/schema\\\/person\\\/8dbf2ab62ffdf644153f8c0f9c991f78\",\"name\":\"Emirhan \u00c7ilo\u011flu\",\"image\":{\"@type\":\"ImageObject\",\"inLanguage\":\"en-US\",\"@id\":\"https:\\\/\\\/www.textilegence.com\\\/wp-content\\\/uploads\\\/2021\\\/12\\\/emirhan.jpg\",\"url\":\"https:\\\/\\\/www.textilegence.com\\\/wp-content\\\/uploads\\\/2021\\\/12\\\/emirhan.jpg\",\"contentUrl\":\"https:\\\/\\\/www.textilegence.com\\\/wp-content\\\/uploads\\\/2021\\\/12\\\/emirhan.jpg\",\"caption\":\"Emirhan \u00c7ilo\u011flu\"},\"description\":\"Mahmut Emirhan \u00c7ilo\u011flu, \u0130stanbul\u2019da H\u00fcsn\u00fc M. \u00d6zye\u011fin Anadolu Lisesi\u2019nde lise e\u011fitimini tamamlam\u0131\u015f, sonras\u0131nda da \u0130stanbul \u00dcniversitesi\u2019nde Amerikan K\u00fclt\u00fcr\u00fc ve Edebiyat\u0131 lisans b\u00f6l\u00fcm\u00fcnden ba\u015far\u0131yla mezun olmu\u015ftur. 2021 itibari ile Textilegence\u2019da pazarlama ve d\u0131\u015f ili\u015fkiler sorumlusu olarak g\u00f6rev almaya ba\u015flayan \u00c7ilo\u011flu, kurumsal ileti\u015fimin g\u00fc\u00e7lendirilmesine katk\u0131 sa\u011flamaktad\u0131r.\",\"sameAs\":[\"https:\\\/\\\/www.textilegence.com\",\"https:\\\/\\\/www.facebook.com\\\/TextilegenceMagazine\",\"https:\\\/\\\/www.instagram.com\\\/textilegence\\\/\",\"https:\\\/\\\/www.linkedin.com\\\/in\\\/emre-yoleri-26151940\\\/\",\"https:\\\/\\\/x.com\\\/https:\\\/\\\/twitter.com\\\/textilegence\"],\"url\":\"https:\\\/\\\/www.textilegence.com\\\/en\\\/author\\\/emirhan-ciloglu\\\/\"}]}<\/script>\n<!-- \/ Yoast SEO Premium plugin. -->","yoast_head_json":{"title":"Textile and Ready-to-Wear Summit was Held - Textilegence","description":"The Istanbul International Textile and Ready-to-Wear Summit held at Istanbul K\u00fclt\u00fcr University discussed the check list in order to make the industry...","robots":{"index":"index","follow":"follow","max-snippet":"max-snippet:-1","max-image-preview":"max-image-preview:large","max-video-preview":"max-video-preview:-1"},"canonical":"https:\/\/www.textilegence.com\/en\/textile-ready-to-wear-summit\/","og_locale":"en_US","og_type":"article","og_title":"Textile and Ready-to-Wear Summit was Held with an Aim of the Global Market","og_description":"The Istanbul International Textile and Ready-to-Wear Summit held at Istanbul K\u00fclt\u00fcr University discussed the check list in order to make the industry more","og_url":"https:\/\/www.textilegence.com\/en\/textile-ready-to-wear-summit\/","og_site_name":"Textilegence Magazine and Digital Platform","article_publisher":"https:\/\/www.facebook.com\/TextilegenceMagazine","article_author":"https:\/\/www.facebook.com\/TextilegenceMagazine","article_published_time":"2019-04-30T06:27:10+00:00","article_modified_time":"2019-04-30T06:28:00+00:00","og_image":[{"width":696,"height":385,"url":"https:\/\/www.textilegence.com\/wp-content\/uploads\/2019\/04\/tekstil-zirve-textilegence.jpg","type":"image\/jpeg"}],"author":"Emirhan \u00c7ilo\u011flu","twitter_card":"summary_large_image","twitter_creator":"@https:\/\/twitter.com\/textilegence","twitter_site":"@textilegence","twitter_misc":{"Written by":"Emirhan \u00c7ilo\u011flu","Est. reading time":"4 minutes"},"schema":{"@context":"https:\/\/schema.org","@graph":[{"@type":"NewsArticle","@id":"https:\/\/www.textilegence.com\/en\/textile-ready-to-wear-summit\/#article","isPartOf":{"@id":"https:\/\/www.textilegence.com\/en\/textile-ready-to-wear-summit\/"},"author":{"name":"Emirhan \u00c7ilo\u011flu","@id":"https:\/\/www.textilegence.com\/en\/#\/schema\/person\/8dbf2ab62ffdf644153f8c0f9c991f78"},"headline":"Textile and Ready-to-Wear Summit was Held with an Aim of the Global Market","datePublished":"2019-04-30T06:27:10+00:00","dateModified":"2019-04-30T06:28:00+00:00","mainEntityOfPage":{"@id":"https:\/\/www.textilegence.com\/en\/textile-ready-to-wear-summit\/"},"wordCount":852,"commentCount":0,"publisher":{"@id":"https:\/\/www.textilegence.com\/en\/#organization"},"image":{"@id":"https:\/\/www.textilegence.com\/en\/textile-ready-to-wear-summit\/#primaryimage"},"thumbnailUrl":"https:\/\/www.textilegence.com\/wp-content\/uploads\/2019\/04\/tekstil-zirve-textilegence.jpg","keywords":["istanbul international textile and ready-to-wear summit","istanbul k\u00fclt\u00fcr university","t\u00fcrkonfed"],"articleSection":["Topical","Trade Fairs"],"inLanguage":"en-US","potentialAction":[{"@type":"CommentAction","name":"Comment","target":["https:\/\/www.textilegence.com\/en\/textile-ready-to-wear-summit\/#respond"]}]},{"@type":"WebPage","@id":"https:\/\/www.textilegence.com\/en\/textile-ready-to-wear-summit\/","url":"https:\/\/www.textilegence.com\/en\/textile-ready-to-wear-summit\/","name":"Textile and Ready-to-Wear Summit was Held - Textilegence","isPartOf":{"@id":"https:\/\/www.textilegence.com\/en\/#website"},"primaryImageOfPage":{"@id":"https:\/\/www.textilegence.com\/en\/textile-ready-to-wear-summit\/#primaryimage"},"image":{"@id":"https:\/\/www.textilegence.com\/en\/textile-ready-to-wear-summit\/#primaryimage"},"thumbnailUrl":"https:\/\/www.textilegence.com\/wp-content\/uploads\/2019\/04\/tekstil-zirve-textilegence.jpg","datePublished":"2019-04-30T06:27:10+00:00","dateModified":"2019-04-30T06:28:00+00:00","description":"The Istanbul International Textile and Ready-to-Wear Summit held at Istanbul K\u00fclt\u00fcr University discussed the check list in order to make the industry...","breadcrumb":{"@id":"https:\/\/www.textilegence.com\/en\/textile-ready-to-wear-summit\/#breadcrumb"},"inLanguage":"en-US","potentialAction":[{"@type":"ReadAction","target":["https:\/\/www.textilegence.com\/en\/textile-ready-to-wear-summit\/"]}]},{"@type":"ImageObject","inLanguage":"en-US","@id":"https:\/\/www.textilegence.com\/en\/textile-ready-to-wear-summit\/#primaryimage","url":"https:\/\/www.textilegence.com\/wp-content\/uploads\/2019\/04\/tekstil-zirve-textilegence.jpg","contentUrl":"https:\/\/www.textilegence.com\/wp-content\/uploads\/2019\/04\/tekstil-zirve-textilegence.jpg","width":696,"height":385,"caption":"Textile and Ready-to-Wear Summit was Held with an Aim of the Global Market"},{"@type":"BreadcrumbList","@id":"https:\/\/www.textilegence.com\/en\/textile-ready-to-wear-summit\/#breadcrumb","itemListElement":[{"@type":"ListItem","position":1,"name":"Home Page","item":"https:\/\/www.textilegence.com\/en\/homepage-the-rimont\/"},{"@type":"ListItem","position":2,"name":"Trade Fairs","item":"https:\/\/www.textilegence.com\/en\/category\/trade-fairs\/"},{"@type":"ListItem","position":3,"name":"Textile and Ready-to-Wear Summit was Held with an Aim of the Global Market"}]},{"@type":"WebSite","@id":"https:\/\/www.textilegence.com\/en\/#website","url":"https:\/\/www.textilegence.com\/en\/","name":"Textilegence Magazine and Digital Platform","description":"Textile News Center","publisher":{"@id":"https:\/\/www.textilegence.com\/en\/#organization"},"potentialAction":[{"@type":"SearchAction","target":{"@type":"EntryPoint","urlTemplate":"https:\/\/www.textilegence.com\/en\/?s={search_term_string}"},"query-input":{"@type":"PropertyValueSpecification","valueRequired":true,"valueName":"search_term_string"}}],"inLanguage":"en-US"},{"@type":"Organization","@id":"https:\/\/www.textilegence.com\/en\/#organization","name":"Textilegence Magazine and Digital Platform","url":"https:\/\/www.textilegence.com\/en\/","logo":{"@type":"ImageObject","inLanguage":"en-US","@id":"https:\/\/www.textilegence.com\/en\/#\/schema\/logo\/image\/","url":"https:\/\/www.textilegence.com\/wp-content\/uploads\/2016\/11\/New_Retina_Logo_Textilegence.png","contentUrl":"https:\/\/www.textilegence.com\/wp-content\/uploads\/2016\/11\/New_Retina_Logo_Textilegence.png","width":544,"height":180,"caption":"Textilegence Magazine and Digital Platform"},"image":{"@id":"https:\/\/www.textilegence.com\/en\/#\/schema\/logo\/image\/"},"sameAs":["https:\/\/www.facebook.com\/TextilegenceMagazine","https:\/\/x.com\/textilegence","https:\/\/www.instagram.com\/textilegence\/","https:\/\/www.linkedin.com\/groups\/Textilegence-Magazine-Digital-Platform-4897253","https:\/\/www.youtube.com\/user\/textilegence"],"description":"Textilegence is a magazine and digital platform established in 2013. It focuses on the textile industry and sub-segments. The platform provides news, articles, and updates on various aspects of the textile industry, including sustainability, technological advancements, and market trends.","email":"editor@textilegence.com","telephone":"+90 212 442 24 12","legalName":"Textilegence Mag and Digital Platform","foundingDate":"2013-01-01","numberOfEmployees":{"@type":"QuantitativeValue","minValue":"1","maxValue":"10"}},{"@type":"Person","@id":"https:\/\/www.textilegence.com\/en\/#\/schema\/person\/8dbf2ab62ffdf644153f8c0f9c991f78","name":"Emirhan \u00c7ilo\u011flu","image":{"@type":"ImageObject","inLanguage":"en-US","@id":"https:\/\/www.textilegence.com\/wp-content\/uploads\/2021\/12\/emirhan.jpg","url":"https:\/\/www.textilegence.com\/wp-content\/uploads\/2021\/12\/emirhan.jpg","contentUrl":"https:\/\/www.textilegence.com\/wp-content\/uploads\/2021\/12\/emirhan.jpg","caption":"Emirhan \u00c7ilo\u011flu"},"description":"Mahmut Emirhan \u00c7ilo\u011flu, \u0130stanbul\u2019da H\u00fcsn\u00fc M. \u00d6zye\u011fin Anadolu Lisesi\u2019nde lise e\u011fitimini tamamlam\u0131\u015f, sonras\u0131nda da \u0130stanbul \u00dcniversitesi\u2019nde Amerikan K\u00fclt\u00fcr\u00fc ve Edebiyat\u0131 lisans b\u00f6l\u00fcm\u00fcnden ba\u015far\u0131yla mezun olmu\u015ftur. 2021 itibari ile Textilegence\u2019da pazarlama ve d\u0131\u015f ili\u015fkiler sorumlusu olarak g\u00f6rev almaya ba\u015flayan \u00c7ilo\u011flu, kurumsal ileti\u015fimin g\u00fc\u00e7lendirilmesine katk\u0131 sa\u011flamaktad\u0131r.","sameAs":["https:\/\/www.textilegence.com","https:\/\/www.facebook.com\/TextilegenceMagazine","https:\/\/www.instagram.com\/textilegence\/","https:\/\/www.linkedin.com\/in\/emre-yoleri-26151940\/","https:\/\/x.com\/https:\/\/twitter.com\/textilegence"],"url":"https:\/\/www.textilegence.com\/en\/author\/emirhan-ciloglu\/"}]}},"_links":{"self":[{"href":"https:\/\/www.textilegence.com\/en\/wp-json\/wp\/v2\/posts\/31258","targetHints":{"allow":["GET"]}}],"collection":[{"href":"https:\/\/www.textilegence.com\/en\/wp-json\/wp\/v2\/posts"}],"about":[{"href":"https:\/\/www.textilegence.com\/en\/wp-json\/wp\/v2\/types\/post"}],"author":[{"embeddable":true,"href":"https:\/\/www.textilegence.com\/en\/wp-json\/wp\/v2\/users\/16"}],"replies":[{"embeddable":true,"href":"https:\/\/www.textilegence.com\/en\/wp-json\/wp\/v2\/comments?post=31258"}],"version-history":[{"count":0,"href":"https:\/\/www.textilegence.com\/en\/wp-json\/wp\/v2\/posts\/31258\/revisions"}],"wp:featuredmedia":[{"embeddable":true,"href":"https:\/\/www.textilegence.com\/en\/wp-json\/wp\/v2\/media\/31254"}],"wp:attachment":[{"href":"https:\/\/www.textilegence.com\/en\/wp-json\/wp\/v2\/media?parent=31258"}],"wp:term":[{"taxonomy":"category","embeddable":true,"href":"https:\/\/www.textilegence.com\/en\/wp-json\/wp\/v2\/categories?post=31258"},{"taxonomy":"post_tag","embeddable":true,"href":"https:\/\/www.textilegence.com\/en\/wp-json\/wp\/v2\/tags?post=31258"}],"curies":[{"name":"wp","href":"https:\/\/api.w.org\/{rel}","templated":true}]}}