{"id":31301,"date":"2019-05-01T13:03:52","date_gmt":"2019-05-01T10:03:52","guid":{"rendered":"http:\/\/www.textilegence.com\/?p=31301"},"modified":"2019-05-01T13:04:50","modified_gmt":"2019-05-01T10:04:50","slug":"industry-leaders-meet-kahramanmaras","status":"publish","type":"post","link":"https:\/\/www.textilegence.com\/en\/industry-leaders-meet-kahramanmaras\/","title":{"rendered":"Textile and Ready-to-Wear Industry Leaders Meet in Kahramanmara\u015f"},"content":{"rendered":"<figure id=\"attachment_31299\" aria-describedby=\"caption-attachment-31299\" style=\"width: 324px\" class=\"wp-caption alignleft\"><img loading=\"lazy\" decoding=\"async\" class=\"wp-image-31299 size-full\" src=\"https:\/\/www.textilegence.com\/wp-content\/uploads\/2019\/05\/kahramanmara\u015f-detail.jpg\" alt=\"Textile and Ready-to-Wear Industry Leaders Meet in Kahramanmara\u015f group photo\" width=\"324\" height=\"179\" \/><figcaption id=\"caption-attachment-31299\" class=\"wp-caption-text\">Textile and Ready-to-Wear Industry Leaders Meet in Kahramanmara\u015f<\/figcaption><\/figure>\n<p style=\"text-align: justify;\"><strong>Textile and ready-to-wear industry leaders meet in Kahramanmara\u015f. The industry\u2019s production and export power was emphasized, while more support was requested in the Textile and Ready-to-Wear industries\u2019 joint industry meeting held in Kahramanmara\u015f.<\/strong><\/p>\n<p style=\"text-align: justify;\">Industry <a href=\"https:\/\/www.textilegence.com\/en\/category\/topical\/\" target=\"_blank\" rel=\"noopener noreferrer\">meeting<\/a> of the two major power of the Turkish economy: textile and ready-to-wear was held in Kahramanmara\u015f. Important names of the industry and economy management attended the meeting where it was underlined that the government gave full support to both industries.<\/p>\n<p style=\"text-align: justify;\">Speaking at the opening of the industry meeting Deputy Minister of Trade Riza Tuna Turagay; \u201cThe textile and apparel industries are very important to our state. As the state and government, we will always be behind our industries. Our state is aware of the importance of textile and apparel industries.\u201d Textile and apparel industry has played an important role in the development of the country from the 80s to the present said Turagay and continued arguing that the industries should now make a breakthrough. Turagay continued his speech as follows;<\/p>\n<p style=\"text-align: justify;\">\u201cOur textile and ready-to-wear industries play a key role in export and development. We&#8217;re doing our share as the state. Textile and ready-to-wear industries are one of the most important industries for our country&#8217;s economy. Their contribution to employment is clear. They are among the most value-added industries. While the export price of our country is 1.33 dollars, this figure is up to 17 dollars for our textile and ready-to-wear industries. It is also clear to what extent our industries have created great added value. Export is very important to us. We should export despite the shrinking domestic demand. We must work together for this country\u201d.<\/p>\n<h2 style=\"text-align: justify;\"><strong>Textile and ready-to-wear industry leaders meet in Kahramanmara\u015f: textile industry needs to write a story again<\/strong><\/h2>\n<p style=\"text-align: justify;\">Turkey Exporters Assembly (<a href=\"http:\/\/www.tim.org.tr\/tr\/default.html\" target=\"_blank\" rel=\"noopener noreferrer\">T\u0130M<\/a>) Chairman \u0130smail G\u00fclle said that Kahramanmara\u015f is an example of success story in Turkey&#8217;s manufacturing. G\u00fclle explained that Turkey exported 45 billion dollars in the first quarter of 2019; \u201cWe are in a picture frame that can close the year with exports of 180 billion dollars. Textile and ready-to-wear has a very high share in this. For years, we have been working together to get this industry forward. Whenever a crisis arose, the textile industry inspired other industries\u201d. Stating that the textile industry needs to write a story again, G\u00fclle announced that they are carrying out the infrastructure work of the export reform will be announced in August with the ministry.<\/p>\n<h2 style=\"text-align: justify;\"><strong>Net 15.5 billion dollars contribution from textile and ready-to-wear industries to foreign trade<\/strong><\/h2>\n<p style=\"text-align: justify;\">Istanbul Textile and Raw Materials Exporters&#8217; Association (\u0130TH\u0130B) Chairman Ahmet \u00d6ks\u00fcz evaluated the export figures of textile and ready-to-wear industries. \u00d6ks\u00fcz; \u201cWe exported 26.1 billion dollars\u2019 worth of textile and ready-to-wear industries in 2018 and we provided a very significant contribution to our country&#8217;s economy by giving foreign trade surplus worth 15.5 billion dollars\u201d. \u00d6ks\u00fcz said that the industries succeeded with the support of the Ministry of Commerce and T\u0130M, and indicated that they are determined to write new success stories. \u00d6ks\u00fcz stated that \u0130TH\u0130B continued to work with determination for this purpose and continued his words as follows;<\/p>\n<p style=\"text-align: justify;\">\u201cWe are launching new generation B2B activities. We are bringing foreign purchasing offices together with our exporters in our country. We are increasing the number of Ur-Ge projects. We introduce our industry to the world with our international promotion activities\u201d.<\/p>\n<h2 style=\"text-align: justify;\"><strong>Kahramanmara\u015f is the textile\u2019s shining star<\/strong><\/h2>\n<p style=\"text-align: justify;\">Mustafa G\u00fcltepe, Chairman of the \u0130stanbul Apparel Exporters\u2019 Association (\u0130HK\u0130B), underlined that Anatolia should be the production base for the apparel industry. \u201cKahramanmara\u015f is the shining star of textile\u201d said G\u00fcltepe in his speech and continued saying; \u201cReady-to-wear and apparel exports were 17.6 billion dollars in 2018. We are also in an increase in the first quarter of 2019. In 2018, there was an increase of 7.6 percent and an 11 percent increase in the first quarter of 2019. We produce more and export more. This is reflected in employment. Ready-to-wear industry grew 3.6 percent this year. We put forward opposite numbers to Turkey. We broke employment records every month between August and December. The Anatolian should be turned into a production base by providing special investment supports to the apparel sector\u201d.<\/p>\n<p style=\"text-align: justify;\">Indicating that the textile industry is the locomotive of Kahramanmara\u015f economy, Kahramanmara\u015f Chamber of Industry and Commerce Assembly President Hanefi \u00d6ks\u00fcz said; \u201cWe gathered here as the Turkish textile family. The locomotive of our city is the textile industry. We produce more than one third of the yarn produced in our country here in our city. Textile is growing in the form of a pyramid in our city. We are moving our industry forward. The textile industry is even more important in the period when we are having an employment crisis as a country. This is industry requires a lot of investment\u201d.<\/p>\n","protected":false},"excerpt":{"rendered":"<p>Textile and ready-to-wear industry leaders meet in Kahramanmara\u015f. The industry\u2019s production and export power was emphasized, while more support was requested in the Textile and Ready-to-Wear industries\u2019 joint industry meeting held in Kahramanmara\u015f. Industry meeting of the two major power of the Turkish economy: textile and ready-to-wear was held in Kahramanmara\u015f. Important names of the [&hellip;]<\/p>\n","protected":false},"author":8,"featured_media":31297,"comment_status":"open","ping_status":"closed","sticky":false,"template":"","format":"standard","meta":{"footnotes":""},"categories":[9859],"tags":[11586,10778,9890],"class_list":{"0":"post-31301","1":"post","2":"type-post","3":"status-publish","4":"format-standard","5":"has-post-thumbnail","7":"category-topical","8":"tag-ihkib-en","9":"tag-itkib-en","10":"tag-tim-en"},"yoast_head":"<!-- This site is optimized with the Yoast SEO Premium plugin v27.3 (Yoast SEO v27.3) - https:\/\/yoast.com\/product\/yoast-seo-premium-wordpress\/ -->\n<title>Industry Leaders Meet in Kahramanmara\u015f - Textilegence<\/title>\n<meta name=\"description\" content=\"Textile and ready-to-wear industry leaders meet in Kahramanmara\u015f. The industry\u2019s production and export power was emphasized, while more support was...\" \/>\n<meta name=\"robots\" content=\"index, follow, max-snippet:-1, max-image-preview:large, max-video-preview:-1\" \/>\n<link rel=\"canonical\" href=\"https:\/\/www.textilegence.com\/en\/industry-leaders-meet-kahramanmaras\/\" \/>\n<meta property=\"og:locale\" content=\"en_US\" \/>\n<meta property=\"og:type\" content=\"article\" \/>\n<meta property=\"og:title\" content=\"Textile and Ready-to-Wear Industry Leaders Meet in Kahramanmara\u015f\" \/>\n<meta property=\"og:description\" content=\"Textile and ready-to-wear industry leaders meet in Kahramanmara\u015f. The industry\u2019s production and export power was emphasized, while more support was\" \/>\n<meta property=\"og:url\" content=\"https:\/\/www.textilegence.com\/en\/industry-leaders-meet-kahramanmaras\/\" \/>\n<meta property=\"og:site_name\" content=\"Textilegence Magazine and Digital Platform\" \/>\n<meta property=\"article:publisher\" content=\"https:\/\/www.facebook.com\/TextilegenceMagazine\" \/>\n<meta property=\"article:author\" content=\"https:\/\/www.facebook.com\/TextilegenceMagazine\" \/>\n<meta property=\"article:published_time\" content=\"2019-05-01T10:03:52+00:00\" \/>\n<meta property=\"article:modified_time\" content=\"2019-05-01T10:04:50+00:00\" \/>\n<meta property=\"og:image\" content=\"https:\/\/www.textilegence.com\/wp-content\/uploads\/2019\/05\/kahramanmaras-textilegence.jpg\" \/>\n\t<meta property=\"og:image:width\" content=\"696\" \/>\n\t<meta property=\"og:image:height\" content=\"385\" \/>\n\t<meta property=\"og:image:type\" content=\"image\/jpeg\" \/>\n<meta name=\"author\" content=\"Fatih Cengiarslan\" \/>\n<meta name=\"twitter:card\" content=\"summary_large_image\" \/>\n<meta name=\"twitter:creator\" content=\"@https:\/\/twitter.com\/textilegence\" \/>\n<meta name=\"twitter:site\" content=\"@textilegence\" \/>\n<meta name=\"twitter:label1\" content=\"Written by\" \/>\n\t<meta name=\"twitter:data1\" content=\"Fatih Cengiarslan\" \/>\n\t<meta name=\"twitter:label2\" content=\"Est. reading time\" \/>\n\t<meta name=\"twitter:data2\" content=\"4 minutes\" \/>\n<script type=\"application\/ld+json\" class=\"yoast-schema-graph\">{\"@context\":\"https:\\\/\\\/schema.org\",\"@graph\":[{\"@type\":\"NewsArticle\",\"@id\":\"https:\\\/\\\/www.textilegence.com\\\/en\\\/industry-leaders-meet-kahramanmaras\\\/#article\",\"isPartOf\":{\"@id\":\"https:\\\/\\\/www.textilegence.com\\\/en\\\/industry-leaders-meet-kahramanmaras\\\/\"},\"author\":{\"name\":\"Fatih Cengiarslan\",\"@id\":\"https:\\\/\\\/www.textilegence.com\\\/en\\\/#\\\/schema\\\/person\\\/1c3977109f8a6e1e2b95678836d75cb7\"},\"headline\":\"Textile and Ready-to-Wear Industry Leaders Meet in Kahramanmara\u015f\",\"datePublished\":\"2019-05-01T10:03:52+00:00\",\"dateModified\":\"2019-05-01T10:04:50+00:00\",\"mainEntityOfPage\":{\"@id\":\"https:\\\/\\\/www.textilegence.com\\\/en\\\/industry-leaders-meet-kahramanmaras\\\/\"},\"wordCount\":822,\"commentCount\":0,\"publisher\":{\"@id\":\"https:\\\/\\\/www.textilegence.com\\\/en\\\/#organization\"},\"image\":{\"@id\":\"https:\\\/\\\/www.textilegence.com\\\/en\\\/industry-leaders-meet-kahramanmaras\\\/#primaryimage\"},\"thumbnailUrl\":\"https:\\\/\\\/www.textilegence.com\\\/wp-content\\\/uploads\\\/2019\\\/05\\\/kahramanmaras-textilegence.jpg\",\"keywords\":[\"ihkib\",\"itkib\",\"tim\"],\"articleSection\":[\"Topical\"],\"inLanguage\":\"en-US\",\"potentialAction\":[{\"@type\":\"CommentAction\",\"name\":\"Comment\",\"target\":[\"https:\\\/\\\/www.textilegence.com\\\/en\\\/industry-leaders-meet-kahramanmaras\\\/#respond\"]}]},{\"@type\":\"WebPage\",\"@id\":\"https:\\\/\\\/www.textilegence.com\\\/en\\\/industry-leaders-meet-kahramanmaras\\\/\",\"url\":\"https:\\\/\\\/www.textilegence.com\\\/en\\\/industry-leaders-meet-kahramanmaras\\\/\",\"name\":\"Industry Leaders Meet in Kahramanmara\u015f - Textilegence\",\"isPartOf\":{\"@id\":\"https:\\\/\\\/www.textilegence.com\\\/en\\\/#website\"},\"primaryImageOfPage\":{\"@id\":\"https:\\\/\\\/www.textilegence.com\\\/en\\\/industry-leaders-meet-kahramanmaras\\\/#primaryimage\"},\"image\":{\"@id\":\"https:\\\/\\\/www.textilegence.com\\\/en\\\/industry-leaders-meet-kahramanmaras\\\/#primaryimage\"},\"thumbnailUrl\":\"https:\\\/\\\/www.textilegence.com\\\/wp-content\\\/uploads\\\/2019\\\/05\\\/kahramanmaras-textilegence.jpg\",\"datePublished\":\"2019-05-01T10:03:52+00:00\",\"dateModified\":\"2019-05-01T10:04:50+00:00\",\"description\":\"Textile and ready-to-wear industry leaders meet in Kahramanmara\u015f. The industry\u2019s production and export power was emphasized, while more support was...\",\"breadcrumb\":{\"@id\":\"https:\\\/\\\/www.textilegence.com\\\/en\\\/industry-leaders-meet-kahramanmaras\\\/#breadcrumb\"},\"inLanguage\":\"en-US\",\"potentialAction\":[{\"@type\":\"ReadAction\",\"target\":[\"https:\\\/\\\/www.textilegence.com\\\/en\\\/industry-leaders-meet-kahramanmaras\\\/\"]}]},{\"@type\":\"ImageObject\",\"inLanguage\":\"en-US\",\"@id\":\"https:\\\/\\\/www.textilegence.com\\\/en\\\/industry-leaders-meet-kahramanmaras\\\/#primaryimage\",\"url\":\"https:\\\/\\\/www.textilegence.com\\\/wp-content\\\/uploads\\\/2019\\\/05\\\/kahramanmaras-textilegence.jpg\",\"contentUrl\":\"https:\\\/\\\/www.textilegence.com\\\/wp-content\\\/uploads\\\/2019\\\/05\\\/kahramanmaras-textilegence.jpg\",\"width\":696,\"height\":385},{\"@type\":\"BreadcrumbList\",\"@id\":\"https:\\\/\\\/www.textilegence.com\\\/en\\\/industry-leaders-meet-kahramanmaras\\\/#breadcrumb\",\"itemListElement\":[{\"@type\":\"ListItem\",\"position\":1,\"name\":\"Home Page\",\"item\":\"https:\\\/\\\/www.textilegence.com\\\/en\\\/homepage-the-rimont\\\/\"},{\"@type\":\"ListItem\",\"position\":2,\"name\":\"Topical\",\"item\":\"https:\\\/\\\/www.textilegence.com\\\/en\\\/category\\\/topical\\\/\"},{\"@type\":\"ListItem\",\"position\":3,\"name\":\"Textile and Ready-to-Wear Industry Leaders Meet in Kahramanmara\u015f\"}]},{\"@type\":\"WebSite\",\"@id\":\"https:\\\/\\\/www.textilegence.com\\\/en\\\/#website\",\"url\":\"https:\\\/\\\/www.textilegence.com\\\/en\\\/\",\"name\":\"Textilegence Magazine and Digital Platform\",\"description\":\"Textile News Center\",\"publisher\":{\"@id\":\"https:\\\/\\\/www.textilegence.com\\\/en\\\/#organization\"},\"potentialAction\":[{\"@type\":\"SearchAction\",\"target\":{\"@type\":\"EntryPoint\",\"urlTemplate\":\"https:\\\/\\\/www.textilegence.com\\\/en\\\/?s={search_term_string}\"},\"query-input\":{\"@type\":\"PropertyValueSpecification\",\"valueRequired\":true,\"valueName\":\"search_term_string\"}}],\"inLanguage\":\"en-US\"},{\"@type\":\"Organization\",\"@id\":\"https:\\\/\\\/www.textilegence.com\\\/en\\\/#organization\",\"name\":\"Textilegence Magazine and Digital Platform\",\"url\":\"https:\\\/\\\/www.textilegence.com\\\/en\\\/\",\"logo\":{\"@type\":\"ImageObject\",\"inLanguage\":\"en-US\",\"@id\":\"https:\\\/\\\/www.textilegence.com\\\/en\\\/#\\\/schema\\\/logo\\\/image\\\/\",\"url\":\"https:\\\/\\\/www.textilegence.com\\\/wp-content\\\/uploads\\\/2016\\\/11\\\/New_Retina_Logo_Textilegence.png\",\"contentUrl\":\"https:\\\/\\\/www.textilegence.com\\\/wp-content\\\/uploads\\\/2016\\\/11\\\/New_Retina_Logo_Textilegence.png\",\"width\":544,\"height\":180,\"caption\":\"Textilegence Magazine and Digital Platform\"},\"image\":{\"@id\":\"https:\\\/\\\/www.textilegence.com\\\/en\\\/#\\\/schema\\\/logo\\\/image\\\/\"},\"sameAs\":[\"https:\\\/\\\/www.facebook.com\\\/TextilegenceMagazine\",\"https:\\\/\\\/x.com\\\/textilegence\",\"https:\\\/\\\/www.instagram.com\\\/textilegence\\\/\",\"https:\\\/\\\/www.linkedin.com\\\/groups\\\/Textilegence-Magazine-Digital-Platform-4897253\",\"https:\\\/\\\/www.youtube.com\\\/user\\\/textilegence\"],\"description\":\"Textilegence is a magazine and digital platform established in 2013. It focuses on the textile industry and sub-segments. The platform provides news, articles, and updates on various aspects of the textile industry, including sustainability, technological advancements, and market trends.\",\"email\":\"editor@textilegence.com\",\"telephone\":\"+90 212 442 24 12\",\"legalName\":\"Textilegence Mag and Digital Platform\",\"foundingDate\":\"2013-01-01\",\"numberOfEmployees\":{\"@type\":\"QuantitativeValue\",\"minValue\":\"1\",\"maxValue\":\"10\"}},{\"@type\":\"Person\",\"@id\":\"https:\\\/\\\/www.textilegence.com\\\/en\\\/#\\\/schema\\\/person\\\/1c3977109f8a6e1e2b95678836d75cb7\",\"name\":\"Fatih Cengiarslan\",\"image\":{\"@type\":\"ImageObject\",\"inLanguage\":\"en-US\",\"@id\":\"https:\\\/\\\/www.textilegence.com\\\/wp-content\\\/uploads\\\/2018\\\/12\\\/fatih-cengiarslan.jpg\",\"url\":\"https:\\\/\\\/www.textilegence.com\\\/wp-content\\\/uploads\\\/2018\\\/12\\\/fatih-cengiarslan.jpg\",\"contentUrl\":\"https:\\\/\\\/www.textilegence.com\\\/wp-content\\\/uploads\\\/2018\\\/12\\\/fatih-cengiarslan.jpg\",\"caption\":\"Fatih Cengiarslan\"},\"description\":\"Fatih Cengiarslan; Akademik \u0130ngilizce e\u011fitimini Bat\u0131 Avustralya \u00dcniversitesi\u2019nde tamamlad\u0131ktan sonra T\u00fcrkiye\u2019ye d\u00f6nerek \u0130stanbul Ayd\u0131n \u00dcniversitesi\u2019nde \u0130nternet Gazetecili\u011fi ve Yay\u0131nc\u0131l\u0131k b\u00f6l\u00fcm\u00fcn\u00fc bitirip, Litvanya \u2013 Kaunas Teknoloji \u00dcniversitesi\u2019nde interaktif media \u00fczerine 8 ayl\u0131k e\u011fitim ald\u0131. Daha sonra Eski\u015fehir Anadolu \u00dcniversitesi girerek \u0130\u015fletme Fak\u00fcltesini ba\u015far\u0131yla tamamlad\u0131. CNNTURK\u2019 kanal\u0131nda staj\u0131n\u0131 tamamlad\u0131ktan sonra Referans Gazetesi\u2019nde \u00e7al\u0131\u015fmaya ba\u015flad\u0131. 2 y\u0131l sonra Textilegence markas\u0131yla tekstil end\u00fcstrisine y\u00f6nelik kendi medyas\u0131n\u0131 kurdu. \u015eu anda Textilegence.com, Printing3D ve NEFA PR Ajans\u0131\u2019n\u0131n 12 y\u0131ld\u0131r y\u00f6netimini yapmaktad\u0131r.\",\"sameAs\":[\"https:\\\/\\\/www.textilegence.com\",\"https:\\\/\\\/www.facebook.com\\\/TextilegenceMagazine\",\"https:\\\/\\\/www.instagram.com\\\/textilegence\\\/\",\"https:\\\/\\\/www.linkedin.com\\\/in\\\/fatih-cengiarslan-32352265\\\/\",\"https:\\\/\\\/x.com\\\/https:\\\/\\\/twitter.com\\\/textilegence\"],\"url\":\"https:\\\/\\\/www.textilegence.com\\\/en\\\/author\\\/admin\\\/\"}]}<\/script>\n<!-- \/ Yoast SEO Premium plugin. -->","yoast_head_json":{"title":"Industry Leaders Meet in Kahramanmara\u015f - Textilegence","description":"Textile and ready-to-wear industry leaders meet in Kahramanmara\u015f. The industry\u2019s production and export power was emphasized, while more support was...","robots":{"index":"index","follow":"follow","max-snippet":"max-snippet:-1","max-image-preview":"max-image-preview:large","max-video-preview":"max-video-preview:-1"},"canonical":"https:\/\/www.textilegence.com\/en\/industry-leaders-meet-kahramanmaras\/","og_locale":"en_US","og_type":"article","og_title":"Textile and Ready-to-Wear Industry Leaders Meet in Kahramanmara\u015f","og_description":"Textile and ready-to-wear industry leaders meet in Kahramanmara\u015f. The industry\u2019s production and export power was emphasized, while more support was","og_url":"https:\/\/www.textilegence.com\/en\/industry-leaders-meet-kahramanmaras\/","og_site_name":"Textilegence Magazine and Digital Platform","article_publisher":"https:\/\/www.facebook.com\/TextilegenceMagazine","article_author":"https:\/\/www.facebook.com\/TextilegenceMagazine","article_published_time":"2019-05-01T10:03:52+00:00","article_modified_time":"2019-05-01T10:04:50+00:00","og_image":[{"width":696,"height":385,"url":"https:\/\/www.textilegence.com\/wp-content\/uploads\/2019\/05\/kahramanmaras-textilegence.jpg","type":"image\/jpeg"}],"author":"Fatih Cengiarslan","twitter_card":"summary_large_image","twitter_creator":"@https:\/\/twitter.com\/textilegence","twitter_site":"@textilegence","twitter_misc":{"Written by":"Fatih Cengiarslan","Est. reading time":"4 minutes"},"schema":{"@context":"https:\/\/schema.org","@graph":[{"@type":"NewsArticle","@id":"https:\/\/www.textilegence.com\/en\/industry-leaders-meet-kahramanmaras\/#article","isPartOf":{"@id":"https:\/\/www.textilegence.com\/en\/industry-leaders-meet-kahramanmaras\/"},"author":{"name":"Fatih Cengiarslan","@id":"https:\/\/www.textilegence.com\/en\/#\/schema\/person\/1c3977109f8a6e1e2b95678836d75cb7"},"headline":"Textile and Ready-to-Wear Industry Leaders Meet in Kahramanmara\u015f","datePublished":"2019-05-01T10:03:52+00:00","dateModified":"2019-05-01T10:04:50+00:00","mainEntityOfPage":{"@id":"https:\/\/www.textilegence.com\/en\/industry-leaders-meet-kahramanmaras\/"},"wordCount":822,"commentCount":0,"publisher":{"@id":"https:\/\/www.textilegence.com\/en\/#organization"},"image":{"@id":"https:\/\/www.textilegence.com\/en\/industry-leaders-meet-kahramanmaras\/#primaryimage"},"thumbnailUrl":"https:\/\/www.textilegence.com\/wp-content\/uploads\/2019\/05\/kahramanmaras-textilegence.jpg","keywords":["ihkib","itkib","tim"],"articleSection":["Topical"],"inLanguage":"en-US","potentialAction":[{"@type":"CommentAction","name":"Comment","target":["https:\/\/www.textilegence.com\/en\/industry-leaders-meet-kahramanmaras\/#respond"]}]},{"@type":"WebPage","@id":"https:\/\/www.textilegence.com\/en\/industry-leaders-meet-kahramanmaras\/","url":"https:\/\/www.textilegence.com\/en\/industry-leaders-meet-kahramanmaras\/","name":"Industry Leaders Meet in Kahramanmara\u015f - Textilegence","isPartOf":{"@id":"https:\/\/www.textilegence.com\/en\/#website"},"primaryImageOfPage":{"@id":"https:\/\/www.textilegence.com\/en\/industry-leaders-meet-kahramanmaras\/#primaryimage"},"image":{"@id":"https:\/\/www.textilegence.com\/en\/industry-leaders-meet-kahramanmaras\/#primaryimage"},"thumbnailUrl":"https:\/\/www.textilegence.com\/wp-content\/uploads\/2019\/05\/kahramanmaras-textilegence.jpg","datePublished":"2019-05-01T10:03:52+00:00","dateModified":"2019-05-01T10:04:50+00:00","description":"Textile and ready-to-wear industry leaders meet in Kahramanmara\u015f. The industry\u2019s production and export power was emphasized, while more support was...","breadcrumb":{"@id":"https:\/\/www.textilegence.com\/en\/industry-leaders-meet-kahramanmaras\/#breadcrumb"},"inLanguage":"en-US","potentialAction":[{"@type":"ReadAction","target":["https:\/\/www.textilegence.com\/en\/industry-leaders-meet-kahramanmaras\/"]}]},{"@type":"ImageObject","inLanguage":"en-US","@id":"https:\/\/www.textilegence.com\/en\/industry-leaders-meet-kahramanmaras\/#primaryimage","url":"https:\/\/www.textilegence.com\/wp-content\/uploads\/2019\/05\/kahramanmaras-textilegence.jpg","contentUrl":"https:\/\/www.textilegence.com\/wp-content\/uploads\/2019\/05\/kahramanmaras-textilegence.jpg","width":696,"height":385},{"@type":"BreadcrumbList","@id":"https:\/\/www.textilegence.com\/en\/industry-leaders-meet-kahramanmaras\/#breadcrumb","itemListElement":[{"@type":"ListItem","position":1,"name":"Home Page","item":"https:\/\/www.textilegence.com\/en\/homepage-the-rimont\/"},{"@type":"ListItem","position":2,"name":"Topical","item":"https:\/\/www.textilegence.com\/en\/category\/topical\/"},{"@type":"ListItem","position":3,"name":"Textile and Ready-to-Wear Industry Leaders Meet in Kahramanmara\u015f"}]},{"@type":"WebSite","@id":"https:\/\/www.textilegence.com\/en\/#website","url":"https:\/\/www.textilegence.com\/en\/","name":"Textilegence Magazine and Digital Platform","description":"Textile News Center","publisher":{"@id":"https:\/\/www.textilegence.com\/en\/#organization"},"potentialAction":[{"@type":"SearchAction","target":{"@type":"EntryPoint","urlTemplate":"https:\/\/www.textilegence.com\/en\/?s={search_term_string}"},"query-input":{"@type":"PropertyValueSpecification","valueRequired":true,"valueName":"search_term_string"}}],"inLanguage":"en-US"},{"@type":"Organization","@id":"https:\/\/www.textilegence.com\/en\/#organization","name":"Textilegence Magazine and Digital Platform","url":"https:\/\/www.textilegence.com\/en\/","logo":{"@type":"ImageObject","inLanguage":"en-US","@id":"https:\/\/www.textilegence.com\/en\/#\/schema\/logo\/image\/","url":"https:\/\/www.textilegence.com\/wp-content\/uploads\/2016\/11\/New_Retina_Logo_Textilegence.png","contentUrl":"https:\/\/www.textilegence.com\/wp-content\/uploads\/2016\/11\/New_Retina_Logo_Textilegence.png","width":544,"height":180,"caption":"Textilegence Magazine and Digital Platform"},"image":{"@id":"https:\/\/www.textilegence.com\/en\/#\/schema\/logo\/image\/"},"sameAs":["https:\/\/www.facebook.com\/TextilegenceMagazine","https:\/\/x.com\/textilegence","https:\/\/www.instagram.com\/textilegence\/","https:\/\/www.linkedin.com\/groups\/Textilegence-Magazine-Digital-Platform-4897253","https:\/\/www.youtube.com\/user\/textilegence"],"description":"Textilegence is a magazine and digital platform established in 2013. It focuses on the textile industry and sub-segments. The platform provides news, articles, and updates on various aspects of the textile industry, including sustainability, technological advancements, and market trends.","email":"editor@textilegence.com","telephone":"+90 212 442 24 12","legalName":"Textilegence Mag and Digital Platform","foundingDate":"2013-01-01","numberOfEmployees":{"@type":"QuantitativeValue","minValue":"1","maxValue":"10"}},{"@type":"Person","@id":"https:\/\/www.textilegence.com\/en\/#\/schema\/person\/1c3977109f8a6e1e2b95678836d75cb7","name":"Fatih Cengiarslan","image":{"@type":"ImageObject","inLanguage":"en-US","@id":"https:\/\/www.textilegence.com\/wp-content\/uploads\/2018\/12\/fatih-cengiarslan.jpg","url":"https:\/\/www.textilegence.com\/wp-content\/uploads\/2018\/12\/fatih-cengiarslan.jpg","contentUrl":"https:\/\/www.textilegence.com\/wp-content\/uploads\/2018\/12\/fatih-cengiarslan.jpg","caption":"Fatih Cengiarslan"},"description":"Fatih Cengiarslan; Akademik \u0130ngilizce e\u011fitimini Bat\u0131 Avustralya \u00dcniversitesi\u2019nde tamamlad\u0131ktan sonra T\u00fcrkiye\u2019ye d\u00f6nerek \u0130stanbul Ayd\u0131n \u00dcniversitesi\u2019nde \u0130nternet Gazetecili\u011fi ve Yay\u0131nc\u0131l\u0131k b\u00f6l\u00fcm\u00fcn\u00fc bitirip, Litvanya \u2013 Kaunas Teknoloji \u00dcniversitesi\u2019nde interaktif media \u00fczerine 8 ayl\u0131k e\u011fitim ald\u0131. Daha sonra Eski\u015fehir Anadolu \u00dcniversitesi girerek \u0130\u015fletme Fak\u00fcltesini ba\u015far\u0131yla tamamlad\u0131. CNNTURK\u2019 kanal\u0131nda staj\u0131n\u0131 tamamlad\u0131ktan sonra Referans Gazetesi\u2019nde \u00e7al\u0131\u015fmaya ba\u015flad\u0131. 2 y\u0131l sonra Textilegence markas\u0131yla tekstil end\u00fcstrisine y\u00f6nelik kendi medyas\u0131n\u0131 kurdu. \u015eu anda Textilegence.com, Printing3D ve NEFA PR Ajans\u0131\u2019n\u0131n 12 y\u0131ld\u0131r y\u00f6netimini yapmaktad\u0131r.","sameAs":["https:\/\/www.textilegence.com","https:\/\/www.facebook.com\/TextilegenceMagazine","https:\/\/www.instagram.com\/textilegence\/","https:\/\/www.linkedin.com\/in\/fatih-cengiarslan-32352265\/","https:\/\/x.com\/https:\/\/twitter.com\/textilegence"],"url":"https:\/\/www.textilegence.com\/en\/author\/admin\/"}]}},"_links":{"self":[{"href":"https:\/\/www.textilegence.com\/en\/wp-json\/wp\/v2\/posts\/31301","targetHints":{"allow":["GET"]}}],"collection":[{"href":"https:\/\/www.textilegence.com\/en\/wp-json\/wp\/v2\/posts"}],"about":[{"href":"https:\/\/www.textilegence.com\/en\/wp-json\/wp\/v2\/types\/post"}],"author":[{"embeddable":true,"href":"https:\/\/www.textilegence.com\/en\/wp-json\/wp\/v2\/users\/8"}],"replies":[{"embeddable":true,"href":"https:\/\/www.textilegence.com\/en\/wp-json\/wp\/v2\/comments?post=31301"}],"version-history":[{"count":0,"href":"https:\/\/www.textilegence.com\/en\/wp-json\/wp\/v2\/posts\/31301\/revisions"}],"wp:featuredmedia":[{"embeddable":true,"href":"https:\/\/www.textilegence.com\/en\/wp-json\/wp\/v2\/media\/31297"}],"wp:attachment":[{"href":"https:\/\/www.textilegence.com\/en\/wp-json\/wp\/v2\/media?parent=31301"}],"wp:term":[{"taxonomy":"category","embeddable":true,"href":"https:\/\/www.textilegence.com\/en\/wp-json\/wp\/v2\/categories?post=31301"},{"taxonomy":"post_tag","embeddable":true,"href":"https:\/\/www.textilegence.com\/en\/wp-json\/wp\/v2\/tags?post=31301"}],"curies":[{"name":"wp","href":"https:\/\/api.w.org\/{rel}","templated":true}]}}