{"id":31466,"date":"2019-05-09T14:08:36","date_gmt":"2019-05-09T11:08:36","guid":{"rendered":"http:\/\/www.textilegence.com\/?p=31466"},"modified":"2019-07-25T14:17:54","modified_gmt":"2019-07-25T11:17:54","slug":"calik-denim-sustainability","status":"publish","type":"post","link":"https:\/\/www.textilegence.com\/en\/calik-denim-sustainability\/","title":{"rendered":"\u00c7al\u0131k Denim Describes the Steps for Sustainability"},"content":{"rendered":"<figure id=\"attachment_31464\" aria-describedby=\"caption-attachment-31464\" style=\"width: 324px\" class=\"wp-caption alignleft\"><img loading=\"lazy\" decoding=\"async\" class=\"wp-image-31464 size-full\" src=\"https:\/\/www.textilegence.com\/wp-content\/uploads\/2019\/05\/calik-denim-detail.jpg\" alt=\"\u00c7al\u0131k Denim Sustainability conference\" width=\"324\" height=\"179\" \/><figcaption id=\"caption-attachment-31464\" class=\"wp-caption-text\">\u00c7al\u0131k Denim Describes the Steps for Sustainability<\/figcaption><\/figure>\n<p style=\"text-align: justify;\"><strong>Taking important concrete steps for sustainability, \u00c7al\u0131k Denim has made significant commitments for the environment and human health sensitive production. Important improvements include Laundry Less technology and D-Clear technology.<\/strong><\/p>\n<p style=\"text-align: justify;\">\u00c7al\u0131k Denim attended the 4<sup>th<\/sup> Study Hall Conference held on April 27 in London with the \u2018Sustainability as a Culture\u2019 <a href=\"https:\/\/www.textilegence.com\/en\/category\/topical\/\" target=\"_blank\" rel=\"noopener noreferrer\">theme<\/a>. \u00c7al\u0131k Denim Marketing <a href=\"http:\/\/calikdenim.com\/\" target=\"_blank\" rel=\"noopener noreferrer\">Manager<\/a> P\u0131nar Demirel highlighted at the conference that \u00c7al\u0131k Denim has tried several concrete avenues in order to contribute to responsible fashion. In addition to \u00c7al\u0131k Denim, global brands such as Adidas, YouTube and G-Star Raw supported the conference which took place at Central Saint Martins Design College of London as part of the Fashion Revolution Week.<\/p>\n<p style=\"text-align: justify;\">The first international event of Study Hall, which signed a successful partnership with the United Nations (UN) in February 2019 brought together activists, academicians, artists, and production experts of fashion and textile. Within the framework of the \u2018Sustainability as a Culture\u2019 theme, subjects such as responsible resource production and manufacturing, circularity and originality in design were discussed.<\/p>\n<h2 style=\"text-align: justify;\"><strong>Good for the world, good for people<\/strong><\/h2>\n<p style=\"text-align: justify;\">Moderated by Dio Kurazawa from The Bear Scouts, with the theme \u2018Good for the world, good for people\u2019, an answer to the question: \u2018How can circularity show the way; How can we spark the discussion in the supply chain?\u2019 was sought. Attending the session, \u00c7al\u0131k Denim Marketing Manager P\u0131nar Demirel gave important messages.<\/p>\n<p style=\"text-align: justify;\">Demirel said that \u00c7al\u0131k Denim tried several concrete avenues; in order to contribute to responsible fashion and continued her words as follows; \u201cIn line with this perspective; we strive to create processes that minimize environmental impacts in the later stages of the supply chain. The technologies we have developed emerge with this belief. For example, we can produce fabrics that appear to be washed with Laundry Less technology. In this way, we will be able to eliminate the washing process in the supply chain in the next stage. In addition, the D-Clear technology we developed requires 40 percent less water in indigo dyeing; and 83 percent less water compared to traditional denim during the finishing process. In addition, we reduce the volume of chemical used per meter in denim fabric from 150 grams to 9 grams; which means a 94 percent reduction\u201d.<\/p>\n<p style=\"text-align: justify;\">P\u0131nar Demirel stated that \u00c7al\u0131k Denim is committed to integrating D-Clear technology into 75% of their collections by 2023; and 100% by 2025.<\/p>\n<p style=\"text-align: justify;\">It was announced that the next editions of this conference, which are closely followed by the industry; will take place on August 22<sup>nd<\/sup> with Google Collaboration in San Francisco; and the next on 31 January 2020 in New York at the United Nations.<\/p>\n","protected":false},"excerpt":{"rendered":"<p>Taking important concrete steps for sustainability, \u00c7al\u0131k Denim has made significant commitments for the environment and human health sensitive production. Important improvements include Laundry Less technology and D-Clear technology. \u00c7al\u0131k Denim attended the 4th Study Hall Conference held on April 27 in London with the \u2018Sustainability as a Culture\u2019 theme. \u00c7al\u0131k Denim Marketing Manager P\u0131nar [&hellip;]<\/p>\n","protected":false},"author":16,"featured_media":31462,"comment_status":"open","ping_status":"closed","sticky":false,"template":"","format":"standard","meta":{"footnotes":""},"categories":[9859],"tags":[10956,11612,11143],"class_list":{"0":"post-31466","1":"post","2":"type-post","3":"status-publish","4":"format-standard","5":"has-post-thumbnail","7":"category-topical","8":"tag-calik-denim-en","9":"tag-conference","10":"tag-sustainability-en"},"yoast_head":"<!-- This site is optimized with the Yoast SEO Premium plugin v27.3 (Yoast SEO v27.3) - https:\/\/yoast.com\/product\/yoast-seo-premium-wordpress\/ -->\n<title>\u00c7al\u0131k Denim Describes the Steps for Sustainability - Textilegence<\/title>\n<meta name=\"description\" content=\"Taking important concrete steps for sustainability, \u00c7al\u0131k Denim has made significant commitments for the environment and human health sensitive...\" \/>\n<meta name=\"robots\" content=\"index, follow, max-snippet:-1, max-image-preview:large, max-video-preview:-1\" \/>\n<link rel=\"canonical\" href=\"https:\/\/www.textilegence.com\/en\/calik-denim-sustainability\/\" \/>\n<meta property=\"og:locale\" content=\"en_US\" \/>\n<meta property=\"og:type\" content=\"article\" \/>\n<meta property=\"og:title\" content=\"\u00c7al\u0131k Denim Describes the Steps for Sustainability\" \/>\n<meta property=\"og:description\" content=\"Taking important concrete steps for sustainability, \u00c7al\u0131k Denim has made significant commitments for the environment and human health sensitive\" \/>\n<meta property=\"og:url\" content=\"https:\/\/www.textilegence.com\/en\/calik-denim-sustainability\/\" \/>\n<meta property=\"og:site_name\" content=\"Textilegence Magazine and Digital Platform\" \/>\n<meta property=\"article:publisher\" content=\"https:\/\/www.facebook.com\/TextilegenceMagazine\" \/>\n<meta property=\"article:author\" content=\"https:\/\/www.facebook.com\/TextilegenceMagazine\" \/>\n<meta property=\"article:published_time\" content=\"2019-05-09T11:08:36+00:00\" \/>\n<meta property=\"article:modified_time\" content=\"2019-07-25T11:17:54+00:00\" \/>\n<meta property=\"og:image\" content=\"https:\/\/www.textilegence.com\/wp-content\/uploads\/2019\/05\/calik-denim-textilegence.jpg\" \/>\n\t<meta property=\"og:image:width\" content=\"696\" \/>\n\t<meta property=\"og:image:height\" content=\"385\" \/>\n\t<meta property=\"og:image:type\" content=\"image\/jpeg\" \/>\n<meta name=\"author\" content=\"Emirhan \u00c7ilo\u011flu\" \/>\n<meta name=\"twitter:card\" content=\"summary_large_image\" \/>\n<meta name=\"twitter:creator\" content=\"@https:\/\/twitter.com\/textilegence\" \/>\n<meta name=\"twitter:site\" content=\"@textilegence\" \/>\n<meta name=\"twitter:label1\" content=\"Written by\" \/>\n\t<meta name=\"twitter:data1\" content=\"Emirhan \u00c7ilo\u011flu\" \/>\n\t<meta name=\"twitter:label2\" content=\"Est. reading time\" \/>\n\t<meta name=\"twitter:data2\" content=\"2 minutes\" \/>\n<script type=\"application\/ld+json\" class=\"yoast-schema-graph\">{\"@context\":\"https:\\\/\\\/schema.org\",\"@graph\":[{\"@type\":\"NewsArticle\",\"@id\":\"https:\\\/\\\/www.textilegence.com\\\/en\\\/calik-denim-sustainability\\\/#article\",\"isPartOf\":{\"@id\":\"https:\\\/\\\/www.textilegence.com\\\/en\\\/calik-denim-sustainability\\\/\"},\"author\":{\"name\":\"Emirhan \u00c7ilo\u011flu\",\"@id\":\"https:\\\/\\\/www.textilegence.com\\\/en\\\/#\\\/schema\\\/person\\\/8dbf2ab62ffdf644153f8c0f9c991f78\"},\"headline\":\"\u00c7al\u0131k Denim Describes the Steps for Sustainability\",\"datePublished\":\"2019-05-09T11:08:36+00:00\",\"dateModified\":\"2019-07-25T11:17:54+00:00\",\"mainEntityOfPage\":{\"@id\":\"https:\\\/\\\/www.textilegence.com\\\/en\\\/calik-denim-sustainability\\\/\"},\"wordCount\":456,\"commentCount\":0,\"publisher\":{\"@id\":\"https:\\\/\\\/www.textilegence.com\\\/en\\\/#organization\"},\"image\":{\"@id\":\"https:\\\/\\\/www.textilegence.com\\\/en\\\/calik-denim-sustainability\\\/#primaryimage\"},\"thumbnailUrl\":\"https:\\\/\\\/www.textilegence.com\\\/wp-content\\\/uploads\\\/2019\\\/05\\\/calik-denim-textilegence.jpg\",\"keywords\":[\"\u00e7al\u0131k denim\",\"conference\",\"sustainability\"],\"articleSection\":[\"Topical\"],\"inLanguage\":\"en-US\",\"potentialAction\":[{\"@type\":\"CommentAction\",\"name\":\"Comment\",\"target\":[\"https:\\\/\\\/www.textilegence.com\\\/en\\\/calik-denim-sustainability\\\/#respond\"]}]},{\"@type\":\"WebPage\",\"@id\":\"https:\\\/\\\/www.textilegence.com\\\/en\\\/calik-denim-sustainability\\\/\",\"url\":\"https:\\\/\\\/www.textilegence.com\\\/en\\\/calik-denim-sustainability\\\/\",\"name\":\"\u00c7al\u0131k Denim Describes the Steps for Sustainability - Textilegence\",\"isPartOf\":{\"@id\":\"https:\\\/\\\/www.textilegence.com\\\/en\\\/#website\"},\"primaryImageOfPage\":{\"@id\":\"https:\\\/\\\/www.textilegence.com\\\/en\\\/calik-denim-sustainability\\\/#primaryimage\"},\"image\":{\"@id\":\"https:\\\/\\\/www.textilegence.com\\\/en\\\/calik-denim-sustainability\\\/#primaryimage\"},\"thumbnailUrl\":\"https:\\\/\\\/www.textilegence.com\\\/wp-content\\\/uploads\\\/2019\\\/05\\\/calik-denim-textilegence.jpg\",\"datePublished\":\"2019-05-09T11:08:36+00:00\",\"dateModified\":\"2019-07-25T11:17:54+00:00\",\"description\":\"Taking important concrete steps for sustainability, \u00c7al\u0131k Denim has made significant commitments for the environment and human health sensitive...\",\"breadcrumb\":{\"@id\":\"https:\\\/\\\/www.textilegence.com\\\/en\\\/calik-denim-sustainability\\\/#breadcrumb\"},\"inLanguage\":\"en-US\",\"potentialAction\":[{\"@type\":\"ReadAction\",\"target\":[\"https:\\\/\\\/www.textilegence.com\\\/en\\\/calik-denim-sustainability\\\/\"]}]},{\"@type\":\"ImageObject\",\"inLanguage\":\"en-US\",\"@id\":\"https:\\\/\\\/www.textilegence.com\\\/en\\\/calik-denim-sustainability\\\/#primaryimage\",\"url\":\"https:\\\/\\\/www.textilegence.com\\\/wp-content\\\/uploads\\\/2019\\\/05\\\/calik-denim-textilegence.jpg\",\"contentUrl\":\"https:\\\/\\\/www.textilegence.com\\\/wp-content\\\/uploads\\\/2019\\\/05\\\/calik-denim-textilegence.jpg\",\"width\":696,\"height\":385,\"caption\":\"\u00c7al\u0131k Denim Describes the Steps for Sustainability\"},{\"@type\":\"BreadcrumbList\",\"@id\":\"https:\\\/\\\/www.textilegence.com\\\/en\\\/calik-denim-sustainability\\\/#breadcrumb\",\"itemListElement\":[{\"@type\":\"ListItem\",\"position\":1,\"name\":\"Home Page\",\"item\":\"https:\\\/\\\/www.textilegence.com\\\/en\\\/homepage-the-rimont\\\/\"},{\"@type\":\"ListItem\",\"position\":2,\"name\":\"Topical\",\"item\":\"https:\\\/\\\/www.textilegence.com\\\/en\\\/category\\\/topical\\\/\"},{\"@type\":\"ListItem\",\"position\":3,\"name\":\"\u00c7al\u0131k Denim Describes the Steps for Sustainability\"}]},{\"@type\":\"WebSite\",\"@id\":\"https:\\\/\\\/www.textilegence.com\\\/en\\\/#website\",\"url\":\"https:\\\/\\\/www.textilegence.com\\\/en\\\/\",\"name\":\"Textilegence Magazine and Digital Platform\",\"description\":\"Textile News Center\",\"publisher\":{\"@id\":\"https:\\\/\\\/www.textilegence.com\\\/en\\\/#organization\"},\"potentialAction\":[{\"@type\":\"SearchAction\",\"target\":{\"@type\":\"EntryPoint\",\"urlTemplate\":\"https:\\\/\\\/www.textilegence.com\\\/en\\\/?s={search_term_string}\"},\"query-input\":{\"@type\":\"PropertyValueSpecification\",\"valueRequired\":true,\"valueName\":\"search_term_string\"}}],\"inLanguage\":\"en-US\"},{\"@type\":\"Organization\",\"@id\":\"https:\\\/\\\/www.textilegence.com\\\/en\\\/#organization\",\"name\":\"Textilegence Magazine and Digital Platform\",\"url\":\"https:\\\/\\\/www.textilegence.com\\\/en\\\/\",\"logo\":{\"@type\":\"ImageObject\",\"inLanguage\":\"en-US\",\"@id\":\"https:\\\/\\\/www.textilegence.com\\\/en\\\/#\\\/schema\\\/logo\\\/image\\\/\",\"url\":\"https:\\\/\\\/www.textilegence.com\\\/wp-content\\\/uploads\\\/2016\\\/11\\\/New_Retina_Logo_Textilegence.png\",\"contentUrl\":\"https:\\\/\\\/www.textilegence.com\\\/wp-content\\\/uploads\\\/2016\\\/11\\\/New_Retina_Logo_Textilegence.png\",\"width\":544,\"height\":180,\"caption\":\"Textilegence Magazine and Digital Platform\"},\"image\":{\"@id\":\"https:\\\/\\\/www.textilegence.com\\\/en\\\/#\\\/schema\\\/logo\\\/image\\\/\"},\"sameAs\":[\"https:\\\/\\\/www.facebook.com\\\/TextilegenceMagazine\",\"https:\\\/\\\/x.com\\\/textilegence\",\"https:\\\/\\\/www.instagram.com\\\/textilegence\\\/\",\"https:\\\/\\\/www.linkedin.com\\\/groups\\\/Textilegence-Magazine-Digital-Platform-4897253\",\"https:\\\/\\\/www.youtube.com\\\/user\\\/textilegence\"],\"description\":\"Textilegence is a magazine and digital platform established in 2013. It focuses on the textile industry and sub-segments. The platform provides news, articles, and updates on various aspects of the textile industry, including sustainability, technological advancements, and market trends.\",\"email\":\"editor@textilegence.com\",\"telephone\":\"+90 212 442 24 12\",\"legalName\":\"Textilegence Mag and Digital Platform\",\"foundingDate\":\"2013-01-01\",\"numberOfEmployees\":{\"@type\":\"QuantitativeValue\",\"minValue\":\"1\",\"maxValue\":\"10\"}},{\"@type\":\"Person\",\"@id\":\"https:\\\/\\\/www.textilegence.com\\\/en\\\/#\\\/schema\\\/person\\\/8dbf2ab62ffdf644153f8c0f9c991f78\",\"name\":\"Emirhan \u00c7ilo\u011flu\",\"image\":{\"@type\":\"ImageObject\",\"inLanguage\":\"en-US\",\"@id\":\"https:\\\/\\\/www.textilegence.com\\\/wp-content\\\/uploads\\\/2021\\\/12\\\/emirhan.jpg\",\"url\":\"https:\\\/\\\/www.textilegence.com\\\/wp-content\\\/uploads\\\/2021\\\/12\\\/emirhan.jpg\",\"contentUrl\":\"https:\\\/\\\/www.textilegence.com\\\/wp-content\\\/uploads\\\/2021\\\/12\\\/emirhan.jpg\",\"caption\":\"Emirhan \u00c7ilo\u011flu\"},\"description\":\"Mahmut Emirhan \u00c7ilo\u011flu, \u0130stanbul\u2019da H\u00fcsn\u00fc M. \u00d6zye\u011fin Anadolu Lisesi\u2019nde lise e\u011fitimini tamamlam\u0131\u015f, sonras\u0131nda da \u0130stanbul \u00dcniversitesi\u2019nde Amerikan K\u00fclt\u00fcr\u00fc ve Edebiyat\u0131 lisans b\u00f6l\u00fcm\u00fcnden ba\u015far\u0131yla mezun olmu\u015ftur. 2021 itibari ile Textilegence\u2019da pazarlama ve d\u0131\u015f ili\u015fkiler sorumlusu olarak g\u00f6rev almaya ba\u015flayan \u00c7ilo\u011flu, kurumsal ileti\u015fimin g\u00fc\u00e7lendirilmesine katk\u0131 sa\u011flamaktad\u0131r.\",\"sameAs\":[\"https:\\\/\\\/www.textilegence.com\",\"https:\\\/\\\/www.facebook.com\\\/TextilegenceMagazine\",\"https:\\\/\\\/www.instagram.com\\\/textilegence\\\/\",\"https:\\\/\\\/www.linkedin.com\\\/in\\\/emre-yoleri-26151940\\\/\",\"https:\\\/\\\/x.com\\\/https:\\\/\\\/twitter.com\\\/textilegence\"],\"url\":\"https:\\\/\\\/www.textilegence.com\\\/en\\\/author\\\/emirhan-ciloglu\\\/\"}]}<\/script>\n<!-- \/ Yoast SEO Premium plugin. -->","yoast_head_json":{"title":"\u00c7al\u0131k Denim Describes the Steps for Sustainability - Textilegence","description":"Taking important concrete steps for sustainability, \u00c7al\u0131k Denim has made significant commitments for the environment and human health sensitive...","robots":{"index":"index","follow":"follow","max-snippet":"max-snippet:-1","max-image-preview":"max-image-preview:large","max-video-preview":"max-video-preview:-1"},"canonical":"https:\/\/www.textilegence.com\/en\/calik-denim-sustainability\/","og_locale":"en_US","og_type":"article","og_title":"\u00c7al\u0131k Denim Describes the Steps for Sustainability","og_description":"Taking important concrete steps for sustainability, \u00c7al\u0131k Denim has made significant commitments for the environment and human health sensitive","og_url":"https:\/\/www.textilegence.com\/en\/calik-denim-sustainability\/","og_site_name":"Textilegence Magazine and Digital Platform","article_publisher":"https:\/\/www.facebook.com\/TextilegenceMagazine","article_author":"https:\/\/www.facebook.com\/TextilegenceMagazine","article_published_time":"2019-05-09T11:08:36+00:00","article_modified_time":"2019-07-25T11:17:54+00:00","og_image":[{"width":696,"height":385,"url":"https:\/\/www.textilegence.com\/wp-content\/uploads\/2019\/05\/calik-denim-textilegence.jpg","type":"image\/jpeg"}],"author":"Emirhan \u00c7ilo\u011flu","twitter_card":"summary_large_image","twitter_creator":"@https:\/\/twitter.com\/textilegence","twitter_site":"@textilegence","twitter_misc":{"Written by":"Emirhan \u00c7ilo\u011flu","Est. reading time":"2 minutes"},"schema":{"@context":"https:\/\/schema.org","@graph":[{"@type":"NewsArticle","@id":"https:\/\/www.textilegence.com\/en\/calik-denim-sustainability\/#article","isPartOf":{"@id":"https:\/\/www.textilegence.com\/en\/calik-denim-sustainability\/"},"author":{"name":"Emirhan \u00c7ilo\u011flu","@id":"https:\/\/www.textilegence.com\/en\/#\/schema\/person\/8dbf2ab62ffdf644153f8c0f9c991f78"},"headline":"\u00c7al\u0131k Denim Describes the Steps for Sustainability","datePublished":"2019-05-09T11:08:36+00:00","dateModified":"2019-07-25T11:17:54+00:00","mainEntityOfPage":{"@id":"https:\/\/www.textilegence.com\/en\/calik-denim-sustainability\/"},"wordCount":456,"commentCount":0,"publisher":{"@id":"https:\/\/www.textilegence.com\/en\/#organization"},"image":{"@id":"https:\/\/www.textilegence.com\/en\/calik-denim-sustainability\/#primaryimage"},"thumbnailUrl":"https:\/\/www.textilegence.com\/wp-content\/uploads\/2019\/05\/calik-denim-textilegence.jpg","keywords":["\u00e7al\u0131k denim","conference","sustainability"],"articleSection":["Topical"],"inLanguage":"en-US","potentialAction":[{"@type":"CommentAction","name":"Comment","target":["https:\/\/www.textilegence.com\/en\/calik-denim-sustainability\/#respond"]}]},{"@type":"WebPage","@id":"https:\/\/www.textilegence.com\/en\/calik-denim-sustainability\/","url":"https:\/\/www.textilegence.com\/en\/calik-denim-sustainability\/","name":"\u00c7al\u0131k Denim Describes the Steps for Sustainability - Textilegence","isPartOf":{"@id":"https:\/\/www.textilegence.com\/en\/#website"},"primaryImageOfPage":{"@id":"https:\/\/www.textilegence.com\/en\/calik-denim-sustainability\/#primaryimage"},"image":{"@id":"https:\/\/www.textilegence.com\/en\/calik-denim-sustainability\/#primaryimage"},"thumbnailUrl":"https:\/\/www.textilegence.com\/wp-content\/uploads\/2019\/05\/calik-denim-textilegence.jpg","datePublished":"2019-05-09T11:08:36+00:00","dateModified":"2019-07-25T11:17:54+00:00","description":"Taking important concrete steps for sustainability, \u00c7al\u0131k Denim has made significant commitments for the environment and human health sensitive...","breadcrumb":{"@id":"https:\/\/www.textilegence.com\/en\/calik-denim-sustainability\/#breadcrumb"},"inLanguage":"en-US","potentialAction":[{"@type":"ReadAction","target":["https:\/\/www.textilegence.com\/en\/calik-denim-sustainability\/"]}]},{"@type":"ImageObject","inLanguage":"en-US","@id":"https:\/\/www.textilegence.com\/en\/calik-denim-sustainability\/#primaryimage","url":"https:\/\/www.textilegence.com\/wp-content\/uploads\/2019\/05\/calik-denim-textilegence.jpg","contentUrl":"https:\/\/www.textilegence.com\/wp-content\/uploads\/2019\/05\/calik-denim-textilegence.jpg","width":696,"height":385,"caption":"\u00c7al\u0131k Denim Describes the Steps for Sustainability"},{"@type":"BreadcrumbList","@id":"https:\/\/www.textilegence.com\/en\/calik-denim-sustainability\/#breadcrumb","itemListElement":[{"@type":"ListItem","position":1,"name":"Home Page","item":"https:\/\/www.textilegence.com\/en\/homepage-the-rimont\/"},{"@type":"ListItem","position":2,"name":"Topical","item":"https:\/\/www.textilegence.com\/en\/category\/topical\/"},{"@type":"ListItem","position":3,"name":"\u00c7al\u0131k Denim Describes the Steps for Sustainability"}]},{"@type":"WebSite","@id":"https:\/\/www.textilegence.com\/en\/#website","url":"https:\/\/www.textilegence.com\/en\/","name":"Textilegence Magazine and Digital Platform","description":"Textile News Center","publisher":{"@id":"https:\/\/www.textilegence.com\/en\/#organization"},"potentialAction":[{"@type":"SearchAction","target":{"@type":"EntryPoint","urlTemplate":"https:\/\/www.textilegence.com\/en\/?s={search_term_string}"},"query-input":{"@type":"PropertyValueSpecification","valueRequired":true,"valueName":"search_term_string"}}],"inLanguage":"en-US"},{"@type":"Organization","@id":"https:\/\/www.textilegence.com\/en\/#organization","name":"Textilegence Magazine and Digital Platform","url":"https:\/\/www.textilegence.com\/en\/","logo":{"@type":"ImageObject","inLanguage":"en-US","@id":"https:\/\/www.textilegence.com\/en\/#\/schema\/logo\/image\/","url":"https:\/\/www.textilegence.com\/wp-content\/uploads\/2016\/11\/New_Retina_Logo_Textilegence.png","contentUrl":"https:\/\/www.textilegence.com\/wp-content\/uploads\/2016\/11\/New_Retina_Logo_Textilegence.png","width":544,"height":180,"caption":"Textilegence Magazine and Digital Platform"},"image":{"@id":"https:\/\/www.textilegence.com\/en\/#\/schema\/logo\/image\/"},"sameAs":["https:\/\/www.facebook.com\/TextilegenceMagazine","https:\/\/x.com\/textilegence","https:\/\/www.instagram.com\/textilegence\/","https:\/\/www.linkedin.com\/groups\/Textilegence-Magazine-Digital-Platform-4897253","https:\/\/www.youtube.com\/user\/textilegence"],"description":"Textilegence is a magazine and digital platform established in 2013. It focuses on the textile industry and sub-segments. The platform provides news, articles, and updates on various aspects of the textile industry, including sustainability, technological advancements, and market trends.","email":"editor@textilegence.com","telephone":"+90 212 442 24 12","legalName":"Textilegence Mag and Digital Platform","foundingDate":"2013-01-01","numberOfEmployees":{"@type":"QuantitativeValue","minValue":"1","maxValue":"10"}},{"@type":"Person","@id":"https:\/\/www.textilegence.com\/en\/#\/schema\/person\/8dbf2ab62ffdf644153f8c0f9c991f78","name":"Emirhan \u00c7ilo\u011flu","image":{"@type":"ImageObject","inLanguage":"en-US","@id":"https:\/\/www.textilegence.com\/wp-content\/uploads\/2021\/12\/emirhan.jpg","url":"https:\/\/www.textilegence.com\/wp-content\/uploads\/2021\/12\/emirhan.jpg","contentUrl":"https:\/\/www.textilegence.com\/wp-content\/uploads\/2021\/12\/emirhan.jpg","caption":"Emirhan \u00c7ilo\u011flu"},"description":"Mahmut Emirhan \u00c7ilo\u011flu, \u0130stanbul\u2019da H\u00fcsn\u00fc M. \u00d6zye\u011fin Anadolu Lisesi\u2019nde lise e\u011fitimini tamamlam\u0131\u015f, sonras\u0131nda da \u0130stanbul \u00dcniversitesi\u2019nde Amerikan K\u00fclt\u00fcr\u00fc ve Edebiyat\u0131 lisans b\u00f6l\u00fcm\u00fcnden ba\u015far\u0131yla mezun olmu\u015ftur. 2021 itibari ile Textilegence\u2019da pazarlama ve d\u0131\u015f ili\u015fkiler sorumlusu olarak g\u00f6rev almaya ba\u015flayan \u00c7ilo\u011flu, kurumsal ileti\u015fimin g\u00fc\u00e7lendirilmesine katk\u0131 sa\u011flamaktad\u0131r.","sameAs":["https:\/\/www.textilegence.com","https:\/\/www.facebook.com\/TextilegenceMagazine","https:\/\/www.instagram.com\/textilegence\/","https:\/\/www.linkedin.com\/in\/emre-yoleri-26151940\/","https:\/\/x.com\/https:\/\/twitter.com\/textilegence"],"url":"https:\/\/www.textilegence.com\/en\/author\/emirhan-ciloglu\/"}]}},"_links":{"self":[{"href":"https:\/\/www.textilegence.com\/en\/wp-json\/wp\/v2\/posts\/31466","targetHints":{"allow":["GET"]}}],"collection":[{"href":"https:\/\/www.textilegence.com\/en\/wp-json\/wp\/v2\/posts"}],"about":[{"href":"https:\/\/www.textilegence.com\/en\/wp-json\/wp\/v2\/types\/post"}],"author":[{"embeddable":true,"href":"https:\/\/www.textilegence.com\/en\/wp-json\/wp\/v2\/users\/16"}],"replies":[{"embeddable":true,"href":"https:\/\/www.textilegence.com\/en\/wp-json\/wp\/v2\/comments?post=31466"}],"version-history":[{"count":0,"href":"https:\/\/www.textilegence.com\/en\/wp-json\/wp\/v2\/posts\/31466\/revisions"}],"wp:featuredmedia":[{"embeddable":true,"href":"https:\/\/www.textilegence.com\/en\/wp-json\/wp\/v2\/media\/31462"}],"wp:attachment":[{"href":"https:\/\/www.textilegence.com\/en\/wp-json\/wp\/v2\/media?parent=31466"}],"wp:term":[{"taxonomy":"category","embeddable":true,"href":"https:\/\/www.textilegence.com\/en\/wp-json\/wp\/v2\/categories?post=31466"},{"taxonomy":"post_tag","embeddable":true,"href":"https:\/\/www.textilegence.com\/en\/wp-json\/wp\/v2\/tags?post=31466"}],"curies":[{"name":"wp","href":"https:\/\/api.w.org\/{rel}","templated":true}]}}