{"id":31709,"date":"2019-05-28T15:04:17","date_gmt":"2019-05-28T12:04:17","guid":{"rendered":"http:\/\/www.textilegence.com\/?p=31709"},"modified":"2019-07-25T13:04:54","modified_gmt":"2019-07-25T10:04:54","slug":"xaar-5601-itma-2019","status":"publish","type":"post","link":"https:\/\/www.textilegence.com\/en\/xaar-5601-itma-2019\/","title":{"rendered":"Xaar 5601 Printhead to Start at ITMA 2019"},"content":{"rendered":"<figure id=\"attachment_31706\" aria-describedby=\"caption-attachment-31706\" style=\"width: 324px\" class=\"wp-caption alignleft\"><img loading=\"lazy\" decoding=\"async\" class=\"wp-image-31706 size-full\" src=\"https:\/\/www.textilegence.com\/wp-content\/uploads\/2019\/05\/xaar-detail.jpg\" alt=\"Xaar 5601 Printhead to Start at ITMA 2019\" width=\"324\" height=\"179\" \/><figcaption id=\"caption-attachment-31706\" class=\"wp-caption-text\">Xaar 5601 Printhead to Start at ITMA 2019<\/figcaption><\/figure>\n<p style=\"text-align: justify;\">Xaar, a world-<a href=\"https:\/\/www.xaar.com\/en\/\" target=\"_blank\" rel=\"noopener noreferrer\">leader<\/a> in industrial inkjet <a href=\"https:\/\/www.textilegence.com\/en\/category\/printing\/\" target=\"_blank\" rel=\"noopener noreferrer\">printing<\/a>, will introduce the Xaar 5601 printhead to the textiles market at ITMA 2019 in Barcelona from 20 to 26th June. Displaying on stand C205 in Hall H3 as part of Xaar\u2019s range of printhead solutions for the textile sector, together with a variety of stunning textile samples, the Xaar 5601 will also be incorporated in a technology demonstration on the stand of a leading digital textile printer manufacturer.<\/p>\n<p style=\"text-align: justify;\">The 5601, with 5680 nozzles, sets new standards in digital textile printing with its market-leading print quality and productivity; up to 80 linear metres of textiles can be printed per minute. Exceptional colour uniformity and repeatability are ensured through Xaar\u2019s AcuDrp Technology alongside tight colour-to-colour registration, thanks to the Xaar 5601\u2019s unique Z-profile. Unparalleled usability is also provided with a number of alignment features that enable quick and easy Plug &amp; Print installation with no mechanical adjustment required. Xaar\u2019s TF Technology ink recirculation further minimises any downtime whilst optimising print quality.<\/p>\n<h2 style=\"text-align: justify;\"><strong>Comprehensive Xaar product range and activities at ITMA 2019<\/strong><\/h2>\n<p style=\"text-align: justify;\">The Xaar 1201 printhead will also be on display. Its high print quality, compact design and ability to jet 1, 2 or 4 colours makes it a versatile option; for a wide range of small and mid-range scanning textile applications. Giving an apparent resolution better than 1440 dpi with 8 grey levels at 600 npi; the Xaar 1201 can jet solvent-based or aqueous inks. This means that it can be used to print a range of substrates including photo paper, vinyl, canvas and textiles.<\/p>\n<p style=\"text-align: justify;\">Throughout the week at ITMA 2019, Xaar\u2019s inkjet expertise will be shared with talks about the Xaar 5601; and other topics held twice every day on the stand. Also, as sponsors of the WTIN Digital Textile Conference; co-located with ITMA and held on 24th June, Xaar will take part in a panel discussion on the digital textile workflow; and the role of inkjet technology in delivering everything from concepts and samples to finished products.<\/p>\n<p style=\"text-align: justify;\">Jason Remnant, Head of Product Management, says; \u201cAs the leading textile and garment technology show ITMA 2019 is the ideal forum; in which to introduce the Xaar 5601 and our range of printheads for the textiles sector. We are extremely excited to be working with a leading OEM in the textiles market; who will soon be making their announcement.\u00a0 I look forward to visitors to the show being able to see the versatility of Xaar\u2019s printheads for textile printing; and learn how they can get ahead and achieve more with Xaar\u2019s technology\u201d.<\/p>\n","protected":false},"excerpt":{"rendered":"<p>Xaar, a world-leader in industrial inkjet printing, will introduce the Xaar 5601 printhead to the textiles market at ITMA 2019 in Barcelona from 20 to 26th June. Displaying on stand C205 in Hall H3 as part of Xaar\u2019s range of printhead solutions for the textile sector, together with a variety of stunning textile samples, the [&hellip;]<\/p>\n","protected":false},"author":8,"featured_media":31704,"comment_status":"open","ping_status":"closed","sticky":false,"template":"","format":"standard","meta":{"footnotes":""},"categories":[9853,9859],"tags":[11524],"class_list":{"0":"post-31709","1":"post","2":"type-post","3":"status-publish","4":"format-standard","5":"has-post-thumbnail","7":"category-printing","8":"category-topical","9":"tag-itma-2019-en"},"yoast_head":"<!-- This site is optimized with the Yoast SEO Premium plugin v27.3 (Yoast SEO v27.3) - https:\/\/yoast.com\/product\/yoast-seo-premium-wordpress\/ -->\n<title>Xaar 5601 Printhead to Start at ITMA 2019 - Textilegence<\/title>\n<meta name=\"description\" content=\"The Xaar stand focuses on innovations in printhead technology at ITMA 2019. For the first time, the Xaar 5601 will be on display and printing live at...\" \/>\n<meta name=\"robots\" content=\"index, follow, max-snippet:-1, max-image-preview:large, max-video-preview:-1\" \/>\n<link rel=\"canonical\" href=\"https:\/\/www.textilegence.com\/en\/xaar-5601-itma-2019\/\" \/>\n<meta property=\"og:locale\" content=\"en_US\" \/>\n<meta property=\"og:type\" content=\"article\" \/>\n<meta property=\"og:title\" content=\"Xaar 5601 Printhead to Start at ITMA 2019\" \/>\n<meta property=\"og:description\" content=\"Xaar, a world-leader in industrial inkjet printing, will introduce the Xaar 5601 printhead to the textiles market at ITMA 2019 in Barcelona from 20 to\" \/>\n<meta property=\"og:url\" content=\"https:\/\/www.textilegence.com\/en\/xaar-5601-itma-2019\/\" \/>\n<meta property=\"og:site_name\" content=\"Textilegence Magazine and Digital Platform\" \/>\n<meta property=\"article:publisher\" content=\"https:\/\/www.facebook.com\/TextilegenceMagazine\" \/>\n<meta property=\"article:author\" content=\"https:\/\/www.facebook.com\/TextilegenceMagazine\" \/>\n<meta property=\"article:published_time\" content=\"2019-05-28T12:04:17+00:00\" \/>\n<meta property=\"article:modified_time\" content=\"2019-07-25T10:04:54+00:00\" \/>\n<meta property=\"og:image\" content=\"https:\/\/www.textilegence.com\/wp-content\/uploads\/2019\/05\/xaar-textilegence.jpg\" \/>\n\t<meta property=\"og:image:width\" content=\"696\" \/>\n\t<meta property=\"og:image:height\" content=\"385\" \/>\n\t<meta property=\"og:image:type\" content=\"image\/jpeg\" \/>\n<meta name=\"author\" content=\"Fatih Cengiarslan\" \/>\n<meta name=\"twitter:card\" content=\"summary_large_image\" \/>\n<meta name=\"twitter:creator\" content=\"@https:\/\/twitter.com\/textilegence\" \/>\n<meta name=\"twitter:site\" content=\"@textilegence\" \/>\n<meta name=\"twitter:label1\" content=\"Written by\" \/>\n\t<meta name=\"twitter:data1\" content=\"Fatih Cengiarslan\" \/>\n\t<meta name=\"twitter:label2\" content=\"Est. reading time\" \/>\n\t<meta name=\"twitter:data2\" content=\"2 minutes\" \/>\n<script type=\"application\/ld+json\" class=\"yoast-schema-graph\">{\"@context\":\"https:\\\/\\\/schema.org\",\"@graph\":[{\"@type\":\"NewsArticle\",\"@id\":\"https:\\\/\\\/www.textilegence.com\\\/en\\\/xaar-5601-itma-2019\\\/#article\",\"isPartOf\":{\"@id\":\"https:\\\/\\\/www.textilegence.com\\\/en\\\/xaar-5601-itma-2019\\\/\"},\"author\":{\"name\":\"Fatih Cengiarslan\",\"@id\":\"https:\\\/\\\/www.textilegence.com\\\/en\\\/#\\\/schema\\\/person\\\/1c3977109f8a6e1e2b95678836d75cb7\"},\"headline\":\"Xaar 5601 Printhead to Start at ITMA 2019\",\"datePublished\":\"2019-05-28T12:04:17+00:00\",\"dateModified\":\"2019-07-25T10:04:54+00:00\",\"mainEntityOfPage\":{\"@id\":\"https:\\\/\\\/www.textilegence.com\\\/en\\\/xaar-5601-itma-2019\\\/\"},\"wordCount\":430,\"commentCount\":0,\"publisher\":{\"@id\":\"https:\\\/\\\/www.textilegence.com\\\/en\\\/#organization\"},\"image\":{\"@id\":\"https:\\\/\\\/www.textilegence.com\\\/en\\\/xaar-5601-itma-2019\\\/#primaryimage\"},\"thumbnailUrl\":\"https:\\\/\\\/www.textilegence.com\\\/wp-content\\\/uploads\\\/2019\\\/05\\\/xaar-textilegence.jpg\",\"keywords\":[\"itma 2019\"],\"articleSection\":[\"Printing\",\"Topical\"],\"inLanguage\":\"en-US\",\"potentialAction\":[{\"@type\":\"CommentAction\",\"name\":\"Comment\",\"target\":[\"https:\\\/\\\/www.textilegence.com\\\/en\\\/xaar-5601-itma-2019\\\/#respond\"]}]},{\"@type\":\"WebPage\",\"@id\":\"https:\\\/\\\/www.textilegence.com\\\/en\\\/xaar-5601-itma-2019\\\/\",\"url\":\"https:\\\/\\\/www.textilegence.com\\\/en\\\/xaar-5601-itma-2019\\\/\",\"name\":\"Xaar 5601 Printhead to Start at ITMA 2019 - Textilegence\",\"isPartOf\":{\"@id\":\"https:\\\/\\\/www.textilegence.com\\\/en\\\/#website\"},\"primaryImageOfPage\":{\"@id\":\"https:\\\/\\\/www.textilegence.com\\\/en\\\/xaar-5601-itma-2019\\\/#primaryimage\"},\"image\":{\"@id\":\"https:\\\/\\\/www.textilegence.com\\\/en\\\/xaar-5601-itma-2019\\\/#primaryimage\"},\"thumbnailUrl\":\"https:\\\/\\\/www.textilegence.com\\\/wp-content\\\/uploads\\\/2019\\\/05\\\/xaar-textilegence.jpg\",\"datePublished\":\"2019-05-28T12:04:17+00:00\",\"dateModified\":\"2019-07-25T10:04:54+00:00\",\"description\":\"The Xaar stand focuses on innovations in printhead technology at ITMA 2019. For the first time, the Xaar 5601 will be on display and printing live at...\",\"breadcrumb\":{\"@id\":\"https:\\\/\\\/www.textilegence.com\\\/en\\\/xaar-5601-itma-2019\\\/#breadcrumb\"},\"inLanguage\":\"en-US\",\"potentialAction\":[{\"@type\":\"ReadAction\",\"target\":[\"https:\\\/\\\/www.textilegence.com\\\/en\\\/xaar-5601-itma-2019\\\/\"]}]},{\"@type\":\"ImageObject\",\"inLanguage\":\"en-US\",\"@id\":\"https:\\\/\\\/www.textilegence.com\\\/en\\\/xaar-5601-itma-2019\\\/#primaryimage\",\"url\":\"https:\\\/\\\/www.textilegence.com\\\/wp-content\\\/uploads\\\/2019\\\/05\\\/xaar-textilegence.jpg\",\"contentUrl\":\"https:\\\/\\\/www.textilegence.com\\\/wp-content\\\/uploads\\\/2019\\\/05\\\/xaar-textilegence.jpg\",\"width\":696,\"height\":385,\"caption\":\"Xaar 5601 Printhead to Start at ITMA 2019\"},{\"@type\":\"BreadcrumbList\",\"@id\":\"https:\\\/\\\/www.textilegence.com\\\/en\\\/xaar-5601-itma-2019\\\/#breadcrumb\",\"itemListElement\":[{\"@type\":\"ListItem\",\"position\":1,\"name\":\"Home Page\",\"item\":\"https:\\\/\\\/www.textilegence.com\\\/en\\\/homepage-the-rimont\\\/\"},{\"@type\":\"ListItem\",\"position\":2,\"name\":\"Printing\",\"item\":\"https:\\\/\\\/www.textilegence.com\\\/en\\\/category\\\/printing\\\/\"},{\"@type\":\"ListItem\",\"position\":3,\"name\":\"Xaar 5601 Printhead to Start at ITMA 2019\"}]},{\"@type\":\"WebSite\",\"@id\":\"https:\\\/\\\/www.textilegence.com\\\/en\\\/#website\",\"url\":\"https:\\\/\\\/www.textilegence.com\\\/en\\\/\",\"name\":\"Textilegence Magazine and Digital Platform\",\"description\":\"Textile News Center\",\"publisher\":{\"@id\":\"https:\\\/\\\/www.textilegence.com\\\/en\\\/#organization\"},\"potentialAction\":[{\"@type\":\"SearchAction\",\"target\":{\"@type\":\"EntryPoint\",\"urlTemplate\":\"https:\\\/\\\/www.textilegence.com\\\/en\\\/?s={search_term_string}\"},\"query-input\":{\"@type\":\"PropertyValueSpecification\",\"valueRequired\":true,\"valueName\":\"search_term_string\"}}],\"inLanguage\":\"en-US\"},{\"@type\":\"Organization\",\"@id\":\"https:\\\/\\\/www.textilegence.com\\\/en\\\/#organization\",\"name\":\"Textilegence Magazine and Digital Platform\",\"url\":\"https:\\\/\\\/www.textilegence.com\\\/en\\\/\",\"logo\":{\"@type\":\"ImageObject\",\"inLanguage\":\"en-US\",\"@id\":\"https:\\\/\\\/www.textilegence.com\\\/en\\\/#\\\/schema\\\/logo\\\/image\\\/\",\"url\":\"https:\\\/\\\/www.textilegence.com\\\/wp-content\\\/uploads\\\/2016\\\/11\\\/New_Retina_Logo_Textilegence.png\",\"contentUrl\":\"https:\\\/\\\/www.textilegence.com\\\/wp-content\\\/uploads\\\/2016\\\/11\\\/New_Retina_Logo_Textilegence.png\",\"width\":544,\"height\":180,\"caption\":\"Textilegence Magazine and Digital Platform\"},\"image\":{\"@id\":\"https:\\\/\\\/www.textilegence.com\\\/en\\\/#\\\/schema\\\/logo\\\/image\\\/\"},\"sameAs\":[\"https:\\\/\\\/www.facebook.com\\\/TextilegenceMagazine\",\"https:\\\/\\\/x.com\\\/textilegence\",\"https:\\\/\\\/www.instagram.com\\\/textilegence\\\/\",\"https:\\\/\\\/www.linkedin.com\\\/groups\\\/Textilegence-Magazine-Digital-Platform-4897253\",\"https:\\\/\\\/www.youtube.com\\\/user\\\/textilegence\"],\"description\":\"Textilegence is a magazine and digital platform established in 2013. It focuses on the textile industry and sub-segments. The platform provides news, articles, and updates on various aspects of the textile industry, including sustainability, technological advancements, and market trends.\",\"email\":\"editor@textilegence.com\",\"telephone\":\"+90 212 442 24 12\",\"legalName\":\"Textilegence Mag and Digital Platform\",\"foundingDate\":\"2013-01-01\",\"numberOfEmployees\":{\"@type\":\"QuantitativeValue\",\"minValue\":\"1\",\"maxValue\":\"10\"}},{\"@type\":\"Person\",\"@id\":\"https:\\\/\\\/www.textilegence.com\\\/en\\\/#\\\/schema\\\/person\\\/1c3977109f8a6e1e2b95678836d75cb7\",\"name\":\"Fatih Cengiarslan\",\"image\":{\"@type\":\"ImageObject\",\"inLanguage\":\"en-US\",\"@id\":\"https:\\\/\\\/www.textilegence.com\\\/wp-content\\\/uploads\\\/2018\\\/12\\\/fatih-cengiarslan.jpg\",\"url\":\"https:\\\/\\\/www.textilegence.com\\\/wp-content\\\/uploads\\\/2018\\\/12\\\/fatih-cengiarslan.jpg\",\"contentUrl\":\"https:\\\/\\\/www.textilegence.com\\\/wp-content\\\/uploads\\\/2018\\\/12\\\/fatih-cengiarslan.jpg\",\"caption\":\"Fatih Cengiarslan\"},\"description\":\"Fatih Cengiarslan; Akademik \u0130ngilizce e\u011fitimini Bat\u0131 Avustralya \u00dcniversitesi\u2019nde tamamlad\u0131ktan sonra T\u00fcrkiye\u2019ye d\u00f6nerek \u0130stanbul Ayd\u0131n \u00dcniversitesi\u2019nde \u0130nternet Gazetecili\u011fi ve Yay\u0131nc\u0131l\u0131k b\u00f6l\u00fcm\u00fcn\u00fc bitirip, Litvanya \u2013 Kaunas Teknoloji \u00dcniversitesi\u2019nde interaktif media \u00fczerine 8 ayl\u0131k e\u011fitim ald\u0131. Daha sonra Eski\u015fehir Anadolu \u00dcniversitesi girerek \u0130\u015fletme Fak\u00fcltesini ba\u015far\u0131yla tamamlad\u0131. CNNTURK\u2019 kanal\u0131nda staj\u0131n\u0131 tamamlad\u0131ktan sonra Referans Gazetesi\u2019nde \u00e7al\u0131\u015fmaya ba\u015flad\u0131. 2 y\u0131l sonra Textilegence markas\u0131yla tekstil end\u00fcstrisine y\u00f6nelik kendi medyas\u0131n\u0131 kurdu. \u015eu anda Textilegence.com, Printing3D ve NEFA PR Ajans\u0131\u2019n\u0131n 12 y\u0131ld\u0131r y\u00f6netimini yapmaktad\u0131r.\",\"sameAs\":[\"https:\\\/\\\/www.textilegence.com\",\"https:\\\/\\\/www.facebook.com\\\/TextilegenceMagazine\",\"https:\\\/\\\/www.instagram.com\\\/textilegence\\\/\",\"https:\\\/\\\/www.linkedin.com\\\/in\\\/fatih-cengiarslan-32352265\\\/\",\"https:\\\/\\\/x.com\\\/https:\\\/\\\/twitter.com\\\/textilegence\"],\"url\":\"https:\\\/\\\/www.textilegence.com\\\/en\\\/author\\\/admin\\\/\"}]}<\/script>\n<!-- \/ Yoast SEO Premium plugin. -->","yoast_head_json":{"title":"Xaar 5601 Printhead to Start at ITMA 2019 - Textilegence","description":"The Xaar stand focuses on innovations in printhead technology at ITMA 2019. For the first time, the Xaar 5601 will be on display and printing live at...","robots":{"index":"index","follow":"follow","max-snippet":"max-snippet:-1","max-image-preview":"max-image-preview:large","max-video-preview":"max-video-preview:-1"},"canonical":"https:\/\/www.textilegence.com\/en\/xaar-5601-itma-2019\/","og_locale":"en_US","og_type":"article","og_title":"Xaar 5601 Printhead to Start at ITMA 2019","og_description":"Xaar, a world-leader in industrial inkjet printing, will introduce the Xaar 5601 printhead to the textiles market at ITMA 2019 in Barcelona from 20 to","og_url":"https:\/\/www.textilegence.com\/en\/xaar-5601-itma-2019\/","og_site_name":"Textilegence Magazine and Digital Platform","article_publisher":"https:\/\/www.facebook.com\/TextilegenceMagazine","article_author":"https:\/\/www.facebook.com\/TextilegenceMagazine","article_published_time":"2019-05-28T12:04:17+00:00","article_modified_time":"2019-07-25T10:04:54+00:00","og_image":[{"width":696,"height":385,"url":"https:\/\/www.textilegence.com\/wp-content\/uploads\/2019\/05\/xaar-textilegence.jpg","type":"image\/jpeg"}],"author":"Fatih Cengiarslan","twitter_card":"summary_large_image","twitter_creator":"@https:\/\/twitter.com\/textilegence","twitter_site":"@textilegence","twitter_misc":{"Written by":"Fatih Cengiarslan","Est. reading time":"2 minutes"},"schema":{"@context":"https:\/\/schema.org","@graph":[{"@type":"NewsArticle","@id":"https:\/\/www.textilegence.com\/en\/xaar-5601-itma-2019\/#article","isPartOf":{"@id":"https:\/\/www.textilegence.com\/en\/xaar-5601-itma-2019\/"},"author":{"name":"Fatih Cengiarslan","@id":"https:\/\/www.textilegence.com\/en\/#\/schema\/person\/1c3977109f8a6e1e2b95678836d75cb7"},"headline":"Xaar 5601 Printhead to Start at ITMA 2019","datePublished":"2019-05-28T12:04:17+00:00","dateModified":"2019-07-25T10:04:54+00:00","mainEntityOfPage":{"@id":"https:\/\/www.textilegence.com\/en\/xaar-5601-itma-2019\/"},"wordCount":430,"commentCount":0,"publisher":{"@id":"https:\/\/www.textilegence.com\/en\/#organization"},"image":{"@id":"https:\/\/www.textilegence.com\/en\/xaar-5601-itma-2019\/#primaryimage"},"thumbnailUrl":"https:\/\/www.textilegence.com\/wp-content\/uploads\/2019\/05\/xaar-textilegence.jpg","keywords":["itma 2019"],"articleSection":["Printing","Topical"],"inLanguage":"en-US","potentialAction":[{"@type":"CommentAction","name":"Comment","target":["https:\/\/www.textilegence.com\/en\/xaar-5601-itma-2019\/#respond"]}]},{"@type":"WebPage","@id":"https:\/\/www.textilegence.com\/en\/xaar-5601-itma-2019\/","url":"https:\/\/www.textilegence.com\/en\/xaar-5601-itma-2019\/","name":"Xaar 5601 Printhead to Start at ITMA 2019 - Textilegence","isPartOf":{"@id":"https:\/\/www.textilegence.com\/en\/#website"},"primaryImageOfPage":{"@id":"https:\/\/www.textilegence.com\/en\/xaar-5601-itma-2019\/#primaryimage"},"image":{"@id":"https:\/\/www.textilegence.com\/en\/xaar-5601-itma-2019\/#primaryimage"},"thumbnailUrl":"https:\/\/www.textilegence.com\/wp-content\/uploads\/2019\/05\/xaar-textilegence.jpg","datePublished":"2019-05-28T12:04:17+00:00","dateModified":"2019-07-25T10:04:54+00:00","description":"The Xaar stand focuses on innovations in printhead technology at ITMA 2019. For the first time, the Xaar 5601 will be on display and printing live at...","breadcrumb":{"@id":"https:\/\/www.textilegence.com\/en\/xaar-5601-itma-2019\/#breadcrumb"},"inLanguage":"en-US","potentialAction":[{"@type":"ReadAction","target":["https:\/\/www.textilegence.com\/en\/xaar-5601-itma-2019\/"]}]},{"@type":"ImageObject","inLanguage":"en-US","@id":"https:\/\/www.textilegence.com\/en\/xaar-5601-itma-2019\/#primaryimage","url":"https:\/\/www.textilegence.com\/wp-content\/uploads\/2019\/05\/xaar-textilegence.jpg","contentUrl":"https:\/\/www.textilegence.com\/wp-content\/uploads\/2019\/05\/xaar-textilegence.jpg","width":696,"height":385,"caption":"Xaar 5601 Printhead to Start at ITMA 2019"},{"@type":"BreadcrumbList","@id":"https:\/\/www.textilegence.com\/en\/xaar-5601-itma-2019\/#breadcrumb","itemListElement":[{"@type":"ListItem","position":1,"name":"Home Page","item":"https:\/\/www.textilegence.com\/en\/homepage-the-rimont\/"},{"@type":"ListItem","position":2,"name":"Printing","item":"https:\/\/www.textilegence.com\/en\/category\/printing\/"},{"@type":"ListItem","position":3,"name":"Xaar 5601 Printhead to Start at ITMA 2019"}]},{"@type":"WebSite","@id":"https:\/\/www.textilegence.com\/en\/#website","url":"https:\/\/www.textilegence.com\/en\/","name":"Textilegence Magazine and Digital Platform","description":"Textile News Center","publisher":{"@id":"https:\/\/www.textilegence.com\/en\/#organization"},"potentialAction":[{"@type":"SearchAction","target":{"@type":"EntryPoint","urlTemplate":"https:\/\/www.textilegence.com\/en\/?s={search_term_string}"},"query-input":{"@type":"PropertyValueSpecification","valueRequired":true,"valueName":"search_term_string"}}],"inLanguage":"en-US"},{"@type":"Organization","@id":"https:\/\/www.textilegence.com\/en\/#organization","name":"Textilegence Magazine and Digital Platform","url":"https:\/\/www.textilegence.com\/en\/","logo":{"@type":"ImageObject","inLanguage":"en-US","@id":"https:\/\/www.textilegence.com\/en\/#\/schema\/logo\/image\/","url":"https:\/\/www.textilegence.com\/wp-content\/uploads\/2016\/11\/New_Retina_Logo_Textilegence.png","contentUrl":"https:\/\/www.textilegence.com\/wp-content\/uploads\/2016\/11\/New_Retina_Logo_Textilegence.png","width":544,"height":180,"caption":"Textilegence Magazine and Digital Platform"},"image":{"@id":"https:\/\/www.textilegence.com\/en\/#\/schema\/logo\/image\/"},"sameAs":["https:\/\/www.facebook.com\/TextilegenceMagazine","https:\/\/x.com\/textilegence","https:\/\/www.instagram.com\/textilegence\/","https:\/\/www.linkedin.com\/groups\/Textilegence-Magazine-Digital-Platform-4897253","https:\/\/www.youtube.com\/user\/textilegence"],"description":"Textilegence is a magazine and digital platform established in 2013. It focuses on the textile industry and sub-segments. The platform provides news, articles, and updates on various aspects of the textile industry, including sustainability, technological advancements, and market trends.","email":"editor@textilegence.com","telephone":"+90 212 442 24 12","legalName":"Textilegence Mag and Digital Platform","foundingDate":"2013-01-01","numberOfEmployees":{"@type":"QuantitativeValue","minValue":"1","maxValue":"10"}},{"@type":"Person","@id":"https:\/\/www.textilegence.com\/en\/#\/schema\/person\/1c3977109f8a6e1e2b95678836d75cb7","name":"Fatih Cengiarslan","image":{"@type":"ImageObject","inLanguage":"en-US","@id":"https:\/\/www.textilegence.com\/wp-content\/uploads\/2018\/12\/fatih-cengiarslan.jpg","url":"https:\/\/www.textilegence.com\/wp-content\/uploads\/2018\/12\/fatih-cengiarslan.jpg","contentUrl":"https:\/\/www.textilegence.com\/wp-content\/uploads\/2018\/12\/fatih-cengiarslan.jpg","caption":"Fatih Cengiarslan"},"description":"Fatih Cengiarslan; Akademik \u0130ngilizce e\u011fitimini Bat\u0131 Avustralya \u00dcniversitesi\u2019nde tamamlad\u0131ktan sonra T\u00fcrkiye\u2019ye d\u00f6nerek \u0130stanbul Ayd\u0131n \u00dcniversitesi\u2019nde \u0130nternet Gazetecili\u011fi ve Yay\u0131nc\u0131l\u0131k b\u00f6l\u00fcm\u00fcn\u00fc bitirip, Litvanya \u2013 Kaunas Teknoloji \u00dcniversitesi\u2019nde interaktif media \u00fczerine 8 ayl\u0131k e\u011fitim ald\u0131. Daha sonra Eski\u015fehir Anadolu \u00dcniversitesi girerek \u0130\u015fletme Fak\u00fcltesini ba\u015far\u0131yla tamamlad\u0131. CNNTURK\u2019 kanal\u0131nda staj\u0131n\u0131 tamamlad\u0131ktan sonra Referans Gazetesi\u2019nde \u00e7al\u0131\u015fmaya ba\u015flad\u0131. 2 y\u0131l sonra Textilegence markas\u0131yla tekstil end\u00fcstrisine y\u00f6nelik kendi medyas\u0131n\u0131 kurdu. \u015eu anda Textilegence.com, Printing3D ve NEFA PR Ajans\u0131\u2019n\u0131n 12 y\u0131ld\u0131r y\u00f6netimini yapmaktad\u0131r.","sameAs":["https:\/\/www.textilegence.com","https:\/\/www.facebook.com\/TextilegenceMagazine","https:\/\/www.instagram.com\/textilegence\/","https:\/\/www.linkedin.com\/in\/fatih-cengiarslan-32352265\/","https:\/\/x.com\/https:\/\/twitter.com\/textilegence"],"url":"https:\/\/www.textilegence.com\/en\/author\/admin\/"}]}},"_links":{"self":[{"href":"https:\/\/www.textilegence.com\/en\/wp-json\/wp\/v2\/posts\/31709","targetHints":{"allow":["GET"]}}],"collection":[{"href":"https:\/\/www.textilegence.com\/en\/wp-json\/wp\/v2\/posts"}],"about":[{"href":"https:\/\/www.textilegence.com\/en\/wp-json\/wp\/v2\/types\/post"}],"author":[{"embeddable":true,"href":"https:\/\/www.textilegence.com\/en\/wp-json\/wp\/v2\/users\/8"}],"replies":[{"embeddable":true,"href":"https:\/\/www.textilegence.com\/en\/wp-json\/wp\/v2\/comments?post=31709"}],"version-history":[{"count":0,"href":"https:\/\/www.textilegence.com\/en\/wp-json\/wp\/v2\/posts\/31709\/revisions"}],"wp:featuredmedia":[{"embeddable":true,"href":"https:\/\/www.textilegence.com\/en\/wp-json\/wp\/v2\/media\/31704"}],"wp:attachment":[{"href":"https:\/\/www.textilegence.com\/en\/wp-json\/wp\/v2\/media?parent=31709"}],"wp:term":[{"taxonomy":"category","embeddable":true,"href":"https:\/\/www.textilegence.com\/en\/wp-json\/wp\/v2\/categories?post=31709"},{"taxonomy":"post_tag","embeddable":true,"href":"https:\/\/www.textilegence.com\/en\/wp-json\/wp\/v2\/tags?post=31709"}],"curies":[{"name":"wp","href":"https:\/\/api.w.org\/{rel}","templated":true}]}}