{"id":31840,"date":"2019-07-04T14:08:05","date_gmt":"2019-07-04T11:08:05","guid":{"rendered":"http:\/\/www.textilegence.com\/?p=31840"},"modified":"2019-07-25T14:15:57","modified_gmt":"2019-07-25T11:15:57","slug":"fespa-eurasia-2019-reservation-ratio","status":"publish","type":"post","link":"https:\/\/www.textilegence.com\/en\/fespa-eurasia-2019-reservation-ratio\/","title":{"rendered":"FESPA Eurasia 2019 Has Already Reached Up to 80% Reservation Ratio"},"content":{"rendered":"<p style=\"text-align: justify;\"><img loading=\"lazy\" decoding=\"async\" class=\"size-full wp-image-31838 alignleft\" src=\"https:\/\/www.textilegence.com\/wp-content\/uploads\/2019\/07\/fespa-eurasia-2019-betul-binici.jpg\" alt=\"\" width=\"324\" height=\"179\" \/> It is stated that <a href=\"https:\/\/www.textilegence.com\/en\/fespa-digital-printing-platform\/\" target=\"_blank\" rel=\"noopener noreferrer\">FESPA Eurasia<\/a> 2019 participants, which have already reached 80 percent occupancy, can benefit from special prices with the support of 250 TL per m<sup>2<\/sup> of KOSGEB, Presidency of Development and Support Administration of Small and Medium Enterprises. The fair will be held in 3 different halls with a total of 180 exhibitors and will attract nearly 10,000 individual visitors.<\/p>\n<p style=\"text-align: justify;\">Preparing to bring together all segments of the printing industry with its 7<sup>th<\/sup> edition, the works for the fair gained momentum. Sign Association of Turkey (ARED) and FESPA Eurasia executives; who started preparations for the fair at the beginning of the year; visited 50 companies in 6 cities where the heart of the printing industry beats. ARED, who comes together with industrial advertising and printing experts; and educates the sector with trainings, also conducts promotional activities related to FESPA Eurasia 2019.<\/p>\n<h2 style=\"text-align: justify;\"><strong>Low cost advantage for FESPA Eurasia 2019 participants<\/strong><\/h2>\n<p style=\"text-align: justify;\">Bet\u00fcl Binici, FESPA Eurasia Fair Manager; said that they help reducing the fair costs of the participants pro bono with the aim of being the most productive fair of the sector. Binici; \u201cFESPA Eurasia participants who have the opportunity to receive KOSGEB support (250TL per m<sup>2<\/sup>) will be able to participate at a much more affordable cost than in previous years. FESPA Eurasia helps in reducing the costs of its participants. Thus, 80% of the fair has been filled so far\u201d.<\/p>\n<h3 style=\"text-align: justify;\"><strong>The fair will grow by 30% and will be held in 3 halls<\/strong><\/h3>\n<p style=\"text-align: justify;\">FESPA Eurasia 2019, which will take place in IFM in 3 halls (9, 10, 11) this year; aims to be the most productive fair on behalf of the exhibitors. Intense demand from the participants was effective in this development, which means 30% growth compared to the previous fair. In FESPA Eurasia 2019; where two halls are dedicated to digital printing and industrial advertising, one hall will host the world of screen printing. At FESPA Eurasia 2019; which aims to be one of the most important platforms for the growth of the sector for four days; sector professionals from surrounding countries will meet local and international participants in the fair. This year, visitor numbers from Bulgaria, Tunisia, Iraq, Algeria, Russia, Iran, Greece, Morocco, Ukraine and the Netherlands are expected to increase.<\/p>\n<h4 style=\"text-align: justify;\"><strong>Theme of the Year \u2018Discover Your Potential\u2019<\/strong><\/h4>\n<p style=\"text-align: justify;\">With \u2018Discover Your Potential\u2019 slogan used this year; FESPA Eurasia aims for the printing and signage community; to discover its real business potential by developing its ability to make the right decisions at the right time; to follow trends and to catch up to current trends. The fair is expected to add a volume of 1.5 billion dollars to the printing sector; which is close to 7.5 billion dollars. The attendance of buyers from Eurasia and neighbouring regions to the fair will focus the local and international printing industry&#8217;s attention to the event.<\/p>\n","protected":false},"excerpt":{"rendered":"<p>It is stated that FESPA Eurasia 2019 participants, which have already reached 80 percent occupancy, can benefit from special prices with the support of 250 TL per m2 of KOSGEB, Presidency of Development and Support Administration of Small and Medium Enterprises. The fair will be held in 3 different halls with a total of 180 [&hellip;]<\/p>\n","protected":false},"author":2,"featured_media":31836,"comment_status":"open","ping_status":"closed","sticky":false,"template":"","format":"standard","meta":{"footnotes":""},"categories":[9859,9845],"tags":[10712,10867],"class_list":{"0":"post-31840","1":"post","2":"type-post","3":"status-publish","4":"format-standard","5":"has-post-thumbnail","7":"category-topical","8":"category-trade-fairs","9":"tag-ared-en","10":"tag-betul-binici-en"},"yoast_head":"<!-- This site is optimized with the Yoast SEO Premium plugin v27.3 (Yoast SEO v27.3) - https:\/\/yoast.com\/product\/yoast-seo-premium-wordpress\/ -->\n<title>FESPA Eurasia 2019 Reaches Up to 80% Reservation Ratio - Textilegence<\/title>\n<meta name=\"description\" content=\"FESPA Eurasia 2019 will bring together the world of printing and industrial advertising in 3 different halls in IFM on 5-8 December 2019.\" \/>\n<meta name=\"robots\" content=\"index, follow, max-snippet:-1, max-image-preview:large, max-video-preview:-1\" \/>\n<link rel=\"canonical\" href=\"https:\/\/www.textilegence.com\/en\/fespa-eurasia-2019-reservation-ratio\/\" \/>\n<meta property=\"og:locale\" content=\"en_US\" \/>\n<meta property=\"og:type\" content=\"article\" \/>\n<meta property=\"og:title\" content=\"FESPA Eurasia 2019 Has Already Reached Up to 80% Reservation Ratio\" \/>\n<meta property=\"og:description\" content=\"It is stated that FESPA Eurasia 2019 participants, which have already reached 80 percent occupancy, can benefit from special prices with the support of\" \/>\n<meta property=\"og:url\" content=\"https:\/\/www.textilegence.com\/en\/fespa-eurasia-2019-reservation-ratio\/\" \/>\n<meta property=\"og:site_name\" content=\"Textilegence Magazine and Digital Platform\" \/>\n<meta property=\"article:publisher\" content=\"https:\/\/www.facebook.com\/TextilegenceMagazine\" \/>\n<meta property=\"article:author\" content=\"https:\/\/www.facebook.com\/TextilegenceMagazine\" \/>\n<meta property=\"article:published_time\" content=\"2019-07-04T11:08:05+00:00\" \/>\n<meta property=\"article:modified_time\" content=\"2019-07-25T11:15:57+00:00\" \/>\n<meta property=\"og:image\" content=\"https:\/\/www.textilegence.com\/wp-content\/uploads\/2019\/07\/fespa-eurasia-2019.jpg\" \/>\n\t<meta property=\"og:image:width\" content=\"696\" \/>\n\t<meta property=\"og:image:height\" content=\"385\" \/>\n\t<meta property=\"og:image:type\" content=\"image\/jpeg\" \/>\n<meta name=\"author\" content=\"Engin Buz\" \/>\n<meta name=\"twitter:card\" content=\"summary_large_image\" \/>\n<meta name=\"twitter:creator\" content=\"@https:\/\/twitter.com\/textilegence\" \/>\n<meta name=\"twitter:site\" content=\"@textilegence\" \/>\n<meta name=\"twitter:label1\" content=\"Written by\" \/>\n\t<meta name=\"twitter:data1\" content=\"Engin Buz\" \/>\n\t<meta name=\"twitter:label2\" content=\"Est. reading time\" \/>\n\t<meta name=\"twitter:data2\" content=\"2 minutes\" \/>\n<script type=\"application\/ld+json\" class=\"yoast-schema-graph\">{\"@context\":\"https:\\\/\\\/schema.org\",\"@graph\":[{\"@type\":\"NewsArticle\",\"@id\":\"https:\\\/\\\/www.textilegence.com\\\/en\\\/fespa-eurasia-2019-reservation-ratio\\\/#article\",\"isPartOf\":{\"@id\":\"https:\\\/\\\/www.textilegence.com\\\/en\\\/fespa-eurasia-2019-reservation-ratio\\\/\"},\"author\":{\"name\":\"Engin Buz\",\"@id\":\"https:\\\/\\\/www.textilegence.com\\\/en\\\/#\\\/schema\\\/person\\\/46ccc7bfc34edbc7d46b6b189f88849f\"},\"headline\":\"FESPA Eurasia 2019 Has Already Reached Up to 80% Reservation Ratio\",\"datePublished\":\"2019-07-04T11:08:05+00:00\",\"dateModified\":\"2019-07-25T11:15:57+00:00\",\"mainEntityOfPage\":{\"@id\":\"https:\\\/\\\/www.textilegence.com\\\/en\\\/fespa-eurasia-2019-reservation-ratio\\\/\"},\"wordCount\":464,\"commentCount\":0,\"publisher\":{\"@id\":\"https:\\\/\\\/www.textilegence.com\\\/en\\\/#organization\"},\"image\":{\"@id\":\"https:\\\/\\\/www.textilegence.com\\\/en\\\/fespa-eurasia-2019-reservation-ratio\\\/#primaryimage\"},\"thumbnailUrl\":\"https:\\\/\\\/www.textilegence.com\\\/wp-content\\\/uploads\\\/2019\\\/07\\\/fespa-eurasia-2019.jpg\",\"keywords\":[\"ared\",\"bet\u00fcl binici\"],\"articleSection\":[\"Topical\",\"Trade Fairs\"],\"inLanguage\":\"en-US\",\"potentialAction\":[{\"@type\":\"CommentAction\",\"name\":\"Comment\",\"target\":[\"https:\\\/\\\/www.textilegence.com\\\/en\\\/fespa-eurasia-2019-reservation-ratio\\\/#respond\"]}]},{\"@type\":\"WebPage\",\"@id\":\"https:\\\/\\\/www.textilegence.com\\\/en\\\/fespa-eurasia-2019-reservation-ratio\\\/\",\"url\":\"https:\\\/\\\/www.textilegence.com\\\/en\\\/fespa-eurasia-2019-reservation-ratio\\\/\",\"name\":\"FESPA Eurasia 2019 Reaches Up to 80% Reservation Ratio - Textilegence\",\"isPartOf\":{\"@id\":\"https:\\\/\\\/www.textilegence.com\\\/en\\\/#website\"},\"primaryImageOfPage\":{\"@id\":\"https:\\\/\\\/www.textilegence.com\\\/en\\\/fespa-eurasia-2019-reservation-ratio\\\/#primaryimage\"},\"image\":{\"@id\":\"https:\\\/\\\/www.textilegence.com\\\/en\\\/fespa-eurasia-2019-reservation-ratio\\\/#primaryimage\"},\"thumbnailUrl\":\"https:\\\/\\\/www.textilegence.com\\\/wp-content\\\/uploads\\\/2019\\\/07\\\/fespa-eurasia-2019.jpg\",\"datePublished\":\"2019-07-04T11:08:05+00:00\",\"dateModified\":\"2019-07-25T11:15:57+00:00\",\"description\":\"FESPA Eurasia 2019 will bring together the world of printing and industrial advertising in 3 different halls in IFM on 5-8 December 2019.\",\"breadcrumb\":{\"@id\":\"https:\\\/\\\/www.textilegence.com\\\/en\\\/fespa-eurasia-2019-reservation-ratio\\\/#breadcrumb\"},\"inLanguage\":\"en-US\",\"potentialAction\":[{\"@type\":\"ReadAction\",\"target\":[\"https:\\\/\\\/www.textilegence.com\\\/en\\\/fespa-eurasia-2019-reservation-ratio\\\/\"]}]},{\"@type\":\"ImageObject\",\"inLanguage\":\"en-US\",\"@id\":\"https:\\\/\\\/www.textilegence.com\\\/en\\\/fespa-eurasia-2019-reservation-ratio\\\/#primaryimage\",\"url\":\"https:\\\/\\\/www.textilegence.com\\\/wp-content\\\/uploads\\\/2019\\\/07\\\/fespa-eurasia-2019.jpg\",\"contentUrl\":\"https:\\\/\\\/www.textilegence.com\\\/wp-content\\\/uploads\\\/2019\\\/07\\\/fespa-eurasia-2019.jpg\",\"width\":696,\"height\":385},{\"@type\":\"BreadcrumbList\",\"@id\":\"https:\\\/\\\/www.textilegence.com\\\/en\\\/fespa-eurasia-2019-reservation-ratio\\\/#breadcrumb\",\"itemListElement\":[{\"@type\":\"ListItem\",\"position\":1,\"name\":\"Home Page\",\"item\":\"https:\\\/\\\/www.textilegence.com\\\/en\\\/homepage-the-rimont\\\/\"},{\"@type\":\"ListItem\",\"position\":2,\"name\":\"Trade Fairs\",\"item\":\"https:\\\/\\\/www.textilegence.com\\\/en\\\/category\\\/trade-fairs\\\/\"},{\"@type\":\"ListItem\",\"position\":3,\"name\":\"FESPA Eurasia 2019 Has Already Reached Up to 80% Reservation Ratio\"}]},{\"@type\":\"WebSite\",\"@id\":\"https:\\\/\\\/www.textilegence.com\\\/en\\\/#website\",\"url\":\"https:\\\/\\\/www.textilegence.com\\\/en\\\/\",\"name\":\"Textilegence Magazine and Digital Platform\",\"description\":\"Textile News Center\",\"publisher\":{\"@id\":\"https:\\\/\\\/www.textilegence.com\\\/en\\\/#organization\"},\"potentialAction\":[{\"@type\":\"SearchAction\",\"target\":{\"@type\":\"EntryPoint\",\"urlTemplate\":\"https:\\\/\\\/www.textilegence.com\\\/en\\\/?s={search_term_string}\"},\"query-input\":{\"@type\":\"PropertyValueSpecification\",\"valueRequired\":true,\"valueName\":\"search_term_string\"}}],\"inLanguage\":\"en-US\"},{\"@type\":\"Organization\",\"@id\":\"https:\\\/\\\/www.textilegence.com\\\/en\\\/#organization\",\"name\":\"Textilegence Magazine and Digital Platform\",\"url\":\"https:\\\/\\\/www.textilegence.com\\\/en\\\/\",\"logo\":{\"@type\":\"ImageObject\",\"inLanguage\":\"en-US\",\"@id\":\"https:\\\/\\\/www.textilegence.com\\\/en\\\/#\\\/schema\\\/logo\\\/image\\\/\",\"url\":\"https:\\\/\\\/www.textilegence.com\\\/wp-content\\\/uploads\\\/2016\\\/11\\\/New_Retina_Logo_Textilegence.png\",\"contentUrl\":\"https:\\\/\\\/www.textilegence.com\\\/wp-content\\\/uploads\\\/2016\\\/11\\\/New_Retina_Logo_Textilegence.png\",\"width\":544,\"height\":180,\"caption\":\"Textilegence Magazine and Digital Platform\"},\"image\":{\"@id\":\"https:\\\/\\\/www.textilegence.com\\\/en\\\/#\\\/schema\\\/logo\\\/image\\\/\"},\"sameAs\":[\"https:\\\/\\\/www.facebook.com\\\/TextilegenceMagazine\",\"https:\\\/\\\/x.com\\\/textilegence\",\"https:\\\/\\\/www.instagram.com\\\/textilegence\\\/\",\"https:\\\/\\\/www.linkedin.com\\\/groups\\\/Textilegence-Magazine-Digital-Platform-4897253\",\"https:\\\/\\\/www.youtube.com\\\/user\\\/textilegence\"],\"description\":\"Textilegence is a magazine and digital platform established in 2013. It focuses on the textile industry and sub-segments. The platform provides news, articles, and updates on various aspects of the textile industry, including sustainability, technological advancements, and market trends.\",\"email\":\"editor@textilegence.com\",\"telephone\":\"+90 212 442 24 12\",\"legalName\":\"Textilegence Mag and Digital Platform\",\"foundingDate\":\"2013-01-01\",\"numberOfEmployees\":{\"@type\":\"QuantitativeValue\",\"minValue\":\"1\",\"maxValue\":\"10\"}},{\"@type\":\"Person\",\"@id\":\"https:\\\/\\\/www.textilegence.com\\\/en\\\/#\\\/schema\\\/person\\\/46ccc7bfc34edbc7d46b6b189f88849f\",\"name\":\"Engin Buz\",\"image\":{\"@type\":\"ImageObject\",\"inLanguage\":\"en-US\",\"@id\":\"https:\\\/\\\/www.textilegence.com\\\/wp-content\\\/uploads\\\/2018\\\/12\\\/engin-buz.jpg\",\"url\":\"https:\\\/\\\/www.textilegence.com\\\/wp-content\\\/uploads\\\/2018\\\/12\\\/engin-buz.jpg\",\"contentUrl\":\"https:\\\/\\\/www.textilegence.com\\\/wp-content\\\/uploads\\\/2018\\\/12\\\/engin-buz.jpg\",\"caption\":\"Engin Buz\"},\"description\":\"Engin Buz, Ankara \u00dcniversitesi \u0130leti\u015fim Fak\u00fcltesi Gazetecilik B\u00f6l\u00fcm\u00fc\u2019nden mezun olduktan sonra Y\u0131ld\u0131z Teknik \u00dcniversitesi\u2019nde Siyaset Bilimi ve Uluslararas\u0131 \u0130li\u015fkiler alan\u0131nda y\u00fcksek lisans\u0131n\u0131 tamamlam\u0131\u015ft\u0131r. 2000 y\u0131l\u0131ndan sonra \u00e7e\u015fitli yay\u0131nc\u0131l\u0131k \u015firketlerinde \u00e7al\u0131\u015fmaya ba\u015flayarak k\u00fclt\u00fcr-sanat ve daha sonra ekonomi haberleri haz\u0131rlam\u0131\u015ft\u0131r. 2009 y\u0131l\u0131ndan itibaren tekstil end\u00fcstrisine d\u00f6n\u00fck yay\u0131nlarda edit\u00f6r olarak g\u00f6rev alan Buz, 2013 itibariyle kurulan Textilegence\u2019de haber edit\u00f6r\u00fc olarak yer almaya ba\u015flam\u0131\u015ft\u0131r. Engin Buz halen ba\u015fta tekstil ve dijital bask\u0131 end\u00fcstrileri olmak \u00fczere ekonomi haberleri haz\u0131rlamaktad\u0131r.\",\"sameAs\":[\"https:\\\/\\\/www.textilegence.com\",\"https:\\\/\\\/www.facebook.com\\\/TextilegenceMagazine\",\"https:\\\/\\\/www.instagram.com\\\/textilegence\\\/\",\"https:\\\/\\\/www.linkedin.com\\\/in\\\/engin-buz-6190799a\\\/\",\"https:\\\/\\\/x.com\\\/https:\\\/\\\/twitter.com\\\/textilegence\"],\"url\":\"https:\\\/\\\/www.textilegence.com\\\/en\\\/author\\\/engin-buz\\\/\"}]}<\/script>\n<!-- \/ Yoast SEO Premium plugin. -->","yoast_head_json":{"title":"FESPA Eurasia 2019 Reaches Up to 80% Reservation Ratio - Textilegence","description":"FESPA Eurasia 2019 will bring together the world of printing and industrial advertising in 3 different halls in IFM on 5-8 December 2019.","robots":{"index":"index","follow":"follow","max-snippet":"max-snippet:-1","max-image-preview":"max-image-preview:large","max-video-preview":"max-video-preview:-1"},"canonical":"https:\/\/www.textilegence.com\/en\/fespa-eurasia-2019-reservation-ratio\/","og_locale":"en_US","og_type":"article","og_title":"FESPA Eurasia 2019 Has Already Reached Up to 80% Reservation Ratio","og_description":"It is stated that FESPA Eurasia 2019 participants, which have already reached 80 percent occupancy, can benefit from special prices with the support of","og_url":"https:\/\/www.textilegence.com\/en\/fespa-eurasia-2019-reservation-ratio\/","og_site_name":"Textilegence Magazine and Digital Platform","article_publisher":"https:\/\/www.facebook.com\/TextilegenceMagazine","article_author":"https:\/\/www.facebook.com\/TextilegenceMagazine","article_published_time":"2019-07-04T11:08:05+00:00","article_modified_time":"2019-07-25T11:15:57+00:00","og_image":[{"width":696,"height":385,"url":"https:\/\/www.textilegence.com\/wp-content\/uploads\/2019\/07\/fespa-eurasia-2019.jpg","type":"image\/jpeg"}],"author":"Engin Buz","twitter_card":"summary_large_image","twitter_creator":"@https:\/\/twitter.com\/textilegence","twitter_site":"@textilegence","twitter_misc":{"Written by":"Engin Buz","Est. reading time":"2 minutes"},"schema":{"@context":"https:\/\/schema.org","@graph":[{"@type":"NewsArticle","@id":"https:\/\/www.textilegence.com\/en\/fespa-eurasia-2019-reservation-ratio\/#article","isPartOf":{"@id":"https:\/\/www.textilegence.com\/en\/fespa-eurasia-2019-reservation-ratio\/"},"author":{"name":"Engin Buz","@id":"https:\/\/www.textilegence.com\/en\/#\/schema\/person\/46ccc7bfc34edbc7d46b6b189f88849f"},"headline":"FESPA Eurasia 2019 Has Already Reached Up to 80% Reservation Ratio","datePublished":"2019-07-04T11:08:05+00:00","dateModified":"2019-07-25T11:15:57+00:00","mainEntityOfPage":{"@id":"https:\/\/www.textilegence.com\/en\/fespa-eurasia-2019-reservation-ratio\/"},"wordCount":464,"commentCount":0,"publisher":{"@id":"https:\/\/www.textilegence.com\/en\/#organization"},"image":{"@id":"https:\/\/www.textilegence.com\/en\/fespa-eurasia-2019-reservation-ratio\/#primaryimage"},"thumbnailUrl":"https:\/\/www.textilegence.com\/wp-content\/uploads\/2019\/07\/fespa-eurasia-2019.jpg","keywords":["ared","bet\u00fcl binici"],"articleSection":["Topical","Trade Fairs"],"inLanguage":"en-US","potentialAction":[{"@type":"CommentAction","name":"Comment","target":["https:\/\/www.textilegence.com\/en\/fespa-eurasia-2019-reservation-ratio\/#respond"]}]},{"@type":"WebPage","@id":"https:\/\/www.textilegence.com\/en\/fespa-eurasia-2019-reservation-ratio\/","url":"https:\/\/www.textilegence.com\/en\/fespa-eurasia-2019-reservation-ratio\/","name":"FESPA Eurasia 2019 Reaches Up to 80% Reservation Ratio - Textilegence","isPartOf":{"@id":"https:\/\/www.textilegence.com\/en\/#website"},"primaryImageOfPage":{"@id":"https:\/\/www.textilegence.com\/en\/fespa-eurasia-2019-reservation-ratio\/#primaryimage"},"image":{"@id":"https:\/\/www.textilegence.com\/en\/fespa-eurasia-2019-reservation-ratio\/#primaryimage"},"thumbnailUrl":"https:\/\/www.textilegence.com\/wp-content\/uploads\/2019\/07\/fespa-eurasia-2019.jpg","datePublished":"2019-07-04T11:08:05+00:00","dateModified":"2019-07-25T11:15:57+00:00","description":"FESPA Eurasia 2019 will bring together the world of printing and industrial advertising in 3 different halls in IFM on 5-8 December 2019.","breadcrumb":{"@id":"https:\/\/www.textilegence.com\/en\/fespa-eurasia-2019-reservation-ratio\/#breadcrumb"},"inLanguage":"en-US","potentialAction":[{"@type":"ReadAction","target":["https:\/\/www.textilegence.com\/en\/fespa-eurasia-2019-reservation-ratio\/"]}]},{"@type":"ImageObject","inLanguage":"en-US","@id":"https:\/\/www.textilegence.com\/en\/fespa-eurasia-2019-reservation-ratio\/#primaryimage","url":"https:\/\/www.textilegence.com\/wp-content\/uploads\/2019\/07\/fespa-eurasia-2019.jpg","contentUrl":"https:\/\/www.textilegence.com\/wp-content\/uploads\/2019\/07\/fespa-eurasia-2019.jpg","width":696,"height":385},{"@type":"BreadcrumbList","@id":"https:\/\/www.textilegence.com\/en\/fespa-eurasia-2019-reservation-ratio\/#breadcrumb","itemListElement":[{"@type":"ListItem","position":1,"name":"Home Page","item":"https:\/\/www.textilegence.com\/en\/homepage-the-rimont\/"},{"@type":"ListItem","position":2,"name":"Trade Fairs","item":"https:\/\/www.textilegence.com\/en\/category\/trade-fairs\/"},{"@type":"ListItem","position":3,"name":"FESPA Eurasia 2019 Has Already Reached Up to 80% Reservation Ratio"}]},{"@type":"WebSite","@id":"https:\/\/www.textilegence.com\/en\/#website","url":"https:\/\/www.textilegence.com\/en\/","name":"Textilegence Magazine and Digital Platform","description":"Textile News Center","publisher":{"@id":"https:\/\/www.textilegence.com\/en\/#organization"},"potentialAction":[{"@type":"SearchAction","target":{"@type":"EntryPoint","urlTemplate":"https:\/\/www.textilegence.com\/en\/?s={search_term_string}"},"query-input":{"@type":"PropertyValueSpecification","valueRequired":true,"valueName":"search_term_string"}}],"inLanguage":"en-US"},{"@type":"Organization","@id":"https:\/\/www.textilegence.com\/en\/#organization","name":"Textilegence Magazine and Digital Platform","url":"https:\/\/www.textilegence.com\/en\/","logo":{"@type":"ImageObject","inLanguage":"en-US","@id":"https:\/\/www.textilegence.com\/en\/#\/schema\/logo\/image\/","url":"https:\/\/www.textilegence.com\/wp-content\/uploads\/2016\/11\/New_Retina_Logo_Textilegence.png","contentUrl":"https:\/\/www.textilegence.com\/wp-content\/uploads\/2016\/11\/New_Retina_Logo_Textilegence.png","width":544,"height":180,"caption":"Textilegence Magazine and Digital Platform"},"image":{"@id":"https:\/\/www.textilegence.com\/en\/#\/schema\/logo\/image\/"},"sameAs":["https:\/\/www.facebook.com\/TextilegenceMagazine","https:\/\/x.com\/textilegence","https:\/\/www.instagram.com\/textilegence\/","https:\/\/www.linkedin.com\/groups\/Textilegence-Magazine-Digital-Platform-4897253","https:\/\/www.youtube.com\/user\/textilegence"],"description":"Textilegence is a magazine and digital platform established in 2013. It focuses on the textile industry and sub-segments. The platform provides news, articles, and updates on various aspects of the textile industry, including sustainability, technological advancements, and market trends.","email":"editor@textilegence.com","telephone":"+90 212 442 24 12","legalName":"Textilegence Mag and Digital Platform","foundingDate":"2013-01-01","numberOfEmployees":{"@type":"QuantitativeValue","minValue":"1","maxValue":"10"}},{"@type":"Person","@id":"https:\/\/www.textilegence.com\/en\/#\/schema\/person\/46ccc7bfc34edbc7d46b6b189f88849f","name":"Engin Buz","image":{"@type":"ImageObject","inLanguage":"en-US","@id":"https:\/\/www.textilegence.com\/wp-content\/uploads\/2018\/12\/engin-buz.jpg","url":"https:\/\/www.textilegence.com\/wp-content\/uploads\/2018\/12\/engin-buz.jpg","contentUrl":"https:\/\/www.textilegence.com\/wp-content\/uploads\/2018\/12\/engin-buz.jpg","caption":"Engin Buz"},"description":"Engin Buz, Ankara \u00dcniversitesi \u0130leti\u015fim Fak\u00fcltesi Gazetecilik B\u00f6l\u00fcm\u00fc\u2019nden mezun olduktan sonra Y\u0131ld\u0131z Teknik \u00dcniversitesi\u2019nde Siyaset Bilimi ve Uluslararas\u0131 \u0130li\u015fkiler alan\u0131nda y\u00fcksek lisans\u0131n\u0131 tamamlam\u0131\u015ft\u0131r. 2000 y\u0131l\u0131ndan sonra \u00e7e\u015fitli yay\u0131nc\u0131l\u0131k \u015firketlerinde \u00e7al\u0131\u015fmaya ba\u015flayarak k\u00fclt\u00fcr-sanat ve daha sonra ekonomi haberleri haz\u0131rlam\u0131\u015ft\u0131r. 2009 y\u0131l\u0131ndan itibaren tekstil end\u00fcstrisine d\u00f6n\u00fck yay\u0131nlarda edit\u00f6r olarak g\u00f6rev alan Buz, 2013 itibariyle kurulan Textilegence\u2019de haber edit\u00f6r\u00fc olarak yer almaya ba\u015flam\u0131\u015ft\u0131r. Engin Buz halen ba\u015fta tekstil ve dijital bask\u0131 end\u00fcstrileri olmak \u00fczere ekonomi haberleri haz\u0131rlamaktad\u0131r.","sameAs":["https:\/\/www.textilegence.com","https:\/\/www.facebook.com\/TextilegenceMagazine","https:\/\/www.instagram.com\/textilegence\/","https:\/\/www.linkedin.com\/in\/engin-buz-6190799a\/","https:\/\/x.com\/https:\/\/twitter.com\/textilegence"],"url":"https:\/\/www.textilegence.com\/en\/author\/engin-buz\/"}]}},"_links":{"self":[{"href":"https:\/\/www.textilegence.com\/en\/wp-json\/wp\/v2\/posts\/31840","targetHints":{"allow":["GET"]}}],"collection":[{"href":"https:\/\/www.textilegence.com\/en\/wp-json\/wp\/v2\/posts"}],"about":[{"href":"https:\/\/www.textilegence.com\/en\/wp-json\/wp\/v2\/types\/post"}],"author":[{"embeddable":true,"href":"https:\/\/www.textilegence.com\/en\/wp-json\/wp\/v2\/users\/2"}],"replies":[{"embeddable":true,"href":"https:\/\/www.textilegence.com\/en\/wp-json\/wp\/v2\/comments?post=31840"}],"version-history":[{"count":0,"href":"https:\/\/www.textilegence.com\/en\/wp-json\/wp\/v2\/posts\/31840\/revisions"}],"wp:featuredmedia":[{"embeddable":true,"href":"https:\/\/www.textilegence.com\/en\/wp-json\/wp\/v2\/media\/31836"}],"wp:attachment":[{"href":"https:\/\/www.textilegence.com\/en\/wp-json\/wp\/v2\/media?parent=31840"}],"wp:term":[{"taxonomy":"category","embeddable":true,"href":"https:\/\/www.textilegence.com\/en\/wp-json\/wp\/v2\/categories?post=31840"},{"taxonomy":"post_tag","embeddable":true,"href":"https:\/\/www.textilegence.com\/en\/wp-json\/wp\/v2\/tags?post=31840"}],"curies":[{"name":"wp","href":"https:\/\/api.w.org\/{rel}","templated":true}]}}