{"id":32521,"date":"2019-07-23T14:13:21","date_gmt":"2019-07-23T11:13:21","guid":{"rendered":"http:\/\/www.textilegence.com\/?p=32521"},"modified":"2019-07-25T14:15:56","modified_gmt":"2019-07-25T11:15:56","slug":"itma-2019-innovation","status":"publish","type":"post","link":"https:\/\/www.textilegence.com\/en\/itma-2019-innovation\/","title":{"rendered":"Innovation Leads the Way at ITMA 2019"},"content":{"rendered":"<figure id=\"attachment_32519\" aria-describedby=\"caption-attachment-32519\" style=\"width: 1200px\" class=\"wp-caption aligncenter\"><img loading=\"lazy\" decoding=\"async\" class=\"wp-image-32519 size-full\" src=\"https:\/\/www.textilegence.com\/wp-content\/uploads\/2019\/07\/itema-detail.jpg\" alt=\"Innovation Leads the Way at ITMA 2019\" width=\"1200\" height=\"675\" srcset=\"https:\/\/www.textilegence.com\/wp-content\/uploads\/2019\/07\/itema-detail.jpg 1200w, https:\/\/www.textilegence.com\/wp-content\/uploads\/2019\/07\/itema-detail-768x432.jpg 768w, https:\/\/www.textilegence.com\/wp-content\/uploads\/2019\/07\/itema-detail-696x392.jpg 696w\" sizes=\"auto, (max-width: 1200px) 100vw, 1200px\" \/><figcaption id=\"caption-attachment-32519\" class=\"wp-caption-text\">Innovation Leads the Way at ITMA 2019<\/figcaption><\/figure>\n<p style=\"text-align: justify;\">Themed \u2018Innovating the World of Textiles\u2019, the 18<sup>th<\/sup> edition of ITMA, the world\u2019s most established textile and garment technology exhibition, concluded successfully in Barcelona, Spain. The global textile and garment manufacturing industry converged at ITMA 2019, chalking up new records for the exhibition which has been held every four years since 1951. It featured many exciting new product launches and innovative technologies and products, including those that leverage the Internet of Things, by 1717 exhibitors from 45 countries.<\/p>\n<p style=\"text-align: justify;\">CEMATEX, the European Committee of Textile Machinery Manufacturers, and owner of ITMA and ITMA ASIA, reported that the industry support from visitors and exhibitors was tremendous, resulting in record-breaking number of exhibitors since its inception.<\/p>\n<p style=\"text-align: justify;\">Mr. Fritz P. Mayer, President of CEMATEX said, \u201cThe digital transformation of the textile and garment manufacturing value chain and sustainability concerns of the industry have driven up visitor interests in ITMA 2019. We had a strong turnout, despite trade tensions and poor business sentiments. Many of our exhibitors were pleasantly surprised with the large number of serious buyers attending the <a href=\"https:\/\/www.itma.com\/home\" target=\"_blank\" rel=\"noopener noreferrer\">exhibition<\/a>. They were also impressed with presence of new visitor <a href=\"https:\/\/www.textilegence.com\/en\/category\/trade-fairs\/\" target=\"_blank\" rel=\"noopener noreferrer\">segments<\/a>, such as bigger numbers of fashion and sports brands. Considering that for this ITMA edition, the exhibition duration has been shortened from 8 to 7 days, we still enjoyed good visitorship.\u201d<\/p>\n<p style=\"text-align: justify;\">ITMA 2019 attracted visitorship of over 105,000 from 137 countries. The top 5 countries where visitors came from were Spain (11%), Italy (10%), India (8%), Turkey and Germany (7%). They were followed by France, United States, Portugal, Brazil, Pakistan, China and the United Kingdom.<\/p>\n<h2 style=\"text-align: justify;\"><strong>Exhibitors were satisfied with the interest of visitors<\/strong><\/h2>\n<p style=\"text-align: justify;\">One of the exhibitors who was pleased with the visitor quality was Johan Verstraete, Vice-President Weaving Machines of Picanol. He explained: \u201cOverall, it has been a good ITMA for us. We came with low expectations, but they have been considerably exceeded. Although we did not get a large number of visitors, the quality was very high. We had many conversations and negotiations, which was somewhat contradictory to the ongoing negative market sentiments.\u201d<\/p>\n<p style=\"text-align: justify;\">An excited Paolo Milini, President &amp; CEO of MS Printing Solutions, agreed: &#8220;We are very satisfied with the show. The positive results of ITMA 2019 were made possible thanks to a large number of visitors who came to our stand. We have had over 600 contacts a day, and they come from over 90 countries!&#8221;<\/p>\n<p style=\"text-align: justify;\">Launched as a dedicated sector at ITMA 2019, the printing and inks chapter had grown by 40% compared with ITMA 2015, and featured many established and new exhibitors who were keen to exploit the digital printing sector.<\/p>\n<p style=\"text-align: justify;\">VDMA Textile Machinery Association members were also happy with the visitor quality. Regina Br\u00fcckner, CEO of Br\u00fcckner Group and Chairperson of the Association, enthused: \u201cA VDMA survey conducted at ITMA 2019 showed that almost 90% of our exhibiting member companies considered both the quantity and quality of visitors as \u2018good\u2019 or \u2018very good\u2019. Visitors from all over the world came to ITMA Barcelona to discuss new projects.\u201d<\/p>\n<p style=\"text-align: justify;\">ITMA 2019 also provided the platform for the announcement of a comprehensive modernisation programme for Egypt\u2019s textile industry valued at around \u20ac1 billion from exhibitors including Benninger, Br\u00fcckner, EFI Reggiani, Itema, Karl Mayer, Rieter, Savio and Thies.<\/p>\n<h2 style=\"text-align: justify;\"><strong>The innovation place<\/strong><\/h2>\n<p style=\"text-align: justify;\">Many new technologies were launched, ranging from 3D weaving and knitting to hi-tech nonwovens processes, sustainable chemicals and state-of-the-art garment-making technologies, and wide range of software-powered automation solutions.<\/p>\n<p style=\"text-align: justify;\">\u201cI missed the last ITMA in Milan. After eight years, I find there is a big jump in technology. There are many interesting new developments, such as digitalisation and automation, as well as more eco-friendly products. I came here to also buy equipment for my factories, so this has been a fruitful trip for me,\u201d said Mr Kihak Sung, Founder of Youngone Corporation and President of International Textile Manufacturers Federation.<\/p>\n<p style=\"text-align: justify;\">Another leading industry player, RakhiI Hirdaramani, Director of Hirdaramani and the Manufacturers Committee Chair of the World Federation of Sporting Goods International, said; \u201cITMA is a meeting of the minds. As much as it is a machinery fair, it&#8217;s also about understanding new technologies; meeting with your peers and colleagues from various sectors of the industry to understand the challenges and how to address them. One of the key trends we&#8217;ve seen this year, is about sustainability and Industry 4.0.\u201d<\/p>\n<p style=\"text-align: justify;\">Mr. Hirdaramani participated in a panel discussion held at the Speakers Platform; one of the components of the ITMA Innovation Lab which was launched at this year\u2019s exhibition. The Platform drew strong interest and participation. It featured about 60 presentations, and was attended by over 900 participants.<\/p>\n<h2 style=\"text-align: justify;\"><strong>Several events to place during ITMA<\/strong><\/h2>\n<p style=\"text-align: justify;\">In addition, a number of ITMA and co-located events drew over 1,000 delegates. Among the events were the ITMA-EDANA Nonwovens Forum, Textile Colourant and Chemical Leaders Forum, Better Cotton Initiative Seminar, European Digital Textile Conference, Tex-Summit Global, Planet Textiles, SAC &amp; ZDHC Manufacturer Forum and Texmeeting by TEXFOR.<\/p>\n<p style=\"text-align: justify;\">ITMA collaborated with supporting organisations; many of which sent visiting delegations from Central Asia, South Asia, Turkey and the Mediterranean countries. Charles Beauduin, Chairman of ITMA Services, which organises ITMA 2019, said; \u201cWe are extremely glad that many industry stakeholders see ITMA as an excellent platform for collaboration; and sharing of ideas to make the industry more competitive in the face of digital transformation; and to explore cutting-edge solutions to future proof their business.\u201d<\/p>\n<p style=\"text-align: justify;\">Alex Zucchi, President of ACIMIT also shares Mr Beauduin\u2019s view. He said: &#8220;This Barcelona edition has confirmed ITMA as the main B2B platform in the textile industry. The many innovations seen here, especially in the field of sustainability and digitalisation, have increased the interest of visitors. It is essential to focus on these issues also for the next edition of ITMA; to be held in Milan in 2023.\u201d<\/p>\n<p style=\"text-align: justify;\">The next ITMA will be held in Fiera Milano, Milan, Italy, from 8 to 14 June 2023. Some exhibitors, happy with their participation, have already started making plans for the next show.<\/p>\n","protected":false},"excerpt":{"rendered":"<p>Themed \u2018Innovating the World of Textiles\u2019, the 18th edition of ITMA, the world\u2019s most established textile and garment technology exhibition, concluded successfully in Barcelona, Spain. The global textile and garment manufacturing industry converged at ITMA 2019, chalking up new records for the exhibition which has been held every four years since 1951. It featured many [&hellip;]<\/p>\n","protected":false},"author":2,"featured_media":32517,"comment_status":"open","ping_status":"closed","sticky":false,"template":"","format":"standard","meta":{"footnotes":""},"categories":[9859,9845],"tags":[11524],"class_list":{"0":"post-32521","1":"post","2":"type-post","3":"status-publish","4":"format-standard","5":"has-post-thumbnail","7":"category-topical","8":"category-trade-fairs","9":"tag-itma-2019-en"},"yoast_head":"<!-- This site is optimized with the Yoast SEO Premium plugin v27.3 (Yoast SEO v27.3) - https:\/\/yoast.com\/product\/yoast-seo-premium-wordpress\/ -->\n<title>Innovation Leads the Way at ITMA 2019 - Textilegence<\/title>\n<meta name=\"description\" content=\"Themed \u2018Innovating the World of Textiles\u2019, the 18th edition of ITMA, the world\u2019s most established textile and garment technology exhibition, concluded...\" \/>\n<meta name=\"robots\" content=\"index, follow, max-snippet:-1, max-image-preview:large, max-video-preview:-1\" \/>\n<link rel=\"canonical\" href=\"https:\/\/www.textilegence.com\/en\/itma-2019-innovation\/\" \/>\n<meta property=\"og:locale\" content=\"en_US\" \/>\n<meta property=\"og:type\" content=\"article\" \/>\n<meta property=\"og:title\" content=\"Innovation Leads the Way at ITMA 2019\" \/>\n<meta property=\"og:description\" content=\"Themed \u2018Innovating the World of Textiles\u2019, the 18th edition of ITMA, the world\u2019s most established textile and garment technology exhibition, concluded\" \/>\n<meta property=\"og:url\" content=\"https:\/\/www.textilegence.com\/en\/itma-2019-innovation\/\" \/>\n<meta property=\"og:site_name\" content=\"Textilegence Magazine and Digital Platform\" \/>\n<meta property=\"article:publisher\" content=\"https:\/\/www.facebook.com\/TextilegenceMagazine\" \/>\n<meta property=\"article:author\" content=\"https:\/\/www.facebook.com\/TextilegenceMagazine\" \/>\n<meta property=\"article:published_time\" content=\"2019-07-23T11:13:21+00:00\" \/>\n<meta property=\"article:modified_time\" content=\"2019-07-25T11:15:56+00:00\" \/>\n<meta property=\"og:image\" content=\"https:\/\/www.textilegence.com\/wp-content\/uploads\/2019\/07\/itma-textilegence.jpg\" \/>\n\t<meta property=\"og:image:width\" content=\"1200\" \/>\n\t<meta property=\"og:image:height\" content=\"675\" \/>\n\t<meta property=\"og:image:type\" content=\"image\/jpeg\" \/>\n<meta name=\"author\" content=\"Engin Buz\" \/>\n<meta name=\"twitter:card\" content=\"summary_large_image\" \/>\n<meta name=\"twitter:creator\" content=\"@https:\/\/twitter.com\/textilegence\" \/>\n<meta name=\"twitter:site\" content=\"@textilegence\" \/>\n<meta name=\"twitter:label1\" content=\"Written by\" \/>\n\t<meta name=\"twitter:data1\" content=\"Engin Buz\" \/>\n\t<meta name=\"twitter:label2\" content=\"Est. reading time\" \/>\n\t<meta name=\"twitter:data2\" content=\"5 minutes\" \/>\n<script type=\"application\/ld+json\" class=\"yoast-schema-graph\">{\"@context\":\"https:\\\/\\\/schema.org\",\"@graph\":[{\"@type\":\"NewsArticle\",\"@id\":\"https:\\\/\\\/www.textilegence.com\\\/en\\\/itma-2019-innovation\\\/#article\",\"isPartOf\":{\"@id\":\"https:\\\/\\\/www.textilegence.com\\\/en\\\/itma-2019-innovation\\\/\"},\"author\":{\"name\":\"Engin Buz\",\"@id\":\"https:\\\/\\\/www.textilegence.com\\\/en\\\/#\\\/schema\\\/person\\\/46ccc7bfc34edbc7d46b6b189f88849f\"},\"headline\":\"Innovation Leads the Way at ITMA 2019\",\"datePublished\":\"2019-07-23T11:13:21+00:00\",\"dateModified\":\"2019-07-25T11:15:56+00:00\",\"mainEntityOfPage\":{\"@id\":\"https:\\\/\\\/www.textilegence.com\\\/en\\\/itma-2019-innovation\\\/\"},\"wordCount\":987,\"commentCount\":0,\"publisher\":{\"@id\":\"https:\\\/\\\/www.textilegence.com\\\/en\\\/#organization\"},\"image\":{\"@id\":\"https:\\\/\\\/www.textilegence.com\\\/en\\\/itma-2019-innovation\\\/#primaryimage\"},\"thumbnailUrl\":\"https:\\\/\\\/www.textilegence.com\\\/wp-content\\\/uploads\\\/2019\\\/07\\\/itma-textilegence.jpg\",\"keywords\":[\"itma 2019\"],\"articleSection\":[\"Topical\",\"Trade Fairs\"],\"inLanguage\":\"en-US\",\"potentialAction\":[{\"@type\":\"CommentAction\",\"name\":\"Comment\",\"target\":[\"https:\\\/\\\/www.textilegence.com\\\/en\\\/itma-2019-innovation\\\/#respond\"]}]},{\"@type\":\"WebPage\",\"@id\":\"https:\\\/\\\/www.textilegence.com\\\/en\\\/itma-2019-innovation\\\/\",\"url\":\"https:\\\/\\\/www.textilegence.com\\\/en\\\/itma-2019-innovation\\\/\",\"name\":\"Innovation Leads the Way at ITMA 2019 - Textilegence\",\"isPartOf\":{\"@id\":\"https:\\\/\\\/www.textilegence.com\\\/en\\\/#website\"},\"primaryImageOfPage\":{\"@id\":\"https:\\\/\\\/www.textilegence.com\\\/en\\\/itma-2019-innovation\\\/#primaryimage\"},\"image\":{\"@id\":\"https:\\\/\\\/www.textilegence.com\\\/en\\\/itma-2019-innovation\\\/#primaryimage\"},\"thumbnailUrl\":\"https:\\\/\\\/www.textilegence.com\\\/wp-content\\\/uploads\\\/2019\\\/07\\\/itma-textilegence.jpg\",\"datePublished\":\"2019-07-23T11:13:21+00:00\",\"dateModified\":\"2019-07-25T11:15:56+00:00\",\"description\":\"Themed \u2018Innovating the World of Textiles\u2019, the 18th edition of ITMA, the world\u2019s most established textile and garment technology exhibition, concluded...\",\"breadcrumb\":{\"@id\":\"https:\\\/\\\/www.textilegence.com\\\/en\\\/itma-2019-innovation\\\/#breadcrumb\"},\"inLanguage\":\"en-US\",\"potentialAction\":[{\"@type\":\"ReadAction\",\"target\":[\"https:\\\/\\\/www.textilegence.com\\\/en\\\/itma-2019-innovation\\\/\"]}]},{\"@type\":\"ImageObject\",\"inLanguage\":\"en-US\",\"@id\":\"https:\\\/\\\/www.textilegence.com\\\/en\\\/itma-2019-innovation\\\/#primaryimage\",\"url\":\"https:\\\/\\\/www.textilegence.com\\\/wp-content\\\/uploads\\\/2019\\\/07\\\/itma-textilegence.jpg\",\"contentUrl\":\"https:\\\/\\\/www.textilegence.com\\\/wp-content\\\/uploads\\\/2019\\\/07\\\/itma-textilegence.jpg\",\"width\":1200,\"height\":675},{\"@type\":\"BreadcrumbList\",\"@id\":\"https:\\\/\\\/www.textilegence.com\\\/en\\\/itma-2019-innovation\\\/#breadcrumb\",\"itemListElement\":[{\"@type\":\"ListItem\",\"position\":1,\"name\":\"Home Page\",\"item\":\"https:\\\/\\\/www.textilegence.com\\\/en\\\/homepage-the-rimont\\\/\"},{\"@type\":\"ListItem\",\"position\":2,\"name\":\"Trade Fairs\",\"item\":\"https:\\\/\\\/www.textilegence.com\\\/en\\\/category\\\/trade-fairs\\\/\"},{\"@type\":\"ListItem\",\"position\":3,\"name\":\"Innovation Leads the Way at ITMA 2019\"}]},{\"@type\":\"WebSite\",\"@id\":\"https:\\\/\\\/www.textilegence.com\\\/en\\\/#website\",\"url\":\"https:\\\/\\\/www.textilegence.com\\\/en\\\/\",\"name\":\"Textilegence Magazine and Digital Platform\",\"description\":\"Textile News Center\",\"publisher\":{\"@id\":\"https:\\\/\\\/www.textilegence.com\\\/en\\\/#organization\"},\"potentialAction\":[{\"@type\":\"SearchAction\",\"target\":{\"@type\":\"EntryPoint\",\"urlTemplate\":\"https:\\\/\\\/www.textilegence.com\\\/en\\\/?s={search_term_string}\"},\"query-input\":{\"@type\":\"PropertyValueSpecification\",\"valueRequired\":true,\"valueName\":\"search_term_string\"}}],\"inLanguage\":\"en-US\"},{\"@type\":\"Organization\",\"@id\":\"https:\\\/\\\/www.textilegence.com\\\/en\\\/#organization\",\"name\":\"Textilegence Magazine and Digital Platform\",\"url\":\"https:\\\/\\\/www.textilegence.com\\\/en\\\/\",\"logo\":{\"@type\":\"ImageObject\",\"inLanguage\":\"en-US\",\"@id\":\"https:\\\/\\\/www.textilegence.com\\\/en\\\/#\\\/schema\\\/logo\\\/image\\\/\",\"url\":\"https:\\\/\\\/www.textilegence.com\\\/wp-content\\\/uploads\\\/2016\\\/11\\\/New_Retina_Logo_Textilegence.png\",\"contentUrl\":\"https:\\\/\\\/www.textilegence.com\\\/wp-content\\\/uploads\\\/2016\\\/11\\\/New_Retina_Logo_Textilegence.png\",\"width\":544,\"height\":180,\"caption\":\"Textilegence Magazine and Digital Platform\"},\"image\":{\"@id\":\"https:\\\/\\\/www.textilegence.com\\\/en\\\/#\\\/schema\\\/logo\\\/image\\\/\"},\"sameAs\":[\"https:\\\/\\\/www.facebook.com\\\/TextilegenceMagazine\",\"https:\\\/\\\/x.com\\\/textilegence\",\"https:\\\/\\\/www.instagram.com\\\/textilegence\\\/\",\"https:\\\/\\\/www.linkedin.com\\\/groups\\\/Textilegence-Magazine-Digital-Platform-4897253\",\"https:\\\/\\\/www.youtube.com\\\/user\\\/textilegence\"],\"description\":\"Textilegence is a magazine and digital platform established in 2013. It focuses on the textile industry and sub-segments. The platform provides news, articles, and updates on various aspects of the textile industry, including sustainability, technological advancements, and market trends.\",\"email\":\"editor@textilegence.com\",\"telephone\":\"+90 212 442 24 12\",\"legalName\":\"Textilegence Mag and Digital Platform\",\"foundingDate\":\"2013-01-01\",\"numberOfEmployees\":{\"@type\":\"QuantitativeValue\",\"minValue\":\"1\",\"maxValue\":\"10\"}},{\"@type\":\"Person\",\"@id\":\"https:\\\/\\\/www.textilegence.com\\\/en\\\/#\\\/schema\\\/person\\\/46ccc7bfc34edbc7d46b6b189f88849f\",\"name\":\"Engin Buz\",\"image\":{\"@type\":\"ImageObject\",\"inLanguage\":\"en-US\",\"@id\":\"https:\\\/\\\/www.textilegence.com\\\/wp-content\\\/uploads\\\/2018\\\/12\\\/engin-buz.jpg\",\"url\":\"https:\\\/\\\/www.textilegence.com\\\/wp-content\\\/uploads\\\/2018\\\/12\\\/engin-buz.jpg\",\"contentUrl\":\"https:\\\/\\\/www.textilegence.com\\\/wp-content\\\/uploads\\\/2018\\\/12\\\/engin-buz.jpg\",\"caption\":\"Engin Buz\"},\"description\":\"Engin Buz, Ankara \u00dcniversitesi \u0130leti\u015fim Fak\u00fcltesi Gazetecilik B\u00f6l\u00fcm\u00fc\u2019nden mezun olduktan sonra Y\u0131ld\u0131z Teknik \u00dcniversitesi\u2019nde Siyaset Bilimi ve Uluslararas\u0131 \u0130li\u015fkiler alan\u0131nda y\u00fcksek lisans\u0131n\u0131 tamamlam\u0131\u015ft\u0131r. 2000 y\u0131l\u0131ndan sonra \u00e7e\u015fitli yay\u0131nc\u0131l\u0131k \u015firketlerinde \u00e7al\u0131\u015fmaya ba\u015flayarak k\u00fclt\u00fcr-sanat ve daha sonra ekonomi haberleri haz\u0131rlam\u0131\u015ft\u0131r. 2009 y\u0131l\u0131ndan itibaren tekstil end\u00fcstrisine d\u00f6n\u00fck yay\u0131nlarda edit\u00f6r olarak g\u00f6rev alan Buz, 2013 itibariyle kurulan Textilegence\u2019de haber edit\u00f6r\u00fc olarak yer almaya ba\u015flam\u0131\u015ft\u0131r. Engin Buz halen ba\u015fta tekstil ve dijital bask\u0131 end\u00fcstrileri olmak \u00fczere ekonomi haberleri haz\u0131rlamaktad\u0131r.\",\"sameAs\":[\"https:\\\/\\\/www.textilegence.com\",\"https:\\\/\\\/www.facebook.com\\\/TextilegenceMagazine\",\"https:\\\/\\\/www.instagram.com\\\/textilegence\\\/\",\"https:\\\/\\\/www.linkedin.com\\\/in\\\/engin-buz-6190799a\\\/\",\"https:\\\/\\\/x.com\\\/https:\\\/\\\/twitter.com\\\/textilegence\"],\"url\":\"https:\\\/\\\/www.textilegence.com\\\/en\\\/author\\\/engin-buz\\\/\"}]}<\/script>\n<!-- \/ Yoast SEO Premium plugin. -->","yoast_head_json":{"title":"Innovation Leads the Way at ITMA 2019 - Textilegence","description":"Themed \u2018Innovating the World of Textiles\u2019, the 18th edition of ITMA, the world\u2019s most established textile and garment technology exhibition, concluded...","robots":{"index":"index","follow":"follow","max-snippet":"max-snippet:-1","max-image-preview":"max-image-preview:large","max-video-preview":"max-video-preview:-1"},"canonical":"https:\/\/www.textilegence.com\/en\/itma-2019-innovation\/","og_locale":"en_US","og_type":"article","og_title":"Innovation Leads the Way at ITMA 2019","og_description":"Themed \u2018Innovating the World of Textiles\u2019, the 18th edition of ITMA, the world\u2019s most established textile and garment technology exhibition, concluded","og_url":"https:\/\/www.textilegence.com\/en\/itma-2019-innovation\/","og_site_name":"Textilegence Magazine and Digital Platform","article_publisher":"https:\/\/www.facebook.com\/TextilegenceMagazine","article_author":"https:\/\/www.facebook.com\/TextilegenceMagazine","article_published_time":"2019-07-23T11:13:21+00:00","article_modified_time":"2019-07-25T11:15:56+00:00","og_image":[{"width":1200,"height":675,"url":"https:\/\/www.textilegence.com\/wp-content\/uploads\/2019\/07\/itma-textilegence.jpg","type":"image\/jpeg"}],"author":"Engin Buz","twitter_card":"summary_large_image","twitter_creator":"@https:\/\/twitter.com\/textilegence","twitter_site":"@textilegence","twitter_misc":{"Written by":"Engin Buz","Est. reading time":"5 minutes"},"schema":{"@context":"https:\/\/schema.org","@graph":[{"@type":"NewsArticle","@id":"https:\/\/www.textilegence.com\/en\/itma-2019-innovation\/#article","isPartOf":{"@id":"https:\/\/www.textilegence.com\/en\/itma-2019-innovation\/"},"author":{"name":"Engin Buz","@id":"https:\/\/www.textilegence.com\/en\/#\/schema\/person\/46ccc7bfc34edbc7d46b6b189f88849f"},"headline":"Innovation Leads the Way at ITMA 2019","datePublished":"2019-07-23T11:13:21+00:00","dateModified":"2019-07-25T11:15:56+00:00","mainEntityOfPage":{"@id":"https:\/\/www.textilegence.com\/en\/itma-2019-innovation\/"},"wordCount":987,"commentCount":0,"publisher":{"@id":"https:\/\/www.textilegence.com\/en\/#organization"},"image":{"@id":"https:\/\/www.textilegence.com\/en\/itma-2019-innovation\/#primaryimage"},"thumbnailUrl":"https:\/\/www.textilegence.com\/wp-content\/uploads\/2019\/07\/itma-textilegence.jpg","keywords":["itma 2019"],"articleSection":["Topical","Trade Fairs"],"inLanguage":"en-US","potentialAction":[{"@type":"CommentAction","name":"Comment","target":["https:\/\/www.textilegence.com\/en\/itma-2019-innovation\/#respond"]}]},{"@type":"WebPage","@id":"https:\/\/www.textilegence.com\/en\/itma-2019-innovation\/","url":"https:\/\/www.textilegence.com\/en\/itma-2019-innovation\/","name":"Innovation Leads the Way at ITMA 2019 - Textilegence","isPartOf":{"@id":"https:\/\/www.textilegence.com\/en\/#website"},"primaryImageOfPage":{"@id":"https:\/\/www.textilegence.com\/en\/itma-2019-innovation\/#primaryimage"},"image":{"@id":"https:\/\/www.textilegence.com\/en\/itma-2019-innovation\/#primaryimage"},"thumbnailUrl":"https:\/\/www.textilegence.com\/wp-content\/uploads\/2019\/07\/itma-textilegence.jpg","datePublished":"2019-07-23T11:13:21+00:00","dateModified":"2019-07-25T11:15:56+00:00","description":"Themed \u2018Innovating the World of Textiles\u2019, the 18th edition of ITMA, the world\u2019s most established textile and garment technology exhibition, concluded...","breadcrumb":{"@id":"https:\/\/www.textilegence.com\/en\/itma-2019-innovation\/#breadcrumb"},"inLanguage":"en-US","potentialAction":[{"@type":"ReadAction","target":["https:\/\/www.textilegence.com\/en\/itma-2019-innovation\/"]}]},{"@type":"ImageObject","inLanguage":"en-US","@id":"https:\/\/www.textilegence.com\/en\/itma-2019-innovation\/#primaryimage","url":"https:\/\/www.textilegence.com\/wp-content\/uploads\/2019\/07\/itma-textilegence.jpg","contentUrl":"https:\/\/www.textilegence.com\/wp-content\/uploads\/2019\/07\/itma-textilegence.jpg","width":1200,"height":675},{"@type":"BreadcrumbList","@id":"https:\/\/www.textilegence.com\/en\/itma-2019-innovation\/#breadcrumb","itemListElement":[{"@type":"ListItem","position":1,"name":"Home Page","item":"https:\/\/www.textilegence.com\/en\/homepage-the-rimont\/"},{"@type":"ListItem","position":2,"name":"Trade Fairs","item":"https:\/\/www.textilegence.com\/en\/category\/trade-fairs\/"},{"@type":"ListItem","position":3,"name":"Innovation Leads the Way at ITMA 2019"}]},{"@type":"WebSite","@id":"https:\/\/www.textilegence.com\/en\/#website","url":"https:\/\/www.textilegence.com\/en\/","name":"Textilegence Magazine and Digital Platform","description":"Textile News Center","publisher":{"@id":"https:\/\/www.textilegence.com\/en\/#organization"},"potentialAction":[{"@type":"SearchAction","target":{"@type":"EntryPoint","urlTemplate":"https:\/\/www.textilegence.com\/en\/?s={search_term_string}"},"query-input":{"@type":"PropertyValueSpecification","valueRequired":true,"valueName":"search_term_string"}}],"inLanguage":"en-US"},{"@type":"Organization","@id":"https:\/\/www.textilegence.com\/en\/#organization","name":"Textilegence Magazine and Digital Platform","url":"https:\/\/www.textilegence.com\/en\/","logo":{"@type":"ImageObject","inLanguage":"en-US","@id":"https:\/\/www.textilegence.com\/en\/#\/schema\/logo\/image\/","url":"https:\/\/www.textilegence.com\/wp-content\/uploads\/2016\/11\/New_Retina_Logo_Textilegence.png","contentUrl":"https:\/\/www.textilegence.com\/wp-content\/uploads\/2016\/11\/New_Retina_Logo_Textilegence.png","width":544,"height":180,"caption":"Textilegence Magazine and Digital Platform"},"image":{"@id":"https:\/\/www.textilegence.com\/en\/#\/schema\/logo\/image\/"},"sameAs":["https:\/\/www.facebook.com\/TextilegenceMagazine","https:\/\/x.com\/textilegence","https:\/\/www.instagram.com\/textilegence\/","https:\/\/www.linkedin.com\/groups\/Textilegence-Magazine-Digital-Platform-4897253","https:\/\/www.youtube.com\/user\/textilegence"],"description":"Textilegence is a magazine and digital platform established in 2013. It focuses on the textile industry and sub-segments. The platform provides news, articles, and updates on various aspects of the textile industry, including sustainability, technological advancements, and market trends.","email":"editor@textilegence.com","telephone":"+90 212 442 24 12","legalName":"Textilegence Mag and Digital Platform","foundingDate":"2013-01-01","numberOfEmployees":{"@type":"QuantitativeValue","minValue":"1","maxValue":"10"}},{"@type":"Person","@id":"https:\/\/www.textilegence.com\/en\/#\/schema\/person\/46ccc7bfc34edbc7d46b6b189f88849f","name":"Engin Buz","image":{"@type":"ImageObject","inLanguage":"en-US","@id":"https:\/\/www.textilegence.com\/wp-content\/uploads\/2018\/12\/engin-buz.jpg","url":"https:\/\/www.textilegence.com\/wp-content\/uploads\/2018\/12\/engin-buz.jpg","contentUrl":"https:\/\/www.textilegence.com\/wp-content\/uploads\/2018\/12\/engin-buz.jpg","caption":"Engin Buz"},"description":"Engin Buz, Ankara \u00dcniversitesi \u0130leti\u015fim Fak\u00fcltesi Gazetecilik B\u00f6l\u00fcm\u00fc\u2019nden mezun olduktan sonra Y\u0131ld\u0131z Teknik \u00dcniversitesi\u2019nde Siyaset Bilimi ve Uluslararas\u0131 \u0130li\u015fkiler alan\u0131nda y\u00fcksek lisans\u0131n\u0131 tamamlam\u0131\u015ft\u0131r. 2000 y\u0131l\u0131ndan sonra \u00e7e\u015fitli yay\u0131nc\u0131l\u0131k \u015firketlerinde \u00e7al\u0131\u015fmaya ba\u015flayarak k\u00fclt\u00fcr-sanat ve daha sonra ekonomi haberleri haz\u0131rlam\u0131\u015ft\u0131r. 2009 y\u0131l\u0131ndan itibaren tekstil end\u00fcstrisine d\u00f6n\u00fck yay\u0131nlarda edit\u00f6r olarak g\u00f6rev alan Buz, 2013 itibariyle kurulan Textilegence\u2019de haber edit\u00f6r\u00fc olarak yer almaya ba\u015flam\u0131\u015ft\u0131r. Engin Buz halen ba\u015fta tekstil ve dijital bask\u0131 end\u00fcstrileri olmak \u00fczere ekonomi haberleri haz\u0131rlamaktad\u0131r.","sameAs":["https:\/\/www.textilegence.com","https:\/\/www.facebook.com\/TextilegenceMagazine","https:\/\/www.instagram.com\/textilegence\/","https:\/\/www.linkedin.com\/in\/engin-buz-6190799a\/","https:\/\/x.com\/https:\/\/twitter.com\/textilegence"],"url":"https:\/\/www.textilegence.com\/en\/author\/engin-buz\/"}]}},"_links":{"self":[{"href":"https:\/\/www.textilegence.com\/en\/wp-json\/wp\/v2\/posts\/32521","targetHints":{"allow":["GET"]}}],"collection":[{"href":"https:\/\/www.textilegence.com\/en\/wp-json\/wp\/v2\/posts"}],"about":[{"href":"https:\/\/www.textilegence.com\/en\/wp-json\/wp\/v2\/types\/post"}],"author":[{"embeddable":true,"href":"https:\/\/www.textilegence.com\/en\/wp-json\/wp\/v2\/users\/2"}],"replies":[{"embeddable":true,"href":"https:\/\/www.textilegence.com\/en\/wp-json\/wp\/v2\/comments?post=32521"}],"version-history":[{"count":0,"href":"https:\/\/www.textilegence.com\/en\/wp-json\/wp\/v2\/posts\/32521\/revisions"}],"wp:featuredmedia":[{"embeddable":true,"href":"https:\/\/www.textilegence.com\/en\/wp-json\/wp\/v2\/media\/32517"}],"wp:attachment":[{"href":"https:\/\/www.textilegence.com\/en\/wp-json\/wp\/v2\/media?parent=32521"}],"wp:term":[{"taxonomy":"category","embeddable":true,"href":"https:\/\/www.textilegence.com\/en\/wp-json\/wp\/v2\/categories?post=32521"},{"taxonomy":"post_tag","embeddable":true,"href":"https:\/\/www.textilegence.com\/en\/wp-json\/wp\/v2\/tags?post=32521"}],"curies":[{"name":"wp","href":"https:\/\/api.w.org\/{rel}","templated":true}]}}