{"id":32661,"date":"2019-07-29T09:09:51","date_gmt":"2019-07-29T06:09:51","guid":{"rendered":"http:\/\/www.textilegence.com\/?p=32661"},"modified":"2019-07-29T09:09:58","modified_gmt":"2019-07-29T06:09:58","slug":"bilol-agency-pro-teknik","status":"publish","type":"post","link":"https:\/\/www.textilegence.com\/en\/bilol-agency-pro-teknik\/","title":{"rendered":"Bilol Agency and Pro-Teknik Teams Up Strongly"},"content":{"rendered":"<figure id=\"attachment_32659\" aria-describedby=\"caption-attachment-32659\" style=\"width: 1200px\" class=\"wp-caption aligncenter\"><img loading=\"lazy\" decoding=\"async\" class=\"wp-image-32659 size-full\" src=\"https:\/\/www.textilegence.com\/wp-content\/uploads\/2019\/07\/bilol-detail.jpg\" alt=\"Bilol Agency and Pro-Teknik Teams Up Strongly\" width=\"1200\" height=\"675\" srcset=\"https:\/\/www.textilegence.com\/wp-content\/uploads\/2019\/07\/bilol-detail.jpg 1200w, https:\/\/www.textilegence.com\/wp-content\/uploads\/2019\/07\/bilol-detail-768x432.jpg 768w, https:\/\/www.textilegence.com\/wp-content\/uploads\/2019\/07\/bilol-detail-696x392.jpg 696w\" sizes=\"auto, (max-width: 1200px) 100vw, 1200px\" \/><figcaption id=\"caption-attachment-32659\" class=\"wp-caption-text\">Bilol Agency and Pro-Teknik Teams Up Strongly<\/figcaption><\/figure>\n<p style=\"text-align: justify;\">Presenting outstanding global technology brands for Turkish textile industry, Bilol Agency has kicked off a brand new partnership. The company has become a Kocaeli-based company\u2019s, Pro-Teknik\u2019s agency to add first Turkish company to its portfolio. Bilol Agency has tied up with textile machinery producers from Switzerland, Germany and Italy. Owning PRO-SMH and KRANTZ, Pro-Teknik will now have an access to the Turkish textile industry under Bilol Agency\u2019s assurance.<\/p>\n<p style=\"text-align: justify;\">According to the agreement, Bilol Agency will provide <a href=\"https:\/\/www.textilegence.com\/en\/category\/topical\/\" target=\"_blank\" rel=\"noopener noreferrer\">services<\/a> for sales and after-sales processed of PRO-SMH and KRANTZ. PRO-SMH offers <a href=\"http:\/\/www.bilol.com.tr\/\" target=\"_blank\" rel=\"noopener noreferrer\">solutions<\/a> in weaving preparation while KRANTZ provides advanced solutions for wet finishing and dyeing. PRO-SMH manufactures machinery for expo warp, conical warp, dressing, indigo warp dye, rope indigo dye, yarn dressing, glass fibre dressing and beam transfer. Also in the field of wet finishing and dyeing; the company has classic and ultrasonic washing machines with plasma pretreatment. Reaching more than 380 customers in 30 countries on 5 continents, Pro-Teknik brands are famous for their advanced technical structures and high efficiency.<\/p>\n<h2 style=\"text-align: justify;\"><strong>Bilol Agency is known for full and fast service<\/strong><\/h2>\n<p style=\"text-align: justify;\">Based on a long history over hundred years, the company, offers leading foreign brands to Turkey shaping the textile industry. Its portfolio includes spinning, weaving, finishing, printing, embroidery, woven labels and narrow weaving solutions, while the company provides full and fast service to customers across Turkey. With the agreement signed, Pro-Teknik, which applies German technology one-to-one, has become the first Turkish manufacturer that joined the portfolio of Bilol Agency, meanwhile.<\/p>\n<p style=\"text-align: justify;\">Galip Bilol, General Manager of Bilol Agency commented on the agreement; \u201cFor many years, we have represented foreign machine manufacturers; who are reliable partners to the Turkish textile industry and offer advanced solutions. We have adopted the principle of providing the most advanced machines and solutions to our textile manufacturers; as quickly as possible. As the first Turkish machine manufacturer to join our portfolio, Pro-Teknik stands at an important point in terms of showing the development of the Turkish machinery sector. We hope that this cooperation will be an example for all companies and customers working only with foreign brands. \u201d<\/p>\n","protected":false},"excerpt":{"rendered":"<p>Presenting outstanding global technology brands for Turkish textile industry, Bilol Agency has kicked off a brand new partnership. The company has become a Kocaeli-based company\u2019s, Pro-Teknik\u2019s agency to add first Turkish company to its portfolio. Bilol Agency has tied up with textile machinery producers from Switzerland, Germany and Italy. Owning PRO-SMH and KRANTZ, Pro-Teknik will [&hellip;]<\/p>\n","protected":false},"author":16,"featured_media":32657,"comment_status":"open","ping_status":"closed","sticky":false,"template":"","format":"standard","meta":{"footnotes":""},"categories":[9859],"tags":[10883,11730],"class_list":{"0":"post-32661","1":"post","2":"type-post","3":"status-publish","4":"format-standard","5":"has-post-thumbnail","7":"category-topical","8":"tag-bilol-mumessillik-en","9":"tag-pro-teknik-en"},"yoast_head":"<!-- This site is optimized with the Yoast SEO Premium plugin v27.3 (Yoast SEO v27.3) - https:\/\/yoast.com\/product\/yoast-seo-premium-wordpress\/ -->\n<title>Bilol Agency and Pro-Teknik Teams Up Strongly - Textilegence<\/title>\n<meta name=\"description\" content=\"Presenting outstanding global technology brands for Turkish textile industry, Bilol Agency has kicked off a brand new partnership. The company has...\" \/>\n<meta name=\"robots\" content=\"index, follow, max-snippet:-1, max-image-preview:large, max-video-preview:-1\" \/>\n<link rel=\"canonical\" href=\"https:\/\/www.textilegence.com\/en\/bilol-agency-pro-teknik\/\" \/>\n<meta property=\"og:locale\" content=\"en_US\" \/>\n<meta property=\"og:type\" content=\"article\" \/>\n<meta property=\"og:title\" content=\"Bilol Agency and Pro-Teknik Teams Up Strongly\" \/>\n<meta property=\"og:description\" content=\"Presenting outstanding global technology brands for Turkish textile industry, Bilol Agency has kicked off a brand new partnership. The company has become\" \/>\n<meta property=\"og:url\" content=\"https:\/\/www.textilegence.com\/en\/bilol-agency-pro-teknik\/\" \/>\n<meta property=\"og:site_name\" content=\"Textilegence Magazine and Digital Platform\" \/>\n<meta property=\"article:publisher\" content=\"https:\/\/www.facebook.com\/TextilegenceMagazine\" \/>\n<meta property=\"article:author\" content=\"https:\/\/www.facebook.com\/TextilegenceMagazine\" \/>\n<meta property=\"article:published_time\" content=\"2019-07-29T06:09:51+00:00\" \/>\n<meta property=\"article:modified_time\" content=\"2019-07-29T06:09:58+00:00\" \/>\n<meta property=\"og:image\" content=\"https:\/\/www.textilegence.com\/wp-content\/uploads\/2019\/07\/bilol-textilegence.jpg\" \/>\n\t<meta property=\"og:image:width\" content=\"1200\" \/>\n\t<meta property=\"og:image:height\" content=\"675\" \/>\n\t<meta property=\"og:image:type\" content=\"image\/jpeg\" \/>\n<meta name=\"author\" content=\"Emirhan \u00c7ilo\u011flu\" \/>\n<meta name=\"twitter:card\" content=\"summary_large_image\" \/>\n<meta name=\"twitter:creator\" content=\"@https:\/\/twitter.com\/textilegence\" \/>\n<meta name=\"twitter:site\" content=\"@textilegence\" \/>\n<meta name=\"twitter:label1\" content=\"Written by\" \/>\n\t<meta name=\"twitter:data1\" content=\"Emirhan \u00c7ilo\u011flu\" \/>\n\t<meta name=\"twitter:label2\" content=\"Est. reading time\" \/>\n\t<meta name=\"twitter:data2\" content=\"2 minutes\" \/>\n<script type=\"application\/ld+json\" class=\"yoast-schema-graph\">{\"@context\":\"https:\\\/\\\/schema.org\",\"@graph\":[{\"@type\":\"NewsArticle\",\"@id\":\"https:\\\/\\\/www.textilegence.com\\\/en\\\/bilol-agency-pro-teknik\\\/#article\",\"isPartOf\":{\"@id\":\"https:\\\/\\\/www.textilegence.com\\\/en\\\/bilol-agency-pro-teknik\\\/\"},\"author\":{\"name\":\"Emirhan \u00c7ilo\u011flu\",\"@id\":\"https:\\\/\\\/www.textilegence.com\\\/en\\\/#\\\/schema\\\/person\\\/8dbf2ab62ffdf644153f8c0f9c991f78\"},\"headline\":\"Bilol Agency and Pro-Teknik Teams Up Strongly\",\"datePublished\":\"2019-07-29T06:09:51+00:00\",\"dateModified\":\"2019-07-29T06:09:58+00:00\",\"mainEntityOfPage\":{\"@id\":\"https:\\\/\\\/www.textilegence.com\\\/en\\\/bilol-agency-pro-teknik\\\/\"},\"wordCount\":368,\"commentCount\":0,\"publisher\":{\"@id\":\"https:\\\/\\\/www.textilegence.com\\\/en\\\/#organization\"},\"image\":{\"@id\":\"https:\\\/\\\/www.textilegence.com\\\/en\\\/bilol-agency-pro-teknik\\\/#primaryimage\"},\"thumbnailUrl\":\"https:\\\/\\\/www.textilegence.com\\\/wp-content\\\/uploads\\\/2019\\\/07\\\/bilol-textilegence.jpg\",\"keywords\":[\"bilol m\u00fcmessillik\",\"pro-teknik\"],\"articleSection\":[\"Topical\"],\"inLanguage\":\"en-US\",\"potentialAction\":[{\"@type\":\"CommentAction\",\"name\":\"Comment\",\"target\":[\"https:\\\/\\\/www.textilegence.com\\\/en\\\/bilol-agency-pro-teknik\\\/#respond\"]}]},{\"@type\":\"WebPage\",\"@id\":\"https:\\\/\\\/www.textilegence.com\\\/en\\\/bilol-agency-pro-teknik\\\/\",\"url\":\"https:\\\/\\\/www.textilegence.com\\\/en\\\/bilol-agency-pro-teknik\\\/\",\"name\":\"Bilol Agency and Pro-Teknik Teams Up Strongly - Textilegence\",\"isPartOf\":{\"@id\":\"https:\\\/\\\/www.textilegence.com\\\/en\\\/#website\"},\"primaryImageOfPage\":{\"@id\":\"https:\\\/\\\/www.textilegence.com\\\/en\\\/bilol-agency-pro-teknik\\\/#primaryimage\"},\"image\":{\"@id\":\"https:\\\/\\\/www.textilegence.com\\\/en\\\/bilol-agency-pro-teknik\\\/#primaryimage\"},\"thumbnailUrl\":\"https:\\\/\\\/www.textilegence.com\\\/wp-content\\\/uploads\\\/2019\\\/07\\\/bilol-textilegence.jpg\",\"datePublished\":\"2019-07-29T06:09:51+00:00\",\"dateModified\":\"2019-07-29T06:09:58+00:00\",\"description\":\"Presenting outstanding global technology brands for Turkish textile industry, Bilol Agency has kicked off a brand new partnership. The company has...\",\"breadcrumb\":{\"@id\":\"https:\\\/\\\/www.textilegence.com\\\/en\\\/bilol-agency-pro-teknik\\\/#breadcrumb\"},\"inLanguage\":\"en-US\",\"potentialAction\":[{\"@type\":\"ReadAction\",\"target\":[\"https:\\\/\\\/www.textilegence.com\\\/en\\\/bilol-agency-pro-teknik\\\/\"]}]},{\"@type\":\"ImageObject\",\"inLanguage\":\"en-US\",\"@id\":\"https:\\\/\\\/www.textilegence.com\\\/en\\\/bilol-agency-pro-teknik\\\/#primaryimage\",\"url\":\"https:\\\/\\\/www.textilegence.com\\\/wp-content\\\/uploads\\\/2019\\\/07\\\/bilol-textilegence.jpg\",\"contentUrl\":\"https:\\\/\\\/www.textilegence.com\\\/wp-content\\\/uploads\\\/2019\\\/07\\\/bilol-textilegence.jpg\",\"width\":1200,\"height\":675},{\"@type\":\"BreadcrumbList\",\"@id\":\"https:\\\/\\\/www.textilegence.com\\\/en\\\/bilol-agency-pro-teknik\\\/#breadcrumb\",\"itemListElement\":[{\"@type\":\"ListItem\",\"position\":1,\"name\":\"Home Page\",\"item\":\"https:\\\/\\\/www.textilegence.com\\\/en\\\/homepage-the-rimont\\\/\"},{\"@type\":\"ListItem\",\"position\":2,\"name\":\"Topical\",\"item\":\"https:\\\/\\\/www.textilegence.com\\\/en\\\/category\\\/topical\\\/\"},{\"@type\":\"ListItem\",\"position\":3,\"name\":\"Bilol Agency and Pro-Teknik Teams Up Strongly\"}]},{\"@type\":\"WebSite\",\"@id\":\"https:\\\/\\\/www.textilegence.com\\\/en\\\/#website\",\"url\":\"https:\\\/\\\/www.textilegence.com\\\/en\\\/\",\"name\":\"Textilegence Magazine and Digital Platform\",\"description\":\"Textile News Center\",\"publisher\":{\"@id\":\"https:\\\/\\\/www.textilegence.com\\\/en\\\/#organization\"},\"potentialAction\":[{\"@type\":\"SearchAction\",\"target\":{\"@type\":\"EntryPoint\",\"urlTemplate\":\"https:\\\/\\\/www.textilegence.com\\\/en\\\/?s={search_term_string}\"},\"query-input\":{\"@type\":\"PropertyValueSpecification\",\"valueRequired\":true,\"valueName\":\"search_term_string\"}}],\"inLanguage\":\"en-US\"},{\"@type\":\"Organization\",\"@id\":\"https:\\\/\\\/www.textilegence.com\\\/en\\\/#organization\",\"name\":\"Textilegence Magazine and Digital Platform\",\"url\":\"https:\\\/\\\/www.textilegence.com\\\/en\\\/\",\"logo\":{\"@type\":\"ImageObject\",\"inLanguage\":\"en-US\",\"@id\":\"https:\\\/\\\/www.textilegence.com\\\/en\\\/#\\\/schema\\\/logo\\\/image\\\/\",\"url\":\"https:\\\/\\\/www.textilegence.com\\\/wp-content\\\/uploads\\\/2016\\\/11\\\/New_Retina_Logo_Textilegence.png\",\"contentUrl\":\"https:\\\/\\\/www.textilegence.com\\\/wp-content\\\/uploads\\\/2016\\\/11\\\/New_Retina_Logo_Textilegence.png\",\"width\":544,\"height\":180,\"caption\":\"Textilegence Magazine and Digital Platform\"},\"image\":{\"@id\":\"https:\\\/\\\/www.textilegence.com\\\/en\\\/#\\\/schema\\\/logo\\\/image\\\/\"},\"sameAs\":[\"https:\\\/\\\/www.facebook.com\\\/TextilegenceMagazine\",\"https:\\\/\\\/x.com\\\/textilegence\",\"https:\\\/\\\/www.instagram.com\\\/textilegence\\\/\",\"https:\\\/\\\/www.linkedin.com\\\/groups\\\/Textilegence-Magazine-Digital-Platform-4897253\",\"https:\\\/\\\/www.youtube.com\\\/user\\\/textilegence\"],\"description\":\"Textilegence is a magazine and digital platform established in 2013. It focuses on the textile industry and sub-segments. The platform provides news, articles, and updates on various aspects of the textile industry, including sustainability, technological advancements, and market trends.\",\"email\":\"editor@textilegence.com\",\"telephone\":\"+90 212 442 24 12\",\"legalName\":\"Textilegence Mag and Digital Platform\",\"foundingDate\":\"2013-01-01\",\"numberOfEmployees\":{\"@type\":\"QuantitativeValue\",\"minValue\":\"1\",\"maxValue\":\"10\"}},{\"@type\":\"Person\",\"@id\":\"https:\\\/\\\/www.textilegence.com\\\/en\\\/#\\\/schema\\\/person\\\/8dbf2ab62ffdf644153f8c0f9c991f78\",\"name\":\"Emirhan \u00c7ilo\u011flu\",\"image\":{\"@type\":\"ImageObject\",\"inLanguage\":\"en-US\",\"@id\":\"https:\\\/\\\/www.textilegence.com\\\/wp-content\\\/uploads\\\/2021\\\/12\\\/emirhan.jpg\",\"url\":\"https:\\\/\\\/www.textilegence.com\\\/wp-content\\\/uploads\\\/2021\\\/12\\\/emirhan.jpg\",\"contentUrl\":\"https:\\\/\\\/www.textilegence.com\\\/wp-content\\\/uploads\\\/2021\\\/12\\\/emirhan.jpg\",\"caption\":\"Emirhan \u00c7ilo\u011flu\"},\"description\":\"Mahmut Emirhan \u00c7ilo\u011flu, \u0130stanbul\u2019da H\u00fcsn\u00fc M. \u00d6zye\u011fin Anadolu Lisesi\u2019nde lise e\u011fitimini tamamlam\u0131\u015f, sonras\u0131nda da \u0130stanbul \u00dcniversitesi\u2019nde Amerikan K\u00fclt\u00fcr\u00fc ve Edebiyat\u0131 lisans b\u00f6l\u00fcm\u00fcnden ba\u015far\u0131yla mezun olmu\u015ftur. 2021 itibari ile Textilegence\u2019da pazarlama ve d\u0131\u015f ili\u015fkiler sorumlusu olarak g\u00f6rev almaya ba\u015flayan \u00c7ilo\u011flu, kurumsal ileti\u015fimin g\u00fc\u00e7lendirilmesine katk\u0131 sa\u011flamaktad\u0131r.\",\"sameAs\":[\"https:\\\/\\\/www.textilegence.com\",\"https:\\\/\\\/www.facebook.com\\\/TextilegenceMagazine\",\"https:\\\/\\\/www.instagram.com\\\/textilegence\\\/\",\"https:\\\/\\\/www.linkedin.com\\\/in\\\/emre-yoleri-26151940\\\/\",\"https:\\\/\\\/x.com\\\/https:\\\/\\\/twitter.com\\\/textilegence\"],\"url\":\"https:\\\/\\\/www.textilegence.com\\\/en\\\/author\\\/emirhan-ciloglu\\\/\"}]}<\/script>\n<!-- \/ Yoast SEO Premium plugin. -->","yoast_head_json":{"title":"Bilol Agency and Pro-Teknik Teams Up Strongly - Textilegence","description":"Presenting outstanding global technology brands for Turkish textile industry, Bilol Agency has kicked off a brand new partnership. The company has...","robots":{"index":"index","follow":"follow","max-snippet":"max-snippet:-1","max-image-preview":"max-image-preview:large","max-video-preview":"max-video-preview:-1"},"canonical":"https:\/\/www.textilegence.com\/en\/bilol-agency-pro-teknik\/","og_locale":"en_US","og_type":"article","og_title":"Bilol Agency and Pro-Teknik Teams Up Strongly","og_description":"Presenting outstanding global technology brands for Turkish textile industry, Bilol Agency has kicked off a brand new partnership. The company has become","og_url":"https:\/\/www.textilegence.com\/en\/bilol-agency-pro-teknik\/","og_site_name":"Textilegence Magazine and Digital Platform","article_publisher":"https:\/\/www.facebook.com\/TextilegenceMagazine","article_author":"https:\/\/www.facebook.com\/TextilegenceMagazine","article_published_time":"2019-07-29T06:09:51+00:00","article_modified_time":"2019-07-29T06:09:58+00:00","og_image":[{"width":1200,"height":675,"url":"https:\/\/www.textilegence.com\/wp-content\/uploads\/2019\/07\/bilol-textilegence.jpg","type":"image\/jpeg"}],"author":"Emirhan \u00c7ilo\u011flu","twitter_card":"summary_large_image","twitter_creator":"@https:\/\/twitter.com\/textilegence","twitter_site":"@textilegence","twitter_misc":{"Written by":"Emirhan \u00c7ilo\u011flu","Est. reading time":"2 minutes"},"schema":{"@context":"https:\/\/schema.org","@graph":[{"@type":"NewsArticle","@id":"https:\/\/www.textilegence.com\/en\/bilol-agency-pro-teknik\/#article","isPartOf":{"@id":"https:\/\/www.textilegence.com\/en\/bilol-agency-pro-teknik\/"},"author":{"name":"Emirhan \u00c7ilo\u011flu","@id":"https:\/\/www.textilegence.com\/en\/#\/schema\/person\/8dbf2ab62ffdf644153f8c0f9c991f78"},"headline":"Bilol Agency and Pro-Teknik Teams Up Strongly","datePublished":"2019-07-29T06:09:51+00:00","dateModified":"2019-07-29T06:09:58+00:00","mainEntityOfPage":{"@id":"https:\/\/www.textilegence.com\/en\/bilol-agency-pro-teknik\/"},"wordCount":368,"commentCount":0,"publisher":{"@id":"https:\/\/www.textilegence.com\/en\/#organization"},"image":{"@id":"https:\/\/www.textilegence.com\/en\/bilol-agency-pro-teknik\/#primaryimage"},"thumbnailUrl":"https:\/\/www.textilegence.com\/wp-content\/uploads\/2019\/07\/bilol-textilegence.jpg","keywords":["bilol m\u00fcmessillik","pro-teknik"],"articleSection":["Topical"],"inLanguage":"en-US","potentialAction":[{"@type":"CommentAction","name":"Comment","target":["https:\/\/www.textilegence.com\/en\/bilol-agency-pro-teknik\/#respond"]}]},{"@type":"WebPage","@id":"https:\/\/www.textilegence.com\/en\/bilol-agency-pro-teknik\/","url":"https:\/\/www.textilegence.com\/en\/bilol-agency-pro-teknik\/","name":"Bilol Agency and Pro-Teknik Teams Up Strongly - Textilegence","isPartOf":{"@id":"https:\/\/www.textilegence.com\/en\/#website"},"primaryImageOfPage":{"@id":"https:\/\/www.textilegence.com\/en\/bilol-agency-pro-teknik\/#primaryimage"},"image":{"@id":"https:\/\/www.textilegence.com\/en\/bilol-agency-pro-teknik\/#primaryimage"},"thumbnailUrl":"https:\/\/www.textilegence.com\/wp-content\/uploads\/2019\/07\/bilol-textilegence.jpg","datePublished":"2019-07-29T06:09:51+00:00","dateModified":"2019-07-29T06:09:58+00:00","description":"Presenting outstanding global technology brands for Turkish textile industry, Bilol Agency has kicked off a brand new partnership. The company has...","breadcrumb":{"@id":"https:\/\/www.textilegence.com\/en\/bilol-agency-pro-teknik\/#breadcrumb"},"inLanguage":"en-US","potentialAction":[{"@type":"ReadAction","target":["https:\/\/www.textilegence.com\/en\/bilol-agency-pro-teknik\/"]}]},{"@type":"ImageObject","inLanguage":"en-US","@id":"https:\/\/www.textilegence.com\/en\/bilol-agency-pro-teknik\/#primaryimage","url":"https:\/\/www.textilegence.com\/wp-content\/uploads\/2019\/07\/bilol-textilegence.jpg","contentUrl":"https:\/\/www.textilegence.com\/wp-content\/uploads\/2019\/07\/bilol-textilegence.jpg","width":1200,"height":675},{"@type":"BreadcrumbList","@id":"https:\/\/www.textilegence.com\/en\/bilol-agency-pro-teknik\/#breadcrumb","itemListElement":[{"@type":"ListItem","position":1,"name":"Home Page","item":"https:\/\/www.textilegence.com\/en\/homepage-the-rimont\/"},{"@type":"ListItem","position":2,"name":"Topical","item":"https:\/\/www.textilegence.com\/en\/category\/topical\/"},{"@type":"ListItem","position":3,"name":"Bilol Agency and Pro-Teknik Teams Up Strongly"}]},{"@type":"WebSite","@id":"https:\/\/www.textilegence.com\/en\/#website","url":"https:\/\/www.textilegence.com\/en\/","name":"Textilegence Magazine and Digital Platform","description":"Textile News Center","publisher":{"@id":"https:\/\/www.textilegence.com\/en\/#organization"},"potentialAction":[{"@type":"SearchAction","target":{"@type":"EntryPoint","urlTemplate":"https:\/\/www.textilegence.com\/en\/?s={search_term_string}"},"query-input":{"@type":"PropertyValueSpecification","valueRequired":true,"valueName":"search_term_string"}}],"inLanguage":"en-US"},{"@type":"Organization","@id":"https:\/\/www.textilegence.com\/en\/#organization","name":"Textilegence Magazine and Digital Platform","url":"https:\/\/www.textilegence.com\/en\/","logo":{"@type":"ImageObject","inLanguage":"en-US","@id":"https:\/\/www.textilegence.com\/en\/#\/schema\/logo\/image\/","url":"https:\/\/www.textilegence.com\/wp-content\/uploads\/2016\/11\/New_Retina_Logo_Textilegence.png","contentUrl":"https:\/\/www.textilegence.com\/wp-content\/uploads\/2016\/11\/New_Retina_Logo_Textilegence.png","width":544,"height":180,"caption":"Textilegence Magazine and Digital Platform"},"image":{"@id":"https:\/\/www.textilegence.com\/en\/#\/schema\/logo\/image\/"},"sameAs":["https:\/\/www.facebook.com\/TextilegenceMagazine","https:\/\/x.com\/textilegence","https:\/\/www.instagram.com\/textilegence\/","https:\/\/www.linkedin.com\/groups\/Textilegence-Magazine-Digital-Platform-4897253","https:\/\/www.youtube.com\/user\/textilegence"],"description":"Textilegence is a magazine and digital platform established in 2013. It focuses on the textile industry and sub-segments. The platform provides news, articles, and updates on various aspects of the textile industry, including sustainability, technological advancements, and market trends.","email":"editor@textilegence.com","telephone":"+90 212 442 24 12","legalName":"Textilegence Mag and Digital Platform","foundingDate":"2013-01-01","numberOfEmployees":{"@type":"QuantitativeValue","minValue":"1","maxValue":"10"}},{"@type":"Person","@id":"https:\/\/www.textilegence.com\/en\/#\/schema\/person\/8dbf2ab62ffdf644153f8c0f9c991f78","name":"Emirhan \u00c7ilo\u011flu","image":{"@type":"ImageObject","inLanguage":"en-US","@id":"https:\/\/www.textilegence.com\/wp-content\/uploads\/2021\/12\/emirhan.jpg","url":"https:\/\/www.textilegence.com\/wp-content\/uploads\/2021\/12\/emirhan.jpg","contentUrl":"https:\/\/www.textilegence.com\/wp-content\/uploads\/2021\/12\/emirhan.jpg","caption":"Emirhan \u00c7ilo\u011flu"},"description":"Mahmut Emirhan \u00c7ilo\u011flu, \u0130stanbul\u2019da H\u00fcsn\u00fc M. \u00d6zye\u011fin Anadolu Lisesi\u2019nde lise e\u011fitimini tamamlam\u0131\u015f, sonras\u0131nda da \u0130stanbul \u00dcniversitesi\u2019nde Amerikan K\u00fclt\u00fcr\u00fc ve Edebiyat\u0131 lisans b\u00f6l\u00fcm\u00fcnden ba\u015far\u0131yla mezun olmu\u015ftur. 2021 itibari ile Textilegence\u2019da pazarlama ve d\u0131\u015f ili\u015fkiler sorumlusu olarak g\u00f6rev almaya ba\u015flayan \u00c7ilo\u011flu, kurumsal ileti\u015fimin g\u00fc\u00e7lendirilmesine katk\u0131 sa\u011flamaktad\u0131r.","sameAs":["https:\/\/www.textilegence.com","https:\/\/www.facebook.com\/TextilegenceMagazine","https:\/\/www.instagram.com\/textilegence\/","https:\/\/www.linkedin.com\/in\/emre-yoleri-26151940\/","https:\/\/x.com\/https:\/\/twitter.com\/textilegence"],"url":"https:\/\/www.textilegence.com\/en\/author\/emirhan-ciloglu\/"}]}},"_links":{"self":[{"href":"https:\/\/www.textilegence.com\/en\/wp-json\/wp\/v2\/posts\/32661","targetHints":{"allow":["GET"]}}],"collection":[{"href":"https:\/\/www.textilegence.com\/en\/wp-json\/wp\/v2\/posts"}],"about":[{"href":"https:\/\/www.textilegence.com\/en\/wp-json\/wp\/v2\/types\/post"}],"author":[{"embeddable":true,"href":"https:\/\/www.textilegence.com\/en\/wp-json\/wp\/v2\/users\/16"}],"replies":[{"embeddable":true,"href":"https:\/\/www.textilegence.com\/en\/wp-json\/wp\/v2\/comments?post=32661"}],"version-history":[{"count":0,"href":"https:\/\/www.textilegence.com\/en\/wp-json\/wp\/v2\/posts\/32661\/revisions"}],"wp:featuredmedia":[{"embeddable":true,"href":"https:\/\/www.textilegence.com\/en\/wp-json\/wp\/v2\/media\/32657"}],"wp:attachment":[{"href":"https:\/\/www.textilegence.com\/en\/wp-json\/wp\/v2\/media?parent=32661"}],"wp:term":[{"taxonomy":"category","embeddable":true,"href":"https:\/\/www.textilegence.com\/en\/wp-json\/wp\/v2\/categories?post=32661"},{"taxonomy":"post_tag","embeddable":true,"href":"https:\/\/www.textilegence.com\/en\/wp-json\/wp\/v2\/tags?post=32661"}],"curies":[{"name":"wp","href":"https:\/\/api.w.org\/{rel}","templated":true}]}}