{"id":32693,"date":"2019-07-30T11:46:00","date_gmt":"2019-07-30T08:46:00","guid":{"rendered":"http:\/\/www.textilegence.com\/?p=32693"},"modified":"2019-07-30T11:46:21","modified_gmt":"2019-07-30T08:46:21","slug":"sustainability-top-agenda-apparel-textile","status":"publish","type":"post","link":"https:\/\/www.textilegence.com\/en\/sustainability-top-agenda-apparel-textile\/","title":{"rendered":"Sustainability Appears Top Agenda in Apparel and Textile Sectors"},"content":{"rendered":"<figure id=\"attachment_32691\" aria-describedby=\"caption-attachment-32691\" style=\"width: 1200px\" class=\"wp-caption aligncenter\"><img loading=\"lazy\" decoding=\"async\" class=\"wp-image-32691 size-full\" src=\"https:\/\/www.textilegence.com\/wp-content\/uploads\/2019\/07\/eib-detail.jpg\" alt=\"Sustainability Top Agenda in Apparel and Textile Sectors - Burak Sertba\u015f\" width=\"1200\" height=\"675\" srcset=\"https:\/\/www.textilegence.com\/wp-content\/uploads\/2019\/07\/eib-detail.jpg 1200w, https:\/\/www.textilegence.com\/wp-content\/uploads\/2019\/07\/eib-detail-768x432.jpg 768w, https:\/\/www.textilegence.com\/wp-content\/uploads\/2019\/07\/eib-detail-696x392.jpg 696w\" sizes=\"auto, (max-width: 1200px) 100vw, 1200px\" \/><figcaption id=\"caption-attachment-32691\" class=\"wp-caption-text\">Sustainability Top Agenda in Apparel and Textile Sectors &#8211; Burak Sertba\u015f<\/figcaption><\/figure>\n<p style=\"text-align: justify;\">Sustainability top agenda in apparel and textile sectors. The Aegean Apparel and Apparel Exporters&#8217; Association (EHK\u0130B) pushed the button to implement the International Competitiveness Development (URGE) Project entitled &#8216;Improving Sustainable Competition in the Garment Sector&#8217;. The move aims to enable apparel companies in the Aegean Region to shift from the current production focusing method to a design and organization oriented structure.<\/p>\n<p style=\"text-align: justify;\"><a href=\"http:\/\/www.eib.org.tr\/\" target=\"_blank\" rel=\"noopener noreferrer\">EHKIB<\/a> President Burak Sertba\u015f said in a statement that they have successfully continued the URGE Project for the Development of Ready-to-Wear Exports for 2 years. Sertba\u015f reminded that the ready-made clothing <a href=\"https:\/\/www.textilegence.com\/en\/category\/topical\/\" target=\"_blank\" rel=\"noopener noreferrer\">sector<\/a> had achieved a serious development and transformation in the Aegean Region after 1980. The industry started to prepare its own collections in 2000s and export them and EHK\u0130B members took action to adapt to the global change afterwards.<\/p>\n<h2><strong>Sustainability top agenda<\/strong><\/h2>\n<p style=\"text-align: justify;\">Sertba\u015f believes in the need to confront fast and cheap production that changes consumption patterns and said that personalized design and production gained importance. Sertba\u015f added, \u201cSustainability is the way to be competitive in this whole cycle of change. In this process; we will apply to the Ministry of Trade to initiate the Sustainable Competition Development in Ready-to-Wear Garment Sector Project; to support our companies. In addition, we will focus on digitalization with this project in order not to miss the Industry 4.0 train.\u201d<\/p>\n<p style=\"text-align: justify;\">With the Development of Sustainable Competition in the Ready-to-Wear Sector Project; a needs analysis of Aegean apparel and textile companies will be carried out. It will be determined whether the production processes of these companies are at an optimum level. It will be revealed where they are at the last point in efficiency. While reviewing the managerial performance of the companies; measurable targets and measurement mechanisms of the corporate performance related to the processes will also be determined. Alternative markets will be identified to increase marketing efficiency and a road map will be determined to increase their shares in the existing markets.<\/p>\n","protected":false},"excerpt":{"rendered":"<p>Sustainability top agenda in apparel and textile sectors. The Aegean Apparel and Apparel Exporters&#8217; Association (EHK\u0130B) pushed the button to implement the International Competitiveness Development (URGE) Project entitled &#8216;Improving Sustainable Competition in the Garment Sector&#8217;. The move aims to enable apparel companies in the Aegean Region to shift from the current production focusing method to [&hellip;]<\/p>\n","protected":false},"author":16,"featured_media":32689,"comment_status":"open","ping_status":"closed","sticky":false,"template":"","format":"standard","meta":{"footnotes":""},"categories":[9859],"tags":[11393,11143],"class_list":{"0":"post-32693","1":"post","2":"type-post","3":"status-publish","4":"format-standard","5":"has-post-thumbnail","7":"category-topical","8":"tag-eib-en","9":"tag-sustainability-en"},"yoast_head":"<!-- This site is optimized with the Yoast SEO Premium plugin v27.3 (Yoast SEO v27.3) - https:\/\/yoast.com\/product\/yoast-seo-premium-wordpress\/ -->\n<title>Sustainability Top Agenda in Apparel and Textile Sectors - Textilegence<\/title>\n<meta name=\"description\" content=\"Sustainability top agenda in apparel and textile sectors. The Aegean Apparel and Apparel Exporters&#039; Association (EHK\u0130B) pushed the button to implement...\" \/>\n<meta name=\"robots\" content=\"index, follow, max-snippet:-1, max-image-preview:large, max-video-preview:-1\" \/>\n<link rel=\"canonical\" href=\"https:\/\/www.textilegence.com\/en\/sustainability-top-agenda-apparel-textile\/\" \/>\n<meta property=\"og:locale\" content=\"en_US\" \/>\n<meta property=\"og:type\" content=\"article\" \/>\n<meta property=\"og:title\" content=\"Sustainability Appears Top Agenda in Apparel and Textile Sectors\" \/>\n<meta property=\"og:description\" content=\"Sustainability top agenda in apparel and textile sectors. The Aegean Apparel and Apparel Exporters&#039; Association (EHK\u0130B) pushed the button to implement the\" \/>\n<meta property=\"og:url\" content=\"https:\/\/www.textilegence.com\/en\/sustainability-top-agenda-apparel-textile\/\" \/>\n<meta property=\"og:site_name\" content=\"Textilegence Magazine and Digital Platform\" \/>\n<meta property=\"article:publisher\" content=\"https:\/\/www.facebook.com\/TextilegenceMagazine\" \/>\n<meta property=\"article:author\" content=\"https:\/\/www.facebook.com\/TextilegenceMagazine\" \/>\n<meta property=\"article:published_time\" content=\"2019-07-30T08:46:00+00:00\" \/>\n<meta property=\"article:modified_time\" content=\"2019-07-30T08:46:21+00:00\" \/>\n<meta property=\"og:image\" content=\"https:\/\/www.textilegence.com\/wp-content\/uploads\/2019\/07\/eib-textilegence.jpg\" \/>\n\t<meta property=\"og:image:width\" content=\"1200\" \/>\n\t<meta property=\"og:image:height\" content=\"675\" \/>\n\t<meta property=\"og:image:type\" content=\"image\/jpeg\" \/>\n<meta name=\"author\" content=\"Emirhan \u00c7ilo\u011flu\" \/>\n<meta name=\"twitter:card\" content=\"summary_large_image\" \/>\n<meta name=\"twitter:creator\" content=\"@https:\/\/twitter.com\/textilegence\" \/>\n<meta name=\"twitter:site\" content=\"@textilegence\" \/>\n<meta name=\"twitter:label1\" content=\"Written by\" \/>\n\t<meta name=\"twitter:data1\" content=\"Emirhan \u00c7ilo\u011flu\" \/>\n\t<meta name=\"twitter:label2\" content=\"Est. reading time\" \/>\n\t<meta name=\"twitter:data2\" content=\"2 minutes\" \/>\n<script type=\"application\/ld+json\" class=\"yoast-schema-graph\">{\"@context\":\"https:\\\/\\\/schema.org\",\"@graph\":[{\"@type\":\"NewsArticle\",\"@id\":\"https:\\\/\\\/www.textilegence.com\\\/en\\\/sustainability-top-agenda-apparel-textile\\\/#article\",\"isPartOf\":{\"@id\":\"https:\\\/\\\/www.textilegence.com\\\/en\\\/sustainability-top-agenda-apparel-textile\\\/\"},\"author\":{\"name\":\"Emirhan \u00c7ilo\u011flu\",\"@id\":\"https:\\\/\\\/www.textilegence.com\\\/en\\\/#\\\/schema\\\/person\\\/8dbf2ab62ffdf644153f8c0f9c991f78\"},\"headline\":\"Sustainability Appears Top Agenda in Apparel and Textile Sectors\",\"datePublished\":\"2019-07-30T08:46:00+00:00\",\"dateModified\":\"2019-07-30T08:46:21+00:00\",\"mainEntityOfPage\":{\"@id\":\"https:\\\/\\\/www.textilegence.com\\\/en\\\/sustainability-top-agenda-apparel-textile\\\/\"},\"wordCount\":346,\"commentCount\":0,\"publisher\":{\"@id\":\"https:\\\/\\\/www.textilegence.com\\\/en\\\/#organization\"},\"image\":{\"@id\":\"https:\\\/\\\/www.textilegence.com\\\/en\\\/sustainability-top-agenda-apparel-textile\\\/#primaryimage\"},\"thumbnailUrl\":\"https:\\\/\\\/www.textilegence.com\\\/wp-content\\\/uploads\\\/2019\\\/07\\\/eib-textilegence.jpg\",\"keywords\":[\"eib\",\"sustainability\"],\"articleSection\":[\"Topical\"],\"inLanguage\":\"en-US\",\"potentialAction\":[{\"@type\":\"CommentAction\",\"name\":\"Comment\",\"target\":[\"https:\\\/\\\/www.textilegence.com\\\/en\\\/sustainability-top-agenda-apparel-textile\\\/#respond\"]}]},{\"@type\":\"WebPage\",\"@id\":\"https:\\\/\\\/www.textilegence.com\\\/en\\\/sustainability-top-agenda-apparel-textile\\\/\",\"url\":\"https:\\\/\\\/www.textilegence.com\\\/en\\\/sustainability-top-agenda-apparel-textile\\\/\",\"name\":\"Sustainability Top Agenda in Apparel and Textile Sectors - Textilegence\",\"isPartOf\":{\"@id\":\"https:\\\/\\\/www.textilegence.com\\\/en\\\/#website\"},\"primaryImageOfPage\":{\"@id\":\"https:\\\/\\\/www.textilegence.com\\\/en\\\/sustainability-top-agenda-apparel-textile\\\/#primaryimage\"},\"image\":{\"@id\":\"https:\\\/\\\/www.textilegence.com\\\/en\\\/sustainability-top-agenda-apparel-textile\\\/#primaryimage\"},\"thumbnailUrl\":\"https:\\\/\\\/www.textilegence.com\\\/wp-content\\\/uploads\\\/2019\\\/07\\\/eib-textilegence.jpg\",\"datePublished\":\"2019-07-30T08:46:00+00:00\",\"dateModified\":\"2019-07-30T08:46:21+00:00\",\"description\":\"Sustainability top agenda in apparel and textile sectors. The Aegean Apparel and Apparel Exporters' Association (EHK\u0130B) pushed the button to implement...\",\"breadcrumb\":{\"@id\":\"https:\\\/\\\/www.textilegence.com\\\/en\\\/sustainability-top-agenda-apparel-textile\\\/#breadcrumb\"},\"inLanguage\":\"en-US\",\"potentialAction\":[{\"@type\":\"ReadAction\",\"target\":[\"https:\\\/\\\/www.textilegence.com\\\/en\\\/sustainability-top-agenda-apparel-textile\\\/\"]}]},{\"@type\":\"ImageObject\",\"inLanguage\":\"en-US\",\"@id\":\"https:\\\/\\\/www.textilegence.com\\\/en\\\/sustainability-top-agenda-apparel-textile\\\/#primaryimage\",\"url\":\"https:\\\/\\\/www.textilegence.com\\\/wp-content\\\/uploads\\\/2019\\\/07\\\/eib-textilegence.jpg\",\"contentUrl\":\"https:\\\/\\\/www.textilegence.com\\\/wp-content\\\/uploads\\\/2019\\\/07\\\/eib-textilegence.jpg\",\"width\":1200,\"height\":675},{\"@type\":\"BreadcrumbList\",\"@id\":\"https:\\\/\\\/www.textilegence.com\\\/en\\\/sustainability-top-agenda-apparel-textile\\\/#breadcrumb\",\"itemListElement\":[{\"@type\":\"ListItem\",\"position\":1,\"name\":\"Home Page\",\"item\":\"https:\\\/\\\/www.textilegence.com\\\/en\\\/homepage-the-rimont\\\/\"},{\"@type\":\"ListItem\",\"position\":2,\"name\":\"Topical\",\"item\":\"https:\\\/\\\/www.textilegence.com\\\/en\\\/category\\\/topical\\\/\"},{\"@type\":\"ListItem\",\"position\":3,\"name\":\"Sustainability Appears Top Agenda in Apparel and Textile Sectors\"}]},{\"@type\":\"WebSite\",\"@id\":\"https:\\\/\\\/www.textilegence.com\\\/en\\\/#website\",\"url\":\"https:\\\/\\\/www.textilegence.com\\\/en\\\/\",\"name\":\"Textilegence Magazine and Digital Platform\",\"description\":\"Textile News Center\",\"publisher\":{\"@id\":\"https:\\\/\\\/www.textilegence.com\\\/en\\\/#organization\"},\"potentialAction\":[{\"@type\":\"SearchAction\",\"target\":{\"@type\":\"EntryPoint\",\"urlTemplate\":\"https:\\\/\\\/www.textilegence.com\\\/en\\\/?s={search_term_string}\"},\"query-input\":{\"@type\":\"PropertyValueSpecification\",\"valueRequired\":true,\"valueName\":\"search_term_string\"}}],\"inLanguage\":\"en-US\"},{\"@type\":\"Organization\",\"@id\":\"https:\\\/\\\/www.textilegence.com\\\/en\\\/#organization\",\"name\":\"Textilegence Magazine and Digital Platform\",\"url\":\"https:\\\/\\\/www.textilegence.com\\\/en\\\/\",\"logo\":{\"@type\":\"ImageObject\",\"inLanguage\":\"en-US\",\"@id\":\"https:\\\/\\\/www.textilegence.com\\\/en\\\/#\\\/schema\\\/logo\\\/image\\\/\",\"url\":\"https:\\\/\\\/www.textilegence.com\\\/wp-content\\\/uploads\\\/2016\\\/11\\\/New_Retina_Logo_Textilegence.png\",\"contentUrl\":\"https:\\\/\\\/www.textilegence.com\\\/wp-content\\\/uploads\\\/2016\\\/11\\\/New_Retina_Logo_Textilegence.png\",\"width\":544,\"height\":180,\"caption\":\"Textilegence Magazine and Digital Platform\"},\"image\":{\"@id\":\"https:\\\/\\\/www.textilegence.com\\\/en\\\/#\\\/schema\\\/logo\\\/image\\\/\"},\"sameAs\":[\"https:\\\/\\\/www.facebook.com\\\/TextilegenceMagazine\",\"https:\\\/\\\/x.com\\\/textilegence\",\"https:\\\/\\\/www.instagram.com\\\/textilegence\\\/\",\"https:\\\/\\\/www.linkedin.com\\\/groups\\\/Textilegence-Magazine-Digital-Platform-4897253\",\"https:\\\/\\\/www.youtube.com\\\/user\\\/textilegence\"],\"description\":\"Textilegence is a magazine and digital platform established in 2013. It focuses on the textile industry and sub-segments. The platform provides news, articles, and updates on various aspects of the textile industry, including sustainability, technological advancements, and market trends.\",\"email\":\"editor@textilegence.com\",\"telephone\":\"+90 212 442 24 12\",\"legalName\":\"Textilegence Mag and Digital Platform\",\"foundingDate\":\"2013-01-01\",\"numberOfEmployees\":{\"@type\":\"QuantitativeValue\",\"minValue\":\"1\",\"maxValue\":\"10\"}},{\"@type\":\"Person\",\"@id\":\"https:\\\/\\\/www.textilegence.com\\\/en\\\/#\\\/schema\\\/person\\\/8dbf2ab62ffdf644153f8c0f9c991f78\",\"name\":\"Emirhan \u00c7ilo\u011flu\",\"image\":{\"@type\":\"ImageObject\",\"inLanguage\":\"en-US\",\"@id\":\"https:\\\/\\\/www.textilegence.com\\\/wp-content\\\/uploads\\\/2021\\\/12\\\/emirhan.jpg\",\"url\":\"https:\\\/\\\/www.textilegence.com\\\/wp-content\\\/uploads\\\/2021\\\/12\\\/emirhan.jpg\",\"contentUrl\":\"https:\\\/\\\/www.textilegence.com\\\/wp-content\\\/uploads\\\/2021\\\/12\\\/emirhan.jpg\",\"caption\":\"Emirhan \u00c7ilo\u011flu\"},\"description\":\"Mahmut Emirhan \u00c7ilo\u011flu, \u0130stanbul\u2019da H\u00fcsn\u00fc M. \u00d6zye\u011fin Anadolu Lisesi\u2019nde lise e\u011fitimini tamamlam\u0131\u015f, sonras\u0131nda da \u0130stanbul \u00dcniversitesi\u2019nde Amerikan K\u00fclt\u00fcr\u00fc ve Edebiyat\u0131 lisans b\u00f6l\u00fcm\u00fcnden ba\u015far\u0131yla mezun olmu\u015ftur. 2021 itibari ile Textilegence\u2019da pazarlama ve d\u0131\u015f ili\u015fkiler sorumlusu olarak g\u00f6rev almaya ba\u015flayan \u00c7ilo\u011flu, kurumsal ileti\u015fimin g\u00fc\u00e7lendirilmesine katk\u0131 sa\u011flamaktad\u0131r.\",\"sameAs\":[\"https:\\\/\\\/www.textilegence.com\",\"https:\\\/\\\/www.facebook.com\\\/TextilegenceMagazine\",\"https:\\\/\\\/www.instagram.com\\\/textilegence\\\/\",\"https:\\\/\\\/www.linkedin.com\\\/in\\\/emre-yoleri-26151940\\\/\",\"https:\\\/\\\/x.com\\\/https:\\\/\\\/twitter.com\\\/textilegence\"],\"url\":\"https:\\\/\\\/www.textilegence.com\\\/en\\\/author\\\/emirhan-ciloglu\\\/\"}]}<\/script>\n<!-- \/ Yoast SEO Premium plugin. -->","yoast_head_json":{"title":"Sustainability Top Agenda in Apparel and Textile Sectors - Textilegence","description":"Sustainability top agenda in apparel and textile sectors. The Aegean Apparel and Apparel Exporters' Association (EHK\u0130B) pushed the button to implement...","robots":{"index":"index","follow":"follow","max-snippet":"max-snippet:-1","max-image-preview":"max-image-preview:large","max-video-preview":"max-video-preview:-1"},"canonical":"https:\/\/www.textilegence.com\/en\/sustainability-top-agenda-apparel-textile\/","og_locale":"en_US","og_type":"article","og_title":"Sustainability Appears Top Agenda in Apparel and Textile Sectors","og_description":"Sustainability top agenda in apparel and textile sectors. The Aegean Apparel and Apparel Exporters' Association (EHK\u0130B) pushed the button to implement the","og_url":"https:\/\/www.textilegence.com\/en\/sustainability-top-agenda-apparel-textile\/","og_site_name":"Textilegence Magazine and Digital Platform","article_publisher":"https:\/\/www.facebook.com\/TextilegenceMagazine","article_author":"https:\/\/www.facebook.com\/TextilegenceMagazine","article_published_time":"2019-07-30T08:46:00+00:00","article_modified_time":"2019-07-30T08:46:21+00:00","og_image":[{"width":1200,"height":675,"url":"https:\/\/www.textilegence.com\/wp-content\/uploads\/2019\/07\/eib-textilegence.jpg","type":"image\/jpeg"}],"author":"Emirhan \u00c7ilo\u011flu","twitter_card":"summary_large_image","twitter_creator":"@https:\/\/twitter.com\/textilegence","twitter_site":"@textilegence","twitter_misc":{"Written by":"Emirhan \u00c7ilo\u011flu","Est. reading time":"2 minutes"},"schema":{"@context":"https:\/\/schema.org","@graph":[{"@type":"NewsArticle","@id":"https:\/\/www.textilegence.com\/en\/sustainability-top-agenda-apparel-textile\/#article","isPartOf":{"@id":"https:\/\/www.textilegence.com\/en\/sustainability-top-agenda-apparel-textile\/"},"author":{"name":"Emirhan \u00c7ilo\u011flu","@id":"https:\/\/www.textilegence.com\/en\/#\/schema\/person\/8dbf2ab62ffdf644153f8c0f9c991f78"},"headline":"Sustainability Appears Top Agenda in Apparel and Textile Sectors","datePublished":"2019-07-30T08:46:00+00:00","dateModified":"2019-07-30T08:46:21+00:00","mainEntityOfPage":{"@id":"https:\/\/www.textilegence.com\/en\/sustainability-top-agenda-apparel-textile\/"},"wordCount":346,"commentCount":0,"publisher":{"@id":"https:\/\/www.textilegence.com\/en\/#organization"},"image":{"@id":"https:\/\/www.textilegence.com\/en\/sustainability-top-agenda-apparel-textile\/#primaryimage"},"thumbnailUrl":"https:\/\/www.textilegence.com\/wp-content\/uploads\/2019\/07\/eib-textilegence.jpg","keywords":["eib","sustainability"],"articleSection":["Topical"],"inLanguage":"en-US","potentialAction":[{"@type":"CommentAction","name":"Comment","target":["https:\/\/www.textilegence.com\/en\/sustainability-top-agenda-apparel-textile\/#respond"]}]},{"@type":"WebPage","@id":"https:\/\/www.textilegence.com\/en\/sustainability-top-agenda-apparel-textile\/","url":"https:\/\/www.textilegence.com\/en\/sustainability-top-agenda-apparel-textile\/","name":"Sustainability Top Agenda in Apparel and Textile Sectors - Textilegence","isPartOf":{"@id":"https:\/\/www.textilegence.com\/en\/#website"},"primaryImageOfPage":{"@id":"https:\/\/www.textilegence.com\/en\/sustainability-top-agenda-apparel-textile\/#primaryimage"},"image":{"@id":"https:\/\/www.textilegence.com\/en\/sustainability-top-agenda-apparel-textile\/#primaryimage"},"thumbnailUrl":"https:\/\/www.textilegence.com\/wp-content\/uploads\/2019\/07\/eib-textilegence.jpg","datePublished":"2019-07-30T08:46:00+00:00","dateModified":"2019-07-30T08:46:21+00:00","description":"Sustainability top agenda in apparel and textile sectors. The Aegean Apparel and Apparel Exporters' Association (EHK\u0130B) pushed the button to implement...","breadcrumb":{"@id":"https:\/\/www.textilegence.com\/en\/sustainability-top-agenda-apparel-textile\/#breadcrumb"},"inLanguage":"en-US","potentialAction":[{"@type":"ReadAction","target":["https:\/\/www.textilegence.com\/en\/sustainability-top-agenda-apparel-textile\/"]}]},{"@type":"ImageObject","inLanguage":"en-US","@id":"https:\/\/www.textilegence.com\/en\/sustainability-top-agenda-apparel-textile\/#primaryimage","url":"https:\/\/www.textilegence.com\/wp-content\/uploads\/2019\/07\/eib-textilegence.jpg","contentUrl":"https:\/\/www.textilegence.com\/wp-content\/uploads\/2019\/07\/eib-textilegence.jpg","width":1200,"height":675},{"@type":"BreadcrumbList","@id":"https:\/\/www.textilegence.com\/en\/sustainability-top-agenda-apparel-textile\/#breadcrumb","itemListElement":[{"@type":"ListItem","position":1,"name":"Home Page","item":"https:\/\/www.textilegence.com\/en\/homepage-the-rimont\/"},{"@type":"ListItem","position":2,"name":"Topical","item":"https:\/\/www.textilegence.com\/en\/category\/topical\/"},{"@type":"ListItem","position":3,"name":"Sustainability Appears Top Agenda in Apparel and Textile Sectors"}]},{"@type":"WebSite","@id":"https:\/\/www.textilegence.com\/en\/#website","url":"https:\/\/www.textilegence.com\/en\/","name":"Textilegence Magazine and Digital Platform","description":"Textile News Center","publisher":{"@id":"https:\/\/www.textilegence.com\/en\/#organization"},"potentialAction":[{"@type":"SearchAction","target":{"@type":"EntryPoint","urlTemplate":"https:\/\/www.textilegence.com\/en\/?s={search_term_string}"},"query-input":{"@type":"PropertyValueSpecification","valueRequired":true,"valueName":"search_term_string"}}],"inLanguage":"en-US"},{"@type":"Organization","@id":"https:\/\/www.textilegence.com\/en\/#organization","name":"Textilegence Magazine and Digital Platform","url":"https:\/\/www.textilegence.com\/en\/","logo":{"@type":"ImageObject","inLanguage":"en-US","@id":"https:\/\/www.textilegence.com\/en\/#\/schema\/logo\/image\/","url":"https:\/\/www.textilegence.com\/wp-content\/uploads\/2016\/11\/New_Retina_Logo_Textilegence.png","contentUrl":"https:\/\/www.textilegence.com\/wp-content\/uploads\/2016\/11\/New_Retina_Logo_Textilegence.png","width":544,"height":180,"caption":"Textilegence Magazine and Digital Platform"},"image":{"@id":"https:\/\/www.textilegence.com\/en\/#\/schema\/logo\/image\/"},"sameAs":["https:\/\/www.facebook.com\/TextilegenceMagazine","https:\/\/x.com\/textilegence","https:\/\/www.instagram.com\/textilegence\/","https:\/\/www.linkedin.com\/groups\/Textilegence-Magazine-Digital-Platform-4897253","https:\/\/www.youtube.com\/user\/textilegence"],"description":"Textilegence is a magazine and digital platform established in 2013. It focuses on the textile industry and sub-segments. The platform provides news, articles, and updates on various aspects of the textile industry, including sustainability, technological advancements, and market trends.","email":"editor@textilegence.com","telephone":"+90 212 442 24 12","legalName":"Textilegence Mag and Digital Platform","foundingDate":"2013-01-01","numberOfEmployees":{"@type":"QuantitativeValue","minValue":"1","maxValue":"10"}},{"@type":"Person","@id":"https:\/\/www.textilegence.com\/en\/#\/schema\/person\/8dbf2ab62ffdf644153f8c0f9c991f78","name":"Emirhan \u00c7ilo\u011flu","image":{"@type":"ImageObject","inLanguage":"en-US","@id":"https:\/\/www.textilegence.com\/wp-content\/uploads\/2021\/12\/emirhan.jpg","url":"https:\/\/www.textilegence.com\/wp-content\/uploads\/2021\/12\/emirhan.jpg","contentUrl":"https:\/\/www.textilegence.com\/wp-content\/uploads\/2021\/12\/emirhan.jpg","caption":"Emirhan \u00c7ilo\u011flu"},"description":"Mahmut Emirhan \u00c7ilo\u011flu, \u0130stanbul\u2019da H\u00fcsn\u00fc M. \u00d6zye\u011fin Anadolu Lisesi\u2019nde lise e\u011fitimini tamamlam\u0131\u015f, sonras\u0131nda da \u0130stanbul \u00dcniversitesi\u2019nde Amerikan K\u00fclt\u00fcr\u00fc ve Edebiyat\u0131 lisans b\u00f6l\u00fcm\u00fcnden ba\u015far\u0131yla mezun olmu\u015ftur. 2021 itibari ile Textilegence\u2019da pazarlama ve d\u0131\u015f ili\u015fkiler sorumlusu olarak g\u00f6rev almaya ba\u015flayan \u00c7ilo\u011flu, kurumsal ileti\u015fimin g\u00fc\u00e7lendirilmesine katk\u0131 sa\u011flamaktad\u0131r.","sameAs":["https:\/\/www.textilegence.com","https:\/\/www.facebook.com\/TextilegenceMagazine","https:\/\/www.instagram.com\/textilegence\/","https:\/\/www.linkedin.com\/in\/emre-yoleri-26151940\/","https:\/\/x.com\/https:\/\/twitter.com\/textilegence"],"url":"https:\/\/www.textilegence.com\/en\/author\/emirhan-ciloglu\/"}]}},"_links":{"self":[{"href":"https:\/\/www.textilegence.com\/en\/wp-json\/wp\/v2\/posts\/32693","targetHints":{"allow":["GET"]}}],"collection":[{"href":"https:\/\/www.textilegence.com\/en\/wp-json\/wp\/v2\/posts"}],"about":[{"href":"https:\/\/www.textilegence.com\/en\/wp-json\/wp\/v2\/types\/post"}],"author":[{"embeddable":true,"href":"https:\/\/www.textilegence.com\/en\/wp-json\/wp\/v2\/users\/16"}],"replies":[{"embeddable":true,"href":"https:\/\/www.textilegence.com\/en\/wp-json\/wp\/v2\/comments?post=32693"}],"version-history":[{"count":0,"href":"https:\/\/www.textilegence.com\/en\/wp-json\/wp\/v2\/posts\/32693\/revisions"}],"wp:featuredmedia":[{"embeddable":true,"href":"https:\/\/www.textilegence.com\/en\/wp-json\/wp\/v2\/media\/32689"}],"wp:attachment":[{"href":"https:\/\/www.textilegence.com\/en\/wp-json\/wp\/v2\/media?parent=32693"}],"wp:term":[{"taxonomy":"category","embeddable":true,"href":"https:\/\/www.textilegence.com\/en\/wp-json\/wp\/v2\/categories?post=32693"},{"taxonomy":"post_tag","embeddable":true,"href":"https:\/\/www.textilegence.com\/en\/wp-json\/wp\/v2\/tags?post=32693"}],"curies":[{"name":"wp","href":"https:\/\/api.w.org\/{rel}","templated":true}]}}