{"id":32769,"date":"2019-08-02T15:34:36","date_gmt":"2019-08-02T12:34:36","guid":{"rendered":"http:\/\/www.textilegence.com\/?p=32769"},"modified":"2019-08-02T15:34:44","modified_gmt":"2019-08-02T12:34:44","slug":"isko-washing-seminar","status":"publish","type":"post","link":"https:\/\/www.textilegence.com\/en\/isko-washing-seminar\/","title":{"rendered":"Responsible Innovation at ISKO Washing Seminar"},"content":{"rendered":"<figure id=\"attachment_32767\" aria-describedby=\"caption-attachment-32767\" style=\"width: 1200px\" class=\"wp-caption aligncenter\"><img loading=\"lazy\" decoding=\"async\" class=\"wp-image-32767 size-full\" src=\"https:\/\/www.textilegence.com\/wp-content\/uploads\/2019\/08\/isko-detail.jpg\" alt=\"Responsible Innovation at ISKO Washing Seminar\" width=\"1200\" height=\"675\" srcset=\"https:\/\/www.textilegence.com\/wp-content\/uploads\/2019\/08\/isko-detail.jpg 1200w, https:\/\/www.textilegence.com\/wp-content\/uploads\/2019\/08\/isko-detail-768x432.jpg 768w, https:\/\/www.textilegence.com\/wp-content\/uploads\/2019\/08\/isko-detail-696x392.jpg 696w\" sizes=\"auto, (max-width: 1200px) 100vw, 1200px\" \/><figcaption id=\"caption-attachment-32767\" class=\"wp-caption-text\">Responsible Innovation at ISKO Washing Seminar<\/figcaption><\/figure>\n<p style=\"text-align: justify;\">ISKO, one of Sanko Holding&#8217;s affiliates and one of the most important manufacturers of the denim sector, held a special ISKO Washing Seminar at the Creative RoomTM, design and style research center in Castelfranco Veneto, Italy from July 18-19. The event aimed to share values \u200b\u200band expertise and was shaped on three main pillars (competence, creativity and citizenship) of the company&#8217;s Responsible Innovation \u2122 approach since the first day.<\/p>\n<p style=\"text-align: justify;\">Organized by leading <a href=\"https:\/\/iskodenim.com\/\" target=\"_blank\" rel=\"noopener noreferrer\">supplier<\/a> of denim fashion industry, ISKO, the two-day <a href=\"https:\/\/www.textilegence.com\/en\/category\/finishing\/\" target=\"_blank\" rel=\"noopener noreferrer\">initiative<\/a> gathered representative from international brands such as Diesel, Guess, CP Company, Armani, Teddy, Massimo Dutti, Burton Menswear and Tiffosi. Day 1 started with Rosey Cortazzi, ISKO Global Marketing Director, and Ebru Ozkucuk Guler, ISKO Senior Sustainability and CSR Executive, giving insight on ISKO\u2019s expertise and knowledge and sharing the vision that allowed ISKO to become leader of the industry.<\/p>\n<h2 style=\"text-align: justify;\"><strong>New criteria in washing techniques at ISKO Washing Seminar<\/strong><\/h2>\n<p style=\"text-align: justify;\">Fabric technologies and washing techniques followed. Fatma Korkmaz, Fabric Specialist from ISKO\u2019s Product Development R&amp;D Center provided an intense overall of the company\u2019s technical know-how from the development of innovative textile concepts to their possible end-uses, showcased in ISKO\u2019s main collection and its four segments \u2013 Old Jeans Update, Body Tech, Influencer and Just Me.<\/p>\n<p style=\"text-align: justify;\">Moreno de Angelis, ISKO Washing Research Manager, shared his longstanding passion and experience in the treatments area; highlighting his commitment towards research, part of the company\u2019s culture of continuous improvement.<\/p>\n<p style=\"text-align: justify;\">Supporting brands as well as designers with creative direction and inspiration when it comes to treatments and accessories; style research think-tank Creative Room\u2122 offered a moment of pure creativity with a special presentation that showcased; through its very own collection, the in-house team\u2019s results.<\/p>\n<p style=\"text-align: justify;\">A trend presentation by Sam Trotman, Denim Dudes, a special workshop focusing on natural dyeing techniques by Celia Geraedts; Blue Print Amsterdam and a visit to the cutting-edge facilities of Everest Tecnologie Tessili srl were also part of the two-day event; an occasion to share values, knowledge and best practices.<\/p>\n<h2 style=\"text-align: justify;\"><strong>Industry needs cooperation for change!<\/strong><\/h2>\n<p style=\"text-align: justify;\">\u201cNo one can change the industry alone\u201d, claimed Rosey Cortazzi, ISKO Global Marketing Director. \u201cWorking together has never been so important; we really need to join forces if we want to be able to create a better future for tomorrow generations. Sharing knowledge is key and these events represents a good way; to allow our clients to learn more about not only the products they buy; but also the industry that produces them and how the whole process works. Ultimately, accountability and transparency is what will lead to greater demands to provide concrete facts and figures; pushing everyone to commit to establishing greener supply chains.\u201d<\/p>\n<p style=\"text-align: justify;\">Having an annual production capacity of 300 million meters of fabric; ISKO has a global presence with offices in 35 countries. The company is the only denim manufacturer in the world to be awarded both Nordic Swan Ecolabel and EU Ecolabel.<\/p>\n","protected":false},"excerpt":{"rendered":"<p>ISKO, one of Sanko Holding&#8217;s affiliates and one of the most important manufacturers of the denim sector, held a special ISKO Washing Seminar at the Creative RoomTM, design and style research center in Castelfranco Veneto, Italy from July 18-19. The event aimed to share values \u200b\u200band expertise and was shaped on three main pillars (competence, [&hellip;]<\/p>\n","protected":false},"author":16,"featured_media":32765,"comment_status":"open","ping_status":"closed","sticky":false,"template":"","format":"standard","meta":{"footnotes":""},"categories":[9824,9859],"tags":[10213],"class_list":{"0":"post-32769","1":"post","2":"type-post","3":"status-publish","4":"format-standard","5":"has-post-thumbnail","7":"category-finishing","8":"category-topical","9":"tag-isko-en"},"yoast_head":"<!-- This site is optimized with the Yoast SEO Premium plugin v27.3 (Yoast SEO v27.3) - https:\/\/yoast.com\/product\/yoast-seo-premium-wordpress\/ -->\n<title>Responsible Innovation at ISKO Washing Seminar - Textilegence<\/title>\n<meta name=\"description\" content=\"ISKO, one of Sanko Holding&#039;s affiliates and one of the most important manufacturers of the denim sector, held a special ISKO Washing Seminar at the...\" \/>\n<meta name=\"robots\" content=\"index, follow, max-snippet:-1, max-image-preview:large, max-video-preview:-1\" \/>\n<link rel=\"canonical\" href=\"https:\/\/www.textilegence.com\/en\/isko-washing-seminar\/\" \/>\n<meta property=\"og:locale\" content=\"en_US\" \/>\n<meta property=\"og:type\" content=\"article\" \/>\n<meta property=\"og:title\" content=\"Responsible Innovation at ISKO Washing Seminar\" \/>\n<meta property=\"og:description\" content=\"ISKO, one of Sanko Holding&#039;s affiliates and one of the most important manufacturers of the denim sector, held a special ISKO Washing Seminar at the\" \/>\n<meta property=\"og:url\" content=\"https:\/\/www.textilegence.com\/en\/isko-washing-seminar\/\" \/>\n<meta property=\"og:site_name\" content=\"Textilegence Magazine and Digital Platform\" \/>\n<meta property=\"article:publisher\" content=\"https:\/\/www.facebook.com\/TextilegenceMagazine\" \/>\n<meta property=\"article:author\" content=\"https:\/\/www.facebook.com\/TextilegenceMagazine\" \/>\n<meta property=\"article:published_time\" content=\"2019-08-02T12:34:36+00:00\" \/>\n<meta property=\"article:modified_time\" content=\"2019-08-02T12:34:44+00:00\" \/>\n<meta property=\"og:image\" content=\"https:\/\/www.textilegence.com\/wp-content\/uploads\/2019\/08\/isko-textilegence.jpg\" \/>\n\t<meta property=\"og:image:width\" content=\"1200\" \/>\n\t<meta property=\"og:image:height\" content=\"675\" \/>\n\t<meta property=\"og:image:type\" content=\"image\/jpeg\" \/>\n<meta name=\"author\" content=\"Emirhan \u00c7ilo\u011flu\" \/>\n<meta name=\"twitter:card\" content=\"summary_large_image\" \/>\n<meta name=\"twitter:creator\" content=\"@https:\/\/twitter.com\/textilegence\" \/>\n<meta name=\"twitter:site\" content=\"@textilegence\" \/>\n<meta name=\"twitter:label1\" content=\"Written by\" \/>\n\t<meta name=\"twitter:data1\" content=\"Emirhan \u00c7ilo\u011flu\" \/>\n\t<meta name=\"twitter:label2\" content=\"Est. reading time\" \/>\n\t<meta name=\"twitter:data2\" content=\"2 minutes\" \/>\n<script type=\"application\/ld+json\" class=\"yoast-schema-graph\">{\"@context\":\"https:\\\/\\\/schema.org\",\"@graph\":[{\"@type\":\"NewsArticle\",\"@id\":\"https:\\\/\\\/www.textilegence.com\\\/en\\\/isko-washing-seminar\\\/#article\",\"isPartOf\":{\"@id\":\"https:\\\/\\\/www.textilegence.com\\\/en\\\/isko-washing-seminar\\\/\"},\"author\":{\"name\":\"Emirhan \u00c7ilo\u011flu\",\"@id\":\"https:\\\/\\\/www.textilegence.com\\\/en\\\/#\\\/schema\\\/person\\\/8dbf2ab62ffdf644153f8c0f9c991f78\"},\"headline\":\"Responsible Innovation at ISKO Washing Seminar\",\"datePublished\":\"2019-08-02T12:34:36+00:00\",\"dateModified\":\"2019-08-02T12:34:44+00:00\",\"mainEntityOfPage\":{\"@id\":\"https:\\\/\\\/www.textilegence.com\\\/en\\\/isko-washing-seminar\\\/\"},\"wordCount\":503,\"commentCount\":0,\"publisher\":{\"@id\":\"https:\\\/\\\/www.textilegence.com\\\/en\\\/#organization\"},\"image\":{\"@id\":\"https:\\\/\\\/www.textilegence.com\\\/en\\\/isko-washing-seminar\\\/#primaryimage\"},\"thumbnailUrl\":\"https:\\\/\\\/www.textilegence.com\\\/wp-content\\\/uploads\\\/2019\\\/08\\\/isko-textilegence.jpg\",\"keywords\":[\"isko\"],\"articleSection\":[\"Finishing\",\"Topical\"],\"inLanguage\":\"en-US\",\"potentialAction\":[{\"@type\":\"CommentAction\",\"name\":\"Comment\",\"target\":[\"https:\\\/\\\/www.textilegence.com\\\/en\\\/isko-washing-seminar\\\/#respond\"]}]},{\"@type\":\"WebPage\",\"@id\":\"https:\\\/\\\/www.textilegence.com\\\/en\\\/isko-washing-seminar\\\/\",\"url\":\"https:\\\/\\\/www.textilegence.com\\\/en\\\/isko-washing-seminar\\\/\",\"name\":\"Responsible Innovation at ISKO Washing Seminar - Textilegence\",\"isPartOf\":{\"@id\":\"https:\\\/\\\/www.textilegence.com\\\/en\\\/#website\"},\"primaryImageOfPage\":{\"@id\":\"https:\\\/\\\/www.textilegence.com\\\/en\\\/isko-washing-seminar\\\/#primaryimage\"},\"image\":{\"@id\":\"https:\\\/\\\/www.textilegence.com\\\/en\\\/isko-washing-seminar\\\/#primaryimage\"},\"thumbnailUrl\":\"https:\\\/\\\/www.textilegence.com\\\/wp-content\\\/uploads\\\/2019\\\/08\\\/isko-textilegence.jpg\",\"datePublished\":\"2019-08-02T12:34:36+00:00\",\"dateModified\":\"2019-08-02T12:34:44+00:00\",\"description\":\"ISKO, one of Sanko Holding's affiliates and one of the most important manufacturers of the denim sector, held a special ISKO Washing Seminar at the...\",\"breadcrumb\":{\"@id\":\"https:\\\/\\\/www.textilegence.com\\\/en\\\/isko-washing-seminar\\\/#breadcrumb\"},\"inLanguage\":\"en-US\",\"potentialAction\":[{\"@type\":\"ReadAction\",\"target\":[\"https:\\\/\\\/www.textilegence.com\\\/en\\\/isko-washing-seminar\\\/\"]}]},{\"@type\":\"ImageObject\",\"inLanguage\":\"en-US\",\"@id\":\"https:\\\/\\\/www.textilegence.com\\\/en\\\/isko-washing-seminar\\\/#primaryimage\",\"url\":\"https:\\\/\\\/www.textilegence.com\\\/wp-content\\\/uploads\\\/2019\\\/08\\\/isko-textilegence.jpg\",\"contentUrl\":\"https:\\\/\\\/www.textilegence.com\\\/wp-content\\\/uploads\\\/2019\\\/08\\\/isko-textilegence.jpg\",\"width\":1200,\"height\":675},{\"@type\":\"BreadcrumbList\",\"@id\":\"https:\\\/\\\/www.textilegence.com\\\/en\\\/isko-washing-seminar\\\/#breadcrumb\",\"itemListElement\":[{\"@type\":\"ListItem\",\"position\":1,\"name\":\"Home Page\",\"item\":\"https:\\\/\\\/www.textilegence.com\\\/en\\\/homepage-the-rimont\\\/\"},{\"@type\":\"ListItem\",\"position\":2,\"name\":\"Finishing\",\"item\":\"https:\\\/\\\/www.textilegence.com\\\/en\\\/category\\\/finishing\\\/\"},{\"@type\":\"ListItem\",\"position\":3,\"name\":\"Responsible Innovation at ISKO Washing Seminar\"}]},{\"@type\":\"WebSite\",\"@id\":\"https:\\\/\\\/www.textilegence.com\\\/en\\\/#website\",\"url\":\"https:\\\/\\\/www.textilegence.com\\\/en\\\/\",\"name\":\"Textilegence Magazine and Digital Platform\",\"description\":\"Textile News Center\",\"publisher\":{\"@id\":\"https:\\\/\\\/www.textilegence.com\\\/en\\\/#organization\"},\"potentialAction\":[{\"@type\":\"SearchAction\",\"target\":{\"@type\":\"EntryPoint\",\"urlTemplate\":\"https:\\\/\\\/www.textilegence.com\\\/en\\\/?s={search_term_string}\"},\"query-input\":{\"@type\":\"PropertyValueSpecification\",\"valueRequired\":true,\"valueName\":\"search_term_string\"}}],\"inLanguage\":\"en-US\"},{\"@type\":\"Organization\",\"@id\":\"https:\\\/\\\/www.textilegence.com\\\/en\\\/#organization\",\"name\":\"Textilegence Magazine and Digital Platform\",\"url\":\"https:\\\/\\\/www.textilegence.com\\\/en\\\/\",\"logo\":{\"@type\":\"ImageObject\",\"inLanguage\":\"en-US\",\"@id\":\"https:\\\/\\\/www.textilegence.com\\\/en\\\/#\\\/schema\\\/logo\\\/image\\\/\",\"url\":\"https:\\\/\\\/www.textilegence.com\\\/wp-content\\\/uploads\\\/2016\\\/11\\\/New_Retina_Logo_Textilegence.png\",\"contentUrl\":\"https:\\\/\\\/www.textilegence.com\\\/wp-content\\\/uploads\\\/2016\\\/11\\\/New_Retina_Logo_Textilegence.png\",\"width\":544,\"height\":180,\"caption\":\"Textilegence Magazine and Digital Platform\"},\"image\":{\"@id\":\"https:\\\/\\\/www.textilegence.com\\\/en\\\/#\\\/schema\\\/logo\\\/image\\\/\"},\"sameAs\":[\"https:\\\/\\\/www.facebook.com\\\/TextilegenceMagazine\",\"https:\\\/\\\/x.com\\\/textilegence\",\"https:\\\/\\\/www.instagram.com\\\/textilegence\\\/\",\"https:\\\/\\\/www.linkedin.com\\\/groups\\\/Textilegence-Magazine-Digital-Platform-4897253\",\"https:\\\/\\\/www.youtube.com\\\/user\\\/textilegence\"],\"description\":\"Textilegence is a magazine and digital platform established in 2013. It focuses on the textile industry and sub-segments. The platform provides news, articles, and updates on various aspects of the textile industry, including sustainability, technological advancements, and market trends.\",\"email\":\"editor@textilegence.com\",\"telephone\":\"+90 212 442 24 12\",\"legalName\":\"Textilegence Mag and Digital Platform\",\"foundingDate\":\"2013-01-01\",\"numberOfEmployees\":{\"@type\":\"QuantitativeValue\",\"minValue\":\"1\",\"maxValue\":\"10\"}},{\"@type\":\"Person\",\"@id\":\"https:\\\/\\\/www.textilegence.com\\\/en\\\/#\\\/schema\\\/person\\\/8dbf2ab62ffdf644153f8c0f9c991f78\",\"name\":\"Emirhan \u00c7ilo\u011flu\",\"image\":{\"@type\":\"ImageObject\",\"inLanguage\":\"en-US\",\"@id\":\"https:\\\/\\\/www.textilegence.com\\\/wp-content\\\/uploads\\\/2021\\\/12\\\/emirhan.jpg\",\"url\":\"https:\\\/\\\/www.textilegence.com\\\/wp-content\\\/uploads\\\/2021\\\/12\\\/emirhan.jpg\",\"contentUrl\":\"https:\\\/\\\/www.textilegence.com\\\/wp-content\\\/uploads\\\/2021\\\/12\\\/emirhan.jpg\",\"caption\":\"Emirhan \u00c7ilo\u011flu\"},\"description\":\"Mahmut Emirhan \u00c7ilo\u011flu, \u0130stanbul\u2019da H\u00fcsn\u00fc M. \u00d6zye\u011fin Anadolu Lisesi\u2019nde lise e\u011fitimini tamamlam\u0131\u015f, sonras\u0131nda da \u0130stanbul \u00dcniversitesi\u2019nde Amerikan K\u00fclt\u00fcr\u00fc ve Edebiyat\u0131 lisans b\u00f6l\u00fcm\u00fcnden ba\u015far\u0131yla mezun olmu\u015ftur. 2021 itibari ile Textilegence\u2019da pazarlama ve d\u0131\u015f ili\u015fkiler sorumlusu olarak g\u00f6rev almaya ba\u015flayan \u00c7ilo\u011flu, kurumsal ileti\u015fimin g\u00fc\u00e7lendirilmesine katk\u0131 sa\u011flamaktad\u0131r.\",\"sameAs\":[\"https:\\\/\\\/www.textilegence.com\",\"https:\\\/\\\/www.facebook.com\\\/TextilegenceMagazine\",\"https:\\\/\\\/www.instagram.com\\\/textilegence\\\/\",\"https:\\\/\\\/www.linkedin.com\\\/in\\\/emre-yoleri-26151940\\\/\",\"https:\\\/\\\/x.com\\\/https:\\\/\\\/twitter.com\\\/textilegence\"],\"url\":\"https:\\\/\\\/www.textilegence.com\\\/en\\\/author\\\/emirhan-ciloglu\\\/\"}]}<\/script>\n<!-- \/ Yoast SEO Premium plugin. -->","yoast_head_json":{"title":"Responsible Innovation at ISKO Washing Seminar - Textilegence","description":"ISKO, one of Sanko Holding's affiliates and one of the most important manufacturers of the denim sector, held a special ISKO Washing Seminar at the...","robots":{"index":"index","follow":"follow","max-snippet":"max-snippet:-1","max-image-preview":"max-image-preview:large","max-video-preview":"max-video-preview:-1"},"canonical":"https:\/\/www.textilegence.com\/en\/isko-washing-seminar\/","og_locale":"en_US","og_type":"article","og_title":"Responsible Innovation at ISKO Washing Seminar","og_description":"ISKO, one of Sanko Holding's affiliates and one of the most important manufacturers of the denim sector, held a special ISKO Washing Seminar at the","og_url":"https:\/\/www.textilegence.com\/en\/isko-washing-seminar\/","og_site_name":"Textilegence Magazine and Digital Platform","article_publisher":"https:\/\/www.facebook.com\/TextilegenceMagazine","article_author":"https:\/\/www.facebook.com\/TextilegenceMagazine","article_published_time":"2019-08-02T12:34:36+00:00","article_modified_time":"2019-08-02T12:34:44+00:00","og_image":[{"width":1200,"height":675,"url":"https:\/\/www.textilegence.com\/wp-content\/uploads\/2019\/08\/isko-textilegence.jpg","type":"image\/jpeg"}],"author":"Emirhan \u00c7ilo\u011flu","twitter_card":"summary_large_image","twitter_creator":"@https:\/\/twitter.com\/textilegence","twitter_site":"@textilegence","twitter_misc":{"Written by":"Emirhan \u00c7ilo\u011flu","Est. reading time":"2 minutes"},"schema":{"@context":"https:\/\/schema.org","@graph":[{"@type":"NewsArticle","@id":"https:\/\/www.textilegence.com\/en\/isko-washing-seminar\/#article","isPartOf":{"@id":"https:\/\/www.textilegence.com\/en\/isko-washing-seminar\/"},"author":{"name":"Emirhan \u00c7ilo\u011flu","@id":"https:\/\/www.textilegence.com\/en\/#\/schema\/person\/8dbf2ab62ffdf644153f8c0f9c991f78"},"headline":"Responsible Innovation at ISKO Washing Seminar","datePublished":"2019-08-02T12:34:36+00:00","dateModified":"2019-08-02T12:34:44+00:00","mainEntityOfPage":{"@id":"https:\/\/www.textilegence.com\/en\/isko-washing-seminar\/"},"wordCount":503,"commentCount":0,"publisher":{"@id":"https:\/\/www.textilegence.com\/en\/#organization"},"image":{"@id":"https:\/\/www.textilegence.com\/en\/isko-washing-seminar\/#primaryimage"},"thumbnailUrl":"https:\/\/www.textilegence.com\/wp-content\/uploads\/2019\/08\/isko-textilegence.jpg","keywords":["isko"],"articleSection":["Finishing","Topical"],"inLanguage":"en-US","potentialAction":[{"@type":"CommentAction","name":"Comment","target":["https:\/\/www.textilegence.com\/en\/isko-washing-seminar\/#respond"]}]},{"@type":"WebPage","@id":"https:\/\/www.textilegence.com\/en\/isko-washing-seminar\/","url":"https:\/\/www.textilegence.com\/en\/isko-washing-seminar\/","name":"Responsible Innovation at ISKO Washing Seminar - Textilegence","isPartOf":{"@id":"https:\/\/www.textilegence.com\/en\/#website"},"primaryImageOfPage":{"@id":"https:\/\/www.textilegence.com\/en\/isko-washing-seminar\/#primaryimage"},"image":{"@id":"https:\/\/www.textilegence.com\/en\/isko-washing-seminar\/#primaryimage"},"thumbnailUrl":"https:\/\/www.textilegence.com\/wp-content\/uploads\/2019\/08\/isko-textilegence.jpg","datePublished":"2019-08-02T12:34:36+00:00","dateModified":"2019-08-02T12:34:44+00:00","description":"ISKO, one of Sanko Holding's affiliates and one of the most important manufacturers of the denim sector, held a special ISKO Washing Seminar at the...","breadcrumb":{"@id":"https:\/\/www.textilegence.com\/en\/isko-washing-seminar\/#breadcrumb"},"inLanguage":"en-US","potentialAction":[{"@type":"ReadAction","target":["https:\/\/www.textilegence.com\/en\/isko-washing-seminar\/"]}]},{"@type":"ImageObject","inLanguage":"en-US","@id":"https:\/\/www.textilegence.com\/en\/isko-washing-seminar\/#primaryimage","url":"https:\/\/www.textilegence.com\/wp-content\/uploads\/2019\/08\/isko-textilegence.jpg","contentUrl":"https:\/\/www.textilegence.com\/wp-content\/uploads\/2019\/08\/isko-textilegence.jpg","width":1200,"height":675},{"@type":"BreadcrumbList","@id":"https:\/\/www.textilegence.com\/en\/isko-washing-seminar\/#breadcrumb","itemListElement":[{"@type":"ListItem","position":1,"name":"Home Page","item":"https:\/\/www.textilegence.com\/en\/homepage-the-rimont\/"},{"@type":"ListItem","position":2,"name":"Finishing","item":"https:\/\/www.textilegence.com\/en\/category\/finishing\/"},{"@type":"ListItem","position":3,"name":"Responsible Innovation at ISKO Washing Seminar"}]},{"@type":"WebSite","@id":"https:\/\/www.textilegence.com\/en\/#website","url":"https:\/\/www.textilegence.com\/en\/","name":"Textilegence Magazine and Digital Platform","description":"Textile News Center","publisher":{"@id":"https:\/\/www.textilegence.com\/en\/#organization"},"potentialAction":[{"@type":"SearchAction","target":{"@type":"EntryPoint","urlTemplate":"https:\/\/www.textilegence.com\/en\/?s={search_term_string}"},"query-input":{"@type":"PropertyValueSpecification","valueRequired":true,"valueName":"search_term_string"}}],"inLanguage":"en-US"},{"@type":"Organization","@id":"https:\/\/www.textilegence.com\/en\/#organization","name":"Textilegence Magazine and Digital Platform","url":"https:\/\/www.textilegence.com\/en\/","logo":{"@type":"ImageObject","inLanguage":"en-US","@id":"https:\/\/www.textilegence.com\/en\/#\/schema\/logo\/image\/","url":"https:\/\/www.textilegence.com\/wp-content\/uploads\/2016\/11\/New_Retina_Logo_Textilegence.png","contentUrl":"https:\/\/www.textilegence.com\/wp-content\/uploads\/2016\/11\/New_Retina_Logo_Textilegence.png","width":544,"height":180,"caption":"Textilegence Magazine and Digital Platform"},"image":{"@id":"https:\/\/www.textilegence.com\/en\/#\/schema\/logo\/image\/"},"sameAs":["https:\/\/www.facebook.com\/TextilegenceMagazine","https:\/\/x.com\/textilegence","https:\/\/www.instagram.com\/textilegence\/","https:\/\/www.linkedin.com\/groups\/Textilegence-Magazine-Digital-Platform-4897253","https:\/\/www.youtube.com\/user\/textilegence"],"description":"Textilegence is a magazine and digital platform established in 2013. It focuses on the textile industry and sub-segments. The platform provides news, articles, and updates on various aspects of the textile industry, including sustainability, technological advancements, and market trends.","email":"editor@textilegence.com","telephone":"+90 212 442 24 12","legalName":"Textilegence Mag and Digital Platform","foundingDate":"2013-01-01","numberOfEmployees":{"@type":"QuantitativeValue","minValue":"1","maxValue":"10"}},{"@type":"Person","@id":"https:\/\/www.textilegence.com\/en\/#\/schema\/person\/8dbf2ab62ffdf644153f8c0f9c991f78","name":"Emirhan \u00c7ilo\u011flu","image":{"@type":"ImageObject","inLanguage":"en-US","@id":"https:\/\/www.textilegence.com\/wp-content\/uploads\/2021\/12\/emirhan.jpg","url":"https:\/\/www.textilegence.com\/wp-content\/uploads\/2021\/12\/emirhan.jpg","contentUrl":"https:\/\/www.textilegence.com\/wp-content\/uploads\/2021\/12\/emirhan.jpg","caption":"Emirhan \u00c7ilo\u011flu"},"description":"Mahmut Emirhan \u00c7ilo\u011flu, \u0130stanbul\u2019da H\u00fcsn\u00fc M. \u00d6zye\u011fin Anadolu Lisesi\u2019nde lise e\u011fitimini tamamlam\u0131\u015f, sonras\u0131nda da \u0130stanbul \u00dcniversitesi\u2019nde Amerikan K\u00fclt\u00fcr\u00fc ve Edebiyat\u0131 lisans b\u00f6l\u00fcm\u00fcnden ba\u015far\u0131yla mezun olmu\u015ftur. 2021 itibari ile Textilegence\u2019da pazarlama ve d\u0131\u015f ili\u015fkiler sorumlusu olarak g\u00f6rev almaya ba\u015flayan \u00c7ilo\u011flu, kurumsal ileti\u015fimin g\u00fc\u00e7lendirilmesine katk\u0131 sa\u011flamaktad\u0131r.","sameAs":["https:\/\/www.textilegence.com","https:\/\/www.facebook.com\/TextilegenceMagazine","https:\/\/www.instagram.com\/textilegence\/","https:\/\/www.linkedin.com\/in\/emre-yoleri-26151940\/","https:\/\/x.com\/https:\/\/twitter.com\/textilegence"],"url":"https:\/\/www.textilegence.com\/en\/author\/emirhan-ciloglu\/"}]}},"_links":{"self":[{"href":"https:\/\/www.textilegence.com\/en\/wp-json\/wp\/v2\/posts\/32769","targetHints":{"allow":["GET"]}}],"collection":[{"href":"https:\/\/www.textilegence.com\/en\/wp-json\/wp\/v2\/posts"}],"about":[{"href":"https:\/\/www.textilegence.com\/en\/wp-json\/wp\/v2\/types\/post"}],"author":[{"embeddable":true,"href":"https:\/\/www.textilegence.com\/en\/wp-json\/wp\/v2\/users\/16"}],"replies":[{"embeddable":true,"href":"https:\/\/www.textilegence.com\/en\/wp-json\/wp\/v2\/comments?post=32769"}],"version-history":[{"count":0,"href":"https:\/\/www.textilegence.com\/en\/wp-json\/wp\/v2\/posts\/32769\/revisions"}],"wp:featuredmedia":[{"embeddable":true,"href":"https:\/\/www.textilegence.com\/en\/wp-json\/wp\/v2\/media\/32765"}],"wp:attachment":[{"href":"https:\/\/www.textilegence.com\/en\/wp-json\/wp\/v2\/media?parent=32769"}],"wp:term":[{"taxonomy":"category","embeddable":true,"href":"https:\/\/www.textilegence.com\/en\/wp-json\/wp\/v2\/categories?post=32769"},{"taxonomy":"post_tag","embeddable":true,"href":"https:\/\/www.textilegence.com\/en\/wp-json\/wp\/v2\/tags?post=32769"}],"curies":[{"name":"wp","href":"https:\/\/api.w.org\/{rel}","templated":true}]}}