{"id":34101,"date":"2020-01-08T09:54:27","date_gmt":"2020-01-08T06:54:27","guid":{"rendered":"http:\/\/www.textilegence.com\/?p=34101"},"modified":"2020-02-11T11:56:11","modified_gmt":"2020-02-11T08:56:11","slug":"isko-oeko-tex-step-certification","status":"publish","type":"post","link":"https:\/\/www.textilegence.com\/en\/isko-oeko-tex-step-certification\/","title":{"rendered":"ISKO Awarded with the OEKO-TEX\u00ae STeP Certification"},"content":{"rendered":"<figure id=\"attachment_34099\" aria-describedby=\"caption-attachment-34099\" style=\"width: 1200px\" class=\"wp-caption aligncenter\"><img loading=\"lazy\" decoding=\"async\" class=\"wp-image-34099 size-full\" src=\"https:\/\/www.textilegence.com\/wp-content\/uploads\/2020\/01\/isko-detail.jpg\" alt=\"ISKO Awarded with the OEKO-TEX\u00ae STeP Certification\" width=\"1200\" height=\"675\" srcset=\"https:\/\/www.textilegence.com\/wp-content\/uploads\/2020\/01\/isko-detail.jpg 1200w, https:\/\/www.textilegence.com\/wp-content\/uploads\/2020\/01\/isko-detail-768x432.jpg 768w, https:\/\/www.textilegence.com\/wp-content\/uploads\/2020\/01\/isko-detail-696x392.jpg 696w, https:\/\/www.textilegence.com\/wp-content\/uploads\/2020\/01\/isko-detail-1068x601.jpg 1068w\" sizes=\"auto, (max-width: 1200px) 100vw, 1200px\" \/><figcaption id=\"caption-attachment-34099\" class=\"wp-caption-text\">ISKO Awarded with the OEKO-TEX\u00ae STeP Certification<\/figcaption><\/figure>\n<p style=\"text-align: justify;\">As one of the major <a href=\"https:\/\/iskodenim.com\/\" target=\"_blank\" rel=\"noopener noreferrer\">players<\/a> in the global market with their denim fabric production, ISKO continues to certify their high standards in production and product quality. After becoming the first company in the world awarded both the rigorous EU Ecolabel and Nordic Swan Ecolabel, ISKO has recently reached another important milestone in its long-standing responsible journey. A brand of Sanko Tekstil, ISKO has become the first Turkish <a href=\"https:\/\/www.textilegence.com\/en\/category\/weaving\/\" target=\"_blank\" rel=\"noopener noreferrer\">denim<\/a> manufacturer awarded with STeP by OEKO-TEX\u00ae modular certification system.<\/p>\n<p style=\"text-align: justify;\">The certification results in a powerful tool to implement the company\u2019s Responsible Innovation\u2122 approach. This mindful and holistic vision tackles environmental and social responsibility to reach the goal of a 100% sustainable and ethical denim production, based on three main pillars \u2013 creativity, competence and citizenship.<\/p>\n<h2 style=\"text-align: justify;\"><strong>ISKO responsible production certified with STeP<\/strong><\/h2>\n<p style=\"text-align: justify;\">It is within ISKO\u2019s already responsible setting that this certification highlights; where even better choices can be made; aiming at implementing responsible production processes in the long term by assessing six different areas of production conditions. These are Chemicals management, Environmental performance, Environmental management, Social responsibility, Quality management and Health protection and safety at work: together they provide an overall analysis that documents ISKO\u2019s responsible commitment in a clear and complete way.<\/p>\n<p style=\"text-align: justify;\">STeP integrates the independent verification system DETOX TO ZERO by OEKO- TEX\u00ae; allowing to determine the status of chemicals management and wastewater quality; in compliance with the goals of the Greenpeace Detox Campaign.<\/p>\n<p style=\"text-align: justify;\">\u201cResponsibility and innovations go hand in hand at ISKO,\u201d explained Ebru \u00d6zk\u00fc\u00e7\u00fck G\u00fcler, ISKO Senior Sustainability and CSR Executive. \u201cTo be awarded with such a prestigious certification is proof that one has to look at the big picture;: sustainable actions need to involve and take into account the entire value chain, in the long run; considering not only production steps but also the development of a healthy and safe work environment. It is the perfect ending to a very fulfilling year, we are eager to see what 2020 will bring.\u201d<\/p>\n<p style=\"text-align: justify;\">ISKO\u2122, the leading ingredient brand on a global level; is the first denim producer in the world to be recognized with the Nordic Swan and EU Ecolabel certifications. The company has a production capacity of 300 million meters of fabric per year with 2,000 high-tech automated looms. ISKO has a global presence with offices in 35 countries.<\/p>\n","protected":false},"excerpt":{"rendered":"<p>As one of the major players in the global market with their denim fabric production, ISKO continues to certify their high standards in production and product quality. After becoming the first company in the world awarded both the rigorous EU Ecolabel and Nordic Swan Ecolabel, ISKO has recently reached another important milestone in its long-standing [&hellip;]<\/p>\n","protected":false},"author":8,"featured_media":34097,"comment_status":"open","ping_status":"closed","sticky":false,"template":"","format":"standard","meta":{"footnotes":""},"categories":[9856],"tags":[10213,11992,10227],"class_list":{"0":"post-34101","1":"post","2":"type-post","3":"status-publish","4":"format-standard","5":"has-post-thumbnail","7":"category-weaving","8":"tag-isko-en","9":"tag-oeko-tex-en","10":"tag-weaving"},"yoast_head":"<!-- This site is optimized with the Yoast SEO Premium plugin v27.3 (Yoast SEO v27.3) - https:\/\/yoast.com\/product\/yoast-seo-premium-wordpress\/ -->\n<title>ISKO Awarded with the OEKO-TEX\u00ae STeP Certification - Textilegence<\/title>\n<meta name=\"description\" content=\"As one of the major players in the global market with their denim fabric production, ISKO continues to certify their high standards in production and...\" \/>\n<meta name=\"robots\" content=\"index, follow, max-snippet:-1, max-image-preview:large, max-video-preview:-1\" \/>\n<link rel=\"canonical\" href=\"https:\/\/www.textilegence.com\/en\/isko-oeko-tex-step-certification\/\" \/>\n<meta property=\"og:locale\" content=\"en_US\" \/>\n<meta property=\"og:type\" content=\"article\" \/>\n<meta property=\"og:title\" content=\"ISKO Awarded with the OEKO-TEX\u00ae STeP Certification\" \/>\n<meta property=\"og:description\" content=\"As one of the major players in the global market with their denim fabric production, ISKO continues to certify their high standards in production and\" \/>\n<meta property=\"og:url\" content=\"https:\/\/www.textilegence.com\/en\/isko-oeko-tex-step-certification\/\" \/>\n<meta property=\"og:site_name\" content=\"Textilegence Magazine and Digital Platform\" \/>\n<meta property=\"article:publisher\" content=\"https:\/\/www.facebook.com\/TextilegenceMagazine\" \/>\n<meta property=\"article:author\" content=\"https:\/\/www.facebook.com\/TextilegenceMagazine\" \/>\n<meta property=\"article:published_time\" content=\"2020-01-08T06:54:27+00:00\" \/>\n<meta property=\"article:modified_time\" content=\"2020-02-11T08:56:11+00:00\" \/>\n<meta property=\"og:image\" content=\"https:\/\/www.textilegence.com\/wp-content\/uploads\/2020\/01\/isko-textilegence.jpg\" \/>\n\t<meta property=\"og:image:width\" content=\"1200\" \/>\n\t<meta property=\"og:image:height\" content=\"675\" \/>\n\t<meta property=\"og:image:type\" content=\"image\/jpeg\" \/>\n<meta name=\"author\" content=\"Fatih Cengiarslan\" \/>\n<meta name=\"twitter:card\" content=\"summary_large_image\" \/>\n<meta name=\"twitter:creator\" content=\"@https:\/\/twitter.com\/textilegence\" \/>\n<meta name=\"twitter:site\" content=\"@textilegence\" \/>\n<meta name=\"twitter:label1\" content=\"Written by\" \/>\n\t<meta name=\"twitter:data1\" content=\"Fatih Cengiarslan\" \/>\n\t<meta name=\"twitter:label2\" content=\"Est. reading time\" \/>\n\t<meta name=\"twitter:data2\" content=\"2 minutes\" \/>\n<script type=\"application\/ld+json\" class=\"yoast-schema-graph\">{\"@context\":\"https:\\\/\\\/schema.org\",\"@graph\":[{\"@type\":\"NewsArticle\",\"@id\":\"https:\\\/\\\/www.textilegence.com\\\/en\\\/isko-oeko-tex-step-certification\\\/#article\",\"isPartOf\":{\"@id\":\"https:\\\/\\\/www.textilegence.com\\\/en\\\/isko-oeko-tex-step-certification\\\/\"},\"author\":{\"name\":\"Fatih Cengiarslan\",\"@id\":\"https:\\\/\\\/www.textilegence.com\\\/en\\\/#\\\/schema\\\/person\\\/1c3977109f8a6e1e2b95678836d75cb7\"},\"headline\":\"ISKO Awarded with the OEKO-TEX\u00ae STeP Certification\",\"datePublished\":\"2020-01-08T06:54:27+00:00\",\"dateModified\":\"2020-02-11T08:56:11+00:00\",\"mainEntityOfPage\":{\"@id\":\"https:\\\/\\\/www.textilegence.com\\\/en\\\/isko-oeko-tex-step-certification\\\/\"},\"wordCount\":402,\"commentCount\":0,\"publisher\":{\"@id\":\"https:\\\/\\\/www.textilegence.com\\\/en\\\/#organization\"},\"image\":{\"@id\":\"https:\\\/\\\/www.textilegence.com\\\/en\\\/isko-oeko-tex-step-certification\\\/#primaryimage\"},\"thumbnailUrl\":\"https:\\\/\\\/www.textilegence.com\\\/wp-content\\\/uploads\\\/2020\\\/01\\\/isko-textilegence.jpg\",\"keywords\":[\"isko\",\"oeko-tex\",\"weaving\"],\"articleSection\":[\"Weaving\"],\"inLanguage\":\"en-US\",\"potentialAction\":[{\"@type\":\"CommentAction\",\"name\":\"Comment\",\"target\":[\"https:\\\/\\\/www.textilegence.com\\\/en\\\/isko-oeko-tex-step-certification\\\/#respond\"]}]},{\"@type\":\"WebPage\",\"@id\":\"https:\\\/\\\/www.textilegence.com\\\/en\\\/isko-oeko-tex-step-certification\\\/\",\"url\":\"https:\\\/\\\/www.textilegence.com\\\/en\\\/isko-oeko-tex-step-certification\\\/\",\"name\":\"ISKO Awarded with the OEKO-TEX\u00ae STeP Certification - Textilegence\",\"isPartOf\":{\"@id\":\"https:\\\/\\\/www.textilegence.com\\\/en\\\/#website\"},\"primaryImageOfPage\":{\"@id\":\"https:\\\/\\\/www.textilegence.com\\\/en\\\/isko-oeko-tex-step-certification\\\/#primaryimage\"},\"image\":{\"@id\":\"https:\\\/\\\/www.textilegence.com\\\/en\\\/isko-oeko-tex-step-certification\\\/#primaryimage\"},\"thumbnailUrl\":\"https:\\\/\\\/www.textilegence.com\\\/wp-content\\\/uploads\\\/2020\\\/01\\\/isko-textilegence.jpg\",\"datePublished\":\"2020-01-08T06:54:27+00:00\",\"dateModified\":\"2020-02-11T08:56:11+00:00\",\"description\":\"As one of the major players in the global market with their denim fabric production, ISKO continues to certify their high standards in production and...\",\"breadcrumb\":{\"@id\":\"https:\\\/\\\/www.textilegence.com\\\/en\\\/isko-oeko-tex-step-certification\\\/#breadcrumb\"},\"inLanguage\":\"en-US\",\"potentialAction\":[{\"@type\":\"ReadAction\",\"target\":[\"https:\\\/\\\/www.textilegence.com\\\/en\\\/isko-oeko-tex-step-certification\\\/\"]}]},{\"@type\":\"ImageObject\",\"inLanguage\":\"en-US\",\"@id\":\"https:\\\/\\\/www.textilegence.com\\\/en\\\/isko-oeko-tex-step-certification\\\/#primaryimage\",\"url\":\"https:\\\/\\\/www.textilegence.com\\\/wp-content\\\/uploads\\\/2020\\\/01\\\/isko-textilegence.jpg\",\"contentUrl\":\"https:\\\/\\\/www.textilegence.com\\\/wp-content\\\/uploads\\\/2020\\\/01\\\/isko-textilegence.jpg\",\"width\":1200,\"height\":675},{\"@type\":\"BreadcrumbList\",\"@id\":\"https:\\\/\\\/www.textilegence.com\\\/en\\\/isko-oeko-tex-step-certification\\\/#breadcrumb\",\"itemListElement\":[{\"@type\":\"ListItem\",\"position\":1,\"name\":\"Home Page\",\"item\":\"https:\\\/\\\/www.textilegence.com\\\/en\\\/homepage-the-rimont\\\/\"},{\"@type\":\"ListItem\",\"position\":2,\"name\":\"Weaving\",\"item\":\"https:\\\/\\\/www.textilegence.com\\\/en\\\/category\\\/weaving\\\/\"},{\"@type\":\"ListItem\",\"position\":3,\"name\":\"ISKO Awarded with the OEKO-TEX\u00ae STeP Certification\"}]},{\"@type\":\"WebSite\",\"@id\":\"https:\\\/\\\/www.textilegence.com\\\/en\\\/#website\",\"url\":\"https:\\\/\\\/www.textilegence.com\\\/en\\\/\",\"name\":\"Textilegence Magazine and Digital Platform\",\"description\":\"Textile News Center\",\"publisher\":{\"@id\":\"https:\\\/\\\/www.textilegence.com\\\/en\\\/#organization\"},\"potentialAction\":[{\"@type\":\"SearchAction\",\"target\":{\"@type\":\"EntryPoint\",\"urlTemplate\":\"https:\\\/\\\/www.textilegence.com\\\/en\\\/?s={search_term_string}\"},\"query-input\":{\"@type\":\"PropertyValueSpecification\",\"valueRequired\":true,\"valueName\":\"search_term_string\"}}],\"inLanguage\":\"en-US\"},{\"@type\":\"Organization\",\"@id\":\"https:\\\/\\\/www.textilegence.com\\\/en\\\/#organization\",\"name\":\"Textilegence Magazine and Digital Platform\",\"url\":\"https:\\\/\\\/www.textilegence.com\\\/en\\\/\",\"logo\":{\"@type\":\"ImageObject\",\"inLanguage\":\"en-US\",\"@id\":\"https:\\\/\\\/www.textilegence.com\\\/en\\\/#\\\/schema\\\/logo\\\/image\\\/\",\"url\":\"https:\\\/\\\/www.textilegence.com\\\/wp-content\\\/uploads\\\/2016\\\/11\\\/New_Retina_Logo_Textilegence.png\",\"contentUrl\":\"https:\\\/\\\/www.textilegence.com\\\/wp-content\\\/uploads\\\/2016\\\/11\\\/New_Retina_Logo_Textilegence.png\",\"width\":544,\"height\":180,\"caption\":\"Textilegence Magazine and Digital Platform\"},\"image\":{\"@id\":\"https:\\\/\\\/www.textilegence.com\\\/en\\\/#\\\/schema\\\/logo\\\/image\\\/\"},\"sameAs\":[\"https:\\\/\\\/www.facebook.com\\\/TextilegenceMagazine\",\"https:\\\/\\\/x.com\\\/textilegence\",\"https:\\\/\\\/www.instagram.com\\\/textilegence\\\/\",\"https:\\\/\\\/www.linkedin.com\\\/groups\\\/Textilegence-Magazine-Digital-Platform-4897253\",\"https:\\\/\\\/www.youtube.com\\\/user\\\/textilegence\"],\"description\":\"Textilegence is a magazine and digital platform established in 2013. It focuses on the textile industry and sub-segments. The platform provides news, articles, and updates on various aspects of the textile industry, including sustainability, technological advancements, and market trends.\",\"email\":\"editor@textilegence.com\",\"telephone\":\"+90 212 442 24 12\",\"legalName\":\"Textilegence Mag and Digital Platform\",\"foundingDate\":\"2013-01-01\",\"numberOfEmployees\":{\"@type\":\"QuantitativeValue\",\"minValue\":\"1\",\"maxValue\":\"10\"}},{\"@type\":\"Person\",\"@id\":\"https:\\\/\\\/www.textilegence.com\\\/en\\\/#\\\/schema\\\/person\\\/1c3977109f8a6e1e2b95678836d75cb7\",\"name\":\"Fatih Cengiarslan\",\"image\":{\"@type\":\"ImageObject\",\"inLanguage\":\"en-US\",\"@id\":\"https:\\\/\\\/www.textilegence.com\\\/wp-content\\\/uploads\\\/2018\\\/12\\\/fatih-cengiarslan.jpg\",\"url\":\"https:\\\/\\\/www.textilegence.com\\\/wp-content\\\/uploads\\\/2018\\\/12\\\/fatih-cengiarslan.jpg\",\"contentUrl\":\"https:\\\/\\\/www.textilegence.com\\\/wp-content\\\/uploads\\\/2018\\\/12\\\/fatih-cengiarslan.jpg\",\"caption\":\"Fatih Cengiarslan\"},\"description\":\"Fatih Cengiarslan; Akademik \u0130ngilizce e\u011fitimini Bat\u0131 Avustralya \u00dcniversitesi\u2019nde tamamlad\u0131ktan sonra T\u00fcrkiye\u2019ye d\u00f6nerek \u0130stanbul Ayd\u0131n \u00dcniversitesi\u2019nde \u0130nternet Gazetecili\u011fi ve Yay\u0131nc\u0131l\u0131k b\u00f6l\u00fcm\u00fcn\u00fc bitirip, Litvanya \u2013 Kaunas Teknoloji \u00dcniversitesi\u2019nde interaktif media \u00fczerine 8 ayl\u0131k e\u011fitim ald\u0131. Daha sonra Eski\u015fehir Anadolu \u00dcniversitesi girerek \u0130\u015fletme Fak\u00fcltesini ba\u015far\u0131yla tamamlad\u0131. CNNTURK\u2019 kanal\u0131nda staj\u0131n\u0131 tamamlad\u0131ktan sonra Referans Gazetesi\u2019nde \u00e7al\u0131\u015fmaya ba\u015flad\u0131. 2 y\u0131l sonra Textilegence markas\u0131yla tekstil end\u00fcstrisine y\u00f6nelik kendi medyas\u0131n\u0131 kurdu. \u015eu anda Textilegence.com, Printing3D ve NEFA PR Ajans\u0131\u2019n\u0131n 12 y\u0131ld\u0131r y\u00f6netimini yapmaktad\u0131r.\",\"sameAs\":[\"https:\\\/\\\/www.textilegence.com\",\"https:\\\/\\\/www.facebook.com\\\/TextilegenceMagazine\",\"https:\\\/\\\/www.instagram.com\\\/textilegence\\\/\",\"https:\\\/\\\/www.linkedin.com\\\/in\\\/fatih-cengiarslan-32352265\\\/\",\"https:\\\/\\\/x.com\\\/https:\\\/\\\/twitter.com\\\/textilegence\"],\"url\":\"https:\\\/\\\/www.textilegence.com\\\/en\\\/author\\\/admin\\\/\"}]}<\/script>\n<!-- \/ Yoast SEO Premium plugin. -->","yoast_head_json":{"title":"ISKO Awarded with the OEKO-TEX\u00ae STeP Certification - Textilegence","description":"As one of the major players in the global market with their denim fabric production, ISKO continues to certify their high standards in production and...","robots":{"index":"index","follow":"follow","max-snippet":"max-snippet:-1","max-image-preview":"max-image-preview:large","max-video-preview":"max-video-preview:-1"},"canonical":"https:\/\/www.textilegence.com\/en\/isko-oeko-tex-step-certification\/","og_locale":"en_US","og_type":"article","og_title":"ISKO Awarded with the OEKO-TEX\u00ae STeP Certification","og_description":"As one of the major players in the global market with their denim fabric production, ISKO continues to certify their high standards in production and","og_url":"https:\/\/www.textilegence.com\/en\/isko-oeko-tex-step-certification\/","og_site_name":"Textilegence Magazine and Digital Platform","article_publisher":"https:\/\/www.facebook.com\/TextilegenceMagazine","article_author":"https:\/\/www.facebook.com\/TextilegenceMagazine","article_published_time":"2020-01-08T06:54:27+00:00","article_modified_time":"2020-02-11T08:56:11+00:00","og_image":[{"width":1200,"height":675,"url":"https:\/\/www.textilegence.com\/wp-content\/uploads\/2020\/01\/isko-textilegence.jpg","type":"image\/jpeg"}],"author":"Fatih Cengiarslan","twitter_card":"summary_large_image","twitter_creator":"@https:\/\/twitter.com\/textilegence","twitter_site":"@textilegence","twitter_misc":{"Written by":"Fatih Cengiarslan","Est. reading time":"2 minutes"},"schema":{"@context":"https:\/\/schema.org","@graph":[{"@type":"NewsArticle","@id":"https:\/\/www.textilegence.com\/en\/isko-oeko-tex-step-certification\/#article","isPartOf":{"@id":"https:\/\/www.textilegence.com\/en\/isko-oeko-tex-step-certification\/"},"author":{"name":"Fatih Cengiarslan","@id":"https:\/\/www.textilegence.com\/en\/#\/schema\/person\/1c3977109f8a6e1e2b95678836d75cb7"},"headline":"ISKO Awarded with the OEKO-TEX\u00ae STeP Certification","datePublished":"2020-01-08T06:54:27+00:00","dateModified":"2020-02-11T08:56:11+00:00","mainEntityOfPage":{"@id":"https:\/\/www.textilegence.com\/en\/isko-oeko-tex-step-certification\/"},"wordCount":402,"commentCount":0,"publisher":{"@id":"https:\/\/www.textilegence.com\/en\/#organization"},"image":{"@id":"https:\/\/www.textilegence.com\/en\/isko-oeko-tex-step-certification\/#primaryimage"},"thumbnailUrl":"https:\/\/www.textilegence.com\/wp-content\/uploads\/2020\/01\/isko-textilegence.jpg","keywords":["isko","oeko-tex","weaving"],"articleSection":["Weaving"],"inLanguage":"en-US","potentialAction":[{"@type":"CommentAction","name":"Comment","target":["https:\/\/www.textilegence.com\/en\/isko-oeko-tex-step-certification\/#respond"]}]},{"@type":"WebPage","@id":"https:\/\/www.textilegence.com\/en\/isko-oeko-tex-step-certification\/","url":"https:\/\/www.textilegence.com\/en\/isko-oeko-tex-step-certification\/","name":"ISKO Awarded with the OEKO-TEX\u00ae STeP Certification - Textilegence","isPartOf":{"@id":"https:\/\/www.textilegence.com\/en\/#website"},"primaryImageOfPage":{"@id":"https:\/\/www.textilegence.com\/en\/isko-oeko-tex-step-certification\/#primaryimage"},"image":{"@id":"https:\/\/www.textilegence.com\/en\/isko-oeko-tex-step-certification\/#primaryimage"},"thumbnailUrl":"https:\/\/www.textilegence.com\/wp-content\/uploads\/2020\/01\/isko-textilegence.jpg","datePublished":"2020-01-08T06:54:27+00:00","dateModified":"2020-02-11T08:56:11+00:00","description":"As one of the major players in the global market with their denim fabric production, ISKO continues to certify their high standards in production and...","breadcrumb":{"@id":"https:\/\/www.textilegence.com\/en\/isko-oeko-tex-step-certification\/#breadcrumb"},"inLanguage":"en-US","potentialAction":[{"@type":"ReadAction","target":["https:\/\/www.textilegence.com\/en\/isko-oeko-tex-step-certification\/"]}]},{"@type":"ImageObject","inLanguage":"en-US","@id":"https:\/\/www.textilegence.com\/en\/isko-oeko-tex-step-certification\/#primaryimage","url":"https:\/\/www.textilegence.com\/wp-content\/uploads\/2020\/01\/isko-textilegence.jpg","contentUrl":"https:\/\/www.textilegence.com\/wp-content\/uploads\/2020\/01\/isko-textilegence.jpg","width":1200,"height":675},{"@type":"BreadcrumbList","@id":"https:\/\/www.textilegence.com\/en\/isko-oeko-tex-step-certification\/#breadcrumb","itemListElement":[{"@type":"ListItem","position":1,"name":"Home Page","item":"https:\/\/www.textilegence.com\/en\/homepage-the-rimont\/"},{"@type":"ListItem","position":2,"name":"Weaving","item":"https:\/\/www.textilegence.com\/en\/category\/weaving\/"},{"@type":"ListItem","position":3,"name":"ISKO Awarded with the OEKO-TEX\u00ae STeP Certification"}]},{"@type":"WebSite","@id":"https:\/\/www.textilegence.com\/en\/#website","url":"https:\/\/www.textilegence.com\/en\/","name":"Textilegence Magazine and Digital Platform","description":"Textile News Center","publisher":{"@id":"https:\/\/www.textilegence.com\/en\/#organization"},"potentialAction":[{"@type":"SearchAction","target":{"@type":"EntryPoint","urlTemplate":"https:\/\/www.textilegence.com\/en\/?s={search_term_string}"},"query-input":{"@type":"PropertyValueSpecification","valueRequired":true,"valueName":"search_term_string"}}],"inLanguage":"en-US"},{"@type":"Organization","@id":"https:\/\/www.textilegence.com\/en\/#organization","name":"Textilegence Magazine and Digital Platform","url":"https:\/\/www.textilegence.com\/en\/","logo":{"@type":"ImageObject","inLanguage":"en-US","@id":"https:\/\/www.textilegence.com\/en\/#\/schema\/logo\/image\/","url":"https:\/\/www.textilegence.com\/wp-content\/uploads\/2016\/11\/New_Retina_Logo_Textilegence.png","contentUrl":"https:\/\/www.textilegence.com\/wp-content\/uploads\/2016\/11\/New_Retina_Logo_Textilegence.png","width":544,"height":180,"caption":"Textilegence Magazine and Digital Platform"},"image":{"@id":"https:\/\/www.textilegence.com\/en\/#\/schema\/logo\/image\/"},"sameAs":["https:\/\/www.facebook.com\/TextilegenceMagazine","https:\/\/x.com\/textilegence","https:\/\/www.instagram.com\/textilegence\/","https:\/\/www.linkedin.com\/groups\/Textilegence-Magazine-Digital-Platform-4897253","https:\/\/www.youtube.com\/user\/textilegence"],"description":"Textilegence is a magazine and digital platform established in 2013. It focuses on the textile industry and sub-segments. The platform provides news, articles, and updates on various aspects of the textile industry, including sustainability, technological advancements, and market trends.","email":"editor@textilegence.com","telephone":"+90 212 442 24 12","legalName":"Textilegence Mag and Digital Platform","foundingDate":"2013-01-01","numberOfEmployees":{"@type":"QuantitativeValue","minValue":"1","maxValue":"10"}},{"@type":"Person","@id":"https:\/\/www.textilegence.com\/en\/#\/schema\/person\/1c3977109f8a6e1e2b95678836d75cb7","name":"Fatih Cengiarslan","image":{"@type":"ImageObject","inLanguage":"en-US","@id":"https:\/\/www.textilegence.com\/wp-content\/uploads\/2018\/12\/fatih-cengiarslan.jpg","url":"https:\/\/www.textilegence.com\/wp-content\/uploads\/2018\/12\/fatih-cengiarslan.jpg","contentUrl":"https:\/\/www.textilegence.com\/wp-content\/uploads\/2018\/12\/fatih-cengiarslan.jpg","caption":"Fatih Cengiarslan"},"description":"Fatih Cengiarslan; Akademik \u0130ngilizce e\u011fitimini Bat\u0131 Avustralya \u00dcniversitesi\u2019nde tamamlad\u0131ktan sonra T\u00fcrkiye\u2019ye d\u00f6nerek \u0130stanbul Ayd\u0131n \u00dcniversitesi\u2019nde \u0130nternet Gazetecili\u011fi ve Yay\u0131nc\u0131l\u0131k b\u00f6l\u00fcm\u00fcn\u00fc bitirip, Litvanya \u2013 Kaunas Teknoloji \u00dcniversitesi\u2019nde interaktif media \u00fczerine 8 ayl\u0131k e\u011fitim ald\u0131. Daha sonra Eski\u015fehir Anadolu \u00dcniversitesi girerek \u0130\u015fletme Fak\u00fcltesini ba\u015far\u0131yla tamamlad\u0131. CNNTURK\u2019 kanal\u0131nda staj\u0131n\u0131 tamamlad\u0131ktan sonra Referans Gazetesi\u2019nde \u00e7al\u0131\u015fmaya ba\u015flad\u0131. 2 y\u0131l sonra Textilegence markas\u0131yla tekstil end\u00fcstrisine y\u00f6nelik kendi medyas\u0131n\u0131 kurdu. \u015eu anda Textilegence.com, Printing3D ve NEFA PR Ajans\u0131\u2019n\u0131n 12 y\u0131ld\u0131r y\u00f6netimini yapmaktad\u0131r.","sameAs":["https:\/\/www.textilegence.com","https:\/\/www.facebook.com\/TextilegenceMagazine","https:\/\/www.instagram.com\/textilegence\/","https:\/\/www.linkedin.com\/in\/fatih-cengiarslan-32352265\/","https:\/\/x.com\/https:\/\/twitter.com\/textilegence"],"url":"https:\/\/www.textilegence.com\/en\/author\/admin\/"}]}},"_links":{"self":[{"href":"https:\/\/www.textilegence.com\/en\/wp-json\/wp\/v2\/posts\/34101","targetHints":{"allow":["GET"]}}],"collection":[{"href":"https:\/\/www.textilegence.com\/en\/wp-json\/wp\/v2\/posts"}],"about":[{"href":"https:\/\/www.textilegence.com\/en\/wp-json\/wp\/v2\/types\/post"}],"author":[{"embeddable":true,"href":"https:\/\/www.textilegence.com\/en\/wp-json\/wp\/v2\/users\/8"}],"replies":[{"embeddable":true,"href":"https:\/\/www.textilegence.com\/en\/wp-json\/wp\/v2\/comments?post=34101"}],"version-history":[{"count":0,"href":"https:\/\/www.textilegence.com\/en\/wp-json\/wp\/v2\/posts\/34101\/revisions"}],"wp:featuredmedia":[{"embeddable":true,"href":"https:\/\/www.textilegence.com\/en\/wp-json\/wp\/v2\/media\/34097"}],"wp:attachment":[{"href":"https:\/\/www.textilegence.com\/en\/wp-json\/wp\/v2\/media?parent=34101"}],"wp:term":[{"taxonomy":"category","embeddable":true,"href":"https:\/\/www.textilegence.com\/en\/wp-json\/wp\/v2\/categories?post=34101"},{"taxonomy":"post_tag","embeddable":true,"href":"https:\/\/www.textilegence.com\/en\/wp-json\/wp\/v2\/tags?post=34101"}],"curies":[{"name":"wp","href":"https:\/\/api.w.org\/{rel}","templated":true}]}}