{"id":34470,"date":"2020-01-30T09:34:21","date_gmt":"2020-01-30T06:34:21","guid":{"rendered":"http:\/\/www.textilegence.com\/?p=34470"},"modified":"2020-02-11T11:05:36","modified_gmt":"2020-02-11T08:05:36","slug":"zorlu-tekstil-heimtextil-valeron-tac","status":"publish","type":"post","link":"https:\/\/www.textilegence.com\/en\/zorlu-tekstil-heimtextil-valeron-tac\/","title":{"rendered":"Zorlu Tekstil exhibited 2020 collections at Heimtextil"},"content":{"rendered":"<figure id=\"attachment_34468\" aria-describedby=\"caption-attachment-34468\" style=\"width: 1200px\" class=\"wp-caption aligncenter\"><img loading=\"lazy\" decoding=\"async\" class=\"wp-image-34468 size-full\" src=\"https:\/\/www.textilegence.com\/wp-content\/uploads\/2020\/01\/zorlu-detail.jpg\" alt=\"Zorlu Tekstil at Heimtextil with Valeron and Ta\u00e7 brands\" width=\"1200\" height=\"675\" srcset=\"https:\/\/www.textilegence.com\/wp-content\/uploads\/2020\/01\/zorlu-detail.jpg 1200w, https:\/\/www.textilegence.com\/wp-content\/uploads\/2020\/01\/zorlu-detail-768x432.jpg 768w, https:\/\/www.textilegence.com\/wp-content\/uploads\/2020\/01\/zorlu-detail-696x392.jpg 696w, https:\/\/www.textilegence.com\/wp-content\/uploads\/2020\/01\/zorlu-detail-1068x601.jpg 1068w\" sizes=\"auto, (max-width: 1200px) 100vw, 1200px\" \/><figcaption id=\"caption-attachment-34468\" class=\"wp-caption-text\">Zorlu Tekstil at Heimtextil with Valeron and Ta\u00e7 brands<\/figcaption><\/figure>\n<p style=\"text-align: justify;\">Turkey&#8217;s leading home textile manufacturer Zorlu Tekstil participated in Heimtextil, January 7-10 with innovative products and solutions put forward with a sustainable future targets in 2020. The company presented the innovative technical yarns of Korteks as well as innovative 2020 collections of TA\u00c7 and Valeron brands at Heimtextil Frankfurt which is considered as the most important home textile fair in the world.<\/p>\n<p style=\"text-align: justify;\"><a href=\"http:\/\/www.zorlutekstil.com.tr\/\" target=\"_blank\" rel=\"noopener noreferrer\">Zorlu<\/a> Tekstil Group is Europe&#8217;s largest integrated manufacturer in home <a href=\"https:\/\/www.textilegence.com\/en\/category\/topical\/\" target=\"_blank\" rel=\"noopener noreferrer\">textile<\/a> products and polyester yarn production. Having made a name for itself with its sustainable products and solutions, Zorlu participated in this fair, which is closely followed by the global market, as in previous years.<\/p>\n<h2 style=\"text-align: justify;\"><strong>Home textile products with enhanced technical features<\/strong><\/h2>\n<p style=\"text-align: justify;\">At the fair, Zorlu Tekstil exhibited the curtain of TA\u00c7 with its flame retardant feature; air cleaning curtain that absorbs odours and reborn curtains produced from pet bottles. Also, the newest collections of the 2020 season were shared with the visitors in the TA\u00c7 booth.<\/p>\n<h2 style=\"text-align: justify;\"><strong>Technology trend with Valeron Lab<\/strong><\/h2>\n<p style=\"text-align: justify;\">Investing heavily in R&amp;D and design Zorlu Tekstil Group brought the innovative face of Valeron with Valeron Lab to visitors at Heimtextile. The brand, which has brought a unique style to living spaces with its simple, elegant and refined concept; has now offered more colourful and trendy products to consumers with Valeron Lab. Valeron Lab offers innovative products special to various customer groups especially in the European market with its approach, which is fed by technological trends and inspired by R&amp;D.<\/p>\n<p style=\"text-align: justify;\">Valeron bringing its collections to users in more than 200 points in nearly 40 countries, especially in Europe; Valeron Lab aims to increase its markets and customer diversity with its six basic series; Reborn, Crafted, Therapy, Turcotton, Style and Essentials.<\/p>\n<p style=\"text-align: justify;\">Another important brand of Zorlu Tekstil in Heimtextil was Korteks, known for its technical textile solutions. The brand, which is the biggest polyester yarn producer in Europe; TA\u00c7 UV Resistant, Automotive Yarns, DRY TOUCH\u00ae, Recycle, PLA; and many functional yarns with different touches have gained the appreciation of visitors in Heimtextil.<\/p>\n","protected":false},"excerpt":{"rendered":"<p>Turkey&#8217;s leading home textile manufacturer Zorlu Tekstil participated in Heimtextil, January 7-10 with innovative products and solutions put forward with a sustainable future targets in 2020. The company presented the innovative technical yarns of Korteks as well as innovative 2020 collections of TA\u00c7 and Valeron brands at Heimtextil Frankfurt which is considered as the most [&hellip;]<\/p>\n","protected":false},"author":16,"featured_media":34466,"comment_status":"open","ping_status":"closed","sticky":false,"template":"","format":"standard","meta":{"footnotes":""},"categories":[9859],"tags":[12131],"class_list":{"0":"post-34470","1":"post","2":"type-post","3":"status-publish","4":"format-standard","5":"has-post-thumbnail","7":"category-topical","8":"tag-zorlu-tekstil-en"},"yoast_head":"<!-- This site is optimized with the Yoast SEO Premium plugin v27.3 (Yoast SEO v27.3) - https:\/\/yoast.com\/product\/yoast-seo-premium-wordpress\/ -->\n<title>Zorlu Tekstil at Heimtextil with Valeron and Ta\u00e7 brands - Textilegence<\/title>\n<meta name=\"description\" content=\"The company presented the innovative technical yarns of Korteks as well as innovative 2020 collections of TA\u00c7 and Valeron brands at Heimtextil Frankfurt...\" \/>\n<meta name=\"robots\" content=\"index, follow, max-snippet:-1, max-image-preview:large, max-video-preview:-1\" \/>\n<link rel=\"canonical\" href=\"https:\/\/www.textilegence.com\/en\/zorlu-tekstil-heimtextil-valeron-tac\/\" \/>\n<meta property=\"og:locale\" content=\"en_US\" \/>\n<meta property=\"og:type\" content=\"article\" \/>\n<meta property=\"og:title\" content=\"Zorlu Tekstil exhibited 2020 collections at Heimtextil\" \/>\n<meta property=\"og:description\" content=\"Turkey&#039;s leading home textile manufacturer Zorlu Tekstil participated in Heimtextil, January 7-10 with innovative products and solutions put forward with\" \/>\n<meta property=\"og:url\" content=\"https:\/\/www.textilegence.com\/en\/zorlu-tekstil-heimtextil-valeron-tac\/\" \/>\n<meta property=\"og:site_name\" content=\"Textilegence Magazine and Digital Platform\" \/>\n<meta property=\"article:publisher\" content=\"https:\/\/www.facebook.com\/TextilegenceMagazine\" \/>\n<meta property=\"article:author\" content=\"https:\/\/www.facebook.com\/TextilegenceMagazine\" \/>\n<meta property=\"article:published_time\" content=\"2020-01-30T06:34:21+00:00\" \/>\n<meta property=\"article:modified_time\" content=\"2020-02-11T08:05:36+00:00\" \/>\n<meta property=\"og:image\" content=\"https:\/\/www.textilegence.com\/wp-content\/uploads\/2020\/01\/zorlu-textilegence.jpg\" \/>\n\t<meta property=\"og:image:width\" content=\"696\" \/>\n\t<meta property=\"og:image:height\" content=\"385\" \/>\n\t<meta property=\"og:image:type\" content=\"image\/jpeg\" \/>\n<meta name=\"author\" content=\"Emirhan \u00c7ilo\u011flu\" \/>\n<meta name=\"twitter:card\" content=\"summary_large_image\" \/>\n<meta name=\"twitter:creator\" content=\"@https:\/\/twitter.com\/textilegence\" \/>\n<meta name=\"twitter:site\" content=\"@textilegence\" \/>\n<meta name=\"twitter:label1\" content=\"Written by\" \/>\n\t<meta name=\"twitter:data1\" content=\"Emirhan \u00c7ilo\u011flu\" \/>\n\t<meta name=\"twitter:label2\" content=\"Est. reading time\" \/>\n\t<meta name=\"twitter:data2\" content=\"2 minutes\" \/>\n<script type=\"application\/ld+json\" class=\"yoast-schema-graph\">{\"@context\":\"https:\\\/\\\/schema.org\",\"@graph\":[{\"@type\":\"NewsArticle\",\"@id\":\"https:\\\/\\\/www.textilegence.com\\\/en\\\/zorlu-tekstil-heimtextil-valeron-tac\\\/#article\",\"isPartOf\":{\"@id\":\"https:\\\/\\\/www.textilegence.com\\\/en\\\/zorlu-tekstil-heimtextil-valeron-tac\\\/\"},\"author\":{\"name\":\"Emirhan \u00c7ilo\u011flu\",\"@id\":\"https:\\\/\\\/www.textilegence.com\\\/en\\\/#\\\/schema\\\/person\\\/8dbf2ab62ffdf644153f8c0f9c991f78\"},\"headline\":\"Zorlu Tekstil exhibited 2020 collections at Heimtextil\",\"datePublished\":\"2020-01-30T06:34:21+00:00\",\"dateModified\":\"2020-02-11T08:05:36+00:00\",\"mainEntityOfPage\":{\"@id\":\"https:\\\/\\\/www.textilegence.com\\\/en\\\/zorlu-tekstil-heimtextil-valeron-tac\\\/\"},\"wordCount\":359,\"commentCount\":0,\"publisher\":{\"@id\":\"https:\\\/\\\/www.textilegence.com\\\/en\\\/#organization\"},\"image\":{\"@id\":\"https:\\\/\\\/www.textilegence.com\\\/en\\\/zorlu-tekstil-heimtextil-valeron-tac\\\/#primaryimage\"},\"thumbnailUrl\":\"https:\\\/\\\/www.textilegence.com\\\/wp-content\\\/uploads\\\/2020\\\/01\\\/zorlu-textilegence.jpg\",\"keywords\":[\"zorlu tekstil\"],\"articleSection\":[\"Topical\"],\"inLanguage\":\"en-US\",\"potentialAction\":[{\"@type\":\"CommentAction\",\"name\":\"Comment\",\"target\":[\"https:\\\/\\\/www.textilegence.com\\\/en\\\/zorlu-tekstil-heimtextil-valeron-tac\\\/#respond\"]}]},{\"@type\":\"WebPage\",\"@id\":\"https:\\\/\\\/www.textilegence.com\\\/en\\\/zorlu-tekstil-heimtextil-valeron-tac\\\/\",\"url\":\"https:\\\/\\\/www.textilegence.com\\\/en\\\/zorlu-tekstil-heimtextil-valeron-tac\\\/\",\"name\":\"Zorlu Tekstil at Heimtextil with Valeron and Ta\u00e7 brands - Textilegence\",\"isPartOf\":{\"@id\":\"https:\\\/\\\/www.textilegence.com\\\/en\\\/#website\"},\"primaryImageOfPage\":{\"@id\":\"https:\\\/\\\/www.textilegence.com\\\/en\\\/zorlu-tekstil-heimtextil-valeron-tac\\\/#primaryimage\"},\"image\":{\"@id\":\"https:\\\/\\\/www.textilegence.com\\\/en\\\/zorlu-tekstil-heimtextil-valeron-tac\\\/#primaryimage\"},\"thumbnailUrl\":\"https:\\\/\\\/www.textilegence.com\\\/wp-content\\\/uploads\\\/2020\\\/01\\\/zorlu-textilegence.jpg\",\"datePublished\":\"2020-01-30T06:34:21+00:00\",\"dateModified\":\"2020-02-11T08:05:36+00:00\",\"description\":\"The company presented the innovative technical yarns of Korteks as well as innovative 2020 collections of TA\u00c7 and Valeron brands at Heimtextil Frankfurt...\",\"breadcrumb\":{\"@id\":\"https:\\\/\\\/www.textilegence.com\\\/en\\\/zorlu-tekstil-heimtextil-valeron-tac\\\/#breadcrumb\"},\"inLanguage\":\"en-US\",\"potentialAction\":[{\"@type\":\"ReadAction\",\"target\":[\"https:\\\/\\\/www.textilegence.com\\\/en\\\/zorlu-tekstil-heimtextil-valeron-tac\\\/\"]}]},{\"@type\":\"ImageObject\",\"inLanguage\":\"en-US\",\"@id\":\"https:\\\/\\\/www.textilegence.com\\\/en\\\/zorlu-tekstil-heimtextil-valeron-tac\\\/#primaryimage\",\"url\":\"https:\\\/\\\/www.textilegence.com\\\/wp-content\\\/uploads\\\/2020\\\/01\\\/zorlu-textilegence.jpg\",\"contentUrl\":\"https:\\\/\\\/www.textilegence.com\\\/wp-content\\\/uploads\\\/2020\\\/01\\\/zorlu-textilegence.jpg\",\"width\":696,\"height\":385},{\"@type\":\"BreadcrumbList\",\"@id\":\"https:\\\/\\\/www.textilegence.com\\\/en\\\/zorlu-tekstil-heimtextil-valeron-tac\\\/#breadcrumb\",\"itemListElement\":[{\"@type\":\"ListItem\",\"position\":1,\"name\":\"Home Page\",\"item\":\"https:\\\/\\\/www.textilegence.com\\\/en\\\/homepage-the-rimont\\\/\"},{\"@type\":\"ListItem\",\"position\":2,\"name\":\"Topical\",\"item\":\"https:\\\/\\\/www.textilegence.com\\\/en\\\/category\\\/topical\\\/\"},{\"@type\":\"ListItem\",\"position\":3,\"name\":\"Zorlu Tekstil exhibited 2020 collections at Heimtextil\"}]},{\"@type\":\"WebSite\",\"@id\":\"https:\\\/\\\/www.textilegence.com\\\/en\\\/#website\",\"url\":\"https:\\\/\\\/www.textilegence.com\\\/en\\\/\",\"name\":\"Textilegence Magazine and Digital Platform\",\"description\":\"Textile News Center\",\"publisher\":{\"@id\":\"https:\\\/\\\/www.textilegence.com\\\/en\\\/#organization\"},\"potentialAction\":[{\"@type\":\"SearchAction\",\"target\":{\"@type\":\"EntryPoint\",\"urlTemplate\":\"https:\\\/\\\/www.textilegence.com\\\/en\\\/?s={search_term_string}\"},\"query-input\":{\"@type\":\"PropertyValueSpecification\",\"valueRequired\":true,\"valueName\":\"search_term_string\"}}],\"inLanguage\":\"en-US\"},{\"@type\":\"Organization\",\"@id\":\"https:\\\/\\\/www.textilegence.com\\\/en\\\/#organization\",\"name\":\"Textilegence Magazine and Digital Platform\",\"url\":\"https:\\\/\\\/www.textilegence.com\\\/en\\\/\",\"logo\":{\"@type\":\"ImageObject\",\"inLanguage\":\"en-US\",\"@id\":\"https:\\\/\\\/www.textilegence.com\\\/en\\\/#\\\/schema\\\/logo\\\/image\\\/\",\"url\":\"https:\\\/\\\/www.textilegence.com\\\/wp-content\\\/uploads\\\/2016\\\/11\\\/New_Retina_Logo_Textilegence.png\",\"contentUrl\":\"https:\\\/\\\/www.textilegence.com\\\/wp-content\\\/uploads\\\/2016\\\/11\\\/New_Retina_Logo_Textilegence.png\",\"width\":544,\"height\":180,\"caption\":\"Textilegence Magazine and Digital Platform\"},\"image\":{\"@id\":\"https:\\\/\\\/www.textilegence.com\\\/en\\\/#\\\/schema\\\/logo\\\/image\\\/\"},\"sameAs\":[\"https:\\\/\\\/www.facebook.com\\\/TextilegenceMagazine\",\"https:\\\/\\\/x.com\\\/textilegence\",\"https:\\\/\\\/www.instagram.com\\\/textilegence\\\/\",\"https:\\\/\\\/www.linkedin.com\\\/groups\\\/Textilegence-Magazine-Digital-Platform-4897253\",\"https:\\\/\\\/www.youtube.com\\\/user\\\/textilegence\"],\"description\":\"Textilegence is a magazine and digital platform established in 2013. It focuses on the textile industry and sub-segments. The platform provides news, articles, and updates on various aspects of the textile industry, including sustainability, technological advancements, and market trends.\",\"email\":\"editor@textilegence.com\",\"telephone\":\"+90 212 442 24 12\",\"legalName\":\"Textilegence Mag and Digital Platform\",\"foundingDate\":\"2013-01-01\",\"numberOfEmployees\":{\"@type\":\"QuantitativeValue\",\"minValue\":\"1\",\"maxValue\":\"10\"}},{\"@type\":\"Person\",\"@id\":\"https:\\\/\\\/www.textilegence.com\\\/en\\\/#\\\/schema\\\/person\\\/8dbf2ab62ffdf644153f8c0f9c991f78\",\"name\":\"Emirhan \u00c7ilo\u011flu\",\"image\":{\"@type\":\"ImageObject\",\"inLanguage\":\"en-US\",\"@id\":\"https:\\\/\\\/www.textilegence.com\\\/wp-content\\\/uploads\\\/2021\\\/12\\\/emirhan.jpg\",\"url\":\"https:\\\/\\\/www.textilegence.com\\\/wp-content\\\/uploads\\\/2021\\\/12\\\/emirhan.jpg\",\"contentUrl\":\"https:\\\/\\\/www.textilegence.com\\\/wp-content\\\/uploads\\\/2021\\\/12\\\/emirhan.jpg\",\"caption\":\"Emirhan \u00c7ilo\u011flu\"},\"description\":\"Mahmut Emirhan \u00c7ilo\u011flu, \u0130stanbul\u2019da H\u00fcsn\u00fc M. \u00d6zye\u011fin Anadolu Lisesi\u2019nde lise e\u011fitimini tamamlam\u0131\u015f, sonras\u0131nda da \u0130stanbul \u00dcniversitesi\u2019nde Amerikan K\u00fclt\u00fcr\u00fc ve Edebiyat\u0131 lisans b\u00f6l\u00fcm\u00fcnden ba\u015far\u0131yla mezun olmu\u015ftur. 2021 itibari ile Textilegence\u2019da pazarlama ve d\u0131\u015f ili\u015fkiler sorumlusu olarak g\u00f6rev almaya ba\u015flayan \u00c7ilo\u011flu, kurumsal ileti\u015fimin g\u00fc\u00e7lendirilmesine katk\u0131 sa\u011flamaktad\u0131r.\",\"sameAs\":[\"https:\\\/\\\/www.textilegence.com\",\"https:\\\/\\\/www.facebook.com\\\/TextilegenceMagazine\",\"https:\\\/\\\/www.instagram.com\\\/textilegence\\\/\",\"https:\\\/\\\/www.linkedin.com\\\/in\\\/emre-yoleri-26151940\\\/\",\"https:\\\/\\\/x.com\\\/https:\\\/\\\/twitter.com\\\/textilegence\"],\"url\":\"https:\\\/\\\/www.textilegence.com\\\/en\\\/author\\\/emirhan-ciloglu\\\/\"}]}<\/script>\n<!-- \/ Yoast SEO Premium plugin. -->","yoast_head_json":{"title":"Zorlu Tekstil at Heimtextil with Valeron and Ta\u00e7 brands - Textilegence","description":"The company presented the innovative technical yarns of Korteks as well as innovative 2020 collections of TA\u00c7 and Valeron brands at Heimtextil Frankfurt...","robots":{"index":"index","follow":"follow","max-snippet":"max-snippet:-1","max-image-preview":"max-image-preview:large","max-video-preview":"max-video-preview:-1"},"canonical":"https:\/\/www.textilegence.com\/en\/zorlu-tekstil-heimtextil-valeron-tac\/","og_locale":"en_US","og_type":"article","og_title":"Zorlu Tekstil exhibited 2020 collections at Heimtextil","og_description":"Turkey's leading home textile manufacturer Zorlu Tekstil participated in Heimtextil, January 7-10 with innovative products and solutions put forward with","og_url":"https:\/\/www.textilegence.com\/en\/zorlu-tekstil-heimtextil-valeron-tac\/","og_site_name":"Textilegence Magazine and Digital Platform","article_publisher":"https:\/\/www.facebook.com\/TextilegenceMagazine","article_author":"https:\/\/www.facebook.com\/TextilegenceMagazine","article_published_time":"2020-01-30T06:34:21+00:00","article_modified_time":"2020-02-11T08:05:36+00:00","og_image":[{"width":696,"height":385,"url":"https:\/\/www.textilegence.com\/wp-content\/uploads\/2020\/01\/zorlu-textilegence.jpg","type":"image\/jpeg"}],"author":"Emirhan \u00c7ilo\u011flu","twitter_card":"summary_large_image","twitter_creator":"@https:\/\/twitter.com\/textilegence","twitter_site":"@textilegence","twitter_misc":{"Written by":"Emirhan \u00c7ilo\u011flu","Est. reading time":"2 minutes"},"schema":{"@context":"https:\/\/schema.org","@graph":[{"@type":"NewsArticle","@id":"https:\/\/www.textilegence.com\/en\/zorlu-tekstil-heimtextil-valeron-tac\/#article","isPartOf":{"@id":"https:\/\/www.textilegence.com\/en\/zorlu-tekstil-heimtextil-valeron-tac\/"},"author":{"name":"Emirhan \u00c7ilo\u011flu","@id":"https:\/\/www.textilegence.com\/en\/#\/schema\/person\/8dbf2ab62ffdf644153f8c0f9c991f78"},"headline":"Zorlu Tekstil exhibited 2020 collections at Heimtextil","datePublished":"2020-01-30T06:34:21+00:00","dateModified":"2020-02-11T08:05:36+00:00","mainEntityOfPage":{"@id":"https:\/\/www.textilegence.com\/en\/zorlu-tekstil-heimtextil-valeron-tac\/"},"wordCount":359,"commentCount":0,"publisher":{"@id":"https:\/\/www.textilegence.com\/en\/#organization"},"image":{"@id":"https:\/\/www.textilegence.com\/en\/zorlu-tekstil-heimtextil-valeron-tac\/#primaryimage"},"thumbnailUrl":"https:\/\/www.textilegence.com\/wp-content\/uploads\/2020\/01\/zorlu-textilegence.jpg","keywords":["zorlu tekstil"],"articleSection":["Topical"],"inLanguage":"en-US","potentialAction":[{"@type":"CommentAction","name":"Comment","target":["https:\/\/www.textilegence.com\/en\/zorlu-tekstil-heimtextil-valeron-tac\/#respond"]}]},{"@type":"WebPage","@id":"https:\/\/www.textilegence.com\/en\/zorlu-tekstil-heimtextil-valeron-tac\/","url":"https:\/\/www.textilegence.com\/en\/zorlu-tekstil-heimtextil-valeron-tac\/","name":"Zorlu Tekstil at Heimtextil with Valeron and Ta\u00e7 brands - Textilegence","isPartOf":{"@id":"https:\/\/www.textilegence.com\/en\/#website"},"primaryImageOfPage":{"@id":"https:\/\/www.textilegence.com\/en\/zorlu-tekstil-heimtextil-valeron-tac\/#primaryimage"},"image":{"@id":"https:\/\/www.textilegence.com\/en\/zorlu-tekstil-heimtextil-valeron-tac\/#primaryimage"},"thumbnailUrl":"https:\/\/www.textilegence.com\/wp-content\/uploads\/2020\/01\/zorlu-textilegence.jpg","datePublished":"2020-01-30T06:34:21+00:00","dateModified":"2020-02-11T08:05:36+00:00","description":"The company presented the innovative technical yarns of Korteks as well as innovative 2020 collections of TA\u00c7 and Valeron brands at Heimtextil Frankfurt...","breadcrumb":{"@id":"https:\/\/www.textilegence.com\/en\/zorlu-tekstil-heimtextil-valeron-tac\/#breadcrumb"},"inLanguage":"en-US","potentialAction":[{"@type":"ReadAction","target":["https:\/\/www.textilegence.com\/en\/zorlu-tekstil-heimtextil-valeron-tac\/"]}]},{"@type":"ImageObject","inLanguage":"en-US","@id":"https:\/\/www.textilegence.com\/en\/zorlu-tekstil-heimtextil-valeron-tac\/#primaryimage","url":"https:\/\/www.textilegence.com\/wp-content\/uploads\/2020\/01\/zorlu-textilegence.jpg","contentUrl":"https:\/\/www.textilegence.com\/wp-content\/uploads\/2020\/01\/zorlu-textilegence.jpg","width":696,"height":385},{"@type":"BreadcrumbList","@id":"https:\/\/www.textilegence.com\/en\/zorlu-tekstil-heimtextil-valeron-tac\/#breadcrumb","itemListElement":[{"@type":"ListItem","position":1,"name":"Home Page","item":"https:\/\/www.textilegence.com\/en\/homepage-the-rimont\/"},{"@type":"ListItem","position":2,"name":"Topical","item":"https:\/\/www.textilegence.com\/en\/category\/topical\/"},{"@type":"ListItem","position":3,"name":"Zorlu Tekstil exhibited 2020 collections at Heimtextil"}]},{"@type":"WebSite","@id":"https:\/\/www.textilegence.com\/en\/#website","url":"https:\/\/www.textilegence.com\/en\/","name":"Textilegence Magazine and Digital Platform","description":"Textile News Center","publisher":{"@id":"https:\/\/www.textilegence.com\/en\/#organization"},"potentialAction":[{"@type":"SearchAction","target":{"@type":"EntryPoint","urlTemplate":"https:\/\/www.textilegence.com\/en\/?s={search_term_string}"},"query-input":{"@type":"PropertyValueSpecification","valueRequired":true,"valueName":"search_term_string"}}],"inLanguage":"en-US"},{"@type":"Organization","@id":"https:\/\/www.textilegence.com\/en\/#organization","name":"Textilegence Magazine and Digital Platform","url":"https:\/\/www.textilegence.com\/en\/","logo":{"@type":"ImageObject","inLanguage":"en-US","@id":"https:\/\/www.textilegence.com\/en\/#\/schema\/logo\/image\/","url":"https:\/\/www.textilegence.com\/wp-content\/uploads\/2016\/11\/New_Retina_Logo_Textilegence.png","contentUrl":"https:\/\/www.textilegence.com\/wp-content\/uploads\/2016\/11\/New_Retina_Logo_Textilegence.png","width":544,"height":180,"caption":"Textilegence Magazine and Digital Platform"},"image":{"@id":"https:\/\/www.textilegence.com\/en\/#\/schema\/logo\/image\/"},"sameAs":["https:\/\/www.facebook.com\/TextilegenceMagazine","https:\/\/x.com\/textilegence","https:\/\/www.instagram.com\/textilegence\/","https:\/\/www.linkedin.com\/groups\/Textilegence-Magazine-Digital-Platform-4897253","https:\/\/www.youtube.com\/user\/textilegence"],"description":"Textilegence is a magazine and digital platform established in 2013. It focuses on the textile industry and sub-segments. The platform provides news, articles, and updates on various aspects of the textile industry, including sustainability, technological advancements, and market trends.","email":"editor@textilegence.com","telephone":"+90 212 442 24 12","legalName":"Textilegence Mag and Digital Platform","foundingDate":"2013-01-01","numberOfEmployees":{"@type":"QuantitativeValue","minValue":"1","maxValue":"10"}},{"@type":"Person","@id":"https:\/\/www.textilegence.com\/en\/#\/schema\/person\/8dbf2ab62ffdf644153f8c0f9c991f78","name":"Emirhan \u00c7ilo\u011flu","image":{"@type":"ImageObject","inLanguage":"en-US","@id":"https:\/\/www.textilegence.com\/wp-content\/uploads\/2021\/12\/emirhan.jpg","url":"https:\/\/www.textilegence.com\/wp-content\/uploads\/2021\/12\/emirhan.jpg","contentUrl":"https:\/\/www.textilegence.com\/wp-content\/uploads\/2021\/12\/emirhan.jpg","caption":"Emirhan \u00c7ilo\u011flu"},"description":"Mahmut Emirhan \u00c7ilo\u011flu, \u0130stanbul\u2019da H\u00fcsn\u00fc M. \u00d6zye\u011fin Anadolu Lisesi\u2019nde lise e\u011fitimini tamamlam\u0131\u015f, sonras\u0131nda da \u0130stanbul \u00dcniversitesi\u2019nde Amerikan K\u00fclt\u00fcr\u00fc ve Edebiyat\u0131 lisans b\u00f6l\u00fcm\u00fcnden ba\u015far\u0131yla mezun olmu\u015ftur. 2021 itibari ile Textilegence\u2019da pazarlama ve d\u0131\u015f ili\u015fkiler sorumlusu olarak g\u00f6rev almaya ba\u015flayan \u00c7ilo\u011flu, kurumsal ileti\u015fimin g\u00fc\u00e7lendirilmesine katk\u0131 sa\u011flamaktad\u0131r.","sameAs":["https:\/\/www.textilegence.com","https:\/\/www.facebook.com\/TextilegenceMagazine","https:\/\/www.instagram.com\/textilegence\/","https:\/\/www.linkedin.com\/in\/emre-yoleri-26151940\/","https:\/\/x.com\/https:\/\/twitter.com\/textilegence"],"url":"https:\/\/www.textilegence.com\/en\/author\/emirhan-ciloglu\/"}]}},"_links":{"self":[{"href":"https:\/\/www.textilegence.com\/en\/wp-json\/wp\/v2\/posts\/34470","targetHints":{"allow":["GET"]}}],"collection":[{"href":"https:\/\/www.textilegence.com\/en\/wp-json\/wp\/v2\/posts"}],"about":[{"href":"https:\/\/www.textilegence.com\/en\/wp-json\/wp\/v2\/types\/post"}],"author":[{"embeddable":true,"href":"https:\/\/www.textilegence.com\/en\/wp-json\/wp\/v2\/users\/16"}],"replies":[{"embeddable":true,"href":"https:\/\/www.textilegence.com\/en\/wp-json\/wp\/v2\/comments?post=34470"}],"version-history":[{"count":0,"href":"https:\/\/www.textilegence.com\/en\/wp-json\/wp\/v2\/posts\/34470\/revisions"}],"wp:featuredmedia":[{"embeddable":true,"href":"https:\/\/www.textilegence.com\/en\/wp-json\/wp\/v2\/media\/34466"}],"wp:attachment":[{"href":"https:\/\/www.textilegence.com\/en\/wp-json\/wp\/v2\/media?parent=34470"}],"wp:term":[{"taxonomy":"category","embeddable":true,"href":"https:\/\/www.textilegence.com\/en\/wp-json\/wp\/v2\/categories?post=34470"},{"taxonomy":"post_tag","embeddable":true,"href":"https:\/\/www.textilegence.com\/en\/wp-json\/wp\/v2\/tags?post=34470"}],"curies":[{"name":"wp","href":"https:\/\/api.w.org\/{rel}","templated":true}]}}