{"id":36844,"date":"2020-04-30T10:13:18","date_gmt":"2020-04-30T07:13:18","guid":{"rendered":"http:\/\/www.textilegence.com\/?p=36844"},"modified":"2020-04-30T10:14:39","modified_gmt":"2020-04-30T07:14:39","slug":"lenzing-and-palmers-join-forces-to-fight-coronavirus","status":"publish","type":"post","link":"https:\/\/www.textilegence.com\/en\/lenzing-and-palmers-join-forces-to-fight-coronavirus\/","title":{"rendered":"Lenzing and Palmers join forces to fight coronavirus"},"content":{"rendered":"<p style=\"text-align: justify;\">Lenzing AG, cellulosic fiber producer and Palmers <a href=\"https:\/\/www.palmers-shop.com\/impressum\" target=\"_blank\" rel=\"noopener noreferrer\">Textil<\/a> AG, one of the biggest textile producers in Austria, launched a new cooperation in the fight against coronavirus (Covid-19). Hygiene Austria LP GmbH was founded with the partnership of <a href=\"https:\/\/www.lenzing.com\/de\/\" target=\"_blank\" rel=\"noopener noreferrer\">Lenzing<\/a> AG 50.1% and Palmers Textil AG 49.9%. The newly established company will begin to produce and sell protective masks for both the Austrian and European markets from May 2020.<\/p>\n<p style=\"text-align: justify;\">Over the past few weeks, Lenzing AG and Palmers Textil AG have invested several million euros in a modern production infrastructure at the Wiener Neudorf location and secured the corresponding raw <a href=\"https:\/\/www.textilegence.com\/en\/category\/spinning\/\" target=\"_blank\" rel=\"noopener noreferrer\">materials<\/a> for protective masks production. In a first step, the company produces so-called mouth-nose protective masks (MNS) and surgical protective masks of class EN14683. Hygiene Austria LP GmbH plans to increase its capacities to over 25 million masks per month over the next few weeks and to expand this business geographically as well.<\/p>\n<p style=\"text-align: justify;\">The demand for high-quality MNS and respiratory masks for medical personnel is increasing rapidly, and there is real competition on the international market for these products. In order to sustainably secure domestic supply now and in the future and to strengthen the business location, the two companies Lenzing AG and Palmers Textil AG have now set a milestone with their own competence center for hygiene based in Austria. Hygiene Austria LP GmbH thus makes a significant contribution to combating the Covid-19 pandemic and ensures the long-term supply of these critical goods in Austria in high quality.<\/p>\n<p style=\"text-align: justify;\">Stefan Doboczky, CEO of Lenzing AG. said; \u201cWe decided to pool our knowledge, network and experience in a competence center for hygiene together with our partner Palmers. The aim of this joint venture is; to provide the citizens of Austria and Europe with the best possible protection through locally manufactured, high-quality products. Masks will continue to play an important role in our daily lives; and we are proud that we were able to achieve our goal of an industrial production so quickly; together with our partner Palmers\u201d.<\/p>\n<figure id=\"attachment_36842\" aria-describedby=\"caption-attachment-36842\" style=\"width: 1200px\" class=\"wp-caption aligncenter\"><img loading=\"lazy\" decoding=\"async\" class=\"wp-image-36842 size-full\" src=\"https:\/\/www.textilegence.com\/wp-content\/uploads\/2020\/04\/lenzing-detail.jpg\" alt=\"Lenzing and Palmers join forces to fight coronavirus\" width=\"1200\" height=\"675\" srcset=\"https:\/\/www.textilegence.com\/wp-content\/uploads\/2020\/04\/lenzing-detail.jpg 1200w, https:\/\/www.textilegence.com\/wp-content\/uploads\/2020\/04\/lenzing-detail-768x432.jpg 768w, https:\/\/www.textilegence.com\/wp-content\/uploads\/2020\/04\/lenzing-detail-696x392.jpg 696w, https:\/\/www.textilegence.com\/wp-content\/uploads\/2020\/04\/lenzing-detail-1068x601.jpg 1068w\" sizes=\"auto, (max-width: 1200px) 100vw, 1200px\" \/><figcaption id=\"caption-attachment-36842\" class=\"wp-caption-text\">Lenzing and Palmers join forces to fight coronavirus<\/figcaption><\/figure>\n<h2 style=\"text-align: justify;\"><strong>Palmers is pleased with the Lenzing partnership<\/strong><\/h2>\n<p style=\"text-align: justify;\">Palmers Textil AG and Lenzing AG complement each other perfectly. Luca Wieser, member of the Board of Palmers said about this; \u201cWe have many years of experience in the manufacture and distribution of textile products. Lenzing brings its technological experience in the hygiene sector; the know-how regarding procurement and raw material and knowledge in the field of plant engineering\u201d.<\/p>\n<p style=\"text-align: justify;\">Meanwhile Tino Wieser, member of the Board of Palmers said; \u201cWe are not only connected by textile experience and \u201cmade in Austria\u201d; but also by the will to act quickly now and to do something for the protection of citizens; we see this as our duty to society. We are entrepreneurs and we are proud of our country\u201d.<\/p>\n<p style=\"text-align: justify;\">In a statement made by Palmers Board Member Matvei Hutman; he especially thanked the dedication of employees for Hygiene Austria to start production on time.<\/p>\n<p style=\"text-align: justify;\">This project is also supported by Lenzing&#8217;s main shareholder, B&amp;C Industrieholding and the Supervisory Board.<\/p>\n","protected":false},"excerpt":{"rendered":"<p>Lenzing AG, cellulosic fiber producer and Palmers Textil AG, one of the biggest textile producers in Austria, launched a new cooperation in the fight against coronavirus (Covid-19). Hygiene Austria LP GmbH was founded with the partnership of Lenzing AG 50.1% and Palmers Textil AG 49.9%. The newly established company will begin to produce and sell [&hellip;]<\/p>\n","protected":false},"author":8,"featured_media":36840,"comment_status":"open","ping_status":"closed","sticky":false,"template":"","format":"standard","meta":{"footnotes":""},"categories":[9857],"tags":[12477,12518,10182],"class_list":{"0":"post-36844","1":"post","2":"type-post","3":"status-publish","4":"format-standard","5":"has-post-thumbnail","7":"category-spinning","8":"tag-covid-19-en","9":"tag-palmers","10":"tag-spinning"},"yoast_head":"<!-- This site is optimized with the Yoast SEO Premium plugin v27.3 (Yoast SEO v27.3) - https:\/\/yoast.com\/product\/yoast-seo-premium-wordpress\/ -->\n<title>Lenzing and Palmers join forces to fight coronavirus - Textilegence<\/title>\n<meta name=\"description\" content=\"Lenzing AG, cellulosic fiber producer and Palmers Textil AG, one of the biggest textile producers in Austria, launched a new cooperation in the fight...\" \/>\n<meta name=\"robots\" content=\"index, follow, max-snippet:-1, max-image-preview:large, max-video-preview:-1\" \/>\n<link rel=\"canonical\" href=\"https:\/\/www.textilegence.com\/en\/lenzing-and-palmers-join-forces-to-fight-coronavirus\/\" \/>\n<meta property=\"og:locale\" content=\"en_US\" \/>\n<meta property=\"og:type\" content=\"article\" \/>\n<meta property=\"og:title\" content=\"Lenzing and Palmers join forces to fight coronavirus\" \/>\n<meta property=\"og:description\" content=\"Lenzing AG, cellulosic fiber producer and Palmers Textil AG, one of the biggest textile producers in Austria, launched a new cooperation in the fight\" \/>\n<meta property=\"og:url\" content=\"https:\/\/www.textilegence.com\/en\/lenzing-and-palmers-join-forces-to-fight-coronavirus\/\" \/>\n<meta property=\"og:site_name\" content=\"Textilegence Magazine and Digital Platform\" \/>\n<meta property=\"article:publisher\" content=\"https:\/\/www.facebook.com\/TextilegenceMagazine\" \/>\n<meta property=\"article:author\" content=\"https:\/\/www.facebook.com\/TextilegenceMagazine\" \/>\n<meta property=\"article:published_time\" content=\"2020-04-30T07:13:18+00:00\" \/>\n<meta property=\"article:modified_time\" content=\"2020-04-30T07:14:39+00:00\" \/>\n<meta property=\"og:image\" content=\"https:\/\/www.textilegence.com\/wp-content\/uploads\/2020\/04\/lenzing-textilegence.jpg\" \/>\n\t<meta property=\"og:image:width\" content=\"1200\" \/>\n\t<meta property=\"og:image:height\" content=\"675\" \/>\n\t<meta property=\"og:image:type\" content=\"image\/jpeg\" \/>\n<meta name=\"author\" content=\"Fatih Cengiarslan\" \/>\n<meta name=\"twitter:card\" content=\"summary_large_image\" \/>\n<meta name=\"twitter:creator\" content=\"@https:\/\/twitter.com\/textilegence\" \/>\n<meta name=\"twitter:site\" content=\"@textilegence\" \/>\n<meta name=\"twitter:label1\" content=\"Written by\" \/>\n\t<meta name=\"twitter:data1\" content=\"Fatih Cengiarslan\" \/>\n\t<meta name=\"twitter:label2\" content=\"Est. reading time\" \/>\n\t<meta name=\"twitter:data2\" content=\"3 minutes\" \/>\n<script type=\"application\/ld+json\" class=\"yoast-schema-graph\">{\"@context\":\"https:\\\/\\\/schema.org\",\"@graph\":[{\"@type\":\"NewsArticle\",\"@id\":\"https:\\\/\\\/www.textilegence.com\\\/en\\\/lenzing-and-palmers-join-forces-to-fight-coronavirus\\\/#article\",\"isPartOf\":{\"@id\":\"https:\\\/\\\/www.textilegence.com\\\/en\\\/lenzing-and-palmers-join-forces-to-fight-coronavirus\\\/\"},\"author\":{\"name\":\"Fatih Cengiarslan\",\"@id\":\"https:\\\/\\\/www.textilegence.com\\\/en\\\/#\\\/schema\\\/person\\\/1c3977109f8a6e1e2b95678836d75cb7\"},\"headline\":\"Lenzing and Palmers join forces to fight coronavirus\",\"datePublished\":\"2020-04-30T07:13:18+00:00\",\"dateModified\":\"2020-04-30T07:14:39+00:00\",\"mainEntityOfPage\":{\"@id\":\"https:\\\/\\\/www.textilegence.com\\\/en\\\/lenzing-and-palmers-join-forces-to-fight-coronavirus\\\/\"},\"wordCount\":520,\"commentCount\":0,\"publisher\":{\"@id\":\"https:\\\/\\\/www.textilegence.com\\\/en\\\/#organization\"},\"image\":{\"@id\":\"https:\\\/\\\/www.textilegence.com\\\/en\\\/lenzing-and-palmers-join-forces-to-fight-coronavirus\\\/#primaryimage\"},\"thumbnailUrl\":\"https:\\\/\\\/www.textilegence.com\\\/wp-content\\\/uploads\\\/2020\\\/04\\\/lenzing-textilegence.jpg\",\"keywords\":[\"covid-19\",\"palmers\",\"spinning\"],\"articleSection\":[\"Spinning\"],\"inLanguage\":\"en-US\",\"potentialAction\":[{\"@type\":\"CommentAction\",\"name\":\"Comment\",\"target\":[\"https:\\\/\\\/www.textilegence.com\\\/en\\\/lenzing-and-palmers-join-forces-to-fight-coronavirus\\\/#respond\"]}]},{\"@type\":\"WebPage\",\"@id\":\"https:\\\/\\\/www.textilegence.com\\\/en\\\/lenzing-and-palmers-join-forces-to-fight-coronavirus\\\/\",\"url\":\"https:\\\/\\\/www.textilegence.com\\\/en\\\/lenzing-and-palmers-join-forces-to-fight-coronavirus\\\/\",\"name\":\"Lenzing and Palmers join forces to fight coronavirus - Textilegence\",\"isPartOf\":{\"@id\":\"https:\\\/\\\/www.textilegence.com\\\/en\\\/#website\"},\"primaryImageOfPage\":{\"@id\":\"https:\\\/\\\/www.textilegence.com\\\/en\\\/lenzing-and-palmers-join-forces-to-fight-coronavirus\\\/#primaryimage\"},\"image\":{\"@id\":\"https:\\\/\\\/www.textilegence.com\\\/en\\\/lenzing-and-palmers-join-forces-to-fight-coronavirus\\\/#primaryimage\"},\"thumbnailUrl\":\"https:\\\/\\\/www.textilegence.com\\\/wp-content\\\/uploads\\\/2020\\\/04\\\/lenzing-textilegence.jpg\",\"datePublished\":\"2020-04-30T07:13:18+00:00\",\"dateModified\":\"2020-04-30T07:14:39+00:00\",\"description\":\"Lenzing AG, cellulosic fiber producer and Palmers Textil AG, one of the biggest textile producers in Austria, launched a new cooperation in the fight...\",\"breadcrumb\":{\"@id\":\"https:\\\/\\\/www.textilegence.com\\\/en\\\/lenzing-and-palmers-join-forces-to-fight-coronavirus\\\/#breadcrumb\"},\"inLanguage\":\"en-US\",\"potentialAction\":[{\"@type\":\"ReadAction\",\"target\":[\"https:\\\/\\\/www.textilegence.com\\\/en\\\/lenzing-and-palmers-join-forces-to-fight-coronavirus\\\/\"]}]},{\"@type\":\"ImageObject\",\"inLanguage\":\"en-US\",\"@id\":\"https:\\\/\\\/www.textilegence.com\\\/en\\\/lenzing-and-palmers-join-forces-to-fight-coronavirus\\\/#primaryimage\",\"url\":\"https:\\\/\\\/www.textilegence.com\\\/wp-content\\\/uploads\\\/2020\\\/04\\\/lenzing-textilegence.jpg\",\"contentUrl\":\"https:\\\/\\\/www.textilegence.com\\\/wp-content\\\/uploads\\\/2020\\\/04\\\/lenzing-textilegence.jpg\",\"width\":1200,\"height\":675},{\"@type\":\"BreadcrumbList\",\"@id\":\"https:\\\/\\\/www.textilegence.com\\\/en\\\/lenzing-and-palmers-join-forces-to-fight-coronavirus\\\/#breadcrumb\",\"itemListElement\":[{\"@type\":\"ListItem\",\"position\":1,\"name\":\"Home Page\",\"item\":\"https:\\\/\\\/www.textilegence.com\\\/en\\\/homepage-the-rimont\\\/\"},{\"@type\":\"ListItem\",\"position\":2,\"name\":\"Spinning\",\"item\":\"https:\\\/\\\/www.textilegence.com\\\/en\\\/category\\\/spinning\\\/\"},{\"@type\":\"ListItem\",\"position\":3,\"name\":\"Lenzing and Palmers join forces to fight coronavirus\"}]},{\"@type\":\"WebSite\",\"@id\":\"https:\\\/\\\/www.textilegence.com\\\/en\\\/#website\",\"url\":\"https:\\\/\\\/www.textilegence.com\\\/en\\\/\",\"name\":\"Textilegence Magazine and Digital Platform\",\"description\":\"Textile News Center\",\"publisher\":{\"@id\":\"https:\\\/\\\/www.textilegence.com\\\/en\\\/#organization\"},\"potentialAction\":[{\"@type\":\"SearchAction\",\"target\":{\"@type\":\"EntryPoint\",\"urlTemplate\":\"https:\\\/\\\/www.textilegence.com\\\/en\\\/?s={search_term_string}\"},\"query-input\":{\"@type\":\"PropertyValueSpecification\",\"valueRequired\":true,\"valueName\":\"search_term_string\"}}],\"inLanguage\":\"en-US\"},{\"@type\":\"Organization\",\"@id\":\"https:\\\/\\\/www.textilegence.com\\\/en\\\/#organization\",\"name\":\"Textilegence Magazine and Digital Platform\",\"url\":\"https:\\\/\\\/www.textilegence.com\\\/en\\\/\",\"logo\":{\"@type\":\"ImageObject\",\"inLanguage\":\"en-US\",\"@id\":\"https:\\\/\\\/www.textilegence.com\\\/en\\\/#\\\/schema\\\/logo\\\/image\\\/\",\"url\":\"https:\\\/\\\/www.textilegence.com\\\/wp-content\\\/uploads\\\/2016\\\/11\\\/New_Retina_Logo_Textilegence.png\",\"contentUrl\":\"https:\\\/\\\/www.textilegence.com\\\/wp-content\\\/uploads\\\/2016\\\/11\\\/New_Retina_Logo_Textilegence.png\",\"width\":544,\"height\":180,\"caption\":\"Textilegence Magazine and Digital Platform\"},\"image\":{\"@id\":\"https:\\\/\\\/www.textilegence.com\\\/en\\\/#\\\/schema\\\/logo\\\/image\\\/\"},\"sameAs\":[\"https:\\\/\\\/www.facebook.com\\\/TextilegenceMagazine\",\"https:\\\/\\\/x.com\\\/textilegence\",\"https:\\\/\\\/www.instagram.com\\\/textilegence\\\/\",\"https:\\\/\\\/www.linkedin.com\\\/groups\\\/Textilegence-Magazine-Digital-Platform-4897253\",\"https:\\\/\\\/www.youtube.com\\\/user\\\/textilegence\"],\"description\":\"Textilegence is a magazine and digital platform established in 2013. It focuses on the textile industry and sub-segments. The platform provides news, articles, and updates on various aspects of the textile industry, including sustainability, technological advancements, and market trends.\",\"email\":\"editor@textilegence.com\",\"telephone\":\"+90 212 442 24 12\",\"legalName\":\"Textilegence Mag and Digital Platform\",\"foundingDate\":\"2013-01-01\",\"numberOfEmployees\":{\"@type\":\"QuantitativeValue\",\"minValue\":\"1\",\"maxValue\":\"10\"}},{\"@type\":\"Person\",\"@id\":\"https:\\\/\\\/www.textilegence.com\\\/en\\\/#\\\/schema\\\/person\\\/1c3977109f8a6e1e2b95678836d75cb7\",\"name\":\"Fatih Cengiarslan\",\"image\":{\"@type\":\"ImageObject\",\"inLanguage\":\"en-US\",\"@id\":\"https:\\\/\\\/www.textilegence.com\\\/wp-content\\\/uploads\\\/2018\\\/12\\\/fatih-cengiarslan.jpg\",\"url\":\"https:\\\/\\\/www.textilegence.com\\\/wp-content\\\/uploads\\\/2018\\\/12\\\/fatih-cengiarslan.jpg\",\"contentUrl\":\"https:\\\/\\\/www.textilegence.com\\\/wp-content\\\/uploads\\\/2018\\\/12\\\/fatih-cengiarslan.jpg\",\"caption\":\"Fatih Cengiarslan\"},\"description\":\"Fatih Cengiarslan; Akademik \u0130ngilizce e\u011fitimini Bat\u0131 Avustralya \u00dcniversitesi\u2019nde tamamlad\u0131ktan sonra T\u00fcrkiye\u2019ye d\u00f6nerek \u0130stanbul Ayd\u0131n \u00dcniversitesi\u2019nde \u0130nternet Gazetecili\u011fi ve Yay\u0131nc\u0131l\u0131k b\u00f6l\u00fcm\u00fcn\u00fc bitirip, Litvanya \u2013 Kaunas Teknoloji \u00dcniversitesi\u2019nde interaktif media \u00fczerine 8 ayl\u0131k e\u011fitim ald\u0131. Daha sonra Eski\u015fehir Anadolu \u00dcniversitesi girerek \u0130\u015fletme Fak\u00fcltesini ba\u015far\u0131yla tamamlad\u0131. CNNTURK\u2019 kanal\u0131nda staj\u0131n\u0131 tamamlad\u0131ktan sonra Referans Gazetesi\u2019nde \u00e7al\u0131\u015fmaya ba\u015flad\u0131. 2 y\u0131l sonra Textilegence markas\u0131yla tekstil end\u00fcstrisine y\u00f6nelik kendi medyas\u0131n\u0131 kurdu. \u015eu anda Textilegence.com, Printing3D ve NEFA PR Ajans\u0131\u2019n\u0131n 12 y\u0131ld\u0131r y\u00f6netimini yapmaktad\u0131r.\",\"sameAs\":[\"https:\\\/\\\/www.textilegence.com\",\"https:\\\/\\\/www.facebook.com\\\/TextilegenceMagazine\",\"https:\\\/\\\/www.instagram.com\\\/textilegence\\\/\",\"https:\\\/\\\/www.linkedin.com\\\/in\\\/fatih-cengiarslan-32352265\\\/\",\"https:\\\/\\\/x.com\\\/https:\\\/\\\/twitter.com\\\/textilegence\"],\"url\":\"https:\\\/\\\/www.textilegence.com\\\/en\\\/author\\\/admin\\\/\"}]}<\/script>\n<!-- \/ Yoast SEO Premium plugin. -->","yoast_head_json":{"title":"Lenzing and Palmers join forces to fight coronavirus - Textilegence","description":"Lenzing AG, cellulosic fiber producer and Palmers Textil AG, one of the biggest textile producers in Austria, launched a new cooperation in the fight...","robots":{"index":"index","follow":"follow","max-snippet":"max-snippet:-1","max-image-preview":"max-image-preview:large","max-video-preview":"max-video-preview:-1"},"canonical":"https:\/\/www.textilegence.com\/en\/lenzing-and-palmers-join-forces-to-fight-coronavirus\/","og_locale":"en_US","og_type":"article","og_title":"Lenzing and Palmers join forces to fight coronavirus","og_description":"Lenzing AG, cellulosic fiber producer and Palmers Textil AG, one of the biggest textile producers in Austria, launched a new cooperation in the fight","og_url":"https:\/\/www.textilegence.com\/en\/lenzing-and-palmers-join-forces-to-fight-coronavirus\/","og_site_name":"Textilegence Magazine and Digital Platform","article_publisher":"https:\/\/www.facebook.com\/TextilegenceMagazine","article_author":"https:\/\/www.facebook.com\/TextilegenceMagazine","article_published_time":"2020-04-30T07:13:18+00:00","article_modified_time":"2020-04-30T07:14:39+00:00","og_image":[{"width":1200,"height":675,"url":"https:\/\/www.textilegence.com\/wp-content\/uploads\/2020\/04\/lenzing-textilegence.jpg","type":"image\/jpeg"}],"author":"Fatih Cengiarslan","twitter_card":"summary_large_image","twitter_creator":"@https:\/\/twitter.com\/textilegence","twitter_site":"@textilegence","twitter_misc":{"Written by":"Fatih Cengiarslan","Est. reading time":"3 minutes"},"schema":{"@context":"https:\/\/schema.org","@graph":[{"@type":"NewsArticle","@id":"https:\/\/www.textilegence.com\/en\/lenzing-and-palmers-join-forces-to-fight-coronavirus\/#article","isPartOf":{"@id":"https:\/\/www.textilegence.com\/en\/lenzing-and-palmers-join-forces-to-fight-coronavirus\/"},"author":{"name":"Fatih Cengiarslan","@id":"https:\/\/www.textilegence.com\/en\/#\/schema\/person\/1c3977109f8a6e1e2b95678836d75cb7"},"headline":"Lenzing and Palmers join forces to fight coronavirus","datePublished":"2020-04-30T07:13:18+00:00","dateModified":"2020-04-30T07:14:39+00:00","mainEntityOfPage":{"@id":"https:\/\/www.textilegence.com\/en\/lenzing-and-palmers-join-forces-to-fight-coronavirus\/"},"wordCount":520,"commentCount":0,"publisher":{"@id":"https:\/\/www.textilegence.com\/en\/#organization"},"image":{"@id":"https:\/\/www.textilegence.com\/en\/lenzing-and-palmers-join-forces-to-fight-coronavirus\/#primaryimage"},"thumbnailUrl":"https:\/\/www.textilegence.com\/wp-content\/uploads\/2020\/04\/lenzing-textilegence.jpg","keywords":["covid-19","palmers","spinning"],"articleSection":["Spinning"],"inLanguage":"en-US","potentialAction":[{"@type":"CommentAction","name":"Comment","target":["https:\/\/www.textilegence.com\/en\/lenzing-and-palmers-join-forces-to-fight-coronavirus\/#respond"]}]},{"@type":"WebPage","@id":"https:\/\/www.textilegence.com\/en\/lenzing-and-palmers-join-forces-to-fight-coronavirus\/","url":"https:\/\/www.textilegence.com\/en\/lenzing-and-palmers-join-forces-to-fight-coronavirus\/","name":"Lenzing and Palmers join forces to fight coronavirus - Textilegence","isPartOf":{"@id":"https:\/\/www.textilegence.com\/en\/#website"},"primaryImageOfPage":{"@id":"https:\/\/www.textilegence.com\/en\/lenzing-and-palmers-join-forces-to-fight-coronavirus\/#primaryimage"},"image":{"@id":"https:\/\/www.textilegence.com\/en\/lenzing-and-palmers-join-forces-to-fight-coronavirus\/#primaryimage"},"thumbnailUrl":"https:\/\/www.textilegence.com\/wp-content\/uploads\/2020\/04\/lenzing-textilegence.jpg","datePublished":"2020-04-30T07:13:18+00:00","dateModified":"2020-04-30T07:14:39+00:00","description":"Lenzing AG, cellulosic fiber producer and Palmers Textil AG, one of the biggest textile producers in Austria, launched a new cooperation in the fight...","breadcrumb":{"@id":"https:\/\/www.textilegence.com\/en\/lenzing-and-palmers-join-forces-to-fight-coronavirus\/#breadcrumb"},"inLanguage":"en-US","potentialAction":[{"@type":"ReadAction","target":["https:\/\/www.textilegence.com\/en\/lenzing-and-palmers-join-forces-to-fight-coronavirus\/"]}]},{"@type":"ImageObject","inLanguage":"en-US","@id":"https:\/\/www.textilegence.com\/en\/lenzing-and-palmers-join-forces-to-fight-coronavirus\/#primaryimage","url":"https:\/\/www.textilegence.com\/wp-content\/uploads\/2020\/04\/lenzing-textilegence.jpg","contentUrl":"https:\/\/www.textilegence.com\/wp-content\/uploads\/2020\/04\/lenzing-textilegence.jpg","width":1200,"height":675},{"@type":"BreadcrumbList","@id":"https:\/\/www.textilegence.com\/en\/lenzing-and-palmers-join-forces-to-fight-coronavirus\/#breadcrumb","itemListElement":[{"@type":"ListItem","position":1,"name":"Home Page","item":"https:\/\/www.textilegence.com\/en\/homepage-the-rimont\/"},{"@type":"ListItem","position":2,"name":"Spinning","item":"https:\/\/www.textilegence.com\/en\/category\/spinning\/"},{"@type":"ListItem","position":3,"name":"Lenzing and Palmers join forces to fight coronavirus"}]},{"@type":"WebSite","@id":"https:\/\/www.textilegence.com\/en\/#website","url":"https:\/\/www.textilegence.com\/en\/","name":"Textilegence Magazine and Digital Platform","description":"Textile News Center","publisher":{"@id":"https:\/\/www.textilegence.com\/en\/#organization"},"potentialAction":[{"@type":"SearchAction","target":{"@type":"EntryPoint","urlTemplate":"https:\/\/www.textilegence.com\/en\/?s={search_term_string}"},"query-input":{"@type":"PropertyValueSpecification","valueRequired":true,"valueName":"search_term_string"}}],"inLanguage":"en-US"},{"@type":"Organization","@id":"https:\/\/www.textilegence.com\/en\/#organization","name":"Textilegence Magazine and Digital Platform","url":"https:\/\/www.textilegence.com\/en\/","logo":{"@type":"ImageObject","inLanguage":"en-US","@id":"https:\/\/www.textilegence.com\/en\/#\/schema\/logo\/image\/","url":"https:\/\/www.textilegence.com\/wp-content\/uploads\/2016\/11\/New_Retina_Logo_Textilegence.png","contentUrl":"https:\/\/www.textilegence.com\/wp-content\/uploads\/2016\/11\/New_Retina_Logo_Textilegence.png","width":544,"height":180,"caption":"Textilegence Magazine and Digital Platform"},"image":{"@id":"https:\/\/www.textilegence.com\/en\/#\/schema\/logo\/image\/"},"sameAs":["https:\/\/www.facebook.com\/TextilegenceMagazine","https:\/\/x.com\/textilegence","https:\/\/www.instagram.com\/textilegence\/","https:\/\/www.linkedin.com\/groups\/Textilegence-Magazine-Digital-Platform-4897253","https:\/\/www.youtube.com\/user\/textilegence"],"description":"Textilegence is a magazine and digital platform established in 2013. It focuses on the textile industry and sub-segments. The platform provides news, articles, and updates on various aspects of the textile industry, including sustainability, technological advancements, and market trends.","email":"editor@textilegence.com","telephone":"+90 212 442 24 12","legalName":"Textilegence Mag and Digital Platform","foundingDate":"2013-01-01","numberOfEmployees":{"@type":"QuantitativeValue","minValue":"1","maxValue":"10"}},{"@type":"Person","@id":"https:\/\/www.textilegence.com\/en\/#\/schema\/person\/1c3977109f8a6e1e2b95678836d75cb7","name":"Fatih Cengiarslan","image":{"@type":"ImageObject","inLanguage":"en-US","@id":"https:\/\/www.textilegence.com\/wp-content\/uploads\/2018\/12\/fatih-cengiarslan.jpg","url":"https:\/\/www.textilegence.com\/wp-content\/uploads\/2018\/12\/fatih-cengiarslan.jpg","contentUrl":"https:\/\/www.textilegence.com\/wp-content\/uploads\/2018\/12\/fatih-cengiarslan.jpg","caption":"Fatih Cengiarslan"},"description":"Fatih Cengiarslan; Akademik \u0130ngilizce e\u011fitimini Bat\u0131 Avustralya \u00dcniversitesi\u2019nde tamamlad\u0131ktan sonra T\u00fcrkiye\u2019ye d\u00f6nerek \u0130stanbul Ayd\u0131n \u00dcniversitesi\u2019nde \u0130nternet Gazetecili\u011fi ve Yay\u0131nc\u0131l\u0131k b\u00f6l\u00fcm\u00fcn\u00fc bitirip, Litvanya \u2013 Kaunas Teknoloji \u00dcniversitesi\u2019nde interaktif media \u00fczerine 8 ayl\u0131k e\u011fitim ald\u0131. Daha sonra Eski\u015fehir Anadolu \u00dcniversitesi girerek \u0130\u015fletme Fak\u00fcltesini ba\u015far\u0131yla tamamlad\u0131. CNNTURK\u2019 kanal\u0131nda staj\u0131n\u0131 tamamlad\u0131ktan sonra Referans Gazetesi\u2019nde \u00e7al\u0131\u015fmaya ba\u015flad\u0131. 2 y\u0131l sonra Textilegence markas\u0131yla tekstil end\u00fcstrisine y\u00f6nelik kendi medyas\u0131n\u0131 kurdu. \u015eu anda Textilegence.com, Printing3D ve NEFA PR Ajans\u0131\u2019n\u0131n 12 y\u0131ld\u0131r y\u00f6netimini yapmaktad\u0131r.","sameAs":["https:\/\/www.textilegence.com","https:\/\/www.facebook.com\/TextilegenceMagazine","https:\/\/www.instagram.com\/textilegence\/","https:\/\/www.linkedin.com\/in\/fatih-cengiarslan-32352265\/","https:\/\/x.com\/https:\/\/twitter.com\/textilegence"],"url":"https:\/\/www.textilegence.com\/en\/author\/admin\/"}]}},"_links":{"self":[{"href":"https:\/\/www.textilegence.com\/en\/wp-json\/wp\/v2\/posts\/36844","targetHints":{"allow":["GET"]}}],"collection":[{"href":"https:\/\/www.textilegence.com\/en\/wp-json\/wp\/v2\/posts"}],"about":[{"href":"https:\/\/www.textilegence.com\/en\/wp-json\/wp\/v2\/types\/post"}],"author":[{"embeddable":true,"href":"https:\/\/www.textilegence.com\/en\/wp-json\/wp\/v2\/users\/8"}],"replies":[{"embeddable":true,"href":"https:\/\/www.textilegence.com\/en\/wp-json\/wp\/v2\/comments?post=36844"}],"version-history":[{"count":0,"href":"https:\/\/www.textilegence.com\/en\/wp-json\/wp\/v2\/posts\/36844\/revisions"}],"wp:featuredmedia":[{"embeddable":true,"href":"https:\/\/www.textilegence.com\/en\/wp-json\/wp\/v2\/media\/36840"}],"wp:attachment":[{"href":"https:\/\/www.textilegence.com\/en\/wp-json\/wp\/v2\/media?parent=36844"}],"wp:term":[{"taxonomy":"category","embeddable":true,"href":"https:\/\/www.textilegence.com\/en\/wp-json\/wp\/v2\/categories?post=36844"},{"taxonomy":"post_tag","embeddable":true,"href":"https:\/\/www.textilegence.com\/en\/wp-json\/wp\/v2\/tags?post=36844"}],"curies":[{"name":"wp","href":"https:\/\/api.w.org\/{rel}","templated":true}]}}