{"id":36971,"date":"2020-05-11T13:26:05","date_gmt":"2020-05-11T10:26:05","guid":{"rendered":"http:\/\/www.textilegence.com\/?p=36971"},"modified":"2020-06-11T12:08:50","modified_gmt":"2020-06-11T09:08:50","slug":"oerlikon-group-announces-first-quarter-figures-of-2020","status":"publish","type":"post","link":"https:\/\/www.textilegence.com\/en\/oerlikon-group-announces-first-quarter-figures-of-2020\/","title":{"rendered":"Oerlikon Group announces first quarter figures of 2020"},"content":{"rendered":"<p style=\"text-align: justify;\">Oerlikon Group has shown a strong stance in global epidemic conditions with orders, sales and production figures for the first quarter of 2020. The <a href=\"https:\/\/www.oerlikon.com\/en\/\" target=\"_blank\" rel=\"noopener noreferrer\">group<\/a> has taken actions against the outbreak to protect employees while maintaining business continuity. As of the first quarter, Oerlikon continued to have a very robust capital structure with a strong cash position and an unlevered balance sheet. An action plan is being executed to preserve cash and reduce costs in all <a href=\"https:\/\/www.textilegence.com\/en\/oerlikon\/\" target=\"_blank\" rel=\"noopener noreferrer\">businesses<\/a>.<\/p>\n<p style=\"text-align: justify;\">The Group\u2019s Q1 order intake, sales and EBITDA were negatively impacted by the COVID-19 pandemic due to the extended shutdowns in China and the beginning of lockdowns in Europe. In this highly challenging environment, Group orders for the first quarter decreased by 29.9% to CHF 477 million, particularly in Asia and Europe. Group sales were 15.2% lower at CHF 529 million, attributed to lower sales across all regions and adverse currency movements. At constant exchange rates, Group sales were CHF 558 million.<\/p>\n<p style=\"text-align: justify;\">Group EBITDA was at CHF 58 million, corresponding to a margin of 11.0%. EBIT for Q1 2020 was at CHF 6 million, or 1.1% of sales. The first-quarter performance resulted in a rolling 12-month Oerlikon Group ROCE of 5.4%. In the first quarter of 2020, Oerlikon generated 42.0% of total Group sales (Q1 2019: 40.4%) from services.<\/p>\n<h2 style=\"text-align: justify;\"><strong>Oerlikon Group implements proactive action plan<\/strong><\/h2>\n<p style=\"text-align: justify;\">In February, Oerlikon proactively started implementing an action plan to mitigate the impact of the pandemic. The action plan focuses on preserving the liquidity of the company, while ensuring that its businesses continue to operate and customers\u2019 needs are met. Oerlikon has reinforced its strong cash position by proactively drawing down its revolving credit facilities. As of March 31, 2020, the Group has a cash balance of CHF 1.0 billion and a net cash position of CHF 219 million. The strong cash position will enable Oerlikon to manage any potential liquidity challenges.<\/p>\n<p style=\"text-align: justify;\">The Group will be very selective in deciding on investments to be made in 2020, in line with the target to reduce capital expenditure (CAPEX) and discretionary spend by at least CHF 100 million in total compared to 2019. Oerlikon is executing a productivity program, primarily aimed at reducing structural cost in its Surface Solutions Segment. Across geographies and through a number of current and planned initiatives, Oerlikon is reducing a total headcount in the surface solutions business of approximately 800 employees, or around 10% of the Surface Solutions Segment\u2019s headcount.<\/p>\n<p style=\"text-align: justify;\">In view of the high degree of uncertainty as to the scope and duration of the crisis, Oerlikon is withdrawing its guidance for 2020, while remaining committed to delivering on its mid-term target for the EBITDA margin of 16%-18%.<\/p>\n<figure id=\"attachment_36969\" aria-describedby=\"caption-attachment-36969\" style=\"width: 1200px\" class=\"wp-caption aligncenter\"><img loading=\"lazy\" decoding=\"async\" class=\"wp-image-36969 size-full\" src=\"https:\/\/www.textilegence.com\/wp-content\/uploads\/2020\/05\/oerlikon-detail.jpg\" alt=\"Oerlikon Group announces first quarter figures of 2020\" width=\"1200\" height=\"675\" srcset=\"https:\/\/www.textilegence.com\/wp-content\/uploads\/2020\/05\/oerlikon-detail.jpg 1200w, https:\/\/www.textilegence.com\/wp-content\/uploads\/2020\/05\/oerlikon-detail-768x432.jpg 768w, https:\/\/www.textilegence.com\/wp-content\/uploads\/2020\/05\/oerlikon-detail-696x392.jpg 696w, https:\/\/www.textilegence.com\/wp-content\/uploads\/2020\/05\/oerlikon-detail-1068x601.jpg 1068w\" sizes=\"auto, (max-width: 1200px) 100vw, 1200px\" \/><figcaption id=\"caption-attachment-36969\" class=\"wp-caption-text\">Oerlikon Group announces first quarter figures of 2020<\/figcaption><\/figure>\n<h2 style=\"text-align: justify;\"><strong>Manmade fibers segment returned to full capacity operation<\/strong><\/h2>\n<p style=\"text-align: justify;\">Sales of the Oerlikon Manmade Fibers Segment decreased by 19.3% to CHF 205 million in the first quarter due to the global coronavirus outbreak effect. The quarantine in China was effective in the decrease. However, after the quarantine in China has been eased, production and operations in the Manmade Fibers Segment have begun to operate at full capacity and will fulfil the delivery schedules planned for the 2020.<\/p>\n<p style=\"text-align: justify;\">The segment received new large orders for filament yarn systems from three of the world&#8217;s leading manmade fibers manufacturers in China. The total value of the three projects is over 600 million CHF. A large part of this project will be established for order intake in 2020, the majority will be accounted for in 2021 and 2022. Despite new contracts, the segment decreased to 144 million CHF, with a 51.4% drop in order purchase, partly due to the delay in financial payments in China.<\/p>\n<p style=\"text-align: justify;\">In the first quarter, the segment took over the majority stake in Teknoweb Materials s.r.l.; which was established in 2017 as a joint venture to extend the nonwoven production system portfolio; to include the attractive market for disposable nonwovens. Due to the COVID-19 pandemic; a strong global demand for Oerlikon\u2019s meltblown (nonwoven) technology used to produce surgical face masks has been noted.<\/p>\n<h2 style=\"text-align: justify;\"><strong>Surface solutions are shrinking<\/strong><\/h2>\n<p style=\"text-align: justify;\">The Surface Solutions Segment faced a slowdown in all of its end markets and across all regions. Order intake declined by 13.5% year-over-year to CHF 333 million and sales decreased by 12.4% to CHF 325 million. The decline in orders and sales was most noticeable in the tooling, automotive and general industries, particularly in March. The previously announced productivity program has continued with aggressive cost reduction goals to increase efficiency and agility.<\/p>\n<h2 style=\"text-align: justify;\"><strong>Oerlikon Group has a strong financial position<\/strong><\/h2>\n<p style=\"text-align: justify;\">Roland Fischer, CEO of Oerlikon Group, said that the COVID-19 outbreak had unprecedented effects on the global economy; the business world and the lives of billions of people. Fischer noted that like many other companies, they saw the first effects of the outbreak in the first quarter; \u201cWe are implementing mitigating measures to protect our liquidity while ensuring business continuity. We remain very disciplined in our investments and have a strong financial position to navigate Oerlikon through these extraordinary times\u201d.<\/p>\n<p style=\"text-align: justify;\">Saying that since the beginning, ensuring the safety and well-being of their employees; customers and suppliers has been their utmost priority; Fischer added that China has shown signs of overcoming the virus; while they faced increasing challenges from the global impact in surface solutions segment; toward the end of the first quarter in Europe and in the USA.<\/p>\n<p style=\"text-align: justify;\">Roland Fischer continued his words saying; \u201cOur manmade fibers business continues to be very well positioned; driven by long-term, strategic customer investments in the filament value chain in China. As a result of the COVID-19 pandemic; we are seeing strong global demand for our meltblown technology that is used to produce surgical face masks. To support this demand that is expected to further grow; we have ramped up our production capacity and significantly reduced delivery times of these systems. In addition to selling our equipment globally, we are supporting local and international businesses with nonwoven materials. For example, we are now producing in Germany more than 100.000 square meters of fabrics per month; for the manufacture of over one million face masks each month to protect lives\u201d.<\/p>\n<p style=\"text-align: justify;\">Fischer did not predict the market for 2020, as the spread and coverage of the virus was unpredictable. Fischer added that while preparing to return to normality and adhering to medium-term goals; they will continue to focus on taking the necessary measures to protect the business and stakeholders in the near future.<\/p>\n","protected":false},"excerpt":{"rendered":"<p>Oerlikon Group has shown a strong stance in global epidemic conditions with orders, sales and production figures for the first quarter of 2020. The group has taken actions against the outbreak to protect employees while maintaining business continuity. As of the first quarter, Oerlikon continued to have a very robust capital structure with a strong [&hellip;]<\/p>\n","protected":false},"author":8,"featured_media":36967,"comment_status":"open","ping_status":"closed","sticky":false,"template":"","format":"standard","meta":{"footnotes":""},"categories":[9857],"tags":[12527,9896],"class_list":{"0":"post-36971","1":"post","2":"type-post","3":"status-publish","4":"format-standard","5":"has-post-thumbnail","7":"category-spinning","8":"tag-oerlikon","9":"tag-spinning-3"},"yoast_head":"<!-- This site is optimized with the Yoast SEO Premium plugin v27.3 (Yoast SEO v27.3) - https:\/\/yoast.com\/product\/yoast-seo-premium-wordpress\/ -->\n<title>Oerlikon Group announces first quarter figures of 2020 - Textilegence<\/title>\n<meta name=\"description\" content=\"Oerlikon Group has shown a strong stance in global epidemic conditions with orders, sales and production figures for the first quarter of 2020.\" \/>\n<meta name=\"robots\" content=\"index, follow, max-snippet:-1, max-image-preview:large, max-video-preview:-1\" \/>\n<link rel=\"canonical\" href=\"https:\/\/www.textilegence.com\/en\/oerlikon-group-announces-first-quarter-figures-of-2020\/\" \/>\n<meta property=\"og:locale\" content=\"en_US\" \/>\n<meta property=\"og:type\" content=\"article\" \/>\n<meta property=\"og:title\" content=\"Oerlikon Group announces first quarter figures of 2020\" \/>\n<meta property=\"og:description\" content=\"Oerlikon Group has shown a strong stance in global epidemic conditions with orders, sales and production figures for the first quarter of 2020. The group\" \/>\n<meta property=\"og:url\" content=\"https:\/\/www.textilegence.com\/en\/oerlikon-group-announces-first-quarter-figures-of-2020\/\" \/>\n<meta property=\"og:site_name\" content=\"Textilegence Magazine and Digital Platform\" \/>\n<meta property=\"article:publisher\" content=\"https:\/\/www.facebook.com\/TextilegenceMagazine\" \/>\n<meta property=\"article:author\" content=\"https:\/\/www.facebook.com\/TextilegenceMagazine\" \/>\n<meta property=\"article:published_time\" content=\"2020-05-11T10:26:05+00:00\" \/>\n<meta property=\"article:modified_time\" content=\"2020-06-11T09:08:50+00:00\" \/>\n<meta property=\"og:image\" content=\"https:\/\/www.textilegence.com\/wp-content\/uploads\/2020\/05\/oerlikon-textilegence.jpg\" \/>\n\t<meta property=\"og:image:width\" content=\"1200\" \/>\n\t<meta property=\"og:image:height\" content=\"675\" \/>\n\t<meta property=\"og:image:type\" content=\"image\/jpeg\" \/>\n<meta name=\"author\" content=\"Fatih Cengiarslan\" \/>\n<meta name=\"twitter:card\" content=\"summary_large_image\" \/>\n<meta name=\"twitter:creator\" content=\"@https:\/\/twitter.com\/textilegence\" \/>\n<meta name=\"twitter:site\" content=\"@textilegence\" \/>\n<meta name=\"twitter:label1\" content=\"Written by\" \/>\n\t<meta name=\"twitter:data1\" content=\"Fatih Cengiarslan\" \/>\n\t<meta name=\"twitter:label2\" content=\"Est. reading time\" \/>\n\t<meta name=\"twitter:data2\" content=\"5 minutes\" \/>\n<script type=\"application\/ld+json\" class=\"yoast-schema-graph\">{\"@context\":\"https:\\\/\\\/schema.org\",\"@graph\":[{\"@type\":\"NewsArticle\",\"@id\":\"https:\\\/\\\/www.textilegence.com\\\/en\\\/oerlikon-group-announces-first-quarter-figures-of-2020\\\/#article\",\"isPartOf\":{\"@id\":\"https:\\\/\\\/www.textilegence.com\\\/en\\\/oerlikon-group-announces-first-quarter-figures-of-2020\\\/\"},\"author\":{\"name\":\"Fatih Cengiarslan\",\"@id\":\"https:\\\/\\\/www.textilegence.com\\\/en\\\/#\\\/schema\\\/person\\\/1c3977109f8a6e1e2b95678836d75cb7\"},\"headline\":\"Oerlikon Group announces first quarter figures of 2020\",\"datePublished\":\"2020-05-11T10:26:05+00:00\",\"dateModified\":\"2020-06-11T09:08:50+00:00\",\"mainEntityOfPage\":{\"@id\":\"https:\\\/\\\/www.textilegence.com\\\/en\\\/oerlikon-group-announces-first-quarter-figures-of-2020\\\/\"},\"wordCount\":1051,\"commentCount\":0,\"publisher\":{\"@id\":\"https:\\\/\\\/www.textilegence.com\\\/en\\\/#organization\"},\"image\":{\"@id\":\"https:\\\/\\\/www.textilegence.com\\\/en\\\/oerlikon-group-announces-first-quarter-figures-of-2020\\\/#primaryimage\"},\"thumbnailUrl\":\"https:\\\/\\\/www.textilegence.com\\\/wp-content\\\/uploads\\\/2020\\\/05\\\/oerlikon-textilegence.jpg\",\"keywords\":[\"oerlikon\",\"spinning\"],\"articleSection\":[\"Spinning\"],\"inLanguage\":\"en-US\",\"potentialAction\":[{\"@type\":\"CommentAction\",\"name\":\"Comment\",\"target\":[\"https:\\\/\\\/www.textilegence.com\\\/en\\\/oerlikon-group-announces-first-quarter-figures-of-2020\\\/#respond\"]}]},{\"@type\":\"WebPage\",\"@id\":\"https:\\\/\\\/www.textilegence.com\\\/en\\\/oerlikon-group-announces-first-quarter-figures-of-2020\\\/\",\"url\":\"https:\\\/\\\/www.textilegence.com\\\/en\\\/oerlikon-group-announces-first-quarter-figures-of-2020\\\/\",\"name\":\"Oerlikon Group announces first quarter figures of 2020 - Textilegence\",\"isPartOf\":{\"@id\":\"https:\\\/\\\/www.textilegence.com\\\/en\\\/#website\"},\"primaryImageOfPage\":{\"@id\":\"https:\\\/\\\/www.textilegence.com\\\/en\\\/oerlikon-group-announces-first-quarter-figures-of-2020\\\/#primaryimage\"},\"image\":{\"@id\":\"https:\\\/\\\/www.textilegence.com\\\/en\\\/oerlikon-group-announces-first-quarter-figures-of-2020\\\/#primaryimage\"},\"thumbnailUrl\":\"https:\\\/\\\/www.textilegence.com\\\/wp-content\\\/uploads\\\/2020\\\/05\\\/oerlikon-textilegence.jpg\",\"datePublished\":\"2020-05-11T10:26:05+00:00\",\"dateModified\":\"2020-06-11T09:08:50+00:00\",\"description\":\"Oerlikon Group has shown a strong stance in global epidemic conditions with orders, sales and production figures for the first quarter of 2020.\",\"breadcrumb\":{\"@id\":\"https:\\\/\\\/www.textilegence.com\\\/en\\\/oerlikon-group-announces-first-quarter-figures-of-2020\\\/#breadcrumb\"},\"inLanguage\":\"en-US\",\"potentialAction\":[{\"@type\":\"ReadAction\",\"target\":[\"https:\\\/\\\/www.textilegence.com\\\/en\\\/oerlikon-group-announces-first-quarter-figures-of-2020\\\/\"]}]},{\"@type\":\"ImageObject\",\"inLanguage\":\"en-US\",\"@id\":\"https:\\\/\\\/www.textilegence.com\\\/en\\\/oerlikon-group-announces-first-quarter-figures-of-2020\\\/#primaryimage\",\"url\":\"https:\\\/\\\/www.textilegence.com\\\/wp-content\\\/uploads\\\/2020\\\/05\\\/oerlikon-textilegence.jpg\",\"contentUrl\":\"https:\\\/\\\/www.textilegence.com\\\/wp-content\\\/uploads\\\/2020\\\/05\\\/oerlikon-textilegence.jpg\",\"width\":1200,\"height\":675},{\"@type\":\"BreadcrumbList\",\"@id\":\"https:\\\/\\\/www.textilegence.com\\\/en\\\/oerlikon-group-announces-first-quarter-figures-of-2020\\\/#breadcrumb\",\"itemListElement\":[{\"@type\":\"ListItem\",\"position\":1,\"name\":\"Home Page\",\"item\":\"https:\\\/\\\/www.textilegence.com\\\/en\\\/homepage-the-rimont\\\/\"},{\"@type\":\"ListItem\",\"position\":2,\"name\":\"Spinning\",\"item\":\"https:\\\/\\\/www.textilegence.com\\\/en\\\/category\\\/spinning\\\/\"},{\"@type\":\"ListItem\",\"position\":3,\"name\":\"Oerlikon Group announces first quarter figures of 2020\"}]},{\"@type\":\"WebSite\",\"@id\":\"https:\\\/\\\/www.textilegence.com\\\/en\\\/#website\",\"url\":\"https:\\\/\\\/www.textilegence.com\\\/en\\\/\",\"name\":\"Textilegence Magazine and Digital Platform\",\"description\":\"Textile News Center\",\"publisher\":{\"@id\":\"https:\\\/\\\/www.textilegence.com\\\/en\\\/#organization\"},\"potentialAction\":[{\"@type\":\"SearchAction\",\"target\":{\"@type\":\"EntryPoint\",\"urlTemplate\":\"https:\\\/\\\/www.textilegence.com\\\/en\\\/?s={search_term_string}\"},\"query-input\":{\"@type\":\"PropertyValueSpecification\",\"valueRequired\":true,\"valueName\":\"search_term_string\"}}],\"inLanguage\":\"en-US\"},{\"@type\":\"Organization\",\"@id\":\"https:\\\/\\\/www.textilegence.com\\\/en\\\/#organization\",\"name\":\"Textilegence Magazine and Digital Platform\",\"url\":\"https:\\\/\\\/www.textilegence.com\\\/en\\\/\",\"logo\":{\"@type\":\"ImageObject\",\"inLanguage\":\"en-US\",\"@id\":\"https:\\\/\\\/www.textilegence.com\\\/en\\\/#\\\/schema\\\/logo\\\/image\\\/\",\"url\":\"https:\\\/\\\/www.textilegence.com\\\/wp-content\\\/uploads\\\/2016\\\/11\\\/New_Retina_Logo_Textilegence.png\",\"contentUrl\":\"https:\\\/\\\/www.textilegence.com\\\/wp-content\\\/uploads\\\/2016\\\/11\\\/New_Retina_Logo_Textilegence.png\",\"width\":544,\"height\":180,\"caption\":\"Textilegence Magazine and Digital Platform\"},\"image\":{\"@id\":\"https:\\\/\\\/www.textilegence.com\\\/en\\\/#\\\/schema\\\/logo\\\/image\\\/\"},\"sameAs\":[\"https:\\\/\\\/www.facebook.com\\\/TextilegenceMagazine\",\"https:\\\/\\\/x.com\\\/textilegence\",\"https:\\\/\\\/www.instagram.com\\\/textilegence\\\/\",\"https:\\\/\\\/www.linkedin.com\\\/groups\\\/Textilegence-Magazine-Digital-Platform-4897253\",\"https:\\\/\\\/www.youtube.com\\\/user\\\/textilegence\"],\"description\":\"Textilegence is a magazine and digital platform established in 2013. It focuses on the textile industry and sub-segments. The platform provides news, articles, and updates on various aspects of the textile industry, including sustainability, technological advancements, and market trends.\",\"email\":\"editor@textilegence.com\",\"telephone\":\"+90 212 442 24 12\",\"legalName\":\"Textilegence Mag and Digital Platform\",\"foundingDate\":\"2013-01-01\",\"numberOfEmployees\":{\"@type\":\"QuantitativeValue\",\"minValue\":\"1\",\"maxValue\":\"10\"}},{\"@type\":\"Person\",\"@id\":\"https:\\\/\\\/www.textilegence.com\\\/en\\\/#\\\/schema\\\/person\\\/1c3977109f8a6e1e2b95678836d75cb7\",\"name\":\"Fatih Cengiarslan\",\"image\":{\"@type\":\"ImageObject\",\"inLanguage\":\"en-US\",\"@id\":\"https:\\\/\\\/www.textilegence.com\\\/wp-content\\\/uploads\\\/2018\\\/12\\\/fatih-cengiarslan.jpg\",\"url\":\"https:\\\/\\\/www.textilegence.com\\\/wp-content\\\/uploads\\\/2018\\\/12\\\/fatih-cengiarslan.jpg\",\"contentUrl\":\"https:\\\/\\\/www.textilegence.com\\\/wp-content\\\/uploads\\\/2018\\\/12\\\/fatih-cengiarslan.jpg\",\"caption\":\"Fatih Cengiarslan\"},\"description\":\"Fatih Cengiarslan; Akademik \u0130ngilizce e\u011fitimini Bat\u0131 Avustralya \u00dcniversitesi\u2019nde tamamlad\u0131ktan sonra T\u00fcrkiye\u2019ye d\u00f6nerek \u0130stanbul Ayd\u0131n \u00dcniversitesi\u2019nde \u0130nternet Gazetecili\u011fi ve Yay\u0131nc\u0131l\u0131k b\u00f6l\u00fcm\u00fcn\u00fc bitirip, Litvanya \u2013 Kaunas Teknoloji \u00dcniversitesi\u2019nde interaktif media \u00fczerine 8 ayl\u0131k e\u011fitim ald\u0131. Daha sonra Eski\u015fehir Anadolu \u00dcniversitesi girerek \u0130\u015fletme Fak\u00fcltesini ba\u015far\u0131yla tamamlad\u0131. CNNTURK\u2019 kanal\u0131nda staj\u0131n\u0131 tamamlad\u0131ktan sonra Referans Gazetesi\u2019nde \u00e7al\u0131\u015fmaya ba\u015flad\u0131. 2 y\u0131l sonra Textilegence markas\u0131yla tekstil end\u00fcstrisine y\u00f6nelik kendi medyas\u0131n\u0131 kurdu. \u015eu anda Textilegence.com, Printing3D ve NEFA PR Ajans\u0131\u2019n\u0131n 12 y\u0131ld\u0131r y\u00f6netimini yapmaktad\u0131r.\",\"sameAs\":[\"https:\\\/\\\/www.textilegence.com\",\"https:\\\/\\\/www.facebook.com\\\/TextilegenceMagazine\",\"https:\\\/\\\/www.instagram.com\\\/textilegence\\\/\",\"https:\\\/\\\/www.linkedin.com\\\/in\\\/fatih-cengiarslan-32352265\\\/\",\"https:\\\/\\\/x.com\\\/https:\\\/\\\/twitter.com\\\/textilegence\"],\"url\":\"https:\\\/\\\/www.textilegence.com\\\/en\\\/author\\\/admin\\\/\"}]}<\/script>\n<!-- \/ Yoast SEO Premium plugin. -->","yoast_head_json":{"title":"Oerlikon Group announces first quarter figures of 2020 - Textilegence","description":"Oerlikon Group has shown a strong stance in global epidemic conditions with orders, sales and production figures for the first quarter of 2020.","robots":{"index":"index","follow":"follow","max-snippet":"max-snippet:-1","max-image-preview":"max-image-preview:large","max-video-preview":"max-video-preview:-1"},"canonical":"https:\/\/www.textilegence.com\/en\/oerlikon-group-announces-first-quarter-figures-of-2020\/","og_locale":"en_US","og_type":"article","og_title":"Oerlikon Group announces first quarter figures of 2020","og_description":"Oerlikon Group has shown a strong stance in global epidemic conditions with orders, sales and production figures for the first quarter of 2020. The group","og_url":"https:\/\/www.textilegence.com\/en\/oerlikon-group-announces-first-quarter-figures-of-2020\/","og_site_name":"Textilegence Magazine and Digital Platform","article_publisher":"https:\/\/www.facebook.com\/TextilegenceMagazine","article_author":"https:\/\/www.facebook.com\/TextilegenceMagazine","article_published_time":"2020-05-11T10:26:05+00:00","article_modified_time":"2020-06-11T09:08:50+00:00","og_image":[{"width":1200,"height":675,"url":"https:\/\/www.textilegence.com\/wp-content\/uploads\/2020\/05\/oerlikon-textilegence.jpg","type":"image\/jpeg"}],"author":"Fatih Cengiarslan","twitter_card":"summary_large_image","twitter_creator":"@https:\/\/twitter.com\/textilegence","twitter_site":"@textilegence","twitter_misc":{"Written by":"Fatih Cengiarslan","Est. reading time":"5 minutes"},"schema":{"@context":"https:\/\/schema.org","@graph":[{"@type":"NewsArticle","@id":"https:\/\/www.textilegence.com\/en\/oerlikon-group-announces-first-quarter-figures-of-2020\/#article","isPartOf":{"@id":"https:\/\/www.textilegence.com\/en\/oerlikon-group-announces-first-quarter-figures-of-2020\/"},"author":{"name":"Fatih Cengiarslan","@id":"https:\/\/www.textilegence.com\/en\/#\/schema\/person\/1c3977109f8a6e1e2b95678836d75cb7"},"headline":"Oerlikon Group announces first quarter figures of 2020","datePublished":"2020-05-11T10:26:05+00:00","dateModified":"2020-06-11T09:08:50+00:00","mainEntityOfPage":{"@id":"https:\/\/www.textilegence.com\/en\/oerlikon-group-announces-first-quarter-figures-of-2020\/"},"wordCount":1051,"commentCount":0,"publisher":{"@id":"https:\/\/www.textilegence.com\/en\/#organization"},"image":{"@id":"https:\/\/www.textilegence.com\/en\/oerlikon-group-announces-first-quarter-figures-of-2020\/#primaryimage"},"thumbnailUrl":"https:\/\/www.textilegence.com\/wp-content\/uploads\/2020\/05\/oerlikon-textilegence.jpg","keywords":["oerlikon","spinning"],"articleSection":["Spinning"],"inLanguage":"en-US","potentialAction":[{"@type":"CommentAction","name":"Comment","target":["https:\/\/www.textilegence.com\/en\/oerlikon-group-announces-first-quarter-figures-of-2020\/#respond"]}]},{"@type":"WebPage","@id":"https:\/\/www.textilegence.com\/en\/oerlikon-group-announces-first-quarter-figures-of-2020\/","url":"https:\/\/www.textilegence.com\/en\/oerlikon-group-announces-first-quarter-figures-of-2020\/","name":"Oerlikon Group announces first quarter figures of 2020 - Textilegence","isPartOf":{"@id":"https:\/\/www.textilegence.com\/en\/#website"},"primaryImageOfPage":{"@id":"https:\/\/www.textilegence.com\/en\/oerlikon-group-announces-first-quarter-figures-of-2020\/#primaryimage"},"image":{"@id":"https:\/\/www.textilegence.com\/en\/oerlikon-group-announces-first-quarter-figures-of-2020\/#primaryimage"},"thumbnailUrl":"https:\/\/www.textilegence.com\/wp-content\/uploads\/2020\/05\/oerlikon-textilegence.jpg","datePublished":"2020-05-11T10:26:05+00:00","dateModified":"2020-06-11T09:08:50+00:00","description":"Oerlikon Group has shown a strong stance in global epidemic conditions with orders, sales and production figures for the first quarter of 2020.","breadcrumb":{"@id":"https:\/\/www.textilegence.com\/en\/oerlikon-group-announces-first-quarter-figures-of-2020\/#breadcrumb"},"inLanguage":"en-US","potentialAction":[{"@type":"ReadAction","target":["https:\/\/www.textilegence.com\/en\/oerlikon-group-announces-first-quarter-figures-of-2020\/"]}]},{"@type":"ImageObject","inLanguage":"en-US","@id":"https:\/\/www.textilegence.com\/en\/oerlikon-group-announces-first-quarter-figures-of-2020\/#primaryimage","url":"https:\/\/www.textilegence.com\/wp-content\/uploads\/2020\/05\/oerlikon-textilegence.jpg","contentUrl":"https:\/\/www.textilegence.com\/wp-content\/uploads\/2020\/05\/oerlikon-textilegence.jpg","width":1200,"height":675},{"@type":"BreadcrumbList","@id":"https:\/\/www.textilegence.com\/en\/oerlikon-group-announces-first-quarter-figures-of-2020\/#breadcrumb","itemListElement":[{"@type":"ListItem","position":1,"name":"Home Page","item":"https:\/\/www.textilegence.com\/en\/homepage-the-rimont\/"},{"@type":"ListItem","position":2,"name":"Spinning","item":"https:\/\/www.textilegence.com\/en\/category\/spinning\/"},{"@type":"ListItem","position":3,"name":"Oerlikon Group announces first quarter figures of 2020"}]},{"@type":"WebSite","@id":"https:\/\/www.textilegence.com\/en\/#website","url":"https:\/\/www.textilegence.com\/en\/","name":"Textilegence Magazine and Digital Platform","description":"Textile News Center","publisher":{"@id":"https:\/\/www.textilegence.com\/en\/#organization"},"potentialAction":[{"@type":"SearchAction","target":{"@type":"EntryPoint","urlTemplate":"https:\/\/www.textilegence.com\/en\/?s={search_term_string}"},"query-input":{"@type":"PropertyValueSpecification","valueRequired":true,"valueName":"search_term_string"}}],"inLanguage":"en-US"},{"@type":"Organization","@id":"https:\/\/www.textilegence.com\/en\/#organization","name":"Textilegence Magazine and Digital Platform","url":"https:\/\/www.textilegence.com\/en\/","logo":{"@type":"ImageObject","inLanguage":"en-US","@id":"https:\/\/www.textilegence.com\/en\/#\/schema\/logo\/image\/","url":"https:\/\/www.textilegence.com\/wp-content\/uploads\/2016\/11\/New_Retina_Logo_Textilegence.png","contentUrl":"https:\/\/www.textilegence.com\/wp-content\/uploads\/2016\/11\/New_Retina_Logo_Textilegence.png","width":544,"height":180,"caption":"Textilegence Magazine and Digital Platform"},"image":{"@id":"https:\/\/www.textilegence.com\/en\/#\/schema\/logo\/image\/"},"sameAs":["https:\/\/www.facebook.com\/TextilegenceMagazine","https:\/\/x.com\/textilegence","https:\/\/www.instagram.com\/textilegence\/","https:\/\/www.linkedin.com\/groups\/Textilegence-Magazine-Digital-Platform-4897253","https:\/\/www.youtube.com\/user\/textilegence"],"description":"Textilegence is a magazine and digital platform established in 2013. It focuses on the textile industry and sub-segments. The platform provides news, articles, and updates on various aspects of the textile industry, including sustainability, technological advancements, and market trends.","email":"editor@textilegence.com","telephone":"+90 212 442 24 12","legalName":"Textilegence Mag and Digital Platform","foundingDate":"2013-01-01","numberOfEmployees":{"@type":"QuantitativeValue","minValue":"1","maxValue":"10"}},{"@type":"Person","@id":"https:\/\/www.textilegence.com\/en\/#\/schema\/person\/1c3977109f8a6e1e2b95678836d75cb7","name":"Fatih Cengiarslan","image":{"@type":"ImageObject","inLanguage":"en-US","@id":"https:\/\/www.textilegence.com\/wp-content\/uploads\/2018\/12\/fatih-cengiarslan.jpg","url":"https:\/\/www.textilegence.com\/wp-content\/uploads\/2018\/12\/fatih-cengiarslan.jpg","contentUrl":"https:\/\/www.textilegence.com\/wp-content\/uploads\/2018\/12\/fatih-cengiarslan.jpg","caption":"Fatih Cengiarslan"},"description":"Fatih Cengiarslan; Akademik \u0130ngilizce e\u011fitimini Bat\u0131 Avustralya \u00dcniversitesi\u2019nde tamamlad\u0131ktan sonra T\u00fcrkiye\u2019ye d\u00f6nerek \u0130stanbul Ayd\u0131n \u00dcniversitesi\u2019nde \u0130nternet Gazetecili\u011fi ve Yay\u0131nc\u0131l\u0131k b\u00f6l\u00fcm\u00fcn\u00fc bitirip, Litvanya \u2013 Kaunas Teknoloji \u00dcniversitesi\u2019nde interaktif media \u00fczerine 8 ayl\u0131k e\u011fitim ald\u0131. Daha sonra Eski\u015fehir Anadolu \u00dcniversitesi girerek \u0130\u015fletme Fak\u00fcltesini ba\u015far\u0131yla tamamlad\u0131. CNNTURK\u2019 kanal\u0131nda staj\u0131n\u0131 tamamlad\u0131ktan sonra Referans Gazetesi\u2019nde \u00e7al\u0131\u015fmaya ba\u015flad\u0131. 2 y\u0131l sonra Textilegence markas\u0131yla tekstil end\u00fcstrisine y\u00f6nelik kendi medyas\u0131n\u0131 kurdu. \u015eu anda Textilegence.com, Printing3D ve NEFA PR Ajans\u0131\u2019n\u0131n 12 y\u0131ld\u0131r y\u00f6netimini yapmaktad\u0131r.","sameAs":["https:\/\/www.textilegence.com","https:\/\/www.facebook.com\/TextilegenceMagazine","https:\/\/www.instagram.com\/textilegence\/","https:\/\/www.linkedin.com\/in\/fatih-cengiarslan-32352265\/","https:\/\/x.com\/https:\/\/twitter.com\/textilegence"],"url":"https:\/\/www.textilegence.com\/en\/author\/admin\/"}]}},"_links":{"self":[{"href":"https:\/\/www.textilegence.com\/en\/wp-json\/wp\/v2\/posts\/36971","targetHints":{"allow":["GET"]}}],"collection":[{"href":"https:\/\/www.textilegence.com\/en\/wp-json\/wp\/v2\/posts"}],"about":[{"href":"https:\/\/www.textilegence.com\/en\/wp-json\/wp\/v2\/types\/post"}],"author":[{"embeddable":true,"href":"https:\/\/www.textilegence.com\/en\/wp-json\/wp\/v2\/users\/8"}],"replies":[{"embeddable":true,"href":"https:\/\/www.textilegence.com\/en\/wp-json\/wp\/v2\/comments?post=36971"}],"version-history":[{"count":0,"href":"https:\/\/www.textilegence.com\/en\/wp-json\/wp\/v2\/posts\/36971\/revisions"}],"wp:featuredmedia":[{"embeddable":true,"href":"https:\/\/www.textilegence.com\/en\/wp-json\/wp\/v2\/media\/36967"}],"wp:attachment":[{"href":"https:\/\/www.textilegence.com\/en\/wp-json\/wp\/v2\/media?parent=36971"}],"wp:term":[{"taxonomy":"category","embeddable":true,"href":"https:\/\/www.textilegence.com\/en\/wp-json\/wp\/v2\/categories?post=36971"},{"taxonomy":"post_tag","embeddable":true,"href":"https:\/\/www.textilegence.com\/en\/wp-json\/wp\/v2\/tags?post=36971"}],"curies":[{"name":"wp","href":"https:\/\/api.w.org\/{rel}","templated":true}]}}