{"id":38803,"date":"2020-09-25T15:48:07","date_gmt":"2020-09-25T12:48:07","guid":{"rendered":"http:\/\/www.textilegence.com\/?p=38803"},"modified":"2020-09-25T15:49:13","modified_gmt":"2020-09-25T12:49:13","slug":"mayer-cie-will-make-use-of-the-virtual-fair-opportunity","status":"publish","type":"post","link":"https:\/\/www.textilegence.com\/en\/mayer-cie-will-make-use-of-the-virtual-fair-opportunity\/","title":{"rendered":"Mayer &#038; Cie. will make use of the virtual fair opportunity"},"content":{"rendered":"<p style=\"text-align: justify;\">While conventional fairs could not be held due to the Covid-19 pandemic, digital communication opportunities brought forward a new medium in this process; digital \/ virtual fairs and events. Mayer &amp; Cie., one of the leading <a href=\"https:\/\/www.mayercie.com\/en\/\" target=\"_blank\" rel=\"noopener noreferrer\">manufacturers<\/a> of circular <a href=\"https:\/\/www.textilegence.com\/en\/tag\/knitting\/\" target=\"_blank\" rel=\"noopener noreferrer\">knitting<\/a> machines, will take part in the Innovate Textile + Apparel Virtual Trade Show to be organized by WTiN on October 15-30. The virtual fair aims to share news and opinions directly, present products and show innovations by providing a virtual venue for textile professionals.<\/p>\n<h2 style=\"text-align: justify;\"><strong>Three focus points; mattress fabric, interlock and Relanit<\/strong><\/h2>\n<p style=\"text-align: justify;\">Mayer &amp; Cie., a manufacturer of circular knitting machines, will focus on three product areas at the virtual fair: mattress fabric, interlock and Relanit. In the mattress fabric segment, the company is in a successful position with the world&#8217;s most productive machine, the OVJA 2.4 EM. With this machine, up to 30 kilograms of mattress cover fabric can be produced per hour. Another solution is the dual electronic OVJA 1.6 EE that sets the standard for pattern choices.<\/p>\n<p style=\"text-align: justify;\">In the double jersey segment, Mayer &amp; Cie. is presenting the D4 2.2 HPI high-performance interlock machine. Then there is the OV 3.2 Qce, which knits 8-lock structures, Punto di Roma, Piqu\u00e9 and spacer fabrics. This machine offers the highest production for plain and structured Interlock; and is offered with open-width, industry and giant frames up to 48 inches. Depending on the frame, rolls of fabric with a diameter of 520 mm, 920 mm and 1,250 mm can be produced. On the open width frame, fabric rolls of 280 mm, 330 mm and 600 mm in diameter can be obtained.<\/p>\n<p style=\"text-align: justify;\">The third focal point is a well-known top seller, the Relanit 3.2 HS. The selling points of the latest model in the Relanit line-up are its productivity and reliability; especially when working with elastomeric plating. Exhibited at ITMA 2015 exhibition for the first time;\u00a0 Relanit 3.2 HS was able to attract great interest in the Turkish market. This model is able to offer the highest efficiency even in open width production.<\/p>\n<figure id=\"attachment_38801\" aria-describedby=\"caption-attachment-38801\" style=\"width: 1200px\" class=\"wp-caption aligncenter\"><img loading=\"lazy\" decoding=\"async\" class=\"wp-image-38801 size-full\" src=\"https:\/\/www.textilegence.com\/wp-content\/uploads\/2020\/09\/mayer-cie-detail.jpg\" alt=\"Mayer &amp; Cie. will make use of the virtual fair opportunity\" width=\"1200\" height=\"675\" srcset=\"https:\/\/www.textilegence.com\/wp-content\/uploads\/2020\/09\/mayer-cie-detail.jpg 1200w, https:\/\/www.textilegence.com\/wp-content\/uploads\/2020\/09\/mayer-cie-detail-768x432.jpg 768w, https:\/\/www.textilegence.com\/wp-content\/uploads\/2020\/09\/mayer-cie-detail-696x392.jpg 696w, https:\/\/www.textilegence.com\/wp-content\/uploads\/2020\/09\/mayer-cie-detail-1068x601.jpg 1068w\" sizes=\"auto, (max-width: 1200px) 100vw, 1200px\" \/><figcaption id=\"caption-attachment-38801\" class=\"wp-caption-text\">Mayer &amp; Cie. will make use of the virtual fair opportunity<\/figcaption><\/figure>\n<h2 style=\"text-align: justify;\"><strong>The new fair concept offers an opportunity for the future<\/strong><\/h2>\n<p style=\"text-align: justify;\">Mayer &amp; Cie. head of sales Wolfgang M\u00fcller commented about changing event and exhibition concepts due to the pandemic; \u201cWe have had good experiences with web meetings and video conferences; making increased use of them in view of travel bans, and will definitely be using them on an everyday basis. There is no reason why a new trade fair concept should be a makeshift solution either; it can be an opportunity for the future irrespective of the current pandemic situation\u201d.<\/p>\n","protected":false},"excerpt":{"rendered":"<p>While conventional fairs could not be held due to the Covid-19 pandemic, digital communication opportunities brought forward a new medium in this process; digital \/ virtual fairs and events. Mayer &amp; Cie., one of the leading manufacturers of circular knitting machines, will take part in the Innovate Textile + Apparel Virtual Trade Show to be [&hellip;]<\/p>\n","protected":false},"author":2,"featured_media":38799,"comment_status":"open","ping_status":"closed","sticky":false,"template":"","format":"standard","meta":{"footnotes":""},"categories":[9862],"tags":[10287,10371,10369],"class_list":{"0":"post-38803","1":"post","2":"type-post","3":"status-publish","4":"format-standard","5":"has-post-thumbnail","7":"category-knitting","8":"tag-knitting","9":"tag-mayer-cie-en","10":"tag-textile-news-en"},"yoast_head":"<!-- This site is optimized with the Yoast SEO Premium plugin v27.3 (Yoast SEO v27.3) - https:\/\/yoast.com\/product\/yoast-seo-premium-wordpress\/ -->\n<title>Mayer &amp; Cie. will make use of the virtual fair opportunity - Textilegence<\/title>\n<meta name=\"description\" content=\"Mayer &amp; Cie., one of the leading manufacturers of circular knitting machines, will take part in the Innovate Textile + Apparel Virtual...\" \/>\n<meta name=\"robots\" content=\"index, follow, max-snippet:-1, max-image-preview:large, max-video-preview:-1\" \/>\n<link rel=\"canonical\" href=\"https:\/\/www.textilegence.com\/en\/mayer-cie-will-make-use-of-the-virtual-fair-opportunity\/\" \/>\n<meta property=\"og:locale\" content=\"en_US\" \/>\n<meta property=\"og:type\" content=\"article\" \/>\n<meta property=\"og:title\" content=\"Mayer &amp; Cie. will make use of the virtual fair opportunity\" \/>\n<meta property=\"og:description\" content=\"While conventional fairs could not be held due to the Covid-19 pandemic, digital communication opportunities brought forward a new medium in this process;\" \/>\n<meta property=\"og:url\" content=\"https:\/\/www.textilegence.com\/en\/mayer-cie-will-make-use-of-the-virtual-fair-opportunity\/\" \/>\n<meta property=\"og:site_name\" content=\"Textilegence Magazine and Digital Platform\" \/>\n<meta property=\"article:publisher\" content=\"https:\/\/www.facebook.com\/TextilegenceMagazine\" \/>\n<meta property=\"article:author\" content=\"https:\/\/www.facebook.com\/TextilegenceMagazine\" \/>\n<meta property=\"article:published_time\" content=\"2020-09-25T12:48:07+00:00\" \/>\n<meta property=\"article:modified_time\" content=\"2020-09-25T12:49:13+00:00\" \/>\n<meta property=\"og:image\" content=\"https:\/\/www.textilegence.com\/wp-content\/uploads\/2020\/09\/mayer-cie-textilegenece.jpg\" \/>\n\t<meta property=\"og:image:width\" content=\"1200\" \/>\n\t<meta property=\"og:image:height\" content=\"675\" \/>\n\t<meta property=\"og:image:type\" content=\"image\/jpeg\" \/>\n<meta name=\"author\" content=\"Engin Buz\" \/>\n<meta name=\"twitter:card\" content=\"summary_large_image\" \/>\n<meta name=\"twitter:creator\" content=\"@https:\/\/twitter.com\/textilegence\" \/>\n<meta name=\"twitter:site\" content=\"@textilegence\" \/>\n<meta name=\"twitter:label1\" content=\"Written by\" \/>\n\t<meta name=\"twitter:data1\" content=\"Engin Buz\" \/>\n\t<meta name=\"twitter:label2\" content=\"Est. reading time\" \/>\n\t<meta name=\"twitter:data2\" content=\"2 minutes\" \/>\n<script type=\"application\/ld+json\" class=\"yoast-schema-graph\">{\"@context\":\"https:\\\/\\\/schema.org\",\"@graph\":[{\"@type\":\"NewsArticle\",\"@id\":\"https:\\\/\\\/www.textilegence.com\\\/en\\\/mayer-cie-will-make-use-of-the-virtual-fair-opportunity\\\/#article\",\"isPartOf\":{\"@id\":\"https:\\\/\\\/www.textilegence.com\\\/en\\\/mayer-cie-will-make-use-of-the-virtual-fair-opportunity\\\/\"},\"author\":{\"name\":\"Engin Buz\",\"@id\":\"https:\\\/\\\/www.textilegence.com\\\/en\\\/#\\\/schema\\\/person\\\/46ccc7bfc34edbc7d46b6b189f88849f\"},\"headline\":\"Mayer &#038; Cie. will make use of the virtual fair opportunity\",\"datePublished\":\"2020-09-25T12:48:07+00:00\",\"dateModified\":\"2020-09-25T12:49:13+00:00\",\"mainEntityOfPage\":{\"@id\":\"https:\\\/\\\/www.textilegence.com\\\/en\\\/mayer-cie-will-make-use-of-the-virtual-fair-opportunity\\\/\"},\"wordCount\":444,\"commentCount\":0,\"publisher\":{\"@id\":\"https:\\\/\\\/www.textilegence.com\\\/en\\\/#organization\"},\"image\":{\"@id\":\"https:\\\/\\\/www.textilegence.com\\\/en\\\/mayer-cie-will-make-use-of-the-virtual-fair-opportunity\\\/#primaryimage\"},\"thumbnailUrl\":\"https:\\\/\\\/www.textilegence.com\\\/wp-content\\\/uploads\\\/2020\\\/09\\\/mayer-cie-textilegenece.jpg\",\"keywords\":[\"knitting\",\"mayer cie\",\"textile news\"],\"articleSection\":[\"Knitting\"],\"inLanguage\":\"en-US\",\"potentialAction\":[{\"@type\":\"CommentAction\",\"name\":\"Comment\",\"target\":[\"https:\\\/\\\/www.textilegence.com\\\/en\\\/mayer-cie-will-make-use-of-the-virtual-fair-opportunity\\\/#respond\"]}]},{\"@type\":\"WebPage\",\"@id\":\"https:\\\/\\\/www.textilegence.com\\\/en\\\/mayer-cie-will-make-use-of-the-virtual-fair-opportunity\\\/\",\"url\":\"https:\\\/\\\/www.textilegence.com\\\/en\\\/mayer-cie-will-make-use-of-the-virtual-fair-opportunity\\\/\",\"name\":\"Mayer & Cie. will make use of the virtual fair opportunity - Textilegence\",\"isPartOf\":{\"@id\":\"https:\\\/\\\/www.textilegence.com\\\/en\\\/#website\"},\"primaryImageOfPage\":{\"@id\":\"https:\\\/\\\/www.textilegence.com\\\/en\\\/mayer-cie-will-make-use-of-the-virtual-fair-opportunity\\\/#primaryimage\"},\"image\":{\"@id\":\"https:\\\/\\\/www.textilegence.com\\\/en\\\/mayer-cie-will-make-use-of-the-virtual-fair-opportunity\\\/#primaryimage\"},\"thumbnailUrl\":\"https:\\\/\\\/www.textilegence.com\\\/wp-content\\\/uploads\\\/2020\\\/09\\\/mayer-cie-textilegenece.jpg\",\"datePublished\":\"2020-09-25T12:48:07+00:00\",\"dateModified\":\"2020-09-25T12:49:13+00:00\",\"description\":\"Mayer & Cie., one of the leading manufacturers of circular knitting machines, will take part in the Innovate Textile + Apparel Virtual...\",\"breadcrumb\":{\"@id\":\"https:\\\/\\\/www.textilegence.com\\\/en\\\/mayer-cie-will-make-use-of-the-virtual-fair-opportunity\\\/#breadcrumb\"},\"inLanguage\":\"en-US\",\"potentialAction\":[{\"@type\":\"ReadAction\",\"target\":[\"https:\\\/\\\/www.textilegence.com\\\/en\\\/mayer-cie-will-make-use-of-the-virtual-fair-opportunity\\\/\"]}]},{\"@type\":\"ImageObject\",\"inLanguage\":\"en-US\",\"@id\":\"https:\\\/\\\/www.textilegence.com\\\/en\\\/mayer-cie-will-make-use-of-the-virtual-fair-opportunity\\\/#primaryimage\",\"url\":\"https:\\\/\\\/www.textilegence.com\\\/wp-content\\\/uploads\\\/2020\\\/09\\\/mayer-cie-textilegenece.jpg\",\"contentUrl\":\"https:\\\/\\\/www.textilegence.com\\\/wp-content\\\/uploads\\\/2020\\\/09\\\/mayer-cie-textilegenece.jpg\",\"width\":1200,\"height\":675},{\"@type\":\"BreadcrumbList\",\"@id\":\"https:\\\/\\\/www.textilegence.com\\\/en\\\/mayer-cie-will-make-use-of-the-virtual-fair-opportunity\\\/#breadcrumb\",\"itemListElement\":[{\"@type\":\"ListItem\",\"position\":1,\"name\":\"Home Page\",\"item\":\"https:\\\/\\\/www.textilegence.com\\\/en\\\/homepage-the-rimont\\\/\"},{\"@type\":\"ListItem\",\"position\":2,\"name\":\"Knitting\",\"item\":\"https:\\\/\\\/www.textilegence.com\\\/en\\\/category\\\/knitting\\\/\"},{\"@type\":\"ListItem\",\"position\":3,\"name\":\"Mayer &#038; Cie. will make use of the virtual fair opportunity\"}]},{\"@type\":\"WebSite\",\"@id\":\"https:\\\/\\\/www.textilegence.com\\\/en\\\/#website\",\"url\":\"https:\\\/\\\/www.textilegence.com\\\/en\\\/\",\"name\":\"Textilegence Magazine and Digital Platform\",\"description\":\"Textile News Center\",\"publisher\":{\"@id\":\"https:\\\/\\\/www.textilegence.com\\\/en\\\/#organization\"},\"potentialAction\":[{\"@type\":\"SearchAction\",\"target\":{\"@type\":\"EntryPoint\",\"urlTemplate\":\"https:\\\/\\\/www.textilegence.com\\\/en\\\/?s={search_term_string}\"},\"query-input\":{\"@type\":\"PropertyValueSpecification\",\"valueRequired\":true,\"valueName\":\"search_term_string\"}}],\"inLanguage\":\"en-US\"},{\"@type\":\"Organization\",\"@id\":\"https:\\\/\\\/www.textilegence.com\\\/en\\\/#organization\",\"name\":\"Textilegence Magazine and Digital Platform\",\"url\":\"https:\\\/\\\/www.textilegence.com\\\/en\\\/\",\"logo\":{\"@type\":\"ImageObject\",\"inLanguage\":\"en-US\",\"@id\":\"https:\\\/\\\/www.textilegence.com\\\/en\\\/#\\\/schema\\\/logo\\\/image\\\/\",\"url\":\"https:\\\/\\\/www.textilegence.com\\\/wp-content\\\/uploads\\\/2016\\\/11\\\/New_Retina_Logo_Textilegence.png\",\"contentUrl\":\"https:\\\/\\\/www.textilegence.com\\\/wp-content\\\/uploads\\\/2016\\\/11\\\/New_Retina_Logo_Textilegence.png\",\"width\":544,\"height\":180,\"caption\":\"Textilegence Magazine and Digital Platform\"},\"image\":{\"@id\":\"https:\\\/\\\/www.textilegence.com\\\/en\\\/#\\\/schema\\\/logo\\\/image\\\/\"},\"sameAs\":[\"https:\\\/\\\/www.facebook.com\\\/TextilegenceMagazine\",\"https:\\\/\\\/x.com\\\/textilegence\",\"https:\\\/\\\/www.instagram.com\\\/textilegence\\\/\",\"https:\\\/\\\/www.linkedin.com\\\/groups\\\/Textilegence-Magazine-Digital-Platform-4897253\",\"https:\\\/\\\/www.youtube.com\\\/user\\\/textilegence\"],\"description\":\"Textilegence is a magazine and digital platform established in 2013. It focuses on the textile industry and sub-segments. The platform provides news, articles, and updates on various aspects of the textile industry, including sustainability, technological advancements, and market trends.\",\"email\":\"editor@textilegence.com\",\"telephone\":\"+90 212 442 24 12\",\"legalName\":\"Textilegence Mag and Digital Platform\",\"foundingDate\":\"2013-01-01\",\"numberOfEmployees\":{\"@type\":\"QuantitativeValue\",\"minValue\":\"1\",\"maxValue\":\"10\"}},{\"@type\":\"Person\",\"@id\":\"https:\\\/\\\/www.textilegence.com\\\/en\\\/#\\\/schema\\\/person\\\/46ccc7bfc34edbc7d46b6b189f88849f\",\"name\":\"Engin Buz\",\"image\":{\"@type\":\"ImageObject\",\"inLanguage\":\"en-US\",\"@id\":\"https:\\\/\\\/www.textilegence.com\\\/wp-content\\\/uploads\\\/2018\\\/12\\\/engin-buz.jpg\",\"url\":\"https:\\\/\\\/www.textilegence.com\\\/wp-content\\\/uploads\\\/2018\\\/12\\\/engin-buz.jpg\",\"contentUrl\":\"https:\\\/\\\/www.textilegence.com\\\/wp-content\\\/uploads\\\/2018\\\/12\\\/engin-buz.jpg\",\"caption\":\"Engin Buz\"},\"description\":\"Engin Buz, Ankara \u00dcniversitesi \u0130leti\u015fim Fak\u00fcltesi Gazetecilik B\u00f6l\u00fcm\u00fc\u2019nden mezun olduktan sonra Y\u0131ld\u0131z Teknik \u00dcniversitesi\u2019nde Siyaset Bilimi ve Uluslararas\u0131 \u0130li\u015fkiler alan\u0131nda y\u00fcksek lisans\u0131n\u0131 tamamlam\u0131\u015ft\u0131r. 2000 y\u0131l\u0131ndan sonra \u00e7e\u015fitli yay\u0131nc\u0131l\u0131k \u015firketlerinde \u00e7al\u0131\u015fmaya ba\u015flayarak k\u00fclt\u00fcr-sanat ve daha sonra ekonomi haberleri haz\u0131rlam\u0131\u015ft\u0131r. 2009 y\u0131l\u0131ndan itibaren tekstil end\u00fcstrisine d\u00f6n\u00fck yay\u0131nlarda edit\u00f6r olarak g\u00f6rev alan Buz, 2013 itibariyle kurulan Textilegence\u2019de haber edit\u00f6r\u00fc olarak yer almaya ba\u015flam\u0131\u015ft\u0131r. Engin Buz halen ba\u015fta tekstil ve dijital bask\u0131 end\u00fcstrileri olmak \u00fczere ekonomi haberleri haz\u0131rlamaktad\u0131r.\",\"sameAs\":[\"https:\\\/\\\/www.textilegence.com\",\"https:\\\/\\\/www.facebook.com\\\/TextilegenceMagazine\",\"https:\\\/\\\/www.instagram.com\\\/textilegence\\\/\",\"https:\\\/\\\/www.linkedin.com\\\/in\\\/engin-buz-6190799a\\\/\",\"https:\\\/\\\/x.com\\\/https:\\\/\\\/twitter.com\\\/textilegence\"],\"url\":\"https:\\\/\\\/www.textilegence.com\\\/en\\\/author\\\/engin-buz\\\/\"}]}<\/script>\n<!-- \/ Yoast SEO Premium plugin. -->","yoast_head_json":{"title":"Mayer & Cie. will make use of the virtual fair opportunity - Textilegence","description":"Mayer & Cie., one of the leading manufacturers of circular knitting machines, will take part in the Innovate Textile + Apparel Virtual...","robots":{"index":"index","follow":"follow","max-snippet":"max-snippet:-1","max-image-preview":"max-image-preview:large","max-video-preview":"max-video-preview:-1"},"canonical":"https:\/\/www.textilegence.com\/en\/mayer-cie-will-make-use-of-the-virtual-fair-opportunity\/","og_locale":"en_US","og_type":"article","og_title":"Mayer & Cie. will make use of the virtual fair opportunity","og_description":"While conventional fairs could not be held due to the Covid-19 pandemic, digital communication opportunities brought forward a new medium in this process;","og_url":"https:\/\/www.textilegence.com\/en\/mayer-cie-will-make-use-of-the-virtual-fair-opportunity\/","og_site_name":"Textilegence Magazine and Digital Platform","article_publisher":"https:\/\/www.facebook.com\/TextilegenceMagazine","article_author":"https:\/\/www.facebook.com\/TextilegenceMagazine","article_published_time":"2020-09-25T12:48:07+00:00","article_modified_time":"2020-09-25T12:49:13+00:00","og_image":[{"width":1200,"height":675,"url":"https:\/\/www.textilegence.com\/wp-content\/uploads\/2020\/09\/mayer-cie-textilegenece.jpg","type":"image\/jpeg"}],"author":"Engin Buz","twitter_card":"summary_large_image","twitter_creator":"@https:\/\/twitter.com\/textilegence","twitter_site":"@textilegence","twitter_misc":{"Written by":"Engin Buz","Est. reading time":"2 minutes"},"schema":{"@context":"https:\/\/schema.org","@graph":[{"@type":"NewsArticle","@id":"https:\/\/www.textilegence.com\/en\/mayer-cie-will-make-use-of-the-virtual-fair-opportunity\/#article","isPartOf":{"@id":"https:\/\/www.textilegence.com\/en\/mayer-cie-will-make-use-of-the-virtual-fair-opportunity\/"},"author":{"name":"Engin Buz","@id":"https:\/\/www.textilegence.com\/en\/#\/schema\/person\/46ccc7bfc34edbc7d46b6b189f88849f"},"headline":"Mayer &#038; Cie. will make use of the virtual fair opportunity","datePublished":"2020-09-25T12:48:07+00:00","dateModified":"2020-09-25T12:49:13+00:00","mainEntityOfPage":{"@id":"https:\/\/www.textilegence.com\/en\/mayer-cie-will-make-use-of-the-virtual-fair-opportunity\/"},"wordCount":444,"commentCount":0,"publisher":{"@id":"https:\/\/www.textilegence.com\/en\/#organization"},"image":{"@id":"https:\/\/www.textilegence.com\/en\/mayer-cie-will-make-use-of-the-virtual-fair-opportunity\/#primaryimage"},"thumbnailUrl":"https:\/\/www.textilegence.com\/wp-content\/uploads\/2020\/09\/mayer-cie-textilegenece.jpg","keywords":["knitting","mayer cie","textile news"],"articleSection":["Knitting"],"inLanguage":"en-US","potentialAction":[{"@type":"CommentAction","name":"Comment","target":["https:\/\/www.textilegence.com\/en\/mayer-cie-will-make-use-of-the-virtual-fair-opportunity\/#respond"]}]},{"@type":"WebPage","@id":"https:\/\/www.textilegence.com\/en\/mayer-cie-will-make-use-of-the-virtual-fair-opportunity\/","url":"https:\/\/www.textilegence.com\/en\/mayer-cie-will-make-use-of-the-virtual-fair-opportunity\/","name":"Mayer & Cie. will make use of the virtual fair opportunity - Textilegence","isPartOf":{"@id":"https:\/\/www.textilegence.com\/en\/#website"},"primaryImageOfPage":{"@id":"https:\/\/www.textilegence.com\/en\/mayer-cie-will-make-use-of-the-virtual-fair-opportunity\/#primaryimage"},"image":{"@id":"https:\/\/www.textilegence.com\/en\/mayer-cie-will-make-use-of-the-virtual-fair-opportunity\/#primaryimage"},"thumbnailUrl":"https:\/\/www.textilegence.com\/wp-content\/uploads\/2020\/09\/mayer-cie-textilegenece.jpg","datePublished":"2020-09-25T12:48:07+00:00","dateModified":"2020-09-25T12:49:13+00:00","description":"Mayer & Cie., one of the leading manufacturers of circular knitting machines, will take part in the Innovate Textile + Apparel Virtual...","breadcrumb":{"@id":"https:\/\/www.textilegence.com\/en\/mayer-cie-will-make-use-of-the-virtual-fair-opportunity\/#breadcrumb"},"inLanguage":"en-US","potentialAction":[{"@type":"ReadAction","target":["https:\/\/www.textilegence.com\/en\/mayer-cie-will-make-use-of-the-virtual-fair-opportunity\/"]}]},{"@type":"ImageObject","inLanguage":"en-US","@id":"https:\/\/www.textilegence.com\/en\/mayer-cie-will-make-use-of-the-virtual-fair-opportunity\/#primaryimage","url":"https:\/\/www.textilegence.com\/wp-content\/uploads\/2020\/09\/mayer-cie-textilegenece.jpg","contentUrl":"https:\/\/www.textilegence.com\/wp-content\/uploads\/2020\/09\/mayer-cie-textilegenece.jpg","width":1200,"height":675},{"@type":"BreadcrumbList","@id":"https:\/\/www.textilegence.com\/en\/mayer-cie-will-make-use-of-the-virtual-fair-opportunity\/#breadcrumb","itemListElement":[{"@type":"ListItem","position":1,"name":"Home Page","item":"https:\/\/www.textilegence.com\/en\/homepage-the-rimont\/"},{"@type":"ListItem","position":2,"name":"Knitting","item":"https:\/\/www.textilegence.com\/en\/category\/knitting\/"},{"@type":"ListItem","position":3,"name":"Mayer &#038; Cie. will make use of the virtual fair opportunity"}]},{"@type":"WebSite","@id":"https:\/\/www.textilegence.com\/en\/#website","url":"https:\/\/www.textilegence.com\/en\/","name":"Textilegence Magazine and Digital Platform","description":"Textile News Center","publisher":{"@id":"https:\/\/www.textilegence.com\/en\/#organization"},"potentialAction":[{"@type":"SearchAction","target":{"@type":"EntryPoint","urlTemplate":"https:\/\/www.textilegence.com\/en\/?s={search_term_string}"},"query-input":{"@type":"PropertyValueSpecification","valueRequired":true,"valueName":"search_term_string"}}],"inLanguage":"en-US"},{"@type":"Organization","@id":"https:\/\/www.textilegence.com\/en\/#organization","name":"Textilegence Magazine and Digital Platform","url":"https:\/\/www.textilegence.com\/en\/","logo":{"@type":"ImageObject","inLanguage":"en-US","@id":"https:\/\/www.textilegence.com\/en\/#\/schema\/logo\/image\/","url":"https:\/\/www.textilegence.com\/wp-content\/uploads\/2016\/11\/New_Retina_Logo_Textilegence.png","contentUrl":"https:\/\/www.textilegence.com\/wp-content\/uploads\/2016\/11\/New_Retina_Logo_Textilegence.png","width":544,"height":180,"caption":"Textilegence Magazine and Digital Platform"},"image":{"@id":"https:\/\/www.textilegence.com\/en\/#\/schema\/logo\/image\/"},"sameAs":["https:\/\/www.facebook.com\/TextilegenceMagazine","https:\/\/x.com\/textilegence","https:\/\/www.instagram.com\/textilegence\/","https:\/\/www.linkedin.com\/groups\/Textilegence-Magazine-Digital-Platform-4897253","https:\/\/www.youtube.com\/user\/textilegence"],"description":"Textilegence is a magazine and digital platform established in 2013. It focuses on the textile industry and sub-segments. The platform provides news, articles, and updates on various aspects of the textile industry, including sustainability, technological advancements, and market trends.","email":"editor@textilegence.com","telephone":"+90 212 442 24 12","legalName":"Textilegence Mag and Digital Platform","foundingDate":"2013-01-01","numberOfEmployees":{"@type":"QuantitativeValue","minValue":"1","maxValue":"10"}},{"@type":"Person","@id":"https:\/\/www.textilegence.com\/en\/#\/schema\/person\/46ccc7bfc34edbc7d46b6b189f88849f","name":"Engin Buz","image":{"@type":"ImageObject","inLanguage":"en-US","@id":"https:\/\/www.textilegence.com\/wp-content\/uploads\/2018\/12\/engin-buz.jpg","url":"https:\/\/www.textilegence.com\/wp-content\/uploads\/2018\/12\/engin-buz.jpg","contentUrl":"https:\/\/www.textilegence.com\/wp-content\/uploads\/2018\/12\/engin-buz.jpg","caption":"Engin Buz"},"description":"Engin Buz, Ankara \u00dcniversitesi \u0130leti\u015fim Fak\u00fcltesi Gazetecilik B\u00f6l\u00fcm\u00fc\u2019nden mezun olduktan sonra Y\u0131ld\u0131z Teknik \u00dcniversitesi\u2019nde Siyaset Bilimi ve Uluslararas\u0131 \u0130li\u015fkiler alan\u0131nda y\u00fcksek lisans\u0131n\u0131 tamamlam\u0131\u015ft\u0131r. 2000 y\u0131l\u0131ndan sonra \u00e7e\u015fitli yay\u0131nc\u0131l\u0131k \u015firketlerinde \u00e7al\u0131\u015fmaya ba\u015flayarak k\u00fclt\u00fcr-sanat ve daha sonra ekonomi haberleri haz\u0131rlam\u0131\u015ft\u0131r. 2009 y\u0131l\u0131ndan itibaren tekstil end\u00fcstrisine d\u00f6n\u00fck yay\u0131nlarda edit\u00f6r olarak g\u00f6rev alan Buz, 2013 itibariyle kurulan Textilegence\u2019de haber edit\u00f6r\u00fc olarak yer almaya ba\u015flam\u0131\u015ft\u0131r. Engin Buz halen ba\u015fta tekstil ve dijital bask\u0131 end\u00fcstrileri olmak \u00fczere ekonomi haberleri haz\u0131rlamaktad\u0131r.","sameAs":["https:\/\/www.textilegence.com","https:\/\/www.facebook.com\/TextilegenceMagazine","https:\/\/www.instagram.com\/textilegence\/","https:\/\/www.linkedin.com\/in\/engin-buz-6190799a\/","https:\/\/x.com\/https:\/\/twitter.com\/textilegence"],"url":"https:\/\/www.textilegence.com\/en\/author\/engin-buz\/"}]}},"_links":{"self":[{"href":"https:\/\/www.textilegence.com\/en\/wp-json\/wp\/v2\/posts\/38803","targetHints":{"allow":["GET"]}}],"collection":[{"href":"https:\/\/www.textilegence.com\/en\/wp-json\/wp\/v2\/posts"}],"about":[{"href":"https:\/\/www.textilegence.com\/en\/wp-json\/wp\/v2\/types\/post"}],"author":[{"embeddable":true,"href":"https:\/\/www.textilegence.com\/en\/wp-json\/wp\/v2\/users\/2"}],"replies":[{"embeddable":true,"href":"https:\/\/www.textilegence.com\/en\/wp-json\/wp\/v2\/comments?post=38803"}],"version-history":[{"count":0,"href":"https:\/\/www.textilegence.com\/en\/wp-json\/wp\/v2\/posts\/38803\/revisions"}],"wp:featuredmedia":[{"embeddable":true,"href":"https:\/\/www.textilegence.com\/en\/wp-json\/wp\/v2\/media\/38799"}],"wp:attachment":[{"href":"https:\/\/www.textilegence.com\/en\/wp-json\/wp\/v2\/media?parent=38803"}],"wp:term":[{"taxonomy":"category","embeddable":true,"href":"https:\/\/www.textilegence.com\/en\/wp-json\/wp\/v2\/categories?post=38803"},{"taxonomy":"post_tag","embeddable":true,"href":"https:\/\/www.textilegence.com\/en\/wp-json\/wp\/v2\/tags?post=38803"}],"curies":[{"name":"wp","href":"https:\/\/api.w.org\/{rel}","templated":true}]}}