{"id":39586,"date":"2021-02-10T09:22:03","date_gmt":"2021-02-10T06:22:03","guid":{"rendered":"http:\/\/www.textilegence.com\/?p=39586"},"modified":"2021-02-10T10:06:30","modified_gmt":"2021-02-10T07:06:30","slug":"groz-beckert-face-masks","status":"publish","type":"post","link":"https:\/\/www.textilegence.com\/en\/groz-beckert-face-masks\/","title":{"rendered":"Groz-Beckert tells about the technical specifications of face masks"},"content":{"rendered":"<p style=\"text-align: justify;\">We all know that necessity is the mother of invention, which is why, due to the lack of availability, mouth and nose masks were home-sewn \u2013 and the so-called community mask became a true design object. But what is in commercial face masks and how do they work? <a href=\"https:\/\/www.groz-beckert.com\/\" target=\"_blank\" rel=\"noopener\">Groz-Beckert<\/a> will provide the answers to these questions in this article.<\/p>\n<p style=\"text-align: justify;\">The \u2018simple mouth mask\u2019 \u2013 also known as surgical mask \u2013 is designed mainly to protect the surroundings of the wearer; from germs that the wearer may spread by breathing or sneezing, for example. These masks usually consist of a triple-layer sandwich design (SMS) made from <a href=\"https:\/\/www.textilegence.com\/en\/category\/technical-textiles\/\" target=\"_blank\" rel=\"noopener\">nonwovens<\/a>:<\/p>\n<p style=\"text-align: justify;\">Layer 1: Spunbonded fleece<\/p>\n<p style=\"text-align: justify;\">Layer 2: Meltblown nonwoven<\/p>\n<p style=\"text-align: justify;\">Layer 3: Spunbonded fleece<\/p>\n<p style=\"text-align: justify;\">These three layers are usually joined with polypropylene (PP), which is thermally bonded. The meltblown layer made from PP microfibers is responsible for providing the germ and liquid barrier properties in these masks. The fine endless fibers in the meltblown nonwovens are up to 70 times finer than human hair and therefore have a fiber diameter with a thickness of just one micrometer in places. In contrast, a cotton fiber \u2013 which is often used to make community masks \u2013 is often between 12 and 35 \u00b5m thick, with a length of 15 to 56 mm.<\/p>\n<p style=\"text-align: justify;\">The separation of particles, i.e. the separation of particles from the air flow, on filter-active layers works according to the following principles:<\/p>\n<h2 style=\"text-align: justify;\"><strong>Sieve effect<\/strong><\/h2>\n<p style=\"text-align: justify;\">Particles with a diameter larger than the pore diameter of the nonwovens are caught in the structure. This effect is irrelevant for these masks.<\/p>\n<h2 style=\"text-align: justify;\"><strong>Inertial effect<\/strong><\/h2>\n<p style=\"text-align: justify;\">Larger particles can no longer follow the air flow around the fiber, maintain their direction and meet the surface of the fiber which they are caught by.<\/p>\n<h2 style=\"text-align: justify;\"><strong>Diffusion effect<\/strong><\/h2>\n<p style=\"text-align: justify;\">Extremely small particles move freely and chaotically on their trajectory in the air flow. The additional level of movement increases the probability that they will come into contact with the fibers and be caught there.<\/p>\n<h2 style=\"text-align: justify;\"><strong>Electrostatic attraction<\/strong><\/h2>\n<p style=\"text-align: justify;\">The electrostatic charge of the fibers means that particles are drawn in by the fibers like a magnet and are held there (separated).<\/p>\n<p style=\"text-align: justify;\">Although the spaces between the melt-blown microfibers are significantly smaller than those between cotton fibers, they can still be up to one hundred times larger than the Covid-19 virus (approx. 0.12 micrometers). A mouth and nose mask is therefore usually not sufficient to separate virus-bearing aerosols.<\/p>\n<p style=\"text-align: justify;\">So-called FFP masks are used to separate droplets of liquid with the Covid-19 virus (in accordance with DIN EN 149). These filtrating half masks are respirators to provide protection against particles. They have a more elaborate design than the surgical masks, as multi-layer filter layers are used here in some cases and the mask follows the shape of the face. The quality class of the mask is determined by its ability to separate particles (in addition to other properties). The masks are divided into classes based on the degree of separation achieved.<\/p>\n<figure id=\"attachment_39587\" aria-describedby=\"caption-attachment-39587\" style=\"width: 1200px\" class=\"wp-caption aligncenter\"><img loading=\"lazy\" decoding=\"async\" class=\"wp-image-39587 size-full\" src=\"https:\/\/www.textilegence.com\/wp-content\/uploads\/2021\/02\/groz-beckert-detail-1-en.jpg\" alt=\"Groz-Beckert tells about the technical specifications of face masks\" width=\"1200\" height=\"675\" srcset=\"https:\/\/www.textilegence.com\/wp-content\/uploads\/2021\/02\/groz-beckert-detail-1-en.jpg 1200w, https:\/\/www.textilegence.com\/wp-content\/uploads\/2021\/02\/groz-beckert-detail-1-en-768x432.jpg 768w, https:\/\/www.textilegence.com\/wp-content\/uploads\/2021\/02\/groz-beckert-detail-1-en-696x392.jpg 696w, https:\/\/www.textilegence.com\/wp-content\/uploads\/2021\/02\/groz-beckert-detail-1-en-1068x601.jpg 1068w\" sizes=\"auto, (max-width: 1200px) 100vw, 1200px\" \/><figcaption id=\"caption-attachment-39587\" class=\"wp-caption-text\">Groz-Beckert tells about the technical specifications of face masks<\/figcaption><\/figure>\n<p style=\"text-align: justify;\">*95l\/min for sodium chloride &amp; paraffin oil test<\/p>\n<p style=\"text-align: justify;\">The filtrating half masks can also be fitted with an exhalation valve. FFP2 and FFP3 masks with a valve protect the wearer from the smallest particles and aerosols from the air. Masks without a valve also protect the surroundings from contamination. Both classifications are recommended for protecting against coronavirus.<\/p>\n<p style=\"text-align: justify;\">Depending on the country or region, different classifications, standards and quality classes are used to categorize the masks. In Europe, the EN 14683 standard applies, in China, the YY 0469 or KN standard is used (e.g.: KN95) and the USA use the N standard (e.g.: N95):<\/p>\n<figure id=\"attachment_39589\" aria-describedby=\"caption-attachment-39589\" style=\"width: 1200px\" class=\"wp-caption aligncenter\"><img loading=\"lazy\" decoding=\"async\" class=\"wp-image-39589 size-full\" src=\"https:\/\/www.textilegence.com\/wp-content\/uploads\/2021\/02\/groz-beckert-detail-2-en.jpg\" alt=\"Groz-Beckert tells about the technical specifications of face masks\" width=\"1200\" height=\"675\" srcset=\"https:\/\/www.textilegence.com\/wp-content\/uploads\/2021\/02\/groz-beckert-detail-2-en.jpg 1200w, https:\/\/www.textilegence.com\/wp-content\/uploads\/2021\/02\/groz-beckert-detail-2-en-768x432.jpg 768w, https:\/\/www.textilegence.com\/wp-content\/uploads\/2021\/02\/groz-beckert-detail-2-en-696x392.jpg 696w, https:\/\/www.textilegence.com\/wp-content\/uploads\/2021\/02\/groz-beckert-detail-2-en-1068x601.jpg 1068w\" sizes=\"auto, (max-width: 1200px) 100vw, 1200px\" \/><figcaption id=\"caption-attachment-39589\" class=\"wp-caption-text\">Groz-Beckert tells about the technical specifications of face masks<\/figcaption><\/figure>\n<p style=\"text-align: justify;\">In addition to masks, other hygiene-related items are more in demand than ever. Body care and hygiene products, such as antimicrobial wet wipes or dressings and surgical materials are often manufactured via hydroentanglement.\u00a0Jet strips from Groz-Beckert\u00a0are used in this process, among other things.<\/p>\n<p style=\"text-align: justify;\">But cleaning cloths for cleaning floors, disinfecting or general surface cleaning have also become more popular. Some of these are made using\u00a0felting needles from Groz-Beckert.<\/p>\n<h2 style=\"text-align: justify;\"><strong>Did you know?<\/strong><\/h2>\n<p style=\"text-align: justify;\">In 2019, China became the largest exporter of medical protective equipment with a 17 percent market share. Germany was in second place with 13 percent, followed by the USA with 10 percent market share. The total value of protective equipment exported in 2019 was around 135 billion USD, which is likely to be exceed by 2020.<\/p>\n<p style=\"text-align: justify;\">\n","protected":false},"excerpt":{"rendered":"<p>We all know that necessity is the mother of invention, which is why, due to the lack of availability, mouth and nose masks were home-sewn \u2013 and the so-called community mask became a true design object. But what is in commercial face masks and how do they work? Groz-Beckert will provide the answers to these [&hellip;]<\/p>\n","protected":false},"author":16,"featured_media":39584,"comment_status":"open","ping_status":"closed","sticky":false,"template":"","format":"standard","meta":{"footnotes":""},"categories":[9866],"tags":[11151,11285,10369],"class_list":{"0":"post-39586","1":"post","2":"type-post","3":"status-publish","4":"format-standard","5":"has-post-thumbnail","7":"category-technical-textiles","8":"tag-groz-beckert","9":"tag-technical-textiles","10":"tag-textile-news-en"},"yoast_head":"<!-- This site is optimized with the Yoast SEO Premium plugin v27.3 (Yoast SEO v27.3) - https:\/\/yoast.com\/product\/yoast-seo-premium-wordpress\/ -->\n<title>Groz-Beckert tells about face masks - Textilegence<\/title>\n<meta name=\"description\" content=\"But what is in commercial face masks and how do they work? Groz-Beckert will provide the answers to these questions in this article.\" \/>\n<meta name=\"robots\" content=\"index, follow, max-snippet:-1, max-image-preview:large, max-video-preview:-1\" \/>\n<link rel=\"canonical\" href=\"https:\/\/www.textilegence.com\/en\/groz-beckert-face-masks\/\" \/>\n<meta property=\"og:locale\" content=\"en_US\" \/>\n<meta property=\"og:type\" content=\"article\" \/>\n<meta property=\"og:title\" content=\"Groz-Beckert tells about the technical specifications of face masks\" \/>\n<meta property=\"og:description\" content=\"We all know that necessity is the mother of invention, which is why, due to the lack of availability, mouth and nose masks were home-sewn \u2013 and the\" \/>\n<meta property=\"og:url\" content=\"https:\/\/www.textilegence.com\/en\/groz-beckert-face-masks\/\" \/>\n<meta property=\"og:site_name\" content=\"Textilegence Magazine and Digital Platform\" \/>\n<meta property=\"article:publisher\" content=\"https:\/\/www.facebook.com\/TextilegenceMagazine\" \/>\n<meta property=\"article:author\" content=\"https:\/\/www.facebook.com\/TextilegenceMagazine\" \/>\n<meta property=\"article:published_time\" content=\"2021-02-10T06:22:03+00:00\" \/>\n<meta property=\"article:modified_time\" content=\"2021-02-10T07:06:30+00:00\" \/>\n<meta property=\"og:image\" content=\"https:\/\/www.textilegence.com\/wp-content\/uploads\/2021\/02\/groz-beckert-textilegence.jpg\" \/>\n\t<meta property=\"og:image:width\" content=\"1200\" \/>\n\t<meta property=\"og:image:height\" content=\"675\" \/>\n\t<meta property=\"og:image:type\" content=\"image\/jpeg\" \/>\n<meta name=\"author\" content=\"Emirhan \u00c7ilo\u011flu\" \/>\n<meta name=\"twitter:card\" content=\"summary_large_image\" \/>\n<meta name=\"twitter:creator\" content=\"@https:\/\/twitter.com\/textilegence\" \/>\n<meta name=\"twitter:site\" content=\"@textilegence\" \/>\n<meta name=\"twitter:label1\" content=\"Written by\" \/>\n\t<meta name=\"twitter:data1\" content=\"Emirhan \u00c7ilo\u011flu\" \/>\n\t<meta name=\"twitter:label2\" content=\"Est. reading time\" \/>\n\t<meta name=\"twitter:data2\" content=\"4 minutes\" \/>\n<script type=\"application\/ld+json\" class=\"yoast-schema-graph\">{\"@context\":\"https:\\\/\\\/schema.org\",\"@graph\":[{\"@type\":\"NewsArticle\",\"@id\":\"https:\\\/\\\/www.textilegence.com\\\/en\\\/groz-beckert-face-masks\\\/#article\",\"isPartOf\":{\"@id\":\"https:\\\/\\\/www.textilegence.com\\\/en\\\/groz-beckert-face-masks\\\/\"},\"author\":{\"name\":\"Emirhan \u00c7ilo\u011flu\",\"@id\":\"https:\\\/\\\/www.textilegence.com\\\/en\\\/#\\\/schema\\\/person\\\/8dbf2ab62ffdf644153f8c0f9c991f78\"},\"headline\":\"Groz-Beckert tells about the technical specifications of face masks\",\"datePublished\":\"2021-02-10T06:22:03+00:00\",\"dateModified\":\"2021-02-10T07:06:30+00:00\",\"mainEntityOfPage\":{\"@id\":\"https:\\\/\\\/www.textilegence.com\\\/en\\\/groz-beckert-face-masks\\\/\"},\"wordCount\":745,\"commentCount\":0,\"publisher\":{\"@id\":\"https:\\\/\\\/www.textilegence.com\\\/en\\\/#organization\"},\"image\":{\"@id\":\"https:\\\/\\\/www.textilegence.com\\\/en\\\/groz-beckert-face-masks\\\/#primaryimage\"},\"thumbnailUrl\":\"https:\\\/\\\/www.textilegence.com\\\/wp-content\\\/uploads\\\/2021\\\/02\\\/groz-beckert-textilegence.jpg\",\"keywords\":[\"groz-beckert\",\"technical textiles\",\"textile news\"],\"articleSection\":[\"Technical Textiles\"],\"inLanguage\":\"en-US\",\"potentialAction\":[{\"@type\":\"CommentAction\",\"name\":\"Comment\",\"target\":[\"https:\\\/\\\/www.textilegence.com\\\/en\\\/groz-beckert-face-masks\\\/#respond\"]}]},{\"@type\":\"WebPage\",\"@id\":\"https:\\\/\\\/www.textilegence.com\\\/en\\\/groz-beckert-face-masks\\\/\",\"url\":\"https:\\\/\\\/www.textilegence.com\\\/en\\\/groz-beckert-face-masks\\\/\",\"name\":\"Groz-Beckert tells about face masks - Textilegence\",\"isPartOf\":{\"@id\":\"https:\\\/\\\/www.textilegence.com\\\/en\\\/#website\"},\"primaryImageOfPage\":{\"@id\":\"https:\\\/\\\/www.textilegence.com\\\/en\\\/groz-beckert-face-masks\\\/#primaryimage\"},\"image\":{\"@id\":\"https:\\\/\\\/www.textilegence.com\\\/en\\\/groz-beckert-face-masks\\\/#primaryimage\"},\"thumbnailUrl\":\"https:\\\/\\\/www.textilegence.com\\\/wp-content\\\/uploads\\\/2021\\\/02\\\/groz-beckert-textilegence.jpg\",\"datePublished\":\"2021-02-10T06:22:03+00:00\",\"dateModified\":\"2021-02-10T07:06:30+00:00\",\"description\":\"But what is in commercial face masks and how do they work? Groz-Beckert will provide the answers to these questions in this article.\",\"breadcrumb\":{\"@id\":\"https:\\\/\\\/www.textilegence.com\\\/en\\\/groz-beckert-face-masks\\\/#breadcrumb\"},\"inLanguage\":\"en-US\",\"potentialAction\":[{\"@type\":\"ReadAction\",\"target\":[\"https:\\\/\\\/www.textilegence.com\\\/en\\\/groz-beckert-face-masks\\\/\"]}]},{\"@type\":\"ImageObject\",\"inLanguage\":\"en-US\",\"@id\":\"https:\\\/\\\/www.textilegence.com\\\/en\\\/groz-beckert-face-masks\\\/#primaryimage\",\"url\":\"https:\\\/\\\/www.textilegence.com\\\/wp-content\\\/uploads\\\/2021\\\/02\\\/groz-beckert-textilegence.jpg\",\"contentUrl\":\"https:\\\/\\\/www.textilegence.com\\\/wp-content\\\/uploads\\\/2021\\\/02\\\/groz-beckert-textilegence.jpg\",\"width\":1200,\"height\":675},{\"@type\":\"BreadcrumbList\",\"@id\":\"https:\\\/\\\/www.textilegence.com\\\/en\\\/groz-beckert-face-masks\\\/#breadcrumb\",\"itemListElement\":[{\"@type\":\"ListItem\",\"position\":1,\"name\":\"Home Page\",\"item\":\"https:\\\/\\\/www.textilegence.com\\\/en\\\/homepage-the-rimont\\\/\"},{\"@type\":\"ListItem\",\"position\":2,\"name\":\"Technical Textiles\",\"item\":\"https:\\\/\\\/www.textilegence.com\\\/en\\\/category\\\/technical-textiles\\\/\"},{\"@type\":\"ListItem\",\"position\":3,\"name\":\"Groz-Beckert tells about the technical specifications of face masks\"}]},{\"@type\":\"WebSite\",\"@id\":\"https:\\\/\\\/www.textilegence.com\\\/en\\\/#website\",\"url\":\"https:\\\/\\\/www.textilegence.com\\\/en\\\/\",\"name\":\"Textilegence Magazine and Digital Platform\",\"description\":\"Textile News Center\",\"publisher\":{\"@id\":\"https:\\\/\\\/www.textilegence.com\\\/en\\\/#organization\"},\"potentialAction\":[{\"@type\":\"SearchAction\",\"target\":{\"@type\":\"EntryPoint\",\"urlTemplate\":\"https:\\\/\\\/www.textilegence.com\\\/en\\\/?s={search_term_string}\"},\"query-input\":{\"@type\":\"PropertyValueSpecification\",\"valueRequired\":true,\"valueName\":\"search_term_string\"}}],\"inLanguage\":\"en-US\"},{\"@type\":\"Organization\",\"@id\":\"https:\\\/\\\/www.textilegence.com\\\/en\\\/#organization\",\"name\":\"Textilegence Magazine and Digital Platform\",\"url\":\"https:\\\/\\\/www.textilegence.com\\\/en\\\/\",\"logo\":{\"@type\":\"ImageObject\",\"inLanguage\":\"en-US\",\"@id\":\"https:\\\/\\\/www.textilegence.com\\\/en\\\/#\\\/schema\\\/logo\\\/image\\\/\",\"url\":\"https:\\\/\\\/www.textilegence.com\\\/wp-content\\\/uploads\\\/2016\\\/11\\\/New_Retina_Logo_Textilegence.png\",\"contentUrl\":\"https:\\\/\\\/www.textilegence.com\\\/wp-content\\\/uploads\\\/2016\\\/11\\\/New_Retina_Logo_Textilegence.png\",\"width\":544,\"height\":180,\"caption\":\"Textilegence Magazine and Digital Platform\"},\"image\":{\"@id\":\"https:\\\/\\\/www.textilegence.com\\\/en\\\/#\\\/schema\\\/logo\\\/image\\\/\"},\"sameAs\":[\"https:\\\/\\\/www.facebook.com\\\/TextilegenceMagazine\",\"https:\\\/\\\/x.com\\\/textilegence\",\"https:\\\/\\\/www.instagram.com\\\/textilegence\\\/\",\"https:\\\/\\\/www.linkedin.com\\\/groups\\\/Textilegence-Magazine-Digital-Platform-4897253\",\"https:\\\/\\\/www.youtube.com\\\/user\\\/textilegence\"],\"description\":\"Textilegence is a magazine and digital platform established in 2013. It focuses on the textile industry and sub-segments. The platform provides news, articles, and updates on various aspects of the textile industry, including sustainability, technological advancements, and market trends.\",\"email\":\"editor@textilegence.com\",\"telephone\":\"+90 212 442 24 12\",\"legalName\":\"Textilegence Mag and Digital Platform\",\"foundingDate\":\"2013-01-01\",\"numberOfEmployees\":{\"@type\":\"QuantitativeValue\",\"minValue\":\"1\",\"maxValue\":\"10\"}},{\"@type\":\"Person\",\"@id\":\"https:\\\/\\\/www.textilegence.com\\\/en\\\/#\\\/schema\\\/person\\\/8dbf2ab62ffdf644153f8c0f9c991f78\",\"name\":\"Emirhan \u00c7ilo\u011flu\",\"image\":{\"@type\":\"ImageObject\",\"inLanguage\":\"en-US\",\"@id\":\"https:\\\/\\\/www.textilegence.com\\\/wp-content\\\/uploads\\\/2021\\\/12\\\/emirhan.jpg\",\"url\":\"https:\\\/\\\/www.textilegence.com\\\/wp-content\\\/uploads\\\/2021\\\/12\\\/emirhan.jpg\",\"contentUrl\":\"https:\\\/\\\/www.textilegence.com\\\/wp-content\\\/uploads\\\/2021\\\/12\\\/emirhan.jpg\",\"caption\":\"Emirhan \u00c7ilo\u011flu\"},\"description\":\"Mahmut Emirhan \u00c7ilo\u011flu, \u0130stanbul\u2019da H\u00fcsn\u00fc M. \u00d6zye\u011fin Anadolu Lisesi\u2019nde lise e\u011fitimini tamamlam\u0131\u015f, sonras\u0131nda da \u0130stanbul \u00dcniversitesi\u2019nde Amerikan K\u00fclt\u00fcr\u00fc ve Edebiyat\u0131 lisans b\u00f6l\u00fcm\u00fcnden ba\u015far\u0131yla mezun olmu\u015ftur. 2021 itibari ile Textilegence\u2019da pazarlama ve d\u0131\u015f ili\u015fkiler sorumlusu olarak g\u00f6rev almaya ba\u015flayan \u00c7ilo\u011flu, kurumsal ileti\u015fimin g\u00fc\u00e7lendirilmesine katk\u0131 sa\u011flamaktad\u0131r.\",\"sameAs\":[\"https:\\\/\\\/www.textilegence.com\",\"https:\\\/\\\/www.facebook.com\\\/TextilegenceMagazine\",\"https:\\\/\\\/www.instagram.com\\\/textilegence\\\/\",\"https:\\\/\\\/www.linkedin.com\\\/in\\\/emre-yoleri-26151940\\\/\",\"https:\\\/\\\/x.com\\\/https:\\\/\\\/twitter.com\\\/textilegence\"],\"url\":\"https:\\\/\\\/www.textilegence.com\\\/en\\\/author\\\/emirhan-ciloglu\\\/\"}]}<\/script>\n<!-- \/ Yoast SEO Premium plugin. -->","yoast_head_json":{"title":"Groz-Beckert tells about face masks - Textilegence","description":"But what is in commercial face masks and how do they work? Groz-Beckert will provide the answers to these questions in this article.","robots":{"index":"index","follow":"follow","max-snippet":"max-snippet:-1","max-image-preview":"max-image-preview:large","max-video-preview":"max-video-preview:-1"},"canonical":"https:\/\/www.textilegence.com\/en\/groz-beckert-face-masks\/","og_locale":"en_US","og_type":"article","og_title":"Groz-Beckert tells about the technical specifications of face masks","og_description":"We all know that necessity is the mother of invention, which is why, due to the lack of availability, mouth and nose masks were home-sewn \u2013 and the","og_url":"https:\/\/www.textilegence.com\/en\/groz-beckert-face-masks\/","og_site_name":"Textilegence Magazine and Digital Platform","article_publisher":"https:\/\/www.facebook.com\/TextilegenceMagazine","article_author":"https:\/\/www.facebook.com\/TextilegenceMagazine","article_published_time":"2021-02-10T06:22:03+00:00","article_modified_time":"2021-02-10T07:06:30+00:00","og_image":[{"width":1200,"height":675,"url":"https:\/\/www.textilegence.com\/wp-content\/uploads\/2021\/02\/groz-beckert-textilegence.jpg","type":"image\/jpeg"}],"author":"Emirhan \u00c7ilo\u011flu","twitter_card":"summary_large_image","twitter_creator":"@https:\/\/twitter.com\/textilegence","twitter_site":"@textilegence","twitter_misc":{"Written by":"Emirhan \u00c7ilo\u011flu","Est. reading time":"4 minutes"},"schema":{"@context":"https:\/\/schema.org","@graph":[{"@type":"NewsArticle","@id":"https:\/\/www.textilegence.com\/en\/groz-beckert-face-masks\/#article","isPartOf":{"@id":"https:\/\/www.textilegence.com\/en\/groz-beckert-face-masks\/"},"author":{"name":"Emirhan \u00c7ilo\u011flu","@id":"https:\/\/www.textilegence.com\/en\/#\/schema\/person\/8dbf2ab62ffdf644153f8c0f9c991f78"},"headline":"Groz-Beckert tells about the technical specifications of face masks","datePublished":"2021-02-10T06:22:03+00:00","dateModified":"2021-02-10T07:06:30+00:00","mainEntityOfPage":{"@id":"https:\/\/www.textilegence.com\/en\/groz-beckert-face-masks\/"},"wordCount":745,"commentCount":0,"publisher":{"@id":"https:\/\/www.textilegence.com\/en\/#organization"},"image":{"@id":"https:\/\/www.textilegence.com\/en\/groz-beckert-face-masks\/#primaryimage"},"thumbnailUrl":"https:\/\/www.textilegence.com\/wp-content\/uploads\/2021\/02\/groz-beckert-textilegence.jpg","keywords":["groz-beckert","technical textiles","textile news"],"articleSection":["Technical Textiles"],"inLanguage":"en-US","potentialAction":[{"@type":"CommentAction","name":"Comment","target":["https:\/\/www.textilegence.com\/en\/groz-beckert-face-masks\/#respond"]}]},{"@type":"WebPage","@id":"https:\/\/www.textilegence.com\/en\/groz-beckert-face-masks\/","url":"https:\/\/www.textilegence.com\/en\/groz-beckert-face-masks\/","name":"Groz-Beckert tells about face masks - Textilegence","isPartOf":{"@id":"https:\/\/www.textilegence.com\/en\/#website"},"primaryImageOfPage":{"@id":"https:\/\/www.textilegence.com\/en\/groz-beckert-face-masks\/#primaryimage"},"image":{"@id":"https:\/\/www.textilegence.com\/en\/groz-beckert-face-masks\/#primaryimage"},"thumbnailUrl":"https:\/\/www.textilegence.com\/wp-content\/uploads\/2021\/02\/groz-beckert-textilegence.jpg","datePublished":"2021-02-10T06:22:03+00:00","dateModified":"2021-02-10T07:06:30+00:00","description":"But what is in commercial face masks and how do they work? Groz-Beckert will provide the answers to these questions in this article.","breadcrumb":{"@id":"https:\/\/www.textilegence.com\/en\/groz-beckert-face-masks\/#breadcrumb"},"inLanguage":"en-US","potentialAction":[{"@type":"ReadAction","target":["https:\/\/www.textilegence.com\/en\/groz-beckert-face-masks\/"]}]},{"@type":"ImageObject","inLanguage":"en-US","@id":"https:\/\/www.textilegence.com\/en\/groz-beckert-face-masks\/#primaryimage","url":"https:\/\/www.textilegence.com\/wp-content\/uploads\/2021\/02\/groz-beckert-textilegence.jpg","contentUrl":"https:\/\/www.textilegence.com\/wp-content\/uploads\/2021\/02\/groz-beckert-textilegence.jpg","width":1200,"height":675},{"@type":"BreadcrumbList","@id":"https:\/\/www.textilegence.com\/en\/groz-beckert-face-masks\/#breadcrumb","itemListElement":[{"@type":"ListItem","position":1,"name":"Home Page","item":"https:\/\/www.textilegence.com\/en\/homepage-the-rimont\/"},{"@type":"ListItem","position":2,"name":"Technical Textiles","item":"https:\/\/www.textilegence.com\/en\/category\/technical-textiles\/"},{"@type":"ListItem","position":3,"name":"Groz-Beckert tells about the technical specifications of face masks"}]},{"@type":"WebSite","@id":"https:\/\/www.textilegence.com\/en\/#website","url":"https:\/\/www.textilegence.com\/en\/","name":"Textilegence Magazine and Digital Platform","description":"Textile News Center","publisher":{"@id":"https:\/\/www.textilegence.com\/en\/#organization"},"potentialAction":[{"@type":"SearchAction","target":{"@type":"EntryPoint","urlTemplate":"https:\/\/www.textilegence.com\/en\/?s={search_term_string}"},"query-input":{"@type":"PropertyValueSpecification","valueRequired":true,"valueName":"search_term_string"}}],"inLanguage":"en-US"},{"@type":"Organization","@id":"https:\/\/www.textilegence.com\/en\/#organization","name":"Textilegence Magazine and Digital Platform","url":"https:\/\/www.textilegence.com\/en\/","logo":{"@type":"ImageObject","inLanguage":"en-US","@id":"https:\/\/www.textilegence.com\/en\/#\/schema\/logo\/image\/","url":"https:\/\/www.textilegence.com\/wp-content\/uploads\/2016\/11\/New_Retina_Logo_Textilegence.png","contentUrl":"https:\/\/www.textilegence.com\/wp-content\/uploads\/2016\/11\/New_Retina_Logo_Textilegence.png","width":544,"height":180,"caption":"Textilegence Magazine and Digital Platform"},"image":{"@id":"https:\/\/www.textilegence.com\/en\/#\/schema\/logo\/image\/"},"sameAs":["https:\/\/www.facebook.com\/TextilegenceMagazine","https:\/\/x.com\/textilegence","https:\/\/www.instagram.com\/textilegence\/","https:\/\/www.linkedin.com\/groups\/Textilegence-Magazine-Digital-Platform-4897253","https:\/\/www.youtube.com\/user\/textilegence"],"description":"Textilegence is a magazine and digital platform established in 2013. It focuses on the textile industry and sub-segments. The platform provides news, articles, and updates on various aspects of the textile industry, including sustainability, technological advancements, and market trends.","email":"editor@textilegence.com","telephone":"+90 212 442 24 12","legalName":"Textilegence Mag and Digital Platform","foundingDate":"2013-01-01","numberOfEmployees":{"@type":"QuantitativeValue","minValue":"1","maxValue":"10"}},{"@type":"Person","@id":"https:\/\/www.textilegence.com\/en\/#\/schema\/person\/8dbf2ab62ffdf644153f8c0f9c991f78","name":"Emirhan \u00c7ilo\u011flu","image":{"@type":"ImageObject","inLanguage":"en-US","@id":"https:\/\/www.textilegence.com\/wp-content\/uploads\/2021\/12\/emirhan.jpg","url":"https:\/\/www.textilegence.com\/wp-content\/uploads\/2021\/12\/emirhan.jpg","contentUrl":"https:\/\/www.textilegence.com\/wp-content\/uploads\/2021\/12\/emirhan.jpg","caption":"Emirhan \u00c7ilo\u011flu"},"description":"Mahmut Emirhan \u00c7ilo\u011flu, \u0130stanbul\u2019da H\u00fcsn\u00fc M. \u00d6zye\u011fin Anadolu Lisesi\u2019nde lise e\u011fitimini tamamlam\u0131\u015f, sonras\u0131nda da \u0130stanbul \u00dcniversitesi\u2019nde Amerikan K\u00fclt\u00fcr\u00fc ve Edebiyat\u0131 lisans b\u00f6l\u00fcm\u00fcnden ba\u015far\u0131yla mezun olmu\u015ftur. 2021 itibari ile Textilegence\u2019da pazarlama ve d\u0131\u015f ili\u015fkiler sorumlusu olarak g\u00f6rev almaya ba\u015flayan \u00c7ilo\u011flu, kurumsal ileti\u015fimin g\u00fc\u00e7lendirilmesine katk\u0131 sa\u011flamaktad\u0131r.","sameAs":["https:\/\/www.textilegence.com","https:\/\/www.facebook.com\/TextilegenceMagazine","https:\/\/www.instagram.com\/textilegence\/","https:\/\/www.linkedin.com\/in\/emre-yoleri-26151940\/","https:\/\/x.com\/https:\/\/twitter.com\/textilegence"],"url":"https:\/\/www.textilegence.com\/en\/author\/emirhan-ciloglu\/"}]}},"_links":{"self":[{"href":"https:\/\/www.textilegence.com\/en\/wp-json\/wp\/v2\/posts\/39586","targetHints":{"allow":["GET"]}}],"collection":[{"href":"https:\/\/www.textilegence.com\/en\/wp-json\/wp\/v2\/posts"}],"about":[{"href":"https:\/\/www.textilegence.com\/en\/wp-json\/wp\/v2\/types\/post"}],"author":[{"embeddable":true,"href":"https:\/\/www.textilegence.com\/en\/wp-json\/wp\/v2\/users\/16"}],"replies":[{"embeddable":true,"href":"https:\/\/www.textilegence.com\/en\/wp-json\/wp\/v2\/comments?post=39586"}],"version-history":[{"count":0,"href":"https:\/\/www.textilegence.com\/en\/wp-json\/wp\/v2\/posts\/39586\/revisions"}],"wp:featuredmedia":[{"embeddable":true,"href":"https:\/\/www.textilegence.com\/en\/wp-json\/wp\/v2\/media\/39584"}],"wp:attachment":[{"href":"https:\/\/www.textilegence.com\/en\/wp-json\/wp\/v2\/media?parent=39586"}],"wp:term":[{"taxonomy":"category","embeddable":true,"href":"https:\/\/www.textilegence.com\/en\/wp-json\/wp\/v2\/categories?post=39586"},{"taxonomy":"post_tag","embeddable":true,"href":"https:\/\/www.textilegence.com\/en\/wp-json\/wp\/v2\/tags?post=39586"}],"curies":[{"name":"wp","href":"https:\/\/api.w.org\/{rel}","templated":true}]}}