{"id":41000,"date":"2021-06-11T19:55:10","date_gmt":"2021-06-11T16:55:10","guid":{"rendered":"http:\/\/www.textilegence.com\/?p=41000"},"modified":"2021-06-11T19:55:50","modified_gmt":"2021-06-11T16:55:50","slug":"bruckner-will-exhibit-industry-4-0-and-automation-solutions-at-itma-asia","status":"publish","type":"post","link":"https:\/\/www.textilegence.com\/en\/bruckner-will-exhibit-industry-4-0-and-automation-solutions-at-itma-asia\/","title":{"rendered":"BR\u00dcCKNER will exhibit Industry 4.0 and automation solutions at ITMA Asia"},"content":{"rendered":"\n<p>German textile machinery <a href=\"https:\/\/www.brueckner.com\/en\" target=\"_blank\" rel=\"noreferrer noopener\">manufacturer<\/a> BR\u00dcCKNER will host its visitors at the ITMA Asia + CITME, which will take place at the National Fair and Congress Center on June 12-16. Operating in the field of dry finishing of textiles, technical textiles, nonwovens, glass fabrics and floor coverings for more than 70 years, the company will introduce its new features on Industry 4.0 and automated production at the fair. BR\u00dcCKNER will be waiting for the participants in Hall 6, booth A18, where it will showcase its product portfolio and <a href=\"\/?cat_ID=5721\" target=\"_blank\" rel=\"noreferrer noopener\">services<\/a>.<\/p>\n\n\n\n<h2 class=\"wp-block-heading\" id=\"h-br-ckner-increases-productivity-with-the-intelligent-assistance-system-it-will-present-at-itma-asia\"><strong>BR\u00dcCKNER increases productivity with the intelligent assistance system it will present at ITMA Asia<\/strong><\/h2>\n\n\n\n<p>An intelligent assistance system, giving important tips to the machine operator about setting the individual machine parameters, is among the solutions of the company to be exhibited at the fair. The system demonstrates how even more energy can be saved while maintaining the same level of productivity. A newly developed maintenance manager supports the operating personnel in planning maintenance and cleaning work by monitoring all processes in the background. It also provides information on the timely reordering of wear parts.<\/p>\n\n\n\n<p>Thanks to this intelligent assistance system, the operator can always access all current production data such as batch size, energy consumption and machine downtimes with the new dashboard tool. In addition, many problems can be solved online via augmented reality when technician support is needed. Thus, this service offered by the company saves time for both sides and eliminates distances.<\/p>\n\n\n\n<h2 class=\"wp-block-heading\" id=\"h-customer-specific-coating-solutions\"><strong>Customer-specific coating solutions<\/strong><\/h2>\n\n\n\n<p>Visitors to the BR\u00dcCKNER stand will also have the opportunity to examine the company&#8217;s technical textile coating solutions. The company supplies many lines with fabric widths up to 7 metres in this field and meets every need from one source. BR\u00dcCKNER, one of the leading manufacturers in knitted fabric finishing, offers for every application the perfect solution individually adapted to the customer; no matter whether extremely sensitive fabrics such as lace or fabrics with a high elastane content are to be finished or whether knitted fabric is to be coated directly.<\/p>\n\n\n\n<h2 class=\"wp-block-heading\" id=\"h-br-ckner-saves-energy-on-all-lines\"><strong>BR\u00dcCKNER saves energy on all lines<\/strong><\/h2>\n\n\n\n<p>Various ovens in the product portfolio of BR\u00dcCKNER, which has also developed itself in the nonwoven segment in recent years, dry and consolidate nonwoven materials for several different fields. Application areas include hygiene and medical textiles, building and geotextiles, filter materials as well as fabrics for clothing, cleaning, care and vehicles. The company completes its product range with various application systems such as foam impregnation units, coating machines, kiss roll or flocking units.<\/p>\n\n\n\n<p>Offering complete lines for the finishing of carpets, PVC floor coverings or artificial turf, BR\u00dcCKNER also provides the corresponding components for energy saving on all lines. The most efficient heat recovery and pollution control systems allow customers to realize significant energy savings depending on fabric and process type.<\/p>\n\n\n\n<p>With its modular design, the company also makes it easy to clean BR\u00dcCKNER lines. These lines not only reduce the consumption of valuable resources but also contribute significantly to environmental protection. Besides, the company offers comprehensive and integral energy consulting, specifically adapted to the circumstances of each individual customer.<\/p>\n\n\n\n<div class=\"wp-block-image\"><figure class=\"aligncenter size-large\"><img loading=\"lazy\" decoding=\"async\" width=\"1200\" height=\"675\" src=\"https:\/\/www.textilegence.com\/wp-content\/uploads\/2021\/06\/bruckner-detail-1.jpg\" alt=\"BR\u00dcCKNER will exhibit Industry 4.0 and automation solutions at ITMA Asia\" class=\"wp-image-40998\" srcset=\"https:\/\/www.textilegence.com\/wp-content\/uploads\/2021\/06\/bruckner-detail-1.jpg 1200w, https:\/\/www.textilegence.com\/wp-content\/uploads\/2021\/06\/bruckner-detail-1-768x432.jpg 768w, https:\/\/www.textilegence.com\/wp-content\/uploads\/2021\/06\/bruckner-detail-1-696x392.jpg 696w, https:\/\/www.textilegence.com\/wp-content\/uploads\/2021\/06\/bruckner-detail-1-1068x601.jpg 1068w\" sizes=\"auto, (max-width: 1200px) 100vw, 1200px\" \/><figcaption>BR\u00dcCKNER will exhibit Industry 4.0 and automation solutions at ITMA Asia<\/figcaption><\/figure><\/div>\n\n\n\n<h2 class=\"wp-block-heading\" id=\"h-br-ckner-provides-fast-service-to-the-chinese-market-with-its-shanghai-branch-office\"><strong>BR\u00dcCKNER provides fast service to the Chinese market with its Shanghai branch office<\/strong><\/h2>\n\n\n\n<p>BR\u00dcCKNER, which has approximately 90 agencies around the world, has been serving for many years in China, one of the most important markets in the global textile industry, with its two agencies. The company established its own branch office in Shanghai at the end of 2019 to be better positioned in the region in the future. In addition to sales, service and administration staff, BR\u00dcCKNER&#8217;s own technicians work all over the country to commission machines and attend to customers personally. Technicians are also available across Asia on-demand. Depending on travel times and distances, service calls can be realized within 24 hours. In addition, a local spare parts stock in Shanghai allows customers to quickly obtain original parts.<\/p>\n","protected":false},"excerpt":{"rendered":"<p>German textile machinery manufacturer BR\u00dcCKNER will host its visitors at the ITMA Asia + CITME, which will take place at the National Fair and Congress Center on June 12-16. Operating in the field of dry finishing of textiles, technical textiles, nonwovens, glass fabrics and floor coverings for more than 70 years, the company will introduce [&hellip;]<\/p>\n","protected":false},"author":2,"featured_media":40996,"comment_status":"open","ping_status":"closed","sticky":false,"template":"","format":"standard","meta":{"footnotes":""},"categories":[9824],"tags":[10255],"class_list":{"0":"post-41000","1":"post","2":"type-post","3":"status-publish","4":"format-standard","5":"has-post-thumbnail","7":"category-finishing","8":"tag-finishing-en"},"yoast_head":"<!-- This site is optimized with the Yoast SEO Premium plugin v27.3 (Yoast SEO v27.3) - https:\/\/yoast.com\/product\/yoast-seo-premium-wordpress\/ -->\n<title>BR\u00dcCKNER will exhibit solutions at ITMA Asia - Textilegence<\/title>\n<meta name=\"description\" content=\"German textile machinery manufacturer BR\u00dcCKNER will host its visitors at the ITMA Asia + CITME, which will take place at the National Fair...\" \/>\n<meta name=\"robots\" content=\"index, follow, max-snippet:-1, max-image-preview:large, max-video-preview:-1\" \/>\n<link rel=\"canonical\" href=\"https:\/\/www.textilegence.com\/en\/bruckner-will-exhibit-industry-4-0-and-automation-solutions-at-itma-asia\/\" \/>\n<meta property=\"og:locale\" content=\"en_US\" \/>\n<meta property=\"og:type\" content=\"article\" \/>\n<meta property=\"og:title\" content=\"BR\u00dcCKNER will exhibit Industry 4.0 and automation solutions at ITMA Asia\" \/>\n<meta property=\"og:description\" content=\"German textile machinery manufacturer BR\u00dcCKNER will host its visitors at the ITMA Asia + CITME, which will take place at the National Fair and Congress\" \/>\n<meta property=\"og:url\" content=\"https:\/\/www.textilegence.com\/en\/bruckner-will-exhibit-industry-4-0-and-automation-solutions-at-itma-asia\/\" \/>\n<meta property=\"og:site_name\" content=\"Textilegence Magazine and Digital Platform\" \/>\n<meta property=\"article:publisher\" content=\"https:\/\/www.facebook.com\/TextilegenceMagazine\" \/>\n<meta property=\"article:author\" content=\"https:\/\/www.facebook.com\/TextilegenceMagazine\" \/>\n<meta property=\"article:published_time\" content=\"2021-06-11T16:55:10+00:00\" \/>\n<meta property=\"article:modified_time\" content=\"2021-06-11T16:55:50+00:00\" \/>\n<meta property=\"og:image\" content=\"https:\/\/www.textilegence.com\/wp-content\/uploads\/2021\/06\/bruckner-textilegence-1.jpg\" \/>\n\t<meta property=\"og:image:width\" content=\"1200\" \/>\n\t<meta property=\"og:image:height\" content=\"675\" \/>\n\t<meta property=\"og:image:type\" content=\"image\/jpeg\" \/>\n<meta name=\"author\" content=\"Engin Buz\" \/>\n<meta name=\"twitter:card\" content=\"summary_large_image\" \/>\n<meta name=\"twitter:creator\" content=\"@https:\/\/twitter.com\/textilegence\" \/>\n<meta name=\"twitter:site\" content=\"@textilegence\" \/>\n<meta name=\"twitter:label1\" content=\"Written by\" \/>\n\t<meta name=\"twitter:data1\" content=\"Engin Buz\" \/>\n\t<meta name=\"twitter:label2\" content=\"Est. reading time\" \/>\n\t<meta name=\"twitter:data2\" content=\"4 minutes\" \/>\n<script type=\"application\/ld+json\" class=\"yoast-schema-graph\">{\"@context\":\"https:\\\/\\\/schema.org\",\"@graph\":[{\"@type\":\"NewsArticle\",\"@id\":\"https:\\\/\\\/www.textilegence.com\\\/en\\\/bruckner-will-exhibit-industry-4-0-and-automation-solutions-at-itma-asia\\\/#article\",\"isPartOf\":{\"@id\":\"https:\\\/\\\/www.textilegence.com\\\/en\\\/bruckner-will-exhibit-industry-4-0-and-automation-solutions-at-itma-asia\\\/\"},\"author\":{\"name\":\"Engin Buz\",\"@id\":\"https:\\\/\\\/www.textilegence.com\\\/en\\\/#\\\/schema\\\/person\\\/46ccc7bfc34edbc7d46b6b189f88849f\"},\"headline\":\"BR\u00dcCKNER will exhibit Industry 4.0 and automation solutions at ITMA Asia\",\"datePublished\":\"2021-06-11T16:55:10+00:00\",\"dateModified\":\"2021-06-11T16:55:50+00:00\",\"mainEntityOfPage\":{\"@id\":\"https:\\\/\\\/www.textilegence.com\\\/en\\\/bruckner-will-exhibit-industry-4-0-and-automation-solutions-at-itma-asia\\\/\"},\"wordCount\":670,\"commentCount\":0,\"publisher\":{\"@id\":\"https:\\\/\\\/www.textilegence.com\\\/en\\\/#organization\"},\"image\":{\"@id\":\"https:\\\/\\\/www.textilegence.com\\\/en\\\/bruckner-will-exhibit-industry-4-0-and-automation-solutions-at-itma-asia\\\/#primaryimage\"},\"thumbnailUrl\":\"https:\\\/\\\/www.textilegence.com\\\/wp-content\\\/uploads\\\/2021\\\/06\\\/bruckner-textilegence-1.jpg\",\"keywords\":[\"finishing\"],\"articleSection\":[\"Finishing\"],\"inLanguage\":\"en-US\",\"potentialAction\":[{\"@type\":\"CommentAction\",\"name\":\"Comment\",\"target\":[\"https:\\\/\\\/www.textilegence.com\\\/en\\\/bruckner-will-exhibit-industry-4-0-and-automation-solutions-at-itma-asia\\\/#respond\"]}]},{\"@type\":\"WebPage\",\"@id\":\"https:\\\/\\\/www.textilegence.com\\\/en\\\/bruckner-will-exhibit-industry-4-0-and-automation-solutions-at-itma-asia\\\/\",\"url\":\"https:\\\/\\\/www.textilegence.com\\\/en\\\/bruckner-will-exhibit-industry-4-0-and-automation-solutions-at-itma-asia\\\/\",\"name\":\"BR\u00dcCKNER will exhibit solutions at ITMA Asia - Textilegence\",\"isPartOf\":{\"@id\":\"https:\\\/\\\/www.textilegence.com\\\/en\\\/#website\"},\"primaryImageOfPage\":{\"@id\":\"https:\\\/\\\/www.textilegence.com\\\/en\\\/bruckner-will-exhibit-industry-4-0-and-automation-solutions-at-itma-asia\\\/#primaryimage\"},\"image\":{\"@id\":\"https:\\\/\\\/www.textilegence.com\\\/en\\\/bruckner-will-exhibit-industry-4-0-and-automation-solutions-at-itma-asia\\\/#primaryimage\"},\"thumbnailUrl\":\"https:\\\/\\\/www.textilegence.com\\\/wp-content\\\/uploads\\\/2021\\\/06\\\/bruckner-textilegence-1.jpg\",\"datePublished\":\"2021-06-11T16:55:10+00:00\",\"dateModified\":\"2021-06-11T16:55:50+00:00\",\"description\":\"German textile machinery manufacturer BR\u00dcCKNER will host its visitors at the ITMA Asia + CITME, which will take place at the National Fair...\",\"breadcrumb\":{\"@id\":\"https:\\\/\\\/www.textilegence.com\\\/en\\\/bruckner-will-exhibit-industry-4-0-and-automation-solutions-at-itma-asia\\\/#breadcrumb\"},\"inLanguage\":\"en-US\",\"potentialAction\":[{\"@type\":\"ReadAction\",\"target\":[\"https:\\\/\\\/www.textilegence.com\\\/en\\\/bruckner-will-exhibit-industry-4-0-and-automation-solutions-at-itma-asia\\\/\"]}]},{\"@type\":\"ImageObject\",\"inLanguage\":\"en-US\",\"@id\":\"https:\\\/\\\/www.textilegence.com\\\/en\\\/bruckner-will-exhibit-industry-4-0-and-automation-solutions-at-itma-asia\\\/#primaryimage\",\"url\":\"https:\\\/\\\/www.textilegence.com\\\/wp-content\\\/uploads\\\/2021\\\/06\\\/bruckner-textilegence-1.jpg\",\"contentUrl\":\"https:\\\/\\\/www.textilegence.com\\\/wp-content\\\/uploads\\\/2021\\\/06\\\/bruckner-textilegence-1.jpg\",\"width\":1200,\"height\":675},{\"@type\":\"BreadcrumbList\",\"@id\":\"https:\\\/\\\/www.textilegence.com\\\/en\\\/bruckner-will-exhibit-industry-4-0-and-automation-solutions-at-itma-asia\\\/#breadcrumb\",\"itemListElement\":[{\"@type\":\"ListItem\",\"position\":1,\"name\":\"Home Page\",\"item\":\"https:\\\/\\\/www.textilegence.com\\\/en\\\/homepage-the-rimont\\\/\"},{\"@type\":\"ListItem\",\"position\":2,\"name\":\"Finishing\",\"item\":\"https:\\\/\\\/www.textilegence.com\\\/en\\\/category\\\/finishing\\\/\"},{\"@type\":\"ListItem\",\"position\":3,\"name\":\"BR\u00dcCKNER will exhibit Industry 4.0 and automation solutions at ITMA Asia\"}]},{\"@type\":\"WebSite\",\"@id\":\"https:\\\/\\\/www.textilegence.com\\\/en\\\/#website\",\"url\":\"https:\\\/\\\/www.textilegence.com\\\/en\\\/\",\"name\":\"Textilegence Magazine and Digital Platform\",\"description\":\"Textile News Center\",\"publisher\":{\"@id\":\"https:\\\/\\\/www.textilegence.com\\\/en\\\/#organization\"},\"potentialAction\":[{\"@type\":\"SearchAction\",\"target\":{\"@type\":\"EntryPoint\",\"urlTemplate\":\"https:\\\/\\\/www.textilegence.com\\\/en\\\/?s={search_term_string}\"},\"query-input\":{\"@type\":\"PropertyValueSpecification\",\"valueRequired\":true,\"valueName\":\"search_term_string\"}}],\"inLanguage\":\"en-US\"},{\"@type\":\"Organization\",\"@id\":\"https:\\\/\\\/www.textilegence.com\\\/en\\\/#organization\",\"name\":\"Textilegence Magazine and Digital Platform\",\"url\":\"https:\\\/\\\/www.textilegence.com\\\/en\\\/\",\"logo\":{\"@type\":\"ImageObject\",\"inLanguage\":\"en-US\",\"@id\":\"https:\\\/\\\/www.textilegence.com\\\/en\\\/#\\\/schema\\\/logo\\\/image\\\/\",\"url\":\"https:\\\/\\\/www.textilegence.com\\\/wp-content\\\/uploads\\\/2016\\\/11\\\/New_Retina_Logo_Textilegence.png\",\"contentUrl\":\"https:\\\/\\\/www.textilegence.com\\\/wp-content\\\/uploads\\\/2016\\\/11\\\/New_Retina_Logo_Textilegence.png\",\"width\":544,\"height\":180,\"caption\":\"Textilegence Magazine and Digital Platform\"},\"image\":{\"@id\":\"https:\\\/\\\/www.textilegence.com\\\/en\\\/#\\\/schema\\\/logo\\\/image\\\/\"},\"sameAs\":[\"https:\\\/\\\/www.facebook.com\\\/TextilegenceMagazine\",\"https:\\\/\\\/x.com\\\/textilegence\",\"https:\\\/\\\/www.instagram.com\\\/textilegence\\\/\",\"https:\\\/\\\/www.linkedin.com\\\/groups\\\/Textilegence-Magazine-Digital-Platform-4897253\",\"https:\\\/\\\/www.youtube.com\\\/user\\\/textilegence\"],\"description\":\"Textilegence is a magazine and digital platform established in 2013. It focuses on the textile industry and sub-segments. The platform provides news, articles, and updates on various aspects of the textile industry, including sustainability, technological advancements, and market trends.\",\"email\":\"editor@textilegence.com\",\"telephone\":\"+90 212 442 24 12\",\"legalName\":\"Textilegence Mag and Digital Platform\",\"foundingDate\":\"2013-01-01\",\"numberOfEmployees\":{\"@type\":\"QuantitativeValue\",\"minValue\":\"1\",\"maxValue\":\"10\"}},{\"@type\":\"Person\",\"@id\":\"https:\\\/\\\/www.textilegence.com\\\/en\\\/#\\\/schema\\\/person\\\/46ccc7bfc34edbc7d46b6b189f88849f\",\"name\":\"Engin Buz\",\"image\":{\"@type\":\"ImageObject\",\"inLanguage\":\"en-US\",\"@id\":\"https:\\\/\\\/www.textilegence.com\\\/wp-content\\\/uploads\\\/2018\\\/12\\\/engin-buz.jpg\",\"url\":\"https:\\\/\\\/www.textilegence.com\\\/wp-content\\\/uploads\\\/2018\\\/12\\\/engin-buz.jpg\",\"contentUrl\":\"https:\\\/\\\/www.textilegence.com\\\/wp-content\\\/uploads\\\/2018\\\/12\\\/engin-buz.jpg\",\"caption\":\"Engin Buz\"},\"description\":\"Engin Buz, Ankara \u00dcniversitesi \u0130leti\u015fim Fak\u00fcltesi Gazetecilik B\u00f6l\u00fcm\u00fc\u2019nden mezun olduktan sonra Y\u0131ld\u0131z Teknik \u00dcniversitesi\u2019nde Siyaset Bilimi ve Uluslararas\u0131 \u0130li\u015fkiler alan\u0131nda y\u00fcksek lisans\u0131n\u0131 tamamlam\u0131\u015ft\u0131r. 2000 y\u0131l\u0131ndan sonra \u00e7e\u015fitli yay\u0131nc\u0131l\u0131k \u015firketlerinde \u00e7al\u0131\u015fmaya ba\u015flayarak k\u00fclt\u00fcr-sanat ve daha sonra ekonomi haberleri haz\u0131rlam\u0131\u015ft\u0131r. 2009 y\u0131l\u0131ndan itibaren tekstil end\u00fcstrisine d\u00f6n\u00fck yay\u0131nlarda edit\u00f6r olarak g\u00f6rev alan Buz, 2013 itibariyle kurulan Textilegence\u2019de haber edit\u00f6r\u00fc olarak yer almaya ba\u015flam\u0131\u015ft\u0131r. Engin Buz halen ba\u015fta tekstil ve dijital bask\u0131 end\u00fcstrileri olmak \u00fczere ekonomi haberleri haz\u0131rlamaktad\u0131r.\",\"sameAs\":[\"https:\\\/\\\/www.textilegence.com\",\"https:\\\/\\\/www.facebook.com\\\/TextilegenceMagazine\",\"https:\\\/\\\/www.instagram.com\\\/textilegence\\\/\",\"https:\\\/\\\/www.linkedin.com\\\/in\\\/engin-buz-6190799a\\\/\",\"https:\\\/\\\/x.com\\\/https:\\\/\\\/twitter.com\\\/textilegence\"],\"url\":\"https:\\\/\\\/www.textilegence.com\\\/en\\\/author\\\/engin-buz\\\/\"}]}<\/script>\n<!-- \/ Yoast SEO Premium plugin. -->","yoast_head_json":{"title":"BR\u00dcCKNER will exhibit solutions at ITMA Asia - Textilegence","description":"German textile machinery manufacturer BR\u00dcCKNER will host its visitors at the ITMA Asia + CITME, which will take place at the National Fair...","robots":{"index":"index","follow":"follow","max-snippet":"max-snippet:-1","max-image-preview":"max-image-preview:large","max-video-preview":"max-video-preview:-1"},"canonical":"https:\/\/www.textilegence.com\/en\/bruckner-will-exhibit-industry-4-0-and-automation-solutions-at-itma-asia\/","og_locale":"en_US","og_type":"article","og_title":"BR\u00dcCKNER will exhibit Industry 4.0 and automation solutions at ITMA Asia","og_description":"German textile machinery manufacturer BR\u00dcCKNER will host its visitors at the ITMA Asia + CITME, which will take place at the National Fair and Congress","og_url":"https:\/\/www.textilegence.com\/en\/bruckner-will-exhibit-industry-4-0-and-automation-solutions-at-itma-asia\/","og_site_name":"Textilegence Magazine and Digital Platform","article_publisher":"https:\/\/www.facebook.com\/TextilegenceMagazine","article_author":"https:\/\/www.facebook.com\/TextilegenceMagazine","article_published_time":"2021-06-11T16:55:10+00:00","article_modified_time":"2021-06-11T16:55:50+00:00","og_image":[{"width":1200,"height":675,"url":"https:\/\/www.textilegence.com\/wp-content\/uploads\/2021\/06\/bruckner-textilegence-1.jpg","type":"image\/jpeg"}],"author":"Engin Buz","twitter_card":"summary_large_image","twitter_creator":"@https:\/\/twitter.com\/textilegence","twitter_site":"@textilegence","twitter_misc":{"Written by":"Engin Buz","Est. reading time":"4 minutes"},"schema":{"@context":"https:\/\/schema.org","@graph":[{"@type":"NewsArticle","@id":"https:\/\/www.textilegence.com\/en\/bruckner-will-exhibit-industry-4-0-and-automation-solutions-at-itma-asia\/#article","isPartOf":{"@id":"https:\/\/www.textilegence.com\/en\/bruckner-will-exhibit-industry-4-0-and-automation-solutions-at-itma-asia\/"},"author":{"name":"Engin Buz","@id":"https:\/\/www.textilegence.com\/en\/#\/schema\/person\/46ccc7bfc34edbc7d46b6b189f88849f"},"headline":"BR\u00dcCKNER will exhibit Industry 4.0 and automation solutions at ITMA Asia","datePublished":"2021-06-11T16:55:10+00:00","dateModified":"2021-06-11T16:55:50+00:00","mainEntityOfPage":{"@id":"https:\/\/www.textilegence.com\/en\/bruckner-will-exhibit-industry-4-0-and-automation-solutions-at-itma-asia\/"},"wordCount":670,"commentCount":0,"publisher":{"@id":"https:\/\/www.textilegence.com\/en\/#organization"},"image":{"@id":"https:\/\/www.textilegence.com\/en\/bruckner-will-exhibit-industry-4-0-and-automation-solutions-at-itma-asia\/#primaryimage"},"thumbnailUrl":"https:\/\/www.textilegence.com\/wp-content\/uploads\/2021\/06\/bruckner-textilegence-1.jpg","keywords":["finishing"],"articleSection":["Finishing"],"inLanguage":"en-US","potentialAction":[{"@type":"CommentAction","name":"Comment","target":["https:\/\/www.textilegence.com\/en\/bruckner-will-exhibit-industry-4-0-and-automation-solutions-at-itma-asia\/#respond"]}]},{"@type":"WebPage","@id":"https:\/\/www.textilegence.com\/en\/bruckner-will-exhibit-industry-4-0-and-automation-solutions-at-itma-asia\/","url":"https:\/\/www.textilegence.com\/en\/bruckner-will-exhibit-industry-4-0-and-automation-solutions-at-itma-asia\/","name":"BR\u00dcCKNER will exhibit solutions at ITMA Asia - Textilegence","isPartOf":{"@id":"https:\/\/www.textilegence.com\/en\/#website"},"primaryImageOfPage":{"@id":"https:\/\/www.textilegence.com\/en\/bruckner-will-exhibit-industry-4-0-and-automation-solutions-at-itma-asia\/#primaryimage"},"image":{"@id":"https:\/\/www.textilegence.com\/en\/bruckner-will-exhibit-industry-4-0-and-automation-solutions-at-itma-asia\/#primaryimage"},"thumbnailUrl":"https:\/\/www.textilegence.com\/wp-content\/uploads\/2021\/06\/bruckner-textilegence-1.jpg","datePublished":"2021-06-11T16:55:10+00:00","dateModified":"2021-06-11T16:55:50+00:00","description":"German textile machinery manufacturer BR\u00dcCKNER will host its visitors at the ITMA Asia + CITME, which will take place at the National Fair...","breadcrumb":{"@id":"https:\/\/www.textilegence.com\/en\/bruckner-will-exhibit-industry-4-0-and-automation-solutions-at-itma-asia\/#breadcrumb"},"inLanguage":"en-US","potentialAction":[{"@type":"ReadAction","target":["https:\/\/www.textilegence.com\/en\/bruckner-will-exhibit-industry-4-0-and-automation-solutions-at-itma-asia\/"]}]},{"@type":"ImageObject","inLanguage":"en-US","@id":"https:\/\/www.textilegence.com\/en\/bruckner-will-exhibit-industry-4-0-and-automation-solutions-at-itma-asia\/#primaryimage","url":"https:\/\/www.textilegence.com\/wp-content\/uploads\/2021\/06\/bruckner-textilegence-1.jpg","contentUrl":"https:\/\/www.textilegence.com\/wp-content\/uploads\/2021\/06\/bruckner-textilegence-1.jpg","width":1200,"height":675},{"@type":"BreadcrumbList","@id":"https:\/\/www.textilegence.com\/en\/bruckner-will-exhibit-industry-4-0-and-automation-solutions-at-itma-asia\/#breadcrumb","itemListElement":[{"@type":"ListItem","position":1,"name":"Home Page","item":"https:\/\/www.textilegence.com\/en\/homepage-the-rimont\/"},{"@type":"ListItem","position":2,"name":"Finishing","item":"https:\/\/www.textilegence.com\/en\/category\/finishing\/"},{"@type":"ListItem","position":3,"name":"BR\u00dcCKNER will exhibit Industry 4.0 and automation solutions at ITMA Asia"}]},{"@type":"WebSite","@id":"https:\/\/www.textilegence.com\/en\/#website","url":"https:\/\/www.textilegence.com\/en\/","name":"Textilegence Magazine and Digital Platform","description":"Textile News Center","publisher":{"@id":"https:\/\/www.textilegence.com\/en\/#organization"},"potentialAction":[{"@type":"SearchAction","target":{"@type":"EntryPoint","urlTemplate":"https:\/\/www.textilegence.com\/en\/?s={search_term_string}"},"query-input":{"@type":"PropertyValueSpecification","valueRequired":true,"valueName":"search_term_string"}}],"inLanguage":"en-US"},{"@type":"Organization","@id":"https:\/\/www.textilegence.com\/en\/#organization","name":"Textilegence Magazine and Digital Platform","url":"https:\/\/www.textilegence.com\/en\/","logo":{"@type":"ImageObject","inLanguage":"en-US","@id":"https:\/\/www.textilegence.com\/en\/#\/schema\/logo\/image\/","url":"https:\/\/www.textilegence.com\/wp-content\/uploads\/2016\/11\/New_Retina_Logo_Textilegence.png","contentUrl":"https:\/\/www.textilegence.com\/wp-content\/uploads\/2016\/11\/New_Retina_Logo_Textilegence.png","width":544,"height":180,"caption":"Textilegence Magazine and Digital Platform"},"image":{"@id":"https:\/\/www.textilegence.com\/en\/#\/schema\/logo\/image\/"},"sameAs":["https:\/\/www.facebook.com\/TextilegenceMagazine","https:\/\/x.com\/textilegence","https:\/\/www.instagram.com\/textilegence\/","https:\/\/www.linkedin.com\/groups\/Textilegence-Magazine-Digital-Platform-4897253","https:\/\/www.youtube.com\/user\/textilegence"],"description":"Textilegence is a magazine and digital platform established in 2013. It focuses on the textile industry and sub-segments. The platform provides news, articles, and updates on various aspects of the textile industry, including sustainability, technological advancements, and market trends.","email":"editor@textilegence.com","telephone":"+90 212 442 24 12","legalName":"Textilegence Mag and Digital Platform","foundingDate":"2013-01-01","numberOfEmployees":{"@type":"QuantitativeValue","minValue":"1","maxValue":"10"}},{"@type":"Person","@id":"https:\/\/www.textilegence.com\/en\/#\/schema\/person\/46ccc7bfc34edbc7d46b6b189f88849f","name":"Engin Buz","image":{"@type":"ImageObject","inLanguage":"en-US","@id":"https:\/\/www.textilegence.com\/wp-content\/uploads\/2018\/12\/engin-buz.jpg","url":"https:\/\/www.textilegence.com\/wp-content\/uploads\/2018\/12\/engin-buz.jpg","contentUrl":"https:\/\/www.textilegence.com\/wp-content\/uploads\/2018\/12\/engin-buz.jpg","caption":"Engin Buz"},"description":"Engin Buz, Ankara \u00dcniversitesi \u0130leti\u015fim Fak\u00fcltesi Gazetecilik B\u00f6l\u00fcm\u00fc\u2019nden mezun olduktan sonra Y\u0131ld\u0131z Teknik \u00dcniversitesi\u2019nde Siyaset Bilimi ve Uluslararas\u0131 \u0130li\u015fkiler alan\u0131nda y\u00fcksek lisans\u0131n\u0131 tamamlam\u0131\u015ft\u0131r. 2000 y\u0131l\u0131ndan sonra \u00e7e\u015fitli yay\u0131nc\u0131l\u0131k \u015firketlerinde \u00e7al\u0131\u015fmaya ba\u015flayarak k\u00fclt\u00fcr-sanat ve daha sonra ekonomi haberleri haz\u0131rlam\u0131\u015ft\u0131r. 2009 y\u0131l\u0131ndan itibaren tekstil end\u00fcstrisine d\u00f6n\u00fck yay\u0131nlarda edit\u00f6r olarak g\u00f6rev alan Buz, 2013 itibariyle kurulan Textilegence\u2019de haber edit\u00f6r\u00fc olarak yer almaya ba\u015flam\u0131\u015ft\u0131r. Engin Buz halen ba\u015fta tekstil ve dijital bask\u0131 end\u00fcstrileri olmak \u00fczere ekonomi haberleri haz\u0131rlamaktad\u0131r.","sameAs":["https:\/\/www.textilegence.com","https:\/\/www.facebook.com\/TextilegenceMagazine","https:\/\/www.instagram.com\/textilegence\/","https:\/\/www.linkedin.com\/in\/engin-buz-6190799a\/","https:\/\/x.com\/https:\/\/twitter.com\/textilegence"],"url":"https:\/\/www.textilegence.com\/en\/author\/engin-buz\/"}]}},"_links":{"self":[{"href":"https:\/\/www.textilegence.com\/en\/wp-json\/wp\/v2\/posts\/41000","targetHints":{"allow":["GET"]}}],"collection":[{"href":"https:\/\/www.textilegence.com\/en\/wp-json\/wp\/v2\/posts"}],"about":[{"href":"https:\/\/www.textilegence.com\/en\/wp-json\/wp\/v2\/types\/post"}],"author":[{"embeddable":true,"href":"https:\/\/www.textilegence.com\/en\/wp-json\/wp\/v2\/users\/2"}],"replies":[{"embeddable":true,"href":"https:\/\/www.textilegence.com\/en\/wp-json\/wp\/v2\/comments?post=41000"}],"version-history":[{"count":0,"href":"https:\/\/www.textilegence.com\/en\/wp-json\/wp\/v2\/posts\/41000\/revisions"}],"wp:featuredmedia":[{"embeddable":true,"href":"https:\/\/www.textilegence.com\/en\/wp-json\/wp\/v2\/media\/40996"}],"wp:attachment":[{"href":"https:\/\/www.textilegence.com\/en\/wp-json\/wp\/v2\/media?parent=41000"}],"wp:term":[{"taxonomy":"category","embeddable":true,"href":"https:\/\/www.textilegence.com\/en\/wp-json\/wp\/v2\/categories?post=41000"},{"taxonomy":"post_tag","embeddable":true,"href":"https:\/\/www.textilegence.com\/en\/wp-json\/wp\/v2\/tags?post=41000"}],"curies":[{"name":"wp","href":"https:\/\/api.w.org\/{rel}","templated":true}]}}