{"id":41359,"date":"2021-08-13T14:26:30","date_gmt":"2021-08-13T11:26:30","guid":{"rendered":"http:\/\/www.textilegence.com\/?p=41359"},"modified":"2022-01-12T09:54:24","modified_gmt":"2022-01-12T06:54:24","slug":"sustainability-action-plan-move-by-the-turkish-textile-industry","status":"publish","type":"post","link":"https:\/\/www.textilegence.com\/en\/sustainability-action-plan-move-by-the-turkish-textile-industry\/","title":{"rendered":"\u2018Sustainability Action Plan\u2019 move by the Turkish textile industry"},"content":{"rendered":"\n<p>Under the leadership of the Turkish Exporters\u2019 Assembly (TIM), the \u2018Turkish Textile Industry Sustainability Action Plan\u2019 was announced by the Istanbul Textile and Raw Materials Exporters&#8217; Association (<a href=\"http:\/\/www.ithib.org.tr\/tr\/default.html\" target=\"_blank\" rel=\"noreferrer noopener\">\u0130TH\u0130B<\/a>). The Turkish <a href=\"https:\/\/www.textilegence.com\/en\/category\/topical\/\" target=\"_blank\" rel=\"noreferrer noopener\">textile industry<\/a> aims to increase its market share in global exports even more by providing a permanent transformation with the action plan prepared to spread the \u2018sustainable textile\u2019 vision to the entire sector. They also aim at high-level compliance with the European Green Deal norms.&nbsp;<\/p>\n\n\n\n<p>In the opening speech at the \u2018Textile Industry Sustainability Action Plan\u2019 meeting, T\u0130M Chair \u0130smail&nbsp;G\u00fclle&nbsp;invited all industrialists, manufacturers, suppliers and exporters to a production approach that prioritizes nature and the environment and&nbsp;called&nbsp;for the following; \u201cLet us renew the old infrastructure of our factories, separate the infrastructure of washing and dyeing water, recycle the washing water, expand the technologies that use less water in washing and dyeing, reduce the share of fossil fuels in&nbsp;production as much as possible. The greatest legacy we will leave to our children and future generations is a clean world and a clean atmosphere.&nbsp;This is&nbsp;a&nbsp;duty&nbsp;we all share\u201d.&nbsp;<\/p>\n\n\n\n<h2 class=\"wp-block-heading\" id=\"h-textile-will-be-the-leading-sector-within-the-scope-of-the-sustainability-action-plan\"><strong>Textile will be the leading sector within the scope of the Sustainability Action Plan<\/strong><\/h2>\n\n\n\n<p>\u0130smail&nbsp;G\u00fclle&nbsp;reminded that they had announced the message \u201cWe produce for the world without consuming the world\u201d within the context of the Sustainability Action Plan, which consists of 12 main articles, and that they attracted great attention.&nbsp;G\u00fclle; \u201cCreating sectoral action plans is one of the goals we have announced. I am very happy to see the first response of this&nbsp;step in&nbsp;textile, our leading industry today, and I congratulate our industry on this visionary move. Hopefully, this move led by&nbsp;the&nbsp;textile industry will encourage all our exporting sectors and our sectoral roadmaps will be completed as soon as possible\u201d.&nbsp;<\/p>\n\n\n\n<p>According to&nbsp;G\u00fclle\u2019s&nbsp;statement, T\u0130M Sustainability Science Board in Industry will assume a critical responsibility in the green transformation process by guiding the sectors in determining and implementing sustainable policies in the industry.&nbsp;G\u00fclle&nbsp;also stated that they have commissioned the Green Line within ALO T\u0130M.<\/p>\n\n\n\n<div class=\"wp-block-image\"><figure class=\"aligncenter size-full\"><img loading=\"lazy\" decoding=\"async\" width=\"1200\" height=\"675\" src=\"https:\/\/www.textilegence.com\/wp-content\/uploads\/2021\/08\/surdurulebilirlik-eylem-plani-detail.jpg\" alt=\"\" class=\"wp-image-41355\" srcset=\"https:\/\/www.textilegence.com\/wp-content\/uploads\/2021\/08\/surdurulebilirlik-eylem-plani-detail.jpg 1200w, https:\/\/www.textilegence.com\/wp-content\/uploads\/2021\/08\/surdurulebilirlik-eylem-plani-detail-768x432.jpg 768w, https:\/\/www.textilegence.com\/wp-content\/uploads\/2021\/08\/surdurulebilirlik-eylem-plani-detail-696x392.jpg 696w, https:\/\/www.textilegence.com\/wp-content\/uploads\/2021\/08\/surdurulebilirlik-eylem-plani-detail-1068x601.jpg 1068w\" sizes=\"auto, (max-width: 1200px) 100vw, 1200px\" \/><figcaption>\u2018Sustainability Action Plan\u2019 move by the Turkish textile industry<\/figcaption><\/figure><\/div>\n\n\n\n<h2 class=\"wp-block-heading\" id=\"h-a-sustainability-platform-will-be-established\"><strong>A Sustainability Platform will be established<\/strong><\/h2>\n\n\n\n<p>T\u0130M Women&#8217;s&nbsp;Council Vice President and Textile Sector Sustainability Committee Chair, Sultan&nbsp;Tepe&nbsp;stated that a Sustainability Platform will be established to implement the action plan and explained the details of the Textile Sector Sustainability Action Plan as follows:&nbsp;<\/p>\n\n\n\n<p>\u201cSubcommittees will be established within the platform.&nbsp;It will be ensured that sustainable raw material initiatives and R&amp;D studies are carried out in terms of raw materials and products, and incentive studies will be carried out for the use of certified materials in production and the development of these resources. Efforts will be made to further encourage organic cotton production\u201d.&nbsp;<\/p>\n\n\n\n<p>Stating that in the title of sustainable supply chain management, projects will be developed with international stakeholders&nbsp;in order to&nbsp;support traceability and facilitate transparency in the textile supply chain,&nbsp;Tepe&nbsp;said; \u201cWithin the scope of circularity, cooperation studies will be planned with local governments and brands within the scope of collection, separation, recovery, and recycling of textile wastes. Initiatives will be initiated for the implementation of the Textile Recycling&nbsp;Center&nbsp;Project\u201d.<\/p>\n\n\n\n<h2 class=\"wp-block-heading\" id=\"h-a-roadmap-to-reduce-carbon-emissions-will-be-drawn\"><strong>A roadmap to reduce carbon emissions will be drawn<\/strong><\/h2>\n\n\n\n<p>Tepe&nbsp;said that climate studies will enable scientific carbon footprint measurement and reporting and pilot practices in institutions to be put into practice,&nbsp;she continued her words&nbsp;as follows; \u201cA roadmap to reduce carbon emissions will be prepared. Attempts will be made to create financial resources to minimize water and energy consumption in&nbsp;dyehouse&nbsp;and other businesses. Finally, under the heading of corporate social responsibility, projects will be developed to minimize occupational health and safety risks and to increase the employment rate of female employees\u201d.&nbsp;<\/p>\n\n\n\n<div class=\"wp-block-image\"><figure class=\"aligncenter size-full\"><img loading=\"lazy\" decoding=\"async\" width=\"1200\" height=\"675\" src=\"https:\/\/www.textilegence.com\/wp-content\/uploads\/2021\/08\/surdurulebilirlik-eylem-plani-detail-1.jpg\" alt=\"\" class=\"wp-image-41357\" srcset=\"https:\/\/www.textilegence.com\/wp-content\/uploads\/2021\/08\/surdurulebilirlik-eylem-plani-detail-1.jpg 1200w, https:\/\/www.textilegence.com\/wp-content\/uploads\/2021\/08\/surdurulebilirlik-eylem-plani-detail-1-768x432.jpg 768w, https:\/\/www.textilegence.com\/wp-content\/uploads\/2021\/08\/surdurulebilirlik-eylem-plani-detail-1-696x392.jpg 696w, https:\/\/www.textilegence.com\/wp-content\/uploads\/2021\/08\/surdurulebilirlik-eylem-plani-detail-1-1068x601.jpg 1068w\" sizes=\"auto, (max-width: 1200px) 100vw, 1200px\" \/><figcaption>Within the scope of the \u2018Turkish Textile Industry Sustainability Action Plan\u2019, a Sustainability Platform will be established<\/figcaption><\/figure><\/div>\n\n\n\n<h2 class=\"wp-block-heading\" id=\"h-targets-can-only-be-achieved-with-public-private-cooperation\"><strong>\u201cTargets can only be achieved with public-private cooperation\u201d<\/strong><\/h2>\n\n\n\n<p>Chair of the Board of \u0130TH\u0130B Ahmet&nbsp;\u00d6ks\u00fcz, who took part as a speaker at the meeting, reminded that the Turkish textile industry is the 5th largest exporter in the world and the 2nd largest exporter of the EU and&nbsp;said;&nbsp;\u201cWe should see the phenomenon of sustainability as a transformation process, not a risk, and consider it an opportunity\u201d.&nbsp;\u00d6ks\u00fcz&nbsp;expressed his expectations from the Ministries of Commerce, Agriculture and Forestry as follows:&nbsp;<\/p>\n\n\n\n<p>\u201cThese goals can only be achieved with the common vision of public-private cooperation. With our Ministry of Agriculture and Forestry, we are working to increase cotton premium difference support and increase production areas to further promote organic cotton production. We are making initiatives with our Ministry of Commerce to establish a separate support mechanism on the sustainability policies of our sector. The difficulty in importing recycled textile products with raw material quality does not match the approach of our sector. The import of clothing products used for&nbsp;recycling within the framework of our sector&#8217;s zero-waste approach and sustainability vision needs to be facilitated by the supervision and control of&nbsp;Ministry of Commerce in a way that does not disturb the domestic market&nbsp;dynamics\u201d.&nbsp;<\/p>\n\n\n\n<h2 class=\"wp-block-heading\" id=\"h-sustainable-production-is-not-a-choice-but-a-necessity\"><strong>\u201cSustainable production is not a choice but a necessity\u201d<\/strong><\/h2>\n\n\n\n<p>Head of Textiles and Raw Materials Sector of T\u0130M Sectors Council, Zeki&nbsp;K\u0131van\u00e7&nbsp;emphasized that&nbsp;sustainable world will be one of the most important priorities of the coming period.&nbsp;Saying that&nbsp;at this point, not only the United States and the European Union,&nbsp;but nearly all around the world are preparing an all-out fight against the negative effects of climate change,&nbsp;K\u0131van\u00e7;&nbsp;\u201cEnvironmentally sensitive sustainable production is not a choice but a necessity for&nbsp;Turkey and our world. The sustainability action plan we have prepared is very important&nbsp;in order to&nbsp;maintain our competitiveness and create more and long-term added value\u201d.&nbsp;<\/p>\n\n\n\n<h2 class=\"wp-block-heading\" id=\"h-exporting-sectors-such-as-textiles-may-be-caught-in-the-carbon-barrier-in-eu-exports\"><strong>\u201cExporting sectors such as textiles may be caught in the carbon barrier in EU exports\u201d<\/strong><\/h2>\n\n\n\n<p>President of the Southeast Anatolian Textile and Raw Materials Exporters\u2019 Association, Ahmet&nbsp;Fikret&nbsp;Kileci&nbsp;underlined that&nbsp;there is a risk that the exporter sectors, such as textiles, which use electricity intensively during the production process, will be caught in the carbon barrier in EU exports.&nbsp;Kileci&nbsp;stated that the decarbonization of these sectors is of great importance for Turkey to maintain its level of international competition.&nbsp;<\/p>\n","protected":false},"excerpt":{"rendered":"<p>Under the leadership of the Turkish Exporters\u2019 Assembly (TIM), the \u2018Turkish Textile Industry Sustainability Action Plan\u2019 was announced by the Istanbul Textile and Raw Materials Exporters&#8217; Association (\u0130TH\u0130B). The Turkish textile industry aims to increase its market share in global exports even more by providing a permanent transformation with the action plan prepared to spread [&hellip;]<\/p>\n","protected":false},"author":26,"featured_media":41352,"comment_status":"open","ping_status":"closed","sticky":false,"template":"","format":"standard","meta":{"footnotes":""},"categories":[14912,9859],"tags":[11143,14753,10369,12450],"class_list":{"0":"post-41359","1":"post","2":"type-post","3":"status-publish","4":"format-standard","5":"has-post-thumbnail","7":"category-green-times","8":"category-topical","9":"tag-sustainability-en","10":"tag-sustainability-action-plan","11":"tag-textile-news-en","12":"tag-topical"},"yoast_head":"<!-- This site is optimized with the Yoast SEO Premium plugin v27.3 (Yoast SEO v27.3) - https:\/\/yoast.com\/product\/yoast-seo-premium-wordpress\/ -->\n<title>\u2018Sustainability Action Plan\u2019 by the Turkish textile industry - Textilegence<\/title>\n<meta name=\"description\" content=\"The \u2018Turkish Textile Industry Sustainability Action Plan\u2019 was announced by the Istanbul Textile and Raw Materials Exporters&#039; Association.\" \/>\n<meta name=\"robots\" content=\"index, follow, max-snippet:-1, max-image-preview:large, max-video-preview:-1\" \/>\n<link rel=\"canonical\" href=\"https:\/\/www.textilegence.com\/en\/sustainability-action-plan-move-by-the-turkish-textile-industry\/\" \/>\n<meta property=\"og:locale\" content=\"en_US\" \/>\n<meta property=\"og:type\" content=\"article\" \/>\n<meta property=\"og:title\" content=\"\u2018Sustainability Action Plan\u2019 move by the Turkish textile industry\" \/>\n<meta property=\"og:description\" content=\"Under the leadership of the Turkish Exporters\u2019 Assembly (TIM), the \u2018Turkish Textile Industry Sustainability Action Plan\u2019 was announced by the Istanbul\" \/>\n<meta property=\"og:url\" content=\"https:\/\/www.textilegence.com\/en\/sustainability-action-plan-move-by-the-turkish-textile-industry\/\" \/>\n<meta property=\"og:site_name\" content=\"Textilegence Magazine and Digital Platform\" \/>\n<meta property=\"article:publisher\" content=\"https:\/\/www.facebook.com\/TextilegenceMagazine\" \/>\n<meta property=\"article:author\" content=\"https:\/\/www.facebook.com\/TextilegenceMagazine\" \/>\n<meta property=\"article:published_time\" content=\"2021-08-13T11:26:30+00:00\" \/>\n<meta property=\"article:modified_time\" content=\"2022-01-12T06:54:24+00:00\" \/>\n<meta property=\"og:image\" content=\"https:\/\/www.textilegence.com\/wp-content\/uploads\/2021\/08\/surdurulebilirlik-eylem-plani-textilegence.jpg\" \/>\n\t<meta property=\"og:image:width\" content=\"1200\" \/>\n\t<meta property=\"og:image:height\" content=\"675\" \/>\n\t<meta property=\"og:image:type\" content=\"image\/jpeg\" \/>\n<meta name=\"author\" content=\"Ya\u011fmur Melis \u015eim\u015fek\" \/>\n<meta name=\"twitter:card\" content=\"summary_large_image\" \/>\n<meta name=\"twitter:creator\" content=\"@https:\/\/twitter.com\/textilegence\" \/>\n<meta name=\"twitter:site\" content=\"@textilegence\" \/>\n<meta name=\"twitter:label1\" content=\"Written by\" \/>\n\t<meta name=\"twitter:data1\" content=\"Ya\u011fmur Melis \u015eim\u015fek\" \/>\n\t<meta name=\"twitter:label2\" content=\"Est. reading time\" \/>\n\t<meta name=\"twitter:data2\" content=\"7 minutes\" \/>\n<script type=\"application\/ld+json\" class=\"yoast-schema-graph\">{\"@context\":\"https:\\\/\\\/schema.org\",\"@graph\":[{\"@type\":\"NewsArticle\",\"@id\":\"https:\\\/\\\/www.textilegence.com\\\/en\\\/sustainability-action-plan-move-by-the-turkish-textile-industry\\\/#article\",\"isPartOf\":{\"@id\":\"https:\\\/\\\/www.textilegence.com\\\/en\\\/sustainability-action-plan-move-by-the-turkish-textile-industry\\\/\"},\"author\":{\"name\":\"Ya\u011fmur Melis \u015eim\u015fek\",\"@id\":\"https:\\\/\\\/www.textilegence.com\\\/en\\\/#\\\/schema\\\/person\\\/cfa6baf17f0478131c673c93a9b88ef3\"},\"headline\":\"\u2018Sustainability Action Plan\u2019 move by the Turkish textile industry\",\"datePublished\":\"2021-08-13T11:26:30+00:00\",\"dateModified\":\"2022-01-12T06:54:24+00:00\",\"mainEntityOfPage\":{\"@id\":\"https:\\\/\\\/www.textilegence.com\\\/en\\\/sustainability-action-plan-move-by-the-turkish-textile-industry\\\/\"},\"wordCount\":1139,\"commentCount\":0,\"publisher\":{\"@id\":\"https:\\\/\\\/www.textilegence.com\\\/en\\\/#organization\"},\"image\":{\"@id\":\"https:\\\/\\\/www.textilegence.com\\\/en\\\/sustainability-action-plan-move-by-the-turkish-textile-industry\\\/#primaryimage\"},\"thumbnailUrl\":\"https:\\\/\\\/www.textilegence.com\\\/wp-content\\\/uploads\\\/2021\\\/08\\\/surdurulebilirlik-eylem-plani-textilegence.jpg\",\"keywords\":[\"sustainability\",\"sustainability action plan\",\"textile news\",\"topical\"],\"articleSection\":[\"Green Times\",\"Topical\"],\"inLanguage\":\"en-US\",\"potentialAction\":[{\"@type\":\"CommentAction\",\"name\":\"Comment\",\"target\":[\"https:\\\/\\\/www.textilegence.com\\\/en\\\/sustainability-action-plan-move-by-the-turkish-textile-industry\\\/#respond\"]}]},{\"@type\":\"WebPage\",\"@id\":\"https:\\\/\\\/www.textilegence.com\\\/en\\\/sustainability-action-plan-move-by-the-turkish-textile-industry\\\/\",\"url\":\"https:\\\/\\\/www.textilegence.com\\\/en\\\/sustainability-action-plan-move-by-the-turkish-textile-industry\\\/\",\"name\":\"\u2018Sustainability Action Plan\u2019 by the Turkish textile industry - Textilegence\",\"isPartOf\":{\"@id\":\"https:\\\/\\\/www.textilegence.com\\\/en\\\/#website\"},\"primaryImageOfPage\":{\"@id\":\"https:\\\/\\\/www.textilegence.com\\\/en\\\/sustainability-action-plan-move-by-the-turkish-textile-industry\\\/#primaryimage\"},\"image\":{\"@id\":\"https:\\\/\\\/www.textilegence.com\\\/en\\\/sustainability-action-plan-move-by-the-turkish-textile-industry\\\/#primaryimage\"},\"thumbnailUrl\":\"https:\\\/\\\/www.textilegence.com\\\/wp-content\\\/uploads\\\/2021\\\/08\\\/surdurulebilirlik-eylem-plani-textilegence.jpg\",\"datePublished\":\"2021-08-13T11:26:30+00:00\",\"dateModified\":\"2022-01-12T06:54:24+00:00\",\"description\":\"The \u2018Turkish Textile Industry Sustainability Action Plan\u2019 was announced by the Istanbul Textile and Raw Materials Exporters' Association.\",\"breadcrumb\":{\"@id\":\"https:\\\/\\\/www.textilegence.com\\\/en\\\/sustainability-action-plan-move-by-the-turkish-textile-industry\\\/#breadcrumb\"},\"inLanguage\":\"en-US\",\"potentialAction\":[{\"@type\":\"ReadAction\",\"target\":[\"https:\\\/\\\/www.textilegence.com\\\/en\\\/sustainability-action-plan-move-by-the-turkish-textile-industry\\\/\"]}]},{\"@type\":\"ImageObject\",\"inLanguage\":\"en-US\",\"@id\":\"https:\\\/\\\/www.textilegence.com\\\/en\\\/sustainability-action-plan-move-by-the-turkish-textile-industry\\\/#primaryimage\",\"url\":\"https:\\\/\\\/www.textilegence.com\\\/wp-content\\\/uploads\\\/2021\\\/08\\\/surdurulebilirlik-eylem-plani-textilegence.jpg\",\"contentUrl\":\"https:\\\/\\\/www.textilegence.com\\\/wp-content\\\/uploads\\\/2021\\\/08\\\/surdurulebilirlik-eylem-plani-textilegence.jpg\",\"width\":1200,\"height\":675},{\"@type\":\"BreadcrumbList\",\"@id\":\"https:\\\/\\\/www.textilegence.com\\\/en\\\/sustainability-action-plan-move-by-the-turkish-textile-industry\\\/#breadcrumb\",\"itemListElement\":[{\"@type\":\"ListItem\",\"position\":1,\"name\":\"Home Page\",\"item\":\"https:\\\/\\\/www.textilegence.com\\\/en\\\/homepage-the-rimont\\\/\"},{\"@type\":\"ListItem\",\"position\":2,\"name\":\"Topical\",\"item\":\"https:\\\/\\\/www.textilegence.com\\\/en\\\/category\\\/topical\\\/\"},{\"@type\":\"ListItem\",\"position\":3,\"name\":\"\u2018Sustainability Action Plan\u2019 move by the Turkish textile industry\"}]},{\"@type\":\"WebSite\",\"@id\":\"https:\\\/\\\/www.textilegence.com\\\/en\\\/#website\",\"url\":\"https:\\\/\\\/www.textilegence.com\\\/en\\\/\",\"name\":\"Textilegence Magazine and Digital Platform\",\"description\":\"Textile News Center\",\"publisher\":{\"@id\":\"https:\\\/\\\/www.textilegence.com\\\/en\\\/#organization\"},\"potentialAction\":[{\"@type\":\"SearchAction\",\"target\":{\"@type\":\"EntryPoint\",\"urlTemplate\":\"https:\\\/\\\/www.textilegence.com\\\/en\\\/?s={search_term_string}\"},\"query-input\":{\"@type\":\"PropertyValueSpecification\",\"valueRequired\":true,\"valueName\":\"search_term_string\"}}],\"inLanguage\":\"en-US\"},{\"@type\":\"Organization\",\"@id\":\"https:\\\/\\\/www.textilegence.com\\\/en\\\/#organization\",\"name\":\"Textilegence Magazine and Digital Platform\",\"url\":\"https:\\\/\\\/www.textilegence.com\\\/en\\\/\",\"logo\":{\"@type\":\"ImageObject\",\"inLanguage\":\"en-US\",\"@id\":\"https:\\\/\\\/www.textilegence.com\\\/en\\\/#\\\/schema\\\/logo\\\/image\\\/\",\"url\":\"https:\\\/\\\/www.textilegence.com\\\/wp-content\\\/uploads\\\/2016\\\/11\\\/New_Retina_Logo_Textilegence.png\",\"contentUrl\":\"https:\\\/\\\/www.textilegence.com\\\/wp-content\\\/uploads\\\/2016\\\/11\\\/New_Retina_Logo_Textilegence.png\",\"width\":544,\"height\":180,\"caption\":\"Textilegence Magazine and Digital Platform\"},\"image\":{\"@id\":\"https:\\\/\\\/www.textilegence.com\\\/en\\\/#\\\/schema\\\/logo\\\/image\\\/\"},\"sameAs\":[\"https:\\\/\\\/www.facebook.com\\\/TextilegenceMagazine\",\"https:\\\/\\\/x.com\\\/textilegence\",\"https:\\\/\\\/www.instagram.com\\\/textilegence\\\/\",\"https:\\\/\\\/www.linkedin.com\\\/groups\\\/Textilegence-Magazine-Digital-Platform-4897253\",\"https:\\\/\\\/www.youtube.com\\\/user\\\/textilegence\"],\"description\":\"Textilegence is a magazine and digital platform established in 2013. It focuses on the textile industry and sub-segments. The platform provides news, articles, and updates on various aspects of the textile industry, including sustainability, technological advancements, and market trends.\",\"email\":\"editor@textilegence.com\",\"telephone\":\"+90 212 442 24 12\",\"legalName\":\"Textilegence Mag and Digital Platform\",\"foundingDate\":\"2013-01-01\",\"numberOfEmployees\":{\"@type\":\"QuantitativeValue\",\"minValue\":\"1\",\"maxValue\":\"10\"}},{\"@type\":\"Person\",\"@id\":\"https:\\\/\\\/www.textilegence.com\\\/en\\\/#\\\/schema\\\/person\\\/cfa6baf17f0478131c673c93a9b88ef3\",\"name\":\"Ya\u011fmur Melis \u015eim\u015fek\",\"image\":{\"@type\":\"ImageObject\",\"inLanguage\":\"en-US\",\"@id\":\"https:\\\/\\\/www.textilegence.com\\\/wp-content\\\/uploads\\\/2022\\\/03\\\/Yagmur_photo1.jpg\",\"url\":\"https:\\\/\\\/www.textilegence.com\\\/wp-content\\\/uploads\\\/2022\\\/03\\\/Yagmur_photo1.jpg\",\"contentUrl\":\"https:\\\/\\\/www.textilegence.com\\\/wp-content\\\/uploads\\\/2022\\\/03\\\/Yagmur_photo1.jpg\",\"caption\":\"Ya\u011fmur Melis \u015eim\u015fek\"},\"description\":\"Ya\u011fmur Melis \u015eim\u015fek, Saint-Beno\u00eet Frans\u0131z Lisesi\u2019nde e\u011fitim g\u00f6rm\u00fc\u015f, ard\u0131ndan Anadolu \u00dcniversitesi\u2019nde iki y\u0131ll\u0131k Foto\u011fraf\u00e7\u0131l\u0131k B\u00f6l\u00fcm\u00fc\u2019n\u00fc tamamlam\u0131\u015ft\u0131r. Daha sonra lisans e\u011fitimini \u0130stanbul \u00dcniversitesi Gazetecilik B\u00f6l\u00fcm\u00fc\u2019nde s\u00fcrd\u00fcrm\u00fc\u015f, mezuniyetin ard\u0131ndan ise 2017 y\u0131l\u0131nda i\u015f hayat\u0131na at\u0131lm\u0131\u015ft\u0131r. Pek \u00e7ok farkl\u0131 projede, foto\u011fraf\u00e7\u0131l\u0131k ve grafik tasar\u0131mc\u0131l\u0131\u011f\u0131n yan\u0131 s\u0131ra teknoloji alan\u0131nda i\u00e7erik ve haber yazarl\u0131\u011f\u0131 gibi \u00e7e\u015fitli pozisyonlarda yer alan \u015eim\u015fek, 2021 y\u0131l\u0131ndan bu yana Textilegence\u2019da d\u0131\u015f haberlerde yard\u0131mc\u0131 edit\u00f6r olarak g\u00f6rev yapmaktad\u0131r.\",\"sameAs\":[\"https:\\\/\\\/www.textilegence.com\\\/\",\"https:\\\/\\\/www.facebook.com\\\/TextilegenceMagazine\",\"https:\\\/\\\/www.instagram.com\\\/textilegence\\\/\",\"https:\\\/\\\/www.linkedin.com\\\/company\\\/2985016\",\"https:\\\/\\\/x.com\\\/https:\\\/\\\/twitter.com\\\/textilegence\",\"https:\\\/\\\/www.youtube.com\\\/channel\\\/UCgtcny5ljhiXu-yvOiAlpRA\"],\"url\":\"https:\\\/\\\/www.textilegence.com\\\/en\\\/author\\\/yms\\\/\"}]}<\/script>\n<!-- \/ Yoast SEO Premium plugin. -->","yoast_head_json":{"title":"\u2018Sustainability Action Plan\u2019 by the Turkish textile industry - Textilegence","description":"The \u2018Turkish Textile Industry Sustainability Action Plan\u2019 was announced by the Istanbul Textile and Raw Materials Exporters' Association.","robots":{"index":"index","follow":"follow","max-snippet":"max-snippet:-1","max-image-preview":"max-image-preview:large","max-video-preview":"max-video-preview:-1"},"canonical":"https:\/\/www.textilegence.com\/en\/sustainability-action-plan-move-by-the-turkish-textile-industry\/","og_locale":"en_US","og_type":"article","og_title":"\u2018Sustainability Action Plan\u2019 move by the Turkish textile industry","og_description":"Under the leadership of the Turkish Exporters\u2019 Assembly (TIM), the \u2018Turkish Textile Industry Sustainability Action Plan\u2019 was announced by the Istanbul","og_url":"https:\/\/www.textilegence.com\/en\/sustainability-action-plan-move-by-the-turkish-textile-industry\/","og_site_name":"Textilegence Magazine and Digital Platform","article_publisher":"https:\/\/www.facebook.com\/TextilegenceMagazine","article_author":"https:\/\/www.facebook.com\/TextilegenceMagazine","article_published_time":"2021-08-13T11:26:30+00:00","article_modified_time":"2022-01-12T06:54:24+00:00","og_image":[{"width":1200,"height":675,"url":"https:\/\/www.textilegence.com\/wp-content\/uploads\/2021\/08\/surdurulebilirlik-eylem-plani-textilegence.jpg","type":"image\/jpeg"}],"author":"Ya\u011fmur Melis \u015eim\u015fek","twitter_card":"summary_large_image","twitter_creator":"@https:\/\/twitter.com\/textilegence","twitter_site":"@textilegence","twitter_misc":{"Written by":"Ya\u011fmur Melis \u015eim\u015fek","Est. reading time":"7 minutes"},"schema":{"@context":"https:\/\/schema.org","@graph":[{"@type":"NewsArticle","@id":"https:\/\/www.textilegence.com\/en\/sustainability-action-plan-move-by-the-turkish-textile-industry\/#article","isPartOf":{"@id":"https:\/\/www.textilegence.com\/en\/sustainability-action-plan-move-by-the-turkish-textile-industry\/"},"author":{"name":"Ya\u011fmur Melis \u015eim\u015fek","@id":"https:\/\/www.textilegence.com\/en\/#\/schema\/person\/cfa6baf17f0478131c673c93a9b88ef3"},"headline":"\u2018Sustainability Action Plan\u2019 move by the Turkish textile industry","datePublished":"2021-08-13T11:26:30+00:00","dateModified":"2022-01-12T06:54:24+00:00","mainEntityOfPage":{"@id":"https:\/\/www.textilegence.com\/en\/sustainability-action-plan-move-by-the-turkish-textile-industry\/"},"wordCount":1139,"commentCount":0,"publisher":{"@id":"https:\/\/www.textilegence.com\/en\/#organization"},"image":{"@id":"https:\/\/www.textilegence.com\/en\/sustainability-action-plan-move-by-the-turkish-textile-industry\/#primaryimage"},"thumbnailUrl":"https:\/\/www.textilegence.com\/wp-content\/uploads\/2021\/08\/surdurulebilirlik-eylem-plani-textilegence.jpg","keywords":["sustainability","sustainability action plan","textile news","topical"],"articleSection":["Green Times","Topical"],"inLanguage":"en-US","potentialAction":[{"@type":"CommentAction","name":"Comment","target":["https:\/\/www.textilegence.com\/en\/sustainability-action-plan-move-by-the-turkish-textile-industry\/#respond"]}]},{"@type":"WebPage","@id":"https:\/\/www.textilegence.com\/en\/sustainability-action-plan-move-by-the-turkish-textile-industry\/","url":"https:\/\/www.textilegence.com\/en\/sustainability-action-plan-move-by-the-turkish-textile-industry\/","name":"\u2018Sustainability Action Plan\u2019 by the Turkish textile industry - Textilegence","isPartOf":{"@id":"https:\/\/www.textilegence.com\/en\/#website"},"primaryImageOfPage":{"@id":"https:\/\/www.textilegence.com\/en\/sustainability-action-plan-move-by-the-turkish-textile-industry\/#primaryimage"},"image":{"@id":"https:\/\/www.textilegence.com\/en\/sustainability-action-plan-move-by-the-turkish-textile-industry\/#primaryimage"},"thumbnailUrl":"https:\/\/www.textilegence.com\/wp-content\/uploads\/2021\/08\/surdurulebilirlik-eylem-plani-textilegence.jpg","datePublished":"2021-08-13T11:26:30+00:00","dateModified":"2022-01-12T06:54:24+00:00","description":"The \u2018Turkish Textile Industry Sustainability Action Plan\u2019 was announced by the Istanbul Textile and Raw Materials Exporters' Association.","breadcrumb":{"@id":"https:\/\/www.textilegence.com\/en\/sustainability-action-plan-move-by-the-turkish-textile-industry\/#breadcrumb"},"inLanguage":"en-US","potentialAction":[{"@type":"ReadAction","target":["https:\/\/www.textilegence.com\/en\/sustainability-action-plan-move-by-the-turkish-textile-industry\/"]}]},{"@type":"ImageObject","inLanguage":"en-US","@id":"https:\/\/www.textilegence.com\/en\/sustainability-action-plan-move-by-the-turkish-textile-industry\/#primaryimage","url":"https:\/\/www.textilegence.com\/wp-content\/uploads\/2021\/08\/surdurulebilirlik-eylem-plani-textilegence.jpg","contentUrl":"https:\/\/www.textilegence.com\/wp-content\/uploads\/2021\/08\/surdurulebilirlik-eylem-plani-textilegence.jpg","width":1200,"height":675},{"@type":"BreadcrumbList","@id":"https:\/\/www.textilegence.com\/en\/sustainability-action-plan-move-by-the-turkish-textile-industry\/#breadcrumb","itemListElement":[{"@type":"ListItem","position":1,"name":"Home Page","item":"https:\/\/www.textilegence.com\/en\/homepage-the-rimont\/"},{"@type":"ListItem","position":2,"name":"Topical","item":"https:\/\/www.textilegence.com\/en\/category\/topical\/"},{"@type":"ListItem","position":3,"name":"\u2018Sustainability Action Plan\u2019 move by the Turkish textile industry"}]},{"@type":"WebSite","@id":"https:\/\/www.textilegence.com\/en\/#website","url":"https:\/\/www.textilegence.com\/en\/","name":"Textilegence Magazine and Digital Platform","description":"Textile News Center","publisher":{"@id":"https:\/\/www.textilegence.com\/en\/#organization"},"potentialAction":[{"@type":"SearchAction","target":{"@type":"EntryPoint","urlTemplate":"https:\/\/www.textilegence.com\/en\/?s={search_term_string}"},"query-input":{"@type":"PropertyValueSpecification","valueRequired":true,"valueName":"search_term_string"}}],"inLanguage":"en-US"},{"@type":"Organization","@id":"https:\/\/www.textilegence.com\/en\/#organization","name":"Textilegence Magazine and Digital Platform","url":"https:\/\/www.textilegence.com\/en\/","logo":{"@type":"ImageObject","inLanguage":"en-US","@id":"https:\/\/www.textilegence.com\/en\/#\/schema\/logo\/image\/","url":"https:\/\/www.textilegence.com\/wp-content\/uploads\/2016\/11\/New_Retina_Logo_Textilegence.png","contentUrl":"https:\/\/www.textilegence.com\/wp-content\/uploads\/2016\/11\/New_Retina_Logo_Textilegence.png","width":544,"height":180,"caption":"Textilegence Magazine and Digital Platform"},"image":{"@id":"https:\/\/www.textilegence.com\/en\/#\/schema\/logo\/image\/"},"sameAs":["https:\/\/www.facebook.com\/TextilegenceMagazine","https:\/\/x.com\/textilegence","https:\/\/www.instagram.com\/textilegence\/","https:\/\/www.linkedin.com\/groups\/Textilegence-Magazine-Digital-Platform-4897253","https:\/\/www.youtube.com\/user\/textilegence"],"description":"Textilegence is a magazine and digital platform established in 2013. It focuses on the textile industry and sub-segments. The platform provides news, articles, and updates on various aspects of the textile industry, including sustainability, technological advancements, and market trends.","email":"editor@textilegence.com","telephone":"+90 212 442 24 12","legalName":"Textilegence Mag and Digital Platform","foundingDate":"2013-01-01","numberOfEmployees":{"@type":"QuantitativeValue","minValue":"1","maxValue":"10"}},{"@type":"Person","@id":"https:\/\/www.textilegence.com\/en\/#\/schema\/person\/cfa6baf17f0478131c673c93a9b88ef3","name":"Ya\u011fmur Melis \u015eim\u015fek","image":{"@type":"ImageObject","inLanguage":"en-US","@id":"https:\/\/www.textilegence.com\/wp-content\/uploads\/2022\/03\/Yagmur_photo1.jpg","url":"https:\/\/www.textilegence.com\/wp-content\/uploads\/2022\/03\/Yagmur_photo1.jpg","contentUrl":"https:\/\/www.textilegence.com\/wp-content\/uploads\/2022\/03\/Yagmur_photo1.jpg","caption":"Ya\u011fmur Melis \u015eim\u015fek"},"description":"Ya\u011fmur Melis \u015eim\u015fek, Saint-Beno\u00eet Frans\u0131z Lisesi\u2019nde e\u011fitim g\u00f6rm\u00fc\u015f, ard\u0131ndan Anadolu \u00dcniversitesi\u2019nde iki y\u0131ll\u0131k Foto\u011fraf\u00e7\u0131l\u0131k B\u00f6l\u00fcm\u00fc\u2019n\u00fc tamamlam\u0131\u015ft\u0131r. Daha sonra lisans e\u011fitimini \u0130stanbul \u00dcniversitesi Gazetecilik B\u00f6l\u00fcm\u00fc\u2019nde s\u00fcrd\u00fcrm\u00fc\u015f, mezuniyetin ard\u0131ndan ise 2017 y\u0131l\u0131nda i\u015f hayat\u0131na at\u0131lm\u0131\u015ft\u0131r. Pek \u00e7ok farkl\u0131 projede, foto\u011fraf\u00e7\u0131l\u0131k ve grafik tasar\u0131mc\u0131l\u0131\u011f\u0131n yan\u0131 s\u0131ra teknoloji alan\u0131nda i\u00e7erik ve haber yazarl\u0131\u011f\u0131 gibi \u00e7e\u015fitli pozisyonlarda yer alan \u015eim\u015fek, 2021 y\u0131l\u0131ndan bu yana Textilegence\u2019da d\u0131\u015f haberlerde yard\u0131mc\u0131 edit\u00f6r olarak g\u00f6rev yapmaktad\u0131r.","sameAs":["https:\/\/www.textilegence.com\/","https:\/\/www.facebook.com\/TextilegenceMagazine","https:\/\/www.instagram.com\/textilegence\/","https:\/\/www.linkedin.com\/company\/2985016","https:\/\/x.com\/https:\/\/twitter.com\/textilegence","https:\/\/www.youtube.com\/channel\/UCgtcny5ljhiXu-yvOiAlpRA"],"url":"https:\/\/www.textilegence.com\/en\/author\/yms\/"}]}},"_links":{"self":[{"href":"https:\/\/www.textilegence.com\/en\/wp-json\/wp\/v2\/posts\/41359","targetHints":{"allow":["GET"]}}],"collection":[{"href":"https:\/\/www.textilegence.com\/en\/wp-json\/wp\/v2\/posts"}],"about":[{"href":"https:\/\/www.textilegence.com\/en\/wp-json\/wp\/v2\/types\/post"}],"author":[{"embeddable":true,"href":"https:\/\/www.textilegence.com\/en\/wp-json\/wp\/v2\/users\/26"}],"replies":[{"embeddable":true,"href":"https:\/\/www.textilegence.com\/en\/wp-json\/wp\/v2\/comments?post=41359"}],"version-history":[{"count":0,"href":"https:\/\/www.textilegence.com\/en\/wp-json\/wp\/v2\/posts\/41359\/revisions"}],"wp:featuredmedia":[{"embeddable":true,"href":"https:\/\/www.textilegence.com\/en\/wp-json\/wp\/v2\/media\/41352"}],"wp:attachment":[{"href":"https:\/\/www.textilegence.com\/en\/wp-json\/wp\/v2\/media?parent=41359"}],"wp:term":[{"taxonomy":"category","embeddable":true,"href":"https:\/\/www.textilegence.com\/en\/wp-json\/wp\/v2\/categories?post=41359"},{"taxonomy":"post_tag","embeddable":true,"href":"https:\/\/www.textilegence.com\/en\/wp-json\/wp\/v2\/tags?post=41359"}],"curies":[{"name":"wp","href":"https:\/\/api.w.org\/{rel}","templated":true}]}}