{"id":41406,"date":"2021-08-17T11:09:30","date_gmt":"2021-08-17T08:09:30","guid":{"rendered":"http:\/\/www.textilegence.com\/?p=41406"},"modified":"2021-08-17T11:10:07","modified_gmt":"2021-08-17T08:10:07","slug":"2021-printing-fairs-are-counting-days-for-post-pandemic-meeting","status":"publish","type":"post","link":"https:\/\/www.textilegence.com\/en\/2021-printing-fairs-are-counting-days-for-post-pandemic-meeting\/","title":{"rendered":"2021 printing fairs are counting days for post-pandemic meeting"},"content":{"rendered":"\n<p>Turkey&#8217;s two most important printing and advertising fairs, <a href=\"https:\/\/www.signistanbul.com\/\" target=\"_blank\" rel=\"noreferrer noopener\">SIGN Istanbul<\/a> and <a href=\"https:\/\/www.fespaeurasia.com.tr\/\" target=\"_blank\" rel=\"noreferrer noopener\">FESPA Eurasia<\/a>, are counting down the days to meet their visitors this year.&nbsp;Due to the increasing vaccination rate and the measures taken, intense interest is expected for the 2021 printing <a href=\"https:\/\/www.textilegence.com\/en\/category\/trade-fairs\/\" target=\"_blank\" rel=\"noreferrer noopener\">fairs<\/a>.&nbsp;As SIGN Istanbul, which will be held for the 22nd time between 9-12 September, prepares to bring the printing industry together in T\u00dcYAP&nbsp;Beylikd\u00fcz\u00fc; FESPA Eurasia, which will take place for the eighth time at Istanbul Expo&nbsp;Center&nbsp;(IFM), will host its visitors between 2-5 December 2021.&nbsp;<\/p>\n\n\n\n<h2 class=\"wp-block-heading\" id=\"h-2021-printing-fairs-are-coming-to-close-the-gap-created-by-the-pandemic\"><strong>2021 printing fairs are&nbsp;coming&nbsp;to close the gap created by the pandemic<\/strong><\/h2>\n\n\n\n<p>SIGN Istanbul, which brought dynamism to the industrial advertising and digital printing industry with numerous agreements in 2019, will host thousands of qualified visitors on a global scale this year. The fair&nbsp;received promotional support from the&nbsp;Turkish&nbsp;Ministry of Commerce&nbsp;in&nbsp;2021,&nbsp;and&nbsp;will thus intensify its communication with buyers from all over the world and offer a more efficient fair experience to the participants. All innovations from digital printing machines to screen printing machines, from textile printing to laser machines, from dyes to promotional products, from LED systems to industrial advertising products, from 3D printing technologies to visual communication and exhibition equipment will be exhibited at the fair.&nbsp;<\/p>\n\n\n\n<p>Tarsus Turkey Fairs Director Seda Bozkurt said that SIGN Istanbul will be the first face-to-face sectoral meeting on a global scale after two years. Bozkurt stated that Turkey, which is at the&nbsp;centre&nbsp;of the trade network stretching from the Balkans to the Caucasus, from the Middle East to North Africa, continues to be the shining star of world trade with its geographical location, logistics power, quality production potential and reasonable cost advantage; \u201cIn this direction, the international fairs organized in our country also shape the future of the sector it addresses. SIGN Istanbul 2021 will be at the&nbsp;centre&nbsp;of the world in the international trade of the&nbsp;signage&nbsp;and digital printing industry\u201d.&nbsp;<\/p>\n\n\n\n<div class=\"wp-block-image\"><figure class=\"aligncenter size-full\"><img loading=\"lazy\" decoding=\"async\" width=\"1200\" height=\"675\" src=\"https:\/\/www.textilegence.com\/wp-content\/uploads\/2021\/08\/2021-baski-fuarlari-detail.jpg\" alt=\"\" class=\"wp-image-41404\" srcset=\"https:\/\/www.textilegence.com\/wp-content\/uploads\/2021\/08\/2021-baski-fuarlari-detail.jpg 1200w, https:\/\/www.textilegence.com\/wp-content\/uploads\/2021\/08\/2021-baski-fuarlari-detail-768x432.jpg 768w, https:\/\/www.textilegence.com\/wp-content\/uploads\/2021\/08\/2021-baski-fuarlari-detail-696x392.jpg 696w, https:\/\/www.textilegence.com\/wp-content\/uploads\/2021\/08\/2021-baski-fuarlari-detail-1068x601.jpg 1068w\" sizes=\"auto, (max-width: 1200px) 100vw, 1200px\" \/><figcaption> 2021 printing fairs are&nbsp;coming&nbsp;to close the gap created by the pandemic<\/figcaption><\/figure><\/div>\n\n\n\n<h2 class=\"wp-block-heading\" id=\"h-all-necessary-measures-will-be-taken-against-the-pandemic-in-the-fairgrounds\"><strong>All necessary measures will be taken against the pandemic in the fairgrounds<\/strong><\/h2>\n\n\n\n<p>FESPA Eurasia 2021, one of the leading printing fairs of the Eurasia region, is planned to be held this year with the participation of 120 exhibitors and more than 500 brands. The innovations of the&nbsp;signage&nbsp;and digital printing world will be presented together at the fair, where new products and technologies related to wide format digital printing, screen printing, textile printing and&nbsp;signage&nbsp;will be exhibited. FESPA Eurasia 2021 aims to enable the world of print and signage to follow trends, create new jobs inspired by the fair, and close the job gap of the industry during the pandemic period.&nbsp;<\/p>\n\n\n\n<p>2021 printing fairs are preparing a safe fairground where all hygiene measures are applied for their visitors. FESPA Eurasia Fair Manager&nbsp;Bet\u00fcl&nbsp;Binici&nbsp;stated that the positive atmosphere created by the widespread vaccination brought vitality to the sector and said that they aimed to breathe life into the sector with this fair.&nbsp;Noting&nbsp;that the high demand for this year&#8217;s fair shows the potential of the sector,&nbsp;Binici&nbsp;made the following&nbsp;statement;&nbsp;\u201cAs FESPA Eurasia and Sign Association of Turkey&nbsp;(ARED), we stand by all companies in the sector. FESPA Eurasia will be an opportunity for companies in the sector to make up for the losses in their business due to the&nbsp;pandemic. We also plan to provide all the convenience to the companies regarding the participation of the fair and to support them\u201d.&nbsp;<\/p>\n","protected":false},"excerpt":{"rendered":"<p>Turkey&#8217;s two most important printing and advertising fairs, SIGN Istanbul and FESPA Eurasia, are counting down the days to meet their visitors this year.&nbsp;Due to the increasing vaccination rate and the measures taken, intense interest is expected for the 2021 printing fairs.&nbsp;As SIGN Istanbul, which will be held for the 22nd time between 9-12 September, [&hellip;]<\/p>\n","protected":false},"author":8,"featured_media":41402,"comment_status":"open","ping_status":"closed","sticky":false,"template":"","format":"standard","meta":{"footnotes":""},"categories":[9845],"tags":[12452,12448],"class_list":{"0":"post-41406","1":"post","2":"type-post","3":"status-publish","4":"format-standard","5":"has-post-thumbnail","7":"category-trade-fairs","8":"tag-printing-news","9":"tag-trade-fairs"},"yoast_head":"<!-- This site is optimized with the Yoast SEO Premium plugin v27.3 (Yoast SEO v27.3) - https:\/\/yoast.com\/product\/yoast-seo-premium-wordpress\/ -->\n<title>Countdown has begun for 2021 printing fairs - Textilegence<\/title>\n<meta name=\"description\" content=\"Due to the increasing vaccination rate and the measures taken, intense interest is expected for the 2021 printing fairs.\u00a0As SIGN Istanbul...\" \/>\n<meta name=\"robots\" content=\"index, follow, max-snippet:-1, max-image-preview:large, max-video-preview:-1\" \/>\n<link rel=\"canonical\" href=\"https:\/\/www.textilegence.com\/en\/2021-printing-fairs-are-counting-days-for-post-pandemic-meeting\/\" \/>\n<meta property=\"og:locale\" content=\"en_US\" \/>\n<meta property=\"og:type\" content=\"article\" \/>\n<meta property=\"og:title\" content=\"2021 printing fairs are counting days for post-pandemic meeting\" \/>\n<meta property=\"og:description\" content=\"Turkey&#039;s two most important printing and advertising fairs, SIGN Istanbul and FESPA Eurasia, are counting down the days to meet their visitors this\" \/>\n<meta property=\"og:url\" content=\"https:\/\/www.textilegence.com\/en\/2021-printing-fairs-are-counting-days-for-post-pandemic-meeting\/\" \/>\n<meta property=\"og:site_name\" content=\"Textilegence Magazine and Digital Platform\" \/>\n<meta property=\"article:publisher\" content=\"https:\/\/www.facebook.com\/TextilegenceMagazine\" \/>\n<meta property=\"article:author\" content=\"https:\/\/www.facebook.com\/TextilegenceMagazine\" \/>\n<meta property=\"article:published_time\" content=\"2021-08-17T08:09:30+00:00\" \/>\n<meta property=\"article:modified_time\" content=\"2021-08-17T08:10:07+00:00\" \/>\n<meta property=\"og:image\" content=\"https:\/\/www.textilegence.com\/wp-content\/uploads\/2021\/08\/2021-baski-fuarlari-textilegence.jpg\" \/>\n\t<meta property=\"og:image:width\" content=\"1200\" \/>\n\t<meta property=\"og:image:height\" content=\"675\" \/>\n\t<meta property=\"og:image:type\" content=\"image\/jpeg\" \/>\n<meta name=\"author\" content=\"Fatih Cengiarslan\" \/>\n<meta name=\"twitter:card\" content=\"summary_large_image\" \/>\n<meta name=\"twitter:creator\" content=\"@https:\/\/twitter.com\/textilegence\" \/>\n<meta name=\"twitter:site\" content=\"@textilegence\" \/>\n<meta name=\"twitter:label1\" content=\"Written by\" \/>\n\t<meta name=\"twitter:data1\" content=\"Fatih Cengiarslan\" \/>\n\t<meta name=\"twitter:label2\" content=\"Est. reading time\" \/>\n\t<meta name=\"twitter:data2\" content=\"3 minutes\" \/>\n<script type=\"application\/ld+json\" class=\"yoast-schema-graph\">{\"@context\":\"https:\\\/\\\/schema.org\",\"@graph\":[{\"@type\":\"NewsArticle\",\"@id\":\"https:\\\/\\\/www.textilegence.com\\\/en\\\/2021-printing-fairs-are-counting-days-for-post-pandemic-meeting\\\/#article\",\"isPartOf\":{\"@id\":\"https:\\\/\\\/www.textilegence.com\\\/en\\\/2021-printing-fairs-are-counting-days-for-post-pandemic-meeting\\\/\"},\"author\":{\"name\":\"Fatih Cengiarslan\",\"@id\":\"https:\\\/\\\/www.textilegence.com\\\/en\\\/#\\\/schema\\\/person\\\/1c3977109f8a6e1e2b95678836d75cb7\"},\"headline\":\"2021 printing fairs are counting days for post-pandemic meeting\",\"datePublished\":\"2021-08-17T08:09:30+00:00\",\"dateModified\":\"2021-08-17T08:10:07+00:00\",\"mainEntityOfPage\":{\"@id\":\"https:\\\/\\\/www.textilegence.com\\\/en\\\/2021-printing-fairs-are-counting-days-for-post-pandemic-meeting\\\/\"},\"wordCount\":630,\"commentCount\":0,\"publisher\":{\"@id\":\"https:\\\/\\\/www.textilegence.com\\\/en\\\/#organization\"},\"image\":{\"@id\":\"https:\\\/\\\/www.textilegence.com\\\/en\\\/2021-printing-fairs-are-counting-days-for-post-pandemic-meeting\\\/#primaryimage\"},\"thumbnailUrl\":\"https:\\\/\\\/www.textilegence.com\\\/wp-content\\\/uploads\\\/2021\\\/08\\\/2021-baski-fuarlari-textilegence.jpg\",\"keywords\":[\"printing news\",\"trade fairs\"],\"articleSection\":[\"Trade Fairs\"],\"inLanguage\":\"en-US\",\"potentialAction\":[{\"@type\":\"CommentAction\",\"name\":\"Comment\",\"target\":[\"https:\\\/\\\/www.textilegence.com\\\/en\\\/2021-printing-fairs-are-counting-days-for-post-pandemic-meeting\\\/#respond\"]}]},{\"@type\":\"WebPage\",\"@id\":\"https:\\\/\\\/www.textilegence.com\\\/en\\\/2021-printing-fairs-are-counting-days-for-post-pandemic-meeting\\\/\",\"url\":\"https:\\\/\\\/www.textilegence.com\\\/en\\\/2021-printing-fairs-are-counting-days-for-post-pandemic-meeting\\\/\",\"name\":\"Countdown has begun for 2021 printing fairs - Textilegence\",\"isPartOf\":{\"@id\":\"https:\\\/\\\/www.textilegence.com\\\/en\\\/#website\"},\"primaryImageOfPage\":{\"@id\":\"https:\\\/\\\/www.textilegence.com\\\/en\\\/2021-printing-fairs-are-counting-days-for-post-pandemic-meeting\\\/#primaryimage\"},\"image\":{\"@id\":\"https:\\\/\\\/www.textilegence.com\\\/en\\\/2021-printing-fairs-are-counting-days-for-post-pandemic-meeting\\\/#primaryimage\"},\"thumbnailUrl\":\"https:\\\/\\\/www.textilegence.com\\\/wp-content\\\/uploads\\\/2021\\\/08\\\/2021-baski-fuarlari-textilegence.jpg\",\"datePublished\":\"2021-08-17T08:09:30+00:00\",\"dateModified\":\"2021-08-17T08:10:07+00:00\",\"description\":\"Due to the increasing vaccination rate and the measures taken, intense interest is expected for the 2021 printing fairs.\u00a0As SIGN Istanbul...\",\"breadcrumb\":{\"@id\":\"https:\\\/\\\/www.textilegence.com\\\/en\\\/2021-printing-fairs-are-counting-days-for-post-pandemic-meeting\\\/#breadcrumb\"},\"inLanguage\":\"en-US\",\"potentialAction\":[{\"@type\":\"ReadAction\",\"target\":[\"https:\\\/\\\/www.textilegence.com\\\/en\\\/2021-printing-fairs-are-counting-days-for-post-pandemic-meeting\\\/\"]}]},{\"@type\":\"ImageObject\",\"inLanguage\":\"en-US\",\"@id\":\"https:\\\/\\\/www.textilegence.com\\\/en\\\/2021-printing-fairs-are-counting-days-for-post-pandemic-meeting\\\/#primaryimage\",\"url\":\"https:\\\/\\\/www.textilegence.com\\\/wp-content\\\/uploads\\\/2021\\\/08\\\/2021-baski-fuarlari-textilegence.jpg\",\"contentUrl\":\"https:\\\/\\\/www.textilegence.com\\\/wp-content\\\/uploads\\\/2021\\\/08\\\/2021-baski-fuarlari-textilegence.jpg\",\"width\":1200,\"height\":675},{\"@type\":\"BreadcrumbList\",\"@id\":\"https:\\\/\\\/www.textilegence.com\\\/en\\\/2021-printing-fairs-are-counting-days-for-post-pandemic-meeting\\\/#breadcrumb\",\"itemListElement\":[{\"@type\":\"ListItem\",\"position\":1,\"name\":\"Home Page\",\"item\":\"https:\\\/\\\/www.textilegence.com\\\/en\\\/homepage-the-rimont\\\/\"},{\"@type\":\"ListItem\",\"position\":2,\"name\":\"Trade Fairs\",\"item\":\"https:\\\/\\\/www.textilegence.com\\\/en\\\/category\\\/trade-fairs\\\/\"},{\"@type\":\"ListItem\",\"position\":3,\"name\":\"2021 printing fairs are counting days for post-pandemic meeting\"}]},{\"@type\":\"WebSite\",\"@id\":\"https:\\\/\\\/www.textilegence.com\\\/en\\\/#website\",\"url\":\"https:\\\/\\\/www.textilegence.com\\\/en\\\/\",\"name\":\"Textilegence Magazine and Digital Platform\",\"description\":\"Textile News Center\",\"publisher\":{\"@id\":\"https:\\\/\\\/www.textilegence.com\\\/en\\\/#organization\"},\"potentialAction\":[{\"@type\":\"SearchAction\",\"target\":{\"@type\":\"EntryPoint\",\"urlTemplate\":\"https:\\\/\\\/www.textilegence.com\\\/en\\\/?s={search_term_string}\"},\"query-input\":{\"@type\":\"PropertyValueSpecification\",\"valueRequired\":true,\"valueName\":\"search_term_string\"}}],\"inLanguage\":\"en-US\"},{\"@type\":\"Organization\",\"@id\":\"https:\\\/\\\/www.textilegence.com\\\/en\\\/#organization\",\"name\":\"Textilegence Magazine and Digital Platform\",\"url\":\"https:\\\/\\\/www.textilegence.com\\\/en\\\/\",\"logo\":{\"@type\":\"ImageObject\",\"inLanguage\":\"en-US\",\"@id\":\"https:\\\/\\\/www.textilegence.com\\\/en\\\/#\\\/schema\\\/logo\\\/image\\\/\",\"url\":\"https:\\\/\\\/www.textilegence.com\\\/wp-content\\\/uploads\\\/2016\\\/11\\\/New_Retina_Logo_Textilegence.png\",\"contentUrl\":\"https:\\\/\\\/www.textilegence.com\\\/wp-content\\\/uploads\\\/2016\\\/11\\\/New_Retina_Logo_Textilegence.png\",\"width\":544,\"height\":180,\"caption\":\"Textilegence Magazine and Digital Platform\"},\"image\":{\"@id\":\"https:\\\/\\\/www.textilegence.com\\\/en\\\/#\\\/schema\\\/logo\\\/image\\\/\"},\"sameAs\":[\"https:\\\/\\\/www.facebook.com\\\/TextilegenceMagazine\",\"https:\\\/\\\/x.com\\\/textilegence\",\"https:\\\/\\\/www.instagram.com\\\/textilegence\\\/\",\"https:\\\/\\\/www.linkedin.com\\\/groups\\\/Textilegence-Magazine-Digital-Platform-4897253\",\"https:\\\/\\\/www.youtube.com\\\/user\\\/textilegence\"],\"description\":\"Textilegence is a magazine and digital platform established in 2013. It focuses on the textile industry and sub-segments. The platform provides news, articles, and updates on various aspects of the textile industry, including sustainability, technological advancements, and market trends.\",\"email\":\"editor@textilegence.com\",\"telephone\":\"+90 212 442 24 12\",\"legalName\":\"Textilegence Mag and Digital Platform\",\"foundingDate\":\"2013-01-01\",\"numberOfEmployees\":{\"@type\":\"QuantitativeValue\",\"minValue\":\"1\",\"maxValue\":\"10\"}},{\"@type\":\"Person\",\"@id\":\"https:\\\/\\\/www.textilegence.com\\\/en\\\/#\\\/schema\\\/person\\\/1c3977109f8a6e1e2b95678836d75cb7\",\"name\":\"Fatih Cengiarslan\",\"image\":{\"@type\":\"ImageObject\",\"inLanguage\":\"en-US\",\"@id\":\"https:\\\/\\\/www.textilegence.com\\\/wp-content\\\/uploads\\\/2018\\\/12\\\/fatih-cengiarslan.jpg\",\"url\":\"https:\\\/\\\/www.textilegence.com\\\/wp-content\\\/uploads\\\/2018\\\/12\\\/fatih-cengiarslan.jpg\",\"contentUrl\":\"https:\\\/\\\/www.textilegence.com\\\/wp-content\\\/uploads\\\/2018\\\/12\\\/fatih-cengiarslan.jpg\",\"caption\":\"Fatih Cengiarslan\"},\"description\":\"Fatih Cengiarslan; Akademik \u0130ngilizce e\u011fitimini Bat\u0131 Avustralya \u00dcniversitesi\u2019nde tamamlad\u0131ktan sonra T\u00fcrkiye\u2019ye d\u00f6nerek \u0130stanbul Ayd\u0131n \u00dcniversitesi\u2019nde \u0130nternet Gazetecili\u011fi ve Yay\u0131nc\u0131l\u0131k b\u00f6l\u00fcm\u00fcn\u00fc bitirip, Litvanya \u2013 Kaunas Teknoloji \u00dcniversitesi\u2019nde interaktif media \u00fczerine 8 ayl\u0131k e\u011fitim ald\u0131. Daha sonra Eski\u015fehir Anadolu \u00dcniversitesi girerek \u0130\u015fletme Fak\u00fcltesini ba\u015far\u0131yla tamamlad\u0131. CNNTURK\u2019 kanal\u0131nda staj\u0131n\u0131 tamamlad\u0131ktan sonra Referans Gazetesi\u2019nde \u00e7al\u0131\u015fmaya ba\u015flad\u0131. 2 y\u0131l sonra Textilegence markas\u0131yla tekstil end\u00fcstrisine y\u00f6nelik kendi medyas\u0131n\u0131 kurdu. \u015eu anda Textilegence.com, Printing3D ve NEFA PR Ajans\u0131\u2019n\u0131n 12 y\u0131ld\u0131r y\u00f6netimini yapmaktad\u0131r.\",\"sameAs\":[\"https:\\\/\\\/www.textilegence.com\",\"https:\\\/\\\/www.facebook.com\\\/TextilegenceMagazine\",\"https:\\\/\\\/www.instagram.com\\\/textilegence\\\/\",\"https:\\\/\\\/www.linkedin.com\\\/in\\\/fatih-cengiarslan-32352265\\\/\",\"https:\\\/\\\/x.com\\\/https:\\\/\\\/twitter.com\\\/textilegence\"],\"url\":\"https:\\\/\\\/www.textilegence.com\\\/en\\\/author\\\/admin\\\/\"}]}<\/script>\n<!-- \/ Yoast SEO Premium plugin. -->","yoast_head_json":{"title":"Countdown has begun for 2021 printing fairs - Textilegence","description":"Due to the increasing vaccination rate and the measures taken, intense interest is expected for the 2021 printing fairs.\u00a0As SIGN Istanbul...","robots":{"index":"index","follow":"follow","max-snippet":"max-snippet:-1","max-image-preview":"max-image-preview:large","max-video-preview":"max-video-preview:-1"},"canonical":"https:\/\/www.textilegence.com\/en\/2021-printing-fairs-are-counting-days-for-post-pandemic-meeting\/","og_locale":"en_US","og_type":"article","og_title":"2021 printing fairs are counting days for post-pandemic meeting","og_description":"Turkey's two most important printing and advertising fairs, SIGN Istanbul and FESPA Eurasia, are counting down the days to meet their visitors this","og_url":"https:\/\/www.textilegence.com\/en\/2021-printing-fairs-are-counting-days-for-post-pandemic-meeting\/","og_site_name":"Textilegence Magazine and Digital Platform","article_publisher":"https:\/\/www.facebook.com\/TextilegenceMagazine","article_author":"https:\/\/www.facebook.com\/TextilegenceMagazine","article_published_time":"2021-08-17T08:09:30+00:00","article_modified_time":"2021-08-17T08:10:07+00:00","og_image":[{"width":1200,"height":675,"url":"https:\/\/www.textilegence.com\/wp-content\/uploads\/2021\/08\/2021-baski-fuarlari-textilegence.jpg","type":"image\/jpeg"}],"author":"Fatih Cengiarslan","twitter_card":"summary_large_image","twitter_creator":"@https:\/\/twitter.com\/textilegence","twitter_site":"@textilegence","twitter_misc":{"Written by":"Fatih Cengiarslan","Est. reading time":"3 minutes"},"schema":{"@context":"https:\/\/schema.org","@graph":[{"@type":"NewsArticle","@id":"https:\/\/www.textilegence.com\/en\/2021-printing-fairs-are-counting-days-for-post-pandemic-meeting\/#article","isPartOf":{"@id":"https:\/\/www.textilegence.com\/en\/2021-printing-fairs-are-counting-days-for-post-pandemic-meeting\/"},"author":{"name":"Fatih Cengiarslan","@id":"https:\/\/www.textilegence.com\/en\/#\/schema\/person\/1c3977109f8a6e1e2b95678836d75cb7"},"headline":"2021 printing fairs are counting days for post-pandemic meeting","datePublished":"2021-08-17T08:09:30+00:00","dateModified":"2021-08-17T08:10:07+00:00","mainEntityOfPage":{"@id":"https:\/\/www.textilegence.com\/en\/2021-printing-fairs-are-counting-days-for-post-pandemic-meeting\/"},"wordCount":630,"commentCount":0,"publisher":{"@id":"https:\/\/www.textilegence.com\/en\/#organization"},"image":{"@id":"https:\/\/www.textilegence.com\/en\/2021-printing-fairs-are-counting-days-for-post-pandemic-meeting\/#primaryimage"},"thumbnailUrl":"https:\/\/www.textilegence.com\/wp-content\/uploads\/2021\/08\/2021-baski-fuarlari-textilegence.jpg","keywords":["printing news","trade fairs"],"articleSection":["Trade Fairs"],"inLanguage":"en-US","potentialAction":[{"@type":"CommentAction","name":"Comment","target":["https:\/\/www.textilegence.com\/en\/2021-printing-fairs-are-counting-days-for-post-pandemic-meeting\/#respond"]}]},{"@type":"WebPage","@id":"https:\/\/www.textilegence.com\/en\/2021-printing-fairs-are-counting-days-for-post-pandemic-meeting\/","url":"https:\/\/www.textilegence.com\/en\/2021-printing-fairs-are-counting-days-for-post-pandemic-meeting\/","name":"Countdown has begun for 2021 printing fairs - Textilegence","isPartOf":{"@id":"https:\/\/www.textilegence.com\/en\/#website"},"primaryImageOfPage":{"@id":"https:\/\/www.textilegence.com\/en\/2021-printing-fairs-are-counting-days-for-post-pandemic-meeting\/#primaryimage"},"image":{"@id":"https:\/\/www.textilegence.com\/en\/2021-printing-fairs-are-counting-days-for-post-pandemic-meeting\/#primaryimage"},"thumbnailUrl":"https:\/\/www.textilegence.com\/wp-content\/uploads\/2021\/08\/2021-baski-fuarlari-textilegence.jpg","datePublished":"2021-08-17T08:09:30+00:00","dateModified":"2021-08-17T08:10:07+00:00","description":"Due to the increasing vaccination rate and the measures taken, intense interest is expected for the 2021 printing fairs.\u00a0As SIGN Istanbul...","breadcrumb":{"@id":"https:\/\/www.textilegence.com\/en\/2021-printing-fairs-are-counting-days-for-post-pandemic-meeting\/#breadcrumb"},"inLanguage":"en-US","potentialAction":[{"@type":"ReadAction","target":["https:\/\/www.textilegence.com\/en\/2021-printing-fairs-are-counting-days-for-post-pandemic-meeting\/"]}]},{"@type":"ImageObject","inLanguage":"en-US","@id":"https:\/\/www.textilegence.com\/en\/2021-printing-fairs-are-counting-days-for-post-pandemic-meeting\/#primaryimage","url":"https:\/\/www.textilegence.com\/wp-content\/uploads\/2021\/08\/2021-baski-fuarlari-textilegence.jpg","contentUrl":"https:\/\/www.textilegence.com\/wp-content\/uploads\/2021\/08\/2021-baski-fuarlari-textilegence.jpg","width":1200,"height":675},{"@type":"BreadcrumbList","@id":"https:\/\/www.textilegence.com\/en\/2021-printing-fairs-are-counting-days-for-post-pandemic-meeting\/#breadcrumb","itemListElement":[{"@type":"ListItem","position":1,"name":"Home Page","item":"https:\/\/www.textilegence.com\/en\/homepage-the-rimont\/"},{"@type":"ListItem","position":2,"name":"Trade Fairs","item":"https:\/\/www.textilegence.com\/en\/category\/trade-fairs\/"},{"@type":"ListItem","position":3,"name":"2021 printing fairs are counting days for post-pandemic meeting"}]},{"@type":"WebSite","@id":"https:\/\/www.textilegence.com\/en\/#website","url":"https:\/\/www.textilegence.com\/en\/","name":"Textilegence Magazine and Digital Platform","description":"Textile News Center","publisher":{"@id":"https:\/\/www.textilegence.com\/en\/#organization"},"potentialAction":[{"@type":"SearchAction","target":{"@type":"EntryPoint","urlTemplate":"https:\/\/www.textilegence.com\/en\/?s={search_term_string}"},"query-input":{"@type":"PropertyValueSpecification","valueRequired":true,"valueName":"search_term_string"}}],"inLanguage":"en-US"},{"@type":"Organization","@id":"https:\/\/www.textilegence.com\/en\/#organization","name":"Textilegence Magazine and Digital Platform","url":"https:\/\/www.textilegence.com\/en\/","logo":{"@type":"ImageObject","inLanguage":"en-US","@id":"https:\/\/www.textilegence.com\/en\/#\/schema\/logo\/image\/","url":"https:\/\/www.textilegence.com\/wp-content\/uploads\/2016\/11\/New_Retina_Logo_Textilegence.png","contentUrl":"https:\/\/www.textilegence.com\/wp-content\/uploads\/2016\/11\/New_Retina_Logo_Textilegence.png","width":544,"height":180,"caption":"Textilegence Magazine and Digital Platform"},"image":{"@id":"https:\/\/www.textilegence.com\/en\/#\/schema\/logo\/image\/"},"sameAs":["https:\/\/www.facebook.com\/TextilegenceMagazine","https:\/\/x.com\/textilegence","https:\/\/www.instagram.com\/textilegence\/","https:\/\/www.linkedin.com\/groups\/Textilegence-Magazine-Digital-Platform-4897253","https:\/\/www.youtube.com\/user\/textilegence"],"description":"Textilegence is a magazine and digital platform established in 2013. It focuses on the textile industry and sub-segments. The platform provides news, articles, and updates on various aspects of the textile industry, including sustainability, technological advancements, and market trends.","email":"editor@textilegence.com","telephone":"+90 212 442 24 12","legalName":"Textilegence Mag and Digital Platform","foundingDate":"2013-01-01","numberOfEmployees":{"@type":"QuantitativeValue","minValue":"1","maxValue":"10"}},{"@type":"Person","@id":"https:\/\/www.textilegence.com\/en\/#\/schema\/person\/1c3977109f8a6e1e2b95678836d75cb7","name":"Fatih Cengiarslan","image":{"@type":"ImageObject","inLanguage":"en-US","@id":"https:\/\/www.textilegence.com\/wp-content\/uploads\/2018\/12\/fatih-cengiarslan.jpg","url":"https:\/\/www.textilegence.com\/wp-content\/uploads\/2018\/12\/fatih-cengiarslan.jpg","contentUrl":"https:\/\/www.textilegence.com\/wp-content\/uploads\/2018\/12\/fatih-cengiarslan.jpg","caption":"Fatih Cengiarslan"},"description":"Fatih Cengiarslan; Akademik \u0130ngilizce e\u011fitimini Bat\u0131 Avustralya \u00dcniversitesi\u2019nde tamamlad\u0131ktan sonra T\u00fcrkiye\u2019ye d\u00f6nerek \u0130stanbul Ayd\u0131n \u00dcniversitesi\u2019nde \u0130nternet Gazetecili\u011fi ve Yay\u0131nc\u0131l\u0131k b\u00f6l\u00fcm\u00fcn\u00fc bitirip, Litvanya \u2013 Kaunas Teknoloji \u00dcniversitesi\u2019nde interaktif media \u00fczerine 8 ayl\u0131k e\u011fitim ald\u0131. Daha sonra Eski\u015fehir Anadolu \u00dcniversitesi girerek \u0130\u015fletme Fak\u00fcltesini ba\u015far\u0131yla tamamlad\u0131. CNNTURK\u2019 kanal\u0131nda staj\u0131n\u0131 tamamlad\u0131ktan sonra Referans Gazetesi\u2019nde \u00e7al\u0131\u015fmaya ba\u015flad\u0131. 2 y\u0131l sonra Textilegence markas\u0131yla tekstil end\u00fcstrisine y\u00f6nelik kendi medyas\u0131n\u0131 kurdu. \u015eu anda Textilegence.com, Printing3D ve NEFA PR Ajans\u0131\u2019n\u0131n 12 y\u0131ld\u0131r y\u00f6netimini yapmaktad\u0131r.","sameAs":["https:\/\/www.textilegence.com","https:\/\/www.facebook.com\/TextilegenceMagazine","https:\/\/www.instagram.com\/textilegence\/","https:\/\/www.linkedin.com\/in\/fatih-cengiarslan-32352265\/","https:\/\/x.com\/https:\/\/twitter.com\/textilegence"],"url":"https:\/\/www.textilegence.com\/en\/author\/admin\/"}]}},"_links":{"self":[{"href":"https:\/\/www.textilegence.com\/en\/wp-json\/wp\/v2\/posts\/41406","targetHints":{"allow":["GET"]}}],"collection":[{"href":"https:\/\/www.textilegence.com\/en\/wp-json\/wp\/v2\/posts"}],"about":[{"href":"https:\/\/www.textilegence.com\/en\/wp-json\/wp\/v2\/types\/post"}],"author":[{"embeddable":true,"href":"https:\/\/www.textilegence.com\/en\/wp-json\/wp\/v2\/users\/8"}],"replies":[{"embeddable":true,"href":"https:\/\/www.textilegence.com\/en\/wp-json\/wp\/v2\/comments?post=41406"}],"version-history":[{"count":0,"href":"https:\/\/www.textilegence.com\/en\/wp-json\/wp\/v2\/posts\/41406\/revisions"}],"wp:featuredmedia":[{"embeddable":true,"href":"https:\/\/www.textilegence.com\/en\/wp-json\/wp\/v2\/media\/41402"}],"wp:attachment":[{"href":"https:\/\/www.textilegence.com\/en\/wp-json\/wp\/v2\/media?parent=41406"}],"wp:term":[{"taxonomy":"category","embeddable":true,"href":"https:\/\/www.textilegence.com\/en\/wp-json\/wp\/v2\/categories?post=41406"},{"taxonomy":"post_tag","embeddable":true,"href":"https:\/\/www.textilegence.com\/en\/wp-json\/wp\/v2\/tags?post=41406"}],"curies":[{"name":"wp","href":"https:\/\/api.w.org\/{rel}","templated":true}]}}