{"id":41644,"date":"2021-08-27T15:51:43","date_gmt":"2021-08-27T12:51:43","guid":{"rendered":"http:\/\/www.textilegence.com\/?p=41644"},"modified":"2021-08-27T15:51:52","modified_gmt":"2021-08-27T12:51:52","slug":"pigment-reklam-will-meet-with-the-printing-industry-at-sign-istanbul-2021","status":"publish","type":"post","link":"https:\/\/www.textilegence.com\/en\/pigment-reklam-will-meet-with-the-printing-industry-at-sign-istanbul-2021\/","title":{"rendered":"Pigment Reklam will meet with the printing industry at SIGN Istanbul 2021"},"content":{"rendered":"\n<p>UV printing solutions <a href=\"https:\/\/pigmentreklam.com.tr\/\" target=\"_blank\" rel=\"noreferrer noopener\">expert<\/a> Pigment Reklam will present innovative printing solutions to printing professionals at booth B20 in hall 12 at SIGN Istanbul 2021, which will be held at T\u00fcyap Fair and Congress Centre on September 9-12. SIGN Istanbul, the industrial advertising and digital <a href=\"https:\/\/www.textilegence.com\/en\/tag\/printing\/\" target=\"_blank\" rel=\"noreferrer noopener\">printing<\/a> technologies fair, could not be held last year due to the pandemic, and is now preparing to host printing professionals and those who are curious about new technologies.<\/p>\n\n\n\n<p>Pigment Reklam will participate in SIGN Istanbul 2021 with a 126 m2 booth, and has created a concept that increases the access of visitors to the solutions and applications on display. Representing the two important brands of UV printing, swissQprint and Plamac, in the Turkish market, Pigment Reklam will exhibit the innovations and sample products of these brands at the fair. Visitors will have the opportunity to see Plamac\u2019s roll to roll printer in operation, as well as closely examine the backlit print works. Backlit prints, which are part of the booth concept, are expected to be the focus of attention of the visitors.<\/p>\n\n\n\n<p>Pigment Reklam has brought important innovations to the market in neon colours and fluorescent prints recently. SIGN Istanbul 2021 visitors will be able to get detailed information about swissQprint\u2019s neon inks and roll to roll UV printer Karibu S. The solutions developed by Metis for the 3D scanning processes used in the production and reproduction of the original works will be among the innovations that Pigment Reklam will offer as well.<\/p>\n\n\n\n<figure class=\"wp-block-image size-full\"><img loading=\"lazy\" decoding=\"async\" width=\"1200\" height=\"675\" src=\"https:\/\/www.textilegence.com\/wp-content\/uploads\/2021\/08\/pigment-reklam-detail.jpg\" alt=\"\" class=\"wp-image-41640\" srcset=\"https:\/\/www.textilegence.com\/wp-content\/uploads\/2021\/08\/pigment-reklam-detail.jpg 1200w, https:\/\/www.textilegence.com\/wp-content\/uploads\/2021\/08\/pigment-reklam-detail-768x432.jpg 768w, https:\/\/www.textilegence.com\/wp-content\/uploads\/2021\/08\/pigment-reklam-detail-696x392.jpg 696w, https:\/\/www.textilegence.com\/wp-content\/uploads\/2021\/08\/pigment-reklam-detail-1068x601.jpg 1068w\" sizes=\"auto, (max-width: 1200px) 100vw, 1200px\" \/><figcaption> The solutions developed by Metis for the 3D scanning processes will be among the innovations that Pigment Reklam will offer as well.<\/figcaption><\/figure>\n\n\n\n<h2 class=\"wp-block-heading\" id=\"h-neon-colour-demos-and-backlit-applications-will-be-ready\">Neon colour demos and backlit applications will be ready<\/h2>\n\n\n\n<p>Pigment Reklam Company Owner Serkan \u00c7a\u011fl\u0131yan reminded that direct contact with the market has not been realized for a long time due to the pandemic; \u201cSIGN Istanbul will be our first face-to-face meeting with the market after a long time, so we are making our preparations very well. We look forward to meeting with the industry and revealing the opportunities that innovations will provide. We see a serious potential at this fair for a lot of investment decisions postponed due to the pandemic. Printers will be able to find the most suitable UV and eco-solvent printing solutions and more at Pigment Reklam for their growing business\u201d.<\/p>\n\n\n\n<p>Stating that the printers will be exhibited in working condition at the fair, \u00c7a\u011fl\u0131yan noted that the visitors will be able to see both the machine performance and the printing quality with their own eyes. Indicating that they will present especially different sample printing applications at their booth, \u00c7a\u011fl\u0131yan disclosed that there has been an increase in the demand for neon printing recently and that they have important solutions in this regard. \u00c7a\u011fl\u0131yan gave the following information about the demos produced with neon ink as well as other applications to be exhibited at the fair; \u201cWe are the first company to launch backlit prints in Turkey. At the fair, we will present our innovations on backlit applications, which have become widespread for both advertising and decoration purposes, to the visitors. Thanks to these prints, they will enjoy the exhibition at our booth\u201d.<\/p>\n\n\n\n<p>\u00c7a\u011fl\u0131yan said that they aim to meet professionals from all segments of the printing industry at the fair. Stating that they have solutions in the entry, middle and industrial levels, \u00c7a\u011fl\u0131yan continued his words as follows; \u201cPigment Reklam has been addressing the whole market since its establishment. Our main goal at the fair is to meet with companies looking for industrial solutions, develop joint projects and offer them special solutions. In addition to our UV and eco-solvent printing solutions, we address several different areas with our cutting machines, inks, software and 3D scanners. We focus not only on selling the lowest-priced products, but on providing machines that our customers can profit from while producing. Professionals visiting Pigment Reklam booth will definitely find a suitable solution for them\u201d.<\/p>\n\n\n\n<div class=\"wp-block-image\"><figure class=\"aligncenter size-full\"><img loading=\"lazy\" decoding=\"async\" width=\"1200\" height=\"675\" src=\"https:\/\/www.textilegence.com\/wp-content\/uploads\/2021\/08\/pigment-reklam-detail1.jpg\" alt=\"\" class=\"wp-image-41642\" srcset=\"https:\/\/www.textilegence.com\/wp-content\/uploads\/2021\/08\/pigment-reklam-detail1.jpg 1200w, https:\/\/www.textilegence.com\/wp-content\/uploads\/2021\/08\/pigment-reklam-detail1-768x432.jpg 768w, https:\/\/www.textilegence.com\/wp-content\/uploads\/2021\/08\/pigment-reklam-detail1-696x392.jpg 696w, https:\/\/www.textilegence.com\/wp-content\/uploads\/2021\/08\/pigment-reklam-detail1-1068x601.jpg 1068w\" sizes=\"auto, (max-width: 1200px) 100vw, 1200px\" \/><figcaption>Visitors will have the opportunity to see Plamac\u2019s roll to roll printer in operation.<\/figcaption><\/figure><\/div>\n\n\n\n<h2 class=\"wp-block-heading\" id=\"h-investments-will-start-again\">Investments will start again<\/h2>\n\n\n\n<p>Serkan \u00c7a\u011fl\u0131yan stated that although the investments came to a standstill during the pandemic, they continued to provide their services without interruption. \u00c7a\u011fl\u0131yan said that the signage industry was adversely affected by this process; \u201cUnfortunately, the industry could not get the necessary support and suffered serious losses. Increases in exchange rates and interest rates also contributed to this negative process. Now is the time to act to compensate for them following renormalisation. Machine parks need to be renewed in order to be able to produce for the opened markets and to remain competitive. In 2021, industrial production came to the fore and UV printing technologies became more dominant in the market. With its high print quality, fast drying and superior durability, UV printing will be in greater demand in the coming period. That&#8217;s why this year&#8217;s SIGN Istanbul and later FESPA Eurasia fairs are of great importance. As Pigment Reklam, we will continue to offer the strongest support we can give to the printers by participating in both fairs strongly\u201d.<\/p>\n","protected":false},"excerpt":{"rendered":"<p>UV printing solutions expert Pigment Reklam will present innovative printing solutions to printing professionals at booth B20 in hall 12 at SIGN Istanbul 2021, which will be held at T\u00fcyap Fair and Congress Centre on September 9-12. SIGN Istanbul, the industrial advertising and digital printing technologies fair, could not be held last year due to [&hellip;]<\/p>\n","protected":false},"author":2,"featured_media":41638,"comment_status":"open","ping_status":"closed","sticky":false,"template":"","format":"standard","meta":{"footnotes":""},"categories":[9853],"tags":[10234,10051,10625,13569,12448],"class_list":{"0":"post-41644","1":"post","2":"type-post","3":"status-publish","4":"format-standard","5":"has-post-thumbnail","7":"category-printing","8":"tag-digital-printing","9":"tag-pigment-reklam-en","10":"tag-serkan-cagliyan-en","11":"tag-sign-istanbul-en","12":"tag-trade-fairs"},"yoast_head":"<!-- This site is optimized with the Yoast SEO Premium plugin v27.3 (Yoast SEO v27.3) - https:\/\/yoast.com\/product\/yoast-seo-premium-wordpress\/ -->\n<title>Pigment Reklam will meet with the printers at SIGN Istanbul - Textilegence<\/title>\n<meta name=\"description\" content=\"UV printing solutions expert Pigment Reklam will present innovative printing solutions to printing professionals at booth B20 in hall 12...\" \/>\n<meta name=\"robots\" content=\"index, follow, max-snippet:-1, max-image-preview:large, max-video-preview:-1\" \/>\n<link rel=\"canonical\" href=\"https:\/\/www.textilegence.com\/en\/pigment-reklam-will-meet-with-the-printing-industry-at-sign-istanbul-2021\/\" \/>\n<meta property=\"og:locale\" content=\"en_US\" \/>\n<meta property=\"og:type\" content=\"article\" \/>\n<meta property=\"og:title\" content=\"Pigment Reklam will meet with the printing industry at SIGN Istanbul 2021\" \/>\n<meta property=\"og:description\" content=\"UV printing solutions expert Pigment Reklam will present innovative printing solutions to printing professionals at booth B20 in hall 12 at SIGN Istanbul\" \/>\n<meta property=\"og:url\" content=\"https:\/\/www.textilegence.com\/en\/pigment-reklam-will-meet-with-the-printing-industry-at-sign-istanbul-2021\/\" \/>\n<meta property=\"og:site_name\" content=\"Textilegence Magazine and Digital Platform\" \/>\n<meta property=\"article:publisher\" content=\"https:\/\/www.facebook.com\/TextilegenceMagazine\" \/>\n<meta property=\"article:author\" content=\"https:\/\/www.facebook.com\/TextilegenceMagazine\" \/>\n<meta property=\"article:published_time\" content=\"2021-08-27T12:51:43+00:00\" \/>\n<meta property=\"article:modified_time\" content=\"2021-08-27T12:51:52+00:00\" \/>\n<meta property=\"og:image\" content=\"https:\/\/www.textilegence.com\/wp-content\/uploads\/2021\/08\/pigment-reklam-textilegence.jpg\" \/>\n\t<meta property=\"og:image:width\" content=\"1200\" \/>\n\t<meta property=\"og:image:height\" content=\"675\" \/>\n\t<meta property=\"og:image:type\" content=\"image\/jpeg\" \/>\n<meta name=\"author\" content=\"Engin Buz\" \/>\n<meta name=\"twitter:card\" content=\"summary_large_image\" \/>\n<meta name=\"twitter:creator\" content=\"@https:\/\/twitter.com\/textilegence\" \/>\n<meta name=\"twitter:site\" content=\"@textilegence\" \/>\n<meta name=\"twitter:label1\" content=\"Written by\" \/>\n\t<meta name=\"twitter:data1\" content=\"Engin Buz\" \/>\n\t<meta name=\"twitter:label2\" content=\"Est. reading time\" \/>\n\t<meta name=\"twitter:data2\" content=\"5 minutes\" \/>\n<script type=\"application\/ld+json\" class=\"yoast-schema-graph\">{\"@context\":\"https:\\\/\\\/schema.org\",\"@graph\":[{\"@type\":\"NewsArticle\",\"@id\":\"https:\\\/\\\/www.textilegence.com\\\/en\\\/pigment-reklam-will-meet-with-the-printing-industry-at-sign-istanbul-2021\\\/#article\",\"isPartOf\":{\"@id\":\"https:\\\/\\\/www.textilegence.com\\\/en\\\/pigment-reklam-will-meet-with-the-printing-industry-at-sign-istanbul-2021\\\/\"},\"author\":{\"name\":\"Engin Buz\",\"@id\":\"https:\\\/\\\/www.textilegence.com\\\/en\\\/#\\\/schema\\\/person\\\/46ccc7bfc34edbc7d46b6b189f88849f\"},\"headline\":\"Pigment Reklam will meet with the printing industry at SIGN Istanbul 2021\",\"datePublished\":\"2021-08-27T12:51:43+00:00\",\"dateModified\":\"2021-08-27T12:51:52+00:00\",\"mainEntityOfPage\":{\"@id\":\"https:\\\/\\\/www.textilegence.com\\\/en\\\/pigment-reklam-will-meet-with-the-printing-industry-at-sign-istanbul-2021\\\/\"},\"wordCount\":869,\"commentCount\":0,\"publisher\":{\"@id\":\"https:\\\/\\\/www.textilegence.com\\\/en\\\/#organization\"},\"image\":{\"@id\":\"https:\\\/\\\/www.textilegence.com\\\/en\\\/pigment-reklam-will-meet-with-the-printing-industry-at-sign-istanbul-2021\\\/#primaryimage\"},\"thumbnailUrl\":\"https:\\\/\\\/www.textilegence.com\\\/wp-content\\\/uploads\\\/2021\\\/08\\\/pigment-reklam-textilegence.jpg\",\"keywords\":[\"digital printing\",\"pigment reklam\",\"serkan \u00e7a\u011fl\u0131yan\",\"sign istanbul\",\"trade fairs\"],\"articleSection\":[\"Printing\"],\"inLanguage\":\"en-US\",\"potentialAction\":[{\"@type\":\"CommentAction\",\"name\":\"Comment\",\"target\":[\"https:\\\/\\\/www.textilegence.com\\\/en\\\/pigment-reklam-will-meet-with-the-printing-industry-at-sign-istanbul-2021\\\/#respond\"]}]},{\"@type\":\"WebPage\",\"@id\":\"https:\\\/\\\/www.textilegence.com\\\/en\\\/pigment-reklam-will-meet-with-the-printing-industry-at-sign-istanbul-2021\\\/\",\"url\":\"https:\\\/\\\/www.textilegence.com\\\/en\\\/pigment-reklam-will-meet-with-the-printing-industry-at-sign-istanbul-2021\\\/\",\"name\":\"Pigment Reklam will meet with the printers at SIGN Istanbul - Textilegence\",\"isPartOf\":{\"@id\":\"https:\\\/\\\/www.textilegence.com\\\/en\\\/#website\"},\"primaryImageOfPage\":{\"@id\":\"https:\\\/\\\/www.textilegence.com\\\/en\\\/pigment-reklam-will-meet-with-the-printing-industry-at-sign-istanbul-2021\\\/#primaryimage\"},\"image\":{\"@id\":\"https:\\\/\\\/www.textilegence.com\\\/en\\\/pigment-reklam-will-meet-with-the-printing-industry-at-sign-istanbul-2021\\\/#primaryimage\"},\"thumbnailUrl\":\"https:\\\/\\\/www.textilegence.com\\\/wp-content\\\/uploads\\\/2021\\\/08\\\/pigment-reklam-textilegence.jpg\",\"datePublished\":\"2021-08-27T12:51:43+00:00\",\"dateModified\":\"2021-08-27T12:51:52+00:00\",\"description\":\"UV printing solutions expert Pigment Reklam will present innovative printing solutions to printing professionals at booth B20 in hall 12...\",\"breadcrumb\":{\"@id\":\"https:\\\/\\\/www.textilegence.com\\\/en\\\/pigment-reklam-will-meet-with-the-printing-industry-at-sign-istanbul-2021\\\/#breadcrumb\"},\"inLanguage\":\"en-US\",\"potentialAction\":[{\"@type\":\"ReadAction\",\"target\":[\"https:\\\/\\\/www.textilegence.com\\\/en\\\/pigment-reklam-will-meet-with-the-printing-industry-at-sign-istanbul-2021\\\/\"]}]},{\"@type\":\"ImageObject\",\"inLanguage\":\"en-US\",\"@id\":\"https:\\\/\\\/www.textilegence.com\\\/en\\\/pigment-reklam-will-meet-with-the-printing-industry-at-sign-istanbul-2021\\\/#primaryimage\",\"url\":\"https:\\\/\\\/www.textilegence.com\\\/wp-content\\\/uploads\\\/2021\\\/08\\\/pigment-reklam-textilegence.jpg\",\"contentUrl\":\"https:\\\/\\\/www.textilegence.com\\\/wp-content\\\/uploads\\\/2021\\\/08\\\/pigment-reklam-textilegence.jpg\",\"width\":1200,\"height\":675},{\"@type\":\"BreadcrumbList\",\"@id\":\"https:\\\/\\\/www.textilegence.com\\\/en\\\/pigment-reklam-will-meet-with-the-printing-industry-at-sign-istanbul-2021\\\/#breadcrumb\",\"itemListElement\":[{\"@type\":\"ListItem\",\"position\":1,\"name\":\"Home Page\",\"item\":\"https:\\\/\\\/www.textilegence.com\\\/en\\\/homepage-the-rimont\\\/\"},{\"@type\":\"ListItem\",\"position\":2,\"name\":\"Printing\",\"item\":\"https:\\\/\\\/www.textilegence.com\\\/en\\\/category\\\/printing\\\/\"},{\"@type\":\"ListItem\",\"position\":3,\"name\":\"Pigment Reklam will meet with the printing industry at SIGN Istanbul 2021\"}]},{\"@type\":\"WebSite\",\"@id\":\"https:\\\/\\\/www.textilegence.com\\\/en\\\/#website\",\"url\":\"https:\\\/\\\/www.textilegence.com\\\/en\\\/\",\"name\":\"Textilegence Magazine and Digital Platform\",\"description\":\"Textile News Center\",\"publisher\":{\"@id\":\"https:\\\/\\\/www.textilegence.com\\\/en\\\/#organization\"},\"potentialAction\":[{\"@type\":\"SearchAction\",\"target\":{\"@type\":\"EntryPoint\",\"urlTemplate\":\"https:\\\/\\\/www.textilegence.com\\\/en\\\/?s={search_term_string}\"},\"query-input\":{\"@type\":\"PropertyValueSpecification\",\"valueRequired\":true,\"valueName\":\"search_term_string\"}}],\"inLanguage\":\"en-US\"},{\"@type\":\"Organization\",\"@id\":\"https:\\\/\\\/www.textilegence.com\\\/en\\\/#organization\",\"name\":\"Textilegence Magazine and Digital Platform\",\"url\":\"https:\\\/\\\/www.textilegence.com\\\/en\\\/\",\"logo\":{\"@type\":\"ImageObject\",\"inLanguage\":\"en-US\",\"@id\":\"https:\\\/\\\/www.textilegence.com\\\/en\\\/#\\\/schema\\\/logo\\\/image\\\/\",\"url\":\"https:\\\/\\\/www.textilegence.com\\\/wp-content\\\/uploads\\\/2016\\\/11\\\/New_Retina_Logo_Textilegence.png\",\"contentUrl\":\"https:\\\/\\\/www.textilegence.com\\\/wp-content\\\/uploads\\\/2016\\\/11\\\/New_Retina_Logo_Textilegence.png\",\"width\":544,\"height\":180,\"caption\":\"Textilegence Magazine and Digital Platform\"},\"image\":{\"@id\":\"https:\\\/\\\/www.textilegence.com\\\/en\\\/#\\\/schema\\\/logo\\\/image\\\/\"},\"sameAs\":[\"https:\\\/\\\/www.facebook.com\\\/TextilegenceMagazine\",\"https:\\\/\\\/x.com\\\/textilegence\",\"https:\\\/\\\/www.instagram.com\\\/textilegence\\\/\",\"https:\\\/\\\/www.linkedin.com\\\/groups\\\/Textilegence-Magazine-Digital-Platform-4897253\",\"https:\\\/\\\/www.youtube.com\\\/user\\\/textilegence\"],\"description\":\"Textilegence is a magazine and digital platform established in 2013. It focuses on the textile industry and sub-segments. The platform provides news, articles, and updates on various aspects of the textile industry, including sustainability, technological advancements, and market trends.\",\"email\":\"editor@textilegence.com\",\"telephone\":\"+90 212 442 24 12\",\"legalName\":\"Textilegence Mag and Digital Platform\",\"foundingDate\":\"2013-01-01\",\"numberOfEmployees\":{\"@type\":\"QuantitativeValue\",\"minValue\":\"1\",\"maxValue\":\"10\"}},{\"@type\":\"Person\",\"@id\":\"https:\\\/\\\/www.textilegence.com\\\/en\\\/#\\\/schema\\\/person\\\/46ccc7bfc34edbc7d46b6b189f88849f\",\"name\":\"Engin Buz\",\"image\":{\"@type\":\"ImageObject\",\"inLanguage\":\"en-US\",\"@id\":\"https:\\\/\\\/www.textilegence.com\\\/wp-content\\\/uploads\\\/2018\\\/12\\\/engin-buz.jpg\",\"url\":\"https:\\\/\\\/www.textilegence.com\\\/wp-content\\\/uploads\\\/2018\\\/12\\\/engin-buz.jpg\",\"contentUrl\":\"https:\\\/\\\/www.textilegence.com\\\/wp-content\\\/uploads\\\/2018\\\/12\\\/engin-buz.jpg\",\"caption\":\"Engin Buz\"},\"description\":\"Engin Buz, Ankara \u00dcniversitesi \u0130leti\u015fim Fak\u00fcltesi Gazetecilik B\u00f6l\u00fcm\u00fc\u2019nden mezun olduktan sonra Y\u0131ld\u0131z Teknik \u00dcniversitesi\u2019nde Siyaset Bilimi ve Uluslararas\u0131 \u0130li\u015fkiler alan\u0131nda y\u00fcksek lisans\u0131n\u0131 tamamlam\u0131\u015ft\u0131r. 2000 y\u0131l\u0131ndan sonra \u00e7e\u015fitli yay\u0131nc\u0131l\u0131k \u015firketlerinde \u00e7al\u0131\u015fmaya ba\u015flayarak k\u00fclt\u00fcr-sanat ve daha sonra ekonomi haberleri haz\u0131rlam\u0131\u015ft\u0131r. 2009 y\u0131l\u0131ndan itibaren tekstil end\u00fcstrisine d\u00f6n\u00fck yay\u0131nlarda edit\u00f6r olarak g\u00f6rev alan Buz, 2013 itibariyle kurulan Textilegence\u2019de haber edit\u00f6r\u00fc olarak yer almaya ba\u015flam\u0131\u015ft\u0131r. Engin Buz halen ba\u015fta tekstil ve dijital bask\u0131 end\u00fcstrileri olmak \u00fczere ekonomi haberleri haz\u0131rlamaktad\u0131r.\",\"sameAs\":[\"https:\\\/\\\/www.textilegence.com\",\"https:\\\/\\\/www.facebook.com\\\/TextilegenceMagazine\",\"https:\\\/\\\/www.instagram.com\\\/textilegence\\\/\",\"https:\\\/\\\/www.linkedin.com\\\/in\\\/engin-buz-6190799a\\\/\",\"https:\\\/\\\/x.com\\\/https:\\\/\\\/twitter.com\\\/textilegence\"],\"url\":\"https:\\\/\\\/www.textilegence.com\\\/en\\\/author\\\/engin-buz\\\/\"}]}<\/script>\n<!-- \/ Yoast SEO Premium plugin. -->","yoast_head_json":{"title":"Pigment Reklam will meet with the printers at SIGN Istanbul - Textilegence","description":"UV printing solutions expert Pigment Reklam will present innovative printing solutions to printing professionals at booth B20 in hall 12...","robots":{"index":"index","follow":"follow","max-snippet":"max-snippet:-1","max-image-preview":"max-image-preview:large","max-video-preview":"max-video-preview:-1"},"canonical":"https:\/\/www.textilegence.com\/en\/pigment-reklam-will-meet-with-the-printing-industry-at-sign-istanbul-2021\/","og_locale":"en_US","og_type":"article","og_title":"Pigment Reklam will meet with the printing industry at SIGN Istanbul 2021","og_description":"UV printing solutions expert Pigment Reklam will present innovative printing solutions to printing professionals at booth B20 in hall 12 at SIGN Istanbul","og_url":"https:\/\/www.textilegence.com\/en\/pigment-reklam-will-meet-with-the-printing-industry-at-sign-istanbul-2021\/","og_site_name":"Textilegence Magazine and Digital Platform","article_publisher":"https:\/\/www.facebook.com\/TextilegenceMagazine","article_author":"https:\/\/www.facebook.com\/TextilegenceMagazine","article_published_time":"2021-08-27T12:51:43+00:00","article_modified_time":"2021-08-27T12:51:52+00:00","og_image":[{"width":1200,"height":675,"url":"https:\/\/www.textilegence.com\/wp-content\/uploads\/2021\/08\/pigment-reklam-textilegence.jpg","type":"image\/jpeg"}],"author":"Engin Buz","twitter_card":"summary_large_image","twitter_creator":"@https:\/\/twitter.com\/textilegence","twitter_site":"@textilegence","twitter_misc":{"Written by":"Engin Buz","Est. reading time":"5 minutes"},"schema":{"@context":"https:\/\/schema.org","@graph":[{"@type":"NewsArticle","@id":"https:\/\/www.textilegence.com\/en\/pigment-reklam-will-meet-with-the-printing-industry-at-sign-istanbul-2021\/#article","isPartOf":{"@id":"https:\/\/www.textilegence.com\/en\/pigment-reklam-will-meet-with-the-printing-industry-at-sign-istanbul-2021\/"},"author":{"name":"Engin Buz","@id":"https:\/\/www.textilegence.com\/en\/#\/schema\/person\/46ccc7bfc34edbc7d46b6b189f88849f"},"headline":"Pigment Reklam will meet with the printing industry at SIGN Istanbul 2021","datePublished":"2021-08-27T12:51:43+00:00","dateModified":"2021-08-27T12:51:52+00:00","mainEntityOfPage":{"@id":"https:\/\/www.textilegence.com\/en\/pigment-reklam-will-meet-with-the-printing-industry-at-sign-istanbul-2021\/"},"wordCount":869,"commentCount":0,"publisher":{"@id":"https:\/\/www.textilegence.com\/en\/#organization"},"image":{"@id":"https:\/\/www.textilegence.com\/en\/pigment-reklam-will-meet-with-the-printing-industry-at-sign-istanbul-2021\/#primaryimage"},"thumbnailUrl":"https:\/\/www.textilegence.com\/wp-content\/uploads\/2021\/08\/pigment-reklam-textilegence.jpg","keywords":["digital printing","pigment reklam","serkan \u00e7a\u011fl\u0131yan","sign istanbul","trade fairs"],"articleSection":["Printing"],"inLanguage":"en-US","potentialAction":[{"@type":"CommentAction","name":"Comment","target":["https:\/\/www.textilegence.com\/en\/pigment-reklam-will-meet-with-the-printing-industry-at-sign-istanbul-2021\/#respond"]}]},{"@type":"WebPage","@id":"https:\/\/www.textilegence.com\/en\/pigment-reklam-will-meet-with-the-printing-industry-at-sign-istanbul-2021\/","url":"https:\/\/www.textilegence.com\/en\/pigment-reklam-will-meet-with-the-printing-industry-at-sign-istanbul-2021\/","name":"Pigment Reklam will meet with the printers at SIGN Istanbul - Textilegence","isPartOf":{"@id":"https:\/\/www.textilegence.com\/en\/#website"},"primaryImageOfPage":{"@id":"https:\/\/www.textilegence.com\/en\/pigment-reklam-will-meet-with-the-printing-industry-at-sign-istanbul-2021\/#primaryimage"},"image":{"@id":"https:\/\/www.textilegence.com\/en\/pigment-reklam-will-meet-with-the-printing-industry-at-sign-istanbul-2021\/#primaryimage"},"thumbnailUrl":"https:\/\/www.textilegence.com\/wp-content\/uploads\/2021\/08\/pigment-reklam-textilegence.jpg","datePublished":"2021-08-27T12:51:43+00:00","dateModified":"2021-08-27T12:51:52+00:00","description":"UV printing solutions expert Pigment Reklam will present innovative printing solutions to printing professionals at booth B20 in hall 12...","breadcrumb":{"@id":"https:\/\/www.textilegence.com\/en\/pigment-reklam-will-meet-with-the-printing-industry-at-sign-istanbul-2021\/#breadcrumb"},"inLanguage":"en-US","potentialAction":[{"@type":"ReadAction","target":["https:\/\/www.textilegence.com\/en\/pigment-reklam-will-meet-with-the-printing-industry-at-sign-istanbul-2021\/"]}]},{"@type":"ImageObject","inLanguage":"en-US","@id":"https:\/\/www.textilegence.com\/en\/pigment-reklam-will-meet-with-the-printing-industry-at-sign-istanbul-2021\/#primaryimage","url":"https:\/\/www.textilegence.com\/wp-content\/uploads\/2021\/08\/pigment-reklam-textilegence.jpg","contentUrl":"https:\/\/www.textilegence.com\/wp-content\/uploads\/2021\/08\/pigment-reklam-textilegence.jpg","width":1200,"height":675},{"@type":"BreadcrumbList","@id":"https:\/\/www.textilegence.com\/en\/pigment-reklam-will-meet-with-the-printing-industry-at-sign-istanbul-2021\/#breadcrumb","itemListElement":[{"@type":"ListItem","position":1,"name":"Home Page","item":"https:\/\/www.textilegence.com\/en\/homepage-the-rimont\/"},{"@type":"ListItem","position":2,"name":"Printing","item":"https:\/\/www.textilegence.com\/en\/category\/printing\/"},{"@type":"ListItem","position":3,"name":"Pigment Reklam will meet with the printing industry at SIGN Istanbul 2021"}]},{"@type":"WebSite","@id":"https:\/\/www.textilegence.com\/en\/#website","url":"https:\/\/www.textilegence.com\/en\/","name":"Textilegence Magazine and Digital Platform","description":"Textile News Center","publisher":{"@id":"https:\/\/www.textilegence.com\/en\/#organization"},"potentialAction":[{"@type":"SearchAction","target":{"@type":"EntryPoint","urlTemplate":"https:\/\/www.textilegence.com\/en\/?s={search_term_string}"},"query-input":{"@type":"PropertyValueSpecification","valueRequired":true,"valueName":"search_term_string"}}],"inLanguage":"en-US"},{"@type":"Organization","@id":"https:\/\/www.textilegence.com\/en\/#organization","name":"Textilegence Magazine and Digital Platform","url":"https:\/\/www.textilegence.com\/en\/","logo":{"@type":"ImageObject","inLanguage":"en-US","@id":"https:\/\/www.textilegence.com\/en\/#\/schema\/logo\/image\/","url":"https:\/\/www.textilegence.com\/wp-content\/uploads\/2016\/11\/New_Retina_Logo_Textilegence.png","contentUrl":"https:\/\/www.textilegence.com\/wp-content\/uploads\/2016\/11\/New_Retina_Logo_Textilegence.png","width":544,"height":180,"caption":"Textilegence Magazine and Digital Platform"},"image":{"@id":"https:\/\/www.textilegence.com\/en\/#\/schema\/logo\/image\/"},"sameAs":["https:\/\/www.facebook.com\/TextilegenceMagazine","https:\/\/x.com\/textilegence","https:\/\/www.instagram.com\/textilegence\/","https:\/\/www.linkedin.com\/groups\/Textilegence-Magazine-Digital-Platform-4897253","https:\/\/www.youtube.com\/user\/textilegence"],"description":"Textilegence is a magazine and digital platform established in 2013. It focuses on the textile industry and sub-segments. The platform provides news, articles, and updates on various aspects of the textile industry, including sustainability, technological advancements, and market trends.","email":"editor@textilegence.com","telephone":"+90 212 442 24 12","legalName":"Textilegence Mag and Digital Platform","foundingDate":"2013-01-01","numberOfEmployees":{"@type":"QuantitativeValue","minValue":"1","maxValue":"10"}},{"@type":"Person","@id":"https:\/\/www.textilegence.com\/en\/#\/schema\/person\/46ccc7bfc34edbc7d46b6b189f88849f","name":"Engin Buz","image":{"@type":"ImageObject","inLanguage":"en-US","@id":"https:\/\/www.textilegence.com\/wp-content\/uploads\/2018\/12\/engin-buz.jpg","url":"https:\/\/www.textilegence.com\/wp-content\/uploads\/2018\/12\/engin-buz.jpg","contentUrl":"https:\/\/www.textilegence.com\/wp-content\/uploads\/2018\/12\/engin-buz.jpg","caption":"Engin Buz"},"description":"Engin Buz, Ankara \u00dcniversitesi \u0130leti\u015fim Fak\u00fcltesi Gazetecilik B\u00f6l\u00fcm\u00fc\u2019nden mezun olduktan sonra Y\u0131ld\u0131z Teknik \u00dcniversitesi\u2019nde Siyaset Bilimi ve Uluslararas\u0131 \u0130li\u015fkiler alan\u0131nda y\u00fcksek lisans\u0131n\u0131 tamamlam\u0131\u015ft\u0131r. 2000 y\u0131l\u0131ndan sonra \u00e7e\u015fitli yay\u0131nc\u0131l\u0131k \u015firketlerinde \u00e7al\u0131\u015fmaya ba\u015flayarak k\u00fclt\u00fcr-sanat ve daha sonra ekonomi haberleri haz\u0131rlam\u0131\u015ft\u0131r. 2009 y\u0131l\u0131ndan itibaren tekstil end\u00fcstrisine d\u00f6n\u00fck yay\u0131nlarda edit\u00f6r olarak g\u00f6rev alan Buz, 2013 itibariyle kurulan Textilegence\u2019de haber edit\u00f6r\u00fc olarak yer almaya ba\u015flam\u0131\u015ft\u0131r. Engin Buz halen ba\u015fta tekstil ve dijital bask\u0131 end\u00fcstrileri olmak \u00fczere ekonomi haberleri haz\u0131rlamaktad\u0131r.","sameAs":["https:\/\/www.textilegence.com","https:\/\/www.facebook.com\/TextilegenceMagazine","https:\/\/www.instagram.com\/textilegence\/","https:\/\/www.linkedin.com\/in\/engin-buz-6190799a\/","https:\/\/x.com\/https:\/\/twitter.com\/textilegence"],"url":"https:\/\/www.textilegence.com\/en\/author\/engin-buz\/"}]}},"_links":{"self":[{"href":"https:\/\/www.textilegence.com\/en\/wp-json\/wp\/v2\/posts\/41644","targetHints":{"allow":["GET"]}}],"collection":[{"href":"https:\/\/www.textilegence.com\/en\/wp-json\/wp\/v2\/posts"}],"about":[{"href":"https:\/\/www.textilegence.com\/en\/wp-json\/wp\/v2\/types\/post"}],"author":[{"embeddable":true,"href":"https:\/\/www.textilegence.com\/en\/wp-json\/wp\/v2\/users\/2"}],"replies":[{"embeddable":true,"href":"https:\/\/www.textilegence.com\/en\/wp-json\/wp\/v2\/comments?post=41644"}],"version-history":[{"count":0,"href":"https:\/\/www.textilegence.com\/en\/wp-json\/wp\/v2\/posts\/41644\/revisions"}],"wp:featuredmedia":[{"embeddable":true,"href":"https:\/\/www.textilegence.com\/en\/wp-json\/wp\/v2\/media\/41638"}],"wp:attachment":[{"href":"https:\/\/www.textilegence.com\/en\/wp-json\/wp\/v2\/media?parent=41644"}],"wp:term":[{"taxonomy":"category","embeddable":true,"href":"https:\/\/www.textilegence.com\/en\/wp-json\/wp\/v2\/categories?post=41644"},{"taxonomy":"post_tag","embeddable":true,"href":"https:\/\/www.textilegence.com\/en\/wp-json\/wp\/v2\/tags?post=41644"}],"curies":[{"name":"wp","href":"https:\/\/api.w.org\/{rel}","templated":true}]}}