{"id":41654,"date":"2021-08-27T16:53:34","date_gmt":"2021-08-27T13:53:34","guid":{"rendered":"http:\/\/www.textilegence.com\/?p=41654"},"modified":"2021-08-27T16:53:42","modified_gmt":"2021-08-27T13:53:42","slug":"durak-tekstil-becomes-the-sponsor-of-fashion-tech-izmir","status":"publish","type":"post","link":"https:\/\/www.textilegence.com\/en\/durak-tekstil-becomes-the-sponsor-of-fashion-tech-izmir\/","title":{"rendered":"Durak Tekstil becomes the Sponsor of Fashion Tech \u0130zmir"},"content":{"rendered":"\n<p>Durak Tekstil, Turkey\u2019s largest industrial sewing and embroidery thread <a href=\"https:\/\/www.durak.com\/\" target=\"_blank\" rel=\"noreferrer noopener\">manufacturer<\/a>, sponsored the first edition of the <a href=\"https:\/\/www.fashiontech.com.tr\/\" target=\"_blank\" rel=\"noreferrer noopener\">Fashion Tech \u0130zmir<\/a> ready-to-wear, apparel and textile machinery, textile printing technologies fair, which will be held at the fuarizmir <a href=\"https:\/\/www.textilegence.com\/en\/category\/trade-fairs\/\" target=\"_blank\" rel=\"noreferrer noopener\">fair<\/a> area on September 15-17. Providing full support to the fair to be organized by \u0130ZFA\u015e and \u0130ZG\u0130 Fuarc\u0131l\u0131k, Durak Tekstil aims to contribute to the growth of the Turkish textile and clothing industries and to increase its competitive power in the global market. Fashion Tech and the textile, ready-to-wear suppliers and technologies fair Fashion Prime will host their visitors simultaneously in the same area.<\/p>\n\n\n\n<p>Durak Tekstil Board Member and Marketing Director Yi\u011fit Durak drew attention to the importance of the first sectoral event to be held in \u0130zmir after a long break due to the pandemic. Durak; \u201cWe believe that the Fashion Tech \u0130zmir will be a platform for us to meet with manufacturers operating in the region and will contribute to the revival of the clothing and fashion industry, which has slowed down due to the pandemic. Important events of the textile and clothing industry have not been held for a year and a half due to the pandemic, and we feel the absence. We are very happy to support the resumption of these events, which enable the industry to meet and renew its strength\u201d. Durak underlined that they are satisfied with the synergy and cooperation of local administrations and associations, especially \u0130zmir Metropolitan Municipality Mayor Tun\u00e7 Soyer and Aegean Clothing Manufacturers Association President Hayati Ertu\u011frul at the launch event for the fair.<\/p>\n\n\n\n<div class=\"wp-block-image\"><figure class=\"aligncenter size-full\"><img loading=\"lazy\" decoding=\"async\" width=\"1200\" height=\"675\" src=\"https:\/\/www.textilegence.com\/wp-content\/uploads\/2021\/08\/durak-tekstil-detail.jpg\" alt=\"\" class=\"wp-image-41650\" srcset=\"https:\/\/www.textilegence.com\/wp-content\/uploads\/2021\/08\/durak-tekstil-detail.jpg 1200w, https:\/\/www.textilegence.com\/wp-content\/uploads\/2021\/08\/durak-tekstil-detail-768x432.jpg 768w, https:\/\/www.textilegence.com\/wp-content\/uploads\/2021\/08\/durak-tekstil-detail-696x392.jpg 696w, https:\/\/www.textilegence.com\/wp-content\/uploads\/2021\/08\/durak-tekstil-detail-1068x601.jpg 1068w\" sizes=\"auto, (max-width: 1200px) 100vw, 1200px\" \/><figcaption>Durak Tekstil becomes the Sponsor of Fashion Tech \u0130zmir.<\/figcaption><\/figure><\/div>\n\n\n\n<h2 class=\"wp-block-heading\" id=\"h-turkey-is-a-brand-in-textile\">Turkey is a brand in textile<\/h2>\n\n\n\n<p>Saying \u201cTurkey is a brand in the global textile industry as a country\u201d, Yi\u011fit Durak reminded that Turkey is in a very competitive position with its production capacity, material and know-how. Durak continued his words as follows; \u201cThe Turkish textile industry represents trust all over the world with its machinery, fabrics, materials and designed products. As Durak Tekstil, we have determined to increase the brand value of both our country and our company as the most important mission. We created our production and investment strategies in-line with this mission and took the necessary steps\u201d.<\/p>\n\n\n\n<p>Stating that they carry out production in Bursa, one of the most important stops of the historical Silk Road, Durak also reminded that \u0130zmir has an important history in terms of trade. Durak noted that the two cities, which are the centres of production on the one hand and trade on the other, have a long history of cooperation; \u201cWe reach every point of our country with our high production and service quality. There are very important manufacturers from the textile industry in \u0130zmir and we have had close and strong relations with this region for several years. It is our duty to contribute to all kinds of work that will add value to the textile industry here\u201d.<\/p>\n\n\n\n<div class=\"wp-block-image\"><figure class=\"aligncenter size-full\"><img loading=\"lazy\" decoding=\"async\" width=\"1200\" height=\"675\" src=\"https:\/\/www.textilegence.com\/wp-content\/uploads\/2021\/08\/durak-tekstil-detail1.jpg\" alt=\"\" class=\"wp-image-41652\" srcset=\"https:\/\/www.textilegence.com\/wp-content\/uploads\/2021\/08\/durak-tekstil-detail1.jpg 1200w, https:\/\/www.textilegence.com\/wp-content\/uploads\/2021\/08\/durak-tekstil-detail1-768x432.jpg 768w, https:\/\/www.textilegence.com\/wp-content\/uploads\/2021\/08\/durak-tekstil-detail1-696x392.jpg 696w, https:\/\/www.textilegence.com\/wp-content\/uploads\/2021\/08\/durak-tekstil-detail1-1068x601.jpg 1068w\" sizes=\"auto, (max-width: 1200px) 100vw, 1200px\" \/><figcaption>Durak Tekstil is preparing to exhibit all its products, especially related to the garment and embroidery sector, and various sample products. <\/figcaption><\/figure><\/div>\n\n\n\n<h2 class=\"wp-block-heading\" id=\"h-the-two-fairs-will-join-forces-for-the-industry\">The two fairs will join forces for the industry<\/h2>\n\n\n\n<p>Yi\u011fit Durak indicated that the simultaneous organization of Fashion Prime and Fashion Tech in the same fair area will provide a unique experience for both participants and visitors, and emphasized that all components in the sector will be in communication and interaction in the same environment. Durak; \u201cThe support of the local government, the public and sectoral associations to both fairs is of great importance. Fairs to be held with this backing will add vitality to the sector in terms of seeing the latest technologies on the one hand and presenting new collections to buyers and the market on the other. In this way, the decision-making and production processes for the next year\u2019s creations will be accelerated. This is an important point for us to be a trend-setting textile industry, not following the trends\u201d.<\/p>\n\n\n\n<p>Durak Tekstil will take place with a modern booth concept at the Fashion Tech, and is preparing to exhibit all its products, especially related to the garment and embroidery sector, and various sample products. Visitors will be able to get technical information from Durak Tekstil officials during the fair, and they will be able to make detailed examinations about sewing and embroidery thread types. Yi\u011fit Durak stated that they will participate in the fairs, which are of great importance in terms of marketing activities, in the coming period, and finished his words saying; \u201cAs Durak Tekstil, we will be very happy to host our solution partners at our booth at the Fashion Tech \u0130zmir in fuarizmir on September 15-17. We believe that the synergy that will emerge will expand all stakeholders\u201d.<\/p>\n","protected":false},"excerpt":{"rendered":"<p>Durak Tekstil, Turkey\u2019s largest industrial sewing and embroidery thread manufacturer, sponsored the first edition of the Fashion Tech \u0130zmir ready-to-wear, apparel and textile machinery, textile printing technologies fair, which will be held at the fuarizmir fair area on September 15-17. Providing full support to the fair to be organized by \u0130ZFA\u015e and \u0130ZG\u0130 Fuarc\u0131l\u0131k, Durak [&hellip;]<\/p>\n","protected":false},"author":16,"featured_media":41648,"comment_status":"open","ping_status":"closed","sticky":false,"template":"","format":"standard","meta":{"footnotes":""},"categories":[9845],"tags":[14597,11595,9896,10369,12448,10242],"class_list":{"0":"post-41654","1":"post","2":"type-post","3":"status-publish","4":"format-standard","5":"has-post-thumbnail","7":"category-trade-fairs","8":"tag-durak-tekstil","9":"tag-sewing-thread","10":"tag-spinning-3","11":"tag-textile-news-en","12":"tag-trade-fairs","13":"tag-yarn"},"yoast_head":"<!-- This site is optimized with the Yoast SEO Premium plugin v27.3 (Yoast SEO v27.3) - https:\/\/yoast.com\/product\/yoast-seo-premium-wordpress\/ -->\n<title>Durak Tekstil becomes the Sponsor of Fashion Tech \u0130zmir - Textilegence<\/title>\n<meta name=\"description\" content=\"Durak Tekstil, Turkey\u2019s largest industrial sewing and embroidery thread manufacturer, sponsored the first edition of the Fashion Tech...\" \/>\n<meta name=\"robots\" content=\"index, follow, max-snippet:-1, max-image-preview:large, max-video-preview:-1\" \/>\n<link rel=\"canonical\" href=\"https:\/\/www.textilegence.com\/en\/durak-tekstil-becomes-the-sponsor-of-fashion-tech-izmir\/\" \/>\n<meta property=\"og:locale\" content=\"en_US\" \/>\n<meta property=\"og:type\" content=\"article\" \/>\n<meta property=\"og:title\" content=\"Durak Tekstil becomes the Sponsor of Fashion Tech \u0130zmir\" \/>\n<meta property=\"og:description\" content=\"Durak Tekstil, Turkey\u2019s largest industrial sewing and embroidery thread manufacturer, sponsored the first edition of the Fashion Tech \u0130zmir ready-to-wear,\" \/>\n<meta property=\"og:url\" content=\"https:\/\/www.textilegence.com\/en\/durak-tekstil-becomes-the-sponsor-of-fashion-tech-izmir\/\" \/>\n<meta property=\"og:site_name\" content=\"Textilegence Magazine and Digital Platform\" \/>\n<meta property=\"article:publisher\" content=\"https:\/\/www.facebook.com\/TextilegenceMagazine\" \/>\n<meta property=\"article:author\" content=\"https:\/\/www.facebook.com\/TextilegenceMagazine\" \/>\n<meta property=\"article:published_time\" content=\"2021-08-27T13:53:34+00:00\" \/>\n<meta property=\"article:modified_time\" content=\"2021-08-27T13:53:42+00:00\" \/>\n<meta property=\"og:image\" content=\"https:\/\/www.textilegence.com\/wp-content\/uploads\/2021\/08\/durak-tekstil-textilegence.jpg\" \/>\n\t<meta property=\"og:image:width\" content=\"1200\" \/>\n\t<meta property=\"og:image:height\" content=\"675\" \/>\n\t<meta property=\"og:image:type\" content=\"image\/jpeg\" \/>\n<meta name=\"author\" content=\"Emirhan \u00c7ilo\u011flu\" \/>\n<meta name=\"twitter:card\" content=\"summary_large_image\" \/>\n<meta name=\"twitter:creator\" content=\"@https:\/\/twitter.com\/textilegence\" \/>\n<meta name=\"twitter:site\" content=\"@textilegence\" \/>\n<meta name=\"twitter:label1\" content=\"Written by\" \/>\n\t<meta name=\"twitter:data1\" content=\"Emirhan \u00c7ilo\u011flu\" \/>\n\t<meta name=\"twitter:label2\" content=\"Est. reading time\" \/>\n\t<meta name=\"twitter:data2\" content=\"4 minutes\" \/>\n<script type=\"application\/ld+json\" class=\"yoast-schema-graph\">{\"@context\":\"https:\\\/\\\/schema.org\",\"@graph\":[{\"@type\":\"NewsArticle\",\"@id\":\"https:\\\/\\\/www.textilegence.com\\\/en\\\/durak-tekstil-becomes-the-sponsor-of-fashion-tech-izmir\\\/#article\",\"isPartOf\":{\"@id\":\"https:\\\/\\\/www.textilegence.com\\\/en\\\/durak-tekstil-becomes-the-sponsor-of-fashion-tech-izmir\\\/\"},\"author\":{\"name\":\"Emirhan \u00c7ilo\u011flu\",\"@id\":\"https:\\\/\\\/www.textilegence.com\\\/en\\\/#\\\/schema\\\/person\\\/8dbf2ab62ffdf644153f8c0f9c991f78\"},\"headline\":\"Durak Tekstil becomes the Sponsor of Fashion Tech \u0130zmir\",\"datePublished\":\"2021-08-27T13:53:34+00:00\",\"dateModified\":\"2021-08-27T13:53:42+00:00\",\"mainEntityOfPage\":{\"@id\":\"https:\\\/\\\/www.textilegence.com\\\/en\\\/durak-tekstil-becomes-the-sponsor-of-fashion-tech-izmir\\\/\"},\"wordCount\":800,\"commentCount\":0,\"publisher\":{\"@id\":\"https:\\\/\\\/www.textilegence.com\\\/en\\\/#organization\"},\"image\":{\"@id\":\"https:\\\/\\\/www.textilegence.com\\\/en\\\/durak-tekstil-becomes-the-sponsor-of-fashion-tech-izmir\\\/#primaryimage\"},\"thumbnailUrl\":\"https:\\\/\\\/www.textilegence.com\\\/wp-content\\\/uploads\\\/2021\\\/08\\\/durak-tekstil-textilegence.jpg\",\"keywords\":[\"durak tekstil\",\"sewing thread\",\"spinning\",\"textile news\",\"trade fairs\",\"yarn\"],\"articleSection\":[\"Trade Fairs\"],\"inLanguage\":\"en-US\",\"potentialAction\":[{\"@type\":\"CommentAction\",\"name\":\"Comment\",\"target\":[\"https:\\\/\\\/www.textilegence.com\\\/en\\\/durak-tekstil-becomes-the-sponsor-of-fashion-tech-izmir\\\/#respond\"]}]},{\"@type\":\"WebPage\",\"@id\":\"https:\\\/\\\/www.textilegence.com\\\/en\\\/durak-tekstil-becomes-the-sponsor-of-fashion-tech-izmir\\\/\",\"url\":\"https:\\\/\\\/www.textilegence.com\\\/en\\\/durak-tekstil-becomes-the-sponsor-of-fashion-tech-izmir\\\/\",\"name\":\"Durak Tekstil becomes the Sponsor of Fashion Tech \u0130zmir - Textilegence\",\"isPartOf\":{\"@id\":\"https:\\\/\\\/www.textilegence.com\\\/en\\\/#website\"},\"primaryImageOfPage\":{\"@id\":\"https:\\\/\\\/www.textilegence.com\\\/en\\\/durak-tekstil-becomes-the-sponsor-of-fashion-tech-izmir\\\/#primaryimage\"},\"image\":{\"@id\":\"https:\\\/\\\/www.textilegence.com\\\/en\\\/durak-tekstil-becomes-the-sponsor-of-fashion-tech-izmir\\\/#primaryimage\"},\"thumbnailUrl\":\"https:\\\/\\\/www.textilegence.com\\\/wp-content\\\/uploads\\\/2021\\\/08\\\/durak-tekstil-textilegence.jpg\",\"datePublished\":\"2021-08-27T13:53:34+00:00\",\"dateModified\":\"2021-08-27T13:53:42+00:00\",\"description\":\"Durak Tekstil, Turkey\u2019s largest industrial sewing and embroidery thread manufacturer, sponsored the first edition of the Fashion Tech...\",\"breadcrumb\":{\"@id\":\"https:\\\/\\\/www.textilegence.com\\\/en\\\/durak-tekstil-becomes-the-sponsor-of-fashion-tech-izmir\\\/#breadcrumb\"},\"inLanguage\":\"en-US\",\"potentialAction\":[{\"@type\":\"ReadAction\",\"target\":[\"https:\\\/\\\/www.textilegence.com\\\/en\\\/durak-tekstil-becomes-the-sponsor-of-fashion-tech-izmir\\\/\"]}]},{\"@type\":\"ImageObject\",\"inLanguage\":\"en-US\",\"@id\":\"https:\\\/\\\/www.textilegence.com\\\/en\\\/durak-tekstil-becomes-the-sponsor-of-fashion-tech-izmir\\\/#primaryimage\",\"url\":\"https:\\\/\\\/www.textilegence.com\\\/wp-content\\\/uploads\\\/2021\\\/08\\\/durak-tekstil-textilegence.jpg\",\"contentUrl\":\"https:\\\/\\\/www.textilegence.com\\\/wp-content\\\/uploads\\\/2021\\\/08\\\/durak-tekstil-textilegence.jpg\",\"width\":1200,\"height\":675},{\"@type\":\"BreadcrumbList\",\"@id\":\"https:\\\/\\\/www.textilegence.com\\\/en\\\/durak-tekstil-becomes-the-sponsor-of-fashion-tech-izmir\\\/#breadcrumb\",\"itemListElement\":[{\"@type\":\"ListItem\",\"position\":1,\"name\":\"Home Page\",\"item\":\"https:\\\/\\\/www.textilegence.com\\\/en\\\/homepage-the-rimont\\\/\"},{\"@type\":\"ListItem\",\"position\":2,\"name\":\"Trade Fairs\",\"item\":\"https:\\\/\\\/www.textilegence.com\\\/en\\\/category\\\/trade-fairs\\\/\"},{\"@type\":\"ListItem\",\"position\":3,\"name\":\"Durak Tekstil becomes the Sponsor of Fashion Tech \u0130zmir\"}]},{\"@type\":\"WebSite\",\"@id\":\"https:\\\/\\\/www.textilegence.com\\\/en\\\/#website\",\"url\":\"https:\\\/\\\/www.textilegence.com\\\/en\\\/\",\"name\":\"Textilegence Magazine and Digital Platform\",\"description\":\"Textile News Center\",\"publisher\":{\"@id\":\"https:\\\/\\\/www.textilegence.com\\\/en\\\/#organization\"},\"potentialAction\":[{\"@type\":\"SearchAction\",\"target\":{\"@type\":\"EntryPoint\",\"urlTemplate\":\"https:\\\/\\\/www.textilegence.com\\\/en\\\/?s={search_term_string}\"},\"query-input\":{\"@type\":\"PropertyValueSpecification\",\"valueRequired\":true,\"valueName\":\"search_term_string\"}}],\"inLanguage\":\"en-US\"},{\"@type\":\"Organization\",\"@id\":\"https:\\\/\\\/www.textilegence.com\\\/en\\\/#organization\",\"name\":\"Textilegence Magazine and Digital Platform\",\"url\":\"https:\\\/\\\/www.textilegence.com\\\/en\\\/\",\"logo\":{\"@type\":\"ImageObject\",\"inLanguage\":\"en-US\",\"@id\":\"https:\\\/\\\/www.textilegence.com\\\/en\\\/#\\\/schema\\\/logo\\\/image\\\/\",\"url\":\"https:\\\/\\\/www.textilegence.com\\\/wp-content\\\/uploads\\\/2016\\\/11\\\/New_Retina_Logo_Textilegence.png\",\"contentUrl\":\"https:\\\/\\\/www.textilegence.com\\\/wp-content\\\/uploads\\\/2016\\\/11\\\/New_Retina_Logo_Textilegence.png\",\"width\":544,\"height\":180,\"caption\":\"Textilegence Magazine and Digital Platform\"},\"image\":{\"@id\":\"https:\\\/\\\/www.textilegence.com\\\/en\\\/#\\\/schema\\\/logo\\\/image\\\/\"},\"sameAs\":[\"https:\\\/\\\/www.facebook.com\\\/TextilegenceMagazine\",\"https:\\\/\\\/x.com\\\/textilegence\",\"https:\\\/\\\/www.instagram.com\\\/textilegence\\\/\",\"https:\\\/\\\/www.linkedin.com\\\/groups\\\/Textilegence-Magazine-Digital-Platform-4897253\",\"https:\\\/\\\/www.youtube.com\\\/user\\\/textilegence\"],\"description\":\"Textilegence is a magazine and digital platform established in 2013. It focuses on the textile industry and sub-segments. The platform provides news, articles, and updates on various aspects of the textile industry, including sustainability, technological advancements, and market trends.\",\"email\":\"editor@textilegence.com\",\"telephone\":\"+90 212 442 24 12\",\"legalName\":\"Textilegence Mag and Digital Platform\",\"foundingDate\":\"2013-01-01\",\"numberOfEmployees\":{\"@type\":\"QuantitativeValue\",\"minValue\":\"1\",\"maxValue\":\"10\"}},{\"@type\":\"Person\",\"@id\":\"https:\\\/\\\/www.textilegence.com\\\/en\\\/#\\\/schema\\\/person\\\/8dbf2ab62ffdf644153f8c0f9c991f78\",\"name\":\"Emirhan \u00c7ilo\u011flu\",\"image\":{\"@type\":\"ImageObject\",\"inLanguage\":\"en-US\",\"@id\":\"https:\\\/\\\/www.textilegence.com\\\/wp-content\\\/uploads\\\/2021\\\/12\\\/emirhan.jpg\",\"url\":\"https:\\\/\\\/www.textilegence.com\\\/wp-content\\\/uploads\\\/2021\\\/12\\\/emirhan.jpg\",\"contentUrl\":\"https:\\\/\\\/www.textilegence.com\\\/wp-content\\\/uploads\\\/2021\\\/12\\\/emirhan.jpg\",\"caption\":\"Emirhan \u00c7ilo\u011flu\"},\"description\":\"Mahmut Emirhan \u00c7ilo\u011flu, \u0130stanbul\u2019da H\u00fcsn\u00fc M. \u00d6zye\u011fin Anadolu Lisesi\u2019nde lise e\u011fitimini tamamlam\u0131\u015f, sonras\u0131nda da \u0130stanbul \u00dcniversitesi\u2019nde Amerikan K\u00fclt\u00fcr\u00fc ve Edebiyat\u0131 lisans b\u00f6l\u00fcm\u00fcnden ba\u015far\u0131yla mezun olmu\u015ftur. 2021 itibari ile Textilegence\u2019da pazarlama ve d\u0131\u015f ili\u015fkiler sorumlusu olarak g\u00f6rev almaya ba\u015flayan \u00c7ilo\u011flu, kurumsal ileti\u015fimin g\u00fc\u00e7lendirilmesine katk\u0131 sa\u011flamaktad\u0131r.\",\"sameAs\":[\"https:\\\/\\\/www.textilegence.com\",\"https:\\\/\\\/www.facebook.com\\\/TextilegenceMagazine\",\"https:\\\/\\\/www.instagram.com\\\/textilegence\\\/\",\"https:\\\/\\\/www.linkedin.com\\\/in\\\/emre-yoleri-26151940\\\/\",\"https:\\\/\\\/x.com\\\/https:\\\/\\\/twitter.com\\\/textilegence\"],\"url\":\"https:\\\/\\\/www.textilegence.com\\\/en\\\/author\\\/emirhan-ciloglu\\\/\"}]}<\/script>\n<!-- \/ Yoast SEO Premium plugin. -->","yoast_head_json":{"title":"Durak Tekstil becomes the Sponsor of Fashion Tech \u0130zmir - Textilegence","description":"Durak Tekstil, Turkey\u2019s largest industrial sewing and embroidery thread manufacturer, sponsored the first edition of the Fashion Tech...","robots":{"index":"index","follow":"follow","max-snippet":"max-snippet:-1","max-image-preview":"max-image-preview:large","max-video-preview":"max-video-preview:-1"},"canonical":"https:\/\/www.textilegence.com\/en\/durak-tekstil-becomes-the-sponsor-of-fashion-tech-izmir\/","og_locale":"en_US","og_type":"article","og_title":"Durak Tekstil becomes the Sponsor of Fashion Tech \u0130zmir","og_description":"Durak Tekstil, Turkey\u2019s largest industrial sewing and embroidery thread manufacturer, sponsored the first edition of the Fashion Tech \u0130zmir ready-to-wear,","og_url":"https:\/\/www.textilegence.com\/en\/durak-tekstil-becomes-the-sponsor-of-fashion-tech-izmir\/","og_site_name":"Textilegence Magazine and Digital Platform","article_publisher":"https:\/\/www.facebook.com\/TextilegenceMagazine","article_author":"https:\/\/www.facebook.com\/TextilegenceMagazine","article_published_time":"2021-08-27T13:53:34+00:00","article_modified_time":"2021-08-27T13:53:42+00:00","og_image":[{"width":1200,"height":675,"url":"https:\/\/www.textilegence.com\/wp-content\/uploads\/2021\/08\/durak-tekstil-textilegence.jpg","type":"image\/jpeg"}],"author":"Emirhan \u00c7ilo\u011flu","twitter_card":"summary_large_image","twitter_creator":"@https:\/\/twitter.com\/textilegence","twitter_site":"@textilegence","twitter_misc":{"Written by":"Emirhan \u00c7ilo\u011flu","Est. reading time":"4 minutes"},"schema":{"@context":"https:\/\/schema.org","@graph":[{"@type":"NewsArticle","@id":"https:\/\/www.textilegence.com\/en\/durak-tekstil-becomes-the-sponsor-of-fashion-tech-izmir\/#article","isPartOf":{"@id":"https:\/\/www.textilegence.com\/en\/durak-tekstil-becomes-the-sponsor-of-fashion-tech-izmir\/"},"author":{"name":"Emirhan \u00c7ilo\u011flu","@id":"https:\/\/www.textilegence.com\/en\/#\/schema\/person\/8dbf2ab62ffdf644153f8c0f9c991f78"},"headline":"Durak Tekstil becomes the Sponsor of Fashion Tech \u0130zmir","datePublished":"2021-08-27T13:53:34+00:00","dateModified":"2021-08-27T13:53:42+00:00","mainEntityOfPage":{"@id":"https:\/\/www.textilegence.com\/en\/durak-tekstil-becomes-the-sponsor-of-fashion-tech-izmir\/"},"wordCount":800,"commentCount":0,"publisher":{"@id":"https:\/\/www.textilegence.com\/en\/#organization"},"image":{"@id":"https:\/\/www.textilegence.com\/en\/durak-tekstil-becomes-the-sponsor-of-fashion-tech-izmir\/#primaryimage"},"thumbnailUrl":"https:\/\/www.textilegence.com\/wp-content\/uploads\/2021\/08\/durak-tekstil-textilegence.jpg","keywords":["durak tekstil","sewing thread","spinning","textile news","trade fairs","yarn"],"articleSection":["Trade Fairs"],"inLanguage":"en-US","potentialAction":[{"@type":"CommentAction","name":"Comment","target":["https:\/\/www.textilegence.com\/en\/durak-tekstil-becomes-the-sponsor-of-fashion-tech-izmir\/#respond"]}]},{"@type":"WebPage","@id":"https:\/\/www.textilegence.com\/en\/durak-tekstil-becomes-the-sponsor-of-fashion-tech-izmir\/","url":"https:\/\/www.textilegence.com\/en\/durak-tekstil-becomes-the-sponsor-of-fashion-tech-izmir\/","name":"Durak Tekstil becomes the Sponsor of Fashion Tech \u0130zmir - Textilegence","isPartOf":{"@id":"https:\/\/www.textilegence.com\/en\/#website"},"primaryImageOfPage":{"@id":"https:\/\/www.textilegence.com\/en\/durak-tekstil-becomes-the-sponsor-of-fashion-tech-izmir\/#primaryimage"},"image":{"@id":"https:\/\/www.textilegence.com\/en\/durak-tekstil-becomes-the-sponsor-of-fashion-tech-izmir\/#primaryimage"},"thumbnailUrl":"https:\/\/www.textilegence.com\/wp-content\/uploads\/2021\/08\/durak-tekstil-textilegence.jpg","datePublished":"2021-08-27T13:53:34+00:00","dateModified":"2021-08-27T13:53:42+00:00","description":"Durak Tekstil, Turkey\u2019s largest industrial sewing and embroidery thread manufacturer, sponsored the first edition of the Fashion Tech...","breadcrumb":{"@id":"https:\/\/www.textilegence.com\/en\/durak-tekstil-becomes-the-sponsor-of-fashion-tech-izmir\/#breadcrumb"},"inLanguage":"en-US","potentialAction":[{"@type":"ReadAction","target":["https:\/\/www.textilegence.com\/en\/durak-tekstil-becomes-the-sponsor-of-fashion-tech-izmir\/"]}]},{"@type":"ImageObject","inLanguage":"en-US","@id":"https:\/\/www.textilegence.com\/en\/durak-tekstil-becomes-the-sponsor-of-fashion-tech-izmir\/#primaryimage","url":"https:\/\/www.textilegence.com\/wp-content\/uploads\/2021\/08\/durak-tekstil-textilegence.jpg","contentUrl":"https:\/\/www.textilegence.com\/wp-content\/uploads\/2021\/08\/durak-tekstil-textilegence.jpg","width":1200,"height":675},{"@type":"BreadcrumbList","@id":"https:\/\/www.textilegence.com\/en\/durak-tekstil-becomes-the-sponsor-of-fashion-tech-izmir\/#breadcrumb","itemListElement":[{"@type":"ListItem","position":1,"name":"Home Page","item":"https:\/\/www.textilegence.com\/en\/homepage-the-rimont\/"},{"@type":"ListItem","position":2,"name":"Trade Fairs","item":"https:\/\/www.textilegence.com\/en\/category\/trade-fairs\/"},{"@type":"ListItem","position":3,"name":"Durak Tekstil becomes the Sponsor of Fashion Tech \u0130zmir"}]},{"@type":"WebSite","@id":"https:\/\/www.textilegence.com\/en\/#website","url":"https:\/\/www.textilegence.com\/en\/","name":"Textilegence Magazine and Digital Platform","description":"Textile News Center","publisher":{"@id":"https:\/\/www.textilegence.com\/en\/#organization"},"potentialAction":[{"@type":"SearchAction","target":{"@type":"EntryPoint","urlTemplate":"https:\/\/www.textilegence.com\/en\/?s={search_term_string}"},"query-input":{"@type":"PropertyValueSpecification","valueRequired":true,"valueName":"search_term_string"}}],"inLanguage":"en-US"},{"@type":"Organization","@id":"https:\/\/www.textilegence.com\/en\/#organization","name":"Textilegence Magazine and Digital Platform","url":"https:\/\/www.textilegence.com\/en\/","logo":{"@type":"ImageObject","inLanguage":"en-US","@id":"https:\/\/www.textilegence.com\/en\/#\/schema\/logo\/image\/","url":"https:\/\/www.textilegence.com\/wp-content\/uploads\/2016\/11\/New_Retina_Logo_Textilegence.png","contentUrl":"https:\/\/www.textilegence.com\/wp-content\/uploads\/2016\/11\/New_Retina_Logo_Textilegence.png","width":544,"height":180,"caption":"Textilegence Magazine and Digital Platform"},"image":{"@id":"https:\/\/www.textilegence.com\/en\/#\/schema\/logo\/image\/"},"sameAs":["https:\/\/www.facebook.com\/TextilegenceMagazine","https:\/\/x.com\/textilegence","https:\/\/www.instagram.com\/textilegence\/","https:\/\/www.linkedin.com\/groups\/Textilegence-Magazine-Digital-Platform-4897253","https:\/\/www.youtube.com\/user\/textilegence"],"description":"Textilegence is a magazine and digital platform established in 2013. It focuses on the textile industry and sub-segments. The platform provides news, articles, and updates on various aspects of the textile industry, including sustainability, technological advancements, and market trends.","email":"editor@textilegence.com","telephone":"+90 212 442 24 12","legalName":"Textilegence Mag and Digital Platform","foundingDate":"2013-01-01","numberOfEmployees":{"@type":"QuantitativeValue","minValue":"1","maxValue":"10"}},{"@type":"Person","@id":"https:\/\/www.textilegence.com\/en\/#\/schema\/person\/8dbf2ab62ffdf644153f8c0f9c991f78","name":"Emirhan \u00c7ilo\u011flu","image":{"@type":"ImageObject","inLanguage":"en-US","@id":"https:\/\/www.textilegence.com\/wp-content\/uploads\/2021\/12\/emirhan.jpg","url":"https:\/\/www.textilegence.com\/wp-content\/uploads\/2021\/12\/emirhan.jpg","contentUrl":"https:\/\/www.textilegence.com\/wp-content\/uploads\/2021\/12\/emirhan.jpg","caption":"Emirhan \u00c7ilo\u011flu"},"description":"Mahmut Emirhan \u00c7ilo\u011flu, \u0130stanbul\u2019da H\u00fcsn\u00fc M. \u00d6zye\u011fin Anadolu Lisesi\u2019nde lise e\u011fitimini tamamlam\u0131\u015f, sonras\u0131nda da \u0130stanbul \u00dcniversitesi\u2019nde Amerikan K\u00fclt\u00fcr\u00fc ve Edebiyat\u0131 lisans b\u00f6l\u00fcm\u00fcnden ba\u015far\u0131yla mezun olmu\u015ftur. 2021 itibari ile Textilegence\u2019da pazarlama ve d\u0131\u015f ili\u015fkiler sorumlusu olarak g\u00f6rev almaya ba\u015flayan \u00c7ilo\u011flu, kurumsal ileti\u015fimin g\u00fc\u00e7lendirilmesine katk\u0131 sa\u011flamaktad\u0131r.","sameAs":["https:\/\/www.textilegence.com","https:\/\/www.facebook.com\/TextilegenceMagazine","https:\/\/www.instagram.com\/textilegence\/","https:\/\/www.linkedin.com\/in\/emre-yoleri-26151940\/","https:\/\/x.com\/https:\/\/twitter.com\/textilegence"],"url":"https:\/\/www.textilegence.com\/en\/author\/emirhan-ciloglu\/"}]}},"_links":{"self":[{"href":"https:\/\/www.textilegence.com\/en\/wp-json\/wp\/v2\/posts\/41654","targetHints":{"allow":["GET"]}}],"collection":[{"href":"https:\/\/www.textilegence.com\/en\/wp-json\/wp\/v2\/posts"}],"about":[{"href":"https:\/\/www.textilegence.com\/en\/wp-json\/wp\/v2\/types\/post"}],"author":[{"embeddable":true,"href":"https:\/\/www.textilegence.com\/en\/wp-json\/wp\/v2\/users\/16"}],"replies":[{"embeddable":true,"href":"https:\/\/www.textilegence.com\/en\/wp-json\/wp\/v2\/comments?post=41654"}],"version-history":[{"count":0,"href":"https:\/\/www.textilegence.com\/en\/wp-json\/wp\/v2\/posts\/41654\/revisions"}],"wp:featuredmedia":[{"embeddable":true,"href":"https:\/\/www.textilegence.com\/en\/wp-json\/wp\/v2\/media\/41648"}],"wp:attachment":[{"href":"https:\/\/www.textilegence.com\/en\/wp-json\/wp\/v2\/media?parent=41654"}],"wp:term":[{"taxonomy":"category","embeddable":true,"href":"https:\/\/www.textilegence.com\/en\/wp-json\/wp\/v2\/categories?post=41654"},{"taxonomy":"post_tag","embeddable":true,"href":"https:\/\/www.textilegence.com\/en\/wp-json\/wp\/v2\/tags?post=41654"}],"curies":[{"name":"wp","href":"https:\/\/api.w.org\/{rel}","templated":true}]}}