{"id":41970,"date":"2021-09-13T18:17:18","date_gmt":"2021-09-13T15:17:18","guid":{"rendered":"http:\/\/www.textilegence.com\/?p=41970"},"modified":"2021-09-13T18:17:24","modified_gmt":"2021-09-13T15:17:24","slug":"fashion-prime-will-strengthen-the-turkish-fashion-industry","status":"publish","type":"post","link":"https:\/\/www.textilegence.com\/en\/fashion-prime-will-strengthen-the-turkish-fashion-industry\/","title":{"rendered":"Fashion Prime will strengthen the Turkish fashion industry"},"content":{"rendered":"\n<p>Fashion Prime Textile, Ready-to-Wear Suppliers and Technologies Fair will be held for the <a href=\"https:\/\/fashionprime.izfas.com.tr\/index.php\/tr\/index.html\" target=\"_blank\" rel=\"noreferrer noopener\">fourth<\/a> time this year by \u0130ZFA\u015e at fuarizmir on September 15-17, 2021 and will host importers from Croatia, Bulgaria and Morocco. On the first day of the <a href=\"https:\/\/www.textilegence.com\/en\/category\/trade-fairs\/\" target=\"_blank\" rel=\"noreferrer noopener\">fair<\/a>, Aegean Ready-to-Wear and Apparel Exporters&#8217; Association (EHK\u0130B) will bring together the importers participating in the fair and local exporters with the Buying Committee program they will organize with the support of the Ministry of Commerce. On the same day, EHK\u0130B will simultaneously hold bilateral business meetings with representative companies localized in Turkey and exporters.<\/p>\n\n\n\n<h2 class=\"wp-block-heading\" id=\"h-fashion-prime-will-contribute-to-a-new-leap-in-the-industry\">\u201cFashion Prime will contribute to a new leap in the industry\u201d<\/h2>\n\n\n\n<p>EHK\u0130B President Burak Sertba\u015f announced that bilateral meetings between importers from Croatia, Bulgaria and Morocco, and export companies from \u0130zmir will be on Wednesday, September 15, 2021, at 10.30-17.00 in the Aegean Exporters&#8217; Associations (EIB) Lounge Area no. F-143 located in Hall B of Fuar \u0130zmir.<\/p>\n\n\n\n<p>Explaining that as EHK\u0130B, they aim to export 1.5 billion dollars for the end of 2021, Burak Sertba\u015f said; \u201cIn the January-August period of 2021, we increased our exports from 809 million dollars to 959 million dollars with an increase of 18.4 percent. With our performance in the last 4 months of the year, we will reach our export target of 1.5 billion dollars. The Pret Ready to Wear and Fashion Fairs held in Izmir in the 1990s had a very important mission in the development of the \u0130zmir Fashion Industry and reaching the level of 1.5 billion dollars in exports.\u201d Sertba\u015f stated that Fashion Prime will make a great contribution to the sector&#8217;s leaping forward and reaching the level of 3 billion dollars in exports in the coming years.<\/p>\n\n\n\n<div class=\"wp-block-image\"><figure class=\"aligncenter size-full\"><img loading=\"lazy\" decoding=\"async\" width=\"1200\" height=\"675\" src=\"https:\/\/www.textilegence.com\/wp-content\/uploads\/2021\/09\/fashion-prime-detail.jpg\" alt=\"\" class=\"wp-image-41967\" srcset=\"https:\/\/www.textilegence.com\/wp-content\/uploads\/2021\/09\/fashion-prime-detail.jpg 1200w, https:\/\/www.textilegence.com\/wp-content\/uploads\/2021\/09\/fashion-prime-detail-768x432.jpg 768w, https:\/\/www.textilegence.com\/wp-content\/uploads\/2021\/09\/fashion-prime-detail-696x392.jpg 696w, https:\/\/www.textilegence.com\/wp-content\/uploads\/2021\/09\/fashion-prime-detail-1068x601.jpg 1068w\" sizes=\"auto, (max-width: 1200px) 100vw, 1200px\" \/><figcaption>EHK\u0130B aims to bring manufacturers and buyers together with two events to be held on the first day of Fashion Prime.<\/figcaption><\/figure><\/div>\n\n\n\n<h2 class=\"wp-block-heading\" id=\"h-13-representative-companies-and-exporting-companies-will-come-together\">13 representative companies and exporting companies will come together<\/h2>\n\n\n\n<p>EHK\u0130B Vice President and Head of the Foreign Market Strategies Development Committee, Seray Seyfeli, announced that they will hold bilateral business meetings with representative companies localized in Turkey at the Fashion Prime on September 15, simultaneously with the organization of the Buying Committee. Saying that they will bring together 13 representative companies and exporting companies, Seyfeli expressed that they will be in an effort to enrich the content of the \u0130zmir Fashion Prime with the Buying Committee and Representative company meetings. Relaying that Aegean ready-to-wear clothing companies show great interest in bilateral meetings with representative companies, Seyfeli stated that bilateral meeting calendars were full on the first day of the announcement.<\/p>\n\n\n\n<p>Simultaneously with the Fashion Prime, Fashion Tech Ready-to-Wear Clothing, Garment and Textile Machinery, Textile Printing Technologies Fair will be held in fuarizmir, hosted by \u0130zmir Metropolitan Municipality and organized by \u0130ZFA\u015e and \u0130ZG\u0130 Fuarc\u0131l\u0131k. Fashion Tech aims to bring together the ready-to-wear, apparel and textile machinery industries and to mediate the establishment of meaningful commercial connections.<\/p>\n","protected":false},"excerpt":{"rendered":"<p>Fashion Prime Textile, Ready-to-Wear Suppliers and Technologies Fair will be held for the fourth time this year by \u0130ZFA\u015e at fuarizmir on September 15-17, 2021 and will host importers from Croatia, Bulgaria and Morocco. On the first day of the fair, Aegean Ready-to-Wear and Apparel Exporters&#8217; Association (EHK\u0130B) will bring together the importers participating in [&hellip;]<\/p>\n","protected":false},"author":8,"featured_media":41965,"comment_status":"open","ping_status":"closed","sticky":false,"template":"","format":"standard","meta":{"footnotes":""},"categories":[9845],"tags":[11520,14801,10369,12448],"class_list":{"0":"post-41970","1":"post","2":"type-post","3":"status-publish","4":"format-standard","5":"has-post-thumbnail","7":"category-trade-fairs","8":"tag-ehkib-en","9":"tag-fashion-prime","10":"tag-textile-news-en","11":"tag-trade-fairs"},"yoast_head":"<!-- This site is optimized with the Yoast SEO Premium plugin v27.3 (Yoast SEO v27.3) - https:\/\/yoast.com\/product\/yoast-seo-premium-wordpress\/ -->\n<title>Fashion Prime will strengthen the Turkish fashion industry - Textilegence<\/title>\n<meta name=\"description\" content=\"Fashion Prime Textile, Ready-to-Wear Suppliers and Technologies Fair will be held for the fourth time this year by \u0130ZFA\u015e at fuarizmir on...\" \/>\n<meta name=\"robots\" content=\"index, follow, max-snippet:-1, max-image-preview:large, max-video-preview:-1\" \/>\n<link rel=\"canonical\" href=\"https:\/\/www.textilegence.com\/en\/fashion-prime-will-strengthen-the-turkish-fashion-industry\/\" \/>\n<meta property=\"og:locale\" content=\"en_US\" \/>\n<meta property=\"og:type\" content=\"article\" \/>\n<meta property=\"og:title\" content=\"Fashion Prime will strengthen the Turkish fashion industry\" \/>\n<meta property=\"og:description\" content=\"Fashion Prime Textile, Ready-to-Wear Suppliers and Technologies Fair will be held for the fourth time this year by \u0130ZFA\u015e at fuarizmir on September 15-17,\" \/>\n<meta property=\"og:url\" content=\"https:\/\/www.textilegence.com\/en\/fashion-prime-will-strengthen-the-turkish-fashion-industry\/\" \/>\n<meta property=\"og:site_name\" content=\"Textilegence Magazine and Digital Platform\" \/>\n<meta property=\"article:publisher\" content=\"https:\/\/www.facebook.com\/TextilegenceMagazine\" \/>\n<meta property=\"article:author\" content=\"https:\/\/www.facebook.com\/TextilegenceMagazine\" \/>\n<meta property=\"article:published_time\" content=\"2021-09-13T15:17:18+00:00\" \/>\n<meta property=\"article:modified_time\" content=\"2021-09-13T15:17:24+00:00\" \/>\n<meta property=\"og:image\" content=\"https:\/\/www.textilegence.com\/wp-content\/uploads\/2021\/09\/fashion-prime-textilegence.jpg\" \/>\n\t<meta property=\"og:image:width\" content=\"1200\" \/>\n\t<meta property=\"og:image:height\" content=\"675\" \/>\n\t<meta property=\"og:image:type\" content=\"image\/jpeg\" \/>\n<meta name=\"author\" content=\"Fatih Cengiarslan\" \/>\n<meta name=\"twitter:card\" content=\"summary_large_image\" \/>\n<meta name=\"twitter:creator\" content=\"@https:\/\/twitter.com\/textilegence\" \/>\n<meta name=\"twitter:site\" content=\"@textilegence\" \/>\n<meta name=\"twitter:label1\" content=\"Written by\" \/>\n\t<meta name=\"twitter:data1\" content=\"Fatih Cengiarslan\" \/>\n\t<meta name=\"twitter:label2\" content=\"Est. reading time\" \/>\n\t<meta name=\"twitter:data2\" content=\"3 minutes\" \/>\n<script type=\"application\/ld+json\" class=\"yoast-schema-graph\">{\"@context\":\"https:\\\/\\\/schema.org\",\"@graph\":[{\"@type\":\"NewsArticle\",\"@id\":\"https:\\\/\\\/www.textilegence.com\\\/en\\\/fashion-prime-will-strengthen-the-turkish-fashion-industry\\\/#article\",\"isPartOf\":{\"@id\":\"https:\\\/\\\/www.textilegence.com\\\/en\\\/fashion-prime-will-strengthen-the-turkish-fashion-industry\\\/\"},\"author\":{\"name\":\"Fatih Cengiarslan\",\"@id\":\"https:\\\/\\\/www.textilegence.com\\\/en\\\/#\\\/schema\\\/person\\\/1c3977109f8a6e1e2b95678836d75cb7\"},\"headline\":\"Fashion Prime will strengthen the Turkish fashion industry\",\"datePublished\":\"2021-09-13T15:17:18+00:00\",\"dateModified\":\"2021-09-13T15:17:24+00:00\",\"mainEntityOfPage\":{\"@id\":\"https:\\\/\\\/www.textilegence.com\\\/en\\\/fashion-prime-will-strengthen-the-turkish-fashion-industry\\\/\"},\"wordCount\":480,\"commentCount\":0,\"publisher\":{\"@id\":\"https:\\\/\\\/www.textilegence.com\\\/en\\\/#organization\"},\"image\":{\"@id\":\"https:\\\/\\\/www.textilegence.com\\\/en\\\/fashion-prime-will-strengthen-the-turkish-fashion-industry\\\/#primaryimage\"},\"thumbnailUrl\":\"https:\\\/\\\/www.textilegence.com\\\/wp-content\\\/uploads\\\/2021\\\/09\\\/fashion-prime-textilegence.jpg\",\"keywords\":[\"ehkib\",\"fashion prime\",\"textile news\",\"trade fairs\"],\"articleSection\":[\"Trade Fairs\"],\"inLanguage\":\"en-US\",\"potentialAction\":[{\"@type\":\"CommentAction\",\"name\":\"Comment\",\"target\":[\"https:\\\/\\\/www.textilegence.com\\\/en\\\/fashion-prime-will-strengthen-the-turkish-fashion-industry\\\/#respond\"]}]},{\"@type\":\"WebPage\",\"@id\":\"https:\\\/\\\/www.textilegence.com\\\/en\\\/fashion-prime-will-strengthen-the-turkish-fashion-industry\\\/\",\"url\":\"https:\\\/\\\/www.textilegence.com\\\/en\\\/fashion-prime-will-strengthen-the-turkish-fashion-industry\\\/\",\"name\":\"Fashion Prime will strengthen the Turkish fashion industry - Textilegence\",\"isPartOf\":{\"@id\":\"https:\\\/\\\/www.textilegence.com\\\/en\\\/#website\"},\"primaryImageOfPage\":{\"@id\":\"https:\\\/\\\/www.textilegence.com\\\/en\\\/fashion-prime-will-strengthen-the-turkish-fashion-industry\\\/#primaryimage\"},\"image\":{\"@id\":\"https:\\\/\\\/www.textilegence.com\\\/en\\\/fashion-prime-will-strengthen-the-turkish-fashion-industry\\\/#primaryimage\"},\"thumbnailUrl\":\"https:\\\/\\\/www.textilegence.com\\\/wp-content\\\/uploads\\\/2021\\\/09\\\/fashion-prime-textilegence.jpg\",\"datePublished\":\"2021-09-13T15:17:18+00:00\",\"dateModified\":\"2021-09-13T15:17:24+00:00\",\"description\":\"Fashion Prime Textile, Ready-to-Wear Suppliers and Technologies Fair will be held for the fourth time this year by \u0130ZFA\u015e at fuarizmir on...\",\"breadcrumb\":{\"@id\":\"https:\\\/\\\/www.textilegence.com\\\/en\\\/fashion-prime-will-strengthen-the-turkish-fashion-industry\\\/#breadcrumb\"},\"inLanguage\":\"en-US\",\"potentialAction\":[{\"@type\":\"ReadAction\",\"target\":[\"https:\\\/\\\/www.textilegence.com\\\/en\\\/fashion-prime-will-strengthen-the-turkish-fashion-industry\\\/\"]}]},{\"@type\":\"ImageObject\",\"inLanguage\":\"en-US\",\"@id\":\"https:\\\/\\\/www.textilegence.com\\\/en\\\/fashion-prime-will-strengthen-the-turkish-fashion-industry\\\/#primaryimage\",\"url\":\"https:\\\/\\\/www.textilegence.com\\\/wp-content\\\/uploads\\\/2021\\\/09\\\/fashion-prime-textilegence.jpg\",\"contentUrl\":\"https:\\\/\\\/www.textilegence.com\\\/wp-content\\\/uploads\\\/2021\\\/09\\\/fashion-prime-textilegence.jpg\",\"width\":1200,\"height\":675},{\"@type\":\"BreadcrumbList\",\"@id\":\"https:\\\/\\\/www.textilegence.com\\\/en\\\/fashion-prime-will-strengthen-the-turkish-fashion-industry\\\/#breadcrumb\",\"itemListElement\":[{\"@type\":\"ListItem\",\"position\":1,\"name\":\"Home Page\",\"item\":\"https:\\\/\\\/www.textilegence.com\\\/en\\\/homepage-the-rimont\\\/\"},{\"@type\":\"ListItem\",\"position\":2,\"name\":\"Trade Fairs\",\"item\":\"https:\\\/\\\/www.textilegence.com\\\/en\\\/category\\\/trade-fairs\\\/\"},{\"@type\":\"ListItem\",\"position\":3,\"name\":\"Fashion Prime will strengthen the Turkish fashion industry\"}]},{\"@type\":\"WebSite\",\"@id\":\"https:\\\/\\\/www.textilegence.com\\\/en\\\/#website\",\"url\":\"https:\\\/\\\/www.textilegence.com\\\/en\\\/\",\"name\":\"Textilegence Magazine and Digital Platform\",\"description\":\"Textile News Center\",\"publisher\":{\"@id\":\"https:\\\/\\\/www.textilegence.com\\\/en\\\/#organization\"},\"potentialAction\":[{\"@type\":\"SearchAction\",\"target\":{\"@type\":\"EntryPoint\",\"urlTemplate\":\"https:\\\/\\\/www.textilegence.com\\\/en\\\/?s={search_term_string}\"},\"query-input\":{\"@type\":\"PropertyValueSpecification\",\"valueRequired\":true,\"valueName\":\"search_term_string\"}}],\"inLanguage\":\"en-US\"},{\"@type\":\"Organization\",\"@id\":\"https:\\\/\\\/www.textilegence.com\\\/en\\\/#organization\",\"name\":\"Textilegence Magazine and Digital Platform\",\"url\":\"https:\\\/\\\/www.textilegence.com\\\/en\\\/\",\"logo\":{\"@type\":\"ImageObject\",\"inLanguage\":\"en-US\",\"@id\":\"https:\\\/\\\/www.textilegence.com\\\/en\\\/#\\\/schema\\\/logo\\\/image\\\/\",\"url\":\"https:\\\/\\\/www.textilegence.com\\\/wp-content\\\/uploads\\\/2016\\\/11\\\/New_Retina_Logo_Textilegence.png\",\"contentUrl\":\"https:\\\/\\\/www.textilegence.com\\\/wp-content\\\/uploads\\\/2016\\\/11\\\/New_Retina_Logo_Textilegence.png\",\"width\":544,\"height\":180,\"caption\":\"Textilegence Magazine and Digital Platform\"},\"image\":{\"@id\":\"https:\\\/\\\/www.textilegence.com\\\/en\\\/#\\\/schema\\\/logo\\\/image\\\/\"},\"sameAs\":[\"https:\\\/\\\/www.facebook.com\\\/TextilegenceMagazine\",\"https:\\\/\\\/x.com\\\/textilegence\",\"https:\\\/\\\/www.instagram.com\\\/textilegence\\\/\",\"https:\\\/\\\/www.linkedin.com\\\/groups\\\/Textilegence-Magazine-Digital-Platform-4897253\",\"https:\\\/\\\/www.youtube.com\\\/user\\\/textilegence\"],\"description\":\"Textilegence is a magazine and digital platform established in 2013. It focuses on the textile industry and sub-segments. The platform provides news, articles, and updates on various aspects of the textile industry, including sustainability, technological advancements, and market trends.\",\"email\":\"editor@textilegence.com\",\"telephone\":\"+90 212 442 24 12\",\"legalName\":\"Textilegence Mag and Digital Platform\",\"foundingDate\":\"2013-01-01\",\"numberOfEmployees\":{\"@type\":\"QuantitativeValue\",\"minValue\":\"1\",\"maxValue\":\"10\"}},{\"@type\":\"Person\",\"@id\":\"https:\\\/\\\/www.textilegence.com\\\/en\\\/#\\\/schema\\\/person\\\/1c3977109f8a6e1e2b95678836d75cb7\",\"name\":\"Fatih Cengiarslan\",\"image\":{\"@type\":\"ImageObject\",\"inLanguage\":\"en-US\",\"@id\":\"https:\\\/\\\/www.textilegence.com\\\/wp-content\\\/uploads\\\/2018\\\/12\\\/fatih-cengiarslan.jpg\",\"url\":\"https:\\\/\\\/www.textilegence.com\\\/wp-content\\\/uploads\\\/2018\\\/12\\\/fatih-cengiarslan.jpg\",\"contentUrl\":\"https:\\\/\\\/www.textilegence.com\\\/wp-content\\\/uploads\\\/2018\\\/12\\\/fatih-cengiarslan.jpg\",\"caption\":\"Fatih Cengiarslan\"},\"description\":\"Fatih Cengiarslan; Akademik \u0130ngilizce e\u011fitimini Bat\u0131 Avustralya \u00dcniversitesi\u2019nde tamamlad\u0131ktan sonra T\u00fcrkiye\u2019ye d\u00f6nerek \u0130stanbul Ayd\u0131n \u00dcniversitesi\u2019nde \u0130nternet Gazetecili\u011fi ve Yay\u0131nc\u0131l\u0131k b\u00f6l\u00fcm\u00fcn\u00fc bitirip, Litvanya \u2013 Kaunas Teknoloji \u00dcniversitesi\u2019nde interaktif media \u00fczerine 8 ayl\u0131k e\u011fitim ald\u0131. Daha sonra Eski\u015fehir Anadolu \u00dcniversitesi girerek \u0130\u015fletme Fak\u00fcltesini ba\u015far\u0131yla tamamlad\u0131. CNNTURK\u2019 kanal\u0131nda staj\u0131n\u0131 tamamlad\u0131ktan sonra Referans Gazetesi\u2019nde \u00e7al\u0131\u015fmaya ba\u015flad\u0131. 2 y\u0131l sonra Textilegence markas\u0131yla tekstil end\u00fcstrisine y\u00f6nelik kendi medyas\u0131n\u0131 kurdu. \u015eu anda Textilegence.com, Printing3D ve NEFA PR Ajans\u0131\u2019n\u0131n 12 y\u0131ld\u0131r y\u00f6netimini yapmaktad\u0131r.\",\"sameAs\":[\"https:\\\/\\\/www.textilegence.com\",\"https:\\\/\\\/www.facebook.com\\\/TextilegenceMagazine\",\"https:\\\/\\\/www.instagram.com\\\/textilegence\\\/\",\"https:\\\/\\\/www.linkedin.com\\\/in\\\/fatih-cengiarslan-32352265\\\/\",\"https:\\\/\\\/x.com\\\/https:\\\/\\\/twitter.com\\\/textilegence\"],\"url\":\"https:\\\/\\\/www.textilegence.com\\\/en\\\/author\\\/admin\\\/\"}]}<\/script>\n<!-- \/ Yoast SEO Premium plugin. -->","yoast_head_json":{"title":"Fashion Prime will strengthen the Turkish fashion industry - Textilegence","description":"Fashion Prime Textile, Ready-to-Wear Suppliers and Technologies Fair will be held for the fourth time this year by \u0130ZFA\u015e at fuarizmir on...","robots":{"index":"index","follow":"follow","max-snippet":"max-snippet:-1","max-image-preview":"max-image-preview:large","max-video-preview":"max-video-preview:-1"},"canonical":"https:\/\/www.textilegence.com\/en\/fashion-prime-will-strengthen-the-turkish-fashion-industry\/","og_locale":"en_US","og_type":"article","og_title":"Fashion Prime will strengthen the Turkish fashion industry","og_description":"Fashion Prime Textile, Ready-to-Wear Suppliers and Technologies Fair will be held for the fourth time this year by \u0130ZFA\u015e at fuarizmir on September 15-17,","og_url":"https:\/\/www.textilegence.com\/en\/fashion-prime-will-strengthen-the-turkish-fashion-industry\/","og_site_name":"Textilegence Magazine and Digital Platform","article_publisher":"https:\/\/www.facebook.com\/TextilegenceMagazine","article_author":"https:\/\/www.facebook.com\/TextilegenceMagazine","article_published_time":"2021-09-13T15:17:18+00:00","article_modified_time":"2021-09-13T15:17:24+00:00","og_image":[{"width":1200,"height":675,"url":"https:\/\/www.textilegence.com\/wp-content\/uploads\/2021\/09\/fashion-prime-textilegence.jpg","type":"image\/jpeg"}],"author":"Fatih Cengiarslan","twitter_card":"summary_large_image","twitter_creator":"@https:\/\/twitter.com\/textilegence","twitter_site":"@textilegence","twitter_misc":{"Written by":"Fatih Cengiarslan","Est. reading time":"3 minutes"},"schema":{"@context":"https:\/\/schema.org","@graph":[{"@type":"NewsArticle","@id":"https:\/\/www.textilegence.com\/en\/fashion-prime-will-strengthen-the-turkish-fashion-industry\/#article","isPartOf":{"@id":"https:\/\/www.textilegence.com\/en\/fashion-prime-will-strengthen-the-turkish-fashion-industry\/"},"author":{"name":"Fatih Cengiarslan","@id":"https:\/\/www.textilegence.com\/en\/#\/schema\/person\/1c3977109f8a6e1e2b95678836d75cb7"},"headline":"Fashion Prime will strengthen the Turkish fashion industry","datePublished":"2021-09-13T15:17:18+00:00","dateModified":"2021-09-13T15:17:24+00:00","mainEntityOfPage":{"@id":"https:\/\/www.textilegence.com\/en\/fashion-prime-will-strengthen-the-turkish-fashion-industry\/"},"wordCount":480,"commentCount":0,"publisher":{"@id":"https:\/\/www.textilegence.com\/en\/#organization"},"image":{"@id":"https:\/\/www.textilegence.com\/en\/fashion-prime-will-strengthen-the-turkish-fashion-industry\/#primaryimage"},"thumbnailUrl":"https:\/\/www.textilegence.com\/wp-content\/uploads\/2021\/09\/fashion-prime-textilegence.jpg","keywords":["ehkib","fashion prime","textile news","trade fairs"],"articleSection":["Trade Fairs"],"inLanguage":"en-US","potentialAction":[{"@type":"CommentAction","name":"Comment","target":["https:\/\/www.textilegence.com\/en\/fashion-prime-will-strengthen-the-turkish-fashion-industry\/#respond"]}]},{"@type":"WebPage","@id":"https:\/\/www.textilegence.com\/en\/fashion-prime-will-strengthen-the-turkish-fashion-industry\/","url":"https:\/\/www.textilegence.com\/en\/fashion-prime-will-strengthen-the-turkish-fashion-industry\/","name":"Fashion Prime will strengthen the Turkish fashion industry - Textilegence","isPartOf":{"@id":"https:\/\/www.textilegence.com\/en\/#website"},"primaryImageOfPage":{"@id":"https:\/\/www.textilegence.com\/en\/fashion-prime-will-strengthen-the-turkish-fashion-industry\/#primaryimage"},"image":{"@id":"https:\/\/www.textilegence.com\/en\/fashion-prime-will-strengthen-the-turkish-fashion-industry\/#primaryimage"},"thumbnailUrl":"https:\/\/www.textilegence.com\/wp-content\/uploads\/2021\/09\/fashion-prime-textilegence.jpg","datePublished":"2021-09-13T15:17:18+00:00","dateModified":"2021-09-13T15:17:24+00:00","description":"Fashion Prime Textile, Ready-to-Wear Suppliers and Technologies Fair will be held for the fourth time this year by \u0130ZFA\u015e at fuarizmir on...","breadcrumb":{"@id":"https:\/\/www.textilegence.com\/en\/fashion-prime-will-strengthen-the-turkish-fashion-industry\/#breadcrumb"},"inLanguage":"en-US","potentialAction":[{"@type":"ReadAction","target":["https:\/\/www.textilegence.com\/en\/fashion-prime-will-strengthen-the-turkish-fashion-industry\/"]}]},{"@type":"ImageObject","inLanguage":"en-US","@id":"https:\/\/www.textilegence.com\/en\/fashion-prime-will-strengthen-the-turkish-fashion-industry\/#primaryimage","url":"https:\/\/www.textilegence.com\/wp-content\/uploads\/2021\/09\/fashion-prime-textilegence.jpg","contentUrl":"https:\/\/www.textilegence.com\/wp-content\/uploads\/2021\/09\/fashion-prime-textilegence.jpg","width":1200,"height":675},{"@type":"BreadcrumbList","@id":"https:\/\/www.textilegence.com\/en\/fashion-prime-will-strengthen-the-turkish-fashion-industry\/#breadcrumb","itemListElement":[{"@type":"ListItem","position":1,"name":"Home Page","item":"https:\/\/www.textilegence.com\/en\/homepage-the-rimont\/"},{"@type":"ListItem","position":2,"name":"Trade Fairs","item":"https:\/\/www.textilegence.com\/en\/category\/trade-fairs\/"},{"@type":"ListItem","position":3,"name":"Fashion Prime will strengthen the Turkish fashion industry"}]},{"@type":"WebSite","@id":"https:\/\/www.textilegence.com\/en\/#website","url":"https:\/\/www.textilegence.com\/en\/","name":"Textilegence Magazine and Digital Platform","description":"Textile News Center","publisher":{"@id":"https:\/\/www.textilegence.com\/en\/#organization"},"potentialAction":[{"@type":"SearchAction","target":{"@type":"EntryPoint","urlTemplate":"https:\/\/www.textilegence.com\/en\/?s={search_term_string}"},"query-input":{"@type":"PropertyValueSpecification","valueRequired":true,"valueName":"search_term_string"}}],"inLanguage":"en-US"},{"@type":"Organization","@id":"https:\/\/www.textilegence.com\/en\/#organization","name":"Textilegence Magazine and Digital Platform","url":"https:\/\/www.textilegence.com\/en\/","logo":{"@type":"ImageObject","inLanguage":"en-US","@id":"https:\/\/www.textilegence.com\/en\/#\/schema\/logo\/image\/","url":"https:\/\/www.textilegence.com\/wp-content\/uploads\/2016\/11\/New_Retina_Logo_Textilegence.png","contentUrl":"https:\/\/www.textilegence.com\/wp-content\/uploads\/2016\/11\/New_Retina_Logo_Textilegence.png","width":544,"height":180,"caption":"Textilegence Magazine and Digital Platform"},"image":{"@id":"https:\/\/www.textilegence.com\/en\/#\/schema\/logo\/image\/"},"sameAs":["https:\/\/www.facebook.com\/TextilegenceMagazine","https:\/\/x.com\/textilegence","https:\/\/www.instagram.com\/textilegence\/","https:\/\/www.linkedin.com\/groups\/Textilegence-Magazine-Digital-Platform-4897253","https:\/\/www.youtube.com\/user\/textilegence"],"description":"Textilegence is a magazine and digital platform established in 2013. It focuses on the textile industry and sub-segments. The platform provides news, articles, and updates on various aspects of the textile industry, including sustainability, technological advancements, and market trends.","email":"editor@textilegence.com","telephone":"+90 212 442 24 12","legalName":"Textilegence Mag and Digital Platform","foundingDate":"2013-01-01","numberOfEmployees":{"@type":"QuantitativeValue","minValue":"1","maxValue":"10"}},{"@type":"Person","@id":"https:\/\/www.textilegence.com\/en\/#\/schema\/person\/1c3977109f8a6e1e2b95678836d75cb7","name":"Fatih Cengiarslan","image":{"@type":"ImageObject","inLanguage":"en-US","@id":"https:\/\/www.textilegence.com\/wp-content\/uploads\/2018\/12\/fatih-cengiarslan.jpg","url":"https:\/\/www.textilegence.com\/wp-content\/uploads\/2018\/12\/fatih-cengiarslan.jpg","contentUrl":"https:\/\/www.textilegence.com\/wp-content\/uploads\/2018\/12\/fatih-cengiarslan.jpg","caption":"Fatih Cengiarslan"},"description":"Fatih Cengiarslan; Akademik \u0130ngilizce e\u011fitimini Bat\u0131 Avustralya \u00dcniversitesi\u2019nde tamamlad\u0131ktan sonra T\u00fcrkiye\u2019ye d\u00f6nerek \u0130stanbul Ayd\u0131n \u00dcniversitesi\u2019nde \u0130nternet Gazetecili\u011fi ve Yay\u0131nc\u0131l\u0131k b\u00f6l\u00fcm\u00fcn\u00fc bitirip, Litvanya \u2013 Kaunas Teknoloji \u00dcniversitesi\u2019nde interaktif media \u00fczerine 8 ayl\u0131k e\u011fitim ald\u0131. Daha sonra Eski\u015fehir Anadolu \u00dcniversitesi girerek \u0130\u015fletme Fak\u00fcltesini ba\u015far\u0131yla tamamlad\u0131. CNNTURK\u2019 kanal\u0131nda staj\u0131n\u0131 tamamlad\u0131ktan sonra Referans Gazetesi\u2019nde \u00e7al\u0131\u015fmaya ba\u015flad\u0131. 2 y\u0131l sonra Textilegence markas\u0131yla tekstil end\u00fcstrisine y\u00f6nelik kendi medyas\u0131n\u0131 kurdu. \u015eu anda Textilegence.com, Printing3D ve NEFA PR Ajans\u0131\u2019n\u0131n 12 y\u0131ld\u0131r y\u00f6netimini yapmaktad\u0131r.","sameAs":["https:\/\/www.textilegence.com","https:\/\/www.facebook.com\/TextilegenceMagazine","https:\/\/www.instagram.com\/textilegence\/","https:\/\/www.linkedin.com\/in\/fatih-cengiarslan-32352265\/","https:\/\/x.com\/https:\/\/twitter.com\/textilegence"],"url":"https:\/\/www.textilegence.com\/en\/author\/admin\/"}]}},"_links":{"self":[{"href":"https:\/\/www.textilegence.com\/en\/wp-json\/wp\/v2\/posts\/41970","targetHints":{"allow":["GET"]}}],"collection":[{"href":"https:\/\/www.textilegence.com\/en\/wp-json\/wp\/v2\/posts"}],"about":[{"href":"https:\/\/www.textilegence.com\/en\/wp-json\/wp\/v2\/types\/post"}],"author":[{"embeddable":true,"href":"https:\/\/www.textilegence.com\/en\/wp-json\/wp\/v2\/users\/8"}],"replies":[{"embeddable":true,"href":"https:\/\/www.textilegence.com\/en\/wp-json\/wp\/v2\/comments?post=41970"}],"version-history":[{"count":0,"href":"https:\/\/www.textilegence.com\/en\/wp-json\/wp\/v2\/posts\/41970\/revisions"}],"wp:featuredmedia":[{"embeddable":true,"href":"https:\/\/www.textilegence.com\/en\/wp-json\/wp\/v2\/media\/41965"}],"wp:attachment":[{"href":"https:\/\/www.textilegence.com\/en\/wp-json\/wp\/v2\/media?parent=41970"}],"wp:term":[{"taxonomy":"category","embeddable":true,"href":"https:\/\/www.textilegence.com\/en\/wp-json\/wp\/v2\/categories?post=41970"},{"taxonomy":"post_tag","embeddable":true,"href":"https:\/\/www.textilegence.com\/en\/wp-json\/wp\/v2\/tags?post=41970"}],"curies":[{"name":"wp","href":"https:\/\/api.w.org\/{rel}","templated":true}]}}