{"id":42136,"date":"2021-10-08T15:57:02","date_gmt":"2021-10-08T12:57:02","guid":{"rendered":"http:\/\/www.textilegence.com\/?p=42136"},"modified":"2021-10-08T15:57:08","modified_gmt":"2021-10-08T12:57:08","slug":"collaboration-in-packaging-recycling-from-eastman-and-pg","status":"publish","type":"post","link":"https:\/\/www.textilegence.com\/en\/collaboration-in-packaging-recycling-from-eastman-and-pg\/","title":{"rendered":"Collaboration in packaging recycling from Eastman and P&#038;G"},"content":{"rendered":"\n<p>Eastman announced an agreement with Procter &amp; Gamble (P&amp;G) to further accelerate the transformation of plastic packaging and collaborate on recycling solutions. Increasing its use of recycled plastics through this agreement, P&amp;G will use Eastman Renew materials in select products and <a href=\"https:\/\/www.textilegence.com\/en\/category\/auxiliary-materials\/\" target=\"_blank\" rel=\"noreferrer noopener\">packaging<\/a>, supporting both companies\u2019 goals to reduce the use of virgin plastic from fossil resources. The companies will also collaborate on advocacy initiatives aimed at reducing reliance on virgin plastic and providing a circular economy for several of the products people use daily.&nbsp;<\/p>\n\n\n\n<p>Procter &amp; Gamble Senior Vice President of R&amp;D Lee Ellen Drechsler said that eliminating waste plastic from our environment is a complex global challenge that requires a comprehensive and collaborative approach across the entire plastics lifecycle. Stating that P&amp;G is taking a thoughtful approach&nbsp;addressing the collection, processing, revitalization, and reuse of materials,&nbsp;Drechsler relayed that they selected Eastman\u2019s molecular <a href=\"https:\/\/www.eastman.com\/Pages\/Home.aspx\" target=\"_blank\" rel=\"noreferrer noopener\">recycling technologies<\/a> which enable&nbsp;former waste to be transformed into useful products.&nbsp;<\/p>\n\n\n\n<h2 class=\"wp-block-heading\" id=\"h-eastman-advanced-recycling-technology-complements-traditional-methods\">\u201cEastman advanced recycling technology complements traditional methods\u201d<\/h2>\n\n\n\n<p>Eastman Renew materials are produced through Eastman\u2019s molecular recycling technologies, using waste plastic that would go to landfills. The company argues that these advanced recycling technologies act as a complement to traditional recycling by expanding the types and amounts of plastic that can be recycled. It is stated that this process, which is asserted to give the materials an extended useful life, also diverts plastic waste from landfills or the environment.&nbsp;<\/p>\n\n\n\n<h2 class=\"wp-block-heading\" id=\"h-the-two-companies-will-also-engage-in-other-activities-for-recycling\">The two companies will also engage in other activities for recycling<\/h2>\n\n\n\n<p>In addition to packaging innovation, P&amp;G and Eastman will also collaborate&nbsp;on infrastructure initiatives needed to increase plastic recycling rates. These initiatives are expected to complement the current recycling streams in the US and provide additional recycling options for consumers who want to help solve the plastic waste problem. The two companies will work to expand the collection of hard-to-recycle plastics and further divert waste from landfills. These expanded recycling streams will be used to create new materials via Eastman&#8217;s molecular recycling technologies.&nbsp;<\/p>\n\n\n\n<div class=\"wp-block-image\"><figure class=\"aligncenter size-full\"><img loading=\"lazy\" decoding=\"async\" width=\"1200\" height=\"675\" src=\"https:\/\/www.textilegence.com\/wp-content\/uploads\/2021\/10\/eastman-detail.jpg\" alt=\"\" class=\"wp-image-42134\" srcset=\"https:\/\/www.textilegence.com\/wp-content\/uploads\/2021\/10\/eastman-detail.jpg 1200w, https:\/\/www.textilegence.com\/wp-content\/uploads\/2021\/10\/eastman-detail-768x432.jpg 768w, https:\/\/www.textilegence.com\/wp-content\/uploads\/2021\/10\/eastman-detail-696x392.jpg 696w, https:\/\/www.textilegence.com\/wp-content\/uploads\/2021\/10\/eastman-detail-1068x601.jpg 1068w\" sizes=\"auto, (max-width: 1200px) 100vw, 1200px\" \/><figcaption> \u201cEastman advanced recycling technology complements traditional methods\u201d <\/figcaption><\/figure><\/div>\n\n\n\n<h2 class=\"wp-block-heading\" id=\"h-new-plastic-to-plastic-recycling-facility-to-be-completed-in-2022\">New plastic-to-plastic recycling facility to be completed in 2022<\/h2>\n\n\n\n<p>Eastman&#8217;s Division President of Plastics&nbsp;Scott Ballard said that they are excited to have Procter &amp; Gamble as a partner to put molecular recycling into practice. He&nbsp;said;&nbsp;&#8220;Together, we can create&nbsp;value from waste and show the world what&#8217;s possible through innovation. The value created will help drive the critical changes in our recycling infrastructure that are necessary to solve the plastic waste crisis.&#8221;&nbsp;<\/p>\n\n\n\n<p>P&amp;G is working to integrate Eastman Renew materials into select product packaging later this year. Eastman is constructing one of the world\u2019s largest plastic-to-plastic recycling facilities in its Kingsport, Tenn., location. It is stated that the molecular recycling facility, which is expected&nbsp;to be completed in 2022, will consume over 200 million pounds&nbsp;annually of landfill-bound waste plastic in the making of Eastman Renew materials.&nbsp;<\/p>\n\n\n\n<p>However, experts point out that there is a need for more research on the environmental effects of chemical recycling technologies, and said that thus, it can be clarified how this process meets the sustainability criteria in the light of new information.<\/p>\n","protected":false},"excerpt":{"rendered":"<p>Eastman announced an agreement with Procter &amp; Gamble (P&amp;G) to further accelerate the transformation of plastic packaging and collaborate on recycling solutions. Increasing its use of recycled plastics through this agreement, P&amp;G will use Eastman Renew materials in select products and packaging, supporting both companies\u2019 goals to reduce the use of virgin plastic from fossil [&hellip;]<\/p>\n","protected":false},"author":2,"featured_media":42132,"comment_status":"open","ping_status":"closed","sticky":false,"template":"","format":"standard","meta":{"footnotes":""},"categories":[16099],"tags":[11798,16109],"class_list":{"0":"post-42136","1":"post","2":"type-post","3":"status-publish","4":"format-standard","5":"has-post-thumbnail","7":"category-packaging","8":"tag-eastman-en","9":"tag-packaging-en"},"yoast_head":"<!-- This site is optimized with the Yoast SEO Premium plugin v27.3 (Yoast SEO v27.3) - https:\/\/yoast.com\/product\/yoast-seo-premium-wordpress\/ -->\n<title>Collaboration in packaging recycling from Eastman and P&amp;G - Textilegence<\/title>\n<meta name=\"description\" content=\"Eastman announced an agreement with Procter &amp; Gamble (P&amp;G) to further accelerate the transformation of plastic packaging and collaborate on...\" \/>\n<meta name=\"robots\" content=\"index, follow, max-snippet:-1, max-image-preview:large, max-video-preview:-1\" \/>\n<link rel=\"canonical\" href=\"https:\/\/www.textilegence.com\/en\/collaboration-in-packaging-recycling-from-eastman-and-pg\/\" \/>\n<meta property=\"og:locale\" content=\"en_US\" \/>\n<meta property=\"og:type\" content=\"article\" \/>\n<meta property=\"og:title\" content=\"Collaboration in packaging recycling from Eastman and P&amp;G\" \/>\n<meta property=\"og:description\" content=\"Eastman announced an agreement with Procter &amp; Gamble (P&amp;G) to further accelerate the transformation of plastic packaging and collaborate on\" \/>\n<meta property=\"og:url\" content=\"https:\/\/www.textilegence.com\/en\/collaboration-in-packaging-recycling-from-eastman-and-pg\/\" \/>\n<meta property=\"og:site_name\" content=\"Textilegence Magazine and Digital Platform\" \/>\n<meta property=\"article:publisher\" content=\"https:\/\/www.facebook.com\/TextilegenceMagazine\" \/>\n<meta property=\"article:author\" content=\"https:\/\/www.facebook.com\/TextilegenceMagazine\" \/>\n<meta property=\"article:published_time\" content=\"2021-10-08T12:57:02+00:00\" \/>\n<meta property=\"article:modified_time\" content=\"2021-10-08T12:57:08+00:00\" \/>\n<meta property=\"og:image\" content=\"https:\/\/www.textilegence.com\/wp-content\/uploads\/2021\/10\/eastman-textilegence.jpg\" \/>\n\t<meta property=\"og:image:width\" content=\"1200\" \/>\n\t<meta property=\"og:image:height\" content=\"675\" \/>\n\t<meta property=\"og:image:type\" content=\"image\/jpeg\" \/>\n<meta name=\"author\" content=\"Engin Buz\" \/>\n<meta name=\"twitter:card\" content=\"summary_large_image\" \/>\n<meta name=\"twitter:creator\" content=\"@https:\/\/twitter.com\/textilegence\" \/>\n<meta name=\"twitter:site\" content=\"@textilegence\" \/>\n<meta name=\"twitter:label1\" content=\"Written by\" \/>\n\t<meta name=\"twitter:data1\" content=\"Engin Buz\" \/>\n\t<meta name=\"twitter:label2\" content=\"Est. reading time\" \/>\n\t<meta name=\"twitter:data2\" content=\"3 minutes\" \/>\n<script type=\"application\/ld+json\" class=\"yoast-schema-graph\">{\"@context\":\"https:\\\/\\\/schema.org\",\"@graph\":[{\"@type\":\"NewsArticle\",\"@id\":\"https:\\\/\\\/www.textilegence.com\\\/en\\\/collaboration-in-packaging-recycling-from-eastman-and-pg\\\/#article\",\"isPartOf\":{\"@id\":\"https:\\\/\\\/www.textilegence.com\\\/en\\\/collaboration-in-packaging-recycling-from-eastman-and-pg\\\/\"},\"author\":{\"name\":\"Engin Buz\",\"@id\":\"https:\\\/\\\/www.textilegence.com\\\/en\\\/#\\\/schema\\\/person\\\/46ccc7bfc34edbc7d46b6b189f88849f\"},\"headline\":\"Collaboration in packaging recycling from Eastman and P&#038;G\",\"datePublished\":\"2021-10-08T12:57:02+00:00\",\"dateModified\":\"2021-10-08T12:57:08+00:00\",\"mainEntityOfPage\":{\"@id\":\"https:\\\/\\\/www.textilegence.com\\\/en\\\/collaboration-in-packaging-recycling-from-eastman-and-pg\\\/\"},\"wordCount\":555,\"commentCount\":0,\"publisher\":{\"@id\":\"https:\\\/\\\/www.textilegence.com\\\/en\\\/#organization\"},\"image\":{\"@id\":\"https:\\\/\\\/www.textilegence.com\\\/en\\\/collaboration-in-packaging-recycling-from-eastman-and-pg\\\/#primaryimage\"},\"thumbnailUrl\":\"https:\\\/\\\/www.textilegence.com\\\/wp-content\\\/uploads\\\/2021\\\/10\\\/eastman-textilegence.jpg\",\"keywords\":[\"eastman\",\"packaging\"],\"articleSection\":[\"Packaging\"],\"inLanguage\":\"en-US\",\"potentialAction\":[{\"@type\":\"CommentAction\",\"name\":\"Comment\",\"target\":[\"https:\\\/\\\/www.textilegence.com\\\/en\\\/collaboration-in-packaging-recycling-from-eastman-and-pg\\\/#respond\"]}]},{\"@type\":\"WebPage\",\"@id\":\"https:\\\/\\\/www.textilegence.com\\\/en\\\/collaboration-in-packaging-recycling-from-eastman-and-pg\\\/\",\"url\":\"https:\\\/\\\/www.textilegence.com\\\/en\\\/collaboration-in-packaging-recycling-from-eastman-and-pg\\\/\",\"name\":\"Collaboration in packaging recycling from Eastman and P&G - Textilegence\",\"isPartOf\":{\"@id\":\"https:\\\/\\\/www.textilegence.com\\\/en\\\/#website\"},\"primaryImageOfPage\":{\"@id\":\"https:\\\/\\\/www.textilegence.com\\\/en\\\/collaboration-in-packaging-recycling-from-eastman-and-pg\\\/#primaryimage\"},\"image\":{\"@id\":\"https:\\\/\\\/www.textilegence.com\\\/en\\\/collaboration-in-packaging-recycling-from-eastman-and-pg\\\/#primaryimage\"},\"thumbnailUrl\":\"https:\\\/\\\/www.textilegence.com\\\/wp-content\\\/uploads\\\/2021\\\/10\\\/eastman-textilegence.jpg\",\"datePublished\":\"2021-10-08T12:57:02+00:00\",\"dateModified\":\"2021-10-08T12:57:08+00:00\",\"description\":\"Eastman announced an agreement with Procter & Gamble (P&G) to further accelerate the transformation of plastic packaging and collaborate on...\",\"breadcrumb\":{\"@id\":\"https:\\\/\\\/www.textilegence.com\\\/en\\\/collaboration-in-packaging-recycling-from-eastman-and-pg\\\/#breadcrumb\"},\"inLanguage\":\"en-US\",\"potentialAction\":[{\"@type\":\"ReadAction\",\"target\":[\"https:\\\/\\\/www.textilegence.com\\\/en\\\/collaboration-in-packaging-recycling-from-eastman-and-pg\\\/\"]}]},{\"@type\":\"ImageObject\",\"inLanguage\":\"en-US\",\"@id\":\"https:\\\/\\\/www.textilegence.com\\\/en\\\/collaboration-in-packaging-recycling-from-eastman-and-pg\\\/#primaryimage\",\"url\":\"https:\\\/\\\/www.textilegence.com\\\/wp-content\\\/uploads\\\/2021\\\/10\\\/eastman-textilegence.jpg\",\"contentUrl\":\"https:\\\/\\\/www.textilegence.com\\\/wp-content\\\/uploads\\\/2021\\\/10\\\/eastman-textilegence.jpg\",\"width\":1200,\"height\":675},{\"@type\":\"BreadcrumbList\",\"@id\":\"https:\\\/\\\/www.textilegence.com\\\/en\\\/collaboration-in-packaging-recycling-from-eastman-and-pg\\\/#breadcrumb\",\"itemListElement\":[{\"@type\":\"ListItem\",\"position\":1,\"name\":\"Home Page\",\"item\":\"https:\\\/\\\/www.textilegence.com\\\/en\\\/homepage-the-rimont\\\/\"},{\"@type\":\"ListItem\",\"position\":2,\"name\":\"Packaging\",\"item\":\"https:\\\/\\\/www.textilegence.com\\\/en\\\/category\\\/packaging\\\/\"},{\"@type\":\"ListItem\",\"position\":3,\"name\":\"Collaboration in packaging recycling from Eastman and P&#038;G\"}]},{\"@type\":\"WebSite\",\"@id\":\"https:\\\/\\\/www.textilegence.com\\\/en\\\/#website\",\"url\":\"https:\\\/\\\/www.textilegence.com\\\/en\\\/\",\"name\":\"Textilegence Magazine and Digital Platform\",\"description\":\"Textile News Center\",\"publisher\":{\"@id\":\"https:\\\/\\\/www.textilegence.com\\\/en\\\/#organization\"},\"potentialAction\":[{\"@type\":\"SearchAction\",\"target\":{\"@type\":\"EntryPoint\",\"urlTemplate\":\"https:\\\/\\\/www.textilegence.com\\\/en\\\/?s={search_term_string}\"},\"query-input\":{\"@type\":\"PropertyValueSpecification\",\"valueRequired\":true,\"valueName\":\"search_term_string\"}}],\"inLanguage\":\"en-US\"},{\"@type\":\"Organization\",\"@id\":\"https:\\\/\\\/www.textilegence.com\\\/en\\\/#organization\",\"name\":\"Textilegence Magazine and Digital Platform\",\"url\":\"https:\\\/\\\/www.textilegence.com\\\/en\\\/\",\"logo\":{\"@type\":\"ImageObject\",\"inLanguage\":\"en-US\",\"@id\":\"https:\\\/\\\/www.textilegence.com\\\/en\\\/#\\\/schema\\\/logo\\\/image\\\/\",\"url\":\"https:\\\/\\\/www.textilegence.com\\\/wp-content\\\/uploads\\\/2016\\\/11\\\/New_Retina_Logo_Textilegence.png\",\"contentUrl\":\"https:\\\/\\\/www.textilegence.com\\\/wp-content\\\/uploads\\\/2016\\\/11\\\/New_Retina_Logo_Textilegence.png\",\"width\":544,\"height\":180,\"caption\":\"Textilegence Magazine and Digital Platform\"},\"image\":{\"@id\":\"https:\\\/\\\/www.textilegence.com\\\/en\\\/#\\\/schema\\\/logo\\\/image\\\/\"},\"sameAs\":[\"https:\\\/\\\/www.facebook.com\\\/TextilegenceMagazine\",\"https:\\\/\\\/x.com\\\/textilegence\",\"https:\\\/\\\/www.instagram.com\\\/textilegence\\\/\",\"https:\\\/\\\/www.linkedin.com\\\/groups\\\/Textilegence-Magazine-Digital-Platform-4897253\",\"https:\\\/\\\/www.youtube.com\\\/user\\\/textilegence\"],\"description\":\"Textilegence is a magazine and digital platform established in 2013. It focuses on the textile industry and sub-segments. The platform provides news, articles, and updates on various aspects of the textile industry, including sustainability, technological advancements, and market trends.\",\"email\":\"editor@textilegence.com\",\"telephone\":\"+90 212 442 24 12\",\"legalName\":\"Textilegence Mag and Digital Platform\",\"foundingDate\":\"2013-01-01\",\"numberOfEmployees\":{\"@type\":\"QuantitativeValue\",\"minValue\":\"1\",\"maxValue\":\"10\"}},{\"@type\":\"Person\",\"@id\":\"https:\\\/\\\/www.textilegence.com\\\/en\\\/#\\\/schema\\\/person\\\/46ccc7bfc34edbc7d46b6b189f88849f\",\"name\":\"Engin Buz\",\"image\":{\"@type\":\"ImageObject\",\"inLanguage\":\"en-US\",\"@id\":\"https:\\\/\\\/www.textilegence.com\\\/wp-content\\\/uploads\\\/2018\\\/12\\\/engin-buz.jpg\",\"url\":\"https:\\\/\\\/www.textilegence.com\\\/wp-content\\\/uploads\\\/2018\\\/12\\\/engin-buz.jpg\",\"contentUrl\":\"https:\\\/\\\/www.textilegence.com\\\/wp-content\\\/uploads\\\/2018\\\/12\\\/engin-buz.jpg\",\"caption\":\"Engin Buz\"},\"description\":\"Engin Buz, Ankara \u00dcniversitesi \u0130leti\u015fim Fak\u00fcltesi Gazetecilik B\u00f6l\u00fcm\u00fc\u2019nden mezun olduktan sonra Y\u0131ld\u0131z Teknik \u00dcniversitesi\u2019nde Siyaset Bilimi ve Uluslararas\u0131 \u0130li\u015fkiler alan\u0131nda y\u00fcksek lisans\u0131n\u0131 tamamlam\u0131\u015ft\u0131r. 2000 y\u0131l\u0131ndan sonra \u00e7e\u015fitli yay\u0131nc\u0131l\u0131k \u015firketlerinde \u00e7al\u0131\u015fmaya ba\u015flayarak k\u00fclt\u00fcr-sanat ve daha sonra ekonomi haberleri haz\u0131rlam\u0131\u015ft\u0131r. 2009 y\u0131l\u0131ndan itibaren tekstil end\u00fcstrisine d\u00f6n\u00fck yay\u0131nlarda edit\u00f6r olarak g\u00f6rev alan Buz, 2013 itibariyle kurulan Textilegence\u2019de haber edit\u00f6r\u00fc olarak yer almaya ba\u015flam\u0131\u015ft\u0131r. Engin Buz halen ba\u015fta tekstil ve dijital bask\u0131 end\u00fcstrileri olmak \u00fczere ekonomi haberleri haz\u0131rlamaktad\u0131r.\",\"sameAs\":[\"https:\\\/\\\/www.textilegence.com\",\"https:\\\/\\\/www.facebook.com\\\/TextilegenceMagazine\",\"https:\\\/\\\/www.instagram.com\\\/textilegence\\\/\",\"https:\\\/\\\/www.linkedin.com\\\/in\\\/engin-buz-6190799a\\\/\",\"https:\\\/\\\/x.com\\\/https:\\\/\\\/twitter.com\\\/textilegence\"],\"url\":\"https:\\\/\\\/www.textilegence.com\\\/en\\\/author\\\/engin-buz\\\/\"}]}<\/script>\n<!-- \/ Yoast SEO Premium plugin. -->","yoast_head_json":{"title":"Collaboration in packaging recycling from Eastman and P&G - Textilegence","description":"Eastman announced an agreement with Procter & Gamble (P&G) to further accelerate the transformation of plastic packaging and collaborate on...","robots":{"index":"index","follow":"follow","max-snippet":"max-snippet:-1","max-image-preview":"max-image-preview:large","max-video-preview":"max-video-preview:-1"},"canonical":"https:\/\/www.textilegence.com\/en\/collaboration-in-packaging-recycling-from-eastman-and-pg\/","og_locale":"en_US","og_type":"article","og_title":"Collaboration in packaging recycling from Eastman and P&G","og_description":"Eastman announced an agreement with Procter &amp; Gamble (P&amp;G) to further accelerate the transformation of plastic packaging and collaborate on","og_url":"https:\/\/www.textilegence.com\/en\/collaboration-in-packaging-recycling-from-eastman-and-pg\/","og_site_name":"Textilegence Magazine and Digital Platform","article_publisher":"https:\/\/www.facebook.com\/TextilegenceMagazine","article_author":"https:\/\/www.facebook.com\/TextilegenceMagazine","article_published_time":"2021-10-08T12:57:02+00:00","article_modified_time":"2021-10-08T12:57:08+00:00","og_image":[{"width":1200,"height":675,"url":"https:\/\/www.textilegence.com\/wp-content\/uploads\/2021\/10\/eastman-textilegence.jpg","type":"image\/jpeg"}],"author":"Engin Buz","twitter_card":"summary_large_image","twitter_creator":"@https:\/\/twitter.com\/textilegence","twitter_site":"@textilegence","twitter_misc":{"Written by":"Engin Buz","Est. reading time":"3 minutes"},"schema":{"@context":"https:\/\/schema.org","@graph":[{"@type":"NewsArticle","@id":"https:\/\/www.textilegence.com\/en\/collaboration-in-packaging-recycling-from-eastman-and-pg\/#article","isPartOf":{"@id":"https:\/\/www.textilegence.com\/en\/collaboration-in-packaging-recycling-from-eastman-and-pg\/"},"author":{"name":"Engin Buz","@id":"https:\/\/www.textilegence.com\/en\/#\/schema\/person\/46ccc7bfc34edbc7d46b6b189f88849f"},"headline":"Collaboration in packaging recycling from Eastman and P&#038;G","datePublished":"2021-10-08T12:57:02+00:00","dateModified":"2021-10-08T12:57:08+00:00","mainEntityOfPage":{"@id":"https:\/\/www.textilegence.com\/en\/collaboration-in-packaging-recycling-from-eastman-and-pg\/"},"wordCount":555,"commentCount":0,"publisher":{"@id":"https:\/\/www.textilegence.com\/en\/#organization"},"image":{"@id":"https:\/\/www.textilegence.com\/en\/collaboration-in-packaging-recycling-from-eastman-and-pg\/#primaryimage"},"thumbnailUrl":"https:\/\/www.textilegence.com\/wp-content\/uploads\/2021\/10\/eastman-textilegence.jpg","keywords":["eastman","packaging"],"articleSection":["Packaging"],"inLanguage":"en-US","potentialAction":[{"@type":"CommentAction","name":"Comment","target":["https:\/\/www.textilegence.com\/en\/collaboration-in-packaging-recycling-from-eastman-and-pg\/#respond"]}]},{"@type":"WebPage","@id":"https:\/\/www.textilegence.com\/en\/collaboration-in-packaging-recycling-from-eastman-and-pg\/","url":"https:\/\/www.textilegence.com\/en\/collaboration-in-packaging-recycling-from-eastman-and-pg\/","name":"Collaboration in packaging recycling from Eastman and P&G - Textilegence","isPartOf":{"@id":"https:\/\/www.textilegence.com\/en\/#website"},"primaryImageOfPage":{"@id":"https:\/\/www.textilegence.com\/en\/collaboration-in-packaging-recycling-from-eastman-and-pg\/#primaryimage"},"image":{"@id":"https:\/\/www.textilegence.com\/en\/collaboration-in-packaging-recycling-from-eastman-and-pg\/#primaryimage"},"thumbnailUrl":"https:\/\/www.textilegence.com\/wp-content\/uploads\/2021\/10\/eastman-textilegence.jpg","datePublished":"2021-10-08T12:57:02+00:00","dateModified":"2021-10-08T12:57:08+00:00","description":"Eastman announced an agreement with Procter & Gamble (P&G) to further accelerate the transformation of plastic packaging and collaborate on...","breadcrumb":{"@id":"https:\/\/www.textilegence.com\/en\/collaboration-in-packaging-recycling-from-eastman-and-pg\/#breadcrumb"},"inLanguage":"en-US","potentialAction":[{"@type":"ReadAction","target":["https:\/\/www.textilegence.com\/en\/collaboration-in-packaging-recycling-from-eastman-and-pg\/"]}]},{"@type":"ImageObject","inLanguage":"en-US","@id":"https:\/\/www.textilegence.com\/en\/collaboration-in-packaging-recycling-from-eastman-and-pg\/#primaryimage","url":"https:\/\/www.textilegence.com\/wp-content\/uploads\/2021\/10\/eastman-textilegence.jpg","contentUrl":"https:\/\/www.textilegence.com\/wp-content\/uploads\/2021\/10\/eastman-textilegence.jpg","width":1200,"height":675},{"@type":"BreadcrumbList","@id":"https:\/\/www.textilegence.com\/en\/collaboration-in-packaging-recycling-from-eastman-and-pg\/#breadcrumb","itemListElement":[{"@type":"ListItem","position":1,"name":"Home Page","item":"https:\/\/www.textilegence.com\/en\/homepage-the-rimont\/"},{"@type":"ListItem","position":2,"name":"Packaging","item":"https:\/\/www.textilegence.com\/en\/category\/packaging\/"},{"@type":"ListItem","position":3,"name":"Collaboration in packaging recycling from Eastman and P&#038;G"}]},{"@type":"WebSite","@id":"https:\/\/www.textilegence.com\/en\/#website","url":"https:\/\/www.textilegence.com\/en\/","name":"Textilegence Magazine and Digital Platform","description":"Textile News Center","publisher":{"@id":"https:\/\/www.textilegence.com\/en\/#organization"},"potentialAction":[{"@type":"SearchAction","target":{"@type":"EntryPoint","urlTemplate":"https:\/\/www.textilegence.com\/en\/?s={search_term_string}"},"query-input":{"@type":"PropertyValueSpecification","valueRequired":true,"valueName":"search_term_string"}}],"inLanguage":"en-US"},{"@type":"Organization","@id":"https:\/\/www.textilegence.com\/en\/#organization","name":"Textilegence Magazine and Digital Platform","url":"https:\/\/www.textilegence.com\/en\/","logo":{"@type":"ImageObject","inLanguage":"en-US","@id":"https:\/\/www.textilegence.com\/en\/#\/schema\/logo\/image\/","url":"https:\/\/www.textilegence.com\/wp-content\/uploads\/2016\/11\/New_Retina_Logo_Textilegence.png","contentUrl":"https:\/\/www.textilegence.com\/wp-content\/uploads\/2016\/11\/New_Retina_Logo_Textilegence.png","width":544,"height":180,"caption":"Textilegence Magazine and Digital Platform"},"image":{"@id":"https:\/\/www.textilegence.com\/en\/#\/schema\/logo\/image\/"},"sameAs":["https:\/\/www.facebook.com\/TextilegenceMagazine","https:\/\/x.com\/textilegence","https:\/\/www.instagram.com\/textilegence\/","https:\/\/www.linkedin.com\/groups\/Textilegence-Magazine-Digital-Platform-4897253","https:\/\/www.youtube.com\/user\/textilegence"],"description":"Textilegence is a magazine and digital platform established in 2013. It focuses on the textile industry and sub-segments. The platform provides news, articles, and updates on various aspects of the textile industry, including sustainability, technological advancements, and market trends.","email":"editor@textilegence.com","telephone":"+90 212 442 24 12","legalName":"Textilegence Mag and Digital Platform","foundingDate":"2013-01-01","numberOfEmployees":{"@type":"QuantitativeValue","minValue":"1","maxValue":"10"}},{"@type":"Person","@id":"https:\/\/www.textilegence.com\/en\/#\/schema\/person\/46ccc7bfc34edbc7d46b6b189f88849f","name":"Engin Buz","image":{"@type":"ImageObject","inLanguage":"en-US","@id":"https:\/\/www.textilegence.com\/wp-content\/uploads\/2018\/12\/engin-buz.jpg","url":"https:\/\/www.textilegence.com\/wp-content\/uploads\/2018\/12\/engin-buz.jpg","contentUrl":"https:\/\/www.textilegence.com\/wp-content\/uploads\/2018\/12\/engin-buz.jpg","caption":"Engin Buz"},"description":"Engin Buz, Ankara \u00dcniversitesi \u0130leti\u015fim Fak\u00fcltesi Gazetecilik B\u00f6l\u00fcm\u00fc\u2019nden mezun olduktan sonra Y\u0131ld\u0131z Teknik \u00dcniversitesi\u2019nde Siyaset Bilimi ve Uluslararas\u0131 \u0130li\u015fkiler alan\u0131nda y\u00fcksek lisans\u0131n\u0131 tamamlam\u0131\u015ft\u0131r. 2000 y\u0131l\u0131ndan sonra \u00e7e\u015fitli yay\u0131nc\u0131l\u0131k \u015firketlerinde \u00e7al\u0131\u015fmaya ba\u015flayarak k\u00fclt\u00fcr-sanat ve daha sonra ekonomi haberleri haz\u0131rlam\u0131\u015ft\u0131r. 2009 y\u0131l\u0131ndan itibaren tekstil end\u00fcstrisine d\u00f6n\u00fck yay\u0131nlarda edit\u00f6r olarak g\u00f6rev alan Buz, 2013 itibariyle kurulan Textilegence\u2019de haber edit\u00f6r\u00fc olarak yer almaya ba\u015flam\u0131\u015ft\u0131r. Engin Buz halen ba\u015fta tekstil ve dijital bask\u0131 end\u00fcstrileri olmak \u00fczere ekonomi haberleri haz\u0131rlamaktad\u0131r.","sameAs":["https:\/\/www.textilegence.com","https:\/\/www.facebook.com\/TextilegenceMagazine","https:\/\/www.instagram.com\/textilegence\/","https:\/\/www.linkedin.com\/in\/engin-buz-6190799a\/","https:\/\/x.com\/https:\/\/twitter.com\/textilegence"],"url":"https:\/\/www.textilegence.com\/en\/author\/engin-buz\/"}]}},"_links":{"self":[{"href":"https:\/\/www.textilegence.com\/en\/wp-json\/wp\/v2\/posts\/42136","targetHints":{"allow":["GET"]}}],"collection":[{"href":"https:\/\/www.textilegence.com\/en\/wp-json\/wp\/v2\/posts"}],"about":[{"href":"https:\/\/www.textilegence.com\/en\/wp-json\/wp\/v2\/types\/post"}],"author":[{"embeddable":true,"href":"https:\/\/www.textilegence.com\/en\/wp-json\/wp\/v2\/users\/2"}],"replies":[{"embeddable":true,"href":"https:\/\/www.textilegence.com\/en\/wp-json\/wp\/v2\/comments?post=42136"}],"version-history":[{"count":0,"href":"https:\/\/www.textilegence.com\/en\/wp-json\/wp\/v2\/posts\/42136\/revisions"}],"wp:featuredmedia":[{"embeddable":true,"href":"https:\/\/www.textilegence.com\/en\/wp-json\/wp\/v2\/media\/42132"}],"wp:attachment":[{"href":"https:\/\/www.textilegence.com\/en\/wp-json\/wp\/v2\/media?parent=42136"}],"wp:term":[{"taxonomy":"category","embeddable":true,"href":"https:\/\/www.textilegence.com\/en\/wp-json\/wp\/v2\/categories?post=42136"},{"taxonomy":"post_tag","embeddable":true,"href":"https:\/\/www.textilegence.com\/en\/wp-json\/wp\/v2\/tags?post=42136"}],"curies":[{"name":"wp","href":"https:\/\/api.w.org\/{rel}","templated":true}]}}