{"id":42194,"date":"2021-10-12T18:05:29","date_gmt":"2021-10-12T15:05:29","guid":{"rendered":"http:\/\/www.textilegence.com\/?p=42194"},"modified":"2022-01-12T09:51:15","modified_gmt":"2022-01-12T06:51:15","slug":"sustainability-talks-will-discuss-a-green-textile-industry","status":"publish","type":"post","link":"https:\/\/www.textilegence.com\/en\/sustainability-talks-will-discuss-a-green-textile-industry\/","title":{"rendered":"Sustainability Talks will discuss a green textile industry"},"content":{"rendered":"\n<p>One of the industries that pollute the environment the most, the textile industry has an important position in the&nbsp;fight against&nbsp;the climate crisis, which is the main <a href=\"https:\/\/www.textilegence.com\/en\/category\/topical\/\" target=\"_blank\" rel=\"noreferrer noopener\">agenda<\/a> of a sustainable and liveable world. The Sustainability Talks Istanbul <a href=\"https:\/\/www.sustainabilitytalksistanbul.com\/en\/\" target=\"_blank\" rel=\"noreferrer noopener\">Conference<\/a>, the first of which was held in 2020, is organized in November every year&nbsp;in order to&nbsp;raise awareness about sustainability in the textile industry and to take solution-oriented steps for industry leaders. The Sustainability Talks Istanbul Conference, organized in cooperation with Orbit Consulting and&nbsp;Kipa\u015f&nbsp;Tekstil, will be held free of charge at&nbsp;Zorlu&nbsp;PSM on November 25, 2021. The event, where visitors can also participate via the online platform, aims to support the sustainability branding of brands, manufacturers, and suppliers locally, and aims to make Turkey the circular production base of the global fashion and textile industry globally.&nbsp;<\/p>\n\n\n\n<p>The prominent&nbsp;topics&nbsp;at the Sustainability Talks Istanbul Conference this year will be Circularity, Sustainable Raw Materials, Supply Chain Transparency and Traceability, Renewable Energy and Water. The global textile industry actors who integrate their innovations in digitalization, biotechnology, renewable energy, recycling technologies and raw materials into their business models will share their experiences at the event.&nbsp;<\/p>\n\n\n\n<h2 class=\"wp-block-heading\" id=\"h-focus-is-circular-production-at-sustainability-talks-conference\">Focus is \u2018circular production\u2019 at Sustainability Talks Conference<\/h2>\n\n\n\n<p>Recalling Former US President Barack Obama\u2019s words at the 2014 United Nations Climate Change Summit,&nbsp;\u201cWe are the first generation to feel the effect of climate change and the last generation who can do something about it.&nbsp;We&nbsp;must act; all together!\u201d, Orbit Consultant Co-Founder Emir&nbsp;\u00d6zt\u00fcrk&nbsp;said; \u201cEspecially the negative effects we have experienced on a global scale for the last 2 years show us that sustainability is no longer a choice but a responsibility and a necessity\u201d.&nbsp;\u00d6zt\u00fcrk&nbsp;said that this year\u2019s Sustainability Talks Istanbul Conference will emphasize the concept of \u2018Produce-use-continuously transform with little or no water, renewable energy &#8211; zero harmful chemicals, recyclable materials\u2019 in the textile industry and that the necessity of transitioning from linear production to circular production model will be focused on. He also stated that the message that Istanbul will become the Circular Textile Centre of Europe will be given.&nbsp;<\/p>\n\n\n\n<h2 class=\"wp-block-heading\" id=\"h-designers-and-manufacturers-have-the-greatest-responsibility-on-waste\">\u201cDesigners and manufacturers have the greatest responsibility on waste\u201d<\/h2>\n\n\n\n<p>Orbit Consultant Executive Board Member&nbsp;Bikem&nbsp;Kan\u0131k&nbsp;said that companies that are not sustainable and that do not declare this sustainability in a transparent and traceable way, unfortunately cannot find a place in the supply chain.&nbsp;Kan\u0131k&nbsp;stated that it is not possible to talk about sustainability in a&nbsp;place where there is&nbsp;waste and&nbsp;noted&nbsp;that the biggest responsibility in this matter is on the designers and manufacturers. Emphasizing circularity and sustainability,&nbsp;Kan\u0131k; \u201cIt is necessary to design&nbsp;with&nbsp;clean&nbsp;energy use, minimum raw material use&nbsp;in mind,&nbsp;and&nbsp;if possible, to make products from natural materials that we call biodegradable, considering not only the production stage of the product, but also the time&nbsp;that&nbsp;it will be during&nbsp;its&nbsp;use&nbsp;and the time it will become waste. The sector should ensure that the environmental impact is minimal by evaluating the life cycle of a textile product, starting from the field, in the stages of production, logistics, sales in the store, consumer use, recycling and waste\u201d.&nbsp;<\/p>\n\n\n\n<div class=\"wp-block-image\"><figure class=\"aligncenter size-full\"><img loading=\"lazy\" decoding=\"async\" width=\"1200\" height=\"675\" src=\"https:\/\/www.textilegence.com\/wp-content\/uploads\/2021\/10\/sustainability-talks-detail.jpg\" alt=\"\" class=\"wp-image-42190\" srcset=\"https:\/\/www.textilegence.com\/wp-content\/uploads\/2021\/10\/sustainability-talks-detail.jpg 1200w, https:\/\/www.textilegence.com\/wp-content\/uploads\/2021\/10\/sustainability-talks-detail-768x432.jpg 768w, https:\/\/www.textilegence.com\/wp-content\/uploads\/2021\/10\/sustainability-talks-detail-696x392.jpg 696w, https:\/\/www.textilegence.com\/wp-content\/uploads\/2021\/10\/sustainability-talks-detail-1068x601.jpg 1068w\" sizes=\"auto, (max-width: 1200px) 100vw, 1200px\" \/><figcaption>Sustainability Talks will discuss a green textile industry<\/figcaption><\/figure><\/div>\n\n\n\n<h2 class=\"wp-block-heading\" id=\"h-we-have-the-opportunity-to-be-a-part-of-the-solution\">\u201cWe have the opportunity to be a part of the solution\u201d<\/h2>\n\n\n\n<p>Kipa\u015f&nbsp;Board Member and General Manager&nbsp;Halit&nbsp;G\u00fcm\u00fc\u015fer&nbsp;said that they are part of an industry that has a significant impact on climate change, natural resources and human rights; \u201cSo,&nbsp;we have the opportunity to be part of the solution. As an industry, we constantly optimize our operations and realize innovative solutions and collaborations across the entire value chain. We believe we need to set clear and bold goals for real change\u201d. Underlining the need to increase awareness in the sector,&nbsp;G\u00fcm\u00fc\u015fer&nbsp;added; \u201cWe think that Sustainability Talks&nbsp;Istanbul, where we discover new and better ways to make an impact, will be a roadmap for all stakeholders of the textile industry and a starting point for those who take a new step towards sustainability\u201d.&nbsp;<\/p>\n\n\n\n<h2 class=\"wp-block-heading\" id=\"h-event-to-be-held-with-the-participation-of-academia-the-public-ngos-and-sector-stakeholders\">Event&nbsp;to be&nbsp;held&nbsp;with the participation of academia, the public,&nbsp;NGOs&nbsp;and sector stakeholders<\/h2>\n\n\n\n<p>Participants in the event will include manufacturers, suppliers, brands, retailers, designers,&nbsp;dye&nbsp;and chemical manufacturers, exporters, importers, logistics service providers, accreditation bodies, standardization bodies,&nbsp;laboratories&nbsp;and certification companies. The event, which will be held with the participation of Ministry of Commerce, Ministry of Industry and Technology, Ministry of Environment and Urbanization, Ministry of Energy and Natural Resources, TIM and Exporters\u2019&nbsp;Associations, KOSGEB, Chambers of Commerce and Industry, Textile, Ready-to-Wear, Fashion and Design, Professional Organizations, Chambers and Associations, Trade Unions and Confederations,&nbsp;NGOs working in the field of Environment and Sustainability;&nbsp;will also host university students, lecturers&nbsp;from the academy, fashion academies, researchers, textile, fashion and design clubs, sustainability committees and environmental clubs.&nbsp;<\/p>\n\n\n\n<p>While institutions such as Ellen MacArthur Foundation; Chiara&nbsp;Catgiu, Textile Exchange; Liesl Truscott, Transformers Foundation (Miguel Sanchez) and Sustainable Angle will examine the topics, Kingpins Show founder Andrew&nbsp;Olah, TSKB General Manager&nbsp;Ece&nbsp;B\u00f6r\u00fc,&nbsp;\u0130peker&nbsp;Board Member \u0130hsan&nbsp;\u0130peker&nbsp;will also be among the prominent names at the conference. Among the brands, IKEA (Calvin Woolley) and PVH Corporation (Nicholas&nbsp;Prophte) will attend the event.<\/p>\n","protected":false},"excerpt":{"rendered":"<p>One of the industries that pollute the environment the most, the textile industry has an important position in the&nbsp;fight against&nbsp;the climate crisis, which is the main agenda of a sustainable and liveable world. The Sustainability Talks Istanbul Conference, the first of which was held in 2020, is organized in November every year&nbsp;in order to&nbsp;raise awareness [&hellip;]<\/p>\n","protected":false},"author":8,"featured_media":42188,"comment_status":"open","ping_status":"closed","sticky":false,"template":"","format":"standard","meta":{"footnotes":""},"categories":[14912],"tags":[14805,12450],"class_list":{"0":"post-42194","1":"post","2":"type-post","3":"status-publish","4":"format-standard","5":"has-post-thumbnail","7":"category-green-times","8":"tag-sustainability-talks","9":"tag-topical"},"yoast_head":"<!-- This site is optimized with the Yoast SEO Premium plugin v27.3 (Yoast SEO v27.3) - https:\/\/yoast.com\/product\/yoast-seo-premium-wordpress\/ -->\n<title>Sustainability Talks will discuss a green textile industry - Textilegence<\/title>\n<meta name=\"description\" content=\"The Sustainability Talks Istanbul Conference, the first of which was held in 2020, is organized in November every year\u00a0in order to\u00a0raise...\" \/>\n<meta name=\"robots\" content=\"index, follow, max-snippet:-1, max-image-preview:large, max-video-preview:-1\" \/>\n<link rel=\"canonical\" href=\"https:\/\/www.textilegence.com\/en\/sustainability-talks-will-discuss-a-green-textile-industry\/\" \/>\n<meta property=\"og:locale\" content=\"en_US\" \/>\n<meta property=\"og:type\" content=\"article\" \/>\n<meta property=\"og:title\" content=\"Sustainability Talks will discuss a green textile industry\" \/>\n<meta property=\"og:description\" content=\"One of the industries that pollute the environment the most, the textile industry has an important position in the&nbsp;fight against&nbsp;the climate\" \/>\n<meta property=\"og:url\" content=\"https:\/\/www.textilegence.com\/en\/sustainability-talks-will-discuss-a-green-textile-industry\/\" \/>\n<meta property=\"og:site_name\" content=\"Textilegence Magazine and Digital Platform\" \/>\n<meta property=\"article:publisher\" content=\"https:\/\/www.facebook.com\/TextilegenceMagazine\" \/>\n<meta property=\"article:author\" content=\"https:\/\/www.facebook.com\/TextilegenceMagazine\" \/>\n<meta property=\"article:published_time\" content=\"2021-10-12T15:05:29+00:00\" \/>\n<meta property=\"article:modified_time\" content=\"2022-01-12T06:51:15+00:00\" \/>\n<meta property=\"og:image\" content=\"https:\/\/www.textilegence.com\/wp-content\/uploads\/2021\/10\/sustainability-talks-textilegence.jpg\" \/>\n\t<meta property=\"og:image:width\" content=\"1200\" \/>\n\t<meta property=\"og:image:height\" content=\"675\" \/>\n\t<meta property=\"og:image:type\" content=\"image\/jpeg\" \/>\n<meta name=\"author\" content=\"Fatih Cengiarslan\" \/>\n<meta name=\"twitter:card\" content=\"summary_large_image\" \/>\n<meta name=\"twitter:creator\" content=\"@https:\/\/twitter.com\/textilegence\" \/>\n<meta name=\"twitter:site\" content=\"@textilegence\" \/>\n<meta name=\"twitter:label1\" content=\"Written by\" \/>\n\t<meta name=\"twitter:data1\" content=\"Fatih Cengiarslan\" \/>\n\t<meta name=\"twitter:label2\" content=\"Est. reading time\" \/>\n\t<meta name=\"twitter:data2\" content=\"5 minutes\" \/>\n<script type=\"application\/ld+json\" class=\"yoast-schema-graph\">{\"@context\":\"https:\\\/\\\/schema.org\",\"@graph\":[{\"@type\":\"NewsArticle\",\"@id\":\"https:\\\/\\\/www.textilegence.com\\\/en\\\/sustainability-talks-will-discuss-a-green-textile-industry\\\/#article\",\"isPartOf\":{\"@id\":\"https:\\\/\\\/www.textilegence.com\\\/en\\\/sustainability-talks-will-discuss-a-green-textile-industry\\\/\"},\"author\":{\"name\":\"Fatih Cengiarslan\",\"@id\":\"https:\\\/\\\/www.textilegence.com\\\/en\\\/#\\\/schema\\\/person\\\/1c3977109f8a6e1e2b95678836d75cb7\"},\"headline\":\"Sustainability Talks will discuss a green textile industry\",\"datePublished\":\"2021-10-12T15:05:29+00:00\",\"dateModified\":\"2022-01-12T06:51:15+00:00\",\"mainEntityOfPage\":{\"@id\":\"https:\\\/\\\/www.textilegence.com\\\/en\\\/sustainability-talks-will-discuss-a-green-textile-industry\\\/\"},\"wordCount\":951,\"commentCount\":0,\"publisher\":{\"@id\":\"https:\\\/\\\/www.textilegence.com\\\/en\\\/#organization\"},\"image\":{\"@id\":\"https:\\\/\\\/www.textilegence.com\\\/en\\\/sustainability-talks-will-discuss-a-green-textile-industry\\\/#primaryimage\"},\"thumbnailUrl\":\"https:\\\/\\\/www.textilegence.com\\\/wp-content\\\/uploads\\\/2021\\\/10\\\/sustainability-talks-textilegence.jpg\",\"keywords\":[\"sustainability talks\",\"topical\"],\"articleSection\":[\"Green Times\"],\"inLanguage\":\"en-US\",\"potentialAction\":[{\"@type\":\"CommentAction\",\"name\":\"Comment\",\"target\":[\"https:\\\/\\\/www.textilegence.com\\\/en\\\/sustainability-talks-will-discuss-a-green-textile-industry\\\/#respond\"]}]},{\"@type\":\"WebPage\",\"@id\":\"https:\\\/\\\/www.textilegence.com\\\/en\\\/sustainability-talks-will-discuss-a-green-textile-industry\\\/\",\"url\":\"https:\\\/\\\/www.textilegence.com\\\/en\\\/sustainability-talks-will-discuss-a-green-textile-industry\\\/\",\"name\":\"Sustainability Talks will discuss a green textile industry - Textilegence\",\"isPartOf\":{\"@id\":\"https:\\\/\\\/www.textilegence.com\\\/en\\\/#website\"},\"primaryImageOfPage\":{\"@id\":\"https:\\\/\\\/www.textilegence.com\\\/en\\\/sustainability-talks-will-discuss-a-green-textile-industry\\\/#primaryimage\"},\"image\":{\"@id\":\"https:\\\/\\\/www.textilegence.com\\\/en\\\/sustainability-talks-will-discuss-a-green-textile-industry\\\/#primaryimage\"},\"thumbnailUrl\":\"https:\\\/\\\/www.textilegence.com\\\/wp-content\\\/uploads\\\/2021\\\/10\\\/sustainability-talks-textilegence.jpg\",\"datePublished\":\"2021-10-12T15:05:29+00:00\",\"dateModified\":\"2022-01-12T06:51:15+00:00\",\"description\":\"The Sustainability Talks Istanbul Conference, the first of which was held in 2020, is organized in November every year\u00a0in order to\u00a0raise...\",\"breadcrumb\":{\"@id\":\"https:\\\/\\\/www.textilegence.com\\\/en\\\/sustainability-talks-will-discuss-a-green-textile-industry\\\/#breadcrumb\"},\"inLanguage\":\"en-US\",\"potentialAction\":[{\"@type\":\"ReadAction\",\"target\":[\"https:\\\/\\\/www.textilegence.com\\\/en\\\/sustainability-talks-will-discuss-a-green-textile-industry\\\/\"]}]},{\"@type\":\"ImageObject\",\"inLanguage\":\"en-US\",\"@id\":\"https:\\\/\\\/www.textilegence.com\\\/en\\\/sustainability-talks-will-discuss-a-green-textile-industry\\\/#primaryimage\",\"url\":\"https:\\\/\\\/www.textilegence.com\\\/wp-content\\\/uploads\\\/2021\\\/10\\\/sustainability-talks-textilegence.jpg\",\"contentUrl\":\"https:\\\/\\\/www.textilegence.com\\\/wp-content\\\/uploads\\\/2021\\\/10\\\/sustainability-talks-textilegence.jpg\",\"width\":1200,\"height\":675},{\"@type\":\"BreadcrumbList\",\"@id\":\"https:\\\/\\\/www.textilegence.com\\\/en\\\/sustainability-talks-will-discuss-a-green-textile-industry\\\/#breadcrumb\",\"itemListElement\":[{\"@type\":\"ListItem\",\"position\":1,\"name\":\"Home Page\",\"item\":\"https:\\\/\\\/www.textilegence.com\\\/en\\\/homepage-the-rimont\\\/\"},{\"@type\":\"ListItem\",\"position\":2,\"name\":\"Topical\",\"item\":\"https:\\\/\\\/www.textilegence.com\\\/en\\\/category\\\/topical\\\/\"},{\"@type\":\"ListItem\",\"position\":3,\"name\":\"Sustainability Talks will discuss a green textile industry\"}]},{\"@type\":\"WebSite\",\"@id\":\"https:\\\/\\\/www.textilegence.com\\\/en\\\/#website\",\"url\":\"https:\\\/\\\/www.textilegence.com\\\/en\\\/\",\"name\":\"Textilegence Magazine and Digital Platform\",\"description\":\"Textile News Center\",\"publisher\":{\"@id\":\"https:\\\/\\\/www.textilegence.com\\\/en\\\/#organization\"},\"potentialAction\":[{\"@type\":\"SearchAction\",\"target\":{\"@type\":\"EntryPoint\",\"urlTemplate\":\"https:\\\/\\\/www.textilegence.com\\\/en\\\/?s={search_term_string}\"},\"query-input\":{\"@type\":\"PropertyValueSpecification\",\"valueRequired\":true,\"valueName\":\"search_term_string\"}}],\"inLanguage\":\"en-US\"},{\"@type\":\"Organization\",\"@id\":\"https:\\\/\\\/www.textilegence.com\\\/en\\\/#organization\",\"name\":\"Textilegence Magazine and Digital Platform\",\"url\":\"https:\\\/\\\/www.textilegence.com\\\/en\\\/\",\"logo\":{\"@type\":\"ImageObject\",\"inLanguage\":\"en-US\",\"@id\":\"https:\\\/\\\/www.textilegence.com\\\/en\\\/#\\\/schema\\\/logo\\\/image\\\/\",\"url\":\"https:\\\/\\\/www.textilegence.com\\\/wp-content\\\/uploads\\\/2016\\\/11\\\/New_Retina_Logo_Textilegence.png\",\"contentUrl\":\"https:\\\/\\\/www.textilegence.com\\\/wp-content\\\/uploads\\\/2016\\\/11\\\/New_Retina_Logo_Textilegence.png\",\"width\":544,\"height\":180,\"caption\":\"Textilegence Magazine and Digital Platform\"},\"image\":{\"@id\":\"https:\\\/\\\/www.textilegence.com\\\/en\\\/#\\\/schema\\\/logo\\\/image\\\/\"},\"sameAs\":[\"https:\\\/\\\/www.facebook.com\\\/TextilegenceMagazine\",\"https:\\\/\\\/x.com\\\/textilegence\",\"https:\\\/\\\/www.instagram.com\\\/textilegence\\\/\",\"https:\\\/\\\/www.linkedin.com\\\/groups\\\/Textilegence-Magazine-Digital-Platform-4897253\",\"https:\\\/\\\/www.youtube.com\\\/user\\\/textilegence\"],\"description\":\"Textilegence is a magazine and digital platform established in 2013. It focuses on the textile industry and sub-segments. The platform provides news, articles, and updates on various aspects of the textile industry, including sustainability, technological advancements, and market trends.\",\"email\":\"editor@textilegence.com\",\"telephone\":\"+90 212 442 24 12\",\"legalName\":\"Textilegence Mag and Digital Platform\",\"foundingDate\":\"2013-01-01\",\"numberOfEmployees\":{\"@type\":\"QuantitativeValue\",\"minValue\":\"1\",\"maxValue\":\"10\"}},{\"@type\":\"Person\",\"@id\":\"https:\\\/\\\/www.textilegence.com\\\/en\\\/#\\\/schema\\\/person\\\/1c3977109f8a6e1e2b95678836d75cb7\",\"name\":\"Fatih Cengiarslan\",\"image\":{\"@type\":\"ImageObject\",\"inLanguage\":\"en-US\",\"@id\":\"https:\\\/\\\/www.textilegence.com\\\/wp-content\\\/uploads\\\/2018\\\/12\\\/fatih-cengiarslan.jpg\",\"url\":\"https:\\\/\\\/www.textilegence.com\\\/wp-content\\\/uploads\\\/2018\\\/12\\\/fatih-cengiarslan.jpg\",\"contentUrl\":\"https:\\\/\\\/www.textilegence.com\\\/wp-content\\\/uploads\\\/2018\\\/12\\\/fatih-cengiarslan.jpg\",\"caption\":\"Fatih Cengiarslan\"},\"description\":\"Fatih Cengiarslan; Akademik \u0130ngilizce e\u011fitimini Bat\u0131 Avustralya \u00dcniversitesi\u2019nde tamamlad\u0131ktan sonra T\u00fcrkiye\u2019ye d\u00f6nerek \u0130stanbul Ayd\u0131n \u00dcniversitesi\u2019nde \u0130nternet Gazetecili\u011fi ve Yay\u0131nc\u0131l\u0131k b\u00f6l\u00fcm\u00fcn\u00fc bitirip, Litvanya \u2013 Kaunas Teknoloji \u00dcniversitesi\u2019nde interaktif media \u00fczerine 8 ayl\u0131k e\u011fitim ald\u0131. Daha sonra Eski\u015fehir Anadolu \u00dcniversitesi girerek \u0130\u015fletme Fak\u00fcltesini ba\u015far\u0131yla tamamlad\u0131. CNNTURK\u2019 kanal\u0131nda staj\u0131n\u0131 tamamlad\u0131ktan sonra Referans Gazetesi\u2019nde \u00e7al\u0131\u015fmaya ba\u015flad\u0131. 2 y\u0131l sonra Textilegence markas\u0131yla tekstil end\u00fcstrisine y\u00f6nelik kendi medyas\u0131n\u0131 kurdu. \u015eu anda Textilegence.com, Printing3D ve NEFA PR Ajans\u0131\u2019n\u0131n 12 y\u0131ld\u0131r y\u00f6netimini yapmaktad\u0131r.\",\"sameAs\":[\"https:\\\/\\\/www.textilegence.com\",\"https:\\\/\\\/www.facebook.com\\\/TextilegenceMagazine\",\"https:\\\/\\\/www.instagram.com\\\/textilegence\\\/\",\"https:\\\/\\\/www.linkedin.com\\\/in\\\/fatih-cengiarslan-32352265\\\/\",\"https:\\\/\\\/x.com\\\/https:\\\/\\\/twitter.com\\\/textilegence\"],\"url\":\"https:\\\/\\\/www.textilegence.com\\\/en\\\/author\\\/admin\\\/\"}]}<\/script>\n<!-- \/ Yoast SEO Premium plugin. -->","yoast_head_json":{"title":"Sustainability Talks will discuss a green textile industry - Textilegence","description":"The Sustainability Talks Istanbul Conference, the first of which was held in 2020, is organized in November every year\u00a0in order to\u00a0raise...","robots":{"index":"index","follow":"follow","max-snippet":"max-snippet:-1","max-image-preview":"max-image-preview:large","max-video-preview":"max-video-preview:-1"},"canonical":"https:\/\/www.textilegence.com\/en\/sustainability-talks-will-discuss-a-green-textile-industry\/","og_locale":"en_US","og_type":"article","og_title":"Sustainability Talks will discuss a green textile industry","og_description":"One of the industries that pollute the environment the most, the textile industry has an important position in the&nbsp;fight against&nbsp;the climate","og_url":"https:\/\/www.textilegence.com\/en\/sustainability-talks-will-discuss-a-green-textile-industry\/","og_site_name":"Textilegence Magazine and Digital Platform","article_publisher":"https:\/\/www.facebook.com\/TextilegenceMagazine","article_author":"https:\/\/www.facebook.com\/TextilegenceMagazine","article_published_time":"2021-10-12T15:05:29+00:00","article_modified_time":"2022-01-12T06:51:15+00:00","og_image":[{"width":1200,"height":675,"url":"https:\/\/www.textilegence.com\/wp-content\/uploads\/2021\/10\/sustainability-talks-textilegence.jpg","type":"image\/jpeg"}],"author":"Fatih Cengiarslan","twitter_card":"summary_large_image","twitter_creator":"@https:\/\/twitter.com\/textilegence","twitter_site":"@textilegence","twitter_misc":{"Written by":"Fatih Cengiarslan","Est. reading time":"5 minutes"},"schema":{"@context":"https:\/\/schema.org","@graph":[{"@type":"NewsArticle","@id":"https:\/\/www.textilegence.com\/en\/sustainability-talks-will-discuss-a-green-textile-industry\/#article","isPartOf":{"@id":"https:\/\/www.textilegence.com\/en\/sustainability-talks-will-discuss-a-green-textile-industry\/"},"author":{"name":"Fatih Cengiarslan","@id":"https:\/\/www.textilegence.com\/en\/#\/schema\/person\/1c3977109f8a6e1e2b95678836d75cb7"},"headline":"Sustainability Talks will discuss a green textile industry","datePublished":"2021-10-12T15:05:29+00:00","dateModified":"2022-01-12T06:51:15+00:00","mainEntityOfPage":{"@id":"https:\/\/www.textilegence.com\/en\/sustainability-talks-will-discuss-a-green-textile-industry\/"},"wordCount":951,"commentCount":0,"publisher":{"@id":"https:\/\/www.textilegence.com\/en\/#organization"},"image":{"@id":"https:\/\/www.textilegence.com\/en\/sustainability-talks-will-discuss-a-green-textile-industry\/#primaryimage"},"thumbnailUrl":"https:\/\/www.textilegence.com\/wp-content\/uploads\/2021\/10\/sustainability-talks-textilegence.jpg","keywords":["sustainability talks","topical"],"articleSection":["Green Times"],"inLanguage":"en-US","potentialAction":[{"@type":"CommentAction","name":"Comment","target":["https:\/\/www.textilegence.com\/en\/sustainability-talks-will-discuss-a-green-textile-industry\/#respond"]}]},{"@type":"WebPage","@id":"https:\/\/www.textilegence.com\/en\/sustainability-talks-will-discuss-a-green-textile-industry\/","url":"https:\/\/www.textilegence.com\/en\/sustainability-talks-will-discuss-a-green-textile-industry\/","name":"Sustainability Talks will discuss a green textile industry - Textilegence","isPartOf":{"@id":"https:\/\/www.textilegence.com\/en\/#website"},"primaryImageOfPage":{"@id":"https:\/\/www.textilegence.com\/en\/sustainability-talks-will-discuss-a-green-textile-industry\/#primaryimage"},"image":{"@id":"https:\/\/www.textilegence.com\/en\/sustainability-talks-will-discuss-a-green-textile-industry\/#primaryimage"},"thumbnailUrl":"https:\/\/www.textilegence.com\/wp-content\/uploads\/2021\/10\/sustainability-talks-textilegence.jpg","datePublished":"2021-10-12T15:05:29+00:00","dateModified":"2022-01-12T06:51:15+00:00","description":"The Sustainability Talks Istanbul Conference, the first of which was held in 2020, is organized in November every year\u00a0in order to\u00a0raise...","breadcrumb":{"@id":"https:\/\/www.textilegence.com\/en\/sustainability-talks-will-discuss-a-green-textile-industry\/#breadcrumb"},"inLanguage":"en-US","potentialAction":[{"@type":"ReadAction","target":["https:\/\/www.textilegence.com\/en\/sustainability-talks-will-discuss-a-green-textile-industry\/"]}]},{"@type":"ImageObject","inLanguage":"en-US","@id":"https:\/\/www.textilegence.com\/en\/sustainability-talks-will-discuss-a-green-textile-industry\/#primaryimage","url":"https:\/\/www.textilegence.com\/wp-content\/uploads\/2021\/10\/sustainability-talks-textilegence.jpg","contentUrl":"https:\/\/www.textilegence.com\/wp-content\/uploads\/2021\/10\/sustainability-talks-textilegence.jpg","width":1200,"height":675},{"@type":"BreadcrumbList","@id":"https:\/\/www.textilegence.com\/en\/sustainability-talks-will-discuss-a-green-textile-industry\/#breadcrumb","itemListElement":[{"@type":"ListItem","position":1,"name":"Home Page","item":"https:\/\/www.textilegence.com\/en\/homepage-the-rimont\/"},{"@type":"ListItem","position":2,"name":"Topical","item":"https:\/\/www.textilegence.com\/en\/category\/topical\/"},{"@type":"ListItem","position":3,"name":"Sustainability Talks will discuss a green textile industry"}]},{"@type":"WebSite","@id":"https:\/\/www.textilegence.com\/en\/#website","url":"https:\/\/www.textilegence.com\/en\/","name":"Textilegence Magazine and Digital Platform","description":"Textile News Center","publisher":{"@id":"https:\/\/www.textilegence.com\/en\/#organization"},"potentialAction":[{"@type":"SearchAction","target":{"@type":"EntryPoint","urlTemplate":"https:\/\/www.textilegence.com\/en\/?s={search_term_string}"},"query-input":{"@type":"PropertyValueSpecification","valueRequired":true,"valueName":"search_term_string"}}],"inLanguage":"en-US"},{"@type":"Organization","@id":"https:\/\/www.textilegence.com\/en\/#organization","name":"Textilegence Magazine and Digital Platform","url":"https:\/\/www.textilegence.com\/en\/","logo":{"@type":"ImageObject","inLanguage":"en-US","@id":"https:\/\/www.textilegence.com\/en\/#\/schema\/logo\/image\/","url":"https:\/\/www.textilegence.com\/wp-content\/uploads\/2016\/11\/New_Retina_Logo_Textilegence.png","contentUrl":"https:\/\/www.textilegence.com\/wp-content\/uploads\/2016\/11\/New_Retina_Logo_Textilegence.png","width":544,"height":180,"caption":"Textilegence Magazine and Digital Platform"},"image":{"@id":"https:\/\/www.textilegence.com\/en\/#\/schema\/logo\/image\/"},"sameAs":["https:\/\/www.facebook.com\/TextilegenceMagazine","https:\/\/x.com\/textilegence","https:\/\/www.instagram.com\/textilegence\/","https:\/\/www.linkedin.com\/groups\/Textilegence-Magazine-Digital-Platform-4897253","https:\/\/www.youtube.com\/user\/textilegence"],"description":"Textilegence is a magazine and digital platform established in 2013. It focuses on the textile industry and sub-segments. The platform provides news, articles, and updates on various aspects of the textile industry, including sustainability, technological advancements, and market trends.","email":"editor@textilegence.com","telephone":"+90 212 442 24 12","legalName":"Textilegence Mag and Digital Platform","foundingDate":"2013-01-01","numberOfEmployees":{"@type":"QuantitativeValue","minValue":"1","maxValue":"10"}},{"@type":"Person","@id":"https:\/\/www.textilegence.com\/en\/#\/schema\/person\/1c3977109f8a6e1e2b95678836d75cb7","name":"Fatih Cengiarslan","image":{"@type":"ImageObject","inLanguage":"en-US","@id":"https:\/\/www.textilegence.com\/wp-content\/uploads\/2018\/12\/fatih-cengiarslan.jpg","url":"https:\/\/www.textilegence.com\/wp-content\/uploads\/2018\/12\/fatih-cengiarslan.jpg","contentUrl":"https:\/\/www.textilegence.com\/wp-content\/uploads\/2018\/12\/fatih-cengiarslan.jpg","caption":"Fatih Cengiarslan"},"description":"Fatih Cengiarslan; Akademik \u0130ngilizce e\u011fitimini Bat\u0131 Avustralya \u00dcniversitesi\u2019nde tamamlad\u0131ktan sonra T\u00fcrkiye\u2019ye d\u00f6nerek \u0130stanbul Ayd\u0131n \u00dcniversitesi\u2019nde \u0130nternet Gazetecili\u011fi ve Yay\u0131nc\u0131l\u0131k b\u00f6l\u00fcm\u00fcn\u00fc bitirip, Litvanya \u2013 Kaunas Teknoloji \u00dcniversitesi\u2019nde interaktif media \u00fczerine 8 ayl\u0131k e\u011fitim ald\u0131. Daha sonra Eski\u015fehir Anadolu \u00dcniversitesi girerek \u0130\u015fletme Fak\u00fcltesini ba\u015far\u0131yla tamamlad\u0131. CNNTURK\u2019 kanal\u0131nda staj\u0131n\u0131 tamamlad\u0131ktan sonra Referans Gazetesi\u2019nde \u00e7al\u0131\u015fmaya ba\u015flad\u0131. 2 y\u0131l sonra Textilegence markas\u0131yla tekstil end\u00fcstrisine y\u00f6nelik kendi medyas\u0131n\u0131 kurdu. \u015eu anda Textilegence.com, Printing3D ve NEFA PR Ajans\u0131\u2019n\u0131n 12 y\u0131ld\u0131r y\u00f6netimini yapmaktad\u0131r.","sameAs":["https:\/\/www.textilegence.com","https:\/\/www.facebook.com\/TextilegenceMagazine","https:\/\/www.instagram.com\/textilegence\/","https:\/\/www.linkedin.com\/in\/fatih-cengiarslan-32352265\/","https:\/\/x.com\/https:\/\/twitter.com\/textilegence"],"url":"https:\/\/www.textilegence.com\/en\/author\/admin\/"}]}},"_links":{"self":[{"href":"https:\/\/www.textilegence.com\/en\/wp-json\/wp\/v2\/posts\/42194","targetHints":{"allow":["GET"]}}],"collection":[{"href":"https:\/\/www.textilegence.com\/en\/wp-json\/wp\/v2\/posts"}],"about":[{"href":"https:\/\/www.textilegence.com\/en\/wp-json\/wp\/v2\/types\/post"}],"author":[{"embeddable":true,"href":"https:\/\/www.textilegence.com\/en\/wp-json\/wp\/v2\/users\/8"}],"replies":[{"embeddable":true,"href":"https:\/\/www.textilegence.com\/en\/wp-json\/wp\/v2\/comments?post=42194"}],"version-history":[{"count":0,"href":"https:\/\/www.textilegence.com\/en\/wp-json\/wp\/v2\/posts\/42194\/revisions"}],"wp:featuredmedia":[{"embeddable":true,"href":"https:\/\/www.textilegence.com\/en\/wp-json\/wp\/v2\/media\/42188"}],"wp:attachment":[{"href":"https:\/\/www.textilegence.com\/en\/wp-json\/wp\/v2\/media?parent=42194"}],"wp:term":[{"taxonomy":"category","embeddable":true,"href":"https:\/\/www.textilegence.com\/en\/wp-json\/wp\/v2\/categories?post=42194"},{"taxonomy":"post_tag","embeddable":true,"href":"https:\/\/www.textilegence.com\/en\/wp-json\/wp\/v2\/tags?post=42194"}],"curies":[{"name":"wp","href":"https:\/\/api.w.org\/{rel}","templated":true}]}}