{"id":42279,"date":"2021-10-22T11:52:06","date_gmt":"2021-10-22T08:52:06","guid":{"rendered":"http:\/\/www.textilegence.com\/?p=42279"},"modified":"2021-10-27T15:06:17","modified_gmt":"2021-10-27T12:06:17","slug":"kempas-iplik-and-saurer-solutions-add-value-to-recycling","status":"publish","type":"post","link":"https:\/\/www.textilegence.com\/en\/kempas-iplik-and-saurer-solutions-add-value-to-recycling\/","title":{"rendered":"Kempa\u015f \u0130plik and Saurer solutions add value to recycling"},"content":{"rendered":"\n<p>A specialist in the production of <a href=\"https:\/\/www.textilegence.com\/en\/category\/spinning\/\" target=\"_blank\" rel=\"noreferrer noopener\">yarns<\/a> from recycled fibres, <a href=\"http:\/\/www.kempasiplik.com\/?lang=en\" target=\"_blank\" rel=\"noreferrer noopener\">Kempa\u015f \u0130plik<\/a> has been collaborating with <a href=\"https:\/\/saurer.com\/en\" target=\"_blank\" rel=\"noreferrer noopener\">Saurer<\/a> for over 15 years and aims to grow further in the sustainable yarn segment in the future. Saurer\u2019s Autocoro open-end machines played an important role in allowing Kempa\u015f to position its sustainable strategy as one of the most important achievements in the company\u2019s history.<\/p>\n\n\n\n<p>Kemal Ya\u011fc\u0131, who started his career as a weaver, founded Kempa\u015f \u0130plik in the U\u015fak Leather Organized Industrial Zone in 2005, after 50 years in the textile industry. The company started producing recycled yarn 10 years later. Today, Kempa\u015f \u0130plik continues its production activities with 90 staff in an enclosed area of 25.000 m2 on a land of 40.000 m2 in U\u015fak, the recycled yarn center of Turkey. Keeping a steady growth in its recycling journey, Kempa\u015f has purchased an another 8,000 m2 of land close to its current site to accomodate to the future expansion of its recycled yarn production capacities.<\/p>\n\n\n\n<h2 class=\"wp-block-heading\" id=\"h-kempa-iplik-saurer-has-also-been-our-companion-on-our-recycling-journey\">\u201cKempa\u015f Iplik: Saurer has also been our companion on our recycling journey\u201d<\/h2>\n\n\n\n<p>Saying that they established the factory with Saurer open-end machines at the beginning of 2005, Kemal Ya\u011fc\u0131 stated that today they produce 6,400 tons of yarn per year with 5,400 spinning units. Relaying that they use cotton fibre recycled from textile scraps as raw material, which has increased their profitability, Ya\u011fc\u0131 stated that this has had a positive impact on the environment, too. Ya\u011fc\u0131 said: \u201cWe have three generations of Saurer Autocoro open-end machines. We started yarn production with Saurer, and it has also been our companion on our recycling journey. Our Autocoro open-end machines contributed to our positive company image in terms of production, efficiency and yarn quality. They also reduced our production costs\u201d.<\/p>\n\n\n\n<div class=\"wp-block-image\"><figure class=\"aligncenter size-full\"><img loading=\"lazy\" decoding=\"async\" width=\"1200\" height=\"675\" src=\"https:\/\/www.textilegence.com\/wp-content\/uploads\/2021\/10\/kempas-iklim-detail-1.jpg\" alt=\"\" class=\"wp-image-42350\" srcset=\"https:\/\/www.textilegence.com\/wp-content\/uploads\/2021\/10\/kempas-iklim-detail-1.jpg 1200w, https:\/\/www.textilegence.com\/wp-content\/uploads\/2021\/10\/kempas-iklim-detail-1-768x432.jpg 768w, https:\/\/www.textilegence.com\/wp-content\/uploads\/2021\/10\/kempas-iklim-detail-1-696x392.jpg 696w, https:\/\/www.textilegence.com\/wp-content\/uploads\/2021\/10\/kempas-iklim-detail-1-1068x601.jpg 1068w\" sizes=\"auto, (max-width: 1200px) 100vw, 1200px\" \/><figcaption>Founder of Kempa\u015f \u0130plik, Kemal Ya\u011fc\u0131<\/figcaption><\/figure><\/div>\n\n\n\n<h2 class=\"wp-block-heading\" id=\"h-we-have-a-responsibility-to-leave-a-better-world-for-the-future-generations\">\u201cWe have a responsibility to leave a better world for the future generations\u201d<\/h2>\n\n\n\n<p>The successor of Kempa\u015f \u0130plik and the son of Kemal Ya\u011fc\u0131, Murat Ya\u011fc\u0131 said: \u201cWe have a responsibility to leave a better world for future generations, so we aim to increase our share of the recycled yarn market even more by consuming less cotton, dye and water\u201d. Ya\u011fc\u0131 stated that they are also installing solar energy panels on the factory\u2019s roof to optimise the consumption of their limited sources and use sustainable sources of energy, too. One of the approved suppliers of the retail fashion giant Inditex Group, Kempa\u015f exports 50% of its products&nbsp; today and also has Oeko-tex and GRS certificates. The company mainly produces recycled cotton-virgin polyester blend yarns ranging from Ne 6 to Ne 36, with different mixing ratios, mainly Ne 28\/1 knitting and weaving yarns. Factory Manager Hasan Durmu\u015f stated that Saurer has been their solution partner for years and expressed that they are very pleased with the euser friendliness of the machines, their high efficiency and yarn quality standard, as well as the high level of service provided by Saurer Turkey.<\/p>\n","protected":false},"excerpt":{"rendered":"<p>A specialist in the production of yarns from recycled fibres, Kempa\u015f \u0130plik has been collaborating with Saurer for over 15 years and aims to grow further in the sustainable yarn segment in the future. Saurer\u2019s Autocoro open-end machines played an important role in allowing Kempa\u015f to position its sustainable strategy as one of the most [&hellip;]<\/p>\n","protected":false},"author":26,"featured_media":42275,"comment_status":"open","ping_status":"closed","sticky":false,"template":"","format":"standard","meta":{"footnotes":""},"categories":[9857],"tags":[10033,9896,10369],"class_list":{"0":"post-42279","1":"post","2":"type-post","3":"status-publish","4":"format-standard","5":"has-post-thumbnail","7":"category-spinning","8":"tag-saurer-en","9":"tag-spinning-3","10":"tag-textile-news-en"},"yoast_head":"<!-- This site is optimized with the Yoast SEO Premium plugin v27.3 (Yoast SEO v27.3) - https:\/\/yoast.com\/product\/yoast-seo-premium-wordpress\/ -->\n<title>Kempa\u015f \u0130plik and Saurer solutions add value to recycling - Textilegence<\/title>\n<meta name=\"description\" content=\"A specialist in the production of yarns from recycled fibres, Kempa\u015f \u0130plik has been collaborating with Saurer for over 15 years...\" \/>\n<meta name=\"robots\" content=\"index, follow, max-snippet:-1, max-image-preview:large, max-video-preview:-1\" \/>\n<link rel=\"canonical\" href=\"https:\/\/www.textilegence.com\/en\/kempas-iplik-and-saurer-solutions-add-value-to-recycling\/\" \/>\n<meta property=\"og:locale\" content=\"en_US\" \/>\n<meta property=\"og:type\" content=\"article\" \/>\n<meta property=\"og:title\" content=\"Kempa\u015f \u0130plik and Saurer solutions add value to recycling\" \/>\n<meta property=\"og:description\" content=\"A specialist in the production of yarns from recycled fibres, Kempa\u015f \u0130plik has been collaborating with Saurer for over 15 years and aims to grow further\" \/>\n<meta property=\"og:url\" content=\"https:\/\/www.textilegence.com\/en\/kempas-iplik-and-saurer-solutions-add-value-to-recycling\/\" \/>\n<meta property=\"og:site_name\" content=\"Textilegence Magazine and Digital Platform\" \/>\n<meta property=\"article:publisher\" content=\"https:\/\/www.facebook.com\/TextilegenceMagazine\" \/>\n<meta property=\"article:author\" content=\"https:\/\/www.facebook.com\/TextilegenceMagazine\" \/>\n<meta property=\"article:published_time\" content=\"2021-10-22T08:52:06+00:00\" \/>\n<meta property=\"article:modified_time\" content=\"2021-10-27T12:06:17+00:00\" \/>\n<meta property=\"og:image\" content=\"https:\/\/www.textilegence.com\/wp-content\/uploads\/2021\/10\/kempas-iplik-textilegence.jpg\" \/>\n\t<meta property=\"og:image:width\" content=\"1200\" \/>\n\t<meta property=\"og:image:height\" content=\"675\" \/>\n\t<meta property=\"og:image:type\" content=\"image\/jpeg\" \/>\n<meta name=\"author\" content=\"Ya\u011fmur Melis \u015eim\u015fek\" \/>\n<meta name=\"twitter:card\" content=\"summary_large_image\" \/>\n<meta name=\"twitter:creator\" content=\"@https:\/\/twitter.com\/textilegence\" \/>\n<meta name=\"twitter:site\" content=\"@textilegence\" \/>\n<meta name=\"twitter:label1\" content=\"Written by\" \/>\n\t<meta name=\"twitter:data1\" content=\"Ya\u011fmur Melis \u015eim\u015fek\" \/>\n\t<meta name=\"twitter:label2\" content=\"Est. reading time\" \/>\n\t<meta name=\"twitter:data2\" content=\"3 minutes\" \/>\n<script type=\"application\/ld+json\" class=\"yoast-schema-graph\">{\"@context\":\"https:\\\/\\\/schema.org\",\"@graph\":[{\"@type\":\"NewsArticle\",\"@id\":\"https:\\\/\\\/www.textilegence.com\\\/en\\\/kempas-iplik-and-saurer-solutions-add-value-to-recycling\\\/#article\",\"isPartOf\":{\"@id\":\"https:\\\/\\\/www.textilegence.com\\\/en\\\/kempas-iplik-and-saurer-solutions-add-value-to-recycling\\\/\"},\"author\":{\"name\":\"Ya\u011fmur Melis \u015eim\u015fek\",\"@id\":\"https:\\\/\\\/www.textilegence.com\\\/en\\\/#\\\/schema\\\/person\\\/cfa6baf17f0478131c673c93a9b88ef3\"},\"headline\":\"Kempa\u015f \u0130plik and Saurer solutions add value to recycling\",\"datePublished\":\"2021-10-22T08:52:06+00:00\",\"dateModified\":\"2021-10-27T12:06:17+00:00\",\"mainEntityOfPage\":{\"@id\":\"https:\\\/\\\/www.textilegence.com\\\/en\\\/kempas-iplik-and-saurer-solutions-add-value-to-recycling\\\/\"},\"wordCount\":493,\"commentCount\":0,\"publisher\":{\"@id\":\"https:\\\/\\\/www.textilegence.com\\\/en\\\/#organization\"},\"image\":{\"@id\":\"https:\\\/\\\/www.textilegence.com\\\/en\\\/kempas-iplik-and-saurer-solutions-add-value-to-recycling\\\/#primaryimage\"},\"thumbnailUrl\":\"https:\\\/\\\/www.textilegence.com\\\/wp-content\\\/uploads\\\/2021\\\/10\\\/kempas-iplik-textilegence.jpg\",\"keywords\":[\"saurer\",\"spinning\",\"textile news\"],\"articleSection\":[\"Spinning\"],\"inLanguage\":\"en-US\",\"potentialAction\":[{\"@type\":\"CommentAction\",\"name\":\"Comment\",\"target\":[\"https:\\\/\\\/www.textilegence.com\\\/en\\\/kempas-iplik-and-saurer-solutions-add-value-to-recycling\\\/#respond\"]}]},{\"@type\":\"WebPage\",\"@id\":\"https:\\\/\\\/www.textilegence.com\\\/en\\\/kempas-iplik-and-saurer-solutions-add-value-to-recycling\\\/\",\"url\":\"https:\\\/\\\/www.textilegence.com\\\/en\\\/kempas-iplik-and-saurer-solutions-add-value-to-recycling\\\/\",\"name\":\"Kempa\u015f \u0130plik and Saurer solutions add value to recycling - Textilegence\",\"isPartOf\":{\"@id\":\"https:\\\/\\\/www.textilegence.com\\\/en\\\/#website\"},\"primaryImageOfPage\":{\"@id\":\"https:\\\/\\\/www.textilegence.com\\\/en\\\/kempas-iplik-and-saurer-solutions-add-value-to-recycling\\\/#primaryimage\"},\"image\":{\"@id\":\"https:\\\/\\\/www.textilegence.com\\\/en\\\/kempas-iplik-and-saurer-solutions-add-value-to-recycling\\\/#primaryimage\"},\"thumbnailUrl\":\"https:\\\/\\\/www.textilegence.com\\\/wp-content\\\/uploads\\\/2021\\\/10\\\/kempas-iplik-textilegence.jpg\",\"datePublished\":\"2021-10-22T08:52:06+00:00\",\"dateModified\":\"2021-10-27T12:06:17+00:00\",\"description\":\"A specialist in the production of yarns from recycled fibres, Kempa\u015f \u0130plik has been collaborating with Saurer for over 15 years...\",\"breadcrumb\":{\"@id\":\"https:\\\/\\\/www.textilegence.com\\\/en\\\/kempas-iplik-and-saurer-solutions-add-value-to-recycling\\\/#breadcrumb\"},\"inLanguage\":\"en-US\",\"potentialAction\":[{\"@type\":\"ReadAction\",\"target\":[\"https:\\\/\\\/www.textilegence.com\\\/en\\\/kempas-iplik-and-saurer-solutions-add-value-to-recycling\\\/\"]}]},{\"@type\":\"ImageObject\",\"inLanguage\":\"en-US\",\"@id\":\"https:\\\/\\\/www.textilegence.com\\\/en\\\/kempas-iplik-and-saurer-solutions-add-value-to-recycling\\\/#primaryimage\",\"url\":\"https:\\\/\\\/www.textilegence.com\\\/wp-content\\\/uploads\\\/2021\\\/10\\\/kempas-iplik-textilegence.jpg\",\"contentUrl\":\"https:\\\/\\\/www.textilegence.com\\\/wp-content\\\/uploads\\\/2021\\\/10\\\/kempas-iplik-textilegence.jpg\",\"width\":1200,\"height\":675},{\"@type\":\"BreadcrumbList\",\"@id\":\"https:\\\/\\\/www.textilegence.com\\\/en\\\/kempas-iplik-and-saurer-solutions-add-value-to-recycling\\\/#breadcrumb\",\"itemListElement\":[{\"@type\":\"ListItem\",\"position\":1,\"name\":\"Home Page\",\"item\":\"https:\\\/\\\/www.textilegence.com\\\/en\\\/homepage-the-rimont\\\/\"},{\"@type\":\"ListItem\",\"position\":2,\"name\":\"Spinning\",\"item\":\"https:\\\/\\\/www.textilegence.com\\\/en\\\/category\\\/spinning\\\/\"},{\"@type\":\"ListItem\",\"position\":3,\"name\":\"Kempa\u015f \u0130plik and Saurer solutions add value to recycling\"}]},{\"@type\":\"WebSite\",\"@id\":\"https:\\\/\\\/www.textilegence.com\\\/en\\\/#website\",\"url\":\"https:\\\/\\\/www.textilegence.com\\\/en\\\/\",\"name\":\"Textilegence Magazine and Digital Platform\",\"description\":\"Textile News Center\",\"publisher\":{\"@id\":\"https:\\\/\\\/www.textilegence.com\\\/en\\\/#organization\"},\"potentialAction\":[{\"@type\":\"SearchAction\",\"target\":{\"@type\":\"EntryPoint\",\"urlTemplate\":\"https:\\\/\\\/www.textilegence.com\\\/en\\\/?s={search_term_string}\"},\"query-input\":{\"@type\":\"PropertyValueSpecification\",\"valueRequired\":true,\"valueName\":\"search_term_string\"}}],\"inLanguage\":\"en-US\"},{\"@type\":\"Organization\",\"@id\":\"https:\\\/\\\/www.textilegence.com\\\/en\\\/#organization\",\"name\":\"Textilegence Magazine and Digital Platform\",\"url\":\"https:\\\/\\\/www.textilegence.com\\\/en\\\/\",\"logo\":{\"@type\":\"ImageObject\",\"inLanguage\":\"en-US\",\"@id\":\"https:\\\/\\\/www.textilegence.com\\\/en\\\/#\\\/schema\\\/logo\\\/image\\\/\",\"url\":\"https:\\\/\\\/www.textilegence.com\\\/wp-content\\\/uploads\\\/2016\\\/11\\\/New_Retina_Logo_Textilegence.png\",\"contentUrl\":\"https:\\\/\\\/www.textilegence.com\\\/wp-content\\\/uploads\\\/2016\\\/11\\\/New_Retina_Logo_Textilegence.png\",\"width\":544,\"height\":180,\"caption\":\"Textilegence Magazine and Digital Platform\"},\"image\":{\"@id\":\"https:\\\/\\\/www.textilegence.com\\\/en\\\/#\\\/schema\\\/logo\\\/image\\\/\"},\"sameAs\":[\"https:\\\/\\\/www.facebook.com\\\/TextilegenceMagazine\",\"https:\\\/\\\/x.com\\\/textilegence\",\"https:\\\/\\\/www.instagram.com\\\/textilegence\\\/\",\"https:\\\/\\\/www.linkedin.com\\\/groups\\\/Textilegence-Magazine-Digital-Platform-4897253\",\"https:\\\/\\\/www.youtube.com\\\/user\\\/textilegence\"],\"description\":\"Textilegence is a magazine and digital platform established in 2013. It focuses on the textile industry and sub-segments. The platform provides news, articles, and updates on various aspects of the textile industry, including sustainability, technological advancements, and market trends.\",\"email\":\"editor@textilegence.com\",\"telephone\":\"+90 212 442 24 12\",\"legalName\":\"Textilegence Mag and Digital Platform\",\"foundingDate\":\"2013-01-01\",\"numberOfEmployees\":{\"@type\":\"QuantitativeValue\",\"minValue\":\"1\",\"maxValue\":\"10\"}},{\"@type\":\"Person\",\"@id\":\"https:\\\/\\\/www.textilegence.com\\\/en\\\/#\\\/schema\\\/person\\\/cfa6baf17f0478131c673c93a9b88ef3\",\"name\":\"Ya\u011fmur Melis \u015eim\u015fek\",\"image\":{\"@type\":\"ImageObject\",\"inLanguage\":\"en-US\",\"@id\":\"https:\\\/\\\/www.textilegence.com\\\/wp-content\\\/uploads\\\/2022\\\/03\\\/Yagmur_photo1.jpg\",\"url\":\"https:\\\/\\\/www.textilegence.com\\\/wp-content\\\/uploads\\\/2022\\\/03\\\/Yagmur_photo1.jpg\",\"contentUrl\":\"https:\\\/\\\/www.textilegence.com\\\/wp-content\\\/uploads\\\/2022\\\/03\\\/Yagmur_photo1.jpg\",\"caption\":\"Ya\u011fmur Melis \u015eim\u015fek\"},\"description\":\"Ya\u011fmur Melis \u015eim\u015fek, Saint-Beno\u00eet Frans\u0131z Lisesi\u2019nde e\u011fitim g\u00f6rm\u00fc\u015f, ard\u0131ndan Anadolu \u00dcniversitesi\u2019nde iki y\u0131ll\u0131k Foto\u011fraf\u00e7\u0131l\u0131k B\u00f6l\u00fcm\u00fc\u2019n\u00fc tamamlam\u0131\u015ft\u0131r. Daha sonra lisans e\u011fitimini \u0130stanbul \u00dcniversitesi Gazetecilik B\u00f6l\u00fcm\u00fc\u2019nde s\u00fcrd\u00fcrm\u00fc\u015f, mezuniyetin ard\u0131ndan ise 2017 y\u0131l\u0131nda i\u015f hayat\u0131na at\u0131lm\u0131\u015ft\u0131r. Pek \u00e7ok farkl\u0131 projede, foto\u011fraf\u00e7\u0131l\u0131k ve grafik tasar\u0131mc\u0131l\u0131\u011f\u0131n yan\u0131 s\u0131ra teknoloji alan\u0131nda i\u00e7erik ve haber yazarl\u0131\u011f\u0131 gibi \u00e7e\u015fitli pozisyonlarda yer alan \u015eim\u015fek, 2021 y\u0131l\u0131ndan bu yana Textilegence\u2019da d\u0131\u015f haberlerde yard\u0131mc\u0131 edit\u00f6r olarak g\u00f6rev yapmaktad\u0131r.\",\"sameAs\":[\"https:\\\/\\\/www.textilegence.com\\\/\",\"https:\\\/\\\/www.facebook.com\\\/TextilegenceMagazine\",\"https:\\\/\\\/www.instagram.com\\\/textilegence\\\/\",\"https:\\\/\\\/www.linkedin.com\\\/company\\\/2985016\",\"https:\\\/\\\/x.com\\\/https:\\\/\\\/twitter.com\\\/textilegence\",\"https:\\\/\\\/www.youtube.com\\\/channel\\\/UCgtcny5ljhiXu-yvOiAlpRA\"],\"url\":\"https:\\\/\\\/www.textilegence.com\\\/en\\\/author\\\/yms\\\/\"}]}<\/script>\n<!-- \/ Yoast SEO Premium plugin. -->","yoast_head_json":{"title":"Kempa\u015f \u0130plik and Saurer solutions add value to recycling - Textilegence","description":"A specialist in the production of yarns from recycled fibres, Kempa\u015f \u0130plik has been collaborating with Saurer for over 15 years...","robots":{"index":"index","follow":"follow","max-snippet":"max-snippet:-1","max-image-preview":"max-image-preview:large","max-video-preview":"max-video-preview:-1"},"canonical":"https:\/\/www.textilegence.com\/en\/kempas-iplik-and-saurer-solutions-add-value-to-recycling\/","og_locale":"en_US","og_type":"article","og_title":"Kempa\u015f \u0130plik and Saurer solutions add value to recycling","og_description":"A specialist in the production of yarns from recycled fibres, Kempa\u015f \u0130plik has been collaborating with Saurer for over 15 years and aims to grow further","og_url":"https:\/\/www.textilegence.com\/en\/kempas-iplik-and-saurer-solutions-add-value-to-recycling\/","og_site_name":"Textilegence Magazine and Digital Platform","article_publisher":"https:\/\/www.facebook.com\/TextilegenceMagazine","article_author":"https:\/\/www.facebook.com\/TextilegenceMagazine","article_published_time":"2021-10-22T08:52:06+00:00","article_modified_time":"2021-10-27T12:06:17+00:00","og_image":[{"width":1200,"height":675,"url":"https:\/\/www.textilegence.com\/wp-content\/uploads\/2021\/10\/kempas-iplik-textilegence.jpg","type":"image\/jpeg"}],"author":"Ya\u011fmur Melis \u015eim\u015fek","twitter_card":"summary_large_image","twitter_creator":"@https:\/\/twitter.com\/textilegence","twitter_site":"@textilegence","twitter_misc":{"Written by":"Ya\u011fmur Melis \u015eim\u015fek","Est. reading time":"3 minutes"},"schema":{"@context":"https:\/\/schema.org","@graph":[{"@type":"NewsArticle","@id":"https:\/\/www.textilegence.com\/en\/kempas-iplik-and-saurer-solutions-add-value-to-recycling\/#article","isPartOf":{"@id":"https:\/\/www.textilegence.com\/en\/kempas-iplik-and-saurer-solutions-add-value-to-recycling\/"},"author":{"name":"Ya\u011fmur Melis \u015eim\u015fek","@id":"https:\/\/www.textilegence.com\/en\/#\/schema\/person\/cfa6baf17f0478131c673c93a9b88ef3"},"headline":"Kempa\u015f \u0130plik and Saurer solutions add value to recycling","datePublished":"2021-10-22T08:52:06+00:00","dateModified":"2021-10-27T12:06:17+00:00","mainEntityOfPage":{"@id":"https:\/\/www.textilegence.com\/en\/kempas-iplik-and-saurer-solutions-add-value-to-recycling\/"},"wordCount":493,"commentCount":0,"publisher":{"@id":"https:\/\/www.textilegence.com\/en\/#organization"},"image":{"@id":"https:\/\/www.textilegence.com\/en\/kempas-iplik-and-saurer-solutions-add-value-to-recycling\/#primaryimage"},"thumbnailUrl":"https:\/\/www.textilegence.com\/wp-content\/uploads\/2021\/10\/kempas-iplik-textilegence.jpg","keywords":["saurer","spinning","textile news"],"articleSection":["Spinning"],"inLanguage":"en-US","potentialAction":[{"@type":"CommentAction","name":"Comment","target":["https:\/\/www.textilegence.com\/en\/kempas-iplik-and-saurer-solutions-add-value-to-recycling\/#respond"]}]},{"@type":"WebPage","@id":"https:\/\/www.textilegence.com\/en\/kempas-iplik-and-saurer-solutions-add-value-to-recycling\/","url":"https:\/\/www.textilegence.com\/en\/kempas-iplik-and-saurer-solutions-add-value-to-recycling\/","name":"Kempa\u015f \u0130plik and Saurer solutions add value to recycling - Textilegence","isPartOf":{"@id":"https:\/\/www.textilegence.com\/en\/#website"},"primaryImageOfPage":{"@id":"https:\/\/www.textilegence.com\/en\/kempas-iplik-and-saurer-solutions-add-value-to-recycling\/#primaryimage"},"image":{"@id":"https:\/\/www.textilegence.com\/en\/kempas-iplik-and-saurer-solutions-add-value-to-recycling\/#primaryimage"},"thumbnailUrl":"https:\/\/www.textilegence.com\/wp-content\/uploads\/2021\/10\/kempas-iplik-textilegence.jpg","datePublished":"2021-10-22T08:52:06+00:00","dateModified":"2021-10-27T12:06:17+00:00","description":"A specialist in the production of yarns from recycled fibres, Kempa\u015f \u0130plik has been collaborating with Saurer for over 15 years...","breadcrumb":{"@id":"https:\/\/www.textilegence.com\/en\/kempas-iplik-and-saurer-solutions-add-value-to-recycling\/#breadcrumb"},"inLanguage":"en-US","potentialAction":[{"@type":"ReadAction","target":["https:\/\/www.textilegence.com\/en\/kempas-iplik-and-saurer-solutions-add-value-to-recycling\/"]}]},{"@type":"ImageObject","inLanguage":"en-US","@id":"https:\/\/www.textilegence.com\/en\/kempas-iplik-and-saurer-solutions-add-value-to-recycling\/#primaryimage","url":"https:\/\/www.textilegence.com\/wp-content\/uploads\/2021\/10\/kempas-iplik-textilegence.jpg","contentUrl":"https:\/\/www.textilegence.com\/wp-content\/uploads\/2021\/10\/kempas-iplik-textilegence.jpg","width":1200,"height":675},{"@type":"BreadcrumbList","@id":"https:\/\/www.textilegence.com\/en\/kempas-iplik-and-saurer-solutions-add-value-to-recycling\/#breadcrumb","itemListElement":[{"@type":"ListItem","position":1,"name":"Home Page","item":"https:\/\/www.textilegence.com\/en\/homepage-the-rimont\/"},{"@type":"ListItem","position":2,"name":"Spinning","item":"https:\/\/www.textilegence.com\/en\/category\/spinning\/"},{"@type":"ListItem","position":3,"name":"Kempa\u015f \u0130plik and Saurer solutions add value to recycling"}]},{"@type":"WebSite","@id":"https:\/\/www.textilegence.com\/en\/#website","url":"https:\/\/www.textilegence.com\/en\/","name":"Textilegence Magazine and Digital Platform","description":"Textile News Center","publisher":{"@id":"https:\/\/www.textilegence.com\/en\/#organization"},"potentialAction":[{"@type":"SearchAction","target":{"@type":"EntryPoint","urlTemplate":"https:\/\/www.textilegence.com\/en\/?s={search_term_string}"},"query-input":{"@type":"PropertyValueSpecification","valueRequired":true,"valueName":"search_term_string"}}],"inLanguage":"en-US"},{"@type":"Organization","@id":"https:\/\/www.textilegence.com\/en\/#organization","name":"Textilegence Magazine and Digital Platform","url":"https:\/\/www.textilegence.com\/en\/","logo":{"@type":"ImageObject","inLanguage":"en-US","@id":"https:\/\/www.textilegence.com\/en\/#\/schema\/logo\/image\/","url":"https:\/\/www.textilegence.com\/wp-content\/uploads\/2016\/11\/New_Retina_Logo_Textilegence.png","contentUrl":"https:\/\/www.textilegence.com\/wp-content\/uploads\/2016\/11\/New_Retina_Logo_Textilegence.png","width":544,"height":180,"caption":"Textilegence Magazine and Digital Platform"},"image":{"@id":"https:\/\/www.textilegence.com\/en\/#\/schema\/logo\/image\/"},"sameAs":["https:\/\/www.facebook.com\/TextilegenceMagazine","https:\/\/x.com\/textilegence","https:\/\/www.instagram.com\/textilegence\/","https:\/\/www.linkedin.com\/groups\/Textilegence-Magazine-Digital-Platform-4897253","https:\/\/www.youtube.com\/user\/textilegence"],"description":"Textilegence is a magazine and digital platform established in 2013. It focuses on the textile industry and sub-segments. The platform provides news, articles, and updates on various aspects of the textile industry, including sustainability, technological advancements, and market trends.","email":"editor@textilegence.com","telephone":"+90 212 442 24 12","legalName":"Textilegence Mag and Digital Platform","foundingDate":"2013-01-01","numberOfEmployees":{"@type":"QuantitativeValue","minValue":"1","maxValue":"10"}},{"@type":"Person","@id":"https:\/\/www.textilegence.com\/en\/#\/schema\/person\/cfa6baf17f0478131c673c93a9b88ef3","name":"Ya\u011fmur Melis \u015eim\u015fek","image":{"@type":"ImageObject","inLanguage":"en-US","@id":"https:\/\/www.textilegence.com\/wp-content\/uploads\/2022\/03\/Yagmur_photo1.jpg","url":"https:\/\/www.textilegence.com\/wp-content\/uploads\/2022\/03\/Yagmur_photo1.jpg","contentUrl":"https:\/\/www.textilegence.com\/wp-content\/uploads\/2022\/03\/Yagmur_photo1.jpg","caption":"Ya\u011fmur Melis \u015eim\u015fek"},"description":"Ya\u011fmur Melis \u015eim\u015fek, Saint-Beno\u00eet Frans\u0131z Lisesi\u2019nde e\u011fitim g\u00f6rm\u00fc\u015f, ard\u0131ndan Anadolu \u00dcniversitesi\u2019nde iki y\u0131ll\u0131k Foto\u011fraf\u00e7\u0131l\u0131k B\u00f6l\u00fcm\u00fc\u2019n\u00fc tamamlam\u0131\u015ft\u0131r. Daha sonra lisans e\u011fitimini \u0130stanbul \u00dcniversitesi Gazetecilik B\u00f6l\u00fcm\u00fc\u2019nde s\u00fcrd\u00fcrm\u00fc\u015f, mezuniyetin ard\u0131ndan ise 2017 y\u0131l\u0131nda i\u015f hayat\u0131na at\u0131lm\u0131\u015ft\u0131r. Pek \u00e7ok farkl\u0131 projede, foto\u011fraf\u00e7\u0131l\u0131k ve grafik tasar\u0131mc\u0131l\u0131\u011f\u0131n yan\u0131 s\u0131ra teknoloji alan\u0131nda i\u00e7erik ve haber yazarl\u0131\u011f\u0131 gibi \u00e7e\u015fitli pozisyonlarda yer alan \u015eim\u015fek, 2021 y\u0131l\u0131ndan bu yana Textilegence\u2019da d\u0131\u015f haberlerde yard\u0131mc\u0131 edit\u00f6r olarak g\u00f6rev yapmaktad\u0131r.","sameAs":["https:\/\/www.textilegence.com\/","https:\/\/www.facebook.com\/TextilegenceMagazine","https:\/\/www.instagram.com\/textilegence\/","https:\/\/www.linkedin.com\/company\/2985016","https:\/\/x.com\/https:\/\/twitter.com\/textilegence","https:\/\/www.youtube.com\/channel\/UCgtcny5ljhiXu-yvOiAlpRA"],"url":"https:\/\/www.textilegence.com\/en\/author\/yms\/"}]}},"_links":{"self":[{"href":"https:\/\/www.textilegence.com\/en\/wp-json\/wp\/v2\/posts\/42279","targetHints":{"allow":["GET"]}}],"collection":[{"href":"https:\/\/www.textilegence.com\/en\/wp-json\/wp\/v2\/posts"}],"about":[{"href":"https:\/\/www.textilegence.com\/en\/wp-json\/wp\/v2\/types\/post"}],"author":[{"embeddable":true,"href":"https:\/\/www.textilegence.com\/en\/wp-json\/wp\/v2\/users\/26"}],"replies":[{"embeddable":true,"href":"https:\/\/www.textilegence.com\/en\/wp-json\/wp\/v2\/comments?post=42279"}],"version-history":[{"count":0,"href":"https:\/\/www.textilegence.com\/en\/wp-json\/wp\/v2\/posts\/42279\/revisions"}],"wp:featuredmedia":[{"embeddable":true,"href":"https:\/\/www.textilegence.com\/en\/wp-json\/wp\/v2\/media\/42275"}],"wp:attachment":[{"href":"https:\/\/www.textilegence.com\/en\/wp-json\/wp\/v2\/media?parent=42279"}],"wp:term":[{"taxonomy":"category","embeddable":true,"href":"https:\/\/www.textilegence.com\/en\/wp-json\/wp\/v2\/categories?post=42279"},{"taxonomy":"post_tag","embeddable":true,"href":"https:\/\/www.textilegence.com\/en\/wp-json\/wp\/v2\/tags?post=42279"}],"curies":[{"name":"wp","href":"https:\/\/api.w.org\/{rel}","templated":true}]}}