{"id":42299,"date":"2021-10-25T16:08:41","date_gmt":"2021-10-25T13:08:41","guid":{"rendered":"http:\/\/www.textilegence.com\/?p=42299"},"modified":"2021-10-25T16:09:17","modified_gmt":"2021-10-25T13:09:17","slug":"fashion-week-istanbul-has-succesfully-ended-2021-season","status":"publish","type":"post","link":"https:\/\/www.textilegence.com\/en\/fashion-week-istanbul-has-succesfully-ended-2021-season\/","title":{"rendered":"Fashion Week Istanbul has successfully ended the 2021 season"},"content":{"rendered":"\n<p>Fashion Week Istanbul was held digitally for the third time this year, on October 12-15 and presented 29 short films that bring fashion and visual art together, on digital platforms. In addition to the collections of famous designers, the short films showing the designs were met with great interest by those who follow the <a href=\"https:\/\/fashionweek.istanbul\/\" target=\"_blank\" rel=\"noreferrer noopener\">shows<\/a> all over the world.<\/p>\n\n\n\n<p>Organized with the main sponsorship of Dell Technologies and the supply sponsorship of Altier Academy, Swissotel Bosphorus and Onedio, the <a href=\"https:\/\/www.textilegence.com\/en\/category\/trade-fairs\/\" target=\"_blank\" rel=\"noreferrer noopener\">exhibition<\/a> also broke new ground this year; As part of Fashion Week Istanbul 2021, Fashion Week Istanbul presents Istanbul State of Mind exhibition brought together several names from the fashion and art world with a gala dinner. The visitors had the opportunity to watch the exhibition curated by Kerimcan G\u00fclery\u00fcz also in the same area before the gala dinner.<\/p>\n\n\n\n<h2 class=\"wp-block-heading\" id=\"h-a-lot-of-different-collections-met-with-fashion-lovers-at-the-fashion-week-istanbul\">A lot of different collections met with fashion lovers at the Fashion Week Istanbul<\/h2>\n\n\n\n<p>Fashion Week Istanbul started the season with the New Gen by IMA fashion show. Mehmet Emiro\u011flu, Selen Aky\u00fcz, Y Plus By Yakup Bi\u00e7er, Arzu Kaprol, TAGG, Dilek Hanif and DICE KAYEK collections were presented to the audience with short films throughout the day. Opening the podium with \u00d6zlem Erkan on the second day, the exhibition continued to bring together the collections of Mert Erkan, \u00c7i\u011fdem Ak\u0131n, Niyazi Erdo\u011fan, G\u00fcl A\u011f\u0131\u015f, Nihan Peker and Mehtap Elaidi with fashion lovers.<\/p>\n\n\n\n<p>The opening of the third day took place with the fashion show of Murat Aytulum, the designer of the \u2018BE LIKE DIANA\u2019 collection, which was inspired by the style of a princess who said \u201cI never live my life by the book. My heart guides me, not my mind\u201d. Tu\u011fba Atasoy, who participated in Fashion Week Istanbul for the first time this year, took the podium after Murat Aytulum. Successful designers NEJ, RED BEARD by Tanju Babacan, Emre Erdemo\u011flu, DB BERDAN and \u00d6zg\u00fcr Masur were the names that ended the third day.<\/p>\n\n\n\n<div class=\"wp-block-image\"><figure class=\"aligncenter size-full is-resized\"><img loading=\"lazy\" decoding=\"async\" src=\"https:\/\/www.textilegence.com\/wp-content\/uploads\/2021\/10\/fashion-week-istanbul-detail.jpg\" alt=\"\" class=\"wp-image-42292\" width=\"1068\" height=\"600\" srcset=\"https:\/\/www.textilegence.com\/wp-content\/uploads\/2021\/10\/fashion-week-istanbul-detail.jpg 1200w, https:\/\/www.textilegence.com\/wp-content\/uploads\/2021\/10\/fashion-week-istanbul-detail-768x432.jpg 768w, https:\/\/www.textilegence.com\/wp-content\/uploads\/2021\/10\/fashion-week-istanbul-detail-696x392.jpg 696w, https:\/\/www.textilegence.com\/wp-content\/uploads\/2021\/10\/fashion-week-istanbul-detail-1068x601.jpg 1068w\" sizes=\"auto, (max-width: 1068px) 100vw, 1068px\" \/><figcaption>Fashion Week Istanbul has successfully ended the 2021 season<\/figcaption><\/figure><\/div>\n\n\n\n<h2 class=\"wp-block-heading\" id=\"h-the-last-day-of-the-exhibition-was-opened-with-the-karma-by-ima-fashion-show\">The last day of the exhibition was opened with the Karma by IMA fashion show<\/h2>\n\n\n\n<p>The podium opened with the Karma by IMA fashion show on the last day of Fashion Week Istanbul. Young designers from Istanbul Fashion Academy Fashion Design and Technology Undergraduate and Master Class: Fashion Design graduates took part here. Then, the fashion movie of the SBNM \u2018La Piscine\u2019 collection, a brand of \u015eebnem G\u00fcnay was screened. In the collection, inspired by the designer\u2019s own memories, the endless and timeless details that emerged from the combination of innovative, lively textures, sports-couture cuts, strong silhouettes and iconic colours drew attention. Besides, designer G\u00f6khan Yava\u015f presented his collection named \u2018IMBAT\u2019, inspired by the beautiful memories of his childhood, to fashion lovers.<\/p>\n\n\n\n<h2 class=\"wp-block-heading\" id=\"h-the-sustainable-designs-at-the-exhibition\">The sustainable designs at the exhibition<\/h2>\n\n\n\n<p>Nedo by Nedret Taciro\u011flu DEMI-COUTURE \u2018Euphoria\u2019 collection, inspired by the enthusiasm and energy experienced after the pandemic and prepared by Nedret &amp; Yasemin Taciro\u011flu, took part at the exhibition with pieces with feminine and striking details reflecting timeless designs. Ceren Ocak has created a multi-coloured collection in her new season designs that represent hope and, in a way, the exit from the pandemic that has affected our lives deeply for two years. In the collection, published under the title \u2018Lilac \/ Out of the Dark\u2019, the dominance of vibrant colours such as mint, lilac, yellow, fuchsia and orange drew attention.<\/p>\n\n\n\n<p>Sudi Etuz presented her collection, inspired by the Legend of Anavarza rising from her hometown Adana and included tulle, sustainable denim fabrics, linen, and recycled polyester scallops. While \u00d6zlem Kaya brings the past to the present with her Spring-Summer 2022 collection, she also shared timeless pieces for the coming years with fashion lovers as part of Fashion Week Istanbul.<\/p>\n\n\n\n<p>Organized by the Istanbul Apparel Exporters\u2019 Association (\u0130HK\u0130B), Fashion Week Istanbul is supported by the T\u00fcrkiye Promotion Group (TTG), which was established under the leadership of the Turkish Ministry of Trade, under the Turkish Exporters Assembly (TIM). It is carried out in cooperation with the Fashion Designers Association (MTD) and the Istanbul Fashion Academy (IMA).<\/p>\n","protected":false},"excerpt":{"rendered":"<p>Fashion Week Istanbul was held digitally for the third time this year, on October 12-15 and presented 29 short films that bring fashion and visual art together, on digital platforms. In addition to the collections of famous designers, the short films showing the designs were met with great interest by those who follow the shows [&hellip;]<\/p>\n","protected":false},"author":8,"featured_media":42289,"comment_status":"open","ping_status":"closed","sticky":false,"template":"","format":"standard","meta":{"footnotes":""},"categories":[9845],"tags":[14809,10369,12448],"class_list":{"0":"post-42299","1":"post","2":"type-post","3":"status-publish","4":"format-standard","5":"has-post-thumbnail","7":"category-trade-fairs","8":"tag-fashion-week-istanbul","9":"tag-textile-news-en","10":"tag-trade-fairs"},"yoast_head":"<!-- This site is optimized with the Yoast SEO Premium plugin v27.3 (Yoast SEO v27.3) - https:\/\/yoast.com\/product\/yoast-seo-premium-wordpress\/ -->\n<title>Fashion Week Istanbul has successfully ended 2021 season - Textilegence<\/title>\n<meta name=\"description\" content=\"Fashion Week Istanbul was held digitally for the third time this year, on October 12-15 and presented 29 short films, in which fashion...\" \/>\n<meta name=\"robots\" content=\"index, follow, max-snippet:-1, max-image-preview:large, max-video-preview:-1\" \/>\n<link rel=\"canonical\" href=\"https:\/\/www.textilegence.com\/en\/fashion-week-istanbul-has-succesfully-ended-2021-season\/\" \/>\n<meta property=\"og:locale\" content=\"en_US\" \/>\n<meta property=\"og:type\" content=\"article\" \/>\n<meta property=\"og:title\" content=\"Fashion Week Istanbul has successfully ended the 2021 season\" \/>\n<meta property=\"og:description\" content=\"Fashion Week Istanbul was held digitally for the third time this year, on October 12-15 and presented 29 short films that bring fashion and visual art\" \/>\n<meta property=\"og:url\" content=\"https:\/\/www.textilegence.com\/en\/fashion-week-istanbul-has-succesfully-ended-2021-season\/\" \/>\n<meta property=\"og:site_name\" content=\"Textilegence Magazine and Digital Platform\" \/>\n<meta property=\"article:publisher\" content=\"https:\/\/www.facebook.com\/TextilegenceMagazine\" \/>\n<meta property=\"article:author\" content=\"https:\/\/www.facebook.com\/TextilegenceMagazine\" \/>\n<meta property=\"article:published_time\" content=\"2021-10-25T13:08:41+00:00\" \/>\n<meta property=\"article:modified_time\" content=\"2021-10-25T13:09:17+00:00\" \/>\n<meta property=\"og:image\" content=\"https:\/\/www.textilegence.com\/wp-content\/uploads\/2021\/10\/fashion-week-istanbul-textilegence.jpg\" \/>\n\t<meta property=\"og:image:width\" content=\"1200\" \/>\n\t<meta property=\"og:image:height\" content=\"675\" \/>\n\t<meta property=\"og:image:type\" content=\"image\/jpeg\" \/>\n<meta name=\"author\" content=\"Fatih Cengiarslan\" \/>\n<meta name=\"twitter:card\" content=\"summary_large_image\" \/>\n<meta name=\"twitter:creator\" content=\"@https:\/\/twitter.com\/textilegence\" \/>\n<meta name=\"twitter:site\" content=\"@textilegence\" \/>\n<meta name=\"twitter:label1\" content=\"Written by\" \/>\n\t<meta name=\"twitter:data1\" content=\"Fatih Cengiarslan\" \/>\n\t<meta name=\"twitter:label2\" content=\"Est. reading time\" \/>\n\t<meta name=\"twitter:data2\" content=\"4 minutes\" \/>\n<script type=\"application\/ld+json\" class=\"yoast-schema-graph\">{\"@context\":\"https:\\\/\\\/schema.org\",\"@graph\":[{\"@type\":\"NewsArticle\",\"@id\":\"https:\\\/\\\/www.textilegence.com\\\/en\\\/fashion-week-istanbul-has-succesfully-ended-2021-season\\\/#article\",\"isPartOf\":{\"@id\":\"https:\\\/\\\/www.textilegence.com\\\/en\\\/fashion-week-istanbul-has-succesfully-ended-2021-season\\\/\"},\"author\":{\"name\":\"Fatih Cengiarslan\",\"@id\":\"https:\\\/\\\/www.textilegence.com\\\/en\\\/#\\\/schema\\\/person\\\/1c3977109f8a6e1e2b95678836d75cb7\"},\"headline\":\"Fashion Week Istanbul has successfully ended the 2021 season\",\"datePublished\":\"2021-10-25T13:08:41+00:00\",\"dateModified\":\"2021-10-25T13:09:17+00:00\",\"mainEntityOfPage\":{\"@id\":\"https:\\\/\\\/www.textilegence.com\\\/en\\\/fashion-week-istanbul-has-succesfully-ended-2021-season\\\/\"},\"wordCount\":695,\"commentCount\":0,\"publisher\":{\"@id\":\"https:\\\/\\\/www.textilegence.com\\\/en\\\/#organization\"},\"image\":{\"@id\":\"https:\\\/\\\/www.textilegence.com\\\/en\\\/fashion-week-istanbul-has-succesfully-ended-2021-season\\\/#primaryimage\"},\"thumbnailUrl\":\"https:\\\/\\\/www.textilegence.com\\\/wp-content\\\/uploads\\\/2021\\\/10\\\/fashion-week-istanbul-textilegence.jpg\",\"keywords\":[\"fashion week istanbul\",\"textile news\",\"trade fairs\"],\"articleSection\":[\"Trade Fairs\"],\"inLanguage\":\"en-US\",\"potentialAction\":[{\"@type\":\"CommentAction\",\"name\":\"Comment\",\"target\":[\"https:\\\/\\\/www.textilegence.com\\\/en\\\/fashion-week-istanbul-has-succesfully-ended-2021-season\\\/#respond\"]}]},{\"@type\":\"WebPage\",\"@id\":\"https:\\\/\\\/www.textilegence.com\\\/en\\\/fashion-week-istanbul-has-succesfully-ended-2021-season\\\/\",\"url\":\"https:\\\/\\\/www.textilegence.com\\\/en\\\/fashion-week-istanbul-has-succesfully-ended-2021-season\\\/\",\"name\":\"Fashion Week Istanbul has successfully ended 2021 season - Textilegence\",\"isPartOf\":{\"@id\":\"https:\\\/\\\/www.textilegence.com\\\/en\\\/#website\"},\"primaryImageOfPage\":{\"@id\":\"https:\\\/\\\/www.textilegence.com\\\/en\\\/fashion-week-istanbul-has-succesfully-ended-2021-season\\\/#primaryimage\"},\"image\":{\"@id\":\"https:\\\/\\\/www.textilegence.com\\\/en\\\/fashion-week-istanbul-has-succesfully-ended-2021-season\\\/#primaryimage\"},\"thumbnailUrl\":\"https:\\\/\\\/www.textilegence.com\\\/wp-content\\\/uploads\\\/2021\\\/10\\\/fashion-week-istanbul-textilegence.jpg\",\"datePublished\":\"2021-10-25T13:08:41+00:00\",\"dateModified\":\"2021-10-25T13:09:17+00:00\",\"description\":\"Fashion Week Istanbul was held digitally for the third time this year, on October 12-15 and presented 29 short films, in which fashion...\",\"breadcrumb\":{\"@id\":\"https:\\\/\\\/www.textilegence.com\\\/en\\\/fashion-week-istanbul-has-succesfully-ended-2021-season\\\/#breadcrumb\"},\"inLanguage\":\"en-US\",\"potentialAction\":[{\"@type\":\"ReadAction\",\"target\":[\"https:\\\/\\\/www.textilegence.com\\\/en\\\/fashion-week-istanbul-has-succesfully-ended-2021-season\\\/\"]}]},{\"@type\":\"ImageObject\",\"inLanguage\":\"en-US\",\"@id\":\"https:\\\/\\\/www.textilegence.com\\\/en\\\/fashion-week-istanbul-has-succesfully-ended-2021-season\\\/#primaryimage\",\"url\":\"https:\\\/\\\/www.textilegence.com\\\/wp-content\\\/uploads\\\/2021\\\/10\\\/fashion-week-istanbul-textilegence.jpg\",\"contentUrl\":\"https:\\\/\\\/www.textilegence.com\\\/wp-content\\\/uploads\\\/2021\\\/10\\\/fashion-week-istanbul-textilegence.jpg\",\"width\":1200,\"height\":675},{\"@type\":\"BreadcrumbList\",\"@id\":\"https:\\\/\\\/www.textilegence.com\\\/en\\\/fashion-week-istanbul-has-succesfully-ended-2021-season\\\/#breadcrumb\",\"itemListElement\":[{\"@type\":\"ListItem\",\"position\":1,\"name\":\"Home Page\",\"item\":\"https:\\\/\\\/www.textilegence.com\\\/en\\\/homepage-the-rimont\\\/\"},{\"@type\":\"ListItem\",\"position\":2,\"name\":\"Trade Fairs\",\"item\":\"https:\\\/\\\/www.textilegence.com\\\/en\\\/category\\\/trade-fairs\\\/\"},{\"@type\":\"ListItem\",\"position\":3,\"name\":\"Fashion Week Istanbul has successfully ended the 2021 season\"}]},{\"@type\":\"WebSite\",\"@id\":\"https:\\\/\\\/www.textilegence.com\\\/en\\\/#website\",\"url\":\"https:\\\/\\\/www.textilegence.com\\\/en\\\/\",\"name\":\"Textilegence Magazine and Digital Platform\",\"description\":\"Textile News Center\",\"publisher\":{\"@id\":\"https:\\\/\\\/www.textilegence.com\\\/en\\\/#organization\"},\"potentialAction\":[{\"@type\":\"SearchAction\",\"target\":{\"@type\":\"EntryPoint\",\"urlTemplate\":\"https:\\\/\\\/www.textilegence.com\\\/en\\\/?s={search_term_string}\"},\"query-input\":{\"@type\":\"PropertyValueSpecification\",\"valueRequired\":true,\"valueName\":\"search_term_string\"}}],\"inLanguage\":\"en-US\"},{\"@type\":\"Organization\",\"@id\":\"https:\\\/\\\/www.textilegence.com\\\/en\\\/#organization\",\"name\":\"Textilegence Magazine and Digital Platform\",\"url\":\"https:\\\/\\\/www.textilegence.com\\\/en\\\/\",\"logo\":{\"@type\":\"ImageObject\",\"inLanguage\":\"en-US\",\"@id\":\"https:\\\/\\\/www.textilegence.com\\\/en\\\/#\\\/schema\\\/logo\\\/image\\\/\",\"url\":\"https:\\\/\\\/www.textilegence.com\\\/wp-content\\\/uploads\\\/2016\\\/11\\\/New_Retina_Logo_Textilegence.png\",\"contentUrl\":\"https:\\\/\\\/www.textilegence.com\\\/wp-content\\\/uploads\\\/2016\\\/11\\\/New_Retina_Logo_Textilegence.png\",\"width\":544,\"height\":180,\"caption\":\"Textilegence Magazine and Digital Platform\"},\"image\":{\"@id\":\"https:\\\/\\\/www.textilegence.com\\\/en\\\/#\\\/schema\\\/logo\\\/image\\\/\"},\"sameAs\":[\"https:\\\/\\\/www.facebook.com\\\/TextilegenceMagazine\",\"https:\\\/\\\/x.com\\\/textilegence\",\"https:\\\/\\\/www.instagram.com\\\/textilegence\\\/\",\"https:\\\/\\\/www.linkedin.com\\\/groups\\\/Textilegence-Magazine-Digital-Platform-4897253\",\"https:\\\/\\\/www.youtube.com\\\/user\\\/textilegence\"],\"description\":\"Textilegence is a magazine and digital platform established in 2013. It focuses on the textile industry and sub-segments. The platform provides news, articles, and updates on various aspects of the textile industry, including sustainability, technological advancements, and market trends.\",\"email\":\"editor@textilegence.com\",\"telephone\":\"+90 212 442 24 12\",\"legalName\":\"Textilegence Mag and Digital Platform\",\"foundingDate\":\"2013-01-01\",\"numberOfEmployees\":{\"@type\":\"QuantitativeValue\",\"minValue\":\"1\",\"maxValue\":\"10\"}},{\"@type\":\"Person\",\"@id\":\"https:\\\/\\\/www.textilegence.com\\\/en\\\/#\\\/schema\\\/person\\\/1c3977109f8a6e1e2b95678836d75cb7\",\"name\":\"Fatih Cengiarslan\",\"image\":{\"@type\":\"ImageObject\",\"inLanguage\":\"en-US\",\"@id\":\"https:\\\/\\\/www.textilegence.com\\\/wp-content\\\/uploads\\\/2018\\\/12\\\/fatih-cengiarslan.jpg\",\"url\":\"https:\\\/\\\/www.textilegence.com\\\/wp-content\\\/uploads\\\/2018\\\/12\\\/fatih-cengiarslan.jpg\",\"contentUrl\":\"https:\\\/\\\/www.textilegence.com\\\/wp-content\\\/uploads\\\/2018\\\/12\\\/fatih-cengiarslan.jpg\",\"caption\":\"Fatih Cengiarslan\"},\"description\":\"Fatih Cengiarslan; Akademik \u0130ngilizce e\u011fitimini Bat\u0131 Avustralya \u00dcniversitesi\u2019nde tamamlad\u0131ktan sonra T\u00fcrkiye\u2019ye d\u00f6nerek \u0130stanbul Ayd\u0131n \u00dcniversitesi\u2019nde \u0130nternet Gazetecili\u011fi ve Yay\u0131nc\u0131l\u0131k b\u00f6l\u00fcm\u00fcn\u00fc bitirip, Litvanya \u2013 Kaunas Teknoloji \u00dcniversitesi\u2019nde interaktif media \u00fczerine 8 ayl\u0131k e\u011fitim ald\u0131. Daha sonra Eski\u015fehir Anadolu \u00dcniversitesi girerek \u0130\u015fletme Fak\u00fcltesini ba\u015far\u0131yla tamamlad\u0131. CNNTURK\u2019 kanal\u0131nda staj\u0131n\u0131 tamamlad\u0131ktan sonra Referans Gazetesi\u2019nde \u00e7al\u0131\u015fmaya ba\u015flad\u0131. 2 y\u0131l sonra Textilegence markas\u0131yla tekstil end\u00fcstrisine y\u00f6nelik kendi medyas\u0131n\u0131 kurdu. \u015eu anda Textilegence.com, Printing3D ve NEFA PR Ajans\u0131\u2019n\u0131n 12 y\u0131ld\u0131r y\u00f6netimini yapmaktad\u0131r.\",\"sameAs\":[\"https:\\\/\\\/www.textilegence.com\",\"https:\\\/\\\/www.facebook.com\\\/TextilegenceMagazine\",\"https:\\\/\\\/www.instagram.com\\\/textilegence\\\/\",\"https:\\\/\\\/www.linkedin.com\\\/in\\\/fatih-cengiarslan-32352265\\\/\",\"https:\\\/\\\/x.com\\\/https:\\\/\\\/twitter.com\\\/textilegence\"],\"url\":\"https:\\\/\\\/www.textilegence.com\\\/en\\\/author\\\/admin\\\/\"}]}<\/script>\n<!-- \/ Yoast SEO Premium plugin. -->","yoast_head_json":{"title":"Fashion Week Istanbul has successfully ended 2021 season - Textilegence","description":"Fashion Week Istanbul was held digitally for the third time this year, on October 12-15 and presented 29 short films, in which fashion...","robots":{"index":"index","follow":"follow","max-snippet":"max-snippet:-1","max-image-preview":"max-image-preview:large","max-video-preview":"max-video-preview:-1"},"canonical":"https:\/\/www.textilegence.com\/en\/fashion-week-istanbul-has-succesfully-ended-2021-season\/","og_locale":"en_US","og_type":"article","og_title":"Fashion Week Istanbul has successfully ended the 2021 season","og_description":"Fashion Week Istanbul was held digitally for the third time this year, on October 12-15 and presented 29 short films that bring fashion and visual art","og_url":"https:\/\/www.textilegence.com\/en\/fashion-week-istanbul-has-succesfully-ended-2021-season\/","og_site_name":"Textilegence Magazine and Digital Platform","article_publisher":"https:\/\/www.facebook.com\/TextilegenceMagazine","article_author":"https:\/\/www.facebook.com\/TextilegenceMagazine","article_published_time":"2021-10-25T13:08:41+00:00","article_modified_time":"2021-10-25T13:09:17+00:00","og_image":[{"width":1200,"height":675,"url":"https:\/\/www.textilegence.com\/wp-content\/uploads\/2021\/10\/fashion-week-istanbul-textilegence.jpg","type":"image\/jpeg"}],"author":"Fatih Cengiarslan","twitter_card":"summary_large_image","twitter_creator":"@https:\/\/twitter.com\/textilegence","twitter_site":"@textilegence","twitter_misc":{"Written by":"Fatih Cengiarslan","Est. reading time":"4 minutes"},"schema":{"@context":"https:\/\/schema.org","@graph":[{"@type":"NewsArticle","@id":"https:\/\/www.textilegence.com\/en\/fashion-week-istanbul-has-succesfully-ended-2021-season\/#article","isPartOf":{"@id":"https:\/\/www.textilegence.com\/en\/fashion-week-istanbul-has-succesfully-ended-2021-season\/"},"author":{"name":"Fatih Cengiarslan","@id":"https:\/\/www.textilegence.com\/en\/#\/schema\/person\/1c3977109f8a6e1e2b95678836d75cb7"},"headline":"Fashion Week Istanbul has successfully ended the 2021 season","datePublished":"2021-10-25T13:08:41+00:00","dateModified":"2021-10-25T13:09:17+00:00","mainEntityOfPage":{"@id":"https:\/\/www.textilegence.com\/en\/fashion-week-istanbul-has-succesfully-ended-2021-season\/"},"wordCount":695,"commentCount":0,"publisher":{"@id":"https:\/\/www.textilegence.com\/en\/#organization"},"image":{"@id":"https:\/\/www.textilegence.com\/en\/fashion-week-istanbul-has-succesfully-ended-2021-season\/#primaryimage"},"thumbnailUrl":"https:\/\/www.textilegence.com\/wp-content\/uploads\/2021\/10\/fashion-week-istanbul-textilegence.jpg","keywords":["fashion week istanbul","textile news","trade fairs"],"articleSection":["Trade Fairs"],"inLanguage":"en-US","potentialAction":[{"@type":"CommentAction","name":"Comment","target":["https:\/\/www.textilegence.com\/en\/fashion-week-istanbul-has-succesfully-ended-2021-season\/#respond"]}]},{"@type":"WebPage","@id":"https:\/\/www.textilegence.com\/en\/fashion-week-istanbul-has-succesfully-ended-2021-season\/","url":"https:\/\/www.textilegence.com\/en\/fashion-week-istanbul-has-succesfully-ended-2021-season\/","name":"Fashion Week Istanbul has successfully ended 2021 season - Textilegence","isPartOf":{"@id":"https:\/\/www.textilegence.com\/en\/#website"},"primaryImageOfPage":{"@id":"https:\/\/www.textilegence.com\/en\/fashion-week-istanbul-has-succesfully-ended-2021-season\/#primaryimage"},"image":{"@id":"https:\/\/www.textilegence.com\/en\/fashion-week-istanbul-has-succesfully-ended-2021-season\/#primaryimage"},"thumbnailUrl":"https:\/\/www.textilegence.com\/wp-content\/uploads\/2021\/10\/fashion-week-istanbul-textilegence.jpg","datePublished":"2021-10-25T13:08:41+00:00","dateModified":"2021-10-25T13:09:17+00:00","description":"Fashion Week Istanbul was held digitally for the third time this year, on October 12-15 and presented 29 short films, in which fashion...","breadcrumb":{"@id":"https:\/\/www.textilegence.com\/en\/fashion-week-istanbul-has-succesfully-ended-2021-season\/#breadcrumb"},"inLanguage":"en-US","potentialAction":[{"@type":"ReadAction","target":["https:\/\/www.textilegence.com\/en\/fashion-week-istanbul-has-succesfully-ended-2021-season\/"]}]},{"@type":"ImageObject","inLanguage":"en-US","@id":"https:\/\/www.textilegence.com\/en\/fashion-week-istanbul-has-succesfully-ended-2021-season\/#primaryimage","url":"https:\/\/www.textilegence.com\/wp-content\/uploads\/2021\/10\/fashion-week-istanbul-textilegence.jpg","contentUrl":"https:\/\/www.textilegence.com\/wp-content\/uploads\/2021\/10\/fashion-week-istanbul-textilegence.jpg","width":1200,"height":675},{"@type":"BreadcrumbList","@id":"https:\/\/www.textilegence.com\/en\/fashion-week-istanbul-has-succesfully-ended-2021-season\/#breadcrumb","itemListElement":[{"@type":"ListItem","position":1,"name":"Home Page","item":"https:\/\/www.textilegence.com\/en\/homepage-the-rimont\/"},{"@type":"ListItem","position":2,"name":"Trade Fairs","item":"https:\/\/www.textilegence.com\/en\/category\/trade-fairs\/"},{"@type":"ListItem","position":3,"name":"Fashion Week Istanbul has successfully ended the 2021 season"}]},{"@type":"WebSite","@id":"https:\/\/www.textilegence.com\/en\/#website","url":"https:\/\/www.textilegence.com\/en\/","name":"Textilegence Magazine and Digital Platform","description":"Textile News Center","publisher":{"@id":"https:\/\/www.textilegence.com\/en\/#organization"},"potentialAction":[{"@type":"SearchAction","target":{"@type":"EntryPoint","urlTemplate":"https:\/\/www.textilegence.com\/en\/?s={search_term_string}"},"query-input":{"@type":"PropertyValueSpecification","valueRequired":true,"valueName":"search_term_string"}}],"inLanguage":"en-US"},{"@type":"Organization","@id":"https:\/\/www.textilegence.com\/en\/#organization","name":"Textilegence Magazine and Digital Platform","url":"https:\/\/www.textilegence.com\/en\/","logo":{"@type":"ImageObject","inLanguage":"en-US","@id":"https:\/\/www.textilegence.com\/en\/#\/schema\/logo\/image\/","url":"https:\/\/www.textilegence.com\/wp-content\/uploads\/2016\/11\/New_Retina_Logo_Textilegence.png","contentUrl":"https:\/\/www.textilegence.com\/wp-content\/uploads\/2016\/11\/New_Retina_Logo_Textilegence.png","width":544,"height":180,"caption":"Textilegence Magazine and Digital Platform"},"image":{"@id":"https:\/\/www.textilegence.com\/en\/#\/schema\/logo\/image\/"},"sameAs":["https:\/\/www.facebook.com\/TextilegenceMagazine","https:\/\/x.com\/textilegence","https:\/\/www.instagram.com\/textilegence\/","https:\/\/www.linkedin.com\/groups\/Textilegence-Magazine-Digital-Platform-4897253","https:\/\/www.youtube.com\/user\/textilegence"],"description":"Textilegence is a magazine and digital platform established in 2013. It focuses on the textile industry and sub-segments. The platform provides news, articles, and updates on various aspects of the textile industry, including sustainability, technological advancements, and market trends.","email":"editor@textilegence.com","telephone":"+90 212 442 24 12","legalName":"Textilegence Mag and Digital Platform","foundingDate":"2013-01-01","numberOfEmployees":{"@type":"QuantitativeValue","minValue":"1","maxValue":"10"}},{"@type":"Person","@id":"https:\/\/www.textilegence.com\/en\/#\/schema\/person\/1c3977109f8a6e1e2b95678836d75cb7","name":"Fatih Cengiarslan","image":{"@type":"ImageObject","inLanguage":"en-US","@id":"https:\/\/www.textilegence.com\/wp-content\/uploads\/2018\/12\/fatih-cengiarslan.jpg","url":"https:\/\/www.textilegence.com\/wp-content\/uploads\/2018\/12\/fatih-cengiarslan.jpg","contentUrl":"https:\/\/www.textilegence.com\/wp-content\/uploads\/2018\/12\/fatih-cengiarslan.jpg","caption":"Fatih Cengiarslan"},"description":"Fatih Cengiarslan; Akademik \u0130ngilizce e\u011fitimini Bat\u0131 Avustralya \u00dcniversitesi\u2019nde tamamlad\u0131ktan sonra T\u00fcrkiye\u2019ye d\u00f6nerek \u0130stanbul Ayd\u0131n \u00dcniversitesi\u2019nde \u0130nternet Gazetecili\u011fi ve Yay\u0131nc\u0131l\u0131k b\u00f6l\u00fcm\u00fcn\u00fc bitirip, Litvanya \u2013 Kaunas Teknoloji \u00dcniversitesi\u2019nde interaktif media \u00fczerine 8 ayl\u0131k e\u011fitim ald\u0131. Daha sonra Eski\u015fehir Anadolu \u00dcniversitesi girerek \u0130\u015fletme Fak\u00fcltesini ba\u015far\u0131yla tamamlad\u0131. CNNTURK\u2019 kanal\u0131nda staj\u0131n\u0131 tamamlad\u0131ktan sonra Referans Gazetesi\u2019nde \u00e7al\u0131\u015fmaya ba\u015flad\u0131. 2 y\u0131l sonra Textilegence markas\u0131yla tekstil end\u00fcstrisine y\u00f6nelik kendi medyas\u0131n\u0131 kurdu. \u015eu anda Textilegence.com, Printing3D ve NEFA PR Ajans\u0131\u2019n\u0131n 12 y\u0131ld\u0131r y\u00f6netimini yapmaktad\u0131r.","sameAs":["https:\/\/www.textilegence.com","https:\/\/www.facebook.com\/TextilegenceMagazine","https:\/\/www.instagram.com\/textilegence\/","https:\/\/www.linkedin.com\/in\/fatih-cengiarslan-32352265\/","https:\/\/x.com\/https:\/\/twitter.com\/textilegence"],"url":"https:\/\/www.textilegence.com\/en\/author\/admin\/"}]}},"_links":{"self":[{"href":"https:\/\/www.textilegence.com\/en\/wp-json\/wp\/v2\/posts\/42299","targetHints":{"allow":["GET"]}}],"collection":[{"href":"https:\/\/www.textilegence.com\/en\/wp-json\/wp\/v2\/posts"}],"about":[{"href":"https:\/\/www.textilegence.com\/en\/wp-json\/wp\/v2\/types\/post"}],"author":[{"embeddable":true,"href":"https:\/\/www.textilegence.com\/en\/wp-json\/wp\/v2\/users\/8"}],"replies":[{"embeddable":true,"href":"https:\/\/www.textilegence.com\/en\/wp-json\/wp\/v2\/comments?post=42299"}],"version-history":[{"count":0,"href":"https:\/\/www.textilegence.com\/en\/wp-json\/wp\/v2\/posts\/42299\/revisions"}],"wp:featuredmedia":[{"embeddable":true,"href":"https:\/\/www.textilegence.com\/en\/wp-json\/wp\/v2\/media\/42289"}],"wp:attachment":[{"href":"https:\/\/www.textilegence.com\/en\/wp-json\/wp\/v2\/media?parent=42299"}],"wp:term":[{"taxonomy":"category","embeddable":true,"href":"https:\/\/www.textilegence.com\/en\/wp-json\/wp\/v2\/categories?post=42299"},{"taxonomy":"post_tag","embeddable":true,"href":"https:\/\/www.textilegence.com\/en\/wp-json\/wp\/v2\/tags?post=42299"}],"curies":[{"name":"wp","href":"https:\/\/api.w.org\/{rel}","templated":true}]}}