{"id":42418,"date":"2021-11-03T15:21:51","date_gmt":"2021-11-03T12:21:51","guid":{"rendered":"http:\/\/www.textilegence.com\/?p=42418"},"modified":"2022-01-12T09:47:20","modified_gmt":"2022-01-12T06:47:20","slug":"ozen-mensucat-reduces-the-wastewater-with-natural-dyeing","status":"publish","type":"post","link":"https:\/\/www.textilegence.com\/en\/ozen-mensucat-reduces-the-wastewater-with-natural-dyeing\/","title":{"rendered":"\u00d6zen Mensucat reduces the wastewater with natural dyeing"},"content":{"rendered":"\n<p>\u00d6zen Mensucat, which was established under Taha Group in 1994, today provides services to leading companies in Europe and America, especially the Turkish textile industry, as a <a href=\"https:\/\/www.ozenmensucat.com.tr\/en\" target=\"_blank\" rel=\"noreferrer noopener\">company <\/a>specialized in the dyeing and <a href=\"\/?cat_ID=5721\" target=\"_blank\" rel=\"noreferrer noopener\">finishing <\/a>of knitted fabrics. Continuing the efforts to reduce their environmental impact with the R&amp;D studies that they have been carrying out for many years; the company today produces 1,500 tons of cotton, polyester, polyamide, viscose, linen, hemp, modal, wool, cashmere, silk and their blend yarns for various international brands, primarily LC Waikiki, with 450 employees in a closed area of 40 thousand m2. We talked to \u00d6zen Mensucat Higher Textile Engineer, R&amp;D Engineer Responsible for Natural Dyes Eray Akku\u015f, about the sustainability activities of the company and the details of the natural dyeing process.<\/p>\n\n\n\n<h2 class=\"wp-block-heading\" id=\"h-zen-mensucat-has-been-fighting-the-climate-crisis-for-many-years\">\u00d6zen Mensucat has been fighting the climate crisis for many years<\/h2>\n\n\n\n<p>Saying that \u00d6zen Mensucat\u2019s fight against the climate crisis has been going on for many years, Eray Akku\u015f stated that they constantly update and develop their sustainability approaches in line with the UN&#8217;s sustainable development goals and ILO standards. Noting that they also made their employees aware of this issue and they turn towards the consumption of fewer resources and raw materials during production, Akku\u015f said; \u201cWe make our work more efficient by implementing digital transformation studies. We use LEDs in all lighting. All of our lines that may experience heat loss are insulated. In the last year, we sent 89 thousand kg of paper, 53 thousand kg of plastic and 29 thousand kg of metal waste generated in our enterprise to recycling facilities and brought them back to the economy. Water consumption has been reduced by 24%, steam consumption by 36% and electricity consumption by 12% since 2013 with the process development studies at \u00d6zen Mensucat\u201d.<\/p>\n\n\n\n<h2 class=\"wp-block-heading\" id=\"h-we-have-the-best-score-in-the-area-according-to-the-higg-index-score\">\u201cWe have the best score in the area according to the Higg Index score\u201d<\/h2>\n\n\n\n<p>\u00d6zen Mensucat regularly reports to the Higg Index, a self-assessment standard created to evaluate environmental and social sustainability at every stage of the supply chain. Stating that the company has the best score in the area according to the Higg Index score that is verified by an inspector, Eray Akku\u015f said; \u201cIn addition, we received the Care For Water approval, an Inditex Group approval for products produced with processes and technologies that reduce water consumption, as the best performing company in Turkey by remaining 8% below the perfect level. All of our customers can see our Higg Index score and Care For Water approval from the relevant sections.\u201d<\/p>\n\n\n\n<div class=\"wp-block-image\"><figure class=\"aligncenter size-full\"><img loading=\"lazy\" decoding=\"async\" width=\"1200\" height=\"675\" src=\"https:\/\/www.textilegence.com\/wp-content\/uploads\/2021\/11\/ozen-mensucat-detail-1.jpg\" alt=\"\" class=\"wp-image-42413\" srcset=\"https:\/\/www.textilegence.com\/wp-content\/uploads\/2021\/11\/ozen-mensucat-detail-1.jpg 1200w, https:\/\/www.textilegence.com\/wp-content\/uploads\/2021\/11\/ozen-mensucat-detail-1-768x432.jpg 768w, https:\/\/www.textilegence.com\/wp-content\/uploads\/2021\/11\/ozen-mensucat-detail-1-696x392.jpg 696w, https:\/\/www.textilegence.com\/wp-content\/uploads\/2021\/11\/ozen-mensucat-detail-1-1068x601.jpg 1068w\" sizes=\"auto, (max-width: 1200px) 100vw, 1200px\" \/><figcaption>\u00d6zen Mensucat reduces the wastewater with natural dyeing<\/figcaption><\/figure><\/div>\n\n\n\n<h2 class=\"wp-block-heading\" id=\"h-we-reduced-our-carbon-emissions-by-10-3-in-2020\">\u201cWe reduced our carbon emissions by 10.3% in 2020\u201d<\/h2>\n\n\n\n<p>Noting that they have started to measure total carbon emissions in 2019, Eray Akku\u015f relayed that with the improvements in the processes, they have reduced carbon emissions per kg of fabric by 10.3% in 2020 compared to the previous year. Akku\u015f stated that they will announce the net-zero target after updating their short, medium and long-term action plans.<\/p>\n\n\n\n<p>All of the electrical energy used in \u00d6zen Mensucat production facilities is obtained from sustainable energy sources with an I-REC certificate. Disclosing that they received the I-REC certificate in 2021, Akku\u015f said that although the use of renewable energy creates a disadvantage in terms of cost, it significantly contributes to the more sustainable production targets. Akku\u015f also stated that their work continues to obtain the ISO 50001 Energy Management Certificate. In addition, \u00d6zen Mensucat has a procedure with which it inspects its suppliers every year on occupational health and safety, water and energy consumption, social and environmental sustainability.<\/p>\n\n\n\n<h2 class=\"wp-block-heading\" id=\"h-with-the-natural-dyeing-method-the-amount-of-wastewater-is-significantly-reduced\">With the natural dyeing method, the amount of wastewater is significantly reduced<\/h2>\n\n\n\n<p>Saying that they have been working on the production of fabrics coloured with natural dyes since 2015, Eray Akku\u015f noted that they succeeded in producing fabrics coloured with completely natural dyestuffs and without using any synthetic chemicals as a result of long researches and studies. Stating that the method was developed by a technical team specialized in dyeing, consisting of people from the production and R&amp;D department, Akku\u015f continued his words as follows:<\/p>\n\n\n\n<p>\u201cToday, the wastewater loading resulting from the dyeing process of a fabric naturally dyed in \u00d6zen Mensucat is quite low. Significant savings were achieved in the use of chemicals, water and energy in the process. There are 50% water, 45% electricity and 70% steam savings compared to a conventional cotton dyeing process. We have the natural dyes we use and the fabrics we produce with these dyes tested in a limited number of natural dye analysis laboratories in the world. In addition, the natural dyes are included in the GOTS 6.0 list as \u2018Natural Dye\u2019. However, there is still no certification program that will certify only natural dyes and naturally dyed fabrics in general scope and have international validity\u201d.<\/p>\n\n\n\n<div class=\"wp-block-image\"><figure class=\"aligncenter size-full\"><img loading=\"lazy\" decoding=\"async\" width=\"1200\" height=\"675\" src=\"https:\/\/www.textilegence.com\/wp-content\/uploads\/2021\/11\/ozen-mensucat-detail-2.jpg\" alt=\"\" class=\"wp-image-42415\" srcset=\"https:\/\/www.textilegence.com\/wp-content\/uploads\/2021\/11\/ozen-mensucat-detail-2.jpg 1200w, https:\/\/www.textilegence.com\/wp-content\/uploads\/2021\/11\/ozen-mensucat-detail-2-768x432.jpg 768w, https:\/\/www.textilegence.com\/wp-content\/uploads\/2021\/11\/ozen-mensucat-detail-2-696x392.jpg 696w, https:\/\/www.textilegence.com\/wp-content\/uploads\/2021\/11\/ozen-mensucat-detail-2-1068x601.jpg 1068w\" sizes=\"auto, (max-width: 1200px) 100vw, 1200px\" \/><figcaption> With the natural dyeing method, the amount of wastewater is significantly reduced <\/figcaption><\/figure><\/div>\n\n\n\n<h2 class=\"wp-block-heading\" id=\"h-we-attach-importance-to-the-fact-that-plant-based-resources-are-completely-sustainable\">\u201cWe attach importance to the fact that plant-based resources are completely sustainable\u201d<\/h2>\n\n\n\n<p>\u00d6zen Mensucat prefers to use only plant-based dyestuffs among several different natural dyestuffs, including vegetable, animal and mineral\/mineral (clay) based, in natural dyeing processes. Emphasizing that there are also non-sustainable plant resources, Eray Akku\u015f stated that they attach importance to the fact that the plant resources they use are completely sustainable. Akku\u015f said: \u201cThe plant resources we use do not have nutritional value for other living beings, no trees are cut to obtain these resources. In addition, none of the resources we use are specially grown to obtain natural dyes. Most of the resources we use are wastes, and the rest consists of plants that grow spontaneously in nature in large quantities.\u201d<\/p>\n\n\n\n<h2 class=\"wp-block-heading\" id=\"h-our-natural-dyed-fabrics-attracted-a-lot-of-attention-in-the-foreign-market\">\u201cOur natural dyed fabrics attracted a lot of attention in the foreign market\u201d<\/h2>\n\n\n\n<p>Eray Akku\u015f stated that while the processes to obtain naturally dyed fabrics are sustainable, natural dyes are quite costly and colour yield is significantly low. Expressing that the interest in naturally dyed fabrics was limited especially in the domestic market due to these disadvantages, Akku\u015f said that their products received a lot of attention from foreign customers and international big brands. Akku\u015f stated that the exports of naturally dyed fabrics to these markets continue to increase day by day and pointed out that there may be a supply shortage in sustainable natural dye resources as a result of the high demand for the future. Akku\u015f added that they constantly follow the supply and demand of natural dyes all over the world and that they stock in advance the necessary ones from sources they think may experience a supply shortage.<\/p>\n","protected":false},"excerpt":{"rendered":"<p>\u00d6zen Mensucat, which was established under Taha Group in 1994, today provides services to leading companies in Europe and America, especially the Turkish textile industry, as a company specialized in the dyeing and finishing of knitted fabrics. Continuing the efforts to reduce their environmental impact with the R&amp;D studies that they have been carrying out [&hellip;]<\/p>\n","protected":false},"author":26,"featured_media":42411,"comment_status":"open","ping_status":"closed","sticky":false,"template":"","format":"standard","meta":{"footnotes":""},"categories":[14912],"tags":[10255,14813,11143,10369],"class_list":{"0":"post-42418","1":"post","2":"type-post","3":"status-publish","4":"format-standard","5":"has-post-thumbnail","7":"category-green-times","8":"tag-finishing-en","9":"tag-ozen-mensucat","10":"tag-sustainability-en","11":"tag-textile-news-en"},"yoast_head":"<!-- This site is optimized with the Yoast SEO Premium plugin v27.3 (Yoast SEO v27.3) - https:\/\/yoast.com\/product\/yoast-seo-premium-wordpress\/ -->\n<title>\u00d6zen Mensucat reduces the wastewater with natural dyeing - Textilegence<\/title>\n<meta name=\"description\" content=\"\u00d6zen Mensucat, which was established under\u00a0Taha Group in 1994,\u00a0today provides services to leading companies in Europe and America...\" \/>\n<meta name=\"robots\" content=\"index, follow, max-snippet:-1, max-image-preview:large, max-video-preview:-1\" \/>\n<link rel=\"canonical\" href=\"https:\/\/www.textilegence.com\/en\/ozen-mensucat-reduces-the-wastewater-with-natural-dyeing\/\" \/>\n<meta property=\"og:locale\" content=\"en_US\" \/>\n<meta property=\"og:type\" content=\"article\" \/>\n<meta property=\"og:title\" content=\"\u00d6zen Mensucat reduces the wastewater with natural dyeing\" \/>\n<meta property=\"og:description\" content=\"\u00d6zen Mensucat, which was established under Taha Group in 1994, today provides services to leading companies in Europe and America, especially the Turkish\" \/>\n<meta property=\"og:url\" content=\"https:\/\/www.textilegence.com\/en\/ozen-mensucat-reduces-the-wastewater-with-natural-dyeing\/\" \/>\n<meta property=\"og:site_name\" content=\"Textilegence Magazine and Digital Platform\" \/>\n<meta property=\"article:publisher\" content=\"https:\/\/www.facebook.com\/TextilegenceMagazine\" \/>\n<meta property=\"article:author\" content=\"https:\/\/www.facebook.com\/TextilegenceMagazine\" \/>\n<meta property=\"article:published_time\" content=\"2021-11-03T12:21:51+00:00\" \/>\n<meta property=\"article:modified_time\" content=\"2022-01-12T06:47:20+00:00\" \/>\n<meta property=\"og:image\" content=\"https:\/\/www.textilegence.com\/wp-content\/uploads\/2021\/11\/ozen-mensucat-textilegence.jpg\" \/>\n\t<meta property=\"og:image:width\" content=\"1200\" \/>\n\t<meta property=\"og:image:height\" content=\"675\" \/>\n\t<meta property=\"og:image:type\" content=\"image\/jpeg\" \/>\n<meta name=\"author\" content=\"Ya\u011fmur Melis \u015eim\u015fek\" \/>\n<meta name=\"twitter:card\" content=\"summary_large_image\" \/>\n<meta name=\"twitter:creator\" content=\"@https:\/\/twitter.com\/textilegence\" \/>\n<meta name=\"twitter:site\" content=\"@textilegence\" \/>\n<meta name=\"twitter:label1\" content=\"Written by\" \/>\n\t<meta name=\"twitter:data1\" content=\"Ya\u011fmur Melis \u015eim\u015fek\" \/>\n\t<meta name=\"twitter:label2\" content=\"Est. reading time\" \/>\n\t<meta name=\"twitter:data2\" content=\"7 minutes\" \/>\n<script type=\"application\/ld+json\" class=\"yoast-schema-graph\">{\"@context\":\"https:\\\/\\\/schema.org\",\"@graph\":[{\"@type\":\"NewsArticle\",\"@id\":\"https:\\\/\\\/www.textilegence.com\\\/en\\\/ozen-mensucat-reduces-the-wastewater-with-natural-dyeing\\\/#article\",\"isPartOf\":{\"@id\":\"https:\\\/\\\/www.textilegence.com\\\/en\\\/ozen-mensucat-reduces-the-wastewater-with-natural-dyeing\\\/\"},\"author\":{\"name\":\"Ya\u011fmur Melis \u015eim\u015fek\",\"@id\":\"https:\\\/\\\/www.textilegence.com\\\/en\\\/#\\\/schema\\\/person\\\/cfa6baf17f0478131c673c93a9b88ef3\"},\"headline\":\"\u00d6zen Mensucat reduces the wastewater with natural dyeing\",\"datePublished\":\"2021-11-03T12:21:51+00:00\",\"dateModified\":\"2022-01-12T06:47:20+00:00\",\"mainEntityOfPage\":{\"@id\":\"https:\\\/\\\/www.textilegence.com\\\/en\\\/ozen-mensucat-reduces-the-wastewater-with-natural-dyeing\\\/\"},\"wordCount\":1076,\"commentCount\":0,\"publisher\":{\"@id\":\"https:\\\/\\\/www.textilegence.com\\\/en\\\/#organization\"},\"image\":{\"@id\":\"https:\\\/\\\/www.textilegence.com\\\/en\\\/ozen-mensucat-reduces-the-wastewater-with-natural-dyeing\\\/#primaryimage\"},\"thumbnailUrl\":\"https:\\\/\\\/www.textilegence.com\\\/wp-content\\\/uploads\\\/2021\\\/11\\\/ozen-mensucat-textilegence.jpg\",\"keywords\":[\"finishing\",\"\u00f6zen mensucat\",\"sustainability\",\"textile news\"],\"articleSection\":[\"Green Times\"],\"inLanguage\":\"en-US\",\"potentialAction\":[{\"@type\":\"CommentAction\",\"name\":\"Comment\",\"target\":[\"https:\\\/\\\/www.textilegence.com\\\/en\\\/ozen-mensucat-reduces-the-wastewater-with-natural-dyeing\\\/#respond\"]}]},{\"@type\":\"WebPage\",\"@id\":\"https:\\\/\\\/www.textilegence.com\\\/en\\\/ozen-mensucat-reduces-the-wastewater-with-natural-dyeing\\\/\",\"url\":\"https:\\\/\\\/www.textilegence.com\\\/en\\\/ozen-mensucat-reduces-the-wastewater-with-natural-dyeing\\\/\",\"name\":\"\u00d6zen Mensucat reduces the wastewater with natural dyeing - Textilegence\",\"isPartOf\":{\"@id\":\"https:\\\/\\\/www.textilegence.com\\\/en\\\/#website\"},\"primaryImageOfPage\":{\"@id\":\"https:\\\/\\\/www.textilegence.com\\\/en\\\/ozen-mensucat-reduces-the-wastewater-with-natural-dyeing\\\/#primaryimage\"},\"image\":{\"@id\":\"https:\\\/\\\/www.textilegence.com\\\/en\\\/ozen-mensucat-reduces-the-wastewater-with-natural-dyeing\\\/#primaryimage\"},\"thumbnailUrl\":\"https:\\\/\\\/www.textilegence.com\\\/wp-content\\\/uploads\\\/2021\\\/11\\\/ozen-mensucat-textilegence.jpg\",\"datePublished\":\"2021-11-03T12:21:51+00:00\",\"dateModified\":\"2022-01-12T06:47:20+00:00\",\"description\":\"\u00d6zen Mensucat, which was established under\u00a0Taha Group in 1994,\u00a0today provides services to leading companies in Europe and America...\",\"breadcrumb\":{\"@id\":\"https:\\\/\\\/www.textilegence.com\\\/en\\\/ozen-mensucat-reduces-the-wastewater-with-natural-dyeing\\\/#breadcrumb\"},\"inLanguage\":\"en-US\",\"potentialAction\":[{\"@type\":\"ReadAction\",\"target\":[\"https:\\\/\\\/www.textilegence.com\\\/en\\\/ozen-mensucat-reduces-the-wastewater-with-natural-dyeing\\\/\"]}]},{\"@type\":\"ImageObject\",\"inLanguage\":\"en-US\",\"@id\":\"https:\\\/\\\/www.textilegence.com\\\/en\\\/ozen-mensucat-reduces-the-wastewater-with-natural-dyeing\\\/#primaryimage\",\"url\":\"https:\\\/\\\/www.textilegence.com\\\/wp-content\\\/uploads\\\/2021\\\/11\\\/ozen-mensucat-textilegence.jpg\",\"contentUrl\":\"https:\\\/\\\/www.textilegence.com\\\/wp-content\\\/uploads\\\/2021\\\/11\\\/ozen-mensucat-textilegence.jpg\",\"width\":1200,\"height\":675},{\"@type\":\"BreadcrumbList\",\"@id\":\"https:\\\/\\\/www.textilegence.com\\\/en\\\/ozen-mensucat-reduces-the-wastewater-with-natural-dyeing\\\/#breadcrumb\",\"itemListElement\":[{\"@type\":\"ListItem\",\"position\":1,\"name\":\"Home Page\",\"item\":\"https:\\\/\\\/www.textilegence.com\\\/en\\\/homepage-the-rimont\\\/\"},{\"@type\":\"ListItem\",\"position\":2,\"name\":\"Finishing\",\"item\":\"https:\\\/\\\/www.textilegence.com\\\/en\\\/category\\\/finishing\\\/\"},{\"@type\":\"ListItem\",\"position\":3,\"name\":\"\u00d6zen Mensucat reduces the wastewater with natural dyeing\"}]},{\"@type\":\"WebSite\",\"@id\":\"https:\\\/\\\/www.textilegence.com\\\/en\\\/#website\",\"url\":\"https:\\\/\\\/www.textilegence.com\\\/en\\\/\",\"name\":\"Textilegence Magazine and Digital Platform\",\"description\":\"Textile News Center\",\"publisher\":{\"@id\":\"https:\\\/\\\/www.textilegence.com\\\/en\\\/#organization\"},\"potentialAction\":[{\"@type\":\"SearchAction\",\"target\":{\"@type\":\"EntryPoint\",\"urlTemplate\":\"https:\\\/\\\/www.textilegence.com\\\/en\\\/?s={search_term_string}\"},\"query-input\":{\"@type\":\"PropertyValueSpecification\",\"valueRequired\":true,\"valueName\":\"search_term_string\"}}],\"inLanguage\":\"en-US\"},{\"@type\":\"Organization\",\"@id\":\"https:\\\/\\\/www.textilegence.com\\\/en\\\/#organization\",\"name\":\"Textilegence Magazine and Digital Platform\",\"url\":\"https:\\\/\\\/www.textilegence.com\\\/en\\\/\",\"logo\":{\"@type\":\"ImageObject\",\"inLanguage\":\"en-US\",\"@id\":\"https:\\\/\\\/www.textilegence.com\\\/en\\\/#\\\/schema\\\/logo\\\/image\\\/\",\"url\":\"https:\\\/\\\/www.textilegence.com\\\/wp-content\\\/uploads\\\/2016\\\/11\\\/New_Retina_Logo_Textilegence.png\",\"contentUrl\":\"https:\\\/\\\/www.textilegence.com\\\/wp-content\\\/uploads\\\/2016\\\/11\\\/New_Retina_Logo_Textilegence.png\",\"width\":544,\"height\":180,\"caption\":\"Textilegence Magazine and Digital Platform\"},\"image\":{\"@id\":\"https:\\\/\\\/www.textilegence.com\\\/en\\\/#\\\/schema\\\/logo\\\/image\\\/\"},\"sameAs\":[\"https:\\\/\\\/www.facebook.com\\\/TextilegenceMagazine\",\"https:\\\/\\\/x.com\\\/textilegence\",\"https:\\\/\\\/www.instagram.com\\\/textilegence\\\/\",\"https:\\\/\\\/www.linkedin.com\\\/groups\\\/Textilegence-Magazine-Digital-Platform-4897253\",\"https:\\\/\\\/www.youtube.com\\\/user\\\/textilegence\"],\"description\":\"Textilegence is a magazine and digital platform established in 2013. It focuses on the textile industry and sub-segments. The platform provides news, articles, and updates on various aspects of the textile industry, including sustainability, technological advancements, and market trends.\",\"email\":\"editor@textilegence.com\",\"telephone\":\"+90 212 442 24 12\",\"legalName\":\"Textilegence Mag and Digital Platform\",\"foundingDate\":\"2013-01-01\",\"numberOfEmployees\":{\"@type\":\"QuantitativeValue\",\"minValue\":\"1\",\"maxValue\":\"10\"}},{\"@type\":\"Person\",\"@id\":\"https:\\\/\\\/www.textilegence.com\\\/en\\\/#\\\/schema\\\/person\\\/cfa6baf17f0478131c673c93a9b88ef3\",\"name\":\"Ya\u011fmur Melis \u015eim\u015fek\",\"image\":{\"@type\":\"ImageObject\",\"inLanguage\":\"en-US\",\"@id\":\"https:\\\/\\\/www.textilegence.com\\\/wp-content\\\/uploads\\\/2022\\\/03\\\/Yagmur_photo1.jpg\",\"url\":\"https:\\\/\\\/www.textilegence.com\\\/wp-content\\\/uploads\\\/2022\\\/03\\\/Yagmur_photo1.jpg\",\"contentUrl\":\"https:\\\/\\\/www.textilegence.com\\\/wp-content\\\/uploads\\\/2022\\\/03\\\/Yagmur_photo1.jpg\",\"caption\":\"Ya\u011fmur Melis \u015eim\u015fek\"},\"description\":\"Ya\u011fmur Melis \u015eim\u015fek, Saint-Beno\u00eet Frans\u0131z Lisesi\u2019nde e\u011fitim g\u00f6rm\u00fc\u015f, ard\u0131ndan Anadolu \u00dcniversitesi\u2019nde iki y\u0131ll\u0131k Foto\u011fraf\u00e7\u0131l\u0131k B\u00f6l\u00fcm\u00fc\u2019n\u00fc tamamlam\u0131\u015ft\u0131r. Daha sonra lisans e\u011fitimini \u0130stanbul \u00dcniversitesi Gazetecilik B\u00f6l\u00fcm\u00fc\u2019nde s\u00fcrd\u00fcrm\u00fc\u015f, mezuniyetin ard\u0131ndan ise 2017 y\u0131l\u0131nda i\u015f hayat\u0131na at\u0131lm\u0131\u015ft\u0131r. Pek \u00e7ok farkl\u0131 projede, foto\u011fraf\u00e7\u0131l\u0131k ve grafik tasar\u0131mc\u0131l\u0131\u011f\u0131n yan\u0131 s\u0131ra teknoloji alan\u0131nda i\u00e7erik ve haber yazarl\u0131\u011f\u0131 gibi \u00e7e\u015fitli pozisyonlarda yer alan \u015eim\u015fek, 2021 y\u0131l\u0131ndan bu yana Textilegence\u2019da d\u0131\u015f haberlerde yard\u0131mc\u0131 edit\u00f6r olarak g\u00f6rev yapmaktad\u0131r.\",\"sameAs\":[\"https:\\\/\\\/www.textilegence.com\\\/\",\"https:\\\/\\\/www.facebook.com\\\/TextilegenceMagazine\",\"https:\\\/\\\/www.instagram.com\\\/textilegence\\\/\",\"https:\\\/\\\/www.linkedin.com\\\/company\\\/2985016\",\"https:\\\/\\\/x.com\\\/https:\\\/\\\/twitter.com\\\/textilegence\",\"https:\\\/\\\/www.youtube.com\\\/channel\\\/UCgtcny5ljhiXu-yvOiAlpRA\"],\"url\":\"https:\\\/\\\/www.textilegence.com\\\/en\\\/author\\\/yms\\\/\"}]}<\/script>\n<!-- \/ Yoast SEO Premium plugin. -->","yoast_head_json":{"title":"\u00d6zen Mensucat reduces the wastewater with natural dyeing - Textilegence","description":"\u00d6zen Mensucat, which was established under\u00a0Taha Group in 1994,\u00a0today provides services to leading companies in Europe and America...","robots":{"index":"index","follow":"follow","max-snippet":"max-snippet:-1","max-image-preview":"max-image-preview:large","max-video-preview":"max-video-preview:-1"},"canonical":"https:\/\/www.textilegence.com\/en\/ozen-mensucat-reduces-the-wastewater-with-natural-dyeing\/","og_locale":"en_US","og_type":"article","og_title":"\u00d6zen Mensucat reduces the wastewater with natural dyeing","og_description":"\u00d6zen Mensucat, which was established under Taha Group in 1994, today provides services to leading companies in Europe and America, especially the Turkish","og_url":"https:\/\/www.textilegence.com\/en\/ozen-mensucat-reduces-the-wastewater-with-natural-dyeing\/","og_site_name":"Textilegence Magazine and Digital Platform","article_publisher":"https:\/\/www.facebook.com\/TextilegenceMagazine","article_author":"https:\/\/www.facebook.com\/TextilegenceMagazine","article_published_time":"2021-11-03T12:21:51+00:00","article_modified_time":"2022-01-12T06:47:20+00:00","og_image":[{"width":1200,"height":675,"url":"https:\/\/www.textilegence.com\/wp-content\/uploads\/2021\/11\/ozen-mensucat-textilegence.jpg","type":"image\/jpeg"}],"author":"Ya\u011fmur Melis \u015eim\u015fek","twitter_card":"summary_large_image","twitter_creator":"@https:\/\/twitter.com\/textilegence","twitter_site":"@textilegence","twitter_misc":{"Written by":"Ya\u011fmur Melis \u015eim\u015fek","Est. reading time":"7 minutes"},"schema":{"@context":"https:\/\/schema.org","@graph":[{"@type":"NewsArticle","@id":"https:\/\/www.textilegence.com\/en\/ozen-mensucat-reduces-the-wastewater-with-natural-dyeing\/#article","isPartOf":{"@id":"https:\/\/www.textilegence.com\/en\/ozen-mensucat-reduces-the-wastewater-with-natural-dyeing\/"},"author":{"name":"Ya\u011fmur Melis \u015eim\u015fek","@id":"https:\/\/www.textilegence.com\/en\/#\/schema\/person\/cfa6baf17f0478131c673c93a9b88ef3"},"headline":"\u00d6zen Mensucat reduces the wastewater with natural dyeing","datePublished":"2021-11-03T12:21:51+00:00","dateModified":"2022-01-12T06:47:20+00:00","mainEntityOfPage":{"@id":"https:\/\/www.textilegence.com\/en\/ozen-mensucat-reduces-the-wastewater-with-natural-dyeing\/"},"wordCount":1076,"commentCount":0,"publisher":{"@id":"https:\/\/www.textilegence.com\/en\/#organization"},"image":{"@id":"https:\/\/www.textilegence.com\/en\/ozen-mensucat-reduces-the-wastewater-with-natural-dyeing\/#primaryimage"},"thumbnailUrl":"https:\/\/www.textilegence.com\/wp-content\/uploads\/2021\/11\/ozen-mensucat-textilegence.jpg","keywords":["finishing","\u00f6zen mensucat","sustainability","textile news"],"articleSection":["Green Times"],"inLanguage":"en-US","potentialAction":[{"@type":"CommentAction","name":"Comment","target":["https:\/\/www.textilegence.com\/en\/ozen-mensucat-reduces-the-wastewater-with-natural-dyeing\/#respond"]}]},{"@type":"WebPage","@id":"https:\/\/www.textilegence.com\/en\/ozen-mensucat-reduces-the-wastewater-with-natural-dyeing\/","url":"https:\/\/www.textilegence.com\/en\/ozen-mensucat-reduces-the-wastewater-with-natural-dyeing\/","name":"\u00d6zen Mensucat reduces the wastewater with natural dyeing - Textilegence","isPartOf":{"@id":"https:\/\/www.textilegence.com\/en\/#website"},"primaryImageOfPage":{"@id":"https:\/\/www.textilegence.com\/en\/ozen-mensucat-reduces-the-wastewater-with-natural-dyeing\/#primaryimage"},"image":{"@id":"https:\/\/www.textilegence.com\/en\/ozen-mensucat-reduces-the-wastewater-with-natural-dyeing\/#primaryimage"},"thumbnailUrl":"https:\/\/www.textilegence.com\/wp-content\/uploads\/2021\/11\/ozen-mensucat-textilegence.jpg","datePublished":"2021-11-03T12:21:51+00:00","dateModified":"2022-01-12T06:47:20+00:00","description":"\u00d6zen Mensucat, which was established under\u00a0Taha Group in 1994,\u00a0today provides services to leading companies in Europe and America...","breadcrumb":{"@id":"https:\/\/www.textilegence.com\/en\/ozen-mensucat-reduces-the-wastewater-with-natural-dyeing\/#breadcrumb"},"inLanguage":"en-US","potentialAction":[{"@type":"ReadAction","target":["https:\/\/www.textilegence.com\/en\/ozen-mensucat-reduces-the-wastewater-with-natural-dyeing\/"]}]},{"@type":"ImageObject","inLanguage":"en-US","@id":"https:\/\/www.textilegence.com\/en\/ozen-mensucat-reduces-the-wastewater-with-natural-dyeing\/#primaryimage","url":"https:\/\/www.textilegence.com\/wp-content\/uploads\/2021\/11\/ozen-mensucat-textilegence.jpg","contentUrl":"https:\/\/www.textilegence.com\/wp-content\/uploads\/2021\/11\/ozen-mensucat-textilegence.jpg","width":1200,"height":675},{"@type":"BreadcrumbList","@id":"https:\/\/www.textilegence.com\/en\/ozen-mensucat-reduces-the-wastewater-with-natural-dyeing\/#breadcrumb","itemListElement":[{"@type":"ListItem","position":1,"name":"Home Page","item":"https:\/\/www.textilegence.com\/en\/homepage-the-rimont\/"},{"@type":"ListItem","position":2,"name":"Finishing","item":"https:\/\/www.textilegence.com\/en\/category\/finishing\/"},{"@type":"ListItem","position":3,"name":"\u00d6zen Mensucat reduces the wastewater with natural dyeing"}]},{"@type":"WebSite","@id":"https:\/\/www.textilegence.com\/en\/#website","url":"https:\/\/www.textilegence.com\/en\/","name":"Textilegence Magazine and Digital Platform","description":"Textile News Center","publisher":{"@id":"https:\/\/www.textilegence.com\/en\/#organization"},"potentialAction":[{"@type":"SearchAction","target":{"@type":"EntryPoint","urlTemplate":"https:\/\/www.textilegence.com\/en\/?s={search_term_string}"},"query-input":{"@type":"PropertyValueSpecification","valueRequired":true,"valueName":"search_term_string"}}],"inLanguage":"en-US"},{"@type":"Organization","@id":"https:\/\/www.textilegence.com\/en\/#organization","name":"Textilegence Magazine and Digital Platform","url":"https:\/\/www.textilegence.com\/en\/","logo":{"@type":"ImageObject","inLanguage":"en-US","@id":"https:\/\/www.textilegence.com\/en\/#\/schema\/logo\/image\/","url":"https:\/\/www.textilegence.com\/wp-content\/uploads\/2016\/11\/New_Retina_Logo_Textilegence.png","contentUrl":"https:\/\/www.textilegence.com\/wp-content\/uploads\/2016\/11\/New_Retina_Logo_Textilegence.png","width":544,"height":180,"caption":"Textilegence Magazine and Digital Platform"},"image":{"@id":"https:\/\/www.textilegence.com\/en\/#\/schema\/logo\/image\/"},"sameAs":["https:\/\/www.facebook.com\/TextilegenceMagazine","https:\/\/x.com\/textilegence","https:\/\/www.instagram.com\/textilegence\/","https:\/\/www.linkedin.com\/groups\/Textilegence-Magazine-Digital-Platform-4897253","https:\/\/www.youtube.com\/user\/textilegence"],"description":"Textilegence is a magazine and digital platform established in 2013. It focuses on the textile industry and sub-segments. The platform provides news, articles, and updates on various aspects of the textile industry, including sustainability, technological advancements, and market trends.","email":"editor@textilegence.com","telephone":"+90 212 442 24 12","legalName":"Textilegence Mag and Digital Platform","foundingDate":"2013-01-01","numberOfEmployees":{"@type":"QuantitativeValue","minValue":"1","maxValue":"10"}},{"@type":"Person","@id":"https:\/\/www.textilegence.com\/en\/#\/schema\/person\/cfa6baf17f0478131c673c93a9b88ef3","name":"Ya\u011fmur Melis \u015eim\u015fek","image":{"@type":"ImageObject","inLanguage":"en-US","@id":"https:\/\/www.textilegence.com\/wp-content\/uploads\/2022\/03\/Yagmur_photo1.jpg","url":"https:\/\/www.textilegence.com\/wp-content\/uploads\/2022\/03\/Yagmur_photo1.jpg","contentUrl":"https:\/\/www.textilegence.com\/wp-content\/uploads\/2022\/03\/Yagmur_photo1.jpg","caption":"Ya\u011fmur Melis \u015eim\u015fek"},"description":"Ya\u011fmur Melis \u015eim\u015fek, Saint-Beno\u00eet Frans\u0131z Lisesi\u2019nde e\u011fitim g\u00f6rm\u00fc\u015f, ard\u0131ndan Anadolu \u00dcniversitesi\u2019nde iki y\u0131ll\u0131k Foto\u011fraf\u00e7\u0131l\u0131k B\u00f6l\u00fcm\u00fc\u2019n\u00fc tamamlam\u0131\u015ft\u0131r. Daha sonra lisans e\u011fitimini \u0130stanbul \u00dcniversitesi Gazetecilik B\u00f6l\u00fcm\u00fc\u2019nde s\u00fcrd\u00fcrm\u00fc\u015f, mezuniyetin ard\u0131ndan ise 2017 y\u0131l\u0131nda i\u015f hayat\u0131na at\u0131lm\u0131\u015ft\u0131r. Pek \u00e7ok farkl\u0131 projede, foto\u011fraf\u00e7\u0131l\u0131k ve grafik tasar\u0131mc\u0131l\u0131\u011f\u0131n yan\u0131 s\u0131ra teknoloji alan\u0131nda i\u00e7erik ve haber yazarl\u0131\u011f\u0131 gibi \u00e7e\u015fitli pozisyonlarda yer alan \u015eim\u015fek, 2021 y\u0131l\u0131ndan bu yana Textilegence\u2019da d\u0131\u015f haberlerde yard\u0131mc\u0131 edit\u00f6r olarak g\u00f6rev yapmaktad\u0131r.","sameAs":["https:\/\/www.textilegence.com\/","https:\/\/www.facebook.com\/TextilegenceMagazine","https:\/\/www.instagram.com\/textilegence\/","https:\/\/www.linkedin.com\/company\/2985016","https:\/\/x.com\/https:\/\/twitter.com\/textilegence","https:\/\/www.youtube.com\/channel\/UCgtcny5ljhiXu-yvOiAlpRA"],"url":"https:\/\/www.textilegence.com\/en\/author\/yms\/"}]}},"_links":{"self":[{"href":"https:\/\/www.textilegence.com\/en\/wp-json\/wp\/v2\/posts\/42418","targetHints":{"allow":["GET"]}}],"collection":[{"href":"https:\/\/www.textilegence.com\/en\/wp-json\/wp\/v2\/posts"}],"about":[{"href":"https:\/\/www.textilegence.com\/en\/wp-json\/wp\/v2\/types\/post"}],"author":[{"embeddable":true,"href":"https:\/\/www.textilegence.com\/en\/wp-json\/wp\/v2\/users\/26"}],"replies":[{"embeddable":true,"href":"https:\/\/www.textilegence.com\/en\/wp-json\/wp\/v2\/comments?post=42418"}],"version-history":[{"count":0,"href":"https:\/\/www.textilegence.com\/en\/wp-json\/wp\/v2\/posts\/42418\/revisions"}],"wp:featuredmedia":[{"embeddable":true,"href":"https:\/\/www.textilegence.com\/en\/wp-json\/wp\/v2\/media\/42411"}],"wp:attachment":[{"href":"https:\/\/www.textilegence.com\/en\/wp-json\/wp\/v2\/media?parent=42418"}],"wp:term":[{"taxonomy":"category","embeddable":true,"href":"https:\/\/www.textilegence.com\/en\/wp-json\/wp\/v2\/categories?post=42418"},{"taxonomy":"post_tag","embeddable":true,"href":"https:\/\/www.textilegence.com\/en\/wp-json\/wp\/v2\/tags?post=42418"}],"curies":[{"name":"wp","href":"https:\/\/api.w.org\/{rel}","templated":true}]}}