{"id":42912,"date":"2021-11-29T16:35:37","date_gmt":"2021-11-29T13:35:37","guid":{"rendered":"http:\/\/www.textilegence.com\/?p=42912"},"modified":"2022-01-12T09:38:19","modified_gmt":"2022-01-12T06:38:19","slug":"sustainability-talks-it-is-time-to-act","status":"publish","type":"post","link":"https:\/\/www.textilegence.com\/en\/sustainability-talks-it-is-time-to-act\/","title":{"rendered":"Sustainability Talks: It is time to act"},"content":{"rendered":"\n<p>Sustainability Talks, held for the second time this year, have brought together local and international textile manufacturers both physically and virtually on November, 25. A sustainable and transparent <a href=\"https:\/\/www.textilegence.com\/en\/category\/topical\/\" target=\"_blank\" rel=\"noreferrer noopener\">textile<\/a> value chain and circularity were the main topics of the <a href=\"https:\/\/www.sustainabilitytalksistanbul.com\/en\/\" target=\"_blank\" rel=\"noreferrer noopener\">event<\/a>, held at Zorlu Performing Arts Center with the strategic partnership of Turkish Exporters\u2019 Assembly Textile and Raw Materials Sector Board and Orbit Consulting and with the main sponsorship of Kipa\u015f Textiles. Textile manufacturers from all segments emphasized the importance of public-private cooperation in the fight against the climate crisis and emphasized the importance of unity in this sense throughout the event. Lots of big brands such as \u0130peker Tekstil, Asl\u0131 Tekstil, H&amp;M, Ikea, Tommy Hilfiger, Itema, and Karl Mayer inspired the textile industry by explaining their sustainable works. Applications such as vegan textile production, polyamide that dissolves in nature in a short time, zero waste in denim dye managed to attract the attention of the participants.<\/p>\n\n\n\n<h2 class=\"wp-block-heading\" id=\"h-sustainability-talks-achievements-will-be-a-pioneer-for-all-sectors\">\u201cSustainability Talks achievements will be a pioneer for all sectors\u201d<\/h2>\n\n\n\n<p>President of the Turkish Exporters\u2019 Assembly (TIM)&nbsp; \u0130smail G\u00fclle said that Turkey\u2019s foremost sustainable activity is exports and that exporters are the soldiers who know the concept of sustainability best in the opening speech. G\u00fclle underlined that, for this reason, they will realize their remaining goals step by step and carry the country\u2019s production and exports to the future in a sustainable way and said; \u201cThe responsibility belongs to all of us, so everyone must take responsibility and take the initiative in this matter\u201d.<\/p>\n\n\n\n<p>Istanbul Textile and Raw Materials Exporters\u2019 Association (\u0130TH\u0130B) President Ahmet \u00d6ks\u00fcz stated that the Sustainability Talks achievements will be a pioneer and an example not only for this sector but also for all sectors. \u00d6ks\u00fcz reminded that it is our duty to improve life in a sustainable way for future generations and he said; \u201cIn this context, we are aware that it is necessary to move forward with the spirit of partnership. This is not only the producers\u2019 responsibility, but also the global brands\u2019 and even the consumers\u2019. We can only make our world sustainable by acting together\u201d.<\/p>\n\n\n\n<div class=\"wp-block-image\"><figure class=\"aligncenter size-full\"><img loading=\"lazy\" decoding=\"async\" width=\"1200\" height=\"675\" src=\"https:\/\/www.textilegence.com\/wp-content\/uploads\/2021\/11\/sustainability-talks-detail-1-2.jpg\" alt=\"\" class=\"wp-image-42921\" srcset=\"https:\/\/www.textilegence.com\/wp-content\/uploads\/2021\/11\/sustainability-talks-detail-1-2.jpg 1200w, https:\/\/www.textilegence.com\/wp-content\/uploads\/2021\/11\/sustainability-talks-detail-1-2-768x432.jpg 768w, https:\/\/www.textilegence.com\/wp-content\/uploads\/2021\/11\/sustainability-talks-detail-1-2-696x392.jpg 696w, https:\/\/www.textilegence.com\/wp-content\/uploads\/2021\/11\/sustainability-talks-detail-1-2-1068x601.jpg 1068w\" sizes=\"auto, (max-width: 1200px) 100vw, 1200px\" \/><figcaption><em>ITHIB President<\/em> <em>Ahmet \u00d6ks\u00fcz,<\/em> Member of Board of ITHIB Sultan Tepe, TIM President \u0130smail G\u00fclle<\/figcaption><\/figure><\/div>\n\n\n\n<h2 class=\"wp-block-heading\" id=\"h-coopetition-not-competition\">\u2018Coopetition\u2019, not competition<\/h2>\n\n\n\n<p>Executive Board Member of Orbit Consulting Bikem Kan\u0131k touched on the concept of coopetition, which has been talked about a lot in the business world in the last few years and said; \u201cI believe in this very much. I think this event that we are doing today explains the coopetition very well. Because by competing by the old means, we can neither reduce costs, increase production, nor create value and meaning in the new world. The important thing from now on is that the stakeholders of the sector, together under the roof of coopetition, share the best examples, their own experiences and innovations, as they are today, and think about how they will take the sector further. This is actually what we are going to experience today\u201d.<\/p>\n\n\n\n<p>CEO of the Industrial Development Bank of Turkey Ece B\u00f6r\u00fc made this statement; \u201cWe are here today because there is an important turning point in the textile industry, which employs millions of people in our country. For all these reasons, we believe that when considering the textile and apparel industry from a sustainability perspective, it is necessary to focus not only on the production processes, but also on the entire value chain, and adopt a life-long impact assessment approach\u201d.<\/p>\n\n\n\n<h2 class=\"wp-block-heading\" id=\"h-ipeker-tekstil-the-world-s-first-v-label-approved-weaving-manufacturer\">\u0130peker Tekstil, the world\u2019s first V-Label approved weaving manufacturer<\/h2>\n\n\n\n<p>\u0130peker Tekstil, the first weaving manufacturer in the world to be certified with a V-Label (quality label for vegan and vegetarian products), continues their journey that started with vegan silk. \u0130peker Tekstil General Manager and Board Member \u0130hsan \u0130peker took part as a speaker at the event and stated that they moved away from anthropocentrism (human-centrism), in which humanity sees itself at the top of the pyramid and acts with the awareness that everything is for itself and can consume endlessly, and switched to ecocentrism, a structure that in which humans do not see themselves as hierarchically superior, but a part of it and consume consciously. \u0130peker, expressing that they chose vegan textile processes as a business model for themselves, stated that vegan eating habits are actually an awareness, a level of consciousness and a pioneering footstep of change. \u0130peker said; \u201cWe have adapted this to our own business model and combined it not only with the raw materials but also with the processes we do beneath the raw materials\u201d.<\/p>\n\n\n\n<p>\u0130peker stated that they have made a declaration on not increasing the capacity of their companies from now on and said; &#8220;We have seen that we are able to grow our company more than 3 times by using 40% less resources and reducing our production by 40% in the last 20 years\u201d.&nbsp; \u0130peker also relayed that environmental labels of the textile raw material producers are used by companies producing textiles with coal and that the end consumer is therefore misled; He made an open call to companies producing raw materials not to sell to textile manufacturers producing with coal.<\/p>\n\n\n\n<div class=\"wp-block-image\"><figure class=\"aligncenter size-full\"><img loading=\"lazy\" decoding=\"async\" width=\"1200\" height=\"675\" src=\"https:\/\/www.textilegence.com\/wp-content\/uploads\/2021\/11\/sustainability-talks-detail-2.jpg\" alt=\"\" class=\"wp-image-42904\" srcset=\"https:\/\/www.textilegence.com\/wp-content\/uploads\/2021\/11\/sustainability-talks-detail-2.jpg 1200w, https:\/\/www.textilegence.com\/wp-content\/uploads\/2021\/11\/sustainability-talks-detail-2-768x432.jpg 768w, https:\/\/www.textilegence.com\/wp-content\/uploads\/2021\/11\/sustainability-talks-detail-2-696x392.jpg 696w, https:\/\/www.textilegence.com\/wp-content\/uploads\/2021\/11\/sustainability-talks-detail-2-1068x601.jpg 1068w\" sizes=\"auto, (max-width: 1200px) 100vw, 1200px\" \/><figcaption>\u0130peker Tekstil, the world\u2019s first V-Label approved weaving manufacturer <\/figcaption><\/figure><\/div>\n\n\n\n<h2 class=\"wp-block-heading\" id=\"h-free-support-for-textile-companies-in-sustainable-production\">Free support for textile companies in sustainable production<\/h2>\n\n\n\n<p>Emrah E\u015fter, speaking on behalf of Archroma at the Sustainability Talks, announced that they have developed a tool called ONE WAY Impact Calculator, in which they can collect and display all kinds of detailed information such as water, electricity and natural gas consumption in a single point. E\u015fter stated that this can be used in all kinds of products and said that companies can get this tool by applying and getting the licence from them. Emphasizing that they only do this for support purposes and that they do not have a financial expectation, E\u015fter expressed that this is a method that will be very beneficial in textile companies.<\/p>\n\n\n\n<h2 class=\"wp-block-heading\" id=\"h-polyamide-biodegradable-in-5-years\">Polyamide, biodegradable in 5 years<\/h2>\n\n\n\n<p>Fulgar Marketing Manager Daniela Antunes talked about the company\u2019s own production of Amni Soul Eco, a biodegradable polyamide. Antunes said that while the others take 50 to 70 years to dissolve in nature, this one dissolves within a period of 5 years after they are thrown into nature and that they can see the same polyamide 6 properties when Amni Soul technology is used.<\/p>\n\n\n\n<p>Another prominent solution in sustainable raw material solutions at the Sustainability Talks was cottonized hemp. Denis Druon from Marmara Hemp stated that they are growing hemp for textile and they are doing detailed studies on this subject. Druon noted that cotonized hemp will be recognized as a sustainable fibre with these official analyzes and said; \u201cSustainability will no longer be a buzzword, fashion will probably be more sustainable thanks to flax fibre\u201d.<\/p>\n\n\n\n<div class=\"wp-block-image\"><figure class=\"aligncenter size-full\"><img loading=\"lazy\" decoding=\"async\" width=\"1200\" height=\"675\" src=\"https:\/\/www.textilegence.com\/wp-content\/uploads\/2021\/11\/sustainability-talks-detail-3.jpg\" alt=\"\" class=\"wp-image-42906\" srcset=\"https:\/\/www.textilegence.com\/wp-content\/uploads\/2021\/11\/sustainability-talks-detail-3.jpg 1200w, https:\/\/www.textilegence.com\/wp-content\/uploads\/2021\/11\/sustainability-talks-detail-3-768x432.jpg 768w, https:\/\/www.textilegence.com\/wp-content\/uploads\/2021\/11\/sustainability-talks-detail-3-696x392.jpg 696w, https:\/\/www.textilegence.com\/wp-content\/uploads\/2021\/11\/sustainability-talks-detail-3-1068x601.jpg 1068w\" sizes=\"auto, (max-width: 1200px) 100vw, 1200px\" \/><figcaption>Sustainability Talks: It is time to act<\/figcaption><\/figure><\/div>\n\n\n\n<h2 class=\"wp-block-heading\" id=\"h-zero-dye-waste-in-denim-dyeing\">Zero dye waste in denim dyeing<\/h2>\n\n\n\n<p>Reminding that Turkey is in the top three in the global denim industry, MKS DEVO Kimya Head of Board Mehmet Korg\u00fcn \u015eeng\u00fcn said that sulfur dyeing in denim both affects worker health negatively and pollutes the waters significantly. In addition, \u015eeng\u00fcn underled that a Lake Van disappears every year just to produce dye and a Caspian Sea is destroyed without return just to dye it and explained that they developed a patented product called Sultan Black Eco for this reason. \u015eeng\u00fcn stated that although they can do this in Bangladesh and Pakistan, they still cannot implement it in Turkey. He explained that the reason for this is the fact that the textile industry has a conservative and traditionalist structure and that they want it to be sustainable by doing everything as before. \u015eeng\u00fcn also emphasized that there would be no life without water and underlined that our priority should be water.<\/p>\n","protected":false},"excerpt":{"rendered":"<p>Sustainability Talks, held for the second time this year, have brought together local and international textile manufacturers both physically and virtually on November, 25. A sustainable and transparent textile value chain and circularity were the main topics of the event, held at Zorlu Performing Arts Center with the strategic partnership of Turkish Exporters\u2019 Assembly Textile [&hellip;]<\/p>\n","protected":false},"author":26,"featured_media":42923,"comment_status":"open","ping_status":"closed","sticky":false,"template":"","format":"standard","meta":{"footnotes":""},"categories":[14912],"tags":[11143,14805,10369,12450],"class_list":{"0":"post-42912","1":"post","2":"type-post","3":"status-publish","4":"format-standard","5":"has-post-thumbnail","7":"category-green-times","8":"tag-sustainability-en","9":"tag-sustainability-talks","10":"tag-textile-news-en","11":"tag-topical"},"yoast_head":"<!-- This site is optimized with the Yoast SEO Premium plugin v27.3 (Yoast SEO v27.3) - https:\/\/yoast.com\/product\/yoast-seo-premium-wordpress\/ -->\n<title>Sustainability Talks: It is time to act - Textilegence<\/title>\n<meta name=\"description\" content=\"Sustainability Talks, held for the second time this year, have brought together local and international textile manufacturers...\" \/>\n<meta name=\"robots\" content=\"index, follow, max-snippet:-1, max-image-preview:large, max-video-preview:-1\" \/>\n<link rel=\"canonical\" href=\"https:\/\/www.textilegence.com\/en\/sustainability-talks-it-is-time-to-act\/\" \/>\n<meta property=\"og:locale\" content=\"en_US\" \/>\n<meta property=\"og:type\" content=\"article\" \/>\n<meta property=\"og:title\" content=\"Sustainability Talks: It is time to act\" \/>\n<meta property=\"og:description\" content=\"Sustainability Talks, held for the second time this year, have brought together local and international textile manufacturers both physically and\" \/>\n<meta property=\"og:url\" content=\"https:\/\/www.textilegence.com\/en\/sustainability-talks-it-is-time-to-act\/\" \/>\n<meta property=\"og:site_name\" content=\"Textilegence Magazine and Digital Platform\" \/>\n<meta property=\"article:publisher\" content=\"https:\/\/www.facebook.com\/TextilegenceMagazine\" \/>\n<meta property=\"article:author\" content=\"https:\/\/www.facebook.com\/TextilegenceMagazine\" \/>\n<meta property=\"article:published_time\" content=\"2021-11-29T13:35:37+00:00\" \/>\n<meta property=\"article:modified_time\" content=\"2022-01-12T06:38:19+00:00\" \/>\n<meta property=\"og:image\" content=\"https:\/\/www.textilegence.com\/wp-content\/uploads\/2021\/11\/sustainability-talks-textilegence-1.jpg\" \/>\n\t<meta property=\"og:image:width\" content=\"1200\" \/>\n\t<meta property=\"og:image:height\" content=\"675\" \/>\n\t<meta property=\"og:image:type\" content=\"image\/jpeg\" \/>\n<meta name=\"author\" content=\"Ya\u011fmur Melis \u015eim\u015fek\" \/>\n<meta name=\"twitter:card\" content=\"summary_large_image\" \/>\n<meta name=\"twitter:creator\" content=\"@https:\/\/twitter.com\/textilegence\" \/>\n<meta name=\"twitter:site\" content=\"@textilegence\" \/>\n<meta name=\"twitter:label1\" content=\"Written by\" \/>\n\t<meta name=\"twitter:data1\" content=\"Ya\u011fmur Melis \u015eim\u015fek\" \/>\n\t<meta name=\"twitter:label2\" content=\"Est. reading time\" \/>\n\t<meta name=\"twitter:data2\" content=\"9 minutes\" \/>\n<script type=\"application\/ld+json\" class=\"yoast-schema-graph\">{\"@context\":\"https:\\\/\\\/schema.org\",\"@graph\":[{\"@type\":\"NewsArticle\",\"@id\":\"https:\\\/\\\/www.textilegence.com\\\/en\\\/sustainability-talks-it-is-time-to-act\\\/#article\",\"isPartOf\":{\"@id\":\"https:\\\/\\\/www.textilegence.com\\\/en\\\/sustainability-talks-it-is-time-to-act\\\/\"},\"author\":{\"name\":\"Ya\u011fmur Melis \u015eim\u015fek\",\"@id\":\"https:\\\/\\\/www.textilegence.com\\\/en\\\/#\\\/schema\\\/person\\\/cfa6baf17f0478131c673c93a9b88ef3\"},\"headline\":\"Sustainability Talks: It is time to act\",\"datePublished\":\"2021-11-29T13:35:37+00:00\",\"dateModified\":\"2022-01-12T06:38:19+00:00\",\"mainEntityOfPage\":{\"@id\":\"https:\\\/\\\/www.textilegence.com\\\/en\\\/sustainability-talks-it-is-time-to-act\\\/\"},\"wordCount\":1303,\"commentCount\":0,\"publisher\":{\"@id\":\"https:\\\/\\\/www.textilegence.com\\\/en\\\/#organization\"},\"image\":{\"@id\":\"https:\\\/\\\/www.textilegence.com\\\/en\\\/sustainability-talks-it-is-time-to-act\\\/#primaryimage\"},\"thumbnailUrl\":\"https:\\\/\\\/www.textilegence.com\\\/wp-content\\\/uploads\\\/2021\\\/11\\\/sustainability-talks-textilegence-1.jpg\",\"keywords\":[\"sustainability\",\"sustainability talks\",\"textile news\",\"topical\"],\"articleSection\":[\"Green Times\"],\"inLanguage\":\"en-US\",\"potentialAction\":[{\"@type\":\"CommentAction\",\"name\":\"Comment\",\"target\":[\"https:\\\/\\\/www.textilegence.com\\\/en\\\/sustainability-talks-it-is-time-to-act\\\/#respond\"]}]},{\"@type\":\"WebPage\",\"@id\":\"https:\\\/\\\/www.textilegence.com\\\/en\\\/sustainability-talks-it-is-time-to-act\\\/\",\"url\":\"https:\\\/\\\/www.textilegence.com\\\/en\\\/sustainability-talks-it-is-time-to-act\\\/\",\"name\":\"Sustainability Talks: It is time to act - Textilegence\",\"isPartOf\":{\"@id\":\"https:\\\/\\\/www.textilegence.com\\\/en\\\/#website\"},\"primaryImageOfPage\":{\"@id\":\"https:\\\/\\\/www.textilegence.com\\\/en\\\/sustainability-talks-it-is-time-to-act\\\/#primaryimage\"},\"image\":{\"@id\":\"https:\\\/\\\/www.textilegence.com\\\/en\\\/sustainability-talks-it-is-time-to-act\\\/#primaryimage\"},\"thumbnailUrl\":\"https:\\\/\\\/www.textilegence.com\\\/wp-content\\\/uploads\\\/2021\\\/11\\\/sustainability-talks-textilegence-1.jpg\",\"datePublished\":\"2021-11-29T13:35:37+00:00\",\"dateModified\":\"2022-01-12T06:38:19+00:00\",\"description\":\"Sustainability Talks, held for the second time this year, have brought together local and international textile manufacturers...\",\"breadcrumb\":{\"@id\":\"https:\\\/\\\/www.textilegence.com\\\/en\\\/sustainability-talks-it-is-time-to-act\\\/#breadcrumb\"},\"inLanguage\":\"en-US\",\"potentialAction\":[{\"@type\":\"ReadAction\",\"target\":[\"https:\\\/\\\/www.textilegence.com\\\/en\\\/sustainability-talks-it-is-time-to-act\\\/\"]}]},{\"@type\":\"ImageObject\",\"inLanguage\":\"en-US\",\"@id\":\"https:\\\/\\\/www.textilegence.com\\\/en\\\/sustainability-talks-it-is-time-to-act\\\/#primaryimage\",\"url\":\"https:\\\/\\\/www.textilegence.com\\\/wp-content\\\/uploads\\\/2021\\\/11\\\/sustainability-talks-textilegence-1.jpg\",\"contentUrl\":\"https:\\\/\\\/www.textilegence.com\\\/wp-content\\\/uploads\\\/2021\\\/11\\\/sustainability-talks-textilegence-1.jpg\",\"width\":1200,\"height\":675},{\"@type\":\"BreadcrumbList\",\"@id\":\"https:\\\/\\\/www.textilegence.com\\\/en\\\/sustainability-talks-it-is-time-to-act\\\/#breadcrumb\",\"itemListElement\":[{\"@type\":\"ListItem\",\"position\":1,\"name\":\"Home Page\",\"item\":\"https:\\\/\\\/www.textilegence.com\\\/en\\\/homepage-the-rimont\\\/\"},{\"@type\":\"ListItem\",\"position\":2,\"name\":\"Topical\",\"item\":\"https:\\\/\\\/www.textilegence.com\\\/en\\\/category\\\/topical\\\/\"},{\"@type\":\"ListItem\",\"position\":3,\"name\":\"Sustainability Talks: It is time to act\"}]},{\"@type\":\"WebSite\",\"@id\":\"https:\\\/\\\/www.textilegence.com\\\/en\\\/#website\",\"url\":\"https:\\\/\\\/www.textilegence.com\\\/en\\\/\",\"name\":\"Textilegence Magazine and Digital Platform\",\"description\":\"Textile News Center\",\"publisher\":{\"@id\":\"https:\\\/\\\/www.textilegence.com\\\/en\\\/#organization\"},\"potentialAction\":[{\"@type\":\"SearchAction\",\"target\":{\"@type\":\"EntryPoint\",\"urlTemplate\":\"https:\\\/\\\/www.textilegence.com\\\/en\\\/?s={search_term_string}\"},\"query-input\":{\"@type\":\"PropertyValueSpecification\",\"valueRequired\":true,\"valueName\":\"search_term_string\"}}],\"inLanguage\":\"en-US\"},{\"@type\":\"Organization\",\"@id\":\"https:\\\/\\\/www.textilegence.com\\\/en\\\/#organization\",\"name\":\"Textilegence Magazine and Digital Platform\",\"url\":\"https:\\\/\\\/www.textilegence.com\\\/en\\\/\",\"logo\":{\"@type\":\"ImageObject\",\"inLanguage\":\"en-US\",\"@id\":\"https:\\\/\\\/www.textilegence.com\\\/en\\\/#\\\/schema\\\/logo\\\/image\\\/\",\"url\":\"https:\\\/\\\/www.textilegence.com\\\/wp-content\\\/uploads\\\/2016\\\/11\\\/New_Retina_Logo_Textilegence.png\",\"contentUrl\":\"https:\\\/\\\/www.textilegence.com\\\/wp-content\\\/uploads\\\/2016\\\/11\\\/New_Retina_Logo_Textilegence.png\",\"width\":544,\"height\":180,\"caption\":\"Textilegence Magazine and Digital Platform\"},\"image\":{\"@id\":\"https:\\\/\\\/www.textilegence.com\\\/en\\\/#\\\/schema\\\/logo\\\/image\\\/\"},\"sameAs\":[\"https:\\\/\\\/www.facebook.com\\\/TextilegenceMagazine\",\"https:\\\/\\\/x.com\\\/textilegence\",\"https:\\\/\\\/www.instagram.com\\\/textilegence\\\/\",\"https:\\\/\\\/www.linkedin.com\\\/groups\\\/Textilegence-Magazine-Digital-Platform-4897253\",\"https:\\\/\\\/www.youtube.com\\\/user\\\/textilegence\"],\"description\":\"Textilegence is a magazine and digital platform established in 2013. It focuses on the textile industry and sub-segments. The platform provides news, articles, and updates on various aspects of the textile industry, including sustainability, technological advancements, and market trends.\",\"email\":\"editor@textilegence.com\",\"telephone\":\"+90 212 442 24 12\",\"legalName\":\"Textilegence Mag and Digital Platform\",\"foundingDate\":\"2013-01-01\",\"numberOfEmployees\":{\"@type\":\"QuantitativeValue\",\"minValue\":\"1\",\"maxValue\":\"10\"}},{\"@type\":\"Person\",\"@id\":\"https:\\\/\\\/www.textilegence.com\\\/en\\\/#\\\/schema\\\/person\\\/cfa6baf17f0478131c673c93a9b88ef3\",\"name\":\"Ya\u011fmur Melis \u015eim\u015fek\",\"image\":{\"@type\":\"ImageObject\",\"inLanguage\":\"en-US\",\"@id\":\"https:\\\/\\\/www.textilegence.com\\\/wp-content\\\/uploads\\\/2022\\\/03\\\/Yagmur_photo1.jpg\",\"url\":\"https:\\\/\\\/www.textilegence.com\\\/wp-content\\\/uploads\\\/2022\\\/03\\\/Yagmur_photo1.jpg\",\"contentUrl\":\"https:\\\/\\\/www.textilegence.com\\\/wp-content\\\/uploads\\\/2022\\\/03\\\/Yagmur_photo1.jpg\",\"caption\":\"Ya\u011fmur Melis \u015eim\u015fek\"},\"description\":\"Ya\u011fmur Melis \u015eim\u015fek, Saint-Beno\u00eet Frans\u0131z Lisesi\u2019nde e\u011fitim g\u00f6rm\u00fc\u015f, ard\u0131ndan Anadolu \u00dcniversitesi\u2019nde iki y\u0131ll\u0131k Foto\u011fraf\u00e7\u0131l\u0131k B\u00f6l\u00fcm\u00fc\u2019n\u00fc tamamlam\u0131\u015ft\u0131r. Daha sonra lisans e\u011fitimini \u0130stanbul \u00dcniversitesi Gazetecilik B\u00f6l\u00fcm\u00fc\u2019nde s\u00fcrd\u00fcrm\u00fc\u015f, mezuniyetin ard\u0131ndan ise 2017 y\u0131l\u0131nda i\u015f hayat\u0131na at\u0131lm\u0131\u015ft\u0131r. Pek \u00e7ok farkl\u0131 projede, foto\u011fraf\u00e7\u0131l\u0131k ve grafik tasar\u0131mc\u0131l\u0131\u011f\u0131n yan\u0131 s\u0131ra teknoloji alan\u0131nda i\u00e7erik ve haber yazarl\u0131\u011f\u0131 gibi \u00e7e\u015fitli pozisyonlarda yer alan \u015eim\u015fek, 2021 y\u0131l\u0131ndan bu yana Textilegence\u2019da d\u0131\u015f haberlerde yard\u0131mc\u0131 edit\u00f6r olarak g\u00f6rev yapmaktad\u0131r.\",\"sameAs\":[\"https:\\\/\\\/www.textilegence.com\\\/\",\"https:\\\/\\\/www.facebook.com\\\/TextilegenceMagazine\",\"https:\\\/\\\/www.instagram.com\\\/textilegence\\\/\",\"https:\\\/\\\/www.linkedin.com\\\/company\\\/2985016\",\"https:\\\/\\\/x.com\\\/https:\\\/\\\/twitter.com\\\/textilegence\",\"https:\\\/\\\/www.youtube.com\\\/channel\\\/UCgtcny5ljhiXu-yvOiAlpRA\"],\"url\":\"https:\\\/\\\/www.textilegence.com\\\/en\\\/author\\\/yms\\\/\"}]}<\/script>\n<!-- \/ Yoast SEO Premium plugin. -->","yoast_head_json":{"title":"Sustainability Talks: It is time to act - Textilegence","description":"Sustainability Talks, held for the second time this year, have brought together local and international textile manufacturers...","robots":{"index":"index","follow":"follow","max-snippet":"max-snippet:-1","max-image-preview":"max-image-preview:large","max-video-preview":"max-video-preview:-1"},"canonical":"https:\/\/www.textilegence.com\/en\/sustainability-talks-it-is-time-to-act\/","og_locale":"en_US","og_type":"article","og_title":"Sustainability Talks: It is time to act","og_description":"Sustainability Talks, held for the second time this year, have brought together local and international textile manufacturers both physically and","og_url":"https:\/\/www.textilegence.com\/en\/sustainability-talks-it-is-time-to-act\/","og_site_name":"Textilegence Magazine and Digital Platform","article_publisher":"https:\/\/www.facebook.com\/TextilegenceMagazine","article_author":"https:\/\/www.facebook.com\/TextilegenceMagazine","article_published_time":"2021-11-29T13:35:37+00:00","article_modified_time":"2022-01-12T06:38:19+00:00","og_image":[{"width":1200,"height":675,"url":"https:\/\/www.textilegence.com\/wp-content\/uploads\/2021\/11\/sustainability-talks-textilegence-1.jpg","type":"image\/jpeg"}],"author":"Ya\u011fmur Melis \u015eim\u015fek","twitter_card":"summary_large_image","twitter_creator":"@https:\/\/twitter.com\/textilegence","twitter_site":"@textilegence","twitter_misc":{"Written by":"Ya\u011fmur Melis \u015eim\u015fek","Est. reading time":"9 minutes"},"schema":{"@context":"https:\/\/schema.org","@graph":[{"@type":"NewsArticle","@id":"https:\/\/www.textilegence.com\/en\/sustainability-talks-it-is-time-to-act\/#article","isPartOf":{"@id":"https:\/\/www.textilegence.com\/en\/sustainability-talks-it-is-time-to-act\/"},"author":{"name":"Ya\u011fmur Melis \u015eim\u015fek","@id":"https:\/\/www.textilegence.com\/en\/#\/schema\/person\/cfa6baf17f0478131c673c93a9b88ef3"},"headline":"Sustainability Talks: It is time to act","datePublished":"2021-11-29T13:35:37+00:00","dateModified":"2022-01-12T06:38:19+00:00","mainEntityOfPage":{"@id":"https:\/\/www.textilegence.com\/en\/sustainability-talks-it-is-time-to-act\/"},"wordCount":1303,"commentCount":0,"publisher":{"@id":"https:\/\/www.textilegence.com\/en\/#organization"},"image":{"@id":"https:\/\/www.textilegence.com\/en\/sustainability-talks-it-is-time-to-act\/#primaryimage"},"thumbnailUrl":"https:\/\/www.textilegence.com\/wp-content\/uploads\/2021\/11\/sustainability-talks-textilegence-1.jpg","keywords":["sustainability","sustainability talks","textile news","topical"],"articleSection":["Green Times"],"inLanguage":"en-US","potentialAction":[{"@type":"CommentAction","name":"Comment","target":["https:\/\/www.textilegence.com\/en\/sustainability-talks-it-is-time-to-act\/#respond"]}]},{"@type":"WebPage","@id":"https:\/\/www.textilegence.com\/en\/sustainability-talks-it-is-time-to-act\/","url":"https:\/\/www.textilegence.com\/en\/sustainability-talks-it-is-time-to-act\/","name":"Sustainability Talks: It is time to act - Textilegence","isPartOf":{"@id":"https:\/\/www.textilegence.com\/en\/#website"},"primaryImageOfPage":{"@id":"https:\/\/www.textilegence.com\/en\/sustainability-talks-it-is-time-to-act\/#primaryimage"},"image":{"@id":"https:\/\/www.textilegence.com\/en\/sustainability-talks-it-is-time-to-act\/#primaryimage"},"thumbnailUrl":"https:\/\/www.textilegence.com\/wp-content\/uploads\/2021\/11\/sustainability-talks-textilegence-1.jpg","datePublished":"2021-11-29T13:35:37+00:00","dateModified":"2022-01-12T06:38:19+00:00","description":"Sustainability Talks, held for the second time this year, have brought together local and international textile manufacturers...","breadcrumb":{"@id":"https:\/\/www.textilegence.com\/en\/sustainability-talks-it-is-time-to-act\/#breadcrumb"},"inLanguage":"en-US","potentialAction":[{"@type":"ReadAction","target":["https:\/\/www.textilegence.com\/en\/sustainability-talks-it-is-time-to-act\/"]}]},{"@type":"ImageObject","inLanguage":"en-US","@id":"https:\/\/www.textilegence.com\/en\/sustainability-talks-it-is-time-to-act\/#primaryimage","url":"https:\/\/www.textilegence.com\/wp-content\/uploads\/2021\/11\/sustainability-talks-textilegence-1.jpg","contentUrl":"https:\/\/www.textilegence.com\/wp-content\/uploads\/2021\/11\/sustainability-talks-textilegence-1.jpg","width":1200,"height":675},{"@type":"BreadcrumbList","@id":"https:\/\/www.textilegence.com\/en\/sustainability-talks-it-is-time-to-act\/#breadcrumb","itemListElement":[{"@type":"ListItem","position":1,"name":"Home Page","item":"https:\/\/www.textilegence.com\/en\/homepage-the-rimont\/"},{"@type":"ListItem","position":2,"name":"Topical","item":"https:\/\/www.textilegence.com\/en\/category\/topical\/"},{"@type":"ListItem","position":3,"name":"Sustainability Talks: It is time to act"}]},{"@type":"WebSite","@id":"https:\/\/www.textilegence.com\/en\/#website","url":"https:\/\/www.textilegence.com\/en\/","name":"Textilegence Magazine and Digital Platform","description":"Textile News Center","publisher":{"@id":"https:\/\/www.textilegence.com\/en\/#organization"},"potentialAction":[{"@type":"SearchAction","target":{"@type":"EntryPoint","urlTemplate":"https:\/\/www.textilegence.com\/en\/?s={search_term_string}"},"query-input":{"@type":"PropertyValueSpecification","valueRequired":true,"valueName":"search_term_string"}}],"inLanguage":"en-US"},{"@type":"Organization","@id":"https:\/\/www.textilegence.com\/en\/#organization","name":"Textilegence Magazine and Digital Platform","url":"https:\/\/www.textilegence.com\/en\/","logo":{"@type":"ImageObject","inLanguage":"en-US","@id":"https:\/\/www.textilegence.com\/en\/#\/schema\/logo\/image\/","url":"https:\/\/www.textilegence.com\/wp-content\/uploads\/2016\/11\/New_Retina_Logo_Textilegence.png","contentUrl":"https:\/\/www.textilegence.com\/wp-content\/uploads\/2016\/11\/New_Retina_Logo_Textilegence.png","width":544,"height":180,"caption":"Textilegence Magazine and Digital Platform"},"image":{"@id":"https:\/\/www.textilegence.com\/en\/#\/schema\/logo\/image\/"},"sameAs":["https:\/\/www.facebook.com\/TextilegenceMagazine","https:\/\/x.com\/textilegence","https:\/\/www.instagram.com\/textilegence\/","https:\/\/www.linkedin.com\/groups\/Textilegence-Magazine-Digital-Platform-4897253","https:\/\/www.youtube.com\/user\/textilegence"],"description":"Textilegence is a magazine and digital platform established in 2013. It focuses on the textile industry and sub-segments. The platform provides news, articles, and updates on various aspects of the textile industry, including sustainability, technological advancements, and market trends.","email":"editor@textilegence.com","telephone":"+90 212 442 24 12","legalName":"Textilegence Mag and Digital Platform","foundingDate":"2013-01-01","numberOfEmployees":{"@type":"QuantitativeValue","minValue":"1","maxValue":"10"}},{"@type":"Person","@id":"https:\/\/www.textilegence.com\/en\/#\/schema\/person\/cfa6baf17f0478131c673c93a9b88ef3","name":"Ya\u011fmur Melis \u015eim\u015fek","image":{"@type":"ImageObject","inLanguage":"en-US","@id":"https:\/\/www.textilegence.com\/wp-content\/uploads\/2022\/03\/Yagmur_photo1.jpg","url":"https:\/\/www.textilegence.com\/wp-content\/uploads\/2022\/03\/Yagmur_photo1.jpg","contentUrl":"https:\/\/www.textilegence.com\/wp-content\/uploads\/2022\/03\/Yagmur_photo1.jpg","caption":"Ya\u011fmur Melis \u015eim\u015fek"},"description":"Ya\u011fmur Melis \u015eim\u015fek, Saint-Beno\u00eet Frans\u0131z Lisesi\u2019nde e\u011fitim g\u00f6rm\u00fc\u015f, ard\u0131ndan Anadolu \u00dcniversitesi\u2019nde iki y\u0131ll\u0131k Foto\u011fraf\u00e7\u0131l\u0131k B\u00f6l\u00fcm\u00fc\u2019n\u00fc tamamlam\u0131\u015ft\u0131r. Daha sonra lisans e\u011fitimini \u0130stanbul \u00dcniversitesi Gazetecilik B\u00f6l\u00fcm\u00fc\u2019nde s\u00fcrd\u00fcrm\u00fc\u015f, mezuniyetin ard\u0131ndan ise 2017 y\u0131l\u0131nda i\u015f hayat\u0131na at\u0131lm\u0131\u015ft\u0131r. Pek \u00e7ok farkl\u0131 projede, foto\u011fraf\u00e7\u0131l\u0131k ve grafik tasar\u0131mc\u0131l\u0131\u011f\u0131n yan\u0131 s\u0131ra teknoloji alan\u0131nda i\u00e7erik ve haber yazarl\u0131\u011f\u0131 gibi \u00e7e\u015fitli pozisyonlarda yer alan \u015eim\u015fek, 2021 y\u0131l\u0131ndan bu yana Textilegence\u2019da d\u0131\u015f haberlerde yard\u0131mc\u0131 edit\u00f6r olarak g\u00f6rev yapmaktad\u0131r.","sameAs":["https:\/\/www.textilegence.com\/","https:\/\/www.facebook.com\/TextilegenceMagazine","https:\/\/www.instagram.com\/textilegence\/","https:\/\/www.linkedin.com\/company\/2985016","https:\/\/x.com\/https:\/\/twitter.com\/textilegence","https:\/\/www.youtube.com\/channel\/UCgtcny5ljhiXu-yvOiAlpRA"],"url":"https:\/\/www.textilegence.com\/en\/author\/yms\/"}]}},"_links":{"self":[{"href":"https:\/\/www.textilegence.com\/en\/wp-json\/wp\/v2\/posts\/42912","targetHints":{"allow":["GET"]}}],"collection":[{"href":"https:\/\/www.textilegence.com\/en\/wp-json\/wp\/v2\/posts"}],"about":[{"href":"https:\/\/www.textilegence.com\/en\/wp-json\/wp\/v2\/types\/post"}],"author":[{"embeddable":true,"href":"https:\/\/www.textilegence.com\/en\/wp-json\/wp\/v2\/users\/26"}],"replies":[{"embeddable":true,"href":"https:\/\/www.textilegence.com\/en\/wp-json\/wp\/v2\/comments?post=42912"}],"version-history":[{"count":0,"href":"https:\/\/www.textilegence.com\/en\/wp-json\/wp\/v2\/posts\/42912\/revisions"}],"wp:featuredmedia":[{"embeddable":true,"href":"https:\/\/www.textilegence.com\/en\/wp-json\/wp\/v2\/media\/42923"}],"wp:attachment":[{"href":"https:\/\/www.textilegence.com\/en\/wp-json\/wp\/v2\/media?parent=42912"}],"wp:term":[{"taxonomy":"category","embeddable":true,"href":"https:\/\/www.textilegence.com\/en\/wp-json\/wp\/v2\/categories?post=42912"},{"taxonomy":"post_tag","embeddable":true,"href":"https:\/\/www.textilegence.com\/en\/wp-json\/wp\/v2\/tags?post=42912"}],"curies":[{"name":"wp","href":"https:\/\/api.w.org\/{rel}","templated":true}]}}