{"id":43857,"date":"2021-12-30T16:09:12","date_gmt":"2021-12-30T13:09:12","guid":{"rendered":"http:\/\/www.textilegence.com\/?p=43857"},"modified":"2021-12-30T16:09:18","modified_gmt":"2021-12-30T13:09:18","slug":"exporters-focus-on-design-and-innovation","status":"publish","type":"post","link":"https:\/\/www.textilegence.com\/en\/exporters-focus-on-design-and-innovation\/","title":{"rendered":"Exporters focus on design and innovation"},"content":{"rendered":"\n<p><a href=\"https:\/\/www.eib.org.tr\/en\/\" target=\"_blank\" rel=\"noreferrer noopener\">Aegean Exporters\u2019 Association (EIB)<\/a> finalized 2021 with an export strategy based on digitalization, sustainability, design and innovation, exceeding its export target of 16 billion dollars and is advancing to an export figure of 18 billion dollars in 2022. EIB continues to bring new designers to the sector by taking part in four design <a href=\"https:\/\/www.textilegence.com\/en\/category\/trade-fairs\/\" target=\"_blank\" rel=\"noreferrer noopener\">competitions<\/a>, namely EIB Fashion Design Competition, Deri\u2019n Fikirler Leather Production and Design Competition, AMORF Natural Stone Project and Design Competition and Ezber Bozan (Game Changer) Design Competition at <a href=\"https:\/\/designweekturkiye.com\/\" target=\"_blank\" rel=\"noreferrer noopener\">Design Week Turkey 2021<\/a>.<\/p>\n\n\n\n<p>Aegean Exporters\u2019 Unions Coordinator President Jak Eskinazi said; \u201cWe have EIB Fashion Design Competition, Deri&#8217;n Fikirler Leather Production and Design Competition, AMORF Natural Stone Project and Design Competition, our Ezber Bozan Design Competition where we brought the furniture, textile and natural stone sectors together. With these, we are building a future that will be created by designers who think about the economy with high added value beyond the age. Because everyone, every industry needs to do things \u2018really\u2019 different, they need different perspectives\u201d.<\/p>\n\n\n\n<h2 class=\"wp-block-heading\" id=\"h-design-offices-in-companies-are-getting-stronger\">Design offices in companies are getting stronger<\/h2>\n\n\n\n<p>Jak Eskinazi disclosed that they have brought hundreds of designers to Turkey for 17 years and drew attention to the fact that these sectors, for which design competitions are held, export far above the average of Turkey. Eskinazi said; \u201cOur ready-to-wear and apparel industry reached 20 billion dollars, our textile industry reached 10 billion dollars, our furniture industry reached an export volume exceeding 4 billion dollars, and our natural stone industry reached 2 billion dollars and we exported 36 billion dollars in total in the last year by jumping one step each year in global exports\u201d.<\/p>\n\n\n\n<p>Eskinazi reminded that EIB has made a great effort in shaping the design support declaration to support the design offices of the companies and stated that thanks to this declaration, design offices have been formed within lots of companies and at the same time design offices that already exist in the companies have improved. Eskinazi said that today these sectors export with value-added with a strong design ecosystem\u201d.<\/p>\n\n\n\n<div class=\"wp-block-image\"><figure class=\"aligncenter size-full\"><img loading=\"lazy\" decoding=\"async\" width=\"1200\" height=\"675\" src=\"https:\/\/www.textilegence.com\/wp-content\/uploads\/2021\/12\/eib-detail-1.jpg\" alt=\"\" class=\"wp-image-43863\" srcset=\"https:\/\/www.textilegence.com\/wp-content\/uploads\/2021\/12\/eib-detail-1.jpg 1200w, https:\/\/www.textilegence.com\/wp-content\/uploads\/2021\/12\/eib-detail-1-768x432.jpg 768w, https:\/\/www.textilegence.com\/wp-content\/uploads\/2021\/12\/eib-detail-1-300x169.jpg 300w, https:\/\/www.textilegence.com\/wp-content\/uploads\/2021\/12\/eib-detail-1-600x338.jpg 600w, https:\/\/www.textilegence.com\/wp-content\/uploads\/2021\/12\/eib-detail-1-696x392.jpg 696w, https:\/\/www.textilegence.com\/wp-content\/uploads\/2021\/12\/eib-detail-1-1068x601.jpg 1068w\" sizes=\"auto, (max-width: 1200px) 100vw, 1200px\" \/><figcaption> &#8220;We became a pioneer in design mobilization with our EIB Fashion Design Competition\u201d <\/figcaption><\/figure><\/div>\n\n\n\n<h2 class=\"wp-block-heading\" id=\"h-we-became-a-pioneer-in-design-mobilization-with-our-eib-fashion-design-competition\">\u201cWe became a pioneer in design mobilization with our EIB Fashion Design Competition\u201d<\/h2>\n\n\n\n<p>Aegean Ready-to-Wear and Apparel Exporters\u2019 Association President Burak Sertba\u015f reminded that Turkey has traditionally been the net exporter sector with the highest foreign trade surplus by far when looking at the quality and value-added power of ready-to-wear and apparel exports. Sertba\u015f remarked that they are a pioneer in the design mobilization with the EIB Fashion Design Competition, which they have been organizing since 2004 in order to create radical changes in Turkey. He said; \u201cOur young people made their names known to the world by crossing the borders of the country with their original and innovative designs. We covered TECH-TILITY, including sustainable designs that bring nature and technology together in the online final\u201d.<\/p>\n\n\n\n<h2 class=\"wp-block-heading\" id=\"h-the-key-to-long-term-development-is-investment-in-innovation-education-and-young-minds\">\u201cThe key to long-term development is investment in innovation, education and young minds\u201d<\/h2>\n\n\n\n<p>President of the Aegean Leather and Leather Products Exporters\u2019 Association Erkan Zandar underlined that the key to Turkey\u2019s long-term development is through investing in innovation, education and young minds and said; \u201cOur production and product quality is above the world standard, and most importantly, our industry has a century of leather processing experience. We provided many young people with international education with the support of our Ministry of Commerce with our Deri&#8217;n Fikirler Leather Design and Production Competition, organized for the 8th time by our association in January 2020. We want to improve our design sector by adding different perspectives to our productions with the visions of the designers in the future\u201d.<\/p>\n\n\n\n<div class=\"wp-block-image\"><figure class=\"aligncenter size-full\"><img loading=\"lazy\" decoding=\"async\" width=\"1200\" height=\"675\" src=\"https:\/\/www.textilegence.com\/wp-content\/uploads\/2021\/12\/eib-detail-2.jpg\" alt=\"\" class=\"wp-image-43865\" srcset=\"https:\/\/www.textilegence.com\/wp-content\/uploads\/2021\/12\/eib-detail-2.jpg 1200w, https:\/\/www.textilegence.com\/wp-content\/uploads\/2021\/12\/eib-detail-2-768x432.jpg 768w, https:\/\/www.textilegence.com\/wp-content\/uploads\/2021\/12\/eib-detail-2-300x169.jpg 300w, https:\/\/www.textilegence.com\/wp-content\/uploads\/2021\/12\/eib-detail-2-600x338.jpg 600w, https:\/\/www.textilegence.com\/wp-content\/uploads\/2021\/12\/eib-detail-2-696x392.jpg 696w, https:\/\/www.textilegence.com\/wp-content\/uploads\/2021\/12\/eib-detail-2-1068x601.jpg 1068w\" sizes=\"auto, (max-width: 1200px) 100vw, 1200px\" \/><figcaption>Ezber Bozan Design Competition brought the furniture, textile and mining industries together for the first time.<\/figcaption><\/figure><\/div>\n\n\n\n<h2 class=\"wp-block-heading\" id=\"h-our-goal-is-creating-a-new-economy-in-line-with-the-principles-of-sustainable-mining\">\u201cOur goal is creating a new economy in line with the principles of Sustainable Mining\u201d<\/h2>\n\n\n\n<p>Aegean Mineral Exporters\u2019 Association President Mevl\u00fct Kaya explained that the share of processed products in natural stone exports in Turkey is 60 percent, and 70 percent in the Aegean and said; \u201cAMORF Natural Stone Project and Design competition is one of the cornerstones of our dream and our project on emphasizing the importance of Turkish natural stone and making Turkey the first country that comes to mind when talking about marble in the world. Our goal is to create a new economy in the sector together with miners, industrialists, academicians, designers and architects in line with the principles of Sustainable Mining\u201d. Kaya also stated that in the 2nd year of AMORF, they have increased the number of participants even more and added the country\u2019s world-famous architects, artists and designers to their structures\u201d.<\/p>\n\n\n\n<h2 class=\"wp-block-heading\" id=\"h-the-way-of-value-added-exports-goes-through-design-innovation-and-r-d\">\u201cThe way of value-added exports goes through design, innovation and R&amp;D\u201d<\/h2>\n\n\n\n<p>President of the Aegean Furniture, Paper and Forest Products Exporters\u2019 Association Cahit Do\u011fan Ya\u011fc\u0131 emphasized that the way to value-added exports is through design, innovation and R&amp;D, and that is why they brought the furniture, textile and mining industries together for the first time in 2021 with the Ezber Bozan Design Competition. Ya\u011fc\u0131 stated that the winners had the chance to have their designs produced and that they started to receive job offers by expanding their connections and continued his words as follows:<\/p>\n\n\n\n<p>\u201cOur furniture sector has an annual foreign trade surplus of 2.8 billion dollars and is one of the sectors that make a significant contribution to the country\u2019s economy and employment. While the average kilogram price of our furniture exports in Turkey is $2.76, this figure reaches $3.25 in the Aegean. We are working to increase the average export price of furniture in the Aegean Region to 6 dollars\u201d.<\/p>\n\n\n\n<p>Ya\u011fc\u0131 stated that they have started preparations to organize the Game-Breaking Design Competition with the theme of &#8216;Smart&#8217; this year and announced that they will start receiving applications very soon.<\/p>\n","protected":false},"excerpt":{"rendered":"<p>Aegean Exporters\u2019 Association (EIB) finalized 2021 with an export strategy based on digitalization, sustainability, design and innovation, exceeding its export target of 16 billion dollars and is advancing to an export figure of 18 billion dollars in 2022. EIB continues to bring new designers to the sector by taking part in four design competitions, namely [&hellip;]<\/p>\n","protected":false},"author":16,"featured_media":43861,"comment_status":"open","ping_status":"closed","sticky":false,"template":"","format":"standard","meta":{"footnotes":""},"categories":[9845],"tags":[14918,10214,10369,12448],"class_list":{"0":"post-43857","1":"post","2":"type-post","3":"status-publish","4":"format-standard","5":"has-post-thumbnail","7":"category-trade-fairs","8":"tag-aegean-exporters-association","9":"tag-fashion-en","10":"tag-textile-news-en","11":"tag-trade-fairs"},"yoast_head":"<!-- This site is optimized with the Yoast SEO Premium plugin v27.3 (Yoast SEO v27.3) - https:\/\/yoast.com\/product\/yoast-seo-premium-wordpress\/ -->\n<title>Exporters focus on design and innovation - Textilegence<\/title>\n<meta name=\"description\" content=\"The Aegean Exporters\u2019 Association (EIB) finalized 2021 with an export strategy based on digitalization, sustainability, design and...\" \/>\n<meta name=\"robots\" content=\"index, follow, max-snippet:-1, max-image-preview:large, max-video-preview:-1\" \/>\n<link rel=\"canonical\" href=\"https:\/\/www.textilegence.com\/en\/exporters-focus-on-design-and-innovation\/\" \/>\n<meta property=\"og:locale\" content=\"en_US\" \/>\n<meta property=\"og:type\" content=\"article\" \/>\n<meta property=\"og:title\" content=\"Exporters focus on design and innovation\" \/>\n<meta property=\"og:description\" content=\"Aegean Exporters\u2019 Association (EIB) finalized 2021 with an export strategy based on digitalization, sustainability, design and innovation, exceeding its\" \/>\n<meta property=\"og:url\" content=\"https:\/\/www.textilegence.com\/en\/exporters-focus-on-design-and-innovation\/\" \/>\n<meta property=\"og:site_name\" content=\"Textilegence Magazine and Digital Platform\" \/>\n<meta property=\"article:publisher\" content=\"https:\/\/www.facebook.com\/TextilegenceMagazine\" \/>\n<meta property=\"article:author\" content=\"https:\/\/www.facebook.com\/TextilegenceMagazine\" \/>\n<meta property=\"article:published_time\" content=\"2021-12-30T13:09:12+00:00\" \/>\n<meta property=\"article:modified_time\" content=\"2021-12-30T13:09:18+00:00\" \/>\n<meta property=\"og:image\" content=\"https:\/\/www.textilegence.com\/wp-content\/uploads\/2021\/12\/eib-textilegence.jpg\" \/>\n\t<meta property=\"og:image:width\" content=\"1200\" \/>\n\t<meta property=\"og:image:height\" content=\"675\" \/>\n\t<meta property=\"og:image:type\" content=\"image\/jpeg\" \/>\n<meta name=\"author\" content=\"Emirhan \u00c7ilo\u011flu\" \/>\n<meta name=\"twitter:card\" content=\"summary_large_image\" \/>\n<meta name=\"twitter:creator\" content=\"@https:\/\/twitter.com\/textilegence\" \/>\n<meta name=\"twitter:site\" content=\"@textilegence\" \/>\n<meta name=\"twitter:label1\" content=\"Written by\" \/>\n\t<meta name=\"twitter:data1\" content=\"Emirhan \u00c7ilo\u011flu\" \/>\n\t<meta name=\"twitter:label2\" content=\"Est. reading time\" \/>\n\t<meta name=\"twitter:data2\" content=\"7 minutes\" \/>\n<script type=\"application\/ld+json\" class=\"yoast-schema-graph\">{\"@context\":\"https:\\\/\\\/schema.org\",\"@graph\":[{\"@type\":\"NewsArticle\",\"@id\":\"https:\\\/\\\/www.textilegence.com\\\/en\\\/exporters-focus-on-design-and-innovation\\\/#article\",\"isPartOf\":{\"@id\":\"https:\\\/\\\/www.textilegence.com\\\/en\\\/exporters-focus-on-design-and-innovation\\\/\"},\"author\":{\"name\":\"Emirhan \u00c7ilo\u011flu\",\"@id\":\"https:\\\/\\\/www.textilegence.com\\\/en\\\/#\\\/schema\\\/person\\\/8dbf2ab62ffdf644153f8c0f9c991f78\"},\"headline\":\"Exporters focus on design and innovation\",\"datePublished\":\"2021-12-30T13:09:12+00:00\",\"dateModified\":\"2021-12-30T13:09:18+00:00\",\"mainEntityOfPage\":{\"@id\":\"https:\\\/\\\/www.textilegence.com\\\/en\\\/exporters-focus-on-design-and-innovation\\\/\"},\"wordCount\":959,\"commentCount\":0,\"publisher\":{\"@id\":\"https:\\\/\\\/www.textilegence.com\\\/en\\\/#organization\"},\"image\":{\"@id\":\"https:\\\/\\\/www.textilegence.com\\\/en\\\/exporters-focus-on-design-and-innovation\\\/#primaryimage\"},\"thumbnailUrl\":\"https:\\\/\\\/www.textilegence.com\\\/wp-content\\\/uploads\\\/2021\\\/12\\\/eib-textilegence.jpg\",\"keywords\":[\"aegean exporters association\",\"fashion\",\"textile news\",\"trade fairs\"],\"articleSection\":[\"Trade Fairs\"],\"inLanguage\":\"en-US\",\"potentialAction\":[{\"@type\":\"CommentAction\",\"name\":\"Comment\",\"target\":[\"https:\\\/\\\/www.textilegence.com\\\/en\\\/exporters-focus-on-design-and-innovation\\\/#respond\"]}]},{\"@type\":\"WebPage\",\"@id\":\"https:\\\/\\\/www.textilegence.com\\\/en\\\/exporters-focus-on-design-and-innovation\\\/\",\"url\":\"https:\\\/\\\/www.textilegence.com\\\/en\\\/exporters-focus-on-design-and-innovation\\\/\",\"name\":\"Exporters focus on design and innovation - Textilegence\",\"isPartOf\":{\"@id\":\"https:\\\/\\\/www.textilegence.com\\\/en\\\/#website\"},\"primaryImageOfPage\":{\"@id\":\"https:\\\/\\\/www.textilegence.com\\\/en\\\/exporters-focus-on-design-and-innovation\\\/#primaryimage\"},\"image\":{\"@id\":\"https:\\\/\\\/www.textilegence.com\\\/en\\\/exporters-focus-on-design-and-innovation\\\/#primaryimage\"},\"thumbnailUrl\":\"https:\\\/\\\/www.textilegence.com\\\/wp-content\\\/uploads\\\/2021\\\/12\\\/eib-textilegence.jpg\",\"datePublished\":\"2021-12-30T13:09:12+00:00\",\"dateModified\":\"2021-12-30T13:09:18+00:00\",\"description\":\"The Aegean Exporters\u2019 Association (EIB) finalized 2021 with an export strategy based on digitalization, sustainability, design and...\",\"breadcrumb\":{\"@id\":\"https:\\\/\\\/www.textilegence.com\\\/en\\\/exporters-focus-on-design-and-innovation\\\/#breadcrumb\"},\"inLanguage\":\"en-US\",\"potentialAction\":[{\"@type\":\"ReadAction\",\"target\":[\"https:\\\/\\\/www.textilegence.com\\\/en\\\/exporters-focus-on-design-and-innovation\\\/\"]}]},{\"@type\":\"ImageObject\",\"inLanguage\":\"en-US\",\"@id\":\"https:\\\/\\\/www.textilegence.com\\\/en\\\/exporters-focus-on-design-and-innovation\\\/#primaryimage\",\"url\":\"https:\\\/\\\/www.textilegence.com\\\/wp-content\\\/uploads\\\/2021\\\/12\\\/eib-textilegence.jpg\",\"contentUrl\":\"https:\\\/\\\/www.textilegence.com\\\/wp-content\\\/uploads\\\/2021\\\/12\\\/eib-textilegence.jpg\",\"width\":1200,\"height\":675},{\"@type\":\"BreadcrumbList\",\"@id\":\"https:\\\/\\\/www.textilegence.com\\\/en\\\/exporters-focus-on-design-and-innovation\\\/#breadcrumb\",\"itemListElement\":[{\"@type\":\"ListItem\",\"position\":1,\"name\":\"Home Page\",\"item\":\"https:\\\/\\\/www.textilegence.com\\\/en\\\/homepage-the-rimont\\\/\"},{\"@type\":\"ListItem\",\"position\":2,\"name\":\"Trade Fairs\",\"item\":\"https:\\\/\\\/www.textilegence.com\\\/en\\\/category\\\/trade-fairs\\\/\"},{\"@type\":\"ListItem\",\"position\":3,\"name\":\"Exporters focus on design and innovation\"}]},{\"@type\":\"WebSite\",\"@id\":\"https:\\\/\\\/www.textilegence.com\\\/en\\\/#website\",\"url\":\"https:\\\/\\\/www.textilegence.com\\\/en\\\/\",\"name\":\"Textilegence Magazine and Digital Platform\",\"description\":\"Textile News Center\",\"publisher\":{\"@id\":\"https:\\\/\\\/www.textilegence.com\\\/en\\\/#organization\"},\"potentialAction\":[{\"@type\":\"SearchAction\",\"target\":{\"@type\":\"EntryPoint\",\"urlTemplate\":\"https:\\\/\\\/www.textilegence.com\\\/en\\\/?s={search_term_string}\"},\"query-input\":{\"@type\":\"PropertyValueSpecification\",\"valueRequired\":true,\"valueName\":\"search_term_string\"}}],\"inLanguage\":\"en-US\"},{\"@type\":\"Organization\",\"@id\":\"https:\\\/\\\/www.textilegence.com\\\/en\\\/#organization\",\"name\":\"Textilegence Magazine and Digital Platform\",\"url\":\"https:\\\/\\\/www.textilegence.com\\\/en\\\/\",\"logo\":{\"@type\":\"ImageObject\",\"inLanguage\":\"en-US\",\"@id\":\"https:\\\/\\\/www.textilegence.com\\\/en\\\/#\\\/schema\\\/logo\\\/image\\\/\",\"url\":\"https:\\\/\\\/www.textilegence.com\\\/wp-content\\\/uploads\\\/2016\\\/11\\\/New_Retina_Logo_Textilegence.png\",\"contentUrl\":\"https:\\\/\\\/www.textilegence.com\\\/wp-content\\\/uploads\\\/2016\\\/11\\\/New_Retina_Logo_Textilegence.png\",\"width\":544,\"height\":180,\"caption\":\"Textilegence Magazine and Digital Platform\"},\"image\":{\"@id\":\"https:\\\/\\\/www.textilegence.com\\\/en\\\/#\\\/schema\\\/logo\\\/image\\\/\"},\"sameAs\":[\"https:\\\/\\\/www.facebook.com\\\/TextilegenceMagazine\",\"https:\\\/\\\/x.com\\\/textilegence\",\"https:\\\/\\\/www.instagram.com\\\/textilegence\\\/\",\"https:\\\/\\\/www.linkedin.com\\\/groups\\\/Textilegence-Magazine-Digital-Platform-4897253\",\"https:\\\/\\\/www.youtube.com\\\/user\\\/textilegence\"],\"description\":\"Textilegence is a magazine and digital platform established in 2013. It focuses on the textile industry and sub-segments. The platform provides news, articles, and updates on various aspects of the textile industry, including sustainability, technological advancements, and market trends.\",\"email\":\"editor@textilegence.com\",\"telephone\":\"+90 212 442 24 12\",\"legalName\":\"Textilegence Mag and Digital Platform\",\"foundingDate\":\"2013-01-01\",\"numberOfEmployees\":{\"@type\":\"QuantitativeValue\",\"minValue\":\"1\",\"maxValue\":\"10\"}},{\"@type\":\"Person\",\"@id\":\"https:\\\/\\\/www.textilegence.com\\\/en\\\/#\\\/schema\\\/person\\\/8dbf2ab62ffdf644153f8c0f9c991f78\",\"name\":\"Emirhan \u00c7ilo\u011flu\",\"image\":{\"@type\":\"ImageObject\",\"inLanguage\":\"en-US\",\"@id\":\"https:\\\/\\\/www.textilegence.com\\\/wp-content\\\/uploads\\\/2021\\\/12\\\/emirhan.jpg\",\"url\":\"https:\\\/\\\/www.textilegence.com\\\/wp-content\\\/uploads\\\/2021\\\/12\\\/emirhan.jpg\",\"contentUrl\":\"https:\\\/\\\/www.textilegence.com\\\/wp-content\\\/uploads\\\/2021\\\/12\\\/emirhan.jpg\",\"caption\":\"Emirhan \u00c7ilo\u011flu\"},\"description\":\"Mahmut Emirhan \u00c7ilo\u011flu, \u0130stanbul\u2019da H\u00fcsn\u00fc M. \u00d6zye\u011fin Anadolu Lisesi\u2019nde lise e\u011fitimini tamamlam\u0131\u015f, sonras\u0131nda da \u0130stanbul \u00dcniversitesi\u2019nde Amerikan K\u00fclt\u00fcr\u00fc ve Edebiyat\u0131 lisans b\u00f6l\u00fcm\u00fcnden ba\u015far\u0131yla mezun olmu\u015ftur. 2021 itibari ile Textilegence\u2019da pazarlama ve d\u0131\u015f ili\u015fkiler sorumlusu olarak g\u00f6rev almaya ba\u015flayan \u00c7ilo\u011flu, kurumsal ileti\u015fimin g\u00fc\u00e7lendirilmesine katk\u0131 sa\u011flamaktad\u0131r.\",\"sameAs\":[\"https:\\\/\\\/www.textilegence.com\",\"https:\\\/\\\/www.facebook.com\\\/TextilegenceMagazine\",\"https:\\\/\\\/www.instagram.com\\\/textilegence\\\/\",\"https:\\\/\\\/www.linkedin.com\\\/in\\\/emre-yoleri-26151940\\\/\",\"https:\\\/\\\/x.com\\\/https:\\\/\\\/twitter.com\\\/textilegence\"],\"url\":\"https:\\\/\\\/www.textilegence.com\\\/en\\\/author\\\/emirhan-ciloglu\\\/\"}]}<\/script>\n<!-- \/ Yoast SEO Premium plugin. -->","yoast_head_json":{"title":"Exporters focus on design and innovation - Textilegence","description":"The Aegean Exporters\u2019 Association (EIB) finalized 2021 with an export strategy based on digitalization, sustainability, design and...","robots":{"index":"index","follow":"follow","max-snippet":"max-snippet:-1","max-image-preview":"max-image-preview:large","max-video-preview":"max-video-preview:-1"},"canonical":"https:\/\/www.textilegence.com\/en\/exporters-focus-on-design-and-innovation\/","og_locale":"en_US","og_type":"article","og_title":"Exporters focus on design and innovation","og_description":"Aegean Exporters\u2019 Association (EIB) finalized 2021 with an export strategy based on digitalization, sustainability, design and innovation, exceeding its","og_url":"https:\/\/www.textilegence.com\/en\/exporters-focus-on-design-and-innovation\/","og_site_name":"Textilegence Magazine and Digital Platform","article_publisher":"https:\/\/www.facebook.com\/TextilegenceMagazine","article_author":"https:\/\/www.facebook.com\/TextilegenceMagazine","article_published_time":"2021-12-30T13:09:12+00:00","article_modified_time":"2021-12-30T13:09:18+00:00","og_image":[{"width":1200,"height":675,"url":"https:\/\/www.textilegence.com\/wp-content\/uploads\/2021\/12\/eib-textilegence.jpg","type":"image\/jpeg"}],"author":"Emirhan \u00c7ilo\u011flu","twitter_card":"summary_large_image","twitter_creator":"@https:\/\/twitter.com\/textilegence","twitter_site":"@textilegence","twitter_misc":{"Written by":"Emirhan \u00c7ilo\u011flu","Est. reading time":"7 minutes"},"schema":{"@context":"https:\/\/schema.org","@graph":[{"@type":"NewsArticle","@id":"https:\/\/www.textilegence.com\/en\/exporters-focus-on-design-and-innovation\/#article","isPartOf":{"@id":"https:\/\/www.textilegence.com\/en\/exporters-focus-on-design-and-innovation\/"},"author":{"name":"Emirhan \u00c7ilo\u011flu","@id":"https:\/\/www.textilegence.com\/en\/#\/schema\/person\/8dbf2ab62ffdf644153f8c0f9c991f78"},"headline":"Exporters focus on design and innovation","datePublished":"2021-12-30T13:09:12+00:00","dateModified":"2021-12-30T13:09:18+00:00","mainEntityOfPage":{"@id":"https:\/\/www.textilegence.com\/en\/exporters-focus-on-design-and-innovation\/"},"wordCount":959,"commentCount":0,"publisher":{"@id":"https:\/\/www.textilegence.com\/en\/#organization"},"image":{"@id":"https:\/\/www.textilegence.com\/en\/exporters-focus-on-design-and-innovation\/#primaryimage"},"thumbnailUrl":"https:\/\/www.textilegence.com\/wp-content\/uploads\/2021\/12\/eib-textilegence.jpg","keywords":["aegean exporters association","fashion","textile news","trade fairs"],"articleSection":["Trade Fairs"],"inLanguage":"en-US","potentialAction":[{"@type":"CommentAction","name":"Comment","target":["https:\/\/www.textilegence.com\/en\/exporters-focus-on-design-and-innovation\/#respond"]}]},{"@type":"WebPage","@id":"https:\/\/www.textilegence.com\/en\/exporters-focus-on-design-and-innovation\/","url":"https:\/\/www.textilegence.com\/en\/exporters-focus-on-design-and-innovation\/","name":"Exporters focus on design and innovation - Textilegence","isPartOf":{"@id":"https:\/\/www.textilegence.com\/en\/#website"},"primaryImageOfPage":{"@id":"https:\/\/www.textilegence.com\/en\/exporters-focus-on-design-and-innovation\/#primaryimage"},"image":{"@id":"https:\/\/www.textilegence.com\/en\/exporters-focus-on-design-and-innovation\/#primaryimage"},"thumbnailUrl":"https:\/\/www.textilegence.com\/wp-content\/uploads\/2021\/12\/eib-textilegence.jpg","datePublished":"2021-12-30T13:09:12+00:00","dateModified":"2021-12-30T13:09:18+00:00","description":"The Aegean Exporters\u2019 Association (EIB) finalized 2021 with an export strategy based on digitalization, sustainability, design and...","breadcrumb":{"@id":"https:\/\/www.textilegence.com\/en\/exporters-focus-on-design-and-innovation\/#breadcrumb"},"inLanguage":"en-US","potentialAction":[{"@type":"ReadAction","target":["https:\/\/www.textilegence.com\/en\/exporters-focus-on-design-and-innovation\/"]}]},{"@type":"ImageObject","inLanguage":"en-US","@id":"https:\/\/www.textilegence.com\/en\/exporters-focus-on-design-and-innovation\/#primaryimage","url":"https:\/\/www.textilegence.com\/wp-content\/uploads\/2021\/12\/eib-textilegence.jpg","contentUrl":"https:\/\/www.textilegence.com\/wp-content\/uploads\/2021\/12\/eib-textilegence.jpg","width":1200,"height":675},{"@type":"BreadcrumbList","@id":"https:\/\/www.textilegence.com\/en\/exporters-focus-on-design-and-innovation\/#breadcrumb","itemListElement":[{"@type":"ListItem","position":1,"name":"Home Page","item":"https:\/\/www.textilegence.com\/en\/homepage-the-rimont\/"},{"@type":"ListItem","position":2,"name":"Trade Fairs","item":"https:\/\/www.textilegence.com\/en\/category\/trade-fairs\/"},{"@type":"ListItem","position":3,"name":"Exporters focus on design and innovation"}]},{"@type":"WebSite","@id":"https:\/\/www.textilegence.com\/en\/#website","url":"https:\/\/www.textilegence.com\/en\/","name":"Textilegence Magazine and Digital Platform","description":"Textile News Center","publisher":{"@id":"https:\/\/www.textilegence.com\/en\/#organization"},"potentialAction":[{"@type":"SearchAction","target":{"@type":"EntryPoint","urlTemplate":"https:\/\/www.textilegence.com\/en\/?s={search_term_string}"},"query-input":{"@type":"PropertyValueSpecification","valueRequired":true,"valueName":"search_term_string"}}],"inLanguage":"en-US"},{"@type":"Organization","@id":"https:\/\/www.textilegence.com\/en\/#organization","name":"Textilegence Magazine and Digital Platform","url":"https:\/\/www.textilegence.com\/en\/","logo":{"@type":"ImageObject","inLanguage":"en-US","@id":"https:\/\/www.textilegence.com\/en\/#\/schema\/logo\/image\/","url":"https:\/\/www.textilegence.com\/wp-content\/uploads\/2016\/11\/New_Retina_Logo_Textilegence.png","contentUrl":"https:\/\/www.textilegence.com\/wp-content\/uploads\/2016\/11\/New_Retina_Logo_Textilegence.png","width":544,"height":180,"caption":"Textilegence Magazine and Digital Platform"},"image":{"@id":"https:\/\/www.textilegence.com\/en\/#\/schema\/logo\/image\/"},"sameAs":["https:\/\/www.facebook.com\/TextilegenceMagazine","https:\/\/x.com\/textilegence","https:\/\/www.instagram.com\/textilegence\/","https:\/\/www.linkedin.com\/groups\/Textilegence-Magazine-Digital-Platform-4897253","https:\/\/www.youtube.com\/user\/textilegence"],"description":"Textilegence is a magazine and digital platform established in 2013. It focuses on the textile industry and sub-segments. The platform provides news, articles, and updates on various aspects of the textile industry, including sustainability, technological advancements, and market trends.","email":"editor@textilegence.com","telephone":"+90 212 442 24 12","legalName":"Textilegence Mag and Digital Platform","foundingDate":"2013-01-01","numberOfEmployees":{"@type":"QuantitativeValue","minValue":"1","maxValue":"10"}},{"@type":"Person","@id":"https:\/\/www.textilegence.com\/en\/#\/schema\/person\/8dbf2ab62ffdf644153f8c0f9c991f78","name":"Emirhan \u00c7ilo\u011flu","image":{"@type":"ImageObject","inLanguage":"en-US","@id":"https:\/\/www.textilegence.com\/wp-content\/uploads\/2021\/12\/emirhan.jpg","url":"https:\/\/www.textilegence.com\/wp-content\/uploads\/2021\/12\/emirhan.jpg","contentUrl":"https:\/\/www.textilegence.com\/wp-content\/uploads\/2021\/12\/emirhan.jpg","caption":"Emirhan \u00c7ilo\u011flu"},"description":"Mahmut Emirhan \u00c7ilo\u011flu, \u0130stanbul\u2019da H\u00fcsn\u00fc M. \u00d6zye\u011fin Anadolu Lisesi\u2019nde lise e\u011fitimini tamamlam\u0131\u015f, sonras\u0131nda da \u0130stanbul \u00dcniversitesi\u2019nde Amerikan K\u00fclt\u00fcr\u00fc ve Edebiyat\u0131 lisans b\u00f6l\u00fcm\u00fcnden ba\u015far\u0131yla mezun olmu\u015ftur. 2021 itibari ile Textilegence\u2019da pazarlama ve d\u0131\u015f ili\u015fkiler sorumlusu olarak g\u00f6rev almaya ba\u015flayan \u00c7ilo\u011flu, kurumsal ileti\u015fimin g\u00fc\u00e7lendirilmesine katk\u0131 sa\u011flamaktad\u0131r.","sameAs":["https:\/\/www.textilegence.com","https:\/\/www.facebook.com\/TextilegenceMagazine","https:\/\/www.instagram.com\/textilegence\/","https:\/\/www.linkedin.com\/in\/emre-yoleri-26151940\/","https:\/\/x.com\/https:\/\/twitter.com\/textilegence"],"url":"https:\/\/www.textilegence.com\/en\/author\/emirhan-ciloglu\/"}]}},"_links":{"self":[{"href":"https:\/\/www.textilegence.com\/en\/wp-json\/wp\/v2\/posts\/43857","targetHints":{"allow":["GET"]}}],"collection":[{"href":"https:\/\/www.textilegence.com\/en\/wp-json\/wp\/v2\/posts"}],"about":[{"href":"https:\/\/www.textilegence.com\/en\/wp-json\/wp\/v2\/types\/post"}],"author":[{"embeddable":true,"href":"https:\/\/www.textilegence.com\/en\/wp-json\/wp\/v2\/users\/16"}],"replies":[{"embeddable":true,"href":"https:\/\/www.textilegence.com\/en\/wp-json\/wp\/v2\/comments?post=43857"}],"version-history":[{"count":0,"href":"https:\/\/www.textilegence.com\/en\/wp-json\/wp\/v2\/posts\/43857\/revisions"}],"wp:featuredmedia":[{"embeddable":true,"href":"https:\/\/www.textilegence.com\/en\/wp-json\/wp\/v2\/media\/43861"}],"wp:attachment":[{"href":"https:\/\/www.textilegence.com\/en\/wp-json\/wp\/v2\/media?parent=43857"}],"wp:term":[{"taxonomy":"category","embeddable":true,"href":"https:\/\/www.textilegence.com\/en\/wp-json\/wp\/v2\/categories?post=43857"},{"taxonomy":"post_tag","embeddable":true,"href":"https:\/\/www.textilegence.com\/en\/wp-json\/wp\/v2\/tags?post=43857"}],"curies":[{"name":"wp","href":"https:\/\/api.w.org\/{rel}","templated":true}]}}