{"id":44808,"date":"2022-02-16T11:59:05","date_gmt":"2022-02-16T08:59:05","guid":{"rendered":"http:\/\/www.textilegence.com\/?p=44808"},"modified":"2022-02-16T11:59:10","modified_gmt":"2022-02-16T08:59:10","slug":"altun-tekstil-strengthens-its-production-with-montexcoat","status":"publish","type":"post","link":"https:\/\/www.textilegence.com\/en\/altun-tekstil-strengthens-its-production-with-montexcoat\/","title":{"rendered":"Altun Tekstil strengthens its production with Montex\u00aeCoat"},"content":{"rendered":"\n<p>Altun Tekstil, one of Turkey\u2019s leading companies in home textile and upholstery fabrics, has commissioned the first <a href=\"https:\/\/www.monforts.de\/en\/machinery-ranges\/coating-ranges\/texcoat\/\" target=\"_blank\" rel=\"noreferrer noopener\">Montex\u00aeCoat<\/a> coating system in Turkey. The advanced machine installed at the ever-expanding family-owned <a href=\"http:\/\/altuntekstil.com\/en\/\" target=\"_blank\" rel=\"noreferrer noopener\">company\u2019s <\/a>industrial complex in Bursa is being employed to provide an anti-slip and textured backing to upholstery fabrics with a stable and uniform foam, via knife-over-roller <a href=\"\/?cat_ID=5721\" target=\"_blank\" rel=\"noreferrer noopener\">coating<\/a>. While all of the stenters are engineered for specific product lines, the Montex\u00aeCoat unit is integrated into the latest of these lines, which has a maximum working width of 2.2 metres and eight chambers. The fully integrated line benefits from universal control technology and the unique Monforts visualisation system. The Montex\u00aeCoat\u2019s bordering system has been optimised for enhanced user-friendliness, while the doctor blade adjustment range is the most precise available on the market.<\/p>\n\n\n\n<p>Altun Tekstil, established in 1993, produces texturized yarn, weaving and raschel knitting as well as dyeing and finishing. The company\u2019s fabric range also extends to a wide variety of apparel styles with a major focus on tulle curtains and upholstery. Altun Tekstil exports its fabrics to more than 60 countries, with its major export markets being Russia and Ukraine, as well as many Middle Eastern and European countries.<\/p>\n\n\n\n<div class=\"wp-block-image\"><figure class=\"aligncenter size-full\"><img loading=\"lazy\" decoding=\"async\" width=\"1200\" height=\"675\" src=\"https:\/\/www.textilegence.com\/wp-content\/uploads\/2022\/02\/altun-tekstil-detail.jpg\" alt=\"\" class=\"wp-image-44804\" srcset=\"https:\/\/www.textilegence.com\/wp-content\/uploads\/2022\/02\/altun-tekstil-detail.jpg 1200w, https:\/\/www.textilegence.com\/wp-content\/uploads\/2022\/02\/altun-tekstil-detail-768x432.jpg 768w, https:\/\/www.textilegence.com\/wp-content\/uploads\/2022\/02\/altun-tekstil-detail-300x169.jpg 300w, https:\/\/www.textilegence.com\/wp-content\/uploads\/2022\/02\/altun-tekstil-detail-600x338.jpg 600w, https:\/\/www.textilegence.com\/wp-content\/uploads\/2022\/02\/altun-tekstil-detail-696x392.jpg 696w, https:\/\/www.textilegence.com\/wp-content\/uploads\/2022\/02\/altun-tekstil-detail-1068x601.jpg 1068w\" sizes=\"auto, (max-width: 1200px) 100vw, 1200px\" \/><figcaption>Altun Tekstil strengthens its production with Montex\u00aeCoat <\/figcaption><\/figure><\/div>\n\n\n\n<h2 class=\"wp-block-heading\" id=\"h-altun-tekstil-has-invested-in-eight-monfogs-stenters-since-2016\">Altun Tekstil has invested in eight Monfogs stenters since 2016<\/h2>\n\n\n\n<p>Company owner Murat Altun said that their investments continue to increase despite the current market conditions and made the following statement; \u201cWe have established both a knit and woven fabric dyehouse and an integrated upholstery fabric weaving factory, where in 2022 we will also backward integrate into synthetic filament spinning from chips. In the longer term, we plan to bring all of our operations together in a single facility of 350 thousand square metres, to employ approximately 10,000 people. We have new investment targets that aim to further reduce our dependence on overseas suppliers and enable us to do everything within our own operations\u201d.<\/p>\n\n\n\n<p>Altun Tekstil has installed eight Monfongs stenters in various widths at its two plants since 2016, the year Monforts Turkish representative Neotek was founded. Plant Manager Mehmet Mor stated that they have been working with Neotek from the start and disclosed; \u201cBoth its service and the product quality with Monforts technology are extremely satisfying\u201d. Monforts Sales Manager Thomas P\u00e4ffgen said; \u201cWith the Montex\u00aeCoat unit Altun Tekstil is able to achieve an even foam application at high speed which results in a very economic process\u201d.<\/p>\n","protected":false},"excerpt":{"rendered":"<p>Altun Tekstil, one of Turkey\u2019s leading companies in home textile and upholstery fabrics, has commissioned the first Montex\u00aeCoat coating system in Turkey. The advanced machine installed at the ever-expanding family-owned company\u2019s industrial complex in Bursa is being employed to provide an anti-slip and textured backing to upholstery fabrics with a stable and uniform foam, via [&hellip;]<\/p>\n","protected":false},"author":16,"featured_media":44807,"comment_status":"open","ping_status":"closed","sticky":false,"template":"","format":"standard","meta":{"footnotes":""},"categories":[9824],"tags":[14984,10255,14986,10369],"class_list":{"0":"post-44808","1":"post","2":"type-post","3":"status-publish","4":"format-standard","5":"has-post-thumbnail","7":"category-finishing","8":"tag-altun-tekstil","9":"tag-finishing-en","10":"tag-montexcoat","11":"tag-textile-news-en"},"yoast_head":"<!-- This site is optimized with the Yoast SEO Premium plugin v27.3 (Yoast SEO v27.3) - https:\/\/yoast.com\/product\/yoast-seo-premium-wordpress\/ -->\n<title>Altun Tekstil strengthens its production with Montex\u00aeCoat - Textilegence<\/title>\n<meta name=\"description\" content=\"Altun Tekstil, one of Turkey\u2019s leading companies in home textile and upholstery fabrics, has commisioned the first Montex\u00aeCoat...\" \/>\n<meta name=\"robots\" content=\"index, follow, max-snippet:-1, max-image-preview:large, max-video-preview:-1\" \/>\n<link rel=\"canonical\" href=\"https:\/\/www.textilegence.com\/en\/altun-tekstil-strengthens-its-production-with-montexcoat\/\" \/>\n<meta property=\"og:locale\" content=\"en_US\" \/>\n<meta property=\"og:type\" content=\"article\" \/>\n<meta property=\"og:title\" content=\"Altun Tekstil strengthens its production with Montex\u00aeCoat\" \/>\n<meta property=\"og:description\" content=\"Altun Tekstil, one of Turkey\u2019s leading companies in home textile and upholstery fabrics, has commissioned the first Montex\u00aeCoat coating system in Turkey.\" \/>\n<meta property=\"og:url\" content=\"https:\/\/www.textilegence.com\/en\/altun-tekstil-strengthens-its-production-with-montexcoat\/\" \/>\n<meta property=\"og:site_name\" content=\"Textilegence Magazine and Digital Platform\" \/>\n<meta property=\"article:publisher\" content=\"https:\/\/www.facebook.com\/TextilegenceMagazine\" \/>\n<meta property=\"article:author\" content=\"https:\/\/www.facebook.com\/TextilegenceMagazine\" \/>\n<meta property=\"article:published_time\" content=\"2022-02-16T08:59:05+00:00\" \/>\n<meta property=\"article:modified_time\" content=\"2022-02-16T08:59:10+00:00\" \/>\n<meta property=\"og:image\" content=\"https:\/\/www.textilegence.com\/wp-content\/uploads\/2022\/02\/altun-tekstil-textilegence.jpg\" \/>\n\t<meta property=\"og:image:width\" content=\"1200\" \/>\n\t<meta property=\"og:image:height\" content=\"675\" \/>\n\t<meta property=\"og:image:type\" content=\"image\/jpeg\" \/>\n<meta name=\"author\" content=\"Emirhan \u00c7ilo\u011flu\" \/>\n<meta name=\"twitter:card\" content=\"summary_large_image\" \/>\n<meta name=\"twitter:creator\" content=\"@https:\/\/twitter.com\/textilegence\" \/>\n<meta name=\"twitter:site\" content=\"@textilegence\" \/>\n<meta name=\"twitter:label1\" content=\"Written by\" \/>\n\t<meta name=\"twitter:data1\" content=\"Emirhan \u00c7ilo\u011flu\" \/>\n\t<meta name=\"twitter:label2\" content=\"Est. reading time\" \/>\n\t<meta name=\"twitter:data2\" content=\"3 minutes\" \/>\n<script type=\"application\/ld+json\" class=\"yoast-schema-graph\">{\"@context\":\"https:\\\/\\\/schema.org\",\"@graph\":[{\"@type\":\"NewsArticle\",\"@id\":\"https:\\\/\\\/www.textilegence.com\\\/en\\\/altun-tekstil-strengthens-its-production-with-montexcoat\\\/#article\",\"isPartOf\":{\"@id\":\"https:\\\/\\\/www.textilegence.com\\\/en\\\/altun-tekstil-strengthens-its-production-with-montexcoat\\\/\"},\"author\":{\"name\":\"Emirhan \u00c7ilo\u011flu\",\"@id\":\"https:\\\/\\\/www.textilegence.com\\\/en\\\/#\\\/schema\\\/person\\\/8dbf2ab62ffdf644153f8c0f9c991f78\"},\"headline\":\"Altun Tekstil strengthens its production with Montex\u00aeCoat\",\"datePublished\":\"2022-02-16T08:59:05+00:00\",\"dateModified\":\"2022-02-16T08:59:10+00:00\",\"mainEntityOfPage\":{\"@id\":\"https:\\\/\\\/www.textilegence.com\\\/en\\\/altun-tekstil-strengthens-its-production-with-montexcoat\\\/\"},\"wordCount\":413,\"commentCount\":0,\"publisher\":{\"@id\":\"https:\\\/\\\/www.textilegence.com\\\/en\\\/#organization\"},\"image\":{\"@id\":\"https:\\\/\\\/www.textilegence.com\\\/en\\\/altun-tekstil-strengthens-its-production-with-montexcoat\\\/#primaryimage\"},\"thumbnailUrl\":\"https:\\\/\\\/www.textilegence.com\\\/wp-content\\\/uploads\\\/2022\\\/02\\\/altun-tekstil-textilegence.jpg\",\"keywords\":[\"altun tekstil\",\"finishing\",\"Montex\u00aeCoat\",\"textile news\"],\"articleSection\":[\"Finishing\"],\"inLanguage\":\"en-US\",\"potentialAction\":[{\"@type\":\"CommentAction\",\"name\":\"Comment\",\"target\":[\"https:\\\/\\\/www.textilegence.com\\\/en\\\/altun-tekstil-strengthens-its-production-with-montexcoat\\\/#respond\"]}]},{\"@type\":\"WebPage\",\"@id\":\"https:\\\/\\\/www.textilegence.com\\\/en\\\/altun-tekstil-strengthens-its-production-with-montexcoat\\\/\",\"url\":\"https:\\\/\\\/www.textilegence.com\\\/en\\\/altun-tekstil-strengthens-its-production-with-montexcoat\\\/\",\"name\":\"Altun Tekstil strengthens its production with Montex\u00aeCoat - Textilegence\",\"isPartOf\":{\"@id\":\"https:\\\/\\\/www.textilegence.com\\\/en\\\/#website\"},\"primaryImageOfPage\":{\"@id\":\"https:\\\/\\\/www.textilegence.com\\\/en\\\/altun-tekstil-strengthens-its-production-with-montexcoat\\\/#primaryimage\"},\"image\":{\"@id\":\"https:\\\/\\\/www.textilegence.com\\\/en\\\/altun-tekstil-strengthens-its-production-with-montexcoat\\\/#primaryimage\"},\"thumbnailUrl\":\"https:\\\/\\\/www.textilegence.com\\\/wp-content\\\/uploads\\\/2022\\\/02\\\/altun-tekstil-textilegence.jpg\",\"datePublished\":\"2022-02-16T08:59:05+00:00\",\"dateModified\":\"2022-02-16T08:59:10+00:00\",\"description\":\"Altun Tekstil, one of Turkey\u2019s leading companies in home textile and upholstery fabrics, has commisioned the first Montex\u00aeCoat...\",\"breadcrumb\":{\"@id\":\"https:\\\/\\\/www.textilegence.com\\\/en\\\/altun-tekstil-strengthens-its-production-with-montexcoat\\\/#breadcrumb\"},\"inLanguage\":\"en-US\",\"potentialAction\":[{\"@type\":\"ReadAction\",\"target\":[\"https:\\\/\\\/www.textilegence.com\\\/en\\\/altun-tekstil-strengthens-its-production-with-montexcoat\\\/\"]}]},{\"@type\":\"ImageObject\",\"inLanguage\":\"en-US\",\"@id\":\"https:\\\/\\\/www.textilegence.com\\\/en\\\/altun-tekstil-strengthens-its-production-with-montexcoat\\\/#primaryimage\",\"url\":\"https:\\\/\\\/www.textilegence.com\\\/wp-content\\\/uploads\\\/2022\\\/02\\\/altun-tekstil-textilegence.jpg\",\"contentUrl\":\"https:\\\/\\\/www.textilegence.com\\\/wp-content\\\/uploads\\\/2022\\\/02\\\/altun-tekstil-textilegence.jpg\",\"width\":1200,\"height\":675},{\"@type\":\"BreadcrumbList\",\"@id\":\"https:\\\/\\\/www.textilegence.com\\\/en\\\/altun-tekstil-strengthens-its-production-with-montexcoat\\\/#breadcrumb\",\"itemListElement\":[{\"@type\":\"ListItem\",\"position\":1,\"name\":\"Home Page\",\"item\":\"https:\\\/\\\/www.textilegence.com\\\/en\\\/homepage-the-rimont\\\/\"},{\"@type\":\"ListItem\",\"position\":2,\"name\":\"Finishing\",\"item\":\"https:\\\/\\\/www.textilegence.com\\\/en\\\/category\\\/finishing\\\/\"},{\"@type\":\"ListItem\",\"position\":3,\"name\":\"Altun Tekstil strengthens its production with Montex\u00aeCoat\"}]},{\"@type\":\"WebSite\",\"@id\":\"https:\\\/\\\/www.textilegence.com\\\/en\\\/#website\",\"url\":\"https:\\\/\\\/www.textilegence.com\\\/en\\\/\",\"name\":\"Textilegence Magazine and Digital Platform\",\"description\":\"Textile News Center\",\"publisher\":{\"@id\":\"https:\\\/\\\/www.textilegence.com\\\/en\\\/#organization\"},\"potentialAction\":[{\"@type\":\"SearchAction\",\"target\":{\"@type\":\"EntryPoint\",\"urlTemplate\":\"https:\\\/\\\/www.textilegence.com\\\/en\\\/?s={search_term_string}\"},\"query-input\":{\"@type\":\"PropertyValueSpecification\",\"valueRequired\":true,\"valueName\":\"search_term_string\"}}],\"inLanguage\":\"en-US\"},{\"@type\":\"Organization\",\"@id\":\"https:\\\/\\\/www.textilegence.com\\\/en\\\/#organization\",\"name\":\"Textilegence Magazine and Digital Platform\",\"url\":\"https:\\\/\\\/www.textilegence.com\\\/en\\\/\",\"logo\":{\"@type\":\"ImageObject\",\"inLanguage\":\"en-US\",\"@id\":\"https:\\\/\\\/www.textilegence.com\\\/en\\\/#\\\/schema\\\/logo\\\/image\\\/\",\"url\":\"https:\\\/\\\/www.textilegence.com\\\/wp-content\\\/uploads\\\/2016\\\/11\\\/New_Retina_Logo_Textilegence.png\",\"contentUrl\":\"https:\\\/\\\/www.textilegence.com\\\/wp-content\\\/uploads\\\/2016\\\/11\\\/New_Retina_Logo_Textilegence.png\",\"width\":544,\"height\":180,\"caption\":\"Textilegence Magazine and Digital Platform\"},\"image\":{\"@id\":\"https:\\\/\\\/www.textilegence.com\\\/en\\\/#\\\/schema\\\/logo\\\/image\\\/\"},\"sameAs\":[\"https:\\\/\\\/www.facebook.com\\\/TextilegenceMagazine\",\"https:\\\/\\\/x.com\\\/textilegence\",\"https:\\\/\\\/www.instagram.com\\\/textilegence\\\/\",\"https:\\\/\\\/www.linkedin.com\\\/groups\\\/Textilegence-Magazine-Digital-Platform-4897253\",\"https:\\\/\\\/www.youtube.com\\\/user\\\/textilegence\"],\"description\":\"Textilegence is a magazine and digital platform established in 2013. It focuses on the textile industry and sub-segments. The platform provides news, articles, and updates on various aspects of the textile industry, including sustainability, technological advancements, and market trends.\",\"email\":\"editor@textilegence.com\",\"telephone\":\"+90 212 442 24 12\",\"legalName\":\"Textilegence Mag and Digital Platform\",\"foundingDate\":\"2013-01-01\",\"numberOfEmployees\":{\"@type\":\"QuantitativeValue\",\"minValue\":\"1\",\"maxValue\":\"10\"}},{\"@type\":\"Person\",\"@id\":\"https:\\\/\\\/www.textilegence.com\\\/en\\\/#\\\/schema\\\/person\\\/8dbf2ab62ffdf644153f8c0f9c991f78\",\"name\":\"Emirhan \u00c7ilo\u011flu\",\"image\":{\"@type\":\"ImageObject\",\"inLanguage\":\"en-US\",\"@id\":\"https:\\\/\\\/www.textilegence.com\\\/wp-content\\\/uploads\\\/2021\\\/12\\\/emirhan.jpg\",\"url\":\"https:\\\/\\\/www.textilegence.com\\\/wp-content\\\/uploads\\\/2021\\\/12\\\/emirhan.jpg\",\"contentUrl\":\"https:\\\/\\\/www.textilegence.com\\\/wp-content\\\/uploads\\\/2021\\\/12\\\/emirhan.jpg\",\"caption\":\"Emirhan \u00c7ilo\u011flu\"},\"description\":\"Mahmut Emirhan \u00c7ilo\u011flu, \u0130stanbul\u2019da H\u00fcsn\u00fc M. \u00d6zye\u011fin Anadolu Lisesi\u2019nde lise e\u011fitimini tamamlam\u0131\u015f, sonras\u0131nda da \u0130stanbul \u00dcniversitesi\u2019nde Amerikan K\u00fclt\u00fcr\u00fc ve Edebiyat\u0131 lisans b\u00f6l\u00fcm\u00fcnden ba\u015far\u0131yla mezun olmu\u015ftur. 2021 itibari ile Textilegence\u2019da pazarlama ve d\u0131\u015f ili\u015fkiler sorumlusu olarak g\u00f6rev almaya ba\u015flayan \u00c7ilo\u011flu, kurumsal ileti\u015fimin g\u00fc\u00e7lendirilmesine katk\u0131 sa\u011flamaktad\u0131r.\",\"sameAs\":[\"https:\\\/\\\/www.textilegence.com\",\"https:\\\/\\\/www.facebook.com\\\/TextilegenceMagazine\",\"https:\\\/\\\/www.instagram.com\\\/textilegence\\\/\",\"https:\\\/\\\/www.linkedin.com\\\/in\\\/emre-yoleri-26151940\\\/\",\"https:\\\/\\\/x.com\\\/https:\\\/\\\/twitter.com\\\/textilegence\"],\"url\":\"https:\\\/\\\/www.textilegence.com\\\/en\\\/author\\\/emirhan-ciloglu\\\/\"}]}<\/script>\n<!-- \/ Yoast SEO Premium plugin. -->","yoast_head_json":{"title":"Altun Tekstil strengthens its production with Montex\u00aeCoat - Textilegence","description":"Altun Tekstil, one of Turkey\u2019s leading companies in home textile and upholstery fabrics, has commisioned the first Montex\u00aeCoat...","robots":{"index":"index","follow":"follow","max-snippet":"max-snippet:-1","max-image-preview":"max-image-preview:large","max-video-preview":"max-video-preview:-1"},"canonical":"https:\/\/www.textilegence.com\/en\/altun-tekstil-strengthens-its-production-with-montexcoat\/","og_locale":"en_US","og_type":"article","og_title":"Altun Tekstil strengthens its production with Montex\u00aeCoat","og_description":"Altun Tekstil, one of Turkey\u2019s leading companies in home textile and upholstery fabrics, has commissioned the first Montex\u00aeCoat coating system in Turkey.","og_url":"https:\/\/www.textilegence.com\/en\/altun-tekstil-strengthens-its-production-with-montexcoat\/","og_site_name":"Textilegence Magazine and Digital Platform","article_publisher":"https:\/\/www.facebook.com\/TextilegenceMagazine","article_author":"https:\/\/www.facebook.com\/TextilegenceMagazine","article_published_time":"2022-02-16T08:59:05+00:00","article_modified_time":"2022-02-16T08:59:10+00:00","og_image":[{"width":1200,"height":675,"url":"https:\/\/www.textilegence.com\/wp-content\/uploads\/2022\/02\/altun-tekstil-textilegence.jpg","type":"image\/jpeg"}],"author":"Emirhan \u00c7ilo\u011flu","twitter_card":"summary_large_image","twitter_creator":"@https:\/\/twitter.com\/textilegence","twitter_site":"@textilegence","twitter_misc":{"Written by":"Emirhan \u00c7ilo\u011flu","Est. reading time":"3 minutes"},"schema":{"@context":"https:\/\/schema.org","@graph":[{"@type":"NewsArticle","@id":"https:\/\/www.textilegence.com\/en\/altun-tekstil-strengthens-its-production-with-montexcoat\/#article","isPartOf":{"@id":"https:\/\/www.textilegence.com\/en\/altun-tekstil-strengthens-its-production-with-montexcoat\/"},"author":{"name":"Emirhan \u00c7ilo\u011flu","@id":"https:\/\/www.textilegence.com\/en\/#\/schema\/person\/8dbf2ab62ffdf644153f8c0f9c991f78"},"headline":"Altun Tekstil strengthens its production with Montex\u00aeCoat","datePublished":"2022-02-16T08:59:05+00:00","dateModified":"2022-02-16T08:59:10+00:00","mainEntityOfPage":{"@id":"https:\/\/www.textilegence.com\/en\/altun-tekstil-strengthens-its-production-with-montexcoat\/"},"wordCount":413,"commentCount":0,"publisher":{"@id":"https:\/\/www.textilegence.com\/en\/#organization"},"image":{"@id":"https:\/\/www.textilegence.com\/en\/altun-tekstil-strengthens-its-production-with-montexcoat\/#primaryimage"},"thumbnailUrl":"https:\/\/www.textilegence.com\/wp-content\/uploads\/2022\/02\/altun-tekstil-textilegence.jpg","keywords":["altun tekstil","finishing","Montex\u00aeCoat","textile news"],"articleSection":["Finishing"],"inLanguage":"en-US","potentialAction":[{"@type":"CommentAction","name":"Comment","target":["https:\/\/www.textilegence.com\/en\/altun-tekstil-strengthens-its-production-with-montexcoat\/#respond"]}]},{"@type":"WebPage","@id":"https:\/\/www.textilegence.com\/en\/altun-tekstil-strengthens-its-production-with-montexcoat\/","url":"https:\/\/www.textilegence.com\/en\/altun-tekstil-strengthens-its-production-with-montexcoat\/","name":"Altun Tekstil strengthens its production with Montex\u00aeCoat - Textilegence","isPartOf":{"@id":"https:\/\/www.textilegence.com\/en\/#website"},"primaryImageOfPage":{"@id":"https:\/\/www.textilegence.com\/en\/altun-tekstil-strengthens-its-production-with-montexcoat\/#primaryimage"},"image":{"@id":"https:\/\/www.textilegence.com\/en\/altun-tekstil-strengthens-its-production-with-montexcoat\/#primaryimage"},"thumbnailUrl":"https:\/\/www.textilegence.com\/wp-content\/uploads\/2022\/02\/altun-tekstil-textilegence.jpg","datePublished":"2022-02-16T08:59:05+00:00","dateModified":"2022-02-16T08:59:10+00:00","description":"Altun Tekstil, one of Turkey\u2019s leading companies in home textile and upholstery fabrics, has commisioned the first Montex\u00aeCoat...","breadcrumb":{"@id":"https:\/\/www.textilegence.com\/en\/altun-tekstil-strengthens-its-production-with-montexcoat\/#breadcrumb"},"inLanguage":"en-US","potentialAction":[{"@type":"ReadAction","target":["https:\/\/www.textilegence.com\/en\/altun-tekstil-strengthens-its-production-with-montexcoat\/"]}]},{"@type":"ImageObject","inLanguage":"en-US","@id":"https:\/\/www.textilegence.com\/en\/altun-tekstil-strengthens-its-production-with-montexcoat\/#primaryimage","url":"https:\/\/www.textilegence.com\/wp-content\/uploads\/2022\/02\/altun-tekstil-textilegence.jpg","contentUrl":"https:\/\/www.textilegence.com\/wp-content\/uploads\/2022\/02\/altun-tekstil-textilegence.jpg","width":1200,"height":675},{"@type":"BreadcrumbList","@id":"https:\/\/www.textilegence.com\/en\/altun-tekstil-strengthens-its-production-with-montexcoat\/#breadcrumb","itemListElement":[{"@type":"ListItem","position":1,"name":"Home Page","item":"https:\/\/www.textilegence.com\/en\/homepage-the-rimont\/"},{"@type":"ListItem","position":2,"name":"Finishing","item":"https:\/\/www.textilegence.com\/en\/category\/finishing\/"},{"@type":"ListItem","position":3,"name":"Altun Tekstil strengthens its production with Montex\u00aeCoat"}]},{"@type":"WebSite","@id":"https:\/\/www.textilegence.com\/en\/#website","url":"https:\/\/www.textilegence.com\/en\/","name":"Textilegence Magazine and Digital Platform","description":"Textile News Center","publisher":{"@id":"https:\/\/www.textilegence.com\/en\/#organization"},"potentialAction":[{"@type":"SearchAction","target":{"@type":"EntryPoint","urlTemplate":"https:\/\/www.textilegence.com\/en\/?s={search_term_string}"},"query-input":{"@type":"PropertyValueSpecification","valueRequired":true,"valueName":"search_term_string"}}],"inLanguage":"en-US"},{"@type":"Organization","@id":"https:\/\/www.textilegence.com\/en\/#organization","name":"Textilegence Magazine and Digital Platform","url":"https:\/\/www.textilegence.com\/en\/","logo":{"@type":"ImageObject","inLanguage":"en-US","@id":"https:\/\/www.textilegence.com\/en\/#\/schema\/logo\/image\/","url":"https:\/\/www.textilegence.com\/wp-content\/uploads\/2016\/11\/New_Retina_Logo_Textilegence.png","contentUrl":"https:\/\/www.textilegence.com\/wp-content\/uploads\/2016\/11\/New_Retina_Logo_Textilegence.png","width":544,"height":180,"caption":"Textilegence Magazine and Digital Platform"},"image":{"@id":"https:\/\/www.textilegence.com\/en\/#\/schema\/logo\/image\/"},"sameAs":["https:\/\/www.facebook.com\/TextilegenceMagazine","https:\/\/x.com\/textilegence","https:\/\/www.instagram.com\/textilegence\/","https:\/\/www.linkedin.com\/groups\/Textilegence-Magazine-Digital-Platform-4897253","https:\/\/www.youtube.com\/user\/textilegence"],"description":"Textilegence is a magazine and digital platform established in 2013. It focuses on the textile industry and sub-segments. The platform provides news, articles, and updates on various aspects of the textile industry, including sustainability, technological advancements, and market trends.","email":"editor@textilegence.com","telephone":"+90 212 442 24 12","legalName":"Textilegence Mag and Digital Platform","foundingDate":"2013-01-01","numberOfEmployees":{"@type":"QuantitativeValue","minValue":"1","maxValue":"10"}},{"@type":"Person","@id":"https:\/\/www.textilegence.com\/en\/#\/schema\/person\/8dbf2ab62ffdf644153f8c0f9c991f78","name":"Emirhan \u00c7ilo\u011flu","image":{"@type":"ImageObject","inLanguage":"en-US","@id":"https:\/\/www.textilegence.com\/wp-content\/uploads\/2021\/12\/emirhan.jpg","url":"https:\/\/www.textilegence.com\/wp-content\/uploads\/2021\/12\/emirhan.jpg","contentUrl":"https:\/\/www.textilegence.com\/wp-content\/uploads\/2021\/12\/emirhan.jpg","caption":"Emirhan \u00c7ilo\u011flu"},"description":"Mahmut Emirhan \u00c7ilo\u011flu, \u0130stanbul\u2019da H\u00fcsn\u00fc M. \u00d6zye\u011fin Anadolu Lisesi\u2019nde lise e\u011fitimini tamamlam\u0131\u015f, sonras\u0131nda da \u0130stanbul \u00dcniversitesi\u2019nde Amerikan K\u00fclt\u00fcr\u00fc ve Edebiyat\u0131 lisans b\u00f6l\u00fcm\u00fcnden ba\u015far\u0131yla mezun olmu\u015ftur. 2021 itibari ile Textilegence\u2019da pazarlama ve d\u0131\u015f ili\u015fkiler sorumlusu olarak g\u00f6rev almaya ba\u015flayan \u00c7ilo\u011flu, kurumsal ileti\u015fimin g\u00fc\u00e7lendirilmesine katk\u0131 sa\u011flamaktad\u0131r.","sameAs":["https:\/\/www.textilegence.com","https:\/\/www.facebook.com\/TextilegenceMagazine","https:\/\/www.instagram.com\/textilegence\/","https:\/\/www.linkedin.com\/in\/emre-yoleri-26151940\/","https:\/\/x.com\/https:\/\/twitter.com\/textilegence"],"url":"https:\/\/www.textilegence.com\/en\/author\/emirhan-ciloglu\/"}]}},"_links":{"self":[{"href":"https:\/\/www.textilegence.com\/en\/wp-json\/wp\/v2\/posts\/44808","targetHints":{"allow":["GET"]}}],"collection":[{"href":"https:\/\/www.textilegence.com\/en\/wp-json\/wp\/v2\/posts"}],"about":[{"href":"https:\/\/www.textilegence.com\/en\/wp-json\/wp\/v2\/types\/post"}],"author":[{"embeddable":true,"href":"https:\/\/www.textilegence.com\/en\/wp-json\/wp\/v2\/users\/16"}],"replies":[{"embeddable":true,"href":"https:\/\/www.textilegence.com\/en\/wp-json\/wp\/v2\/comments?post=44808"}],"version-history":[{"count":0,"href":"https:\/\/www.textilegence.com\/en\/wp-json\/wp\/v2\/posts\/44808\/revisions"}],"wp:featuredmedia":[{"embeddable":true,"href":"https:\/\/www.textilegence.com\/en\/wp-json\/wp\/v2\/media\/44807"}],"wp:attachment":[{"href":"https:\/\/www.textilegence.com\/en\/wp-json\/wp\/v2\/media?parent=44808"}],"wp:term":[{"taxonomy":"category","embeddable":true,"href":"https:\/\/www.textilegence.com\/en\/wp-json\/wp\/v2\/categories?post=44808"},{"taxonomy":"post_tag","embeddable":true,"href":"https:\/\/www.textilegence.com\/en\/wp-json\/wp\/v2\/tags?post=44808"}],"curies":[{"name":"wp","href":"https:\/\/api.w.org\/{rel}","templated":true}]}}