{"id":44824,"date":"2022-02-15T16:25:50","date_gmt":"2022-02-15T13:25:50","guid":{"rendered":"http:\/\/www.textilegence.com\/?p=44824"},"modified":"2022-02-15T16:26:08","modified_gmt":"2022-02-15T13:26:08","slug":"ready-to-wear-industry-meets-at-linexpo","status":"publish","type":"post","link":"https:\/\/www.textilegence.com\/en\/ready-to-wear-industry-meets-at-linexpo\/","title":{"rendered":"Ready-to-wear industry meets at Linexpo"},"content":{"rendered":"\n<p>&#8216;Linexpo&#8217; <a href=\"https:\/\/www.linexpo.com.tr\/en\" target=\"_blank\" rel=\"noreferrer noopener\">Lingerie and Hosiery Fair<\/a>, organized by All Underwear Industrialists Association (T\u0130GSAD), hosted its visitors at Istanbul Expo Center on February, 9-12. Approximately 5 thousand international visitors from 103 countries took part at the <a href=\"https:\/\/www.textilegence.com\/en\/category\/trade-fairs\/\" target=\"_blank\" rel=\"noreferrer noopener\">fair<\/a>, held for the 6th time, while the total number of visitors was announced as about 15 thousand this year. The event was realized simultaneously with the Istanbul Fashion Connection (IFCO) and Fashionist. Turkish Exporters Assembly (T\u0130M) Chairperson \u0130smail G\u00fclle and Istanbul Chamber of Commerce (\u0130TO) President \u015eekib Avdagi\u00e7 made the opening of the three fairs, held with the support of \u0130HK\u0130B and \u0130TO. Special displays and fashion shows were also organized during the fair, in addition to B2B meetings.<\/p>\n\n\n\n<div class=\"wp-block-image\"><figure class=\"aligncenter size-full is-resized\"><img loading=\"lazy\" decoding=\"async\" src=\"https:\/\/www.textilegence.com\/wp-content\/uploads\/2022\/02\/linexpo-detail1.jpg\" alt=\"\" class=\"wp-image-44819\" width=\"1068\" height=\"600\" srcset=\"https:\/\/www.textilegence.com\/wp-content\/uploads\/2022\/02\/linexpo-detail1.jpg 1200w, https:\/\/www.textilegence.com\/wp-content\/uploads\/2022\/02\/linexpo-detail1-768x432.jpg 768w, https:\/\/www.textilegence.com\/wp-content\/uploads\/2022\/02\/linexpo-detail1-300x169.jpg 300w, https:\/\/www.textilegence.com\/wp-content\/uploads\/2022\/02\/linexpo-detail1-600x338.jpg 600w, https:\/\/www.textilegence.com\/wp-content\/uploads\/2022\/02\/linexpo-detail1-696x392.jpg 696w, https:\/\/www.textilegence.com\/wp-content\/uploads\/2022\/02\/linexpo-detail1-1068x601.jpg 1068w\" sizes=\"auto, (max-width: 1068px) 100vw, 1068px\" \/><figcaption>Ready-to-wear industry meets at Linexpo <\/figcaption><\/figure><\/div>\n\n\n\n<h2 class=\"wp-block-heading\" id=\"h-a-sublime-fair-for-the-ready-to-wear-industry\">\u201cA sublime fair for the ready-to-wear industry\u201d<\/h2>\n\n\n\n<p>T\u0130M Chair \u0130smail G\u00fclle, said the following at the fair opening; \u201cThere was no fair with the infrastructure to represent our distinguished industry, which is the most rooted, has the most current account surplus, employs the most, and has a great potential for Turkey\u2019s international branding for a long time. We were feeling the lack of this. The atmosphere here and this organization we are holding after a long period of pandemic is really sublime. 2021 was an unforgettable year that the pride of Turkey, exporters made us smile with the peak of exports and production. We saw that the favour shown to our country exceeded the limits in all the fairs we attended last year. We saw lines stretching out onto the roads at the entrance. We have seen in almost all sectors that the participants could not keep up with order bookings. We have seen the fullness and success of the fairs held simultaneously. This shows that we are now taking big steps towards big goals in this country\u201d.<\/p>\n\n\n\n<p>G\u00fclle emphasized that Turkey\u2019s exports of 225 billion dollars in 2021 is a great success that will never be forgotten and stated; \u201cWe now have a target of 250 billion dollars in front of us. This is a figure we can achieve with these sectors. We witnessed that many of our companies could not keep up with the orders last year. We have seen that brands that did not receive orders from Turkey now return to do business with Turkey and place orders. These are very encouraging\u201d.<\/p>\n\n\n\n<h2 class=\"wp-block-heading\" id=\"h-there-were-three-main-sectors-at-the-fair\">There were three main sectors at the fair<\/h2>\n\n\n\n<p>ITO President \u015eekib Avdagi\u00e7 disclosed in his opening speech; \u201cWe are holding our fair in 7 halls. We have nearly 600 companies and 3 main sectors. One is ready-to-wear and apparel. We also have the long-running Linexpo lingerie fair. We did not set a square metre limit for the participants since it was the first time we started this fair. However, in the fairs we will hold from now on, I think that after the sector sees the potential and business volume of this fair, they will get in line, let alone fill it\u201d. Avdagi\u00e7 said that IFCO will not only be an Istanbul brand but first a regional brand and then a worldwide brand in the sector.<\/p>\n\n\n\n<p>Avdagi\u00e7 emphasized that they should continue their efforts to make this event a worldwide brand and stated; \u201cBecause in this way, it will make Istanbul the centre of the main and all sub-sectors of fashion, textiles, lingerie, evening gowns. Companies abroad will make an effort to come here. Numerous countries from Africa and Central Asia prefer countries like Turkey instead of Europe due to Europe\u2019s restrictive Covid measures for fairs. Our country needs to take more action by thoroughly evaluating the conditions brought by the pandemic for this reason\u201d.<\/p>\n\n\n\n<div class=\"wp-block-image\"><figure class=\"aligncenter size-full\"><img loading=\"lazy\" decoding=\"async\" width=\"1200\" height=\"675\" src=\"https:\/\/www.textilegence.com\/wp-content\/uploads\/2022\/02\/linexpo-detail2.jpg\" alt=\"\" class=\"wp-image-44821\" srcset=\"https:\/\/www.textilegence.com\/wp-content\/uploads\/2022\/02\/linexpo-detail2.jpg 1200w, https:\/\/www.textilegence.com\/wp-content\/uploads\/2022\/02\/linexpo-detail2-768x432.jpg 768w, https:\/\/www.textilegence.com\/wp-content\/uploads\/2022\/02\/linexpo-detail2-300x169.jpg 300w, https:\/\/www.textilegence.com\/wp-content\/uploads\/2022\/02\/linexpo-detail2-600x338.jpg 600w, https:\/\/www.textilegence.com\/wp-content\/uploads\/2022\/02\/linexpo-detail2-696x392.jpg 696w, https:\/\/www.textilegence.com\/wp-content\/uploads\/2022\/02\/linexpo-detail2-1068x601.jpg 1068w\" sizes=\"auto, (max-width: 1200px) 100vw, 1200px\" \/><figcaption>T\u0130GSAD President Naz\u0131m Kanpolat<\/figcaption><\/figure><\/div>\n\n\n\n<h2 class=\"wp-block-heading\" id=\"h-all-the-sales-areas-of-linexpo-are-filled-one-year-before-the-fair-date\">\u201cAll the sales areas of Linexpo are filled one year before the fair date\u201d<\/h2>\n\n\n\n<p>T\u0130GSAD President Naz\u0131m Kanpolat stated that they made the strategy of the fair within the scope of five-year plans and announced that they achieved their first five-year targets. Kanpolat continued his words as follows; \u201cThe point we have reached in buyers&#8217; delegations, B2B meetings, the number of foreign visitors and the increase in the number of participants brought about stable growth. We were deemed worthy of an international fair status at the end of the path we started as \u2018Fashion Days\u2019 in 2016. One of the biggest features of Linexpo is that all sales areas are filled one year before the fair date. The fields of activity of our participating companies are underwear, pyjamas, swimwear, corset, dowries, bras, children&#8217;s pyjamas, children&#8217;s underwear, satin group, tights, homewear and tracksuits\u201d.<\/p>\n\n\n\n<p>Kanpolat pointed out that the relations that companies will establish with international purchasing committees, especially in the post-pandemic period, are very important for Turkey\u2019s sector exports and added; \u201cAs T\u0130GSAD, we aim to provide more foreign currency inflow every year to our country, which wants to grow with production, exports and employment through Linexpo\u201d.<\/p>\n","protected":false},"excerpt":{"rendered":"<p>&#8216;Linexpo&#8217; Lingerie and Hosiery Fair, organized by All Underwear Industrialists Association (T\u0130GSAD), hosted its visitors at Istanbul Expo Center on February, 9-12. Approximately 5 thousand international visitors from 103 countries took part at the fair, held for the 6th time, while the total number of visitors was announced as about 15 thousand this year. The [&hellip;]<\/p>\n","protected":false},"author":2,"featured_media":44817,"comment_status":"open","ping_status":"closed","sticky":false,"template":"","format":"standard","meta":{"footnotes":""},"categories":[9845],"tags":[14990,14988,10369,12448],"class_list":{"0":"post-44824","1":"post","2":"type-post","3":"status-publish","4":"format-standard","5":"has-post-thumbnail","7":"category-trade-fairs","8":"tag-all-underwear-industrialists-association","9":"tag-linexpo-lingerie-and-hosiery-fair","10":"tag-textile-news-en","11":"tag-trade-fairs"},"yoast_head":"<!-- This site is optimized with the Yoast SEO Premium plugin v27.3 (Yoast SEO v27.3) - https:\/\/yoast.com\/product\/yoast-seo-premium-wordpress\/ -->\n<title>Ready-to-wear industry meets at Linexpo - Textilegence<\/title>\n<meta name=\"description\" content=\"&#039;Linexpo&#039; Lingerie and Hosiery Fair, organized by All Underwear Industrialists Association (T\u0130GSAD), hosted its visitors at Istanbul...\" \/>\n<meta name=\"robots\" content=\"index, follow, max-snippet:-1, max-image-preview:large, max-video-preview:-1\" \/>\n<link rel=\"canonical\" href=\"https:\/\/www.textilegence.com\/en\/ready-to-wear-industry-meets-at-linexpo\/\" \/>\n<meta property=\"og:locale\" content=\"en_US\" \/>\n<meta property=\"og:type\" content=\"article\" \/>\n<meta property=\"og:title\" content=\"Ready-to-wear industry meets at Linexpo\" \/>\n<meta property=\"og:description\" content=\"&#039;Linexpo&#039; Lingerie and Hosiery Fair, organized by All Underwear Industrialists Association (T\u0130GSAD), hosted its visitors at Istanbul Expo Center on\" \/>\n<meta property=\"og:url\" content=\"https:\/\/www.textilegence.com\/en\/ready-to-wear-industry-meets-at-linexpo\/\" \/>\n<meta property=\"og:site_name\" content=\"Textilegence Magazine and Digital Platform\" \/>\n<meta property=\"article:publisher\" content=\"https:\/\/www.facebook.com\/TextilegenceMagazine\" \/>\n<meta property=\"article:author\" content=\"https:\/\/www.facebook.com\/TextilegenceMagazine\" \/>\n<meta property=\"article:published_time\" content=\"2022-02-15T13:25:50+00:00\" \/>\n<meta property=\"article:modified_time\" content=\"2022-02-15T13:26:08+00:00\" \/>\n<meta property=\"og:image\" content=\"https:\/\/www.textilegence.com\/wp-content\/uploads\/2022\/02\/linexpo-textilegence-1.jpg\" \/>\n\t<meta property=\"og:image:width\" content=\"1200\" \/>\n\t<meta property=\"og:image:height\" content=\"675\" \/>\n\t<meta property=\"og:image:type\" content=\"image\/jpeg\" \/>\n<meta name=\"author\" content=\"Engin Buz\" \/>\n<meta name=\"twitter:card\" content=\"summary_large_image\" \/>\n<meta name=\"twitter:creator\" content=\"@https:\/\/twitter.com\/textilegence\" \/>\n<meta name=\"twitter:site\" content=\"@textilegence\" \/>\n<meta name=\"twitter:label1\" content=\"Written by\" \/>\n\t<meta name=\"twitter:data1\" content=\"Engin Buz\" \/>\n\t<meta name=\"twitter:label2\" content=\"Est. reading time\" \/>\n\t<meta name=\"twitter:data2\" content=\"6 minutes\" \/>\n<script type=\"application\/ld+json\" class=\"yoast-schema-graph\">{\"@context\":\"https:\\\/\\\/schema.org\",\"@graph\":[{\"@type\":\"NewsArticle\",\"@id\":\"https:\\\/\\\/www.textilegence.com\\\/en\\\/ready-to-wear-industry-meets-at-linexpo\\\/#article\",\"isPartOf\":{\"@id\":\"https:\\\/\\\/www.textilegence.com\\\/en\\\/ready-to-wear-industry-meets-at-linexpo\\\/\"},\"author\":{\"name\":\"Engin Buz\",\"@id\":\"https:\\\/\\\/www.textilegence.com\\\/en\\\/#\\\/schema\\\/person\\\/46ccc7bfc34edbc7d46b6b189f88849f\"},\"headline\":\"Ready-to-wear industry meets at Linexpo\",\"datePublished\":\"2022-02-15T13:25:50+00:00\",\"dateModified\":\"2022-02-15T13:26:08+00:00\",\"mainEntityOfPage\":{\"@id\":\"https:\\\/\\\/www.textilegence.com\\\/en\\\/ready-to-wear-industry-meets-at-linexpo\\\/\"},\"wordCount\":813,\"commentCount\":0,\"publisher\":{\"@id\":\"https:\\\/\\\/www.textilegence.com\\\/en\\\/#organization\"},\"image\":{\"@id\":\"https:\\\/\\\/www.textilegence.com\\\/en\\\/ready-to-wear-industry-meets-at-linexpo\\\/#primaryimage\"},\"thumbnailUrl\":\"https:\\\/\\\/www.textilegence.com\\\/wp-content\\\/uploads\\\/2022\\\/02\\\/linexpo-textilegence-1.jpg\",\"keywords\":[\"All Underwear Industrialists Association\",\"linexpo lingerie and hosiery fair\",\"textile news\",\"trade fairs\"],\"articleSection\":[\"Trade Fairs\"],\"inLanguage\":\"en-US\",\"potentialAction\":[{\"@type\":\"CommentAction\",\"name\":\"Comment\",\"target\":[\"https:\\\/\\\/www.textilegence.com\\\/en\\\/ready-to-wear-industry-meets-at-linexpo\\\/#respond\"]}]},{\"@type\":\"WebPage\",\"@id\":\"https:\\\/\\\/www.textilegence.com\\\/en\\\/ready-to-wear-industry-meets-at-linexpo\\\/\",\"url\":\"https:\\\/\\\/www.textilegence.com\\\/en\\\/ready-to-wear-industry-meets-at-linexpo\\\/\",\"name\":\"Ready-to-wear industry meets at Linexpo - Textilegence\",\"isPartOf\":{\"@id\":\"https:\\\/\\\/www.textilegence.com\\\/en\\\/#website\"},\"primaryImageOfPage\":{\"@id\":\"https:\\\/\\\/www.textilegence.com\\\/en\\\/ready-to-wear-industry-meets-at-linexpo\\\/#primaryimage\"},\"image\":{\"@id\":\"https:\\\/\\\/www.textilegence.com\\\/en\\\/ready-to-wear-industry-meets-at-linexpo\\\/#primaryimage\"},\"thumbnailUrl\":\"https:\\\/\\\/www.textilegence.com\\\/wp-content\\\/uploads\\\/2022\\\/02\\\/linexpo-textilegence-1.jpg\",\"datePublished\":\"2022-02-15T13:25:50+00:00\",\"dateModified\":\"2022-02-15T13:26:08+00:00\",\"description\":\"'Linexpo' Lingerie and Hosiery Fair, organized by All Underwear Industrialists Association (T\u0130GSAD), hosted its visitors at Istanbul...\",\"breadcrumb\":{\"@id\":\"https:\\\/\\\/www.textilegence.com\\\/en\\\/ready-to-wear-industry-meets-at-linexpo\\\/#breadcrumb\"},\"inLanguage\":\"en-US\",\"potentialAction\":[{\"@type\":\"ReadAction\",\"target\":[\"https:\\\/\\\/www.textilegence.com\\\/en\\\/ready-to-wear-industry-meets-at-linexpo\\\/\"]}]},{\"@type\":\"ImageObject\",\"inLanguage\":\"en-US\",\"@id\":\"https:\\\/\\\/www.textilegence.com\\\/en\\\/ready-to-wear-industry-meets-at-linexpo\\\/#primaryimage\",\"url\":\"https:\\\/\\\/www.textilegence.com\\\/wp-content\\\/uploads\\\/2022\\\/02\\\/linexpo-textilegence-1.jpg\",\"contentUrl\":\"https:\\\/\\\/www.textilegence.com\\\/wp-content\\\/uploads\\\/2022\\\/02\\\/linexpo-textilegence-1.jpg\",\"width\":1200,\"height\":675},{\"@type\":\"BreadcrumbList\",\"@id\":\"https:\\\/\\\/www.textilegence.com\\\/en\\\/ready-to-wear-industry-meets-at-linexpo\\\/#breadcrumb\",\"itemListElement\":[{\"@type\":\"ListItem\",\"position\":1,\"name\":\"Home Page\",\"item\":\"https:\\\/\\\/www.textilegence.com\\\/en\\\/homepage-the-rimont\\\/\"},{\"@type\":\"ListItem\",\"position\":2,\"name\":\"Trade Fairs\",\"item\":\"https:\\\/\\\/www.textilegence.com\\\/en\\\/category\\\/trade-fairs\\\/\"},{\"@type\":\"ListItem\",\"position\":3,\"name\":\"Ready-to-wear industry meets at Linexpo\"}]},{\"@type\":\"WebSite\",\"@id\":\"https:\\\/\\\/www.textilegence.com\\\/en\\\/#website\",\"url\":\"https:\\\/\\\/www.textilegence.com\\\/en\\\/\",\"name\":\"Textilegence Magazine and Digital Platform\",\"description\":\"Textile News Center\",\"publisher\":{\"@id\":\"https:\\\/\\\/www.textilegence.com\\\/en\\\/#organization\"},\"potentialAction\":[{\"@type\":\"SearchAction\",\"target\":{\"@type\":\"EntryPoint\",\"urlTemplate\":\"https:\\\/\\\/www.textilegence.com\\\/en\\\/?s={search_term_string}\"},\"query-input\":{\"@type\":\"PropertyValueSpecification\",\"valueRequired\":true,\"valueName\":\"search_term_string\"}}],\"inLanguage\":\"en-US\"},{\"@type\":\"Organization\",\"@id\":\"https:\\\/\\\/www.textilegence.com\\\/en\\\/#organization\",\"name\":\"Textilegence Magazine and Digital Platform\",\"url\":\"https:\\\/\\\/www.textilegence.com\\\/en\\\/\",\"logo\":{\"@type\":\"ImageObject\",\"inLanguage\":\"en-US\",\"@id\":\"https:\\\/\\\/www.textilegence.com\\\/en\\\/#\\\/schema\\\/logo\\\/image\\\/\",\"url\":\"https:\\\/\\\/www.textilegence.com\\\/wp-content\\\/uploads\\\/2016\\\/11\\\/New_Retina_Logo_Textilegence.png\",\"contentUrl\":\"https:\\\/\\\/www.textilegence.com\\\/wp-content\\\/uploads\\\/2016\\\/11\\\/New_Retina_Logo_Textilegence.png\",\"width\":544,\"height\":180,\"caption\":\"Textilegence Magazine and Digital Platform\"},\"image\":{\"@id\":\"https:\\\/\\\/www.textilegence.com\\\/en\\\/#\\\/schema\\\/logo\\\/image\\\/\"},\"sameAs\":[\"https:\\\/\\\/www.facebook.com\\\/TextilegenceMagazine\",\"https:\\\/\\\/x.com\\\/textilegence\",\"https:\\\/\\\/www.instagram.com\\\/textilegence\\\/\",\"https:\\\/\\\/www.linkedin.com\\\/groups\\\/Textilegence-Magazine-Digital-Platform-4897253\",\"https:\\\/\\\/www.youtube.com\\\/user\\\/textilegence\"],\"description\":\"Textilegence is a magazine and digital platform established in 2013. It focuses on the textile industry and sub-segments. The platform provides news, articles, and updates on various aspects of the textile industry, including sustainability, technological advancements, and market trends.\",\"email\":\"editor@textilegence.com\",\"telephone\":\"+90 212 442 24 12\",\"legalName\":\"Textilegence Mag and Digital Platform\",\"foundingDate\":\"2013-01-01\",\"numberOfEmployees\":{\"@type\":\"QuantitativeValue\",\"minValue\":\"1\",\"maxValue\":\"10\"}},{\"@type\":\"Person\",\"@id\":\"https:\\\/\\\/www.textilegence.com\\\/en\\\/#\\\/schema\\\/person\\\/46ccc7bfc34edbc7d46b6b189f88849f\",\"name\":\"Engin Buz\",\"image\":{\"@type\":\"ImageObject\",\"inLanguage\":\"en-US\",\"@id\":\"https:\\\/\\\/www.textilegence.com\\\/wp-content\\\/uploads\\\/2018\\\/12\\\/engin-buz.jpg\",\"url\":\"https:\\\/\\\/www.textilegence.com\\\/wp-content\\\/uploads\\\/2018\\\/12\\\/engin-buz.jpg\",\"contentUrl\":\"https:\\\/\\\/www.textilegence.com\\\/wp-content\\\/uploads\\\/2018\\\/12\\\/engin-buz.jpg\",\"caption\":\"Engin Buz\"},\"description\":\"Engin Buz, Ankara \u00dcniversitesi \u0130leti\u015fim Fak\u00fcltesi Gazetecilik B\u00f6l\u00fcm\u00fc\u2019nden mezun olduktan sonra Y\u0131ld\u0131z Teknik \u00dcniversitesi\u2019nde Siyaset Bilimi ve Uluslararas\u0131 \u0130li\u015fkiler alan\u0131nda y\u00fcksek lisans\u0131n\u0131 tamamlam\u0131\u015ft\u0131r. 2000 y\u0131l\u0131ndan sonra \u00e7e\u015fitli yay\u0131nc\u0131l\u0131k \u015firketlerinde \u00e7al\u0131\u015fmaya ba\u015flayarak k\u00fclt\u00fcr-sanat ve daha sonra ekonomi haberleri haz\u0131rlam\u0131\u015ft\u0131r. 2009 y\u0131l\u0131ndan itibaren tekstil end\u00fcstrisine d\u00f6n\u00fck yay\u0131nlarda edit\u00f6r olarak g\u00f6rev alan Buz, 2013 itibariyle kurulan Textilegence\u2019de haber edit\u00f6r\u00fc olarak yer almaya ba\u015flam\u0131\u015ft\u0131r. Engin Buz halen ba\u015fta tekstil ve dijital bask\u0131 end\u00fcstrileri olmak \u00fczere ekonomi haberleri haz\u0131rlamaktad\u0131r.\",\"sameAs\":[\"https:\\\/\\\/www.textilegence.com\",\"https:\\\/\\\/www.facebook.com\\\/TextilegenceMagazine\",\"https:\\\/\\\/www.instagram.com\\\/textilegence\\\/\",\"https:\\\/\\\/www.linkedin.com\\\/in\\\/engin-buz-6190799a\\\/\",\"https:\\\/\\\/x.com\\\/https:\\\/\\\/twitter.com\\\/textilegence\"],\"url\":\"https:\\\/\\\/www.textilegence.com\\\/en\\\/author\\\/engin-buz\\\/\"}]}<\/script>\n<!-- \/ Yoast SEO Premium plugin. -->","yoast_head_json":{"title":"Ready-to-wear industry meets at Linexpo - Textilegence","description":"'Linexpo' Lingerie and Hosiery Fair, organized by All Underwear Industrialists Association (T\u0130GSAD), hosted its visitors at Istanbul...","robots":{"index":"index","follow":"follow","max-snippet":"max-snippet:-1","max-image-preview":"max-image-preview:large","max-video-preview":"max-video-preview:-1"},"canonical":"https:\/\/www.textilegence.com\/en\/ready-to-wear-industry-meets-at-linexpo\/","og_locale":"en_US","og_type":"article","og_title":"Ready-to-wear industry meets at Linexpo","og_description":"'Linexpo' Lingerie and Hosiery Fair, organized by All Underwear Industrialists Association (T\u0130GSAD), hosted its visitors at Istanbul Expo Center on","og_url":"https:\/\/www.textilegence.com\/en\/ready-to-wear-industry-meets-at-linexpo\/","og_site_name":"Textilegence Magazine and Digital Platform","article_publisher":"https:\/\/www.facebook.com\/TextilegenceMagazine","article_author":"https:\/\/www.facebook.com\/TextilegenceMagazine","article_published_time":"2022-02-15T13:25:50+00:00","article_modified_time":"2022-02-15T13:26:08+00:00","og_image":[{"width":1200,"height":675,"url":"https:\/\/www.textilegence.com\/wp-content\/uploads\/2022\/02\/linexpo-textilegence-1.jpg","type":"image\/jpeg"}],"author":"Engin Buz","twitter_card":"summary_large_image","twitter_creator":"@https:\/\/twitter.com\/textilegence","twitter_site":"@textilegence","twitter_misc":{"Written by":"Engin Buz","Est. reading time":"6 minutes"},"schema":{"@context":"https:\/\/schema.org","@graph":[{"@type":"NewsArticle","@id":"https:\/\/www.textilegence.com\/en\/ready-to-wear-industry-meets-at-linexpo\/#article","isPartOf":{"@id":"https:\/\/www.textilegence.com\/en\/ready-to-wear-industry-meets-at-linexpo\/"},"author":{"name":"Engin Buz","@id":"https:\/\/www.textilegence.com\/en\/#\/schema\/person\/46ccc7bfc34edbc7d46b6b189f88849f"},"headline":"Ready-to-wear industry meets at Linexpo","datePublished":"2022-02-15T13:25:50+00:00","dateModified":"2022-02-15T13:26:08+00:00","mainEntityOfPage":{"@id":"https:\/\/www.textilegence.com\/en\/ready-to-wear-industry-meets-at-linexpo\/"},"wordCount":813,"commentCount":0,"publisher":{"@id":"https:\/\/www.textilegence.com\/en\/#organization"},"image":{"@id":"https:\/\/www.textilegence.com\/en\/ready-to-wear-industry-meets-at-linexpo\/#primaryimage"},"thumbnailUrl":"https:\/\/www.textilegence.com\/wp-content\/uploads\/2022\/02\/linexpo-textilegence-1.jpg","keywords":["All Underwear Industrialists Association","linexpo lingerie and hosiery fair","textile news","trade fairs"],"articleSection":["Trade Fairs"],"inLanguage":"en-US","potentialAction":[{"@type":"CommentAction","name":"Comment","target":["https:\/\/www.textilegence.com\/en\/ready-to-wear-industry-meets-at-linexpo\/#respond"]}]},{"@type":"WebPage","@id":"https:\/\/www.textilegence.com\/en\/ready-to-wear-industry-meets-at-linexpo\/","url":"https:\/\/www.textilegence.com\/en\/ready-to-wear-industry-meets-at-linexpo\/","name":"Ready-to-wear industry meets at Linexpo - Textilegence","isPartOf":{"@id":"https:\/\/www.textilegence.com\/en\/#website"},"primaryImageOfPage":{"@id":"https:\/\/www.textilegence.com\/en\/ready-to-wear-industry-meets-at-linexpo\/#primaryimage"},"image":{"@id":"https:\/\/www.textilegence.com\/en\/ready-to-wear-industry-meets-at-linexpo\/#primaryimage"},"thumbnailUrl":"https:\/\/www.textilegence.com\/wp-content\/uploads\/2022\/02\/linexpo-textilegence-1.jpg","datePublished":"2022-02-15T13:25:50+00:00","dateModified":"2022-02-15T13:26:08+00:00","description":"'Linexpo' Lingerie and Hosiery Fair, organized by All Underwear Industrialists Association (T\u0130GSAD), hosted its visitors at Istanbul...","breadcrumb":{"@id":"https:\/\/www.textilegence.com\/en\/ready-to-wear-industry-meets-at-linexpo\/#breadcrumb"},"inLanguage":"en-US","potentialAction":[{"@type":"ReadAction","target":["https:\/\/www.textilegence.com\/en\/ready-to-wear-industry-meets-at-linexpo\/"]}]},{"@type":"ImageObject","inLanguage":"en-US","@id":"https:\/\/www.textilegence.com\/en\/ready-to-wear-industry-meets-at-linexpo\/#primaryimage","url":"https:\/\/www.textilegence.com\/wp-content\/uploads\/2022\/02\/linexpo-textilegence-1.jpg","contentUrl":"https:\/\/www.textilegence.com\/wp-content\/uploads\/2022\/02\/linexpo-textilegence-1.jpg","width":1200,"height":675},{"@type":"BreadcrumbList","@id":"https:\/\/www.textilegence.com\/en\/ready-to-wear-industry-meets-at-linexpo\/#breadcrumb","itemListElement":[{"@type":"ListItem","position":1,"name":"Home Page","item":"https:\/\/www.textilegence.com\/en\/homepage-the-rimont\/"},{"@type":"ListItem","position":2,"name":"Trade Fairs","item":"https:\/\/www.textilegence.com\/en\/category\/trade-fairs\/"},{"@type":"ListItem","position":3,"name":"Ready-to-wear industry meets at Linexpo"}]},{"@type":"WebSite","@id":"https:\/\/www.textilegence.com\/en\/#website","url":"https:\/\/www.textilegence.com\/en\/","name":"Textilegence Magazine and Digital Platform","description":"Textile News Center","publisher":{"@id":"https:\/\/www.textilegence.com\/en\/#organization"},"potentialAction":[{"@type":"SearchAction","target":{"@type":"EntryPoint","urlTemplate":"https:\/\/www.textilegence.com\/en\/?s={search_term_string}"},"query-input":{"@type":"PropertyValueSpecification","valueRequired":true,"valueName":"search_term_string"}}],"inLanguage":"en-US"},{"@type":"Organization","@id":"https:\/\/www.textilegence.com\/en\/#organization","name":"Textilegence Magazine and Digital Platform","url":"https:\/\/www.textilegence.com\/en\/","logo":{"@type":"ImageObject","inLanguage":"en-US","@id":"https:\/\/www.textilegence.com\/en\/#\/schema\/logo\/image\/","url":"https:\/\/www.textilegence.com\/wp-content\/uploads\/2016\/11\/New_Retina_Logo_Textilegence.png","contentUrl":"https:\/\/www.textilegence.com\/wp-content\/uploads\/2016\/11\/New_Retina_Logo_Textilegence.png","width":544,"height":180,"caption":"Textilegence Magazine and Digital Platform"},"image":{"@id":"https:\/\/www.textilegence.com\/en\/#\/schema\/logo\/image\/"},"sameAs":["https:\/\/www.facebook.com\/TextilegenceMagazine","https:\/\/x.com\/textilegence","https:\/\/www.instagram.com\/textilegence\/","https:\/\/www.linkedin.com\/groups\/Textilegence-Magazine-Digital-Platform-4897253","https:\/\/www.youtube.com\/user\/textilegence"],"description":"Textilegence is a magazine and digital platform established in 2013. It focuses on the textile industry and sub-segments. The platform provides news, articles, and updates on various aspects of the textile industry, including sustainability, technological advancements, and market trends.","email":"editor@textilegence.com","telephone":"+90 212 442 24 12","legalName":"Textilegence Mag and Digital Platform","foundingDate":"2013-01-01","numberOfEmployees":{"@type":"QuantitativeValue","minValue":"1","maxValue":"10"}},{"@type":"Person","@id":"https:\/\/www.textilegence.com\/en\/#\/schema\/person\/46ccc7bfc34edbc7d46b6b189f88849f","name":"Engin Buz","image":{"@type":"ImageObject","inLanguage":"en-US","@id":"https:\/\/www.textilegence.com\/wp-content\/uploads\/2018\/12\/engin-buz.jpg","url":"https:\/\/www.textilegence.com\/wp-content\/uploads\/2018\/12\/engin-buz.jpg","contentUrl":"https:\/\/www.textilegence.com\/wp-content\/uploads\/2018\/12\/engin-buz.jpg","caption":"Engin Buz"},"description":"Engin Buz, Ankara \u00dcniversitesi \u0130leti\u015fim Fak\u00fcltesi Gazetecilik B\u00f6l\u00fcm\u00fc\u2019nden mezun olduktan sonra Y\u0131ld\u0131z Teknik \u00dcniversitesi\u2019nde Siyaset Bilimi ve Uluslararas\u0131 \u0130li\u015fkiler alan\u0131nda y\u00fcksek lisans\u0131n\u0131 tamamlam\u0131\u015ft\u0131r. 2000 y\u0131l\u0131ndan sonra \u00e7e\u015fitli yay\u0131nc\u0131l\u0131k \u015firketlerinde \u00e7al\u0131\u015fmaya ba\u015flayarak k\u00fclt\u00fcr-sanat ve daha sonra ekonomi haberleri haz\u0131rlam\u0131\u015ft\u0131r. 2009 y\u0131l\u0131ndan itibaren tekstil end\u00fcstrisine d\u00f6n\u00fck yay\u0131nlarda edit\u00f6r olarak g\u00f6rev alan Buz, 2013 itibariyle kurulan Textilegence\u2019de haber edit\u00f6r\u00fc olarak yer almaya ba\u015flam\u0131\u015ft\u0131r. Engin Buz halen ba\u015fta tekstil ve dijital bask\u0131 end\u00fcstrileri olmak \u00fczere ekonomi haberleri haz\u0131rlamaktad\u0131r.","sameAs":["https:\/\/www.textilegence.com","https:\/\/www.facebook.com\/TextilegenceMagazine","https:\/\/www.instagram.com\/textilegence\/","https:\/\/www.linkedin.com\/in\/engin-buz-6190799a\/","https:\/\/x.com\/https:\/\/twitter.com\/textilegence"],"url":"https:\/\/www.textilegence.com\/en\/author\/engin-buz\/"}]}},"_links":{"self":[{"href":"https:\/\/www.textilegence.com\/en\/wp-json\/wp\/v2\/posts\/44824","targetHints":{"allow":["GET"]}}],"collection":[{"href":"https:\/\/www.textilegence.com\/en\/wp-json\/wp\/v2\/posts"}],"about":[{"href":"https:\/\/www.textilegence.com\/en\/wp-json\/wp\/v2\/types\/post"}],"author":[{"embeddable":true,"href":"https:\/\/www.textilegence.com\/en\/wp-json\/wp\/v2\/users\/2"}],"replies":[{"embeddable":true,"href":"https:\/\/www.textilegence.com\/en\/wp-json\/wp\/v2\/comments?post=44824"}],"version-history":[{"count":0,"href":"https:\/\/www.textilegence.com\/en\/wp-json\/wp\/v2\/posts\/44824\/revisions"}],"wp:featuredmedia":[{"embeddable":true,"href":"https:\/\/www.textilegence.com\/en\/wp-json\/wp\/v2\/media\/44817"}],"wp:attachment":[{"href":"https:\/\/www.textilegence.com\/en\/wp-json\/wp\/v2\/media?parent=44824"}],"wp:term":[{"taxonomy":"category","embeddable":true,"href":"https:\/\/www.textilegence.com\/en\/wp-json\/wp\/v2\/categories?post=44824"},{"taxonomy":"post_tag","embeddable":true,"href":"https:\/\/www.textilegence.com\/en\/wp-json\/wp\/v2\/tags?post=44824"}],"curies":[{"name":"wp","href":"https:\/\/api.w.org\/{rel}","templated":true}]}}