{"id":44839,"date":"2022-02-17T14:47:56","date_gmt":"2022-02-17T11:47:56","guid":{"rendered":"http:\/\/www.textilegence.com\/?p=44839"},"modified":"2022-02-17T14:48:18","modified_gmt":"2022-02-17T11:48:18","slug":"a-call-from-fashion-for-good-for-textile-waste-to-indian-textile-manufacturers","status":"publish","type":"post","link":"https:\/\/www.textilegence.com\/en\/a-call-from-fashion-for-good-for-textile-waste-to-indian-textile-manufacturers\/","title":{"rendered":"A call from Fashion for Good for \u2018textile waste\u2019 to Indian textile manufacturers"},"content":{"rendered":"\n<p><a href=\"https:\/\/fashionforgood.com\/\" target=\"_blank\" rel=\"noreferrer noopener\">Fashion for Good<\/a>, a global initiative, invites Indian textile and garment manufacturers and supply chain stakeholders to volunteer to provide crucial information to help understand pre-consumer textile waste streams in India. <a href=\"https:\/\/docs.google.com\/forms\/d\/e\/1FAIpQLSfFhnefJs2fats6h-kNsT1KBceJbCqWEIi5tGW904gQOUH9BQ\/viewform?fbzx=5597591635773626627\" target=\"_blank\" rel=\"noreferrer noopener\">Sorting for Circularity India<\/a> project initiated by Fashion for Good with adidas, Levi Strauss &amp; Co., PVH Corp., Arvind Limited, Birla Cellulose, Welspun India and key technology partner Reverse Resources, is supported by catalytic funding provided by Laudes Foundation. The project aims to understand the current textile waste landscape of the pre-consumer waste stream including volumes, compositions, types of materials, existing supply chain, its challenges as well as opportunities in India.<\/p>\n\n\n\n<p>To accomplish this, Fashion for Good is working with local consulting and research stakeholders Sattva Consulting and Saahas Zero Waste as well as Reverse Resources, reaching people to voluntarily share information about the textile waste generated in factories\/units and offer their support. This is expected to help determine the textile waste material flow in India and identify solutions required to trace, organise and <a href=\"https:\/\/www.textilegence.com\/en\/category\/green-times\/\" target=\"_blank\" rel=\"noreferrer noopener\">recycle <\/a>the waste.<\/p>\n\n\n\n<p>Head of Materials at Laudes Foundation Anita Chester said; \u201cFossil-fuel based synthetic materials will continue to dominate fashion unless innovations are scaled up, there is buy-in from the market, and the supply chain infrastructure is developed. We are pleased to see Fashion for Good and Reverse Resources collaborate to drive forward the creativity and ingenuity needed to unlock the potential of circular materials within the industry\u201d.<\/p>\n\n\n\n<div class=\"wp-block-image\"><figure class=\"aligncenter size-full\"><img loading=\"lazy\" decoding=\"async\" width=\"1200\" height=\"675\" src=\"https:\/\/www.textilegence.com\/wp-content\/uploads\/2022\/02\/textile-waste-detail1.jpg\" alt=\"\" class=\"wp-image-44845\" srcset=\"https:\/\/www.textilegence.com\/wp-content\/uploads\/2022\/02\/textile-waste-detail1.jpg 1200w, https:\/\/www.textilegence.com\/wp-content\/uploads\/2022\/02\/textile-waste-detail1-768x432.jpg 768w, https:\/\/www.textilegence.com\/wp-content\/uploads\/2022\/02\/textile-waste-detail1-300x169.jpg 300w, https:\/\/www.textilegence.com\/wp-content\/uploads\/2022\/02\/textile-waste-detail1-600x338.jpg 600w, https:\/\/www.textilegence.com\/wp-content\/uploads\/2022\/02\/textile-waste-detail1-696x392.jpg 696w, https:\/\/www.textilegence.com\/wp-content\/uploads\/2022\/02\/textile-waste-detail1-1068x601.jpg 1068w\" sizes=\"auto, (max-width: 1200px) 100vw, 1200px\" \/><figcaption>Post-Consumer Textile Waste Sorting,&nbsp;CREDIT: COURTESY OF SAAHAS ZERO WASTE<\/figcaption><\/figure><\/div>\n\n\n\n<h2 class=\"wp-block-heading\" id=\"h-millions-of-tons-of-textile-waste-go-to-india\">Millions of tons of textile waste go to India<\/h2>\n\n\n\n<p>India ranks sixth in the world in textile and apparel exports. The textile and apparel sector in the country is the second sector that creates the most employment after agriculture, providing direct employment to 45 million people and 100 million people from related sectors. The domestic apparel and textile industry in India contributes 5% to the country\u2019s GDP, 7% of industrial output in value terms and 12% of the country\u2019s export earnings.<\/p>\n\n\n\n<p>India\u2019s position as a textile manufacturing and consumption market brings with it a large waste stream. Pre-consumer waste is only partially recycled, while the rest is mostly downcycled into low-quality products. On the other hand, while tracing domestic post-consumer waste is exceptionally difficult, the data available to understand the waste, quantities, composition and other factors key to its recycling are limited.<\/p>\n\n\n\n<p>India is also one of the largest recipients of global post-consumer textile waste, with millions of tonnes, to the value of more than \u20ac100m, of discarded textile imported and manually sorted through various hubs. In addition to the lack of accurate information, no technologies currently exist that organise, categorise and sort materials to ensure quality textile waste is accessible for recyclers, who require sorted feedstocks in large volumes. While these are not the only challenges faced by recyclers, they are significant barriers to the growth of chemical recycling technologies in India.<\/p>\n\n\n\n<div class=\"wp-block-image\"><figure class=\"aligncenter size-full\"><img loading=\"lazy\" decoding=\"async\" width=\"1200\" height=\"675\" src=\"https:\/\/www.textilegence.com\/wp-content\/uploads\/2022\/02\/textile-waste-detail2.jpg\" alt=\"\" class=\"wp-image-44847\" srcset=\"https:\/\/www.textilegence.com\/wp-content\/uploads\/2022\/02\/textile-waste-detail2.jpg 1200w, https:\/\/www.textilegence.com\/wp-content\/uploads\/2022\/02\/textile-waste-detail2-768x432.jpg 768w, https:\/\/www.textilegence.com\/wp-content\/uploads\/2022\/02\/textile-waste-detail2-300x169.jpg 300w, https:\/\/www.textilegence.com\/wp-content\/uploads\/2022\/02\/textile-waste-detail2-600x338.jpg 600w, https:\/\/www.textilegence.com\/wp-content\/uploads\/2022\/02\/textile-waste-detail2-696x392.jpg 696w, https:\/\/www.textilegence.com\/wp-content\/uploads\/2022\/02\/textile-waste-detail2-1068x601.jpg 1068w\" sizes=\"auto, (max-width: 1200px) 100vw, 1200px\" \/><figcaption>A call from Fashion for Good for \u2018textile waste\u2019 to Indian textile manufacturers<\/figcaption><\/figure><\/div>\n\n\n\n<h2 class=\"wp-block-heading\" id=\"h-india-is-also-a-critical-hub-as-a-global-post-consumer-textile-waste-destination\">&#8220;India is also a critical hub as a global post-consumer textile waste destination&#8221;<\/h2>\n\n\n\n<p>Managing Director at Fashion for Good Katrin Ley stated that India is a critical hub, not only for textile production and consumption but also as a global post-consumer textile waste destination. Ley underlined that this project is pivotal to understanding the size of this considerable market and providing the incentive, tools and means for the industry to benefit from the wealth of this untapped resource.<\/p>\n\n\n\n<p>CEO of Reverse Resources Ann Runnel pointed out that while the global fashion industry is on a firm path towards 100% circularity, there are amazing business opportunities and low-hanging fruits for manufacturers starting the journey. Runnel said; \u201cOne of such is using digital tools to make textile waste flows visible in real-time, and act smartly to close the loop of these flows transparently, as we have already seen from our work in Bangladesh. We are delighted to now roll up our sleeves in India to show how powerful well-planned collaboration and common goal-setting can be with the help of digitalisation\u201d.<\/p>\n","protected":false},"excerpt":{"rendered":"<p>Fashion for Good, a global initiative, invites Indian textile and garment manufacturers and supply chain stakeholders to volunteer to provide crucial information to help understand pre-consumer textile waste streams in India. Sorting for Circularity India project initiated by Fashion for Good with adidas, Levi Strauss &amp; Co., PVH Corp., Arvind Limited, Birla Cellulose, Welspun India [&hellip;]<\/p>\n","protected":false},"author":26,"featured_media":44843,"comment_status":"open","ping_status":"closed","sticky":false,"template":"","format":"standard","meta":{"footnotes":""},"categories":[14912],"tags":[14903,14931,11143,10369,14992],"class_list":{"0":"post-44839","1":"post","2":"type-post","3":"status-publish","4":"format-standard","5":"has-post-thumbnail","7":"category-green-times","8":"tag-fashion-for-good","9":"tag-green-times","10":"tag-sustainability-en","11":"tag-textile-news-en","12":"tag-textile-waste"},"yoast_head":"<!-- This site is optimized with the Yoast SEO Premium plugin v27.3 (Yoast SEO v27.3) - https:\/\/yoast.com\/product\/yoast-seo-premium-wordpress\/ -->\n<title>A call from Fashion for Good for \u2018textile waste\u2019 - Textilegence<\/title>\n<meta name=\"description\" content=\"Fashion for Good invites Indian textile and garment manufacturers and supply chain stakeholders to provide information on textile waste...\" \/>\n<meta name=\"robots\" content=\"index, follow, max-snippet:-1, max-image-preview:large, max-video-preview:-1\" \/>\n<link rel=\"canonical\" href=\"https:\/\/www.textilegence.com\/en\/a-call-from-fashion-for-good-for-textile-waste-to-indian-textile-manufacturers\/\" \/>\n<meta property=\"og:locale\" content=\"en_US\" \/>\n<meta property=\"og:type\" content=\"article\" \/>\n<meta property=\"og:title\" content=\"A call from Fashion for Good for \u2018textile waste\u2019 to Indian textile manufacturers\" \/>\n<meta property=\"og:description\" content=\"Fashion for Good, a global initiative, invites Indian textile and garment manufacturers and supply chain stakeholders to volunteer to provide crucial\" \/>\n<meta property=\"og:url\" content=\"https:\/\/www.textilegence.com\/en\/a-call-from-fashion-for-good-for-textile-waste-to-indian-textile-manufacturers\/\" \/>\n<meta property=\"og:site_name\" content=\"Textilegence Magazine and Digital Platform\" \/>\n<meta property=\"article:publisher\" content=\"https:\/\/www.facebook.com\/TextilegenceMagazine\" \/>\n<meta property=\"article:author\" content=\"https:\/\/www.facebook.com\/TextilegenceMagazine\" \/>\n<meta property=\"article:published_time\" content=\"2022-02-17T11:47:56+00:00\" \/>\n<meta property=\"article:modified_time\" content=\"2022-02-17T11:48:18+00:00\" \/>\n<meta property=\"og:image\" content=\"https:\/\/www.textilegence.com\/wp-content\/uploads\/2022\/02\/textile-waste-textilegence.jpg\" \/>\n\t<meta property=\"og:image:width\" content=\"1200\" \/>\n\t<meta property=\"og:image:height\" content=\"675\" \/>\n\t<meta property=\"og:image:type\" content=\"image\/jpeg\" \/>\n<meta name=\"author\" content=\"Ya\u011fmur Melis \u015eim\u015fek\" \/>\n<meta name=\"twitter:card\" content=\"summary_large_image\" \/>\n<meta name=\"twitter:creator\" content=\"@https:\/\/twitter.com\/textilegence\" \/>\n<meta name=\"twitter:site\" content=\"@textilegence\" \/>\n<meta name=\"twitter:label1\" content=\"Written by\" \/>\n\t<meta name=\"twitter:data1\" content=\"Ya\u011fmur Melis \u015eim\u015fek\" \/>\n\t<meta name=\"twitter:label2\" content=\"Est. reading time\" \/>\n\t<meta name=\"twitter:data2\" content=\"5 minutes\" \/>\n<script type=\"application\/ld+json\" class=\"yoast-schema-graph\">{\"@context\":\"https:\\\/\\\/schema.org\",\"@graph\":[{\"@type\":\"NewsArticle\",\"@id\":\"https:\\\/\\\/www.textilegence.com\\\/en\\\/a-call-from-fashion-for-good-for-textile-waste-to-indian-textile-manufacturers\\\/#article\",\"isPartOf\":{\"@id\":\"https:\\\/\\\/www.textilegence.com\\\/en\\\/a-call-from-fashion-for-good-for-textile-waste-to-indian-textile-manufacturers\\\/\"},\"author\":{\"name\":\"Ya\u011fmur Melis \u015eim\u015fek\",\"@id\":\"https:\\\/\\\/www.textilegence.com\\\/en\\\/#\\\/schema\\\/person\\\/cfa6baf17f0478131c673c93a9b88ef3\"},\"headline\":\"A call from Fashion for Good for \u2018textile waste\u2019 to Indian textile manufacturers\",\"datePublished\":\"2022-02-17T11:47:56+00:00\",\"dateModified\":\"2022-02-17T11:48:18+00:00\",\"mainEntityOfPage\":{\"@id\":\"https:\\\/\\\/www.textilegence.com\\\/en\\\/a-call-from-fashion-for-good-for-textile-waste-to-indian-textile-manufacturers\\\/\"},\"wordCount\":680,\"commentCount\":0,\"publisher\":{\"@id\":\"https:\\\/\\\/www.textilegence.com\\\/en\\\/#organization\"},\"image\":{\"@id\":\"https:\\\/\\\/www.textilegence.com\\\/en\\\/a-call-from-fashion-for-good-for-textile-waste-to-indian-textile-manufacturers\\\/#primaryimage\"},\"thumbnailUrl\":\"https:\\\/\\\/www.textilegence.com\\\/wp-content\\\/uploads\\\/2022\\\/02\\\/textile-waste-textilegence.jpg\",\"keywords\":[\"fashion for good\",\"green times\",\"sustainability\",\"textile news\",\"textile waste\"],\"articleSection\":[\"Green Times\"],\"inLanguage\":\"en-US\",\"potentialAction\":[{\"@type\":\"CommentAction\",\"name\":\"Comment\",\"target\":[\"https:\\\/\\\/www.textilegence.com\\\/en\\\/a-call-from-fashion-for-good-for-textile-waste-to-indian-textile-manufacturers\\\/#respond\"]}]},{\"@type\":\"WebPage\",\"@id\":\"https:\\\/\\\/www.textilegence.com\\\/en\\\/a-call-from-fashion-for-good-for-textile-waste-to-indian-textile-manufacturers\\\/\",\"url\":\"https:\\\/\\\/www.textilegence.com\\\/en\\\/a-call-from-fashion-for-good-for-textile-waste-to-indian-textile-manufacturers\\\/\",\"name\":\"A call from Fashion for Good for \u2018textile waste\u2019 - Textilegence\",\"isPartOf\":{\"@id\":\"https:\\\/\\\/www.textilegence.com\\\/en\\\/#website\"},\"primaryImageOfPage\":{\"@id\":\"https:\\\/\\\/www.textilegence.com\\\/en\\\/a-call-from-fashion-for-good-for-textile-waste-to-indian-textile-manufacturers\\\/#primaryimage\"},\"image\":{\"@id\":\"https:\\\/\\\/www.textilegence.com\\\/en\\\/a-call-from-fashion-for-good-for-textile-waste-to-indian-textile-manufacturers\\\/#primaryimage\"},\"thumbnailUrl\":\"https:\\\/\\\/www.textilegence.com\\\/wp-content\\\/uploads\\\/2022\\\/02\\\/textile-waste-textilegence.jpg\",\"datePublished\":\"2022-02-17T11:47:56+00:00\",\"dateModified\":\"2022-02-17T11:48:18+00:00\",\"description\":\"Fashion for Good invites Indian textile and garment manufacturers and supply chain stakeholders to provide information on textile waste...\",\"breadcrumb\":{\"@id\":\"https:\\\/\\\/www.textilegence.com\\\/en\\\/a-call-from-fashion-for-good-for-textile-waste-to-indian-textile-manufacturers\\\/#breadcrumb\"},\"inLanguage\":\"en-US\",\"potentialAction\":[{\"@type\":\"ReadAction\",\"target\":[\"https:\\\/\\\/www.textilegence.com\\\/en\\\/a-call-from-fashion-for-good-for-textile-waste-to-indian-textile-manufacturers\\\/\"]}]},{\"@type\":\"ImageObject\",\"inLanguage\":\"en-US\",\"@id\":\"https:\\\/\\\/www.textilegence.com\\\/en\\\/a-call-from-fashion-for-good-for-textile-waste-to-indian-textile-manufacturers\\\/#primaryimage\",\"url\":\"https:\\\/\\\/www.textilegence.com\\\/wp-content\\\/uploads\\\/2022\\\/02\\\/textile-waste-textilegence.jpg\",\"contentUrl\":\"https:\\\/\\\/www.textilegence.com\\\/wp-content\\\/uploads\\\/2022\\\/02\\\/textile-waste-textilegence.jpg\",\"width\":1200,\"height\":675},{\"@type\":\"BreadcrumbList\",\"@id\":\"https:\\\/\\\/www.textilegence.com\\\/en\\\/a-call-from-fashion-for-good-for-textile-waste-to-indian-textile-manufacturers\\\/#breadcrumb\",\"itemListElement\":[{\"@type\":\"ListItem\",\"position\":1,\"name\":\"Home Page\",\"item\":\"https:\\\/\\\/www.textilegence.com\\\/en\\\/homepage-the-rimont\\\/\"},{\"@type\":\"ListItem\",\"position\":2,\"name\":\"Green Times\",\"item\":\"https:\\\/\\\/www.textilegence.com\\\/en\\\/category\\\/green-times\\\/\"},{\"@type\":\"ListItem\",\"position\":3,\"name\":\"A call from Fashion for Good for \u2018textile waste\u2019 to Indian textile manufacturers\"}]},{\"@type\":\"WebSite\",\"@id\":\"https:\\\/\\\/www.textilegence.com\\\/en\\\/#website\",\"url\":\"https:\\\/\\\/www.textilegence.com\\\/en\\\/\",\"name\":\"Textilegence Magazine and Digital Platform\",\"description\":\"Textile News Center\",\"publisher\":{\"@id\":\"https:\\\/\\\/www.textilegence.com\\\/en\\\/#organization\"},\"potentialAction\":[{\"@type\":\"SearchAction\",\"target\":{\"@type\":\"EntryPoint\",\"urlTemplate\":\"https:\\\/\\\/www.textilegence.com\\\/en\\\/?s={search_term_string}\"},\"query-input\":{\"@type\":\"PropertyValueSpecification\",\"valueRequired\":true,\"valueName\":\"search_term_string\"}}],\"inLanguage\":\"en-US\"},{\"@type\":\"Organization\",\"@id\":\"https:\\\/\\\/www.textilegence.com\\\/en\\\/#organization\",\"name\":\"Textilegence Magazine and Digital Platform\",\"url\":\"https:\\\/\\\/www.textilegence.com\\\/en\\\/\",\"logo\":{\"@type\":\"ImageObject\",\"inLanguage\":\"en-US\",\"@id\":\"https:\\\/\\\/www.textilegence.com\\\/en\\\/#\\\/schema\\\/logo\\\/image\\\/\",\"url\":\"https:\\\/\\\/www.textilegence.com\\\/wp-content\\\/uploads\\\/2016\\\/11\\\/New_Retina_Logo_Textilegence.png\",\"contentUrl\":\"https:\\\/\\\/www.textilegence.com\\\/wp-content\\\/uploads\\\/2016\\\/11\\\/New_Retina_Logo_Textilegence.png\",\"width\":544,\"height\":180,\"caption\":\"Textilegence Magazine and Digital Platform\"},\"image\":{\"@id\":\"https:\\\/\\\/www.textilegence.com\\\/en\\\/#\\\/schema\\\/logo\\\/image\\\/\"},\"sameAs\":[\"https:\\\/\\\/www.facebook.com\\\/TextilegenceMagazine\",\"https:\\\/\\\/x.com\\\/textilegence\",\"https:\\\/\\\/www.instagram.com\\\/textilegence\\\/\",\"https:\\\/\\\/www.linkedin.com\\\/groups\\\/Textilegence-Magazine-Digital-Platform-4897253\",\"https:\\\/\\\/www.youtube.com\\\/user\\\/textilegence\"],\"description\":\"Textilegence is a magazine and digital platform established in 2013. It focuses on the textile industry and sub-segments. The platform provides news, articles, and updates on various aspects of the textile industry, including sustainability, technological advancements, and market trends.\",\"email\":\"editor@textilegence.com\",\"telephone\":\"+90 212 442 24 12\",\"legalName\":\"Textilegence Mag and Digital Platform\",\"foundingDate\":\"2013-01-01\",\"numberOfEmployees\":{\"@type\":\"QuantitativeValue\",\"minValue\":\"1\",\"maxValue\":\"10\"}},{\"@type\":\"Person\",\"@id\":\"https:\\\/\\\/www.textilegence.com\\\/en\\\/#\\\/schema\\\/person\\\/cfa6baf17f0478131c673c93a9b88ef3\",\"name\":\"Ya\u011fmur Melis \u015eim\u015fek\",\"image\":{\"@type\":\"ImageObject\",\"inLanguage\":\"en-US\",\"@id\":\"https:\\\/\\\/www.textilegence.com\\\/wp-content\\\/uploads\\\/2022\\\/03\\\/Yagmur_photo1.jpg\",\"url\":\"https:\\\/\\\/www.textilegence.com\\\/wp-content\\\/uploads\\\/2022\\\/03\\\/Yagmur_photo1.jpg\",\"contentUrl\":\"https:\\\/\\\/www.textilegence.com\\\/wp-content\\\/uploads\\\/2022\\\/03\\\/Yagmur_photo1.jpg\",\"caption\":\"Ya\u011fmur Melis \u015eim\u015fek\"},\"description\":\"Ya\u011fmur Melis \u015eim\u015fek, Saint-Beno\u00eet Frans\u0131z Lisesi\u2019nde e\u011fitim g\u00f6rm\u00fc\u015f, ard\u0131ndan Anadolu \u00dcniversitesi\u2019nde iki y\u0131ll\u0131k Foto\u011fraf\u00e7\u0131l\u0131k B\u00f6l\u00fcm\u00fc\u2019n\u00fc tamamlam\u0131\u015ft\u0131r. Daha sonra lisans e\u011fitimini \u0130stanbul \u00dcniversitesi Gazetecilik B\u00f6l\u00fcm\u00fc\u2019nde s\u00fcrd\u00fcrm\u00fc\u015f, mezuniyetin ard\u0131ndan ise 2017 y\u0131l\u0131nda i\u015f hayat\u0131na at\u0131lm\u0131\u015ft\u0131r. Pek \u00e7ok farkl\u0131 projede, foto\u011fraf\u00e7\u0131l\u0131k ve grafik tasar\u0131mc\u0131l\u0131\u011f\u0131n yan\u0131 s\u0131ra teknoloji alan\u0131nda i\u00e7erik ve haber yazarl\u0131\u011f\u0131 gibi \u00e7e\u015fitli pozisyonlarda yer alan \u015eim\u015fek, 2021 y\u0131l\u0131ndan bu yana Textilegence\u2019da d\u0131\u015f haberlerde yard\u0131mc\u0131 edit\u00f6r olarak g\u00f6rev yapmaktad\u0131r.\",\"sameAs\":[\"https:\\\/\\\/www.textilegence.com\\\/\",\"https:\\\/\\\/www.facebook.com\\\/TextilegenceMagazine\",\"https:\\\/\\\/www.instagram.com\\\/textilegence\\\/\",\"https:\\\/\\\/www.linkedin.com\\\/company\\\/2985016\",\"https:\\\/\\\/x.com\\\/https:\\\/\\\/twitter.com\\\/textilegence\",\"https:\\\/\\\/www.youtube.com\\\/channel\\\/UCgtcny5ljhiXu-yvOiAlpRA\"],\"url\":\"https:\\\/\\\/www.textilegence.com\\\/en\\\/author\\\/yms\\\/\"}]}<\/script>\n<!-- \/ Yoast SEO Premium plugin. -->","yoast_head_json":{"title":"A call from Fashion for Good for \u2018textile waste\u2019 - Textilegence","description":"Fashion for Good invites Indian textile and garment manufacturers and supply chain stakeholders to provide information on textile waste...","robots":{"index":"index","follow":"follow","max-snippet":"max-snippet:-1","max-image-preview":"max-image-preview:large","max-video-preview":"max-video-preview:-1"},"canonical":"https:\/\/www.textilegence.com\/en\/a-call-from-fashion-for-good-for-textile-waste-to-indian-textile-manufacturers\/","og_locale":"en_US","og_type":"article","og_title":"A call from Fashion for Good for \u2018textile waste\u2019 to Indian textile manufacturers","og_description":"Fashion for Good, a global initiative, invites Indian textile and garment manufacturers and supply chain stakeholders to volunteer to provide crucial","og_url":"https:\/\/www.textilegence.com\/en\/a-call-from-fashion-for-good-for-textile-waste-to-indian-textile-manufacturers\/","og_site_name":"Textilegence Magazine and Digital Platform","article_publisher":"https:\/\/www.facebook.com\/TextilegenceMagazine","article_author":"https:\/\/www.facebook.com\/TextilegenceMagazine","article_published_time":"2022-02-17T11:47:56+00:00","article_modified_time":"2022-02-17T11:48:18+00:00","og_image":[{"width":1200,"height":675,"url":"https:\/\/www.textilegence.com\/wp-content\/uploads\/2022\/02\/textile-waste-textilegence.jpg","type":"image\/jpeg"}],"author":"Ya\u011fmur Melis \u015eim\u015fek","twitter_card":"summary_large_image","twitter_creator":"@https:\/\/twitter.com\/textilegence","twitter_site":"@textilegence","twitter_misc":{"Written by":"Ya\u011fmur Melis \u015eim\u015fek","Est. reading time":"5 minutes"},"schema":{"@context":"https:\/\/schema.org","@graph":[{"@type":"NewsArticle","@id":"https:\/\/www.textilegence.com\/en\/a-call-from-fashion-for-good-for-textile-waste-to-indian-textile-manufacturers\/#article","isPartOf":{"@id":"https:\/\/www.textilegence.com\/en\/a-call-from-fashion-for-good-for-textile-waste-to-indian-textile-manufacturers\/"},"author":{"name":"Ya\u011fmur Melis \u015eim\u015fek","@id":"https:\/\/www.textilegence.com\/en\/#\/schema\/person\/cfa6baf17f0478131c673c93a9b88ef3"},"headline":"A call from Fashion for Good for \u2018textile waste\u2019 to Indian textile manufacturers","datePublished":"2022-02-17T11:47:56+00:00","dateModified":"2022-02-17T11:48:18+00:00","mainEntityOfPage":{"@id":"https:\/\/www.textilegence.com\/en\/a-call-from-fashion-for-good-for-textile-waste-to-indian-textile-manufacturers\/"},"wordCount":680,"commentCount":0,"publisher":{"@id":"https:\/\/www.textilegence.com\/en\/#organization"},"image":{"@id":"https:\/\/www.textilegence.com\/en\/a-call-from-fashion-for-good-for-textile-waste-to-indian-textile-manufacturers\/#primaryimage"},"thumbnailUrl":"https:\/\/www.textilegence.com\/wp-content\/uploads\/2022\/02\/textile-waste-textilegence.jpg","keywords":["fashion for good","green times","sustainability","textile news","textile waste"],"articleSection":["Green Times"],"inLanguage":"en-US","potentialAction":[{"@type":"CommentAction","name":"Comment","target":["https:\/\/www.textilegence.com\/en\/a-call-from-fashion-for-good-for-textile-waste-to-indian-textile-manufacturers\/#respond"]}]},{"@type":"WebPage","@id":"https:\/\/www.textilegence.com\/en\/a-call-from-fashion-for-good-for-textile-waste-to-indian-textile-manufacturers\/","url":"https:\/\/www.textilegence.com\/en\/a-call-from-fashion-for-good-for-textile-waste-to-indian-textile-manufacturers\/","name":"A call from Fashion for Good for \u2018textile waste\u2019 - Textilegence","isPartOf":{"@id":"https:\/\/www.textilegence.com\/en\/#website"},"primaryImageOfPage":{"@id":"https:\/\/www.textilegence.com\/en\/a-call-from-fashion-for-good-for-textile-waste-to-indian-textile-manufacturers\/#primaryimage"},"image":{"@id":"https:\/\/www.textilegence.com\/en\/a-call-from-fashion-for-good-for-textile-waste-to-indian-textile-manufacturers\/#primaryimage"},"thumbnailUrl":"https:\/\/www.textilegence.com\/wp-content\/uploads\/2022\/02\/textile-waste-textilegence.jpg","datePublished":"2022-02-17T11:47:56+00:00","dateModified":"2022-02-17T11:48:18+00:00","description":"Fashion for Good invites Indian textile and garment manufacturers and supply chain stakeholders to provide information on textile waste...","breadcrumb":{"@id":"https:\/\/www.textilegence.com\/en\/a-call-from-fashion-for-good-for-textile-waste-to-indian-textile-manufacturers\/#breadcrumb"},"inLanguage":"en-US","potentialAction":[{"@type":"ReadAction","target":["https:\/\/www.textilegence.com\/en\/a-call-from-fashion-for-good-for-textile-waste-to-indian-textile-manufacturers\/"]}]},{"@type":"ImageObject","inLanguage":"en-US","@id":"https:\/\/www.textilegence.com\/en\/a-call-from-fashion-for-good-for-textile-waste-to-indian-textile-manufacturers\/#primaryimage","url":"https:\/\/www.textilegence.com\/wp-content\/uploads\/2022\/02\/textile-waste-textilegence.jpg","contentUrl":"https:\/\/www.textilegence.com\/wp-content\/uploads\/2022\/02\/textile-waste-textilegence.jpg","width":1200,"height":675},{"@type":"BreadcrumbList","@id":"https:\/\/www.textilegence.com\/en\/a-call-from-fashion-for-good-for-textile-waste-to-indian-textile-manufacturers\/#breadcrumb","itemListElement":[{"@type":"ListItem","position":1,"name":"Home Page","item":"https:\/\/www.textilegence.com\/en\/homepage-the-rimont\/"},{"@type":"ListItem","position":2,"name":"Green Times","item":"https:\/\/www.textilegence.com\/en\/category\/green-times\/"},{"@type":"ListItem","position":3,"name":"A call from Fashion for Good for \u2018textile waste\u2019 to Indian textile manufacturers"}]},{"@type":"WebSite","@id":"https:\/\/www.textilegence.com\/en\/#website","url":"https:\/\/www.textilegence.com\/en\/","name":"Textilegence Magazine and Digital Platform","description":"Textile News Center","publisher":{"@id":"https:\/\/www.textilegence.com\/en\/#organization"},"potentialAction":[{"@type":"SearchAction","target":{"@type":"EntryPoint","urlTemplate":"https:\/\/www.textilegence.com\/en\/?s={search_term_string}"},"query-input":{"@type":"PropertyValueSpecification","valueRequired":true,"valueName":"search_term_string"}}],"inLanguage":"en-US"},{"@type":"Organization","@id":"https:\/\/www.textilegence.com\/en\/#organization","name":"Textilegence Magazine and Digital Platform","url":"https:\/\/www.textilegence.com\/en\/","logo":{"@type":"ImageObject","inLanguage":"en-US","@id":"https:\/\/www.textilegence.com\/en\/#\/schema\/logo\/image\/","url":"https:\/\/www.textilegence.com\/wp-content\/uploads\/2016\/11\/New_Retina_Logo_Textilegence.png","contentUrl":"https:\/\/www.textilegence.com\/wp-content\/uploads\/2016\/11\/New_Retina_Logo_Textilegence.png","width":544,"height":180,"caption":"Textilegence Magazine and Digital Platform"},"image":{"@id":"https:\/\/www.textilegence.com\/en\/#\/schema\/logo\/image\/"},"sameAs":["https:\/\/www.facebook.com\/TextilegenceMagazine","https:\/\/x.com\/textilegence","https:\/\/www.instagram.com\/textilegence\/","https:\/\/www.linkedin.com\/groups\/Textilegence-Magazine-Digital-Platform-4897253","https:\/\/www.youtube.com\/user\/textilegence"],"description":"Textilegence is a magazine and digital platform established in 2013. It focuses on the textile industry and sub-segments. The platform provides news, articles, and updates on various aspects of the textile industry, including sustainability, technological advancements, and market trends.","email":"editor@textilegence.com","telephone":"+90 212 442 24 12","legalName":"Textilegence Mag and Digital Platform","foundingDate":"2013-01-01","numberOfEmployees":{"@type":"QuantitativeValue","minValue":"1","maxValue":"10"}},{"@type":"Person","@id":"https:\/\/www.textilegence.com\/en\/#\/schema\/person\/cfa6baf17f0478131c673c93a9b88ef3","name":"Ya\u011fmur Melis \u015eim\u015fek","image":{"@type":"ImageObject","inLanguage":"en-US","@id":"https:\/\/www.textilegence.com\/wp-content\/uploads\/2022\/03\/Yagmur_photo1.jpg","url":"https:\/\/www.textilegence.com\/wp-content\/uploads\/2022\/03\/Yagmur_photo1.jpg","contentUrl":"https:\/\/www.textilegence.com\/wp-content\/uploads\/2022\/03\/Yagmur_photo1.jpg","caption":"Ya\u011fmur Melis \u015eim\u015fek"},"description":"Ya\u011fmur Melis \u015eim\u015fek, Saint-Beno\u00eet Frans\u0131z Lisesi\u2019nde e\u011fitim g\u00f6rm\u00fc\u015f, ard\u0131ndan Anadolu \u00dcniversitesi\u2019nde iki y\u0131ll\u0131k Foto\u011fraf\u00e7\u0131l\u0131k B\u00f6l\u00fcm\u00fc\u2019n\u00fc tamamlam\u0131\u015ft\u0131r. Daha sonra lisans e\u011fitimini \u0130stanbul \u00dcniversitesi Gazetecilik B\u00f6l\u00fcm\u00fc\u2019nde s\u00fcrd\u00fcrm\u00fc\u015f, mezuniyetin ard\u0131ndan ise 2017 y\u0131l\u0131nda i\u015f hayat\u0131na at\u0131lm\u0131\u015ft\u0131r. Pek \u00e7ok farkl\u0131 projede, foto\u011fraf\u00e7\u0131l\u0131k ve grafik tasar\u0131mc\u0131l\u0131\u011f\u0131n yan\u0131 s\u0131ra teknoloji alan\u0131nda i\u00e7erik ve haber yazarl\u0131\u011f\u0131 gibi \u00e7e\u015fitli pozisyonlarda yer alan \u015eim\u015fek, 2021 y\u0131l\u0131ndan bu yana Textilegence\u2019da d\u0131\u015f haberlerde yard\u0131mc\u0131 edit\u00f6r olarak g\u00f6rev yapmaktad\u0131r.","sameAs":["https:\/\/www.textilegence.com\/","https:\/\/www.facebook.com\/TextilegenceMagazine","https:\/\/www.instagram.com\/textilegence\/","https:\/\/www.linkedin.com\/company\/2985016","https:\/\/x.com\/https:\/\/twitter.com\/textilegence","https:\/\/www.youtube.com\/channel\/UCgtcny5ljhiXu-yvOiAlpRA"],"url":"https:\/\/www.textilegence.com\/en\/author\/yms\/"}]}},"_links":{"self":[{"href":"https:\/\/www.textilegence.com\/en\/wp-json\/wp\/v2\/posts\/44839","targetHints":{"allow":["GET"]}}],"collection":[{"href":"https:\/\/www.textilegence.com\/en\/wp-json\/wp\/v2\/posts"}],"about":[{"href":"https:\/\/www.textilegence.com\/en\/wp-json\/wp\/v2\/types\/post"}],"author":[{"embeddable":true,"href":"https:\/\/www.textilegence.com\/en\/wp-json\/wp\/v2\/users\/26"}],"replies":[{"embeddable":true,"href":"https:\/\/www.textilegence.com\/en\/wp-json\/wp\/v2\/comments?post=44839"}],"version-history":[{"count":0,"href":"https:\/\/www.textilegence.com\/en\/wp-json\/wp\/v2\/posts\/44839\/revisions"}],"wp:featuredmedia":[{"embeddable":true,"href":"https:\/\/www.textilegence.com\/en\/wp-json\/wp\/v2\/media\/44843"}],"wp:attachment":[{"href":"https:\/\/www.textilegence.com\/en\/wp-json\/wp\/v2\/media?parent=44839"}],"wp:term":[{"taxonomy":"category","embeddable":true,"href":"https:\/\/www.textilegence.com\/en\/wp-json\/wp\/v2\/categories?post=44839"},{"taxonomy":"post_tag","embeddable":true,"href":"https:\/\/www.textilegence.com\/en\/wp-json\/wp\/v2\/tags?post=44839"}],"curies":[{"name":"wp","href":"https:\/\/api.w.org\/{rel}","templated":true}]}}