{"id":44936,"date":"2022-02-22T16:16:19","date_gmt":"2022-02-22T13:16:19","guid":{"rendered":"http:\/\/www.textilegence.com\/?p=44936"},"modified":"2022-02-22T16:16:23","modified_gmt":"2022-02-22T13:16:23","slug":"korteks-project-is-accepted-to-horizon-europe-program","status":"publish","type":"post","link":"https:\/\/www.textilegence.com\/en\/korteks-project-is-accepted-to-horizon-europe-program\/","title":{"rendered":"Korteks project is accepted to Horizon Europe Program"},"content":{"rendered":"\n<p>Zorlu Grubu b\u00fcnyesinde yer alan, d\u00fcnyan\u0131n \u00f6nde gelen <a href=\"https:\/\/www.textilegence.com\/en\/category\/spinning\/\" target=\"_blank\" rel=\"noreferrer noopener\">iplik<\/a> \u00fcreticilerinden Korteks, Avrupa Birli\u011fi\u2019nin ara\u015ft\u0131rma, geli\u015ftirme ve inovasyon projelerini y\u00fcr\u00fctt\u00fc\u011f\u00fc Ufuk Avrupa (Horizon Europe) Program\u0131 kapsam\u0131nda PLASTICE Projesi\u2019ni hayata ge\u00e7irecek. <a href=\"https:\/\/www.korteks.com.tr\/tr\" target=\"_blank\" rel=\"noreferrer noopener\">Firman\u0131n<\/a> ilk Ufuk Avrupa projesi olan PLASTICE, ayr\u0131\u015ft\u0131r\u0131lmas\u0131 \u00e7ok zor olan kompleks yap\u0131daki tekstil ve plastik at\u0131klar\u0131n teknoloji ve inovasyon ile geri d\u00f6n\u00fc\u015ft\u00fcr\u00fclmesi ve bu yolla elde edilen ham maddelerden d\u00fc\u015f\u00fck karbon ayak izine sahip nihai \u00fcr\u00fcnlerin imalat\u0131n\u0131 hedefleyen bir d\u00f6ng\u00fcsel ekonomi modelini ger\u00e7ekle\u015ftirecek.<\/p>\n\n<p>Avrupa Birli\u011fi taraf\u0131ndan 15 milyon 122 bin 601 Euro destek almaya hak kazanan PLASTICE Projesi\u2019nde; 7 farkl\u0131 \u00fclkeden, 25 partner kurulu\u015f 4 y\u0131l boyunca i\u015f birli\u011fi i\u00e7inde \u00e7al\u0131\u015facak. Projenin payda\u015flar\u0131 aras\u0131nda at\u0131k y\u00f6neticileri, geri d\u00f6n\u00fc\u015f\u00fcmc\u00fcler, kimyasal ve tekstil end\u00fcstrileri, teknik ve bilimsel otoriteler, kamu, sivil toplum ve toplumun tamam\u0131 yer al\u0131yor.<\/p>\n\n<div class=\"wp-block-image\"><figure class=\"aligncenter size-full\"><img loading=\"lazy\" decoding=\"async\" width=\"1200\" height=\"675\" src=\"https:\/\/www.textilegence.com\/wp-content\/uploads\/2022\/02\/korteks-detail1.jpg\" alt=\"\" class=\"wp-image-44938\" srcset=\"https:\/\/www.textilegence.com\/wp-content\/uploads\/2022\/02\/korteks-detail1.jpg 1200w, https:\/\/www.textilegence.com\/wp-content\/uploads\/2022\/02\/korteks-detail1-768x432.jpg 768w, https:\/\/www.textilegence.com\/wp-content\/uploads\/2022\/02\/korteks-detail1-300x169.jpg 300w, https:\/\/www.textilegence.com\/wp-content\/uploads\/2022\/02\/korteks-detail1-600x338.jpg 600w, https:\/\/www.textilegence.com\/wp-content\/uploads\/2022\/02\/korteks-detail1-696x392.jpg 696w, https:\/\/www.textilegence.com\/wp-content\/uploads\/2022\/02\/korteks-detail1-1068x601.jpg 1068w\" sizes=\"auto, (max-width: 1200px) 100vw, 1200px\" \/><figcaption>Korteks Genel M\u00fcd\u00fcr\u00fc Bar\u0131\u015f Mert<\/figcaption><\/figure><\/div>\n\n<h2 class=\"wp-block-heading\" id=\"h-korteks-proje-ile-geri-donusum-sorunlarina-odaklaniyor\">Korteks proje ile geri d\u00f6n\u00fc\u015f\u00fcm sorunlar\u0131na odaklan\u0131yor<\/h2>\n\n<p>Korteks Genel M\u00fcd\u00fcr\u00fc Bar\u0131\u015f Mert, s\u00fcrd\u00fcr\u00fclebilirli\u011fi bir i\u015f yap\u0131\u015f bi\u00e7imi olarak benimsemi\u015f bir \u015firket olarak, \u00e7evre dostu projeler geli\u015ftirmeye odakland\u0131klar\u0131n\u0131 belirtti. K\u00fcresel \u0131s\u0131nma, iklim de\u011fi\u015fikli\u011fi, at\u0131k problemleri temiz su ve g\u0131daya ula\u015fmadaki sorunlar\u0131n toplumun s\u00fcrd\u00fcr\u00fclebilirlik konusundaki hassasiyetini her ge\u00e7en g\u00fcn daha da art\u0131rd\u0131\u011f\u0131na dikkat \u00e7eken Mert; \u201cBu sebeple \u00f6zellikle at\u0131k problemine y\u00f6nelik olarak son d\u00f6nemde, hem devletler ve uluslararas\u0131 kurumlar hem de \u015firketler taraf\u0131ndan acil aksiyonlar al\u0131nmaya ve yeni projeler olu\u015fturulmaya ba\u015fland\u0131\u011f\u0131n\u0131 g\u00f6r\u00fcyoruz. Biz de Korteks olarak, bu probleme y\u00f6nelik olarak kendi \u00e7at\u0131m\u0131z alt\u0131nda bir\u00e7ok \u00e7al\u0131\u015fma yap\u0131yor ve yeni projeler \u00fcretiyoruz. PLASTICE Projesi de bu anlamda bizim i\u00e7in \u00f6nemli bir milat olacak\u201d dedi.<\/p>\n\n<p>PLASTICE Projesi\u2019nin d\u00fcnyadaki at\u0131klar\u0131n geri d\u00f6n\u00fc\u015f\u00fcm\u00fcnde ya\u015fanan sorunlar\u0131n \u00e7\u00f6z\u00fcm\u00fc i\u00e7in tasarland\u0131\u011f\u0131n\u0131 aktaran Mert, d\u00fcnyada geri d\u00f6n\u00fc\u015ft\u00fcr\u00fclen \u00fcr\u00fcnlerin miktar olarak halen d\u00fc\u015f\u00fck oldu\u011funu s\u00f6yledi. Mert, bunun en temel nedenin, karma\u015f\u0131k yap\u0131l\u0131\/bile\u015fenli\/kar\u0131\u015f\u0131ml\u0131 plastikler ve tasnif edilmemi\u015f di\u011fer at\u0131k kar\u0131\u015f\u0131mlar\u0131n\u0131n i\u015flenmesindeki teknik ve ekonomik zorluklar oldu\u011funu belirtti.<\/p>\n\n<p>Bununla birlikte bu projede kullanacaklar\u0131 kimyasal geri d\u00f6n\u00fc\u015f\u00fcm y\u00f6nteminin, at\u0131k sahalar\u0131nda, at\u0131klar\u0131n s\u00fcrd\u00fcr\u00fclebilir olmayan \u015fekilde geri d\u00f6n\u00fc\u015ft\u00fcr\u00fclme problemini b\u00fct\u00fcnleyici bi\u00e7imde \u00e7\u00f6zebildi\u011fini s\u00f6yleyen Mert; \u201cPLASTICE Projesi bu sorunu \u00e7\u00f6zmek amac\u0131yla Avrupa seviyesinde yeni kimyasal geri d\u00f6n\u00fc\u015f\u00fcm sistemlerini yaratma potansiyeli a\u00e7\u0131s\u0131ndan b\u00fcy\u00fck bir \u00f6nem ta\u015f\u0131yor\u201d dedi.<\/p>\n\n<div class=\"wp-block-image\"><figure class=\"aligncenter size-full\"><img loading=\"lazy\" decoding=\"async\" width=\"1200\" height=\"675\" src=\"https:\/\/www.textilegence.com\/wp-content\/uploads\/2022\/02\/korteks-detail2.jpg\" alt=\"\" class=\"wp-image-44940\" srcset=\"https:\/\/www.textilegence.com\/wp-content\/uploads\/2022\/02\/korteks-detail2.jpg 1200w, https:\/\/www.textilegence.com\/wp-content\/uploads\/2022\/02\/korteks-detail2-768x432.jpg 768w, https:\/\/www.textilegence.com\/wp-content\/uploads\/2022\/02\/korteks-detail2-300x169.jpg 300w, https:\/\/www.textilegence.com\/wp-content\/uploads\/2022\/02\/korteks-detail2-600x338.jpg 600w, https:\/\/www.textilegence.com\/wp-content\/uploads\/2022\/02\/korteks-detail2-696x392.jpg 696w, https:\/\/www.textilegence.com\/wp-content\/uploads\/2022\/02\/korteks-detail2-1068x601.jpg 1068w\" sizes=\"auto, (max-width: 1200px) 100vw, 1200px\" \/><figcaption>Korteks, Avrupa Birli\u011fi\u2019nin ara\u015ft\u0131rma, geli\u015ftirme ve inovasyon projelerini y\u00fcr\u00fctt\u00fc\u011f\u00fc Ufuk Avrupa (Horizon Europe) Program\u0131 kapsam\u0131nda PLASTICE Projesi\u2019ni hayata ge\u00e7irecek<\/figcaption><\/figure><\/div>\n\n<h2 class=\"wp-block-heading\" id=\"h-pamuk-ve-pet-karisimli-urunler-ekonomiye-kazandirilacak\">\u2018Pamuk\u2019 ve \u2018PET\u2019 kar\u0131\u015f\u0131ml\u0131 \u00fcr\u00fcnler ekonomiye kazand\u0131r\u0131lacak<\/h2>\n\n<p>PLASTICE Projesi\u2019nin tekstille ilgili b\u00f6l\u00fcmlerinde \u00f6ncelikle tekstil at\u0131\u011f\u0131 olarak daha \u00e7ok \u2018Pamuk\u2019 ve \u2018PET\u2019 kar\u0131\u015f\u0131ml\u0131 \u00fcr\u00fcnler toplanacak ve ayr\u0131\u015ft\u0131r\u0131lacak. Pamuk iplikleri enzimatik prosesle yap\u0131 ta\u015f\u0131 olan sel\u00fcloz\/\u015fekere ayr\u0131\u015ft\u0131r\u0131lacak ve daha sonra bu \u015feker etanole d\u00f6n\u00fc\u015ft\u00fcr\u00fclecek. Bu y\u00f6ntemle ayr\u0131\u015ft\u0131r\u0131lamayan tekstiller ya direkt olarak geri d\u00f6n\u00fc\u015ft\u00fcr\u00fclecek ya da \u00fczerindeki di\u011fer kontamine olmu\u015f \u00fcr\u00fcnlerin ayr\u0131\u015ft\u0131r\u0131lmas\u0131 i\u00e7in y\u0131kama prosesine tabi tutulacak. PET polimeri ise kimyasal geri d\u00f6n\u00fc\u015f\u00fcm y\u00f6ntemiyle yap\u0131 ta\u015f\u0131 olan PTA ve MEG\u2019e ayr\u0131\u015facak ve sonras\u0131nda yeniden polimerizasyon prosesiyle gran\u00fcl format\u0131na d\u00f6n\u00fc\u015ft\u00fcr\u00fclecek.<\/p>\n\n<p>Korteks projenin bu a\u015famas\u0131nda devreye girecek olup \u00f6ncelikle geri d\u00f6n\u00fc\u015ft\u00fcr\u00fclen PET (rPET) gran\u00fcl\u00fcn\u00fcn kimyasal y\u00f6ntemlerle analiz ederek bunun filament iplik \u00e7ekimine uygunlu\u011funu ara\u015ft\u0131racak. Spektleri onaylanan geri d\u00f6n\u00fc\u015f\u00fcml\u00fc rPET gran\u00fcllerinden eriyikten \u00e7ekim prosesinde POY ve FDY filament iplik t\u00fcrleri \u00fcretecek, sonras\u0131nda POY ipliklerden yalanc\u0131 b\u00fck\u00fcm tekni\u011fiyle do\u011fal elyaflara benzetilmi\u015f Tekst\u00fcre iplik kaliteleri \u00fcretecek. Korteks \u00fcretti\u011fi t\u00fcm ipliklerin fiziksel ve kimyasal analizlerini ger\u00e7ekle\u015ftirecek ve ipliklerin spektlerini olu\u015fturacak.<\/p>\n\n<p>\u201cGrubumuzun d\u00fcnyadaki payda\u015f temelli d\u00f6n\u00fc\u015f\u00fcme cevap verdi\u011fi yenilenen Ak\u0131ll\u0131 Hayat 2030 stratejisi do\u011frultusunda benimsedi\u011fi \u2018sorumlu yat\u0131r\u0131m holdingi\u2019 anlay\u0131\u015f\u0131yla; biz de Korteks olarak s\u00fcrd\u00fcr\u00fclebilirli\u011fi oda\u011f\u0131m\u0131za alarak t\u00fcm i\u015f s\u00fcre\u00e7lerimizde \u00e7evresel ve sosyal etkimizi hesap ederek hareket ediyoruz\u201d diyen Bar\u0131\u015f Mert, t\u00fcm bunlarla birlikte d\u00f6ng\u00fcsel ekonomiye katk\u0131 sa\u011flayacak projeler geli\u015ftirmeye devam ettiklerini belirtti. PLASTICE Projesi\u2019nin de bunlardan bir tanesi oldu\u011funu s\u00f6yleyen Mert s\u00f6zlerini \u015f\u00f6yle s\u00fcrd\u00fcrd\u00fc; \u201cDaha g\u00fczel i\u015fler ortaya \u00e7\u0131karmak ve daha ya\u015fan\u0131labilir bir d\u00fcnyan\u0131n in\u015fas\u0131na katk\u0131 sa\u011flamak i\u00e7in bu tarz projelerde yer almaya devam edece\u011fiz. Bu anlamda desteklendi\u011fimizi ve yapt\u0131\u011f\u0131m\u0131z i\u015flerin fark edildi\u011fini g\u00f6rmek ve bunun neticesinde Ufuk Avrupa Program\u0131\u2019ndan destek alm\u0131\u015f olmak bizim i\u00e7in \u00e7ok k\u0131ymetli.\u201d<\/p>\n","protected":false},"excerpt":{"rendered":"<p>Zorlu Grubu b\u00fcnyesinde yer alan, d\u00fcnyan\u0131n \u00f6nde gelen iplik \u00fcreticilerinden Korteks, Avrupa Birli\u011fi\u2019nin ara\u015ft\u0131rma, geli\u015ftirme ve inovasyon projelerini y\u00fcr\u00fctt\u00fc\u011f\u00fc Ufuk Avrupa (Horizon Europe) Program\u0131 kapsam\u0131nda PLASTICE Projesi\u2019ni hayata ge\u00e7irecek. Firman\u0131n ilk Ufuk Avrupa projesi olan PLASTICE, ayr\u0131\u015ft\u0131r\u0131lmas\u0131 \u00e7ok zor olan kompleks yap\u0131daki tekstil ve plastik at\u0131klar\u0131n teknoloji ve inovasyon ile geri d\u00f6n\u00fc\u015ft\u00fcr\u00fclmesi ve bu yolla [&hellip;]<\/p>\n","protected":false},"author":26,"featured_media":44944,"comment_status":"open","ping_status":"closed","sticky":false,"template":"","format":"standard","meta":{"footnotes":""},"categories":[9857],"tags":[14998,9896,11143,10369],"class_list":{"0":"post-44936","1":"post","2":"type-post","3":"status-publish","4":"format-standard","5":"has-post-thumbnail","7":"category-spinning","8":"tag-plastice-project","9":"tag-spinning-3","10":"tag-sustainability-en","11":"tag-textile-news-en"},"yoast_head":"<!-- This site is optimized with the Yoast SEO Premium plugin v27.3 (Yoast SEO v27.3) - https:\/\/yoast.com\/product\/yoast-seo-premium-wordpress\/ -->\n<title>Korteks project is accepted to Horizon Europe Program - Textilegence<\/title>\n<meta name=\"description\" content=\"Korteks, one of the world\u2019s leading yarn manufacturers within the Zorlu Group, will implement the PLASTICE Project within the scope...\" \/>\n<meta name=\"robots\" content=\"index, follow, max-snippet:-1, max-image-preview:large, max-video-preview:-1\" \/>\n<link rel=\"canonical\" href=\"https:\/\/www.textilegence.com\/en\/korteks-project-is-accepted-to-horizon-europe-program\/\" \/>\n<meta property=\"og:locale\" content=\"en_US\" \/>\n<meta property=\"og:type\" content=\"article\" \/>\n<meta property=\"og:title\" content=\"Korteks project is accepted to Horizon Europe Program\" \/>\n<meta property=\"og:description\" content=\"Zorlu Grubu b\u00fcnyesinde yer alan, d\u00fcnyan\u0131n \u00f6nde gelen iplik \u00fcreticilerinden Korteks, Avrupa Birli\u011fi\u2019nin ara\u015ft\u0131rma, geli\u015ftirme ve inovasyon projelerini\" \/>\n<meta property=\"og:url\" content=\"https:\/\/www.textilegence.com\/en\/korteks-project-is-accepted-to-horizon-europe-program\/\" \/>\n<meta property=\"og:site_name\" content=\"Textilegence Magazine and Digital Platform\" \/>\n<meta property=\"article:publisher\" content=\"https:\/\/www.facebook.com\/TextilegenceMagazine\" \/>\n<meta property=\"article:author\" content=\"https:\/\/www.facebook.com\/TextilegenceMagazine\" \/>\n<meta property=\"article:published_time\" content=\"2022-02-22T13:16:19+00:00\" \/>\n<meta property=\"article:modified_time\" content=\"2022-02-22T13:16:23+00:00\" \/>\n<meta property=\"og:image\" content=\"https:\/\/www.textilegence.com\/wp-content\/uploads\/2022\/02\/korteks-textilegence.jpg\" \/>\n\t<meta property=\"og:image:width\" content=\"1200\" \/>\n\t<meta property=\"og:image:height\" content=\"675\" \/>\n\t<meta property=\"og:image:type\" content=\"image\/jpeg\" \/>\n<meta name=\"author\" content=\"Ya\u011fmur Melis \u015eim\u015fek\" \/>\n<meta name=\"twitter:card\" content=\"summary_large_image\" \/>\n<meta name=\"twitter:creator\" content=\"@https:\/\/twitter.com\/textilegence\" \/>\n<meta name=\"twitter:site\" content=\"@textilegence\" \/>\n<meta name=\"twitter:label1\" content=\"Written by\" \/>\n\t<meta name=\"twitter:data1\" content=\"Ya\u011fmur Melis \u015eim\u015fek\" \/>\n\t<meta name=\"twitter:label2\" content=\"Est. reading time\" \/>\n\t<meta name=\"twitter:data2\" content=\"5 minutes\" \/>\n<script type=\"application\/ld+json\" class=\"yoast-schema-graph\">{\"@context\":\"https:\\\/\\\/schema.org\",\"@graph\":[{\"@type\":\"NewsArticle\",\"@id\":\"https:\\\/\\\/www.textilegence.com\\\/en\\\/korteks-project-is-accepted-to-horizon-europe-program\\\/#article\",\"isPartOf\":{\"@id\":\"https:\\\/\\\/www.textilegence.com\\\/en\\\/korteks-project-is-accepted-to-horizon-europe-program\\\/\"},\"author\":{\"name\":\"Ya\u011fmur Melis \u015eim\u015fek\",\"@id\":\"https:\\\/\\\/www.textilegence.com\\\/en\\\/#\\\/schema\\\/person\\\/cfa6baf17f0478131c673c93a9b88ef3\"},\"headline\":\"Korteks project is accepted to Horizon Europe Program\",\"datePublished\":\"2022-02-22T13:16:19+00:00\",\"dateModified\":\"2022-02-22T13:16:23+00:00\",\"mainEntityOfPage\":{\"@id\":\"https:\\\/\\\/www.textilegence.com\\\/en\\\/korteks-project-is-accepted-to-horizon-europe-program\\\/\"},\"wordCount\":898,\"commentCount\":0,\"publisher\":{\"@id\":\"https:\\\/\\\/www.textilegence.com\\\/en\\\/#organization\"},\"image\":{\"@id\":\"https:\\\/\\\/www.textilegence.com\\\/en\\\/korteks-project-is-accepted-to-horizon-europe-program\\\/#primaryimage\"},\"thumbnailUrl\":\"https:\\\/\\\/www.textilegence.com\\\/wp-content\\\/uploads\\\/2022\\\/02\\\/korteks-textilegence.jpg\",\"keywords\":[\"plastice project\",\"spinning\",\"sustainability\",\"textile news\"],\"articleSection\":[\"Spinning\"],\"inLanguage\":\"en-US\",\"potentialAction\":[{\"@type\":\"CommentAction\",\"name\":\"Comment\",\"target\":[\"https:\\\/\\\/www.textilegence.com\\\/en\\\/korteks-project-is-accepted-to-horizon-europe-program\\\/#respond\"]}]},{\"@type\":\"WebPage\",\"@id\":\"https:\\\/\\\/www.textilegence.com\\\/en\\\/korteks-project-is-accepted-to-horizon-europe-program\\\/\",\"url\":\"https:\\\/\\\/www.textilegence.com\\\/en\\\/korteks-project-is-accepted-to-horizon-europe-program\\\/\",\"name\":\"Korteks project is accepted to Horizon Europe Program - Textilegence\",\"isPartOf\":{\"@id\":\"https:\\\/\\\/www.textilegence.com\\\/en\\\/#website\"},\"primaryImageOfPage\":{\"@id\":\"https:\\\/\\\/www.textilegence.com\\\/en\\\/korteks-project-is-accepted-to-horizon-europe-program\\\/#primaryimage\"},\"image\":{\"@id\":\"https:\\\/\\\/www.textilegence.com\\\/en\\\/korteks-project-is-accepted-to-horizon-europe-program\\\/#primaryimage\"},\"thumbnailUrl\":\"https:\\\/\\\/www.textilegence.com\\\/wp-content\\\/uploads\\\/2022\\\/02\\\/korteks-textilegence.jpg\",\"datePublished\":\"2022-02-22T13:16:19+00:00\",\"dateModified\":\"2022-02-22T13:16:23+00:00\",\"description\":\"Korteks, one of the world\u2019s leading yarn manufacturers within the Zorlu Group, will implement the PLASTICE Project within the scope...\",\"breadcrumb\":{\"@id\":\"https:\\\/\\\/www.textilegence.com\\\/en\\\/korteks-project-is-accepted-to-horizon-europe-program\\\/#breadcrumb\"},\"inLanguage\":\"en-US\",\"potentialAction\":[{\"@type\":\"ReadAction\",\"target\":[\"https:\\\/\\\/www.textilegence.com\\\/en\\\/korteks-project-is-accepted-to-horizon-europe-program\\\/\"]}]},{\"@type\":\"ImageObject\",\"inLanguage\":\"en-US\",\"@id\":\"https:\\\/\\\/www.textilegence.com\\\/en\\\/korteks-project-is-accepted-to-horizon-europe-program\\\/#primaryimage\",\"url\":\"https:\\\/\\\/www.textilegence.com\\\/wp-content\\\/uploads\\\/2022\\\/02\\\/korteks-textilegence.jpg\",\"contentUrl\":\"https:\\\/\\\/www.textilegence.com\\\/wp-content\\\/uploads\\\/2022\\\/02\\\/korteks-textilegence.jpg\",\"width\":1200,\"height\":675},{\"@type\":\"BreadcrumbList\",\"@id\":\"https:\\\/\\\/www.textilegence.com\\\/en\\\/korteks-project-is-accepted-to-horizon-europe-program\\\/#breadcrumb\",\"itemListElement\":[{\"@type\":\"ListItem\",\"position\":1,\"name\":\"Home Page\",\"item\":\"https:\\\/\\\/www.textilegence.com\\\/en\\\/homepage-the-rimont\\\/\"},{\"@type\":\"ListItem\",\"position\":2,\"name\":\"Spinning\",\"item\":\"https:\\\/\\\/www.textilegence.com\\\/en\\\/category\\\/spinning\\\/\"},{\"@type\":\"ListItem\",\"position\":3,\"name\":\"Korteks project is accepted to Horizon Europe Program\"}]},{\"@type\":\"WebSite\",\"@id\":\"https:\\\/\\\/www.textilegence.com\\\/en\\\/#website\",\"url\":\"https:\\\/\\\/www.textilegence.com\\\/en\\\/\",\"name\":\"Textilegence Magazine and Digital Platform\",\"description\":\"Textile News Center\",\"publisher\":{\"@id\":\"https:\\\/\\\/www.textilegence.com\\\/en\\\/#organization\"},\"potentialAction\":[{\"@type\":\"SearchAction\",\"target\":{\"@type\":\"EntryPoint\",\"urlTemplate\":\"https:\\\/\\\/www.textilegence.com\\\/en\\\/?s={search_term_string}\"},\"query-input\":{\"@type\":\"PropertyValueSpecification\",\"valueRequired\":true,\"valueName\":\"search_term_string\"}}],\"inLanguage\":\"en-US\"},{\"@type\":\"Organization\",\"@id\":\"https:\\\/\\\/www.textilegence.com\\\/en\\\/#organization\",\"name\":\"Textilegence Magazine and Digital Platform\",\"url\":\"https:\\\/\\\/www.textilegence.com\\\/en\\\/\",\"logo\":{\"@type\":\"ImageObject\",\"inLanguage\":\"en-US\",\"@id\":\"https:\\\/\\\/www.textilegence.com\\\/en\\\/#\\\/schema\\\/logo\\\/image\\\/\",\"url\":\"https:\\\/\\\/www.textilegence.com\\\/wp-content\\\/uploads\\\/2016\\\/11\\\/New_Retina_Logo_Textilegence.png\",\"contentUrl\":\"https:\\\/\\\/www.textilegence.com\\\/wp-content\\\/uploads\\\/2016\\\/11\\\/New_Retina_Logo_Textilegence.png\",\"width\":544,\"height\":180,\"caption\":\"Textilegence Magazine and Digital Platform\"},\"image\":{\"@id\":\"https:\\\/\\\/www.textilegence.com\\\/en\\\/#\\\/schema\\\/logo\\\/image\\\/\"},\"sameAs\":[\"https:\\\/\\\/www.facebook.com\\\/TextilegenceMagazine\",\"https:\\\/\\\/x.com\\\/textilegence\",\"https:\\\/\\\/www.instagram.com\\\/textilegence\\\/\",\"https:\\\/\\\/www.linkedin.com\\\/groups\\\/Textilegence-Magazine-Digital-Platform-4897253\",\"https:\\\/\\\/www.youtube.com\\\/user\\\/textilegence\"],\"description\":\"Textilegence is a magazine and digital platform established in 2013. It focuses on the textile industry and sub-segments. The platform provides news, articles, and updates on various aspects of the textile industry, including sustainability, technological advancements, and market trends.\",\"email\":\"editor@textilegence.com\",\"telephone\":\"+90 212 442 24 12\",\"legalName\":\"Textilegence Mag and Digital Platform\",\"foundingDate\":\"2013-01-01\",\"numberOfEmployees\":{\"@type\":\"QuantitativeValue\",\"minValue\":\"1\",\"maxValue\":\"10\"}},{\"@type\":\"Person\",\"@id\":\"https:\\\/\\\/www.textilegence.com\\\/en\\\/#\\\/schema\\\/person\\\/cfa6baf17f0478131c673c93a9b88ef3\",\"name\":\"Ya\u011fmur Melis \u015eim\u015fek\",\"image\":{\"@type\":\"ImageObject\",\"inLanguage\":\"en-US\",\"@id\":\"https:\\\/\\\/www.textilegence.com\\\/wp-content\\\/uploads\\\/2022\\\/03\\\/Yagmur_photo1.jpg\",\"url\":\"https:\\\/\\\/www.textilegence.com\\\/wp-content\\\/uploads\\\/2022\\\/03\\\/Yagmur_photo1.jpg\",\"contentUrl\":\"https:\\\/\\\/www.textilegence.com\\\/wp-content\\\/uploads\\\/2022\\\/03\\\/Yagmur_photo1.jpg\",\"caption\":\"Ya\u011fmur Melis \u015eim\u015fek\"},\"description\":\"Ya\u011fmur Melis \u015eim\u015fek, Saint-Beno\u00eet Frans\u0131z Lisesi\u2019nde e\u011fitim g\u00f6rm\u00fc\u015f, ard\u0131ndan Anadolu \u00dcniversitesi\u2019nde iki y\u0131ll\u0131k Foto\u011fraf\u00e7\u0131l\u0131k B\u00f6l\u00fcm\u00fc\u2019n\u00fc tamamlam\u0131\u015ft\u0131r. Daha sonra lisans e\u011fitimini \u0130stanbul \u00dcniversitesi Gazetecilik B\u00f6l\u00fcm\u00fc\u2019nde s\u00fcrd\u00fcrm\u00fc\u015f, mezuniyetin ard\u0131ndan ise 2017 y\u0131l\u0131nda i\u015f hayat\u0131na at\u0131lm\u0131\u015ft\u0131r. Pek \u00e7ok farkl\u0131 projede, foto\u011fraf\u00e7\u0131l\u0131k ve grafik tasar\u0131mc\u0131l\u0131\u011f\u0131n yan\u0131 s\u0131ra teknoloji alan\u0131nda i\u00e7erik ve haber yazarl\u0131\u011f\u0131 gibi \u00e7e\u015fitli pozisyonlarda yer alan \u015eim\u015fek, 2021 y\u0131l\u0131ndan bu yana Textilegence\u2019da d\u0131\u015f haberlerde yard\u0131mc\u0131 edit\u00f6r olarak g\u00f6rev yapmaktad\u0131r.\",\"sameAs\":[\"https:\\\/\\\/www.textilegence.com\\\/\",\"https:\\\/\\\/www.facebook.com\\\/TextilegenceMagazine\",\"https:\\\/\\\/www.instagram.com\\\/textilegence\\\/\",\"https:\\\/\\\/www.linkedin.com\\\/company\\\/2985016\",\"https:\\\/\\\/x.com\\\/https:\\\/\\\/twitter.com\\\/textilegence\",\"https:\\\/\\\/www.youtube.com\\\/channel\\\/UCgtcny5ljhiXu-yvOiAlpRA\"],\"url\":\"https:\\\/\\\/www.textilegence.com\\\/en\\\/author\\\/yms\\\/\"}]}<\/script>\n<!-- \/ Yoast SEO Premium plugin. -->","yoast_head_json":{"title":"Korteks project is accepted to Horizon Europe Program - Textilegence","description":"Korteks, one of the world\u2019s leading yarn manufacturers within the Zorlu Group, will implement the PLASTICE Project within the scope...","robots":{"index":"index","follow":"follow","max-snippet":"max-snippet:-1","max-image-preview":"max-image-preview:large","max-video-preview":"max-video-preview:-1"},"canonical":"https:\/\/www.textilegence.com\/en\/korteks-project-is-accepted-to-horizon-europe-program\/","og_locale":"en_US","og_type":"article","og_title":"Korteks project is accepted to Horizon Europe Program","og_description":"Zorlu Grubu b\u00fcnyesinde yer alan, d\u00fcnyan\u0131n \u00f6nde gelen iplik \u00fcreticilerinden Korteks, Avrupa Birli\u011fi\u2019nin ara\u015ft\u0131rma, geli\u015ftirme ve inovasyon projelerini","og_url":"https:\/\/www.textilegence.com\/en\/korteks-project-is-accepted-to-horizon-europe-program\/","og_site_name":"Textilegence Magazine and Digital Platform","article_publisher":"https:\/\/www.facebook.com\/TextilegenceMagazine","article_author":"https:\/\/www.facebook.com\/TextilegenceMagazine","article_published_time":"2022-02-22T13:16:19+00:00","article_modified_time":"2022-02-22T13:16:23+00:00","og_image":[{"width":1200,"height":675,"url":"https:\/\/www.textilegence.com\/wp-content\/uploads\/2022\/02\/korteks-textilegence.jpg","type":"image\/jpeg"}],"author":"Ya\u011fmur Melis \u015eim\u015fek","twitter_card":"summary_large_image","twitter_creator":"@https:\/\/twitter.com\/textilegence","twitter_site":"@textilegence","twitter_misc":{"Written by":"Ya\u011fmur Melis \u015eim\u015fek","Est. reading time":"5 minutes"},"schema":{"@context":"https:\/\/schema.org","@graph":[{"@type":"NewsArticle","@id":"https:\/\/www.textilegence.com\/en\/korteks-project-is-accepted-to-horizon-europe-program\/#article","isPartOf":{"@id":"https:\/\/www.textilegence.com\/en\/korteks-project-is-accepted-to-horizon-europe-program\/"},"author":{"name":"Ya\u011fmur Melis \u015eim\u015fek","@id":"https:\/\/www.textilegence.com\/en\/#\/schema\/person\/cfa6baf17f0478131c673c93a9b88ef3"},"headline":"Korteks project is accepted to Horizon Europe Program","datePublished":"2022-02-22T13:16:19+00:00","dateModified":"2022-02-22T13:16:23+00:00","mainEntityOfPage":{"@id":"https:\/\/www.textilegence.com\/en\/korteks-project-is-accepted-to-horizon-europe-program\/"},"wordCount":898,"commentCount":0,"publisher":{"@id":"https:\/\/www.textilegence.com\/en\/#organization"},"image":{"@id":"https:\/\/www.textilegence.com\/en\/korteks-project-is-accepted-to-horizon-europe-program\/#primaryimage"},"thumbnailUrl":"https:\/\/www.textilegence.com\/wp-content\/uploads\/2022\/02\/korteks-textilegence.jpg","keywords":["plastice project","spinning","sustainability","textile news"],"articleSection":["Spinning"],"inLanguage":"en-US","potentialAction":[{"@type":"CommentAction","name":"Comment","target":["https:\/\/www.textilegence.com\/en\/korteks-project-is-accepted-to-horizon-europe-program\/#respond"]}]},{"@type":"WebPage","@id":"https:\/\/www.textilegence.com\/en\/korteks-project-is-accepted-to-horizon-europe-program\/","url":"https:\/\/www.textilegence.com\/en\/korteks-project-is-accepted-to-horizon-europe-program\/","name":"Korteks project is accepted to Horizon Europe Program - Textilegence","isPartOf":{"@id":"https:\/\/www.textilegence.com\/en\/#website"},"primaryImageOfPage":{"@id":"https:\/\/www.textilegence.com\/en\/korteks-project-is-accepted-to-horizon-europe-program\/#primaryimage"},"image":{"@id":"https:\/\/www.textilegence.com\/en\/korteks-project-is-accepted-to-horizon-europe-program\/#primaryimage"},"thumbnailUrl":"https:\/\/www.textilegence.com\/wp-content\/uploads\/2022\/02\/korteks-textilegence.jpg","datePublished":"2022-02-22T13:16:19+00:00","dateModified":"2022-02-22T13:16:23+00:00","description":"Korteks, one of the world\u2019s leading yarn manufacturers within the Zorlu Group, will implement the PLASTICE Project within the scope...","breadcrumb":{"@id":"https:\/\/www.textilegence.com\/en\/korteks-project-is-accepted-to-horizon-europe-program\/#breadcrumb"},"inLanguage":"en-US","potentialAction":[{"@type":"ReadAction","target":["https:\/\/www.textilegence.com\/en\/korteks-project-is-accepted-to-horizon-europe-program\/"]}]},{"@type":"ImageObject","inLanguage":"en-US","@id":"https:\/\/www.textilegence.com\/en\/korteks-project-is-accepted-to-horizon-europe-program\/#primaryimage","url":"https:\/\/www.textilegence.com\/wp-content\/uploads\/2022\/02\/korteks-textilegence.jpg","contentUrl":"https:\/\/www.textilegence.com\/wp-content\/uploads\/2022\/02\/korteks-textilegence.jpg","width":1200,"height":675},{"@type":"BreadcrumbList","@id":"https:\/\/www.textilegence.com\/en\/korteks-project-is-accepted-to-horizon-europe-program\/#breadcrumb","itemListElement":[{"@type":"ListItem","position":1,"name":"Home Page","item":"https:\/\/www.textilegence.com\/en\/homepage-the-rimont\/"},{"@type":"ListItem","position":2,"name":"Spinning","item":"https:\/\/www.textilegence.com\/en\/category\/spinning\/"},{"@type":"ListItem","position":3,"name":"Korteks project is accepted to Horizon Europe Program"}]},{"@type":"WebSite","@id":"https:\/\/www.textilegence.com\/en\/#website","url":"https:\/\/www.textilegence.com\/en\/","name":"Textilegence Magazine and Digital Platform","description":"Textile News Center","publisher":{"@id":"https:\/\/www.textilegence.com\/en\/#organization"},"potentialAction":[{"@type":"SearchAction","target":{"@type":"EntryPoint","urlTemplate":"https:\/\/www.textilegence.com\/en\/?s={search_term_string}"},"query-input":{"@type":"PropertyValueSpecification","valueRequired":true,"valueName":"search_term_string"}}],"inLanguage":"en-US"},{"@type":"Organization","@id":"https:\/\/www.textilegence.com\/en\/#organization","name":"Textilegence Magazine and Digital Platform","url":"https:\/\/www.textilegence.com\/en\/","logo":{"@type":"ImageObject","inLanguage":"en-US","@id":"https:\/\/www.textilegence.com\/en\/#\/schema\/logo\/image\/","url":"https:\/\/www.textilegence.com\/wp-content\/uploads\/2016\/11\/New_Retina_Logo_Textilegence.png","contentUrl":"https:\/\/www.textilegence.com\/wp-content\/uploads\/2016\/11\/New_Retina_Logo_Textilegence.png","width":544,"height":180,"caption":"Textilegence Magazine and Digital Platform"},"image":{"@id":"https:\/\/www.textilegence.com\/en\/#\/schema\/logo\/image\/"},"sameAs":["https:\/\/www.facebook.com\/TextilegenceMagazine","https:\/\/x.com\/textilegence","https:\/\/www.instagram.com\/textilegence\/","https:\/\/www.linkedin.com\/groups\/Textilegence-Magazine-Digital-Platform-4897253","https:\/\/www.youtube.com\/user\/textilegence"],"description":"Textilegence is a magazine and digital platform established in 2013. It focuses on the textile industry and sub-segments. The platform provides news, articles, and updates on various aspects of the textile industry, including sustainability, technological advancements, and market trends.","email":"editor@textilegence.com","telephone":"+90 212 442 24 12","legalName":"Textilegence Mag and Digital Platform","foundingDate":"2013-01-01","numberOfEmployees":{"@type":"QuantitativeValue","minValue":"1","maxValue":"10"}},{"@type":"Person","@id":"https:\/\/www.textilegence.com\/en\/#\/schema\/person\/cfa6baf17f0478131c673c93a9b88ef3","name":"Ya\u011fmur Melis \u015eim\u015fek","image":{"@type":"ImageObject","inLanguage":"en-US","@id":"https:\/\/www.textilegence.com\/wp-content\/uploads\/2022\/03\/Yagmur_photo1.jpg","url":"https:\/\/www.textilegence.com\/wp-content\/uploads\/2022\/03\/Yagmur_photo1.jpg","contentUrl":"https:\/\/www.textilegence.com\/wp-content\/uploads\/2022\/03\/Yagmur_photo1.jpg","caption":"Ya\u011fmur Melis \u015eim\u015fek"},"description":"Ya\u011fmur Melis \u015eim\u015fek, Saint-Beno\u00eet Frans\u0131z Lisesi\u2019nde e\u011fitim g\u00f6rm\u00fc\u015f, ard\u0131ndan Anadolu \u00dcniversitesi\u2019nde iki y\u0131ll\u0131k Foto\u011fraf\u00e7\u0131l\u0131k B\u00f6l\u00fcm\u00fc\u2019n\u00fc tamamlam\u0131\u015ft\u0131r. Daha sonra lisans e\u011fitimini \u0130stanbul \u00dcniversitesi Gazetecilik B\u00f6l\u00fcm\u00fc\u2019nde s\u00fcrd\u00fcrm\u00fc\u015f, mezuniyetin ard\u0131ndan ise 2017 y\u0131l\u0131nda i\u015f hayat\u0131na at\u0131lm\u0131\u015ft\u0131r. Pek \u00e7ok farkl\u0131 projede, foto\u011fraf\u00e7\u0131l\u0131k ve grafik tasar\u0131mc\u0131l\u0131\u011f\u0131n yan\u0131 s\u0131ra teknoloji alan\u0131nda i\u00e7erik ve haber yazarl\u0131\u011f\u0131 gibi \u00e7e\u015fitli pozisyonlarda yer alan \u015eim\u015fek, 2021 y\u0131l\u0131ndan bu yana Textilegence\u2019da d\u0131\u015f haberlerde yard\u0131mc\u0131 edit\u00f6r olarak g\u00f6rev yapmaktad\u0131r.","sameAs":["https:\/\/www.textilegence.com\/","https:\/\/www.facebook.com\/TextilegenceMagazine","https:\/\/www.instagram.com\/textilegence\/","https:\/\/www.linkedin.com\/company\/2985016","https:\/\/x.com\/https:\/\/twitter.com\/textilegence","https:\/\/www.youtube.com\/channel\/UCgtcny5ljhiXu-yvOiAlpRA"],"url":"https:\/\/www.textilegence.com\/en\/author\/yms\/"}]}},"_links":{"self":[{"href":"https:\/\/www.textilegence.com\/en\/wp-json\/wp\/v2\/posts\/44936","targetHints":{"allow":["GET"]}}],"collection":[{"href":"https:\/\/www.textilegence.com\/en\/wp-json\/wp\/v2\/posts"}],"about":[{"href":"https:\/\/www.textilegence.com\/en\/wp-json\/wp\/v2\/types\/post"}],"author":[{"embeddable":true,"href":"https:\/\/www.textilegence.com\/en\/wp-json\/wp\/v2\/users\/26"}],"replies":[{"embeddable":true,"href":"https:\/\/www.textilegence.com\/en\/wp-json\/wp\/v2\/comments?post=44936"}],"version-history":[{"count":0,"href":"https:\/\/www.textilegence.com\/en\/wp-json\/wp\/v2\/posts\/44936\/revisions"}],"wp:featuredmedia":[{"embeddable":true,"href":"https:\/\/www.textilegence.com\/en\/wp-json\/wp\/v2\/media\/44944"}],"wp:attachment":[{"href":"https:\/\/www.textilegence.com\/en\/wp-json\/wp\/v2\/media?parent=44936"}],"wp:term":[{"taxonomy":"category","embeddable":true,"href":"https:\/\/www.textilegence.com\/en\/wp-json\/wp\/v2\/categories?post=44936"},{"taxonomy":"post_tag","embeddable":true,"href":"https:\/\/www.textilegence.com\/en\/wp-json\/wp\/v2\/tags?post=44936"}],"curies":[{"name":"wp","href":"https:\/\/api.w.org\/{rel}","templated":true}]}}