{"id":45015,"date":"2022-02-24T17:37:16","date_gmt":"2022-02-24T14:37:16","guid":{"rendered":"http:\/\/www.textilegence.com\/?p=45015"},"modified":"2022-02-24T17:37:23","modified_gmt":"2022-02-24T14:37:23","slug":"turkish-textile-industry-meets-global-buyers-in-paris","status":"publish","type":"post","link":"https:\/\/www.textilegence.com\/en\/turkish-textile-industry-meets-global-buyers-in-paris\/","title":{"rendered":"Turkish textile industry meets global buyers in Paris"},"content":{"rendered":"\n<p>Turkish textile industry came together with global buyers at <a href=\"https:\/\/www.premierevision.com\/en\/?\" target=\"_blank\" rel=\"noreferrer noopener\">Premi\u00e8re Vision Paris<\/a>, one of the largest textile exhibitions in the world. The fabric and accessories <a href=\"https:\/\/www.textilegence.com\/en\/category\/trade-fairs\/\" target=\"_blank\" rel=\"noreferrer noopener\">exhibition<\/a>, which was physically held in Nord Villepinte, Paris, France on February 8-10, was also held digitally on February 7-11. The exhibition managed to bring together the important players of the market around the key issues driving fashion at this time of economic recovery for the sector. It increased the number of visitors by 18% compared to the exhibition in September 2021, with the participation of more than 74 thousand 600 visitors, including 60% of which were international. Approximately 200 companies from the Turkish textile industry participated in the exhibition, where solutions focusing on the latest developments from 1,080 exhibitors, including 63 new companies from 41 countries, were introduced.<\/p>\n\n\n\n<p>Turkish textile industry, which closed the previous year with an export figure of 12.9 billion dollars by reaching the historical record of the Republic. It focused on efforts to increase its exports in 2022, realizing an export of 1 billion dollars in the first month of the year. <a href=\"http:\/\/www.ithib.org.tr\/en\/default.html\" target=\"_blank\" rel=\"noreferrer noopener\">Istanbul Textile and Raw Materials Exporters&#8217; Association<\/a> (\u0130TH\u0130B) President Ahmet \u00d6ks\u00fcz, said that they came together with numerous buyers at the exhibition after the pandemic and that the exhibition is of great importance for the promotion and value-added exports of the Turkish textile industry.<\/p>\n\n\n\n<div class=\"wp-block-image\"><figure class=\"aligncenter size-full\"><img loading=\"lazy\" decoding=\"async\" width=\"1200\" height=\"675\" src=\"https:\/\/www.textilegence.com\/wp-content\/uploads\/2022\/02\/turkish-textile-industry-detail1.jpg\" alt=\"\" class=\"wp-image-45022\" srcset=\"https:\/\/www.textilegence.com\/wp-content\/uploads\/2022\/02\/turkish-textile-industry-detail1.jpg 1200w, https:\/\/www.textilegence.com\/wp-content\/uploads\/2022\/02\/turkish-textile-industry-detail1-768x432.jpg 768w, https:\/\/www.textilegence.com\/wp-content\/uploads\/2022\/02\/turkish-textile-industry-detail1-300x169.jpg 300w, https:\/\/www.textilegence.com\/wp-content\/uploads\/2022\/02\/turkish-textile-industry-detail1-600x338.jpg 600w, https:\/\/www.textilegence.com\/wp-content\/uploads\/2022\/02\/turkish-textile-industry-detail1-696x392.jpg 696w, https:\/\/www.textilegence.com\/wp-content\/uploads\/2022\/02\/turkish-textile-industry-detail1-1068x601.jpg 1068w\" sizes=\"auto, (max-width: 1200px) 100vw, 1200px\" \/><figcaption>Turkish textile industry meets global buyers in Paris<\/figcaption><\/figure><\/div>\n\n\n\n<h2 class=\"wp-block-heading\" id=\"h-turkish-textile-industry-introduced-its-gmo-free-cotton-project-at-premiere-vision-paris\">Turkish textile industry introduced its GMO Free Cotton Project at Premi\u00e8re Vision Paris<\/h2>\n\n\n\n<p>Ahmet \u00d6ks\u00fcz stated that they introduced the GMO Free Cotton Project at the exhibition and remarked that all of the cotton produced in Turkey is produced as GMO Free and Turkey is the world\u2019s largest producer of GMO Free cotton. \u00d6ks\u00fcz relayed that they started a promotion campaign on a global scale together with the sector stakeholders to ensure the branding of GMO Free cotton production, and continued his words as follows:<\/p>\n\n\n\n<p>\u201cWe continue our project in order to increase the chance of competition by creating a preferential brand for Turkish textile and thus to provide a more preferred status to Turkish cotton production. We exhibited our GMO Free Cotton Project at Premi\u00e8re Vision Paris, in which we participated as an industry. Our \u2018GMO Free Turkish Cotton\u2019 project, initiated by the Izmir Commodity Exchange and the National Cotton Council, will gain momentum in 2022. We aimed to reach wider audiences by promoting our project at the exhibition and received positive feedback\u201d.<\/p>\n\n\n\n<div class=\"wp-block-image\"><figure class=\"aligncenter size-full\"><img loading=\"lazy\" decoding=\"async\" width=\"1200\" height=\"675\" src=\"https:\/\/www.textilegence.com\/wp-content\/uploads\/2022\/02\/turkish-textile-industry-detail2.jpg\" alt=\"\" class=\"wp-image-45024\" srcset=\"https:\/\/www.textilegence.com\/wp-content\/uploads\/2022\/02\/turkish-textile-industry-detail2.jpg 1200w, https:\/\/www.textilegence.com\/wp-content\/uploads\/2022\/02\/turkish-textile-industry-detail2-768x432.jpg 768w, https:\/\/www.textilegence.com\/wp-content\/uploads\/2022\/02\/turkish-textile-industry-detail2-300x169.jpg 300w, https:\/\/www.textilegence.com\/wp-content\/uploads\/2022\/02\/turkish-textile-industry-detail2-600x338.jpg 600w, https:\/\/www.textilegence.com\/wp-content\/uploads\/2022\/02\/turkish-textile-industry-detail2-696x392.jpg 696w, https:\/\/www.textilegence.com\/wp-content\/uploads\/2022\/02\/turkish-textile-industry-detail2-1068x601.jpg 1068w\" sizes=\"auto, (max-width: 1200px) 100vw, 1200px\" \/><figcaption>Turkish textile industry introduced its GMO Free Cotton Project at Premi\u00e8re Vision Paris<\/figcaption><\/figure><\/div>\n\n\n\n<h2 class=\"wp-block-heading\" id=\"h-the-year-end-target-of-the-sector-is-15-billion-dollars-of-export\">The year-end target of the sector is 15 billion dollars of export<\/h2>\n\n\n\n<p>Ahmet \u00d6ks\u00fcz shared his evaluations on the economic indicators of the textile industry and said; \u201cWe came together with numerous global buyers at Premi\u00e8re Vision Paris with National Participation Organization we held with the support of our Ministry of Commerce. The exhibitions we organize in order to increase the value-added exports of our industry are of great importance. We exported 1 billion dollars worth of goods in the first month of 2022 as an industry. We achieved an increase of 11% compared to last year. The top 3 countries to which we exported the most in this period were Italy, USA and Germany. The Capacity Utilization Rate of our sector in January is at the level of 80.5 percent\u201d.<\/p>\n\n\n\n<p>\u00d6ks\u00fcz stated that the industrial production index of the Turkish textile industry renews its own record every month and disclosed; \u201cOur textile industry production index in November increased by 13 percent and reached the level of 151.1. As the textile industry, we will continue to contribute to our country\u2019s economy. We will move our industry forward with the projects we will realize in 2022. Our goal is to set a new record with exports worth 15 billion dollars at the end of the year\u201d.<\/p>\n","protected":false},"excerpt":{"rendered":"<p>Turkish textile industry came together with global buyers at Premi\u00e8re Vision Paris, one of the largest textile exhibitions in the world. The fabric and accessories exhibition, which was physically held in Nord Villepinte, Paris, France on February 8-10, was also held digitally on February 7-11. The exhibition managed to bring together the important players of [&hellip;]<\/p>\n","protected":false},"author":2,"featured_media":45020,"comment_status":"open","ping_status":"closed","sticky":false,"template":"","format":"standard","meta":{"footnotes":""},"categories":[9845],"tags":[10777,3761,10369,12448],"class_list":{"0":"post-45015","1":"post","2":"type-post","3":"status-publish","4":"format-standard","5":"has-post-thumbnail","7":"category-trade-fairs","8":"tag-ithib-en","9":"tag-premiere-vision-paris","10":"tag-textile-news-en","11":"tag-trade-fairs"},"yoast_head":"<!-- This site is optimized with the Yoast SEO Premium plugin v27.3 (Yoast SEO v27.3) - https:\/\/yoast.com\/product\/yoast-seo-premium-wordpress\/ -->\n<title>Turkish textile industry meets global buyers in Paris - Textilegence<\/title>\n<meta name=\"description\" content=\"Turkish textile industry came together with global buyers at Premi\u00e8re Vision Paris, one of the largest textile exhibitions in the world...\" \/>\n<meta name=\"robots\" content=\"index, follow, max-snippet:-1, max-image-preview:large, max-video-preview:-1\" \/>\n<link rel=\"canonical\" href=\"https:\/\/www.textilegence.com\/en\/turkish-textile-industry-meets-global-buyers-in-paris\/\" \/>\n<meta property=\"og:locale\" content=\"en_US\" \/>\n<meta property=\"og:type\" content=\"article\" \/>\n<meta property=\"og:title\" content=\"Turkish textile industry meets global buyers in Paris\" \/>\n<meta property=\"og:description\" content=\"Turkish textile industry came together with global buyers at Premi\u00e8re Vision Paris, one of the largest textile exhibitions in the world. The fabric and\" \/>\n<meta property=\"og:url\" content=\"https:\/\/www.textilegence.com\/en\/turkish-textile-industry-meets-global-buyers-in-paris\/\" \/>\n<meta property=\"og:site_name\" content=\"Textilegence Magazine and Digital Platform\" \/>\n<meta property=\"article:publisher\" content=\"https:\/\/www.facebook.com\/TextilegenceMagazine\" \/>\n<meta property=\"article:author\" content=\"https:\/\/www.facebook.com\/TextilegenceMagazine\" \/>\n<meta property=\"article:published_time\" content=\"2022-02-24T14:37:16+00:00\" \/>\n<meta property=\"article:modified_time\" content=\"2022-02-24T14:37:23+00:00\" \/>\n<meta property=\"og:image\" content=\"https:\/\/www.textilegence.com\/wp-content\/uploads\/2022\/02\/turkish-textile-industry-textilegence.jpg\" \/>\n\t<meta property=\"og:image:width\" content=\"1200\" \/>\n\t<meta property=\"og:image:height\" content=\"675\" \/>\n\t<meta property=\"og:image:type\" content=\"image\/jpeg\" \/>\n<meta name=\"author\" content=\"Engin Buz\" \/>\n<meta name=\"twitter:card\" content=\"summary_large_image\" \/>\n<meta name=\"twitter:creator\" content=\"@https:\/\/twitter.com\/textilegence\" \/>\n<meta name=\"twitter:site\" content=\"@textilegence\" \/>\n<meta name=\"twitter:label1\" content=\"Written by\" \/>\n\t<meta name=\"twitter:data1\" content=\"Engin Buz\" \/>\n\t<meta name=\"twitter:label2\" content=\"Est. reading time\" \/>\n\t<meta name=\"twitter:data2\" content=\"5 minutes\" \/>\n<script type=\"application\/ld+json\" class=\"yoast-schema-graph\">{\"@context\":\"https:\\\/\\\/schema.org\",\"@graph\":[{\"@type\":\"NewsArticle\",\"@id\":\"https:\\\/\\\/www.textilegence.com\\\/en\\\/turkish-textile-industry-meets-global-buyers-in-paris\\\/#article\",\"isPartOf\":{\"@id\":\"https:\\\/\\\/www.textilegence.com\\\/en\\\/turkish-textile-industry-meets-global-buyers-in-paris\\\/\"},\"author\":{\"name\":\"Engin Buz\",\"@id\":\"https:\\\/\\\/www.textilegence.com\\\/en\\\/#\\\/schema\\\/person\\\/46ccc7bfc34edbc7d46b6b189f88849f\"},\"headline\":\"Turkish textile industry meets global buyers in Paris\",\"datePublished\":\"2022-02-24T14:37:16+00:00\",\"dateModified\":\"2022-02-24T14:37:23+00:00\",\"mainEntityOfPage\":{\"@id\":\"https:\\\/\\\/www.textilegence.com\\\/en\\\/turkish-textile-industry-meets-global-buyers-in-paris\\\/\"},\"wordCount\":634,\"commentCount\":0,\"publisher\":{\"@id\":\"https:\\\/\\\/www.textilegence.com\\\/en\\\/#organization\"},\"image\":{\"@id\":\"https:\\\/\\\/www.textilegence.com\\\/en\\\/turkish-textile-industry-meets-global-buyers-in-paris\\\/#primaryimage\"},\"thumbnailUrl\":\"https:\\\/\\\/www.textilegence.com\\\/wp-content\\\/uploads\\\/2022\\\/02\\\/turkish-textile-industry-textilegence.jpg\",\"keywords\":[\"ithib\",\"Premiere Vision Paris\",\"textile news\",\"trade fairs\"],\"articleSection\":[\"Trade Fairs\"],\"inLanguage\":\"en-US\",\"potentialAction\":[{\"@type\":\"CommentAction\",\"name\":\"Comment\",\"target\":[\"https:\\\/\\\/www.textilegence.com\\\/en\\\/turkish-textile-industry-meets-global-buyers-in-paris\\\/#respond\"]}]},{\"@type\":\"WebPage\",\"@id\":\"https:\\\/\\\/www.textilegence.com\\\/en\\\/turkish-textile-industry-meets-global-buyers-in-paris\\\/\",\"url\":\"https:\\\/\\\/www.textilegence.com\\\/en\\\/turkish-textile-industry-meets-global-buyers-in-paris\\\/\",\"name\":\"Turkish textile industry meets global buyers in Paris - Textilegence\",\"isPartOf\":{\"@id\":\"https:\\\/\\\/www.textilegence.com\\\/en\\\/#website\"},\"primaryImageOfPage\":{\"@id\":\"https:\\\/\\\/www.textilegence.com\\\/en\\\/turkish-textile-industry-meets-global-buyers-in-paris\\\/#primaryimage\"},\"image\":{\"@id\":\"https:\\\/\\\/www.textilegence.com\\\/en\\\/turkish-textile-industry-meets-global-buyers-in-paris\\\/#primaryimage\"},\"thumbnailUrl\":\"https:\\\/\\\/www.textilegence.com\\\/wp-content\\\/uploads\\\/2022\\\/02\\\/turkish-textile-industry-textilegence.jpg\",\"datePublished\":\"2022-02-24T14:37:16+00:00\",\"dateModified\":\"2022-02-24T14:37:23+00:00\",\"description\":\"Turkish textile industry came together with global buyers at Premi\u00e8re Vision Paris, one of the largest textile exhibitions in the world...\",\"breadcrumb\":{\"@id\":\"https:\\\/\\\/www.textilegence.com\\\/en\\\/turkish-textile-industry-meets-global-buyers-in-paris\\\/#breadcrumb\"},\"inLanguage\":\"en-US\",\"potentialAction\":[{\"@type\":\"ReadAction\",\"target\":[\"https:\\\/\\\/www.textilegence.com\\\/en\\\/turkish-textile-industry-meets-global-buyers-in-paris\\\/\"]}]},{\"@type\":\"ImageObject\",\"inLanguage\":\"en-US\",\"@id\":\"https:\\\/\\\/www.textilegence.com\\\/en\\\/turkish-textile-industry-meets-global-buyers-in-paris\\\/#primaryimage\",\"url\":\"https:\\\/\\\/www.textilegence.com\\\/wp-content\\\/uploads\\\/2022\\\/02\\\/turkish-textile-industry-textilegence.jpg\",\"contentUrl\":\"https:\\\/\\\/www.textilegence.com\\\/wp-content\\\/uploads\\\/2022\\\/02\\\/turkish-textile-industry-textilegence.jpg\",\"width\":1200,\"height\":675},{\"@type\":\"BreadcrumbList\",\"@id\":\"https:\\\/\\\/www.textilegence.com\\\/en\\\/turkish-textile-industry-meets-global-buyers-in-paris\\\/#breadcrumb\",\"itemListElement\":[{\"@type\":\"ListItem\",\"position\":1,\"name\":\"Home Page\",\"item\":\"https:\\\/\\\/www.textilegence.com\\\/en\\\/homepage-the-rimont\\\/\"},{\"@type\":\"ListItem\",\"position\":2,\"name\":\"Trade Fairs\",\"item\":\"https:\\\/\\\/www.textilegence.com\\\/en\\\/category\\\/trade-fairs\\\/\"},{\"@type\":\"ListItem\",\"position\":3,\"name\":\"Turkish textile industry meets global buyers in Paris\"}]},{\"@type\":\"WebSite\",\"@id\":\"https:\\\/\\\/www.textilegence.com\\\/en\\\/#website\",\"url\":\"https:\\\/\\\/www.textilegence.com\\\/en\\\/\",\"name\":\"Textilegence Magazine and Digital Platform\",\"description\":\"Textile News Center\",\"publisher\":{\"@id\":\"https:\\\/\\\/www.textilegence.com\\\/en\\\/#organization\"},\"potentialAction\":[{\"@type\":\"SearchAction\",\"target\":{\"@type\":\"EntryPoint\",\"urlTemplate\":\"https:\\\/\\\/www.textilegence.com\\\/en\\\/?s={search_term_string}\"},\"query-input\":{\"@type\":\"PropertyValueSpecification\",\"valueRequired\":true,\"valueName\":\"search_term_string\"}}],\"inLanguage\":\"en-US\"},{\"@type\":\"Organization\",\"@id\":\"https:\\\/\\\/www.textilegence.com\\\/en\\\/#organization\",\"name\":\"Textilegence Magazine and Digital Platform\",\"url\":\"https:\\\/\\\/www.textilegence.com\\\/en\\\/\",\"logo\":{\"@type\":\"ImageObject\",\"inLanguage\":\"en-US\",\"@id\":\"https:\\\/\\\/www.textilegence.com\\\/en\\\/#\\\/schema\\\/logo\\\/image\\\/\",\"url\":\"https:\\\/\\\/www.textilegence.com\\\/wp-content\\\/uploads\\\/2016\\\/11\\\/New_Retina_Logo_Textilegence.png\",\"contentUrl\":\"https:\\\/\\\/www.textilegence.com\\\/wp-content\\\/uploads\\\/2016\\\/11\\\/New_Retina_Logo_Textilegence.png\",\"width\":544,\"height\":180,\"caption\":\"Textilegence Magazine and Digital Platform\"},\"image\":{\"@id\":\"https:\\\/\\\/www.textilegence.com\\\/en\\\/#\\\/schema\\\/logo\\\/image\\\/\"},\"sameAs\":[\"https:\\\/\\\/www.facebook.com\\\/TextilegenceMagazine\",\"https:\\\/\\\/x.com\\\/textilegence\",\"https:\\\/\\\/www.instagram.com\\\/textilegence\\\/\",\"https:\\\/\\\/www.linkedin.com\\\/groups\\\/Textilegence-Magazine-Digital-Platform-4897253\",\"https:\\\/\\\/www.youtube.com\\\/user\\\/textilegence\"],\"description\":\"Textilegence is a magazine and digital platform established in 2013. It focuses on the textile industry and sub-segments. The platform provides news, articles, and updates on various aspects of the textile industry, including sustainability, technological advancements, and market trends.\",\"email\":\"editor@textilegence.com\",\"telephone\":\"+90 212 442 24 12\",\"legalName\":\"Textilegence Mag and Digital Platform\",\"foundingDate\":\"2013-01-01\",\"numberOfEmployees\":{\"@type\":\"QuantitativeValue\",\"minValue\":\"1\",\"maxValue\":\"10\"}},{\"@type\":\"Person\",\"@id\":\"https:\\\/\\\/www.textilegence.com\\\/en\\\/#\\\/schema\\\/person\\\/46ccc7bfc34edbc7d46b6b189f88849f\",\"name\":\"Engin Buz\",\"image\":{\"@type\":\"ImageObject\",\"inLanguage\":\"en-US\",\"@id\":\"https:\\\/\\\/www.textilegence.com\\\/wp-content\\\/uploads\\\/2018\\\/12\\\/engin-buz.jpg\",\"url\":\"https:\\\/\\\/www.textilegence.com\\\/wp-content\\\/uploads\\\/2018\\\/12\\\/engin-buz.jpg\",\"contentUrl\":\"https:\\\/\\\/www.textilegence.com\\\/wp-content\\\/uploads\\\/2018\\\/12\\\/engin-buz.jpg\",\"caption\":\"Engin Buz\"},\"description\":\"Engin Buz, Ankara \u00dcniversitesi \u0130leti\u015fim Fak\u00fcltesi Gazetecilik B\u00f6l\u00fcm\u00fc\u2019nden mezun olduktan sonra Y\u0131ld\u0131z Teknik \u00dcniversitesi\u2019nde Siyaset Bilimi ve Uluslararas\u0131 \u0130li\u015fkiler alan\u0131nda y\u00fcksek lisans\u0131n\u0131 tamamlam\u0131\u015ft\u0131r. 2000 y\u0131l\u0131ndan sonra \u00e7e\u015fitli yay\u0131nc\u0131l\u0131k \u015firketlerinde \u00e7al\u0131\u015fmaya ba\u015flayarak k\u00fclt\u00fcr-sanat ve daha sonra ekonomi haberleri haz\u0131rlam\u0131\u015ft\u0131r. 2009 y\u0131l\u0131ndan itibaren tekstil end\u00fcstrisine d\u00f6n\u00fck yay\u0131nlarda edit\u00f6r olarak g\u00f6rev alan Buz, 2013 itibariyle kurulan Textilegence\u2019de haber edit\u00f6r\u00fc olarak yer almaya ba\u015flam\u0131\u015ft\u0131r. Engin Buz halen ba\u015fta tekstil ve dijital bask\u0131 end\u00fcstrileri olmak \u00fczere ekonomi haberleri haz\u0131rlamaktad\u0131r.\",\"sameAs\":[\"https:\\\/\\\/www.textilegence.com\",\"https:\\\/\\\/www.facebook.com\\\/TextilegenceMagazine\",\"https:\\\/\\\/www.instagram.com\\\/textilegence\\\/\",\"https:\\\/\\\/www.linkedin.com\\\/in\\\/engin-buz-6190799a\\\/\",\"https:\\\/\\\/x.com\\\/https:\\\/\\\/twitter.com\\\/textilegence\"],\"url\":\"https:\\\/\\\/www.textilegence.com\\\/en\\\/author\\\/engin-buz\\\/\"}]}<\/script>\n<!-- \/ Yoast SEO Premium plugin. -->","yoast_head_json":{"title":"Turkish textile industry meets global buyers in Paris - Textilegence","description":"Turkish textile industry came together with global buyers at Premi\u00e8re Vision Paris, one of the largest textile exhibitions in the world...","robots":{"index":"index","follow":"follow","max-snippet":"max-snippet:-1","max-image-preview":"max-image-preview:large","max-video-preview":"max-video-preview:-1"},"canonical":"https:\/\/www.textilegence.com\/en\/turkish-textile-industry-meets-global-buyers-in-paris\/","og_locale":"en_US","og_type":"article","og_title":"Turkish textile industry meets global buyers in Paris","og_description":"Turkish textile industry came together with global buyers at Premi\u00e8re Vision Paris, one of the largest textile exhibitions in the world. The fabric and","og_url":"https:\/\/www.textilegence.com\/en\/turkish-textile-industry-meets-global-buyers-in-paris\/","og_site_name":"Textilegence Magazine and Digital Platform","article_publisher":"https:\/\/www.facebook.com\/TextilegenceMagazine","article_author":"https:\/\/www.facebook.com\/TextilegenceMagazine","article_published_time":"2022-02-24T14:37:16+00:00","article_modified_time":"2022-02-24T14:37:23+00:00","og_image":[{"width":1200,"height":675,"url":"https:\/\/www.textilegence.com\/wp-content\/uploads\/2022\/02\/turkish-textile-industry-textilegence.jpg","type":"image\/jpeg"}],"author":"Engin Buz","twitter_card":"summary_large_image","twitter_creator":"@https:\/\/twitter.com\/textilegence","twitter_site":"@textilegence","twitter_misc":{"Written by":"Engin Buz","Est. reading time":"5 minutes"},"schema":{"@context":"https:\/\/schema.org","@graph":[{"@type":"NewsArticle","@id":"https:\/\/www.textilegence.com\/en\/turkish-textile-industry-meets-global-buyers-in-paris\/#article","isPartOf":{"@id":"https:\/\/www.textilegence.com\/en\/turkish-textile-industry-meets-global-buyers-in-paris\/"},"author":{"name":"Engin Buz","@id":"https:\/\/www.textilegence.com\/en\/#\/schema\/person\/46ccc7bfc34edbc7d46b6b189f88849f"},"headline":"Turkish textile industry meets global buyers in Paris","datePublished":"2022-02-24T14:37:16+00:00","dateModified":"2022-02-24T14:37:23+00:00","mainEntityOfPage":{"@id":"https:\/\/www.textilegence.com\/en\/turkish-textile-industry-meets-global-buyers-in-paris\/"},"wordCount":634,"commentCount":0,"publisher":{"@id":"https:\/\/www.textilegence.com\/en\/#organization"},"image":{"@id":"https:\/\/www.textilegence.com\/en\/turkish-textile-industry-meets-global-buyers-in-paris\/#primaryimage"},"thumbnailUrl":"https:\/\/www.textilegence.com\/wp-content\/uploads\/2022\/02\/turkish-textile-industry-textilegence.jpg","keywords":["ithib","Premiere Vision Paris","textile news","trade fairs"],"articleSection":["Trade Fairs"],"inLanguage":"en-US","potentialAction":[{"@type":"CommentAction","name":"Comment","target":["https:\/\/www.textilegence.com\/en\/turkish-textile-industry-meets-global-buyers-in-paris\/#respond"]}]},{"@type":"WebPage","@id":"https:\/\/www.textilegence.com\/en\/turkish-textile-industry-meets-global-buyers-in-paris\/","url":"https:\/\/www.textilegence.com\/en\/turkish-textile-industry-meets-global-buyers-in-paris\/","name":"Turkish textile industry meets global buyers in Paris - Textilegence","isPartOf":{"@id":"https:\/\/www.textilegence.com\/en\/#website"},"primaryImageOfPage":{"@id":"https:\/\/www.textilegence.com\/en\/turkish-textile-industry-meets-global-buyers-in-paris\/#primaryimage"},"image":{"@id":"https:\/\/www.textilegence.com\/en\/turkish-textile-industry-meets-global-buyers-in-paris\/#primaryimage"},"thumbnailUrl":"https:\/\/www.textilegence.com\/wp-content\/uploads\/2022\/02\/turkish-textile-industry-textilegence.jpg","datePublished":"2022-02-24T14:37:16+00:00","dateModified":"2022-02-24T14:37:23+00:00","description":"Turkish textile industry came together with global buyers at Premi\u00e8re Vision Paris, one of the largest textile exhibitions in the world...","breadcrumb":{"@id":"https:\/\/www.textilegence.com\/en\/turkish-textile-industry-meets-global-buyers-in-paris\/#breadcrumb"},"inLanguage":"en-US","potentialAction":[{"@type":"ReadAction","target":["https:\/\/www.textilegence.com\/en\/turkish-textile-industry-meets-global-buyers-in-paris\/"]}]},{"@type":"ImageObject","inLanguage":"en-US","@id":"https:\/\/www.textilegence.com\/en\/turkish-textile-industry-meets-global-buyers-in-paris\/#primaryimage","url":"https:\/\/www.textilegence.com\/wp-content\/uploads\/2022\/02\/turkish-textile-industry-textilegence.jpg","contentUrl":"https:\/\/www.textilegence.com\/wp-content\/uploads\/2022\/02\/turkish-textile-industry-textilegence.jpg","width":1200,"height":675},{"@type":"BreadcrumbList","@id":"https:\/\/www.textilegence.com\/en\/turkish-textile-industry-meets-global-buyers-in-paris\/#breadcrumb","itemListElement":[{"@type":"ListItem","position":1,"name":"Home Page","item":"https:\/\/www.textilegence.com\/en\/homepage-the-rimont\/"},{"@type":"ListItem","position":2,"name":"Trade Fairs","item":"https:\/\/www.textilegence.com\/en\/category\/trade-fairs\/"},{"@type":"ListItem","position":3,"name":"Turkish textile industry meets global buyers in Paris"}]},{"@type":"WebSite","@id":"https:\/\/www.textilegence.com\/en\/#website","url":"https:\/\/www.textilegence.com\/en\/","name":"Textilegence Magazine and Digital Platform","description":"Textile News Center","publisher":{"@id":"https:\/\/www.textilegence.com\/en\/#organization"},"potentialAction":[{"@type":"SearchAction","target":{"@type":"EntryPoint","urlTemplate":"https:\/\/www.textilegence.com\/en\/?s={search_term_string}"},"query-input":{"@type":"PropertyValueSpecification","valueRequired":true,"valueName":"search_term_string"}}],"inLanguage":"en-US"},{"@type":"Organization","@id":"https:\/\/www.textilegence.com\/en\/#organization","name":"Textilegence Magazine and Digital Platform","url":"https:\/\/www.textilegence.com\/en\/","logo":{"@type":"ImageObject","inLanguage":"en-US","@id":"https:\/\/www.textilegence.com\/en\/#\/schema\/logo\/image\/","url":"https:\/\/www.textilegence.com\/wp-content\/uploads\/2016\/11\/New_Retina_Logo_Textilegence.png","contentUrl":"https:\/\/www.textilegence.com\/wp-content\/uploads\/2016\/11\/New_Retina_Logo_Textilegence.png","width":544,"height":180,"caption":"Textilegence Magazine and Digital Platform"},"image":{"@id":"https:\/\/www.textilegence.com\/en\/#\/schema\/logo\/image\/"},"sameAs":["https:\/\/www.facebook.com\/TextilegenceMagazine","https:\/\/x.com\/textilegence","https:\/\/www.instagram.com\/textilegence\/","https:\/\/www.linkedin.com\/groups\/Textilegence-Magazine-Digital-Platform-4897253","https:\/\/www.youtube.com\/user\/textilegence"],"description":"Textilegence is a magazine and digital platform established in 2013. It focuses on the textile industry and sub-segments. The platform provides news, articles, and updates on various aspects of the textile industry, including sustainability, technological advancements, and market trends.","email":"editor@textilegence.com","telephone":"+90 212 442 24 12","legalName":"Textilegence Mag and Digital Platform","foundingDate":"2013-01-01","numberOfEmployees":{"@type":"QuantitativeValue","minValue":"1","maxValue":"10"}},{"@type":"Person","@id":"https:\/\/www.textilegence.com\/en\/#\/schema\/person\/46ccc7bfc34edbc7d46b6b189f88849f","name":"Engin Buz","image":{"@type":"ImageObject","inLanguage":"en-US","@id":"https:\/\/www.textilegence.com\/wp-content\/uploads\/2018\/12\/engin-buz.jpg","url":"https:\/\/www.textilegence.com\/wp-content\/uploads\/2018\/12\/engin-buz.jpg","contentUrl":"https:\/\/www.textilegence.com\/wp-content\/uploads\/2018\/12\/engin-buz.jpg","caption":"Engin Buz"},"description":"Engin Buz, Ankara \u00dcniversitesi \u0130leti\u015fim Fak\u00fcltesi Gazetecilik B\u00f6l\u00fcm\u00fc\u2019nden mezun olduktan sonra Y\u0131ld\u0131z Teknik \u00dcniversitesi\u2019nde Siyaset Bilimi ve Uluslararas\u0131 \u0130li\u015fkiler alan\u0131nda y\u00fcksek lisans\u0131n\u0131 tamamlam\u0131\u015ft\u0131r. 2000 y\u0131l\u0131ndan sonra \u00e7e\u015fitli yay\u0131nc\u0131l\u0131k \u015firketlerinde \u00e7al\u0131\u015fmaya ba\u015flayarak k\u00fclt\u00fcr-sanat ve daha sonra ekonomi haberleri haz\u0131rlam\u0131\u015ft\u0131r. 2009 y\u0131l\u0131ndan itibaren tekstil end\u00fcstrisine d\u00f6n\u00fck yay\u0131nlarda edit\u00f6r olarak g\u00f6rev alan Buz, 2013 itibariyle kurulan Textilegence\u2019de haber edit\u00f6r\u00fc olarak yer almaya ba\u015flam\u0131\u015ft\u0131r. Engin Buz halen ba\u015fta tekstil ve dijital bask\u0131 end\u00fcstrileri olmak \u00fczere ekonomi haberleri haz\u0131rlamaktad\u0131r.","sameAs":["https:\/\/www.textilegence.com","https:\/\/www.facebook.com\/TextilegenceMagazine","https:\/\/www.instagram.com\/textilegence\/","https:\/\/www.linkedin.com\/in\/engin-buz-6190799a\/","https:\/\/x.com\/https:\/\/twitter.com\/textilegence"],"url":"https:\/\/www.textilegence.com\/en\/author\/engin-buz\/"}]}},"_links":{"self":[{"href":"https:\/\/www.textilegence.com\/en\/wp-json\/wp\/v2\/posts\/45015","targetHints":{"allow":["GET"]}}],"collection":[{"href":"https:\/\/www.textilegence.com\/en\/wp-json\/wp\/v2\/posts"}],"about":[{"href":"https:\/\/www.textilegence.com\/en\/wp-json\/wp\/v2\/types\/post"}],"author":[{"embeddable":true,"href":"https:\/\/www.textilegence.com\/en\/wp-json\/wp\/v2\/users\/2"}],"replies":[{"embeddable":true,"href":"https:\/\/www.textilegence.com\/en\/wp-json\/wp\/v2\/comments?post=45015"}],"version-history":[{"count":0,"href":"https:\/\/www.textilegence.com\/en\/wp-json\/wp\/v2\/posts\/45015\/revisions"}],"wp:featuredmedia":[{"embeddable":true,"href":"https:\/\/www.textilegence.com\/en\/wp-json\/wp\/v2\/media\/45020"}],"wp:attachment":[{"href":"https:\/\/www.textilegence.com\/en\/wp-json\/wp\/v2\/media?parent=45015"}],"wp:term":[{"taxonomy":"category","embeddable":true,"href":"https:\/\/www.textilegence.com\/en\/wp-json\/wp\/v2\/categories?post=45015"},{"taxonomy":"post_tag","embeddable":true,"href":"https:\/\/www.textilegence.com\/en\/wp-json\/wp\/v2\/tags?post=45015"}],"curies":[{"name":"wp","href":"https:\/\/api.w.org\/{rel}","templated":true}]}}