{"id":45084,"date":"2022-03-01T11:07:26","date_gmt":"2022-03-01T08:07:26","guid":{"rendered":"http:\/\/www.textilegence.com\/?p=45084"},"modified":"2022-03-08T13:50:43","modified_gmt":"2022-03-08T10:50:43","slug":"italian-textile-machinery-manufacturers-eagerly-wait-for-itm-2022","status":"publish","type":"post","link":"https:\/\/www.textilegence.com\/en\/italian-textile-machinery-manufacturers-eagerly-wait-for-itm-2022\/","title":{"rendered":"Italian textile machinery manufacturers eagerly wait for ITM 2022"},"content":{"rendered":"\n<p>Italian textile machinery manufacturers will come together physically with the Turkish <a href=\"https:\/\/www.textilegence.com\/en\/category\/topical\/\" target=\"_blank\" rel=\"noreferrer noopener\">market<\/a>, which is the second-largest export market, for the first time in a long time at <a href=\"https:\/\/www.itmexhibition.com\/itm2022\/\" target=\"_blank\" rel=\"noreferrer noopener\">ITM<\/a>, on June 14-18. They, taking the pulse of the industry, will introduce their solutions for the increasing sustainability and digitalization demands of Turkish textile companies during the exhibition. President of the <a href=\"https:\/\/www.acimit.it\/main-e.htm\" target=\"_blank\" rel=\"noreferrer noopener\">Italian Textile Machinery Manufacturers Association<\/a> (ACIMIT) Alessandro Zucchi, made special statements to Textilegence regarding their evaluations and expectations for the ITM.<\/p>\n\n\n\n<p>Zucchi stated that Turkey is one of the main markets for Italian textile machinery manufacturers and said that Italy has exported to Turkey textile machines for a value of 176 million euros in the first 9 months of 2021, making Turkey the second largest market for Italy behind China. Zucchi relayed that the demand of Turkish textile companies for Italian machines is mainly for knitting machines as well as finishing and weaving. He explained that 26% of their exports to Turkey in the first 9 months of 2021 are related to knitting machinery. Zucchi added that the expectations of the Italian exhibitors at ITM, which is one of the most important exhibitions in the world in the textile machinery industry, are very high and the business climate remains to be positive for this reason.<\/p>\n\n\n\n<div class=\"wp-block-image\"><figure class=\"aligncenter size-full\"><img loading=\"lazy\" decoding=\"async\" width=\"1200\" height=\"675\" src=\"https:\/\/www.textilegence.com\/wp-content\/uploads\/2022\/03\/italian-textile-machinery-detail-1.jpg\" alt=\"\" class=\"wp-image-45082\" srcset=\"https:\/\/www.textilegence.com\/wp-content\/uploads\/2022\/03\/italian-textile-machinery-detail-1.jpg 1200w, https:\/\/www.textilegence.com\/wp-content\/uploads\/2022\/03\/italian-textile-machinery-detail-1-768x432.jpg 768w, https:\/\/www.textilegence.com\/wp-content\/uploads\/2022\/03\/italian-textile-machinery-detail-1-300x169.jpg 300w, https:\/\/www.textilegence.com\/wp-content\/uploads\/2022\/03\/italian-textile-machinery-detail-1-600x338.jpg 600w, https:\/\/www.textilegence.com\/wp-content\/uploads\/2022\/03\/italian-textile-machinery-detail-1-696x392.jpg 696w, https:\/\/www.textilegence.com\/wp-content\/uploads\/2022\/03\/italian-textile-machinery-detail-1-1068x601.jpg 1068w\" sizes=\"auto, (max-width: 1200px) 100vw, 1200px\" \/><figcaption>President of the Italian Textile Machinery Manufacturers Association Alessandro Zucchi<\/figcaption><\/figure><\/div>\n\n\n\n<h2 class=\"wp-block-heading\" id=\"h-italian-textile-machinery-manufacturers-focus-on-sustainability-and-digitalization\">Italian textile machinery manufacturers focus on sustainability and digitalization<\/h2>\n\n\n\n<p>Alessandro Zucchi underlined that the textile and clothing sector is the second most polluting sector in the world and stated that therefore, the demands of textile companies is focused on solutions that can combine the sustainability of the product with the sustainability of the processes. He relayed that this need is increasingly observed in the requests coming from their local customers in the Turkish market.<\/p>\n\n\n\n<p>Zucchi disclosed that sustainability and digitalization are two topics Italian textile machinery manufacturers have been working on for a long time and remarked that these are strongly linked to each other. He explained that all the technological solutions proposed by Italian companies, also at the next ITM edition, are focused on offering customers efficient and sustainable solutions both from an economic and environmental point of view.<\/p>\n\n\n\n<p>Zucchi also evaluated the economic situation in the world and in Turkey, sharing the following; \u201cThe economic scenario is closely linked to the continuing Covid-19 pandemic and geopolitical tensions that threaten business activities. Rising prices of raw materials, their scarcity, logistics problems and rising freight costs are challenges that have been occupying the industry due to the circumstances surrounding the Covid-19 pandemic. Only with the end of the pandemic and a more relaxed geopolitical climate will we be able to return to normality, also from an economic point of view\u201d.<\/p>\n\n\n\n<div class=\"wp-block-image\"><figure class=\"aligncenter size-full\"><img loading=\"lazy\" decoding=\"async\" width=\"1200\" height=\"675\" src=\"https:\/\/www.textilegence.com\/wp-content\/uploads\/2022\/03\/italian-textile-machinery-detail2.jpg\" alt=\"\" class=\"wp-image-45078\" srcset=\"https:\/\/www.textilegence.com\/wp-content\/uploads\/2022\/03\/italian-textile-machinery-detail2.jpg 1200w, https:\/\/www.textilegence.com\/wp-content\/uploads\/2022\/03\/italian-textile-machinery-detail2-768x432.jpg 768w, https:\/\/www.textilegence.com\/wp-content\/uploads\/2022\/03\/italian-textile-machinery-detail2-300x169.jpg 300w, https:\/\/www.textilegence.com\/wp-content\/uploads\/2022\/03\/italian-textile-machinery-detail2-600x338.jpg 600w, https:\/\/www.textilegence.com\/wp-content\/uploads\/2022\/03\/italian-textile-machinery-detail2-696x392.jpg 696w, https:\/\/www.textilegence.com\/wp-content\/uploads\/2022\/03\/italian-textile-machinery-detail2-1068x601.jpg 1068w\" sizes=\"auto, (max-width: 1200px) 100vw, 1200px\" \/><figcaption>Italian textile machinery order intake index increased by 43% in the last quarter of the year<\/figcaption><\/figure><\/div>\n\n\n\n<h2 class=\"wp-block-heading\" id=\"h-italian-textile-machinery-order-intake-index-increased-by-43-in-the-last-quarter-of-the-year\">Italian textile machinery order intake index increased by 43% in the last quarter of the year<\/h2>\n\n\n\n<p>ACIMIT, the umbrella organization of Italian textile machinery manufacturers, represents an industrial sector that comprises roughly 300 manufacturers, producing machinery for an overall worth of around 1.8 billion euros, 83% of which are exported, and employing around 12 thousand 900 people. While the Italian textile machinery order intake index for the fourth quarter of 2021 showed an increase of 43% compared to the same period of 2020, the absolute value of the index in this period reached 127.9 points, based on the value in 2015 as 100. Domestic orders increased by 83% compared to the period of October-December 2020 to 234.6, while orders from abroad increased by 36% to an absolute index value equal to 116.4. The index of orders intake rose 95% to an absolute value of 128 points on an annual basis. Domestic orders increased by 204% compared to 2020 while the increase in orders abroad was 79%.<\/p>\n","protected":false},"excerpt":{"rendered":"<p>Italian textile machinery manufacturers will come together physically with the Turkish market, which is the second-largest export market, for the first time in a long time at ITM, on June 14-18. They, taking the pulse of the industry, will introduce their solutions for the increasing sustainability and digitalization demands of Turkish textile companies during the [&hellip;]<\/p>\n","protected":false},"author":8,"featured_media":45074,"comment_status":"open","ping_status":"closed","sticky":false,"template":"","format":"standard","meta":{"footnotes":""},"categories":[15023],"tags":[10576,15008,10369,12450],"class_list":{"0":"post-45084","1":"post","2":"type-post","3":"status-publish","4":"format-standard","5":"has-post-thumbnail","7":"category-itm","8":"tag-acimit-en","9":"tag-itm-2022","10":"tag-textile-news-en","11":"tag-topical"},"yoast_head":"<!-- This site is optimized with the Yoast SEO Premium plugin v27.3 (Yoast SEO v27.3) - https:\/\/yoast.com\/product\/yoast-seo-premium-wordpress\/ -->\n<title>Italian textile machinery manufacturers eagerly wait for ITM - Textilegence<\/title>\n<meta name=\"description\" content=\"Italian textile machinery manufacturers will come together physically with the Turkish market, which is the second-largest...\" \/>\n<meta name=\"robots\" content=\"index, follow, max-snippet:-1, max-image-preview:large, max-video-preview:-1\" \/>\n<link rel=\"canonical\" href=\"https:\/\/www.textilegence.com\/en\/italian-textile-machinery-manufacturers-eagerly-wait-for-itm-2022\/\" \/>\n<meta property=\"og:locale\" content=\"en_US\" \/>\n<meta property=\"og:type\" content=\"article\" \/>\n<meta property=\"og:title\" content=\"Italian textile machinery manufacturers eagerly wait for ITM 2022\" \/>\n<meta property=\"og:description\" content=\"Italian textile machinery manufacturers will come together physically with the Turkish market, which is the second-largest export market, for the first\" \/>\n<meta property=\"og:url\" content=\"https:\/\/www.textilegence.com\/en\/italian-textile-machinery-manufacturers-eagerly-wait-for-itm-2022\/\" \/>\n<meta property=\"og:site_name\" content=\"Textilegence Magazine and Digital Platform\" \/>\n<meta property=\"article:publisher\" content=\"https:\/\/www.facebook.com\/TextilegenceMagazine\" \/>\n<meta property=\"article:author\" content=\"https:\/\/www.facebook.com\/TextilegenceMagazine\" \/>\n<meta property=\"article:published_time\" content=\"2022-03-01T08:07:26+00:00\" \/>\n<meta property=\"article:modified_time\" content=\"2022-03-08T10:50:43+00:00\" \/>\n<meta property=\"og:image\" content=\"https:\/\/www.textilegence.com\/wp-content\/uploads\/2022\/03\/italian-textile-machinery-textilegence.jpg\" \/>\n\t<meta property=\"og:image:width\" content=\"1200\" \/>\n\t<meta property=\"og:image:height\" content=\"675\" \/>\n\t<meta property=\"og:image:type\" content=\"image\/jpeg\" \/>\n<meta name=\"author\" content=\"Fatih Cengiarslan\" \/>\n<meta name=\"twitter:card\" content=\"summary_large_image\" \/>\n<meta name=\"twitter:creator\" content=\"@https:\/\/twitter.com\/textilegence\" \/>\n<meta name=\"twitter:site\" content=\"@textilegence\" \/>\n<meta name=\"twitter:label1\" content=\"Written by\" \/>\n\t<meta name=\"twitter:data1\" content=\"Fatih Cengiarslan\" \/>\n\t<meta name=\"twitter:label2\" content=\"Est. reading time\" \/>\n\t<meta name=\"twitter:data2\" content=\"5 minutes\" \/>\n<script type=\"application\/ld+json\" class=\"yoast-schema-graph\">{\"@context\":\"https:\\\/\\\/schema.org\",\"@graph\":[{\"@type\":\"NewsArticle\",\"@id\":\"https:\\\/\\\/www.textilegence.com\\\/en\\\/italian-textile-machinery-manufacturers-eagerly-wait-for-itm-2022\\\/#article\",\"isPartOf\":{\"@id\":\"https:\\\/\\\/www.textilegence.com\\\/en\\\/italian-textile-machinery-manufacturers-eagerly-wait-for-itm-2022\\\/\"},\"author\":{\"name\":\"Fatih Cengiarslan\",\"@id\":\"https:\\\/\\\/www.textilegence.com\\\/en\\\/#\\\/schema\\\/person\\\/1c3977109f8a6e1e2b95678836d75cb7\"},\"headline\":\"Italian textile machinery manufacturers eagerly wait for ITM 2022\",\"datePublished\":\"2022-03-01T08:07:26+00:00\",\"dateModified\":\"2022-03-08T10:50:43+00:00\",\"mainEntityOfPage\":{\"@id\":\"https:\\\/\\\/www.textilegence.com\\\/en\\\/italian-textile-machinery-manufacturers-eagerly-wait-for-itm-2022\\\/\"},\"wordCount\":615,\"commentCount\":0,\"publisher\":{\"@id\":\"https:\\\/\\\/www.textilegence.com\\\/en\\\/#organization\"},\"image\":{\"@id\":\"https:\\\/\\\/www.textilegence.com\\\/en\\\/italian-textile-machinery-manufacturers-eagerly-wait-for-itm-2022\\\/#primaryimage\"},\"thumbnailUrl\":\"https:\\\/\\\/www.textilegence.com\\\/wp-content\\\/uploads\\\/2022\\\/03\\\/italian-textile-machinery-textilegence.jpg\",\"keywords\":[\"acimit\",\"itm 2022\",\"textile news\",\"topical\"],\"articleSection\":[\"ITM\"],\"inLanguage\":\"en-US\",\"potentialAction\":[{\"@type\":\"CommentAction\",\"name\":\"Comment\",\"target\":[\"https:\\\/\\\/www.textilegence.com\\\/en\\\/italian-textile-machinery-manufacturers-eagerly-wait-for-itm-2022\\\/#respond\"]}]},{\"@type\":\"WebPage\",\"@id\":\"https:\\\/\\\/www.textilegence.com\\\/en\\\/italian-textile-machinery-manufacturers-eagerly-wait-for-itm-2022\\\/\",\"url\":\"https:\\\/\\\/www.textilegence.com\\\/en\\\/italian-textile-machinery-manufacturers-eagerly-wait-for-itm-2022\\\/\",\"name\":\"Italian textile machinery manufacturers eagerly wait for ITM - Textilegence\",\"isPartOf\":{\"@id\":\"https:\\\/\\\/www.textilegence.com\\\/en\\\/#website\"},\"primaryImageOfPage\":{\"@id\":\"https:\\\/\\\/www.textilegence.com\\\/en\\\/italian-textile-machinery-manufacturers-eagerly-wait-for-itm-2022\\\/#primaryimage\"},\"image\":{\"@id\":\"https:\\\/\\\/www.textilegence.com\\\/en\\\/italian-textile-machinery-manufacturers-eagerly-wait-for-itm-2022\\\/#primaryimage\"},\"thumbnailUrl\":\"https:\\\/\\\/www.textilegence.com\\\/wp-content\\\/uploads\\\/2022\\\/03\\\/italian-textile-machinery-textilegence.jpg\",\"datePublished\":\"2022-03-01T08:07:26+00:00\",\"dateModified\":\"2022-03-08T10:50:43+00:00\",\"description\":\"Italian textile machinery manufacturers will come together physically with the Turkish market, which is the second-largest...\",\"breadcrumb\":{\"@id\":\"https:\\\/\\\/www.textilegence.com\\\/en\\\/italian-textile-machinery-manufacturers-eagerly-wait-for-itm-2022\\\/#breadcrumb\"},\"inLanguage\":\"en-US\",\"potentialAction\":[{\"@type\":\"ReadAction\",\"target\":[\"https:\\\/\\\/www.textilegence.com\\\/en\\\/italian-textile-machinery-manufacturers-eagerly-wait-for-itm-2022\\\/\"]}]},{\"@type\":\"ImageObject\",\"inLanguage\":\"en-US\",\"@id\":\"https:\\\/\\\/www.textilegence.com\\\/en\\\/italian-textile-machinery-manufacturers-eagerly-wait-for-itm-2022\\\/#primaryimage\",\"url\":\"https:\\\/\\\/www.textilegence.com\\\/wp-content\\\/uploads\\\/2022\\\/03\\\/italian-textile-machinery-textilegence.jpg\",\"contentUrl\":\"https:\\\/\\\/www.textilegence.com\\\/wp-content\\\/uploads\\\/2022\\\/03\\\/italian-textile-machinery-textilegence.jpg\",\"width\":1200,\"height\":675},{\"@type\":\"BreadcrumbList\",\"@id\":\"https:\\\/\\\/www.textilegence.com\\\/en\\\/italian-textile-machinery-manufacturers-eagerly-wait-for-itm-2022\\\/#breadcrumb\",\"itemListElement\":[{\"@type\":\"ListItem\",\"position\":1,\"name\":\"Home Page\",\"item\":\"https:\\\/\\\/www.textilegence.com\\\/en\\\/homepage-the-rimont\\\/\"},{\"@type\":\"ListItem\",\"position\":2,\"name\":\"ITM\",\"item\":\"https:\\\/\\\/www.textilegence.com\\\/en\\\/category\\\/itm\\\/\"},{\"@type\":\"ListItem\",\"position\":3,\"name\":\"Italian textile machinery manufacturers eagerly wait for ITM 2022\"}]},{\"@type\":\"WebSite\",\"@id\":\"https:\\\/\\\/www.textilegence.com\\\/en\\\/#website\",\"url\":\"https:\\\/\\\/www.textilegence.com\\\/en\\\/\",\"name\":\"Textilegence Magazine and Digital Platform\",\"description\":\"Textile News Center\",\"publisher\":{\"@id\":\"https:\\\/\\\/www.textilegence.com\\\/en\\\/#organization\"},\"potentialAction\":[{\"@type\":\"SearchAction\",\"target\":{\"@type\":\"EntryPoint\",\"urlTemplate\":\"https:\\\/\\\/www.textilegence.com\\\/en\\\/?s={search_term_string}\"},\"query-input\":{\"@type\":\"PropertyValueSpecification\",\"valueRequired\":true,\"valueName\":\"search_term_string\"}}],\"inLanguage\":\"en-US\"},{\"@type\":\"Organization\",\"@id\":\"https:\\\/\\\/www.textilegence.com\\\/en\\\/#organization\",\"name\":\"Textilegence Magazine and Digital Platform\",\"url\":\"https:\\\/\\\/www.textilegence.com\\\/en\\\/\",\"logo\":{\"@type\":\"ImageObject\",\"inLanguage\":\"en-US\",\"@id\":\"https:\\\/\\\/www.textilegence.com\\\/en\\\/#\\\/schema\\\/logo\\\/image\\\/\",\"url\":\"https:\\\/\\\/www.textilegence.com\\\/wp-content\\\/uploads\\\/2016\\\/11\\\/New_Retina_Logo_Textilegence.png\",\"contentUrl\":\"https:\\\/\\\/www.textilegence.com\\\/wp-content\\\/uploads\\\/2016\\\/11\\\/New_Retina_Logo_Textilegence.png\",\"width\":544,\"height\":180,\"caption\":\"Textilegence Magazine and Digital Platform\"},\"image\":{\"@id\":\"https:\\\/\\\/www.textilegence.com\\\/en\\\/#\\\/schema\\\/logo\\\/image\\\/\"},\"sameAs\":[\"https:\\\/\\\/www.facebook.com\\\/TextilegenceMagazine\",\"https:\\\/\\\/x.com\\\/textilegence\",\"https:\\\/\\\/www.instagram.com\\\/textilegence\\\/\",\"https:\\\/\\\/www.linkedin.com\\\/groups\\\/Textilegence-Magazine-Digital-Platform-4897253\",\"https:\\\/\\\/www.youtube.com\\\/user\\\/textilegence\"],\"description\":\"Textilegence is a magazine and digital platform established in 2013. It focuses on the textile industry and sub-segments. The platform provides news, articles, and updates on various aspects of the textile industry, including sustainability, technological advancements, and market trends.\",\"email\":\"editor@textilegence.com\",\"telephone\":\"+90 212 442 24 12\",\"legalName\":\"Textilegence Mag and Digital Platform\",\"foundingDate\":\"2013-01-01\",\"numberOfEmployees\":{\"@type\":\"QuantitativeValue\",\"minValue\":\"1\",\"maxValue\":\"10\"}},{\"@type\":\"Person\",\"@id\":\"https:\\\/\\\/www.textilegence.com\\\/en\\\/#\\\/schema\\\/person\\\/1c3977109f8a6e1e2b95678836d75cb7\",\"name\":\"Fatih Cengiarslan\",\"image\":{\"@type\":\"ImageObject\",\"inLanguage\":\"en-US\",\"@id\":\"https:\\\/\\\/www.textilegence.com\\\/wp-content\\\/uploads\\\/2018\\\/12\\\/fatih-cengiarslan.jpg\",\"url\":\"https:\\\/\\\/www.textilegence.com\\\/wp-content\\\/uploads\\\/2018\\\/12\\\/fatih-cengiarslan.jpg\",\"contentUrl\":\"https:\\\/\\\/www.textilegence.com\\\/wp-content\\\/uploads\\\/2018\\\/12\\\/fatih-cengiarslan.jpg\",\"caption\":\"Fatih Cengiarslan\"},\"description\":\"Fatih Cengiarslan; Akademik \u0130ngilizce e\u011fitimini Bat\u0131 Avustralya \u00dcniversitesi\u2019nde tamamlad\u0131ktan sonra T\u00fcrkiye\u2019ye d\u00f6nerek \u0130stanbul Ayd\u0131n \u00dcniversitesi\u2019nde \u0130nternet Gazetecili\u011fi ve Yay\u0131nc\u0131l\u0131k b\u00f6l\u00fcm\u00fcn\u00fc bitirip, Litvanya \u2013 Kaunas Teknoloji \u00dcniversitesi\u2019nde interaktif media \u00fczerine 8 ayl\u0131k e\u011fitim ald\u0131. Daha sonra Eski\u015fehir Anadolu \u00dcniversitesi girerek \u0130\u015fletme Fak\u00fcltesini ba\u015far\u0131yla tamamlad\u0131. CNNTURK\u2019 kanal\u0131nda staj\u0131n\u0131 tamamlad\u0131ktan sonra Referans Gazetesi\u2019nde \u00e7al\u0131\u015fmaya ba\u015flad\u0131. 2 y\u0131l sonra Textilegence markas\u0131yla tekstil end\u00fcstrisine y\u00f6nelik kendi medyas\u0131n\u0131 kurdu. \u015eu anda Textilegence.com, Printing3D ve NEFA PR Ajans\u0131\u2019n\u0131n 12 y\u0131ld\u0131r y\u00f6netimini yapmaktad\u0131r.\",\"sameAs\":[\"https:\\\/\\\/www.textilegence.com\",\"https:\\\/\\\/www.facebook.com\\\/TextilegenceMagazine\",\"https:\\\/\\\/www.instagram.com\\\/textilegence\\\/\",\"https:\\\/\\\/www.linkedin.com\\\/in\\\/fatih-cengiarslan-32352265\\\/\",\"https:\\\/\\\/x.com\\\/https:\\\/\\\/twitter.com\\\/textilegence\"],\"url\":\"https:\\\/\\\/www.textilegence.com\\\/en\\\/author\\\/admin\\\/\"}]}<\/script>\n<!-- \/ Yoast SEO Premium plugin. -->","yoast_head_json":{"title":"Italian textile machinery manufacturers eagerly wait for ITM - Textilegence","description":"Italian textile machinery manufacturers will come together physically with the Turkish market, which is the second-largest...","robots":{"index":"index","follow":"follow","max-snippet":"max-snippet:-1","max-image-preview":"max-image-preview:large","max-video-preview":"max-video-preview:-1"},"canonical":"https:\/\/www.textilegence.com\/en\/italian-textile-machinery-manufacturers-eagerly-wait-for-itm-2022\/","og_locale":"en_US","og_type":"article","og_title":"Italian textile machinery manufacturers eagerly wait for ITM 2022","og_description":"Italian textile machinery manufacturers will come together physically with the Turkish market, which is the second-largest export market, for the first","og_url":"https:\/\/www.textilegence.com\/en\/italian-textile-machinery-manufacturers-eagerly-wait-for-itm-2022\/","og_site_name":"Textilegence Magazine and Digital Platform","article_publisher":"https:\/\/www.facebook.com\/TextilegenceMagazine","article_author":"https:\/\/www.facebook.com\/TextilegenceMagazine","article_published_time":"2022-03-01T08:07:26+00:00","article_modified_time":"2022-03-08T10:50:43+00:00","og_image":[{"width":1200,"height":675,"url":"https:\/\/www.textilegence.com\/wp-content\/uploads\/2022\/03\/italian-textile-machinery-textilegence.jpg","type":"image\/jpeg"}],"author":"Fatih Cengiarslan","twitter_card":"summary_large_image","twitter_creator":"@https:\/\/twitter.com\/textilegence","twitter_site":"@textilegence","twitter_misc":{"Written by":"Fatih Cengiarslan","Est. reading time":"5 minutes"},"schema":{"@context":"https:\/\/schema.org","@graph":[{"@type":"NewsArticle","@id":"https:\/\/www.textilegence.com\/en\/italian-textile-machinery-manufacturers-eagerly-wait-for-itm-2022\/#article","isPartOf":{"@id":"https:\/\/www.textilegence.com\/en\/italian-textile-machinery-manufacturers-eagerly-wait-for-itm-2022\/"},"author":{"name":"Fatih Cengiarslan","@id":"https:\/\/www.textilegence.com\/en\/#\/schema\/person\/1c3977109f8a6e1e2b95678836d75cb7"},"headline":"Italian textile machinery manufacturers eagerly wait for ITM 2022","datePublished":"2022-03-01T08:07:26+00:00","dateModified":"2022-03-08T10:50:43+00:00","mainEntityOfPage":{"@id":"https:\/\/www.textilegence.com\/en\/italian-textile-machinery-manufacturers-eagerly-wait-for-itm-2022\/"},"wordCount":615,"commentCount":0,"publisher":{"@id":"https:\/\/www.textilegence.com\/en\/#organization"},"image":{"@id":"https:\/\/www.textilegence.com\/en\/italian-textile-machinery-manufacturers-eagerly-wait-for-itm-2022\/#primaryimage"},"thumbnailUrl":"https:\/\/www.textilegence.com\/wp-content\/uploads\/2022\/03\/italian-textile-machinery-textilegence.jpg","keywords":["acimit","itm 2022","textile news","topical"],"articleSection":["ITM"],"inLanguage":"en-US","potentialAction":[{"@type":"CommentAction","name":"Comment","target":["https:\/\/www.textilegence.com\/en\/italian-textile-machinery-manufacturers-eagerly-wait-for-itm-2022\/#respond"]}]},{"@type":"WebPage","@id":"https:\/\/www.textilegence.com\/en\/italian-textile-machinery-manufacturers-eagerly-wait-for-itm-2022\/","url":"https:\/\/www.textilegence.com\/en\/italian-textile-machinery-manufacturers-eagerly-wait-for-itm-2022\/","name":"Italian textile machinery manufacturers eagerly wait for ITM - Textilegence","isPartOf":{"@id":"https:\/\/www.textilegence.com\/en\/#website"},"primaryImageOfPage":{"@id":"https:\/\/www.textilegence.com\/en\/italian-textile-machinery-manufacturers-eagerly-wait-for-itm-2022\/#primaryimage"},"image":{"@id":"https:\/\/www.textilegence.com\/en\/italian-textile-machinery-manufacturers-eagerly-wait-for-itm-2022\/#primaryimage"},"thumbnailUrl":"https:\/\/www.textilegence.com\/wp-content\/uploads\/2022\/03\/italian-textile-machinery-textilegence.jpg","datePublished":"2022-03-01T08:07:26+00:00","dateModified":"2022-03-08T10:50:43+00:00","description":"Italian textile machinery manufacturers will come together physically with the Turkish market, which is the second-largest...","breadcrumb":{"@id":"https:\/\/www.textilegence.com\/en\/italian-textile-machinery-manufacturers-eagerly-wait-for-itm-2022\/#breadcrumb"},"inLanguage":"en-US","potentialAction":[{"@type":"ReadAction","target":["https:\/\/www.textilegence.com\/en\/italian-textile-machinery-manufacturers-eagerly-wait-for-itm-2022\/"]}]},{"@type":"ImageObject","inLanguage":"en-US","@id":"https:\/\/www.textilegence.com\/en\/italian-textile-machinery-manufacturers-eagerly-wait-for-itm-2022\/#primaryimage","url":"https:\/\/www.textilegence.com\/wp-content\/uploads\/2022\/03\/italian-textile-machinery-textilegence.jpg","contentUrl":"https:\/\/www.textilegence.com\/wp-content\/uploads\/2022\/03\/italian-textile-machinery-textilegence.jpg","width":1200,"height":675},{"@type":"BreadcrumbList","@id":"https:\/\/www.textilegence.com\/en\/italian-textile-machinery-manufacturers-eagerly-wait-for-itm-2022\/#breadcrumb","itemListElement":[{"@type":"ListItem","position":1,"name":"Home Page","item":"https:\/\/www.textilegence.com\/en\/homepage-the-rimont\/"},{"@type":"ListItem","position":2,"name":"ITM","item":"https:\/\/www.textilegence.com\/en\/category\/itm\/"},{"@type":"ListItem","position":3,"name":"Italian textile machinery manufacturers eagerly wait for ITM 2022"}]},{"@type":"WebSite","@id":"https:\/\/www.textilegence.com\/en\/#website","url":"https:\/\/www.textilegence.com\/en\/","name":"Textilegence Magazine and Digital Platform","description":"Textile News Center","publisher":{"@id":"https:\/\/www.textilegence.com\/en\/#organization"},"potentialAction":[{"@type":"SearchAction","target":{"@type":"EntryPoint","urlTemplate":"https:\/\/www.textilegence.com\/en\/?s={search_term_string}"},"query-input":{"@type":"PropertyValueSpecification","valueRequired":true,"valueName":"search_term_string"}}],"inLanguage":"en-US"},{"@type":"Organization","@id":"https:\/\/www.textilegence.com\/en\/#organization","name":"Textilegence Magazine and Digital Platform","url":"https:\/\/www.textilegence.com\/en\/","logo":{"@type":"ImageObject","inLanguage":"en-US","@id":"https:\/\/www.textilegence.com\/en\/#\/schema\/logo\/image\/","url":"https:\/\/www.textilegence.com\/wp-content\/uploads\/2016\/11\/New_Retina_Logo_Textilegence.png","contentUrl":"https:\/\/www.textilegence.com\/wp-content\/uploads\/2016\/11\/New_Retina_Logo_Textilegence.png","width":544,"height":180,"caption":"Textilegence Magazine and Digital Platform"},"image":{"@id":"https:\/\/www.textilegence.com\/en\/#\/schema\/logo\/image\/"},"sameAs":["https:\/\/www.facebook.com\/TextilegenceMagazine","https:\/\/x.com\/textilegence","https:\/\/www.instagram.com\/textilegence\/","https:\/\/www.linkedin.com\/groups\/Textilegence-Magazine-Digital-Platform-4897253","https:\/\/www.youtube.com\/user\/textilegence"],"description":"Textilegence is a magazine and digital platform established in 2013. It focuses on the textile industry and sub-segments. The platform provides news, articles, and updates on various aspects of the textile industry, including sustainability, technological advancements, and market trends.","email":"editor@textilegence.com","telephone":"+90 212 442 24 12","legalName":"Textilegence Mag and Digital Platform","foundingDate":"2013-01-01","numberOfEmployees":{"@type":"QuantitativeValue","minValue":"1","maxValue":"10"}},{"@type":"Person","@id":"https:\/\/www.textilegence.com\/en\/#\/schema\/person\/1c3977109f8a6e1e2b95678836d75cb7","name":"Fatih Cengiarslan","image":{"@type":"ImageObject","inLanguage":"en-US","@id":"https:\/\/www.textilegence.com\/wp-content\/uploads\/2018\/12\/fatih-cengiarslan.jpg","url":"https:\/\/www.textilegence.com\/wp-content\/uploads\/2018\/12\/fatih-cengiarslan.jpg","contentUrl":"https:\/\/www.textilegence.com\/wp-content\/uploads\/2018\/12\/fatih-cengiarslan.jpg","caption":"Fatih Cengiarslan"},"description":"Fatih Cengiarslan; Akademik \u0130ngilizce e\u011fitimini Bat\u0131 Avustralya \u00dcniversitesi\u2019nde tamamlad\u0131ktan sonra T\u00fcrkiye\u2019ye d\u00f6nerek \u0130stanbul Ayd\u0131n \u00dcniversitesi\u2019nde \u0130nternet Gazetecili\u011fi ve Yay\u0131nc\u0131l\u0131k b\u00f6l\u00fcm\u00fcn\u00fc bitirip, Litvanya \u2013 Kaunas Teknoloji \u00dcniversitesi\u2019nde interaktif media \u00fczerine 8 ayl\u0131k e\u011fitim ald\u0131. Daha sonra Eski\u015fehir Anadolu \u00dcniversitesi girerek \u0130\u015fletme Fak\u00fcltesini ba\u015far\u0131yla tamamlad\u0131. CNNTURK\u2019 kanal\u0131nda staj\u0131n\u0131 tamamlad\u0131ktan sonra Referans Gazetesi\u2019nde \u00e7al\u0131\u015fmaya ba\u015flad\u0131. 2 y\u0131l sonra Textilegence markas\u0131yla tekstil end\u00fcstrisine y\u00f6nelik kendi medyas\u0131n\u0131 kurdu. \u015eu anda Textilegence.com, Printing3D ve NEFA PR Ajans\u0131\u2019n\u0131n 12 y\u0131ld\u0131r y\u00f6netimini yapmaktad\u0131r.","sameAs":["https:\/\/www.textilegence.com","https:\/\/www.facebook.com\/TextilegenceMagazine","https:\/\/www.instagram.com\/textilegence\/","https:\/\/www.linkedin.com\/in\/fatih-cengiarslan-32352265\/","https:\/\/x.com\/https:\/\/twitter.com\/textilegence"],"url":"https:\/\/www.textilegence.com\/en\/author\/admin\/"}]}},"_links":{"self":[{"href":"https:\/\/www.textilegence.com\/en\/wp-json\/wp\/v2\/posts\/45084","targetHints":{"allow":["GET"]}}],"collection":[{"href":"https:\/\/www.textilegence.com\/en\/wp-json\/wp\/v2\/posts"}],"about":[{"href":"https:\/\/www.textilegence.com\/en\/wp-json\/wp\/v2\/types\/post"}],"author":[{"embeddable":true,"href":"https:\/\/www.textilegence.com\/en\/wp-json\/wp\/v2\/users\/8"}],"replies":[{"embeddable":true,"href":"https:\/\/www.textilegence.com\/en\/wp-json\/wp\/v2\/comments?post=45084"}],"version-history":[{"count":0,"href":"https:\/\/www.textilegence.com\/en\/wp-json\/wp\/v2\/posts\/45084\/revisions"}],"wp:featuredmedia":[{"embeddable":true,"href":"https:\/\/www.textilegence.com\/en\/wp-json\/wp\/v2\/media\/45074"}],"wp:attachment":[{"href":"https:\/\/www.textilegence.com\/en\/wp-json\/wp\/v2\/media?parent=45084"}],"wp:term":[{"taxonomy":"category","embeddable":true,"href":"https:\/\/www.textilegence.com\/en\/wp-json\/wp\/v2\/categories?post=45084"},{"taxonomy":"post_tag","embeddable":true,"href":"https:\/\/www.textilegence.com\/en\/wp-json\/wp\/v2\/tags?post=45084"}],"curies":[{"name":"wp","href":"https:\/\/api.w.org\/{rel}","templated":true}]}}