{"id":45302,"date":"2022-03-08T16:30:49","date_gmt":"2022-03-08T13:30:49","guid":{"rendered":"http:\/\/www.textilegence.com\/?p=45302"},"modified":"2022-03-08T16:31:00","modified_gmt":"2022-03-08T13:31:00","slug":"bruckner-at-idea-2022-with-its-nonwoven-solutions","status":"publish","type":"post","link":"https:\/\/www.textilegence.com\/en\/bruckner-at-idea-2022-with-its-nonwoven-solutions\/","title":{"rendered":"BR\u00dcCKNER at IDEA 2022 with its nonwoven solutions"},"content":{"rendered":"\n<p>BR\u00dcCKNER, which has been producing drying and <a href=\"\/?cat_ID=5721\" target=\"_blank\" rel=\"noreferrer noopener\">finishing <\/a>lines for the textile and nonwoven industry for more than 70 years, will meet with its visitors at <a href=\"https:\/\/www.ideashow.org\/\" target=\"_blank\" rel=\"noreferrer noopener\">IDEA 2022<\/a> in the USA. The German family-owned <a href=\"https:\/\/www.brueckner.com\/en\" target=\"_blank\" rel=\"noreferrer noopener\">company <\/a>supplies thermofusion ovens, dryers, coating and heat-setting lines worldwide in the nonwoven sector. It will exhibit new machine concepts and solutions for different applications in these fields together with its American representative FI-TECH. Visitors to the company\u2019s booth 4101, located just at the entrance of the exhibition hall, will also have the opportunity to have personal conversations with experts on BR\u00dcCKNER\u2019s innovative technologies.<\/p>\n\n\n\n<p>The production of nonwovens always requires a bonding process after the nonwovens formation, where the loosely laid fibres are bonded to a resilient fibre composite. For this purpose, depending on the process, different ovens and dryers are used. BR\u00dcCKNER offers the specific know-how and supplies the necessary lines for all applications. The production program is completed by different impregnation and coating units as well as slitting and winding equipment. BR\u00dcCKNER\u2019s customers produce geo nonwovens, filter media, hygiene and medical textiles or different fabrics for the automotive and transport industry. An individual solution and a corresponding line layout is designed for each customer.<\/p>\n\n\n\n<div class=\"wp-block-image\"><figure class=\"aligncenter size-full\"><img loading=\"lazy\" decoding=\"async\" width=\"1200\" height=\"675\" src=\"https:\/\/www.textilegence.com\/wp-content\/uploads\/2022\/03\/brueckner-detail.jpg\" alt=\"\" class=\"wp-image-45300\" srcset=\"https:\/\/www.textilegence.com\/wp-content\/uploads\/2022\/03\/brueckner-detail.jpg 1200w, https:\/\/www.textilegence.com\/wp-content\/uploads\/2022\/03\/brueckner-detail-768x432.jpg 768w, https:\/\/www.textilegence.com\/wp-content\/uploads\/2022\/03\/brueckner-detail-300x169.jpg 300w, https:\/\/www.textilegence.com\/wp-content\/uploads\/2022\/03\/brueckner-detail-600x338.jpg 600w, https:\/\/www.textilegence.com\/wp-content\/uploads\/2022\/03\/brueckner-detail-696x392.jpg 696w, https:\/\/www.textilegence.com\/wp-content\/uploads\/2022\/03\/brueckner-detail-1068x601.jpg 1068w\" sizes=\"auto, (max-width: 1200px) 100vw, 1200px\" \/><figcaption>BR\u00dcCKNER SUPRA-FLOW BX for highloft nonwoven fabrics<\/figcaption><\/figure><\/div>\n\n\n\n<h2 class=\"wp-block-heading\" id=\"h-bruckner-supra-flow-bx-for-highloft-nonwoven-fabrics\">BR\u00dcCKNER SUPRA-FLOW BX for highloft nonwoven fabrics<\/h2>\n\n\n\n<p>Recently BR\u00dcCKNER realized several extraordinary installations in the field of highloft nonwovens and geotextiles and will exhibit the SUPRA-FLOW BX, a double band thermofusion oven used for the production of highloft nonwoven fabrics, at its booth. This oven system operates according to the air-through principle and can be perfectly adapted to the product requirements in terms of flow speed, flow direction and temperature on a field-by-field basis. Typical end products include mattresses, bedspreads, upholstery, wiping cloths, automotive components or insulating materials. The SUPRA-FLOW BX can produce nonwovens up to a thickness of 280 mm and a basis weight of maximum 8 kg\/m\u00b2 while the available working widths vary between 2400 and 5200 mm at production speeds of up to 100 m\/minimum.<\/p>\n\n\n\n<p>Another solution to be featured at the BR\u00dcCKNER\u2019s booth will be the proven POWER-FRAME stenter used for geotextile projects, which generally impresses with its high uniformity in terms of temperature distribution as well as maximum productivity. The machine enables the fabric to be stretched in a targeted manner by transporting it in the stenter chain and this has a controlled influence on fabric width, fibre orientation and fabric shrinkage. While working widths of up to over 7 meters are not uncommon with geotextile finishing systems, BR\u00dcCKNER finds the optimum solution for each customer depending on the required width, maximum temperature, stretching forces and other process requirements. Fabric trials are also possible at any time in BR\u00dcCKNER\u2019s Technology Center in Leonberg, Germany.<\/p>\n","protected":false},"excerpt":{"rendered":"<p>BR\u00dcCKNER, which has been producing drying and finishing lines for the textile and nonwoven industry for more than 70 years, will meet with its visitors at IDEA 2022 in the USA. The German family-owned company supplies thermofusion ovens, dryers, coating and heat-setting lines worldwide in the nonwoven sector. It will exhibit new machine concepts and [&hellip;]<\/p>\n","protected":false},"author":2,"featured_media":45298,"comment_status":"open","ping_status":"closed","sticky":false,"template":"","format":"standard","meta":{"footnotes":""},"categories":[9824],"tags":[10256,10255,14994,10369],"class_list":{"0":"post-45302","1":"post","2":"type-post","3":"status-publish","4":"format-standard","5":"has-post-thumbnail","7":"category-finishing","8":"tag-bruckner","9":"tag-finishing-en","10":"tag-idea-2022","11":"tag-textile-news-en"},"yoast_head":"<!-- This site is optimized with the Yoast SEO Premium plugin v27.3 (Yoast SEO v27.3) - https:\/\/yoast.com\/product\/yoast-seo-premium-wordpress\/ -->\n<title>BR\u00dcCKNER at IDEA 2022 with its nonwoven solutions - Textilegence<\/title>\n<meta name=\"description\" content=\"BR\u00dcCKNER, which has been producing drying and finishing lines for the textile and nonwoven industry for more than 70 years, will meet...\" \/>\n<meta name=\"robots\" content=\"index, follow, max-snippet:-1, max-image-preview:large, max-video-preview:-1\" \/>\n<link rel=\"canonical\" href=\"https:\/\/www.textilegence.com\/en\/bruckner-at-idea-2022-with-its-nonwoven-solutions\/\" \/>\n<meta property=\"og:locale\" content=\"en_US\" \/>\n<meta property=\"og:type\" content=\"article\" \/>\n<meta property=\"og:title\" content=\"BR\u00dcCKNER at IDEA 2022 with its nonwoven solutions\" \/>\n<meta property=\"og:description\" content=\"BR\u00dcCKNER, which has been producing drying and finishing lines for the textile and nonwoven industry for more than 70 years, will meet with its visitors at\" \/>\n<meta property=\"og:url\" content=\"https:\/\/www.textilegence.com\/en\/bruckner-at-idea-2022-with-its-nonwoven-solutions\/\" \/>\n<meta property=\"og:site_name\" content=\"Textilegence Magazine and Digital Platform\" \/>\n<meta property=\"article:publisher\" content=\"https:\/\/www.facebook.com\/TextilegenceMagazine\" \/>\n<meta property=\"article:author\" content=\"https:\/\/www.facebook.com\/TextilegenceMagazine\" \/>\n<meta property=\"article:published_time\" content=\"2022-03-08T13:30:49+00:00\" \/>\n<meta property=\"article:modified_time\" content=\"2022-03-08T13:31:00+00:00\" \/>\n<meta property=\"og:image\" content=\"https:\/\/www.textilegence.com\/wp-content\/uploads\/2022\/03\/brueckner-textilegence.jpg\" \/>\n\t<meta property=\"og:image:width\" content=\"1200\" \/>\n\t<meta property=\"og:image:height\" content=\"675\" \/>\n\t<meta property=\"og:image:type\" content=\"image\/jpeg\" \/>\n<meta name=\"author\" content=\"Engin Buz\" \/>\n<meta name=\"twitter:card\" content=\"summary_large_image\" \/>\n<meta name=\"twitter:creator\" content=\"@https:\/\/twitter.com\/textilegence\" \/>\n<meta name=\"twitter:site\" content=\"@textilegence\" \/>\n<meta name=\"twitter:label1\" content=\"Written by\" \/>\n\t<meta name=\"twitter:data1\" content=\"Engin Buz\" \/>\n\t<meta name=\"twitter:label2\" content=\"Est. reading time\" \/>\n\t<meta name=\"twitter:data2\" content=\"3 minutes\" \/>\n<script type=\"application\/ld+json\" class=\"yoast-schema-graph\">{\"@context\":\"https:\\\/\\\/schema.org\",\"@graph\":[{\"@type\":\"NewsArticle\",\"@id\":\"https:\\\/\\\/www.textilegence.com\\\/en\\\/bruckner-at-idea-2022-with-its-nonwoven-solutions\\\/#article\",\"isPartOf\":{\"@id\":\"https:\\\/\\\/www.textilegence.com\\\/en\\\/bruckner-at-idea-2022-with-its-nonwoven-solutions\\\/\"},\"author\":{\"name\":\"Engin Buz\",\"@id\":\"https:\\\/\\\/www.textilegence.com\\\/en\\\/#\\\/schema\\\/person\\\/46ccc7bfc34edbc7d46b6b189f88849f\"},\"headline\":\"BR\u00dcCKNER at IDEA 2022 with its nonwoven solutions\",\"datePublished\":\"2022-03-08T13:30:49+00:00\",\"dateModified\":\"2022-03-08T13:31:00+00:00\",\"mainEntityOfPage\":{\"@id\":\"https:\\\/\\\/www.textilegence.com\\\/en\\\/bruckner-at-idea-2022-with-its-nonwoven-solutions\\\/\"},\"wordCount\":472,\"commentCount\":0,\"publisher\":{\"@id\":\"https:\\\/\\\/www.textilegence.com\\\/en\\\/#organization\"},\"image\":{\"@id\":\"https:\\\/\\\/www.textilegence.com\\\/en\\\/bruckner-at-idea-2022-with-its-nonwoven-solutions\\\/#primaryimage\"},\"thumbnailUrl\":\"https:\\\/\\\/www.textilegence.com\\\/wp-content\\\/uploads\\\/2022\\\/03\\\/brueckner-textilegence.jpg\",\"keywords\":[\"br\u00fcckner\",\"finishing\",\"IDEA 2022\",\"textile news\"],\"articleSection\":[\"Finishing\"],\"inLanguage\":\"en-US\",\"potentialAction\":[{\"@type\":\"CommentAction\",\"name\":\"Comment\",\"target\":[\"https:\\\/\\\/www.textilegence.com\\\/en\\\/bruckner-at-idea-2022-with-its-nonwoven-solutions\\\/#respond\"]}]},{\"@type\":\"WebPage\",\"@id\":\"https:\\\/\\\/www.textilegence.com\\\/en\\\/bruckner-at-idea-2022-with-its-nonwoven-solutions\\\/\",\"url\":\"https:\\\/\\\/www.textilegence.com\\\/en\\\/bruckner-at-idea-2022-with-its-nonwoven-solutions\\\/\",\"name\":\"BR\u00dcCKNER at IDEA 2022 with its nonwoven solutions - Textilegence\",\"isPartOf\":{\"@id\":\"https:\\\/\\\/www.textilegence.com\\\/en\\\/#website\"},\"primaryImageOfPage\":{\"@id\":\"https:\\\/\\\/www.textilegence.com\\\/en\\\/bruckner-at-idea-2022-with-its-nonwoven-solutions\\\/#primaryimage\"},\"image\":{\"@id\":\"https:\\\/\\\/www.textilegence.com\\\/en\\\/bruckner-at-idea-2022-with-its-nonwoven-solutions\\\/#primaryimage\"},\"thumbnailUrl\":\"https:\\\/\\\/www.textilegence.com\\\/wp-content\\\/uploads\\\/2022\\\/03\\\/brueckner-textilegence.jpg\",\"datePublished\":\"2022-03-08T13:30:49+00:00\",\"dateModified\":\"2022-03-08T13:31:00+00:00\",\"description\":\"BR\u00dcCKNER, which has been producing drying and finishing lines for the textile and nonwoven industry for more than 70 years, will meet...\",\"breadcrumb\":{\"@id\":\"https:\\\/\\\/www.textilegence.com\\\/en\\\/bruckner-at-idea-2022-with-its-nonwoven-solutions\\\/#breadcrumb\"},\"inLanguage\":\"en-US\",\"potentialAction\":[{\"@type\":\"ReadAction\",\"target\":[\"https:\\\/\\\/www.textilegence.com\\\/en\\\/bruckner-at-idea-2022-with-its-nonwoven-solutions\\\/\"]}]},{\"@type\":\"ImageObject\",\"inLanguage\":\"en-US\",\"@id\":\"https:\\\/\\\/www.textilegence.com\\\/en\\\/bruckner-at-idea-2022-with-its-nonwoven-solutions\\\/#primaryimage\",\"url\":\"https:\\\/\\\/www.textilegence.com\\\/wp-content\\\/uploads\\\/2022\\\/03\\\/brueckner-textilegence.jpg\",\"contentUrl\":\"https:\\\/\\\/www.textilegence.com\\\/wp-content\\\/uploads\\\/2022\\\/03\\\/brueckner-textilegence.jpg\",\"width\":1200,\"height\":675},{\"@type\":\"BreadcrumbList\",\"@id\":\"https:\\\/\\\/www.textilegence.com\\\/en\\\/bruckner-at-idea-2022-with-its-nonwoven-solutions\\\/#breadcrumb\",\"itemListElement\":[{\"@type\":\"ListItem\",\"position\":1,\"name\":\"Home Page\",\"item\":\"https:\\\/\\\/www.textilegence.com\\\/en\\\/homepage-the-rimont\\\/\"},{\"@type\":\"ListItem\",\"position\":2,\"name\":\"Finishing\",\"item\":\"https:\\\/\\\/www.textilegence.com\\\/en\\\/category\\\/finishing\\\/\"},{\"@type\":\"ListItem\",\"position\":3,\"name\":\"BR\u00dcCKNER at IDEA 2022 with its nonwoven solutions\"}]},{\"@type\":\"WebSite\",\"@id\":\"https:\\\/\\\/www.textilegence.com\\\/en\\\/#website\",\"url\":\"https:\\\/\\\/www.textilegence.com\\\/en\\\/\",\"name\":\"Textilegence Magazine and Digital Platform\",\"description\":\"Textile News Center\",\"publisher\":{\"@id\":\"https:\\\/\\\/www.textilegence.com\\\/en\\\/#organization\"},\"potentialAction\":[{\"@type\":\"SearchAction\",\"target\":{\"@type\":\"EntryPoint\",\"urlTemplate\":\"https:\\\/\\\/www.textilegence.com\\\/en\\\/?s={search_term_string}\"},\"query-input\":{\"@type\":\"PropertyValueSpecification\",\"valueRequired\":true,\"valueName\":\"search_term_string\"}}],\"inLanguage\":\"en-US\"},{\"@type\":\"Organization\",\"@id\":\"https:\\\/\\\/www.textilegence.com\\\/en\\\/#organization\",\"name\":\"Textilegence Magazine and Digital Platform\",\"url\":\"https:\\\/\\\/www.textilegence.com\\\/en\\\/\",\"logo\":{\"@type\":\"ImageObject\",\"inLanguage\":\"en-US\",\"@id\":\"https:\\\/\\\/www.textilegence.com\\\/en\\\/#\\\/schema\\\/logo\\\/image\\\/\",\"url\":\"https:\\\/\\\/www.textilegence.com\\\/wp-content\\\/uploads\\\/2016\\\/11\\\/New_Retina_Logo_Textilegence.png\",\"contentUrl\":\"https:\\\/\\\/www.textilegence.com\\\/wp-content\\\/uploads\\\/2016\\\/11\\\/New_Retina_Logo_Textilegence.png\",\"width\":544,\"height\":180,\"caption\":\"Textilegence Magazine and Digital Platform\"},\"image\":{\"@id\":\"https:\\\/\\\/www.textilegence.com\\\/en\\\/#\\\/schema\\\/logo\\\/image\\\/\"},\"sameAs\":[\"https:\\\/\\\/www.facebook.com\\\/TextilegenceMagazine\",\"https:\\\/\\\/x.com\\\/textilegence\",\"https:\\\/\\\/www.instagram.com\\\/textilegence\\\/\",\"https:\\\/\\\/www.linkedin.com\\\/groups\\\/Textilegence-Magazine-Digital-Platform-4897253\",\"https:\\\/\\\/www.youtube.com\\\/user\\\/textilegence\"],\"description\":\"Textilegence is a magazine and digital platform established in 2013. It focuses on the textile industry and sub-segments. The platform provides news, articles, and updates on various aspects of the textile industry, including sustainability, technological advancements, and market trends.\",\"email\":\"editor@textilegence.com\",\"telephone\":\"+90 212 442 24 12\",\"legalName\":\"Textilegence Mag and Digital Platform\",\"foundingDate\":\"2013-01-01\",\"numberOfEmployees\":{\"@type\":\"QuantitativeValue\",\"minValue\":\"1\",\"maxValue\":\"10\"}},{\"@type\":\"Person\",\"@id\":\"https:\\\/\\\/www.textilegence.com\\\/en\\\/#\\\/schema\\\/person\\\/46ccc7bfc34edbc7d46b6b189f88849f\",\"name\":\"Engin Buz\",\"image\":{\"@type\":\"ImageObject\",\"inLanguage\":\"en-US\",\"@id\":\"https:\\\/\\\/www.textilegence.com\\\/wp-content\\\/uploads\\\/2018\\\/12\\\/engin-buz.jpg\",\"url\":\"https:\\\/\\\/www.textilegence.com\\\/wp-content\\\/uploads\\\/2018\\\/12\\\/engin-buz.jpg\",\"contentUrl\":\"https:\\\/\\\/www.textilegence.com\\\/wp-content\\\/uploads\\\/2018\\\/12\\\/engin-buz.jpg\",\"caption\":\"Engin Buz\"},\"description\":\"Engin Buz, Ankara \u00dcniversitesi \u0130leti\u015fim Fak\u00fcltesi Gazetecilik B\u00f6l\u00fcm\u00fc\u2019nden mezun olduktan sonra Y\u0131ld\u0131z Teknik \u00dcniversitesi\u2019nde Siyaset Bilimi ve Uluslararas\u0131 \u0130li\u015fkiler alan\u0131nda y\u00fcksek lisans\u0131n\u0131 tamamlam\u0131\u015ft\u0131r. 2000 y\u0131l\u0131ndan sonra \u00e7e\u015fitli yay\u0131nc\u0131l\u0131k \u015firketlerinde \u00e7al\u0131\u015fmaya ba\u015flayarak k\u00fclt\u00fcr-sanat ve daha sonra ekonomi haberleri haz\u0131rlam\u0131\u015ft\u0131r. 2009 y\u0131l\u0131ndan itibaren tekstil end\u00fcstrisine d\u00f6n\u00fck yay\u0131nlarda edit\u00f6r olarak g\u00f6rev alan Buz, 2013 itibariyle kurulan Textilegence\u2019de haber edit\u00f6r\u00fc olarak yer almaya ba\u015flam\u0131\u015ft\u0131r. Engin Buz halen ba\u015fta tekstil ve dijital bask\u0131 end\u00fcstrileri olmak \u00fczere ekonomi haberleri haz\u0131rlamaktad\u0131r.\",\"sameAs\":[\"https:\\\/\\\/www.textilegence.com\",\"https:\\\/\\\/www.facebook.com\\\/TextilegenceMagazine\",\"https:\\\/\\\/www.instagram.com\\\/textilegence\\\/\",\"https:\\\/\\\/www.linkedin.com\\\/in\\\/engin-buz-6190799a\\\/\",\"https:\\\/\\\/x.com\\\/https:\\\/\\\/twitter.com\\\/textilegence\"],\"url\":\"https:\\\/\\\/www.textilegence.com\\\/en\\\/author\\\/engin-buz\\\/\"}]}<\/script>\n<!-- \/ Yoast SEO Premium plugin. -->","yoast_head_json":{"title":"BR\u00dcCKNER at IDEA 2022 with its nonwoven solutions - Textilegence","description":"BR\u00dcCKNER, which has been producing drying and finishing lines for the textile and nonwoven industry for more than 70 years, will meet...","robots":{"index":"index","follow":"follow","max-snippet":"max-snippet:-1","max-image-preview":"max-image-preview:large","max-video-preview":"max-video-preview:-1"},"canonical":"https:\/\/www.textilegence.com\/en\/bruckner-at-idea-2022-with-its-nonwoven-solutions\/","og_locale":"en_US","og_type":"article","og_title":"BR\u00dcCKNER at IDEA 2022 with its nonwoven solutions","og_description":"BR\u00dcCKNER, which has been producing drying and finishing lines for the textile and nonwoven industry for more than 70 years, will meet with its visitors at","og_url":"https:\/\/www.textilegence.com\/en\/bruckner-at-idea-2022-with-its-nonwoven-solutions\/","og_site_name":"Textilegence Magazine and Digital Platform","article_publisher":"https:\/\/www.facebook.com\/TextilegenceMagazine","article_author":"https:\/\/www.facebook.com\/TextilegenceMagazine","article_published_time":"2022-03-08T13:30:49+00:00","article_modified_time":"2022-03-08T13:31:00+00:00","og_image":[{"width":1200,"height":675,"url":"https:\/\/www.textilegence.com\/wp-content\/uploads\/2022\/03\/brueckner-textilegence.jpg","type":"image\/jpeg"}],"author":"Engin Buz","twitter_card":"summary_large_image","twitter_creator":"@https:\/\/twitter.com\/textilegence","twitter_site":"@textilegence","twitter_misc":{"Written by":"Engin Buz","Est. reading time":"3 minutes"},"schema":{"@context":"https:\/\/schema.org","@graph":[{"@type":"NewsArticle","@id":"https:\/\/www.textilegence.com\/en\/bruckner-at-idea-2022-with-its-nonwoven-solutions\/#article","isPartOf":{"@id":"https:\/\/www.textilegence.com\/en\/bruckner-at-idea-2022-with-its-nonwoven-solutions\/"},"author":{"name":"Engin Buz","@id":"https:\/\/www.textilegence.com\/en\/#\/schema\/person\/46ccc7bfc34edbc7d46b6b189f88849f"},"headline":"BR\u00dcCKNER at IDEA 2022 with its nonwoven solutions","datePublished":"2022-03-08T13:30:49+00:00","dateModified":"2022-03-08T13:31:00+00:00","mainEntityOfPage":{"@id":"https:\/\/www.textilegence.com\/en\/bruckner-at-idea-2022-with-its-nonwoven-solutions\/"},"wordCount":472,"commentCount":0,"publisher":{"@id":"https:\/\/www.textilegence.com\/en\/#organization"},"image":{"@id":"https:\/\/www.textilegence.com\/en\/bruckner-at-idea-2022-with-its-nonwoven-solutions\/#primaryimage"},"thumbnailUrl":"https:\/\/www.textilegence.com\/wp-content\/uploads\/2022\/03\/brueckner-textilegence.jpg","keywords":["br\u00fcckner","finishing","IDEA 2022","textile news"],"articleSection":["Finishing"],"inLanguage":"en-US","potentialAction":[{"@type":"CommentAction","name":"Comment","target":["https:\/\/www.textilegence.com\/en\/bruckner-at-idea-2022-with-its-nonwoven-solutions\/#respond"]}]},{"@type":"WebPage","@id":"https:\/\/www.textilegence.com\/en\/bruckner-at-idea-2022-with-its-nonwoven-solutions\/","url":"https:\/\/www.textilegence.com\/en\/bruckner-at-idea-2022-with-its-nonwoven-solutions\/","name":"BR\u00dcCKNER at IDEA 2022 with its nonwoven solutions - Textilegence","isPartOf":{"@id":"https:\/\/www.textilegence.com\/en\/#website"},"primaryImageOfPage":{"@id":"https:\/\/www.textilegence.com\/en\/bruckner-at-idea-2022-with-its-nonwoven-solutions\/#primaryimage"},"image":{"@id":"https:\/\/www.textilegence.com\/en\/bruckner-at-idea-2022-with-its-nonwoven-solutions\/#primaryimage"},"thumbnailUrl":"https:\/\/www.textilegence.com\/wp-content\/uploads\/2022\/03\/brueckner-textilegence.jpg","datePublished":"2022-03-08T13:30:49+00:00","dateModified":"2022-03-08T13:31:00+00:00","description":"BR\u00dcCKNER, which has been producing drying and finishing lines for the textile and nonwoven industry for more than 70 years, will meet...","breadcrumb":{"@id":"https:\/\/www.textilegence.com\/en\/bruckner-at-idea-2022-with-its-nonwoven-solutions\/#breadcrumb"},"inLanguage":"en-US","potentialAction":[{"@type":"ReadAction","target":["https:\/\/www.textilegence.com\/en\/bruckner-at-idea-2022-with-its-nonwoven-solutions\/"]}]},{"@type":"ImageObject","inLanguage":"en-US","@id":"https:\/\/www.textilegence.com\/en\/bruckner-at-idea-2022-with-its-nonwoven-solutions\/#primaryimage","url":"https:\/\/www.textilegence.com\/wp-content\/uploads\/2022\/03\/brueckner-textilegence.jpg","contentUrl":"https:\/\/www.textilegence.com\/wp-content\/uploads\/2022\/03\/brueckner-textilegence.jpg","width":1200,"height":675},{"@type":"BreadcrumbList","@id":"https:\/\/www.textilegence.com\/en\/bruckner-at-idea-2022-with-its-nonwoven-solutions\/#breadcrumb","itemListElement":[{"@type":"ListItem","position":1,"name":"Home Page","item":"https:\/\/www.textilegence.com\/en\/homepage-the-rimont\/"},{"@type":"ListItem","position":2,"name":"Finishing","item":"https:\/\/www.textilegence.com\/en\/category\/finishing\/"},{"@type":"ListItem","position":3,"name":"BR\u00dcCKNER at IDEA 2022 with its nonwoven solutions"}]},{"@type":"WebSite","@id":"https:\/\/www.textilegence.com\/en\/#website","url":"https:\/\/www.textilegence.com\/en\/","name":"Textilegence Magazine and Digital Platform","description":"Textile News Center","publisher":{"@id":"https:\/\/www.textilegence.com\/en\/#organization"},"potentialAction":[{"@type":"SearchAction","target":{"@type":"EntryPoint","urlTemplate":"https:\/\/www.textilegence.com\/en\/?s={search_term_string}"},"query-input":{"@type":"PropertyValueSpecification","valueRequired":true,"valueName":"search_term_string"}}],"inLanguage":"en-US"},{"@type":"Organization","@id":"https:\/\/www.textilegence.com\/en\/#organization","name":"Textilegence Magazine and Digital Platform","url":"https:\/\/www.textilegence.com\/en\/","logo":{"@type":"ImageObject","inLanguage":"en-US","@id":"https:\/\/www.textilegence.com\/en\/#\/schema\/logo\/image\/","url":"https:\/\/www.textilegence.com\/wp-content\/uploads\/2016\/11\/New_Retina_Logo_Textilegence.png","contentUrl":"https:\/\/www.textilegence.com\/wp-content\/uploads\/2016\/11\/New_Retina_Logo_Textilegence.png","width":544,"height":180,"caption":"Textilegence Magazine and Digital Platform"},"image":{"@id":"https:\/\/www.textilegence.com\/en\/#\/schema\/logo\/image\/"},"sameAs":["https:\/\/www.facebook.com\/TextilegenceMagazine","https:\/\/x.com\/textilegence","https:\/\/www.instagram.com\/textilegence\/","https:\/\/www.linkedin.com\/groups\/Textilegence-Magazine-Digital-Platform-4897253","https:\/\/www.youtube.com\/user\/textilegence"],"description":"Textilegence is a magazine and digital platform established in 2013. It focuses on the textile industry and sub-segments. The platform provides news, articles, and updates on various aspects of the textile industry, including sustainability, technological advancements, and market trends.","email":"editor@textilegence.com","telephone":"+90 212 442 24 12","legalName":"Textilegence Mag and Digital Platform","foundingDate":"2013-01-01","numberOfEmployees":{"@type":"QuantitativeValue","minValue":"1","maxValue":"10"}},{"@type":"Person","@id":"https:\/\/www.textilegence.com\/en\/#\/schema\/person\/46ccc7bfc34edbc7d46b6b189f88849f","name":"Engin Buz","image":{"@type":"ImageObject","inLanguage":"en-US","@id":"https:\/\/www.textilegence.com\/wp-content\/uploads\/2018\/12\/engin-buz.jpg","url":"https:\/\/www.textilegence.com\/wp-content\/uploads\/2018\/12\/engin-buz.jpg","contentUrl":"https:\/\/www.textilegence.com\/wp-content\/uploads\/2018\/12\/engin-buz.jpg","caption":"Engin Buz"},"description":"Engin Buz, Ankara \u00dcniversitesi \u0130leti\u015fim Fak\u00fcltesi Gazetecilik B\u00f6l\u00fcm\u00fc\u2019nden mezun olduktan sonra Y\u0131ld\u0131z Teknik \u00dcniversitesi\u2019nde Siyaset Bilimi ve Uluslararas\u0131 \u0130li\u015fkiler alan\u0131nda y\u00fcksek lisans\u0131n\u0131 tamamlam\u0131\u015ft\u0131r. 2000 y\u0131l\u0131ndan sonra \u00e7e\u015fitli yay\u0131nc\u0131l\u0131k \u015firketlerinde \u00e7al\u0131\u015fmaya ba\u015flayarak k\u00fclt\u00fcr-sanat ve daha sonra ekonomi haberleri haz\u0131rlam\u0131\u015ft\u0131r. 2009 y\u0131l\u0131ndan itibaren tekstil end\u00fcstrisine d\u00f6n\u00fck yay\u0131nlarda edit\u00f6r olarak g\u00f6rev alan Buz, 2013 itibariyle kurulan Textilegence\u2019de haber edit\u00f6r\u00fc olarak yer almaya ba\u015flam\u0131\u015ft\u0131r. Engin Buz halen ba\u015fta tekstil ve dijital bask\u0131 end\u00fcstrileri olmak \u00fczere ekonomi haberleri haz\u0131rlamaktad\u0131r.","sameAs":["https:\/\/www.textilegence.com","https:\/\/www.facebook.com\/TextilegenceMagazine","https:\/\/www.instagram.com\/textilegence\/","https:\/\/www.linkedin.com\/in\/engin-buz-6190799a\/","https:\/\/x.com\/https:\/\/twitter.com\/textilegence"],"url":"https:\/\/www.textilegence.com\/en\/author\/engin-buz\/"}]}},"_links":{"self":[{"href":"https:\/\/www.textilegence.com\/en\/wp-json\/wp\/v2\/posts\/45302","targetHints":{"allow":["GET"]}}],"collection":[{"href":"https:\/\/www.textilegence.com\/en\/wp-json\/wp\/v2\/posts"}],"about":[{"href":"https:\/\/www.textilegence.com\/en\/wp-json\/wp\/v2\/types\/post"}],"author":[{"embeddable":true,"href":"https:\/\/www.textilegence.com\/en\/wp-json\/wp\/v2\/users\/2"}],"replies":[{"embeddable":true,"href":"https:\/\/www.textilegence.com\/en\/wp-json\/wp\/v2\/comments?post=45302"}],"version-history":[{"count":0,"href":"https:\/\/www.textilegence.com\/en\/wp-json\/wp\/v2\/posts\/45302\/revisions"}],"wp:featuredmedia":[{"embeddable":true,"href":"https:\/\/www.textilegence.com\/en\/wp-json\/wp\/v2\/media\/45298"}],"wp:attachment":[{"href":"https:\/\/www.textilegence.com\/en\/wp-json\/wp\/v2\/media?parent=45302"}],"wp:term":[{"taxonomy":"category","embeddable":true,"href":"https:\/\/www.textilegence.com\/en\/wp-json\/wp\/v2\/categories?post=45302"},{"taxonomy":"post_tag","embeddable":true,"href":"https:\/\/www.textilegence.com\/en\/wp-json\/wp\/v2\/tags?post=45302"}],"curies":[{"name":"wp","href":"https:\/\/api.w.org\/{rel}","templated":true}]}}