{"id":45331,"date":"2022-03-10T16:19:54","date_gmt":"2022-03-10T13:19:54","guid":{"rendered":"http:\/\/www.textilegence.com\/?p=45331"},"modified":"2022-03-10T16:20:01","modified_gmt":"2022-03-10T13:20:01","slug":"exhibitions-also-start-to-participate-in-the-sanctions-on-russia","status":"publish","type":"post","link":"https:\/\/www.textilegence.com\/en\/exhibitions-also-start-to-participate-in-the-sanctions-on-russia\/","title":{"rendered":"Exhibitions also start to participate in the sanctions on Russia"},"content":{"rendered":"\n<p>Exhibitions started to participate in the economic sanctions on Russia around the world after the attack on Ukraine by Russia. <a href=\"https:\/\/www.messefrankfurt.com\/frankfurt\/en.html\" target=\"_blank\" rel=\"noreferrer noopener\">Messe Frankfurt<\/a>, one of the biggest trade fair organizers of the <a href=\"https:\/\/www.textilegence.com\/en\/category\/topical\/\" target=\"_blank\" rel=\"noreferrer noopener\">sector<\/a>, announced that they have decided not to admit the exhibitors from Russia and Belarus to their trade fairs until further notice, in view of the dramatic situation in Ukraine. It was stated that this applies to all countries of the Messe Frankfurt Group that have joined the sanction measures.<\/p>\n\n\n\n<p>In addition, it is reported that all visitor marketing activities in Russia and Belarus are also suspended until further notice. Messe Frankfurt announced last week that they have decided to suspend its events in Russia until further notice.<\/p>\n\n\n\n<h2 class=\"wp-block-heading\" id=\"h-messe-frankfurt-opens-their-exhibition-ground-to-ukrainian-refugees\">Messe Frankfurt opens their exhibition ground to Ukrainian refugees<\/h2>\n\n\n\n<p>A first aid centre with emergency accommodation for refugees from Ukraine is being built at Messe Frankfurt from the end of this week. A contract to this effect was concluded with the city at short notice and without red tape for this purpose. There will be the first port of call where everything necessary will be provided in Hall 1 on the Frankfurt exhibition grounds until the people can be placed in longer-term accommodation throughout Hesse. The emergency shelter will initially be set up in Hall 1.1 and can also be extended to the second level, Hall 1.2 if required.<\/p>\n\n\n\n<p>The shelter is run by the German Red Cross (DRK) and the Arbeiter-Samariter-Bund (ASB) while Messe Frankfurt is responsible for the construction and other services within the accommodation. Fairconstruction, a subsidiary of Messe Frankfurt, is helping to equip two sports halls for refugees in Frankfurt with stand construction materials in addition to the corresponding preparations for the infrastructure on the exhibition grounds.<\/p>\n\n\n\n<div class=\"wp-block-image\"><figure class=\"aligncenter size-full\"><img loading=\"lazy\" decoding=\"async\" width=\"1200\" height=\"675\" src=\"https:\/\/www.textilegence.com\/wp-content\/uploads\/2022\/03\/russia-detail.jpg\" alt=\"\" class=\"wp-image-45329\" srcset=\"https:\/\/www.textilegence.com\/wp-content\/uploads\/2022\/03\/russia-detail.jpg 1200w, https:\/\/www.textilegence.com\/wp-content\/uploads\/2022\/03\/russia-detail-768x432.jpg 768w, https:\/\/www.textilegence.com\/wp-content\/uploads\/2022\/03\/russia-detail-300x169.jpg 300w, https:\/\/www.textilegence.com\/wp-content\/uploads\/2022\/03\/russia-detail-600x338.jpg 600w, https:\/\/www.textilegence.com\/wp-content\/uploads\/2022\/03\/russia-detail-696x392.jpg 696w, https:\/\/www.textilegence.com\/wp-content\/uploads\/2022\/03\/russia-detail-1068x601.jpg 1068w\" sizes=\"auto, (max-width: 1200px) 100vw, 1200px\" \/><figcaption>First aid centre in Messe Frankfurt&#8217;s exhibition hall 1. From left to right: Uwe Behm, Member of the Board of Management of Messe Frankfurt, Elke Voitl, Head of Social Affairs of the City of Frankfurt am Main, Peter Feldmann, Lord Mayor of the City of Frankfurt am Main and Chairman of the Supervisory Board of Messe Frankfurt. \u00a9 City of Frankfurt am Main\/ Ben Kilb<\/figcaption><\/figure><\/div>\n\n\n\n<p>The Member of the Board of Management of Messe Frankfurt responsible for the exhibition grounds Uwe Behm said that they have quickly and unbureaucratically set up emergency accommodation on their exhibition grounds in Hall 1, as immediate assistance is required. Behm disclosed; \u201cThis has become the first point of contact or intermediate station to provide people who have had to flee Ukraine with everything they need until they can be placed in longer-term accommodation\u201d.<\/p>\n\n\n\n<p>Lord Mayor of the City of Frankfurt Peter Feldmann said that the people fleeing to them from Ukraine need their help and that they must be able to trust that their declarations of solidarity are not just lip service. Feldmann stated; \u201cThat is why the first aid centre that we are setting up at short notice at our trade fair is so important. Frankfurt is a cosmopolitan city that has become a second home for many refugees in its history. Let&#8217;s show the people from Ukraine that they are welcome here\u201d.<\/p>\n","protected":false},"excerpt":{"rendered":"<p>Exhibitions started to participate in the economic sanctions on Russia around the world after the attack on Ukraine by Russia. Messe Frankfurt, one of the biggest trade fair organizers of the sector, announced that they have decided not to admit the exhibitors from Russia and Belarus to their trade fairs until further notice, in view [&hellip;]<\/p>\n","protected":false},"author":8,"featured_media":45327,"comment_status":"open","ping_status":"closed","sticky":false,"template":"","format":"standard","meta":{"footnotes":""},"categories":[9859],"tags":[10062,4963,10369,12450,15027],"class_list":{"0":"post-45331","1":"post","2":"type-post","3":"status-publish","4":"format-standard","5":"has-post-thumbnail","7":"category-topical","8":"tag-messe-frankfurt-en","9":"tag-russia","10":"tag-textile-news-en","11":"tag-topical","12":"tag-ukraine"},"yoast_head":"<!-- This site is optimized with the Yoast SEO Premium plugin v27.3 (Yoast SEO v27.3) - https:\/\/yoast.com\/product\/yoast-seo-premium-wordpress\/ -->\n<title>Exhibitions also start to participate in sanctions on Russia - Textilegence<\/title>\n<meta name=\"description\" content=\"Exhibitions started to participate in the economic sanctions on Russia around the world after the attack on Ukraine by Russia...\" \/>\n<meta name=\"robots\" content=\"index, follow, max-snippet:-1, max-image-preview:large, max-video-preview:-1\" \/>\n<link rel=\"canonical\" href=\"https:\/\/www.textilegence.com\/en\/exhibitions-also-start-to-participate-in-the-sanctions-on-russia\/\" \/>\n<meta property=\"og:locale\" content=\"en_US\" \/>\n<meta property=\"og:type\" content=\"article\" \/>\n<meta property=\"og:title\" content=\"Exhibitions also start to participate in the sanctions on Russia\" \/>\n<meta property=\"og:description\" content=\"Exhibitions started to participate in the economic sanctions on Russia around the world after the attack on Ukraine by Russia. Messe Frankfurt, one of the\" \/>\n<meta property=\"og:url\" content=\"https:\/\/www.textilegence.com\/en\/exhibitions-also-start-to-participate-in-the-sanctions-on-russia\/\" \/>\n<meta property=\"og:site_name\" content=\"Textilegence Magazine and Digital Platform\" \/>\n<meta property=\"article:publisher\" content=\"https:\/\/www.facebook.com\/TextilegenceMagazine\" \/>\n<meta property=\"article:author\" content=\"https:\/\/www.facebook.com\/TextilegenceMagazine\" \/>\n<meta property=\"article:published_time\" content=\"2022-03-10T13:19:54+00:00\" \/>\n<meta property=\"article:modified_time\" content=\"2022-03-10T13:20:01+00:00\" \/>\n<meta property=\"og:image\" content=\"https:\/\/www.textilegence.com\/wp-content\/uploads\/2022\/03\/russia-textilegence.jpg\" \/>\n\t<meta property=\"og:image:width\" content=\"1200\" \/>\n\t<meta property=\"og:image:height\" content=\"675\" \/>\n\t<meta property=\"og:image:type\" content=\"image\/jpeg\" \/>\n<meta name=\"author\" content=\"Fatih Cengiarslan\" \/>\n<meta name=\"twitter:card\" content=\"summary_large_image\" \/>\n<meta name=\"twitter:creator\" content=\"@https:\/\/twitter.com\/textilegence\" \/>\n<meta name=\"twitter:site\" content=\"@textilegence\" \/>\n<meta name=\"twitter:label1\" content=\"Written by\" \/>\n\t<meta name=\"twitter:data1\" content=\"Fatih Cengiarslan\" \/>\n\t<meta name=\"twitter:label2\" content=\"Est. reading time\" \/>\n\t<meta name=\"twitter:data2\" content=\"4 minutes\" \/>\n<script type=\"application\/ld+json\" class=\"yoast-schema-graph\">{\"@context\":\"https:\\\/\\\/schema.org\",\"@graph\":[{\"@type\":\"NewsArticle\",\"@id\":\"https:\\\/\\\/www.textilegence.com\\\/en\\\/exhibitions-also-start-to-participate-in-the-sanctions-on-russia\\\/#article\",\"isPartOf\":{\"@id\":\"https:\\\/\\\/www.textilegence.com\\\/en\\\/exhibitions-also-start-to-participate-in-the-sanctions-on-russia\\\/\"},\"author\":{\"name\":\"Fatih Cengiarslan\",\"@id\":\"https:\\\/\\\/www.textilegence.com\\\/en\\\/#\\\/schema\\\/person\\\/1c3977109f8a6e1e2b95678836d75cb7\"},\"headline\":\"Exhibitions also start to participate in the sanctions on Russia\",\"datePublished\":\"2022-03-10T13:19:54+00:00\",\"dateModified\":\"2022-03-10T13:20:01+00:00\",\"mainEntityOfPage\":{\"@id\":\"https:\\\/\\\/www.textilegence.com\\\/en\\\/exhibitions-also-start-to-participate-in-the-sanctions-on-russia\\\/\"},\"wordCount\":526,\"commentCount\":0,\"publisher\":{\"@id\":\"https:\\\/\\\/www.textilegence.com\\\/en\\\/#organization\"},\"image\":{\"@id\":\"https:\\\/\\\/www.textilegence.com\\\/en\\\/exhibitions-also-start-to-participate-in-the-sanctions-on-russia\\\/#primaryimage\"},\"thumbnailUrl\":\"https:\\\/\\\/www.textilegence.com\\\/wp-content\\\/uploads\\\/2022\\\/03\\\/russia-textilegence.jpg\",\"keywords\":[\"messe frankfurt\",\"Russia\",\"textile news\",\"topical\",\"Ukraine\"],\"articleSection\":[\"Topical\"],\"inLanguage\":\"en-US\",\"potentialAction\":[{\"@type\":\"CommentAction\",\"name\":\"Comment\",\"target\":[\"https:\\\/\\\/www.textilegence.com\\\/en\\\/exhibitions-also-start-to-participate-in-the-sanctions-on-russia\\\/#respond\"]}]},{\"@type\":\"WebPage\",\"@id\":\"https:\\\/\\\/www.textilegence.com\\\/en\\\/exhibitions-also-start-to-participate-in-the-sanctions-on-russia\\\/\",\"url\":\"https:\\\/\\\/www.textilegence.com\\\/en\\\/exhibitions-also-start-to-participate-in-the-sanctions-on-russia\\\/\",\"name\":\"Exhibitions also start to participate in sanctions on Russia - Textilegence\",\"isPartOf\":{\"@id\":\"https:\\\/\\\/www.textilegence.com\\\/en\\\/#website\"},\"primaryImageOfPage\":{\"@id\":\"https:\\\/\\\/www.textilegence.com\\\/en\\\/exhibitions-also-start-to-participate-in-the-sanctions-on-russia\\\/#primaryimage\"},\"image\":{\"@id\":\"https:\\\/\\\/www.textilegence.com\\\/en\\\/exhibitions-also-start-to-participate-in-the-sanctions-on-russia\\\/#primaryimage\"},\"thumbnailUrl\":\"https:\\\/\\\/www.textilegence.com\\\/wp-content\\\/uploads\\\/2022\\\/03\\\/russia-textilegence.jpg\",\"datePublished\":\"2022-03-10T13:19:54+00:00\",\"dateModified\":\"2022-03-10T13:20:01+00:00\",\"description\":\"Exhibitions started to participate in the economic sanctions on Russia around the world after the attack on Ukraine by Russia...\",\"breadcrumb\":{\"@id\":\"https:\\\/\\\/www.textilegence.com\\\/en\\\/exhibitions-also-start-to-participate-in-the-sanctions-on-russia\\\/#breadcrumb\"},\"inLanguage\":\"en-US\",\"potentialAction\":[{\"@type\":\"ReadAction\",\"target\":[\"https:\\\/\\\/www.textilegence.com\\\/en\\\/exhibitions-also-start-to-participate-in-the-sanctions-on-russia\\\/\"]}]},{\"@type\":\"ImageObject\",\"inLanguage\":\"en-US\",\"@id\":\"https:\\\/\\\/www.textilegence.com\\\/en\\\/exhibitions-also-start-to-participate-in-the-sanctions-on-russia\\\/#primaryimage\",\"url\":\"https:\\\/\\\/www.textilegence.com\\\/wp-content\\\/uploads\\\/2022\\\/03\\\/russia-textilegence.jpg\",\"contentUrl\":\"https:\\\/\\\/www.textilegence.com\\\/wp-content\\\/uploads\\\/2022\\\/03\\\/russia-textilegence.jpg\",\"width\":1200,\"height\":675},{\"@type\":\"BreadcrumbList\",\"@id\":\"https:\\\/\\\/www.textilegence.com\\\/en\\\/exhibitions-also-start-to-participate-in-the-sanctions-on-russia\\\/#breadcrumb\",\"itemListElement\":[{\"@type\":\"ListItem\",\"position\":1,\"name\":\"Home Page\",\"item\":\"https:\\\/\\\/www.textilegence.com\\\/en\\\/homepage-the-rimont\\\/\"},{\"@type\":\"ListItem\",\"position\":2,\"name\":\"Topical\",\"item\":\"https:\\\/\\\/www.textilegence.com\\\/en\\\/category\\\/topical\\\/\"},{\"@type\":\"ListItem\",\"position\":3,\"name\":\"Exhibitions also start to participate in the sanctions on Russia\"}]},{\"@type\":\"WebSite\",\"@id\":\"https:\\\/\\\/www.textilegence.com\\\/en\\\/#website\",\"url\":\"https:\\\/\\\/www.textilegence.com\\\/en\\\/\",\"name\":\"Textilegence Magazine and Digital Platform\",\"description\":\"Textile News Center\",\"publisher\":{\"@id\":\"https:\\\/\\\/www.textilegence.com\\\/en\\\/#organization\"},\"potentialAction\":[{\"@type\":\"SearchAction\",\"target\":{\"@type\":\"EntryPoint\",\"urlTemplate\":\"https:\\\/\\\/www.textilegence.com\\\/en\\\/?s={search_term_string}\"},\"query-input\":{\"@type\":\"PropertyValueSpecification\",\"valueRequired\":true,\"valueName\":\"search_term_string\"}}],\"inLanguage\":\"en-US\"},{\"@type\":\"Organization\",\"@id\":\"https:\\\/\\\/www.textilegence.com\\\/en\\\/#organization\",\"name\":\"Textilegence Magazine and Digital Platform\",\"url\":\"https:\\\/\\\/www.textilegence.com\\\/en\\\/\",\"logo\":{\"@type\":\"ImageObject\",\"inLanguage\":\"en-US\",\"@id\":\"https:\\\/\\\/www.textilegence.com\\\/en\\\/#\\\/schema\\\/logo\\\/image\\\/\",\"url\":\"https:\\\/\\\/www.textilegence.com\\\/wp-content\\\/uploads\\\/2016\\\/11\\\/New_Retina_Logo_Textilegence.png\",\"contentUrl\":\"https:\\\/\\\/www.textilegence.com\\\/wp-content\\\/uploads\\\/2016\\\/11\\\/New_Retina_Logo_Textilegence.png\",\"width\":544,\"height\":180,\"caption\":\"Textilegence Magazine and Digital Platform\"},\"image\":{\"@id\":\"https:\\\/\\\/www.textilegence.com\\\/en\\\/#\\\/schema\\\/logo\\\/image\\\/\"},\"sameAs\":[\"https:\\\/\\\/www.facebook.com\\\/TextilegenceMagazine\",\"https:\\\/\\\/x.com\\\/textilegence\",\"https:\\\/\\\/www.instagram.com\\\/textilegence\\\/\",\"https:\\\/\\\/www.linkedin.com\\\/groups\\\/Textilegence-Magazine-Digital-Platform-4897253\",\"https:\\\/\\\/www.youtube.com\\\/user\\\/textilegence\"],\"description\":\"Textilegence is a magazine and digital platform established in 2013. It focuses on the textile industry and sub-segments. The platform provides news, articles, and updates on various aspects of the textile industry, including sustainability, technological advancements, and market trends.\",\"email\":\"editor@textilegence.com\",\"telephone\":\"+90 212 442 24 12\",\"legalName\":\"Textilegence Mag and Digital Platform\",\"foundingDate\":\"2013-01-01\",\"numberOfEmployees\":{\"@type\":\"QuantitativeValue\",\"minValue\":\"1\",\"maxValue\":\"10\"}},{\"@type\":\"Person\",\"@id\":\"https:\\\/\\\/www.textilegence.com\\\/en\\\/#\\\/schema\\\/person\\\/1c3977109f8a6e1e2b95678836d75cb7\",\"name\":\"Fatih Cengiarslan\",\"image\":{\"@type\":\"ImageObject\",\"inLanguage\":\"en-US\",\"@id\":\"https:\\\/\\\/www.textilegence.com\\\/wp-content\\\/uploads\\\/2018\\\/12\\\/fatih-cengiarslan.jpg\",\"url\":\"https:\\\/\\\/www.textilegence.com\\\/wp-content\\\/uploads\\\/2018\\\/12\\\/fatih-cengiarslan.jpg\",\"contentUrl\":\"https:\\\/\\\/www.textilegence.com\\\/wp-content\\\/uploads\\\/2018\\\/12\\\/fatih-cengiarslan.jpg\",\"caption\":\"Fatih Cengiarslan\"},\"description\":\"Fatih Cengiarslan; Akademik \u0130ngilizce e\u011fitimini Bat\u0131 Avustralya \u00dcniversitesi\u2019nde tamamlad\u0131ktan sonra T\u00fcrkiye\u2019ye d\u00f6nerek \u0130stanbul Ayd\u0131n \u00dcniversitesi\u2019nde \u0130nternet Gazetecili\u011fi ve Yay\u0131nc\u0131l\u0131k b\u00f6l\u00fcm\u00fcn\u00fc bitirip, Litvanya \u2013 Kaunas Teknoloji \u00dcniversitesi\u2019nde interaktif media \u00fczerine 8 ayl\u0131k e\u011fitim ald\u0131. Daha sonra Eski\u015fehir Anadolu \u00dcniversitesi girerek \u0130\u015fletme Fak\u00fcltesini ba\u015far\u0131yla tamamlad\u0131. CNNTURK\u2019 kanal\u0131nda staj\u0131n\u0131 tamamlad\u0131ktan sonra Referans Gazetesi\u2019nde \u00e7al\u0131\u015fmaya ba\u015flad\u0131. 2 y\u0131l sonra Textilegence markas\u0131yla tekstil end\u00fcstrisine y\u00f6nelik kendi medyas\u0131n\u0131 kurdu. \u015eu anda Textilegence.com, Printing3D ve NEFA PR Ajans\u0131\u2019n\u0131n 12 y\u0131ld\u0131r y\u00f6netimini yapmaktad\u0131r.\",\"sameAs\":[\"https:\\\/\\\/www.textilegence.com\",\"https:\\\/\\\/www.facebook.com\\\/TextilegenceMagazine\",\"https:\\\/\\\/www.instagram.com\\\/textilegence\\\/\",\"https:\\\/\\\/www.linkedin.com\\\/in\\\/fatih-cengiarslan-32352265\\\/\",\"https:\\\/\\\/x.com\\\/https:\\\/\\\/twitter.com\\\/textilegence\"],\"url\":\"https:\\\/\\\/www.textilegence.com\\\/en\\\/author\\\/admin\\\/\"}]}<\/script>\n<!-- \/ Yoast SEO Premium plugin. -->","yoast_head_json":{"title":"Exhibitions also start to participate in sanctions on Russia - Textilegence","description":"Exhibitions started to participate in the economic sanctions on Russia around the world after the attack on Ukraine by Russia...","robots":{"index":"index","follow":"follow","max-snippet":"max-snippet:-1","max-image-preview":"max-image-preview:large","max-video-preview":"max-video-preview:-1"},"canonical":"https:\/\/www.textilegence.com\/en\/exhibitions-also-start-to-participate-in-the-sanctions-on-russia\/","og_locale":"en_US","og_type":"article","og_title":"Exhibitions also start to participate in the sanctions on Russia","og_description":"Exhibitions started to participate in the economic sanctions on Russia around the world after the attack on Ukraine by Russia. Messe Frankfurt, one of the","og_url":"https:\/\/www.textilegence.com\/en\/exhibitions-also-start-to-participate-in-the-sanctions-on-russia\/","og_site_name":"Textilegence Magazine and Digital Platform","article_publisher":"https:\/\/www.facebook.com\/TextilegenceMagazine","article_author":"https:\/\/www.facebook.com\/TextilegenceMagazine","article_published_time":"2022-03-10T13:19:54+00:00","article_modified_time":"2022-03-10T13:20:01+00:00","og_image":[{"width":1200,"height":675,"url":"https:\/\/www.textilegence.com\/wp-content\/uploads\/2022\/03\/russia-textilegence.jpg","type":"image\/jpeg"}],"author":"Fatih Cengiarslan","twitter_card":"summary_large_image","twitter_creator":"@https:\/\/twitter.com\/textilegence","twitter_site":"@textilegence","twitter_misc":{"Written by":"Fatih Cengiarslan","Est. reading time":"4 minutes"},"schema":{"@context":"https:\/\/schema.org","@graph":[{"@type":"NewsArticle","@id":"https:\/\/www.textilegence.com\/en\/exhibitions-also-start-to-participate-in-the-sanctions-on-russia\/#article","isPartOf":{"@id":"https:\/\/www.textilegence.com\/en\/exhibitions-also-start-to-participate-in-the-sanctions-on-russia\/"},"author":{"name":"Fatih Cengiarslan","@id":"https:\/\/www.textilegence.com\/en\/#\/schema\/person\/1c3977109f8a6e1e2b95678836d75cb7"},"headline":"Exhibitions also start to participate in the sanctions on Russia","datePublished":"2022-03-10T13:19:54+00:00","dateModified":"2022-03-10T13:20:01+00:00","mainEntityOfPage":{"@id":"https:\/\/www.textilegence.com\/en\/exhibitions-also-start-to-participate-in-the-sanctions-on-russia\/"},"wordCount":526,"commentCount":0,"publisher":{"@id":"https:\/\/www.textilegence.com\/en\/#organization"},"image":{"@id":"https:\/\/www.textilegence.com\/en\/exhibitions-also-start-to-participate-in-the-sanctions-on-russia\/#primaryimage"},"thumbnailUrl":"https:\/\/www.textilegence.com\/wp-content\/uploads\/2022\/03\/russia-textilegence.jpg","keywords":["messe frankfurt","Russia","textile news","topical","Ukraine"],"articleSection":["Topical"],"inLanguage":"en-US","potentialAction":[{"@type":"CommentAction","name":"Comment","target":["https:\/\/www.textilegence.com\/en\/exhibitions-also-start-to-participate-in-the-sanctions-on-russia\/#respond"]}]},{"@type":"WebPage","@id":"https:\/\/www.textilegence.com\/en\/exhibitions-also-start-to-participate-in-the-sanctions-on-russia\/","url":"https:\/\/www.textilegence.com\/en\/exhibitions-also-start-to-participate-in-the-sanctions-on-russia\/","name":"Exhibitions also start to participate in sanctions on Russia - Textilegence","isPartOf":{"@id":"https:\/\/www.textilegence.com\/en\/#website"},"primaryImageOfPage":{"@id":"https:\/\/www.textilegence.com\/en\/exhibitions-also-start-to-participate-in-the-sanctions-on-russia\/#primaryimage"},"image":{"@id":"https:\/\/www.textilegence.com\/en\/exhibitions-also-start-to-participate-in-the-sanctions-on-russia\/#primaryimage"},"thumbnailUrl":"https:\/\/www.textilegence.com\/wp-content\/uploads\/2022\/03\/russia-textilegence.jpg","datePublished":"2022-03-10T13:19:54+00:00","dateModified":"2022-03-10T13:20:01+00:00","description":"Exhibitions started to participate in the economic sanctions on Russia around the world after the attack on Ukraine by Russia...","breadcrumb":{"@id":"https:\/\/www.textilegence.com\/en\/exhibitions-also-start-to-participate-in-the-sanctions-on-russia\/#breadcrumb"},"inLanguage":"en-US","potentialAction":[{"@type":"ReadAction","target":["https:\/\/www.textilegence.com\/en\/exhibitions-also-start-to-participate-in-the-sanctions-on-russia\/"]}]},{"@type":"ImageObject","inLanguage":"en-US","@id":"https:\/\/www.textilegence.com\/en\/exhibitions-also-start-to-participate-in-the-sanctions-on-russia\/#primaryimage","url":"https:\/\/www.textilegence.com\/wp-content\/uploads\/2022\/03\/russia-textilegence.jpg","contentUrl":"https:\/\/www.textilegence.com\/wp-content\/uploads\/2022\/03\/russia-textilegence.jpg","width":1200,"height":675},{"@type":"BreadcrumbList","@id":"https:\/\/www.textilegence.com\/en\/exhibitions-also-start-to-participate-in-the-sanctions-on-russia\/#breadcrumb","itemListElement":[{"@type":"ListItem","position":1,"name":"Home Page","item":"https:\/\/www.textilegence.com\/en\/homepage-the-rimont\/"},{"@type":"ListItem","position":2,"name":"Topical","item":"https:\/\/www.textilegence.com\/en\/category\/topical\/"},{"@type":"ListItem","position":3,"name":"Exhibitions also start to participate in the sanctions on Russia"}]},{"@type":"WebSite","@id":"https:\/\/www.textilegence.com\/en\/#website","url":"https:\/\/www.textilegence.com\/en\/","name":"Textilegence Magazine and Digital Platform","description":"Textile News Center","publisher":{"@id":"https:\/\/www.textilegence.com\/en\/#organization"},"potentialAction":[{"@type":"SearchAction","target":{"@type":"EntryPoint","urlTemplate":"https:\/\/www.textilegence.com\/en\/?s={search_term_string}"},"query-input":{"@type":"PropertyValueSpecification","valueRequired":true,"valueName":"search_term_string"}}],"inLanguage":"en-US"},{"@type":"Organization","@id":"https:\/\/www.textilegence.com\/en\/#organization","name":"Textilegence Magazine and Digital Platform","url":"https:\/\/www.textilegence.com\/en\/","logo":{"@type":"ImageObject","inLanguage":"en-US","@id":"https:\/\/www.textilegence.com\/en\/#\/schema\/logo\/image\/","url":"https:\/\/www.textilegence.com\/wp-content\/uploads\/2016\/11\/New_Retina_Logo_Textilegence.png","contentUrl":"https:\/\/www.textilegence.com\/wp-content\/uploads\/2016\/11\/New_Retina_Logo_Textilegence.png","width":544,"height":180,"caption":"Textilegence Magazine and Digital Platform"},"image":{"@id":"https:\/\/www.textilegence.com\/en\/#\/schema\/logo\/image\/"},"sameAs":["https:\/\/www.facebook.com\/TextilegenceMagazine","https:\/\/x.com\/textilegence","https:\/\/www.instagram.com\/textilegence\/","https:\/\/www.linkedin.com\/groups\/Textilegence-Magazine-Digital-Platform-4897253","https:\/\/www.youtube.com\/user\/textilegence"],"description":"Textilegence is a magazine and digital platform established in 2013. It focuses on the textile industry and sub-segments. The platform provides news, articles, and updates on various aspects of the textile industry, including sustainability, technological advancements, and market trends.","email":"editor@textilegence.com","telephone":"+90 212 442 24 12","legalName":"Textilegence Mag and Digital Platform","foundingDate":"2013-01-01","numberOfEmployees":{"@type":"QuantitativeValue","minValue":"1","maxValue":"10"}},{"@type":"Person","@id":"https:\/\/www.textilegence.com\/en\/#\/schema\/person\/1c3977109f8a6e1e2b95678836d75cb7","name":"Fatih Cengiarslan","image":{"@type":"ImageObject","inLanguage":"en-US","@id":"https:\/\/www.textilegence.com\/wp-content\/uploads\/2018\/12\/fatih-cengiarslan.jpg","url":"https:\/\/www.textilegence.com\/wp-content\/uploads\/2018\/12\/fatih-cengiarslan.jpg","contentUrl":"https:\/\/www.textilegence.com\/wp-content\/uploads\/2018\/12\/fatih-cengiarslan.jpg","caption":"Fatih Cengiarslan"},"description":"Fatih Cengiarslan; Akademik \u0130ngilizce e\u011fitimini Bat\u0131 Avustralya \u00dcniversitesi\u2019nde tamamlad\u0131ktan sonra T\u00fcrkiye\u2019ye d\u00f6nerek \u0130stanbul Ayd\u0131n \u00dcniversitesi\u2019nde \u0130nternet Gazetecili\u011fi ve Yay\u0131nc\u0131l\u0131k b\u00f6l\u00fcm\u00fcn\u00fc bitirip, Litvanya \u2013 Kaunas Teknoloji \u00dcniversitesi\u2019nde interaktif media \u00fczerine 8 ayl\u0131k e\u011fitim ald\u0131. Daha sonra Eski\u015fehir Anadolu \u00dcniversitesi girerek \u0130\u015fletme Fak\u00fcltesini ba\u015far\u0131yla tamamlad\u0131. CNNTURK\u2019 kanal\u0131nda staj\u0131n\u0131 tamamlad\u0131ktan sonra Referans Gazetesi\u2019nde \u00e7al\u0131\u015fmaya ba\u015flad\u0131. 2 y\u0131l sonra Textilegence markas\u0131yla tekstil end\u00fcstrisine y\u00f6nelik kendi medyas\u0131n\u0131 kurdu. \u015eu anda Textilegence.com, Printing3D ve NEFA PR Ajans\u0131\u2019n\u0131n 12 y\u0131ld\u0131r y\u00f6netimini yapmaktad\u0131r.","sameAs":["https:\/\/www.textilegence.com","https:\/\/www.facebook.com\/TextilegenceMagazine","https:\/\/www.instagram.com\/textilegence\/","https:\/\/www.linkedin.com\/in\/fatih-cengiarslan-32352265\/","https:\/\/x.com\/https:\/\/twitter.com\/textilegence"],"url":"https:\/\/www.textilegence.com\/en\/author\/admin\/"}]}},"_links":{"self":[{"href":"https:\/\/www.textilegence.com\/en\/wp-json\/wp\/v2\/posts\/45331","targetHints":{"allow":["GET"]}}],"collection":[{"href":"https:\/\/www.textilegence.com\/en\/wp-json\/wp\/v2\/posts"}],"about":[{"href":"https:\/\/www.textilegence.com\/en\/wp-json\/wp\/v2\/types\/post"}],"author":[{"embeddable":true,"href":"https:\/\/www.textilegence.com\/en\/wp-json\/wp\/v2\/users\/8"}],"replies":[{"embeddable":true,"href":"https:\/\/www.textilegence.com\/en\/wp-json\/wp\/v2\/comments?post=45331"}],"version-history":[{"count":0,"href":"https:\/\/www.textilegence.com\/en\/wp-json\/wp\/v2\/posts\/45331\/revisions"}],"wp:featuredmedia":[{"embeddable":true,"href":"https:\/\/www.textilegence.com\/en\/wp-json\/wp\/v2\/media\/45327"}],"wp:attachment":[{"href":"https:\/\/www.textilegence.com\/en\/wp-json\/wp\/v2\/media?parent=45331"}],"wp:term":[{"taxonomy":"category","embeddable":true,"href":"https:\/\/www.textilegence.com\/en\/wp-json\/wp\/v2\/categories?post=45331"},{"taxonomy":"post_tag","embeddable":true,"href":"https:\/\/www.textilegence.com\/en\/wp-json\/wp\/v2\/tags?post=45331"}],"curies":[{"name":"wp","href":"https:\/\/api.w.org\/{rel}","templated":true}]}}