{"id":45728,"date":"2022-03-21T16:50:26","date_gmt":"2022-03-21T13:50:26","guid":{"rendered":"http:\/\/www.textilegence.com\/?p=45728"},"modified":"2022-03-21T16:50:34","modified_gmt":"2022-03-21T13:50:34","slug":"trutzschler-at-itm-2022-with-comprehensive-solutions-from-fibre-to-nonwoven","status":"publish","type":"post","link":"https:\/\/www.textilegence.com\/en\/trutzschler-at-itm-2022-with-comprehensive-solutions-from-fibre-to-nonwoven\/","title":{"rendered":"Tr\u00fctzschler at ITM 2022 with comprehensive solutions from fibre to nonwoven"},"content":{"rendered":"\n<p>German textile machinery <a href=\"https:\/\/www.truetzschler.de\/en\/\" target=\"_blank\" rel=\"noreferrer noopener\">manufacturer <\/a>Tr\u00fctzschler Group SE is preparing to meet with the Turkish market on June 14-18. Visitors will be able to see spinning, card clothing, nonwoven and synthetic fibre solutions closely and get information about the latest developments at Tr\u00fctzschler&#8217;s booth 308 in Hall 3. The company\u2019s booth will also feature different sustainable products such as card slivers and fabrics made from recycled materials.<\/p>\n\n\n\n<p>Tr\u00fctzschler Group SE CSO Alexander Stampfer underlined in an interview with Textilegence that T\u00fcrkiye is one of their top markets in the world and that their business units have had tight business relations with the local spinning, carpet and nonwoven industry here for decades. Stampfer stated that this is why <a href=\"\/?cat_ID=194\" target=\"_blank\" rel=\"noreferrer noopener\">ITM<\/a> is very important for them and expressed that they are very pleased to finally meet new and existing customers and partners face-to-face again in Istanbul in June.&nbsp;<\/p>\n\n\n\n<div class=\"wp-block-image\"><figure class=\"aligncenter size-full\"><img loading=\"lazy\" decoding=\"async\" width=\"1200\" height=\"675\" src=\"https:\/\/www.textilegence.com\/wp-content\/uploads\/2022\/03\/truetzcshler-detail.jpg\" alt=\"\" class=\"wp-image-45739\" srcset=\"https:\/\/www.textilegence.com\/wp-content\/uploads\/2022\/03\/truetzcshler-detail.jpg 1200w, https:\/\/www.textilegence.com\/wp-content\/uploads\/2022\/03\/truetzcshler-detail-768x432.jpg 768w, https:\/\/www.textilegence.com\/wp-content\/uploads\/2022\/03\/truetzcshler-detail-300x169.jpg 300w, https:\/\/www.textilegence.com\/wp-content\/uploads\/2022\/03\/truetzcshler-detail-600x338.jpg 600w, https:\/\/www.textilegence.com\/wp-content\/uploads\/2022\/03\/truetzcshler-detail-696x392.jpg 696w, https:\/\/www.textilegence.com\/wp-content\/uploads\/2022\/03\/truetzcshler-detail-1068x601.jpg 1068w\" sizes=\"auto, (max-width: 1200px) 100vw, 1200px\" \/><figcaption>Tr\u00fctzschler Group SE CSO Alexander Stampfer<\/figcaption><\/figure><\/div>\n\n\n\n<h2 class=\"wp-block-heading\" id=\"h-trutzschler-will-show-its-strength-with-the-latest-card-and-comber-solutions\">Tr\u00fctzschler will show its strength with the latest card and comber solutions<\/h2>\n\n\n\n<p>Alexander Stampfer relayed that spinning, card clothing, nonwoven and synthetic fibre solutions await the visitors at the <a href=\"https:\/\/www.itmexhibition.com\/itm2022\/home\/\" target=\"_blank\" rel=\"noreferrer noopener\">exhibition <\/a>and said that they will exhibit their new state-of-the-art combing machine TCO 21, which stands for highest productivity with unrivalled sliver quality and perfect fibre control for reduced comber noil. He also stated that they will provide useful insights into their successfully launched pre-cleaner CL-X and their intelligent card TC 19i and continued his words as follows; \u201cTr\u00fctzschler Card Clothing will provide a range of unique wires, e.g. for recycling applications, Tr\u00fctzschler Nonwovens shares the latest about sustainable nonwovens, e.g. made of natural or cellulose fibres, while Tr\u00fctzschler Man-Made Fibers provides insights into its OPTIMA platform for Mono and Tricolor carpet yarn\u201d.<\/p>\n\n\n\n<p>Stampfer mentioned that they have driven their vision of an intelligent and sustainable spinning preparation process over the last years, stating that all of these machinery contribute to concepts of automation and Industry 4.0, and facilitate a more sustainable textile chain. He disclosed that sustainable nonwovens are a clear focus at Tr\u00fctzschler and relayed that their special roller cards for cotton processing offer a recycling solution for comber noil and other cotton waste from the spinning industry.<\/p>\n\n\n\n<p>Stampfer explained that they see an outstanding demand for the latest spinning preparation machinery solutions in T\u00fcrkiye and said; \u201cRaw material utilization and energy cost remain one of the most important decision criteria. We see clear trends towards recycling and sustainable products in all our business areas. Our local service team is fully dedicated to the fast and competent support of our spinning, nonwovens and MMF customers during the whole lifecycle of their installation. In addition, close collaboration with our local representatives enables us to act in an efficient and reliable way\u201d.<\/p>\n","protected":false},"excerpt":{"rendered":"<p>German textile machinery manufacturer Tr\u00fctzschler Group SE is preparing to meet with the Turkish market on June 14-18. Visitors will be able to see spinning, card clothing, nonwoven and synthetic fibre solutions closely and get information about the latest developments at Tr\u00fctzschler&#8217;s booth 308 in Hall 3. The company\u2019s booth will also feature different sustainable [&hellip;]<\/p>\n","protected":false},"author":2,"featured_media":45737,"comment_status":"open","ping_status":"closed","sticky":false,"template":"","format":"standard","meta":{"footnotes":""},"categories":[15023],"tags":[15008,10369,11460],"class_list":{"0":"post-45728","1":"post","2":"type-post","3":"status-publish","4":"format-standard","5":"has-post-thumbnail","7":"category-itm","8":"tag-itm-2022","9":"tag-textile-news-en","10":"tag-truetzschler"},"yoast_head":"<!-- This site is optimized with the Yoast SEO Premium plugin v27.3 (Yoast SEO v27.3) - https:\/\/yoast.com\/product\/yoast-seo-premium-wordpress\/ -->\n<title>Tr\u00fctzschler at ITM 2022 with comprehensive solutions - Textilegence<\/title>\n<meta name=\"description\" content=\"German textile machinery manufacturer Tr\u00fctzschler Group SE is preparing to meet with the Turkish market on June 14-18...\" \/>\n<meta name=\"robots\" content=\"index, follow, max-snippet:-1, max-image-preview:large, max-video-preview:-1\" \/>\n<link rel=\"canonical\" href=\"https:\/\/www.textilegence.com\/en\/trutzschler-at-itm-2022-with-comprehensive-solutions-from-fibre-to-nonwoven\/\" \/>\n<meta property=\"og:locale\" content=\"en_US\" \/>\n<meta property=\"og:type\" content=\"article\" \/>\n<meta property=\"og:title\" content=\"Tr\u00fctzschler at ITM 2022 with comprehensive solutions from fibre to nonwoven\" \/>\n<meta property=\"og:description\" content=\"German textile machinery manufacturer Tr\u00fctzschler Group SE is preparing to meet with the Turkish market on June 14-18. Visitors will be able to see\" \/>\n<meta property=\"og:url\" content=\"https:\/\/www.textilegence.com\/en\/trutzschler-at-itm-2022-with-comprehensive-solutions-from-fibre-to-nonwoven\/\" \/>\n<meta property=\"og:site_name\" content=\"Textilegence Magazine and Digital Platform\" \/>\n<meta property=\"article:publisher\" content=\"https:\/\/www.facebook.com\/TextilegenceMagazine\" \/>\n<meta property=\"article:author\" content=\"https:\/\/www.facebook.com\/TextilegenceMagazine\" \/>\n<meta property=\"article:published_time\" content=\"2022-03-21T13:50:26+00:00\" \/>\n<meta property=\"article:modified_time\" content=\"2022-03-21T13:50:34+00:00\" \/>\n<meta property=\"og:image\" content=\"https:\/\/www.textilegence.com\/wp-content\/uploads\/2022\/03\/truetzcshler-textilegence.jpg\" \/>\n\t<meta property=\"og:image:width\" content=\"1200\" \/>\n\t<meta property=\"og:image:height\" content=\"675\" \/>\n\t<meta property=\"og:image:type\" content=\"image\/jpeg\" \/>\n<meta name=\"author\" content=\"Engin Buz\" \/>\n<meta name=\"twitter:card\" content=\"summary_large_image\" \/>\n<meta name=\"twitter:creator\" content=\"@https:\/\/twitter.com\/textilegence\" \/>\n<meta name=\"twitter:site\" content=\"@textilegence\" \/>\n<meta name=\"twitter:label1\" content=\"Written by\" \/>\n\t<meta name=\"twitter:data1\" content=\"Engin Buz\" \/>\n\t<meta name=\"twitter:label2\" content=\"Est. reading time\" \/>\n\t<meta name=\"twitter:data2\" content=\"3 minutes\" \/>\n<script type=\"application\/ld+json\" class=\"yoast-schema-graph\">{\"@context\":\"https:\\\/\\\/schema.org\",\"@graph\":[{\"@type\":\"NewsArticle\",\"@id\":\"https:\\\/\\\/www.textilegence.com\\\/en\\\/trutzschler-at-itm-2022-with-comprehensive-solutions-from-fibre-to-nonwoven\\\/#article\",\"isPartOf\":{\"@id\":\"https:\\\/\\\/www.textilegence.com\\\/en\\\/trutzschler-at-itm-2022-with-comprehensive-solutions-from-fibre-to-nonwoven\\\/\"},\"author\":{\"name\":\"Engin Buz\",\"@id\":\"https:\\\/\\\/www.textilegence.com\\\/en\\\/#\\\/schema\\\/person\\\/46ccc7bfc34edbc7d46b6b189f88849f\"},\"headline\":\"Tr\u00fctzschler at ITM 2022 with comprehensive solutions from fibre to nonwoven\",\"datePublished\":\"2022-03-21T13:50:26+00:00\",\"dateModified\":\"2022-03-21T13:50:34+00:00\",\"mainEntityOfPage\":{\"@id\":\"https:\\\/\\\/www.textilegence.com\\\/en\\\/trutzschler-at-itm-2022-with-comprehensive-solutions-from-fibre-to-nonwoven\\\/\"},\"wordCount\":474,\"commentCount\":0,\"publisher\":{\"@id\":\"https:\\\/\\\/www.textilegence.com\\\/en\\\/#organization\"},\"image\":{\"@id\":\"https:\\\/\\\/www.textilegence.com\\\/en\\\/trutzschler-at-itm-2022-with-comprehensive-solutions-from-fibre-to-nonwoven\\\/#primaryimage\"},\"thumbnailUrl\":\"https:\\\/\\\/www.textilegence.com\\\/wp-content\\\/uploads\\\/2022\\\/03\\\/truetzcshler-textilegence.jpg\",\"keywords\":[\"itm 2022\",\"textile news\",\"truetzschler\"],\"articleSection\":[\"ITM\"],\"inLanguage\":\"en-US\",\"potentialAction\":[{\"@type\":\"CommentAction\",\"name\":\"Comment\",\"target\":[\"https:\\\/\\\/www.textilegence.com\\\/en\\\/trutzschler-at-itm-2022-with-comprehensive-solutions-from-fibre-to-nonwoven\\\/#respond\"]}]},{\"@type\":\"WebPage\",\"@id\":\"https:\\\/\\\/www.textilegence.com\\\/en\\\/trutzschler-at-itm-2022-with-comprehensive-solutions-from-fibre-to-nonwoven\\\/\",\"url\":\"https:\\\/\\\/www.textilegence.com\\\/en\\\/trutzschler-at-itm-2022-with-comprehensive-solutions-from-fibre-to-nonwoven\\\/\",\"name\":\"Tr\u00fctzschler at ITM 2022 with comprehensive solutions - Textilegence\",\"isPartOf\":{\"@id\":\"https:\\\/\\\/www.textilegence.com\\\/en\\\/#website\"},\"primaryImageOfPage\":{\"@id\":\"https:\\\/\\\/www.textilegence.com\\\/en\\\/trutzschler-at-itm-2022-with-comprehensive-solutions-from-fibre-to-nonwoven\\\/#primaryimage\"},\"image\":{\"@id\":\"https:\\\/\\\/www.textilegence.com\\\/en\\\/trutzschler-at-itm-2022-with-comprehensive-solutions-from-fibre-to-nonwoven\\\/#primaryimage\"},\"thumbnailUrl\":\"https:\\\/\\\/www.textilegence.com\\\/wp-content\\\/uploads\\\/2022\\\/03\\\/truetzcshler-textilegence.jpg\",\"datePublished\":\"2022-03-21T13:50:26+00:00\",\"dateModified\":\"2022-03-21T13:50:34+00:00\",\"description\":\"German textile machinery manufacturer Tr\u00fctzschler Group SE is preparing to meet with the Turkish market on June 14-18...\",\"breadcrumb\":{\"@id\":\"https:\\\/\\\/www.textilegence.com\\\/en\\\/trutzschler-at-itm-2022-with-comprehensive-solutions-from-fibre-to-nonwoven\\\/#breadcrumb\"},\"inLanguage\":\"en-US\",\"potentialAction\":[{\"@type\":\"ReadAction\",\"target\":[\"https:\\\/\\\/www.textilegence.com\\\/en\\\/trutzschler-at-itm-2022-with-comprehensive-solutions-from-fibre-to-nonwoven\\\/\"]}]},{\"@type\":\"ImageObject\",\"inLanguage\":\"en-US\",\"@id\":\"https:\\\/\\\/www.textilegence.com\\\/en\\\/trutzschler-at-itm-2022-with-comprehensive-solutions-from-fibre-to-nonwoven\\\/#primaryimage\",\"url\":\"https:\\\/\\\/www.textilegence.com\\\/wp-content\\\/uploads\\\/2022\\\/03\\\/truetzcshler-textilegence.jpg\",\"contentUrl\":\"https:\\\/\\\/www.textilegence.com\\\/wp-content\\\/uploads\\\/2022\\\/03\\\/truetzcshler-textilegence.jpg\",\"width\":1200,\"height\":675},{\"@type\":\"BreadcrumbList\",\"@id\":\"https:\\\/\\\/www.textilegence.com\\\/en\\\/trutzschler-at-itm-2022-with-comprehensive-solutions-from-fibre-to-nonwoven\\\/#breadcrumb\",\"itemListElement\":[{\"@type\":\"ListItem\",\"position\":1,\"name\":\"Home Page\",\"item\":\"https:\\\/\\\/www.textilegence.com\\\/en\\\/homepage-the-rimont\\\/\"},{\"@type\":\"ListItem\",\"position\":2,\"name\":\"ITM\",\"item\":\"https:\\\/\\\/www.textilegence.com\\\/en\\\/category\\\/itm\\\/\"},{\"@type\":\"ListItem\",\"position\":3,\"name\":\"Tr\u00fctzschler at ITM 2022 with comprehensive solutions from fibre to nonwoven\"}]},{\"@type\":\"WebSite\",\"@id\":\"https:\\\/\\\/www.textilegence.com\\\/en\\\/#website\",\"url\":\"https:\\\/\\\/www.textilegence.com\\\/en\\\/\",\"name\":\"Textilegence Magazine and Digital Platform\",\"description\":\"Textile News Center\",\"publisher\":{\"@id\":\"https:\\\/\\\/www.textilegence.com\\\/en\\\/#organization\"},\"potentialAction\":[{\"@type\":\"SearchAction\",\"target\":{\"@type\":\"EntryPoint\",\"urlTemplate\":\"https:\\\/\\\/www.textilegence.com\\\/en\\\/?s={search_term_string}\"},\"query-input\":{\"@type\":\"PropertyValueSpecification\",\"valueRequired\":true,\"valueName\":\"search_term_string\"}}],\"inLanguage\":\"en-US\"},{\"@type\":\"Organization\",\"@id\":\"https:\\\/\\\/www.textilegence.com\\\/en\\\/#organization\",\"name\":\"Textilegence Magazine and Digital Platform\",\"url\":\"https:\\\/\\\/www.textilegence.com\\\/en\\\/\",\"logo\":{\"@type\":\"ImageObject\",\"inLanguage\":\"en-US\",\"@id\":\"https:\\\/\\\/www.textilegence.com\\\/en\\\/#\\\/schema\\\/logo\\\/image\\\/\",\"url\":\"https:\\\/\\\/www.textilegence.com\\\/wp-content\\\/uploads\\\/2016\\\/11\\\/New_Retina_Logo_Textilegence.png\",\"contentUrl\":\"https:\\\/\\\/www.textilegence.com\\\/wp-content\\\/uploads\\\/2016\\\/11\\\/New_Retina_Logo_Textilegence.png\",\"width\":544,\"height\":180,\"caption\":\"Textilegence Magazine and Digital Platform\"},\"image\":{\"@id\":\"https:\\\/\\\/www.textilegence.com\\\/en\\\/#\\\/schema\\\/logo\\\/image\\\/\"},\"sameAs\":[\"https:\\\/\\\/www.facebook.com\\\/TextilegenceMagazine\",\"https:\\\/\\\/x.com\\\/textilegence\",\"https:\\\/\\\/www.instagram.com\\\/textilegence\\\/\",\"https:\\\/\\\/www.linkedin.com\\\/groups\\\/Textilegence-Magazine-Digital-Platform-4897253\",\"https:\\\/\\\/www.youtube.com\\\/user\\\/textilegence\"],\"description\":\"Textilegence is a magazine and digital platform established in 2013. It focuses on the textile industry and sub-segments. The platform provides news, articles, and updates on various aspects of the textile industry, including sustainability, technological advancements, and market trends.\",\"email\":\"editor@textilegence.com\",\"telephone\":\"+90 212 442 24 12\",\"legalName\":\"Textilegence Mag and Digital Platform\",\"foundingDate\":\"2013-01-01\",\"numberOfEmployees\":{\"@type\":\"QuantitativeValue\",\"minValue\":\"1\",\"maxValue\":\"10\"}},{\"@type\":\"Person\",\"@id\":\"https:\\\/\\\/www.textilegence.com\\\/en\\\/#\\\/schema\\\/person\\\/46ccc7bfc34edbc7d46b6b189f88849f\",\"name\":\"Engin Buz\",\"image\":{\"@type\":\"ImageObject\",\"inLanguage\":\"en-US\",\"@id\":\"https:\\\/\\\/www.textilegence.com\\\/wp-content\\\/uploads\\\/2018\\\/12\\\/engin-buz.jpg\",\"url\":\"https:\\\/\\\/www.textilegence.com\\\/wp-content\\\/uploads\\\/2018\\\/12\\\/engin-buz.jpg\",\"contentUrl\":\"https:\\\/\\\/www.textilegence.com\\\/wp-content\\\/uploads\\\/2018\\\/12\\\/engin-buz.jpg\",\"caption\":\"Engin Buz\"},\"description\":\"Engin Buz, Ankara \u00dcniversitesi \u0130leti\u015fim Fak\u00fcltesi Gazetecilik B\u00f6l\u00fcm\u00fc\u2019nden mezun olduktan sonra Y\u0131ld\u0131z Teknik \u00dcniversitesi\u2019nde Siyaset Bilimi ve Uluslararas\u0131 \u0130li\u015fkiler alan\u0131nda y\u00fcksek lisans\u0131n\u0131 tamamlam\u0131\u015ft\u0131r. 2000 y\u0131l\u0131ndan sonra \u00e7e\u015fitli yay\u0131nc\u0131l\u0131k \u015firketlerinde \u00e7al\u0131\u015fmaya ba\u015flayarak k\u00fclt\u00fcr-sanat ve daha sonra ekonomi haberleri haz\u0131rlam\u0131\u015ft\u0131r. 2009 y\u0131l\u0131ndan itibaren tekstil end\u00fcstrisine d\u00f6n\u00fck yay\u0131nlarda edit\u00f6r olarak g\u00f6rev alan Buz, 2013 itibariyle kurulan Textilegence\u2019de haber edit\u00f6r\u00fc olarak yer almaya ba\u015flam\u0131\u015ft\u0131r. Engin Buz halen ba\u015fta tekstil ve dijital bask\u0131 end\u00fcstrileri olmak \u00fczere ekonomi haberleri haz\u0131rlamaktad\u0131r.\",\"sameAs\":[\"https:\\\/\\\/www.textilegence.com\",\"https:\\\/\\\/www.facebook.com\\\/TextilegenceMagazine\",\"https:\\\/\\\/www.instagram.com\\\/textilegence\\\/\",\"https:\\\/\\\/www.linkedin.com\\\/in\\\/engin-buz-6190799a\\\/\",\"https:\\\/\\\/x.com\\\/https:\\\/\\\/twitter.com\\\/textilegence\"],\"url\":\"https:\\\/\\\/www.textilegence.com\\\/en\\\/author\\\/engin-buz\\\/\"}]}<\/script>\n<!-- \/ Yoast SEO Premium plugin. -->","yoast_head_json":{"title":"Tr\u00fctzschler at ITM 2022 with comprehensive solutions - Textilegence","description":"German textile machinery manufacturer Tr\u00fctzschler Group SE is preparing to meet with the Turkish market on June 14-18...","robots":{"index":"index","follow":"follow","max-snippet":"max-snippet:-1","max-image-preview":"max-image-preview:large","max-video-preview":"max-video-preview:-1"},"canonical":"https:\/\/www.textilegence.com\/en\/trutzschler-at-itm-2022-with-comprehensive-solutions-from-fibre-to-nonwoven\/","og_locale":"en_US","og_type":"article","og_title":"Tr\u00fctzschler at ITM 2022 with comprehensive solutions from fibre to nonwoven","og_description":"German textile machinery manufacturer Tr\u00fctzschler Group SE is preparing to meet with the Turkish market on June 14-18. Visitors will be able to see","og_url":"https:\/\/www.textilegence.com\/en\/trutzschler-at-itm-2022-with-comprehensive-solutions-from-fibre-to-nonwoven\/","og_site_name":"Textilegence Magazine and Digital Platform","article_publisher":"https:\/\/www.facebook.com\/TextilegenceMagazine","article_author":"https:\/\/www.facebook.com\/TextilegenceMagazine","article_published_time":"2022-03-21T13:50:26+00:00","article_modified_time":"2022-03-21T13:50:34+00:00","og_image":[{"width":1200,"height":675,"url":"https:\/\/www.textilegence.com\/wp-content\/uploads\/2022\/03\/truetzcshler-textilegence.jpg","type":"image\/jpeg"}],"author":"Engin Buz","twitter_card":"summary_large_image","twitter_creator":"@https:\/\/twitter.com\/textilegence","twitter_site":"@textilegence","twitter_misc":{"Written by":"Engin Buz","Est. reading time":"3 minutes"},"schema":{"@context":"https:\/\/schema.org","@graph":[{"@type":"NewsArticle","@id":"https:\/\/www.textilegence.com\/en\/trutzschler-at-itm-2022-with-comprehensive-solutions-from-fibre-to-nonwoven\/#article","isPartOf":{"@id":"https:\/\/www.textilegence.com\/en\/trutzschler-at-itm-2022-with-comprehensive-solutions-from-fibre-to-nonwoven\/"},"author":{"name":"Engin Buz","@id":"https:\/\/www.textilegence.com\/en\/#\/schema\/person\/46ccc7bfc34edbc7d46b6b189f88849f"},"headline":"Tr\u00fctzschler at ITM 2022 with comprehensive solutions from fibre to nonwoven","datePublished":"2022-03-21T13:50:26+00:00","dateModified":"2022-03-21T13:50:34+00:00","mainEntityOfPage":{"@id":"https:\/\/www.textilegence.com\/en\/trutzschler-at-itm-2022-with-comprehensive-solutions-from-fibre-to-nonwoven\/"},"wordCount":474,"commentCount":0,"publisher":{"@id":"https:\/\/www.textilegence.com\/en\/#organization"},"image":{"@id":"https:\/\/www.textilegence.com\/en\/trutzschler-at-itm-2022-with-comprehensive-solutions-from-fibre-to-nonwoven\/#primaryimage"},"thumbnailUrl":"https:\/\/www.textilegence.com\/wp-content\/uploads\/2022\/03\/truetzcshler-textilegence.jpg","keywords":["itm 2022","textile news","truetzschler"],"articleSection":["ITM"],"inLanguage":"en-US","potentialAction":[{"@type":"CommentAction","name":"Comment","target":["https:\/\/www.textilegence.com\/en\/trutzschler-at-itm-2022-with-comprehensive-solutions-from-fibre-to-nonwoven\/#respond"]}]},{"@type":"WebPage","@id":"https:\/\/www.textilegence.com\/en\/trutzschler-at-itm-2022-with-comprehensive-solutions-from-fibre-to-nonwoven\/","url":"https:\/\/www.textilegence.com\/en\/trutzschler-at-itm-2022-with-comprehensive-solutions-from-fibre-to-nonwoven\/","name":"Tr\u00fctzschler at ITM 2022 with comprehensive solutions - Textilegence","isPartOf":{"@id":"https:\/\/www.textilegence.com\/en\/#website"},"primaryImageOfPage":{"@id":"https:\/\/www.textilegence.com\/en\/trutzschler-at-itm-2022-with-comprehensive-solutions-from-fibre-to-nonwoven\/#primaryimage"},"image":{"@id":"https:\/\/www.textilegence.com\/en\/trutzschler-at-itm-2022-with-comprehensive-solutions-from-fibre-to-nonwoven\/#primaryimage"},"thumbnailUrl":"https:\/\/www.textilegence.com\/wp-content\/uploads\/2022\/03\/truetzcshler-textilegence.jpg","datePublished":"2022-03-21T13:50:26+00:00","dateModified":"2022-03-21T13:50:34+00:00","description":"German textile machinery manufacturer Tr\u00fctzschler Group SE is preparing to meet with the Turkish market on June 14-18...","breadcrumb":{"@id":"https:\/\/www.textilegence.com\/en\/trutzschler-at-itm-2022-with-comprehensive-solutions-from-fibre-to-nonwoven\/#breadcrumb"},"inLanguage":"en-US","potentialAction":[{"@type":"ReadAction","target":["https:\/\/www.textilegence.com\/en\/trutzschler-at-itm-2022-with-comprehensive-solutions-from-fibre-to-nonwoven\/"]}]},{"@type":"ImageObject","inLanguage":"en-US","@id":"https:\/\/www.textilegence.com\/en\/trutzschler-at-itm-2022-with-comprehensive-solutions-from-fibre-to-nonwoven\/#primaryimage","url":"https:\/\/www.textilegence.com\/wp-content\/uploads\/2022\/03\/truetzcshler-textilegence.jpg","contentUrl":"https:\/\/www.textilegence.com\/wp-content\/uploads\/2022\/03\/truetzcshler-textilegence.jpg","width":1200,"height":675},{"@type":"BreadcrumbList","@id":"https:\/\/www.textilegence.com\/en\/trutzschler-at-itm-2022-with-comprehensive-solutions-from-fibre-to-nonwoven\/#breadcrumb","itemListElement":[{"@type":"ListItem","position":1,"name":"Home Page","item":"https:\/\/www.textilegence.com\/en\/homepage-the-rimont\/"},{"@type":"ListItem","position":2,"name":"ITM","item":"https:\/\/www.textilegence.com\/en\/category\/itm\/"},{"@type":"ListItem","position":3,"name":"Tr\u00fctzschler at ITM 2022 with comprehensive solutions from fibre to nonwoven"}]},{"@type":"WebSite","@id":"https:\/\/www.textilegence.com\/en\/#website","url":"https:\/\/www.textilegence.com\/en\/","name":"Textilegence Magazine and Digital Platform","description":"Textile News Center","publisher":{"@id":"https:\/\/www.textilegence.com\/en\/#organization"},"potentialAction":[{"@type":"SearchAction","target":{"@type":"EntryPoint","urlTemplate":"https:\/\/www.textilegence.com\/en\/?s={search_term_string}"},"query-input":{"@type":"PropertyValueSpecification","valueRequired":true,"valueName":"search_term_string"}}],"inLanguage":"en-US"},{"@type":"Organization","@id":"https:\/\/www.textilegence.com\/en\/#organization","name":"Textilegence Magazine and Digital Platform","url":"https:\/\/www.textilegence.com\/en\/","logo":{"@type":"ImageObject","inLanguage":"en-US","@id":"https:\/\/www.textilegence.com\/en\/#\/schema\/logo\/image\/","url":"https:\/\/www.textilegence.com\/wp-content\/uploads\/2016\/11\/New_Retina_Logo_Textilegence.png","contentUrl":"https:\/\/www.textilegence.com\/wp-content\/uploads\/2016\/11\/New_Retina_Logo_Textilegence.png","width":544,"height":180,"caption":"Textilegence Magazine and Digital Platform"},"image":{"@id":"https:\/\/www.textilegence.com\/en\/#\/schema\/logo\/image\/"},"sameAs":["https:\/\/www.facebook.com\/TextilegenceMagazine","https:\/\/x.com\/textilegence","https:\/\/www.instagram.com\/textilegence\/","https:\/\/www.linkedin.com\/groups\/Textilegence-Magazine-Digital-Platform-4897253","https:\/\/www.youtube.com\/user\/textilegence"],"description":"Textilegence is a magazine and digital platform established in 2013. It focuses on the textile industry and sub-segments. The platform provides news, articles, and updates on various aspects of the textile industry, including sustainability, technological advancements, and market trends.","email":"editor@textilegence.com","telephone":"+90 212 442 24 12","legalName":"Textilegence Mag and Digital Platform","foundingDate":"2013-01-01","numberOfEmployees":{"@type":"QuantitativeValue","minValue":"1","maxValue":"10"}},{"@type":"Person","@id":"https:\/\/www.textilegence.com\/en\/#\/schema\/person\/46ccc7bfc34edbc7d46b6b189f88849f","name":"Engin Buz","image":{"@type":"ImageObject","inLanguage":"en-US","@id":"https:\/\/www.textilegence.com\/wp-content\/uploads\/2018\/12\/engin-buz.jpg","url":"https:\/\/www.textilegence.com\/wp-content\/uploads\/2018\/12\/engin-buz.jpg","contentUrl":"https:\/\/www.textilegence.com\/wp-content\/uploads\/2018\/12\/engin-buz.jpg","caption":"Engin Buz"},"description":"Engin Buz, Ankara \u00dcniversitesi \u0130leti\u015fim Fak\u00fcltesi Gazetecilik B\u00f6l\u00fcm\u00fc\u2019nden mezun olduktan sonra Y\u0131ld\u0131z Teknik \u00dcniversitesi\u2019nde Siyaset Bilimi ve Uluslararas\u0131 \u0130li\u015fkiler alan\u0131nda y\u00fcksek lisans\u0131n\u0131 tamamlam\u0131\u015ft\u0131r. 2000 y\u0131l\u0131ndan sonra \u00e7e\u015fitli yay\u0131nc\u0131l\u0131k \u015firketlerinde \u00e7al\u0131\u015fmaya ba\u015flayarak k\u00fclt\u00fcr-sanat ve daha sonra ekonomi haberleri haz\u0131rlam\u0131\u015ft\u0131r. 2009 y\u0131l\u0131ndan itibaren tekstil end\u00fcstrisine d\u00f6n\u00fck yay\u0131nlarda edit\u00f6r olarak g\u00f6rev alan Buz, 2013 itibariyle kurulan Textilegence\u2019de haber edit\u00f6r\u00fc olarak yer almaya ba\u015flam\u0131\u015ft\u0131r. Engin Buz halen ba\u015fta tekstil ve dijital bask\u0131 end\u00fcstrileri olmak \u00fczere ekonomi haberleri haz\u0131rlamaktad\u0131r.","sameAs":["https:\/\/www.textilegence.com","https:\/\/www.facebook.com\/TextilegenceMagazine","https:\/\/www.instagram.com\/textilegence\/","https:\/\/www.linkedin.com\/in\/engin-buz-6190799a\/","https:\/\/x.com\/https:\/\/twitter.com\/textilegence"],"url":"https:\/\/www.textilegence.com\/en\/author\/engin-buz\/"}]}},"_links":{"self":[{"href":"https:\/\/www.textilegence.com\/en\/wp-json\/wp\/v2\/posts\/45728","targetHints":{"allow":["GET"]}}],"collection":[{"href":"https:\/\/www.textilegence.com\/en\/wp-json\/wp\/v2\/posts"}],"about":[{"href":"https:\/\/www.textilegence.com\/en\/wp-json\/wp\/v2\/types\/post"}],"author":[{"embeddable":true,"href":"https:\/\/www.textilegence.com\/en\/wp-json\/wp\/v2\/users\/2"}],"replies":[{"embeddable":true,"href":"https:\/\/www.textilegence.com\/en\/wp-json\/wp\/v2\/comments?post=45728"}],"version-history":[{"count":0,"href":"https:\/\/www.textilegence.com\/en\/wp-json\/wp\/v2\/posts\/45728\/revisions"}],"wp:featuredmedia":[{"embeddable":true,"href":"https:\/\/www.textilegence.com\/en\/wp-json\/wp\/v2\/media\/45737"}],"wp:attachment":[{"href":"https:\/\/www.textilegence.com\/en\/wp-json\/wp\/v2\/media?parent=45728"}],"wp:term":[{"taxonomy":"category","embeddable":true,"href":"https:\/\/www.textilegence.com\/en\/wp-json\/wp\/v2\/categories?post=45728"},{"taxonomy":"post_tag","embeddable":true,"href":"https:\/\/www.textilegence.com\/en\/wp-json\/wp\/v2\/tags?post=45728"}],"curies":[{"name":"wp","href":"https:\/\/api.w.org\/{rel}","templated":true}]}}