{"id":46110,"date":"2022-03-25T16:53:50","date_gmt":"2022-03-25T13:53:50","guid":{"rendered":"http:\/\/www.textilegence.com\/?p=46110"},"modified":"2022-05-30T16:34:21","modified_gmt":"2022-05-30T13:34:21","slug":"what-are-the-obstacles-to-the-circular-economy-in-the-textile-sector","status":"publish","type":"post","link":"https:\/\/www.textilegence.com\/en\/what-are-the-obstacles-to-the-circular-economy-in-the-textile-sector\/","title":{"rendered":"What are the obstacles to the circular economy in the textile sector?"},"content":{"rendered":"\n<p>II. Turkey Circular Economy Week, drawing a vision for T\u00fcrkiye\u2019s <a href=\"https:\/\/www.textilegence.com\/en\/category\/green-times\/\" target=\"_blank\" rel=\"noreferrer noopener\">green development<\/a> goals, brought together nearly 100 speakers from the business world, public institutions, non-governmental organizations, academics and activists. The economic and social dynamics needed for T\u00fcrkiye\u2019s green development, the adaptation process of European countries and the United States in the Paris Climate Agreement were discussed in the sessions throughout the week, and it was mentioned that the strategic roadmap for T\u00fcrkiye\u2019s transition to a circular economy should be supported by policies. Messages of the importance of adapting green technologies to processes in the transition to circularity as a whole and the need to fairly ensure the transformation for sustainability on the bases of labour force came to the fore among the topics covered during the event. In addition, it was emphasized that the survival of the planet would be possible by abandoning the current consumption culture and moving to a circular life, and the importance of reaching all segments of the society for green transformation.<\/p>\n\n\n\n<p>The opening speeches of the event were made by French Consul General in Istanbul Olivier Gauvin, <a href=\"http:\/\/www.skdturkiye.org\/en\" target=\"_blank\" rel=\"noreferrer noopener\">BCSD Turkey<\/a> Chairperson of the Board Ebru Dildar Edin, AFD T\u00fcrkiye Director Tanguy Denieul, KPMG T\u00fcrkiye company partner \u015eirin Soysal and T.C. Ministry of Environment, Urbanisation and Climate Change Head of Zero Waste and Waste Processing Department Sadiye Karabulut.<\/p>\n\n\n\n<p>The report, which includes the results of the \u2018Preliminary Research on Circularity Potential of Five Sectors in Turkey prepared in cooperation with the Business World and Sustainable Development Association (BCSD Turkey), KPMG Turkey and KPMG France, provided by the French Development Agency (AFD) was shared with the public at the end of the week.<\/p>\n\n\n<div class=\"wp-block-image\">\n<figure class=\"aligncenter size-full\"><img loading=\"lazy\" decoding=\"async\" width=\"1200\" height=\"675\" src=\"https:\/\/www.textilegence.com\/wp-content\/uploads\/2022\/03\/circular-economy-detail1.jpg\" alt=\"\" class=\"wp-image-46106\" srcset=\"https:\/\/www.textilegence.com\/wp-content\/uploads\/2022\/03\/circular-economy-detail1.jpg 1200w, https:\/\/www.textilegence.com\/wp-content\/uploads\/2022\/03\/circular-economy-detail1-768x432.jpg 768w, https:\/\/www.textilegence.com\/wp-content\/uploads\/2022\/03\/circular-economy-detail1-300x169.jpg 300w, https:\/\/www.textilegence.com\/wp-content\/uploads\/2022\/03\/circular-economy-detail1-600x338.jpg 600w, https:\/\/www.textilegence.com\/wp-content\/uploads\/2022\/03\/circular-economy-detail1-696x392.jpg 696w, https:\/\/www.textilegence.com\/wp-content\/uploads\/2022\/03\/circular-economy-detail1-1068x601.jpg 1068w\" sizes=\"auto, (max-width: 1200px) 100vw, 1200px\" \/><figcaption>Existing tax practices create problems for the Turkish textile industry to gain a circular economic identity<\/figcaption><\/figure>\n<\/div>\n\n\n<h2 class=\"wp-block-heading\" id=\"h-the-circularity-rate-of-input-materials-in-the-textile-sector-is-approximately-16\">The circularity rate of input materials in the textile sector is approximately 16%<\/h2>\n\n\n\n<p>Speaking at the event, SKD T\u00fcrkiye Chairman of the Board Ebru Dildar Edin stated; \u201cToday, we are sharing the results of the research on the circularity potential of the plastic packaging, textile, white goods, automotive and construction sectors, which are important for our country and have good practices in the circular economy. According to the first findings obtained from the companies participating in the research, the average input cyclicality in the plastic packaging sector was approximately 7%, and in the textile sector approximately 16%. This report contributes to the \u2018Technical Assistance Project for the Evaluation of Turkey\u2019s Potential for Transition to a Circular Economy\u2019 and to the circular economy national strategy and action plan of our country, of which we, as SKD Turkey, are also a consortium partner and the Ministry of Environment, Urbanization and Climate Change is the beneficiary\u201d. Edin stated that they will continue to encourage the transition to a circular economy with the platforms they offer and the projects they carry out in order to contribute to more efficient resource and waste management across T\u00fcrkiye.<\/p>\n\n\n<div class=\"wp-block-image\">\n<figure class=\"aligncenter size-full\"><img loading=\"lazy\" decoding=\"async\" width=\"1200\" height=\"675\" src=\"https:\/\/www.textilegence.com\/wp-content\/uploads\/2022\/03\/circular-economy-detail2.jpg\" alt=\"\" class=\"wp-image-46108\" srcset=\"https:\/\/www.textilegence.com\/wp-content\/uploads\/2022\/03\/circular-economy-detail2.jpg 1200w, https:\/\/www.textilegence.com\/wp-content\/uploads\/2022\/03\/circular-economy-detail2-768x432.jpg 768w, https:\/\/www.textilegence.com\/wp-content\/uploads\/2022\/03\/circular-economy-detail2-300x169.jpg 300w, https:\/\/www.textilegence.com\/wp-content\/uploads\/2022\/03\/circular-economy-detail2-600x338.jpg 600w, https:\/\/www.textilegence.com\/wp-content\/uploads\/2022\/03\/circular-economy-detail2-696x392.jpg 696w, https:\/\/www.textilegence.com\/wp-content\/uploads\/2022\/03\/circular-economy-detail2-1068x601.jpg 1068w\" sizes=\"auto, (max-width: 1200px) 100vw, 1200px\" \/><figcaption>Circularity rate of input materials in the textile sector is approximately 16%<\/figcaption><\/figure>\n<\/div>\n\n\n<h2 class=\"wp-block-heading\" id=\"h-vat-regulation-change-could-encourage-circularity\">VAT regulation change could encourage circularity<\/h2>\n\n\n\n<p>The report states that in addition to the general problems related to textile circularity, such as the current consumption culture and the non-recyclability of all textile products, the textile industry in T\u00fcrkiye also faces other challenges in the form of regulations and taxation. Producers are taxed for almost all items taken out of stock, excluding products such as textile scraps, under VAT Regulations. This means that even if a company wants to give away its deformed or unsold goods for charity or research, it will still need to pay VAT for those goods. The only way to avoid such payment appears to be to dispose of them by burying or burning them. Therefore, such taxes are a deterrent for companies for engaging in circularity strategies and can create a barrier to the potential of circular innovations in the textile industry.<\/p>\n\n\n\n<p>The report points out that taxes on unsold goods need to be lifted to encourage companies to recycle, remanufacture, share and donate. It is stated that more incentives can be implemented by reducing VAT on finished goods produced with a certain rate of circular inputs.<\/p>\n\n\n\n<p>In the report, it says that most textile and it states that this ruling can be perceived as an obstacle to increasing the production of recycled content in a country where there is no efficient collection and sorting scheme. However, it is also stated that this ensures that T\u00fcrkiye is not pressured with other countries&#8217; wastes and that supply chains are kept short. Exports of textile scraps can be carried out as long as the manufacturers have permits from the government.<\/p>\n","protected":false},"excerpt":{"rendered":"<p>II. Turkey Circular Economy Week, drawing a vision for T\u00fcrkiye\u2019s green development goals, brought together nearly 100 speakers from the business world, public institutions, non-governmental organizations, academics and activists. The economic and social dynamics needed for T\u00fcrkiye\u2019s green development, the adaptation process of European countries and the United States in the Paris Climate Agreement were [&hellip;]<\/p>\n","protected":false},"author":8,"featured_media":46104,"comment_status":"open","ping_status":"closed","sticky":false,"template":"","format":"standard","meta":{"footnotes":""},"categories":[14912],"tags":[15044,14931,15043,10369],"class_list":{"0":"post-46110","1":"post","2":"type-post","3":"status-publish","4":"format-standard","5":"has-post-thumbnail","7":"category-green-times","8":"tag-circular-economy","9":"tag-green-times","10":"tag-ii-turkey-circular-economy-week","11":"tag-textile-news-en"},"yoast_head":"<!-- This site is optimized with the Yoast SEO Premium plugin v27.3 (Yoast SEO v27.3) - https:\/\/yoast.com\/product\/yoast-seo-premium-wordpress\/ -->\n<title>Obstacles to the circular economy in the textile sector - Textilegence<\/title>\n<meta name=\"description\" content=\"II. Turkey Circular Economy Week, drawing a vision for T\u00fcrkiye\u2019s green development goals, brought together nearly 100 speakers from the...\" \/>\n<meta name=\"robots\" content=\"index, follow, max-snippet:-1, max-image-preview:large, max-video-preview:-1\" \/>\n<link rel=\"canonical\" href=\"https:\/\/www.textilegence.com\/en\/what-are-the-obstacles-to-the-circular-economy-in-the-textile-sector\/\" \/>\n<meta property=\"og:locale\" content=\"en_US\" \/>\n<meta property=\"og:type\" content=\"article\" \/>\n<meta property=\"og:title\" content=\"What are the obstacles to the circular economy in the textile sector?\" \/>\n<meta property=\"og:description\" content=\"II. Turkey Circular Economy Week, drawing a vision for T\u00fcrkiye\u2019s green development goals, brought together nearly 100 speakers from the business world,\" \/>\n<meta property=\"og:url\" content=\"https:\/\/www.textilegence.com\/en\/what-are-the-obstacles-to-the-circular-economy-in-the-textile-sector\/\" \/>\n<meta property=\"og:site_name\" content=\"Textilegence Magazine and Digital Platform\" \/>\n<meta property=\"article:publisher\" content=\"https:\/\/www.facebook.com\/TextilegenceMagazine\" \/>\n<meta property=\"article:author\" content=\"https:\/\/www.facebook.com\/TextilegenceMagazine\" \/>\n<meta property=\"article:published_time\" content=\"2022-03-25T13:53:50+00:00\" \/>\n<meta property=\"article:modified_time\" content=\"2022-05-30T13:34:21+00:00\" \/>\n<meta property=\"og:image\" content=\"https:\/\/www.textilegence.com\/wp-content\/uploads\/2022\/03\/circular-economy-textilegence.jpg\" \/>\n\t<meta property=\"og:image:width\" content=\"1200\" \/>\n\t<meta property=\"og:image:height\" content=\"675\" \/>\n\t<meta property=\"og:image:type\" content=\"image\/jpeg\" \/>\n<meta name=\"author\" content=\"Fatih Cengiarslan\" \/>\n<meta name=\"twitter:card\" content=\"summary_large_image\" \/>\n<meta name=\"twitter:creator\" content=\"@https:\/\/twitter.com\/textilegence\" \/>\n<meta name=\"twitter:site\" content=\"@textilegence\" \/>\n<meta name=\"twitter:label1\" content=\"Written by\" \/>\n\t<meta name=\"twitter:data1\" content=\"Fatih Cengiarslan\" \/>\n\t<meta name=\"twitter:label2\" content=\"Est. reading time\" \/>\n\t<meta name=\"twitter:data2\" content=\"6 minutes\" \/>\n<script type=\"application\/ld+json\" class=\"yoast-schema-graph\">{\"@context\":\"https:\\\/\\\/schema.org\",\"@graph\":[{\"@type\":\"NewsArticle\",\"@id\":\"https:\\\/\\\/www.textilegence.com\\\/en\\\/what-are-the-obstacles-to-the-circular-economy-in-the-textile-sector\\\/#article\",\"isPartOf\":{\"@id\":\"https:\\\/\\\/www.textilegence.com\\\/en\\\/what-are-the-obstacles-to-the-circular-economy-in-the-textile-sector\\\/\"},\"author\":{\"name\":\"Fatih Cengiarslan\",\"@id\":\"https:\\\/\\\/www.textilegence.com\\\/en\\\/#\\\/schema\\\/person\\\/1c3977109f8a6e1e2b95678836d75cb7\"},\"headline\":\"What are the obstacles to the circular economy in the textile sector?\",\"datePublished\":\"2022-03-25T13:53:50+00:00\",\"dateModified\":\"2022-05-30T13:34:21+00:00\",\"mainEntityOfPage\":{\"@id\":\"https:\\\/\\\/www.textilegence.com\\\/en\\\/what-are-the-obstacles-to-the-circular-economy-in-the-textile-sector\\\/\"},\"wordCount\":787,\"commentCount\":0,\"publisher\":{\"@id\":\"https:\\\/\\\/www.textilegence.com\\\/en\\\/#organization\"},\"image\":{\"@id\":\"https:\\\/\\\/www.textilegence.com\\\/en\\\/what-are-the-obstacles-to-the-circular-economy-in-the-textile-sector\\\/#primaryimage\"},\"thumbnailUrl\":\"https:\\\/\\\/www.textilegence.com\\\/wp-content\\\/uploads\\\/2022\\\/03\\\/circular-economy-textilegence.jpg\",\"keywords\":[\"circular economy\",\"green times\",\"II. Turkey Circular Economy Week\",\"textile news\"],\"articleSection\":[\"Green Times\"],\"inLanguage\":\"en-US\",\"potentialAction\":[{\"@type\":\"CommentAction\",\"name\":\"Comment\",\"target\":[\"https:\\\/\\\/www.textilegence.com\\\/en\\\/what-are-the-obstacles-to-the-circular-economy-in-the-textile-sector\\\/#respond\"]}]},{\"@type\":\"WebPage\",\"@id\":\"https:\\\/\\\/www.textilegence.com\\\/en\\\/what-are-the-obstacles-to-the-circular-economy-in-the-textile-sector\\\/\",\"url\":\"https:\\\/\\\/www.textilegence.com\\\/en\\\/what-are-the-obstacles-to-the-circular-economy-in-the-textile-sector\\\/\",\"name\":\"Obstacles to the circular economy in the textile sector - Textilegence\",\"isPartOf\":{\"@id\":\"https:\\\/\\\/www.textilegence.com\\\/en\\\/#website\"},\"primaryImageOfPage\":{\"@id\":\"https:\\\/\\\/www.textilegence.com\\\/en\\\/what-are-the-obstacles-to-the-circular-economy-in-the-textile-sector\\\/#primaryimage\"},\"image\":{\"@id\":\"https:\\\/\\\/www.textilegence.com\\\/en\\\/what-are-the-obstacles-to-the-circular-economy-in-the-textile-sector\\\/#primaryimage\"},\"thumbnailUrl\":\"https:\\\/\\\/www.textilegence.com\\\/wp-content\\\/uploads\\\/2022\\\/03\\\/circular-economy-textilegence.jpg\",\"datePublished\":\"2022-03-25T13:53:50+00:00\",\"dateModified\":\"2022-05-30T13:34:21+00:00\",\"description\":\"II. Turkey Circular Economy Week, drawing a vision for T\u00fcrkiye\u2019s green development goals, brought together nearly 100 speakers from the...\",\"breadcrumb\":{\"@id\":\"https:\\\/\\\/www.textilegence.com\\\/en\\\/what-are-the-obstacles-to-the-circular-economy-in-the-textile-sector\\\/#breadcrumb\"},\"inLanguage\":\"en-US\",\"potentialAction\":[{\"@type\":\"ReadAction\",\"target\":[\"https:\\\/\\\/www.textilegence.com\\\/en\\\/what-are-the-obstacles-to-the-circular-economy-in-the-textile-sector\\\/\"]}]},{\"@type\":\"ImageObject\",\"inLanguage\":\"en-US\",\"@id\":\"https:\\\/\\\/www.textilegence.com\\\/en\\\/what-are-the-obstacles-to-the-circular-economy-in-the-textile-sector\\\/#primaryimage\",\"url\":\"https:\\\/\\\/www.textilegence.com\\\/wp-content\\\/uploads\\\/2022\\\/03\\\/circular-economy-textilegence.jpg\",\"contentUrl\":\"https:\\\/\\\/www.textilegence.com\\\/wp-content\\\/uploads\\\/2022\\\/03\\\/circular-economy-textilegence.jpg\",\"width\":1200,\"height\":675},{\"@type\":\"BreadcrumbList\",\"@id\":\"https:\\\/\\\/www.textilegence.com\\\/en\\\/what-are-the-obstacles-to-the-circular-economy-in-the-textile-sector\\\/#breadcrumb\",\"itemListElement\":[{\"@type\":\"ListItem\",\"position\":1,\"name\":\"Home Page\",\"item\":\"https:\\\/\\\/www.textilegence.com\\\/en\\\/homepage-the-rimont\\\/\"},{\"@type\":\"ListItem\",\"position\":2,\"name\":\"Green Times\",\"item\":\"https:\\\/\\\/www.textilegence.com\\\/en\\\/category\\\/green-times\\\/\"},{\"@type\":\"ListItem\",\"position\":3,\"name\":\"What are the obstacles to the circular economy in the textile sector?\"}]},{\"@type\":\"WebSite\",\"@id\":\"https:\\\/\\\/www.textilegence.com\\\/en\\\/#website\",\"url\":\"https:\\\/\\\/www.textilegence.com\\\/en\\\/\",\"name\":\"Textilegence Magazine and Digital Platform\",\"description\":\"Textile News Center\",\"publisher\":{\"@id\":\"https:\\\/\\\/www.textilegence.com\\\/en\\\/#organization\"},\"potentialAction\":[{\"@type\":\"SearchAction\",\"target\":{\"@type\":\"EntryPoint\",\"urlTemplate\":\"https:\\\/\\\/www.textilegence.com\\\/en\\\/?s={search_term_string}\"},\"query-input\":{\"@type\":\"PropertyValueSpecification\",\"valueRequired\":true,\"valueName\":\"search_term_string\"}}],\"inLanguage\":\"en-US\"},{\"@type\":\"Organization\",\"@id\":\"https:\\\/\\\/www.textilegence.com\\\/en\\\/#organization\",\"name\":\"Textilegence Magazine and Digital Platform\",\"url\":\"https:\\\/\\\/www.textilegence.com\\\/en\\\/\",\"logo\":{\"@type\":\"ImageObject\",\"inLanguage\":\"en-US\",\"@id\":\"https:\\\/\\\/www.textilegence.com\\\/en\\\/#\\\/schema\\\/logo\\\/image\\\/\",\"url\":\"https:\\\/\\\/www.textilegence.com\\\/wp-content\\\/uploads\\\/2016\\\/11\\\/New_Retina_Logo_Textilegence.png\",\"contentUrl\":\"https:\\\/\\\/www.textilegence.com\\\/wp-content\\\/uploads\\\/2016\\\/11\\\/New_Retina_Logo_Textilegence.png\",\"width\":544,\"height\":180,\"caption\":\"Textilegence Magazine and Digital Platform\"},\"image\":{\"@id\":\"https:\\\/\\\/www.textilegence.com\\\/en\\\/#\\\/schema\\\/logo\\\/image\\\/\"},\"sameAs\":[\"https:\\\/\\\/www.facebook.com\\\/TextilegenceMagazine\",\"https:\\\/\\\/x.com\\\/textilegence\",\"https:\\\/\\\/www.instagram.com\\\/textilegence\\\/\",\"https:\\\/\\\/www.linkedin.com\\\/groups\\\/Textilegence-Magazine-Digital-Platform-4897253\",\"https:\\\/\\\/www.youtube.com\\\/user\\\/textilegence\"],\"description\":\"Textilegence is a magazine and digital platform established in 2013. It focuses on the textile industry and sub-segments. The platform provides news, articles, and updates on various aspects of the textile industry, including sustainability, technological advancements, and market trends.\",\"email\":\"editor@textilegence.com\",\"telephone\":\"+90 212 442 24 12\",\"legalName\":\"Textilegence Mag and Digital Platform\",\"foundingDate\":\"2013-01-01\",\"numberOfEmployees\":{\"@type\":\"QuantitativeValue\",\"minValue\":\"1\",\"maxValue\":\"10\"}},{\"@type\":\"Person\",\"@id\":\"https:\\\/\\\/www.textilegence.com\\\/en\\\/#\\\/schema\\\/person\\\/1c3977109f8a6e1e2b95678836d75cb7\",\"name\":\"Fatih Cengiarslan\",\"image\":{\"@type\":\"ImageObject\",\"inLanguage\":\"en-US\",\"@id\":\"https:\\\/\\\/www.textilegence.com\\\/wp-content\\\/uploads\\\/2018\\\/12\\\/fatih-cengiarslan.jpg\",\"url\":\"https:\\\/\\\/www.textilegence.com\\\/wp-content\\\/uploads\\\/2018\\\/12\\\/fatih-cengiarslan.jpg\",\"contentUrl\":\"https:\\\/\\\/www.textilegence.com\\\/wp-content\\\/uploads\\\/2018\\\/12\\\/fatih-cengiarslan.jpg\",\"caption\":\"Fatih Cengiarslan\"},\"description\":\"Fatih Cengiarslan; Akademik \u0130ngilizce e\u011fitimini Bat\u0131 Avustralya \u00dcniversitesi\u2019nde tamamlad\u0131ktan sonra T\u00fcrkiye\u2019ye d\u00f6nerek \u0130stanbul Ayd\u0131n \u00dcniversitesi\u2019nde \u0130nternet Gazetecili\u011fi ve Yay\u0131nc\u0131l\u0131k b\u00f6l\u00fcm\u00fcn\u00fc bitirip, Litvanya \u2013 Kaunas Teknoloji \u00dcniversitesi\u2019nde interaktif media \u00fczerine 8 ayl\u0131k e\u011fitim ald\u0131. Daha sonra Eski\u015fehir Anadolu \u00dcniversitesi girerek \u0130\u015fletme Fak\u00fcltesini ba\u015far\u0131yla tamamlad\u0131. CNNTURK\u2019 kanal\u0131nda staj\u0131n\u0131 tamamlad\u0131ktan sonra Referans Gazetesi\u2019nde \u00e7al\u0131\u015fmaya ba\u015flad\u0131. 2 y\u0131l sonra Textilegence markas\u0131yla tekstil end\u00fcstrisine y\u00f6nelik kendi medyas\u0131n\u0131 kurdu. \u015eu anda Textilegence.com, Printing3D ve NEFA PR Ajans\u0131\u2019n\u0131n 12 y\u0131ld\u0131r y\u00f6netimini yapmaktad\u0131r.\",\"sameAs\":[\"https:\\\/\\\/www.textilegence.com\",\"https:\\\/\\\/www.facebook.com\\\/TextilegenceMagazine\",\"https:\\\/\\\/www.instagram.com\\\/textilegence\\\/\",\"https:\\\/\\\/www.linkedin.com\\\/in\\\/fatih-cengiarslan-32352265\\\/\",\"https:\\\/\\\/x.com\\\/https:\\\/\\\/twitter.com\\\/textilegence\"],\"url\":\"https:\\\/\\\/www.textilegence.com\\\/en\\\/author\\\/admin\\\/\"}]}<\/script>\n<!-- \/ Yoast SEO Premium plugin. -->","yoast_head_json":{"title":"Obstacles to the circular economy in the textile sector - Textilegence","description":"II. Turkey Circular Economy Week, drawing a vision for T\u00fcrkiye\u2019s green development goals, brought together nearly 100 speakers from the...","robots":{"index":"index","follow":"follow","max-snippet":"max-snippet:-1","max-image-preview":"max-image-preview:large","max-video-preview":"max-video-preview:-1"},"canonical":"https:\/\/www.textilegence.com\/en\/what-are-the-obstacles-to-the-circular-economy-in-the-textile-sector\/","og_locale":"en_US","og_type":"article","og_title":"What are the obstacles to the circular economy in the textile sector?","og_description":"II. Turkey Circular Economy Week, drawing a vision for T\u00fcrkiye\u2019s green development goals, brought together nearly 100 speakers from the business world,","og_url":"https:\/\/www.textilegence.com\/en\/what-are-the-obstacles-to-the-circular-economy-in-the-textile-sector\/","og_site_name":"Textilegence Magazine and Digital Platform","article_publisher":"https:\/\/www.facebook.com\/TextilegenceMagazine","article_author":"https:\/\/www.facebook.com\/TextilegenceMagazine","article_published_time":"2022-03-25T13:53:50+00:00","article_modified_time":"2022-05-30T13:34:21+00:00","og_image":[{"width":1200,"height":675,"url":"https:\/\/www.textilegence.com\/wp-content\/uploads\/2022\/03\/circular-economy-textilegence.jpg","type":"image\/jpeg"}],"author":"Fatih Cengiarslan","twitter_card":"summary_large_image","twitter_creator":"@https:\/\/twitter.com\/textilegence","twitter_site":"@textilegence","twitter_misc":{"Written by":"Fatih Cengiarslan","Est. reading time":"6 minutes"},"schema":{"@context":"https:\/\/schema.org","@graph":[{"@type":"NewsArticle","@id":"https:\/\/www.textilegence.com\/en\/what-are-the-obstacles-to-the-circular-economy-in-the-textile-sector\/#article","isPartOf":{"@id":"https:\/\/www.textilegence.com\/en\/what-are-the-obstacles-to-the-circular-economy-in-the-textile-sector\/"},"author":{"name":"Fatih Cengiarslan","@id":"https:\/\/www.textilegence.com\/en\/#\/schema\/person\/1c3977109f8a6e1e2b95678836d75cb7"},"headline":"What are the obstacles to the circular economy in the textile sector?","datePublished":"2022-03-25T13:53:50+00:00","dateModified":"2022-05-30T13:34:21+00:00","mainEntityOfPage":{"@id":"https:\/\/www.textilegence.com\/en\/what-are-the-obstacles-to-the-circular-economy-in-the-textile-sector\/"},"wordCount":787,"commentCount":0,"publisher":{"@id":"https:\/\/www.textilegence.com\/en\/#organization"},"image":{"@id":"https:\/\/www.textilegence.com\/en\/what-are-the-obstacles-to-the-circular-economy-in-the-textile-sector\/#primaryimage"},"thumbnailUrl":"https:\/\/www.textilegence.com\/wp-content\/uploads\/2022\/03\/circular-economy-textilegence.jpg","keywords":["circular economy","green times","II. Turkey Circular Economy Week","textile news"],"articleSection":["Green Times"],"inLanguage":"en-US","potentialAction":[{"@type":"CommentAction","name":"Comment","target":["https:\/\/www.textilegence.com\/en\/what-are-the-obstacles-to-the-circular-economy-in-the-textile-sector\/#respond"]}]},{"@type":"WebPage","@id":"https:\/\/www.textilegence.com\/en\/what-are-the-obstacles-to-the-circular-economy-in-the-textile-sector\/","url":"https:\/\/www.textilegence.com\/en\/what-are-the-obstacles-to-the-circular-economy-in-the-textile-sector\/","name":"Obstacles to the circular economy in the textile sector - Textilegence","isPartOf":{"@id":"https:\/\/www.textilegence.com\/en\/#website"},"primaryImageOfPage":{"@id":"https:\/\/www.textilegence.com\/en\/what-are-the-obstacles-to-the-circular-economy-in-the-textile-sector\/#primaryimage"},"image":{"@id":"https:\/\/www.textilegence.com\/en\/what-are-the-obstacles-to-the-circular-economy-in-the-textile-sector\/#primaryimage"},"thumbnailUrl":"https:\/\/www.textilegence.com\/wp-content\/uploads\/2022\/03\/circular-economy-textilegence.jpg","datePublished":"2022-03-25T13:53:50+00:00","dateModified":"2022-05-30T13:34:21+00:00","description":"II. Turkey Circular Economy Week, drawing a vision for T\u00fcrkiye\u2019s green development goals, brought together nearly 100 speakers from the...","breadcrumb":{"@id":"https:\/\/www.textilegence.com\/en\/what-are-the-obstacles-to-the-circular-economy-in-the-textile-sector\/#breadcrumb"},"inLanguage":"en-US","potentialAction":[{"@type":"ReadAction","target":["https:\/\/www.textilegence.com\/en\/what-are-the-obstacles-to-the-circular-economy-in-the-textile-sector\/"]}]},{"@type":"ImageObject","inLanguage":"en-US","@id":"https:\/\/www.textilegence.com\/en\/what-are-the-obstacles-to-the-circular-economy-in-the-textile-sector\/#primaryimage","url":"https:\/\/www.textilegence.com\/wp-content\/uploads\/2022\/03\/circular-economy-textilegence.jpg","contentUrl":"https:\/\/www.textilegence.com\/wp-content\/uploads\/2022\/03\/circular-economy-textilegence.jpg","width":1200,"height":675},{"@type":"BreadcrumbList","@id":"https:\/\/www.textilegence.com\/en\/what-are-the-obstacles-to-the-circular-economy-in-the-textile-sector\/#breadcrumb","itemListElement":[{"@type":"ListItem","position":1,"name":"Home Page","item":"https:\/\/www.textilegence.com\/en\/homepage-the-rimont\/"},{"@type":"ListItem","position":2,"name":"Green Times","item":"https:\/\/www.textilegence.com\/en\/category\/green-times\/"},{"@type":"ListItem","position":3,"name":"What are the obstacles to the circular economy in the textile sector?"}]},{"@type":"WebSite","@id":"https:\/\/www.textilegence.com\/en\/#website","url":"https:\/\/www.textilegence.com\/en\/","name":"Textilegence Magazine and Digital Platform","description":"Textile News Center","publisher":{"@id":"https:\/\/www.textilegence.com\/en\/#organization"},"potentialAction":[{"@type":"SearchAction","target":{"@type":"EntryPoint","urlTemplate":"https:\/\/www.textilegence.com\/en\/?s={search_term_string}"},"query-input":{"@type":"PropertyValueSpecification","valueRequired":true,"valueName":"search_term_string"}}],"inLanguage":"en-US"},{"@type":"Organization","@id":"https:\/\/www.textilegence.com\/en\/#organization","name":"Textilegence Magazine and Digital Platform","url":"https:\/\/www.textilegence.com\/en\/","logo":{"@type":"ImageObject","inLanguage":"en-US","@id":"https:\/\/www.textilegence.com\/en\/#\/schema\/logo\/image\/","url":"https:\/\/www.textilegence.com\/wp-content\/uploads\/2016\/11\/New_Retina_Logo_Textilegence.png","contentUrl":"https:\/\/www.textilegence.com\/wp-content\/uploads\/2016\/11\/New_Retina_Logo_Textilegence.png","width":544,"height":180,"caption":"Textilegence Magazine and Digital Platform"},"image":{"@id":"https:\/\/www.textilegence.com\/en\/#\/schema\/logo\/image\/"},"sameAs":["https:\/\/www.facebook.com\/TextilegenceMagazine","https:\/\/x.com\/textilegence","https:\/\/www.instagram.com\/textilegence\/","https:\/\/www.linkedin.com\/groups\/Textilegence-Magazine-Digital-Platform-4897253","https:\/\/www.youtube.com\/user\/textilegence"],"description":"Textilegence is a magazine and digital platform established in 2013. It focuses on the textile industry and sub-segments. The platform provides news, articles, and updates on various aspects of the textile industry, including sustainability, technological advancements, and market trends.","email":"editor@textilegence.com","telephone":"+90 212 442 24 12","legalName":"Textilegence Mag and Digital Platform","foundingDate":"2013-01-01","numberOfEmployees":{"@type":"QuantitativeValue","minValue":"1","maxValue":"10"}},{"@type":"Person","@id":"https:\/\/www.textilegence.com\/en\/#\/schema\/person\/1c3977109f8a6e1e2b95678836d75cb7","name":"Fatih Cengiarslan","image":{"@type":"ImageObject","inLanguage":"en-US","@id":"https:\/\/www.textilegence.com\/wp-content\/uploads\/2018\/12\/fatih-cengiarslan.jpg","url":"https:\/\/www.textilegence.com\/wp-content\/uploads\/2018\/12\/fatih-cengiarslan.jpg","contentUrl":"https:\/\/www.textilegence.com\/wp-content\/uploads\/2018\/12\/fatih-cengiarslan.jpg","caption":"Fatih Cengiarslan"},"description":"Fatih Cengiarslan; Akademik \u0130ngilizce e\u011fitimini Bat\u0131 Avustralya \u00dcniversitesi\u2019nde tamamlad\u0131ktan sonra T\u00fcrkiye\u2019ye d\u00f6nerek \u0130stanbul Ayd\u0131n \u00dcniversitesi\u2019nde \u0130nternet Gazetecili\u011fi ve Yay\u0131nc\u0131l\u0131k b\u00f6l\u00fcm\u00fcn\u00fc bitirip, Litvanya \u2013 Kaunas Teknoloji \u00dcniversitesi\u2019nde interaktif media \u00fczerine 8 ayl\u0131k e\u011fitim ald\u0131. Daha sonra Eski\u015fehir Anadolu \u00dcniversitesi girerek \u0130\u015fletme Fak\u00fcltesini ba\u015far\u0131yla tamamlad\u0131. CNNTURK\u2019 kanal\u0131nda staj\u0131n\u0131 tamamlad\u0131ktan sonra Referans Gazetesi\u2019nde \u00e7al\u0131\u015fmaya ba\u015flad\u0131. 2 y\u0131l sonra Textilegence markas\u0131yla tekstil end\u00fcstrisine y\u00f6nelik kendi medyas\u0131n\u0131 kurdu. \u015eu anda Textilegence.com, Printing3D ve NEFA PR Ajans\u0131\u2019n\u0131n 12 y\u0131ld\u0131r y\u00f6netimini yapmaktad\u0131r.","sameAs":["https:\/\/www.textilegence.com","https:\/\/www.facebook.com\/TextilegenceMagazine","https:\/\/www.instagram.com\/textilegence\/","https:\/\/www.linkedin.com\/in\/fatih-cengiarslan-32352265\/","https:\/\/x.com\/https:\/\/twitter.com\/textilegence"],"url":"https:\/\/www.textilegence.com\/en\/author\/admin\/"}]}},"_links":{"self":[{"href":"https:\/\/www.textilegence.com\/en\/wp-json\/wp\/v2\/posts\/46110","targetHints":{"allow":["GET"]}}],"collection":[{"href":"https:\/\/www.textilegence.com\/en\/wp-json\/wp\/v2\/posts"}],"about":[{"href":"https:\/\/www.textilegence.com\/en\/wp-json\/wp\/v2\/types\/post"}],"author":[{"embeddable":true,"href":"https:\/\/www.textilegence.com\/en\/wp-json\/wp\/v2\/users\/8"}],"replies":[{"embeddable":true,"href":"https:\/\/www.textilegence.com\/en\/wp-json\/wp\/v2\/comments?post=46110"}],"version-history":[{"count":0,"href":"https:\/\/www.textilegence.com\/en\/wp-json\/wp\/v2\/posts\/46110\/revisions"}],"wp:featuredmedia":[{"embeddable":true,"href":"https:\/\/www.textilegence.com\/en\/wp-json\/wp\/v2\/media\/46104"}],"wp:attachment":[{"href":"https:\/\/www.textilegence.com\/en\/wp-json\/wp\/v2\/media?parent=46110"}],"wp:term":[{"taxonomy":"category","embeddable":true,"href":"https:\/\/www.textilegence.com\/en\/wp-json\/wp\/v2\/categories?post=46110"},{"taxonomy":"post_tag","embeddable":true,"href":"https:\/\/www.textilegence.com\/en\/wp-json\/wp\/v2\/tags?post=46110"}],"curies":[{"name":"wp","href":"https:\/\/api.w.org\/{rel}","templated":true}]}}