{"id":46966,"date":"2022-05-05T17:59:19","date_gmt":"2022-05-05T14:59:19","guid":{"rendered":"http:\/\/www.textilegence.com\/?p=46966"},"modified":"2022-05-05T17:59:25","modified_gmt":"2022-05-05T14:59:25","slug":"mayer-cie-refreshes-ties-with-turkish-knitting-market","status":"publish","type":"post","link":"https:\/\/www.textilegence.com\/en\/mayer-cie-refreshes-ties-with-turkish-knitting-market\/","title":{"rendered":"Mayer &#038; Cie. refreshes ties with Turkish knitting market"},"content":{"rendered":"\n<p>German circular knitting machine manufacturer Mayer &amp; Cie. will meet with the Turkish market together with its Turkish representative Mayer M\u00fcmessillik (MM\u00dc) at <a href=\"\/?cat_ID=194\" target=\"_blank\" rel=\"noreferrer noopener\">ITM 2022<\/a>, to be held on June 14-18 after a four-year hiatus due to the pandemic. The <a href=\"https:\/\/www.mayercie.com\/en\/\" target=\"_blank\" rel=\"noreferrer noopener\">company <\/a>will present three machines at Booth 713 in Hall 8; the D4-2.2 X interlock machine, the OV 3.2 QCe for double jersey structures and the MV 4 3.2 II for single jersey fabrics. Mayer &amp; Cie. and MM\u00dc team have a positive outlook on the medium-term for the Turkish market despite the tense international situation, and their focus during the <a href=\"https:\/\/www.itmexhibition.com\/itm2022\/home\/\" target=\"_blank\" rel=\"noreferrer noopener\">exhibition <\/a>will be on in-person contacts with customers, suppliers and partners.<\/p>\n\n\n\n<h2 class=\"wp-block-heading\" id=\"h-ov-3-2-qce-for-double-jersey-structures\">OV 3.2 QCe for double jersey structures<\/h2>\n\n\n\n<p>OV 3.2 QCe, specializing in interlock fabrics and double jersey structures knitted in both filament and synthetic fibre yarns, will be presented to the visitors at ITM 2022. The machine, available in a choice of three frames from open-width and industrial to giant frame, will be on show in Istanbul in 30-inch, E40 gauge model. OV 3.2 QCe also qualifies as a producer of 8-lock structures, spacer fabrics and fine gauges, with a conversion kit. Mayer &amp; Cie T\u00fcrkiye Regional Sales Manager Stefan B\u00fchler said; \u201cNot for nothing has the OV 3. 2 QCe been one of our most popular machines for years,\u201d and stated that this machine is mainly used for sportswear, leisure and outerwear.<\/p>\n\n\n\n<div class=\"wp-block-image\"><figure class=\"aligncenter size-full is-resized\"><img loading=\"lazy\" decoding=\"async\" src=\"https:\/\/www.textilegence.com\/wp-content\/uploads\/2022\/05\/mayer-cie-itm-detail1.jpg\" alt=\"\" class=\"wp-image-46960\" width=\"1068\" height=\"600\" srcset=\"https:\/\/www.textilegence.com\/wp-content\/uploads\/2022\/05\/mayer-cie-itm-detail1.jpg 1200w, https:\/\/www.textilegence.com\/wp-content\/uploads\/2022\/05\/mayer-cie-itm-detail1-768x432.jpg 768w, https:\/\/www.textilegence.com\/wp-content\/uploads\/2022\/05\/mayer-cie-itm-detail1-300x169.jpg 300w, https:\/\/www.textilegence.com\/wp-content\/uploads\/2022\/05\/mayer-cie-itm-detail1-600x338.jpg 600w, https:\/\/www.textilegence.com\/wp-content\/uploads\/2022\/05\/mayer-cie-itm-detail1-696x392.jpg 696w, https:\/\/www.textilegence.com\/wp-content\/uploads\/2022\/05\/mayer-cie-itm-detail1-1068x601.jpg 1068w\" sizes=\"auto, (max-width: 1068px) 100vw, 1068px\" \/><figcaption>An assembly line at Mayer &amp; Cie. in Albstadt-Tailfingen. Photo: Ralph Koch for Mayer &amp; Cie.<\/figcaption><\/figure><\/div>\n\n\n\n<h2 class=\"wp-block-heading\" id=\"h-d4-2-2-x-for-fine-rib-and-interlock-fabrics\">D4-2.2 X for fine rib and interlock fabrics<\/h2>\n\n\n\n<p>Another Mayer &amp; Cie solution to be on show will be the D4-2.2 X for double-jersey structures. The machine offers an ideal option for knitting fine rib fabrics of up to E28 gauge and is also used for spacer and interlock fabrics. It can produce elastomeric plating on both cylinder and dial cam and performs all the tasks assigned to it with high productivity.<\/p>\n\n\n\n<h2 class=\"wp-block-heading\" id=\"h-mv-4-3-2-ii-for-flexibility-in-the-single-jersey-sector\">MV 4 3.2 II for flexibility in the single jersey sector<\/h2>\n\n\n\n<p>The company\u2019s solution for the single jersey sector, MV 4 3.2 II, will be producing in E38 gauge at ITM. In addition, the machine can be supplied for gauges from E14 to E60, addressing a flexible application area ranging from piqu\u00e9 and double piqu\u00e9 to one-thread fleece and smooth single jersey.<\/p>\n\n\n\n<h2 class=\"wp-block-heading\" id=\"h-turkiye-is-a-market-with-prospects\">T\u00fcrkiye is a market with prospects<\/h2>\n\n\n\n<p>Stefan B\u00fchler noted that the global economy faces are enormously wide-ranging and stated that the Russian invasion of Ukraine, supply chain outages, shortages of raw materials and skyrocketing energy prices create uncertainty.<\/p>\n\n\n\n<p>B\u00fchler, remarking that former commission merchants have now become enterprises on their own, also relayed that T\u00fcrkiye benefits from its proximity to Europe and that the transportation routes are manageable. B\u00fchler said; \u201cThis location advantage attracts brand manufacturers who together with their orders bring new approaches, new designs and new technologies into the country.\u201d<\/p>\n\n\n\n<p>B\u00fchler emphasized that ITM is one of the exhibitions that stood out together with ITMA in the trade fair calendar and concluded his words as follows; \u201cI have my doubts as to whether it will attract such a large international turnout this time around. Yet we nevertheless look forward to it eagerly. There is no substitute for direct, in-person contact with customers and partners, and after two years of online meetings it is simply an urgent necessity.\u201d<\/p>\n\n\n\n<div class=\"wp-block-image\"><figure class=\"aligncenter size-full\"><img loading=\"lazy\" decoding=\"async\" width=\"1200\" height=\"675\" src=\"https:\/\/www.textilegence.com\/wp-content\/uploads\/2022\/05\/mayer-cie-itm-detail2.jpg\" alt=\"\" class=\"wp-image-46962\" srcset=\"https:\/\/www.textilegence.com\/wp-content\/uploads\/2022\/05\/mayer-cie-itm-detail2.jpg 1200w, https:\/\/www.textilegence.com\/wp-content\/uploads\/2022\/05\/mayer-cie-itm-detail2-768x432.jpg 768w, https:\/\/www.textilegence.com\/wp-content\/uploads\/2022\/05\/mayer-cie-itm-detail2-300x169.jpg 300w, https:\/\/www.textilegence.com\/wp-content\/uploads\/2022\/05\/mayer-cie-itm-detail2-600x338.jpg 600w, https:\/\/www.textilegence.com\/wp-content\/uploads\/2022\/05\/mayer-cie-itm-detail2-696x392.jpg 696w, https:\/\/www.textilegence.com\/wp-content\/uploads\/2022\/05\/mayer-cie-itm-detail2-1068x601.jpg 1068w\" sizes=\"auto, (max-width: 1200px) 100vw, 1200px\" \/><figcaption><em>Despite the many challenges global economy faces, Mayer &amp; Cie. sees good perspectives for the Turkish market.<\/em> <em>Photo: Ralph Koch for Mayer &amp; Cie<\/em><\/figcaption><\/figure><\/div>\n\n\n\n<h2 class=\"wp-block-heading\" id=\"h-large-orders-have-increased-especially-for-standard-products\">\u201cLarge orders have increased, especially for standard products\u201d<\/h2>\n\n\n\n<p>Kahraman G\u00fcveri, CEO of MMU, the representative of Stefan B\u00fchler and Mayer &amp; Cie. in T\u00fcrkiye, has a positive perspective of the country\u2019s market outlook for the coming years, despite the rapidly increasing inflation in T\u00fcrkiye and the elections in 2023. G\u00fcveri noted that large orders are increasing, especially for standard products, and said that this leads to new investments, new companies and growing demand for refurbished machines that then need to be replaced by new machines elsewhere. G\u00fcveri underlined that they are confident thanks to T\u00fcrkiye\u2019s developed textile industry as long as there are no unforeseen developments.<\/p>\n","protected":false},"excerpt":{"rendered":"<p>German circular knitting machine manufacturer Mayer &amp; Cie. will meet with the Turkish market together with its Turkish representative Mayer M\u00fcmessillik (MM\u00dc) at ITM 2022, to be held on June 14-18 after a four-year hiatus due to the pandemic. The company will present three machines at Booth 713 in Hall 8; the D4-2.2 X interlock [&hellip;]<\/p>\n","protected":false},"author":26,"featured_media":46958,"comment_status":"open","ping_status":"closed","sticky":false,"template":"","format":"standard","meta":{"footnotes":""},"categories":[15023],"tags":[15008,10371,10369],"class_list":{"0":"post-46966","1":"post","2":"type-post","3":"status-publish","4":"format-standard","5":"has-post-thumbnail","7":"category-itm","8":"tag-itm-2022","9":"tag-mayer-cie-en","10":"tag-textile-news-en"},"yoast_head":"<!-- This site is optimized with the Yoast SEO Premium plugin v27.3 (Yoast SEO v27.3) - https:\/\/yoast.com\/product\/yoast-seo-premium-wordpress\/ -->\n<title>Mayer &amp; Cie. refreshes ties with Turkish knitting market - Textilegence<\/title>\n<meta name=\"description\" content=\"German circular knitting machine manufacturer Mayer &amp; Cie. will meet with the Turkish market together with its Turkish representative...\" \/>\n<meta name=\"robots\" content=\"index, follow, max-snippet:-1, max-image-preview:large, max-video-preview:-1\" \/>\n<link rel=\"canonical\" href=\"https:\/\/www.textilegence.com\/en\/mayer-cie-refreshes-ties-with-turkish-knitting-market\/\" \/>\n<meta property=\"og:locale\" content=\"en_US\" \/>\n<meta property=\"og:type\" content=\"article\" \/>\n<meta property=\"og:title\" content=\"Mayer &amp; Cie. refreshes ties with Turkish knitting market\" \/>\n<meta property=\"og:description\" content=\"German circular knitting machine manufacturer Mayer &amp; Cie. will meet with the Turkish market together with its Turkish representative Mayer\" \/>\n<meta property=\"og:url\" content=\"https:\/\/www.textilegence.com\/en\/mayer-cie-refreshes-ties-with-turkish-knitting-market\/\" \/>\n<meta property=\"og:site_name\" content=\"Textilegence Magazine and Digital Platform\" \/>\n<meta property=\"article:publisher\" content=\"https:\/\/www.facebook.com\/TextilegenceMagazine\" \/>\n<meta property=\"article:author\" content=\"https:\/\/www.facebook.com\/TextilegenceMagazine\" \/>\n<meta property=\"article:published_time\" content=\"2022-05-05T14:59:19+00:00\" \/>\n<meta property=\"article:modified_time\" content=\"2022-05-05T14:59:25+00:00\" \/>\n<meta property=\"og:image\" content=\"https:\/\/www.textilegence.com\/wp-content\/uploads\/2022\/05\/mayer-cie-itm-textilegence.jpg\" \/>\n\t<meta property=\"og:image:width\" content=\"1200\" \/>\n\t<meta property=\"og:image:height\" content=\"675\" \/>\n\t<meta property=\"og:image:type\" content=\"image\/jpeg\" \/>\n<meta name=\"author\" content=\"Ya\u011fmur Melis \u015eim\u015fek\" \/>\n<meta name=\"twitter:card\" content=\"summary_large_image\" \/>\n<meta name=\"twitter:creator\" content=\"@https:\/\/twitter.com\/textilegence\" \/>\n<meta name=\"twitter:site\" content=\"@textilegence\" \/>\n<meta name=\"twitter:label1\" content=\"Written by\" \/>\n\t<meta name=\"twitter:data1\" content=\"Ya\u011fmur Melis \u015eim\u015fek\" \/>\n\t<meta name=\"twitter:label2\" content=\"Est. reading time\" \/>\n\t<meta name=\"twitter:data2\" content=\"5 minutes\" \/>\n<script type=\"application\/ld+json\" class=\"yoast-schema-graph\">{\"@context\":\"https:\\\/\\\/schema.org\",\"@graph\":[{\"@type\":\"NewsArticle\",\"@id\":\"https:\\\/\\\/www.textilegence.com\\\/en\\\/mayer-cie-refreshes-ties-with-turkish-knitting-market\\\/#article\",\"isPartOf\":{\"@id\":\"https:\\\/\\\/www.textilegence.com\\\/en\\\/mayer-cie-refreshes-ties-with-turkish-knitting-market\\\/\"},\"author\":{\"name\":\"Ya\u011fmur Melis \u015eim\u015fek\",\"@id\":\"https:\\\/\\\/www.textilegence.com\\\/en\\\/#\\\/schema\\\/person\\\/cfa6baf17f0478131c673c93a9b88ef3\"},\"headline\":\"Mayer &#038; Cie. refreshes ties with Turkish knitting market\",\"datePublished\":\"2022-05-05T14:59:19+00:00\",\"dateModified\":\"2022-05-05T14:59:25+00:00\",\"mainEntityOfPage\":{\"@id\":\"https:\\\/\\\/www.textilegence.com\\\/en\\\/mayer-cie-refreshes-ties-with-turkish-knitting-market\\\/\"},\"wordCount\":697,\"commentCount\":0,\"publisher\":{\"@id\":\"https:\\\/\\\/www.textilegence.com\\\/en\\\/#organization\"},\"image\":{\"@id\":\"https:\\\/\\\/www.textilegence.com\\\/en\\\/mayer-cie-refreshes-ties-with-turkish-knitting-market\\\/#primaryimage\"},\"thumbnailUrl\":\"https:\\\/\\\/www.textilegence.com\\\/wp-content\\\/uploads\\\/2022\\\/05\\\/mayer-cie-itm-textilegence.jpg\",\"keywords\":[\"itm 2022\",\"mayer cie\",\"textile news\"],\"articleSection\":[\"ITM\"],\"inLanguage\":\"en-US\",\"potentialAction\":[{\"@type\":\"CommentAction\",\"name\":\"Comment\",\"target\":[\"https:\\\/\\\/www.textilegence.com\\\/en\\\/mayer-cie-refreshes-ties-with-turkish-knitting-market\\\/#respond\"]}]},{\"@type\":\"WebPage\",\"@id\":\"https:\\\/\\\/www.textilegence.com\\\/en\\\/mayer-cie-refreshes-ties-with-turkish-knitting-market\\\/\",\"url\":\"https:\\\/\\\/www.textilegence.com\\\/en\\\/mayer-cie-refreshes-ties-with-turkish-knitting-market\\\/\",\"name\":\"Mayer & Cie. refreshes ties with Turkish knitting market - Textilegence\",\"isPartOf\":{\"@id\":\"https:\\\/\\\/www.textilegence.com\\\/en\\\/#website\"},\"primaryImageOfPage\":{\"@id\":\"https:\\\/\\\/www.textilegence.com\\\/en\\\/mayer-cie-refreshes-ties-with-turkish-knitting-market\\\/#primaryimage\"},\"image\":{\"@id\":\"https:\\\/\\\/www.textilegence.com\\\/en\\\/mayer-cie-refreshes-ties-with-turkish-knitting-market\\\/#primaryimage\"},\"thumbnailUrl\":\"https:\\\/\\\/www.textilegence.com\\\/wp-content\\\/uploads\\\/2022\\\/05\\\/mayer-cie-itm-textilegence.jpg\",\"datePublished\":\"2022-05-05T14:59:19+00:00\",\"dateModified\":\"2022-05-05T14:59:25+00:00\",\"description\":\"German circular knitting machine manufacturer Mayer & Cie. will meet with the Turkish market together with its Turkish representative...\",\"breadcrumb\":{\"@id\":\"https:\\\/\\\/www.textilegence.com\\\/en\\\/mayer-cie-refreshes-ties-with-turkish-knitting-market\\\/#breadcrumb\"},\"inLanguage\":\"en-US\",\"potentialAction\":[{\"@type\":\"ReadAction\",\"target\":[\"https:\\\/\\\/www.textilegence.com\\\/en\\\/mayer-cie-refreshes-ties-with-turkish-knitting-market\\\/\"]}]},{\"@type\":\"ImageObject\",\"inLanguage\":\"en-US\",\"@id\":\"https:\\\/\\\/www.textilegence.com\\\/en\\\/mayer-cie-refreshes-ties-with-turkish-knitting-market\\\/#primaryimage\",\"url\":\"https:\\\/\\\/www.textilegence.com\\\/wp-content\\\/uploads\\\/2022\\\/05\\\/mayer-cie-itm-textilegence.jpg\",\"contentUrl\":\"https:\\\/\\\/www.textilegence.com\\\/wp-content\\\/uploads\\\/2022\\\/05\\\/mayer-cie-itm-textilegence.jpg\",\"width\":1200,\"height\":675},{\"@type\":\"BreadcrumbList\",\"@id\":\"https:\\\/\\\/www.textilegence.com\\\/en\\\/mayer-cie-refreshes-ties-with-turkish-knitting-market\\\/#breadcrumb\",\"itemListElement\":[{\"@type\":\"ListItem\",\"position\":1,\"name\":\"Home Page\",\"item\":\"https:\\\/\\\/www.textilegence.com\\\/en\\\/homepage-the-rimont\\\/\"},{\"@type\":\"ListItem\",\"position\":2,\"name\":\"ITM\",\"item\":\"https:\\\/\\\/www.textilegence.com\\\/en\\\/category\\\/itm\\\/\"},{\"@type\":\"ListItem\",\"position\":3,\"name\":\"Mayer &#038; Cie. refreshes ties with Turkish knitting market\"}]},{\"@type\":\"WebSite\",\"@id\":\"https:\\\/\\\/www.textilegence.com\\\/en\\\/#website\",\"url\":\"https:\\\/\\\/www.textilegence.com\\\/en\\\/\",\"name\":\"Textilegence Magazine and Digital Platform\",\"description\":\"Textile News Center\",\"publisher\":{\"@id\":\"https:\\\/\\\/www.textilegence.com\\\/en\\\/#organization\"},\"potentialAction\":[{\"@type\":\"SearchAction\",\"target\":{\"@type\":\"EntryPoint\",\"urlTemplate\":\"https:\\\/\\\/www.textilegence.com\\\/en\\\/?s={search_term_string}\"},\"query-input\":{\"@type\":\"PropertyValueSpecification\",\"valueRequired\":true,\"valueName\":\"search_term_string\"}}],\"inLanguage\":\"en-US\"},{\"@type\":\"Organization\",\"@id\":\"https:\\\/\\\/www.textilegence.com\\\/en\\\/#organization\",\"name\":\"Textilegence Magazine and Digital Platform\",\"url\":\"https:\\\/\\\/www.textilegence.com\\\/en\\\/\",\"logo\":{\"@type\":\"ImageObject\",\"inLanguage\":\"en-US\",\"@id\":\"https:\\\/\\\/www.textilegence.com\\\/en\\\/#\\\/schema\\\/logo\\\/image\\\/\",\"url\":\"https:\\\/\\\/www.textilegence.com\\\/wp-content\\\/uploads\\\/2016\\\/11\\\/New_Retina_Logo_Textilegence.png\",\"contentUrl\":\"https:\\\/\\\/www.textilegence.com\\\/wp-content\\\/uploads\\\/2016\\\/11\\\/New_Retina_Logo_Textilegence.png\",\"width\":544,\"height\":180,\"caption\":\"Textilegence Magazine and Digital Platform\"},\"image\":{\"@id\":\"https:\\\/\\\/www.textilegence.com\\\/en\\\/#\\\/schema\\\/logo\\\/image\\\/\"},\"sameAs\":[\"https:\\\/\\\/www.facebook.com\\\/TextilegenceMagazine\",\"https:\\\/\\\/x.com\\\/textilegence\",\"https:\\\/\\\/www.instagram.com\\\/textilegence\\\/\",\"https:\\\/\\\/www.linkedin.com\\\/groups\\\/Textilegence-Magazine-Digital-Platform-4897253\",\"https:\\\/\\\/www.youtube.com\\\/user\\\/textilegence\"],\"description\":\"Textilegence is a magazine and digital platform established in 2013. It focuses on the textile industry and sub-segments. The platform provides news, articles, and updates on various aspects of the textile industry, including sustainability, technological advancements, and market trends.\",\"email\":\"editor@textilegence.com\",\"telephone\":\"+90 212 442 24 12\",\"legalName\":\"Textilegence Mag and Digital Platform\",\"foundingDate\":\"2013-01-01\",\"numberOfEmployees\":{\"@type\":\"QuantitativeValue\",\"minValue\":\"1\",\"maxValue\":\"10\"}},{\"@type\":\"Person\",\"@id\":\"https:\\\/\\\/www.textilegence.com\\\/en\\\/#\\\/schema\\\/person\\\/cfa6baf17f0478131c673c93a9b88ef3\",\"name\":\"Ya\u011fmur Melis \u015eim\u015fek\",\"image\":{\"@type\":\"ImageObject\",\"inLanguage\":\"en-US\",\"@id\":\"https:\\\/\\\/www.textilegence.com\\\/wp-content\\\/uploads\\\/2022\\\/03\\\/Yagmur_photo1.jpg\",\"url\":\"https:\\\/\\\/www.textilegence.com\\\/wp-content\\\/uploads\\\/2022\\\/03\\\/Yagmur_photo1.jpg\",\"contentUrl\":\"https:\\\/\\\/www.textilegence.com\\\/wp-content\\\/uploads\\\/2022\\\/03\\\/Yagmur_photo1.jpg\",\"caption\":\"Ya\u011fmur Melis \u015eim\u015fek\"},\"description\":\"Ya\u011fmur Melis \u015eim\u015fek, Saint-Beno\u00eet Frans\u0131z Lisesi\u2019nde e\u011fitim g\u00f6rm\u00fc\u015f, ard\u0131ndan Anadolu \u00dcniversitesi\u2019nde iki y\u0131ll\u0131k Foto\u011fraf\u00e7\u0131l\u0131k B\u00f6l\u00fcm\u00fc\u2019n\u00fc tamamlam\u0131\u015ft\u0131r. Daha sonra lisans e\u011fitimini \u0130stanbul \u00dcniversitesi Gazetecilik B\u00f6l\u00fcm\u00fc\u2019nde s\u00fcrd\u00fcrm\u00fc\u015f, mezuniyetin ard\u0131ndan ise 2017 y\u0131l\u0131nda i\u015f hayat\u0131na at\u0131lm\u0131\u015ft\u0131r. Pek \u00e7ok farkl\u0131 projede, foto\u011fraf\u00e7\u0131l\u0131k ve grafik tasar\u0131mc\u0131l\u0131\u011f\u0131n yan\u0131 s\u0131ra teknoloji alan\u0131nda i\u00e7erik ve haber yazarl\u0131\u011f\u0131 gibi \u00e7e\u015fitli pozisyonlarda yer alan \u015eim\u015fek, 2021 y\u0131l\u0131ndan bu yana Textilegence\u2019da d\u0131\u015f haberlerde yard\u0131mc\u0131 edit\u00f6r olarak g\u00f6rev yapmaktad\u0131r.\",\"sameAs\":[\"https:\\\/\\\/www.textilegence.com\\\/\",\"https:\\\/\\\/www.facebook.com\\\/TextilegenceMagazine\",\"https:\\\/\\\/www.instagram.com\\\/textilegence\\\/\",\"https:\\\/\\\/www.linkedin.com\\\/company\\\/2985016\",\"https:\\\/\\\/x.com\\\/https:\\\/\\\/twitter.com\\\/textilegence\",\"https:\\\/\\\/www.youtube.com\\\/channel\\\/UCgtcny5ljhiXu-yvOiAlpRA\"],\"url\":\"https:\\\/\\\/www.textilegence.com\\\/en\\\/author\\\/yms\\\/\"}]}<\/script>\n<!-- \/ Yoast SEO Premium plugin. -->","yoast_head_json":{"title":"Mayer & Cie. refreshes ties with Turkish knitting market - Textilegence","description":"German circular knitting machine manufacturer Mayer & Cie. will meet with the Turkish market together with its Turkish representative...","robots":{"index":"index","follow":"follow","max-snippet":"max-snippet:-1","max-image-preview":"max-image-preview:large","max-video-preview":"max-video-preview:-1"},"canonical":"https:\/\/www.textilegence.com\/en\/mayer-cie-refreshes-ties-with-turkish-knitting-market\/","og_locale":"en_US","og_type":"article","og_title":"Mayer & Cie. refreshes ties with Turkish knitting market","og_description":"German circular knitting machine manufacturer Mayer &amp; Cie. will meet with the Turkish market together with its Turkish representative Mayer","og_url":"https:\/\/www.textilegence.com\/en\/mayer-cie-refreshes-ties-with-turkish-knitting-market\/","og_site_name":"Textilegence Magazine and Digital Platform","article_publisher":"https:\/\/www.facebook.com\/TextilegenceMagazine","article_author":"https:\/\/www.facebook.com\/TextilegenceMagazine","article_published_time":"2022-05-05T14:59:19+00:00","article_modified_time":"2022-05-05T14:59:25+00:00","og_image":[{"width":1200,"height":675,"url":"https:\/\/www.textilegence.com\/wp-content\/uploads\/2022\/05\/mayer-cie-itm-textilegence.jpg","type":"image\/jpeg"}],"author":"Ya\u011fmur Melis \u015eim\u015fek","twitter_card":"summary_large_image","twitter_creator":"@https:\/\/twitter.com\/textilegence","twitter_site":"@textilegence","twitter_misc":{"Written by":"Ya\u011fmur Melis \u015eim\u015fek","Est. reading time":"5 minutes"},"schema":{"@context":"https:\/\/schema.org","@graph":[{"@type":"NewsArticle","@id":"https:\/\/www.textilegence.com\/en\/mayer-cie-refreshes-ties-with-turkish-knitting-market\/#article","isPartOf":{"@id":"https:\/\/www.textilegence.com\/en\/mayer-cie-refreshes-ties-with-turkish-knitting-market\/"},"author":{"name":"Ya\u011fmur Melis \u015eim\u015fek","@id":"https:\/\/www.textilegence.com\/en\/#\/schema\/person\/cfa6baf17f0478131c673c93a9b88ef3"},"headline":"Mayer &#038; Cie. refreshes ties with Turkish knitting market","datePublished":"2022-05-05T14:59:19+00:00","dateModified":"2022-05-05T14:59:25+00:00","mainEntityOfPage":{"@id":"https:\/\/www.textilegence.com\/en\/mayer-cie-refreshes-ties-with-turkish-knitting-market\/"},"wordCount":697,"commentCount":0,"publisher":{"@id":"https:\/\/www.textilegence.com\/en\/#organization"},"image":{"@id":"https:\/\/www.textilegence.com\/en\/mayer-cie-refreshes-ties-with-turkish-knitting-market\/#primaryimage"},"thumbnailUrl":"https:\/\/www.textilegence.com\/wp-content\/uploads\/2022\/05\/mayer-cie-itm-textilegence.jpg","keywords":["itm 2022","mayer cie","textile news"],"articleSection":["ITM"],"inLanguage":"en-US","potentialAction":[{"@type":"CommentAction","name":"Comment","target":["https:\/\/www.textilegence.com\/en\/mayer-cie-refreshes-ties-with-turkish-knitting-market\/#respond"]}]},{"@type":"WebPage","@id":"https:\/\/www.textilegence.com\/en\/mayer-cie-refreshes-ties-with-turkish-knitting-market\/","url":"https:\/\/www.textilegence.com\/en\/mayer-cie-refreshes-ties-with-turkish-knitting-market\/","name":"Mayer & Cie. refreshes ties with Turkish knitting market - Textilegence","isPartOf":{"@id":"https:\/\/www.textilegence.com\/en\/#website"},"primaryImageOfPage":{"@id":"https:\/\/www.textilegence.com\/en\/mayer-cie-refreshes-ties-with-turkish-knitting-market\/#primaryimage"},"image":{"@id":"https:\/\/www.textilegence.com\/en\/mayer-cie-refreshes-ties-with-turkish-knitting-market\/#primaryimage"},"thumbnailUrl":"https:\/\/www.textilegence.com\/wp-content\/uploads\/2022\/05\/mayer-cie-itm-textilegence.jpg","datePublished":"2022-05-05T14:59:19+00:00","dateModified":"2022-05-05T14:59:25+00:00","description":"German circular knitting machine manufacturer Mayer & Cie. will meet with the Turkish market together with its Turkish representative...","breadcrumb":{"@id":"https:\/\/www.textilegence.com\/en\/mayer-cie-refreshes-ties-with-turkish-knitting-market\/#breadcrumb"},"inLanguage":"en-US","potentialAction":[{"@type":"ReadAction","target":["https:\/\/www.textilegence.com\/en\/mayer-cie-refreshes-ties-with-turkish-knitting-market\/"]}]},{"@type":"ImageObject","inLanguage":"en-US","@id":"https:\/\/www.textilegence.com\/en\/mayer-cie-refreshes-ties-with-turkish-knitting-market\/#primaryimage","url":"https:\/\/www.textilegence.com\/wp-content\/uploads\/2022\/05\/mayer-cie-itm-textilegence.jpg","contentUrl":"https:\/\/www.textilegence.com\/wp-content\/uploads\/2022\/05\/mayer-cie-itm-textilegence.jpg","width":1200,"height":675},{"@type":"BreadcrumbList","@id":"https:\/\/www.textilegence.com\/en\/mayer-cie-refreshes-ties-with-turkish-knitting-market\/#breadcrumb","itemListElement":[{"@type":"ListItem","position":1,"name":"Home Page","item":"https:\/\/www.textilegence.com\/en\/homepage-the-rimont\/"},{"@type":"ListItem","position":2,"name":"ITM","item":"https:\/\/www.textilegence.com\/en\/category\/itm\/"},{"@type":"ListItem","position":3,"name":"Mayer &#038; Cie. refreshes ties with Turkish knitting market"}]},{"@type":"WebSite","@id":"https:\/\/www.textilegence.com\/en\/#website","url":"https:\/\/www.textilegence.com\/en\/","name":"Textilegence Magazine and Digital Platform","description":"Textile News Center","publisher":{"@id":"https:\/\/www.textilegence.com\/en\/#organization"},"potentialAction":[{"@type":"SearchAction","target":{"@type":"EntryPoint","urlTemplate":"https:\/\/www.textilegence.com\/en\/?s={search_term_string}"},"query-input":{"@type":"PropertyValueSpecification","valueRequired":true,"valueName":"search_term_string"}}],"inLanguage":"en-US"},{"@type":"Organization","@id":"https:\/\/www.textilegence.com\/en\/#organization","name":"Textilegence Magazine and Digital Platform","url":"https:\/\/www.textilegence.com\/en\/","logo":{"@type":"ImageObject","inLanguage":"en-US","@id":"https:\/\/www.textilegence.com\/en\/#\/schema\/logo\/image\/","url":"https:\/\/www.textilegence.com\/wp-content\/uploads\/2016\/11\/New_Retina_Logo_Textilegence.png","contentUrl":"https:\/\/www.textilegence.com\/wp-content\/uploads\/2016\/11\/New_Retina_Logo_Textilegence.png","width":544,"height":180,"caption":"Textilegence Magazine and Digital Platform"},"image":{"@id":"https:\/\/www.textilegence.com\/en\/#\/schema\/logo\/image\/"},"sameAs":["https:\/\/www.facebook.com\/TextilegenceMagazine","https:\/\/x.com\/textilegence","https:\/\/www.instagram.com\/textilegence\/","https:\/\/www.linkedin.com\/groups\/Textilegence-Magazine-Digital-Platform-4897253","https:\/\/www.youtube.com\/user\/textilegence"],"description":"Textilegence is a magazine and digital platform established in 2013. It focuses on the textile industry and sub-segments. The platform provides news, articles, and updates on various aspects of the textile industry, including sustainability, technological advancements, and market trends.","email":"editor@textilegence.com","telephone":"+90 212 442 24 12","legalName":"Textilegence Mag and Digital Platform","foundingDate":"2013-01-01","numberOfEmployees":{"@type":"QuantitativeValue","minValue":"1","maxValue":"10"}},{"@type":"Person","@id":"https:\/\/www.textilegence.com\/en\/#\/schema\/person\/cfa6baf17f0478131c673c93a9b88ef3","name":"Ya\u011fmur Melis \u015eim\u015fek","image":{"@type":"ImageObject","inLanguage":"en-US","@id":"https:\/\/www.textilegence.com\/wp-content\/uploads\/2022\/03\/Yagmur_photo1.jpg","url":"https:\/\/www.textilegence.com\/wp-content\/uploads\/2022\/03\/Yagmur_photo1.jpg","contentUrl":"https:\/\/www.textilegence.com\/wp-content\/uploads\/2022\/03\/Yagmur_photo1.jpg","caption":"Ya\u011fmur Melis \u015eim\u015fek"},"description":"Ya\u011fmur Melis \u015eim\u015fek, Saint-Beno\u00eet Frans\u0131z Lisesi\u2019nde e\u011fitim g\u00f6rm\u00fc\u015f, ard\u0131ndan Anadolu \u00dcniversitesi\u2019nde iki y\u0131ll\u0131k Foto\u011fraf\u00e7\u0131l\u0131k B\u00f6l\u00fcm\u00fc\u2019n\u00fc tamamlam\u0131\u015ft\u0131r. Daha sonra lisans e\u011fitimini \u0130stanbul \u00dcniversitesi Gazetecilik B\u00f6l\u00fcm\u00fc\u2019nde s\u00fcrd\u00fcrm\u00fc\u015f, mezuniyetin ard\u0131ndan ise 2017 y\u0131l\u0131nda i\u015f hayat\u0131na at\u0131lm\u0131\u015ft\u0131r. Pek \u00e7ok farkl\u0131 projede, foto\u011fraf\u00e7\u0131l\u0131k ve grafik tasar\u0131mc\u0131l\u0131\u011f\u0131n yan\u0131 s\u0131ra teknoloji alan\u0131nda i\u00e7erik ve haber yazarl\u0131\u011f\u0131 gibi \u00e7e\u015fitli pozisyonlarda yer alan \u015eim\u015fek, 2021 y\u0131l\u0131ndan bu yana Textilegence\u2019da d\u0131\u015f haberlerde yard\u0131mc\u0131 edit\u00f6r olarak g\u00f6rev yapmaktad\u0131r.","sameAs":["https:\/\/www.textilegence.com\/","https:\/\/www.facebook.com\/TextilegenceMagazine","https:\/\/www.instagram.com\/textilegence\/","https:\/\/www.linkedin.com\/company\/2985016","https:\/\/x.com\/https:\/\/twitter.com\/textilegence","https:\/\/www.youtube.com\/channel\/UCgtcny5ljhiXu-yvOiAlpRA"],"url":"https:\/\/www.textilegence.com\/en\/author\/yms\/"}]}},"_links":{"self":[{"href":"https:\/\/www.textilegence.com\/en\/wp-json\/wp\/v2\/posts\/46966","targetHints":{"allow":["GET"]}}],"collection":[{"href":"https:\/\/www.textilegence.com\/en\/wp-json\/wp\/v2\/posts"}],"about":[{"href":"https:\/\/www.textilegence.com\/en\/wp-json\/wp\/v2\/types\/post"}],"author":[{"embeddable":true,"href":"https:\/\/www.textilegence.com\/en\/wp-json\/wp\/v2\/users\/26"}],"replies":[{"embeddable":true,"href":"https:\/\/www.textilegence.com\/en\/wp-json\/wp\/v2\/comments?post=46966"}],"version-history":[{"count":0,"href":"https:\/\/www.textilegence.com\/en\/wp-json\/wp\/v2\/posts\/46966\/revisions"}],"wp:featuredmedia":[{"embeddable":true,"href":"https:\/\/www.textilegence.com\/en\/wp-json\/wp\/v2\/media\/46958"}],"wp:attachment":[{"href":"https:\/\/www.textilegence.com\/en\/wp-json\/wp\/v2\/media?parent=46966"}],"wp:term":[{"taxonomy":"category","embeddable":true,"href":"https:\/\/www.textilegence.com\/en\/wp-json\/wp\/v2\/categories?post=46966"},{"taxonomy":"post_tag","embeddable":true,"href":"https:\/\/www.textilegence.com\/en\/wp-json\/wp\/v2\/tags?post=46966"}],"curies":[{"name":"wp","href":"https:\/\/api.w.org\/{rel}","templated":true}]}}