{"id":47335,"date":"2022-05-26T16:26:56","date_gmt":"2022-05-26T13:26:56","guid":{"rendered":"http:\/\/www.textilegence.com\/?p=47335"},"modified":"2022-05-26T16:27:00","modified_gmt":"2022-05-26T13:27:00","slug":"durak-tekstil-to-meet-the-textile-industry-at-texprocess-2022","status":"publish","type":"post","link":"https:\/\/www.textilegence.com\/en\/durak-tekstil-to-meet-the-textile-industry-at-texprocess-2022\/","title":{"rendered":"Durak Tekstil to meet the textile industry at Texprocess 2022"},"content":{"rendered":"\n<p>Durak Tekstil, one of the leading <a href=\"https:\/\/www.durak.com\/?dil_id=15\" target=\"_blank\" rel=\"noreferrer noopener\">manufacturers <\/a>of industrial sewing and <a href=\"https:\/\/www.textilegence.com\/en\/category\/spinning\/\" target=\"_blank\" rel=\"noreferrer noopener\">embroidery <\/a>threads, participates in the <a href=\"https:\/\/texprocess.messefrankfurt.com\/frankfurt\/en.html\" target=\"_blank\" rel=\"noreferrer noopener\">Texprocess 2022<\/a> textile processing and flexible materials trade fair, to be held in Frankfurt on June 21-24. Durak Tekstil will host its visitors in Hall 8.0 Stand G60 and will exhibit its new and best-selling threads in the market.<\/p>\n\n\n\n<p>Durak Tekstil\u2019s 30 m2 stand at the trade fair, closely followed by the global textile industry, will turn into a lively business area with visuals, while highlighting the concept of sustainability at the same time. High-resistance sewing and embroidery threads, anti-static, water-repellent, flame retardant, UV-protected, cut resistant safe group threads, technical threads, and recycled polyester threads produced using 100% recycled raw materials are among the products to be exhibited. Durak Tekstil Board Member and Marketing Director Yi\u011fit Durak stated that they will also include surprise solutions in their stand and said; \u201cTexprocess, as always, will be the right place to show the strength of our R&amp;D department, where we invest 10% of our turnover every year, and to present innovations.\u201d<\/p>\n\n\n\n<p>Durak, reminding that they have been continuously participating in the Texprocess for a long time, mentioned that they took part in the latest Texprocess, held before the pandemic in 2019. Durak continued his words as follows: \u201cTexprocess is of great importance for us as a fair where technologies and solutions for processing textiles and similar flexible materials are exhibited. Manufacturers and buyers from numerous different sectors come together at the trade fair and create an important business volume. We will continue to be a participant of this trade fair in order to increase our production power through our marketing power.\u201d<\/p>\n\n\n\n<div class=\"wp-block-image\"><figure class=\"aligncenter size-full\"><img loading=\"lazy\" decoding=\"async\" width=\"1200\" height=\"675\" src=\"https:\/\/www.textilegence.com\/wp-content\/uploads\/2022\/05\/durak-tekstil-detail1-1.jpg\" alt=\"\" class=\"wp-image-47329\" srcset=\"https:\/\/www.textilegence.com\/wp-content\/uploads\/2022\/05\/durak-tekstil-detail1-1.jpg 1200w, https:\/\/www.textilegence.com\/wp-content\/uploads\/2022\/05\/durak-tekstil-detail1-1-768x432.jpg 768w, https:\/\/www.textilegence.com\/wp-content\/uploads\/2022\/05\/durak-tekstil-detail1-1-300x169.jpg 300w, https:\/\/www.textilegence.com\/wp-content\/uploads\/2022\/05\/durak-tekstil-detail1-1-600x338.jpg 600w, https:\/\/www.textilegence.com\/wp-content\/uploads\/2022\/05\/durak-tekstil-detail1-1-696x392.jpg 696w, https:\/\/www.textilegence.com\/wp-content\/uploads\/2022\/05\/durak-tekstil-detail1-1-1068x601.jpg 1068w\" sizes=\"auto, (max-width: 1200px) 100vw, 1200px\" \/><figcaption>Durak Tekstil Board Member and Marketing Director Yi\u011fit Durak<\/figcaption><\/figure><\/div>\n\n\n\n<h2 class=\"wp-block-heading\" id=\"h-durak-tekstil-s-technical-and-recycled-threads-will-be-highlighted-at-the-trade-fair\">Durak Tekstil\u2019s technical and recycled threads will be highlighted at the trade fair<\/h2>\n\n\n\n<p>Yi\u011fit Durak shared the following information about the details of the products they will exhibit at Texprocess 2022; \u201cWe have an extensive portfolio of sewing and embroidery threads. We have ideal threads for various application areas, from clothing to home textiles, from footwear to technical applications. I can say that we will highlight our threads for technical textiles, in particular, considering that Texprocess is organized simultaneously with the technical textiles trade fair Techtextil and the home textiles trade fair Heimtextil. We expect our threads, which stand out with their functionality, flame retardance, and cut and break resistance, to attract great attention. In addition, we will exhibit threads for embroidery applications in vibrant colors, both with images and samples. We believe in making a difference to stand out from the competition. This will attract attention as well in the presentations of our products at the trade fair, for this reason.\u201d<\/p>\n\n\n\n<p>Durak stated that all sectors which can use sewing and embroidery threads are among their targets at the trade fair and noted that they prioritize developing new collaborations with manufacturers focused on efficiency, quality, and added value. Durak said; \u201cThere is a very large market for our technical threads. For example, we are planning to meet with manufacturers from the occupational safety sector, with whom we have had serious conversations recently, at Texprocess. In addition, we will demonstrate the technical and quality advantages of our sewing and embroidery threads to businesses that manufacture for special needs, as well as the apparel, smart textiles, bedding, and sports equipment industries.\u201d<\/p>\n\n\n\n<h2 class=\"wp-block-heading\" id=\"h-durak-tekstil-creates-more-than-a-thread-with-its-experience-of-50-years\">Durak Tekstil creates more than a \u2018thread\u2019 with its experience of 50 years<\/h2>\n\n\n\n<p>Yi\u011fit Durak, stating that Texprocess is not only a trade fair where standard products are exhibited but also a platform where innovations and developments are introduced, underlined that they want to meet with different business lines, explore new areas of use and prove the strength of their R&amp;D department during the trade fair. Durak continued his words as follows; \u201cDurak Tekstil is a textile technology manufacturer celebrating its 50th anniversary. We do not describe ourselves as only a thread manufacturer. Depending on the application, we become a part of a smart textile, a supporter of efficiency when necessary, or a color factory when desired. We position ourselves as a reliable partner of our customers that respond to their specific needs. Our basic criteria never change in our relationship with the customers regardless of the sector or segment; customer satisfaction. The strength of both our product portfolio and production capacity can be comprehended more easily if I say that we have cooperation with the toy industry and hot air balloon manufacturers, for example.\u201d<\/p>\n\n\n\n<div class=\"wp-block-image\"><figure class=\"aligncenter size-full\"><img loading=\"lazy\" decoding=\"async\" width=\"1200\" height=\"675\" src=\"https:\/\/www.textilegence.com\/wp-content\/uploads\/2022\/05\/durak-tekstil-detail2-1.jpg\" alt=\"\" class=\"wp-image-47331\" srcset=\"https:\/\/www.textilegence.com\/wp-content\/uploads\/2022\/05\/durak-tekstil-detail2-1.jpg 1200w, https:\/\/www.textilegence.com\/wp-content\/uploads\/2022\/05\/durak-tekstil-detail2-1-768x432.jpg 768w, https:\/\/www.textilegence.com\/wp-content\/uploads\/2022\/05\/durak-tekstil-detail2-1-300x169.jpg 300w, https:\/\/www.textilegence.com\/wp-content\/uploads\/2022\/05\/durak-tekstil-detail2-1-600x338.jpg 600w, https:\/\/www.textilegence.com\/wp-content\/uploads\/2022\/05\/durak-tekstil-detail2-1-696x392.jpg 696w, https:\/\/www.textilegence.com\/wp-content\/uploads\/2022\/05\/durak-tekstil-detail2-1-1068x601.jpg 1068w\" sizes=\"auto, (max-width: 1200px) 100vw, 1200px\" \/><figcaption>Durak Tekstil\u2019s technical and recycled threads will be highlighted at the trade fair<\/figcaption><\/figure><\/div>\n\n\n\n<h2 class=\"wp-block-heading\" id=\"h-europe-stands-out-among-our-biggest-markets\">\u201cEurope stands out among our biggest markets\u201d<\/h2>\n\n\n\n<p>Yi\u011fit Durak remarked that there has been a serious change and transformation in the textile market and said that there is no high-volume production in the European market, but it is a region that attaches importance to high quality and safety. Durak disclosed; \u201cEurope is a market where there is a demand for value-added products and where functionality and efficiency come to the fore. Europe is a very good reference point in technical textiles, in this context. We have been very active and strong in the European market for years with our threads in this segment. Our Austrian and Polish sales offices continue to work in close contact with the manufacturers to increase our success in this market. It is very important for us to increase brand awareness and stand out as a reliable production partner. Europe will continue to be an important market for us in the coming period.\u201d<\/p>\n","protected":false},"excerpt":{"rendered":"<p>Durak Tekstil, one of the leading manufacturers of industrial sewing and embroidery threads, participates in the Texprocess 2022 textile processing and flexible materials trade fair, to be held in Frankfurt on June 21-24. Durak Tekstil will host its visitors in Hall 8.0 Stand G60 and will exhibit its new and best-selling threads in the market. [&hellip;]<\/p>\n","protected":false},"author":2,"featured_media":47334,"comment_status":"open","ping_status":"closed","sticky":false,"template":"","format":"standard","meta":{"footnotes":""},"categories":[9857],"tags":[14597,9896,10044,10369],"class_list":{"0":"post-47335","1":"post","2":"type-post","3":"status-publish","4":"format-standard","5":"has-post-thumbnail","7":"category-spinning","8":"tag-durak-tekstil","9":"tag-spinning-3","10":"tag-texprocess-en","11":"tag-textile-news-en"},"yoast_head":"<!-- This site is optimized with the Yoast SEO Premium plugin v27.3 (Yoast SEO v27.3) - https:\/\/yoast.com\/product\/yoast-seo-premium-wordpress\/ -->\n<title>Durak Tekstil takes part at Texprocess 2022 - Textilegence<\/title>\n<meta name=\"description\" content=\"Durak Tekstil, one of the leading manufacturers of industrial sewing and embroidery threads, participates in the Texprocess 2022...\" \/>\n<meta name=\"robots\" content=\"index, follow, max-snippet:-1, max-image-preview:large, max-video-preview:-1\" \/>\n<link rel=\"canonical\" href=\"https:\/\/www.textilegence.com\/en\/durak-tekstil-to-meet-the-textile-industry-at-texprocess-2022\/\" \/>\n<meta property=\"og:locale\" content=\"en_US\" \/>\n<meta property=\"og:type\" content=\"article\" \/>\n<meta property=\"og:title\" content=\"Durak Tekstil to meet the textile industry at Texprocess 2022\" \/>\n<meta property=\"og:description\" content=\"Durak Tekstil, one of the leading manufacturers of industrial sewing and embroidery threads, participates in the Texprocess 2022 textile processing and\" \/>\n<meta property=\"og:url\" content=\"https:\/\/www.textilegence.com\/en\/durak-tekstil-to-meet-the-textile-industry-at-texprocess-2022\/\" \/>\n<meta property=\"og:site_name\" content=\"Textilegence Magazine and Digital Platform\" \/>\n<meta property=\"article:publisher\" content=\"https:\/\/www.facebook.com\/TextilegenceMagazine\" \/>\n<meta property=\"article:author\" content=\"https:\/\/www.facebook.com\/TextilegenceMagazine\" \/>\n<meta property=\"article:published_time\" content=\"2022-05-26T13:26:56+00:00\" \/>\n<meta property=\"article:modified_time\" content=\"2022-05-26T13:27:00+00:00\" \/>\n<meta property=\"og:image\" content=\"https:\/\/www.textilegence.com\/wp-content\/uploads\/2022\/05\/durak-tekstil-textilegence-1.jpg\" \/>\n\t<meta property=\"og:image:width\" content=\"1200\" \/>\n\t<meta property=\"og:image:height\" content=\"675\" \/>\n\t<meta property=\"og:image:type\" content=\"image\/jpeg\" \/>\n<meta name=\"author\" content=\"Engin Buz\" \/>\n<meta name=\"twitter:card\" content=\"summary_large_image\" \/>\n<meta name=\"twitter:creator\" content=\"@https:\/\/twitter.com\/textilegence\" \/>\n<meta name=\"twitter:site\" content=\"@textilegence\" \/>\n<meta name=\"twitter:label1\" content=\"Written by\" \/>\n\t<meta name=\"twitter:data1\" content=\"Engin Buz\" \/>\n\t<meta name=\"twitter:label2\" content=\"Est. reading time\" \/>\n\t<meta name=\"twitter:data2\" content=\"6 minutes\" \/>\n<script type=\"application\/ld+json\" class=\"yoast-schema-graph\">{\"@context\":\"https:\\\/\\\/schema.org\",\"@graph\":[{\"@type\":\"NewsArticle\",\"@id\":\"https:\\\/\\\/www.textilegence.com\\\/en\\\/durak-tekstil-to-meet-the-textile-industry-at-texprocess-2022\\\/#article\",\"isPartOf\":{\"@id\":\"https:\\\/\\\/www.textilegence.com\\\/en\\\/durak-tekstil-to-meet-the-textile-industry-at-texprocess-2022\\\/\"},\"author\":{\"name\":\"Engin Buz\",\"@id\":\"https:\\\/\\\/www.textilegence.com\\\/en\\\/#\\\/schema\\\/person\\\/46ccc7bfc34edbc7d46b6b189f88849f\"},\"headline\":\"Durak Tekstil to meet the textile industry at Texprocess 2022\",\"datePublished\":\"2022-05-26T13:26:56+00:00\",\"dateModified\":\"2022-05-26T13:27:00+00:00\",\"mainEntityOfPage\":{\"@id\":\"https:\\\/\\\/www.textilegence.com\\\/en\\\/durak-tekstil-to-meet-the-textile-industry-at-texprocess-2022\\\/\"},\"wordCount\":922,\"commentCount\":0,\"publisher\":{\"@id\":\"https:\\\/\\\/www.textilegence.com\\\/en\\\/#organization\"},\"image\":{\"@id\":\"https:\\\/\\\/www.textilegence.com\\\/en\\\/durak-tekstil-to-meet-the-textile-industry-at-texprocess-2022\\\/#primaryimage\"},\"thumbnailUrl\":\"https:\\\/\\\/www.textilegence.com\\\/wp-content\\\/uploads\\\/2022\\\/05\\\/durak-tekstil-textilegence-1.jpg\",\"keywords\":[\"durak tekstil\",\"spinning\",\"Texprocess\",\"textile news\"],\"articleSection\":[\"Spinning\"],\"inLanguage\":\"en-US\",\"potentialAction\":[{\"@type\":\"CommentAction\",\"name\":\"Comment\",\"target\":[\"https:\\\/\\\/www.textilegence.com\\\/en\\\/durak-tekstil-to-meet-the-textile-industry-at-texprocess-2022\\\/#respond\"]}]},{\"@type\":\"WebPage\",\"@id\":\"https:\\\/\\\/www.textilegence.com\\\/en\\\/durak-tekstil-to-meet-the-textile-industry-at-texprocess-2022\\\/\",\"url\":\"https:\\\/\\\/www.textilegence.com\\\/en\\\/durak-tekstil-to-meet-the-textile-industry-at-texprocess-2022\\\/\",\"name\":\"Durak Tekstil takes part at Texprocess 2022 - Textilegence\",\"isPartOf\":{\"@id\":\"https:\\\/\\\/www.textilegence.com\\\/en\\\/#website\"},\"primaryImageOfPage\":{\"@id\":\"https:\\\/\\\/www.textilegence.com\\\/en\\\/durak-tekstil-to-meet-the-textile-industry-at-texprocess-2022\\\/#primaryimage\"},\"image\":{\"@id\":\"https:\\\/\\\/www.textilegence.com\\\/en\\\/durak-tekstil-to-meet-the-textile-industry-at-texprocess-2022\\\/#primaryimage\"},\"thumbnailUrl\":\"https:\\\/\\\/www.textilegence.com\\\/wp-content\\\/uploads\\\/2022\\\/05\\\/durak-tekstil-textilegence-1.jpg\",\"datePublished\":\"2022-05-26T13:26:56+00:00\",\"dateModified\":\"2022-05-26T13:27:00+00:00\",\"description\":\"Durak Tekstil, one of the leading manufacturers of industrial sewing and embroidery threads, participates in the Texprocess 2022...\",\"breadcrumb\":{\"@id\":\"https:\\\/\\\/www.textilegence.com\\\/en\\\/durak-tekstil-to-meet-the-textile-industry-at-texprocess-2022\\\/#breadcrumb\"},\"inLanguage\":\"en-US\",\"potentialAction\":[{\"@type\":\"ReadAction\",\"target\":[\"https:\\\/\\\/www.textilegence.com\\\/en\\\/durak-tekstil-to-meet-the-textile-industry-at-texprocess-2022\\\/\"]}]},{\"@type\":\"ImageObject\",\"inLanguage\":\"en-US\",\"@id\":\"https:\\\/\\\/www.textilegence.com\\\/en\\\/durak-tekstil-to-meet-the-textile-industry-at-texprocess-2022\\\/#primaryimage\",\"url\":\"https:\\\/\\\/www.textilegence.com\\\/wp-content\\\/uploads\\\/2022\\\/05\\\/durak-tekstil-textilegence-1.jpg\",\"contentUrl\":\"https:\\\/\\\/www.textilegence.com\\\/wp-content\\\/uploads\\\/2022\\\/05\\\/durak-tekstil-textilegence-1.jpg\",\"width\":1200,\"height\":675},{\"@type\":\"BreadcrumbList\",\"@id\":\"https:\\\/\\\/www.textilegence.com\\\/en\\\/durak-tekstil-to-meet-the-textile-industry-at-texprocess-2022\\\/#breadcrumb\",\"itemListElement\":[{\"@type\":\"ListItem\",\"position\":1,\"name\":\"Home Page\",\"item\":\"https:\\\/\\\/www.textilegence.com\\\/en\\\/homepage-the-rimont\\\/\"},{\"@type\":\"ListItem\",\"position\":2,\"name\":\"Spinning\",\"item\":\"https:\\\/\\\/www.textilegence.com\\\/en\\\/category\\\/spinning\\\/\"},{\"@type\":\"ListItem\",\"position\":3,\"name\":\"Durak Tekstil to meet the textile industry at Texprocess 2022\"}]},{\"@type\":\"WebSite\",\"@id\":\"https:\\\/\\\/www.textilegence.com\\\/en\\\/#website\",\"url\":\"https:\\\/\\\/www.textilegence.com\\\/en\\\/\",\"name\":\"Textilegence Magazine and Digital Platform\",\"description\":\"Textile News Center\",\"publisher\":{\"@id\":\"https:\\\/\\\/www.textilegence.com\\\/en\\\/#organization\"},\"potentialAction\":[{\"@type\":\"SearchAction\",\"target\":{\"@type\":\"EntryPoint\",\"urlTemplate\":\"https:\\\/\\\/www.textilegence.com\\\/en\\\/?s={search_term_string}\"},\"query-input\":{\"@type\":\"PropertyValueSpecification\",\"valueRequired\":true,\"valueName\":\"search_term_string\"}}],\"inLanguage\":\"en-US\"},{\"@type\":\"Organization\",\"@id\":\"https:\\\/\\\/www.textilegence.com\\\/en\\\/#organization\",\"name\":\"Textilegence Magazine and Digital Platform\",\"url\":\"https:\\\/\\\/www.textilegence.com\\\/en\\\/\",\"logo\":{\"@type\":\"ImageObject\",\"inLanguage\":\"en-US\",\"@id\":\"https:\\\/\\\/www.textilegence.com\\\/en\\\/#\\\/schema\\\/logo\\\/image\\\/\",\"url\":\"https:\\\/\\\/www.textilegence.com\\\/wp-content\\\/uploads\\\/2016\\\/11\\\/New_Retina_Logo_Textilegence.png\",\"contentUrl\":\"https:\\\/\\\/www.textilegence.com\\\/wp-content\\\/uploads\\\/2016\\\/11\\\/New_Retina_Logo_Textilegence.png\",\"width\":544,\"height\":180,\"caption\":\"Textilegence Magazine and Digital Platform\"},\"image\":{\"@id\":\"https:\\\/\\\/www.textilegence.com\\\/en\\\/#\\\/schema\\\/logo\\\/image\\\/\"},\"sameAs\":[\"https:\\\/\\\/www.facebook.com\\\/TextilegenceMagazine\",\"https:\\\/\\\/x.com\\\/textilegence\",\"https:\\\/\\\/www.instagram.com\\\/textilegence\\\/\",\"https:\\\/\\\/www.linkedin.com\\\/groups\\\/Textilegence-Magazine-Digital-Platform-4897253\",\"https:\\\/\\\/www.youtube.com\\\/user\\\/textilegence\"],\"description\":\"Textilegence is a magazine and digital platform established in 2013. It focuses on the textile industry and sub-segments. The platform provides news, articles, and updates on various aspects of the textile industry, including sustainability, technological advancements, and market trends.\",\"email\":\"editor@textilegence.com\",\"telephone\":\"+90 212 442 24 12\",\"legalName\":\"Textilegence Mag and Digital Platform\",\"foundingDate\":\"2013-01-01\",\"numberOfEmployees\":{\"@type\":\"QuantitativeValue\",\"minValue\":\"1\",\"maxValue\":\"10\"}},{\"@type\":\"Person\",\"@id\":\"https:\\\/\\\/www.textilegence.com\\\/en\\\/#\\\/schema\\\/person\\\/46ccc7bfc34edbc7d46b6b189f88849f\",\"name\":\"Engin Buz\",\"image\":{\"@type\":\"ImageObject\",\"inLanguage\":\"en-US\",\"@id\":\"https:\\\/\\\/www.textilegence.com\\\/wp-content\\\/uploads\\\/2018\\\/12\\\/engin-buz.jpg\",\"url\":\"https:\\\/\\\/www.textilegence.com\\\/wp-content\\\/uploads\\\/2018\\\/12\\\/engin-buz.jpg\",\"contentUrl\":\"https:\\\/\\\/www.textilegence.com\\\/wp-content\\\/uploads\\\/2018\\\/12\\\/engin-buz.jpg\",\"caption\":\"Engin Buz\"},\"description\":\"Engin Buz, Ankara \u00dcniversitesi \u0130leti\u015fim Fak\u00fcltesi Gazetecilik B\u00f6l\u00fcm\u00fc\u2019nden mezun olduktan sonra Y\u0131ld\u0131z Teknik \u00dcniversitesi\u2019nde Siyaset Bilimi ve Uluslararas\u0131 \u0130li\u015fkiler alan\u0131nda y\u00fcksek lisans\u0131n\u0131 tamamlam\u0131\u015ft\u0131r. 2000 y\u0131l\u0131ndan sonra \u00e7e\u015fitli yay\u0131nc\u0131l\u0131k \u015firketlerinde \u00e7al\u0131\u015fmaya ba\u015flayarak k\u00fclt\u00fcr-sanat ve daha sonra ekonomi haberleri haz\u0131rlam\u0131\u015ft\u0131r. 2009 y\u0131l\u0131ndan itibaren tekstil end\u00fcstrisine d\u00f6n\u00fck yay\u0131nlarda edit\u00f6r olarak g\u00f6rev alan Buz, 2013 itibariyle kurulan Textilegence\u2019de haber edit\u00f6r\u00fc olarak yer almaya ba\u015flam\u0131\u015ft\u0131r. Engin Buz halen ba\u015fta tekstil ve dijital bask\u0131 end\u00fcstrileri olmak \u00fczere ekonomi haberleri haz\u0131rlamaktad\u0131r.\",\"sameAs\":[\"https:\\\/\\\/www.textilegence.com\",\"https:\\\/\\\/www.facebook.com\\\/TextilegenceMagazine\",\"https:\\\/\\\/www.instagram.com\\\/textilegence\\\/\",\"https:\\\/\\\/www.linkedin.com\\\/in\\\/engin-buz-6190799a\\\/\",\"https:\\\/\\\/x.com\\\/https:\\\/\\\/twitter.com\\\/textilegence\"],\"url\":\"https:\\\/\\\/www.textilegence.com\\\/en\\\/author\\\/engin-buz\\\/\"}]}<\/script>\n<!-- \/ Yoast SEO Premium plugin. -->","yoast_head_json":{"title":"Durak Tekstil takes part at Texprocess 2022 - Textilegence","description":"Durak Tekstil, one of the leading manufacturers of industrial sewing and embroidery threads, participates in the Texprocess 2022...","robots":{"index":"index","follow":"follow","max-snippet":"max-snippet:-1","max-image-preview":"max-image-preview:large","max-video-preview":"max-video-preview:-1"},"canonical":"https:\/\/www.textilegence.com\/en\/durak-tekstil-to-meet-the-textile-industry-at-texprocess-2022\/","og_locale":"en_US","og_type":"article","og_title":"Durak Tekstil to meet the textile industry at Texprocess 2022","og_description":"Durak Tekstil, one of the leading manufacturers of industrial sewing and embroidery threads, participates in the Texprocess 2022 textile processing and","og_url":"https:\/\/www.textilegence.com\/en\/durak-tekstil-to-meet-the-textile-industry-at-texprocess-2022\/","og_site_name":"Textilegence Magazine and Digital Platform","article_publisher":"https:\/\/www.facebook.com\/TextilegenceMagazine","article_author":"https:\/\/www.facebook.com\/TextilegenceMagazine","article_published_time":"2022-05-26T13:26:56+00:00","article_modified_time":"2022-05-26T13:27:00+00:00","og_image":[{"width":1200,"height":675,"url":"https:\/\/www.textilegence.com\/wp-content\/uploads\/2022\/05\/durak-tekstil-textilegence-1.jpg","type":"image\/jpeg"}],"author":"Engin Buz","twitter_card":"summary_large_image","twitter_creator":"@https:\/\/twitter.com\/textilegence","twitter_site":"@textilegence","twitter_misc":{"Written by":"Engin Buz","Est. reading time":"6 minutes"},"schema":{"@context":"https:\/\/schema.org","@graph":[{"@type":"NewsArticle","@id":"https:\/\/www.textilegence.com\/en\/durak-tekstil-to-meet-the-textile-industry-at-texprocess-2022\/#article","isPartOf":{"@id":"https:\/\/www.textilegence.com\/en\/durak-tekstil-to-meet-the-textile-industry-at-texprocess-2022\/"},"author":{"name":"Engin Buz","@id":"https:\/\/www.textilegence.com\/en\/#\/schema\/person\/46ccc7bfc34edbc7d46b6b189f88849f"},"headline":"Durak Tekstil to meet the textile industry at Texprocess 2022","datePublished":"2022-05-26T13:26:56+00:00","dateModified":"2022-05-26T13:27:00+00:00","mainEntityOfPage":{"@id":"https:\/\/www.textilegence.com\/en\/durak-tekstil-to-meet-the-textile-industry-at-texprocess-2022\/"},"wordCount":922,"commentCount":0,"publisher":{"@id":"https:\/\/www.textilegence.com\/en\/#organization"},"image":{"@id":"https:\/\/www.textilegence.com\/en\/durak-tekstil-to-meet-the-textile-industry-at-texprocess-2022\/#primaryimage"},"thumbnailUrl":"https:\/\/www.textilegence.com\/wp-content\/uploads\/2022\/05\/durak-tekstil-textilegence-1.jpg","keywords":["durak tekstil","spinning","Texprocess","textile news"],"articleSection":["Spinning"],"inLanguage":"en-US","potentialAction":[{"@type":"CommentAction","name":"Comment","target":["https:\/\/www.textilegence.com\/en\/durak-tekstil-to-meet-the-textile-industry-at-texprocess-2022\/#respond"]}]},{"@type":"WebPage","@id":"https:\/\/www.textilegence.com\/en\/durak-tekstil-to-meet-the-textile-industry-at-texprocess-2022\/","url":"https:\/\/www.textilegence.com\/en\/durak-tekstil-to-meet-the-textile-industry-at-texprocess-2022\/","name":"Durak Tekstil takes part at Texprocess 2022 - Textilegence","isPartOf":{"@id":"https:\/\/www.textilegence.com\/en\/#website"},"primaryImageOfPage":{"@id":"https:\/\/www.textilegence.com\/en\/durak-tekstil-to-meet-the-textile-industry-at-texprocess-2022\/#primaryimage"},"image":{"@id":"https:\/\/www.textilegence.com\/en\/durak-tekstil-to-meet-the-textile-industry-at-texprocess-2022\/#primaryimage"},"thumbnailUrl":"https:\/\/www.textilegence.com\/wp-content\/uploads\/2022\/05\/durak-tekstil-textilegence-1.jpg","datePublished":"2022-05-26T13:26:56+00:00","dateModified":"2022-05-26T13:27:00+00:00","description":"Durak Tekstil, one of the leading manufacturers of industrial sewing and embroidery threads, participates in the Texprocess 2022...","breadcrumb":{"@id":"https:\/\/www.textilegence.com\/en\/durak-tekstil-to-meet-the-textile-industry-at-texprocess-2022\/#breadcrumb"},"inLanguage":"en-US","potentialAction":[{"@type":"ReadAction","target":["https:\/\/www.textilegence.com\/en\/durak-tekstil-to-meet-the-textile-industry-at-texprocess-2022\/"]}]},{"@type":"ImageObject","inLanguage":"en-US","@id":"https:\/\/www.textilegence.com\/en\/durak-tekstil-to-meet-the-textile-industry-at-texprocess-2022\/#primaryimage","url":"https:\/\/www.textilegence.com\/wp-content\/uploads\/2022\/05\/durak-tekstil-textilegence-1.jpg","contentUrl":"https:\/\/www.textilegence.com\/wp-content\/uploads\/2022\/05\/durak-tekstil-textilegence-1.jpg","width":1200,"height":675},{"@type":"BreadcrumbList","@id":"https:\/\/www.textilegence.com\/en\/durak-tekstil-to-meet-the-textile-industry-at-texprocess-2022\/#breadcrumb","itemListElement":[{"@type":"ListItem","position":1,"name":"Home Page","item":"https:\/\/www.textilegence.com\/en\/homepage-the-rimont\/"},{"@type":"ListItem","position":2,"name":"Spinning","item":"https:\/\/www.textilegence.com\/en\/category\/spinning\/"},{"@type":"ListItem","position":3,"name":"Durak Tekstil to meet the textile industry at Texprocess 2022"}]},{"@type":"WebSite","@id":"https:\/\/www.textilegence.com\/en\/#website","url":"https:\/\/www.textilegence.com\/en\/","name":"Textilegence Magazine and Digital Platform","description":"Textile News Center","publisher":{"@id":"https:\/\/www.textilegence.com\/en\/#organization"},"potentialAction":[{"@type":"SearchAction","target":{"@type":"EntryPoint","urlTemplate":"https:\/\/www.textilegence.com\/en\/?s={search_term_string}"},"query-input":{"@type":"PropertyValueSpecification","valueRequired":true,"valueName":"search_term_string"}}],"inLanguage":"en-US"},{"@type":"Organization","@id":"https:\/\/www.textilegence.com\/en\/#organization","name":"Textilegence Magazine and Digital Platform","url":"https:\/\/www.textilegence.com\/en\/","logo":{"@type":"ImageObject","inLanguage":"en-US","@id":"https:\/\/www.textilegence.com\/en\/#\/schema\/logo\/image\/","url":"https:\/\/www.textilegence.com\/wp-content\/uploads\/2016\/11\/New_Retina_Logo_Textilegence.png","contentUrl":"https:\/\/www.textilegence.com\/wp-content\/uploads\/2016\/11\/New_Retina_Logo_Textilegence.png","width":544,"height":180,"caption":"Textilegence Magazine and Digital Platform"},"image":{"@id":"https:\/\/www.textilegence.com\/en\/#\/schema\/logo\/image\/"},"sameAs":["https:\/\/www.facebook.com\/TextilegenceMagazine","https:\/\/x.com\/textilegence","https:\/\/www.instagram.com\/textilegence\/","https:\/\/www.linkedin.com\/groups\/Textilegence-Magazine-Digital-Platform-4897253","https:\/\/www.youtube.com\/user\/textilegence"],"description":"Textilegence is a magazine and digital platform established in 2013. It focuses on the textile industry and sub-segments. The platform provides news, articles, and updates on various aspects of the textile industry, including sustainability, technological advancements, and market trends.","email":"editor@textilegence.com","telephone":"+90 212 442 24 12","legalName":"Textilegence Mag and Digital Platform","foundingDate":"2013-01-01","numberOfEmployees":{"@type":"QuantitativeValue","minValue":"1","maxValue":"10"}},{"@type":"Person","@id":"https:\/\/www.textilegence.com\/en\/#\/schema\/person\/46ccc7bfc34edbc7d46b6b189f88849f","name":"Engin Buz","image":{"@type":"ImageObject","inLanguage":"en-US","@id":"https:\/\/www.textilegence.com\/wp-content\/uploads\/2018\/12\/engin-buz.jpg","url":"https:\/\/www.textilegence.com\/wp-content\/uploads\/2018\/12\/engin-buz.jpg","contentUrl":"https:\/\/www.textilegence.com\/wp-content\/uploads\/2018\/12\/engin-buz.jpg","caption":"Engin Buz"},"description":"Engin Buz, Ankara \u00dcniversitesi \u0130leti\u015fim Fak\u00fcltesi Gazetecilik B\u00f6l\u00fcm\u00fc\u2019nden mezun olduktan sonra Y\u0131ld\u0131z Teknik \u00dcniversitesi\u2019nde Siyaset Bilimi ve Uluslararas\u0131 \u0130li\u015fkiler alan\u0131nda y\u00fcksek lisans\u0131n\u0131 tamamlam\u0131\u015ft\u0131r. 2000 y\u0131l\u0131ndan sonra \u00e7e\u015fitli yay\u0131nc\u0131l\u0131k \u015firketlerinde \u00e7al\u0131\u015fmaya ba\u015flayarak k\u00fclt\u00fcr-sanat ve daha sonra ekonomi haberleri haz\u0131rlam\u0131\u015ft\u0131r. 2009 y\u0131l\u0131ndan itibaren tekstil end\u00fcstrisine d\u00f6n\u00fck yay\u0131nlarda edit\u00f6r olarak g\u00f6rev alan Buz, 2013 itibariyle kurulan Textilegence\u2019de haber edit\u00f6r\u00fc olarak yer almaya ba\u015flam\u0131\u015ft\u0131r. Engin Buz halen ba\u015fta tekstil ve dijital bask\u0131 end\u00fcstrileri olmak \u00fczere ekonomi haberleri haz\u0131rlamaktad\u0131r.","sameAs":["https:\/\/www.textilegence.com","https:\/\/www.facebook.com\/TextilegenceMagazine","https:\/\/www.instagram.com\/textilegence\/","https:\/\/www.linkedin.com\/in\/engin-buz-6190799a\/","https:\/\/x.com\/https:\/\/twitter.com\/textilegence"],"url":"https:\/\/www.textilegence.com\/en\/author\/engin-buz\/"}]}},"_links":{"self":[{"href":"https:\/\/www.textilegence.com\/en\/wp-json\/wp\/v2\/posts\/47335","targetHints":{"allow":["GET"]}}],"collection":[{"href":"https:\/\/www.textilegence.com\/en\/wp-json\/wp\/v2\/posts"}],"about":[{"href":"https:\/\/www.textilegence.com\/en\/wp-json\/wp\/v2\/types\/post"}],"author":[{"embeddable":true,"href":"https:\/\/www.textilegence.com\/en\/wp-json\/wp\/v2\/users\/2"}],"replies":[{"embeddable":true,"href":"https:\/\/www.textilegence.com\/en\/wp-json\/wp\/v2\/comments?post=47335"}],"version-history":[{"count":0,"href":"https:\/\/www.textilegence.com\/en\/wp-json\/wp\/v2\/posts\/47335\/revisions"}],"wp:featuredmedia":[{"embeddable":true,"href":"https:\/\/www.textilegence.com\/en\/wp-json\/wp\/v2\/media\/47334"}],"wp:attachment":[{"href":"https:\/\/www.textilegence.com\/en\/wp-json\/wp\/v2\/media?parent=47335"}],"wp:term":[{"taxonomy":"category","embeddable":true,"href":"https:\/\/www.textilegence.com\/en\/wp-json\/wp\/v2\/categories?post=47335"},{"taxonomy":"post_tag","embeddable":true,"href":"https:\/\/www.textilegence.com\/en\/wp-json\/wp\/v2\/tags?post=47335"}],"curies":[{"name":"wp","href":"https:\/\/api.w.org\/{rel}","templated":true}]}}