{"id":48353,"date":"2022-07-25T16:48:19","date_gmt":"2022-07-25T13:48:19","guid":{"rendered":"http:\/\/www.textilegence.com\/?p=48353"},"modified":"2022-07-25T16:48:24","modified_gmt":"2022-07-25T13:48:24","slug":"turkish-textile-products-meet-the-global-market-at-two-exhibitions-in-paris","status":"publish","type":"post","link":"https:\/\/www.textilegence.com\/en\/turkish-textile-products-meet-the-global-market-at-two-exhibitions-in-paris\/","title":{"rendered":"Turkish textile products meet the global market at two exhibitions in Paris"},"content":{"rendered":"\n<p>The Turkish textile industry met with buyers from all over the world at the Premi\u00e8re Vision Paris, which was held in Paris, the capital of France, on July 5-7, with the participation of more than a thousand companies from around 20 countries, and laid the foundation for new collaborations. The \u2018TFF Magazine\u2019 booth of <a href=\"https:\/\/utib.org.tr\/en\/default\" target=\"_blank\" rel=\"noreferrer noopener\">Uluda\u011f Textile Exporters\u2019 Association<\/a> (UTIB) became one of the most important meeting points of the <a href=\"https:\/\/www.textilegence.com\/en\/category\/topical\/\" target=\"_blank\" rel=\"noreferrer noopener\">industry <\/a>in the exhibition, where there was high textile companies participation from South Korea, India, Japan and predominantly European countries. China participated with 140 companies, India with 60 companies and Korea with 41 companies, while Turkey ranked second among the countries with the highest participation with 100 companies, after China.<\/p>\n\n\n\n<p>Another frequent destination for Turkish textile manufacturers in Paris recently was Texworld 2022. 100 companies from Turkey participated in the exhibition held at Le Bourget Exhibition Centre on July 4-6. UTIB brought together 26 leading companies of Bursa with professional buyers at Texworld 2022, which brings together exhibitors and visitors from the fabric, accessories, yarn, home textile and leather industries. While 92 percent of the buyers visited to meet new suppliers, the products were examined with interest by the exhibitors and visitors.<\/p>\n\n\n<div class=\"wp-block-image\">\n<figure class=\"aligncenter size-full\"><img loading=\"lazy\" decoding=\"async\" width=\"1200\" height=\"675\" src=\"https:\/\/www.textilegence.com\/wp-content\/uploads\/2022\/07\/turkish-textile-detail.jpg\" alt=\"\" class=\"wp-image-48350\" srcset=\"https:\/\/www.textilegence.com\/wp-content\/uploads\/2022\/07\/turkish-textile-detail.jpg 1200w, https:\/\/www.textilegence.com\/wp-content\/uploads\/2022\/07\/turkish-textile-detail-768x432.jpg 768w, https:\/\/www.textilegence.com\/wp-content\/uploads\/2022\/07\/turkish-textile-detail-300x169.jpg 300w, https:\/\/www.textilegence.com\/wp-content\/uploads\/2022\/07\/turkish-textile-detail-600x338.jpg 600w, https:\/\/www.textilegence.com\/wp-content\/uploads\/2022\/07\/turkish-textile-detail-696x392.jpg 696w, https:\/\/www.textilegence.com\/wp-content\/uploads\/2022\/07\/turkish-textile-detail-1068x601.jpg 1068w\" sizes=\"auto, (max-width: 1200px) 100vw, 1200px\" \/><figcaption>UTIB Chairperson of the Board P\u0131nar Ta\u015fdelen Engin<\/figcaption><\/figure>\n<\/div>\n\n\n<h2 class=\"wp-block-heading\" id=\"h-this-will-make-a-great-contribution-to-turkish-textile-industry-exports\">\u201cThis will make a great contribution to Turkish textile industry exports\u201d<\/h2>\n\n\n\n<p>UTIB Chairperson of the Board P\u0131nar Ta\u015fdelen Engin noted that the exhibitions were very successful and said; \u201cThe Turkish home textile and ready-to-wear industry, which steers the world market, opened the doors of new markets with two exhibitions held in Paris, the capital of fashion.\u201d Engin underlined that Texworld Paris and Premi\u00e8re Vision Paris are two extremely important exhibitions for textile and ready-to-wear companies from Bursa, which exported more than 1.5 billion dollars in the first half of the year, and continued as follows: \u201cThanks to the exhibitions we participated in as UTIB, we provided the opportunity for our industry representatives to deliver their products to more buyers and to establish new collaborations, while also enabling them to gain a vision about current developments and the future of the industry. I believe that the meetings held at the exhibitions, where we met with the great interest of the visitors, will make a great contribution to the exports of Bursa and especially our country.\u201d<\/p>\n","protected":false},"excerpt":{"rendered":"<p>The Turkish textile industry met with buyers from all over the world at the Premi\u00e8re Vision Paris, which was held in Paris, the capital of France, on July 5-7, with the participation of more than a thousand companies from around 20 countries, and laid the foundation for new collaborations. The \u2018TFF Magazine\u2019 booth of Uluda\u011f [&hellip;]<\/p>\n","protected":false},"author":2,"featured_media":48347,"comment_status":"open","ping_status":"closed","sticky":false,"template":"","format":"standard","meta":{"footnotes":""},"categories":[9859],"tags":[3761,10369,15780,12450,11022],"class_list":{"0":"post-48353","1":"post","2":"type-post","3":"status-publish","4":"format-standard","5":"has-post-thumbnail","7":"category-topical","8":"tag-premiere-vision-paris","9":"tag-textile-news-en","10":"tag-texworld-2022","11":"tag-topical","12":"tag-utib"},"yoast_head":"<!-- This site is optimized with the Yoast SEO Premium plugin v27.3 (Yoast SEO v27.3) - https:\/\/yoast.com\/product\/yoast-seo-premium-wordpress\/ -->\n<title>Turkish textile products meet global market in Paris - Textilegence<\/title>\n<meta name=\"description\" content=\"The Turkish textile industry met with buyers from all over the world at the Premi\u00e8re Vision Paris, which was held in Paris...\" \/>\n<meta name=\"robots\" content=\"index, follow, max-snippet:-1, max-image-preview:large, max-video-preview:-1\" \/>\n<link rel=\"canonical\" href=\"https:\/\/www.textilegence.com\/en\/turkish-textile-products-meet-the-global-market-at-two-exhibitions-in-paris\/\" \/>\n<meta property=\"og:locale\" content=\"en_US\" \/>\n<meta property=\"og:type\" content=\"article\" \/>\n<meta property=\"og:title\" content=\"Turkish textile products meet the global market at two exhibitions in Paris\" \/>\n<meta property=\"og:description\" content=\"The Turkish textile industry met with buyers from all over the world at the Premi\u00e8re Vision Paris, which was held in Paris, the capital of France, on July\" \/>\n<meta property=\"og:url\" content=\"https:\/\/www.textilegence.com\/en\/turkish-textile-products-meet-the-global-market-at-two-exhibitions-in-paris\/\" \/>\n<meta property=\"og:site_name\" content=\"Textilegence Magazine and Digital Platform\" \/>\n<meta property=\"article:publisher\" content=\"https:\/\/www.facebook.com\/TextilegenceMagazine\" \/>\n<meta property=\"article:author\" content=\"https:\/\/www.facebook.com\/TextilegenceMagazine\" \/>\n<meta property=\"article:published_time\" content=\"2022-07-25T13:48:19+00:00\" \/>\n<meta property=\"article:modified_time\" content=\"2022-07-25T13:48:24+00:00\" \/>\n<meta property=\"og:image\" content=\"https:\/\/www.textilegence.com\/wp-content\/uploads\/2022\/07\/turkish-textile-textilegence.jpg\" \/>\n\t<meta property=\"og:image:width\" content=\"1200\" \/>\n\t<meta property=\"og:image:height\" content=\"675\" \/>\n\t<meta property=\"og:image:type\" content=\"image\/jpeg\" \/>\n<meta name=\"author\" content=\"Engin Buz\" \/>\n<meta name=\"twitter:card\" content=\"summary_large_image\" \/>\n<meta name=\"twitter:creator\" content=\"@https:\/\/twitter.com\/textilegence\" \/>\n<meta name=\"twitter:site\" content=\"@textilegence\" \/>\n<meta name=\"twitter:label1\" content=\"Written by\" \/>\n\t<meta name=\"twitter:data1\" content=\"Engin Buz\" \/>\n\t<meta name=\"twitter:label2\" content=\"Est. reading time\" \/>\n\t<meta name=\"twitter:data2\" content=\"3 minutes\" \/>\n<script type=\"application\/ld+json\" class=\"yoast-schema-graph\">{\"@context\":\"https:\\\/\\\/schema.org\",\"@graph\":[{\"@type\":\"NewsArticle\",\"@id\":\"https:\\\/\\\/www.textilegence.com\\\/en\\\/turkish-textile-products-meet-the-global-market-at-two-exhibitions-in-paris\\\/#article\",\"isPartOf\":{\"@id\":\"https:\\\/\\\/www.textilegence.com\\\/en\\\/turkish-textile-products-meet-the-global-market-at-two-exhibitions-in-paris\\\/\"},\"author\":{\"name\":\"Engin Buz\",\"@id\":\"https:\\\/\\\/www.textilegence.com\\\/en\\\/#\\\/schema\\\/person\\\/46ccc7bfc34edbc7d46b6b189f88849f\"},\"headline\":\"Turkish textile products meet the global market at two exhibitions in Paris\",\"datePublished\":\"2022-07-25T13:48:19+00:00\",\"dateModified\":\"2022-07-25T13:48:24+00:00\",\"mainEntityOfPage\":{\"@id\":\"https:\\\/\\\/www.textilegence.com\\\/en\\\/turkish-textile-products-meet-the-global-market-at-two-exhibitions-in-paris\\\/\"},\"wordCount\":390,\"commentCount\":0,\"publisher\":{\"@id\":\"https:\\\/\\\/www.textilegence.com\\\/en\\\/#organization\"},\"image\":{\"@id\":\"https:\\\/\\\/www.textilegence.com\\\/en\\\/turkish-textile-products-meet-the-global-market-at-two-exhibitions-in-paris\\\/#primaryimage\"},\"thumbnailUrl\":\"https:\\\/\\\/www.textilegence.com\\\/wp-content\\\/uploads\\\/2022\\\/07\\\/turkish-textile-textilegence.jpg\",\"keywords\":[\"Premiere Vision Paris\",\"textile news\",\"Texworld 2022\",\"topical\",\"utib\"],\"articleSection\":[\"Topical\"],\"inLanguage\":\"en-US\",\"potentialAction\":[{\"@type\":\"CommentAction\",\"name\":\"Comment\",\"target\":[\"https:\\\/\\\/www.textilegence.com\\\/en\\\/turkish-textile-products-meet-the-global-market-at-two-exhibitions-in-paris\\\/#respond\"]}]},{\"@type\":\"WebPage\",\"@id\":\"https:\\\/\\\/www.textilegence.com\\\/en\\\/turkish-textile-products-meet-the-global-market-at-two-exhibitions-in-paris\\\/\",\"url\":\"https:\\\/\\\/www.textilegence.com\\\/en\\\/turkish-textile-products-meet-the-global-market-at-two-exhibitions-in-paris\\\/\",\"name\":\"Turkish textile products meet global market in Paris - Textilegence\",\"isPartOf\":{\"@id\":\"https:\\\/\\\/www.textilegence.com\\\/en\\\/#website\"},\"primaryImageOfPage\":{\"@id\":\"https:\\\/\\\/www.textilegence.com\\\/en\\\/turkish-textile-products-meet-the-global-market-at-two-exhibitions-in-paris\\\/#primaryimage\"},\"image\":{\"@id\":\"https:\\\/\\\/www.textilegence.com\\\/en\\\/turkish-textile-products-meet-the-global-market-at-two-exhibitions-in-paris\\\/#primaryimage\"},\"thumbnailUrl\":\"https:\\\/\\\/www.textilegence.com\\\/wp-content\\\/uploads\\\/2022\\\/07\\\/turkish-textile-textilegence.jpg\",\"datePublished\":\"2022-07-25T13:48:19+00:00\",\"dateModified\":\"2022-07-25T13:48:24+00:00\",\"description\":\"The Turkish textile industry met with buyers from all over the world at the Premi\u00e8re Vision Paris, which was held in Paris...\",\"breadcrumb\":{\"@id\":\"https:\\\/\\\/www.textilegence.com\\\/en\\\/turkish-textile-products-meet-the-global-market-at-two-exhibitions-in-paris\\\/#breadcrumb\"},\"inLanguage\":\"en-US\",\"potentialAction\":[{\"@type\":\"ReadAction\",\"target\":[\"https:\\\/\\\/www.textilegence.com\\\/en\\\/turkish-textile-products-meet-the-global-market-at-two-exhibitions-in-paris\\\/\"]}]},{\"@type\":\"ImageObject\",\"inLanguage\":\"en-US\",\"@id\":\"https:\\\/\\\/www.textilegence.com\\\/en\\\/turkish-textile-products-meet-the-global-market-at-two-exhibitions-in-paris\\\/#primaryimage\",\"url\":\"https:\\\/\\\/www.textilegence.com\\\/wp-content\\\/uploads\\\/2022\\\/07\\\/turkish-textile-textilegence.jpg\",\"contentUrl\":\"https:\\\/\\\/www.textilegence.com\\\/wp-content\\\/uploads\\\/2022\\\/07\\\/turkish-textile-textilegence.jpg\",\"width\":1200,\"height\":675},{\"@type\":\"BreadcrumbList\",\"@id\":\"https:\\\/\\\/www.textilegence.com\\\/en\\\/turkish-textile-products-meet-the-global-market-at-two-exhibitions-in-paris\\\/#breadcrumb\",\"itemListElement\":[{\"@type\":\"ListItem\",\"position\":1,\"name\":\"Home Page\",\"item\":\"https:\\\/\\\/www.textilegence.com\\\/en\\\/homepage-the-rimont\\\/\"},{\"@type\":\"ListItem\",\"position\":2,\"name\":\"Topical\",\"item\":\"https:\\\/\\\/www.textilegence.com\\\/en\\\/category\\\/topical\\\/\"},{\"@type\":\"ListItem\",\"position\":3,\"name\":\"Turkish textile products meet the global market at two exhibitions in Paris\"}]},{\"@type\":\"WebSite\",\"@id\":\"https:\\\/\\\/www.textilegence.com\\\/en\\\/#website\",\"url\":\"https:\\\/\\\/www.textilegence.com\\\/en\\\/\",\"name\":\"Textilegence Magazine and Digital Platform\",\"description\":\"Textile News Center\",\"publisher\":{\"@id\":\"https:\\\/\\\/www.textilegence.com\\\/en\\\/#organization\"},\"potentialAction\":[{\"@type\":\"SearchAction\",\"target\":{\"@type\":\"EntryPoint\",\"urlTemplate\":\"https:\\\/\\\/www.textilegence.com\\\/en\\\/?s={search_term_string}\"},\"query-input\":{\"@type\":\"PropertyValueSpecification\",\"valueRequired\":true,\"valueName\":\"search_term_string\"}}],\"inLanguage\":\"en-US\"},{\"@type\":\"Organization\",\"@id\":\"https:\\\/\\\/www.textilegence.com\\\/en\\\/#organization\",\"name\":\"Textilegence Magazine and Digital Platform\",\"url\":\"https:\\\/\\\/www.textilegence.com\\\/en\\\/\",\"logo\":{\"@type\":\"ImageObject\",\"inLanguage\":\"en-US\",\"@id\":\"https:\\\/\\\/www.textilegence.com\\\/en\\\/#\\\/schema\\\/logo\\\/image\\\/\",\"url\":\"https:\\\/\\\/www.textilegence.com\\\/wp-content\\\/uploads\\\/2016\\\/11\\\/New_Retina_Logo_Textilegence.png\",\"contentUrl\":\"https:\\\/\\\/www.textilegence.com\\\/wp-content\\\/uploads\\\/2016\\\/11\\\/New_Retina_Logo_Textilegence.png\",\"width\":544,\"height\":180,\"caption\":\"Textilegence Magazine and Digital Platform\"},\"image\":{\"@id\":\"https:\\\/\\\/www.textilegence.com\\\/en\\\/#\\\/schema\\\/logo\\\/image\\\/\"},\"sameAs\":[\"https:\\\/\\\/www.facebook.com\\\/TextilegenceMagazine\",\"https:\\\/\\\/x.com\\\/textilegence\",\"https:\\\/\\\/www.instagram.com\\\/textilegence\\\/\",\"https:\\\/\\\/www.linkedin.com\\\/groups\\\/Textilegence-Magazine-Digital-Platform-4897253\",\"https:\\\/\\\/www.youtube.com\\\/user\\\/textilegence\"],\"description\":\"Textilegence is a magazine and digital platform established in 2013. It focuses on the textile industry and sub-segments. The platform provides news, articles, and updates on various aspects of the textile industry, including sustainability, technological advancements, and market trends.\",\"email\":\"editor@textilegence.com\",\"telephone\":\"+90 212 442 24 12\",\"legalName\":\"Textilegence Mag and Digital Platform\",\"foundingDate\":\"2013-01-01\",\"numberOfEmployees\":{\"@type\":\"QuantitativeValue\",\"minValue\":\"1\",\"maxValue\":\"10\"}},{\"@type\":\"Person\",\"@id\":\"https:\\\/\\\/www.textilegence.com\\\/en\\\/#\\\/schema\\\/person\\\/46ccc7bfc34edbc7d46b6b189f88849f\",\"name\":\"Engin Buz\",\"image\":{\"@type\":\"ImageObject\",\"inLanguage\":\"en-US\",\"@id\":\"https:\\\/\\\/www.textilegence.com\\\/wp-content\\\/uploads\\\/2018\\\/12\\\/engin-buz.jpg\",\"url\":\"https:\\\/\\\/www.textilegence.com\\\/wp-content\\\/uploads\\\/2018\\\/12\\\/engin-buz.jpg\",\"contentUrl\":\"https:\\\/\\\/www.textilegence.com\\\/wp-content\\\/uploads\\\/2018\\\/12\\\/engin-buz.jpg\",\"caption\":\"Engin Buz\"},\"description\":\"Engin Buz, Ankara \u00dcniversitesi \u0130leti\u015fim Fak\u00fcltesi Gazetecilik B\u00f6l\u00fcm\u00fc\u2019nden mezun olduktan sonra Y\u0131ld\u0131z Teknik \u00dcniversitesi\u2019nde Siyaset Bilimi ve Uluslararas\u0131 \u0130li\u015fkiler alan\u0131nda y\u00fcksek lisans\u0131n\u0131 tamamlam\u0131\u015ft\u0131r. 2000 y\u0131l\u0131ndan sonra \u00e7e\u015fitli yay\u0131nc\u0131l\u0131k \u015firketlerinde \u00e7al\u0131\u015fmaya ba\u015flayarak k\u00fclt\u00fcr-sanat ve daha sonra ekonomi haberleri haz\u0131rlam\u0131\u015ft\u0131r. 2009 y\u0131l\u0131ndan itibaren tekstil end\u00fcstrisine d\u00f6n\u00fck yay\u0131nlarda edit\u00f6r olarak g\u00f6rev alan Buz, 2013 itibariyle kurulan Textilegence\u2019de haber edit\u00f6r\u00fc olarak yer almaya ba\u015flam\u0131\u015ft\u0131r. Engin Buz halen ba\u015fta tekstil ve dijital bask\u0131 end\u00fcstrileri olmak \u00fczere ekonomi haberleri haz\u0131rlamaktad\u0131r.\",\"sameAs\":[\"https:\\\/\\\/www.textilegence.com\",\"https:\\\/\\\/www.facebook.com\\\/TextilegenceMagazine\",\"https:\\\/\\\/www.instagram.com\\\/textilegence\\\/\",\"https:\\\/\\\/www.linkedin.com\\\/in\\\/engin-buz-6190799a\\\/\",\"https:\\\/\\\/x.com\\\/https:\\\/\\\/twitter.com\\\/textilegence\"],\"url\":\"https:\\\/\\\/www.textilegence.com\\\/en\\\/author\\\/engin-buz\\\/\"}]}<\/script>\n<!-- \/ Yoast SEO Premium plugin. -->","yoast_head_json":{"title":"Turkish textile products meet global market in Paris - Textilegence","description":"The Turkish textile industry met with buyers from all over the world at the Premi\u00e8re Vision Paris, which was held in Paris...","robots":{"index":"index","follow":"follow","max-snippet":"max-snippet:-1","max-image-preview":"max-image-preview:large","max-video-preview":"max-video-preview:-1"},"canonical":"https:\/\/www.textilegence.com\/en\/turkish-textile-products-meet-the-global-market-at-two-exhibitions-in-paris\/","og_locale":"en_US","og_type":"article","og_title":"Turkish textile products meet the global market at two exhibitions in Paris","og_description":"The Turkish textile industry met with buyers from all over the world at the Premi\u00e8re Vision Paris, which was held in Paris, the capital of France, on July","og_url":"https:\/\/www.textilegence.com\/en\/turkish-textile-products-meet-the-global-market-at-two-exhibitions-in-paris\/","og_site_name":"Textilegence Magazine and Digital Platform","article_publisher":"https:\/\/www.facebook.com\/TextilegenceMagazine","article_author":"https:\/\/www.facebook.com\/TextilegenceMagazine","article_published_time":"2022-07-25T13:48:19+00:00","article_modified_time":"2022-07-25T13:48:24+00:00","og_image":[{"width":1200,"height":675,"url":"https:\/\/www.textilegence.com\/wp-content\/uploads\/2022\/07\/turkish-textile-textilegence.jpg","type":"image\/jpeg"}],"author":"Engin Buz","twitter_card":"summary_large_image","twitter_creator":"@https:\/\/twitter.com\/textilegence","twitter_site":"@textilegence","twitter_misc":{"Written by":"Engin Buz","Est. reading time":"3 minutes"},"schema":{"@context":"https:\/\/schema.org","@graph":[{"@type":"NewsArticle","@id":"https:\/\/www.textilegence.com\/en\/turkish-textile-products-meet-the-global-market-at-two-exhibitions-in-paris\/#article","isPartOf":{"@id":"https:\/\/www.textilegence.com\/en\/turkish-textile-products-meet-the-global-market-at-two-exhibitions-in-paris\/"},"author":{"name":"Engin Buz","@id":"https:\/\/www.textilegence.com\/en\/#\/schema\/person\/46ccc7bfc34edbc7d46b6b189f88849f"},"headline":"Turkish textile products meet the global market at two exhibitions in Paris","datePublished":"2022-07-25T13:48:19+00:00","dateModified":"2022-07-25T13:48:24+00:00","mainEntityOfPage":{"@id":"https:\/\/www.textilegence.com\/en\/turkish-textile-products-meet-the-global-market-at-two-exhibitions-in-paris\/"},"wordCount":390,"commentCount":0,"publisher":{"@id":"https:\/\/www.textilegence.com\/en\/#organization"},"image":{"@id":"https:\/\/www.textilegence.com\/en\/turkish-textile-products-meet-the-global-market-at-two-exhibitions-in-paris\/#primaryimage"},"thumbnailUrl":"https:\/\/www.textilegence.com\/wp-content\/uploads\/2022\/07\/turkish-textile-textilegence.jpg","keywords":["Premiere Vision Paris","textile news","Texworld 2022","topical","utib"],"articleSection":["Topical"],"inLanguage":"en-US","potentialAction":[{"@type":"CommentAction","name":"Comment","target":["https:\/\/www.textilegence.com\/en\/turkish-textile-products-meet-the-global-market-at-two-exhibitions-in-paris\/#respond"]}]},{"@type":"WebPage","@id":"https:\/\/www.textilegence.com\/en\/turkish-textile-products-meet-the-global-market-at-two-exhibitions-in-paris\/","url":"https:\/\/www.textilegence.com\/en\/turkish-textile-products-meet-the-global-market-at-two-exhibitions-in-paris\/","name":"Turkish textile products meet global market in Paris - Textilegence","isPartOf":{"@id":"https:\/\/www.textilegence.com\/en\/#website"},"primaryImageOfPage":{"@id":"https:\/\/www.textilegence.com\/en\/turkish-textile-products-meet-the-global-market-at-two-exhibitions-in-paris\/#primaryimage"},"image":{"@id":"https:\/\/www.textilegence.com\/en\/turkish-textile-products-meet-the-global-market-at-two-exhibitions-in-paris\/#primaryimage"},"thumbnailUrl":"https:\/\/www.textilegence.com\/wp-content\/uploads\/2022\/07\/turkish-textile-textilegence.jpg","datePublished":"2022-07-25T13:48:19+00:00","dateModified":"2022-07-25T13:48:24+00:00","description":"The Turkish textile industry met with buyers from all over the world at the Premi\u00e8re Vision Paris, which was held in Paris...","breadcrumb":{"@id":"https:\/\/www.textilegence.com\/en\/turkish-textile-products-meet-the-global-market-at-two-exhibitions-in-paris\/#breadcrumb"},"inLanguage":"en-US","potentialAction":[{"@type":"ReadAction","target":["https:\/\/www.textilegence.com\/en\/turkish-textile-products-meet-the-global-market-at-two-exhibitions-in-paris\/"]}]},{"@type":"ImageObject","inLanguage":"en-US","@id":"https:\/\/www.textilegence.com\/en\/turkish-textile-products-meet-the-global-market-at-two-exhibitions-in-paris\/#primaryimage","url":"https:\/\/www.textilegence.com\/wp-content\/uploads\/2022\/07\/turkish-textile-textilegence.jpg","contentUrl":"https:\/\/www.textilegence.com\/wp-content\/uploads\/2022\/07\/turkish-textile-textilegence.jpg","width":1200,"height":675},{"@type":"BreadcrumbList","@id":"https:\/\/www.textilegence.com\/en\/turkish-textile-products-meet-the-global-market-at-two-exhibitions-in-paris\/#breadcrumb","itemListElement":[{"@type":"ListItem","position":1,"name":"Home Page","item":"https:\/\/www.textilegence.com\/en\/homepage-the-rimont\/"},{"@type":"ListItem","position":2,"name":"Topical","item":"https:\/\/www.textilegence.com\/en\/category\/topical\/"},{"@type":"ListItem","position":3,"name":"Turkish textile products meet the global market at two exhibitions in Paris"}]},{"@type":"WebSite","@id":"https:\/\/www.textilegence.com\/en\/#website","url":"https:\/\/www.textilegence.com\/en\/","name":"Textilegence Magazine and Digital Platform","description":"Textile News Center","publisher":{"@id":"https:\/\/www.textilegence.com\/en\/#organization"},"potentialAction":[{"@type":"SearchAction","target":{"@type":"EntryPoint","urlTemplate":"https:\/\/www.textilegence.com\/en\/?s={search_term_string}"},"query-input":{"@type":"PropertyValueSpecification","valueRequired":true,"valueName":"search_term_string"}}],"inLanguage":"en-US"},{"@type":"Organization","@id":"https:\/\/www.textilegence.com\/en\/#organization","name":"Textilegence Magazine and Digital Platform","url":"https:\/\/www.textilegence.com\/en\/","logo":{"@type":"ImageObject","inLanguage":"en-US","@id":"https:\/\/www.textilegence.com\/en\/#\/schema\/logo\/image\/","url":"https:\/\/www.textilegence.com\/wp-content\/uploads\/2016\/11\/New_Retina_Logo_Textilegence.png","contentUrl":"https:\/\/www.textilegence.com\/wp-content\/uploads\/2016\/11\/New_Retina_Logo_Textilegence.png","width":544,"height":180,"caption":"Textilegence Magazine and Digital Platform"},"image":{"@id":"https:\/\/www.textilegence.com\/en\/#\/schema\/logo\/image\/"},"sameAs":["https:\/\/www.facebook.com\/TextilegenceMagazine","https:\/\/x.com\/textilegence","https:\/\/www.instagram.com\/textilegence\/","https:\/\/www.linkedin.com\/groups\/Textilegence-Magazine-Digital-Platform-4897253","https:\/\/www.youtube.com\/user\/textilegence"],"description":"Textilegence is a magazine and digital platform established in 2013. It focuses on the textile industry and sub-segments. The platform provides news, articles, and updates on various aspects of the textile industry, including sustainability, technological advancements, and market trends.","email":"editor@textilegence.com","telephone":"+90 212 442 24 12","legalName":"Textilegence Mag and Digital Platform","foundingDate":"2013-01-01","numberOfEmployees":{"@type":"QuantitativeValue","minValue":"1","maxValue":"10"}},{"@type":"Person","@id":"https:\/\/www.textilegence.com\/en\/#\/schema\/person\/46ccc7bfc34edbc7d46b6b189f88849f","name":"Engin Buz","image":{"@type":"ImageObject","inLanguage":"en-US","@id":"https:\/\/www.textilegence.com\/wp-content\/uploads\/2018\/12\/engin-buz.jpg","url":"https:\/\/www.textilegence.com\/wp-content\/uploads\/2018\/12\/engin-buz.jpg","contentUrl":"https:\/\/www.textilegence.com\/wp-content\/uploads\/2018\/12\/engin-buz.jpg","caption":"Engin Buz"},"description":"Engin Buz, Ankara \u00dcniversitesi \u0130leti\u015fim Fak\u00fcltesi Gazetecilik B\u00f6l\u00fcm\u00fc\u2019nden mezun olduktan sonra Y\u0131ld\u0131z Teknik \u00dcniversitesi\u2019nde Siyaset Bilimi ve Uluslararas\u0131 \u0130li\u015fkiler alan\u0131nda y\u00fcksek lisans\u0131n\u0131 tamamlam\u0131\u015ft\u0131r. 2000 y\u0131l\u0131ndan sonra \u00e7e\u015fitli yay\u0131nc\u0131l\u0131k \u015firketlerinde \u00e7al\u0131\u015fmaya ba\u015flayarak k\u00fclt\u00fcr-sanat ve daha sonra ekonomi haberleri haz\u0131rlam\u0131\u015ft\u0131r. 2009 y\u0131l\u0131ndan itibaren tekstil end\u00fcstrisine d\u00f6n\u00fck yay\u0131nlarda edit\u00f6r olarak g\u00f6rev alan Buz, 2013 itibariyle kurulan Textilegence\u2019de haber edit\u00f6r\u00fc olarak yer almaya ba\u015flam\u0131\u015ft\u0131r. Engin Buz halen ba\u015fta tekstil ve dijital bask\u0131 end\u00fcstrileri olmak \u00fczere ekonomi haberleri haz\u0131rlamaktad\u0131r.","sameAs":["https:\/\/www.textilegence.com","https:\/\/www.facebook.com\/TextilegenceMagazine","https:\/\/www.instagram.com\/textilegence\/","https:\/\/www.linkedin.com\/in\/engin-buz-6190799a\/","https:\/\/x.com\/https:\/\/twitter.com\/textilegence"],"url":"https:\/\/www.textilegence.com\/en\/author\/engin-buz\/"}]}},"_links":{"self":[{"href":"https:\/\/www.textilegence.com\/en\/wp-json\/wp\/v2\/posts\/48353","targetHints":{"allow":["GET"]}}],"collection":[{"href":"https:\/\/www.textilegence.com\/en\/wp-json\/wp\/v2\/posts"}],"about":[{"href":"https:\/\/www.textilegence.com\/en\/wp-json\/wp\/v2\/types\/post"}],"author":[{"embeddable":true,"href":"https:\/\/www.textilegence.com\/en\/wp-json\/wp\/v2\/users\/2"}],"replies":[{"embeddable":true,"href":"https:\/\/www.textilegence.com\/en\/wp-json\/wp\/v2\/comments?post=48353"}],"version-history":[{"count":0,"href":"https:\/\/www.textilegence.com\/en\/wp-json\/wp\/v2\/posts\/48353\/revisions"}],"wp:featuredmedia":[{"embeddable":true,"href":"https:\/\/www.textilegence.com\/en\/wp-json\/wp\/v2\/media\/48347"}],"wp:attachment":[{"href":"https:\/\/www.textilegence.com\/en\/wp-json\/wp\/v2\/media?parent=48353"}],"wp:term":[{"taxonomy":"category","embeddable":true,"href":"https:\/\/www.textilegence.com\/en\/wp-json\/wp\/v2\/categories?post=48353"},{"taxonomy":"post_tag","embeddable":true,"href":"https:\/\/www.textilegence.com\/en\/wp-json\/wp\/v2\/tags?post=48353"}],"curies":[{"name":"wp","href":"https:\/\/api.w.org\/{rel}","templated":true}]}}