{"id":48608,"date":"2022-08-09T08:47:17","date_gmt":"2022-08-09T05:47:17","guid":{"rendered":"http:\/\/www.textilegence.com\/?p=48608"},"modified":"2022-08-09T08:47:22","modified_gmt":"2022-08-09T05:47:22","slug":"teksel-tekstil-encourages-textile-manufacturers-to-invest-at-itm-2022","status":"publish","type":"post","link":"https:\/\/www.textilegence.com\/en\/teksel-tekstil-encourages-textile-manufacturers-to-invest-at-itm-2022\/","title":{"rendered":"Teksel Tekstil encourages textile manufacturers to invest at ITM 2022"},"content":{"rendered":"\n<p>Teksel Tekstil, providing solutions to different segments of the Turkish textile industry with numerous brands in its portfolio, left behind a successful <a href=\"\/?cat_ID=194\" target=\"_blank\" rel=\"noreferrer noopener\">ITM 2022<\/a> participation. The <a href=\"https:\/\/www.tekseltekstil.com.tr\/?lang=en\" target=\"_blank\" rel=\"noreferrer noopener\">company <\/a>created exclusive sections for the brands it represents in its two booths in the knitting and finishing halls and achieved positive results for growth in the global market.<\/p>\n\n\n\n<p>Teksel Tekstil A.\u015e. Managing Director Dursun Ferikel said that they were happy to meet again at an ITM after a long time in his evaluation of the <a href=\"https:\/\/www.itmexhibition.com\/itm2024\/\" target=\"_blank\" rel=\"noreferrer noopener\">exhibition<\/a>. Saying: \u201cWe think that we are finally rid of all the negative effects of the pandemic,\u201d he continued: \u201cITM 2022, the biggest textile machinery exhibition of the industry after ITMA 2019, pleased us with the number of domestic and foreign visitors and its high profile. The interest shown in the 18 brands we represent at our two booths in both halls exceeded our expectations. In short, ITM 2022 was successful for us in terms of business and very enjoyable in terms of meetings.\u201d<\/p>\n\n\n<div class=\"wp-block-image\">\n<figure class=\"aligncenter size-full\"><img loading=\"lazy\" decoding=\"async\" width=\"1200\" height=\"675\" src=\"https:\/\/www.textilegence.com\/wp-content\/uploads\/2022\/08\/teksel-tekstil-detail.jpg\" alt=\"\" class=\"wp-image-48611\" srcset=\"https:\/\/www.textilegence.com\/wp-content\/uploads\/2022\/08\/teksel-tekstil-detail.jpg 1200w, https:\/\/www.textilegence.com\/wp-content\/uploads\/2022\/08\/teksel-tekstil-detail-768x432.jpg 768w, https:\/\/www.textilegence.com\/wp-content\/uploads\/2022\/08\/teksel-tekstil-detail-300x169.jpg 300w, https:\/\/www.textilegence.com\/wp-content\/uploads\/2022\/08\/teksel-tekstil-detail-600x338.jpg 600w, https:\/\/www.textilegence.com\/wp-content\/uploads\/2022\/08\/teksel-tekstil-detail-696x392.jpg 696w, https:\/\/www.textilegence.com\/wp-content\/uploads\/2022\/08\/teksel-tekstil-detail-1068x601.jpg 1068w\" sizes=\"auto, (max-width: 1200px) 100vw, 1200px\" \/><figcaption>Teksel Tekstil A.\u015e. Managing Director Dursun Ferikel<\/figcaption><\/figure>\n<\/div>\n\n\n<h2 class=\"wp-block-heading\" id=\"h-teksel-tekstil-shares-its-valuable-experiences-with-its-customers\">Teksel Tekstil shares its valuable experiences with its customers<\/h2>\n\n\n\n<p>Dursun Ferikel, underlining that they have a deep-rooted history of 35 years in the industry, stated that retain close ties with the industry so that the Turkish textile industry can stand out in global competition and become stronger with new investments. Ferikel said: \u201cIn addition to introducing new solutions at ITM 2022, we further strengthened these ties. A vision is needed for competition as much as technological innovation, and we are working with the industry to expand this vision.\u201d<\/p>\n\n\n\n<p>Ferikel argued that the pandemic period has unlocked new opportunities for the Turkish textile industry and summarized the developments in this process as follows: \u201cThere has been a change in demands with the pandemic. Most of the requests were for high technology, high-efficiency systems, low energy usage and raw material saving solutions. As Teksel Tekstil A.\u015e., we have provided a global information flow by transferring the trends from all over the world to our customers. Thus, our industrialists continued to increase their investments compared to previous years with the consultancy service we provided.\u201d<\/p>\n\n\n<div class=\"wp-block-image\">\n<figure class=\"aligncenter size-full\"><img loading=\"lazy\" decoding=\"async\" width=\"1200\" height=\"675\" src=\"https:\/\/www.textilegence.com\/wp-content\/uploads\/2022\/08\/teksel-tekstil-detail1.jpg\" alt=\"\" class=\"wp-image-48604\" srcset=\"https:\/\/www.textilegence.com\/wp-content\/uploads\/2022\/08\/teksel-tekstil-detail1.jpg 1200w, https:\/\/www.textilegence.com\/wp-content\/uploads\/2022\/08\/teksel-tekstil-detail1-768x432.jpg 768w, https:\/\/www.textilegence.com\/wp-content\/uploads\/2022\/08\/teksel-tekstil-detail1-300x169.jpg 300w, https:\/\/www.textilegence.com\/wp-content\/uploads\/2022\/08\/teksel-tekstil-detail1-600x338.jpg 600w, https:\/\/www.textilegence.com\/wp-content\/uploads\/2022\/08\/teksel-tekstil-detail1-696x392.jpg 696w, https:\/\/www.textilegence.com\/wp-content\/uploads\/2022\/08\/teksel-tekstil-detail1-1068x601.jpg 1068w\" sizes=\"auto, (max-width: 1200px) 100vw, 1200px\" \/><figcaption>Teksel Tekstil encourages textile manufacturers to invest at ITM 2022 <\/figcaption><\/figure>\n<\/div>\n\n\n<h2 class=\"wp-block-heading\" id=\"h-silver-fibre-yarn-projects-successfully-continue\">Silver fibre\/yarn projects successfully continue<\/h2>\n\n\n\n<p>Dursun Ferikel, reminding that Teksel Tekstil not only represents numerous international brands in the Turkish market but also carries out R&amp;D studies with its own corporate identity, stated that special studies on silver are successfully continuing. Ferikel concluded his words, as follows: \u201cWe develop 99.99% Pure Silver yarn, fibre and fabric-coated products. We produced 30\/1 and 40\/1 yarns by mixing UMORFIL fibre, our new product this year, with Silver and Cotton fibres. We support Monogruppe to produce healthy products for mothers and especially babies with these yarns. We provide consultancy and marketing contributions in addition to their product development processes.\u201d<\/p>\n","protected":false},"excerpt":{"rendered":"<p>Teksel Tekstil, providing solutions to different segments of the Turkish textile industry with numerous brands in its portfolio, left behind a successful ITM 2022 participation. The company created exclusive sections for the brands it represents in its two booths in the knitting and finishing halls and achieved positive results for growth in the global market. [&hellip;]<\/p>\n","protected":false},"author":2,"featured_media":48606,"comment_status":"open","ping_status":"closed","sticky":false,"template":"","format":"standard","meta":{"footnotes":""},"categories":[15023],"tags":[15008,11223,10369],"class_list":{"0":"post-48608","1":"post","2":"type-post","3":"status-publish","4":"format-standard","5":"has-post-thumbnail","7":"category-itm","8":"tag-itm-2022","9":"tag-teksel-tekstil-en-2","10":"tag-textile-news-en"},"yoast_head":"<!-- This site is optimized with the Yoast SEO Premium plugin v27.3 (Yoast SEO v27.3) - https:\/\/yoast.com\/product\/yoast-seo-premium-wordpress\/ -->\n<title>Teksel Tekstil encourages manufacturers to invest - Textilegence<\/title>\n<meta name=\"description\" content=\"Teksel Tekstil, providing solutions to different segments of the Turkish textile industry with numerous brands in its portfolio, left...\" \/>\n<meta name=\"robots\" content=\"index, follow, max-snippet:-1, max-image-preview:large, max-video-preview:-1\" \/>\n<link rel=\"canonical\" href=\"https:\/\/www.textilegence.com\/en\/teksel-tekstil-encourages-textile-manufacturers-to-invest-at-itm-2022\/\" \/>\n<meta property=\"og:locale\" content=\"en_US\" \/>\n<meta property=\"og:type\" content=\"article\" \/>\n<meta property=\"og:title\" content=\"Teksel Tekstil encourages textile manufacturers to invest at ITM 2022\" \/>\n<meta property=\"og:description\" content=\"Teksel Tekstil, providing solutions to different segments of the Turkish textile industry with numerous brands in its portfolio, left behind a successful\" \/>\n<meta property=\"og:url\" content=\"https:\/\/www.textilegence.com\/en\/teksel-tekstil-encourages-textile-manufacturers-to-invest-at-itm-2022\/\" \/>\n<meta property=\"og:site_name\" content=\"Textilegence Magazine and Digital Platform\" \/>\n<meta property=\"article:publisher\" content=\"https:\/\/www.facebook.com\/TextilegenceMagazine\" \/>\n<meta property=\"article:author\" content=\"https:\/\/www.facebook.com\/TextilegenceMagazine\" \/>\n<meta property=\"article:published_time\" content=\"2022-08-09T05:47:17+00:00\" \/>\n<meta property=\"article:modified_time\" content=\"2022-08-09T05:47:22+00:00\" \/>\n<meta property=\"og:image\" content=\"https:\/\/www.textilegence.com\/wp-content\/uploads\/2022\/08\/teksel-tekstil-textilegence.jpg\" \/>\n\t<meta property=\"og:image:width\" content=\"1200\" \/>\n\t<meta property=\"og:image:height\" content=\"675\" \/>\n\t<meta property=\"og:image:type\" content=\"image\/jpeg\" \/>\n<meta name=\"author\" content=\"Engin Buz\" \/>\n<meta name=\"twitter:card\" content=\"summary_large_image\" \/>\n<meta name=\"twitter:creator\" content=\"@https:\/\/twitter.com\/textilegence\" \/>\n<meta name=\"twitter:site\" content=\"@textilegence\" \/>\n<meta name=\"twitter:label1\" content=\"Written by\" \/>\n\t<meta name=\"twitter:data1\" content=\"Engin Buz\" \/>\n\t<meta name=\"twitter:label2\" content=\"Est. reading time\" \/>\n\t<meta name=\"twitter:data2\" content=\"4 minutes\" \/>\n<script type=\"application\/ld+json\" class=\"yoast-schema-graph\">{\"@context\":\"https:\\\/\\\/schema.org\",\"@graph\":[{\"@type\":\"NewsArticle\",\"@id\":\"https:\\\/\\\/www.textilegence.com\\\/en\\\/teksel-tekstil-encourages-textile-manufacturers-to-invest-at-itm-2022\\\/#article\",\"isPartOf\":{\"@id\":\"https:\\\/\\\/www.textilegence.com\\\/en\\\/teksel-tekstil-encourages-textile-manufacturers-to-invest-at-itm-2022\\\/\"},\"author\":{\"name\":\"Engin Buz\",\"@id\":\"https:\\\/\\\/www.textilegence.com\\\/en\\\/#\\\/schema\\\/person\\\/46ccc7bfc34edbc7d46b6b189f88849f\"},\"headline\":\"Teksel Tekstil encourages textile manufacturers to invest at ITM 2022\",\"datePublished\":\"2022-08-09T05:47:17+00:00\",\"dateModified\":\"2022-08-09T05:47:22+00:00\",\"mainEntityOfPage\":{\"@id\":\"https:\\\/\\\/www.textilegence.com\\\/en\\\/teksel-tekstil-encourages-textile-manufacturers-to-invest-at-itm-2022\\\/\"},\"wordCount\":470,\"commentCount\":0,\"publisher\":{\"@id\":\"https:\\\/\\\/www.textilegence.com\\\/en\\\/#organization\"},\"image\":{\"@id\":\"https:\\\/\\\/www.textilegence.com\\\/en\\\/teksel-tekstil-encourages-textile-manufacturers-to-invest-at-itm-2022\\\/#primaryimage\"},\"thumbnailUrl\":\"https:\\\/\\\/www.textilegence.com\\\/wp-content\\\/uploads\\\/2022\\\/08\\\/teksel-tekstil-textilegence.jpg\",\"keywords\":[\"itm 2022\",\"Teksel Tekstil\",\"textile news\"],\"articleSection\":[\"ITM\"],\"inLanguage\":\"en-US\",\"potentialAction\":[{\"@type\":\"CommentAction\",\"name\":\"Comment\",\"target\":[\"https:\\\/\\\/www.textilegence.com\\\/en\\\/teksel-tekstil-encourages-textile-manufacturers-to-invest-at-itm-2022\\\/#respond\"]}]},{\"@type\":\"WebPage\",\"@id\":\"https:\\\/\\\/www.textilegence.com\\\/en\\\/teksel-tekstil-encourages-textile-manufacturers-to-invest-at-itm-2022\\\/\",\"url\":\"https:\\\/\\\/www.textilegence.com\\\/en\\\/teksel-tekstil-encourages-textile-manufacturers-to-invest-at-itm-2022\\\/\",\"name\":\"Teksel Tekstil encourages manufacturers to invest - Textilegence\",\"isPartOf\":{\"@id\":\"https:\\\/\\\/www.textilegence.com\\\/en\\\/#website\"},\"primaryImageOfPage\":{\"@id\":\"https:\\\/\\\/www.textilegence.com\\\/en\\\/teksel-tekstil-encourages-textile-manufacturers-to-invest-at-itm-2022\\\/#primaryimage\"},\"image\":{\"@id\":\"https:\\\/\\\/www.textilegence.com\\\/en\\\/teksel-tekstil-encourages-textile-manufacturers-to-invest-at-itm-2022\\\/#primaryimage\"},\"thumbnailUrl\":\"https:\\\/\\\/www.textilegence.com\\\/wp-content\\\/uploads\\\/2022\\\/08\\\/teksel-tekstil-textilegence.jpg\",\"datePublished\":\"2022-08-09T05:47:17+00:00\",\"dateModified\":\"2022-08-09T05:47:22+00:00\",\"description\":\"Teksel Tekstil, providing solutions to different segments of the Turkish textile industry with numerous brands in its portfolio, left...\",\"breadcrumb\":{\"@id\":\"https:\\\/\\\/www.textilegence.com\\\/en\\\/teksel-tekstil-encourages-textile-manufacturers-to-invest-at-itm-2022\\\/#breadcrumb\"},\"inLanguage\":\"en-US\",\"potentialAction\":[{\"@type\":\"ReadAction\",\"target\":[\"https:\\\/\\\/www.textilegence.com\\\/en\\\/teksel-tekstil-encourages-textile-manufacturers-to-invest-at-itm-2022\\\/\"]}]},{\"@type\":\"ImageObject\",\"inLanguage\":\"en-US\",\"@id\":\"https:\\\/\\\/www.textilegence.com\\\/en\\\/teksel-tekstil-encourages-textile-manufacturers-to-invest-at-itm-2022\\\/#primaryimage\",\"url\":\"https:\\\/\\\/www.textilegence.com\\\/wp-content\\\/uploads\\\/2022\\\/08\\\/teksel-tekstil-textilegence.jpg\",\"contentUrl\":\"https:\\\/\\\/www.textilegence.com\\\/wp-content\\\/uploads\\\/2022\\\/08\\\/teksel-tekstil-textilegence.jpg\",\"width\":1200,\"height\":675},{\"@type\":\"BreadcrumbList\",\"@id\":\"https:\\\/\\\/www.textilegence.com\\\/en\\\/teksel-tekstil-encourages-textile-manufacturers-to-invest-at-itm-2022\\\/#breadcrumb\",\"itemListElement\":[{\"@type\":\"ListItem\",\"position\":1,\"name\":\"Home Page\",\"item\":\"https:\\\/\\\/www.textilegence.com\\\/en\\\/homepage-the-rimont\\\/\"},{\"@type\":\"ListItem\",\"position\":2,\"name\":\"ITM\",\"item\":\"https:\\\/\\\/www.textilegence.com\\\/en\\\/category\\\/itm\\\/\"},{\"@type\":\"ListItem\",\"position\":3,\"name\":\"Teksel Tekstil encourages textile manufacturers to invest at ITM 2022\"}]},{\"@type\":\"WebSite\",\"@id\":\"https:\\\/\\\/www.textilegence.com\\\/en\\\/#website\",\"url\":\"https:\\\/\\\/www.textilegence.com\\\/en\\\/\",\"name\":\"Textilegence Magazine and Digital Platform\",\"description\":\"Textile News Center\",\"publisher\":{\"@id\":\"https:\\\/\\\/www.textilegence.com\\\/en\\\/#organization\"},\"potentialAction\":[{\"@type\":\"SearchAction\",\"target\":{\"@type\":\"EntryPoint\",\"urlTemplate\":\"https:\\\/\\\/www.textilegence.com\\\/en\\\/?s={search_term_string}\"},\"query-input\":{\"@type\":\"PropertyValueSpecification\",\"valueRequired\":true,\"valueName\":\"search_term_string\"}}],\"inLanguage\":\"en-US\"},{\"@type\":\"Organization\",\"@id\":\"https:\\\/\\\/www.textilegence.com\\\/en\\\/#organization\",\"name\":\"Textilegence Magazine and Digital Platform\",\"url\":\"https:\\\/\\\/www.textilegence.com\\\/en\\\/\",\"logo\":{\"@type\":\"ImageObject\",\"inLanguage\":\"en-US\",\"@id\":\"https:\\\/\\\/www.textilegence.com\\\/en\\\/#\\\/schema\\\/logo\\\/image\\\/\",\"url\":\"https:\\\/\\\/www.textilegence.com\\\/wp-content\\\/uploads\\\/2016\\\/11\\\/New_Retina_Logo_Textilegence.png\",\"contentUrl\":\"https:\\\/\\\/www.textilegence.com\\\/wp-content\\\/uploads\\\/2016\\\/11\\\/New_Retina_Logo_Textilegence.png\",\"width\":544,\"height\":180,\"caption\":\"Textilegence Magazine and Digital Platform\"},\"image\":{\"@id\":\"https:\\\/\\\/www.textilegence.com\\\/en\\\/#\\\/schema\\\/logo\\\/image\\\/\"},\"sameAs\":[\"https:\\\/\\\/www.facebook.com\\\/TextilegenceMagazine\",\"https:\\\/\\\/x.com\\\/textilegence\",\"https:\\\/\\\/www.instagram.com\\\/textilegence\\\/\",\"https:\\\/\\\/www.linkedin.com\\\/groups\\\/Textilegence-Magazine-Digital-Platform-4897253\",\"https:\\\/\\\/www.youtube.com\\\/user\\\/textilegence\"],\"description\":\"Textilegence is a magazine and digital platform established in 2013. It focuses on the textile industry and sub-segments. The platform provides news, articles, and updates on various aspects of the textile industry, including sustainability, technological advancements, and market trends.\",\"email\":\"editor@textilegence.com\",\"telephone\":\"+90 212 442 24 12\",\"legalName\":\"Textilegence Mag and Digital Platform\",\"foundingDate\":\"2013-01-01\",\"numberOfEmployees\":{\"@type\":\"QuantitativeValue\",\"minValue\":\"1\",\"maxValue\":\"10\"}},{\"@type\":\"Person\",\"@id\":\"https:\\\/\\\/www.textilegence.com\\\/en\\\/#\\\/schema\\\/person\\\/46ccc7bfc34edbc7d46b6b189f88849f\",\"name\":\"Engin Buz\",\"image\":{\"@type\":\"ImageObject\",\"inLanguage\":\"en-US\",\"@id\":\"https:\\\/\\\/www.textilegence.com\\\/wp-content\\\/uploads\\\/2018\\\/12\\\/engin-buz.jpg\",\"url\":\"https:\\\/\\\/www.textilegence.com\\\/wp-content\\\/uploads\\\/2018\\\/12\\\/engin-buz.jpg\",\"contentUrl\":\"https:\\\/\\\/www.textilegence.com\\\/wp-content\\\/uploads\\\/2018\\\/12\\\/engin-buz.jpg\",\"caption\":\"Engin Buz\"},\"description\":\"Engin Buz, Ankara \u00dcniversitesi \u0130leti\u015fim Fak\u00fcltesi Gazetecilik B\u00f6l\u00fcm\u00fc\u2019nden mezun olduktan sonra Y\u0131ld\u0131z Teknik \u00dcniversitesi\u2019nde Siyaset Bilimi ve Uluslararas\u0131 \u0130li\u015fkiler alan\u0131nda y\u00fcksek lisans\u0131n\u0131 tamamlam\u0131\u015ft\u0131r. 2000 y\u0131l\u0131ndan sonra \u00e7e\u015fitli yay\u0131nc\u0131l\u0131k \u015firketlerinde \u00e7al\u0131\u015fmaya ba\u015flayarak k\u00fclt\u00fcr-sanat ve daha sonra ekonomi haberleri haz\u0131rlam\u0131\u015ft\u0131r. 2009 y\u0131l\u0131ndan itibaren tekstil end\u00fcstrisine d\u00f6n\u00fck yay\u0131nlarda edit\u00f6r olarak g\u00f6rev alan Buz, 2013 itibariyle kurulan Textilegence\u2019de haber edit\u00f6r\u00fc olarak yer almaya ba\u015flam\u0131\u015ft\u0131r. Engin Buz halen ba\u015fta tekstil ve dijital bask\u0131 end\u00fcstrileri olmak \u00fczere ekonomi haberleri haz\u0131rlamaktad\u0131r.\",\"sameAs\":[\"https:\\\/\\\/www.textilegence.com\",\"https:\\\/\\\/www.facebook.com\\\/TextilegenceMagazine\",\"https:\\\/\\\/www.instagram.com\\\/textilegence\\\/\",\"https:\\\/\\\/www.linkedin.com\\\/in\\\/engin-buz-6190799a\\\/\",\"https:\\\/\\\/x.com\\\/https:\\\/\\\/twitter.com\\\/textilegence\"],\"url\":\"https:\\\/\\\/www.textilegence.com\\\/en\\\/author\\\/engin-buz\\\/\"}]}<\/script>\n<!-- \/ Yoast SEO Premium plugin. -->","yoast_head_json":{"title":"Teksel Tekstil encourages manufacturers to invest - Textilegence","description":"Teksel Tekstil, providing solutions to different segments of the Turkish textile industry with numerous brands in its portfolio, left...","robots":{"index":"index","follow":"follow","max-snippet":"max-snippet:-1","max-image-preview":"max-image-preview:large","max-video-preview":"max-video-preview:-1"},"canonical":"https:\/\/www.textilegence.com\/en\/teksel-tekstil-encourages-textile-manufacturers-to-invest-at-itm-2022\/","og_locale":"en_US","og_type":"article","og_title":"Teksel Tekstil encourages textile manufacturers to invest at ITM 2022","og_description":"Teksel Tekstil, providing solutions to different segments of the Turkish textile industry with numerous brands in its portfolio, left behind a successful","og_url":"https:\/\/www.textilegence.com\/en\/teksel-tekstil-encourages-textile-manufacturers-to-invest-at-itm-2022\/","og_site_name":"Textilegence Magazine and Digital Platform","article_publisher":"https:\/\/www.facebook.com\/TextilegenceMagazine","article_author":"https:\/\/www.facebook.com\/TextilegenceMagazine","article_published_time":"2022-08-09T05:47:17+00:00","article_modified_time":"2022-08-09T05:47:22+00:00","og_image":[{"width":1200,"height":675,"url":"https:\/\/www.textilegence.com\/wp-content\/uploads\/2022\/08\/teksel-tekstil-textilegence.jpg","type":"image\/jpeg"}],"author":"Engin Buz","twitter_card":"summary_large_image","twitter_creator":"@https:\/\/twitter.com\/textilegence","twitter_site":"@textilegence","twitter_misc":{"Written by":"Engin Buz","Est. reading time":"4 minutes"},"schema":{"@context":"https:\/\/schema.org","@graph":[{"@type":"NewsArticle","@id":"https:\/\/www.textilegence.com\/en\/teksel-tekstil-encourages-textile-manufacturers-to-invest-at-itm-2022\/#article","isPartOf":{"@id":"https:\/\/www.textilegence.com\/en\/teksel-tekstil-encourages-textile-manufacturers-to-invest-at-itm-2022\/"},"author":{"name":"Engin Buz","@id":"https:\/\/www.textilegence.com\/en\/#\/schema\/person\/46ccc7bfc34edbc7d46b6b189f88849f"},"headline":"Teksel Tekstil encourages textile manufacturers to invest at ITM 2022","datePublished":"2022-08-09T05:47:17+00:00","dateModified":"2022-08-09T05:47:22+00:00","mainEntityOfPage":{"@id":"https:\/\/www.textilegence.com\/en\/teksel-tekstil-encourages-textile-manufacturers-to-invest-at-itm-2022\/"},"wordCount":470,"commentCount":0,"publisher":{"@id":"https:\/\/www.textilegence.com\/en\/#organization"},"image":{"@id":"https:\/\/www.textilegence.com\/en\/teksel-tekstil-encourages-textile-manufacturers-to-invest-at-itm-2022\/#primaryimage"},"thumbnailUrl":"https:\/\/www.textilegence.com\/wp-content\/uploads\/2022\/08\/teksel-tekstil-textilegence.jpg","keywords":["itm 2022","Teksel Tekstil","textile news"],"articleSection":["ITM"],"inLanguage":"en-US","potentialAction":[{"@type":"CommentAction","name":"Comment","target":["https:\/\/www.textilegence.com\/en\/teksel-tekstil-encourages-textile-manufacturers-to-invest-at-itm-2022\/#respond"]}]},{"@type":"WebPage","@id":"https:\/\/www.textilegence.com\/en\/teksel-tekstil-encourages-textile-manufacturers-to-invest-at-itm-2022\/","url":"https:\/\/www.textilegence.com\/en\/teksel-tekstil-encourages-textile-manufacturers-to-invest-at-itm-2022\/","name":"Teksel Tekstil encourages manufacturers to invest - Textilegence","isPartOf":{"@id":"https:\/\/www.textilegence.com\/en\/#website"},"primaryImageOfPage":{"@id":"https:\/\/www.textilegence.com\/en\/teksel-tekstil-encourages-textile-manufacturers-to-invest-at-itm-2022\/#primaryimage"},"image":{"@id":"https:\/\/www.textilegence.com\/en\/teksel-tekstil-encourages-textile-manufacturers-to-invest-at-itm-2022\/#primaryimage"},"thumbnailUrl":"https:\/\/www.textilegence.com\/wp-content\/uploads\/2022\/08\/teksel-tekstil-textilegence.jpg","datePublished":"2022-08-09T05:47:17+00:00","dateModified":"2022-08-09T05:47:22+00:00","description":"Teksel Tekstil, providing solutions to different segments of the Turkish textile industry with numerous brands in its portfolio, left...","breadcrumb":{"@id":"https:\/\/www.textilegence.com\/en\/teksel-tekstil-encourages-textile-manufacturers-to-invest-at-itm-2022\/#breadcrumb"},"inLanguage":"en-US","potentialAction":[{"@type":"ReadAction","target":["https:\/\/www.textilegence.com\/en\/teksel-tekstil-encourages-textile-manufacturers-to-invest-at-itm-2022\/"]}]},{"@type":"ImageObject","inLanguage":"en-US","@id":"https:\/\/www.textilegence.com\/en\/teksel-tekstil-encourages-textile-manufacturers-to-invest-at-itm-2022\/#primaryimage","url":"https:\/\/www.textilegence.com\/wp-content\/uploads\/2022\/08\/teksel-tekstil-textilegence.jpg","contentUrl":"https:\/\/www.textilegence.com\/wp-content\/uploads\/2022\/08\/teksel-tekstil-textilegence.jpg","width":1200,"height":675},{"@type":"BreadcrumbList","@id":"https:\/\/www.textilegence.com\/en\/teksel-tekstil-encourages-textile-manufacturers-to-invest-at-itm-2022\/#breadcrumb","itemListElement":[{"@type":"ListItem","position":1,"name":"Home Page","item":"https:\/\/www.textilegence.com\/en\/homepage-the-rimont\/"},{"@type":"ListItem","position":2,"name":"ITM","item":"https:\/\/www.textilegence.com\/en\/category\/itm\/"},{"@type":"ListItem","position":3,"name":"Teksel Tekstil encourages textile manufacturers to invest at ITM 2022"}]},{"@type":"WebSite","@id":"https:\/\/www.textilegence.com\/en\/#website","url":"https:\/\/www.textilegence.com\/en\/","name":"Textilegence Magazine and Digital Platform","description":"Textile News Center","publisher":{"@id":"https:\/\/www.textilegence.com\/en\/#organization"},"potentialAction":[{"@type":"SearchAction","target":{"@type":"EntryPoint","urlTemplate":"https:\/\/www.textilegence.com\/en\/?s={search_term_string}"},"query-input":{"@type":"PropertyValueSpecification","valueRequired":true,"valueName":"search_term_string"}}],"inLanguage":"en-US"},{"@type":"Organization","@id":"https:\/\/www.textilegence.com\/en\/#organization","name":"Textilegence Magazine and Digital Platform","url":"https:\/\/www.textilegence.com\/en\/","logo":{"@type":"ImageObject","inLanguage":"en-US","@id":"https:\/\/www.textilegence.com\/en\/#\/schema\/logo\/image\/","url":"https:\/\/www.textilegence.com\/wp-content\/uploads\/2016\/11\/New_Retina_Logo_Textilegence.png","contentUrl":"https:\/\/www.textilegence.com\/wp-content\/uploads\/2016\/11\/New_Retina_Logo_Textilegence.png","width":544,"height":180,"caption":"Textilegence Magazine and Digital Platform"},"image":{"@id":"https:\/\/www.textilegence.com\/en\/#\/schema\/logo\/image\/"},"sameAs":["https:\/\/www.facebook.com\/TextilegenceMagazine","https:\/\/x.com\/textilegence","https:\/\/www.instagram.com\/textilegence\/","https:\/\/www.linkedin.com\/groups\/Textilegence-Magazine-Digital-Platform-4897253","https:\/\/www.youtube.com\/user\/textilegence"],"description":"Textilegence is a magazine and digital platform established in 2013. It focuses on the textile industry and sub-segments. The platform provides news, articles, and updates on various aspects of the textile industry, including sustainability, technological advancements, and market trends.","email":"editor@textilegence.com","telephone":"+90 212 442 24 12","legalName":"Textilegence Mag and Digital Platform","foundingDate":"2013-01-01","numberOfEmployees":{"@type":"QuantitativeValue","minValue":"1","maxValue":"10"}},{"@type":"Person","@id":"https:\/\/www.textilegence.com\/en\/#\/schema\/person\/46ccc7bfc34edbc7d46b6b189f88849f","name":"Engin Buz","image":{"@type":"ImageObject","inLanguage":"en-US","@id":"https:\/\/www.textilegence.com\/wp-content\/uploads\/2018\/12\/engin-buz.jpg","url":"https:\/\/www.textilegence.com\/wp-content\/uploads\/2018\/12\/engin-buz.jpg","contentUrl":"https:\/\/www.textilegence.com\/wp-content\/uploads\/2018\/12\/engin-buz.jpg","caption":"Engin Buz"},"description":"Engin Buz, Ankara \u00dcniversitesi \u0130leti\u015fim Fak\u00fcltesi Gazetecilik B\u00f6l\u00fcm\u00fc\u2019nden mezun olduktan sonra Y\u0131ld\u0131z Teknik \u00dcniversitesi\u2019nde Siyaset Bilimi ve Uluslararas\u0131 \u0130li\u015fkiler alan\u0131nda y\u00fcksek lisans\u0131n\u0131 tamamlam\u0131\u015ft\u0131r. 2000 y\u0131l\u0131ndan sonra \u00e7e\u015fitli yay\u0131nc\u0131l\u0131k \u015firketlerinde \u00e7al\u0131\u015fmaya ba\u015flayarak k\u00fclt\u00fcr-sanat ve daha sonra ekonomi haberleri haz\u0131rlam\u0131\u015ft\u0131r. 2009 y\u0131l\u0131ndan itibaren tekstil end\u00fcstrisine d\u00f6n\u00fck yay\u0131nlarda edit\u00f6r olarak g\u00f6rev alan Buz, 2013 itibariyle kurulan Textilegence\u2019de haber edit\u00f6r\u00fc olarak yer almaya ba\u015flam\u0131\u015ft\u0131r. Engin Buz halen ba\u015fta tekstil ve dijital bask\u0131 end\u00fcstrileri olmak \u00fczere ekonomi haberleri haz\u0131rlamaktad\u0131r.","sameAs":["https:\/\/www.textilegence.com","https:\/\/www.facebook.com\/TextilegenceMagazine","https:\/\/www.instagram.com\/textilegence\/","https:\/\/www.linkedin.com\/in\/engin-buz-6190799a\/","https:\/\/x.com\/https:\/\/twitter.com\/textilegence"],"url":"https:\/\/www.textilegence.com\/en\/author\/engin-buz\/"}]}},"_links":{"self":[{"href":"https:\/\/www.textilegence.com\/en\/wp-json\/wp\/v2\/posts\/48608","targetHints":{"allow":["GET"]}}],"collection":[{"href":"https:\/\/www.textilegence.com\/en\/wp-json\/wp\/v2\/posts"}],"about":[{"href":"https:\/\/www.textilegence.com\/en\/wp-json\/wp\/v2\/types\/post"}],"author":[{"embeddable":true,"href":"https:\/\/www.textilegence.com\/en\/wp-json\/wp\/v2\/users\/2"}],"replies":[{"embeddable":true,"href":"https:\/\/www.textilegence.com\/en\/wp-json\/wp\/v2\/comments?post=48608"}],"version-history":[{"count":0,"href":"https:\/\/www.textilegence.com\/en\/wp-json\/wp\/v2\/posts\/48608\/revisions"}],"wp:featuredmedia":[{"embeddable":true,"href":"https:\/\/www.textilegence.com\/en\/wp-json\/wp\/v2\/media\/48606"}],"wp:attachment":[{"href":"https:\/\/www.textilegence.com\/en\/wp-json\/wp\/v2\/media?parent=48608"}],"wp:term":[{"taxonomy":"category","embeddable":true,"href":"https:\/\/www.textilegence.com\/en\/wp-json\/wp\/v2\/categories?post=48608"},{"taxonomy":"post_tag","embeddable":true,"href":"https:\/\/www.textilegence.com\/en\/wp-json\/wp\/v2\/tags?post=48608"}],"curies":[{"name":"wp","href":"https:\/\/api.w.org\/{rel}","templated":true}]}}