{"id":50256,"date":"2022-09-27T14:49:20","date_gmt":"2022-09-27T11:49:20","guid":{"rendered":"http:\/\/www.textilegence.com\/?p=50256"},"modified":"2022-09-27T14:49:24","modified_gmt":"2022-09-27T11:49:24","slug":"support-to-exporters-with-the-pre-financing-model","status":"publish","type":"post","link":"https:\/\/www.textilegence.com\/en\/support-to-exporters-with-the-pre-financing-model\/","title":{"rendered":"Support to exporters with the pre-financing model"},"content":{"rendered":"\n<p>Trade Minister Mehmet Mu\u015f, attending the \u2018New Generation Export Supports and Prefinancing Model Launch and Pre-financing Model Protocol Signing Ceremony\u2019, said that they will implement the model with the signing of the protocol as a result of the long consultations and studies carried out by the <a href=\"https:\/\/www.trade.gov.tr\/\" target=\"_blank\" rel=\"noreferrer noopener\">Ministry<\/a>, T\u00fcrk Eximbank and \u0130hracat\u0131 Geli\u015ftirme A.\u015e. (\u0130GE A\u015e). The model developed for pre-financing and collateral with the participation of T\u00fcrk Eximbank and \u0130GE A\u015e under the coordination of the Ministry of Trade aims to eliminate the financial burden of <a href=\"https:\/\/www.textilegence.com\/en\/category\/topical\/\" target=\"_blank\" rel=\"noreferrer noopener\">exporters<\/a>.<\/p>\n\n\n\n<h2 class=\"wp-block-heading\" id=\"h-export-supports-will-be-concluded-in-a-shorter-time-with-the-pre-financing-model\">Export supports will be concluded in a shorter time with the pre-financing model<\/h2>\n\n\n\n<p>Minister Mehmet Mu\u015f reminded that in order to benefit from the export supports, the companies make expenditures by carrying out their activities and apply to the examining institution with the necessary documents and explained that the support payments are made as a result of the examination and accrual of this application. Mu\u015f stated that, on the other hand, when the application, inspection and accrual processes are included, a period of time passes between the activity and the payment, and pointed out that this situation creates a financial burden on exporters. Mu\u015f continued his words as follows:<\/p>\n\n\n\n<p>\u201cBased on our \u2018Decision on Export Supports\u2019 in order to eliminate this burden and increase the credit capability of our exporters, we developed a model for pre-financing and collateral with the participation of T\u00fcrk Eximbank and \u0130GE A\u015e under the coordination of our ministry. Projects and programs we provide to our exporters of goods and services, in the model we have designed, including Market Entry Project Preparation Support, Global Supply Chain Competency Project Support, Design and Product Development Support, Brand and TURQUALITY Support Programs, supports for export and e-export consortium status companies. and we provide pre-financing opportunities for our status-based supports. Our exporters, whose support application is approved by our Ministry, will apply for a loan to Turk Eximbank and will be evaluated primarily within the framework of the pre-financing protocol.\u201d<\/p>\n\n\n<div class=\"wp-block-image\">\n<figure class=\"aligncenter size-full\"><img loading=\"lazy\" decoding=\"async\" width=\"1920\" height=\"1080\" src=\"https:\/\/www.textilegence.com\/wp-content\/uploads\/2022\/09\/prefinancing-detail.jpg\" alt=\"\" class=\"wp-image-50252\" srcset=\"https:\/\/www.textilegence.com\/wp-content\/uploads\/2022\/09\/prefinancing-detail.jpg 1920w, https:\/\/www.textilegence.com\/wp-content\/uploads\/2022\/09\/prefinancing-detail-768x432.jpg 768w, https:\/\/www.textilegence.com\/wp-content\/uploads\/2022\/09\/prefinancing-detail-1536x864.jpg 1536w, https:\/\/www.textilegence.com\/wp-content\/uploads\/2022\/09\/prefinancing-detail-300x169.jpg 300w, https:\/\/www.textilegence.com\/wp-content\/uploads\/2022\/09\/prefinancing-detail-600x338.jpg 600w, https:\/\/www.textilegence.com\/wp-content\/uploads\/2022\/09\/prefinancing-detail-696x392.jpg 696w, https:\/\/www.textilegence.com\/wp-content\/uploads\/2022\/09\/prefinancing-detail-1068x601.jpg 1068w\" sizes=\"auto, (max-width: 1920px) 100vw, 1920px\" \/><figcaption>Republic of T\u00fcrkiye Trade Minister Mehmet Mu\u015f<\/figcaption><\/figure>\n<\/div>\n\n\n<h2 class=\"wp-block-heading\" id=\"h-priority-collateral-support-from-ige-as-to-exporters-whose-pre-financing-loans-have-been-approved-by-turk-eximbank\">Priority collateral support from \u0130GE A\u015e to exporters whose pre-financing loans have been approved by T\u00fcrk Eximbank<\/h2>\n\n\n\n<p>Reminding that \u0130GE A\u015e was launched on March 1, 2022, Minister Mehmet Mu\u015f relayed that the capital structure of the company was strengthened with the partnership of 20 banks in August. Mu\u015f explained that the signing process of the banks\u2019 guarantee protocols has started and that they expect them to be included in the guarantee system as soon as possible. Mu\u015f pointed out that \u0130GE A\u015e\u2019s access to finance has become easier for all exporters, especially SMEs, who have credibility but have collateral problems and disclosed:<\/p>\n\n\n\n<p>\u201cBy finding a solution to the surety problem, we accelerated our companies\u2019 credit access processes. \u0130GE A\u015e, which has given our exporters a breath of fresh air in financing and will strengthen this position day by day, by providing guarantees to 2 thousand 148 companies for loans over 6 billion liras, is also an important pillar in our pre-financing model. As a matter of fact, \u0130GE A\u015e, an important stakeholder with its strong capital structure, will primarily provide collateral support to our exporters whose pre-financing loans have been approved by T\u00fcrk Eximbank within the scope of the protocol. The support of our exporters, whose loan and support applications were approved by our Ministry before, will be paid quickly and our exporters will be able to use these progress payments directly in the repayment of the loans extended by T\u00fcrk Eximbank.\u201d<\/p>\n\n\n\n<p>Mu\u015f, stating that the \u2018Pre-financing Model for Export Supports\u2019 is a brand new model that exporters have been demanding for a long time, noted that they will increase the effectiveness of their support with this model and that they will offer the resources allocated from the budget for supports to the service of exporters with a multiplier effect by matching them with financing.<\/p>\n","protected":false},"excerpt":{"rendered":"<p>Trade Minister Mehmet Mu\u015f, attending the \u2018New Generation Export Supports and Prefinancing Model Launch and Pre-financing Model Protocol Signing Ceremony\u2019, said that they will implement the model with the signing of the protocol as a result of the long consultations and studies carried out by the Ministry, T\u00fcrk Eximbank and \u0130hracat\u0131 Geli\u015ftirme A.\u015e. (\u0130GE A\u015e). [&hellip;]<\/p>\n","protected":false},"author":26,"featured_media":50254,"comment_status":"open","ping_status":"closed","sticky":false,"template":"","format":"standard","meta":{"footnotes":""},"categories":[9859],"tags":[11799,16119,10369,12450],"class_list":{"0":"post-50256","1":"post","2":"type-post","3":"status-publish","4":"format-standard","5":"has-post-thumbnail","7":"category-topical","8":"tag-exports-en","9":"tag-pre-financing","10":"tag-textile-news-en","11":"tag-topical"},"yoast_head":"<!-- This site is optimized with the Yoast SEO Premium plugin v27.3 (Yoast SEO v27.3) - https:\/\/yoast.com\/product\/yoast-seo-premium-wordpress\/ -->\n<title>Support to exporters with the pre-financing model - Textilegence<\/title>\n<meta name=\"description\" content=\"Trade Minister Mehmet Mu\u015f, attending the \u2018New Generation Export Supports and Prefinancing Model Launch and Pre-financing...\" \/>\n<meta name=\"robots\" content=\"index, follow, max-snippet:-1, max-image-preview:large, max-video-preview:-1\" \/>\n<link rel=\"canonical\" href=\"https:\/\/www.textilegence.com\/en\/support-to-exporters-with-the-pre-financing-model\/\" \/>\n<meta property=\"og:locale\" content=\"en_US\" \/>\n<meta property=\"og:type\" content=\"article\" \/>\n<meta property=\"og:title\" content=\"Support to exporters with the pre-financing model\" \/>\n<meta property=\"og:description\" content=\"Trade Minister Mehmet Mu\u015f, attending the \u2018New Generation Export Supports and Prefinancing Model Launch and Pre-financing Model Protocol Signing Ceremony\u2019,\" \/>\n<meta property=\"og:url\" content=\"https:\/\/www.textilegence.com\/en\/support-to-exporters-with-the-pre-financing-model\/\" \/>\n<meta property=\"og:site_name\" content=\"Textilegence Magazine and Digital Platform\" \/>\n<meta property=\"article:publisher\" content=\"https:\/\/www.facebook.com\/TextilegenceMagazine\" \/>\n<meta property=\"article:author\" content=\"https:\/\/www.facebook.com\/TextilegenceMagazine\" \/>\n<meta property=\"article:published_time\" content=\"2022-09-27T11:49:20+00:00\" \/>\n<meta property=\"article:modified_time\" content=\"2022-09-27T11:49:24+00:00\" \/>\n<meta property=\"og:image\" content=\"https:\/\/www.textilegence.com\/wp-content\/uploads\/2022\/09\/prefinancing-textilegence.jpg\" \/>\n\t<meta property=\"og:image:width\" content=\"1920\" \/>\n\t<meta property=\"og:image:height\" content=\"1080\" \/>\n\t<meta property=\"og:image:type\" content=\"image\/jpeg\" \/>\n<meta name=\"author\" content=\"Ya\u011fmur Melis \u015eim\u015fek\" \/>\n<meta name=\"twitter:card\" content=\"summary_large_image\" \/>\n<meta name=\"twitter:creator\" content=\"@https:\/\/twitter.com\/textilegence\" \/>\n<meta name=\"twitter:site\" content=\"@textilegence\" \/>\n<meta name=\"twitter:label1\" content=\"Written by\" \/>\n\t<meta name=\"twitter:data1\" content=\"Ya\u011fmur Melis \u015eim\u015fek\" \/>\n\t<meta name=\"twitter:label2\" content=\"Est. reading time\" \/>\n\t<meta name=\"twitter:data2\" content=\"5 minutes\" \/>\n<script type=\"application\/ld+json\" class=\"yoast-schema-graph\">{\"@context\":\"https:\\\/\\\/schema.org\",\"@graph\":[{\"@type\":\"NewsArticle\",\"@id\":\"https:\\\/\\\/www.textilegence.com\\\/en\\\/support-to-exporters-with-the-pre-financing-model\\\/#article\",\"isPartOf\":{\"@id\":\"https:\\\/\\\/www.textilegence.com\\\/en\\\/support-to-exporters-with-the-pre-financing-model\\\/\"},\"author\":{\"name\":\"Ya\u011fmur Melis \u015eim\u015fek\",\"@id\":\"https:\\\/\\\/www.textilegence.com\\\/en\\\/#\\\/schema\\\/person\\\/cfa6baf17f0478131c673c93a9b88ef3\"},\"headline\":\"Support to exporters with the pre-financing model\",\"datePublished\":\"2022-09-27T11:49:20+00:00\",\"dateModified\":\"2022-09-27T11:49:24+00:00\",\"mainEntityOfPage\":{\"@id\":\"https:\\\/\\\/www.textilegence.com\\\/en\\\/support-to-exporters-with-the-pre-financing-model\\\/\"},\"wordCount\":650,\"commentCount\":0,\"publisher\":{\"@id\":\"https:\\\/\\\/www.textilegence.com\\\/en\\\/#organization\"},\"image\":{\"@id\":\"https:\\\/\\\/www.textilegence.com\\\/en\\\/support-to-exporters-with-the-pre-financing-model\\\/#primaryimage\"},\"thumbnailUrl\":\"https:\\\/\\\/www.textilegence.com\\\/wp-content\\\/uploads\\\/2022\\\/09\\\/prefinancing-textilegence.jpg\",\"keywords\":[\"exports\",\"Pre-financing\",\"textile news\",\"topical\"],\"articleSection\":[\"Topical\"],\"inLanguage\":\"en-US\",\"potentialAction\":[{\"@type\":\"CommentAction\",\"name\":\"Comment\",\"target\":[\"https:\\\/\\\/www.textilegence.com\\\/en\\\/support-to-exporters-with-the-pre-financing-model\\\/#respond\"]}]},{\"@type\":\"WebPage\",\"@id\":\"https:\\\/\\\/www.textilegence.com\\\/en\\\/support-to-exporters-with-the-pre-financing-model\\\/\",\"url\":\"https:\\\/\\\/www.textilegence.com\\\/en\\\/support-to-exporters-with-the-pre-financing-model\\\/\",\"name\":\"Support to exporters with the pre-financing model - Textilegence\",\"isPartOf\":{\"@id\":\"https:\\\/\\\/www.textilegence.com\\\/en\\\/#website\"},\"primaryImageOfPage\":{\"@id\":\"https:\\\/\\\/www.textilegence.com\\\/en\\\/support-to-exporters-with-the-pre-financing-model\\\/#primaryimage\"},\"image\":{\"@id\":\"https:\\\/\\\/www.textilegence.com\\\/en\\\/support-to-exporters-with-the-pre-financing-model\\\/#primaryimage\"},\"thumbnailUrl\":\"https:\\\/\\\/www.textilegence.com\\\/wp-content\\\/uploads\\\/2022\\\/09\\\/prefinancing-textilegence.jpg\",\"datePublished\":\"2022-09-27T11:49:20+00:00\",\"dateModified\":\"2022-09-27T11:49:24+00:00\",\"description\":\"Trade Minister Mehmet Mu\u015f, attending the \u2018New Generation Export Supports and Prefinancing Model Launch and Pre-financing...\",\"breadcrumb\":{\"@id\":\"https:\\\/\\\/www.textilegence.com\\\/en\\\/support-to-exporters-with-the-pre-financing-model\\\/#breadcrumb\"},\"inLanguage\":\"en-US\",\"potentialAction\":[{\"@type\":\"ReadAction\",\"target\":[\"https:\\\/\\\/www.textilegence.com\\\/en\\\/support-to-exporters-with-the-pre-financing-model\\\/\"]}]},{\"@type\":\"ImageObject\",\"inLanguage\":\"en-US\",\"@id\":\"https:\\\/\\\/www.textilegence.com\\\/en\\\/support-to-exporters-with-the-pre-financing-model\\\/#primaryimage\",\"url\":\"https:\\\/\\\/www.textilegence.com\\\/wp-content\\\/uploads\\\/2022\\\/09\\\/prefinancing-textilegence.jpg\",\"contentUrl\":\"https:\\\/\\\/www.textilegence.com\\\/wp-content\\\/uploads\\\/2022\\\/09\\\/prefinancing-textilegence.jpg\",\"width\":1920,\"height\":1080},{\"@type\":\"BreadcrumbList\",\"@id\":\"https:\\\/\\\/www.textilegence.com\\\/en\\\/support-to-exporters-with-the-pre-financing-model\\\/#breadcrumb\",\"itemListElement\":[{\"@type\":\"ListItem\",\"position\":1,\"name\":\"Home Page\",\"item\":\"https:\\\/\\\/www.textilegence.com\\\/en\\\/homepage-the-rimont\\\/\"},{\"@type\":\"ListItem\",\"position\":2,\"name\":\"Topical\",\"item\":\"https:\\\/\\\/www.textilegence.com\\\/en\\\/category\\\/topical\\\/\"},{\"@type\":\"ListItem\",\"position\":3,\"name\":\"Support to exporters with the pre-financing model\"}]},{\"@type\":\"WebSite\",\"@id\":\"https:\\\/\\\/www.textilegence.com\\\/en\\\/#website\",\"url\":\"https:\\\/\\\/www.textilegence.com\\\/en\\\/\",\"name\":\"Textilegence Magazine and Digital Platform\",\"description\":\"Textile News Center\",\"publisher\":{\"@id\":\"https:\\\/\\\/www.textilegence.com\\\/en\\\/#organization\"},\"potentialAction\":[{\"@type\":\"SearchAction\",\"target\":{\"@type\":\"EntryPoint\",\"urlTemplate\":\"https:\\\/\\\/www.textilegence.com\\\/en\\\/?s={search_term_string}\"},\"query-input\":{\"@type\":\"PropertyValueSpecification\",\"valueRequired\":true,\"valueName\":\"search_term_string\"}}],\"inLanguage\":\"en-US\"},{\"@type\":\"Organization\",\"@id\":\"https:\\\/\\\/www.textilegence.com\\\/en\\\/#organization\",\"name\":\"Textilegence Magazine and Digital Platform\",\"url\":\"https:\\\/\\\/www.textilegence.com\\\/en\\\/\",\"logo\":{\"@type\":\"ImageObject\",\"inLanguage\":\"en-US\",\"@id\":\"https:\\\/\\\/www.textilegence.com\\\/en\\\/#\\\/schema\\\/logo\\\/image\\\/\",\"url\":\"https:\\\/\\\/www.textilegence.com\\\/wp-content\\\/uploads\\\/2016\\\/11\\\/New_Retina_Logo_Textilegence.png\",\"contentUrl\":\"https:\\\/\\\/www.textilegence.com\\\/wp-content\\\/uploads\\\/2016\\\/11\\\/New_Retina_Logo_Textilegence.png\",\"width\":544,\"height\":180,\"caption\":\"Textilegence Magazine and Digital Platform\"},\"image\":{\"@id\":\"https:\\\/\\\/www.textilegence.com\\\/en\\\/#\\\/schema\\\/logo\\\/image\\\/\"},\"sameAs\":[\"https:\\\/\\\/www.facebook.com\\\/TextilegenceMagazine\",\"https:\\\/\\\/x.com\\\/textilegence\",\"https:\\\/\\\/www.instagram.com\\\/textilegence\\\/\",\"https:\\\/\\\/www.linkedin.com\\\/groups\\\/Textilegence-Magazine-Digital-Platform-4897253\",\"https:\\\/\\\/www.youtube.com\\\/user\\\/textilegence\"],\"description\":\"Textilegence is a magazine and digital platform established in 2013. It focuses on the textile industry and sub-segments. The platform provides news, articles, and updates on various aspects of the textile industry, including sustainability, technological advancements, and market trends.\",\"email\":\"editor@textilegence.com\",\"telephone\":\"+90 212 442 24 12\",\"legalName\":\"Textilegence Mag and Digital Platform\",\"foundingDate\":\"2013-01-01\",\"numberOfEmployees\":{\"@type\":\"QuantitativeValue\",\"minValue\":\"1\",\"maxValue\":\"10\"}},{\"@type\":\"Person\",\"@id\":\"https:\\\/\\\/www.textilegence.com\\\/en\\\/#\\\/schema\\\/person\\\/cfa6baf17f0478131c673c93a9b88ef3\",\"name\":\"Ya\u011fmur Melis \u015eim\u015fek\",\"image\":{\"@type\":\"ImageObject\",\"inLanguage\":\"en-US\",\"@id\":\"https:\\\/\\\/www.textilegence.com\\\/wp-content\\\/uploads\\\/2022\\\/03\\\/Yagmur_photo1.jpg\",\"url\":\"https:\\\/\\\/www.textilegence.com\\\/wp-content\\\/uploads\\\/2022\\\/03\\\/Yagmur_photo1.jpg\",\"contentUrl\":\"https:\\\/\\\/www.textilegence.com\\\/wp-content\\\/uploads\\\/2022\\\/03\\\/Yagmur_photo1.jpg\",\"caption\":\"Ya\u011fmur Melis \u015eim\u015fek\"},\"description\":\"Ya\u011fmur Melis \u015eim\u015fek, Saint-Beno\u00eet Frans\u0131z Lisesi\u2019nde e\u011fitim g\u00f6rm\u00fc\u015f, ard\u0131ndan Anadolu \u00dcniversitesi\u2019nde iki y\u0131ll\u0131k Foto\u011fraf\u00e7\u0131l\u0131k B\u00f6l\u00fcm\u00fc\u2019n\u00fc tamamlam\u0131\u015ft\u0131r. Daha sonra lisans e\u011fitimini \u0130stanbul \u00dcniversitesi Gazetecilik B\u00f6l\u00fcm\u00fc\u2019nde s\u00fcrd\u00fcrm\u00fc\u015f, mezuniyetin ard\u0131ndan ise 2017 y\u0131l\u0131nda i\u015f hayat\u0131na at\u0131lm\u0131\u015ft\u0131r. Pek \u00e7ok farkl\u0131 projede, foto\u011fraf\u00e7\u0131l\u0131k ve grafik tasar\u0131mc\u0131l\u0131\u011f\u0131n yan\u0131 s\u0131ra teknoloji alan\u0131nda i\u00e7erik ve haber yazarl\u0131\u011f\u0131 gibi \u00e7e\u015fitli pozisyonlarda yer alan \u015eim\u015fek, 2021 y\u0131l\u0131ndan bu yana Textilegence\u2019da d\u0131\u015f haberlerde yard\u0131mc\u0131 edit\u00f6r olarak g\u00f6rev yapmaktad\u0131r.\",\"sameAs\":[\"https:\\\/\\\/www.textilegence.com\\\/\",\"https:\\\/\\\/www.facebook.com\\\/TextilegenceMagazine\",\"https:\\\/\\\/www.instagram.com\\\/textilegence\\\/\",\"https:\\\/\\\/www.linkedin.com\\\/company\\\/2985016\",\"https:\\\/\\\/x.com\\\/https:\\\/\\\/twitter.com\\\/textilegence\",\"https:\\\/\\\/www.youtube.com\\\/channel\\\/UCgtcny5ljhiXu-yvOiAlpRA\"],\"url\":\"https:\\\/\\\/www.textilegence.com\\\/en\\\/author\\\/yms\\\/\"}]}<\/script>\n<!-- \/ Yoast SEO Premium plugin. -->","yoast_head_json":{"title":"Support to exporters with the pre-financing model - Textilegence","description":"Trade Minister Mehmet Mu\u015f, attending the \u2018New Generation Export Supports and Prefinancing Model Launch and Pre-financing...","robots":{"index":"index","follow":"follow","max-snippet":"max-snippet:-1","max-image-preview":"max-image-preview:large","max-video-preview":"max-video-preview:-1"},"canonical":"https:\/\/www.textilegence.com\/en\/support-to-exporters-with-the-pre-financing-model\/","og_locale":"en_US","og_type":"article","og_title":"Support to exporters with the pre-financing model","og_description":"Trade Minister Mehmet Mu\u015f, attending the \u2018New Generation Export Supports and Prefinancing Model Launch and Pre-financing Model Protocol Signing Ceremony\u2019,","og_url":"https:\/\/www.textilegence.com\/en\/support-to-exporters-with-the-pre-financing-model\/","og_site_name":"Textilegence Magazine and Digital Platform","article_publisher":"https:\/\/www.facebook.com\/TextilegenceMagazine","article_author":"https:\/\/www.facebook.com\/TextilegenceMagazine","article_published_time":"2022-09-27T11:49:20+00:00","article_modified_time":"2022-09-27T11:49:24+00:00","og_image":[{"width":1920,"height":1080,"url":"https:\/\/www.textilegence.com\/wp-content\/uploads\/2022\/09\/prefinancing-textilegence.jpg","type":"image\/jpeg"}],"author":"Ya\u011fmur Melis \u015eim\u015fek","twitter_card":"summary_large_image","twitter_creator":"@https:\/\/twitter.com\/textilegence","twitter_site":"@textilegence","twitter_misc":{"Written by":"Ya\u011fmur Melis \u015eim\u015fek","Est. reading time":"5 minutes"},"schema":{"@context":"https:\/\/schema.org","@graph":[{"@type":"NewsArticle","@id":"https:\/\/www.textilegence.com\/en\/support-to-exporters-with-the-pre-financing-model\/#article","isPartOf":{"@id":"https:\/\/www.textilegence.com\/en\/support-to-exporters-with-the-pre-financing-model\/"},"author":{"name":"Ya\u011fmur Melis \u015eim\u015fek","@id":"https:\/\/www.textilegence.com\/en\/#\/schema\/person\/cfa6baf17f0478131c673c93a9b88ef3"},"headline":"Support to exporters with the pre-financing model","datePublished":"2022-09-27T11:49:20+00:00","dateModified":"2022-09-27T11:49:24+00:00","mainEntityOfPage":{"@id":"https:\/\/www.textilegence.com\/en\/support-to-exporters-with-the-pre-financing-model\/"},"wordCount":650,"commentCount":0,"publisher":{"@id":"https:\/\/www.textilegence.com\/en\/#organization"},"image":{"@id":"https:\/\/www.textilegence.com\/en\/support-to-exporters-with-the-pre-financing-model\/#primaryimage"},"thumbnailUrl":"https:\/\/www.textilegence.com\/wp-content\/uploads\/2022\/09\/prefinancing-textilegence.jpg","keywords":["exports","Pre-financing","textile news","topical"],"articleSection":["Topical"],"inLanguage":"en-US","potentialAction":[{"@type":"CommentAction","name":"Comment","target":["https:\/\/www.textilegence.com\/en\/support-to-exporters-with-the-pre-financing-model\/#respond"]}]},{"@type":"WebPage","@id":"https:\/\/www.textilegence.com\/en\/support-to-exporters-with-the-pre-financing-model\/","url":"https:\/\/www.textilegence.com\/en\/support-to-exporters-with-the-pre-financing-model\/","name":"Support to exporters with the pre-financing model - Textilegence","isPartOf":{"@id":"https:\/\/www.textilegence.com\/en\/#website"},"primaryImageOfPage":{"@id":"https:\/\/www.textilegence.com\/en\/support-to-exporters-with-the-pre-financing-model\/#primaryimage"},"image":{"@id":"https:\/\/www.textilegence.com\/en\/support-to-exporters-with-the-pre-financing-model\/#primaryimage"},"thumbnailUrl":"https:\/\/www.textilegence.com\/wp-content\/uploads\/2022\/09\/prefinancing-textilegence.jpg","datePublished":"2022-09-27T11:49:20+00:00","dateModified":"2022-09-27T11:49:24+00:00","description":"Trade Minister Mehmet Mu\u015f, attending the \u2018New Generation Export Supports and Prefinancing Model Launch and Pre-financing...","breadcrumb":{"@id":"https:\/\/www.textilegence.com\/en\/support-to-exporters-with-the-pre-financing-model\/#breadcrumb"},"inLanguage":"en-US","potentialAction":[{"@type":"ReadAction","target":["https:\/\/www.textilegence.com\/en\/support-to-exporters-with-the-pre-financing-model\/"]}]},{"@type":"ImageObject","inLanguage":"en-US","@id":"https:\/\/www.textilegence.com\/en\/support-to-exporters-with-the-pre-financing-model\/#primaryimage","url":"https:\/\/www.textilegence.com\/wp-content\/uploads\/2022\/09\/prefinancing-textilegence.jpg","contentUrl":"https:\/\/www.textilegence.com\/wp-content\/uploads\/2022\/09\/prefinancing-textilegence.jpg","width":1920,"height":1080},{"@type":"BreadcrumbList","@id":"https:\/\/www.textilegence.com\/en\/support-to-exporters-with-the-pre-financing-model\/#breadcrumb","itemListElement":[{"@type":"ListItem","position":1,"name":"Home Page","item":"https:\/\/www.textilegence.com\/en\/homepage-the-rimont\/"},{"@type":"ListItem","position":2,"name":"Topical","item":"https:\/\/www.textilegence.com\/en\/category\/topical\/"},{"@type":"ListItem","position":3,"name":"Support to exporters with the pre-financing model"}]},{"@type":"WebSite","@id":"https:\/\/www.textilegence.com\/en\/#website","url":"https:\/\/www.textilegence.com\/en\/","name":"Textilegence Magazine and Digital Platform","description":"Textile News Center","publisher":{"@id":"https:\/\/www.textilegence.com\/en\/#organization"},"potentialAction":[{"@type":"SearchAction","target":{"@type":"EntryPoint","urlTemplate":"https:\/\/www.textilegence.com\/en\/?s={search_term_string}"},"query-input":{"@type":"PropertyValueSpecification","valueRequired":true,"valueName":"search_term_string"}}],"inLanguage":"en-US"},{"@type":"Organization","@id":"https:\/\/www.textilegence.com\/en\/#organization","name":"Textilegence Magazine and Digital Platform","url":"https:\/\/www.textilegence.com\/en\/","logo":{"@type":"ImageObject","inLanguage":"en-US","@id":"https:\/\/www.textilegence.com\/en\/#\/schema\/logo\/image\/","url":"https:\/\/www.textilegence.com\/wp-content\/uploads\/2016\/11\/New_Retina_Logo_Textilegence.png","contentUrl":"https:\/\/www.textilegence.com\/wp-content\/uploads\/2016\/11\/New_Retina_Logo_Textilegence.png","width":544,"height":180,"caption":"Textilegence Magazine and Digital Platform"},"image":{"@id":"https:\/\/www.textilegence.com\/en\/#\/schema\/logo\/image\/"},"sameAs":["https:\/\/www.facebook.com\/TextilegenceMagazine","https:\/\/x.com\/textilegence","https:\/\/www.instagram.com\/textilegence\/","https:\/\/www.linkedin.com\/groups\/Textilegence-Magazine-Digital-Platform-4897253","https:\/\/www.youtube.com\/user\/textilegence"],"description":"Textilegence is a magazine and digital platform established in 2013. It focuses on the textile industry and sub-segments. The platform provides news, articles, and updates on various aspects of the textile industry, including sustainability, technological advancements, and market trends.","email":"editor@textilegence.com","telephone":"+90 212 442 24 12","legalName":"Textilegence Mag and Digital Platform","foundingDate":"2013-01-01","numberOfEmployees":{"@type":"QuantitativeValue","minValue":"1","maxValue":"10"}},{"@type":"Person","@id":"https:\/\/www.textilegence.com\/en\/#\/schema\/person\/cfa6baf17f0478131c673c93a9b88ef3","name":"Ya\u011fmur Melis \u015eim\u015fek","image":{"@type":"ImageObject","inLanguage":"en-US","@id":"https:\/\/www.textilegence.com\/wp-content\/uploads\/2022\/03\/Yagmur_photo1.jpg","url":"https:\/\/www.textilegence.com\/wp-content\/uploads\/2022\/03\/Yagmur_photo1.jpg","contentUrl":"https:\/\/www.textilegence.com\/wp-content\/uploads\/2022\/03\/Yagmur_photo1.jpg","caption":"Ya\u011fmur Melis \u015eim\u015fek"},"description":"Ya\u011fmur Melis \u015eim\u015fek, Saint-Beno\u00eet Frans\u0131z Lisesi\u2019nde e\u011fitim g\u00f6rm\u00fc\u015f, ard\u0131ndan Anadolu \u00dcniversitesi\u2019nde iki y\u0131ll\u0131k Foto\u011fraf\u00e7\u0131l\u0131k B\u00f6l\u00fcm\u00fc\u2019n\u00fc tamamlam\u0131\u015ft\u0131r. Daha sonra lisans e\u011fitimini \u0130stanbul \u00dcniversitesi Gazetecilik B\u00f6l\u00fcm\u00fc\u2019nde s\u00fcrd\u00fcrm\u00fc\u015f, mezuniyetin ard\u0131ndan ise 2017 y\u0131l\u0131nda i\u015f hayat\u0131na at\u0131lm\u0131\u015ft\u0131r. Pek \u00e7ok farkl\u0131 projede, foto\u011fraf\u00e7\u0131l\u0131k ve grafik tasar\u0131mc\u0131l\u0131\u011f\u0131n yan\u0131 s\u0131ra teknoloji alan\u0131nda i\u00e7erik ve haber yazarl\u0131\u011f\u0131 gibi \u00e7e\u015fitli pozisyonlarda yer alan \u015eim\u015fek, 2021 y\u0131l\u0131ndan bu yana Textilegence\u2019da d\u0131\u015f haberlerde yard\u0131mc\u0131 edit\u00f6r olarak g\u00f6rev yapmaktad\u0131r.","sameAs":["https:\/\/www.textilegence.com\/","https:\/\/www.facebook.com\/TextilegenceMagazine","https:\/\/www.instagram.com\/textilegence\/","https:\/\/www.linkedin.com\/company\/2985016","https:\/\/x.com\/https:\/\/twitter.com\/textilegence","https:\/\/www.youtube.com\/channel\/UCgtcny5ljhiXu-yvOiAlpRA"],"url":"https:\/\/www.textilegence.com\/en\/author\/yms\/"}]}},"_links":{"self":[{"href":"https:\/\/www.textilegence.com\/en\/wp-json\/wp\/v2\/posts\/50256","targetHints":{"allow":["GET"]}}],"collection":[{"href":"https:\/\/www.textilegence.com\/en\/wp-json\/wp\/v2\/posts"}],"about":[{"href":"https:\/\/www.textilegence.com\/en\/wp-json\/wp\/v2\/types\/post"}],"author":[{"embeddable":true,"href":"https:\/\/www.textilegence.com\/en\/wp-json\/wp\/v2\/users\/26"}],"replies":[{"embeddable":true,"href":"https:\/\/www.textilegence.com\/en\/wp-json\/wp\/v2\/comments?post=50256"}],"version-history":[{"count":0,"href":"https:\/\/www.textilegence.com\/en\/wp-json\/wp\/v2\/posts\/50256\/revisions"}],"wp:featuredmedia":[{"embeddable":true,"href":"https:\/\/www.textilegence.com\/en\/wp-json\/wp\/v2\/media\/50254"}],"wp:attachment":[{"href":"https:\/\/www.textilegence.com\/en\/wp-json\/wp\/v2\/media?parent=50256"}],"wp:term":[{"taxonomy":"category","embeddable":true,"href":"https:\/\/www.textilegence.com\/en\/wp-json\/wp\/v2\/categories?post=50256"},{"taxonomy":"post_tag","embeddable":true,"href":"https:\/\/www.textilegence.com\/en\/wp-json\/wp\/v2\/tags?post=50256"}],"curies":[{"name":"wp","href":"https:\/\/api.w.org\/{rel}","templated":true}]}}