{"id":50612,"date":"2022-10-18T17:03:03","date_gmt":"2022-10-18T14:03:03","guid":{"rendered":"http:\/\/www.textilegence.com\/?p=50612"},"modified":"2022-10-18T17:03:08","modified_gmt":"2022-10-18T14:03:08","slug":"turkiye-to-direct-sector-with-its-own-textile-machinery","status":"publish","type":"post","link":"https:\/\/www.textilegence.com\/en\/turkiye-to-direct-sector-with-its-own-textile-machinery\/","title":{"rendered":"T\u00fcrkiye to direct sector with its own textile machinery"},"content":{"rendered":"\n<p>The first of the National Textile Machinery and Systems Symposium, which is planned to be held every two years in order to create a platform that will contribute to the development of T\u00fcrkiye\u2019s textile machinery and systems manufacturing industry, will be <a href=\"https:\/\/www.textilegence.com\/en\/category\/topical\/\" target=\"_blank\" rel=\"noreferrer noopener\">organized <\/a>at the Bursa Union of Academic Chambers (BAOB) campus on October, 20-21. The <a href=\"https:\/\/www.texmacsym.com\/\" target=\"_blank\" rel=\"noreferrer noopener\">symposium <\/a>to be carried out with the theme of \u201cDirect the Textile with Your Own Technology\u201d in cooperation with the Chamber of Textile Engineers, Bursa Uluda\u011f University Textile Engineering Department and TEMSAD (Textile Machinery and Accessories Industrialists\u2019 Association), will include panels and sessions attended by officials from industry associations and companies, as well as academicians. It is possible to attend the event free of charge.<\/p>\n\n\n\n<p>Among the topics of the symposium, which aims to bring together the machinery manufacturers, the textile and apparel production industry, and academics on the same platform, and also focuses on concrete results that will contribute to the development of the textile machine manufacturing industry; Automation Systems and Digitalization, Software and ERP systems, Technical Textiles and Special Purpose Textile Machinery and Auxiliary Systems, Finishing Machines and Auxiliary Systems and more.<\/p>\n\n\n<div class=\"wp-block-image\">\n<figure class=\"aligncenter size-full\"><img loading=\"lazy\" decoding=\"async\" width=\"1920\" height=\"1080\" src=\"https:\/\/www.textilegence.com\/wp-content\/uploads\/2022\/10\/textile-machinery-detail.jpg\" alt=\"\" class=\"wp-image-50608\" srcset=\"https:\/\/www.textilegence.com\/wp-content\/uploads\/2022\/10\/textile-machinery-detail.jpg 1920w, https:\/\/www.textilegence.com\/wp-content\/uploads\/2022\/10\/textile-machinery-detail-768x432.jpg 768w, https:\/\/www.textilegence.com\/wp-content\/uploads\/2022\/10\/textile-machinery-detail-1536x864.jpg 1536w, https:\/\/www.textilegence.com\/wp-content\/uploads\/2022\/10\/textile-machinery-detail-300x169.jpg 300w, https:\/\/www.textilegence.com\/wp-content\/uploads\/2022\/10\/textile-machinery-detail-600x338.jpg 600w, https:\/\/www.textilegence.com\/wp-content\/uploads\/2022\/10\/textile-machinery-detail-696x392.jpg 696w, https:\/\/www.textilegence.com\/wp-content\/uploads\/2022\/10\/textile-machinery-detail-1068x601.jpg 1068w\" sizes=\"auto, (max-width: 1920px) 100vw, 1920px\" \/><figcaption>T\u00fcrkiye to direct sector with its own textile machinery<\/figcaption><\/figure>\n<\/div>\n\n\n<h2 class=\"wp-block-heading\" id=\"h-foreign-dependency-is-increasing-in-textile-machinery-and-technology-investments\">Foreign dependency is increasing in textile machinery and technology investments<\/h2>\n\n\n\n<p>While the Turkish textile and apparel industry and the technical textiles industry are making progress both in the country and on a global scale, they continue to import the machinery, software, auxiliary equipment and systems they need mainly from abroad. However, the biggest development in the Turkish textile machine manufacturing industry is the dyeing and finishing machinery sector, which alone realizes 75-80% of the exports reaching 1 billion dollars. Developing countries such as Central Asia, South Asia and Arab countries stand out among the main markets of the sector. On the other hand, the foreign dependency of the Turkish textile industry in machinery and technology investments is constantly increasing. It is seen that the textile machine import\/export spread, which was closed during the crisis, opened rapidly when the conditions improved. Specialists underline that state-sponsored projects should be accelerated in order to reach a competitive position in fields that require high technology and knowledge such as yarn, weaving and knitting in this field.<br><br><\/p>\n","protected":false},"excerpt":{"rendered":"<p>The first of the National Textile Machinery and Systems Symposium, which is planned to be held every two years in order to create a platform that will contribute to the development of T\u00fcrkiye\u2019s textile machinery and systems manufacturing industry, will be organized at the Bursa Union of Academic Chambers (BAOB) campus on October, 20-21. The [&hellip;]<\/p>\n","protected":false},"author":26,"featured_media":50610,"comment_status":"open","ping_status":"closed","sticky":false,"template":"","format":"standard","meta":{"footnotes":""},"categories":[9859],"tags":[11271,746,10369,12450],"class_list":{"0":"post-50612","1":"post","2":"type-post","3":"status-publish","4":"format-standard","5":"has-post-thumbnail","7":"category-topical","8":"tag-tekstil-makineleri-en-2","9":"tag-textile-machinery","10":"tag-textile-news-en","11":"tag-topical"},"yoast_head":"<!-- This site is optimized with the Yoast SEO Premium plugin v27.3 (Yoast SEO v27.3) - https:\/\/yoast.com\/product\/yoast-seo-premium-wordpress\/ -->\n<title>T\u00fcrkiye to direct sector with its own textile machinery - Textilegence<\/title>\n<meta name=\"description\" content=\"The first of the National Textile Machinery and Systems Symposium, whichwill contribute to the development of T\u00fcrkiye\u2019s textile machinery...\" \/>\n<meta name=\"robots\" content=\"index, follow, max-snippet:-1, max-image-preview:large, max-video-preview:-1\" \/>\n<link rel=\"canonical\" href=\"https:\/\/www.textilegence.com\/en\/turkiye-to-direct-sector-with-its-own-textile-machinery\/\" \/>\n<meta property=\"og:locale\" content=\"en_US\" \/>\n<meta property=\"og:type\" content=\"article\" \/>\n<meta property=\"og:title\" content=\"T\u00fcrkiye to direct sector with its own textile machinery\" \/>\n<meta property=\"og:description\" content=\"The first of the National Textile Machinery and Systems Symposium, which is planned to be held every two years in order to create a platform that will\" \/>\n<meta property=\"og:url\" content=\"https:\/\/www.textilegence.com\/en\/turkiye-to-direct-sector-with-its-own-textile-machinery\/\" \/>\n<meta property=\"og:site_name\" content=\"Textilegence Magazine and Digital Platform\" \/>\n<meta property=\"article:publisher\" content=\"https:\/\/www.facebook.com\/TextilegenceMagazine\" \/>\n<meta property=\"article:author\" content=\"https:\/\/www.facebook.com\/TextilegenceMagazine\" \/>\n<meta property=\"article:published_time\" content=\"2022-10-18T14:03:03+00:00\" \/>\n<meta property=\"article:modified_time\" content=\"2022-10-18T14:03:08+00:00\" \/>\n<meta property=\"og:image\" content=\"https:\/\/www.textilegence.com\/wp-content\/uploads\/2022\/10\/textile-machinery-textilegence.jpg\" \/>\n\t<meta property=\"og:image:width\" content=\"1920\" \/>\n\t<meta property=\"og:image:height\" content=\"1080\" \/>\n\t<meta property=\"og:image:type\" content=\"image\/jpeg\" \/>\n<meta name=\"author\" content=\"Ya\u011fmur Melis \u015eim\u015fek\" \/>\n<meta name=\"twitter:card\" content=\"summary_large_image\" \/>\n<meta name=\"twitter:creator\" content=\"@https:\/\/twitter.com\/textilegence\" \/>\n<meta name=\"twitter:site\" content=\"@textilegence\" \/>\n<meta name=\"twitter:label1\" content=\"Written by\" \/>\n\t<meta name=\"twitter:data1\" content=\"Ya\u011fmur Melis \u015eim\u015fek\" \/>\n\t<meta name=\"twitter:label2\" content=\"Est. reading time\" \/>\n\t<meta name=\"twitter:data2\" content=\"3 minutes\" \/>\n<script type=\"application\/ld+json\" class=\"yoast-schema-graph\">{\"@context\":\"https:\\\/\\\/schema.org\",\"@graph\":[{\"@type\":\"NewsArticle\",\"@id\":\"https:\\\/\\\/www.textilegence.com\\\/en\\\/turkiye-to-direct-sector-with-its-own-textile-machinery\\\/#article\",\"isPartOf\":{\"@id\":\"https:\\\/\\\/www.textilegence.com\\\/en\\\/turkiye-to-direct-sector-with-its-own-textile-machinery\\\/\"},\"author\":{\"name\":\"Ya\u011fmur Melis \u015eim\u015fek\",\"@id\":\"https:\\\/\\\/www.textilegence.com\\\/en\\\/#\\\/schema\\\/person\\\/cfa6baf17f0478131c673c93a9b88ef3\"},\"headline\":\"T\u00fcrkiye to direct sector with its own textile machinery\",\"datePublished\":\"2022-10-18T14:03:03+00:00\",\"dateModified\":\"2022-10-18T14:03:08+00:00\",\"mainEntityOfPage\":{\"@id\":\"https:\\\/\\\/www.textilegence.com\\\/en\\\/turkiye-to-direct-sector-with-its-own-textile-machinery\\\/\"},\"wordCount\":383,\"commentCount\":0,\"publisher\":{\"@id\":\"https:\\\/\\\/www.textilegence.com\\\/en\\\/#organization\"},\"image\":{\"@id\":\"https:\\\/\\\/www.textilegence.com\\\/en\\\/turkiye-to-direct-sector-with-its-own-textile-machinery\\\/#primaryimage\"},\"thumbnailUrl\":\"https:\\\/\\\/www.textilegence.com\\\/wp-content\\\/uploads\\\/2022\\\/10\\\/textile-machinery-textilegence.jpg\",\"keywords\":[\"tekstil makineleri\",\"textile machinery\",\"textile news\",\"topical\"],\"articleSection\":[\"Topical\"],\"inLanguage\":\"en-US\",\"potentialAction\":[{\"@type\":\"CommentAction\",\"name\":\"Comment\",\"target\":[\"https:\\\/\\\/www.textilegence.com\\\/en\\\/turkiye-to-direct-sector-with-its-own-textile-machinery\\\/#respond\"]}]},{\"@type\":\"WebPage\",\"@id\":\"https:\\\/\\\/www.textilegence.com\\\/en\\\/turkiye-to-direct-sector-with-its-own-textile-machinery\\\/\",\"url\":\"https:\\\/\\\/www.textilegence.com\\\/en\\\/turkiye-to-direct-sector-with-its-own-textile-machinery\\\/\",\"name\":\"T\u00fcrkiye to direct sector with its own textile machinery - Textilegence\",\"isPartOf\":{\"@id\":\"https:\\\/\\\/www.textilegence.com\\\/en\\\/#website\"},\"primaryImageOfPage\":{\"@id\":\"https:\\\/\\\/www.textilegence.com\\\/en\\\/turkiye-to-direct-sector-with-its-own-textile-machinery\\\/#primaryimage\"},\"image\":{\"@id\":\"https:\\\/\\\/www.textilegence.com\\\/en\\\/turkiye-to-direct-sector-with-its-own-textile-machinery\\\/#primaryimage\"},\"thumbnailUrl\":\"https:\\\/\\\/www.textilegence.com\\\/wp-content\\\/uploads\\\/2022\\\/10\\\/textile-machinery-textilegence.jpg\",\"datePublished\":\"2022-10-18T14:03:03+00:00\",\"dateModified\":\"2022-10-18T14:03:08+00:00\",\"description\":\"The first of the National Textile Machinery and Systems Symposium, whichwill contribute to the development of T\u00fcrkiye\u2019s textile machinery...\",\"breadcrumb\":{\"@id\":\"https:\\\/\\\/www.textilegence.com\\\/en\\\/turkiye-to-direct-sector-with-its-own-textile-machinery\\\/#breadcrumb\"},\"inLanguage\":\"en-US\",\"potentialAction\":[{\"@type\":\"ReadAction\",\"target\":[\"https:\\\/\\\/www.textilegence.com\\\/en\\\/turkiye-to-direct-sector-with-its-own-textile-machinery\\\/\"]}]},{\"@type\":\"ImageObject\",\"inLanguage\":\"en-US\",\"@id\":\"https:\\\/\\\/www.textilegence.com\\\/en\\\/turkiye-to-direct-sector-with-its-own-textile-machinery\\\/#primaryimage\",\"url\":\"https:\\\/\\\/www.textilegence.com\\\/wp-content\\\/uploads\\\/2022\\\/10\\\/textile-machinery-textilegence.jpg\",\"contentUrl\":\"https:\\\/\\\/www.textilegence.com\\\/wp-content\\\/uploads\\\/2022\\\/10\\\/textile-machinery-textilegence.jpg\",\"width\":1920,\"height\":1080},{\"@type\":\"BreadcrumbList\",\"@id\":\"https:\\\/\\\/www.textilegence.com\\\/en\\\/turkiye-to-direct-sector-with-its-own-textile-machinery\\\/#breadcrumb\",\"itemListElement\":[{\"@type\":\"ListItem\",\"position\":1,\"name\":\"Home Page\",\"item\":\"https:\\\/\\\/www.textilegence.com\\\/en\\\/homepage-the-rimont\\\/\"},{\"@type\":\"ListItem\",\"position\":2,\"name\":\"Topical\",\"item\":\"https:\\\/\\\/www.textilegence.com\\\/en\\\/category\\\/topical\\\/\"},{\"@type\":\"ListItem\",\"position\":3,\"name\":\"T\u00fcrkiye to direct sector with its own textile machinery\"}]},{\"@type\":\"WebSite\",\"@id\":\"https:\\\/\\\/www.textilegence.com\\\/en\\\/#website\",\"url\":\"https:\\\/\\\/www.textilegence.com\\\/en\\\/\",\"name\":\"Textilegence Magazine and Digital Platform\",\"description\":\"Textile News Center\",\"publisher\":{\"@id\":\"https:\\\/\\\/www.textilegence.com\\\/en\\\/#organization\"},\"potentialAction\":[{\"@type\":\"SearchAction\",\"target\":{\"@type\":\"EntryPoint\",\"urlTemplate\":\"https:\\\/\\\/www.textilegence.com\\\/en\\\/?s={search_term_string}\"},\"query-input\":{\"@type\":\"PropertyValueSpecification\",\"valueRequired\":true,\"valueName\":\"search_term_string\"}}],\"inLanguage\":\"en-US\"},{\"@type\":\"Organization\",\"@id\":\"https:\\\/\\\/www.textilegence.com\\\/en\\\/#organization\",\"name\":\"Textilegence Magazine and Digital Platform\",\"url\":\"https:\\\/\\\/www.textilegence.com\\\/en\\\/\",\"logo\":{\"@type\":\"ImageObject\",\"inLanguage\":\"en-US\",\"@id\":\"https:\\\/\\\/www.textilegence.com\\\/en\\\/#\\\/schema\\\/logo\\\/image\\\/\",\"url\":\"https:\\\/\\\/www.textilegence.com\\\/wp-content\\\/uploads\\\/2016\\\/11\\\/New_Retina_Logo_Textilegence.png\",\"contentUrl\":\"https:\\\/\\\/www.textilegence.com\\\/wp-content\\\/uploads\\\/2016\\\/11\\\/New_Retina_Logo_Textilegence.png\",\"width\":544,\"height\":180,\"caption\":\"Textilegence Magazine and Digital Platform\"},\"image\":{\"@id\":\"https:\\\/\\\/www.textilegence.com\\\/en\\\/#\\\/schema\\\/logo\\\/image\\\/\"},\"sameAs\":[\"https:\\\/\\\/www.facebook.com\\\/TextilegenceMagazine\",\"https:\\\/\\\/x.com\\\/textilegence\",\"https:\\\/\\\/www.instagram.com\\\/textilegence\\\/\",\"https:\\\/\\\/www.linkedin.com\\\/groups\\\/Textilegence-Magazine-Digital-Platform-4897253\",\"https:\\\/\\\/www.youtube.com\\\/user\\\/textilegence\"],\"description\":\"Textilegence is a magazine and digital platform established in 2013. It focuses on the textile industry and sub-segments. The platform provides news, articles, and updates on various aspects of the textile industry, including sustainability, technological advancements, and market trends.\",\"email\":\"editor@textilegence.com\",\"telephone\":\"+90 212 442 24 12\",\"legalName\":\"Textilegence Mag and Digital Platform\",\"foundingDate\":\"2013-01-01\",\"numberOfEmployees\":{\"@type\":\"QuantitativeValue\",\"minValue\":\"1\",\"maxValue\":\"10\"}},{\"@type\":\"Person\",\"@id\":\"https:\\\/\\\/www.textilegence.com\\\/en\\\/#\\\/schema\\\/person\\\/cfa6baf17f0478131c673c93a9b88ef3\",\"name\":\"Ya\u011fmur Melis \u015eim\u015fek\",\"image\":{\"@type\":\"ImageObject\",\"inLanguage\":\"en-US\",\"@id\":\"https:\\\/\\\/www.textilegence.com\\\/wp-content\\\/uploads\\\/2022\\\/03\\\/Yagmur_photo1.jpg\",\"url\":\"https:\\\/\\\/www.textilegence.com\\\/wp-content\\\/uploads\\\/2022\\\/03\\\/Yagmur_photo1.jpg\",\"contentUrl\":\"https:\\\/\\\/www.textilegence.com\\\/wp-content\\\/uploads\\\/2022\\\/03\\\/Yagmur_photo1.jpg\",\"caption\":\"Ya\u011fmur Melis \u015eim\u015fek\"},\"description\":\"Ya\u011fmur Melis \u015eim\u015fek, Saint-Beno\u00eet Frans\u0131z Lisesi\u2019nde e\u011fitim g\u00f6rm\u00fc\u015f, ard\u0131ndan Anadolu \u00dcniversitesi\u2019nde iki y\u0131ll\u0131k Foto\u011fraf\u00e7\u0131l\u0131k B\u00f6l\u00fcm\u00fc\u2019n\u00fc tamamlam\u0131\u015ft\u0131r. Daha sonra lisans e\u011fitimini \u0130stanbul \u00dcniversitesi Gazetecilik B\u00f6l\u00fcm\u00fc\u2019nde s\u00fcrd\u00fcrm\u00fc\u015f, mezuniyetin ard\u0131ndan ise 2017 y\u0131l\u0131nda i\u015f hayat\u0131na at\u0131lm\u0131\u015ft\u0131r. Pek \u00e7ok farkl\u0131 projede, foto\u011fraf\u00e7\u0131l\u0131k ve grafik tasar\u0131mc\u0131l\u0131\u011f\u0131n yan\u0131 s\u0131ra teknoloji alan\u0131nda i\u00e7erik ve haber yazarl\u0131\u011f\u0131 gibi \u00e7e\u015fitli pozisyonlarda yer alan \u015eim\u015fek, 2021 y\u0131l\u0131ndan bu yana Textilegence\u2019da d\u0131\u015f haberlerde yard\u0131mc\u0131 edit\u00f6r olarak g\u00f6rev yapmaktad\u0131r.\",\"sameAs\":[\"https:\\\/\\\/www.textilegence.com\\\/\",\"https:\\\/\\\/www.facebook.com\\\/TextilegenceMagazine\",\"https:\\\/\\\/www.instagram.com\\\/textilegence\\\/\",\"https:\\\/\\\/www.linkedin.com\\\/company\\\/2985016\",\"https:\\\/\\\/x.com\\\/https:\\\/\\\/twitter.com\\\/textilegence\",\"https:\\\/\\\/www.youtube.com\\\/channel\\\/UCgtcny5ljhiXu-yvOiAlpRA\"],\"url\":\"https:\\\/\\\/www.textilegence.com\\\/en\\\/author\\\/yms\\\/\"}]}<\/script>\n<!-- \/ Yoast SEO Premium plugin. -->","yoast_head_json":{"title":"T\u00fcrkiye to direct sector with its own textile machinery - Textilegence","description":"The first of the National Textile Machinery and Systems Symposium, whichwill contribute to the development of T\u00fcrkiye\u2019s textile machinery...","robots":{"index":"index","follow":"follow","max-snippet":"max-snippet:-1","max-image-preview":"max-image-preview:large","max-video-preview":"max-video-preview:-1"},"canonical":"https:\/\/www.textilegence.com\/en\/turkiye-to-direct-sector-with-its-own-textile-machinery\/","og_locale":"en_US","og_type":"article","og_title":"T\u00fcrkiye to direct sector with its own textile machinery","og_description":"The first of the National Textile Machinery and Systems Symposium, which is planned to be held every two years in order to create a platform that will","og_url":"https:\/\/www.textilegence.com\/en\/turkiye-to-direct-sector-with-its-own-textile-machinery\/","og_site_name":"Textilegence Magazine and Digital Platform","article_publisher":"https:\/\/www.facebook.com\/TextilegenceMagazine","article_author":"https:\/\/www.facebook.com\/TextilegenceMagazine","article_published_time":"2022-10-18T14:03:03+00:00","article_modified_time":"2022-10-18T14:03:08+00:00","og_image":[{"width":1920,"height":1080,"url":"https:\/\/www.textilegence.com\/wp-content\/uploads\/2022\/10\/textile-machinery-textilegence.jpg","type":"image\/jpeg"}],"author":"Ya\u011fmur Melis \u015eim\u015fek","twitter_card":"summary_large_image","twitter_creator":"@https:\/\/twitter.com\/textilegence","twitter_site":"@textilegence","twitter_misc":{"Written by":"Ya\u011fmur Melis \u015eim\u015fek","Est. reading time":"3 minutes"},"schema":{"@context":"https:\/\/schema.org","@graph":[{"@type":"NewsArticle","@id":"https:\/\/www.textilegence.com\/en\/turkiye-to-direct-sector-with-its-own-textile-machinery\/#article","isPartOf":{"@id":"https:\/\/www.textilegence.com\/en\/turkiye-to-direct-sector-with-its-own-textile-machinery\/"},"author":{"name":"Ya\u011fmur Melis \u015eim\u015fek","@id":"https:\/\/www.textilegence.com\/en\/#\/schema\/person\/cfa6baf17f0478131c673c93a9b88ef3"},"headline":"T\u00fcrkiye to direct sector with its own textile machinery","datePublished":"2022-10-18T14:03:03+00:00","dateModified":"2022-10-18T14:03:08+00:00","mainEntityOfPage":{"@id":"https:\/\/www.textilegence.com\/en\/turkiye-to-direct-sector-with-its-own-textile-machinery\/"},"wordCount":383,"commentCount":0,"publisher":{"@id":"https:\/\/www.textilegence.com\/en\/#organization"},"image":{"@id":"https:\/\/www.textilegence.com\/en\/turkiye-to-direct-sector-with-its-own-textile-machinery\/#primaryimage"},"thumbnailUrl":"https:\/\/www.textilegence.com\/wp-content\/uploads\/2022\/10\/textile-machinery-textilegence.jpg","keywords":["tekstil makineleri","textile machinery","textile news","topical"],"articleSection":["Topical"],"inLanguage":"en-US","potentialAction":[{"@type":"CommentAction","name":"Comment","target":["https:\/\/www.textilegence.com\/en\/turkiye-to-direct-sector-with-its-own-textile-machinery\/#respond"]}]},{"@type":"WebPage","@id":"https:\/\/www.textilegence.com\/en\/turkiye-to-direct-sector-with-its-own-textile-machinery\/","url":"https:\/\/www.textilegence.com\/en\/turkiye-to-direct-sector-with-its-own-textile-machinery\/","name":"T\u00fcrkiye to direct sector with its own textile machinery - Textilegence","isPartOf":{"@id":"https:\/\/www.textilegence.com\/en\/#website"},"primaryImageOfPage":{"@id":"https:\/\/www.textilegence.com\/en\/turkiye-to-direct-sector-with-its-own-textile-machinery\/#primaryimage"},"image":{"@id":"https:\/\/www.textilegence.com\/en\/turkiye-to-direct-sector-with-its-own-textile-machinery\/#primaryimage"},"thumbnailUrl":"https:\/\/www.textilegence.com\/wp-content\/uploads\/2022\/10\/textile-machinery-textilegence.jpg","datePublished":"2022-10-18T14:03:03+00:00","dateModified":"2022-10-18T14:03:08+00:00","description":"The first of the National Textile Machinery and Systems Symposium, whichwill contribute to the development of T\u00fcrkiye\u2019s textile machinery...","breadcrumb":{"@id":"https:\/\/www.textilegence.com\/en\/turkiye-to-direct-sector-with-its-own-textile-machinery\/#breadcrumb"},"inLanguage":"en-US","potentialAction":[{"@type":"ReadAction","target":["https:\/\/www.textilegence.com\/en\/turkiye-to-direct-sector-with-its-own-textile-machinery\/"]}]},{"@type":"ImageObject","inLanguage":"en-US","@id":"https:\/\/www.textilegence.com\/en\/turkiye-to-direct-sector-with-its-own-textile-machinery\/#primaryimage","url":"https:\/\/www.textilegence.com\/wp-content\/uploads\/2022\/10\/textile-machinery-textilegence.jpg","contentUrl":"https:\/\/www.textilegence.com\/wp-content\/uploads\/2022\/10\/textile-machinery-textilegence.jpg","width":1920,"height":1080},{"@type":"BreadcrumbList","@id":"https:\/\/www.textilegence.com\/en\/turkiye-to-direct-sector-with-its-own-textile-machinery\/#breadcrumb","itemListElement":[{"@type":"ListItem","position":1,"name":"Home Page","item":"https:\/\/www.textilegence.com\/en\/homepage-the-rimont\/"},{"@type":"ListItem","position":2,"name":"Topical","item":"https:\/\/www.textilegence.com\/en\/category\/topical\/"},{"@type":"ListItem","position":3,"name":"T\u00fcrkiye to direct sector with its own textile machinery"}]},{"@type":"WebSite","@id":"https:\/\/www.textilegence.com\/en\/#website","url":"https:\/\/www.textilegence.com\/en\/","name":"Textilegence Magazine and Digital Platform","description":"Textile News Center","publisher":{"@id":"https:\/\/www.textilegence.com\/en\/#organization"},"potentialAction":[{"@type":"SearchAction","target":{"@type":"EntryPoint","urlTemplate":"https:\/\/www.textilegence.com\/en\/?s={search_term_string}"},"query-input":{"@type":"PropertyValueSpecification","valueRequired":true,"valueName":"search_term_string"}}],"inLanguage":"en-US"},{"@type":"Organization","@id":"https:\/\/www.textilegence.com\/en\/#organization","name":"Textilegence Magazine and Digital Platform","url":"https:\/\/www.textilegence.com\/en\/","logo":{"@type":"ImageObject","inLanguage":"en-US","@id":"https:\/\/www.textilegence.com\/en\/#\/schema\/logo\/image\/","url":"https:\/\/www.textilegence.com\/wp-content\/uploads\/2016\/11\/New_Retina_Logo_Textilegence.png","contentUrl":"https:\/\/www.textilegence.com\/wp-content\/uploads\/2016\/11\/New_Retina_Logo_Textilegence.png","width":544,"height":180,"caption":"Textilegence Magazine and Digital Platform"},"image":{"@id":"https:\/\/www.textilegence.com\/en\/#\/schema\/logo\/image\/"},"sameAs":["https:\/\/www.facebook.com\/TextilegenceMagazine","https:\/\/x.com\/textilegence","https:\/\/www.instagram.com\/textilegence\/","https:\/\/www.linkedin.com\/groups\/Textilegence-Magazine-Digital-Platform-4897253","https:\/\/www.youtube.com\/user\/textilegence"],"description":"Textilegence is a magazine and digital platform established in 2013. It focuses on the textile industry and sub-segments. The platform provides news, articles, and updates on various aspects of the textile industry, including sustainability, technological advancements, and market trends.","email":"editor@textilegence.com","telephone":"+90 212 442 24 12","legalName":"Textilegence Mag and Digital Platform","foundingDate":"2013-01-01","numberOfEmployees":{"@type":"QuantitativeValue","minValue":"1","maxValue":"10"}},{"@type":"Person","@id":"https:\/\/www.textilegence.com\/en\/#\/schema\/person\/cfa6baf17f0478131c673c93a9b88ef3","name":"Ya\u011fmur Melis \u015eim\u015fek","image":{"@type":"ImageObject","inLanguage":"en-US","@id":"https:\/\/www.textilegence.com\/wp-content\/uploads\/2022\/03\/Yagmur_photo1.jpg","url":"https:\/\/www.textilegence.com\/wp-content\/uploads\/2022\/03\/Yagmur_photo1.jpg","contentUrl":"https:\/\/www.textilegence.com\/wp-content\/uploads\/2022\/03\/Yagmur_photo1.jpg","caption":"Ya\u011fmur Melis \u015eim\u015fek"},"description":"Ya\u011fmur Melis \u015eim\u015fek, Saint-Beno\u00eet Frans\u0131z Lisesi\u2019nde e\u011fitim g\u00f6rm\u00fc\u015f, ard\u0131ndan Anadolu \u00dcniversitesi\u2019nde iki y\u0131ll\u0131k Foto\u011fraf\u00e7\u0131l\u0131k B\u00f6l\u00fcm\u00fc\u2019n\u00fc tamamlam\u0131\u015ft\u0131r. Daha sonra lisans e\u011fitimini \u0130stanbul \u00dcniversitesi Gazetecilik B\u00f6l\u00fcm\u00fc\u2019nde s\u00fcrd\u00fcrm\u00fc\u015f, mezuniyetin ard\u0131ndan ise 2017 y\u0131l\u0131nda i\u015f hayat\u0131na at\u0131lm\u0131\u015ft\u0131r. Pek \u00e7ok farkl\u0131 projede, foto\u011fraf\u00e7\u0131l\u0131k ve grafik tasar\u0131mc\u0131l\u0131\u011f\u0131n yan\u0131 s\u0131ra teknoloji alan\u0131nda i\u00e7erik ve haber yazarl\u0131\u011f\u0131 gibi \u00e7e\u015fitli pozisyonlarda yer alan \u015eim\u015fek, 2021 y\u0131l\u0131ndan bu yana Textilegence\u2019da d\u0131\u015f haberlerde yard\u0131mc\u0131 edit\u00f6r olarak g\u00f6rev yapmaktad\u0131r.","sameAs":["https:\/\/www.textilegence.com\/","https:\/\/www.facebook.com\/TextilegenceMagazine","https:\/\/www.instagram.com\/textilegence\/","https:\/\/www.linkedin.com\/company\/2985016","https:\/\/x.com\/https:\/\/twitter.com\/textilegence","https:\/\/www.youtube.com\/channel\/UCgtcny5ljhiXu-yvOiAlpRA"],"url":"https:\/\/www.textilegence.com\/en\/author\/yms\/"}]}},"_links":{"self":[{"href":"https:\/\/www.textilegence.com\/en\/wp-json\/wp\/v2\/posts\/50612","targetHints":{"allow":["GET"]}}],"collection":[{"href":"https:\/\/www.textilegence.com\/en\/wp-json\/wp\/v2\/posts"}],"about":[{"href":"https:\/\/www.textilegence.com\/en\/wp-json\/wp\/v2\/types\/post"}],"author":[{"embeddable":true,"href":"https:\/\/www.textilegence.com\/en\/wp-json\/wp\/v2\/users\/26"}],"replies":[{"embeddable":true,"href":"https:\/\/www.textilegence.com\/en\/wp-json\/wp\/v2\/comments?post=50612"}],"version-history":[{"count":0,"href":"https:\/\/www.textilegence.com\/en\/wp-json\/wp\/v2\/posts\/50612\/revisions"}],"wp:featuredmedia":[{"embeddable":true,"href":"https:\/\/www.textilegence.com\/en\/wp-json\/wp\/v2\/media\/50610"}],"wp:attachment":[{"href":"https:\/\/www.textilegence.com\/en\/wp-json\/wp\/v2\/media?parent=50612"}],"wp:term":[{"taxonomy":"category","embeddable":true,"href":"https:\/\/www.textilegence.com\/en\/wp-json\/wp\/v2\/categories?post=50612"},{"taxonomy":"post_tag","embeddable":true,"href":"https:\/\/www.textilegence.com\/en\/wp-json\/wp\/v2\/tags?post=50612"}],"curies":[{"name":"wp","href":"https:\/\/api.w.org\/{rel}","templated":true}]}}